{"id":64637,"date":"2025-01-20T13:39:17","date_gmt":"2025-01-20T16:39:17","guid":{"rendered":"https:\/\/vocesdelacomuna15.com.ar\/press\/?p=64637"},"modified":"2025-01-20T13:39:18","modified_gmt":"2025-01-20T16:39:18","slug":"parques-de-verano-juegos-de-agua-espectaculos-artisticos-y-propuestas-para-toda-la-familia","status":"publish","type":"post","link":"https:\/\/vocesdelacomuna15.com.ar\/press\/parques-de-verano-juegos-de-agua-espectaculos-artisticos-y-propuestas-para-toda-la-familia\/","title":{"rendered":"Parques de Verano: juegos de agua, espect\u00e1culos art\u00edsticos y propuestas para toda la familia"},"content":{"rendered":"\n<p>Hasta el 16 de febrero los Parques de la Ciudad y de los Ni\u00f1os con actividades deportivas, programaci\u00f3n cultural y mucho m\u00e1s. Ser\u00e1n dos sedes que abrir\u00e1n sus puertas de martes a domingos con entrada libre y gratuita.<\/p>\n\n\n\n<p>Fuente: Buenosaires.gob.ar<\/p>\n\n\n\n<p>Link a nota completa: <a href=\"https:\/\/buenosaires.gob.ar\/noticias\/parques-de-verano-juegos-de-agua-espectaculos-artisticos-y-propuestas-para-toda-la-familia\">https:\/\/buenosaires.gob.ar\/noticias\/parques-de-verano-juegos-de-agua-espectaculos-artisticos-y-propuestas-para-toda-la-familia<\/a> <\/p>\n\n\n\n<p>Se lanz\u00f3 Verano en la Ciudad con una programaci\u00f3n especial para que quienes viven o vacacionan en Buenos Aires disfruten de una gran variedad de actividades. La propuesta se organiza en torno a dos ciclos:&nbsp;<strong>Parques de Verano<\/strong>&nbsp;(uno en el Parque de los Ni\u00f1os y otro en el Parque de la Ciudad) y&nbsp;<strong>Atardeceres&nbsp;<\/strong>(en distintos puntos de la Ciudad).&nbsp;<\/p>\n\n\n\n<p>Parques de Verano ofrecer\u00e1 alternativas para toda la familia que van desde&nbsp;<strong>juegos de agua para ni\u00f1os, \u00e1reas de relax y esparcimiento, opciones deportivas, clases de ritmos, talleres, m\u00fasica<\/strong>, espect\u00e1culos art\u00edsticos y mucho m\u00e1s, de acuerdo a cada una de las ubicaciones de estos espacios. Se trata de una destacada propuesta para disfrutar al aire libre y cuyas actividades son gratuitas. Contar\u00e1 con una sede en Parque de la Ciudad (Av. de la Cruz 4000) y otra en Parque de los Ni\u00f1os (Av. General Paz y Av. Cantilo), que estar\u00e1n abiertas al p\u00fablico hasta el domingo 16 de febrero de martes a domingo de 10 a 20.&nbsp;<\/p>\n\n\n\n<blockquote class=\"wp-block-quote is-layout-flow wp-block-quote-is-layout-flow\">\n<p>Parques de Verano ofrecer\u00e1 propuestas que van desde juegos de agua, \u00e1reas de esparcimiento, deportes, clases de ritmos, talleres y m\u00fasica.<\/p>\n<\/blockquote>\n\n\n\n<p>Los Parques de Verano est\u00e1n pensados para&nbsp;<strong>disfrutar de un d\u00eda entero con la familia<\/strong>, con opciones y espacios espec\u00edficamente dise\u00f1ados para los ni\u00f1os, los j\u00f3venes y los adultos mayores. M\u00e1s de 400 mil personas disfrutaron de esta propuesta en su \u00faltima edici\u00f3n.&nbsp;<\/p>\n\n\n\n<p>Las siguientes empresas acompa\u00f1an y apoyan esta iniciativa en la Ciudad: \u00c9xito, Ledesma NAT, Tarag\u00fci, Sparkling, Buepp y Volta.&nbsp;<\/p>\n\n\n\n<p>Pensado para los j\u00f3venes, este verano se realizar\u00e1 el&nbsp;<strong>ciclo Atardeceres, que contempla una serie de espect\u00e1culos en distintas plazas y parques de la Ciudad<\/strong>&nbsp;con propuestas variadas para disfrutar de la m\u00fasica y las tardes porte\u00f1as. La primera fecha tendr\u00e1 lugar en el Planetario y el cierre del ciclo ser\u00e1 un homenaje a Gustavo Cerati.&nbsp;<\/p>\n\n\n\n<p>Tambi\u00e9n los barrios tendr\u00e1n protagonismo a la hora de disfrutar el verano: a trav\u00e9s de&nbsp;<strong>Barrios en Foco<\/strong>, diferentes propuestas llegar\u00e1n a las calles, plazas y clubes para divertirse en familia.<\/p>\n\n\n\n<blockquote class=\"wp-block-quote is-layout-flow wp-block-quote-is-layout-flow\">\n<p>El ciclo Atardeceres contempla una serie de espect\u00e1culos en distintas plazas de la Ciudad con propuestas variadas para disfrutar de la m\u00fasica y las tardes porte\u00f1as<\/p>\n<\/blockquote>\n\n\n\n<h3 class=\"wp-block-heading\"><strong>Parque de la Ciudad<\/strong><\/h3>\n\n\n\n<p>\ud83d\udccd Acceso peatonal y Vehicular: Av. Gral. Francisco Fern\u00e1ndez de la Cruz 4000, Villa Soldati, Comuna 8.<br>\ud83d\uddd3\ufe0f Hasta el 16\/2<br>\ud83d\udd5b 10 a 20 h.&nbsp;<\/p>\n\n\n\n<p>Estar\u00e1 abierto hasta el domingo 16 de febrero con juegos infantiles, sombrillas y reposeras. Entre sus actividades, se destaca una programaci\u00f3n especial de espect\u00e1culos infantiles y musicales que incluyen a: La bruja y los luchadores, Rayos y Centellas, Dj Javito Poe, Luciano Rosini, Sonora Canahuate, &nbsp;Dj Brivn, Mecache Rock, Amantes Pop y muchos artistas m\u00e1s. La programaci\u00f3n completa se puede consultar&nbsp;<a href=\"https:\/\/descubrir.buenosaires.gob.ar\/home\/766-verano_en_la_ciudad\" rel=\"noreferrer noopener\" target=\"_blank\">en la web<\/a>.<\/p>\n\n\n\n<p>En el Parque de Verano&nbsp;<strong>habr\u00e1 un espacio destinado a adultos mayores<\/strong>, clases abiertas de yoga y meditaci\u00f3n, una zona para las primeras infancias, juegos de aventuras, inflables y deportivos.&nbsp;<\/p>\n\n\n\n<p>Adem\u00e1s, los vecinos podr\u00e1n participar de talleres de producci\u00f3n para hacer su propia totebag (entre otros accesorios de verano), espacios con juegos de mesa y talleres art\u00edsticos de escuelas abiertas.&nbsp;<\/p>\n\n\n\n<h3 class=\"wp-block-heading\"><strong>Parque de los Ni\u00f1os<\/strong><\/h3>\n\n\n\n<p>\ud83d\udccdAv. General Paz y Av. Cantilo (colectora), N\u00fa\u00f1ez, Comuna 13.<br>\ud83d\uddd3\ufe0f Hasta el 16\/2<br>\ud83d\udd5b 10 a 20 h.&nbsp;<\/p>\n\n\n\n<p>En el Parque de los Ni\u00f1os, el parque de verano contar\u00e1 como principal atracci\u00f3n con una&nbsp;<strong>zona de playa, con arena, sombrillas y reposeras para disfrutar del Verano en la Ciudad<\/strong>. Las familias podr\u00e1n participar de juegos de agua, clases abiertas, zonas de relax y, adem\u00e1s, habr\u00e1 un espacio dedicado a las personas adultas mayores.&nbsp;<\/p>\n\n\n\n<p><\/p>\n\n\n\n<p><\/p>\n\n\n\n<p>Caracteres: 3265<\/p>\n<div class=\"pvc_clear\"><\/div><p id=\"pvc_stats_64637\" class=\"pvc_stats all  \" data-element-id=\"64637\" style=\"\"><i class=\"pvc-stats-icon small\" aria-hidden=\"true\"><svg aria-hidden=\"true\" focusable=\"false\" data-prefix=\"far\" data-icon=\"chart-bar\" role=\"img\" xmlns=\"http:\/\/www.w3.org\/2000\/svg\" viewBox=\"0 0 512 512\" class=\"svg-inline--fa fa-chart-bar fa-w-16 fa-2x\"><path fill=\"currentColor\" d=\"M396.8 352h22.4c6.4 0 12.8-6.4 12.8-12.8V108.8c0-6.4-6.4-12.8-12.8-12.8h-22.4c-6.4 0-12.8 6.4-12.8 12.8v230.4c0 6.4 6.4 12.8 12.8 12.8zm-192 0h22.4c6.4 0 12.8-6.4 12.8-12.8V140.8c0-6.4-6.4-12.8-12.8-12.8h-22.4c-6.4 0-12.8 6.4-12.8 12.8v198.4c0 6.4 6.4 12.8 12.8 12.8zm96 0h22.4c6.4 0 12.8-6.4 12.8-12.8V204.8c0-6.4-6.4-12.8-12.8-12.8h-22.4c-6.4 0-12.8 6.4-12.8 12.8v134.4c0 6.4 6.4 12.8 12.8 12.8zM496 400H48V80c0-8.84-7.16-16-16-16H16C7.16 64 0 71.16 0 80v336c0 17.67 14.33 32 32 32h464c8.84 0 16-7.16 16-16v-16c0-8.84-7.16-16-16-16zm-387.2-48h22.4c6.4 0 12.8-6.4 12.8-12.8v-70.4c0-6.4-6.4-12.8-12.8-12.8h-22.4c-6.4 0-12.8 6.4-12.8 12.8v70.4c0 6.4 6.4 12.8 12.8 12.8z\" class=\"\"><\/path><\/svg><\/i> <img loading=\"lazy\" decoding=\"async\" width=\"16\" height=\"16\" alt=\"Loading\" src=\"https:\/\/vocesdelacomuna15.com.ar\/wp-content\/plugins\/page-views-count\/ajax-loader-2x.gif\" border=0 \/><\/p><div class=\"pvc_clear\"><\/div>","protected":false},"excerpt":{"rendered":"<p>Hasta el 16 de febrero los Parques de la Ciudad y de los Ni\u00f1os con actividades deportivas, programaci\u00f3n cultural y mucho m\u00e1s. Ser\u00e1n dos sedes que abrir\u00e1n sus puertas de martes a domingos con entrada libre y gratuita. Fuente: Buenosaires.gob.ar Link a nota completa: https:\/\/buenosaires.gob.ar\/noticias\/parques-de-verano-juegos-de-agua-espectaculos-artisticos-y-propuestas-para-toda-la-familia Se lanz\u00f3 Verano en la Ciudad con una programaci\u00f3n especial [&hellip;]<\/p>\n<div class=\"pvc_clear\"><\/div>\n<p id=\"pvc_stats_64637\" class=\"pvc_stats all  \" data-element-id=\"64637\" style=\"\"><i class=\"pvc-stats-icon small\" aria-hidden=\"true\"><svg aria-hidden=\"true\" focusable=\"false\" data-prefix=\"far\" data-icon=\"chart-bar\" role=\"img\" xmlns=\"http:\/\/www.w3.org\/2000\/svg\" viewBox=\"0 0 512 512\" class=\"svg-inline--fa fa-chart-bar fa-w-16 fa-2x\"><path fill=\"currentColor\" d=\"M396.8 352h22.4c6.4 0 12.8-6.4 12.8-12.8V108.8c0-6.4-6.4-12.8-12.8-12.8h-22.4c-6.4 0-12.8 6.4-12.8 12.8v230.4c0 6.4 6.4 12.8 12.8 12.8zm-192 0h22.4c6.4 0 12.8-6.4 12.8-12.8V140.8c0-6.4-6.4-12.8-12.8-12.8h-22.4c-6.4 0-12.8 6.4-12.8 12.8v198.4c0 6.4 6.4 12.8 12.8 12.8zm96 0h22.4c6.4 0 12.8-6.4 12.8-12.8V204.8c0-6.4-6.4-12.8-12.8-12.8h-22.4c-6.4 0-12.8 6.4-12.8 12.8v134.4c0 6.4 6.4 12.8 12.8 12.8zM496 400H48V80c0-8.84-7.16-16-16-16H16C7.16 64 0 71.16 0 80v336c0 17.67 14.33 32 32 32h464c8.84 0 16-7.16 16-16v-16c0-8.84-7.16-16-16-16zm-387.2-48h22.4c6.4 0 12.8-6.4 12.8-12.8v-70.4c0-6.4-6.4-12.8-12.8-12.8h-22.4c-6.4 0-12.8 6.4-12.8 12.8v70.4c0 6.4 6.4 12.8 12.8 12.8z\" class=\"\"><\/path><\/svg><\/i> <img loading=\"lazy\" decoding=\"async\" width=\"16\" height=\"16\" alt=\"Loading\" src=\"https:\/\/vocesdelacomuna15.com.ar\/wp-content\/plugins\/page-views-count\/ajax-loader-2x.gif\" border=0 \/><\/p>\n<div class=\"pvc_clear\"><\/div>\n","protected":false},"author":2,"featured_media":64638,"comment_status":"open","ping_status":"open","sticky":false,"template":"","format":"standard","meta":{"_et_pb_use_builder":"off","_et_pb_old_content":"","_et_gb_content_width":"","footnotes":""},"categories":[26],"tags":[],"class_list":["post-64637","post","type-post","status-publish","format-standard","has-post-thumbnail","hentry","category-ciudad","et-has-post-format-content","et_post_format-et-post-format-standard"],"a3_pvc":{"activated":true,"total_views":23,"today_views":0},"yoast_head":"<!-- This site is optimized with the Yoast SEO plugin v27.5 - https:\/\/yoast.com\/product\/yoast-seo-wordpress\/ -->\n<title>Parques de Verano: juegos de agua, espect\u00e1culos art\u00edsticos y propuestas para toda la familia - Voces de la Comuna 15<\/title>\n<meta name=\"description\" content=\"Voces de la Comuna 15\" \/>\n<meta name=\"robots\" content=\"index, follow, max-snippet:-1, max-image-preview:large, max-video-preview:-1\" \/>\n<link rel=\"canonical\" href=\"https:\/\/vocesdelacomuna15.com.ar\/press\/parques-de-verano-juegos-de-agua-espectaculos-artisticos-y-propuestas-para-toda-la-familia\/\" \/>\n<meta property=\"og:locale\" content=\"es_ES\" \/>\n<meta property=\"og:type\" content=\"article\" \/>\n<meta property=\"og:title\" content=\"Parques de Verano: juegos de agua, espect\u00e1culos art\u00edsticos y propuestas para toda la familia - Voces de la Comuna 15\" \/>\n<meta property=\"og:description\" content=\"Voces de la Comuna 15\" \/>\n<meta property=\"og:url\" content=\"https:\/\/vocesdelacomuna15.com.ar\/press\/parques-de-verano-juegos-de-agua-espectaculos-artisticos-y-propuestas-para-toda-la-familia\/\" \/>\n<meta property=\"og:site_name\" content=\"Voces de la Comuna 15\" \/>\n<meta property=\"article:publisher\" content=\"https:\/\/www.facebook.com\/VocesComuna15\/\" \/>\n<meta property=\"article:published_time\" content=\"2025-01-20T16:39:17+00:00\" \/>\n<meta property=\"article:modified_time\" content=\"2025-01-20T16:39:18+00:00\" \/>\n<meta property=\"og:image\" content=\"https:\/\/vocesdelacomuna15.com.ar\/wp-content\/uploads\/2025\/01\/2024-01-23-BA-PLAYA-EMANUEL-ZERBOS_IMG_4765-scaled.jpg\" \/>\n\t<meta property=\"og:image:width\" content=\"2560\" \/>\n\t<meta property=\"og:image:height\" content=\"1707\" \/>\n\t<meta property=\"og:image:type\" content=\"image\/jpeg\" \/>\n<meta name=\"author\" content=\"Federico Arguto\" \/>\n<meta name=\"twitter:card\" content=\"summary_large_image\" \/>\n<meta name=\"twitter:creator\" content=\"@vocescomuna15\" \/>\n<meta name=\"twitter:site\" content=\"@vocescomuna15\" \/>\n<meta name=\"twitter:label1\" content=\"Escrito por\" \/>\n\t<meta name=\"twitter:data1\" content=\"Federico Arguto\" \/>\n\t<meta name=\"twitter:label2\" content=\"Tiempo de lectura\" \/>\n\t<meta name=\"twitter:data2\" content=\"4 minutos\" \/>\n<script type=\"application\/ld+json\" class=\"yoast-schema-graph\">{\"@context\":\"https:\\\/\\\/schema.org\",\"@graph\":[{\"@type\":\"Article\",\"@id\":\"https:\\\/\\\/vocesdelacomuna15.com.ar\\\/press\\\/parques-de-verano-juegos-de-agua-espectaculos-artisticos-y-propuestas-para-toda-la-familia\\\/#article\",\"isPartOf\":{\"@id\":\"https:\\\/\\\/vocesdelacomuna15.com.ar\\\/press\\\/parques-de-verano-juegos-de-agua-espectaculos-artisticos-y-propuestas-para-toda-la-familia\\\/\"},\"author\":{\"name\":\"Federico Arguto\",\"@id\":\"https:\\\/\\\/vocesdelacomuna15.com.ar\\\/press\\\/#\\\/schema\\\/person\\\/4739e109db25d799cd3d139eeb509e43\"},\"headline\":\"Parques de Verano: juegos de agua, espect\u00e1culos art\u00edsticos y propuestas para toda la familia\",\"datePublished\":\"2025-01-20T16:39:17+00:00\",\"dateModified\":\"2025-01-20T16:39:18+00:00\",\"mainEntityOfPage\":{\"@id\":\"https:\\\/\\\/vocesdelacomuna15.com.ar\\\/press\\\/parques-de-verano-juegos-de-agua-espectaculos-artisticos-y-propuestas-para-toda-la-familia\\\/\"},\"wordCount\":720,\"commentCount\":0,\"publisher\":{\"@id\":\"https:\\\/\\\/vocesdelacomuna15.com.ar\\\/press\\\/#organization\"},\"image\":{\"@id\":\"https:\\\/\\\/vocesdelacomuna15.com.ar\\\/press\\\/parques-de-verano-juegos-de-agua-espectaculos-artisticos-y-propuestas-para-toda-la-familia\\\/#primaryimage\"},\"thumbnailUrl\":\"https:\\\/\\\/vocesdelacomuna15.com.ar\\\/wp-content\\\/uploads\\\/2025\\\/01\\\/2024-01-23-BA-PLAYA-EMANUEL-ZERBOS_IMG_4765-scaled.jpg\",\"articleSection\":[\"Ciudad\"],\"inLanguage\":\"es-AR\",\"potentialAction\":[{\"@type\":\"CommentAction\",\"name\":\"Comment\",\"target\":[\"https:\\\/\\\/vocesdelacomuna15.com.ar\\\/press\\\/parques-de-verano-juegos-de-agua-espectaculos-artisticos-y-propuestas-para-toda-la-familia\\\/#respond\"]}]},{\"@type\":\"WebPage\",\"@id\":\"https:\\\/\\\/vocesdelacomuna15.com.ar\\\/press\\\/parques-de-verano-juegos-de-agua-espectaculos-artisticos-y-propuestas-para-toda-la-familia\\\/\",\"url\":\"https:\\\/\\\/vocesdelacomuna15.com.ar\\\/press\\\/parques-de-verano-juegos-de-agua-espectaculos-artisticos-y-propuestas-para-toda-la-familia\\\/\",\"name\":\"Parques de Verano: juegos de agua, espect\u00e1culos art\u00edsticos y propuestas para toda la familia - Voces de la Comuna 15\",\"isPartOf\":{\"@id\":\"https:\\\/\\\/vocesdelacomuna15.com.ar\\\/press\\\/#website\"},\"primaryImageOfPage\":{\"@id\":\"https:\\\/\\\/vocesdelacomuna15.com.ar\\\/press\\\/parques-de-verano-juegos-de-agua-espectaculos-artisticos-y-propuestas-para-toda-la-familia\\\/#primaryimage\"},\"image\":{\"@id\":\"https:\\\/\\\/vocesdelacomuna15.com.ar\\\/press\\\/parques-de-verano-juegos-de-agua-espectaculos-artisticos-y-propuestas-para-toda-la-familia\\\/#primaryimage\"},\"thumbnailUrl\":\"https:\\\/\\\/vocesdelacomuna15.com.ar\\\/wp-content\\\/uploads\\\/2025\\\/01\\\/2024-01-23-BA-PLAYA-EMANUEL-ZERBOS_IMG_4765-scaled.jpg\",\"datePublished\":\"2025-01-20T16:39:17+00:00\",\"dateModified\":\"2025-01-20T16:39:18+00:00\",\"description\":\"Voces de la Comuna 15\",\"breadcrumb\":{\"@id\":\"https:\\\/\\\/vocesdelacomuna15.com.ar\\\/press\\\/parques-de-verano-juegos-de-agua-espectaculos-artisticos-y-propuestas-para-toda-la-familia\\\/#breadcrumb\"},\"inLanguage\":\"es-AR\",\"potentialAction\":[{\"@type\":\"ReadAction\",\"target\":[\"https:\\\/\\\/vocesdelacomuna15.com.ar\\\/press\\\/parques-de-verano-juegos-de-agua-espectaculos-artisticos-y-propuestas-para-toda-la-familia\\\/\"]}]},{\"@type\":\"ImageObject\",\"inLanguage\":\"es-AR\",\"@id\":\"https:\\\/\\\/vocesdelacomuna15.com.ar\\\/press\\\/parques-de-verano-juegos-de-agua-espectaculos-artisticos-y-propuestas-para-toda-la-familia\\\/#primaryimage\",\"url\":\"https:\\\/\\\/vocesdelacomuna15.com.ar\\\/wp-content\\\/uploads\\\/2025\\\/01\\\/2024-01-23-BA-PLAYA-EMANUEL-ZERBOS_IMG_4765-scaled.jpg\",\"contentUrl\":\"https:\\\/\\\/vocesdelacomuna15.com.ar\\\/wp-content\\\/uploads\\\/2025\\\/01\\\/2024-01-23-BA-PLAYA-EMANUEL-ZERBOS_IMG_4765-scaled.jpg\",\"width\":2560,\"height\":1707},{\"@type\":\"BreadcrumbList\",\"@id\":\"https:\\\/\\\/vocesdelacomuna15.com.ar\\\/press\\\/parques-de-verano-juegos-de-agua-espectaculos-artisticos-y-propuestas-para-toda-la-familia\\\/#breadcrumb\",\"itemListElement\":[{\"@type\":\"ListItem\",\"position\":1,\"name\":\"Inicio\",\"item\":\"https:\\\/\\\/vocesdelacomuna15.com.ar\\\/press\\\/\"},{\"@type\":\"ListItem\",\"position\":2,\"name\":\"Parques de Verano: juegos de agua, espect\u00e1culos art\u00edsticos y propuestas para toda la familia\"}]},{\"@type\":\"WebSite\",\"@id\":\"https:\\\/\\\/vocesdelacomuna15.com.ar\\\/press\\\/#website\",\"url\":\"https:\\\/\\\/vocesdelacomuna15.com.ar\\\/press\\\/\",\"name\":\"Voces de la Comuna 15\",\"description\":\"Sitio web de noticias\",\"publisher\":{\"@id\":\"https:\\\/\\\/vocesdelacomuna15.com.ar\\\/press\\\/#organization\"},\"potentialAction\":[{\"@type\":\"SearchAction\",\"target\":{\"@type\":\"EntryPoint\",\"urlTemplate\":\"https:\\\/\\\/vocesdelacomuna15.com.ar\\\/press\\\/?s={search_term_string}\"},\"query-input\":{\"@type\":\"PropertyValueSpecification\",\"valueRequired\":true,\"valueName\":\"search_term_string\"}}],\"inLanguage\":\"es-AR\"},{\"@type\":\"Organization\",\"@id\":\"https:\\\/\\\/vocesdelacomuna15.com.ar\\\/press\\\/#organization\",\"name\":\"Voces de la Comuna 15\",\"url\":\"https:\\\/\\\/vocesdelacomuna15.com.ar\\\/press\\\/\",\"logo\":{\"@type\":\"ImageObject\",\"inLanguage\":\"es-AR\",\"@id\":\"https:\\\/\\\/vocesdelacomuna15.com.ar\\\/press\\\/#\\\/schema\\\/logo\\\/image\\\/\",\"url\":\"https:\\\/\\\/vocesdelacomuna15.com.ar\\\/wp-content\\\/uploads\\\/2024\\\/12\\\/cropped-logo_voces.jpg\",\"contentUrl\":\"https:\\\/\\\/vocesdelacomuna15.com.ar\\\/wp-content\\\/uploads\\\/2024\\\/12\\\/cropped-logo_voces.jpg\",\"width\":512,\"height\":512,\"caption\":\"Voces de la Comuna 15\"},\"image\":{\"@id\":\"https:\\\/\\\/vocesdelacomuna15.com.ar\\\/press\\\/#\\\/schema\\\/logo\\\/image\\\/\"},\"sameAs\":[\"https:\\\/\\\/www.facebook.com\\\/VocesComuna15\\\/\",\"https:\\\/\\\/x.com\\\/vocescomuna15\"]},{\"@type\":\"Person\",\"@id\":\"https:\\\/\\\/vocesdelacomuna15.com.ar\\\/press\\\/#\\\/schema\\\/person\\\/4739e109db25d799cd3d139eeb509e43\",\"name\":\"Federico Arguto\",\"image\":{\"@type\":\"ImageObject\",\"inLanguage\":\"es-AR\",\"@id\":\"https:\\\/\\\/vocesdelacomuna15.com.ar\\\/wp-content\\\/litespeed\\\/avatar\\\/82faf979976f1bae889b8b71f8a0a7e5.jpg?ver=1777419741\",\"url\":\"https:\\\/\\\/vocesdelacomuna15.com.ar\\\/wp-content\\\/litespeed\\\/avatar\\\/82faf979976f1bae889b8b71f8a0a7e5.jpg?ver=1777419741\",\"contentUrl\":\"https:\\\/\\\/vocesdelacomuna15.com.ar\\\/wp-content\\\/litespeed\\\/avatar\\\/82faf979976f1bae889b8b71f8a0a7e5.jpg?ver=1777419741\",\"caption\":\"Federico Arguto\"},\"url\":\"https:\\\/\\\/vocesdelacomuna15.com.ar\\\/press\\\/author\\\/fede\\\/\"}]}<\/script>\n<!-- \/ Yoast SEO plugin. -->","yoast_head_json":{"title":"Parques de Verano: juegos de agua, espect\u00e1culos art\u00edsticos y propuestas para toda la familia - Voces de la Comuna 15","description":"Voces de la Comuna 15","robots":{"index":"index","follow":"follow","max-snippet":"max-snippet:-1","max-image-preview":"max-image-preview:large","max-video-preview":"max-video-preview:-1"},"canonical":"https:\/\/vocesdelacomuna15.com.ar\/press\/parques-de-verano-juegos-de-agua-espectaculos-artisticos-y-propuestas-para-toda-la-familia\/","og_locale":"es_ES","og_type":"article","og_title":"Parques de Verano: juegos de agua, espect\u00e1culos art\u00edsticos y propuestas para toda la familia - Voces de la Comuna 15","og_description":"Voces de la Comuna 15","og_url":"https:\/\/vocesdelacomuna15.com.ar\/press\/parques-de-verano-juegos-de-agua-espectaculos-artisticos-y-propuestas-para-toda-la-familia\/","og_site_name":"Voces de la Comuna 15","article_publisher":"https:\/\/www.facebook.com\/VocesComuna15\/","article_published_time":"2025-01-20T16:39:17+00:00","article_modified_time":"2025-01-20T16:39:18+00:00","og_image":[{"width":2560,"height":1707,"url":"https:\/\/vocesdelacomuna15.com.ar\/wp-content\/uploads\/2025\/01\/2024-01-23-BA-PLAYA-EMANUEL-ZERBOS_IMG_4765-scaled.jpg","type":"image\/jpeg"}],"author":"Federico Arguto","twitter_card":"summary_large_image","twitter_creator":"@vocescomuna15","twitter_site":"@vocescomuna15","twitter_misc":{"Escrito por":"Federico Arguto","Tiempo de lectura":"4 minutos"},"schema":{"@context":"https:\/\/schema.org","@graph":[{"@type":"Article","@id":"https:\/\/vocesdelacomuna15.com.ar\/press\/parques-de-verano-juegos-de-agua-espectaculos-artisticos-y-propuestas-para-toda-la-familia\/#article","isPartOf":{"@id":"https:\/\/vocesdelacomuna15.com.ar\/press\/parques-de-verano-juegos-de-agua-espectaculos-artisticos-y-propuestas-para-toda-la-familia\/"},"author":{"name":"Federico Arguto","@id":"https:\/\/vocesdelacomuna15.com.ar\/press\/#\/schema\/person\/4739e109db25d799cd3d139eeb509e43"},"headline":"Parques de Verano: juegos de agua, espect\u00e1culos art\u00edsticos y propuestas para toda la familia","datePublished":"2025-01-20T16:39:17+00:00","dateModified":"2025-01-20T16:39:18+00:00","mainEntityOfPage":{"@id":"https:\/\/vocesdelacomuna15.com.ar\/press\/parques-de-verano-juegos-de-agua-espectaculos-artisticos-y-propuestas-para-toda-la-familia\/"},"wordCount":720,"commentCount":0,"publisher":{"@id":"https:\/\/vocesdelacomuna15.com.ar\/press\/#organization"},"image":{"@id":"https:\/\/vocesdelacomuna15.com.ar\/press\/parques-de-verano-juegos-de-agua-espectaculos-artisticos-y-propuestas-para-toda-la-familia\/#primaryimage"},"thumbnailUrl":"https:\/\/vocesdelacomuna15.com.ar\/wp-content\/uploads\/2025\/01\/2024-01-23-BA-PLAYA-EMANUEL-ZERBOS_IMG_4765-scaled.jpg","articleSection":["Ciudad"],"inLanguage":"es-AR","potentialAction":[{"@type":"CommentAction","name":"Comment","target":["https:\/\/vocesdelacomuna15.com.ar\/press\/parques-de-verano-juegos-de-agua-espectaculos-artisticos-y-propuestas-para-toda-la-familia\/#respond"]}]},{"@type":"WebPage","@id":"https:\/\/vocesdelacomuna15.com.ar\/press\/parques-de-verano-juegos-de-agua-espectaculos-artisticos-y-propuestas-para-toda-la-familia\/","url":"https:\/\/vocesdelacomuna15.com.ar\/press\/parques-de-verano-juegos-de-agua-espectaculos-artisticos-y-propuestas-para-toda-la-familia\/","name":"Parques de Verano: juegos de agua, espect\u00e1culos art\u00edsticos y propuestas para toda la familia - Voces de la Comuna 15","isPartOf":{"@id":"https:\/\/vocesdelacomuna15.com.ar\/press\/#website"},"primaryImageOfPage":{"@id":"https:\/\/vocesdelacomuna15.com.ar\/press\/parques-de-verano-juegos-de-agua-espectaculos-artisticos-y-propuestas-para-toda-la-familia\/#primaryimage"},"image":{"@id":"https:\/\/vocesdelacomuna15.com.ar\/press\/parques-de-verano-juegos-de-agua-espectaculos-artisticos-y-propuestas-para-toda-la-familia\/#primaryimage"},"thumbnailUrl":"https:\/\/vocesdelacomuna15.com.ar\/wp-content\/uploads\/2025\/01\/2024-01-23-BA-PLAYA-EMANUEL-ZERBOS_IMG_4765-scaled.jpg","datePublished":"2025-01-20T16:39:17+00:00","dateModified":"2025-01-20T16:39:18+00:00","description":"Voces de la Comuna 15","breadcrumb":{"@id":"https:\/\/vocesdelacomuna15.com.ar\/press\/parques-de-verano-juegos-de-agua-espectaculos-artisticos-y-propuestas-para-toda-la-familia\/#breadcrumb"},"inLanguage":"es-AR","potentialAction":[{"@type":"ReadAction","target":["https:\/\/vocesdelacomuna15.com.ar\/press\/parques-de-verano-juegos-de-agua-espectaculos-artisticos-y-propuestas-para-toda-la-familia\/"]}]},{"@type":"ImageObject","inLanguage":"es-AR","@id":"https:\/\/vocesdelacomuna15.com.ar\/press\/parques-de-verano-juegos-de-agua-espectaculos-artisticos-y-propuestas-para-toda-la-familia\/#primaryimage","url":"https:\/\/vocesdelacomuna15.com.ar\/wp-content\/uploads\/2025\/01\/2024-01-23-BA-PLAYA-EMANUEL-ZERBOS_IMG_4765-scaled.jpg","contentUrl":"https:\/\/vocesdelacomuna15.com.ar\/wp-content\/uploads\/2025\/01\/2024-01-23-BA-PLAYA-EMANUEL-ZERBOS_IMG_4765-scaled.jpg","width":2560,"height":1707},{"@type":"BreadcrumbList","@id":"https:\/\/vocesdelacomuna15.com.ar\/press\/parques-de-verano-juegos-de-agua-espectaculos-artisticos-y-propuestas-para-toda-la-familia\/#breadcrumb","itemListElement":[{"@type":"ListItem","position":1,"name":"Inicio","item":"https:\/\/vocesdelacomuna15.com.ar\/press\/"},{"@type":"ListItem","position":2,"name":"Parques de Verano: juegos de agua, espect\u00e1culos art\u00edsticos y propuestas para toda la familia"}]},{"@type":"WebSite","@id":"https:\/\/vocesdelacomuna15.com.ar\/press\/#website","url":"https:\/\/vocesdelacomuna15.com.ar\/press\/","name":"Voces de la Comuna 15","description":"Sitio web de noticias","publisher":{"@id":"https:\/\/vocesdelacomuna15.com.ar\/press\/#organization"},"potentialAction":[{"@type":"SearchAction","target":{"@type":"EntryPoint","urlTemplate":"https:\/\/vocesdelacomuna15.com.ar\/press\/?s={search_term_string}"},"query-input":{"@type":"PropertyValueSpecification","valueRequired":true,"valueName":"search_term_string"}}],"inLanguage":"es-AR"},{"@type":"Organization","@id":"https:\/\/vocesdelacomuna15.com.ar\/press\/#organization","name":"Voces de la Comuna 15","url":"https:\/\/vocesdelacomuna15.com.ar\/press\/","logo":{"@type":"ImageObject","inLanguage":"es-AR","@id":"https:\/\/vocesdelacomuna15.com.ar\/press\/#\/schema\/logo\/image\/","url":"https:\/\/vocesdelacomuna15.com.ar\/wp-content\/uploads\/2024\/12\/cropped-logo_voces.jpg","contentUrl":"https:\/\/vocesdelacomuna15.com.ar\/wp-content\/uploads\/2024\/12\/cropped-logo_voces.jpg","width":512,"height":512,"caption":"Voces de la Comuna 15"},"image":{"@id":"https:\/\/vocesdelacomuna15.com.ar\/press\/#\/schema\/logo\/image\/"},"sameAs":["https:\/\/www.facebook.com\/VocesComuna15\/","https:\/\/x.com\/vocescomuna15"]},{"@type":"Person","@id":"https:\/\/vocesdelacomuna15.com.ar\/press\/#\/schema\/person\/4739e109db25d799cd3d139eeb509e43","name":"Federico Arguto","image":{"@type":"ImageObject","inLanguage":"es-AR","@id":"https:\/\/vocesdelacomuna15.com.ar\/wp-content\/litespeed\/avatar\/82faf979976f1bae889b8b71f8a0a7e5.jpg?ver=1777419741","url":"https:\/\/vocesdelacomuna15.com.ar\/wp-content\/litespeed\/avatar\/82faf979976f1bae889b8b71f8a0a7e5.jpg?ver=1777419741","contentUrl":"https:\/\/vocesdelacomuna15.com.ar\/wp-content\/litespeed\/avatar\/82faf979976f1bae889b8b71f8a0a7e5.jpg?ver=1777419741","caption":"Federico Arguto"},"url":"https:\/\/vocesdelacomuna15.com.ar\/press\/author\/fede\/"}]}},"_links":{"self":[{"href":"https:\/\/vocesdelacomuna15.com.ar\/press\/wp-json\/wp\/v2\/posts\/64637","targetHints":{"allow":["GET"]}}],"collection":[{"href":"https:\/\/vocesdelacomuna15.com.ar\/press\/wp-json\/wp\/v2\/posts"}],"about":[{"href":"https:\/\/vocesdelacomuna15.com.ar\/press\/wp-json\/wp\/v2\/types\/post"}],"author":[{"embeddable":true,"href":"https:\/\/vocesdelacomuna15.com.ar\/press\/wp-json\/wp\/v2\/users\/2"}],"replies":[{"embeddable":true,"href":"https:\/\/vocesdelacomuna15.com.ar\/press\/wp-json\/wp\/v2\/comments?post=64637"}],"version-history":[{"count":1,"href":"https:\/\/vocesdelacomuna15.com.ar\/press\/wp-json\/wp\/v2\/posts\/64637\/revisions"}],"predecessor-version":[{"id":64639,"href":"https:\/\/vocesdelacomuna15.com.ar\/press\/wp-json\/wp\/v2\/posts\/64637\/revisions\/64639"}],"wp:featuredmedia":[{"embeddable":true,"href":"https:\/\/vocesdelacomuna15.com.ar\/press\/wp-json\/wp\/v2\/media\/64638"}],"wp:attachment":[{"href":"https:\/\/vocesdelacomuna15.com.ar\/press\/wp-json\/wp\/v2\/media?parent=64637"}],"wp:term":[{"taxonomy":"category","embeddable":true,"href":"https:\/\/vocesdelacomuna15.com.ar\/press\/wp-json\/wp\/v2\/categories?post=64637"},{"taxonomy":"post_tag","embeddable":true,"href":"https:\/\/vocesdelacomuna15.com.ar\/press\/wp-json\/wp\/v2\/tags?post=64637"}],"curies":[{"name":"wp","href":"https:\/\/api.w.org\/{rel}","templated":true}]}}