{"id":64631,"date":"2025-01-16T16:28:15","date_gmt":"2025-01-16T19:28:15","guid":{"rendered":"https:\/\/vocesdelacomuna15.com.ar\/press\/?p=64631"},"modified":"2025-01-16T16:28:16","modified_gmt":"2025-01-16T19:28:16","slug":"abre-la-convocatoria-para-la-cuarta-edicion-de-rojo-festivalindependiente-internacional-de-clown-en-buenos-aires","status":"publish","type":"post","link":"https:\/\/vocesdelacomuna15.com.ar\/press\/abre-la-convocatoria-para-la-cuarta-edicion-de-rojo-festivalindependiente-internacional-de-clown-en-buenos-aires\/","title":{"rendered":"Abre la convocatoria para la cuarta edici\u00f3n de ROJO, FestivalIndependiente Internacional de Clown en Buenos Aires"},"content":{"rendered":"\n<p>Rojo, Festival Independiente Internacional de Clown convoca a grupos, elencos y<br>artistas nacionales e internacionales del g\u00e9nero a participar de su cuarta edici\u00f3n<br>que se llevar\u00e1 a cabo del 20 al 29 de junio de 2025 en Ciudad Aut\u00f3noma de Buenos<br>Aires.<br>Vuelve ROJO para seguir la fiesta de todes y para todes. Sosteniendo un espacio que apuesta por la gesti\u00f3n independiente, la fortaleza que genera la uni\u00f3n de artistas del g\u00e9nero y la decisi\u00f3n de mantener abiertas sus puertas a todo el p\u00fablico.<br>Para esta edici\u00f3n estimamos la participaci\u00f3n de al menos 12 obras y 5 n\u00fameros para<br>adultos que ser\u00e1n seleccionados por la organizaci\u00f3n.<br>Si quer\u00e9s ser parte de esta fiesta, entr\u00e1 al formulario correspondiente y envianos tu<br>material.<br>Convocatoria Obras:<br>El material de las obras se recibir\u00e1n hasta las 24 hs del 10 de febrero de 2025.<br>Las obras a presentar deber\u00e1n tener una duraci\u00f3n m\u00ednima de 40 minutos y m\u00e1xima<br>de 90 minutos. Y podr\u00e1n ser para p\u00fablico adulto o apto para infancias.<br>Formulario: https:\/\/forms.gle\/LFL1kUij2jH7jqbP6<br>Convocatoria N\u00fameros:<br>El material de los n\u00fameros se recibir\u00e1n hasta la hora 24 hs del 10 de febrero de 2025.<br>Los n\u00fameros a presentar deber\u00e1n tener una duraci\u00f3n m\u00ednima de 8 minutos y m\u00e1xima<br>de 12 minutos.<br>Formulario: https:\/\/forms.gle\/NbFQ294m3dEk2ko38<br>Toda la info para inscripciones en nuestro Instagram: @rojofestivalindependiente<br>y en nuestra web: https:\/\/rojofestivalindependiente.contactin.bio\/<br>Luis Levy y Santiago Leg\u00f3n coordinan este festival con un gran n\u00famero de colaboradores<br>que lo hacen posible.<br>El crecimiento en la participaci\u00f3n tanto de elencos nacionales e internacionales, como del<br>p\u00fablico y el impacto en los medios confirman el valioso lugar que adquiri\u00f3 este festival.<br>Participaron de las convocatorias de este festival: Chile, Brasil, Uruguay, Per\u00fa, Colombia,<br>Costa Rica, Venezuela, M\u00e9xico, Espa\u00f1a, Francia, Estados Unidos, Italia y Paraguay. Y<br>much\u00edsimos grupos de todos los rincones de nuestro pa\u00eds.<br>Luis Levy<br>En los a\u00f1os \u201970 se forma como actor y director en la Escuela Nacional de Arte Dram\u00e1tico y en forma privada con Julio Ordano, Carlos Moreno. Como Clown con Hern\u00e1n Carb\u00f3n,<br>Gabriel Chame, Marcos Arano, Marcelo Katz, Hern\u00e1n Gene, Lila Monti.<br>Form\u00f3 parte de Teatro Abierto y del elenco de la Comedia Nacional.<br>Su puesta de \u201cLa Boda\u201d recibi\u00f3 premios como mejor realizaci\u00f3n, mejor comedia y mejor<br>direcci\u00f3n en el Cuarto Certamen de Teatro Independiente de 1986\/87. En 2011<br>crea Cielo Compa\u00f1\u00eda de Clowns con la que realiza \u201cInstrucciones\u201d, obra inspirada en<br>textos de Julio Cort\u00e1zar, que form\u00f3 parte del 9\u00b0 Festival Patacomico del Bols\u00f3n, \u201c13,<br>un martes, dos vidas, una historia payasa\u201d, \u201cEnsayo de Familia\u201d, \u201cCarmen, una<br>rid\u00edcula tragedia\u201d, versi\u00f3n clownesca de la \u00f3pera de George Bizzet, que form\u00f3 parte<br>la programaci\u00f3n del tercer Ciclo de Clown del Centro Cultural Haroldo Conti; obras<br>en las que particip\u00f3 como director y dramaturgo.<br>En 2016 crea y organiza el \u201cFestival de Clown y Humor Jarana, JA!\u201d. Paralelamente ha<br>dictado cursos y seminarios de clown en forma privada.<br>Santiago Leg\u00f3n<br>Formado como actor con Carlos Gandolfo, N\u00e9stor Romero, Santiago M. Ojea y George<br>Lewis. Formado en la t\u00e9cnica del Clown con Pablo de Nito, Guillermo Angelleli, Iv\u00e1n Prado, Chacovachi, Dar\u00edo Levin, Marcelo Katz y George Lewis.<br>Miembro y creador de la Compa\u00f1\u00eda Clowneros que junto a Juliana Ram\u00edrez y George Lewis han recorrido festivales nacionales e internacionales de clown y circo con sus obras \u201cAmor Mito\u201d y \u201cPozo\u201d.<br>Fue Integrante de \u201cAguas\u201d, con direcci\u00f3n de Marcelo Katz que realiz\u00f3 varias<br>temporadas en el CC Recoleta y en la CC Konex. Nominada a los premios ACE.<br>Junto a la actriz Greta Berghese crearon Mozos Locos un emprendimiento creativo que<br>forjan hace 20 a\u00f1os proveyendo artistas e ideas para eventos en todo el pa\u00eds.<br>Forma parte de \u201cSonr\u00edo, payasxs en serio\u201d: realizan visitas clowneadas a hospitales<br>p\u00fablicos, dictan talleres ESI y realizan n\u00fameros tem\u00e1ticos para educaci\u00f3n y salud.<br>Cre\u00f3 COCADA CLOWN junto a Constanza Scotto. Realizan funciones de \u201cPayases de<br>Vacaciones\u201d dirigidos por Florencia Pati\u00f1o. Talleres de Clown Humanitario-<br>Cre\u00f3 junto a Fran Cant\u00f3 SPI &#8211; Salas PanInmersivas en pandemia: espacio de investigaci\u00f3n hipermedia en plena cuarentena. Dirigi\u00f3 \u201cConsorcio, un juego inmersivo\u201d y \u201cWhisky gatos azul jazz\u201d. Actu\u00f3 en \u201cEnter\u201d (teatro digital). Coordin\u00f3 junto a Fran Cant\u00f3 el Festival SemillAR de Teatro digital.<br>Dirige \u201cNi\u00f1os perdidos\u201d, \u201cMugre\u201d y \u201cCantonautas, viajar en canciones\u201d.<br><\/p>\n\n\n\n<p><strong>Instagram y Facebook:<\/strong>\u00a0@rojofestivalindependiente<\/p>\n\n\n\n<p><strong>Web:&nbsp;<\/strong><a href=\"https:\/\/rojofestivalindependiente.contactin.bio\/\" target=\"_blank\" rel=\"noreferrer noopener\">https:\/\/rojofestivalindependiente.contactin.bio\/<\/a><\/p>\n\n\n\n<p><strong>EMail:&nbsp;<\/strong><a href=\"mailto:rojofestivalindependiente@gmail.com\" target=\"_blank\" rel=\"noreferrer noopener\">rojofestivalindependiente@gmail.com<\/a><\/p>\n\n\n\n<p><strong>Dafne Strobino Niedermaier<\/strong><\/p>\n\n\n\n<p>Cel. 11-5037-6918<\/p>\n\n\n\n<p><a href=\"http:\/\/www.agendacultural15.com\/\" target=\"_blank\" rel=\"noreferrer noopener\">www.agendacultural15.com<\/a><\/p>\n\n\n\n<p><a href=\"http:\/\/www.nueva-ciudad.com.ar\/\" target=\"_blank\" rel=\"noreferrer noopener\">www.nueva-ciudad.com.ar<\/a><\/p>\n\n\n\n<p><a href=\"http:\/\/www.nuestrobarrioweb.com.ar\/\" target=\"_blank\" rel=\"noreferrer noopener\">www.nuestrobarrioweb.com.ar<\/a><\/p>\n<div class=\"pvc_clear\"><\/div><p id=\"pvc_stats_64631\" class=\"pvc_stats all  \" data-element-id=\"64631\" style=\"\"><i class=\"pvc-stats-icon small\" aria-hidden=\"true\"><svg aria-hidden=\"true\" focusable=\"false\" data-prefix=\"far\" data-icon=\"chart-bar\" role=\"img\" xmlns=\"http:\/\/www.w3.org\/2000\/svg\" viewBox=\"0 0 512 512\" class=\"svg-inline--fa fa-chart-bar fa-w-16 fa-2x\"><path fill=\"currentColor\" d=\"M396.8 352h22.4c6.4 0 12.8-6.4 12.8-12.8V108.8c0-6.4-6.4-12.8-12.8-12.8h-22.4c-6.4 0-12.8 6.4-12.8 12.8v230.4c0 6.4 6.4 12.8 12.8 12.8zm-192 0h22.4c6.4 0 12.8-6.4 12.8-12.8V140.8c0-6.4-6.4-12.8-12.8-12.8h-22.4c-6.4 0-12.8 6.4-12.8 12.8v198.4c0 6.4 6.4 12.8 12.8 12.8zm96 0h22.4c6.4 0 12.8-6.4 12.8-12.8V204.8c0-6.4-6.4-12.8-12.8-12.8h-22.4c-6.4 0-12.8 6.4-12.8 12.8v134.4c0 6.4 6.4 12.8 12.8 12.8zM496 400H48V80c0-8.84-7.16-16-16-16H16C7.16 64 0 71.16 0 80v336c0 17.67 14.33 32 32 32h464c8.84 0 16-7.16 16-16v-16c0-8.84-7.16-16-16-16zm-387.2-48h22.4c6.4 0 12.8-6.4 12.8-12.8v-70.4c0-6.4-6.4-12.8-12.8-12.8h-22.4c-6.4 0-12.8 6.4-12.8 12.8v70.4c0 6.4 6.4 12.8 12.8 12.8z\" class=\"\"><\/path><\/svg><\/i> <img loading=\"lazy\" decoding=\"async\" width=\"16\" height=\"16\" alt=\"Loading\" src=\"https:\/\/vocesdelacomuna15.com.ar\/wp-content\/plugins\/page-views-count\/ajax-loader-2x.gif\" border=0 \/><\/p><div class=\"pvc_clear\"><\/div>","protected":false},"excerpt":{"rendered":"<p>Rojo, Festival Independiente Internacional de Clown convoca a grupos, elencos yartistas nacionales e internacionales del g\u00e9nero a participar de su cuarta edici\u00f3nque se llevar\u00e1 a cabo del 20 al 29 de junio de 2025 en Ciudad Aut\u00f3noma de BuenosAires.Vuelve ROJO para seguir la fiesta de todes y para todes. Sosteniendo un espacio que apuesta por [&hellip;]<\/p>\n<div class=\"pvc_clear\"><\/div>\n<p id=\"pvc_stats_64631\" class=\"pvc_stats all  \" data-element-id=\"64631\" style=\"\"><i class=\"pvc-stats-icon small\" aria-hidden=\"true\"><svg aria-hidden=\"true\" focusable=\"false\" data-prefix=\"far\" data-icon=\"chart-bar\" role=\"img\" xmlns=\"http:\/\/www.w3.org\/2000\/svg\" viewBox=\"0 0 512 512\" class=\"svg-inline--fa fa-chart-bar fa-w-16 fa-2x\"><path fill=\"currentColor\" d=\"M396.8 352h22.4c6.4 0 12.8-6.4 12.8-12.8V108.8c0-6.4-6.4-12.8-12.8-12.8h-22.4c-6.4 0-12.8 6.4-12.8 12.8v230.4c0 6.4 6.4 12.8 12.8 12.8zm-192 0h22.4c6.4 0 12.8-6.4 12.8-12.8V140.8c0-6.4-6.4-12.8-12.8-12.8h-22.4c-6.4 0-12.8 6.4-12.8 12.8v198.4c0 6.4 6.4 12.8 12.8 12.8zm96 0h22.4c6.4 0 12.8-6.4 12.8-12.8V204.8c0-6.4-6.4-12.8-12.8-12.8h-22.4c-6.4 0-12.8 6.4-12.8 12.8v134.4c0 6.4 6.4 12.8 12.8 12.8zM496 400H48V80c0-8.84-7.16-16-16-16H16C7.16 64 0 71.16 0 80v336c0 17.67 14.33 32 32 32h464c8.84 0 16-7.16 16-16v-16c0-8.84-7.16-16-16-16zm-387.2-48h22.4c6.4 0 12.8-6.4 12.8-12.8v-70.4c0-6.4-6.4-12.8-12.8-12.8h-22.4c-6.4 0-12.8 6.4-12.8 12.8v70.4c0 6.4 6.4 12.8 12.8 12.8z\" class=\"\"><\/path><\/svg><\/i> <img loading=\"lazy\" decoding=\"async\" width=\"16\" height=\"16\" alt=\"Loading\" src=\"https:\/\/vocesdelacomuna15.com.ar\/wp-content\/plugins\/page-views-count\/ajax-loader-2x.gif\" border=0 \/><\/p>\n<div class=\"pvc_clear\"><\/div>\n","protected":false},"author":2,"featured_media":64632,"comment_status":"open","ping_status":"open","sticky":false,"template":"","format":"standard","meta":{"_et_pb_use_builder":"off","_et_pb_old_content":"","_et_gb_content_width":"","footnotes":""},"categories":[24],"tags":[],"class_list":["post-64631","post","type-post","status-publish","format-standard","has-post-thumbnail","hentry","category-cultura","et-has-post-format-content","et_post_format-et-post-format-standard"],"a3_pvc":{"activated":true,"total_views":32,"today_views":0},"yoast_head":"<!-- This site is optimized with the Yoast SEO plugin v27.5 - https:\/\/yoast.com\/product\/yoast-seo-wordpress\/ -->\n<title>Abre la convocatoria para la cuarta edici\u00f3n de ROJO, FestivalIndependiente Internacional de Clown en Buenos Aires - Voces de la Comuna 15<\/title>\n<meta name=\"description\" content=\"Voces de la Comuna 15\" \/>\n<meta name=\"robots\" content=\"index, follow, max-snippet:-1, max-image-preview:large, max-video-preview:-1\" \/>\n<link rel=\"canonical\" href=\"https:\/\/vocesdelacomuna15.com.ar\/press\/abre-la-convocatoria-para-la-cuarta-edicion-de-rojo-festivalindependiente-internacional-de-clown-en-buenos-aires\/\" \/>\n<meta property=\"og:locale\" content=\"es_ES\" \/>\n<meta property=\"og:type\" content=\"article\" \/>\n<meta property=\"og:title\" content=\"Abre la convocatoria para la cuarta edici\u00f3n de ROJO, FestivalIndependiente Internacional de Clown en Buenos Aires - Voces de la Comuna 15\" \/>\n<meta property=\"og:description\" content=\"Voces de la Comuna 15\" \/>\n<meta property=\"og:url\" content=\"https:\/\/vocesdelacomuna15.com.ar\/press\/abre-la-convocatoria-para-la-cuarta-edicion-de-rojo-festivalindependiente-internacional-de-clown-en-buenos-aires\/\" \/>\n<meta property=\"og:site_name\" content=\"Voces de la Comuna 15\" \/>\n<meta property=\"article:publisher\" content=\"https:\/\/www.facebook.com\/VocesComuna15\/\" \/>\n<meta property=\"article:published_time\" content=\"2025-01-16T19:28:15+00:00\" \/>\n<meta property=\"article:modified_time\" content=\"2025-01-16T19:28:16+00:00\" \/>\n<meta property=\"og:image\" content=\"https:\/\/vocesdelacomuna15.com.ar\/wp-content\/uploads\/2025\/01\/1-LOGO-ROJO-3-IG.png\" \/>\n\t<meta property=\"og:image:width\" content=\"950\" \/>\n\t<meta property=\"og:image:height\" content=\"1008\" \/>\n\t<meta property=\"og:image:type\" content=\"image\/png\" \/>\n<meta name=\"author\" content=\"Federico Arguto\" \/>\n<meta name=\"twitter:card\" content=\"summary_large_image\" \/>\n<meta name=\"twitter:creator\" content=\"@vocescomuna15\" \/>\n<meta name=\"twitter:site\" content=\"@vocescomuna15\" \/>\n<meta name=\"twitter:label1\" content=\"Escrito por\" \/>\n\t<meta name=\"twitter:data1\" content=\"Federico Arguto\" \/>\n\t<meta name=\"twitter:label2\" content=\"Tiempo de lectura\" \/>\n\t<meta name=\"twitter:data2\" content=\"4 minutos\" \/>\n<script type=\"application\/ld+json\" class=\"yoast-schema-graph\">{\"@context\":\"https:\\\/\\\/schema.org\",\"@graph\":[{\"@type\":\"Article\",\"@id\":\"https:\\\/\\\/vocesdelacomuna15.com.ar\\\/press\\\/abre-la-convocatoria-para-la-cuarta-edicion-de-rojo-festivalindependiente-internacional-de-clown-en-buenos-aires\\\/#article\",\"isPartOf\":{\"@id\":\"https:\\\/\\\/vocesdelacomuna15.com.ar\\\/press\\\/abre-la-convocatoria-para-la-cuarta-edicion-de-rojo-festivalindependiente-internacional-de-clown-en-buenos-aires\\\/\"},\"author\":{\"name\":\"Federico Arguto\",\"@id\":\"https:\\\/\\\/vocesdelacomuna15.com.ar\\\/press\\\/#\\\/schema\\\/person\\\/4739e109db25d799cd3d139eeb509e43\"},\"headline\":\"Abre la convocatoria para la cuarta edici\u00f3n de ROJO, FestivalIndependiente Internacional de Clown en Buenos Aires\",\"datePublished\":\"2025-01-16T19:28:15+00:00\",\"dateModified\":\"2025-01-16T19:28:16+00:00\",\"mainEntityOfPage\":{\"@id\":\"https:\\\/\\\/vocesdelacomuna15.com.ar\\\/press\\\/abre-la-convocatoria-para-la-cuarta-edicion-de-rojo-festivalindependiente-internacional-de-clown-en-buenos-aires\\\/\"},\"wordCount\":786,\"commentCount\":0,\"publisher\":{\"@id\":\"https:\\\/\\\/vocesdelacomuna15.com.ar\\\/press\\\/#organization\"},\"image\":{\"@id\":\"https:\\\/\\\/vocesdelacomuna15.com.ar\\\/press\\\/abre-la-convocatoria-para-la-cuarta-edicion-de-rojo-festivalindependiente-internacional-de-clown-en-buenos-aires\\\/#primaryimage\"},\"thumbnailUrl\":\"https:\\\/\\\/vocesdelacomuna15.com.ar\\\/wp-content\\\/uploads\\\/2025\\\/01\\\/1-LOGO-ROJO-3-IG.png\",\"articleSection\":[\"Cultura\"],\"inLanguage\":\"es-AR\",\"potentialAction\":[{\"@type\":\"CommentAction\",\"name\":\"Comment\",\"target\":[\"https:\\\/\\\/vocesdelacomuna15.com.ar\\\/press\\\/abre-la-convocatoria-para-la-cuarta-edicion-de-rojo-festivalindependiente-internacional-de-clown-en-buenos-aires\\\/#respond\"]}]},{\"@type\":\"WebPage\",\"@id\":\"https:\\\/\\\/vocesdelacomuna15.com.ar\\\/press\\\/abre-la-convocatoria-para-la-cuarta-edicion-de-rojo-festivalindependiente-internacional-de-clown-en-buenos-aires\\\/\",\"url\":\"https:\\\/\\\/vocesdelacomuna15.com.ar\\\/press\\\/abre-la-convocatoria-para-la-cuarta-edicion-de-rojo-festivalindependiente-internacional-de-clown-en-buenos-aires\\\/\",\"name\":\"Abre la convocatoria para la cuarta edici\u00f3n de ROJO, FestivalIndependiente Internacional de Clown en Buenos Aires - Voces de la Comuna 15\",\"isPartOf\":{\"@id\":\"https:\\\/\\\/vocesdelacomuna15.com.ar\\\/press\\\/#website\"},\"primaryImageOfPage\":{\"@id\":\"https:\\\/\\\/vocesdelacomuna15.com.ar\\\/press\\\/abre-la-convocatoria-para-la-cuarta-edicion-de-rojo-festivalindependiente-internacional-de-clown-en-buenos-aires\\\/#primaryimage\"},\"image\":{\"@id\":\"https:\\\/\\\/vocesdelacomuna15.com.ar\\\/press\\\/abre-la-convocatoria-para-la-cuarta-edicion-de-rojo-festivalindependiente-internacional-de-clown-en-buenos-aires\\\/#primaryimage\"},\"thumbnailUrl\":\"https:\\\/\\\/vocesdelacomuna15.com.ar\\\/wp-content\\\/uploads\\\/2025\\\/01\\\/1-LOGO-ROJO-3-IG.png\",\"datePublished\":\"2025-01-16T19:28:15+00:00\",\"dateModified\":\"2025-01-16T19:28:16+00:00\",\"description\":\"Voces de la Comuna 15\",\"breadcrumb\":{\"@id\":\"https:\\\/\\\/vocesdelacomuna15.com.ar\\\/press\\\/abre-la-convocatoria-para-la-cuarta-edicion-de-rojo-festivalindependiente-internacional-de-clown-en-buenos-aires\\\/#breadcrumb\"},\"inLanguage\":\"es-AR\",\"potentialAction\":[{\"@type\":\"ReadAction\",\"target\":[\"https:\\\/\\\/vocesdelacomuna15.com.ar\\\/press\\\/abre-la-convocatoria-para-la-cuarta-edicion-de-rojo-festivalindependiente-internacional-de-clown-en-buenos-aires\\\/\"]}]},{\"@type\":\"ImageObject\",\"inLanguage\":\"es-AR\",\"@id\":\"https:\\\/\\\/vocesdelacomuna15.com.ar\\\/press\\\/abre-la-convocatoria-para-la-cuarta-edicion-de-rojo-festivalindependiente-internacional-de-clown-en-buenos-aires\\\/#primaryimage\",\"url\":\"https:\\\/\\\/vocesdelacomuna15.com.ar\\\/wp-content\\\/uploads\\\/2025\\\/01\\\/1-LOGO-ROJO-3-IG.png\",\"contentUrl\":\"https:\\\/\\\/vocesdelacomuna15.com.ar\\\/wp-content\\\/uploads\\\/2025\\\/01\\\/1-LOGO-ROJO-3-IG.png\",\"width\":950,\"height\":1008},{\"@type\":\"BreadcrumbList\",\"@id\":\"https:\\\/\\\/vocesdelacomuna15.com.ar\\\/press\\\/abre-la-convocatoria-para-la-cuarta-edicion-de-rojo-festivalindependiente-internacional-de-clown-en-buenos-aires\\\/#breadcrumb\",\"itemListElement\":[{\"@type\":\"ListItem\",\"position\":1,\"name\":\"Inicio\",\"item\":\"https:\\\/\\\/vocesdelacomuna15.com.ar\\\/press\\\/\"},{\"@type\":\"ListItem\",\"position\":2,\"name\":\"Abre la convocatoria para la cuarta edici\u00f3n de ROJO, FestivalIndependiente Internacional de Clown en Buenos Aires\"}]},{\"@type\":\"WebSite\",\"@id\":\"https:\\\/\\\/vocesdelacomuna15.com.ar\\\/press\\\/#website\",\"url\":\"https:\\\/\\\/vocesdelacomuna15.com.ar\\\/press\\\/\",\"name\":\"Voces de la Comuna 15\",\"description\":\"Sitio web de noticias\",\"publisher\":{\"@id\":\"https:\\\/\\\/vocesdelacomuna15.com.ar\\\/press\\\/#organization\"},\"potentialAction\":[{\"@type\":\"SearchAction\",\"target\":{\"@type\":\"EntryPoint\",\"urlTemplate\":\"https:\\\/\\\/vocesdelacomuna15.com.ar\\\/press\\\/?s={search_term_string}\"},\"query-input\":{\"@type\":\"PropertyValueSpecification\",\"valueRequired\":true,\"valueName\":\"search_term_string\"}}],\"inLanguage\":\"es-AR\"},{\"@type\":\"Organization\",\"@id\":\"https:\\\/\\\/vocesdelacomuna15.com.ar\\\/press\\\/#organization\",\"name\":\"Voces de la Comuna 15\",\"url\":\"https:\\\/\\\/vocesdelacomuna15.com.ar\\\/press\\\/\",\"logo\":{\"@type\":\"ImageObject\",\"inLanguage\":\"es-AR\",\"@id\":\"https:\\\/\\\/vocesdelacomuna15.com.ar\\\/press\\\/#\\\/schema\\\/logo\\\/image\\\/\",\"url\":\"https:\\\/\\\/vocesdelacomuna15.com.ar\\\/wp-content\\\/uploads\\\/2024\\\/12\\\/cropped-logo_voces.jpg\",\"contentUrl\":\"https:\\\/\\\/vocesdelacomuna15.com.ar\\\/wp-content\\\/uploads\\\/2024\\\/12\\\/cropped-logo_voces.jpg\",\"width\":512,\"height\":512,\"caption\":\"Voces de la Comuna 15\"},\"image\":{\"@id\":\"https:\\\/\\\/vocesdelacomuna15.com.ar\\\/press\\\/#\\\/schema\\\/logo\\\/image\\\/\"},\"sameAs\":[\"https:\\\/\\\/www.facebook.com\\\/VocesComuna15\\\/\",\"https:\\\/\\\/x.com\\\/vocescomuna15\"]},{\"@type\":\"Person\",\"@id\":\"https:\\\/\\\/vocesdelacomuna15.com.ar\\\/press\\\/#\\\/schema\\\/person\\\/4739e109db25d799cd3d139eeb509e43\",\"name\":\"Federico Arguto\",\"image\":{\"@type\":\"ImageObject\",\"inLanguage\":\"es-AR\",\"@id\":\"https:\\\/\\\/vocesdelacomuna15.com.ar\\\/wp-content\\\/litespeed\\\/avatar\\\/82faf979976f1bae889b8b71f8a0a7e5.jpg?ver=1777419741\",\"url\":\"https:\\\/\\\/vocesdelacomuna15.com.ar\\\/wp-content\\\/litespeed\\\/avatar\\\/82faf979976f1bae889b8b71f8a0a7e5.jpg?ver=1777419741\",\"contentUrl\":\"https:\\\/\\\/vocesdelacomuna15.com.ar\\\/wp-content\\\/litespeed\\\/avatar\\\/82faf979976f1bae889b8b71f8a0a7e5.jpg?ver=1777419741\",\"caption\":\"Federico Arguto\"},\"url\":\"https:\\\/\\\/vocesdelacomuna15.com.ar\\\/press\\\/author\\\/fede\\\/\"}]}<\/script>\n<!-- \/ Yoast SEO plugin. -->","yoast_head_json":{"title":"Abre la convocatoria para la cuarta edici\u00f3n de ROJO, FestivalIndependiente Internacional de Clown en Buenos Aires - Voces de la Comuna 15","description":"Voces de la Comuna 15","robots":{"index":"index","follow":"follow","max-snippet":"max-snippet:-1","max-image-preview":"max-image-preview:large","max-video-preview":"max-video-preview:-1"},"canonical":"https:\/\/vocesdelacomuna15.com.ar\/press\/abre-la-convocatoria-para-la-cuarta-edicion-de-rojo-festivalindependiente-internacional-de-clown-en-buenos-aires\/","og_locale":"es_ES","og_type":"article","og_title":"Abre la convocatoria para la cuarta edici\u00f3n de ROJO, FestivalIndependiente Internacional de Clown en Buenos Aires - Voces de la Comuna 15","og_description":"Voces de la Comuna 15","og_url":"https:\/\/vocesdelacomuna15.com.ar\/press\/abre-la-convocatoria-para-la-cuarta-edicion-de-rojo-festivalindependiente-internacional-de-clown-en-buenos-aires\/","og_site_name":"Voces de la Comuna 15","article_publisher":"https:\/\/www.facebook.com\/VocesComuna15\/","article_published_time":"2025-01-16T19:28:15+00:00","article_modified_time":"2025-01-16T19:28:16+00:00","og_image":[{"width":950,"height":1008,"url":"https:\/\/vocesdelacomuna15.com.ar\/wp-content\/uploads\/2025\/01\/1-LOGO-ROJO-3-IG.png","type":"image\/png"}],"author":"Federico Arguto","twitter_card":"summary_large_image","twitter_creator":"@vocescomuna15","twitter_site":"@vocescomuna15","twitter_misc":{"Escrito por":"Federico Arguto","Tiempo de lectura":"4 minutos"},"schema":{"@context":"https:\/\/schema.org","@graph":[{"@type":"Article","@id":"https:\/\/vocesdelacomuna15.com.ar\/press\/abre-la-convocatoria-para-la-cuarta-edicion-de-rojo-festivalindependiente-internacional-de-clown-en-buenos-aires\/#article","isPartOf":{"@id":"https:\/\/vocesdelacomuna15.com.ar\/press\/abre-la-convocatoria-para-la-cuarta-edicion-de-rojo-festivalindependiente-internacional-de-clown-en-buenos-aires\/"},"author":{"name":"Federico Arguto","@id":"https:\/\/vocesdelacomuna15.com.ar\/press\/#\/schema\/person\/4739e109db25d799cd3d139eeb509e43"},"headline":"Abre la convocatoria para la cuarta edici\u00f3n de ROJO, FestivalIndependiente Internacional de Clown en Buenos Aires","datePublished":"2025-01-16T19:28:15+00:00","dateModified":"2025-01-16T19:28:16+00:00","mainEntityOfPage":{"@id":"https:\/\/vocesdelacomuna15.com.ar\/press\/abre-la-convocatoria-para-la-cuarta-edicion-de-rojo-festivalindependiente-internacional-de-clown-en-buenos-aires\/"},"wordCount":786,"commentCount":0,"publisher":{"@id":"https:\/\/vocesdelacomuna15.com.ar\/press\/#organization"},"image":{"@id":"https:\/\/vocesdelacomuna15.com.ar\/press\/abre-la-convocatoria-para-la-cuarta-edicion-de-rojo-festivalindependiente-internacional-de-clown-en-buenos-aires\/#primaryimage"},"thumbnailUrl":"https:\/\/vocesdelacomuna15.com.ar\/wp-content\/uploads\/2025\/01\/1-LOGO-ROJO-3-IG.png","articleSection":["Cultura"],"inLanguage":"es-AR","potentialAction":[{"@type":"CommentAction","name":"Comment","target":["https:\/\/vocesdelacomuna15.com.ar\/press\/abre-la-convocatoria-para-la-cuarta-edicion-de-rojo-festivalindependiente-internacional-de-clown-en-buenos-aires\/#respond"]}]},{"@type":"WebPage","@id":"https:\/\/vocesdelacomuna15.com.ar\/press\/abre-la-convocatoria-para-la-cuarta-edicion-de-rojo-festivalindependiente-internacional-de-clown-en-buenos-aires\/","url":"https:\/\/vocesdelacomuna15.com.ar\/press\/abre-la-convocatoria-para-la-cuarta-edicion-de-rojo-festivalindependiente-internacional-de-clown-en-buenos-aires\/","name":"Abre la convocatoria para la cuarta edici\u00f3n de ROJO, FestivalIndependiente Internacional de Clown en Buenos Aires - Voces de la Comuna 15","isPartOf":{"@id":"https:\/\/vocesdelacomuna15.com.ar\/press\/#website"},"primaryImageOfPage":{"@id":"https:\/\/vocesdelacomuna15.com.ar\/press\/abre-la-convocatoria-para-la-cuarta-edicion-de-rojo-festivalindependiente-internacional-de-clown-en-buenos-aires\/#primaryimage"},"image":{"@id":"https:\/\/vocesdelacomuna15.com.ar\/press\/abre-la-convocatoria-para-la-cuarta-edicion-de-rojo-festivalindependiente-internacional-de-clown-en-buenos-aires\/#primaryimage"},"thumbnailUrl":"https:\/\/vocesdelacomuna15.com.ar\/wp-content\/uploads\/2025\/01\/1-LOGO-ROJO-3-IG.png","datePublished":"2025-01-16T19:28:15+00:00","dateModified":"2025-01-16T19:28:16+00:00","description":"Voces de la Comuna 15","breadcrumb":{"@id":"https:\/\/vocesdelacomuna15.com.ar\/press\/abre-la-convocatoria-para-la-cuarta-edicion-de-rojo-festivalindependiente-internacional-de-clown-en-buenos-aires\/#breadcrumb"},"inLanguage":"es-AR","potentialAction":[{"@type":"ReadAction","target":["https:\/\/vocesdelacomuna15.com.ar\/press\/abre-la-convocatoria-para-la-cuarta-edicion-de-rojo-festivalindependiente-internacional-de-clown-en-buenos-aires\/"]}]},{"@type":"ImageObject","inLanguage":"es-AR","@id":"https:\/\/vocesdelacomuna15.com.ar\/press\/abre-la-convocatoria-para-la-cuarta-edicion-de-rojo-festivalindependiente-internacional-de-clown-en-buenos-aires\/#primaryimage","url":"https:\/\/vocesdelacomuna15.com.ar\/wp-content\/uploads\/2025\/01\/1-LOGO-ROJO-3-IG.png","contentUrl":"https:\/\/vocesdelacomuna15.com.ar\/wp-content\/uploads\/2025\/01\/1-LOGO-ROJO-3-IG.png","width":950,"height":1008},{"@type":"BreadcrumbList","@id":"https:\/\/vocesdelacomuna15.com.ar\/press\/abre-la-convocatoria-para-la-cuarta-edicion-de-rojo-festivalindependiente-internacional-de-clown-en-buenos-aires\/#breadcrumb","itemListElement":[{"@type":"ListItem","position":1,"name":"Inicio","item":"https:\/\/vocesdelacomuna15.com.ar\/press\/"},{"@type":"ListItem","position":2,"name":"Abre la convocatoria para la cuarta edici\u00f3n de ROJO, FestivalIndependiente Internacional de Clown en Buenos Aires"}]},{"@type":"WebSite","@id":"https:\/\/vocesdelacomuna15.com.ar\/press\/#website","url":"https:\/\/vocesdelacomuna15.com.ar\/press\/","name":"Voces de la Comuna 15","description":"Sitio web de noticias","publisher":{"@id":"https:\/\/vocesdelacomuna15.com.ar\/press\/#organization"},"potentialAction":[{"@type":"SearchAction","target":{"@type":"EntryPoint","urlTemplate":"https:\/\/vocesdelacomuna15.com.ar\/press\/?s={search_term_string}"},"query-input":{"@type":"PropertyValueSpecification","valueRequired":true,"valueName":"search_term_string"}}],"inLanguage":"es-AR"},{"@type":"Organization","@id":"https:\/\/vocesdelacomuna15.com.ar\/press\/#organization","name":"Voces de la Comuna 15","url":"https:\/\/vocesdelacomuna15.com.ar\/press\/","logo":{"@type":"ImageObject","inLanguage":"es-AR","@id":"https:\/\/vocesdelacomuna15.com.ar\/press\/#\/schema\/logo\/image\/","url":"https:\/\/vocesdelacomuna15.com.ar\/wp-content\/uploads\/2024\/12\/cropped-logo_voces.jpg","contentUrl":"https:\/\/vocesdelacomuna15.com.ar\/wp-content\/uploads\/2024\/12\/cropped-logo_voces.jpg","width":512,"height":512,"caption":"Voces de la Comuna 15"},"image":{"@id":"https:\/\/vocesdelacomuna15.com.ar\/press\/#\/schema\/logo\/image\/"},"sameAs":["https:\/\/www.facebook.com\/VocesComuna15\/","https:\/\/x.com\/vocescomuna15"]},{"@type":"Person","@id":"https:\/\/vocesdelacomuna15.com.ar\/press\/#\/schema\/person\/4739e109db25d799cd3d139eeb509e43","name":"Federico Arguto","image":{"@type":"ImageObject","inLanguage":"es-AR","@id":"https:\/\/vocesdelacomuna15.com.ar\/wp-content\/litespeed\/avatar\/82faf979976f1bae889b8b71f8a0a7e5.jpg?ver=1777419741","url":"https:\/\/vocesdelacomuna15.com.ar\/wp-content\/litespeed\/avatar\/82faf979976f1bae889b8b71f8a0a7e5.jpg?ver=1777419741","contentUrl":"https:\/\/vocesdelacomuna15.com.ar\/wp-content\/litespeed\/avatar\/82faf979976f1bae889b8b71f8a0a7e5.jpg?ver=1777419741","caption":"Federico Arguto"},"url":"https:\/\/vocesdelacomuna15.com.ar\/press\/author\/fede\/"}]}},"_links":{"self":[{"href":"https:\/\/vocesdelacomuna15.com.ar\/press\/wp-json\/wp\/v2\/posts\/64631","targetHints":{"allow":["GET"]}}],"collection":[{"href":"https:\/\/vocesdelacomuna15.com.ar\/press\/wp-json\/wp\/v2\/posts"}],"about":[{"href":"https:\/\/vocesdelacomuna15.com.ar\/press\/wp-json\/wp\/v2\/types\/post"}],"author":[{"embeddable":true,"href":"https:\/\/vocesdelacomuna15.com.ar\/press\/wp-json\/wp\/v2\/users\/2"}],"replies":[{"embeddable":true,"href":"https:\/\/vocesdelacomuna15.com.ar\/press\/wp-json\/wp\/v2\/comments?post=64631"}],"version-history":[{"count":1,"href":"https:\/\/vocesdelacomuna15.com.ar\/press\/wp-json\/wp\/v2\/posts\/64631\/revisions"}],"predecessor-version":[{"id":64633,"href":"https:\/\/vocesdelacomuna15.com.ar\/press\/wp-json\/wp\/v2\/posts\/64631\/revisions\/64633"}],"wp:featuredmedia":[{"embeddable":true,"href":"https:\/\/vocesdelacomuna15.com.ar\/press\/wp-json\/wp\/v2\/media\/64632"}],"wp:attachment":[{"href":"https:\/\/vocesdelacomuna15.com.ar\/press\/wp-json\/wp\/v2\/media?parent=64631"}],"wp:term":[{"taxonomy":"category","embeddable":true,"href":"https:\/\/vocesdelacomuna15.com.ar\/press\/wp-json\/wp\/v2\/categories?post=64631"},{"taxonomy":"post_tag","embeddable":true,"href":"https:\/\/vocesdelacomuna15.com.ar\/press\/wp-json\/wp\/v2\/tags?post=64631"}],"curies":[{"name":"wp","href":"https:\/\/api.w.org\/{rel}","templated":true}]}}