{"id":64616,"date":"2025-01-14T19:01:59","date_gmt":"2025-01-14T22:01:59","guid":{"rendered":"https:\/\/vocesdelacomuna15.com.ar\/press\/?p=64616"},"modified":"2025-01-14T19:02:01","modified_gmt":"2025-01-14T22:02:01","slug":"mas-de-20-mil-chicos-disfrutan-de-las-colonias-deportivas-de-verano","status":"publish","type":"post","link":"https:\/\/vocesdelacomuna15.com.ar\/press\/mas-de-20-mil-chicos-disfrutan-de-las-colonias-deportivas-de-verano\/","title":{"rendered":"M\u00e1s de 20 mil chicos disfrutan de las Colonias Deportivas de verano"},"content":{"rendered":"\n<p>Son gratuitas y funcionan en 14 sedes distribuidas por todo el territorio porte\u00f1o. Los colonos recibir\u00e1n tres comidas: desayuno, almuerzo y merienda.<\/p>\n\n\n\n<p>Fuente: Buenosaires.gob.ar<\/p>\n\n\n\n<p>Link a la nota completa: https:\/\/buenosaires.gob.ar\/noticias\/mas-de-20-mil-chicos-disfrutan-de-las-colonias-deportivas-de-verano<\/p>\n\n\n\n<p>Lleg\u00f3 la \u00e9poca m\u00e1s divertida del a\u00f1o. Volvieron las&nbsp;<strong>Colonias Deportivas de la Ciudad<\/strong>, el programa que a\u00f1o a a\u00f1o re\u00fane a m\u00e1s de&nbsp;<strong>20.000 ni\u00f1os y ni\u00f1as<\/strong>&nbsp;de la Ciudad. Esta edici\u00f3n se extender\u00e1 hasta el&nbsp;<strong>viernes&nbsp;31 de enero<\/strong>. La propuesta es totalmente gratuita y se desarrollar\u00e1 en 14 sedes distribuidas en todo el territorio porte\u00f1o.<\/p>\n\n\n\n<p>Est\u00e1 destinado a chicos de entre 4 y 12 a\u00f1os y quienes participen de las Colonias tendr\u00e1n tres comidas: desayuno, almuerzo y merienda. El horario es de 9 a 16, para la colonia convencional, y de 10 a 17, para personas con discapacidad.<\/p>\n\n\n\n<blockquote class=\"wp-block-quote is-layout-flow wp-block-quote-is-layout-flow\">\n<p><em>La propuesta vuelve a ser&nbsp;<\/em><\/p>\n\n\n\n<p><strong><em><strong>totalmente gratuita<\/strong><\/em><\/strong><\/p>\n<\/blockquote>\n\n\n\n<h3 class=\"wp-block-heading\"><strong>Informaci\u00f3n general<\/strong><\/h3>\n\n\n\n<p>\u00bfCu\u00e1les son los polideportivos en los que se llevar\u00e1 a cabo este a\u00f1o la Colonia?<\/p>\n\n\n\n<p><strong>Parque Manuel Belgrano<\/strong>:&nbsp;<a href=\"https:\/\/mapa.buenosaires.gob.ar\/comollego\/?lat=-34.572235&amp;lng=-58.400831&amp;zl=15&amp;modo=transporte&amp;dir=Salguero%2C+Jeronimo+3450\"><u>Salguero 3450<\/u><\/a>&nbsp;Tel: 4807-7700<\/p>\n\n\n\n<p><strong>Parque Sarmiento<\/strong>:&nbsp;<a href=\"https:\/\/mapa.buenosaires.gob.ar\/comollego\/?lat=-34.553125&amp;lng=-58.498287&amp;zl=15&amp;modo=transporte&amp;dir=Balbin%2C+Ricardo%2C+Dr.+Av.+4750\"><u>Av. R. Balb\u00edn 4750<\/u><\/a>&nbsp;Tel: 4547-0882<\/p>\n\n\n\n<p><strong>Polideportivo Colegiales<\/strong>:&nbsp;<a href=\"https:\/\/mapa.buenosaires.gob.ar\/comollego\/?lat=-34.579023&amp;lng=-58.445184&amp;zl=15&amp;modo=transporte&amp;dir=Freire%2C+Ramon%2C+Cap.+Gral.+234\"><u>Freire 234<\/u><\/a>&nbsp;Tel: 4555-6838<\/p>\n\n\n\n<p><strong>Polideportivo Costa Rica<\/strong>:&nbsp;<a href=\"https:\/\/mapa.buenosaires.gob.ar\/comollego\/?lat=-34.592343&amp;lng=-58.476083&amp;zl=15&amp;modo=transporte&amp;dir=De+Los+Constituyentes+Av.+y+Chorroarin+Av.\"><u>Constituyentes y Chorroar\u00edn<\/u><\/a>&nbsp;Tel: 4521-8063<\/p>\n\n\n\n<p><strong>Polideportivo Chacabuco<\/strong>:&nbsp;<a href=\"https:\/\/mapa.buenosaires.gob.ar\/comollego\/?lat=-34.632903&amp;lng=-58.444763&amp;zl=15&amp;modo=transporte&amp;dir=Peron%2C+Eva+Av.+1410\"><u>Av. Eva Per\u00f3n 1410<\/u><\/a>&nbsp;Tel: 4921- 5776<\/p>\n\n\n\n<p><strong>Polideportivo Avellaneda<\/strong>:&nbsp;<a href=\"https:\/\/mapa.buenosaires.gob.ar\/comollego\/?lat=-34.645813&amp;lng=-58.474195&amp;zl=15&amp;modo=transporte&amp;dir=Lacarra+Av.+1257\"><u>Lacarra 1257<\/u><\/a>&nbsp;Tel: 4671-5932<\/p>\n\n\n\n<p><strong>Polideportivo Pomar<\/strong>:&nbsp;<a href=\"https:\/\/mapa.buenosaires.gob.ar\/comollego\/?lat=-34.622614&amp;lng=-58.491061&amp;zl=15&amp;modo=transporte&amp;dir=Mercedes+1300\"><u>Mercedes 1300<\/u><\/a>&nbsp;Tel: 4568-0184<\/p>\n\n\n\n<p><strong>Polideportivo Santojanni<\/strong>:&nbsp;<a href=\"https:\/\/mapa.buenosaires.gob.ar\/comollego\/?lat=-34.646554&amp;lng=-58.513634&amp;zl=15&amp;modo=transporte&amp;dir=Patron+6222\"><u>Patr\u00f3n 6222<\/u><\/a>&nbsp;Tel: 4641-2462<\/p>\n\n\n\n<p><strong>Polideportivo Dorrego<\/strong>:&nbsp;<a href=\"https:\/\/mapa.buenosaires.gob.ar\/comollego\/?lat=-34.666747&amp;lng=-58.495095&amp;zl=15&amp;modo=transporte&amp;dir=De+La+Torre%2C+Lisandro+Av.+y+Monte\"><u>Lisandro de la Torre y Monte<\/u><\/a>&nbsp;Tel: 4687- 6823<\/p>\n\n\n\n<p><strong>Polideportivo Mart\u00edn Fierro<\/strong>:&nbsp;<a href=\"https:\/\/mapa.buenosaires.gob.ar\/comollego\/?lat=-34.626076&amp;lng=-58.408967&amp;zl=15&amp;modo=transporte&amp;dir=Oruro+1300\"><u>Oruro 1300<\/u><\/a>&nbsp;Tel: 4941-2054<\/p>\n\n\n\n<p><strong>Polideportivo Patricios<\/strong>:&nbsp;<a href=\"https:\/\/mapa.buenosaires.gob.ar\/comollego\/?lat=-34.639564&amp;lng=-58.408663&amp;zl=15&amp;modo=transporte&amp;dir=Pepiri+135\"><u>Pepiri 135<\/u><\/a>&nbsp;Tel: 4911-4642<\/p>\n\n\n\n<p><strong>Polideportivo Pereyra<\/strong>:&nbsp;<a href=\"https:\/\/mapa.buenosaires.gob.ar\/comollego\/?lat=-34.649026&amp;lng=-58.389308&amp;zl=15&amp;modo=transporte&amp;dir=Velez+Sarsfield+Av.+1271\"><u>Velez Sarsfield 1271<\/u><\/a>&nbsp;Tel: 4301-3700<\/p>\n\n\n\n<p><strong>Club de Amigos<\/strong>:&nbsp;<a href=\"https:\/\/mapa.buenosaires.gob.ar\/comollego\/?lat=-34.572145&amp;lng=-58.411020&amp;zl=15&amp;modo=transporte&amp;dir=Figueroa+Alcorta%2C+Pres.+Av.+3885\"><u>Av. Pres. Figueroa Alcorta 3885<\/u><\/a>&nbsp;Tel. 4801-1213<\/p>\n\n\n\n<p><strong>Parque Roca<\/strong>:&nbsp;<a href=\"https:\/\/mapa.buenosaires.gob.ar\/comollego\/?lat=-34.668255&amp;lng=-58.442266&amp;zl=15&amp;modo=transporte&amp;dir=Roca%2C+Cnel.+Av.+3490\"><u>Avenida Presidente Roca 3490<\/u><\/a><\/p>\n\n\n\n<p><strong>\u00bfEntre qu\u00e9 fechas se desarrolla?<\/strong><\/p>\n\n\n\n<p>La Colonia comenz\u00f3 el&nbsp;<strong>jueves&nbsp;2 de enero<\/strong>&nbsp;y finalizar\u00e1 el&nbsp;<strong>viernes 31 de enero<\/strong>. El horario ser\u00e1 de&nbsp;<strong>9 a 16 horas (colonia convencional)<\/strong>&nbsp;y de&nbsp;<strong>10 a 17 horas (colonia para personas con discapacidad).<\/strong><\/p>\n\n\n\n<p><strong>\u00bfA qui\u00e9n est\u00e1 dirigida la Colonia de Deportes?<\/strong><\/p>\n\n\n\n<p>La Colonia es para chicos de&nbsp;<strong>4 a 12 a\u00f1os<\/strong>. Es necesario, como requisito, residir en la&nbsp;<strong>Ciudad Aut\u00f3noma de Buenos Aires<\/strong>&nbsp;y tener entre&nbsp;<strong>4 y 12 a\u00f1os cumplidos al inicio de la Colonia<\/strong>.<\/p>\n\n\n\n<p><strong>\u00bfLa Colonia dispone de alg\u00fan servicio de transporte?<\/strong><\/p>\n\n\n\n<p>La Colonia&nbsp;<strong>no posee<\/strong>&nbsp;ning\u00fan servicio de transporte oficial, los pap\u00e1s deber\u00e1n llevar y retirar a los ni\u00f1os.<\/p>\n\n\n\n<p><strong>Altas y Bajas durante la Colonia<\/strong><\/p>\n\n\n\n<p>Aquellos que no asisten por&nbsp;<strong>tres d\u00edas consecutivos<\/strong>&nbsp;sin justificaci\u00f3n perder\u00e1n el cupo y se dar\u00e1 lugar a los inscriptos en la&nbsp;<strong>lista de espera<\/strong>. La prioridad en la lista de espera ser\u00e1 dada por orden de inscripci\u00f3n y por sede. Estar anotado en la misma no garantiza la confirmaci\u00f3n.<\/p>\n\n\n\n<h3 class=\"wp-block-heading\"><strong>Consideraciones generales<\/strong><\/h3>\n\n\n\n<p><strong>Si tu hijo o hija necesita una dieta especial<\/strong><\/p>\n\n\n\n<p>Ten\u00e9s que presentar el&nbsp;<strong>certificado m\u00e9dico<\/strong>&nbsp;el primer d\u00eda de la colonia a los directores de la misma.<\/p>\n\n\n\n<p><strong>Si el nene o la nena requiere medicaci\u00f3n<\/strong><\/p>\n\n\n\n<p>Informarlo al&nbsp;<strong>doctor<\/strong>&nbsp;por escrito, tambi\u00e9n el primer d\u00eda de Colonia.<\/p>\n\n\n\n<p><strong>\u00bfQu\u00e9 pasa si no pod\u00e9s pasar a buscar a tu hijo o hija por la Colonia?<\/strong><\/p>\n\n\n\n<p>El ni\u00f1o debe retirarse con otra persona, la misma debe dejar&nbsp;<strong>sus datos y fotocopia del DNI al director de la Colonia<\/strong>.<\/p>\n\n\n\n<p><strong>D\u00edas de lluvia<\/strong><\/p>\n\n\n\n<p>En caso de la presencia de inconvenientes clim\u00e1ticos, se informar\u00e1 en el caso de cada polideportivo o parque c\u00f3mo siguen las actividades dependiendo de la disponibilidad de espacios cerrados.<\/p>\n\n\n\n<blockquote class=\"wp-block-quote is-layout-flow wp-block-quote-is-layout-flow\">\n<p><em>En caso de la presencia de inconvenientes clim\u00e1ticos, se informar\u00e1 en el caso de cada polideportivo o parque c\u00f3mo siguen las actividades<\/em><\/p>\n<\/blockquote>\n\n\n\n<p><strong>\u00bfQu\u00e9 cosas no pueden faltar en la mochila de tu nene\/a?<\/strong><\/p>\n\n\n\n<p><strong>Protector solar<\/strong>&nbsp;(lo ideal es que le pongas antes de ingresar a la colonia, durante el d\u00eda el profesor\/a le har\u00e1 un refuerzo),&nbsp;<strong>repelente de mosquitos<\/strong>&nbsp;(lo mismo que con el protector solar),&nbsp;<strong>muda de ropa<\/strong>&nbsp;por si se ensucian,&nbsp;<strong>ojotas<\/strong>,&nbsp;<strong>toallas<\/strong>,&nbsp;<strong>gorra de pileta para ni\u00f1as<\/strong>&nbsp;y&nbsp;<strong>ni\u00f1os de cabello largo<\/strong>,&nbsp;<strong>gorro para el sol<\/strong>. Tu hijo\/a debe ingresar a la colonia siempre con&nbsp;<strong>zapatillas<\/strong>. Pueden llevar su propio&nbsp;<strong>vaso tambi\u00e9n<\/strong>&nbsp;o&nbsp;<strong>botella<\/strong>&nbsp;para hidrataci\u00f3n personal.<\/p>\n\n\n\n<p><strong>\u00bfC\u00f3mo hacer para que nada se pierda?<\/strong><\/p>\n\n\n\n<p>Todas las pertenencias de tu hijo deben estar&nbsp;<strong>etiquetadas con su nombre y apellido<\/strong>.<\/p>\n\n\n\n<p><strong>\u00bfQu\u00e9 cosas no tiene que llevar tu nene a la Colonia?<\/strong><\/p>\n\n\n\n<p><strong>Aparatos electr\u00f3nicos (celulares, tablets, etc)<\/strong>,&nbsp;<strong>alimentos<\/strong>,&nbsp;<strong>bebidas<\/strong>. Tanto la comida, como la hidrataci\u00f3n son provistas por las colonias.<\/p>\n\n\n\n<p><strong>\u00bfY si cumple a\u00f1os?<\/strong><\/p>\n\n\n\n<p>S\u00f3lo podr\u00e1 traer&nbsp;<strong>golosinas<\/strong>&nbsp;para repartir con sus amigos.<\/p>\n\n\n\n<h3 class=\"wp-block-heading\"><strong>Colonia para personas con discapacidad<\/strong><\/h3>\n\n\n\n<p>Tambi\u00e9n es totalmente&nbsp;<strong>gratuita<\/strong>&nbsp;y est\u00e1 dirigida a personas de&nbsp;<strong>ambos sexos<\/strong>&nbsp;(a partir de los 6 a\u00f1os y sin l\u00edmite de edad y con el requisito de tener el control de esf\u00ednteres) que tengan alguna discapacidad, ya sea&nbsp;<strong>motora<\/strong>,&nbsp;<strong>sensorial<\/strong>&nbsp;y\/o&nbsp;<strong>intelectual<\/strong>. Adem\u00e1s de las propuestas deportivas y recreativas, los colonos reciben desayuno, almuerzo y merienda.<\/p>\n\n\n\n<h3 class=\"wp-block-heading\"><strong>Sedes<\/strong><\/h3>\n\n\n\n<p><strong>Parque Sarmiento<\/strong>: Av. R. Balb\u00edn 4750 Tel: 4547-0882<\/p>\n\n\n\n<p><strong>Polideportivo Avellaneda<\/strong>: Lacarra 1257 Tel: 4671-5932<\/p>\n\n\n\n<p><strong>Polideportivo Chacabuco<\/strong>: Av. Eva Per\u00f3n 1410 Tel: 4921- 5776<\/p>\n\n\n\n<p><strong>Polideportivo Patricios<\/strong>: Pepiri 135 Tel: 4911-4642<\/p>\n\n\n\n<p><strong>Parque Manuel Belgrano<\/strong>: Jer\u00f3nimo Salguero 3450. Tel: 4807-7700<\/p>\n\n\n\n<h3 class=\"wp-block-heading\"><strong>Contacto<\/strong><\/h3>\n\n\n\n<p>Para mayor informaci\u00f3n, abrimos la siguiente v\u00eda de contacto, que se suma a los canales habituales de comunicaci\u00f3n de la Subsecretar\u00eda de Deportes:<\/p>\n\n\n\n<p><strong>Direcci\u00f3n<\/strong>:&nbsp;<a href=\"https:\/\/mapa.buenosaires.gob.ar\/comollego\/?lat=-34.630211&amp;lng=-58.371248&amp;zl=15&amp;modo=transporte&amp;dir=Garcia%2C+Martin+Av.+456\"><u>Av. Mart\u00edn Garc\u00eda 456<\/u><\/a>, Edificio Cruz de Malta.<\/p>\n\n\n\n<p><strong>D\u00edas y horario de atenci\u00f3n<\/strong>: de 9 a 15 horas.<\/p>\n\n\n\n<p><strong>Mail<\/strong>:&nbsp;<a href=\"mailto:coloniadeportesba@gmail.com\"><u>coloniadeportesba@gmail.com<\/u><\/a><\/p>\n\n\n\n<p>Caracteres: 4878<\/p>\n<div class=\"pvc_clear\"><\/div><p id=\"pvc_stats_64616\" class=\"pvc_stats all  \" data-element-id=\"64616\" style=\"\"><i class=\"pvc-stats-icon small\" aria-hidden=\"true\"><svg aria-hidden=\"true\" focusable=\"false\" data-prefix=\"far\" data-icon=\"chart-bar\" role=\"img\" xmlns=\"http:\/\/www.w3.org\/2000\/svg\" viewBox=\"0 0 512 512\" class=\"svg-inline--fa fa-chart-bar fa-w-16 fa-2x\"><path fill=\"currentColor\" d=\"M396.8 352h22.4c6.4 0 12.8-6.4 12.8-12.8V108.8c0-6.4-6.4-12.8-12.8-12.8h-22.4c-6.4 0-12.8 6.4-12.8 12.8v230.4c0 6.4 6.4 12.8 12.8 12.8zm-192 0h22.4c6.4 0 12.8-6.4 12.8-12.8V140.8c0-6.4-6.4-12.8-12.8-12.8h-22.4c-6.4 0-12.8 6.4-12.8 12.8v198.4c0 6.4 6.4 12.8 12.8 12.8zm96 0h22.4c6.4 0 12.8-6.4 12.8-12.8V204.8c0-6.4-6.4-12.8-12.8-12.8h-22.4c-6.4 0-12.8 6.4-12.8 12.8v134.4c0 6.4 6.4 12.8 12.8 12.8zM496 400H48V80c0-8.84-7.16-16-16-16H16C7.16 64 0 71.16 0 80v336c0 17.67 14.33 32 32 32h464c8.84 0 16-7.16 16-16v-16c0-8.84-7.16-16-16-16zm-387.2-48h22.4c6.4 0 12.8-6.4 12.8-12.8v-70.4c0-6.4-6.4-12.8-12.8-12.8h-22.4c-6.4 0-12.8 6.4-12.8 12.8v70.4c0 6.4 6.4 12.8 12.8 12.8z\" class=\"\"><\/path><\/svg><\/i> <img loading=\"lazy\" decoding=\"async\" width=\"16\" height=\"16\" alt=\"Loading\" src=\"https:\/\/vocesdelacomuna15.com.ar\/wp-content\/plugins\/page-views-count\/ajax-loader-2x.gif\" border=0 \/><\/p><div class=\"pvc_clear\"><\/div>","protected":false},"excerpt":{"rendered":"<p>Son gratuitas y funcionan en 14 sedes distribuidas por todo el territorio porte\u00f1o. Los colonos recibir\u00e1n tres comidas: desayuno, almuerzo y merienda. Fuente: Buenosaires.gob.ar Link a la nota completa: https:\/\/buenosaires.gob.ar\/noticias\/mas-de-20-mil-chicos-disfrutan-de-las-colonias-deportivas-de-verano Lleg\u00f3 la \u00e9poca m\u00e1s divertida del a\u00f1o. Volvieron las&nbsp;Colonias Deportivas de la Ciudad, el programa que a\u00f1o a a\u00f1o re\u00fane a m\u00e1s de&nbsp;20.000 ni\u00f1os y [&hellip;]<\/p>\n<div class=\"pvc_clear\"><\/div>\n<p id=\"pvc_stats_64616\" class=\"pvc_stats all  \" data-element-id=\"64616\" style=\"\"><i class=\"pvc-stats-icon small\" aria-hidden=\"true\"><svg aria-hidden=\"true\" focusable=\"false\" data-prefix=\"far\" data-icon=\"chart-bar\" role=\"img\" xmlns=\"http:\/\/www.w3.org\/2000\/svg\" viewBox=\"0 0 512 512\" class=\"svg-inline--fa fa-chart-bar fa-w-16 fa-2x\"><path fill=\"currentColor\" d=\"M396.8 352h22.4c6.4 0 12.8-6.4 12.8-12.8V108.8c0-6.4-6.4-12.8-12.8-12.8h-22.4c-6.4 0-12.8 6.4-12.8 12.8v230.4c0 6.4 6.4 12.8 12.8 12.8zm-192 0h22.4c6.4 0 12.8-6.4 12.8-12.8V140.8c0-6.4-6.4-12.8-12.8-12.8h-22.4c-6.4 0-12.8 6.4-12.8 12.8v198.4c0 6.4 6.4 12.8 12.8 12.8zm96 0h22.4c6.4 0 12.8-6.4 12.8-12.8V204.8c0-6.4-6.4-12.8-12.8-12.8h-22.4c-6.4 0-12.8 6.4-12.8 12.8v134.4c0 6.4 6.4 12.8 12.8 12.8zM496 400H48V80c0-8.84-7.16-16-16-16H16C7.16 64 0 71.16 0 80v336c0 17.67 14.33 32 32 32h464c8.84 0 16-7.16 16-16v-16c0-8.84-7.16-16-16-16zm-387.2-48h22.4c6.4 0 12.8-6.4 12.8-12.8v-70.4c0-6.4-6.4-12.8-12.8-12.8h-22.4c-6.4 0-12.8 6.4-12.8 12.8v70.4c0 6.4 6.4 12.8 12.8 12.8z\" class=\"\"><\/path><\/svg><\/i> <img loading=\"lazy\" decoding=\"async\" width=\"16\" height=\"16\" alt=\"Loading\" src=\"https:\/\/vocesdelacomuna15.com.ar\/wp-content\/plugins\/page-views-count\/ajax-loader-2x.gif\" border=0 \/><\/p>\n<div class=\"pvc_clear\"><\/div>\n","protected":false},"author":2,"featured_media":64617,"comment_status":"open","ping_status":"open","sticky":false,"template":"","format":"standard","meta":{"_et_pb_use_builder":"off","_et_pb_old_content":"","_et_gb_content_width":"","footnotes":""},"categories":[8],"tags":[],"class_list":["post-64616","post","type-post","status-publish","format-standard","has-post-thumbnail","hentry","category-sociedad","et-has-post-format-content","et_post_format-et-post-format-standard"],"a3_pvc":{"activated":true,"total_views":20,"today_views":0},"yoast_head":"<!-- This site is optimized with the Yoast SEO plugin v27.5 - https:\/\/yoast.com\/product\/yoast-seo-wordpress\/ -->\n<title>M\u00e1s de 20 mil chicos disfrutan de las Colonias Deportivas de verano - Voces de la Comuna 15<\/title>\n<meta name=\"description\" content=\"Voces de la Comuna 15\" \/>\n<meta name=\"robots\" content=\"index, follow, max-snippet:-1, max-image-preview:large, max-video-preview:-1\" \/>\n<link rel=\"canonical\" href=\"https:\/\/vocesdelacomuna15.com.ar\/press\/mas-de-20-mil-chicos-disfrutan-de-las-colonias-deportivas-de-verano\/\" \/>\n<meta property=\"og:locale\" content=\"es_ES\" \/>\n<meta property=\"og:type\" content=\"article\" \/>\n<meta property=\"og:title\" content=\"M\u00e1s de 20 mil chicos disfrutan de las Colonias Deportivas de verano - Voces de la Comuna 15\" \/>\n<meta property=\"og:description\" content=\"Voces de la Comuna 15\" \/>\n<meta property=\"og:url\" content=\"https:\/\/vocesdelacomuna15.com.ar\/press\/mas-de-20-mil-chicos-disfrutan-de-las-colonias-deportivas-de-verano\/\" \/>\n<meta property=\"og:site_name\" content=\"Voces de la Comuna 15\" \/>\n<meta property=\"article:publisher\" content=\"https:\/\/www.facebook.com\/VocesComuna15\/\" \/>\n<meta property=\"article:published_time\" content=\"2025-01-14T22:01:59+00:00\" \/>\n<meta property=\"article:modified_time\" content=\"2025-01-14T22:02:01+00:00\" \/>\n<meta property=\"og:image\" content=\"https:\/\/vocesdelacomuna15.com.ar\/wp-content\/uploads\/2025\/01\/097faf5c0d5acfdfbaeaf597624d8a2d5353bbaa.jpeg\" \/>\n\t<meta property=\"og:image:width\" content=\"1280\" \/>\n\t<meta property=\"og:image:height\" content=\"853\" \/>\n\t<meta property=\"og:image:type\" content=\"image\/jpeg\" \/>\n<meta name=\"author\" content=\"Federico Arguto\" \/>\n<meta name=\"twitter:card\" content=\"summary_large_image\" \/>\n<meta name=\"twitter:creator\" content=\"@vocescomuna15\" \/>\n<meta name=\"twitter:site\" content=\"@vocescomuna15\" \/>\n<meta name=\"twitter:label1\" content=\"Escrito por\" \/>\n\t<meta name=\"twitter:data1\" content=\"Federico Arguto\" \/>\n\t<meta name=\"twitter:label2\" content=\"Tiempo de lectura\" \/>\n\t<meta name=\"twitter:data2\" content=\"5 minutos\" \/>\n<script type=\"application\/ld+json\" class=\"yoast-schema-graph\">{\"@context\":\"https:\\\/\\\/schema.org\",\"@graph\":[{\"@type\":\"Article\",\"@id\":\"https:\\\/\\\/vocesdelacomuna15.com.ar\\\/press\\\/mas-de-20-mil-chicos-disfrutan-de-las-colonias-deportivas-de-verano\\\/#article\",\"isPartOf\":{\"@id\":\"https:\\\/\\\/vocesdelacomuna15.com.ar\\\/press\\\/mas-de-20-mil-chicos-disfrutan-de-las-colonias-deportivas-de-verano\\\/\"},\"author\":{\"name\":\"Federico Arguto\",\"@id\":\"https:\\\/\\\/vocesdelacomuna15.com.ar\\\/press\\\/#\\\/schema\\\/person\\\/4739e109db25d799cd3d139eeb509e43\"},\"headline\":\"M\u00e1s de 20 mil chicos disfrutan de las Colonias Deportivas de verano\",\"datePublished\":\"2025-01-14T22:01:59+00:00\",\"dateModified\":\"2025-01-14T22:02:01+00:00\",\"mainEntityOfPage\":{\"@id\":\"https:\\\/\\\/vocesdelacomuna15.com.ar\\\/press\\\/mas-de-20-mil-chicos-disfrutan-de-las-colonias-deportivas-de-verano\\\/\"},\"wordCount\":1004,\"commentCount\":0,\"publisher\":{\"@id\":\"https:\\\/\\\/vocesdelacomuna15.com.ar\\\/press\\\/#organization\"},\"image\":{\"@id\":\"https:\\\/\\\/vocesdelacomuna15.com.ar\\\/press\\\/mas-de-20-mil-chicos-disfrutan-de-las-colonias-deportivas-de-verano\\\/#primaryimage\"},\"thumbnailUrl\":\"https:\\\/\\\/vocesdelacomuna15.com.ar\\\/wp-content\\\/uploads\\\/2025\\\/01\\\/097faf5c0d5acfdfbaeaf597624d8a2d5353bbaa.jpeg\",\"articleSection\":[\"Sociedad\"],\"inLanguage\":\"es-AR\",\"potentialAction\":[{\"@type\":\"CommentAction\",\"name\":\"Comment\",\"target\":[\"https:\\\/\\\/vocesdelacomuna15.com.ar\\\/press\\\/mas-de-20-mil-chicos-disfrutan-de-las-colonias-deportivas-de-verano\\\/#respond\"]}]},{\"@type\":\"WebPage\",\"@id\":\"https:\\\/\\\/vocesdelacomuna15.com.ar\\\/press\\\/mas-de-20-mil-chicos-disfrutan-de-las-colonias-deportivas-de-verano\\\/\",\"url\":\"https:\\\/\\\/vocesdelacomuna15.com.ar\\\/press\\\/mas-de-20-mil-chicos-disfrutan-de-las-colonias-deportivas-de-verano\\\/\",\"name\":\"M\u00e1s de 20 mil chicos disfrutan de las Colonias Deportivas de verano - Voces de la Comuna 15\",\"isPartOf\":{\"@id\":\"https:\\\/\\\/vocesdelacomuna15.com.ar\\\/press\\\/#website\"},\"primaryImageOfPage\":{\"@id\":\"https:\\\/\\\/vocesdelacomuna15.com.ar\\\/press\\\/mas-de-20-mil-chicos-disfrutan-de-las-colonias-deportivas-de-verano\\\/#primaryimage\"},\"image\":{\"@id\":\"https:\\\/\\\/vocesdelacomuna15.com.ar\\\/press\\\/mas-de-20-mil-chicos-disfrutan-de-las-colonias-deportivas-de-verano\\\/#primaryimage\"},\"thumbnailUrl\":\"https:\\\/\\\/vocesdelacomuna15.com.ar\\\/wp-content\\\/uploads\\\/2025\\\/01\\\/097faf5c0d5acfdfbaeaf597624d8a2d5353bbaa.jpeg\",\"datePublished\":\"2025-01-14T22:01:59+00:00\",\"dateModified\":\"2025-01-14T22:02:01+00:00\",\"description\":\"Voces de la Comuna 15\",\"breadcrumb\":{\"@id\":\"https:\\\/\\\/vocesdelacomuna15.com.ar\\\/press\\\/mas-de-20-mil-chicos-disfrutan-de-las-colonias-deportivas-de-verano\\\/#breadcrumb\"},\"inLanguage\":\"es-AR\",\"potentialAction\":[{\"@type\":\"ReadAction\",\"target\":[\"https:\\\/\\\/vocesdelacomuna15.com.ar\\\/press\\\/mas-de-20-mil-chicos-disfrutan-de-las-colonias-deportivas-de-verano\\\/\"]}]},{\"@type\":\"ImageObject\",\"inLanguage\":\"es-AR\",\"@id\":\"https:\\\/\\\/vocesdelacomuna15.com.ar\\\/press\\\/mas-de-20-mil-chicos-disfrutan-de-las-colonias-deportivas-de-verano\\\/#primaryimage\",\"url\":\"https:\\\/\\\/vocesdelacomuna15.com.ar\\\/wp-content\\\/uploads\\\/2025\\\/01\\\/097faf5c0d5acfdfbaeaf597624d8a2d5353bbaa.jpeg\",\"contentUrl\":\"https:\\\/\\\/vocesdelacomuna15.com.ar\\\/wp-content\\\/uploads\\\/2025\\\/01\\\/097faf5c0d5acfdfbaeaf597624d8a2d5353bbaa.jpeg\",\"width\":1280,\"height\":853},{\"@type\":\"BreadcrumbList\",\"@id\":\"https:\\\/\\\/vocesdelacomuna15.com.ar\\\/press\\\/mas-de-20-mil-chicos-disfrutan-de-las-colonias-deportivas-de-verano\\\/#breadcrumb\",\"itemListElement\":[{\"@type\":\"ListItem\",\"position\":1,\"name\":\"Inicio\",\"item\":\"https:\\\/\\\/vocesdelacomuna15.com.ar\\\/press\\\/\"},{\"@type\":\"ListItem\",\"position\":2,\"name\":\"M\u00e1s de 20 mil chicos disfrutan de las Colonias Deportivas de verano\"}]},{\"@type\":\"WebSite\",\"@id\":\"https:\\\/\\\/vocesdelacomuna15.com.ar\\\/press\\\/#website\",\"url\":\"https:\\\/\\\/vocesdelacomuna15.com.ar\\\/press\\\/\",\"name\":\"Voces de la Comuna 15\",\"description\":\"Sitio web de noticias\",\"publisher\":{\"@id\":\"https:\\\/\\\/vocesdelacomuna15.com.ar\\\/press\\\/#organization\"},\"potentialAction\":[{\"@type\":\"SearchAction\",\"target\":{\"@type\":\"EntryPoint\",\"urlTemplate\":\"https:\\\/\\\/vocesdelacomuna15.com.ar\\\/press\\\/?s={search_term_string}\"},\"query-input\":{\"@type\":\"PropertyValueSpecification\",\"valueRequired\":true,\"valueName\":\"search_term_string\"}}],\"inLanguage\":\"es-AR\"},{\"@type\":\"Organization\",\"@id\":\"https:\\\/\\\/vocesdelacomuna15.com.ar\\\/press\\\/#organization\",\"name\":\"Voces de la Comuna 15\",\"url\":\"https:\\\/\\\/vocesdelacomuna15.com.ar\\\/press\\\/\",\"logo\":{\"@type\":\"ImageObject\",\"inLanguage\":\"es-AR\",\"@id\":\"https:\\\/\\\/vocesdelacomuna15.com.ar\\\/press\\\/#\\\/schema\\\/logo\\\/image\\\/\",\"url\":\"https:\\\/\\\/vocesdelacomuna15.com.ar\\\/wp-content\\\/uploads\\\/2024\\\/12\\\/cropped-logo_voces.jpg\",\"contentUrl\":\"https:\\\/\\\/vocesdelacomuna15.com.ar\\\/wp-content\\\/uploads\\\/2024\\\/12\\\/cropped-logo_voces.jpg\",\"width\":512,\"height\":512,\"caption\":\"Voces de la Comuna 15\"},\"image\":{\"@id\":\"https:\\\/\\\/vocesdelacomuna15.com.ar\\\/press\\\/#\\\/schema\\\/logo\\\/image\\\/\"},\"sameAs\":[\"https:\\\/\\\/www.facebook.com\\\/VocesComuna15\\\/\",\"https:\\\/\\\/x.com\\\/vocescomuna15\"]},{\"@type\":\"Person\",\"@id\":\"https:\\\/\\\/vocesdelacomuna15.com.ar\\\/press\\\/#\\\/schema\\\/person\\\/4739e109db25d799cd3d139eeb509e43\",\"name\":\"Federico Arguto\",\"image\":{\"@type\":\"ImageObject\",\"inLanguage\":\"es-AR\",\"@id\":\"https:\\\/\\\/vocesdelacomuna15.com.ar\\\/wp-content\\\/litespeed\\\/avatar\\\/82faf979976f1bae889b8b71f8a0a7e5.jpg?ver=1777419741\",\"url\":\"https:\\\/\\\/vocesdelacomuna15.com.ar\\\/wp-content\\\/litespeed\\\/avatar\\\/82faf979976f1bae889b8b71f8a0a7e5.jpg?ver=1777419741\",\"contentUrl\":\"https:\\\/\\\/vocesdelacomuna15.com.ar\\\/wp-content\\\/litespeed\\\/avatar\\\/82faf979976f1bae889b8b71f8a0a7e5.jpg?ver=1777419741\",\"caption\":\"Federico Arguto\"},\"url\":\"https:\\\/\\\/vocesdelacomuna15.com.ar\\\/press\\\/author\\\/fede\\\/\"}]}<\/script>\n<!-- \/ Yoast SEO plugin. -->","yoast_head_json":{"title":"M\u00e1s de 20 mil chicos disfrutan de las Colonias Deportivas de verano - Voces de la Comuna 15","description":"Voces de la Comuna 15","robots":{"index":"index","follow":"follow","max-snippet":"max-snippet:-1","max-image-preview":"max-image-preview:large","max-video-preview":"max-video-preview:-1"},"canonical":"https:\/\/vocesdelacomuna15.com.ar\/press\/mas-de-20-mil-chicos-disfrutan-de-las-colonias-deportivas-de-verano\/","og_locale":"es_ES","og_type":"article","og_title":"M\u00e1s de 20 mil chicos disfrutan de las Colonias Deportivas de verano - Voces de la Comuna 15","og_description":"Voces de la Comuna 15","og_url":"https:\/\/vocesdelacomuna15.com.ar\/press\/mas-de-20-mil-chicos-disfrutan-de-las-colonias-deportivas-de-verano\/","og_site_name":"Voces de la Comuna 15","article_publisher":"https:\/\/www.facebook.com\/VocesComuna15\/","article_published_time":"2025-01-14T22:01:59+00:00","article_modified_time":"2025-01-14T22:02:01+00:00","og_image":[{"width":1280,"height":853,"url":"https:\/\/vocesdelacomuna15.com.ar\/wp-content\/uploads\/2025\/01\/097faf5c0d5acfdfbaeaf597624d8a2d5353bbaa.jpeg","type":"image\/jpeg"}],"author":"Federico Arguto","twitter_card":"summary_large_image","twitter_creator":"@vocescomuna15","twitter_site":"@vocescomuna15","twitter_misc":{"Escrito por":"Federico Arguto","Tiempo de lectura":"5 minutos"},"schema":{"@context":"https:\/\/schema.org","@graph":[{"@type":"Article","@id":"https:\/\/vocesdelacomuna15.com.ar\/press\/mas-de-20-mil-chicos-disfrutan-de-las-colonias-deportivas-de-verano\/#article","isPartOf":{"@id":"https:\/\/vocesdelacomuna15.com.ar\/press\/mas-de-20-mil-chicos-disfrutan-de-las-colonias-deportivas-de-verano\/"},"author":{"name":"Federico Arguto","@id":"https:\/\/vocesdelacomuna15.com.ar\/press\/#\/schema\/person\/4739e109db25d799cd3d139eeb509e43"},"headline":"M\u00e1s de 20 mil chicos disfrutan de las Colonias Deportivas de verano","datePublished":"2025-01-14T22:01:59+00:00","dateModified":"2025-01-14T22:02:01+00:00","mainEntityOfPage":{"@id":"https:\/\/vocesdelacomuna15.com.ar\/press\/mas-de-20-mil-chicos-disfrutan-de-las-colonias-deportivas-de-verano\/"},"wordCount":1004,"commentCount":0,"publisher":{"@id":"https:\/\/vocesdelacomuna15.com.ar\/press\/#organization"},"image":{"@id":"https:\/\/vocesdelacomuna15.com.ar\/press\/mas-de-20-mil-chicos-disfrutan-de-las-colonias-deportivas-de-verano\/#primaryimage"},"thumbnailUrl":"https:\/\/vocesdelacomuna15.com.ar\/wp-content\/uploads\/2025\/01\/097faf5c0d5acfdfbaeaf597624d8a2d5353bbaa.jpeg","articleSection":["Sociedad"],"inLanguage":"es-AR","potentialAction":[{"@type":"CommentAction","name":"Comment","target":["https:\/\/vocesdelacomuna15.com.ar\/press\/mas-de-20-mil-chicos-disfrutan-de-las-colonias-deportivas-de-verano\/#respond"]}]},{"@type":"WebPage","@id":"https:\/\/vocesdelacomuna15.com.ar\/press\/mas-de-20-mil-chicos-disfrutan-de-las-colonias-deportivas-de-verano\/","url":"https:\/\/vocesdelacomuna15.com.ar\/press\/mas-de-20-mil-chicos-disfrutan-de-las-colonias-deportivas-de-verano\/","name":"M\u00e1s de 20 mil chicos disfrutan de las Colonias Deportivas de verano - Voces de la Comuna 15","isPartOf":{"@id":"https:\/\/vocesdelacomuna15.com.ar\/press\/#website"},"primaryImageOfPage":{"@id":"https:\/\/vocesdelacomuna15.com.ar\/press\/mas-de-20-mil-chicos-disfrutan-de-las-colonias-deportivas-de-verano\/#primaryimage"},"image":{"@id":"https:\/\/vocesdelacomuna15.com.ar\/press\/mas-de-20-mil-chicos-disfrutan-de-las-colonias-deportivas-de-verano\/#primaryimage"},"thumbnailUrl":"https:\/\/vocesdelacomuna15.com.ar\/wp-content\/uploads\/2025\/01\/097faf5c0d5acfdfbaeaf597624d8a2d5353bbaa.jpeg","datePublished":"2025-01-14T22:01:59+00:00","dateModified":"2025-01-14T22:02:01+00:00","description":"Voces de la Comuna 15","breadcrumb":{"@id":"https:\/\/vocesdelacomuna15.com.ar\/press\/mas-de-20-mil-chicos-disfrutan-de-las-colonias-deportivas-de-verano\/#breadcrumb"},"inLanguage":"es-AR","potentialAction":[{"@type":"ReadAction","target":["https:\/\/vocesdelacomuna15.com.ar\/press\/mas-de-20-mil-chicos-disfrutan-de-las-colonias-deportivas-de-verano\/"]}]},{"@type":"ImageObject","inLanguage":"es-AR","@id":"https:\/\/vocesdelacomuna15.com.ar\/press\/mas-de-20-mil-chicos-disfrutan-de-las-colonias-deportivas-de-verano\/#primaryimage","url":"https:\/\/vocesdelacomuna15.com.ar\/wp-content\/uploads\/2025\/01\/097faf5c0d5acfdfbaeaf597624d8a2d5353bbaa.jpeg","contentUrl":"https:\/\/vocesdelacomuna15.com.ar\/wp-content\/uploads\/2025\/01\/097faf5c0d5acfdfbaeaf597624d8a2d5353bbaa.jpeg","width":1280,"height":853},{"@type":"BreadcrumbList","@id":"https:\/\/vocesdelacomuna15.com.ar\/press\/mas-de-20-mil-chicos-disfrutan-de-las-colonias-deportivas-de-verano\/#breadcrumb","itemListElement":[{"@type":"ListItem","position":1,"name":"Inicio","item":"https:\/\/vocesdelacomuna15.com.ar\/press\/"},{"@type":"ListItem","position":2,"name":"M\u00e1s de 20 mil chicos disfrutan de las Colonias Deportivas de verano"}]},{"@type":"WebSite","@id":"https:\/\/vocesdelacomuna15.com.ar\/press\/#website","url":"https:\/\/vocesdelacomuna15.com.ar\/press\/","name":"Voces de la Comuna 15","description":"Sitio web de noticias","publisher":{"@id":"https:\/\/vocesdelacomuna15.com.ar\/press\/#organization"},"potentialAction":[{"@type":"SearchAction","target":{"@type":"EntryPoint","urlTemplate":"https:\/\/vocesdelacomuna15.com.ar\/press\/?s={search_term_string}"},"query-input":{"@type":"PropertyValueSpecification","valueRequired":true,"valueName":"search_term_string"}}],"inLanguage":"es-AR"},{"@type":"Organization","@id":"https:\/\/vocesdelacomuna15.com.ar\/press\/#organization","name":"Voces de la Comuna 15","url":"https:\/\/vocesdelacomuna15.com.ar\/press\/","logo":{"@type":"ImageObject","inLanguage":"es-AR","@id":"https:\/\/vocesdelacomuna15.com.ar\/press\/#\/schema\/logo\/image\/","url":"https:\/\/vocesdelacomuna15.com.ar\/wp-content\/uploads\/2024\/12\/cropped-logo_voces.jpg","contentUrl":"https:\/\/vocesdelacomuna15.com.ar\/wp-content\/uploads\/2024\/12\/cropped-logo_voces.jpg","width":512,"height":512,"caption":"Voces de la Comuna 15"},"image":{"@id":"https:\/\/vocesdelacomuna15.com.ar\/press\/#\/schema\/logo\/image\/"},"sameAs":["https:\/\/www.facebook.com\/VocesComuna15\/","https:\/\/x.com\/vocescomuna15"]},{"@type":"Person","@id":"https:\/\/vocesdelacomuna15.com.ar\/press\/#\/schema\/person\/4739e109db25d799cd3d139eeb509e43","name":"Federico Arguto","image":{"@type":"ImageObject","inLanguage":"es-AR","@id":"https:\/\/vocesdelacomuna15.com.ar\/wp-content\/litespeed\/avatar\/82faf979976f1bae889b8b71f8a0a7e5.jpg?ver=1777419741","url":"https:\/\/vocesdelacomuna15.com.ar\/wp-content\/litespeed\/avatar\/82faf979976f1bae889b8b71f8a0a7e5.jpg?ver=1777419741","contentUrl":"https:\/\/vocesdelacomuna15.com.ar\/wp-content\/litespeed\/avatar\/82faf979976f1bae889b8b71f8a0a7e5.jpg?ver=1777419741","caption":"Federico Arguto"},"url":"https:\/\/vocesdelacomuna15.com.ar\/press\/author\/fede\/"}]}},"_links":{"self":[{"href":"https:\/\/vocesdelacomuna15.com.ar\/press\/wp-json\/wp\/v2\/posts\/64616","targetHints":{"allow":["GET"]}}],"collection":[{"href":"https:\/\/vocesdelacomuna15.com.ar\/press\/wp-json\/wp\/v2\/posts"}],"about":[{"href":"https:\/\/vocesdelacomuna15.com.ar\/press\/wp-json\/wp\/v2\/types\/post"}],"author":[{"embeddable":true,"href":"https:\/\/vocesdelacomuna15.com.ar\/press\/wp-json\/wp\/v2\/users\/2"}],"replies":[{"embeddable":true,"href":"https:\/\/vocesdelacomuna15.com.ar\/press\/wp-json\/wp\/v2\/comments?post=64616"}],"version-history":[{"count":1,"href":"https:\/\/vocesdelacomuna15.com.ar\/press\/wp-json\/wp\/v2\/posts\/64616\/revisions"}],"predecessor-version":[{"id":64618,"href":"https:\/\/vocesdelacomuna15.com.ar\/press\/wp-json\/wp\/v2\/posts\/64616\/revisions\/64618"}],"wp:featuredmedia":[{"embeddable":true,"href":"https:\/\/vocesdelacomuna15.com.ar\/press\/wp-json\/wp\/v2\/media\/64617"}],"wp:attachment":[{"href":"https:\/\/vocesdelacomuna15.com.ar\/press\/wp-json\/wp\/v2\/media?parent=64616"}],"wp:term":[{"taxonomy":"category","embeddable":true,"href":"https:\/\/vocesdelacomuna15.com.ar\/press\/wp-json\/wp\/v2\/categories?post=64616"},{"taxonomy":"post_tag","embeddable":true,"href":"https:\/\/vocesdelacomuna15.com.ar\/press\/wp-json\/wp\/v2\/tags?post=64616"}],"curies":[{"name":"wp","href":"https:\/\/api.w.org\/{rel}","templated":true}]}}