{"id":64610,"date":"2025-01-09T09:59:01","date_gmt":"2025-01-09T12:59:01","guid":{"rendered":"https:\/\/vocesdelacomuna15.com.ar\/press\/?p=64610"},"modified":"2025-01-09T09:59:03","modified_gmt":"2025-01-09T12:59:03","slug":"que-impacto-tienen-las-vacaciones-de-verano-en-los-aprendizajes","status":"publish","type":"post","link":"https:\/\/vocesdelacomuna15.com.ar\/press\/que-impacto-tienen-las-vacaciones-de-verano-en-los-aprendizajes\/","title":{"rendered":"Qu\u00e9 impacto tienen las vacaciones de verano en los aprendizajes"},"content":{"rendered":"\n<p>Los estudiantes argentinos tienen, en promedio, 71 d\u00edas de receso en el verano: es m\u00e1s que el promedio de pa\u00edses de la OCDE y de Am\u00e9rica Latina. Estudios internacionales muestran que, mientras los alumnos de sectores favorecidos siguen aprendiendo durante el verano, los m\u00e1s vulnerables pierden aprendizajes. Cu\u00e1les son las estrategias que pueden contribuir a reducir esta brecha.<\/p>\n\n\n\n<p>Fuente: Prensa Argentinos por la Educaci\u00f3n<\/p>\n\n\n\n<p>Link a nota original: https:\/\/prensa.argentinosporlaeducacion.org\/que-impacto-tienen-las-vacaciones-de-verano-en-los-aprendizajes<\/p>\n\n\n\n<p>Las vacaciones de verano afectan el aprendizaje y pueden profundizar las desigualdades entre estudiantes de distintos sectores socioecon\u00f3micos. Los chicos de sectores m\u00e1s favorecidos vuelven a clases con aproximadamente 22 d\u00edas m\u00e1s de aprendizaje, mientras que los alumnos de contextos vulnerables enfrentan una p\u00e9rdida de hasta 76 d\u00edas (aproximadamente 2 meses y medio), seg\u00fan una revisi\u00f3n de estudios internacionales.<\/p>\n\n\n\n<p>Los datos surgen del informe \u201cVacaciones de verano: evidencia sobre su impacto en el aprendizaje\u201d, del&nbsp;Observatorio de Argentinos por la Educaci\u00f3n, con autor\u00eda de Irene Kit (Asociaci\u00f3n Civil Educaci\u00f3n Para Todos), Mar\u00eda Sol Alz\u00fa y Leyre S\u00e1enz Guill\u00e9n (Observatorio de Argentinos por la Educaci\u00f3n). El documento sintetiza la evidencia internacional sobre la p\u00e9rdida de aprendizajes de verano (conocida en ingl\u00e9s como \u201csummer learning loss\u201d) y describe algunas estrategias efectivas para mitigar esos efectos negativos.<\/p>\n\n\n\n<p>Las investigaciones se\u00f1alan que el impacto promedio de las vacaciones prolongadas equivale a una p\u00e9rdida de aproximadamente 47 d\u00edas de aprendizaje. En lengua, la p\u00e9rdida asciende a 54 d\u00edas, mientras que en matem\u00e1tica se eleva a 65 d\u00edas.<\/p>\n\n\n\n<p>El an\u00e1lisis identifica diferencias significativas por nivel socioecon\u00f3mico. Mientras los estudiantes de NSE medio\/alto mantienen e incluso mejoran algunas habilidades (como el reconocimiento de palabras), los de NSE bajo enfrentan p\u00e9rdidas de aprendizaje: en otras palabras, las vacaciones ampl\u00edan las brechas educativas.<\/p>\n\n\n\n<p>El impacto tambi\u00e9n var\u00eda notablemente seg\u00fan el grado escolar: a mayor grado, mayor es la p\u00e9rdida de aprendizaje. Los estudiantes de los primeros grados ganan en promedio 14 d\u00edas, pero para los de 7\u00ba grado la p\u00e9rdida es de 61 d\u00edas. A su vez, a medida que aumenta el grado, se profundizan las brechas de aprendizaje entre los niveles socioecon\u00f3micos.&nbsp;<\/p>\n\n\n\n<p>Existen amplias diferencias en la duraci\u00f3n de las vacaciones de verano a nivel internacional. En Argentina, con un promedio de 71 d\u00edas, las vacaciones son m\u00e1s extensas que el promedio de la OCDE (63 d\u00edas) y de Am\u00e9rica Latina (66 d\u00edas). A nivel regional, el pa\u00eds ocupa la quinta posici\u00f3n en cuanto a duraci\u00f3n de las vacaciones, superado por pa\u00edses como Per\u00fa (con 87 d\u00edas, la cifra m\u00e1s alta de la regi\u00f3n), y muy por encima de M\u00e9xico, que tiene vacaciones m\u00e1s cortas (41 d\u00edas).<\/p>\n\n\n\n<p>A nivel nacional, existen diferencias en la duraci\u00f3n de las vacaciones en las provincias. Catamarca, La Rioja y Santiago del Estero tienen los per\u00edodos de receso m\u00e1s extensos, con 82 d\u00edas, mientras que jurisdicciones como CABA, Corrientes y San Juan reportan las cifras m\u00e1s bajas, con 66 d\u00edas de vacaciones.<\/p>\n\n\n\n<p>Entre las estrategias para combatir la p\u00e9rdida de aprendizajes de verano, el informe menciona cuatro que se han usado en diferentes pa\u00edses desarrollados y Latinoam\u00e9rica: escuelas de verano, talleres de lectura, modificaciones del calendario escolar y programas de tutor\u00edas. La efectividad de cada medida depende de factores como el dise\u00f1o, la poblaci\u00f3n objetivo y los recursos disponibles.&nbsp;<\/p>\n\n\n\n<p>Las escuelas de verano implican actividades acad\u00e9micas y recreativas durante las vacaciones con el objetivo de reforzar o recuperar conocimientos. Otra estrategia, similar a esta, se enfoca exclusivamente en talleres de lectura guiada durante el verano.&nbsp;<\/p>\n\n\n\n<p>En cuanto a la modificaci\u00f3n del calendario escolar, implica mantener la cantidad de d\u00edas de vacaciones pero redistribuirlos en recesos m\u00e1s cortos a lo largo del a\u00f1o acad\u00e9mico.<\/p>\n\n\n\n<p>Por otro lado, los programas de tutor\u00edas, que consisten en intervenciones uno a uno o en peque\u00f1os grupos con tutores que gu\u00edan a los estudiantes en actividades acad\u00e9micas durante el verano, tambi\u00e9n han mostrado beneficios.<\/p>\n\n\n\n<p>&#8220;El informe nos muestra que los l\u00f3gicos y necesarios cortes vacacionales tienen una especie de costo asociado a ciertas cuotas de olvido. Afortunadamente, no son olvidos definitivos, se pueden y deben recuperar al inicio del a\u00f1o escolar. Pero tambi\u00e9n, como familias y en las organizaciones de la comunidad, podemos mantener activa la mente de los ni\u00f1os y ni\u00f1as, estimul\u00e1ndolos a juegos activos, interpersonales, imaginativos, as\u00ed como a lecturas compartidas, dramatizaciones, dibujos y expresiones pl\u00e1sticas de todo tipo. Las familias recibimos y buscamos informaci\u00f3n para estas actividades l\u00fadicas y formativas en tiempos de pandemia. \u00bfPor qu\u00e9 no resignificar eso que aprendimos a\u00f1os atr\u00e1s, y ponerlo nuevamente en marcha?&#8221;, plantea&nbsp;Irene Kit, presidenta de la asociaci\u00f3n civil Educaci\u00f3n para Todos y coautora del documento.<\/p>\n\n\n\n<p>\u201cEn mi experiencia como directiva, cada comienzo de a\u00f1o se realizan actividades diagn\u00f3sticas en las que se ponen en evidencia las diferencias en los resultados de los alumnos. Esos resultados son el insumo para las planificaciones docentes y se trabaja desde esa diversidad. El informe muestra la importancia de medir resultados para tomar decisiones, de fortalecer el trabajo en redes para ofrecer una propuesta m\u00e1s equitativa y, sobre todo, de poner la mirada en lo social como un aspecto que atraviesa los resultados educativos, sin desconocer los cambios que se pueden hacer desde las instituciones educativas acompa\u00f1adas por las pol\u00edticas educativas de cada jurisdicci\u00f3n\u201d, se\u00f1ala&nbsp;Natalia Bongiovanni, directora de la EPA N\u00b0 1 \u201cMtra. Rosenda Quiroga\u201d, de La Punta, San Luis.<\/p>\n\n\n\n<p>&#8220;Como profesora de matem\u00e1tica de nivel secundario, hace varios a\u00f1os vengo observando una ca\u00edda general de los aprendizajes que no s\u00f3lo se evidencia despu\u00e9s de las vacaciones de verano. Este tal vez sea el per\u00edodo en que se hace m\u00e1s notoria esa ca\u00edda, cuando los estudiantes regresan a clases con nuevos docentes despu\u00e9s del verano. Pero esto ocurre tambi\u00e9n luego de los fines de semana y de una clase para otra cuando est\u00e1n separadas entre s\u00ed por algunos d\u00edas&#8221;, afirma la docente&nbsp;Adriana Gonz\u00e1lez. En su experiencia, \u201crecuperar los aprendizajes del a\u00f1o previo resulta m\u00e1s f\u00e1cil cuando los estudiantes vuelven a tener al mismo profesor al a\u00f1o siguiente\u201d.&nbsp;<\/p>\n\n\n\n<p>Caracteres: 5921<\/p>\n\n\n\n<p>Gr\u00e1fico 1. Duraci\u00f3n de las vacaciones de verano (d\u00edas corridos) en pa\u00edses de Am\u00e9rica Latina y promedio de los pa\u00edses de la OCDE. Nivel Primario<\/p>\n<div class=\"pvc_clear\"><\/div><p id=\"pvc_stats_64610\" class=\"pvc_stats all  \" data-element-id=\"64610\" style=\"\"><i class=\"pvc-stats-icon small\" aria-hidden=\"true\"><svg aria-hidden=\"true\" focusable=\"false\" data-prefix=\"far\" data-icon=\"chart-bar\" role=\"img\" xmlns=\"http:\/\/www.w3.org\/2000\/svg\" viewBox=\"0 0 512 512\" class=\"svg-inline--fa fa-chart-bar fa-w-16 fa-2x\"><path fill=\"currentColor\" d=\"M396.8 352h22.4c6.4 0 12.8-6.4 12.8-12.8V108.8c0-6.4-6.4-12.8-12.8-12.8h-22.4c-6.4 0-12.8 6.4-12.8 12.8v230.4c0 6.4 6.4 12.8 12.8 12.8zm-192 0h22.4c6.4 0 12.8-6.4 12.8-12.8V140.8c0-6.4-6.4-12.8-12.8-12.8h-22.4c-6.4 0-12.8 6.4-12.8 12.8v198.4c0 6.4 6.4 12.8 12.8 12.8zm96 0h22.4c6.4 0 12.8-6.4 12.8-12.8V204.8c0-6.4-6.4-12.8-12.8-12.8h-22.4c-6.4 0-12.8 6.4-12.8 12.8v134.4c0 6.4 6.4 12.8 12.8 12.8zM496 400H48V80c0-8.84-7.16-16-16-16H16C7.16 64 0 71.16 0 80v336c0 17.67 14.33 32 32 32h464c8.84 0 16-7.16 16-16v-16c0-8.84-7.16-16-16-16zm-387.2-48h22.4c6.4 0 12.8-6.4 12.8-12.8v-70.4c0-6.4-6.4-12.8-12.8-12.8h-22.4c-6.4 0-12.8 6.4-12.8 12.8v70.4c0 6.4 6.4 12.8 12.8 12.8z\" class=\"\"><\/path><\/svg><\/i> <img loading=\"lazy\" decoding=\"async\" width=\"16\" height=\"16\" alt=\"Loading\" src=\"https:\/\/vocesdelacomuna15.com.ar\/wp-content\/plugins\/page-views-count\/ajax-loader-2x.gif\" border=0 \/><\/p><div class=\"pvc_clear\"><\/div>","protected":false},"excerpt":{"rendered":"<p>Los estudiantes argentinos tienen, en promedio, 71 d\u00edas de receso en el verano: es m\u00e1s que el promedio de pa\u00edses de la OCDE y de Am\u00e9rica Latina. Estudios internacionales muestran que, mientras los alumnos de sectores favorecidos siguen aprendiendo durante el verano, los m\u00e1s vulnerables pierden aprendizajes. Cu\u00e1les son las estrategias que pueden contribuir a [&hellip;]<\/p>\n<div class=\"pvc_clear\"><\/div>\n<p id=\"pvc_stats_64610\" class=\"pvc_stats all  \" data-element-id=\"64610\" style=\"\"><i class=\"pvc-stats-icon small\" aria-hidden=\"true\"><svg aria-hidden=\"true\" focusable=\"false\" data-prefix=\"far\" data-icon=\"chart-bar\" role=\"img\" xmlns=\"http:\/\/www.w3.org\/2000\/svg\" viewBox=\"0 0 512 512\" class=\"svg-inline--fa fa-chart-bar fa-w-16 fa-2x\"><path fill=\"currentColor\" d=\"M396.8 352h22.4c6.4 0 12.8-6.4 12.8-12.8V108.8c0-6.4-6.4-12.8-12.8-12.8h-22.4c-6.4 0-12.8 6.4-12.8 12.8v230.4c0 6.4 6.4 12.8 12.8 12.8zm-192 0h22.4c6.4 0 12.8-6.4 12.8-12.8V140.8c0-6.4-6.4-12.8-12.8-12.8h-22.4c-6.4 0-12.8 6.4-12.8 12.8v198.4c0 6.4 6.4 12.8 12.8 12.8zm96 0h22.4c6.4 0 12.8-6.4 12.8-12.8V204.8c0-6.4-6.4-12.8-12.8-12.8h-22.4c-6.4 0-12.8 6.4-12.8 12.8v134.4c0 6.4 6.4 12.8 12.8 12.8zM496 400H48V80c0-8.84-7.16-16-16-16H16C7.16 64 0 71.16 0 80v336c0 17.67 14.33 32 32 32h464c8.84 0 16-7.16 16-16v-16c0-8.84-7.16-16-16-16zm-387.2-48h22.4c6.4 0 12.8-6.4 12.8-12.8v-70.4c0-6.4-6.4-12.8-12.8-12.8h-22.4c-6.4 0-12.8 6.4-12.8 12.8v70.4c0 6.4 6.4 12.8 12.8 12.8z\" class=\"\"><\/path><\/svg><\/i> <img loading=\"lazy\" decoding=\"async\" width=\"16\" height=\"16\" alt=\"Loading\" src=\"https:\/\/vocesdelacomuna15.com.ar\/wp-content\/plugins\/page-views-count\/ajax-loader-2x.gif\" border=0 \/><\/p>\n<div class=\"pvc_clear\"><\/div>\n","protected":false},"author":2,"featured_media":64611,"comment_status":"open","ping_status":"open","sticky":false,"template":"","format":"standard","meta":{"_et_pb_use_builder":"off","_et_pb_old_content":"","_et_gb_content_width":"","footnotes":""},"categories":[8],"tags":[],"class_list":["post-64610","post","type-post","status-publish","format-standard","has-post-thumbnail","hentry","category-sociedad","et-has-post-format-content","et_post_format-et-post-format-standard"],"a3_pvc":{"activated":true,"total_views":24,"today_views":0},"yoast_head":"<!-- This site is optimized with the Yoast SEO plugin v27.5 - https:\/\/yoast.com\/product\/yoast-seo-wordpress\/ -->\n<title>Qu\u00e9 impacto tienen las vacaciones de verano en los aprendizajes - Voces de la Comuna 15<\/title>\n<meta name=\"description\" content=\"Voces de la Comuna 15\" \/>\n<meta name=\"robots\" content=\"index, follow, max-snippet:-1, max-image-preview:large, max-video-preview:-1\" \/>\n<link rel=\"canonical\" href=\"https:\/\/vocesdelacomuna15.com.ar\/press\/que-impacto-tienen-las-vacaciones-de-verano-en-los-aprendizajes\/\" \/>\n<meta property=\"og:locale\" content=\"es_ES\" \/>\n<meta property=\"og:type\" content=\"article\" \/>\n<meta property=\"og:title\" content=\"Qu\u00e9 impacto tienen las vacaciones de verano en los aprendizajes - Voces de la Comuna 15\" \/>\n<meta property=\"og:description\" content=\"Voces de la Comuna 15\" \/>\n<meta property=\"og:url\" content=\"https:\/\/vocesdelacomuna15.com.ar\/press\/que-impacto-tienen-las-vacaciones-de-verano-en-los-aprendizajes\/\" \/>\n<meta property=\"og:site_name\" content=\"Voces de la Comuna 15\" \/>\n<meta property=\"article:publisher\" content=\"https:\/\/www.facebook.com\/VocesComuna15\/\" \/>\n<meta property=\"article:published_time\" content=\"2025-01-09T12:59:01+00:00\" \/>\n<meta property=\"article:modified_time\" content=\"2025-01-09T12:59:03+00:00\" \/>\n<meta property=\"og:image\" content=\"https:\/\/vocesdelacomuna15.com.ar\/wp-content\/uploads\/2024\/12\/cropped-logo_voces.jpg\" \/>\n\t<meta property=\"og:image:width\" content=\"512\" \/>\n\t<meta property=\"og:image:height\" content=\"512\" \/>\n\t<meta property=\"og:image:type\" content=\"image\/jpeg\" \/>\n<meta name=\"author\" content=\"Federico Arguto\" \/>\n<meta name=\"twitter:card\" content=\"summary_large_image\" \/>\n<meta name=\"twitter:creator\" content=\"@vocescomuna15\" \/>\n<meta name=\"twitter:site\" content=\"@vocescomuna15\" \/>\n<meta name=\"twitter:label1\" content=\"Escrito por\" \/>\n\t<meta name=\"twitter:data1\" content=\"Federico Arguto\" \/>\n\t<meta name=\"twitter:label2\" content=\"Tiempo de lectura\" \/>\n\t<meta name=\"twitter:data2\" content=\"6 minutos\" \/>\n<script type=\"application\/ld+json\" class=\"yoast-schema-graph\">{\"@context\":\"https:\\\/\\\/schema.org\",\"@graph\":[{\"@type\":\"Article\",\"@id\":\"https:\\\/\\\/vocesdelacomuna15.com.ar\\\/press\\\/que-impacto-tienen-las-vacaciones-de-verano-en-los-aprendizajes\\\/#article\",\"isPartOf\":{\"@id\":\"https:\\\/\\\/vocesdelacomuna15.com.ar\\\/press\\\/que-impacto-tienen-las-vacaciones-de-verano-en-los-aprendizajes\\\/\"},\"author\":{\"name\":\"Federico Arguto\",\"@id\":\"https:\\\/\\\/vocesdelacomuna15.com.ar\\\/press\\\/#\\\/schema\\\/person\\\/4739e109db25d799cd3d139eeb509e43\"},\"headline\":\"Qu\u00e9 impacto tienen las vacaciones de verano en los aprendizajes\",\"datePublished\":\"2025-01-09T12:59:01+00:00\",\"dateModified\":\"2025-01-09T12:59:03+00:00\",\"mainEntityOfPage\":{\"@id\":\"https:\\\/\\\/vocesdelacomuna15.com.ar\\\/press\\\/que-impacto-tienen-las-vacaciones-de-verano-en-los-aprendizajes\\\/\"},\"wordCount\":1141,\"commentCount\":0,\"publisher\":{\"@id\":\"https:\\\/\\\/vocesdelacomuna15.com.ar\\\/press\\\/#organization\"},\"image\":{\"@id\":\"https:\\\/\\\/vocesdelacomuna15.com.ar\\\/press\\\/que-impacto-tienen-las-vacaciones-de-verano-en-los-aprendizajes\\\/#primaryimage\"},\"thumbnailUrl\":\"https:\\\/\\\/vocesdelacomuna15.com.ar\\\/wp-content\\\/uploads\\\/2025\\\/01\\\/Grafico-1.-Duracion-de-las-vacaciones-de-verano-dias-corridos-en-paises-de-America-Latina-y-promedio-de-los-paises-de-la-OCDE.-Nivel-Primario.avif\",\"articleSection\":[\"Sociedad\"],\"inLanguage\":\"es-AR\",\"potentialAction\":[{\"@type\":\"CommentAction\",\"name\":\"Comment\",\"target\":[\"https:\\\/\\\/vocesdelacomuna15.com.ar\\\/press\\\/que-impacto-tienen-las-vacaciones-de-verano-en-los-aprendizajes\\\/#respond\"]}]},{\"@type\":\"WebPage\",\"@id\":\"https:\\\/\\\/vocesdelacomuna15.com.ar\\\/press\\\/que-impacto-tienen-las-vacaciones-de-verano-en-los-aprendizajes\\\/\",\"url\":\"https:\\\/\\\/vocesdelacomuna15.com.ar\\\/press\\\/que-impacto-tienen-las-vacaciones-de-verano-en-los-aprendizajes\\\/\",\"name\":\"Qu\u00e9 impacto tienen las vacaciones de verano en los aprendizajes - Voces de la Comuna 15\",\"isPartOf\":{\"@id\":\"https:\\\/\\\/vocesdelacomuna15.com.ar\\\/press\\\/#website\"},\"primaryImageOfPage\":{\"@id\":\"https:\\\/\\\/vocesdelacomuna15.com.ar\\\/press\\\/que-impacto-tienen-las-vacaciones-de-verano-en-los-aprendizajes\\\/#primaryimage\"},\"image\":{\"@id\":\"https:\\\/\\\/vocesdelacomuna15.com.ar\\\/press\\\/que-impacto-tienen-las-vacaciones-de-verano-en-los-aprendizajes\\\/#primaryimage\"},\"thumbnailUrl\":\"https:\\\/\\\/vocesdelacomuna15.com.ar\\\/wp-content\\\/uploads\\\/2025\\\/01\\\/Grafico-1.-Duracion-de-las-vacaciones-de-verano-dias-corridos-en-paises-de-America-Latina-y-promedio-de-los-paises-de-la-OCDE.-Nivel-Primario.avif\",\"datePublished\":\"2025-01-09T12:59:01+00:00\",\"dateModified\":\"2025-01-09T12:59:03+00:00\",\"description\":\"Voces de la Comuna 15\",\"breadcrumb\":{\"@id\":\"https:\\\/\\\/vocesdelacomuna15.com.ar\\\/press\\\/que-impacto-tienen-las-vacaciones-de-verano-en-los-aprendizajes\\\/#breadcrumb\"},\"inLanguage\":\"es-AR\",\"potentialAction\":[{\"@type\":\"ReadAction\",\"target\":[\"https:\\\/\\\/vocesdelacomuna15.com.ar\\\/press\\\/que-impacto-tienen-las-vacaciones-de-verano-en-los-aprendizajes\\\/\"]}]},{\"@type\":\"ImageObject\",\"inLanguage\":\"es-AR\",\"@id\":\"https:\\\/\\\/vocesdelacomuna15.com.ar\\\/press\\\/que-impacto-tienen-las-vacaciones-de-verano-en-los-aprendizajes\\\/#primaryimage\",\"url\":\"https:\\\/\\\/vocesdelacomuna15.com.ar\\\/wp-content\\\/uploads\\\/2025\\\/01\\\/Grafico-1.-Duracion-de-las-vacaciones-de-verano-dias-corridos-en-paises-de-America-Latina-y-promedio-de-los-paises-de-la-OCDE.-Nivel-Primario.avif\",\"contentUrl\":\"https:\\\/\\\/vocesdelacomuna15.com.ar\\\/wp-content\\\/uploads\\\/2025\\\/01\\\/Grafico-1.-Duracion-de-las-vacaciones-de-verano-dias-corridos-en-paises-de-America-Latina-y-promedio-de-los-paises-de-la-OCDE.-Nivel-Primario.avif\",\"width\":1200,\"height\":742},{\"@type\":\"BreadcrumbList\",\"@id\":\"https:\\\/\\\/vocesdelacomuna15.com.ar\\\/press\\\/que-impacto-tienen-las-vacaciones-de-verano-en-los-aprendizajes\\\/#breadcrumb\",\"itemListElement\":[{\"@type\":\"ListItem\",\"position\":1,\"name\":\"Inicio\",\"item\":\"https:\\\/\\\/vocesdelacomuna15.com.ar\\\/press\\\/\"},{\"@type\":\"ListItem\",\"position\":2,\"name\":\"Qu\u00e9 impacto tienen las vacaciones de verano en los aprendizajes\"}]},{\"@type\":\"WebSite\",\"@id\":\"https:\\\/\\\/vocesdelacomuna15.com.ar\\\/press\\\/#website\",\"url\":\"https:\\\/\\\/vocesdelacomuna15.com.ar\\\/press\\\/\",\"name\":\"Voces de la Comuna 15\",\"description\":\"Sitio web de noticias\",\"publisher\":{\"@id\":\"https:\\\/\\\/vocesdelacomuna15.com.ar\\\/press\\\/#organization\"},\"potentialAction\":[{\"@type\":\"SearchAction\",\"target\":{\"@type\":\"EntryPoint\",\"urlTemplate\":\"https:\\\/\\\/vocesdelacomuna15.com.ar\\\/press\\\/?s={search_term_string}\"},\"query-input\":{\"@type\":\"PropertyValueSpecification\",\"valueRequired\":true,\"valueName\":\"search_term_string\"}}],\"inLanguage\":\"es-AR\"},{\"@type\":\"Organization\",\"@id\":\"https:\\\/\\\/vocesdelacomuna15.com.ar\\\/press\\\/#organization\",\"name\":\"Voces de la Comuna 15\",\"url\":\"https:\\\/\\\/vocesdelacomuna15.com.ar\\\/press\\\/\",\"logo\":{\"@type\":\"ImageObject\",\"inLanguage\":\"es-AR\",\"@id\":\"https:\\\/\\\/vocesdelacomuna15.com.ar\\\/press\\\/#\\\/schema\\\/logo\\\/image\\\/\",\"url\":\"https:\\\/\\\/vocesdelacomuna15.com.ar\\\/wp-content\\\/uploads\\\/2024\\\/12\\\/cropped-logo_voces.jpg\",\"contentUrl\":\"https:\\\/\\\/vocesdelacomuna15.com.ar\\\/wp-content\\\/uploads\\\/2024\\\/12\\\/cropped-logo_voces.jpg\",\"width\":512,\"height\":512,\"caption\":\"Voces de la Comuna 15\"},\"image\":{\"@id\":\"https:\\\/\\\/vocesdelacomuna15.com.ar\\\/press\\\/#\\\/schema\\\/logo\\\/image\\\/\"},\"sameAs\":[\"https:\\\/\\\/www.facebook.com\\\/VocesComuna15\\\/\",\"https:\\\/\\\/x.com\\\/vocescomuna15\"]},{\"@type\":\"Person\",\"@id\":\"https:\\\/\\\/vocesdelacomuna15.com.ar\\\/press\\\/#\\\/schema\\\/person\\\/4739e109db25d799cd3d139eeb509e43\",\"name\":\"Federico Arguto\",\"image\":{\"@type\":\"ImageObject\",\"inLanguage\":\"es-AR\",\"@id\":\"https:\\\/\\\/vocesdelacomuna15.com.ar\\\/wp-content\\\/litespeed\\\/avatar\\\/82faf979976f1bae889b8b71f8a0a7e5.jpg?ver=1777419741\",\"url\":\"https:\\\/\\\/vocesdelacomuna15.com.ar\\\/wp-content\\\/litespeed\\\/avatar\\\/82faf979976f1bae889b8b71f8a0a7e5.jpg?ver=1777419741\",\"contentUrl\":\"https:\\\/\\\/vocesdelacomuna15.com.ar\\\/wp-content\\\/litespeed\\\/avatar\\\/82faf979976f1bae889b8b71f8a0a7e5.jpg?ver=1777419741\",\"caption\":\"Federico Arguto\"},\"url\":\"https:\\\/\\\/vocesdelacomuna15.com.ar\\\/press\\\/author\\\/fede\\\/\"}]}<\/script>\n<!-- \/ Yoast SEO plugin. -->","yoast_head_json":{"title":"Qu\u00e9 impacto tienen las vacaciones de verano en los aprendizajes - Voces de la Comuna 15","description":"Voces de la Comuna 15","robots":{"index":"index","follow":"follow","max-snippet":"max-snippet:-1","max-image-preview":"max-image-preview:large","max-video-preview":"max-video-preview:-1"},"canonical":"https:\/\/vocesdelacomuna15.com.ar\/press\/que-impacto-tienen-las-vacaciones-de-verano-en-los-aprendizajes\/","og_locale":"es_ES","og_type":"article","og_title":"Qu\u00e9 impacto tienen las vacaciones de verano en los aprendizajes - Voces de la Comuna 15","og_description":"Voces de la Comuna 15","og_url":"https:\/\/vocesdelacomuna15.com.ar\/press\/que-impacto-tienen-las-vacaciones-de-verano-en-los-aprendizajes\/","og_site_name":"Voces de la Comuna 15","article_publisher":"https:\/\/www.facebook.com\/VocesComuna15\/","article_published_time":"2025-01-09T12:59:01+00:00","article_modified_time":"2025-01-09T12:59:03+00:00","og_image":[{"width":512,"height":512,"url":"https:\/\/vocesdelacomuna15.com.ar\/wp-content\/uploads\/2024\/12\/cropped-logo_voces.jpg","type":"image\/jpeg"}],"author":"Federico Arguto","twitter_card":"summary_large_image","twitter_creator":"@vocescomuna15","twitter_site":"@vocescomuna15","twitter_misc":{"Escrito por":"Federico Arguto","Tiempo de lectura":"6 minutos"},"schema":{"@context":"https:\/\/schema.org","@graph":[{"@type":"Article","@id":"https:\/\/vocesdelacomuna15.com.ar\/press\/que-impacto-tienen-las-vacaciones-de-verano-en-los-aprendizajes\/#article","isPartOf":{"@id":"https:\/\/vocesdelacomuna15.com.ar\/press\/que-impacto-tienen-las-vacaciones-de-verano-en-los-aprendizajes\/"},"author":{"name":"Federico Arguto","@id":"https:\/\/vocesdelacomuna15.com.ar\/press\/#\/schema\/person\/4739e109db25d799cd3d139eeb509e43"},"headline":"Qu\u00e9 impacto tienen las vacaciones de verano en los aprendizajes","datePublished":"2025-01-09T12:59:01+00:00","dateModified":"2025-01-09T12:59:03+00:00","mainEntityOfPage":{"@id":"https:\/\/vocesdelacomuna15.com.ar\/press\/que-impacto-tienen-las-vacaciones-de-verano-en-los-aprendizajes\/"},"wordCount":1141,"commentCount":0,"publisher":{"@id":"https:\/\/vocesdelacomuna15.com.ar\/press\/#organization"},"image":{"@id":"https:\/\/vocesdelacomuna15.com.ar\/press\/que-impacto-tienen-las-vacaciones-de-verano-en-los-aprendizajes\/#primaryimage"},"thumbnailUrl":"https:\/\/vocesdelacomuna15.com.ar\/wp-content\/uploads\/2025\/01\/Grafico-1.-Duracion-de-las-vacaciones-de-verano-dias-corridos-en-paises-de-America-Latina-y-promedio-de-los-paises-de-la-OCDE.-Nivel-Primario.avif","articleSection":["Sociedad"],"inLanguage":"es-AR","potentialAction":[{"@type":"CommentAction","name":"Comment","target":["https:\/\/vocesdelacomuna15.com.ar\/press\/que-impacto-tienen-las-vacaciones-de-verano-en-los-aprendizajes\/#respond"]}]},{"@type":"WebPage","@id":"https:\/\/vocesdelacomuna15.com.ar\/press\/que-impacto-tienen-las-vacaciones-de-verano-en-los-aprendizajes\/","url":"https:\/\/vocesdelacomuna15.com.ar\/press\/que-impacto-tienen-las-vacaciones-de-verano-en-los-aprendizajes\/","name":"Qu\u00e9 impacto tienen las vacaciones de verano en los aprendizajes - Voces de la Comuna 15","isPartOf":{"@id":"https:\/\/vocesdelacomuna15.com.ar\/press\/#website"},"primaryImageOfPage":{"@id":"https:\/\/vocesdelacomuna15.com.ar\/press\/que-impacto-tienen-las-vacaciones-de-verano-en-los-aprendizajes\/#primaryimage"},"image":{"@id":"https:\/\/vocesdelacomuna15.com.ar\/press\/que-impacto-tienen-las-vacaciones-de-verano-en-los-aprendizajes\/#primaryimage"},"thumbnailUrl":"https:\/\/vocesdelacomuna15.com.ar\/wp-content\/uploads\/2025\/01\/Grafico-1.-Duracion-de-las-vacaciones-de-verano-dias-corridos-en-paises-de-America-Latina-y-promedio-de-los-paises-de-la-OCDE.-Nivel-Primario.avif","datePublished":"2025-01-09T12:59:01+00:00","dateModified":"2025-01-09T12:59:03+00:00","description":"Voces de la Comuna 15","breadcrumb":{"@id":"https:\/\/vocesdelacomuna15.com.ar\/press\/que-impacto-tienen-las-vacaciones-de-verano-en-los-aprendizajes\/#breadcrumb"},"inLanguage":"es-AR","potentialAction":[{"@type":"ReadAction","target":["https:\/\/vocesdelacomuna15.com.ar\/press\/que-impacto-tienen-las-vacaciones-de-verano-en-los-aprendizajes\/"]}]},{"@type":"ImageObject","inLanguage":"es-AR","@id":"https:\/\/vocesdelacomuna15.com.ar\/press\/que-impacto-tienen-las-vacaciones-de-verano-en-los-aprendizajes\/#primaryimage","url":"https:\/\/vocesdelacomuna15.com.ar\/wp-content\/uploads\/2025\/01\/Grafico-1.-Duracion-de-las-vacaciones-de-verano-dias-corridos-en-paises-de-America-Latina-y-promedio-de-los-paises-de-la-OCDE.-Nivel-Primario.avif","contentUrl":"https:\/\/vocesdelacomuna15.com.ar\/wp-content\/uploads\/2025\/01\/Grafico-1.-Duracion-de-las-vacaciones-de-verano-dias-corridos-en-paises-de-America-Latina-y-promedio-de-los-paises-de-la-OCDE.-Nivel-Primario.avif","width":1200,"height":742},{"@type":"BreadcrumbList","@id":"https:\/\/vocesdelacomuna15.com.ar\/press\/que-impacto-tienen-las-vacaciones-de-verano-en-los-aprendizajes\/#breadcrumb","itemListElement":[{"@type":"ListItem","position":1,"name":"Inicio","item":"https:\/\/vocesdelacomuna15.com.ar\/press\/"},{"@type":"ListItem","position":2,"name":"Qu\u00e9 impacto tienen las vacaciones de verano en los aprendizajes"}]},{"@type":"WebSite","@id":"https:\/\/vocesdelacomuna15.com.ar\/press\/#website","url":"https:\/\/vocesdelacomuna15.com.ar\/press\/","name":"Voces de la Comuna 15","description":"Sitio web de noticias","publisher":{"@id":"https:\/\/vocesdelacomuna15.com.ar\/press\/#organization"},"potentialAction":[{"@type":"SearchAction","target":{"@type":"EntryPoint","urlTemplate":"https:\/\/vocesdelacomuna15.com.ar\/press\/?s={search_term_string}"},"query-input":{"@type":"PropertyValueSpecification","valueRequired":true,"valueName":"search_term_string"}}],"inLanguage":"es-AR"},{"@type":"Organization","@id":"https:\/\/vocesdelacomuna15.com.ar\/press\/#organization","name":"Voces de la Comuna 15","url":"https:\/\/vocesdelacomuna15.com.ar\/press\/","logo":{"@type":"ImageObject","inLanguage":"es-AR","@id":"https:\/\/vocesdelacomuna15.com.ar\/press\/#\/schema\/logo\/image\/","url":"https:\/\/vocesdelacomuna15.com.ar\/wp-content\/uploads\/2024\/12\/cropped-logo_voces.jpg","contentUrl":"https:\/\/vocesdelacomuna15.com.ar\/wp-content\/uploads\/2024\/12\/cropped-logo_voces.jpg","width":512,"height":512,"caption":"Voces de la Comuna 15"},"image":{"@id":"https:\/\/vocesdelacomuna15.com.ar\/press\/#\/schema\/logo\/image\/"},"sameAs":["https:\/\/www.facebook.com\/VocesComuna15\/","https:\/\/x.com\/vocescomuna15"]},{"@type":"Person","@id":"https:\/\/vocesdelacomuna15.com.ar\/press\/#\/schema\/person\/4739e109db25d799cd3d139eeb509e43","name":"Federico Arguto","image":{"@type":"ImageObject","inLanguage":"es-AR","@id":"https:\/\/vocesdelacomuna15.com.ar\/wp-content\/litespeed\/avatar\/82faf979976f1bae889b8b71f8a0a7e5.jpg?ver=1777419741","url":"https:\/\/vocesdelacomuna15.com.ar\/wp-content\/litespeed\/avatar\/82faf979976f1bae889b8b71f8a0a7e5.jpg?ver=1777419741","contentUrl":"https:\/\/vocesdelacomuna15.com.ar\/wp-content\/litespeed\/avatar\/82faf979976f1bae889b8b71f8a0a7e5.jpg?ver=1777419741","caption":"Federico Arguto"},"url":"https:\/\/vocesdelacomuna15.com.ar\/press\/author\/fede\/"}]}},"_links":{"self":[{"href":"https:\/\/vocesdelacomuna15.com.ar\/press\/wp-json\/wp\/v2\/posts\/64610","targetHints":{"allow":["GET"]}}],"collection":[{"href":"https:\/\/vocesdelacomuna15.com.ar\/press\/wp-json\/wp\/v2\/posts"}],"about":[{"href":"https:\/\/vocesdelacomuna15.com.ar\/press\/wp-json\/wp\/v2\/types\/post"}],"author":[{"embeddable":true,"href":"https:\/\/vocesdelacomuna15.com.ar\/press\/wp-json\/wp\/v2\/users\/2"}],"replies":[{"embeddable":true,"href":"https:\/\/vocesdelacomuna15.com.ar\/press\/wp-json\/wp\/v2\/comments?post=64610"}],"version-history":[{"count":1,"href":"https:\/\/vocesdelacomuna15.com.ar\/press\/wp-json\/wp\/v2\/posts\/64610\/revisions"}],"predecessor-version":[{"id":64612,"href":"https:\/\/vocesdelacomuna15.com.ar\/press\/wp-json\/wp\/v2\/posts\/64610\/revisions\/64612"}],"wp:featuredmedia":[{"embeddable":true,"href":"https:\/\/vocesdelacomuna15.com.ar\/press\/wp-json\/wp\/v2\/media\/64611"}],"wp:attachment":[{"href":"https:\/\/vocesdelacomuna15.com.ar\/press\/wp-json\/wp\/v2\/media?parent=64610"}],"wp:term":[{"taxonomy":"category","embeddable":true,"href":"https:\/\/vocesdelacomuna15.com.ar\/press\/wp-json\/wp\/v2\/categories?post=64610"},{"taxonomy":"post_tag","embeddable":true,"href":"https:\/\/vocesdelacomuna15.com.ar\/press\/wp-json\/wp\/v2\/tags?post=64610"}],"curies":[{"name":"wp","href":"https:\/\/api.w.org\/{rel}","templated":true}]}}