{"id":64459,"date":"2024-12-16T12:14:03","date_gmt":"2024-12-16T15:14:03","guid":{"rendered":"https:\/\/vocesdelacomuna15.com.ar\/?p=64459"},"modified":"2024-12-13T12:16:12","modified_gmt":"2024-12-13T15:16:12","slug":"la-ciudad-reconocio-el-trabajo-solidario-que-realizaron-mas-de-4500-voluntarios-durante-2024","status":"publish","type":"post","link":"https:\/\/vocesdelacomuna15.com.ar\/press\/la-ciudad-reconocio-el-trabajo-solidario-que-realizaron-mas-de-4500-voluntarios-durante-2024\/","title":{"rendered":"La Ciudad reconoci\u00f3 el trabajo solidario que realizaron m\u00e1s de 4500 voluntarios durante 2024"},"content":{"rendered":"\n<p>En el d\u00eda internacional del voluntariado, la Secretar\u00eda de Gobierno y V\u00ednculo Ciudadano organiz\u00f3 un encuentro para agradecer a las personas que colaboraron en diferentes actividades de la Ciudad para beneficio de todos los vecinos.<\/p>\n\n\n\n<p>Fuente: Buenosaires.gob.ar<\/p>\n\n\n\n<p>Link a nota completa: https:\/\/buenosaires.gob.ar\/noticias\/la-ciudad-reconocio-el-trabajo-solidario-que-realizaron-mas-de-4500-voluntarios-durante<\/p>\n\n\n\n<p>Como en las grandes capitales del mundo, Buenos Aires desarrolla un programa que congrega a miles de vecinos denominado \u201cVoluntarios BA\u201d. Uno de los objetivos principales es colaborar en la construcci\u00f3n de pol\u00edticas y acciones que impactan en nuestra comunidad y entorno de manera positiva. En ese marco, y por conmemorarse el 5 de diciembre el d\u00eda del voluntario, la Ciudad convoc\u00f3 a las personas que realizaron un aporte permanente y desinteresado para el bien com\u00fan durante el 2024.<\/p>\n\n\n\n<p>Entre las actividades que la secretar\u00eda de Gobierno y V\u00ednculo Ciudadano desarrolla a trav\u00e9s de la Direcci\u00f3n General de Participaci\u00f3n Ciudadana y Cercan\u00eda se destacan las vinculadas al cuidado del ambiente y que promovieron el desarrollo de especies nativas de la Ciudad. Gracias a su valioso aporte, se plantaron en total m\u00e1s de 300 especies nativas en espacios p\u00fablicos. Adem\u00e1s, los voluntarios ayudaron a restaurar el espacio invernadero del Vivero comunitario de Plaza Irlanda y realizaron tareas de desmalezado del \u00e1rea sistem\u00e1tica de monocotiled\u00f3neas del Jard\u00edn Bot\u00e1nico.<\/p>\n\n\n\n<p>Los vecinos tambi\u00e9n conocieron los trabajos que realiza el Gobierno de la Ciudad en materia de limpieza, recolecci\u00f3n diferenciada de residuos y cuidado de espacios p\u00fablicos en el borde costero del Riachuelo. Al tiempo que colaboraron tambi\u00e9n con la cosecha de frutos carnosos y secos de diferentes especies nativas en la Reserva Ecol\u00f3gica Lago Lugano.&nbsp;<\/p>\n\n\n\n<p>Una de las acciones emblem\u00e1ticas desarrolladas a lo largo del a\u00f1o fueron las jornadas de adopci\u00f3n de mascotas, una propuesta para toda la familia que se realiz\u00f3 en distintos barrios de la Ciudad en forma mensual. Los voluntarios tuvieron como misi\u00f3n clasificar y distribuir donaciones junto a la Agencia de Protecci\u00f3n Ambiental para fomentar la tenencia responsable de mascotas. En total ayudaron a 60 refugios para que m\u00e1s de 100 perros y gatos encuentren un hogar.<\/p>\n\n\n\n<p>Para poder participar activamente en las actividades organizadas por el Gobierno de la Ciudad, muchos de los voluntarios acudieron a capacitaciones especiales. En 2024 m\u00e1s de 500 personas se capacitaron, por ejemplo, en RCP, DEA y primeros auxilios. All\u00ed recibieron instrucciones de Defensa Civil y otras dependencias a partir de las cuales incorporaron conocimientos b\u00e1sicos que hoy les permiten estar preparados para dar una primera asistencia si est\u00e1n frente a personas que sufren un ACV, convulsiones, hemorragias, desmayos, golpes de calor, quemaduras o intoxicaciones.&nbsp;<\/p>\n\n\n\n<p>Los voluntarios participaron tambi\u00e9n este a\u00f1o en otro tipo de actividades como la organizaci\u00f3n de La Noche de los Museos y la puesta en valor de clubes de barrio del sur de la Ciudad; y compartieron experiencias \u00fanicas como visitas al Palacio Legislativo o al Ecoparque.&nbsp;<\/p>\n\n\n\n<p>Actualmente, el equipo de Voluntarios BA se encuentra trabajando en la colecta navide\u00f1a 2024. Las tareas consisten en la recepci\u00f3n, clasificaci\u00f3n y empaquetado de juguetes para su posterior distribuci\u00f3n en Centros de Desarrollo Infantil (CEDIS) y Juegotecas del Ministerio de Desarrollo Humano y H\u00e1bitat en barrios populares.&nbsp;<\/p>\n\n\n\n<p>El d\u00eda del voluntariado fue instaurado en 1985 por la Asamblea General de las Naciones Unidas. Desde entonces, todos los 5 de diciembre, se reconoce a los voluntarios y se promueve su esp\u00edritu de colaboraci\u00f3n a nivel local, nacional e internacional. Las personas que quieran sumarse a Voluntarios BA deben completar el siguiente&nbsp;formulario.<\/p>\n<div class=\"pvc_clear\"><\/div><p id=\"pvc_stats_64459\" class=\"pvc_stats all  \" data-element-id=\"64459\" style=\"\"><i class=\"pvc-stats-icon small\" aria-hidden=\"true\"><svg aria-hidden=\"true\" focusable=\"false\" data-prefix=\"far\" data-icon=\"chart-bar\" role=\"img\" xmlns=\"http:\/\/www.w3.org\/2000\/svg\" viewBox=\"0 0 512 512\" class=\"svg-inline--fa fa-chart-bar fa-w-16 fa-2x\"><path fill=\"currentColor\" d=\"M396.8 352h22.4c6.4 0 12.8-6.4 12.8-12.8V108.8c0-6.4-6.4-12.8-12.8-12.8h-22.4c-6.4 0-12.8 6.4-12.8 12.8v230.4c0 6.4 6.4 12.8 12.8 12.8zm-192 0h22.4c6.4 0 12.8-6.4 12.8-12.8V140.8c0-6.4-6.4-12.8-12.8-12.8h-22.4c-6.4 0-12.8 6.4-12.8 12.8v198.4c0 6.4 6.4 12.8 12.8 12.8zm96 0h22.4c6.4 0 12.8-6.4 12.8-12.8V204.8c0-6.4-6.4-12.8-12.8-12.8h-22.4c-6.4 0-12.8 6.4-12.8 12.8v134.4c0 6.4 6.4 12.8 12.8 12.8zM496 400H48V80c0-8.84-7.16-16-16-16H16C7.16 64 0 71.16 0 80v336c0 17.67 14.33 32 32 32h464c8.84 0 16-7.16 16-16v-16c0-8.84-7.16-16-16-16zm-387.2-48h22.4c6.4 0 12.8-6.4 12.8-12.8v-70.4c0-6.4-6.4-12.8-12.8-12.8h-22.4c-6.4 0-12.8 6.4-12.8 12.8v70.4c0 6.4 6.4 12.8 12.8 12.8z\" class=\"\"><\/path><\/svg><\/i> <img loading=\"lazy\" decoding=\"async\" width=\"16\" height=\"16\" alt=\"Loading\" src=\"https:\/\/vocesdelacomuna15.com.ar\/wp-content\/plugins\/page-views-count\/ajax-loader-2x.gif\" border=0 \/><\/p><div class=\"pvc_clear\"><\/div>","protected":false},"excerpt":{"rendered":"<p>En el d\u00eda internacional del voluntariado, la Secretar\u00eda de Gobierno y V\u00ednculo Ciudadano organiz\u00f3 un encuentro para agradecer a las personas que colaboraron en diferentes actividades de la Ciudad para beneficio de todos los vecinos. Fuente: Buenosaires.gob.ar Link a nota completa: https:\/\/buenosaires.gob.ar\/noticias\/la-ciudad-reconocio-el-trabajo-solidario-que-realizaron-mas-de-4500-voluntarios-durante Como en las grandes capitales del mundo, Buenos Aires desarrolla un programa que [&hellip;]<\/p>\n<div class=\"pvc_clear\"><\/div>\n<p id=\"pvc_stats_64459\" class=\"pvc_stats all  \" data-element-id=\"64459\" style=\"\"><i class=\"pvc-stats-icon small\" aria-hidden=\"true\"><svg aria-hidden=\"true\" focusable=\"false\" data-prefix=\"far\" data-icon=\"chart-bar\" role=\"img\" xmlns=\"http:\/\/www.w3.org\/2000\/svg\" viewBox=\"0 0 512 512\" class=\"svg-inline--fa fa-chart-bar fa-w-16 fa-2x\"><path fill=\"currentColor\" d=\"M396.8 352h22.4c6.4 0 12.8-6.4 12.8-12.8V108.8c0-6.4-6.4-12.8-12.8-12.8h-22.4c-6.4 0-12.8 6.4-12.8 12.8v230.4c0 6.4 6.4 12.8 12.8 12.8zm-192 0h22.4c6.4 0 12.8-6.4 12.8-12.8V140.8c0-6.4-6.4-12.8-12.8-12.8h-22.4c-6.4 0-12.8 6.4-12.8 12.8v198.4c0 6.4 6.4 12.8 12.8 12.8zm96 0h22.4c6.4 0 12.8-6.4 12.8-12.8V204.8c0-6.4-6.4-12.8-12.8-12.8h-22.4c-6.4 0-12.8 6.4-12.8 12.8v134.4c0 6.4 6.4 12.8 12.8 12.8zM496 400H48V80c0-8.84-7.16-16-16-16H16C7.16 64 0 71.16 0 80v336c0 17.67 14.33 32 32 32h464c8.84 0 16-7.16 16-16v-16c0-8.84-7.16-16-16-16zm-387.2-48h22.4c6.4 0 12.8-6.4 12.8-12.8v-70.4c0-6.4-6.4-12.8-12.8-12.8h-22.4c-6.4 0-12.8 6.4-12.8 12.8v70.4c0 6.4 6.4 12.8 12.8 12.8z\" class=\"\"><\/path><\/svg><\/i> <img loading=\"lazy\" decoding=\"async\" width=\"16\" height=\"16\" alt=\"Loading\" src=\"https:\/\/vocesdelacomuna15.com.ar\/wp-content\/plugins\/page-views-count\/ajax-loader-2x.gif\" border=0 \/><\/p>\n<div class=\"pvc_clear\"><\/div>\n","protected":false},"author":2,"featured_media":64460,"comment_status":"open","ping_status":"open","sticky":false,"template":"","format":"standard","meta":{"_et_pb_use_builder":"off","_et_pb_old_content":"","_et_gb_content_width":"","footnotes":""},"categories":[26],"tags":[],"class_list":["post-64459","post","type-post","status-publish","format-standard","has-post-thumbnail","hentry","category-ciudad","et-has-post-format-content","et_post_format-et-post-format-standard"],"a3_pvc":{"activated":true,"total_views":11,"today_views":0},"yoast_head":"<!-- This site is optimized with the Yoast SEO plugin v27.5 - https:\/\/yoast.com\/product\/yoast-seo-wordpress\/ -->\n<title>La Ciudad reconoci\u00f3 el trabajo solidario que realizaron m\u00e1s de 4500 voluntarios durante 2024 - Voces de la Comuna 15<\/title>\n<meta name=\"description\" content=\"Voces de la Comuna 15\" \/>\n<meta name=\"robots\" content=\"index, follow, max-snippet:-1, max-image-preview:large, max-video-preview:-1\" \/>\n<link rel=\"canonical\" href=\"https:\/\/vocesdelacomuna15.com.ar\/press\/la-ciudad-reconocio-el-trabajo-solidario-que-realizaron-mas-de-4500-voluntarios-durante-2024\/\" \/>\n<meta property=\"og:locale\" content=\"es_ES\" \/>\n<meta property=\"og:type\" content=\"article\" \/>\n<meta property=\"og:title\" content=\"La Ciudad reconoci\u00f3 el trabajo solidario que realizaron m\u00e1s de 4500 voluntarios durante 2024 - Voces de la Comuna 15\" \/>\n<meta property=\"og:description\" content=\"Voces de la Comuna 15\" \/>\n<meta property=\"og:url\" content=\"https:\/\/vocesdelacomuna15.com.ar\/press\/la-ciudad-reconocio-el-trabajo-solidario-que-realizaron-mas-de-4500-voluntarios-durante-2024\/\" \/>\n<meta property=\"og:site_name\" content=\"Voces de la Comuna 15\" \/>\n<meta property=\"article:publisher\" content=\"https:\/\/www.facebook.com\/VocesComuna15\/\" \/>\n<meta property=\"article:published_time\" content=\"2024-12-16T15:14:03+00:00\" \/>\n<meta property=\"og:image\" content=\"https:\/\/vocesdelacomuna15.com.ar\/wp-content\/uploads\/2024\/12\/Capacitacion-de-primeros-auxilios.jpg\" \/>\n\t<meta property=\"og:image:width\" content=\"1200\" \/>\n\t<meta property=\"og:image:height\" content=\"869\" \/>\n\t<meta property=\"og:image:type\" content=\"image\/jpeg\" \/>\n<meta name=\"author\" content=\"Federico Arguto\" \/>\n<meta name=\"twitter:card\" content=\"summary_large_image\" \/>\n<meta name=\"twitter:creator\" content=\"@vocescomuna15\" \/>\n<meta name=\"twitter:site\" content=\"@vocescomuna15\" \/>\n<meta name=\"twitter:label1\" content=\"Escrito por\" \/>\n\t<meta name=\"twitter:data1\" content=\"Federico Arguto\" \/>\n\t<meta name=\"twitter:label2\" content=\"Tiempo de lectura\" \/>\n\t<meta name=\"twitter:data2\" content=\"3 minutos\" \/>\n<script type=\"application\/ld+json\" class=\"yoast-schema-graph\">{\"@context\":\"https:\\\/\\\/schema.org\",\"@graph\":[{\"@type\":\"Article\",\"@id\":\"https:\\\/\\\/vocesdelacomuna15.com.ar\\\/press\\\/la-ciudad-reconocio-el-trabajo-solidario-que-realizaron-mas-de-4500-voluntarios-durante-2024\\\/#article\",\"isPartOf\":{\"@id\":\"https:\\\/\\\/vocesdelacomuna15.com.ar\\\/press\\\/la-ciudad-reconocio-el-trabajo-solidario-que-realizaron-mas-de-4500-voluntarios-durante-2024\\\/\"},\"author\":{\"name\":\"Federico Arguto\",\"@id\":\"https:\\\/\\\/vocesdelacomuna15.com.ar\\\/press\\\/#\\\/schema\\\/person\\\/4739e109db25d799cd3d139eeb509e43\"},\"headline\":\"La Ciudad reconoci\u00f3 el trabajo solidario que realizaron m\u00e1s de 4500 voluntarios durante 2024\",\"datePublished\":\"2024-12-16T15:14:03+00:00\",\"mainEntityOfPage\":{\"@id\":\"https:\\\/\\\/vocesdelacomuna15.com.ar\\\/press\\\/la-ciudad-reconocio-el-trabajo-solidario-que-realizaron-mas-de-4500-voluntarios-durante-2024\\\/\"},\"wordCount\":631,\"commentCount\":0,\"publisher\":{\"@id\":\"https:\\\/\\\/vocesdelacomuna15.com.ar\\\/press\\\/#organization\"},\"image\":{\"@id\":\"https:\\\/\\\/vocesdelacomuna15.com.ar\\\/press\\\/la-ciudad-reconocio-el-trabajo-solidario-que-realizaron-mas-de-4500-voluntarios-durante-2024\\\/#primaryimage\"},\"thumbnailUrl\":\"https:\\\/\\\/vocesdelacomuna15.com.ar\\\/wp-content\\\/uploads\\\/2024\\\/12\\\/Capacitacion-de-primeros-auxilios.jpg\",\"articleSection\":[\"Ciudad\"],\"inLanguage\":\"es-AR\",\"potentialAction\":[{\"@type\":\"CommentAction\",\"name\":\"Comment\",\"target\":[\"https:\\\/\\\/vocesdelacomuna15.com.ar\\\/press\\\/la-ciudad-reconocio-el-trabajo-solidario-que-realizaron-mas-de-4500-voluntarios-durante-2024\\\/#respond\"]}]},{\"@type\":\"WebPage\",\"@id\":\"https:\\\/\\\/vocesdelacomuna15.com.ar\\\/press\\\/la-ciudad-reconocio-el-trabajo-solidario-que-realizaron-mas-de-4500-voluntarios-durante-2024\\\/\",\"url\":\"https:\\\/\\\/vocesdelacomuna15.com.ar\\\/press\\\/la-ciudad-reconocio-el-trabajo-solidario-que-realizaron-mas-de-4500-voluntarios-durante-2024\\\/\",\"name\":\"La Ciudad reconoci\u00f3 el trabajo solidario que realizaron m\u00e1s de 4500 voluntarios durante 2024 - Voces de la Comuna 15\",\"isPartOf\":{\"@id\":\"https:\\\/\\\/vocesdelacomuna15.com.ar\\\/press\\\/#website\"},\"primaryImageOfPage\":{\"@id\":\"https:\\\/\\\/vocesdelacomuna15.com.ar\\\/press\\\/la-ciudad-reconocio-el-trabajo-solidario-que-realizaron-mas-de-4500-voluntarios-durante-2024\\\/#primaryimage\"},\"image\":{\"@id\":\"https:\\\/\\\/vocesdelacomuna15.com.ar\\\/press\\\/la-ciudad-reconocio-el-trabajo-solidario-que-realizaron-mas-de-4500-voluntarios-durante-2024\\\/#primaryimage\"},\"thumbnailUrl\":\"https:\\\/\\\/vocesdelacomuna15.com.ar\\\/wp-content\\\/uploads\\\/2024\\\/12\\\/Capacitacion-de-primeros-auxilios.jpg\",\"datePublished\":\"2024-12-16T15:14:03+00:00\",\"description\":\"Voces de la Comuna 15\",\"breadcrumb\":{\"@id\":\"https:\\\/\\\/vocesdelacomuna15.com.ar\\\/press\\\/la-ciudad-reconocio-el-trabajo-solidario-que-realizaron-mas-de-4500-voluntarios-durante-2024\\\/#breadcrumb\"},\"inLanguage\":\"es-AR\",\"potentialAction\":[{\"@type\":\"ReadAction\",\"target\":[\"https:\\\/\\\/vocesdelacomuna15.com.ar\\\/press\\\/la-ciudad-reconocio-el-trabajo-solidario-que-realizaron-mas-de-4500-voluntarios-durante-2024\\\/\"]}]},{\"@type\":\"ImageObject\",\"inLanguage\":\"es-AR\",\"@id\":\"https:\\\/\\\/vocesdelacomuna15.com.ar\\\/press\\\/la-ciudad-reconocio-el-trabajo-solidario-que-realizaron-mas-de-4500-voluntarios-durante-2024\\\/#primaryimage\",\"url\":\"https:\\\/\\\/vocesdelacomuna15.com.ar\\\/wp-content\\\/uploads\\\/2024\\\/12\\\/Capacitacion-de-primeros-auxilios.jpg\",\"contentUrl\":\"https:\\\/\\\/vocesdelacomuna15.com.ar\\\/wp-content\\\/uploads\\\/2024\\\/12\\\/Capacitacion-de-primeros-auxilios.jpg\",\"width\":1200,\"height\":869},{\"@type\":\"BreadcrumbList\",\"@id\":\"https:\\\/\\\/vocesdelacomuna15.com.ar\\\/press\\\/la-ciudad-reconocio-el-trabajo-solidario-que-realizaron-mas-de-4500-voluntarios-durante-2024\\\/#breadcrumb\",\"itemListElement\":[{\"@type\":\"ListItem\",\"position\":1,\"name\":\"Inicio\",\"item\":\"https:\\\/\\\/vocesdelacomuna15.com.ar\\\/press\\\/\"},{\"@type\":\"ListItem\",\"position\":2,\"name\":\"La Ciudad reconoci\u00f3 el trabajo solidario que realizaron m\u00e1s de 4500 voluntarios durante 2024\"}]},{\"@type\":\"WebSite\",\"@id\":\"https:\\\/\\\/vocesdelacomuna15.com.ar\\\/press\\\/#website\",\"url\":\"https:\\\/\\\/vocesdelacomuna15.com.ar\\\/press\\\/\",\"name\":\"Voces de la Comuna 15\",\"description\":\"Sitio web de noticias\",\"publisher\":{\"@id\":\"https:\\\/\\\/vocesdelacomuna15.com.ar\\\/press\\\/#organization\"},\"potentialAction\":[{\"@type\":\"SearchAction\",\"target\":{\"@type\":\"EntryPoint\",\"urlTemplate\":\"https:\\\/\\\/vocesdelacomuna15.com.ar\\\/press\\\/?s={search_term_string}\"},\"query-input\":{\"@type\":\"PropertyValueSpecification\",\"valueRequired\":true,\"valueName\":\"search_term_string\"}}],\"inLanguage\":\"es-AR\"},{\"@type\":\"Organization\",\"@id\":\"https:\\\/\\\/vocesdelacomuna15.com.ar\\\/press\\\/#organization\",\"name\":\"Voces de la Comuna 15\",\"url\":\"https:\\\/\\\/vocesdelacomuna15.com.ar\\\/press\\\/\",\"logo\":{\"@type\":\"ImageObject\",\"inLanguage\":\"es-AR\",\"@id\":\"https:\\\/\\\/vocesdelacomuna15.com.ar\\\/press\\\/#\\\/schema\\\/logo\\\/image\\\/\",\"url\":\"https:\\\/\\\/vocesdelacomuna15.com.ar\\\/wp-content\\\/uploads\\\/2024\\\/12\\\/cropped-logo_voces.jpg\",\"contentUrl\":\"https:\\\/\\\/vocesdelacomuna15.com.ar\\\/wp-content\\\/uploads\\\/2024\\\/12\\\/cropped-logo_voces.jpg\",\"width\":512,\"height\":512,\"caption\":\"Voces de la Comuna 15\"},\"image\":{\"@id\":\"https:\\\/\\\/vocesdelacomuna15.com.ar\\\/press\\\/#\\\/schema\\\/logo\\\/image\\\/\"},\"sameAs\":[\"https:\\\/\\\/www.facebook.com\\\/VocesComuna15\\\/\",\"https:\\\/\\\/x.com\\\/vocescomuna15\"]},{\"@type\":\"Person\",\"@id\":\"https:\\\/\\\/vocesdelacomuna15.com.ar\\\/press\\\/#\\\/schema\\\/person\\\/4739e109db25d799cd3d139eeb509e43\",\"name\":\"Federico Arguto\",\"image\":{\"@type\":\"ImageObject\",\"inLanguage\":\"es-AR\",\"@id\":\"https:\\\/\\\/vocesdelacomuna15.com.ar\\\/wp-content\\\/litespeed\\\/avatar\\\/82faf979976f1bae889b8b71f8a0a7e5.jpg?ver=1777419741\",\"url\":\"https:\\\/\\\/vocesdelacomuna15.com.ar\\\/wp-content\\\/litespeed\\\/avatar\\\/82faf979976f1bae889b8b71f8a0a7e5.jpg?ver=1777419741\",\"contentUrl\":\"https:\\\/\\\/vocesdelacomuna15.com.ar\\\/wp-content\\\/litespeed\\\/avatar\\\/82faf979976f1bae889b8b71f8a0a7e5.jpg?ver=1777419741\",\"caption\":\"Federico Arguto\"},\"url\":\"https:\\\/\\\/vocesdelacomuna15.com.ar\\\/press\\\/author\\\/fede\\\/\"}]}<\/script>\n<!-- \/ Yoast SEO plugin. -->","yoast_head_json":{"title":"La Ciudad reconoci\u00f3 el trabajo solidario que realizaron m\u00e1s de 4500 voluntarios durante 2024 - Voces de la Comuna 15","description":"Voces de la Comuna 15","robots":{"index":"index","follow":"follow","max-snippet":"max-snippet:-1","max-image-preview":"max-image-preview:large","max-video-preview":"max-video-preview:-1"},"canonical":"https:\/\/vocesdelacomuna15.com.ar\/press\/la-ciudad-reconocio-el-trabajo-solidario-que-realizaron-mas-de-4500-voluntarios-durante-2024\/","og_locale":"es_ES","og_type":"article","og_title":"La Ciudad reconoci\u00f3 el trabajo solidario que realizaron m\u00e1s de 4500 voluntarios durante 2024 - Voces de la Comuna 15","og_description":"Voces de la Comuna 15","og_url":"https:\/\/vocesdelacomuna15.com.ar\/press\/la-ciudad-reconocio-el-trabajo-solidario-que-realizaron-mas-de-4500-voluntarios-durante-2024\/","og_site_name":"Voces de la Comuna 15","article_publisher":"https:\/\/www.facebook.com\/VocesComuna15\/","article_published_time":"2024-12-16T15:14:03+00:00","og_image":[{"width":1200,"height":869,"url":"https:\/\/vocesdelacomuna15.com.ar\/wp-content\/uploads\/2024\/12\/Capacitacion-de-primeros-auxilios.jpg","type":"image\/jpeg"}],"author":"Federico Arguto","twitter_card":"summary_large_image","twitter_creator":"@vocescomuna15","twitter_site":"@vocescomuna15","twitter_misc":{"Escrito por":"Federico Arguto","Tiempo de lectura":"3 minutos"},"schema":{"@context":"https:\/\/schema.org","@graph":[{"@type":"Article","@id":"https:\/\/vocesdelacomuna15.com.ar\/press\/la-ciudad-reconocio-el-trabajo-solidario-que-realizaron-mas-de-4500-voluntarios-durante-2024\/#article","isPartOf":{"@id":"https:\/\/vocesdelacomuna15.com.ar\/press\/la-ciudad-reconocio-el-trabajo-solidario-que-realizaron-mas-de-4500-voluntarios-durante-2024\/"},"author":{"name":"Federico Arguto","@id":"https:\/\/vocesdelacomuna15.com.ar\/press\/#\/schema\/person\/4739e109db25d799cd3d139eeb509e43"},"headline":"La Ciudad reconoci\u00f3 el trabajo solidario que realizaron m\u00e1s de 4500 voluntarios durante 2024","datePublished":"2024-12-16T15:14:03+00:00","mainEntityOfPage":{"@id":"https:\/\/vocesdelacomuna15.com.ar\/press\/la-ciudad-reconocio-el-trabajo-solidario-que-realizaron-mas-de-4500-voluntarios-durante-2024\/"},"wordCount":631,"commentCount":0,"publisher":{"@id":"https:\/\/vocesdelacomuna15.com.ar\/press\/#organization"},"image":{"@id":"https:\/\/vocesdelacomuna15.com.ar\/press\/la-ciudad-reconocio-el-trabajo-solidario-que-realizaron-mas-de-4500-voluntarios-durante-2024\/#primaryimage"},"thumbnailUrl":"https:\/\/vocesdelacomuna15.com.ar\/wp-content\/uploads\/2024\/12\/Capacitacion-de-primeros-auxilios.jpg","articleSection":["Ciudad"],"inLanguage":"es-AR","potentialAction":[{"@type":"CommentAction","name":"Comment","target":["https:\/\/vocesdelacomuna15.com.ar\/press\/la-ciudad-reconocio-el-trabajo-solidario-que-realizaron-mas-de-4500-voluntarios-durante-2024\/#respond"]}]},{"@type":"WebPage","@id":"https:\/\/vocesdelacomuna15.com.ar\/press\/la-ciudad-reconocio-el-trabajo-solidario-que-realizaron-mas-de-4500-voluntarios-durante-2024\/","url":"https:\/\/vocesdelacomuna15.com.ar\/press\/la-ciudad-reconocio-el-trabajo-solidario-que-realizaron-mas-de-4500-voluntarios-durante-2024\/","name":"La Ciudad reconoci\u00f3 el trabajo solidario que realizaron m\u00e1s de 4500 voluntarios durante 2024 - Voces de la Comuna 15","isPartOf":{"@id":"https:\/\/vocesdelacomuna15.com.ar\/press\/#website"},"primaryImageOfPage":{"@id":"https:\/\/vocesdelacomuna15.com.ar\/press\/la-ciudad-reconocio-el-trabajo-solidario-que-realizaron-mas-de-4500-voluntarios-durante-2024\/#primaryimage"},"image":{"@id":"https:\/\/vocesdelacomuna15.com.ar\/press\/la-ciudad-reconocio-el-trabajo-solidario-que-realizaron-mas-de-4500-voluntarios-durante-2024\/#primaryimage"},"thumbnailUrl":"https:\/\/vocesdelacomuna15.com.ar\/wp-content\/uploads\/2024\/12\/Capacitacion-de-primeros-auxilios.jpg","datePublished":"2024-12-16T15:14:03+00:00","description":"Voces de la Comuna 15","breadcrumb":{"@id":"https:\/\/vocesdelacomuna15.com.ar\/press\/la-ciudad-reconocio-el-trabajo-solidario-que-realizaron-mas-de-4500-voluntarios-durante-2024\/#breadcrumb"},"inLanguage":"es-AR","potentialAction":[{"@type":"ReadAction","target":["https:\/\/vocesdelacomuna15.com.ar\/press\/la-ciudad-reconocio-el-trabajo-solidario-que-realizaron-mas-de-4500-voluntarios-durante-2024\/"]}]},{"@type":"ImageObject","inLanguage":"es-AR","@id":"https:\/\/vocesdelacomuna15.com.ar\/press\/la-ciudad-reconocio-el-trabajo-solidario-que-realizaron-mas-de-4500-voluntarios-durante-2024\/#primaryimage","url":"https:\/\/vocesdelacomuna15.com.ar\/wp-content\/uploads\/2024\/12\/Capacitacion-de-primeros-auxilios.jpg","contentUrl":"https:\/\/vocesdelacomuna15.com.ar\/wp-content\/uploads\/2024\/12\/Capacitacion-de-primeros-auxilios.jpg","width":1200,"height":869},{"@type":"BreadcrumbList","@id":"https:\/\/vocesdelacomuna15.com.ar\/press\/la-ciudad-reconocio-el-trabajo-solidario-que-realizaron-mas-de-4500-voluntarios-durante-2024\/#breadcrumb","itemListElement":[{"@type":"ListItem","position":1,"name":"Inicio","item":"https:\/\/vocesdelacomuna15.com.ar\/press\/"},{"@type":"ListItem","position":2,"name":"La Ciudad reconoci\u00f3 el trabajo solidario que realizaron m\u00e1s de 4500 voluntarios durante 2024"}]},{"@type":"WebSite","@id":"https:\/\/vocesdelacomuna15.com.ar\/press\/#website","url":"https:\/\/vocesdelacomuna15.com.ar\/press\/","name":"Voces de la Comuna 15","description":"Sitio web de noticias","publisher":{"@id":"https:\/\/vocesdelacomuna15.com.ar\/press\/#organization"},"potentialAction":[{"@type":"SearchAction","target":{"@type":"EntryPoint","urlTemplate":"https:\/\/vocesdelacomuna15.com.ar\/press\/?s={search_term_string}"},"query-input":{"@type":"PropertyValueSpecification","valueRequired":true,"valueName":"search_term_string"}}],"inLanguage":"es-AR"},{"@type":"Organization","@id":"https:\/\/vocesdelacomuna15.com.ar\/press\/#organization","name":"Voces de la Comuna 15","url":"https:\/\/vocesdelacomuna15.com.ar\/press\/","logo":{"@type":"ImageObject","inLanguage":"es-AR","@id":"https:\/\/vocesdelacomuna15.com.ar\/press\/#\/schema\/logo\/image\/","url":"https:\/\/vocesdelacomuna15.com.ar\/wp-content\/uploads\/2024\/12\/cropped-logo_voces.jpg","contentUrl":"https:\/\/vocesdelacomuna15.com.ar\/wp-content\/uploads\/2024\/12\/cropped-logo_voces.jpg","width":512,"height":512,"caption":"Voces de la Comuna 15"},"image":{"@id":"https:\/\/vocesdelacomuna15.com.ar\/press\/#\/schema\/logo\/image\/"},"sameAs":["https:\/\/www.facebook.com\/VocesComuna15\/","https:\/\/x.com\/vocescomuna15"]},{"@type":"Person","@id":"https:\/\/vocesdelacomuna15.com.ar\/press\/#\/schema\/person\/4739e109db25d799cd3d139eeb509e43","name":"Federico Arguto","image":{"@type":"ImageObject","inLanguage":"es-AR","@id":"https:\/\/vocesdelacomuna15.com.ar\/wp-content\/litespeed\/avatar\/82faf979976f1bae889b8b71f8a0a7e5.jpg?ver=1777419741","url":"https:\/\/vocesdelacomuna15.com.ar\/wp-content\/litespeed\/avatar\/82faf979976f1bae889b8b71f8a0a7e5.jpg?ver=1777419741","contentUrl":"https:\/\/vocesdelacomuna15.com.ar\/wp-content\/litespeed\/avatar\/82faf979976f1bae889b8b71f8a0a7e5.jpg?ver=1777419741","caption":"Federico Arguto"},"url":"https:\/\/vocesdelacomuna15.com.ar\/press\/author\/fede\/"}]}},"_links":{"self":[{"href":"https:\/\/vocesdelacomuna15.com.ar\/press\/wp-json\/wp\/v2\/posts\/64459","targetHints":{"allow":["GET"]}}],"collection":[{"href":"https:\/\/vocesdelacomuna15.com.ar\/press\/wp-json\/wp\/v2\/posts"}],"about":[{"href":"https:\/\/vocesdelacomuna15.com.ar\/press\/wp-json\/wp\/v2\/types\/post"}],"author":[{"embeddable":true,"href":"https:\/\/vocesdelacomuna15.com.ar\/press\/wp-json\/wp\/v2\/users\/2"}],"replies":[{"embeddable":true,"href":"https:\/\/vocesdelacomuna15.com.ar\/press\/wp-json\/wp\/v2\/comments?post=64459"}],"version-history":[{"count":1,"href":"https:\/\/vocesdelacomuna15.com.ar\/press\/wp-json\/wp\/v2\/posts\/64459\/revisions"}],"predecessor-version":[{"id":64461,"href":"https:\/\/vocesdelacomuna15.com.ar\/press\/wp-json\/wp\/v2\/posts\/64459\/revisions\/64461"}],"wp:featuredmedia":[{"embeddable":true,"href":"https:\/\/vocesdelacomuna15.com.ar\/press\/wp-json\/wp\/v2\/media\/64460"}],"wp:attachment":[{"href":"https:\/\/vocesdelacomuna15.com.ar\/press\/wp-json\/wp\/v2\/media?parent=64459"}],"wp:term":[{"taxonomy":"category","embeddable":true,"href":"https:\/\/vocesdelacomuna15.com.ar\/press\/wp-json\/wp\/v2\/categories?post=64459"},{"taxonomy":"post_tag","embeddable":true,"href":"https:\/\/vocesdelacomuna15.com.ar\/press\/wp-json\/wp\/v2\/tags?post=64459"}],"curies":[{"name":"wp","href":"https:\/\/api.w.org\/{rel}","templated":true}]}}