{"id":64455,"date":"2024-12-16T12:09:56","date_gmt":"2024-12-16T15:09:56","guid":{"rendered":"https:\/\/vocesdelacomuna15.com.ar\/?p=64455"},"modified":"2024-12-13T12:13:48","modified_gmt":"2024-12-13T15:13:48","slug":"la-ciudad-ofrecera-el-dispositivo-telepase-gratis-en-las-comunas","status":"publish","type":"post","link":"https:\/\/vocesdelacomuna15.com.ar\/press\/la-ciudad-ofrecera-el-dispositivo-telepase-gratis-en-las-comunas\/","title":{"rendered":"La Ciudad ofrecer\u00e1 el dispositivo TelePASE gratis en las Comunas"},"content":{"rendered":"\n<p>Desde el pr\u00f3ximo lunes los conductores podr\u00e1n retirar el dispositivo TelePASE, que permite pasar por los peajes sin detenerse y abonar los consumos a trav\u00e9s de tarjeta de cr\u00e9dito, d\u00e9bito o Mercado Pago. Este dispositivo estar\u00e1 disponible de manera gratuita en 20 sedes para los porte\u00f1os.<\/p>\n\n\n\n<p>Fuente: Buenosaires.gob.ar<\/p>\n\n\n\n<p>Link a nota completa: https:\/\/buenosaires.gob.ar\/noticias\/la-ciudad-ofrecera-el-dispositivo-telepase-gratis-en-las-comunas<\/p>\n\n\n\n<p>Se acerca el verano y miles de automovilistas pondr\u00e1n rumbo a sus merecidas vacaciones o escapadas por distintas rutas argentinas; una cuesti\u00f3n a tener en cuenta es la aplicaci\u00f3n del sistema&nbsp;TelePASE&nbsp;al veh\u00edculo con el que se viaja, que permite a los conductores ahorrar tiempo y sortear las barreras sin tener que detenerse para pagar con efectivo. Para facilitar el acceso de los porte\u00f1os a este sistema,&nbsp;la Ciudad acord\u00f3 su distribuci\u00f3n gratuita a trav\u00e9s de las sedes comunales.&nbsp;<\/p>\n\n\n\n<p>\u201cNuestra tarea es facilitarle a los vecinos el acceso a los tr\u00e1mites y servicios que brinda la Ciudad. La distribuci\u00f3n de este dispositivo es un paso adelante que le permite a los automovilistas ahorrar tiempo y dinero, por eso lo ofrecemos ahora en nuestras sedes comunales de manera gratuita\u201d, destac\u00f3 C\u00e9sar Torres, secretario de Gobierno y V\u00ednculo Ciudadano.<\/p>\n\n\n\n<p>Por su parte, Carlos Frugoni, presidente y director general de AUSA, coment\u00f3: &#8220;En Autopistas Urbanas trabajamos para que la movilidad en la Ciudad sea m\u00e1s eficiente, sustentable y accesible. Con este acuerdo, ponemos a TelePASE al alcance de todos los vecinos en todas las comunas, ofreci\u00e9ndoles la posibilidad de optimizar su tiempo, reducir costos y apostar por una movilidad sin barreras&#8221;.<\/p>\n\n\n\n<p>Hay que destacar que cualquier vecino se podr\u00e1 presentar de forma espont\u00e1nea y solicitar el dispositivo. Desde la Secretar\u00eda a cargo de C\u00e9sar Torres informaron que el personal de atenci\u00f3n ciudadana ha sido capacitado para asesorar a los vecinos sobre todas las particularidades del sistema.&nbsp;<\/p>\n\n\n\n<p>El sistema de peaje autom\u00e1tico funciona mediante un \u00fanico dispositivo llamado TAG; el mismo consiste en una oblea electr\u00f3nica con un chip incorporado que se adhiere al interior del parabrisas delantero del veh\u00edculo. Para el caso de las motos, el mismo debe adherirse en el parabrisas o arriba de la \u00f3ptica.&nbsp;<\/p>\n\n\n\n<p>Los vecinos que se acerquen a las comunas recibir\u00e1n un kit que incluye el dispositivo y una gu\u00eda pr\u00e1ctica para su autocolocaci\u00f3n. Una vez adherida la oblea es necesario realizar la activaci\u00f3n a trav\u00e9s de la web&nbsp;www.telepase.com.ar&nbsp;en la secci\u00f3n &#8220;activalo ahora&#8221;. El conductor deber\u00e1 completar un formulario y generar un usuario que le permitir\u00e1 acceder a la informaci\u00f3n que brinda el sistema y configurar su forma de pago.<\/p>\n\n\n\n<p>Los principales beneficios son el pago de peajes sin llevar efectivo, adem\u00e1s de pasar sin detenerte. Se puede adherir mediante tarjeta de cr\u00e9dito o d\u00e9bito y se realiza el d\u00e9bito autom\u00e1tico a mes vencido o se puede registrar con Mercado Pago y se abona al momento de la pasada mediante la billetera virtual. Solo se paga cuando se usa. Adem\u00e1s, los peajes tienen cabinas exclusivas para TelePASE.<\/p>\n\n\n\n<p>Finalmente, con este sistema el vecino tiene el detalle de todas las pasadas y facturas online. La adhesi\u00f3n ser\u00e1 sin cargo para todos los veh\u00edculos y se podr\u00e1 solicitar la cantidad de dispositivos que el vecino precise.<\/p>\n\n\n\n<p>El sistema de peaje autom\u00e1tico sirve tambi\u00e9n para abonar el uso de las autopistas de la Ciudad que reemplazaron las cabinas de peajes por p\u00f3rticos de lectura autom\u00e1tica, como la Illia, peaje Alberti, peaje Parque Avellaneda sentido provincia y Paseo del Bajo.<\/p>\n\n\n\n<p>Para saber m\u00e1s sobre el uso de este sistema y conocer las trazas en las que se usa TelePASE se puede ingresar en la web oficial&nbsp;www.telepase.com.ar.&nbsp;<\/p>\n\n\n\n<p>Direcciones y horarios para retirarlo<\/p>\n\n\n\n<ul class=\"wp-block-list\">\n<li>Sede Comunal 1 &#8211; Humberto 1\u00b0 250. Lun a Vier de 8 a 16 h.<\/li>\n\n\n\n<li>Sede Comunal 2 &#8211; J E Uriburu 1022. Lun a Vier de 8 a 16 h.<\/li>\n\n\n\n<li>Subsede Comunal 2 &#8211; Vte. L\u00f3pez 2050. Lun a Vier de 9 a 16 h.<\/li>\n\n\n\n<li>Sede Comunal 3 &#8211; Sarand\u00ed 1273. Lun a Vier de 9 a 15 h.<\/li>\n\n\n\n<li>Unidad de Atenci\u00f3n Ciudadana 4 &#8211; Av. Mart\u00edn Garc\u00eda 464. Lun a Vier de 8 a 16 h.<\/li>\n\n\n\n<li>Sede Comunal 4 &#8211; Del Barco Centenera 2906. Lun a Vier de 8 a 16 h.<\/li>\n\n\n\n<li>Sede Comunal 5 &#8211; Carlos Calvo 3307 &#8211; Lun a Vier de 8 a 16 h.<\/li>\n\n\n\n<li>Sede Comunal 6 &#8211; Av. Patricias Argentinas 277- Lun a Vier de 8 a 16 h.<\/li>\n\n\n\n<li>Sede Comunal 7 &#8211; Av. Rivadavia 7202. Lun a Vier de 8 a 16 h.<\/li>\n\n\n\n<li>Subsede Comunal 7 &#8211; Emilio Mitre 956 &#8211; Lun a Vier de 8 a 16 h.<\/li>\n\n\n\n<li>Sede Comunal 8 &#8211; Ubicaci\u00f3n: Av. Cnel. Roca 5252. Lun a Vier de 8 a 16 h.<\/li>\n\n\n\n<li>Sede Comunal 9 &#8211; Timoteo Gordillo 2212. \u00a0Lun a Vier de 8 a 16 h.<\/li>\n\n\n\n<li>Subsede Comunal 9 &#8211; Ubicaci\u00f3n: Av. Directorio 4360 (mismo horario)<\/li>\n\n\n\n<li>Sede Comunal 10 &#8211; Bacacay 3968. Lun a Vier de 8 a 16 h.<\/li>\n\n\n\n<li>Sede Comunal 11 &#8211; Av. Francisco Beir\u00f3 4680 &#8211; Lun a Vier de 8 a 16 h.<\/li>\n\n\n\n<li>Subsede Comunal 11 &#8211; Ricardo Guti\u00e9rrez 3254. Lun a Vier de 8 a 15 h.<\/li>\n\n\n\n<li>Sede Comunal 12 &#8211; Holmberg 2548. Lun a Vier de 8 a 16 h.<\/li>\n\n\n\n<li>Sede Comunal 13 &#8211; Av. Cabildo 3067. Lun a Vier de 8 a 16 h.<\/li>\n\n\n\n<li>Sede Comunal 14 &#8211; Beruti 3325. Lun a Vier de 8 a 16 h.<\/li>\n\n\n\n<li>Sede Comunal 15 &#8211; Av C\u00f3rdoba 5690. Lun a Vier de 8 a 16 h.<\/li>\n<\/ul>\n<div class=\"pvc_clear\"><\/div><p id=\"pvc_stats_64455\" class=\"pvc_stats all  \" data-element-id=\"64455\" style=\"\"><i class=\"pvc-stats-icon small\" aria-hidden=\"true\"><svg aria-hidden=\"true\" focusable=\"false\" data-prefix=\"far\" data-icon=\"chart-bar\" role=\"img\" xmlns=\"http:\/\/www.w3.org\/2000\/svg\" viewBox=\"0 0 512 512\" class=\"svg-inline--fa fa-chart-bar fa-w-16 fa-2x\"><path fill=\"currentColor\" d=\"M396.8 352h22.4c6.4 0 12.8-6.4 12.8-12.8V108.8c0-6.4-6.4-12.8-12.8-12.8h-22.4c-6.4 0-12.8 6.4-12.8 12.8v230.4c0 6.4 6.4 12.8 12.8 12.8zm-192 0h22.4c6.4 0 12.8-6.4 12.8-12.8V140.8c0-6.4-6.4-12.8-12.8-12.8h-22.4c-6.4 0-12.8 6.4-12.8 12.8v198.4c0 6.4 6.4 12.8 12.8 12.8zm96 0h22.4c6.4 0 12.8-6.4 12.8-12.8V204.8c0-6.4-6.4-12.8-12.8-12.8h-22.4c-6.4 0-12.8 6.4-12.8 12.8v134.4c0 6.4 6.4 12.8 12.8 12.8zM496 400H48V80c0-8.84-7.16-16-16-16H16C7.16 64 0 71.16 0 80v336c0 17.67 14.33 32 32 32h464c8.84 0 16-7.16 16-16v-16c0-8.84-7.16-16-16-16zm-387.2-48h22.4c6.4 0 12.8-6.4 12.8-12.8v-70.4c0-6.4-6.4-12.8-12.8-12.8h-22.4c-6.4 0-12.8 6.4-12.8 12.8v70.4c0 6.4 6.4 12.8 12.8 12.8z\" class=\"\"><\/path><\/svg><\/i> <img loading=\"lazy\" decoding=\"async\" width=\"16\" height=\"16\" alt=\"Loading\" src=\"https:\/\/vocesdelacomuna15.com.ar\/wp-content\/plugins\/page-views-count\/ajax-loader-2x.gif\" border=0 \/><\/p><div class=\"pvc_clear\"><\/div>","protected":false},"excerpt":{"rendered":"<p>Desde el pr\u00f3ximo lunes los conductores podr\u00e1n retirar el dispositivo TelePASE, que permite pasar por los peajes sin detenerse y abonar los consumos a trav\u00e9s de tarjeta de cr\u00e9dito, d\u00e9bito o Mercado Pago. Este dispositivo estar\u00e1 disponible de manera gratuita en 20 sedes para los porte\u00f1os. Fuente: Buenosaires.gob.ar Link a nota completa: https:\/\/buenosaires.gob.ar\/noticias\/la-ciudad-ofrecera-el-dispositivo-telepase-gratis-en-las-comunas Se acerca [&hellip;]<\/p>\n<div class=\"pvc_clear\"><\/div>\n<p id=\"pvc_stats_64455\" class=\"pvc_stats all  \" data-element-id=\"64455\" style=\"\"><i class=\"pvc-stats-icon small\" aria-hidden=\"true\"><svg aria-hidden=\"true\" focusable=\"false\" data-prefix=\"far\" data-icon=\"chart-bar\" role=\"img\" xmlns=\"http:\/\/www.w3.org\/2000\/svg\" viewBox=\"0 0 512 512\" class=\"svg-inline--fa fa-chart-bar fa-w-16 fa-2x\"><path fill=\"currentColor\" d=\"M396.8 352h22.4c6.4 0 12.8-6.4 12.8-12.8V108.8c0-6.4-6.4-12.8-12.8-12.8h-22.4c-6.4 0-12.8 6.4-12.8 12.8v230.4c0 6.4 6.4 12.8 12.8 12.8zm-192 0h22.4c6.4 0 12.8-6.4 12.8-12.8V140.8c0-6.4-6.4-12.8-12.8-12.8h-22.4c-6.4 0-12.8 6.4-12.8 12.8v198.4c0 6.4 6.4 12.8 12.8 12.8zm96 0h22.4c6.4 0 12.8-6.4 12.8-12.8V204.8c0-6.4-6.4-12.8-12.8-12.8h-22.4c-6.4 0-12.8 6.4-12.8 12.8v134.4c0 6.4 6.4 12.8 12.8 12.8zM496 400H48V80c0-8.84-7.16-16-16-16H16C7.16 64 0 71.16 0 80v336c0 17.67 14.33 32 32 32h464c8.84 0 16-7.16 16-16v-16c0-8.84-7.16-16-16-16zm-387.2-48h22.4c6.4 0 12.8-6.4 12.8-12.8v-70.4c0-6.4-6.4-12.8-12.8-12.8h-22.4c-6.4 0-12.8 6.4-12.8 12.8v70.4c0 6.4 6.4 12.8 12.8 12.8z\" class=\"\"><\/path><\/svg><\/i> <img loading=\"lazy\" decoding=\"async\" width=\"16\" height=\"16\" alt=\"Loading\" src=\"https:\/\/vocesdelacomuna15.com.ar\/wp-content\/plugins\/page-views-count\/ajax-loader-2x.gif\" border=0 \/><\/p>\n<div class=\"pvc_clear\"><\/div>\n","protected":false},"author":2,"featured_media":64457,"comment_status":"open","ping_status":"open","sticky":false,"template":"","format":"standard","meta":{"_et_pb_use_builder":"off","_et_pb_old_content":"","_et_gb_content_width":"","footnotes":""},"categories":[26],"tags":[],"class_list":["post-64455","post","type-post","status-publish","format-standard","has-post-thumbnail","hentry","category-ciudad","et-has-post-format-content","et_post_format-et-post-format-standard"],"a3_pvc":{"activated":true,"total_views":16,"today_views":0},"yoast_head":"<!-- This site is optimized with the Yoast SEO plugin v27.5 - https:\/\/yoast.com\/product\/yoast-seo-wordpress\/ -->\n<title>La Ciudad ofrecer\u00e1 el dispositivo TelePASE gratis en las Comunas - Voces de la Comuna 15<\/title>\n<meta name=\"description\" content=\"Voces de la Comuna 15\" \/>\n<meta name=\"robots\" content=\"index, follow, max-snippet:-1, max-image-preview:large, max-video-preview:-1\" \/>\n<link rel=\"canonical\" href=\"https:\/\/vocesdelacomuna15.com.ar\/press\/la-ciudad-ofrecera-el-dispositivo-telepase-gratis-en-las-comunas\/\" \/>\n<meta property=\"og:locale\" content=\"es_ES\" \/>\n<meta property=\"og:type\" content=\"article\" \/>\n<meta property=\"og:title\" content=\"La Ciudad ofrecer\u00e1 el dispositivo TelePASE gratis en las Comunas - Voces de la Comuna 15\" \/>\n<meta property=\"og:description\" content=\"Voces de la Comuna 15\" \/>\n<meta property=\"og:url\" content=\"https:\/\/vocesdelacomuna15.com.ar\/press\/la-ciudad-ofrecera-el-dispositivo-telepase-gratis-en-las-comunas\/\" \/>\n<meta property=\"og:site_name\" content=\"Voces de la Comuna 15\" \/>\n<meta property=\"article:publisher\" content=\"https:\/\/www.facebook.com\/VocesComuna15\/\" \/>\n<meta property=\"article:published_time\" content=\"2024-12-16T15:09:56+00:00\" \/>\n<meta property=\"og:image\" content=\"https:\/\/vocesdelacomuna15.com.ar\/wp-content\/uploads\/2024\/12\/imagen-portada-Comuna-2_0-scaled.jpg\" \/>\n\t<meta property=\"og:image:width\" content=\"2560\" \/>\n\t<meta property=\"og:image:height\" content=\"1920\" \/>\n\t<meta property=\"og:image:type\" content=\"image\/jpeg\" \/>\n<meta name=\"author\" content=\"Federico Arguto\" \/>\n<meta name=\"twitter:card\" content=\"summary_large_image\" \/>\n<meta name=\"twitter:creator\" content=\"@vocescomuna15\" \/>\n<meta name=\"twitter:site\" content=\"@vocescomuna15\" \/>\n<meta name=\"twitter:label1\" content=\"Escrito por\" \/>\n\t<meta name=\"twitter:data1\" content=\"Federico Arguto\" \/>\n\t<meta name=\"twitter:label2\" content=\"Tiempo de lectura\" \/>\n\t<meta name=\"twitter:data2\" content=\"4 minutos\" \/>\n<script type=\"application\/ld+json\" class=\"yoast-schema-graph\">{\"@context\":\"https:\\\/\\\/schema.org\",\"@graph\":[{\"@type\":\"Article\",\"@id\":\"https:\\\/\\\/vocesdelacomuna15.com.ar\\\/press\\\/la-ciudad-ofrecera-el-dispositivo-telepase-gratis-en-las-comunas\\\/#article\",\"isPartOf\":{\"@id\":\"https:\\\/\\\/vocesdelacomuna15.com.ar\\\/press\\\/la-ciudad-ofrecera-el-dispositivo-telepase-gratis-en-las-comunas\\\/\"},\"author\":{\"name\":\"Federico Arguto\",\"@id\":\"https:\\\/\\\/vocesdelacomuna15.com.ar\\\/press\\\/#\\\/schema\\\/person\\\/4739e109db25d799cd3d139eeb509e43\"},\"headline\":\"La Ciudad ofrecer\u00e1 el dispositivo TelePASE gratis en las Comunas\",\"datePublished\":\"2024-12-16T15:09:56+00:00\",\"mainEntityOfPage\":{\"@id\":\"https:\\\/\\\/vocesdelacomuna15.com.ar\\\/press\\\/la-ciudad-ofrecera-el-dispositivo-telepase-gratis-en-las-comunas\\\/\"},\"wordCount\":908,\"commentCount\":0,\"publisher\":{\"@id\":\"https:\\\/\\\/vocesdelacomuna15.com.ar\\\/press\\\/#organization\"},\"image\":{\"@id\":\"https:\\\/\\\/vocesdelacomuna15.com.ar\\\/press\\\/la-ciudad-ofrecera-el-dispositivo-telepase-gratis-en-las-comunas\\\/#primaryimage\"},\"thumbnailUrl\":\"https:\\\/\\\/vocesdelacomuna15.com.ar\\\/wp-content\\\/uploads\\\/2024\\\/12\\\/imagen-portada-Comuna-2_0-scaled.jpg\",\"articleSection\":[\"Ciudad\"],\"inLanguage\":\"es-AR\",\"potentialAction\":[{\"@type\":\"CommentAction\",\"name\":\"Comment\",\"target\":[\"https:\\\/\\\/vocesdelacomuna15.com.ar\\\/press\\\/la-ciudad-ofrecera-el-dispositivo-telepase-gratis-en-las-comunas\\\/#respond\"]}]},{\"@type\":\"WebPage\",\"@id\":\"https:\\\/\\\/vocesdelacomuna15.com.ar\\\/press\\\/la-ciudad-ofrecera-el-dispositivo-telepase-gratis-en-las-comunas\\\/\",\"url\":\"https:\\\/\\\/vocesdelacomuna15.com.ar\\\/press\\\/la-ciudad-ofrecera-el-dispositivo-telepase-gratis-en-las-comunas\\\/\",\"name\":\"La Ciudad ofrecer\u00e1 el dispositivo TelePASE gratis en las Comunas - Voces de la Comuna 15\",\"isPartOf\":{\"@id\":\"https:\\\/\\\/vocesdelacomuna15.com.ar\\\/press\\\/#website\"},\"primaryImageOfPage\":{\"@id\":\"https:\\\/\\\/vocesdelacomuna15.com.ar\\\/press\\\/la-ciudad-ofrecera-el-dispositivo-telepase-gratis-en-las-comunas\\\/#primaryimage\"},\"image\":{\"@id\":\"https:\\\/\\\/vocesdelacomuna15.com.ar\\\/press\\\/la-ciudad-ofrecera-el-dispositivo-telepase-gratis-en-las-comunas\\\/#primaryimage\"},\"thumbnailUrl\":\"https:\\\/\\\/vocesdelacomuna15.com.ar\\\/wp-content\\\/uploads\\\/2024\\\/12\\\/imagen-portada-Comuna-2_0-scaled.jpg\",\"datePublished\":\"2024-12-16T15:09:56+00:00\",\"description\":\"Voces de la Comuna 15\",\"breadcrumb\":{\"@id\":\"https:\\\/\\\/vocesdelacomuna15.com.ar\\\/press\\\/la-ciudad-ofrecera-el-dispositivo-telepase-gratis-en-las-comunas\\\/#breadcrumb\"},\"inLanguage\":\"es-AR\",\"potentialAction\":[{\"@type\":\"ReadAction\",\"target\":[\"https:\\\/\\\/vocesdelacomuna15.com.ar\\\/press\\\/la-ciudad-ofrecera-el-dispositivo-telepase-gratis-en-las-comunas\\\/\"]}]},{\"@type\":\"ImageObject\",\"inLanguage\":\"es-AR\",\"@id\":\"https:\\\/\\\/vocesdelacomuna15.com.ar\\\/press\\\/la-ciudad-ofrecera-el-dispositivo-telepase-gratis-en-las-comunas\\\/#primaryimage\",\"url\":\"https:\\\/\\\/vocesdelacomuna15.com.ar\\\/wp-content\\\/uploads\\\/2024\\\/12\\\/imagen-portada-Comuna-2_0-scaled.jpg\",\"contentUrl\":\"https:\\\/\\\/vocesdelacomuna15.com.ar\\\/wp-content\\\/uploads\\\/2024\\\/12\\\/imagen-portada-Comuna-2_0-scaled.jpg\",\"width\":2560,\"height\":1920},{\"@type\":\"BreadcrumbList\",\"@id\":\"https:\\\/\\\/vocesdelacomuna15.com.ar\\\/press\\\/la-ciudad-ofrecera-el-dispositivo-telepase-gratis-en-las-comunas\\\/#breadcrumb\",\"itemListElement\":[{\"@type\":\"ListItem\",\"position\":1,\"name\":\"Inicio\",\"item\":\"https:\\\/\\\/vocesdelacomuna15.com.ar\\\/press\\\/\"},{\"@type\":\"ListItem\",\"position\":2,\"name\":\"La Ciudad ofrecer\u00e1 el dispositivo TelePASE gratis en las Comunas\"}]},{\"@type\":\"WebSite\",\"@id\":\"https:\\\/\\\/vocesdelacomuna15.com.ar\\\/press\\\/#website\",\"url\":\"https:\\\/\\\/vocesdelacomuna15.com.ar\\\/press\\\/\",\"name\":\"Voces de la Comuna 15\",\"description\":\"Sitio web de noticias\",\"publisher\":{\"@id\":\"https:\\\/\\\/vocesdelacomuna15.com.ar\\\/press\\\/#organization\"},\"potentialAction\":[{\"@type\":\"SearchAction\",\"target\":{\"@type\":\"EntryPoint\",\"urlTemplate\":\"https:\\\/\\\/vocesdelacomuna15.com.ar\\\/press\\\/?s={search_term_string}\"},\"query-input\":{\"@type\":\"PropertyValueSpecification\",\"valueRequired\":true,\"valueName\":\"search_term_string\"}}],\"inLanguage\":\"es-AR\"},{\"@type\":\"Organization\",\"@id\":\"https:\\\/\\\/vocesdelacomuna15.com.ar\\\/press\\\/#organization\",\"name\":\"Voces de la Comuna 15\",\"url\":\"https:\\\/\\\/vocesdelacomuna15.com.ar\\\/press\\\/\",\"logo\":{\"@type\":\"ImageObject\",\"inLanguage\":\"es-AR\",\"@id\":\"https:\\\/\\\/vocesdelacomuna15.com.ar\\\/press\\\/#\\\/schema\\\/logo\\\/image\\\/\",\"url\":\"https:\\\/\\\/vocesdelacomuna15.com.ar\\\/wp-content\\\/uploads\\\/2024\\\/12\\\/cropped-logo_voces.jpg\",\"contentUrl\":\"https:\\\/\\\/vocesdelacomuna15.com.ar\\\/wp-content\\\/uploads\\\/2024\\\/12\\\/cropped-logo_voces.jpg\",\"width\":512,\"height\":512,\"caption\":\"Voces de la Comuna 15\"},\"image\":{\"@id\":\"https:\\\/\\\/vocesdelacomuna15.com.ar\\\/press\\\/#\\\/schema\\\/logo\\\/image\\\/\"},\"sameAs\":[\"https:\\\/\\\/www.facebook.com\\\/VocesComuna15\\\/\",\"https:\\\/\\\/x.com\\\/vocescomuna15\"]},{\"@type\":\"Person\",\"@id\":\"https:\\\/\\\/vocesdelacomuna15.com.ar\\\/press\\\/#\\\/schema\\\/person\\\/4739e109db25d799cd3d139eeb509e43\",\"name\":\"Federico Arguto\",\"image\":{\"@type\":\"ImageObject\",\"inLanguage\":\"es-AR\",\"@id\":\"https:\\\/\\\/vocesdelacomuna15.com.ar\\\/wp-content\\\/litespeed\\\/avatar\\\/82faf979976f1bae889b8b71f8a0a7e5.jpg?ver=1777419741\",\"url\":\"https:\\\/\\\/vocesdelacomuna15.com.ar\\\/wp-content\\\/litespeed\\\/avatar\\\/82faf979976f1bae889b8b71f8a0a7e5.jpg?ver=1777419741\",\"contentUrl\":\"https:\\\/\\\/vocesdelacomuna15.com.ar\\\/wp-content\\\/litespeed\\\/avatar\\\/82faf979976f1bae889b8b71f8a0a7e5.jpg?ver=1777419741\",\"caption\":\"Federico Arguto\"},\"url\":\"https:\\\/\\\/vocesdelacomuna15.com.ar\\\/press\\\/author\\\/fede\\\/\"}]}<\/script>\n<!-- \/ Yoast SEO plugin. -->","yoast_head_json":{"title":"La Ciudad ofrecer\u00e1 el dispositivo TelePASE gratis en las Comunas - Voces de la Comuna 15","description":"Voces de la Comuna 15","robots":{"index":"index","follow":"follow","max-snippet":"max-snippet:-1","max-image-preview":"max-image-preview:large","max-video-preview":"max-video-preview:-1"},"canonical":"https:\/\/vocesdelacomuna15.com.ar\/press\/la-ciudad-ofrecera-el-dispositivo-telepase-gratis-en-las-comunas\/","og_locale":"es_ES","og_type":"article","og_title":"La Ciudad ofrecer\u00e1 el dispositivo TelePASE gratis en las Comunas - Voces de la Comuna 15","og_description":"Voces de la Comuna 15","og_url":"https:\/\/vocesdelacomuna15.com.ar\/press\/la-ciudad-ofrecera-el-dispositivo-telepase-gratis-en-las-comunas\/","og_site_name":"Voces de la Comuna 15","article_publisher":"https:\/\/www.facebook.com\/VocesComuna15\/","article_published_time":"2024-12-16T15:09:56+00:00","og_image":[{"width":2560,"height":1920,"url":"https:\/\/vocesdelacomuna15.com.ar\/wp-content\/uploads\/2024\/12\/imagen-portada-Comuna-2_0-scaled.jpg","type":"image\/jpeg"}],"author":"Federico Arguto","twitter_card":"summary_large_image","twitter_creator":"@vocescomuna15","twitter_site":"@vocescomuna15","twitter_misc":{"Escrito por":"Federico Arguto","Tiempo de lectura":"4 minutos"},"schema":{"@context":"https:\/\/schema.org","@graph":[{"@type":"Article","@id":"https:\/\/vocesdelacomuna15.com.ar\/press\/la-ciudad-ofrecera-el-dispositivo-telepase-gratis-en-las-comunas\/#article","isPartOf":{"@id":"https:\/\/vocesdelacomuna15.com.ar\/press\/la-ciudad-ofrecera-el-dispositivo-telepase-gratis-en-las-comunas\/"},"author":{"name":"Federico Arguto","@id":"https:\/\/vocesdelacomuna15.com.ar\/press\/#\/schema\/person\/4739e109db25d799cd3d139eeb509e43"},"headline":"La Ciudad ofrecer\u00e1 el dispositivo TelePASE gratis en las Comunas","datePublished":"2024-12-16T15:09:56+00:00","mainEntityOfPage":{"@id":"https:\/\/vocesdelacomuna15.com.ar\/press\/la-ciudad-ofrecera-el-dispositivo-telepase-gratis-en-las-comunas\/"},"wordCount":908,"commentCount":0,"publisher":{"@id":"https:\/\/vocesdelacomuna15.com.ar\/press\/#organization"},"image":{"@id":"https:\/\/vocesdelacomuna15.com.ar\/press\/la-ciudad-ofrecera-el-dispositivo-telepase-gratis-en-las-comunas\/#primaryimage"},"thumbnailUrl":"https:\/\/vocesdelacomuna15.com.ar\/wp-content\/uploads\/2024\/12\/imagen-portada-Comuna-2_0-scaled.jpg","articleSection":["Ciudad"],"inLanguage":"es-AR","potentialAction":[{"@type":"CommentAction","name":"Comment","target":["https:\/\/vocesdelacomuna15.com.ar\/press\/la-ciudad-ofrecera-el-dispositivo-telepase-gratis-en-las-comunas\/#respond"]}]},{"@type":"WebPage","@id":"https:\/\/vocesdelacomuna15.com.ar\/press\/la-ciudad-ofrecera-el-dispositivo-telepase-gratis-en-las-comunas\/","url":"https:\/\/vocesdelacomuna15.com.ar\/press\/la-ciudad-ofrecera-el-dispositivo-telepase-gratis-en-las-comunas\/","name":"La Ciudad ofrecer\u00e1 el dispositivo TelePASE gratis en las Comunas - Voces de la Comuna 15","isPartOf":{"@id":"https:\/\/vocesdelacomuna15.com.ar\/press\/#website"},"primaryImageOfPage":{"@id":"https:\/\/vocesdelacomuna15.com.ar\/press\/la-ciudad-ofrecera-el-dispositivo-telepase-gratis-en-las-comunas\/#primaryimage"},"image":{"@id":"https:\/\/vocesdelacomuna15.com.ar\/press\/la-ciudad-ofrecera-el-dispositivo-telepase-gratis-en-las-comunas\/#primaryimage"},"thumbnailUrl":"https:\/\/vocesdelacomuna15.com.ar\/wp-content\/uploads\/2024\/12\/imagen-portada-Comuna-2_0-scaled.jpg","datePublished":"2024-12-16T15:09:56+00:00","description":"Voces de la Comuna 15","breadcrumb":{"@id":"https:\/\/vocesdelacomuna15.com.ar\/press\/la-ciudad-ofrecera-el-dispositivo-telepase-gratis-en-las-comunas\/#breadcrumb"},"inLanguage":"es-AR","potentialAction":[{"@type":"ReadAction","target":["https:\/\/vocesdelacomuna15.com.ar\/press\/la-ciudad-ofrecera-el-dispositivo-telepase-gratis-en-las-comunas\/"]}]},{"@type":"ImageObject","inLanguage":"es-AR","@id":"https:\/\/vocesdelacomuna15.com.ar\/press\/la-ciudad-ofrecera-el-dispositivo-telepase-gratis-en-las-comunas\/#primaryimage","url":"https:\/\/vocesdelacomuna15.com.ar\/wp-content\/uploads\/2024\/12\/imagen-portada-Comuna-2_0-scaled.jpg","contentUrl":"https:\/\/vocesdelacomuna15.com.ar\/wp-content\/uploads\/2024\/12\/imagen-portada-Comuna-2_0-scaled.jpg","width":2560,"height":1920},{"@type":"BreadcrumbList","@id":"https:\/\/vocesdelacomuna15.com.ar\/press\/la-ciudad-ofrecera-el-dispositivo-telepase-gratis-en-las-comunas\/#breadcrumb","itemListElement":[{"@type":"ListItem","position":1,"name":"Inicio","item":"https:\/\/vocesdelacomuna15.com.ar\/press\/"},{"@type":"ListItem","position":2,"name":"La Ciudad ofrecer\u00e1 el dispositivo TelePASE gratis en las Comunas"}]},{"@type":"WebSite","@id":"https:\/\/vocesdelacomuna15.com.ar\/press\/#website","url":"https:\/\/vocesdelacomuna15.com.ar\/press\/","name":"Voces de la Comuna 15","description":"Sitio web de noticias","publisher":{"@id":"https:\/\/vocesdelacomuna15.com.ar\/press\/#organization"},"potentialAction":[{"@type":"SearchAction","target":{"@type":"EntryPoint","urlTemplate":"https:\/\/vocesdelacomuna15.com.ar\/press\/?s={search_term_string}"},"query-input":{"@type":"PropertyValueSpecification","valueRequired":true,"valueName":"search_term_string"}}],"inLanguage":"es-AR"},{"@type":"Organization","@id":"https:\/\/vocesdelacomuna15.com.ar\/press\/#organization","name":"Voces de la Comuna 15","url":"https:\/\/vocesdelacomuna15.com.ar\/press\/","logo":{"@type":"ImageObject","inLanguage":"es-AR","@id":"https:\/\/vocesdelacomuna15.com.ar\/press\/#\/schema\/logo\/image\/","url":"https:\/\/vocesdelacomuna15.com.ar\/wp-content\/uploads\/2024\/12\/cropped-logo_voces.jpg","contentUrl":"https:\/\/vocesdelacomuna15.com.ar\/wp-content\/uploads\/2024\/12\/cropped-logo_voces.jpg","width":512,"height":512,"caption":"Voces de la Comuna 15"},"image":{"@id":"https:\/\/vocesdelacomuna15.com.ar\/press\/#\/schema\/logo\/image\/"},"sameAs":["https:\/\/www.facebook.com\/VocesComuna15\/","https:\/\/x.com\/vocescomuna15"]},{"@type":"Person","@id":"https:\/\/vocesdelacomuna15.com.ar\/press\/#\/schema\/person\/4739e109db25d799cd3d139eeb509e43","name":"Federico Arguto","image":{"@type":"ImageObject","inLanguage":"es-AR","@id":"https:\/\/vocesdelacomuna15.com.ar\/wp-content\/litespeed\/avatar\/82faf979976f1bae889b8b71f8a0a7e5.jpg?ver=1777419741","url":"https:\/\/vocesdelacomuna15.com.ar\/wp-content\/litespeed\/avatar\/82faf979976f1bae889b8b71f8a0a7e5.jpg?ver=1777419741","contentUrl":"https:\/\/vocesdelacomuna15.com.ar\/wp-content\/litespeed\/avatar\/82faf979976f1bae889b8b71f8a0a7e5.jpg?ver=1777419741","caption":"Federico Arguto"},"url":"https:\/\/vocesdelacomuna15.com.ar\/press\/author\/fede\/"}]}},"_links":{"self":[{"href":"https:\/\/vocesdelacomuna15.com.ar\/press\/wp-json\/wp\/v2\/posts\/64455","targetHints":{"allow":["GET"]}}],"collection":[{"href":"https:\/\/vocesdelacomuna15.com.ar\/press\/wp-json\/wp\/v2\/posts"}],"about":[{"href":"https:\/\/vocesdelacomuna15.com.ar\/press\/wp-json\/wp\/v2\/types\/post"}],"author":[{"embeddable":true,"href":"https:\/\/vocesdelacomuna15.com.ar\/press\/wp-json\/wp\/v2\/users\/2"}],"replies":[{"embeddable":true,"href":"https:\/\/vocesdelacomuna15.com.ar\/press\/wp-json\/wp\/v2\/comments?post=64455"}],"version-history":[{"count":1,"href":"https:\/\/vocesdelacomuna15.com.ar\/press\/wp-json\/wp\/v2\/posts\/64455\/revisions"}],"predecessor-version":[{"id":64458,"href":"https:\/\/vocesdelacomuna15.com.ar\/press\/wp-json\/wp\/v2\/posts\/64455\/revisions\/64458"}],"wp:featuredmedia":[{"embeddable":true,"href":"https:\/\/vocesdelacomuna15.com.ar\/press\/wp-json\/wp\/v2\/media\/64457"}],"wp:attachment":[{"href":"https:\/\/vocesdelacomuna15.com.ar\/press\/wp-json\/wp\/v2\/media?parent=64455"}],"wp:term":[{"taxonomy":"category","embeddable":true,"href":"https:\/\/vocesdelacomuna15.com.ar\/press\/wp-json\/wp\/v2\/categories?post=64455"},{"taxonomy":"post_tag","embeddable":true,"href":"https:\/\/vocesdelacomuna15.com.ar\/press\/wp-json\/wp\/v2\/tags?post=64455"}],"curies":[{"name":"wp","href":"https:\/\/api.w.org\/{rel}","templated":true}]}}