{"id":64451,"date":"2024-12-16T12:08:23","date_gmt":"2024-12-16T15:08:23","guid":{"rendered":"https:\/\/vocesdelacomuna15.com.ar\/?p=64451"},"modified":"2024-12-13T12:09:28","modified_gmt":"2024-12-13T15:09:28","slug":"naesqui-formo-parte-de-la-noche-de-las-librerias","status":"publish","type":"post","link":"https:\/\/vocesdelacomuna15.com.ar\/press\/naesqui-formo-parte-de-la-noche-de-las-librerias\/","title":{"rendered":"Naesqui form\u00f3 parte de la Noche de las Librer\u00edas"},"content":{"rendered":"\n<p>Este espacio cultural se inaugur\u00f3 este a\u00f1o en Villa Ort\u00fazar<\/p>\n\n\n\n<p>El s\u00e1bado 7 de diciembre entre las 18 y la 1 hs. se llev\u00f3 a cabo en la Ciudad de Buenos Aires una nueva edici\u00f3n de la Noche de las Librer\u00edas. Y en Villa Ort\u00fazar, se hizo presente en esta jornada \u201cNaesqui\u201d, un espacio cultural inaugurado este a\u00f1o en la esquina de Charlone y 14 de Julio.<\/p>\n\n\n\n<p>Se destac\u00f3 la presencia del dibujante y caricaturista argentino Miguel Rep, creador de personajes como \u201cGaspar, el revol\u00fa\u201d. Sobre el final hubo m\u00fasica en vivo en una jornada muy concurrida en \u201cNaesqui\u201d, donde aparte de una librer\u00eda funciona un caf\u00e9.<\/p>\n\n\n\n<p>En el Instagram de Naesqui (@<a href=\"https:\/\/www.instagram.com\/naesqui.librosycafe\/\">naesqui.librosycafe<\/a> ) publicaron:<\/p>\n\n\n\n<p>\u201cEstamos felices con la movida del s\u00e1bado en la primera Noche de las Librer\u00edas de Naesqui! Orgullosos de haber participado.<br><br>Gracias a todas las personas que nos acompa\u00f1aron con tanta onda y amor. Vecinas, vecinos, periodistas, escritores y escritoras que nos acompa\u00f1aron. Fue una noche muy especial para nosotrxs. \ud83c\udf1b\ud83d\udcda\ud83c\udf89<br><br>Comenzamos con la presentaci\u00f3n del libro Preciosas may\u00fasculas, compilado por <a href=\"https:\/\/www.instagram.com\/jgorodischer\/\">@jgorodischer<\/a>. Luego la espectacular intervenci\u00f3n a nuestra fachada del gran <a href=\"https:\/\/www.instagram.com\/repmiguel\/\">@repmiguel<\/a>, y el complemento perfecto para esta velada de la mano de la m\u00fasica en vivo de <a href=\"https:\/\/www.instagram.com\/nicolaspauls\/\">@nicolaspauls<\/a>, <a href=\"https:\/\/www.instagram.com\/titolosavio\/\">@titolosavio<\/a> y <a href=\"https:\/\/www.instagram.com\/faustobenassi\/\">@faustobenassi<\/a>. Cerramos con broche de oro con el LIVESET Ritmotrip con el que todos disfrutamos.<\/p>\n\n\n\n<figure class=\"wp-block-image size-large\"><img loading=\"lazy\" decoding=\"async\" width=\"768\" height=\"1024\" src=\"https:\/\/vocesdelacomuna15.com.ar\/wp-content\/uploads\/2024\/12\/Rep-768x1024.jpg\" alt=\"\" class=\"wp-image-64453\" srcset=\"https:\/\/vocesdelacomuna15.com.ar\/wp-content\/uploads\/2024\/12\/Rep-768x1024.jpg 768w, https:\/\/vocesdelacomuna15.com.ar\/wp-content\/uploads\/2024\/12\/Rep-225x300.jpg 225w, https:\/\/vocesdelacomuna15.com.ar\/wp-content\/uploads\/2024\/12\/Rep-1152x1536.jpg 1152w, https:\/\/vocesdelacomuna15.com.ar\/wp-content\/uploads\/2024\/12\/Rep-1080x1440.jpg 1080w, https:\/\/vocesdelacomuna15.com.ar\/wp-content\/uploads\/2024\/12\/Rep.jpg 1200w\" sizes=\"(max-width: 768px) 100vw, 768px\" \/><\/figure>\n\n\n\n<p><br><br>Gracias a <a href=\"https:\/\/www.instagram.com\/bacultura\/\">@bacultura<\/a>, <a href=\"https:\/\/www.instagram.com\/impulsocultural\/\">@impulsocultural<\/a>, <a href=\"https:\/\/www.instagram.com\/bibliotecasba\/\">@bibliotecasba<\/a>, <a href=\"https:\/\/www.instagram.com\/festialesgcba\/\">@festialesgcba<\/a> y a las librer\u00edas Medio pan y un libro, Ni\u00f1o librer\u00eda, Mala testa y Cespedes por esta maravillosa iniciativa. \u00a1Nos vemos el a\u00f1o que viene!<br><br><a href=\"https:\/\/www.instagram.com\/explore\/tags\/naesquilibrosycaf%C3%A9\/\">#naesquilibrosycaf\u00e9<\/a> <a href=\"https:\/\/www.instagram.com\/explore\/tags\/naesqui\/\">#naesqui<\/a> <a href=\"https:\/\/www.instagram.com\/explore\/tags\/nochedelaslibrer%C3%ADas\/\">#nochedelaslibrer\u00edas<\/a> \u201d<\/p>\n\n\n\n<p>La Noche de las Librer\u00edas es un evento que celebra la pasi\u00f3n por la lectura y el encuentro entre escritores, lectores y libreros. Est\u00e1 enmarcada en el programa Buenos Aires Ciudad de Libros y cuenta con el apoyo de la C\u00e1mara Argentina del Libro (CAL), C\u00e1mara Argentina de Publicaciones (CAP), C\u00e1mara de Libreros y Editores Independientes (CALEDIN), C\u00e1mara Argentina de Papeler\u00edas, Librer\u00edas y Afines (CAPLA), CALI (C\u00e1mara Argentina de Librer\u00edas Independientes (CALI), Asociaci\u00f3n de Amigos de la Avenida Corrientes, Federaci\u00f3n de Comercio e Industria de la Ciudad de Buenos Aires (FECOBA), Asociaci\u00f3n Argentina de Empresarios Teatrales (AADET), Banco Franc\u00e9s, Fundaci\u00f3n El Libro, Fundaci\u00f3n Internacional Jorge Luis Borges, Direcci\u00f3n General de M\u00fasica, Centro Cultural Recoleta, Radio Ciudad y Direcci\u00f3n General de Desarrollo Gastron\u00f3mico.<\/p>\n\n\n\n<p>En la jornada hubo distintos circuitos barriales como San Telmo, Palermo, Villa Crespo, Colegiales y Villa Ort\u00fazar, donde participaron librer\u00edas, caf\u00e9s, museos y espacios culturales, con conciertos y actividades para distintas edades.<\/p>\n\n\n\n<p>Se integr\u00f3 a la propuesta la Biblioteca P\u00fablica Digital Jorge Luis Borges, con puestos en la vereda. Las librer\u00edas adheridas a la \u201cNoche de las Librer\u00edas\u201d fueron las siguientes: Alamut Libros, Ant\u00edgona, Aquilea, Barrio Sur, Borges 1975, Cabur\u00e9, Casa Gerbera, C\u00e9spedes libros, Club Burton, C\u00faspide Corrientes, Dain Usina Cultural, De la Mancha, Dickens, Edipo, El Ja\u00fal, El t\u00fanel libros, Eterna Cadencia, Fedro Libros, Fetiche, Fondo de Cultura, Galerna, Futurock Libros, Gandhi, Gould Libros, Hern\u00e1ndez, Jekyll, Kafka, Karlovich Libros, La Juglaresa, La Libre, La Lechuza de Patricios, La Revister\u00eda, Libros del Pasaje, Librosref, Losada, Los Siete Pilares, Lucas, Malatesta, Mandragora, Medio Pan y Un Libro, Mil Grullas, Metaf\u00edsica, M\u00fasica Nuestra, Monk, Naesqui, Ni\u00f1o Librer\u00eda, Nueva Librer\u00eda, Nuevos Aires, Obel Libros, Otras Orillas, Rosa Luxemburgo, Sigilaria, Sudestada, Sudeste Libros, Suerte Maldita, Te quiero regalar un libro, The Book Cellar &amp; Henschel, Thesauros, Tienda Orsai, Verne, Walrus Books y Yenny Palermo Soho.<\/p>\n\n\n\n<p><a><\/a> Caracteres: 3.656<\/p>\n<div class=\"pvc_clear\"><\/div><p id=\"pvc_stats_64451\" class=\"pvc_stats all  \" data-element-id=\"64451\" style=\"\"><i class=\"pvc-stats-icon small\" aria-hidden=\"true\"><svg aria-hidden=\"true\" focusable=\"false\" data-prefix=\"far\" data-icon=\"chart-bar\" role=\"img\" xmlns=\"http:\/\/www.w3.org\/2000\/svg\" viewBox=\"0 0 512 512\" class=\"svg-inline--fa fa-chart-bar fa-w-16 fa-2x\"><path fill=\"currentColor\" d=\"M396.8 352h22.4c6.4 0 12.8-6.4 12.8-12.8V108.8c0-6.4-6.4-12.8-12.8-12.8h-22.4c-6.4 0-12.8 6.4-12.8 12.8v230.4c0 6.4 6.4 12.8 12.8 12.8zm-192 0h22.4c6.4 0 12.8-6.4 12.8-12.8V140.8c0-6.4-6.4-12.8-12.8-12.8h-22.4c-6.4 0-12.8 6.4-12.8 12.8v198.4c0 6.4 6.4 12.8 12.8 12.8zm96 0h22.4c6.4 0 12.8-6.4 12.8-12.8V204.8c0-6.4-6.4-12.8-12.8-12.8h-22.4c-6.4 0-12.8 6.4-12.8 12.8v134.4c0 6.4 6.4 12.8 12.8 12.8zM496 400H48V80c0-8.84-7.16-16-16-16H16C7.16 64 0 71.16 0 80v336c0 17.67 14.33 32 32 32h464c8.84 0 16-7.16 16-16v-16c0-8.84-7.16-16-16-16zm-387.2-48h22.4c6.4 0 12.8-6.4 12.8-12.8v-70.4c0-6.4-6.4-12.8-12.8-12.8h-22.4c-6.4 0-12.8 6.4-12.8 12.8v70.4c0 6.4 6.4 12.8 12.8 12.8z\" class=\"\"><\/path><\/svg><\/i> <img loading=\"lazy\" decoding=\"async\" width=\"16\" height=\"16\" alt=\"Loading\" src=\"https:\/\/vocesdelacomuna15.com.ar\/wp-content\/plugins\/page-views-count\/ajax-loader-2x.gif\" border=0 \/><\/p><div class=\"pvc_clear\"><\/div>","protected":false},"excerpt":{"rendered":"<p>Este espacio cultural se inaugur\u00f3 este a\u00f1o en Villa Ort\u00fazar El s\u00e1bado 7 de diciembre entre las 18 y la 1 hs. se llev\u00f3 a cabo en la Ciudad de Buenos Aires una nueva edici\u00f3n de la Noche de las Librer\u00edas. Y en Villa Ort\u00fazar, se hizo presente en esta jornada \u201cNaesqui\u201d, un espacio cultural [&hellip;]<\/p>\n<div class=\"pvc_clear\"><\/div>\n<p id=\"pvc_stats_64451\" class=\"pvc_stats all  \" data-element-id=\"64451\" style=\"\"><i class=\"pvc-stats-icon small\" aria-hidden=\"true\"><svg aria-hidden=\"true\" focusable=\"false\" data-prefix=\"far\" data-icon=\"chart-bar\" role=\"img\" xmlns=\"http:\/\/www.w3.org\/2000\/svg\" viewBox=\"0 0 512 512\" class=\"svg-inline--fa fa-chart-bar fa-w-16 fa-2x\"><path fill=\"currentColor\" d=\"M396.8 352h22.4c6.4 0 12.8-6.4 12.8-12.8V108.8c0-6.4-6.4-12.8-12.8-12.8h-22.4c-6.4 0-12.8 6.4-12.8 12.8v230.4c0 6.4 6.4 12.8 12.8 12.8zm-192 0h22.4c6.4 0 12.8-6.4 12.8-12.8V140.8c0-6.4-6.4-12.8-12.8-12.8h-22.4c-6.4 0-12.8 6.4-12.8 12.8v198.4c0 6.4 6.4 12.8 12.8 12.8zm96 0h22.4c6.4 0 12.8-6.4 12.8-12.8V204.8c0-6.4-6.4-12.8-12.8-12.8h-22.4c-6.4 0-12.8 6.4-12.8 12.8v134.4c0 6.4 6.4 12.8 12.8 12.8zM496 400H48V80c0-8.84-7.16-16-16-16H16C7.16 64 0 71.16 0 80v336c0 17.67 14.33 32 32 32h464c8.84 0 16-7.16 16-16v-16c0-8.84-7.16-16-16-16zm-387.2-48h22.4c6.4 0 12.8-6.4 12.8-12.8v-70.4c0-6.4-6.4-12.8-12.8-12.8h-22.4c-6.4 0-12.8 6.4-12.8 12.8v70.4c0 6.4 6.4 12.8 12.8 12.8z\" class=\"\"><\/path><\/svg><\/i> <img loading=\"lazy\" decoding=\"async\" width=\"16\" height=\"16\" alt=\"Loading\" src=\"https:\/\/vocesdelacomuna15.com.ar\/wp-content\/plugins\/page-views-count\/ajax-loader-2x.gif\" border=0 \/><\/p>\n<div class=\"pvc_clear\"><\/div>\n","protected":false},"author":2,"featured_media":64452,"comment_status":"open","ping_status":"open","sticky":false,"template":"","format":"standard","meta":{"_et_pb_use_builder":"off","_et_pb_old_content":"","_et_gb_content_width":"","footnotes":""},"categories":[24],"tags":[],"class_list":["post-64451","post","type-post","status-publish","format-standard","has-post-thumbnail","hentry","category-cultura","et-has-post-format-content","et_post_format-et-post-format-standard"],"a3_pvc":{"activated":true,"total_views":67,"today_views":0},"yoast_head":"<!-- This site is optimized with the Yoast SEO plugin v27.5 - https:\/\/yoast.com\/product\/yoast-seo-wordpress\/ -->\n<title>Naesqui form\u00f3 parte de la Noche de las Librer\u00edas - Voces de la Comuna 15<\/title>\n<meta name=\"description\" content=\"Voces de la Comuna 15\" \/>\n<meta name=\"robots\" content=\"index, follow, max-snippet:-1, max-image-preview:large, max-video-preview:-1\" \/>\n<link rel=\"canonical\" href=\"https:\/\/vocesdelacomuna15.com.ar\/press\/naesqui-formo-parte-de-la-noche-de-las-librerias\/\" \/>\n<meta property=\"og:locale\" content=\"es_ES\" \/>\n<meta property=\"og:type\" content=\"article\" \/>\n<meta property=\"og:title\" content=\"Naesqui form\u00f3 parte de la Noche de las Librer\u00edas - Voces de la Comuna 15\" \/>\n<meta property=\"og:description\" content=\"Voces de la Comuna 15\" \/>\n<meta property=\"og:url\" content=\"https:\/\/vocesdelacomuna15.com.ar\/press\/naesqui-formo-parte-de-la-noche-de-las-librerias\/\" \/>\n<meta property=\"og:site_name\" content=\"Voces de la Comuna 15\" \/>\n<meta property=\"article:publisher\" content=\"https:\/\/www.facebook.com\/VocesComuna15\/\" \/>\n<meta property=\"article:published_time\" content=\"2024-12-16T15:08:23+00:00\" \/>\n<meta property=\"og:image\" content=\"https:\/\/vocesdelacomuna15.com.ar\/wp-content\/uploads\/2024\/12\/naesqui.jpg\" \/>\n\t<meta property=\"og:image:width\" content=\"1200\" \/>\n\t<meta property=\"og:image:height\" content=\"1600\" \/>\n\t<meta property=\"og:image:type\" content=\"image\/jpeg\" \/>\n<meta name=\"author\" content=\"Federico Arguto\" \/>\n<meta name=\"twitter:card\" content=\"summary_large_image\" \/>\n<meta name=\"twitter:creator\" content=\"@vocescomuna15\" \/>\n<meta name=\"twitter:site\" content=\"@vocescomuna15\" \/>\n<meta name=\"twitter:label1\" content=\"Escrito por\" \/>\n\t<meta name=\"twitter:data1\" content=\"Federico Arguto\" \/>\n\t<meta name=\"twitter:label2\" content=\"Tiempo de lectura\" \/>\n\t<meta name=\"twitter:data2\" content=\"3 minutos\" \/>\n<script type=\"application\/ld+json\" class=\"yoast-schema-graph\">{\"@context\":\"https:\\\/\\\/schema.org\",\"@graph\":[{\"@type\":\"Article\",\"@id\":\"https:\\\/\\\/vocesdelacomuna15.com.ar\\\/press\\\/naesqui-formo-parte-de-la-noche-de-las-librerias\\\/#article\",\"isPartOf\":{\"@id\":\"https:\\\/\\\/vocesdelacomuna15.com.ar\\\/press\\\/naesqui-formo-parte-de-la-noche-de-las-librerias\\\/\"},\"author\":{\"name\":\"Federico Arguto\",\"@id\":\"https:\\\/\\\/vocesdelacomuna15.com.ar\\\/press\\\/#\\\/schema\\\/person\\\/4739e109db25d799cd3d139eeb509e43\"},\"headline\":\"Naesqui form\u00f3 parte de la Noche de las Librer\u00edas\",\"datePublished\":\"2024-12-16T15:08:23+00:00\",\"mainEntityOfPage\":{\"@id\":\"https:\\\/\\\/vocesdelacomuna15.com.ar\\\/press\\\/naesqui-formo-parte-de-la-noche-de-las-librerias\\\/\"},\"wordCount\":622,\"commentCount\":0,\"publisher\":{\"@id\":\"https:\\\/\\\/vocesdelacomuna15.com.ar\\\/press\\\/#organization\"},\"image\":{\"@id\":\"https:\\\/\\\/vocesdelacomuna15.com.ar\\\/press\\\/naesqui-formo-parte-de-la-noche-de-las-librerias\\\/#primaryimage\"},\"thumbnailUrl\":\"https:\\\/\\\/vocesdelacomuna15.com.ar\\\/wp-content\\\/uploads\\\/2024\\\/12\\\/naesqui.jpg\",\"articleSection\":[\"Cultura\"],\"inLanguage\":\"es-AR\",\"potentialAction\":[{\"@type\":\"CommentAction\",\"name\":\"Comment\",\"target\":[\"https:\\\/\\\/vocesdelacomuna15.com.ar\\\/press\\\/naesqui-formo-parte-de-la-noche-de-las-librerias\\\/#respond\"]}]},{\"@type\":\"WebPage\",\"@id\":\"https:\\\/\\\/vocesdelacomuna15.com.ar\\\/press\\\/naesqui-formo-parte-de-la-noche-de-las-librerias\\\/\",\"url\":\"https:\\\/\\\/vocesdelacomuna15.com.ar\\\/press\\\/naesqui-formo-parte-de-la-noche-de-las-librerias\\\/\",\"name\":\"Naesqui form\u00f3 parte de la Noche de las Librer\u00edas - Voces de la Comuna 15\",\"isPartOf\":{\"@id\":\"https:\\\/\\\/vocesdelacomuna15.com.ar\\\/press\\\/#website\"},\"primaryImageOfPage\":{\"@id\":\"https:\\\/\\\/vocesdelacomuna15.com.ar\\\/press\\\/naesqui-formo-parte-de-la-noche-de-las-librerias\\\/#primaryimage\"},\"image\":{\"@id\":\"https:\\\/\\\/vocesdelacomuna15.com.ar\\\/press\\\/naesqui-formo-parte-de-la-noche-de-las-librerias\\\/#primaryimage\"},\"thumbnailUrl\":\"https:\\\/\\\/vocesdelacomuna15.com.ar\\\/wp-content\\\/uploads\\\/2024\\\/12\\\/naesqui.jpg\",\"datePublished\":\"2024-12-16T15:08:23+00:00\",\"description\":\"Voces de la Comuna 15\",\"breadcrumb\":{\"@id\":\"https:\\\/\\\/vocesdelacomuna15.com.ar\\\/press\\\/naesqui-formo-parte-de-la-noche-de-las-librerias\\\/#breadcrumb\"},\"inLanguage\":\"es-AR\",\"potentialAction\":[{\"@type\":\"ReadAction\",\"target\":[\"https:\\\/\\\/vocesdelacomuna15.com.ar\\\/press\\\/naesqui-formo-parte-de-la-noche-de-las-librerias\\\/\"]}]},{\"@type\":\"ImageObject\",\"inLanguage\":\"es-AR\",\"@id\":\"https:\\\/\\\/vocesdelacomuna15.com.ar\\\/press\\\/naesqui-formo-parte-de-la-noche-de-las-librerias\\\/#primaryimage\",\"url\":\"https:\\\/\\\/vocesdelacomuna15.com.ar\\\/wp-content\\\/uploads\\\/2024\\\/12\\\/naesqui.jpg\",\"contentUrl\":\"https:\\\/\\\/vocesdelacomuna15.com.ar\\\/wp-content\\\/uploads\\\/2024\\\/12\\\/naesqui.jpg\",\"width\":1200,\"height\":1600},{\"@type\":\"BreadcrumbList\",\"@id\":\"https:\\\/\\\/vocesdelacomuna15.com.ar\\\/press\\\/naesqui-formo-parte-de-la-noche-de-las-librerias\\\/#breadcrumb\",\"itemListElement\":[{\"@type\":\"ListItem\",\"position\":1,\"name\":\"Inicio\",\"item\":\"https:\\\/\\\/vocesdelacomuna15.com.ar\\\/press\\\/\"},{\"@type\":\"ListItem\",\"position\":2,\"name\":\"Naesqui form\u00f3 parte de la Noche de las Librer\u00edas\"}]},{\"@type\":\"WebSite\",\"@id\":\"https:\\\/\\\/vocesdelacomuna15.com.ar\\\/press\\\/#website\",\"url\":\"https:\\\/\\\/vocesdelacomuna15.com.ar\\\/press\\\/\",\"name\":\"Voces de la Comuna 15\",\"description\":\"Sitio web de noticias\",\"publisher\":{\"@id\":\"https:\\\/\\\/vocesdelacomuna15.com.ar\\\/press\\\/#organization\"},\"potentialAction\":[{\"@type\":\"SearchAction\",\"target\":{\"@type\":\"EntryPoint\",\"urlTemplate\":\"https:\\\/\\\/vocesdelacomuna15.com.ar\\\/press\\\/?s={search_term_string}\"},\"query-input\":{\"@type\":\"PropertyValueSpecification\",\"valueRequired\":true,\"valueName\":\"search_term_string\"}}],\"inLanguage\":\"es-AR\"},{\"@type\":\"Organization\",\"@id\":\"https:\\\/\\\/vocesdelacomuna15.com.ar\\\/press\\\/#organization\",\"name\":\"Voces de la Comuna 15\",\"url\":\"https:\\\/\\\/vocesdelacomuna15.com.ar\\\/press\\\/\",\"logo\":{\"@type\":\"ImageObject\",\"inLanguage\":\"es-AR\",\"@id\":\"https:\\\/\\\/vocesdelacomuna15.com.ar\\\/press\\\/#\\\/schema\\\/logo\\\/image\\\/\",\"url\":\"https:\\\/\\\/vocesdelacomuna15.com.ar\\\/wp-content\\\/uploads\\\/2024\\\/12\\\/cropped-logo_voces.jpg\",\"contentUrl\":\"https:\\\/\\\/vocesdelacomuna15.com.ar\\\/wp-content\\\/uploads\\\/2024\\\/12\\\/cropped-logo_voces.jpg\",\"width\":512,\"height\":512,\"caption\":\"Voces de la Comuna 15\"},\"image\":{\"@id\":\"https:\\\/\\\/vocesdelacomuna15.com.ar\\\/press\\\/#\\\/schema\\\/logo\\\/image\\\/\"},\"sameAs\":[\"https:\\\/\\\/www.facebook.com\\\/VocesComuna15\\\/\",\"https:\\\/\\\/x.com\\\/vocescomuna15\"]},{\"@type\":\"Person\",\"@id\":\"https:\\\/\\\/vocesdelacomuna15.com.ar\\\/press\\\/#\\\/schema\\\/person\\\/4739e109db25d799cd3d139eeb509e43\",\"name\":\"Federico Arguto\",\"image\":{\"@type\":\"ImageObject\",\"inLanguage\":\"es-AR\",\"@id\":\"https:\\\/\\\/vocesdelacomuna15.com.ar\\\/wp-content\\\/litespeed\\\/avatar\\\/82faf979976f1bae889b8b71f8a0a7e5.jpg?ver=1777419741\",\"url\":\"https:\\\/\\\/vocesdelacomuna15.com.ar\\\/wp-content\\\/litespeed\\\/avatar\\\/82faf979976f1bae889b8b71f8a0a7e5.jpg?ver=1777419741\",\"contentUrl\":\"https:\\\/\\\/vocesdelacomuna15.com.ar\\\/wp-content\\\/litespeed\\\/avatar\\\/82faf979976f1bae889b8b71f8a0a7e5.jpg?ver=1777419741\",\"caption\":\"Federico Arguto\"},\"url\":\"https:\\\/\\\/vocesdelacomuna15.com.ar\\\/press\\\/author\\\/fede\\\/\"}]}<\/script>\n<!-- \/ Yoast SEO plugin. -->","yoast_head_json":{"title":"Naesqui form\u00f3 parte de la Noche de las Librer\u00edas - Voces de la Comuna 15","description":"Voces de la Comuna 15","robots":{"index":"index","follow":"follow","max-snippet":"max-snippet:-1","max-image-preview":"max-image-preview:large","max-video-preview":"max-video-preview:-1"},"canonical":"https:\/\/vocesdelacomuna15.com.ar\/press\/naesqui-formo-parte-de-la-noche-de-las-librerias\/","og_locale":"es_ES","og_type":"article","og_title":"Naesqui form\u00f3 parte de la Noche de las Librer\u00edas - Voces de la Comuna 15","og_description":"Voces de la Comuna 15","og_url":"https:\/\/vocesdelacomuna15.com.ar\/press\/naesqui-formo-parte-de-la-noche-de-las-librerias\/","og_site_name":"Voces de la Comuna 15","article_publisher":"https:\/\/www.facebook.com\/VocesComuna15\/","article_published_time":"2024-12-16T15:08:23+00:00","og_image":[{"width":1200,"height":1600,"url":"https:\/\/vocesdelacomuna15.com.ar\/wp-content\/uploads\/2024\/12\/naesqui.jpg","type":"image\/jpeg"}],"author":"Federico Arguto","twitter_card":"summary_large_image","twitter_creator":"@vocescomuna15","twitter_site":"@vocescomuna15","twitter_misc":{"Escrito por":"Federico Arguto","Tiempo de lectura":"3 minutos"},"schema":{"@context":"https:\/\/schema.org","@graph":[{"@type":"Article","@id":"https:\/\/vocesdelacomuna15.com.ar\/press\/naesqui-formo-parte-de-la-noche-de-las-librerias\/#article","isPartOf":{"@id":"https:\/\/vocesdelacomuna15.com.ar\/press\/naesqui-formo-parte-de-la-noche-de-las-librerias\/"},"author":{"name":"Federico Arguto","@id":"https:\/\/vocesdelacomuna15.com.ar\/press\/#\/schema\/person\/4739e109db25d799cd3d139eeb509e43"},"headline":"Naesqui form\u00f3 parte de la Noche de las Librer\u00edas","datePublished":"2024-12-16T15:08:23+00:00","mainEntityOfPage":{"@id":"https:\/\/vocesdelacomuna15.com.ar\/press\/naesqui-formo-parte-de-la-noche-de-las-librerias\/"},"wordCount":622,"commentCount":0,"publisher":{"@id":"https:\/\/vocesdelacomuna15.com.ar\/press\/#organization"},"image":{"@id":"https:\/\/vocesdelacomuna15.com.ar\/press\/naesqui-formo-parte-de-la-noche-de-las-librerias\/#primaryimage"},"thumbnailUrl":"https:\/\/vocesdelacomuna15.com.ar\/wp-content\/uploads\/2024\/12\/naesqui.jpg","articleSection":["Cultura"],"inLanguage":"es-AR","potentialAction":[{"@type":"CommentAction","name":"Comment","target":["https:\/\/vocesdelacomuna15.com.ar\/press\/naesqui-formo-parte-de-la-noche-de-las-librerias\/#respond"]}]},{"@type":"WebPage","@id":"https:\/\/vocesdelacomuna15.com.ar\/press\/naesqui-formo-parte-de-la-noche-de-las-librerias\/","url":"https:\/\/vocesdelacomuna15.com.ar\/press\/naesqui-formo-parte-de-la-noche-de-las-librerias\/","name":"Naesqui form\u00f3 parte de la Noche de las Librer\u00edas - Voces de la Comuna 15","isPartOf":{"@id":"https:\/\/vocesdelacomuna15.com.ar\/press\/#website"},"primaryImageOfPage":{"@id":"https:\/\/vocesdelacomuna15.com.ar\/press\/naesqui-formo-parte-de-la-noche-de-las-librerias\/#primaryimage"},"image":{"@id":"https:\/\/vocesdelacomuna15.com.ar\/press\/naesqui-formo-parte-de-la-noche-de-las-librerias\/#primaryimage"},"thumbnailUrl":"https:\/\/vocesdelacomuna15.com.ar\/wp-content\/uploads\/2024\/12\/naesqui.jpg","datePublished":"2024-12-16T15:08:23+00:00","description":"Voces de la Comuna 15","breadcrumb":{"@id":"https:\/\/vocesdelacomuna15.com.ar\/press\/naesqui-formo-parte-de-la-noche-de-las-librerias\/#breadcrumb"},"inLanguage":"es-AR","potentialAction":[{"@type":"ReadAction","target":["https:\/\/vocesdelacomuna15.com.ar\/press\/naesqui-formo-parte-de-la-noche-de-las-librerias\/"]}]},{"@type":"ImageObject","inLanguage":"es-AR","@id":"https:\/\/vocesdelacomuna15.com.ar\/press\/naesqui-formo-parte-de-la-noche-de-las-librerias\/#primaryimage","url":"https:\/\/vocesdelacomuna15.com.ar\/wp-content\/uploads\/2024\/12\/naesqui.jpg","contentUrl":"https:\/\/vocesdelacomuna15.com.ar\/wp-content\/uploads\/2024\/12\/naesqui.jpg","width":1200,"height":1600},{"@type":"BreadcrumbList","@id":"https:\/\/vocesdelacomuna15.com.ar\/press\/naesqui-formo-parte-de-la-noche-de-las-librerias\/#breadcrumb","itemListElement":[{"@type":"ListItem","position":1,"name":"Inicio","item":"https:\/\/vocesdelacomuna15.com.ar\/press\/"},{"@type":"ListItem","position":2,"name":"Naesqui form\u00f3 parte de la Noche de las Librer\u00edas"}]},{"@type":"WebSite","@id":"https:\/\/vocesdelacomuna15.com.ar\/press\/#website","url":"https:\/\/vocesdelacomuna15.com.ar\/press\/","name":"Voces de la Comuna 15","description":"Sitio web de noticias","publisher":{"@id":"https:\/\/vocesdelacomuna15.com.ar\/press\/#organization"},"potentialAction":[{"@type":"SearchAction","target":{"@type":"EntryPoint","urlTemplate":"https:\/\/vocesdelacomuna15.com.ar\/press\/?s={search_term_string}"},"query-input":{"@type":"PropertyValueSpecification","valueRequired":true,"valueName":"search_term_string"}}],"inLanguage":"es-AR"},{"@type":"Organization","@id":"https:\/\/vocesdelacomuna15.com.ar\/press\/#organization","name":"Voces de la Comuna 15","url":"https:\/\/vocesdelacomuna15.com.ar\/press\/","logo":{"@type":"ImageObject","inLanguage":"es-AR","@id":"https:\/\/vocesdelacomuna15.com.ar\/press\/#\/schema\/logo\/image\/","url":"https:\/\/vocesdelacomuna15.com.ar\/wp-content\/uploads\/2024\/12\/cropped-logo_voces.jpg","contentUrl":"https:\/\/vocesdelacomuna15.com.ar\/wp-content\/uploads\/2024\/12\/cropped-logo_voces.jpg","width":512,"height":512,"caption":"Voces de la Comuna 15"},"image":{"@id":"https:\/\/vocesdelacomuna15.com.ar\/press\/#\/schema\/logo\/image\/"},"sameAs":["https:\/\/www.facebook.com\/VocesComuna15\/","https:\/\/x.com\/vocescomuna15"]},{"@type":"Person","@id":"https:\/\/vocesdelacomuna15.com.ar\/press\/#\/schema\/person\/4739e109db25d799cd3d139eeb509e43","name":"Federico Arguto","image":{"@type":"ImageObject","inLanguage":"es-AR","@id":"https:\/\/vocesdelacomuna15.com.ar\/wp-content\/litespeed\/avatar\/82faf979976f1bae889b8b71f8a0a7e5.jpg?ver=1777419741","url":"https:\/\/vocesdelacomuna15.com.ar\/wp-content\/litespeed\/avatar\/82faf979976f1bae889b8b71f8a0a7e5.jpg?ver=1777419741","contentUrl":"https:\/\/vocesdelacomuna15.com.ar\/wp-content\/litespeed\/avatar\/82faf979976f1bae889b8b71f8a0a7e5.jpg?ver=1777419741","caption":"Federico Arguto"},"url":"https:\/\/vocesdelacomuna15.com.ar\/press\/author\/fede\/"}]}},"_links":{"self":[{"href":"https:\/\/vocesdelacomuna15.com.ar\/press\/wp-json\/wp\/v2\/posts\/64451","targetHints":{"allow":["GET"]}}],"collection":[{"href":"https:\/\/vocesdelacomuna15.com.ar\/press\/wp-json\/wp\/v2\/posts"}],"about":[{"href":"https:\/\/vocesdelacomuna15.com.ar\/press\/wp-json\/wp\/v2\/types\/post"}],"author":[{"embeddable":true,"href":"https:\/\/vocesdelacomuna15.com.ar\/press\/wp-json\/wp\/v2\/users\/2"}],"replies":[{"embeddable":true,"href":"https:\/\/vocesdelacomuna15.com.ar\/press\/wp-json\/wp\/v2\/comments?post=64451"}],"version-history":[{"count":1,"href":"https:\/\/vocesdelacomuna15.com.ar\/press\/wp-json\/wp\/v2\/posts\/64451\/revisions"}],"predecessor-version":[{"id":64454,"href":"https:\/\/vocesdelacomuna15.com.ar\/press\/wp-json\/wp\/v2\/posts\/64451\/revisions\/64454"}],"wp:featuredmedia":[{"embeddable":true,"href":"https:\/\/vocesdelacomuna15.com.ar\/press\/wp-json\/wp\/v2\/media\/64452"}],"wp:attachment":[{"href":"https:\/\/vocesdelacomuna15.com.ar\/press\/wp-json\/wp\/v2\/media?parent=64451"}],"wp:term":[{"taxonomy":"category","embeddable":true,"href":"https:\/\/vocesdelacomuna15.com.ar\/press\/wp-json\/wp\/v2\/categories?post=64451"},{"taxonomy":"post_tag","embeddable":true,"href":"https:\/\/vocesdelacomuna15.com.ar\/press\/wp-json\/wp\/v2\/tags?post=64451"}],"curies":[{"name":"wp","href":"https:\/\/api.w.org\/{rel}","templated":true}]}}