{"id":64444,"date":"2024-12-13T12:04:22","date_gmt":"2024-12-13T15:04:22","guid":{"rendered":"https:\/\/vocesdelacomuna15.com.ar\/?p=64444"},"modified":"2024-12-13T12:04:23","modified_gmt":"2024-12-13T15:04:23","slug":"la-noche-de-los-templos-2024-mapa-de-los-80-templos-visitas-guiadas-actividades-y-hasta-una-misa-en-arameo","status":"publish","type":"post","link":"https:\/\/vocesdelacomuna15.com.ar\/press\/la-noche-de-los-templos-2024-mapa-de-los-80-templos-visitas-guiadas-actividades-y-hasta-una-misa-en-arameo\/","title":{"rendered":"La Noche de los Templos 2024: Mapa de los 80 templos, visitas guiadas, actividades y hasta una misa en Arameo"},"content":{"rendered":"\n<p>Son m\u00e1s de 80 templos los que pod\u00e9s visitar este 14 de diciembre en la Noche de los Templos. Cada uno abre sus puertas, su historia y sus mejores sabores en degustaciones<\/p>\n\n\n\n<p>Fuente: Baires Secreta<\/p>\n\n\n\n<p>Link a nota completa: https:\/\/bairessecreta.com\/noche-de-los-templos-buenos-aires\/<\/p>\n\n\n\n<p>El s\u00e1bado 14 de diciembre, Buenos Aires celebra la&nbsp;La Noche de los Templos 2024.&nbsp;A partir de las&nbsp;20 hs, m\u00e1s de&nbsp;80 templos de distintas comunidades&nbsp;de fe abren sus puertas al p\u00fablico con una&nbsp;programaci\u00f3n&nbsp;imperdible. Hay&nbsp;recorridos&nbsp;armados a la perfecci\u00f3n&nbsp;por barrios&nbsp;para que no te pierdas nada. Te lo contamos todo a continuaci\u00f3n.<\/p>\n\n\n\n<p>La Noche de los Templos 2024: mapa de los 80 templos que se suman a esta noche<\/p>\n\n\n\n<p>Durante la&nbsp;noche del 14 de diciembre, 80 templos de Buenos Aires&nbsp;abren sus puertas y ofrecen una variada agenda de actividades, entre las que se incluyen&nbsp;charlas y talleres&nbsp;sobre las tradiciones religiosas de cada comunidad, conciertos en vivo&nbsp;con m\u00fasica t\u00edpica de diversas culturas,&nbsp;exposiciones, presentaciones art\u00edsticas&nbsp;y como la comida no pod\u00eda faltar, tambi\u00e9n degustaciones&nbsp;de platos tradicionales.<\/p>\n\n\n\n<p>Adem\u00e1s de descubrir las distintas creencias que conviven en Buenos Aires, conoc\u00e9 su cultura desde la&nbsp;gastronom\u00eda&nbsp;tambi\u00e9n con los&nbsp;sabores de las cocinas del mundo.&nbsp;\u00a1Consult\u00e1 el mapa de templos y sus actividades individuales!<\/p>\n\n\n\n<p>Recorridos barrio por barrio<\/p>\n\n\n\n<p>Los&nbsp;templos&nbsp;que forman parte de la&nbsp;Noche de los Templos&nbsp;son tantos que para esta noche tan especial se armaron&nbsp;5 circuitos con recorridos guiados por barrio&nbsp;para que descubras los m\u00e1s grandes e importantes de la ciudad. Los&nbsp;horarios de los recorridos&nbsp;son de&nbsp;20.30 a 22hs y de 22.30 a 24hs.&nbsp;Eleg\u00ed el templo que m\u00e1s te conviene y aprovech\u00e1 al m\u00e1ximo tu noche.<\/p>\n\n\n\n<p>Recorrido 1: Centro Sur<\/p>\n\n\n\n<p><img loading=\"lazy\" decoding=\"async\" src=\"https:\/\/s.w.org\/images\/core\/emoji\/15.0.3\/svg\/1f4cd.svg\" alt=\"?\" width=\"39\" height=\"39\">Punto de partida:&nbsp;Convento y Bas\u00edlica San Francisco de As\u00eds: Adolfo Alsina 380<\/p>\n\n\n\n<p>Bas\u00edlica Nuestra Se\u00f1ora del Rosario \u2013 Convento Santo Domingo: Defensa 422<\/p>\n\n\n\n<p>Iglesia Presbiteriana San Andr\u00e9s: Av. Belgrano 579<\/p>\n\n\n\n<p>Recorrido 2: Centro Norte<\/p>\n\n\n\n<p><img loading=\"lazy\" decoding=\"async\" src=\"https:\/\/s.w.org\/images\/core\/emoji\/15.0.3\/svg\/1f4cd.svg\" alt=\"?\" width=\"39\" height=\"39\">Punto de partida.&nbsp;Catedral Anglicana San Juan Bautista: 25 de Mayo 276<\/p>\n\n\n\n<p>Primera Iglesia Evang\u00e9lica Metodista: Av. Corrientes 718<\/p>\n\n\n\n<p>Parroquia Esmeralda de la Congregaci\u00f3n Evang\u00e9lica Alemana en Buenos Aires: Esmeralda 162<\/p>\n\n\n\n<p>Recorrido 3: B\u00b0 Chino \u2013 Belgrano<\/p>\n\n\n\n<p><img loading=\"lazy\" decoding=\"async\" src=\"https:\/\/s.w.org\/images\/core\/emoji\/15.0.3\/svg\/1f4cd.svg\" alt=\"?\" width=\"39\" height=\"39\">Punto de partida:&nbsp;Parroquia Nuestra Se\u00f1ora de las Mercedes: Echeverr\u00eda 1371<\/p>\n\n\n\n<p>Templo Budista Tzong Kuan \u2013 Asociaci\u00f3n Budista de China: Monta\u00f1eses 2175<\/p>\n\n\n\n<p>Iglesia Presbiteriana Sin-Heng: Mendoza 1660<\/p>\n\n\n\n<p>Recorrido 4: Belgrano<\/p>\n\n\n\n<p><img loading=\"lazy\" decoding=\"async\" src=\"https:\/\/s.w.org\/images\/core\/emoji\/15.0.3\/svg\/1f4cd.svg\" alt=\"?\" width=\"39\" height=\"39\">Punto de partida:&nbsp;Iglesia Anglicana San Salvador: Av. Cr\u00e1mer 1820<\/p>\n\n\n\n<p>Templo Budista Fo Guang Shan: Av. Cr\u00e1mer 1733<\/p>\n\n\n\n<p>Iglesia Evang\u00e9lica Luterana la Cruz de Cristo: Amen\u00e1bar 1767<\/p>\n\n\n\n<p>Recorrido 5: Palermo<\/p>\n\n\n\n<p><img loading=\"lazy\" decoding=\"async\" src=\"https:\/\/s.w.org\/images\/core\/emoji\/15.0.3\/svg\/1f4cd.svg\" alt=\"?\" width=\"39\" height=\"39\">Punto de partida:&nbsp;Parroquia Greco Melquita Nuestra Se\u00f1ora del Perpetuo Socorro: Av. Scalabrini Ortiz 1352<\/p>\n\n\n\n<p>Catedral Ortodoxa San Jorge: Av. Scalabrini Ortiz 1261<\/p>\n\n\n\n<p>Catedral de la Dormici\u00f3n de la Madre de Dios \u2013 Iglesia Ortodoxa Griega: Juli\u00e1n \u00c1lvarez 1040<\/p>\n\n\n\n<p>Una misa en Arameo, un concierto bizantino o folklore de Dinamarca: Conoc\u00e9 el cronograma de actividades<\/p>\n\n\n\n<p>Muchos de los templos que abren sus puertas para recorrer los templos religiosos de Buenos Aires ofrecen adem\u00e1s&nbsp;eventos culturales y musicales \u00fanicos. La&nbsp;Iglesia Dinamarquesa&nbsp;en Buenos Aires te va a sorprender con&nbsp;conciertos de danzas folcl\u00f3ricas danesas, la Parroquia Esmeralda de la&nbsp;Congregaci\u00f3n Alemana&nbsp;va a ofrecer un concierto de&nbsp;canciones navide\u00f1as&nbsp;y de historia y tradici\u00f3n&nbsp;luterana&nbsp;o, por ejemplo, la&nbsp;Iglesia Siriana Ortodoxa, una&nbsp;misa en arameo&nbsp;y espa\u00f1ol.&nbsp;\u00a1Conoc\u00e9 en detalle cada una de las actividades destacadas de esa noche!<\/p>\n\n\n\n<p>En La Noche de los Templos el transporte p\u00fablico es gratuito<\/p>\n\n\n\n<p>Para que nadie se pierda esta noche tan incre\u00edble, el&nbsp;transporte p\u00fablico la noche del 14 de diciembre&nbsp;tiene beneficios especiales para&nbsp;viajar en subte y premetro, ya que&nbsp;a partir de las 19hs, viajar en&nbsp;subte y premetro&nbsp;es&nbsp;gratis. adem\u00e1s, si te mov\u00e9s en las&nbsp;bicicletas&nbsp;del Gobierno de la Ciudad, desde las 20 hs y hasta el final de la Noche de los Templos, las bicicletas de las estaciones de BA&nbsp;Ecobici&nbsp;son&nbsp;sin cargo.<\/p>\n\n\n\n<p>No te pierdas esta noche m\u00e1gica para conocer y disfrutar de la riqueza cultural y espiritual que Buenos Aires tiene para ofrecer. \u00a1Reserv\u00e1 la fecha y sumate a esta celebraci\u00f3n en una de las&nbsp;noches culturales mas importantes&nbsp;del a\u00f1o!<\/p>\n\n\n\n<p>Caracteres: 3925<\/p>\n<div class=\"pvc_clear\"><\/div><p id=\"pvc_stats_64444\" class=\"pvc_stats all  \" data-element-id=\"64444\" style=\"\"><i class=\"pvc-stats-icon small\" aria-hidden=\"true\"><svg aria-hidden=\"true\" focusable=\"false\" data-prefix=\"far\" data-icon=\"chart-bar\" role=\"img\" xmlns=\"http:\/\/www.w3.org\/2000\/svg\" viewBox=\"0 0 512 512\" class=\"svg-inline--fa fa-chart-bar fa-w-16 fa-2x\"><path fill=\"currentColor\" d=\"M396.8 352h22.4c6.4 0 12.8-6.4 12.8-12.8V108.8c0-6.4-6.4-12.8-12.8-12.8h-22.4c-6.4 0-12.8 6.4-12.8 12.8v230.4c0 6.4 6.4 12.8 12.8 12.8zm-192 0h22.4c6.4 0 12.8-6.4 12.8-12.8V140.8c0-6.4-6.4-12.8-12.8-12.8h-22.4c-6.4 0-12.8 6.4-12.8 12.8v198.4c0 6.4 6.4 12.8 12.8 12.8zm96 0h22.4c6.4 0 12.8-6.4 12.8-12.8V204.8c0-6.4-6.4-12.8-12.8-12.8h-22.4c-6.4 0-12.8 6.4-12.8 12.8v134.4c0 6.4 6.4 12.8 12.8 12.8zM496 400H48V80c0-8.84-7.16-16-16-16H16C7.16 64 0 71.16 0 80v336c0 17.67 14.33 32 32 32h464c8.84 0 16-7.16 16-16v-16c0-8.84-7.16-16-16-16zm-387.2-48h22.4c6.4 0 12.8-6.4 12.8-12.8v-70.4c0-6.4-6.4-12.8-12.8-12.8h-22.4c-6.4 0-12.8 6.4-12.8 12.8v70.4c0 6.4 6.4 12.8 12.8 12.8z\" class=\"\"><\/path><\/svg><\/i> <img loading=\"lazy\" decoding=\"async\" width=\"16\" height=\"16\" alt=\"Loading\" src=\"https:\/\/vocesdelacomuna15.com.ar\/wp-content\/plugins\/page-views-count\/ajax-loader-2x.gif\" border=0 \/><\/p><div class=\"pvc_clear\"><\/div>","protected":false},"excerpt":{"rendered":"<p>Son m\u00e1s de 80 templos los que pod\u00e9s visitar este 14 de diciembre en la Noche de los Templos. Cada uno abre sus puertas, su historia y sus mejores sabores en degustaciones Fuente: Baires Secreta Link a nota completa: https:\/\/bairessecreta.com\/noche-de-los-templos-buenos-aires\/ El s\u00e1bado 14 de diciembre, Buenos Aires celebra la&nbsp;La Noche de los Templos 2024.&nbsp;A partir [&hellip;]<\/p>\n<div class=\"pvc_clear\"><\/div>\n<p id=\"pvc_stats_64444\" class=\"pvc_stats all  \" data-element-id=\"64444\" style=\"\"><i class=\"pvc-stats-icon small\" aria-hidden=\"true\"><svg aria-hidden=\"true\" focusable=\"false\" data-prefix=\"far\" data-icon=\"chart-bar\" role=\"img\" xmlns=\"http:\/\/www.w3.org\/2000\/svg\" viewBox=\"0 0 512 512\" class=\"svg-inline--fa fa-chart-bar fa-w-16 fa-2x\"><path fill=\"currentColor\" d=\"M396.8 352h22.4c6.4 0 12.8-6.4 12.8-12.8V108.8c0-6.4-6.4-12.8-12.8-12.8h-22.4c-6.4 0-12.8 6.4-12.8 12.8v230.4c0 6.4 6.4 12.8 12.8 12.8zm-192 0h22.4c6.4 0 12.8-6.4 12.8-12.8V140.8c0-6.4-6.4-12.8-12.8-12.8h-22.4c-6.4 0-12.8 6.4-12.8 12.8v198.4c0 6.4 6.4 12.8 12.8 12.8zm96 0h22.4c6.4 0 12.8-6.4 12.8-12.8V204.8c0-6.4-6.4-12.8-12.8-12.8h-22.4c-6.4 0-12.8 6.4-12.8 12.8v134.4c0 6.4 6.4 12.8 12.8 12.8zM496 400H48V80c0-8.84-7.16-16-16-16H16C7.16 64 0 71.16 0 80v336c0 17.67 14.33 32 32 32h464c8.84 0 16-7.16 16-16v-16c0-8.84-7.16-16-16-16zm-387.2-48h22.4c6.4 0 12.8-6.4 12.8-12.8v-70.4c0-6.4-6.4-12.8-12.8-12.8h-22.4c-6.4 0-12.8 6.4-12.8 12.8v70.4c0 6.4 6.4 12.8 12.8 12.8z\" class=\"\"><\/path><\/svg><\/i> <img loading=\"lazy\" decoding=\"async\" width=\"16\" height=\"16\" alt=\"Loading\" src=\"https:\/\/vocesdelacomuna15.com.ar\/wp-content\/plugins\/page-views-count\/ajax-loader-2x.gif\" border=0 \/><\/p>\n<div class=\"pvc_clear\"><\/div>\n","protected":false},"author":2,"featured_media":64445,"comment_status":"open","ping_status":"open","sticky":false,"template":"","format":"standard","meta":{"_et_pb_use_builder":"off","_et_pb_old_content":"","_et_gb_content_width":"","footnotes":""},"categories":[26],"tags":[],"class_list":["post-64444","post","type-post","status-publish","format-standard","has-post-thumbnail","hentry","category-ciudad","et-has-post-format-content","et_post_format-et-post-format-standard"],"a3_pvc":{"activated":true,"total_views":19,"today_views":0},"yoast_head":"<!-- This site is optimized with the Yoast SEO plugin v27.5 - https:\/\/yoast.com\/product\/yoast-seo-wordpress\/ -->\n<title>La Noche de los Templos 2024: Mapa de los 80 templos, visitas guiadas, actividades y hasta una misa en Arameo - Voces de la Comuna 15<\/title>\n<meta name=\"description\" content=\"Voces de la Comuna 15\" \/>\n<meta name=\"robots\" content=\"index, follow, max-snippet:-1, max-image-preview:large, max-video-preview:-1\" \/>\n<link rel=\"canonical\" href=\"https:\/\/vocesdelacomuna15.com.ar\/press\/la-noche-de-los-templos-2024-mapa-de-los-80-templos-visitas-guiadas-actividades-y-hasta-una-misa-en-arameo\/\" \/>\n<meta property=\"og:locale\" content=\"es_ES\" \/>\n<meta property=\"og:type\" content=\"article\" \/>\n<meta property=\"og:title\" content=\"La Noche de los Templos 2024: Mapa de los 80 templos, visitas guiadas, actividades y hasta una misa en Arameo - Voces de la Comuna 15\" \/>\n<meta property=\"og:description\" content=\"Voces de la Comuna 15\" \/>\n<meta property=\"og:url\" content=\"https:\/\/vocesdelacomuna15.com.ar\/press\/la-noche-de-los-templos-2024-mapa-de-los-80-templos-visitas-guiadas-actividades-y-hasta-una-misa-en-arameo\/\" \/>\n<meta property=\"og:site_name\" content=\"Voces de la Comuna 15\" \/>\n<meta property=\"article:publisher\" content=\"https:\/\/www.facebook.com\/VocesComuna15\/\" \/>\n<meta property=\"article:published_time\" content=\"2024-12-13T15:04:22+00:00\" \/>\n<meta property=\"article:modified_time\" content=\"2024-12-13T15:04:23+00:00\" \/>\n<meta property=\"og:image\" content=\"https:\/\/vocesdelacomuna15.com.ar\/wp-content\/uploads\/2024\/12\/iglesia_ortodoxa_rusa_buenos-aires-1024x683-1.jpg\" \/>\n\t<meta property=\"og:image:width\" content=\"1024\" \/>\n\t<meta property=\"og:image:height\" content=\"683\" \/>\n\t<meta property=\"og:image:type\" content=\"image\/jpeg\" \/>\n<meta name=\"author\" content=\"Federico Arguto\" \/>\n<meta name=\"twitter:card\" content=\"summary_large_image\" \/>\n<meta name=\"twitter:creator\" content=\"@vocescomuna15\" \/>\n<meta name=\"twitter:site\" content=\"@vocescomuna15\" \/>\n<meta name=\"twitter:label1\" content=\"Escrito por\" \/>\n\t<meta name=\"twitter:data1\" content=\"Federico Arguto\" \/>\n\t<meta name=\"twitter:label2\" content=\"Tiempo de lectura\" \/>\n\t<meta name=\"twitter:data2\" content=\"4 minutos\" \/>\n<script type=\"application\/ld+json\" class=\"yoast-schema-graph\">{\"@context\":\"https:\\\/\\\/schema.org\",\"@graph\":[{\"@type\":\"Article\",\"@id\":\"https:\\\/\\\/vocesdelacomuna15.com.ar\\\/press\\\/la-noche-de-los-templos-2024-mapa-de-los-80-templos-visitas-guiadas-actividades-y-hasta-una-misa-en-arameo\\\/#article\",\"isPartOf\":{\"@id\":\"https:\\\/\\\/vocesdelacomuna15.com.ar\\\/press\\\/la-noche-de-los-templos-2024-mapa-de-los-80-templos-visitas-guiadas-actividades-y-hasta-una-misa-en-arameo\\\/\"},\"author\":{\"name\":\"Federico Arguto\",\"@id\":\"https:\\\/\\\/vocesdelacomuna15.com.ar\\\/press\\\/#\\\/schema\\\/person\\\/4739e109db25d799cd3d139eeb509e43\"},\"headline\":\"La Noche de los Templos 2024: Mapa de los 80 templos, visitas guiadas, actividades y hasta una misa en Arameo\",\"datePublished\":\"2024-12-13T15:04:22+00:00\",\"dateModified\":\"2024-12-13T15:04:23+00:00\",\"mainEntityOfPage\":{\"@id\":\"https:\\\/\\\/vocesdelacomuna15.com.ar\\\/press\\\/la-noche-de-los-templos-2024-mapa-de-los-80-templos-visitas-guiadas-actividades-y-hasta-una-misa-en-arameo\\\/\"},\"wordCount\":788,\"commentCount\":0,\"publisher\":{\"@id\":\"https:\\\/\\\/vocesdelacomuna15.com.ar\\\/press\\\/#organization\"},\"image\":{\"@id\":\"https:\\\/\\\/vocesdelacomuna15.com.ar\\\/press\\\/la-noche-de-los-templos-2024-mapa-de-los-80-templos-visitas-guiadas-actividades-y-hasta-una-misa-en-arameo\\\/#primaryimage\"},\"thumbnailUrl\":\"https:\\\/\\\/vocesdelacomuna15.com.ar\\\/wp-content\\\/uploads\\\/2024\\\/12\\\/iglesia_ortodoxa_rusa_buenos-aires-1024x683-1.jpg\",\"articleSection\":[\"Ciudad\"],\"inLanguage\":\"es-AR\",\"potentialAction\":[{\"@type\":\"CommentAction\",\"name\":\"Comment\",\"target\":[\"https:\\\/\\\/vocesdelacomuna15.com.ar\\\/press\\\/la-noche-de-los-templos-2024-mapa-de-los-80-templos-visitas-guiadas-actividades-y-hasta-una-misa-en-arameo\\\/#respond\"]}]},{\"@type\":\"WebPage\",\"@id\":\"https:\\\/\\\/vocesdelacomuna15.com.ar\\\/press\\\/la-noche-de-los-templos-2024-mapa-de-los-80-templos-visitas-guiadas-actividades-y-hasta-una-misa-en-arameo\\\/\",\"url\":\"https:\\\/\\\/vocesdelacomuna15.com.ar\\\/press\\\/la-noche-de-los-templos-2024-mapa-de-los-80-templos-visitas-guiadas-actividades-y-hasta-una-misa-en-arameo\\\/\",\"name\":\"La Noche de los Templos 2024: Mapa de los 80 templos, visitas guiadas, actividades y hasta una misa en Arameo - Voces de la Comuna 15\",\"isPartOf\":{\"@id\":\"https:\\\/\\\/vocesdelacomuna15.com.ar\\\/press\\\/#website\"},\"primaryImageOfPage\":{\"@id\":\"https:\\\/\\\/vocesdelacomuna15.com.ar\\\/press\\\/la-noche-de-los-templos-2024-mapa-de-los-80-templos-visitas-guiadas-actividades-y-hasta-una-misa-en-arameo\\\/#primaryimage\"},\"image\":{\"@id\":\"https:\\\/\\\/vocesdelacomuna15.com.ar\\\/press\\\/la-noche-de-los-templos-2024-mapa-de-los-80-templos-visitas-guiadas-actividades-y-hasta-una-misa-en-arameo\\\/#primaryimage\"},\"thumbnailUrl\":\"https:\\\/\\\/vocesdelacomuna15.com.ar\\\/wp-content\\\/uploads\\\/2024\\\/12\\\/iglesia_ortodoxa_rusa_buenos-aires-1024x683-1.jpg\",\"datePublished\":\"2024-12-13T15:04:22+00:00\",\"dateModified\":\"2024-12-13T15:04:23+00:00\",\"description\":\"Voces de la Comuna 15\",\"breadcrumb\":{\"@id\":\"https:\\\/\\\/vocesdelacomuna15.com.ar\\\/press\\\/la-noche-de-los-templos-2024-mapa-de-los-80-templos-visitas-guiadas-actividades-y-hasta-una-misa-en-arameo\\\/#breadcrumb\"},\"inLanguage\":\"es-AR\",\"potentialAction\":[{\"@type\":\"ReadAction\",\"target\":[\"https:\\\/\\\/vocesdelacomuna15.com.ar\\\/press\\\/la-noche-de-los-templos-2024-mapa-de-los-80-templos-visitas-guiadas-actividades-y-hasta-una-misa-en-arameo\\\/\"]}]},{\"@type\":\"ImageObject\",\"inLanguage\":\"es-AR\",\"@id\":\"https:\\\/\\\/vocesdelacomuna15.com.ar\\\/press\\\/la-noche-de-los-templos-2024-mapa-de-los-80-templos-visitas-guiadas-actividades-y-hasta-una-misa-en-arameo\\\/#primaryimage\",\"url\":\"https:\\\/\\\/vocesdelacomuna15.com.ar\\\/wp-content\\\/uploads\\\/2024\\\/12\\\/iglesia_ortodoxa_rusa_buenos-aires-1024x683-1.jpg\",\"contentUrl\":\"https:\\\/\\\/vocesdelacomuna15.com.ar\\\/wp-content\\\/uploads\\\/2024\\\/12\\\/iglesia_ortodoxa_rusa_buenos-aires-1024x683-1.jpg\",\"width\":1024,\"height\":683},{\"@type\":\"BreadcrumbList\",\"@id\":\"https:\\\/\\\/vocesdelacomuna15.com.ar\\\/press\\\/la-noche-de-los-templos-2024-mapa-de-los-80-templos-visitas-guiadas-actividades-y-hasta-una-misa-en-arameo\\\/#breadcrumb\",\"itemListElement\":[{\"@type\":\"ListItem\",\"position\":1,\"name\":\"Inicio\",\"item\":\"https:\\\/\\\/vocesdelacomuna15.com.ar\\\/press\\\/\"},{\"@type\":\"ListItem\",\"position\":2,\"name\":\"La Noche de los Templos 2024: Mapa de los 80 templos, visitas guiadas, actividades y hasta una misa en Arameo\"}]},{\"@type\":\"WebSite\",\"@id\":\"https:\\\/\\\/vocesdelacomuna15.com.ar\\\/press\\\/#website\",\"url\":\"https:\\\/\\\/vocesdelacomuna15.com.ar\\\/press\\\/\",\"name\":\"Voces de la Comuna 15\",\"description\":\"Sitio web de noticias\",\"publisher\":{\"@id\":\"https:\\\/\\\/vocesdelacomuna15.com.ar\\\/press\\\/#organization\"},\"potentialAction\":[{\"@type\":\"SearchAction\",\"target\":{\"@type\":\"EntryPoint\",\"urlTemplate\":\"https:\\\/\\\/vocesdelacomuna15.com.ar\\\/press\\\/?s={search_term_string}\"},\"query-input\":{\"@type\":\"PropertyValueSpecification\",\"valueRequired\":true,\"valueName\":\"search_term_string\"}}],\"inLanguage\":\"es-AR\"},{\"@type\":\"Organization\",\"@id\":\"https:\\\/\\\/vocesdelacomuna15.com.ar\\\/press\\\/#organization\",\"name\":\"Voces de la Comuna 15\",\"url\":\"https:\\\/\\\/vocesdelacomuna15.com.ar\\\/press\\\/\",\"logo\":{\"@type\":\"ImageObject\",\"inLanguage\":\"es-AR\",\"@id\":\"https:\\\/\\\/vocesdelacomuna15.com.ar\\\/press\\\/#\\\/schema\\\/logo\\\/image\\\/\",\"url\":\"https:\\\/\\\/vocesdelacomuna15.com.ar\\\/wp-content\\\/uploads\\\/2024\\\/12\\\/cropped-logo_voces.jpg\",\"contentUrl\":\"https:\\\/\\\/vocesdelacomuna15.com.ar\\\/wp-content\\\/uploads\\\/2024\\\/12\\\/cropped-logo_voces.jpg\",\"width\":512,\"height\":512,\"caption\":\"Voces de la Comuna 15\"},\"image\":{\"@id\":\"https:\\\/\\\/vocesdelacomuna15.com.ar\\\/press\\\/#\\\/schema\\\/logo\\\/image\\\/\"},\"sameAs\":[\"https:\\\/\\\/www.facebook.com\\\/VocesComuna15\\\/\",\"https:\\\/\\\/x.com\\\/vocescomuna15\"]},{\"@type\":\"Person\",\"@id\":\"https:\\\/\\\/vocesdelacomuna15.com.ar\\\/press\\\/#\\\/schema\\\/person\\\/4739e109db25d799cd3d139eeb509e43\",\"name\":\"Federico Arguto\",\"image\":{\"@type\":\"ImageObject\",\"inLanguage\":\"es-AR\",\"@id\":\"https:\\\/\\\/vocesdelacomuna15.com.ar\\\/wp-content\\\/litespeed\\\/avatar\\\/82faf979976f1bae889b8b71f8a0a7e5.jpg?ver=1777419741\",\"url\":\"https:\\\/\\\/vocesdelacomuna15.com.ar\\\/wp-content\\\/litespeed\\\/avatar\\\/82faf979976f1bae889b8b71f8a0a7e5.jpg?ver=1777419741\",\"contentUrl\":\"https:\\\/\\\/vocesdelacomuna15.com.ar\\\/wp-content\\\/litespeed\\\/avatar\\\/82faf979976f1bae889b8b71f8a0a7e5.jpg?ver=1777419741\",\"caption\":\"Federico Arguto\"},\"url\":\"https:\\\/\\\/vocesdelacomuna15.com.ar\\\/press\\\/author\\\/fede\\\/\"}]}<\/script>\n<!-- \/ Yoast SEO plugin. -->","yoast_head_json":{"title":"La Noche de los Templos 2024: Mapa de los 80 templos, visitas guiadas, actividades y hasta una misa en Arameo - Voces de la Comuna 15","description":"Voces de la Comuna 15","robots":{"index":"index","follow":"follow","max-snippet":"max-snippet:-1","max-image-preview":"max-image-preview:large","max-video-preview":"max-video-preview:-1"},"canonical":"https:\/\/vocesdelacomuna15.com.ar\/press\/la-noche-de-los-templos-2024-mapa-de-los-80-templos-visitas-guiadas-actividades-y-hasta-una-misa-en-arameo\/","og_locale":"es_ES","og_type":"article","og_title":"La Noche de los Templos 2024: Mapa de los 80 templos, visitas guiadas, actividades y hasta una misa en Arameo - Voces de la Comuna 15","og_description":"Voces de la Comuna 15","og_url":"https:\/\/vocesdelacomuna15.com.ar\/press\/la-noche-de-los-templos-2024-mapa-de-los-80-templos-visitas-guiadas-actividades-y-hasta-una-misa-en-arameo\/","og_site_name":"Voces de la Comuna 15","article_publisher":"https:\/\/www.facebook.com\/VocesComuna15\/","article_published_time":"2024-12-13T15:04:22+00:00","article_modified_time":"2024-12-13T15:04:23+00:00","og_image":[{"width":1024,"height":683,"url":"https:\/\/vocesdelacomuna15.com.ar\/wp-content\/uploads\/2024\/12\/iglesia_ortodoxa_rusa_buenos-aires-1024x683-1.jpg","type":"image\/jpeg"}],"author":"Federico Arguto","twitter_card":"summary_large_image","twitter_creator":"@vocescomuna15","twitter_site":"@vocescomuna15","twitter_misc":{"Escrito por":"Federico Arguto","Tiempo de lectura":"4 minutos"},"schema":{"@context":"https:\/\/schema.org","@graph":[{"@type":"Article","@id":"https:\/\/vocesdelacomuna15.com.ar\/press\/la-noche-de-los-templos-2024-mapa-de-los-80-templos-visitas-guiadas-actividades-y-hasta-una-misa-en-arameo\/#article","isPartOf":{"@id":"https:\/\/vocesdelacomuna15.com.ar\/press\/la-noche-de-los-templos-2024-mapa-de-los-80-templos-visitas-guiadas-actividades-y-hasta-una-misa-en-arameo\/"},"author":{"name":"Federico Arguto","@id":"https:\/\/vocesdelacomuna15.com.ar\/press\/#\/schema\/person\/4739e109db25d799cd3d139eeb509e43"},"headline":"La Noche de los Templos 2024: Mapa de los 80 templos, visitas guiadas, actividades y hasta una misa en Arameo","datePublished":"2024-12-13T15:04:22+00:00","dateModified":"2024-12-13T15:04:23+00:00","mainEntityOfPage":{"@id":"https:\/\/vocesdelacomuna15.com.ar\/press\/la-noche-de-los-templos-2024-mapa-de-los-80-templos-visitas-guiadas-actividades-y-hasta-una-misa-en-arameo\/"},"wordCount":788,"commentCount":0,"publisher":{"@id":"https:\/\/vocesdelacomuna15.com.ar\/press\/#organization"},"image":{"@id":"https:\/\/vocesdelacomuna15.com.ar\/press\/la-noche-de-los-templos-2024-mapa-de-los-80-templos-visitas-guiadas-actividades-y-hasta-una-misa-en-arameo\/#primaryimage"},"thumbnailUrl":"https:\/\/vocesdelacomuna15.com.ar\/wp-content\/uploads\/2024\/12\/iglesia_ortodoxa_rusa_buenos-aires-1024x683-1.jpg","articleSection":["Ciudad"],"inLanguage":"es-AR","potentialAction":[{"@type":"CommentAction","name":"Comment","target":["https:\/\/vocesdelacomuna15.com.ar\/press\/la-noche-de-los-templos-2024-mapa-de-los-80-templos-visitas-guiadas-actividades-y-hasta-una-misa-en-arameo\/#respond"]}]},{"@type":"WebPage","@id":"https:\/\/vocesdelacomuna15.com.ar\/press\/la-noche-de-los-templos-2024-mapa-de-los-80-templos-visitas-guiadas-actividades-y-hasta-una-misa-en-arameo\/","url":"https:\/\/vocesdelacomuna15.com.ar\/press\/la-noche-de-los-templos-2024-mapa-de-los-80-templos-visitas-guiadas-actividades-y-hasta-una-misa-en-arameo\/","name":"La Noche de los Templos 2024: Mapa de los 80 templos, visitas guiadas, actividades y hasta una misa en Arameo - Voces de la Comuna 15","isPartOf":{"@id":"https:\/\/vocesdelacomuna15.com.ar\/press\/#website"},"primaryImageOfPage":{"@id":"https:\/\/vocesdelacomuna15.com.ar\/press\/la-noche-de-los-templos-2024-mapa-de-los-80-templos-visitas-guiadas-actividades-y-hasta-una-misa-en-arameo\/#primaryimage"},"image":{"@id":"https:\/\/vocesdelacomuna15.com.ar\/press\/la-noche-de-los-templos-2024-mapa-de-los-80-templos-visitas-guiadas-actividades-y-hasta-una-misa-en-arameo\/#primaryimage"},"thumbnailUrl":"https:\/\/vocesdelacomuna15.com.ar\/wp-content\/uploads\/2024\/12\/iglesia_ortodoxa_rusa_buenos-aires-1024x683-1.jpg","datePublished":"2024-12-13T15:04:22+00:00","dateModified":"2024-12-13T15:04:23+00:00","description":"Voces de la Comuna 15","breadcrumb":{"@id":"https:\/\/vocesdelacomuna15.com.ar\/press\/la-noche-de-los-templos-2024-mapa-de-los-80-templos-visitas-guiadas-actividades-y-hasta-una-misa-en-arameo\/#breadcrumb"},"inLanguage":"es-AR","potentialAction":[{"@type":"ReadAction","target":["https:\/\/vocesdelacomuna15.com.ar\/press\/la-noche-de-los-templos-2024-mapa-de-los-80-templos-visitas-guiadas-actividades-y-hasta-una-misa-en-arameo\/"]}]},{"@type":"ImageObject","inLanguage":"es-AR","@id":"https:\/\/vocesdelacomuna15.com.ar\/press\/la-noche-de-los-templos-2024-mapa-de-los-80-templos-visitas-guiadas-actividades-y-hasta-una-misa-en-arameo\/#primaryimage","url":"https:\/\/vocesdelacomuna15.com.ar\/wp-content\/uploads\/2024\/12\/iglesia_ortodoxa_rusa_buenos-aires-1024x683-1.jpg","contentUrl":"https:\/\/vocesdelacomuna15.com.ar\/wp-content\/uploads\/2024\/12\/iglesia_ortodoxa_rusa_buenos-aires-1024x683-1.jpg","width":1024,"height":683},{"@type":"BreadcrumbList","@id":"https:\/\/vocesdelacomuna15.com.ar\/press\/la-noche-de-los-templos-2024-mapa-de-los-80-templos-visitas-guiadas-actividades-y-hasta-una-misa-en-arameo\/#breadcrumb","itemListElement":[{"@type":"ListItem","position":1,"name":"Inicio","item":"https:\/\/vocesdelacomuna15.com.ar\/press\/"},{"@type":"ListItem","position":2,"name":"La Noche de los Templos 2024: Mapa de los 80 templos, visitas guiadas, actividades y hasta una misa en Arameo"}]},{"@type":"WebSite","@id":"https:\/\/vocesdelacomuna15.com.ar\/press\/#website","url":"https:\/\/vocesdelacomuna15.com.ar\/press\/","name":"Voces de la Comuna 15","description":"Sitio web de noticias","publisher":{"@id":"https:\/\/vocesdelacomuna15.com.ar\/press\/#organization"},"potentialAction":[{"@type":"SearchAction","target":{"@type":"EntryPoint","urlTemplate":"https:\/\/vocesdelacomuna15.com.ar\/press\/?s={search_term_string}"},"query-input":{"@type":"PropertyValueSpecification","valueRequired":true,"valueName":"search_term_string"}}],"inLanguage":"es-AR"},{"@type":"Organization","@id":"https:\/\/vocesdelacomuna15.com.ar\/press\/#organization","name":"Voces de la Comuna 15","url":"https:\/\/vocesdelacomuna15.com.ar\/press\/","logo":{"@type":"ImageObject","inLanguage":"es-AR","@id":"https:\/\/vocesdelacomuna15.com.ar\/press\/#\/schema\/logo\/image\/","url":"https:\/\/vocesdelacomuna15.com.ar\/wp-content\/uploads\/2024\/12\/cropped-logo_voces.jpg","contentUrl":"https:\/\/vocesdelacomuna15.com.ar\/wp-content\/uploads\/2024\/12\/cropped-logo_voces.jpg","width":512,"height":512,"caption":"Voces de la Comuna 15"},"image":{"@id":"https:\/\/vocesdelacomuna15.com.ar\/press\/#\/schema\/logo\/image\/"},"sameAs":["https:\/\/www.facebook.com\/VocesComuna15\/","https:\/\/x.com\/vocescomuna15"]},{"@type":"Person","@id":"https:\/\/vocesdelacomuna15.com.ar\/press\/#\/schema\/person\/4739e109db25d799cd3d139eeb509e43","name":"Federico Arguto","image":{"@type":"ImageObject","inLanguage":"es-AR","@id":"https:\/\/vocesdelacomuna15.com.ar\/wp-content\/litespeed\/avatar\/82faf979976f1bae889b8b71f8a0a7e5.jpg?ver=1777419741","url":"https:\/\/vocesdelacomuna15.com.ar\/wp-content\/litespeed\/avatar\/82faf979976f1bae889b8b71f8a0a7e5.jpg?ver=1777419741","contentUrl":"https:\/\/vocesdelacomuna15.com.ar\/wp-content\/litespeed\/avatar\/82faf979976f1bae889b8b71f8a0a7e5.jpg?ver=1777419741","caption":"Federico Arguto"},"url":"https:\/\/vocesdelacomuna15.com.ar\/press\/author\/fede\/"}]}},"_links":{"self":[{"href":"https:\/\/vocesdelacomuna15.com.ar\/press\/wp-json\/wp\/v2\/posts\/64444","targetHints":{"allow":["GET"]}}],"collection":[{"href":"https:\/\/vocesdelacomuna15.com.ar\/press\/wp-json\/wp\/v2\/posts"}],"about":[{"href":"https:\/\/vocesdelacomuna15.com.ar\/press\/wp-json\/wp\/v2\/types\/post"}],"author":[{"embeddable":true,"href":"https:\/\/vocesdelacomuna15.com.ar\/press\/wp-json\/wp\/v2\/users\/2"}],"replies":[{"embeddable":true,"href":"https:\/\/vocesdelacomuna15.com.ar\/press\/wp-json\/wp\/v2\/comments?post=64444"}],"version-history":[{"count":1,"href":"https:\/\/vocesdelacomuna15.com.ar\/press\/wp-json\/wp\/v2\/posts\/64444\/revisions"}],"predecessor-version":[{"id":64446,"href":"https:\/\/vocesdelacomuna15.com.ar\/press\/wp-json\/wp\/v2\/posts\/64444\/revisions\/64446"}],"wp:featuredmedia":[{"embeddable":true,"href":"https:\/\/vocesdelacomuna15.com.ar\/press\/wp-json\/wp\/v2\/media\/64445"}],"wp:attachment":[{"href":"https:\/\/vocesdelacomuna15.com.ar\/press\/wp-json\/wp\/v2\/media?parent=64444"}],"wp:term":[{"taxonomy":"category","embeddable":true,"href":"https:\/\/vocesdelacomuna15.com.ar\/press\/wp-json\/wp\/v2\/categories?post=64444"},{"taxonomy":"post_tag","embeddable":true,"href":"https:\/\/vocesdelacomuna15.com.ar\/press\/wp-json\/wp\/v2\/tags?post=64444"}],"curies":[{"name":"wp","href":"https:\/\/api.w.org\/{rel}","templated":true}]}}