{"id":64291,"date":"2024-11-04T11:43:42","date_gmt":"2024-11-04T14:43:42","guid":{"rendered":"https:\/\/vocesdelacomuna15.com.ar\/?p=64291"},"modified":"2024-11-04T11:43:43","modified_gmt":"2024-11-04T14:43:43","slug":"en-la-noche-de-los-museos-vuelven-a-circular-las-brujas-por-la-linea-a","status":"publish","type":"post","link":"https:\/\/vocesdelacomuna15.com.ar\/press\/en-la-noche-de-los-museos-vuelven-a-circular-las-brujas-por-la-linea-a\/","title":{"rendered":"En la Noche de los Museos, vuelven a circular \u201clas brujas\u201d por la L\u00ednea A"},"content":{"rendered":"\n<p>Ya est\u00e1 abierta la inscripci\u00f3n para participar del recorrido en los antiguos coches La Brugeoise, declarados Patrimonio Cultural de la Ciudad. Tambi\u00e9n estar\u00e1 abierto el Laboratorio Patrimonial Centenera en el barrio de Caballito.<\/p>\n\n\n\n<p>Fuente: Buenosaires.gob.ar<\/p>\n\n\n\n<p>Link a nota completa: https:\/\/buenosaires.gob.ar\/noticias\/en-la-noche-de-los-museos-vuelven-circular-las-brujas-por-la-linea<\/p>\n\n\n\n<p>En el marco de la Noche de los Museos, que se celebra el s\u00e1bado 9 de noviembre, Subterr\u00e1neos de Buenos Aires S.E. convoca a los vecinos de la ciudad a participar de un sorteo para viajar en los cl\u00e1sicos coches La Brugeoise que corrieron durante casi 100 a\u00f1os por la L\u00ednea A.<br>Se realizar\u00e1n tres recorridos entre las estaciones Per\u00fa y Acoyte, de 40 minutos cada uno, en los cuales una gu\u00eda de turismo contar\u00e1 la historia de los \u201clas brujas\u201d, como se conoce popularmente a los coches, y de los comienzos del subte. El primer viaje comenzar\u00e1 a las 0.30 horas del domingo 10 de noviembre, luego de finalizado el servicio habitual.<\/p>\n\n\n\n<p>Una experiencia \u00fanica para personas de todas las edades, que invita a descubrir nuevas historias, an\u00e9cdotas y curiosidades del subte porte\u00f1o.&nbsp;<br>En esta nueva edici\u00f3n, habr\u00e1 propuestas culturales y recreativas en la estaci\u00f3n Per\u00fa, como show de tango, ambientaci\u00f3n de \u00e9poca y diferentes sorpresas a lo largo de la noche.&nbsp;<br>Los interesados podr\u00e1n participar del sorteo completando&nbsp;el formulario&nbsp;o ingresando en la cuenta de Instagram @BAsubte. Tienen tiempo de anotarse hasta el martes 5 de noviembre a las 12. Los ganadores ser\u00e1n contactados por e-mail.&nbsp;<\/p>\n\n\n\n<p>Por otra parte, desde las 19 del 9 de noviembre, estar\u00e1 abierto el Laboratorio Patrimonial Centenera, ubicado Av. del Barco Centenera 777, en el barrio de Caballito, un espacio construido en gran medida con materiales reciclados de la red, donde se podr\u00e1 conocer todo sobre el subte en un recorrido did\u00e1ctico que incluye distintos ejes tem\u00e1ticos: historia, taller y sustentabilidad.&nbsp;<br>Adem\u00e1s, habr\u00e1 foodtracks, m\u00fasica en vivo, baile y talleres art\u00edsticos relacionados con el subte.&nbsp;<br>Al igual que todos los a\u00f1os, el subte ser\u00e1 gratuito desde las 19 del s\u00e1bado 9, para promover la participaci\u00f3n e invitar a los vecinos a disfrutar de los diferentes espacios.&nbsp;<br>Los coches La Brugeoise, declarados Patrimonio Cultural de la Ciudad de Buenos Aires, corr\u00edan por la L\u00ednea A, la primera l\u00ednea de subte en Latinoam\u00e9rica. Fue inaugurada el 1\u00b0 de diciembre de 1913, con un recorrido que un\u00eda Plaza de Mayo con la Plaza 11 de Septiembre (actualmente Plaza Miserere).<br>&nbsp;<\/p>\n\n\n\n<p>Caracteres: 2128<\/p>\n<div class=\"pvc_clear\"><\/div><p id=\"pvc_stats_64291\" class=\"pvc_stats all  \" data-element-id=\"64291\" style=\"\"><i class=\"pvc-stats-icon small\" aria-hidden=\"true\"><svg aria-hidden=\"true\" focusable=\"false\" data-prefix=\"far\" data-icon=\"chart-bar\" role=\"img\" xmlns=\"http:\/\/www.w3.org\/2000\/svg\" viewBox=\"0 0 512 512\" class=\"svg-inline--fa fa-chart-bar fa-w-16 fa-2x\"><path fill=\"currentColor\" d=\"M396.8 352h22.4c6.4 0 12.8-6.4 12.8-12.8V108.8c0-6.4-6.4-12.8-12.8-12.8h-22.4c-6.4 0-12.8 6.4-12.8 12.8v230.4c0 6.4 6.4 12.8 12.8 12.8zm-192 0h22.4c6.4 0 12.8-6.4 12.8-12.8V140.8c0-6.4-6.4-12.8-12.8-12.8h-22.4c-6.4 0-12.8 6.4-12.8 12.8v198.4c0 6.4 6.4 12.8 12.8 12.8zm96 0h22.4c6.4 0 12.8-6.4 12.8-12.8V204.8c0-6.4-6.4-12.8-12.8-12.8h-22.4c-6.4 0-12.8 6.4-12.8 12.8v134.4c0 6.4 6.4 12.8 12.8 12.8zM496 400H48V80c0-8.84-7.16-16-16-16H16C7.16 64 0 71.16 0 80v336c0 17.67 14.33 32 32 32h464c8.84 0 16-7.16 16-16v-16c0-8.84-7.16-16-16-16zm-387.2-48h22.4c6.4 0 12.8-6.4 12.8-12.8v-70.4c0-6.4-6.4-12.8-12.8-12.8h-22.4c-6.4 0-12.8 6.4-12.8 12.8v70.4c0 6.4 6.4 12.8 12.8 12.8z\" class=\"\"><\/path><\/svg><\/i> <img loading=\"lazy\" decoding=\"async\" width=\"16\" height=\"16\" alt=\"Loading\" src=\"https:\/\/vocesdelacomuna15.com.ar\/wp-content\/plugins\/page-views-count\/ajax-loader-2x.gif\" border=0 \/><\/p><div class=\"pvc_clear\"><\/div>","protected":false},"excerpt":{"rendered":"<p>Ya est\u00e1 abierta la inscripci\u00f3n para participar del recorrido en los antiguos coches La Brugeoise, declarados Patrimonio Cultural de la Ciudad. Tambi\u00e9n estar\u00e1 abierto el Laboratorio Patrimonial Centenera en el barrio de Caballito. Fuente: Buenosaires.gob.ar Link a nota completa: https:\/\/buenosaires.gob.ar\/noticias\/en-la-noche-de-los-museos-vuelven-circular-las-brujas-por-la-linea En el marco de la Noche de los Museos, que se celebra el s\u00e1bado 9 [&hellip;]<\/p>\n<div class=\"pvc_clear\"><\/div>\n<p id=\"pvc_stats_64291\" class=\"pvc_stats all  \" data-element-id=\"64291\" style=\"\"><i class=\"pvc-stats-icon small\" aria-hidden=\"true\"><svg aria-hidden=\"true\" focusable=\"false\" data-prefix=\"far\" data-icon=\"chart-bar\" role=\"img\" xmlns=\"http:\/\/www.w3.org\/2000\/svg\" viewBox=\"0 0 512 512\" class=\"svg-inline--fa fa-chart-bar fa-w-16 fa-2x\"><path fill=\"currentColor\" d=\"M396.8 352h22.4c6.4 0 12.8-6.4 12.8-12.8V108.8c0-6.4-6.4-12.8-12.8-12.8h-22.4c-6.4 0-12.8 6.4-12.8 12.8v230.4c0 6.4 6.4 12.8 12.8 12.8zm-192 0h22.4c6.4 0 12.8-6.4 12.8-12.8V140.8c0-6.4-6.4-12.8-12.8-12.8h-22.4c-6.4 0-12.8 6.4-12.8 12.8v198.4c0 6.4 6.4 12.8 12.8 12.8zm96 0h22.4c6.4 0 12.8-6.4 12.8-12.8V204.8c0-6.4-6.4-12.8-12.8-12.8h-22.4c-6.4 0-12.8 6.4-12.8 12.8v134.4c0 6.4 6.4 12.8 12.8 12.8zM496 400H48V80c0-8.84-7.16-16-16-16H16C7.16 64 0 71.16 0 80v336c0 17.67 14.33 32 32 32h464c8.84 0 16-7.16 16-16v-16c0-8.84-7.16-16-16-16zm-387.2-48h22.4c6.4 0 12.8-6.4 12.8-12.8v-70.4c0-6.4-6.4-12.8-12.8-12.8h-22.4c-6.4 0-12.8 6.4-12.8 12.8v70.4c0 6.4 6.4 12.8 12.8 12.8z\" class=\"\"><\/path><\/svg><\/i> <img loading=\"lazy\" decoding=\"async\" width=\"16\" height=\"16\" alt=\"Loading\" src=\"https:\/\/vocesdelacomuna15.com.ar\/wp-content\/plugins\/page-views-count\/ajax-loader-2x.gif\" border=0 \/><\/p>\n<div class=\"pvc_clear\"><\/div>\n","protected":false},"author":2,"featured_media":64292,"comment_status":"open","ping_status":"open","sticky":false,"template":"","format":"standard","meta":{"_et_pb_use_builder":"off","_et_pb_old_content":"","_et_gb_content_width":"","footnotes":""},"categories":[26],"tags":[],"class_list":["post-64291","post","type-post","status-publish","format-standard","has-post-thumbnail","hentry","category-ciudad","et-has-post-format-content","et_post_format-et-post-format-standard"],"a3_pvc":{"activated":true,"total_views":24,"today_views":0},"yoast_head":"<!-- This site is optimized with the Yoast SEO plugin v27.5 - https:\/\/yoast.com\/product\/yoast-seo-wordpress\/ -->\n<title>En la Noche de los Museos, vuelven a circular \u201clas brujas\u201d por la L\u00ednea A - Voces de la Comuna 15<\/title>\n<meta name=\"description\" content=\"Voces de la Comuna 15\" \/>\n<meta name=\"robots\" content=\"index, follow, max-snippet:-1, max-image-preview:large, max-video-preview:-1\" \/>\n<link rel=\"canonical\" href=\"https:\/\/vocesdelacomuna15.com.ar\/press\/en-la-noche-de-los-museos-vuelven-a-circular-las-brujas-por-la-linea-a\/\" \/>\n<meta property=\"og:locale\" content=\"es_ES\" \/>\n<meta property=\"og:type\" content=\"article\" \/>\n<meta property=\"og:title\" content=\"En la Noche de los Museos, vuelven a circular \u201clas brujas\u201d por la L\u00ednea A - Voces de la Comuna 15\" \/>\n<meta property=\"og:description\" content=\"Voces de la Comuna 15\" \/>\n<meta property=\"og:url\" content=\"https:\/\/vocesdelacomuna15.com.ar\/press\/en-la-noche-de-los-museos-vuelven-a-circular-las-brujas-por-la-linea-a\/\" \/>\n<meta property=\"og:site_name\" content=\"Voces de la Comuna 15\" \/>\n<meta property=\"article:publisher\" content=\"https:\/\/www.facebook.com\/VocesComuna15\/\" \/>\n<meta property=\"article:published_time\" content=\"2024-11-04T14:43:42+00:00\" \/>\n<meta property=\"article:modified_time\" content=\"2024-11-04T14:43:43+00:00\" \/>\n<meta property=\"og:image\" content=\"https:\/\/vocesdelacomuna15.com.ar\/wp-content\/uploads\/2024\/11\/NDLM-1-scaled.jpg\" \/>\n\t<meta property=\"og:image:width\" content=\"2560\" \/>\n\t<meta property=\"og:image:height\" content=\"1706\" \/>\n\t<meta property=\"og:image:type\" content=\"image\/jpeg\" \/>\n<meta name=\"author\" content=\"Federico Arguto\" \/>\n<meta name=\"twitter:card\" content=\"summary_large_image\" \/>\n<meta name=\"twitter:creator\" content=\"@vocescomuna15\" \/>\n<meta name=\"twitter:site\" content=\"@vocescomuna15\" \/>\n<meta name=\"twitter:label1\" content=\"Escrito por\" \/>\n\t<meta name=\"twitter:data1\" content=\"Federico Arguto\" \/>\n\t<meta name=\"twitter:label2\" content=\"Tiempo de lectura\" \/>\n\t<meta name=\"twitter:data2\" content=\"2 minutos\" \/>\n<script type=\"application\/ld+json\" class=\"yoast-schema-graph\">{\"@context\":\"https:\\\/\\\/schema.org\",\"@graph\":[{\"@type\":\"Article\",\"@id\":\"https:\\\/\\\/vocesdelacomuna15.com.ar\\\/press\\\/en-la-noche-de-los-museos-vuelven-a-circular-las-brujas-por-la-linea-a\\\/#article\",\"isPartOf\":{\"@id\":\"https:\\\/\\\/vocesdelacomuna15.com.ar\\\/press\\\/en-la-noche-de-los-museos-vuelven-a-circular-las-brujas-por-la-linea-a\\\/\"},\"author\":{\"name\":\"Federico Arguto\",\"@id\":\"https:\\\/\\\/vocesdelacomuna15.com.ar\\\/press\\\/#\\\/schema\\\/person\\\/4739e109db25d799cd3d139eeb509e43\"},\"headline\":\"En la Noche de los Museos, vuelven a circular \u201clas brujas\u201d por la L\u00ednea A\",\"datePublished\":\"2024-11-04T14:43:42+00:00\",\"dateModified\":\"2024-11-04T14:43:43+00:00\",\"mainEntityOfPage\":{\"@id\":\"https:\\\/\\\/vocesdelacomuna15.com.ar\\\/press\\\/en-la-noche-de-los-museos-vuelven-a-circular-las-brujas-por-la-linea-a\\\/\"},\"wordCount\":442,\"commentCount\":0,\"publisher\":{\"@id\":\"https:\\\/\\\/vocesdelacomuna15.com.ar\\\/press\\\/#organization\"},\"image\":{\"@id\":\"https:\\\/\\\/vocesdelacomuna15.com.ar\\\/press\\\/en-la-noche-de-los-museos-vuelven-a-circular-las-brujas-por-la-linea-a\\\/#primaryimage\"},\"thumbnailUrl\":\"https:\\\/\\\/vocesdelacomuna15.com.ar\\\/wp-content\\\/uploads\\\/2024\\\/11\\\/NDLM-1-scaled.jpg\",\"articleSection\":[\"Ciudad\"],\"inLanguage\":\"es-AR\",\"potentialAction\":[{\"@type\":\"CommentAction\",\"name\":\"Comment\",\"target\":[\"https:\\\/\\\/vocesdelacomuna15.com.ar\\\/press\\\/en-la-noche-de-los-museos-vuelven-a-circular-las-brujas-por-la-linea-a\\\/#respond\"]}]},{\"@type\":\"WebPage\",\"@id\":\"https:\\\/\\\/vocesdelacomuna15.com.ar\\\/press\\\/en-la-noche-de-los-museos-vuelven-a-circular-las-brujas-por-la-linea-a\\\/\",\"url\":\"https:\\\/\\\/vocesdelacomuna15.com.ar\\\/press\\\/en-la-noche-de-los-museos-vuelven-a-circular-las-brujas-por-la-linea-a\\\/\",\"name\":\"En la Noche de los Museos, vuelven a circular \u201clas brujas\u201d por la L\u00ednea A - Voces de la Comuna 15\",\"isPartOf\":{\"@id\":\"https:\\\/\\\/vocesdelacomuna15.com.ar\\\/press\\\/#website\"},\"primaryImageOfPage\":{\"@id\":\"https:\\\/\\\/vocesdelacomuna15.com.ar\\\/press\\\/en-la-noche-de-los-museos-vuelven-a-circular-las-brujas-por-la-linea-a\\\/#primaryimage\"},\"image\":{\"@id\":\"https:\\\/\\\/vocesdelacomuna15.com.ar\\\/press\\\/en-la-noche-de-los-museos-vuelven-a-circular-las-brujas-por-la-linea-a\\\/#primaryimage\"},\"thumbnailUrl\":\"https:\\\/\\\/vocesdelacomuna15.com.ar\\\/wp-content\\\/uploads\\\/2024\\\/11\\\/NDLM-1-scaled.jpg\",\"datePublished\":\"2024-11-04T14:43:42+00:00\",\"dateModified\":\"2024-11-04T14:43:43+00:00\",\"description\":\"Voces de la Comuna 15\",\"breadcrumb\":{\"@id\":\"https:\\\/\\\/vocesdelacomuna15.com.ar\\\/press\\\/en-la-noche-de-los-museos-vuelven-a-circular-las-brujas-por-la-linea-a\\\/#breadcrumb\"},\"inLanguage\":\"es-AR\",\"potentialAction\":[{\"@type\":\"ReadAction\",\"target\":[\"https:\\\/\\\/vocesdelacomuna15.com.ar\\\/press\\\/en-la-noche-de-los-museos-vuelven-a-circular-las-brujas-por-la-linea-a\\\/\"]}]},{\"@type\":\"ImageObject\",\"inLanguage\":\"es-AR\",\"@id\":\"https:\\\/\\\/vocesdelacomuna15.com.ar\\\/press\\\/en-la-noche-de-los-museos-vuelven-a-circular-las-brujas-por-la-linea-a\\\/#primaryimage\",\"url\":\"https:\\\/\\\/vocesdelacomuna15.com.ar\\\/wp-content\\\/uploads\\\/2024\\\/11\\\/NDLM-1-scaled.jpg\",\"contentUrl\":\"https:\\\/\\\/vocesdelacomuna15.com.ar\\\/wp-content\\\/uploads\\\/2024\\\/11\\\/NDLM-1-scaled.jpg\",\"width\":2560,\"height\":1706},{\"@type\":\"BreadcrumbList\",\"@id\":\"https:\\\/\\\/vocesdelacomuna15.com.ar\\\/press\\\/en-la-noche-de-los-museos-vuelven-a-circular-las-brujas-por-la-linea-a\\\/#breadcrumb\",\"itemListElement\":[{\"@type\":\"ListItem\",\"position\":1,\"name\":\"Inicio\",\"item\":\"https:\\\/\\\/vocesdelacomuna15.com.ar\\\/press\\\/\"},{\"@type\":\"ListItem\",\"position\":2,\"name\":\"En la Noche de los Museos, vuelven a circular \u201clas brujas\u201d por la L\u00ednea A\"}]},{\"@type\":\"WebSite\",\"@id\":\"https:\\\/\\\/vocesdelacomuna15.com.ar\\\/press\\\/#website\",\"url\":\"https:\\\/\\\/vocesdelacomuna15.com.ar\\\/press\\\/\",\"name\":\"Voces de la Comuna 15\",\"description\":\"Sitio web de noticias\",\"publisher\":{\"@id\":\"https:\\\/\\\/vocesdelacomuna15.com.ar\\\/press\\\/#organization\"},\"potentialAction\":[{\"@type\":\"SearchAction\",\"target\":{\"@type\":\"EntryPoint\",\"urlTemplate\":\"https:\\\/\\\/vocesdelacomuna15.com.ar\\\/press\\\/?s={search_term_string}\"},\"query-input\":{\"@type\":\"PropertyValueSpecification\",\"valueRequired\":true,\"valueName\":\"search_term_string\"}}],\"inLanguage\":\"es-AR\"},{\"@type\":\"Organization\",\"@id\":\"https:\\\/\\\/vocesdelacomuna15.com.ar\\\/press\\\/#organization\",\"name\":\"Voces de la Comuna 15\",\"url\":\"https:\\\/\\\/vocesdelacomuna15.com.ar\\\/press\\\/\",\"logo\":{\"@type\":\"ImageObject\",\"inLanguage\":\"es-AR\",\"@id\":\"https:\\\/\\\/vocesdelacomuna15.com.ar\\\/press\\\/#\\\/schema\\\/logo\\\/image\\\/\",\"url\":\"https:\\\/\\\/vocesdelacomuna15.com.ar\\\/wp-content\\\/uploads\\\/2024\\\/12\\\/cropped-logo_voces.jpg\",\"contentUrl\":\"https:\\\/\\\/vocesdelacomuna15.com.ar\\\/wp-content\\\/uploads\\\/2024\\\/12\\\/cropped-logo_voces.jpg\",\"width\":512,\"height\":512,\"caption\":\"Voces de la Comuna 15\"},\"image\":{\"@id\":\"https:\\\/\\\/vocesdelacomuna15.com.ar\\\/press\\\/#\\\/schema\\\/logo\\\/image\\\/\"},\"sameAs\":[\"https:\\\/\\\/www.facebook.com\\\/VocesComuna15\\\/\",\"https:\\\/\\\/x.com\\\/vocescomuna15\"]},{\"@type\":\"Person\",\"@id\":\"https:\\\/\\\/vocesdelacomuna15.com.ar\\\/press\\\/#\\\/schema\\\/person\\\/4739e109db25d799cd3d139eeb509e43\",\"name\":\"Federico Arguto\",\"image\":{\"@type\":\"ImageObject\",\"inLanguage\":\"es-AR\",\"@id\":\"https:\\\/\\\/vocesdelacomuna15.com.ar\\\/wp-content\\\/litespeed\\\/avatar\\\/82faf979976f1bae889b8b71f8a0a7e5.jpg?ver=1777419741\",\"url\":\"https:\\\/\\\/vocesdelacomuna15.com.ar\\\/wp-content\\\/litespeed\\\/avatar\\\/82faf979976f1bae889b8b71f8a0a7e5.jpg?ver=1777419741\",\"contentUrl\":\"https:\\\/\\\/vocesdelacomuna15.com.ar\\\/wp-content\\\/litespeed\\\/avatar\\\/82faf979976f1bae889b8b71f8a0a7e5.jpg?ver=1777419741\",\"caption\":\"Federico Arguto\"},\"url\":\"https:\\\/\\\/vocesdelacomuna15.com.ar\\\/press\\\/author\\\/fede\\\/\"}]}<\/script>\n<!-- \/ Yoast SEO plugin. -->","yoast_head_json":{"title":"En la Noche de los Museos, vuelven a circular \u201clas brujas\u201d por la L\u00ednea A - Voces de la Comuna 15","description":"Voces de la Comuna 15","robots":{"index":"index","follow":"follow","max-snippet":"max-snippet:-1","max-image-preview":"max-image-preview:large","max-video-preview":"max-video-preview:-1"},"canonical":"https:\/\/vocesdelacomuna15.com.ar\/press\/en-la-noche-de-los-museos-vuelven-a-circular-las-brujas-por-la-linea-a\/","og_locale":"es_ES","og_type":"article","og_title":"En la Noche de los Museos, vuelven a circular \u201clas brujas\u201d por la L\u00ednea A - Voces de la Comuna 15","og_description":"Voces de la Comuna 15","og_url":"https:\/\/vocesdelacomuna15.com.ar\/press\/en-la-noche-de-los-museos-vuelven-a-circular-las-brujas-por-la-linea-a\/","og_site_name":"Voces de la Comuna 15","article_publisher":"https:\/\/www.facebook.com\/VocesComuna15\/","article_published_time":"2024-11-04T14:43:42+00:00","article_modified_time":"2024-11-04T14:43:43+00:00","og_image":[{"width":2560,"height":1706,"url":"https:\/\/vocesdelacomuna15.com.ar\/wp-content\/uploads\/2024\/11\/NDLM-1-scaled.jpg","type":"image\/jpeg"}],"author":"Federico Arguto","twitter_card":"summary_large_image","twitter_creator":"@vocescomuna15","twitter_site":"@vocescomuna15","twitter_misc":{"Escrito por":"Federico Arguto","Tiempo de lectura":"2 minutos"},"schema":{"@context":"https:\/\/schema.org","@graph":[{"@type":"Article","@id":"https:\/\/vocesdelacomuna15.com.ar\/press\/en-la-noche-de-los-museos-vuelven-a-circular-las-brujas-por-la-linea-a\/#article","isPartOf":{"@id":"https:\/\/vocesdelacomuna15.com.ar\/press\/en-la-noche-de-los-museos-vuelven-a-circular-las-brujas-por-la-linea-a\/"},"author":{"name":"Federico Arguto","@id":"https:\/\/vocesdelacomuna15.com.ar\/press\/#\/schema\/person\/4739e109db25d799cd3d139eeb509e43"},"headline":"En la Noche de los Museos, vuelven a circular \u201clas brujas\u201d por la L\u00ednea A","datePublished":"2024-11-04T14:43:42+00:00","dateModified":"2024-11-04T14:43:43+00:00","mainEntityOfPage":{"@id":"https:\/\/vocesdelacomuna15.com.ar\/press\/en-la-noche-de-los-museos-vuelven-a-circular-las-brujas-por-la-linea-a\/"},"wordCount":442,"commentCount":0,"publisher":{"@id":"https:\/\/vocesdelacomuna15.com.ar\/press\/#organization"},"image":{"@id":"https:\/\/vocesdelacomuna15.com.ar\/press\/en-la-noche-de-los-museos-vuelven-a-circular-las-brujas-por-la-linea-a\/#primaryimage"},"thumbnailUrl":"https:\/\/vocesdelacomuna15.com.ar\/wp-content\/uploads\/2024\/11\/NDLM-1-scaled.jpg","articleSection":["Ciudad"],"inLanguage":"es-AR","potentialAction":[{"@type":"CommentAction","name":"Comment","target":["https:\/\/vocesdelacomuna15.com.ar\/press\/en-la-noche-de-los-museos-vuelven-a-circular-las-brujas-por-la-linea-a\/#respond"]}]},{"@type":"WebPage","@id":"https:\/\/vocesdelacomuna15.com.ar\/press\/en-la-noche-de-los-museos-vuelven-a-circular-las-brujas-por-la-linea-a\/","url":"https:\/\/vocesdelacomuna15.com.ar\/press\/en-la-noche-de-los-museos-vuelven-a-circular-las-brujas-por-la-linea-a\/","name":"En la Noche de los Museos, vuelven a circular \u201clas brujas\u201d por la L\u00ednea A - Voces de la Comuna 15","isPartOf":{"@id":"https:\/\/vocesdelacomuna15.com.ar\/press\/#website"},"primaryImageOfPage":{"@id":"https:\/\/vocesdelacomuna15.com.ar\/press\/en-la-noche-de-los-museos-vuelven-a-circular-las-brujas-por-la-linea-a\/#primaryimage"},"image":{"@id":"https:\/\/vocesdelacomuna15.com.ar\/press\/en-la-noche-de-los-museos-vuelven-a-circular-las-brujas-por-la-linea-a\/#primaryimage"},"thumbnailUrl":"https:\/\/vocesdelacomuna15.com.ar\/wp-content\/uploads\/2024\/11\/NDLM-1-scaled.jpg","datePublished":"2024-11-04T14:43:42+00:00","dateModified":"2024-11-04T14:43:43+00:00","description":"Voces de la Comuna 15","breadcrumb":{"@id":"https:\/\/vocesdelacomuna15.com.ar\/press\/en-la-noche-de-los-museos-vuelven-a-circular-las-brujas-por-la-linea-a\/#breadcrumb"},"inLanguage":"es-AR","potentialAction":[{"@type":"ReadAction","target":["https:\/\/vocesdelacomuna15.com.ar\/press\/en-la-noche-de-los-museos-vuelven-a-circular-las-brujas-por-la-linea-a\/"]}]},{"@type":"ImageObject","inLanguage":"es-AR","@id":"https:\/\/vocesdelacomuna15.com.ar\/press\/en-la-noche-de-los-museos-vuelven-a-circular-las-brujas-por-la-linea-a\/#primaryimage","url":"https:\/\/vocesdelacomuna15.com.ar\/wp-content\/uploads\/2024\/11\/NDLM-1-scaled.jpg","contentUrl":"https:\/\/vocesdelacomuna15.com.ar\/wp-content\/uploads\/2024\/11\/NDLM-1-scaled.jpg","width":2560,"height":1706},{"@type":"BreadcrumbList","@id":"https:\/\/vocesdelacomuna15.com.ar\/press\/en-la-noche-de-los-museos-vuelven-a-circular-las-brujas-por-la-linea-a\/#breadcrumb","itemListElement":[{"@type":"ListItem","position":1,"name":"Inicio","item":"https:\/\/vocesdelacomuna15.com.ar\/press\/"},{"@type":"ListItem","position":2,"name":"En la Noche de los Museos, vuelven a circular \u201clas brujas\u201d por la L\u00ednea A"}]},{"@type":"WebSite","@id":"https:\/\/vocesdelacomuna15.com.ar\/press\/#website","url":"https:\/\/vocesdelacomuna15.com.ar\/press\/","name":"Voces de la Comuna 15","description":"Sitio web de noticias","publisher":{"@id":"https:\/\/vocesdelacomuna15.com.ar\/press\/#organization"},"potentialAction":[{"@type":"SearchAction","target":{"@type":"EntryPoint","urlTemplate":"https:\/\/vocesdelacomuna15.com.ar\/press\/?s={search_term_string}"},"query-input":{"@type":"PropertyValueSpecification","valueRequired":true,"valueName":"search_term_string"}}],"inLanguage":"es-AR"},{"@type":"Organization","@id":"https:\/\/vocesdelacomuna15.com.ar\/press\/#organization","name":"Voces de la Comuna 15","url":"https:\/\/vocesdelacomuna15.com.ar\/press\/","logo":{"@type":"ImageObject","inLanguage":"es-AR","@id":"https:\/\/vocesdelacomuna15.com.ar\/press\/#\/schema\/logo\/image\/","url":"https:\/\/vocesdelacomuna15.com.ar\/wp-content\/uploads\/2024\/12\/cropped-logo_voces.jpg","contentUrl":"https:\/\/vocesdelacomuna15.com.ar\/wp-content\/uploads\/2024\/12\/cropped-logo_voces.jpg","width":512,"height":512,"caption":"Voces de la Comuna 15"},"image":{"@id":"https:\/\/vocesdelacomuna15.com.ar\/press\/#\/schema\/logo\/image\/"},"sameAs":["https:\/\/www.facebook.com\/VocesComuna15\/","https:\/\/x.com\/vocescomuna15"]},{"@type":"Person","@id":"https:\/\/vocesdelacomuna15.com.ar\/press\/#\/schema\/person\/4739e109db25d799cd3d139eeb509e43","name":"Federico Arguto","image":{"@type":"ImageObject","inLanguage":"es-AR","@id":"https:\/\/vocesdelacomuna15.com.ar\/wp-content\/litespeed\/avatar\/82faf979976f1bae889b8b71f8a0a7e5.jpg?ver=1777419741","url":"https:\/\/vocesdelacomuna15.com.ar\/wp-content\/litespeed\/avatar\/82faf979976f1bae889b8b71f8a0a7e5.jpg?ver=1777419741","contentUrl":"https:\/\/vocesdelacomuna15.com.ar\/wp-content\/litespeed\/avatar\/82faf979976f1bae889b8b71f8a0a7e5.jpg?ver=1777419741","caption":"Federico Arguto"},"url":"https:\/\/vocesdelacomuna15.com.ar\/press\/author\/fede\/"}]}},"_links":{"self":[{"href":"https:\/\/vocesdelacomuna15.com.ar\/press\/wp-json\/wp\/v2\/posts\/64291","targetHints":{"allow":["GET"]}}],"collection":[{"href":"https:\/\/vocesdelacomuna15.com.ar\/press\/wp-json\/wp\/v2\/posts"}],"about":[{"href":"https:\/\/vocesdelacomuna15.com.ar\/press\/wp-json\/wp\/v2\/types\/post"}],"author":[{"embeddable":true,"href":"https:\/\/vocesdelacomuna15.com.ar\/press\/wp-json\/wp\/v2\/users\/2"}],"replies":[{"embeddable":true,"href":"https:\/\/vocesdelacomuna15.com.ar\/press\/wp-json\/wp\/v2\/comments?post=64291"}],"version-history":[{"count":1,"href":"https:\/\/vocesdelacomuna15.com.ar\/press\/wp-json\/wp\/v2\/posts\/64291\/revisions"}],"predecessor-version":[{"id":64293,"href":"https:\/\/vocesdelacomuna15.com.ar\/press\/wp-json\/wp\/v2\/posts\/64291\/revisions\/64293"}],"wp:featuredmedia":[{"embeddable":true,"href":"https:\/\/vocesdelacomuna15.com.ar\/press\/wp-json\/wp\/v2\/media\/64292"}],"wp:attachment":[{"href":"https:\/\/vocesdelacomuna15.com.ar\/press\/wp-json\/wp\/v2\/media?parent=64291"}],"wp:term":[{"taxonomy":"category","embeddable":true,"href":"https:\/\/vocesdelacomuna15.com.ar\/press\/wp-json\/wp\/v2\/categories?post=64291"},{"taxonomy":"post_tag","embeddable":true,"href":"https:\/\/vocesdelacomuna15.com.ar\/press\/wp-json\/wp\/v2\/tags?post=64291"}],"curies":[{"name":"wp","href":"https:\/\/api.w.org\/{rel}","templated":true}]}}