{"id":64288,"date":"2024-11-04T11:39:54","date_gmt":"2024-11-04T14:39:54","guid":{"rendered":"https:\/\/vocesdelacomuna15.com.ar\/?p=64288"},"modified":"2024-11-04T11:39:55","modified_gmt":"2024-11-04T14:39:55","slug":"el-gobierno-porteno-mejoro-la-charla-virtual-para-renovar-la-licencia-de-conducir","status":"publish","type":"post","link":"https:\/\/vocesdelacomuna15.com.ar\/press\/el-gobierno-porteno-mejoro-la-charla-virtual-para-renovar-la-licencia-de-conducir\/","title":{"rendered":"El Gobierno porte\u00f1o mejor\u00f3 la charla virtual para renovar la licencia de conducir"},"content":{"rendered":"\n<p>Se encuentra en funcionamiento un nuevo acceso a la charla virtual para la renovaci\u00f3n del registro, un sistema que mejora significativamente la experiencia de los vecinos y simplifica el proceso, con una reducci\u00f3n de los pasos para efectuar el tr\u00e1mite.<\/p>\n\n\n\n<p>Fuente: Buenosaires.gob.ar<\/p>\n\n\n\n<p>Link a nota completa: https:\/\/buenosaires.gob.ar\/noticias\/el-gobierno-porteno-mejoro-la-charla-virtual-para-renovar-la-licencia-de-conducir<\/p>\n\n\n\n<p>La Direcci\u00f3n General de Habilitaci\u00f3n de Conductores de la Ciudad, dependiente de la Secretar\u00eda de Gobierno y V\u00ednculo Ciudadano, ha puesto en funcionamiento un&nbsp;nuevo enlace para acceder a la charla virtual de renovaci\u00f3n de la licencia de conducir. Este sistema simplificado, disponible desde este mes, busca hacer el proceso m\u00e1s eficiente y reducir significativamente los pasos necesarios para completar el tr\u00e1mite.<\/p>\n\n\n\n<p>\u201cEl nuevo formato de charla virtual ofrece una experiencia m\u00e1s directa para los vecinos. Mientras que antes se requer\u00edan m\u00faltiples pasos, como autenticarse en la plataforma, completar formularios y esperar un correo de confirmaci\u00f3n, el nuevo proceso permite iniciar la charla directamente tras ingresar a miBA\u201d, destac\u00f3 C\u00e9sar Torres, secretario de Gobierno y V\u00ednculo Ciudadano.<\/p>\n\n\n\n<p>El formato anterior para la renovaci\u00f3n de licencias implicaba varios pasos que ralentizaba el proceso. Los vecinos deb\u00edan autenticarse en la plataforma miBA, ingresar al sistema STD, completar diversos formularios con sus datos y luego confirmar el tr\u00e1mite. Despu\u00e9s, era necesario esperar un correo electr\u00f3nico con el enlace a la charla, lo que a\u00f1ad\u00eda un paso intermedio antes de poder iniciar la capacitaci\u00f3n.<\/p>\n\n\n\n<p>Con el nuevo sistema el proceso se ha simplificado dr\u00e1sticamente. Ahora, tras autenticarse en miBA, los usuarios pueden iniciar la charla de renovaci\u00f3n directamente, eliminando la necesidad de completar formularios y esperar correos de confirmaci\u00f3n. Esto no solo agiliza el tr\u00e1mite, sino que mejora la experiencia de los vecinos, haciendo que sea m\u00e1s r\u00e1pido y f\u00e1cil tramitar la renovaci\u00f3n de la licencia.<\/p>\n\n\n\n<p>Comparativa del sistema&nbsp;<\/p>\n\n\n\n<p>Formato anterior:<\/p>\n\n\n\n<ul class=\"wp-block-list\">\n<li>Autenticaci\u00f3n en miBA<\/li>\n\n\n\n<li>Ingreso a STD<\/li>\n\n\n\n<li>Completar formularios<\/li>\n\n\n\n<li>Confirmaci\u00f3n del tr\u00e1mite<\/li>\n\n\n\n<li>Espera de correo con el link a la charla<\/li>\n\n\n\n<li>Inicio de la charla<\/li>\n<\/ul>\n\n\n\n<p>Formato actual:<\/p>\n\n\n\n<ul class=\"wp-block-list\">\n<li>Autenticaci\u00f3n en miBA<\/li>\n\n\n\n<li>Inicio directo de la charla<\/li>\n<\/ul>\n\n\n\n<p>Otras mejoras destacadas<\/p>\n\n\n\n<ol class=\"wp-block-list\">\n<li>Dashboard de inicio: Al ingresar a miBA, los vecinos ver\u00e1n un panel donde podr\u00e1n comprobar si tienen charlas pendientes o vigentes.<\/li>\n\n\n\n<li>Flexibilidad: Los usuarios pueden dejar una charla incompleta y retomarla desde el \u00faltimo m\u00f3dulo finalizado.<\/li>\n\n\n\n<li>Barra de progreso: Ahora se incluye una barra que muestra el avance exacto de la charla y el tiempo restante para completarla.<\/li>\n\n\n\n<li>Gesti\u00f3n avanzada: Seg\u00fan la categor\u00eda solicitada, los vecinos podr\u00e1n participar en varias charlas, con un mayor control sobre sus procesos.<\/li>\n\n\n\n<li>Certificado digital: Al finalizar la charla, los vecinos recibir\u00e1n un certificado digital v\u00e1lido por un a\u00f1o.<\/li>\n<\/ol>\n\n\n\n<p>La Ciudad incorpor\u00f3 un nuevo servicio para solicitar el cambio de jurisdicci\u00f3n en la licencia a trav\u00e9s de BOTI, permitiendo que los vecinos reciban toda la informaci\u00f3n y saquen turnos chateando desde whatsapp para, posteriormente, concluir la gesti\u00f3n de forma presencial.&nbsp;<\/p>\n\n\n\n<p>Este tr\u00e1mite es obligatorio si la persona realiz\u00f3 un cambio de domicilio a la Ciudad y la licencia est\u00e1 vigente o vencida por menos de 1 a\u00f1o. Tambi\u00e9n si posee direcci\u00f3n de otra jurisdicci\u00f3n dentro del pa\u00eds. Solo aplica para las licencias particulares (A, B o G) que ya se posean.<\/p>\n\n\n\n<p>La posibilidad de recibir informaci\u00f3n y solicitar turno para iniciar el cambio de jurisdicci\u00f3n se suma a otros tr\u00e1mites similares ya disponibles a trav\u00e9s de BOTI, como el otorgamiento, la renovaci\u00f3n o la ampliaci\u00f3n de la licencia, mejorando la accesibilidad y agilidad en las gestiones. Con esta nueva iniciativa, la Secretar\u00eda de Gobierno y V\u00ednculo Ciudadano sigue avanzando en la digitalizaci\u00f3n y simplificaci\u00f3n de tr\u00e1mites, facilitando la experiencia de los vecinos.<br>&nbsp;<\/p>\n\n\n\n<p>Caracteres: 3520<\/p>\n<div class=\"pvc_clear\"><\/div><p id=\"pvc_stats_64288\" class=\"pvc_stats all  \" data-element-id=\"64288\" style=\"\"><i class=\"pvc-stats-icon small\" aria-hidden=\"true\"><svg aria-hidden=\"true\" focusable=\"false\" data-prefix=\"far\" data-icon=\"chart-bar\" role=\"img\" xmlns=\"http:\/\/www.w3.org\/2000\/svg\" viewBox=\"0 0 512 512\" class=\"svg-inline--fa fa-chart-bar fa-w-16 fa-2x\"><path fill=\"currentColor\" d=\"M396.8 352h22.4c6.4 0 12.8-6.4 12.8-12.8V108.8c0-6.4-6.4-12.8-12.8-12.8h-22.4c-6.4 0-12.8 6.4-12.8 12.8v230.4c0 6.4 6.4 12.8 12.8 12.8zm-192 0h22.4c6.4 0 12.8-6.4 12.8-12.8V140.8c0-6.4-6.4-12.8-12.8-12.8h-22.4c-6.4 0-12.8 6.4-12.8 12.8v198.4c0 6.4 6.4 12.8 12.8 12.8zm96 0h22.4c6.4 0 12.8-6.4 12.8-12.8V204.8c0-6.4-6.4-12.8-12.8-12.8h-22.4c-6.4 0-12.8 6.4-12.8 12.8v134.4c0 6.4 6.4 12.8 12.8 12.8zM496 400H48V80c0-8.84-7.16-16-16-16H16C7.16 64 0 71.16 0 80v336c0 17.67 14.33 32 32 32h464c8.84 0 16-7.16 16-16v-16c0-8.84-7.16-16-16-16zm-387.2-48h22.4c6.4 0 12.8-6.4 12.8-12.8v-70.4c0-6.4-6.4-12.8-12.8-12.8h-22.4c-6.4 0-12.8 6.4-12.8 12.8v70.4c0 6.4 6.4 12.8 12.8 12.8z\" class=\"\"><\/path><\/svg><\/i> <img loading=\"lazy\" decoding=\"async\" width=\"16\" height=\"16\" alt=\"Loading\" src=\"https:\/\/vocesdelacomuna15.com.ar\/wp-content\/plugins\/page-views-count\/ajax-loader-2x.gif\" border=0 \/><\/p><div class=\"pvc_clear\"><\/div>","protected":false},"excerpt":{"rendered":"<p>Se encuentra en funcionamiento un nuevo acceso a la charla virtual para la renovaci\u00f3n del registro, un sistema que mejora significativamente la experiencia de los vecinos y simplifica el proceso, con una reducci\u00f3n de los pasos para efectuar el tr\u00e1mite. Fuente: Buenosaires.gob.ar Link a nota completa: https:\/\/buenosaires.gob.ar\/noticias\/el-gobierno-porteno-mejoro-la-charla-virtual-para-renovar-la-licencia-de-conducir La Direcci\u00f3n General de Habilitaci\u00f3n de Conductores de [&hellip;]<\/p>\n<div class=\"pvc_clear\"><\/div>\n<p id=\"pvc_stats_64288\" class=\"pvc_stats all  \" data-element-id=\"64288\" style=\"\"><i class=\"pvc-stats-icon small\" aria-hidden=\"true\"><svg aria-hidden=\"true\" focusable=\"false\" data-prefix=\"far\" data-icon=\"chart-bar\" role=\"img\" xmlns=\"http:\/\/www.w3.org\/2000\/svg\" viewBox=\"0 0 512 512\" class=\"svg-inline--fa fa-chart-bar fa-w-16 fa-2x\"><path fill=\"currentColor\" d=\"M396.8 352h22.4c6.4 0 12.8-6.4 12.8-12.8V108.8c0-6.4-6.4-12.8-12.8-12.8h-22.4c-6.4 0-12.8 6.4-12.8 12.8v230.4c0 6.4 6.4 12.8 12.8 12.8zm-192 0h22.4c6.4 0 12.8-6.4 12.8-12.8V140.8c0-6.4-6.4-12.8-12.8-12.8h-22.4c-6.4 0-12.8 6.4-12.8 12.8v198.4c0 6.4 6.4 12.8 12.8 12.8zm96 0h22.4c6.4 0 12.8-6.4 12.8-12.8V204.8c0-6.4-6.4-12.8-12.8-12.8h-22.4c-6.4 0-12.8 6.4-12.8 12.8v134.4c0 6.4 6.4 12.8 12.8 12.8zM496 400H48V80c0-8.84-7.16-16-16-16H16C7.16 64 0 71.16 0 80v336c0 17.67 14.33 32 32 32h464c8.84 0 16-7.16 16-16v-16c0-8.84-7.16-16-16-16zm-387.2-48h22.4c6.4 0 12.8-6.4 12.8-12.8v-70.4c0-6.4-6.4-12.8-12.8-12.8h-22.4c-6.4 0-12.8 6.4-12.8 12.8v70.4c0 6.4 6.4 12.8 12.8 12.8z\" class=\"\"><\/path><\/svg><\/i> <img loading=\"lazy\" decoding=\"async\" width=\"16\" height=\"16\" alt=\"Loading\" src=\"https:\/\/vocesdelacomuna15.com.ar\/wp-content\/plugins\/page-views-count\/ajax-loader-2x.gif\" border=0 \/><\/p>\n<div class=\"pvc_clear\"><\/div>\n","protected":false},"author":2,"featured_media":64289,"comment_status":"open","ping_status":"open","sticky":false,"template":"","format":"standard","meta":{"_et_pb_use_builder":"off","_et_pb_old_content":"","_et_gb_content_width":"","footnotes":""},"categories":[26],"tags":[],"class_list":["post-64288","post","type-post","status-publish","format-standard","has-post-thumbnail","hentry","category-ciudad","et-has-post-format-content","et_post_format-et-post-format-standard"],"a3_pvc":{"activated":true,"total_views":97,"today_views":0},"yoast_head":"<!-- This site is optimized with the Yoast SEO plugin v27.5 - https:\/\/yoast.com\/product\/yoast-seo-wordpress\/ -->\n<title>El Gobierno porte\u00f1o mejor\u00f3 la charla virtual para renovar la licencia de conducir - Voces de la Comuna 15<\/title>\n<meta name=\"description\" content=\"Voces de la Comuna 15\" \/>\n<meta name=\"robots\" content=\"index, follow, max-snippet:-1, max-image-preview:large, max-video-preview:-1\" \/>\n<link rel=\"canonical\" href=\"https:\/\/vocesdelacomuna15.com.ar\/press\/el-gobierno-porteno-mejoro-la-charla-virtual-para-renovar-la-licencia-de-conducir\/\" \/>\n<meta property=\"og:locale\" content=\"es_ES\" \/>\n<meta property=\"og:type\" content=\"article\" \/>\n<meta property=\"og:title\" content=\"El Gobierno porte\u00f1o mejor\u00f3 la charla virtual para renovar la licencia de conducir - Voces de la Comuna 15\" \/>\n<meta property=\"og:description\" content=\"Voces de la Comuna 15\" \/>\n<meta property=\"og:url\" content=\"https:\/\/vocesdelacomuna15.com.ar\/press\/el-gobierno-porteno-mejoro-la-charla-virtual-para-renovar-la-licencia-de-conducir\/\" \/>\n<meta property=\"og:site_name\" content=\"Voces de la Comuna 15\" \/>\n<meta property=\"article:publisher\" content=\"https:\/\/www.facebook.com\/VocesComuna15\/\" \/>\n<meta property=\"article:published_time\" content=\"2024-11-04T14:39:54+00:00\" \/>\n<meta property=\"article:modified_time\" content=\"2024-11-04T14:39:55+00:00\" \/>\n<meta property=\"og:image\" content=\"https:\/\/vocesdelacomuna15.com.ar\/wp-content\/uploads\/2024\/11\/charla-licencias-scaled.jpg\" \/>\n\t<meta property=\"og:image:width\" content=\"2560\" \/>\n\t<meta property=\"og:image:height\" content=\"1707\" \/>\n\t<meta property=\"og:image:type\" content=\"image\/jpeg\" \/>\n<meta name=\"author\" content=\"Federico Arguto\" \/>\n<meta name=\"twitter:card\" content=\"summary_large_image\" \/>\n<meta name=\"twitter:creator\" content=\"@vocescomuna15\" \/>\n<meta name=\"twitter:site\" content=\"@vocescomuna15\" \/>\n<meta name=\"twitter:label1\" content=\"Escrito por\" \/>\n\t<meta name=\"twitter:data1\" content=\"Federico Arguto\" \/>\n\t<meta name=\"twitter:label2\" content=\"Tiempo de lectura\" \/>\n\t<meta name=\"twitter:data2\" content=\"3 minutos\" \/>\n<script type=\"application\/ld+json\" class=\"yoast-schema-graph\">{\"@context\":\"https:\\\/\\\/schema.org\",\"@graph\":[{\"@type\":\"Article\",\"@id\":\"https:\\\/\\\/vocesdelacomuna15.com.ar\\\/press\\\/el-gobierno-porteno-mejoro-la-charla-virtual-para-renovar-la-licencia-de-conducir\\\/#article\",\"isPartOf\":{\"@id\":\"https:\\\/\\\/vocesdelacomuna15.com.ar\\\/press\\\/el-gobierno-porteno-mejoro-la-charla-virtual-para-renovar-la-licencia-de-conducir\\\/\"},\"author\":{\"name\":\"Federico Arguto\",\"@id\":\"https:\\\/\\\/vocesdelacomuna15.com.ar\\\/press\\\/#\\\/schema\\\/person\\\/4739e109db25d799cd3d139eeb509e43\"},\"headline\":\"El Gobierno porte\u00f1o mejor\u00f3 la charla virtual para renovar la licencia de conducir\",\"datePublished\":\"2024-11-04T14:39:54+00:00\",\"dateModified\":\"2024-11-04T14:39:55+00:00\",\"mainEntityOfPage\":{\"@id\":\"https:\\\/\\\/vocesdelacomuna15.com.ar\\\/press\\\/el-gobierno-porteno-mejoro-la-charla-virtual-para-renovar-la-licencia-de-conducir\\\/\"},\"wordCount\":680,\"commentCount\":0,\"publisher\":{\"@id\":\"https:\\\/\\\/vocesdelacomuna15.com.ar\\\/press\\\/#organization\"},\"image\":{\"@id\":\"https:\\\/\\\/vocesdelacomuna15.com.ar\\\/press\\\/el-gobierno-porteno-mejoro-la-charla-virtual-para-renovar-la-licencia-de-conducir\\\/#primaryimage\"},\"thumbnailUrl\":\"https:\\\/\\\/vocesdelacomuna15.com.ar\\\/wp-content\\\/uploads\\\/2024\\\/11\\\/charla-licencias-scaled.jpg\",\"articleSection\":[\"Ciudad\"],\"inLanguage\":\"es-AR\",\"potentialAction\":[{\"@type\":\"CommentAction\",\"name\":\"Comment\",\"target\":[\"https:\\\/\\\/vocesdelacomuna15.com.ar\\\/press\\\/el-gobierno-porteno-mejoro-la-charla-virtual-para-renovar-la-licencia-de-conducir\\\/#respond\"]}]},{\"@type\":\"WebPage\",\"@id\":\"https:\\\/\\\/vocesdelacomuna15.com.ar\\\/press\\\/el-gobierno-porteno-mejoro-la-charla-virtual-para-renovar-la-licencia-de-conducir\\\/\",\"url\":\"https:\\\/\\\/vocesdelacomuna15.com.ar\\\/press\\\/el-gobierno-porteno-mejoro-la-charla-virtual-para-renovar-la-licencia-de-conducir\\\/\",\"name\":\"El Gobierno porte\u00f1o mejor\u00f3 la charla virtual para renovar la licencia de conducir - Voces de la Comuna 15\",\"isPartOf\":{\"@id\":\"https:\\\/\\\/vocesdelacomuna15.com.ar\\\/press\\\/#website\"},\"primaryImageOfPage\":{\"@id\":\"https:\\\/\\\/vocesdelacomuna15.com.ar\\\/press\\\/el-gobierno-porteno-mejoro-la-charla-virtual-para-renovar-la-licencia-de-conducir\\\/#primaryimage\"},\"image\":{\"@id\":\"https:\\\/\\\/vocesdelacomuna15.com.ar\\\/press\\\/el-gobierno-porteno-mejoro-la-charla-virtual-para-renovar-la-licencia-de-conducir\\\/#primaryimage\"},\"thumbnailUrl\":\"https:\\\/\\\/vocesdelacomuna15.com.ar\\\/wp-content\\\/uploads\\\/2024\\\/11\\\/charla-licencias-scaled.jpg\",\"datePublished\":\"2024-11-04T14:39:54+00:00\",\"dateModified\":\"2024-11-04T14:39:55+00:00\",\"description\":\"Voces de la Comuna 15\",\"breadcrumb\":{\"@id\":\"https:\\\/\\\/vocesdelacomuna15.com.ar\\\/press\\\/el-gobierno-porteno-mejoro-la-charla-virtual-para-renovar-la-licencia-de-conducir\\\/#breadcrumb\"},\"inLanguage\":\"es-AR\",\"potentialAction\":[{\"@type\":\"ReadAction\",\"target\":[\"https:\\\/\\\/vocesdelacomuna15.com.ar\\\/press\\\/el-gobierno-porteno-mejoro-la-charla-virtual-para-renovar-la-licencia-de-conducir\\\/\"]}]},{\"@type\":\"ImageObject\",\"inLanguage\":\"es-AR\",\"@id\":\"https:\\\/\\\/vocesdelacomuna15.com.ar\\\/press\\\/el-gobierno-porteno-mejoro-la-charla-virtual-para-renovar-la-licencia-de-conducir\\\/#primaryimage\",\"url\":\"https:\\\/\\\/vocesdelacomuna15.com.ar\\\/wp-content\\\/uploads\\\/2024\\\/11\\\/charla-licencias-scaled.jpg\",\"contentUrl\":\"https:\\\/\\\/vocesdelacomuna15.com.ar\\\/wp-content\\\/uploads\\\/2024\\\/11\\\/charla-licencias-scaled.jpg\",\"width\":2560,\"height\":1707},{\"@type\":\"BreadcrumbList\",\"@id\":\"https:\\\/\\\/vocesdelacomuna15.com.ar\\\/press\\\/el-gobierno-porteno-mejoro-la-charla-virtual-para-renovar-la-licencia-de-conducir\\\/#breadcrumb\",\"itemListElement\":[{\"@type\":\"ListItem\",\"position\":1,\"name\":\"Inicio\",\"item\":\"https:\\\/\\\/vocesdelacomuna15.com.ar\\\/press\\\/\"},{\"@type\":\"ListItem\",\"position\":2,\"name\":\"El Gobierno porte\u00f1o mejor\u00f3 la charla virtual para renovar la licencia de conducir\"}]},{\"@type\":\"WebSite\",\"@id\":\"https:\\\/\\\/vocesdelacomuna15.com.ar\\\/press\\\/#website\",\"url\":\"https:\\\/\\\/vocesdelacomuna15.com.ar\\\/press\\\/\",\"name\":\"Voces de la Comuna 15\",\"description\":\"Sitio web de noticias\",\"publisher\":{\"@id\":\"https:\\\/\\\/vocesdelacomuna15.com.ar\\\/press\\\/#organization\"},\"potentialAction\":[{\"@type\":\"SearchAction\",\"target\":{\"@type\":\"EntryPoint\",\"urlTemplate\":\"https:\\\/\\\/vocesdelacomuna15.com.ar\\\/press\\\/?s={search_term_string}\"},\"query-input\":{\"@type\":\"PropertyValueSpecification\",\"valueRequired\":true,\"valueName\":\"search_term_string\"}}],\"inLanguage\":\"es-AR\"},{\"@type\":\"Organization\",\"@id\":\"https:\\\/\\\/vocesdelacomuna15.com.ar\\\/press\\\/#organization\",\"name\":\"Voces de la Comuna 15\",\"url\":\"https:\\\/\\\/vocesdelacomuna15.com.ar\\\/press\\\/\",\"logo\":{\"@type\":\"ImageObject\",\"inLanguage\":\"es-AR\",\"@id\":\"https:\\\/\\\/vocesdelacomuna15.com.ar\\\/press\\\/#\\\/schema\\\/logo\\\/image\\\/\",\"url\":\"https:\\\/\\\/vocesdelacomuna15.com.ar\\\/wp-content\\\/uploads\\\/2024\\\/12\\\/cropped-logo_voces.jpg\",\"contentUrl\":\"https:\\\/\\\/vocesdelacomuna15.com.ar\\\/wp-content\\\/uploads\\\/2024\\\/12\\\/cropped-logo_voces.jpg\",\"width\":512,\"height\":512,\"caption\":\"Voces de la Comuna 15\"},\"image\":{\"@id\":\"https:\\\/\\\/vocesdelacomuna15.com.ar\\\/press\\\/#\\\/schema\\\/logo\\\/image\\\/\"},\"sameAs\":[\"https:\\\/\\\/www.facebook.com\\\/VocesComuna15\\\/\",\"https:\\\/\\\/x.com\\\/vocescomuna15\"]},{\"@type\":\"Person\",\"@id\":\"https:\\\/\\\/vocesdelacomuna15.com.ar\\\/press\\\/#\\\/schema\\\/person\\\/4739e109db25d799cd3d139eeb509e43\",\"name\":\"Federico Arguto\",\"image\":{\"@type\":\"ImageObject\",\"inLanguage\":\"es-AR\",\"@id\":\"https:\\\/\\\/vocesdelacomuna15.com.ar\\\/wp-content\\\/litespeed\\\/avatar\\\/82faf979976f1bae889b8b71f8a0a7e5.jpg?ver=1777419741\",\"url\":\"https:\\\/\\\/vocesdelacomuna15.com.ar\\\/wp-content\\\/litespeed\\\/avatar\\\/82faf979976f1bae889b8b71f8a0a7e5.jpg?ver=1777419741\",\"contentUrl\":\"https:\\\/\\\/vocesdelacomuna15.com.ar\\\/wp-content\\\/litespeed\\\/avatar\\\/82faf979976f1bae889b8b71f8a0a7e5.jpg?ver=1777419741\",\"caption\":\"Federico Arguto\"},\"url\":\"https:\\\/\\\/vocesdelacomuna15.com.ar\\\/press\\\/author\\\/fede\\\/\"}]}<\/script>\n<!-- \/ Yoast SEO plugin. -->","yoast_head_json":{"title":"El Gobierno porte\u00f1o mejor\u00f3 la charla virtual para renovar la licencia de conducir - Voces de la Comuna 15","description":"Voces de la Comuna 15","robots":{"index":"index","follow":"follow","max-snippet":"max-snippet:-1","max-image-preview":"max-image-preview:large","max-video-preview":"max-video-preview:-1"},"canonical":"https:\/\/vocesdelacomuna15.com.ar\/press\/el-gobierno-porteno-mejoro-la-charla-virtual-para-renovar-la-licencia-de-conducir\/","og_locale":"es_ES","og_type":"article","og_title":"El Gobierno porte\u00f1o mejor\u00f3 la charla virtual para renovar la licencia de conducir - Voces de la Comuna 15","og_description":"Voces de la Comuna 15","og_url":"https:\/\/vocesdelacomuna15.com.ar\/press\/el-gobierno-porteno-mejoro-la-charla-virtual-para-renovar-la-licencia-de-conducir\/","og_site_name":"Voces de la Comuna 15","article_publisher":"https:\/\/www.facebook.com\/VocesComuna15\/","article_published_time":"2024-11-04T14:39:54+00:00","article_modified_time":"2024-11-04T14:39:55+00:00","og_image":[{"width":2560,"height":1707,"url":"https:\/\/vocesdelacomuna15.com.ar\/wp-content\/uploads\/2024\/11\/charla-licencias-scaled.jpg","type":"image\/jpeg"}],"author":"Federico Arguto","twitter_card":"summary_large_image","twitter_creator":"@vocescomuna15","twitter_site":"@vocescomuna15","twitter_misc":{"Escrito por":"Federico Arguto","Tiempo de lectura":"3 minutos"},"schema":{"@context":"https:\/\/schema.org","@graph":[{"@type":"Article","@id":"https:\/\/vocesdelacomuna15.com.ar\/press\/el-gobierno-porteno-mejoro-la-charla-virtual-para-renovar-la-licencia-de-conducir\/#article","isPartOf":{"@id":"https:\/\/vocesdelacomuna15.com.ar\/press\/el-gobierno-porteno-mejoro-la-charla-virtual-para-renovar-la-licencia-de-conducir\/"},"author":{"name":"Federico Arguto","@id":"https:\/\/vocesdelacomuna15.com.ar\/press\/#\/schema\/person\/4739e109db25d799cd3d139eeb509e43"},"headline":"El Gobierno porte\u00f1o mejor\u00f3 la charla virtual para renovar la licencia de conducir","datePublished":"2024-11-04T14:39:54+00:00","dateModified":"2024-11-04T14:39:55+00:00","mainEntityOfPage":{"@id":"https:\/\/vocesdelacomuna15.com.ar\/press\/el-gobierno-porteno-mejoro-la-charla-virtual-para-renovar-la-licencia-de-conducir\/"},"wordCount":680,"commentCount":0,"publisher":{"@id":"https:\/\/vocesdelacomuna15.com.ar\/press\/#organization"},"image":{"@id":"https:\/\/vocesdelacomuna15.com.ar\/press\/el-gobierno-porteno-mejoro-la-charla-virtual-para-renovar-la-licencia-de-conducir\/#primaryimage"},"thumbnailUrl":"https:\/\/vocesdelacomuna15.com.ar\/wp-content\/uploads\/2024\/11\/charla-licencias-scaled.jpg","articleSection":["Ciudad"],"inLanguage":"es-AR","potentialAction":[{"@type":"CommentAction","name":"Comment","target":["https:\/\/vocesdelacomuna15.com.ar\/press\/el-gobierno-porteno-mejoro-la-charla-virtual-para-renovar-la-licencia-de-conducir\/#respond"]}]},{"@type":"WebPage","@id":"https:\/\/vocesdelacomuna15.com.ar\/press\/el-gobierno-porteno-mejoro-la-charla-virtual-para-renovar-la-licencia-de-conducir\/","url":"https:\/\/vocesdelacomuna15.com.ar\/press\/el-gobierno-porteno-mejoro-la-charla-virtual-para-renovar-la-licencia-de-conducir\/","name":"El Gobierno porte\u00f1o mejor\u00f3 la charla virtual para renovar la licencia de conducir - Voces de la Comuna 15","isPartOf":{"@id":"https:\/\/vocesdelacomuna15.com.ar\/press\/#website"},"primaryImageOfPage":{"@id":"https:\/\/vocesdelacomuna15.com.ar\/press\/el-gobierno-porteno-mejoro-la-charla-virtual-para-renovar-la-licencia-de-conducir\/#primaryimage"},"image":{"@id":"https:\/\/vocesdelacomuna15.com.ar\/press\/el-gobierno-porteno-mejoro-la-charla-virtual-para-renovar-la-licencia-de-conducir\/#primaryimage"},"thumbnailUrl":"https:\/\/vocesdelacomuna15.com.ar\/wp-content\/uploads\/2024\/11\/charla-licencias-scaled.jpg","datePublished":"2024-11-04T14:39:54+00:00","dateModified":"2024-11-04T14:39:55+00:00","description":"Voces de la Comuna 15","breadcrumb":{"@id":"https:\/\/vocesdelacomuna15.com.ar\/press\/el-gobierno-porteno-mejoro-la-charla-virtual-para-renovar-la-licencia-de-conducir\/#breadcrumb"},"inLanguage":"es-AR","potentialAction":[{"@type":"ReadAction","target":["https:\/\/vocesdelacomuna15.com.ar\/press\/el-gobierno-porteno-mejoro-la-charla-virtual-para-renovar-la-licencia-de-conducir\/"]}]},{"@type":"ImageObject","inLanguage":"es-AR","@id":"https:\/\/vocesdelacomuna15.com.ar\/press\/el-gobierno-porteno-mejoro-la-charla-virtual-para-renovar-la-licencia-de-conducir\/#primaryimage","url":"https:\/\/vocesdelacomuna15.com.ar\/wp-content\/uploads\/2024\/11\/charla-licencias-scaled.jpg","contentUrl":"https:\/\/vocesdelacomuna15.com.ar\/wp-content\/uploads\/2024\/11\/charla-licencias-scaled.jpg","width":2560,"height":1707},{"@type":"BreadcrumbList","@id":"https:\/\/vocesdelacomuna15.com.ar\/press\/el-gobierno-porteno-mejoro-la-charla-virtual-para-renovar-la-licencia-de-conducir\/#breadcrumb","itemListElement":[{"@type":"ListItem","position":1,"name":"Inicio","item":"https:\/\/vocesdelacomuna15.com.ar\/press\/"},{"@type":"ListItem","position":2,"name":"El Gobierno porte\u00f1o mejor\u00f3 la charla virtual para renovar la licencia de conducir"}]},{"@type":"WebSite","@id":"https:\/\/vocesdelacomuna15.com.ar\/press\/#website","url":"https:\/\/vocesdelacomuna15.com.ar\/press\/","name":"Voces de la Comuna 15","description":"Sitio web de noticias","publisher":{"@id":"https:\/\/vocesdelacomuna15.com.ar\/press\/#organization"},"potentialAction":[{"@type":"SearchAction","target":{"@type":"EntryPoint","urlTemplate":"https:\/\/vocesdelacomuna15.com.ar\/press\/?s={search_term_string}"},"query-input":{"@type":"PropertyValueSpecification","valueRequired":true,"valueName":"search_term_string"}}],"inLanguage":"es-AR"},{"@type":"Organization","@id":"https:\/\/vocesdelacomuna15.com.ar\/press\/#organization","name":"Voces de la Comuna 15","url":"https:\/\/vocesdelacomuna15.com.ar\/press\/","logo":{"@type":"ImageObject","inLanguage":"es-AR","@id":"https:\/\/vocesdelacomuna15.com.ar\/press\/#\/schema\/logo\/image\/","url":"https:\/\/vocesdelacomuna15.com.ar\/wp-content\/uploads\/2024\/12\/cropped-logo_voces.jpg","contentUrl":"https:\/\/vocesdelacomuna15.com.ar\/wp-content\/uploads\/2024\/12\/cropped-logo_voces.jpg","width":512,"height":512,"caption":"Voces de la Comuna 15"},"image":{"@id":"https:\/\/vocesdelacomuna15.com.ar\/press\/#\/schema\/logo\/image\/"},"sameAs":["https:\/\/www.facebook.com\/VocesComuna15\/","https:\/\/x.com\/vocescomuna15"]},{"@type":"Person","@id":"https:\/\/vocesdelacomuna15.com.ar\/press\/#\/schema\/person\/4739e109db25d799cd3d139eeb509e43","name":"Federico Arguto","image":{"@type":"ImageObject","inLanguage":"es-AR","@id":"https:\/\/vocesdelacomuna15.com.ar\/wp-content\/litespeed\/avatar\/82faf979976f1bae889b8b71f8a0a7e5.jpg?ver=1777419741","url":"https:\/\/vocesdelacomuna15.com.ar\/wp-content\/litespeed\/avatar\/82faf979976f1bae889b8b71f8a0a7e5.jpg?ver=1777419741","contentUrl":"https:\/\/vocesdelacomuna15.com.ar\/wp-content\/litespeed\/avatar\/82faf979976f1bae889b8b71f8a0a7e5.jpg?ver=1777419741","caption":"Federico Arguto"},"url":"https:\/\/vocesdelacomuna15.com.ar\/press\/author\/fede\/"}]}},"_links":{"self":[{"href":"https:\/\/vocesdelacomuna15.com.ar\/press\/wp-json\/wp\/v2\/posts\/64288","targetHints":{"allow":["GET"]}}],"collection":[{"href":"https:\/\/vocesdelacomuna15.com.ar\/press\/wp-json\/wp\/v2\/posts"}],"about":[{"href":"https:\/\/vocesdelacomuna15.com.ar\/press\/wp-json\/wp\/v2\/types\/post"}],"author":[{"embeddable":true,"href":"https:\/\/vocesdelacomuna15.com.ar\/press\/wp-json\/wp\/v2\/users\/2"}],"replies":[{"embeddable":true,"href":"https:\/\/vocesdelacomuna15.com.ar\/press\/wp-json\/wp\/v2\/comments?post=64288"}],"version-history":[{"count":1,"href":"https:\/\/vocesdelacomuna15.com.ar\/press\/wp-json\/wp\/v2\/posts\/64288\/revisions"}],"predecessor-version":[{"id":64290,"href":"https:\/\/vocesdelacomuna15.com.ar\/press\/wp-json\/wp\/v2\/posts\/64288\/revisions\/64290"}],"wp:featuredmedia":[{"embeddable":true,"href":"https:\/\/vocesdelacomuna15.com.ar\/press\/wp-json\/wp\/v2\/media\/64289"}],"wp:attachment":[{"href":"https:\/\/vocesdelacomuna15.com.ar\/press\/wp-json\/wp\/v2\/media?parent=64288"}],"wp:term":[{"taxonomy":"category","embeddable":true,"href":"https:\/\/vocesdelacomuna15.com.ar\/press\/wp-json\/wp\/v2\/categories?post=64288"},{"taxonomy":"post_tag","embeddable":true,"href":"https:\/\/vocesdelacomuna15.com.ar\/press\/wp-json\/wp\/v2\/tags?post=64288"}],"curies":[{"name":"wp","href":"https:\/\/api.w.org\/{rel}","templated":true}]}}