{"id":64282,"date":"2024-10-31T16:27:40","date_gmt":"2024-10-31T19:27:40","guid":{"rendered":"https:\/\/vocesdelacomuna15.com.ar\/?p=64282"},"modified":"2024-10-31T16:27:42","modified_gmt":"2024-10-31T19:27:42","slug":"mas-ceniza-en-el-patio-de-actores-de-villa-crespo","status":"publish","type":"post","link":"https:\/\/vocesdelacomuna15.com.ar\/press\/mas-ceniza-en-el-patio-de-actores-de-villa-crespo\/","title":{"rendered":"\u201cM\u00e1s ceniza\u201d, en el Patio de Actores de Villa Crespo"},"content":{"rendered":"\n<p>\u201cM\u00e1s ceniza\u201d, en el Patio de Actores de Villa Crespo<\/p>\n\n\n\n<p>La obra de Juan Mayorga cuenta con la direcci\u00f3n de Adrian Cardoso y un destacado elenco integrado por Cristian Sabaz, Graciela Clus\u00f3, Laura Accetta, Roberto Caute, Federico Vilaro y Alexandra Bangert. Tres parejas aparecen en escena simult\u00e1neamente; historias paralelas conectadas entre s\u00ed. Los protagonistas: el presidente y su esposa; un general y su mujer; un actor y su alter-ego femenino. Los enmarca La quinta pared*, un nuevo concepto en el \u00e1mbito teatral interesante de descubrir.<\/p>\n\n\n\n<p><strong>Pre-estreno para amigos y periodistas: s\u00e1bado 12 de octubre a las 18h<\/strong><\/p>\n\n\n\n<p><strong>Estreno para p\u00fablico: s\u00e1bado 19 de octubre a las 18h<\/strong><\/p>\n\n\n\n<p><strong>Funciones: s\u00e1bados 18h<\/strong><\/p>\n\n\n\n<p><strong>Sala: Patio de actores &#8211; Lerma 568<\/strong><\/p>\n\n\n\n<p><strong>Entradas por Alternativa Teatral: https:\/\/publico.alternativateatral.com\/entradas91658-mas-ceniza?o=14<\/strong><\/p>\n\n\n\n<p>\u201c\u2026<em>Es un tiempo de pesadillas, pero tambi\u00e9n de grandes sue\u00f1os. El mundo burgu\u00e9s parece extinguirse y algo desconocido \u2015bello o monstruoso\u2015anuncia su llegada. Y el arte se cree capaz de estar al frente de la gran transformaci\u00f3n.<\/em> (Mayorga, 2003: 26)<\/p>\n\n\n\n<p><em>El tiempo en M\u00e1s ceniza es un \u00abpresente suspendido\u00bb, hay un uso sistem\u00e1tico de la interrupci\u00f3n temporal por lo tanto que \u00abel significado de la acci\u00f3n no se revela en su conclusi\u00f3n, sino en su interrupci\u00f3n\u00bb (Mayorga, 2014).<\/em><\/p>\n\n\n\n<p><strong>Sinopsis<\/strong>: \u00daltimas horas antes del asesinato de un presidente en una democracia massmedi\u00e1tica. Los tres hombres, cada uno con sus respectivas parejas, son los tres polos del tri\u00e1ngulo argumental. La v\u00edctima, el verdugo, el inductor (y seguro sustituto del presidente asesinado) se preparan para asistir a un importante mit\u00edn donde se ha de cometer el magnicidio.<\/p>\n\n\n\n<p><strong>*Una \u201cQuinta Pared\u201d Revolucionaria<\/strong><\/p>\n\n\n\n<p>Una de las caracter\u00edsticas m\u00e1s interesantes de &#8220;M\u00e1s ceniza&#8221; es su innovadora &#8220;QUINTA PARED&#8221;, creada por Sabrina L\u00f3pez Hovhannessian y Adri\u00e1n Cardoso. Este concepto permite que el p\u00fablico interact\u00fae con la escenograf\u00eda utilizando sus dispositivos m\u00f3viles. Simplemente escaneando unos c\u00f3digos QR que se encuentran en el escenario, el p\u00fablico puede acceder a una experiencia \u00fanica.<\/p>\n\n\n\n<p><a><\/a> Al escanear los c\u00f3digos, los espectadores son llevados a la &#8220;QUINTA PARED&#8221;, donde pueden explorar tres espacios virtuales que forman parte de la historia. Adem\u00e1s, tendr\u00e1n la oportunidad de descubrir lugares que, aunque se mencionan en la obra, no est\u00e1n representados f\u00edsicamente en el escenario. Esta fusi\u00f3n de teatro y tecnolog\u00eda eleva la experiencia del espectador, haciendo que se sumerja a\u00fan m\u00e1s en la narrativa.<\/p>\n\n\n\n<p><strong>Adri\u00e1n Cardoso<\/strong> destaca la uni\u00f3n de lo dram\u00e1tico con lo innovador: \u201cEste proyecto no solo es un desaf\u00edo art\u00edstico, sino una invitaci\u00f3n a la audiencia a ser parte de la obra. La \u2018quinta pared\u2019 es un elemento que redefine c\u00f3mo el p\u00fablico interact\u00faa con la narraci\u00f3n, permiti\u00e9ndole explorar y descubrir m\u00e1s all\u00e1 de lo visible.\u201d<\/p>\n\n\n\n<p><strong>Ficha t\u00e9cnico art\u00edstica<\/strong><\/p>\n\n\n\n<p>Dramaturgia: Juan Mayorga<\/p>\n\n\n\n<p>Elenco:<\/p>\n\n\n\n<p>Abel (El presidente): Cristian Sabaz<\/p>\n\n\n\n<p>Sara (primera dama) Graciela Clus\u00f3<\/p>\n\n\n\n<p>Mar\u00eda (esposa del militar): Laura Accetta<\/p>\n\n\n\n<p>Jos\u00e9 (Militar): Roberto Caute<\/p>\n\n\n\n<p>Dar\u00edo (el actor): Federico Vilaro<\/p>\n\n\n\n<p>Regine (esposa de Dar\u00edo su alter ego): Alexandra Bangert<\/p>\n\n\n\n<p>Dise\u00f1o de vestuario, escenograf\u00eda y direcci\u00f3n de arte: Sabrina L\u00f3pez Hovhannessian<\/p>\n\n\n\n<p>Iluminaci\u00f3n: Ricardo Sica<\/p>\n\n\n\n<p>Realizaci\u00f3n de escenograf\u00eda: Unoporelpiso, Marcelo Capasso, Riky Gonzalez, Jimena Nicole Pascuali, Nicole Rufanacht<\/p>\n\n\n\n<p>Realizaci\u00f3n de vestuario: Jimena Nicole Pascuali y Nicole Rufanacht<\/p>\n\n\n\n<p>Fotograf\u00eda: Nacho Lunadei<\/p>\n\n\n\n<p>Dise\u00f1o gr\u00e1fico: Sol Melian<\/p>\n\n\n\n<p>Asistencia de direcci\u00f3n y producci\u00f3n: Bruno Shmidt<\/p>\n\n\n\n<p>Prensa: Paula Simkin<\/p>\n\n\n\n<p>Coreograf\u00eda: Marina Svartzman<\/p>\n\n\n\n<p>CM y Producci\u00f3n general: Dom\u00e8nica Teatral<\/p>\n\n\n\n<p>Asistente de direcci\u00f3n: Bruno Shmidt<\/p>\n\n\n\n<p>Direcci\u00f3n: Adrian Cardoso<\/p>\n\n\n\n<p><strong>ADRIAN CARDOSO &#8211; DIRECTOR<\/strong><\/p>\n\n\n\n<p>Se form\u00f3 con Ra\u00fal Serrano, Rub\u00e9n Szuchmacher, Lorenzo Quinteros y Julio Ordano. \u00daltimos trabajos dirigidos: \u201c<strong>La boda de la hija del Presidente<\/strong>&#8221; y &#8220;BRGS\/\/AMARILLO&#8221; de <strong>Juan Mayorga<\/strong>; &#8220;C\u00e1psula de tiempo&#8221; de Pablo Albarello; &#8220;Labios de Rub\u00ed&#8221; de Patricia Suarez, &#8220;La denunciante\u201d, &#8220;La Vajilla&#8221; de Patricia Suarez; &#8220;El tiempo de las mandarinas&#8221; de Rafa\u00e9l Nofal; <strong>\u201cEl Petiso Orejudo\u201d de Julio Ordano<\/strong>, entre otras. <strong>Es Co-fundador de Dom\u00e9nica Teatral<\/strong>. Ganador del premio a mejor director y puesta en escena en el I Festival Nacional de Luj\u00e1n 2013 y nominado a premios Estrella de Mar 2023.<\/p>\n\n\n\n<p><strong>Prensa:<\/strong><\/p>\n\n\n\n<p><strong>Paula Simkin<\/strong><\/p>\n\n\n\n<p><strong>1140289525<\/strong><\/p>\n\n\n\n<p><a href=\"mailto:paulasimkin@gmail.com\"><u><strong>paulasimkin@gmail.com<\/strong><\/u><\/a><\/p>\n<div class=\"pvc_clear\"><\/div><p id=\"pvc_stats_64282\" class=\"pvc_stats all  \" data-element-id=\"64282\" style=\"\"><i class=\"pvc-stats-icon small\" aria-hidden=\"true\"><svg aria-hidden=\"true\" focusable=\"false\" data-prefix=\"far\" data-icon=\"chart-bar\" role=\"img\" xmlns=\"http:\/\/www.w3.org\/2000\/svg\" viewBox=\"0 0 512 512\" class=\"svg-inline--fa fa-chart-bar fa-w-16 fa-2x\"><path fill=\"currentColor\" d=\"M396.8 352h22.4c6.4 0 12.8-6.4 12.8-12.8V108.8c0-6.4-6.4-12.8-12.8-12.8h-22.4c-6.4 0-12.8 6.4-12.8 12.8v230.4c0 6.4 6.4 12.8 12.8 12.8zm-192 0h22.4c6.4 0 12.8-6.4 12.8-12.8V140.8c0-6.4-6.4-12.8-12.8-12.8h-22.4c-6.4 0-12.8 6.4-12.8 12.8v198.4c0 6.4 6.4 12.8 12.8 12.8zm96 0h22.4c6.4 0 12.8-6.4 12.8-12.8V204.8c0-6.4-6.4-12.8-12.8-12.8h-22.4c-6.4 0-12.8 6.4-12.8 12.8v134.4c0 6.4 6.4 12.8 12.8 12.8zM496 400H48V80c0-8.84-7.16-16-16-16H16C7.16 64 0 71.16 0 80v336c0 17.67 14.33 32 32 32h464c8.84 0 16-7.16 16-16v-16c0-8.84-7.16-16-16-16zm-387.2-48h22.4c6.4 0 12.8-6.4 12.8-12.8v-70.4c0-6.4-6.4-12.8-12.8-12.8h-22.4c-6.4 0-12.8 6.4-12.8 12.8v70.4c0 6.4 6.4 12.8 12.8 12.8z\" class=\"\"><\/path><\/svg><\/i> <img loading=\"lazy\" decoding=\"async\" width=\"16\" height=\"16\" alt=\"Loading\" src=\"https:\/\/vocesdelacomuna15.com.ar\/wp-content\/plugins\/page-views-count\/ajax-loader-2x.gif\" border=0 \/><\/p><div class=\"pvc_clear\"><\/div>","protected":false},"excerpt":{"rendered":"<p>\u201cM\u00e1s ceniza\u201d, en el Patio de Actores de Villa Crespo La obra de Juan Mayorga cuenta con la direcci\u00f3n de Adrian Cardoso y un destacado elenco integrado por Cristian Sabaz, Graciela Clus\u00f3, Laura Accetta, Roberto Caute, Federico Vilaro y Alexandra Bangert. Tres parejas aparecen en escena simult\u00e1neamente; historias paralelas conectadas entre s\u00ed. Los protagonistas: el [&hellip;]<\/p>\n<div class=\"pvc_clear\"><\/div>\n<p id=\"pvc_stats_64282\" class=\"pvc_stats all  \" data-element-id=\"64282\" style=\"\"><i class=\"pvc-stats-icon small\" aria-hidden=\"true\"><svg aria-hidden=\"true\" focusable=\"false\" data-prefix=\"far\" data-icon=\"chart-bar\" role=\"img\" xmlns=\"http:\/\/www.w3.org\/2000\/svg\" viewBox=\"0 0 512 512\" class=\"svg-inline--fa fa-chart-bar fa-w-16 fa-2x\"><path fill=\"currentColor\" d=\"M396.8 352h22.4c6.4 0 12.8-6.4 12.8-12.8V108.8c0-6.4-6.4-12.8-12.8-12.8h-22.4c-6.4 0-12.8 6.4-12.8 12.8v230.4c0 6.4 6.4 12.8 12.8 12.8zm-192 0h22.4c6.4 0 12.8-6.4 12.8-12.8V140.8c0-6.4-6.4-12.8-12.8-12.8h-22.4c-6.4 0-12.8 6.4-12.8 12.8v198.4c0 6.4 6.4 12.8 12.8 12.8zm96 0h22.4c6.4 0 12.8-6.4 12.8-12.8V204.8c0-6.4-6.4-12.8-12.8-12.8h-22.4c-6.4 0-12.8 6.4-12.8 12.8v134.4c0 6.4 6.4 12.8 12.8 12.8zM496 400H48V80c0-8.84-7.16-16-16-16H16C7.16 64 0 71.16 0 80v336c0 17.67 14.33 32 32 32h464c8.84 0 16-7.16 16-16v-16c0-8.84-7.16-16-16-16zm-387.2-48h22.4c6.4 0 12.8-6.4 12.8-12.8v-70.4c0-6.4-6.4-12.8-12.8-12.8h-22.4c-6.4 0-12.8 6.4-12.8 12.8v70.4c0 6.4 6.4 12.8 12.8 12.8z\" class=\"\"><\/path><\/svg><\/i> <img loading=\"lazy\" decoding=\"async\" width=\"16\" height=\"16\" alt=\"Loading\" src=\"https:\/\/vocesdelacomuna15.com.ar\/wp-content\/plugins\/page-views-count\/ajax-loader-2x.gif\" border=0 \/><\/p>\n<div class=\"pvc_clear\"><\/div>\n","protected":false},"author":2,"featured_media":64283,"comment_status":"open","ping_status":"open","sticky":false,"template":"","format":"standard","meta":{"_et_pb_use_builder":"off","_et_pb_old_content":"","_et_gb_content_width":"","footnotes":""},"categories":[37],"tags":[],"class_list":["post-64282","post","type-post","status-publish","format-standard","has-post-thumbnail","hentry","category-teatro","et-has-post-format-content","et_post_format-et-post-format-standard"],"a3_pvc":{"activated":true,"total_views":58,"today_views":0},"yoast_head":"<!-- This site is optimized with the Yoast SEO plugin v27.5 - https:\/\/yoast.com\/product\/yoast-seo-wordpress\/ -->\n<title>\u201cM\u00e1s ceniza\u201d, en el Patio de Actores de Villa Crespo - Voces de la Comuna 15<\/title>\n<meta name=\"description\" content=\"Voces de la Comuna 15\" \/>\n<meta name=\"robots\" content=\"index, follow, max-snippet:-1, max-image-preview:large, max-video-preview:-1\" \/>\n<link rel=\"canonical\" href=\"https:\/\/vocesdelacomuna15.com.ar\/press\/mas-ceniza-en-el-patio-de-actores-de-villa-crespo\/\" \/>\n<meta property=\"og:locale\" content=\"es_ES\" \/>\n<meta property=\"og:type\" content=\"article\" \/>\n<meta property=\"og:title\" content=\"\u201cM\u00e1s ceniza\u201d, en el Patio de Actores de Villa Crespo - Voces de la Comuna 15\" \/>\n<meta property=\"og:description\" content=\"Voces de la Comuna 15\" \/>\n<meta property=\"og:url\" content=\"https:\/\/vocesdelacomuna15.com.ar\/press\/mas-ceniza-en-el-patio-de-actores-de-villa-crespo\/\" \/>\n<meta property=\"og:site_name\" content=\"Voces de la Comuna 15\" \/>\n<meta property=\"article:publisher\" content=\"https:\/\/www.facebook.com\/VocesComuna15\/\" \/>\n<meta property=\"article:published_time\" content=\"2024-10-31T19:27:40+00:00\" \/>\n<meta property=\"article:modified_time\" content=\"2024-10-31T19:27:42+00:00\" \/>\n<meta property=\"og:image\" content=\"https:\/\/vocesdelacomuna15.com.ar\/wp-content\/uploads\/2024\/10\/WhatsApp-Image-2024-10-31-at-16.26.06.jpeg\" \/>\n\t<meta property=\"og:image:width\" content=\"1247\" \/>\n\t<meta property=\"og:image:height\" content=\"833\" \/>\n\t<meta property=\"og:image:type\" content=\"image\/jpeg\" \/>\n<meta name=\"author\" content=\"Federico Arguto\" \/>\n<meta name=\"twitter:card\" content=\"summary_large_image\" \/>\n<meta name=\"twitter:creator\" content=\"@vocescomuna15\" \/>\n<meta name=\"twitter:site\" content=\"@vocescomuna15\" \/>\n<meta name=\"twitter:label1\" content=\"Escrito por\" \/>\n\t<meta name=\"twitter:data1\" content=\"Federico Arguto\" \/>\n\t<meta name=\"twitter:label2\" content=\"Tiempo de lectura\" \/>\n\t<meta name=\"twitter:data2\" content=\"4 minutos\" \/>\n<script type=\"application\/ld+json\" class=\"yoast-schema-graph\">{\"@context\":\"https:\\\/\\\/schema.org\",\"@graph\":[{\"@type\":\"Article\",\"@id\":\"https:\\\/\\\/vocesdelacomuna15.com.ar\\\/press\\\/mas-ceniza-en-el-patio-de-actores-de-villa-crespo\\\/#article\",\"isPartOf\":{\"@id\":\"https:\\\/\\\/vocesdelacomuna15.com.ar\\\/press\\\/mas-ceniza-en-el-patio-de-actores-de-villa-crespo\\\/\"},\"author\":{\"name\":\"Federico Arguto\",\"@id\":\"https:\\\/\\\/vocesdelacomuna15.com.ar\\\/press\\\/#\\\/schema\\\/person\\\/4739e109db25d799cd3d139eeb509e43\"},\"headline\":\"\u201cM\u00e1s ceniza\u201d, en el Patio de Actores de Villa Crespo\",\"datePublished\":\"2024-10-31T19:27:40+00:00\",\"dateModified\":\"2024-10-31T19:27:42+00:00\",\"mainEntityOfPage\":{\"@id\":\"https:\\\/\\\/vocesdelacomuna15.com.ar\\\/press\\\/mas-ceniza-en-el-patio-de-actores-de-villa-crespo\\\/\"},\"wordCount\":742,\"commentCount\":0,\"publisher\":{\"@id\":\"https:\\\/\\\/vocesdelacomuna15.com.ar\\\/press\\\/#organization\"},\"image\":{\"@id\":\"https:\\\/\\\/vocesdelacomuna15.com.ar\\\/press\\\/mas-ceniza-en-el-patio-de-actores-de-villa-crespo\\\/#primaryimage\"},\"thumbnailUrl\":\"https:\\\/\\\/vocesdelacomuna15.com.ar\\\/wp-content\\\/uploads\\\/2024\\\/10\\\/WhatsApp-Image-2024-10-31-at-16.26.06.jpeg\",\"articleSection\":[\"Teatro\"],\"inLanguage\":\"es-AR\",\"potentialAction\":[{\"@type\":\"CommentAction\",\"name\":\"Comment\",\"target\":[\"https:\\\/\\\/vocesdelacomuna15.com.ar\\\/press\\\/mas-ceniza-en-el-patio-de-actores-de-villa-crespo\\\/#respond\"]}]},{\"@type\":\"WebPage\",\"@id\":\"https:\\\/\\\/vocesdelacomuna15.com.ar\\\/press\\\/mas-ceniza-en-el-patio-de-actores-de-villa-crespo\\\/\",\"url\":\"https:\\\/\\\/vocesdelacomuna15.com.ar\\\/press\\\/mas-ceniza-en-el-patio-de-actores-de-villa-crespo\\\/\",\"name\":\"\u201cM\u00e1s ceniza\u201d, en el Patio de Actores de Villa Crespo - Voces de la Comuna 15\",\"isPartOf\":{\"@id\":\"https:\\\/\\\/vocesdelacomuna15.com.ar\\\/press\\\/#website\"},\"primaryImageOfPage\":{\"@id\":\"https:\\\/\\\/vocesdelacomuna15.com.ar\\\/press\\\/mas-ceniza-en-el-patio-de-actores-de-villa-crespo\\\/#primaryimage\"},\"image\":{\"@id\":\"https:\\\/\\\/vocesdelacomuna15.com.ar\\\/press\\\/mas-ceniza-en-el-patio-de-actores-de-villa-crespo\\\/#primaryimage\"},\"thumbnailUrl\":\"https:\\\/\\\/vocesdelacomuna15.com.ar\\\/wp-content\\\/uploads\\\/2024\\\/10\\\/WhatsApp-Image-2024-10-31-at-16.26.06.jpeg\",\"datePublished\":\"2024-10-31T19:27:40+00:00\",\"dateModified\":\"2024-10-31T19:27:42+00:00\",\"description\":\"Voces de la Comuna 15\",\"breadcrumb\":{\"@id\":\"https:\\\/\\\/vocesdelacomuna15.com.ar\\\/press\\\/mas-ceniza-en-el-patio-de-actores-de-villa-crespo\\\/#breadcrumb\"},\"inLanguage\":\"es-AR\",\"potentialAction\":[{\"@type\":\"ReadAction\",\"target\":[\"https:\\\/\\\/vocesdelacomuna15.com.ar\\\/press\\\/mas-ceniza-en-el-patio-de-actores-de-villa-crespo\\\/\"]}]},{\"@type\":\"ImageObject\",\"inLanguage\":\"es-AR\",\"@id\":\"https:\\\/\\\/vocesdelacomuna15.com.ar\\\/press\\\/mas-ceniza-en-el-patio-de-actores-de-villa-crespo\\\/#primaryimage\",\"url\":\"https:\\\/\\\/vocesdelacomuna15.com.ar\\\/wp-content\\\/uploads\\\/2024\\\/10\\\/WhatsApp-Image-2024-10-31-at-16.26.06.jpeg\",\"contentUrl\":\"https:\\\/\\\/vocesdelacomuna15.com.ar\\\/wp-content\\\/uploads\\\/2024\\\/10\\\/WhatsApp-Image-2024-10-31-at-16.26.06.jpeg\",\"width\":1247,\"height\":833},{\"@type\":\"BreadcrumbList\",\"@id\":\"https:\\\/\\\/vocesdelacomuna15.com.ar\\\/press\\\/mas-ceniza-en-el-patio-de-actores-de-villa-crespo\\\/#breadcrumb\",\"itemListElement\":[{\"@type\":\"ListItem\",\"position\":1,\"name\":\"Inicio\",\"item\":\"https:\\\/\\\/vocesdelacomuna15.com.ar\\\/press\\\/\"},{\"@type\":\"ListItem\",\"position\":2,\"name\":\"\u201cM\u00e1s ceniza\u201d, en el Patio de Actores de Villa Crespo\"}]},{\"@type\":\"WebSite\",\"@id\":\"https:\\\/\\\/vocesdelacomuna15.com.ar\\\/press\\\/#website\",\"url\":\"https:\\\/\\\/vocesdelacomuna15.com.ar\\\/press\\\/\",\"name\":\"Voces de la Comuna 15\",\"description\":\"Sitio web de noticias\",\"publisher\":{\"@id\":\"https:\\\/\\\/vocesdelacomuna15.com.ar\\\/press\\\/#organization\"},\"potentialAction\":[{\"@type\":\"SearchAction\",\"target\":{\"@type\":\"EntryPoint\",\"urlTemplate\":\"https:\\\/\\\/vocesdelacomuna15.com.ar\\\/press\\\/?s={search_term_string}\"},\"query-input\":{\"@type\":\"PropertyValueSpecification\",\"valueRequired\":true,\"valueName\":\"search_term_string\"}}],\"inLanguage\":\"es-AR\"},{\"@type\":\"Organization\",\"@id\":\"https:\\\/\\\/vocesdelacomuna15.com.ar\\\/press\\\/#organization\",\"name\":\"Voces de la Comuna 15\",\"url\":\"https:\\\/\\\/vocesdelacomuna15.com.ar\\\/press\\\/\",\"logo\":{\"@type\":\"ImageObject\",\"inLanguage\":\"es-AR\",\"@id\":\"https:\\\/\\\/vocesdelacomuna15.com.ar\\\/press\\\/#\\\/schema\\\/logo\\\/image\\\/\",\"url\":\"https:\\\/\\\/vocesdelacomuna15.com.ar\\\/wp-content\\\/uploads\\\/2024\\\/12\\\/cropped-logo_voces.jpg\",\"contentUrl\":\"https:\\\/\\\/vocesdelacomuna15.com.ar\\\/wp-content\\\/uploads\\\/2024\\\/12\\\/cropped-logo_voces.jpg\",\"width\":512,\"height\":512,\"caption\":\"Voces de la Comuna 15\"},\"image\":{\"@id\":\"https:\\\/\\\/vocesdelacomuna15.com.ar\\\/press\\\/#\\\/schema\\\/logo\\\/image\\\/\"},\"sameAs\":[\"https:\\\/\\\/www.facebook.com\\\/VocesComuna15\\\/\",\"https:\\\/\\\/x.com\\\/vocescomuna15\"]},{\"@type\":\"Person\",\"@id\":\"https:\\\/\\\/vocesdelacomuna15.com.ar\\\/press\\\/#\\\/schema\\\/person\\\/4739e109db25d799cd3d139eeb509e43\",\"name\":\"Federico Arguto\",\"image\":{\"@type\":\"ImageObject\",\"inLanguage\":\"es-AR\",\"@id\":\"https:\\\/\\\/vocesdelacomuna15.com.ar\\\/wp-content\\\/litespeed\\\/avatar\\\/82faf979976f1bae889b8b71f8a0a7e5.jpg?ver=1777419741\",\"url\":\"https:\\\/\\\/vocesdelacomuna15.com.ar\\\/wp-content\\\/litespeed\\\/avatar\\\/82faf979976f1bae889b8b71f8a0a7e5.jpg?ver=1777419741\",\"contentUrl\":\"https:\\\/\\\/vocesdelacomuna15.com.ar\\\/wp-content\\\/litespeed\\\/avatar\\\/82faf979976f1bae889b8b71f8a0a7e5.jpg?ver=1777419741\",\"caption\":\"Federico Arguto\"},\"url\":\"https:\\\/\\\/vocesdelacomuna15.com.ar\\\/press\\\/author\\\/fede\\\/\"}]}<\/script>\n<!-- \/ Yoast SEO plugin. -->","yoast_head_json":{"title":"\u201cM\u00e1s ceniza\u201d, en el Patio de Actores de Villa Crespo - Voces de la Comuna 15","description":"Voces de la Comuna 15","robots":{"index":"index","follow":"follow","max-snippet":"max-snippet:-1","max-image-preview":"max-image-preview:large","max-video-preview":"max-video-preview:-1"},"canonical":"https:\/\/vocesdelacomuna15.com.ar\/press\/mas-ceniza-en-el-patio-de-actores-de-villa-crespo\/","og_locale":"es_ES","og_type":"article","og_title":"\u201cM\u00e1s ceniza\u201d, en el Patio de Actores de Villa Crespo - Voces de la Comuna 15","og_description":"Voces de la Comuna 15","og_url":"https:\/\/vocesdelacomuna15.com.ar\/press\/mas-ceniza-en-el-patio-de-actores-de-villa-crespo\/","og_site_name":"Voces de la Comuna 15","article_publisher":"https:\/\/www.facebook.com\/VocesComuna15\/","article_published_time":"2024-10-31T19:27:40+00:00","article_modified_time":"2024-10-31T19:27:42+00:00","og_image":[{"width":1247,"height":833,"url":"https:\/\/vocesdelacomuna15.com.ar\/wp-content\/uploads\/2024\/10\/WhatsApp-Image-2024-10-31-at-16.26.06.jpeg","type":"image\/jpeg"}],"author":"Federico Arguto","twitter_card":"summary_large_image","twitter_creator":"@vocescomuna15","twitter_site":"@vocescomuna15","twitter_misc":{"Escrito por":"Federico Arguto","Tiempo de lectura":"4 minutos"},"schema":{"@context":"https:\/\/schema.org","@graph":[{"@type":"Article","@id":"https:\/\/vocesdelacomuna15.com.ar\/press\/mas-ceniza-en-el-patio-de-actores-de-villa-crespo\/#article","isPartOf":{"@id":"https:\/\/vocesdelacomuna15.com.ar\/press\/mas-ceniza-en-el-patio-de-actores-de-villa-crespo\/"},"author":{"name":"Federico Arguto","@id":"https:\/\/vocesdelacomuna15.com.ar\/press\/#\/schema\/person\/4739e109db25d799cd3d139eeb509e43"},"headline":"\u201cM\u00e1s ceniza\u201d, en el Patio de Actores de Villa Crespo","datePublished":"2024-10-31T19:27:40+00:00","dateModified":"2024-10-31T19:27:42+00:00","mainEntityOfPage":{"@id":"https:\/\/vocesdelacomuna15.com.ar\/press\/mas-ceniza-en-el-patio-de-actores-de-villa-crespo\/"},"wordCount":742,"commentCount":0,"publisher":{"@id":"https:\/\/vocesdelacomuna15.com.ar\/press\/#organization"},"image":{"@id":"https:\/\/vocesdelacomuna15.com.ar\/press\/mas-ceniza-en-el-patio-de-actores-de-villa-crespo\/#primaryimage"},"thumbnailUrl":"https:\/\/vocesdelacomuna15.com.ar\/wp-content\/uploads\/2024\/10\/WhatsApp-Image-2024-10-31-at-16.26.06.jpeg","articleSection":["Teatro"],"inLanguage":"es-AR","potentialAction":[{"@type":"CommentAction","name":"Comment","target":["https:\/\/vocesdelacomuna15.com.ar\/press\/mas-ceniza-en-el-patio-de-actores-de-villa-crespo\/#respond"]}]},{"@type":"WebPage","@id":"https:\/\/vocesdelacomuna15.com.ar\/press\/mas-ceniza-en-el-patio-de-actores-de-villa-crespo\/","url":"https:\/\/vocesdelacomuna15.com.ar\/press\/mas-ceniza-en-el-patio-de-actores-de-villa-crespo\/","name":"\u201cM\u00e1s ceniza\u201d, en el Patio de Actores de Villa Crespo - Voces de la Comuna 15","isPartOf":{"@id":"https:\/\/vocesdelacomuna15.com.ar\/press\/#website"},"primaryImageOfPage":{"@id":"https:\/\/vocesdelacomuna15.com.ar\/press\/mas-ceniza-en-el-patio-de-actores-de-villa-crespo\/#primaryimage"},"image":{"@id":"https:\/\/vocesdelacomuna15.com.ar\/press\/mas-ceniza-en-el-patio-de-actores-de-villa-crespo\/#primaryimage"},"thumbnailUrl":"https:\/\/vocesdelacomuna15.com.ar\/wp-content\/uploads\/2024\/10\/WhatsApp-Image-2024-10-31-at-16.26.06.jpeg","datePublished":"2024-10-31T19:27:40+00:00","dateModified":"2024-10-31T19:27:42+00:00","description":"Voces de la Comuna 15","breadcrumb":{"@id":"https:\/\/vocesdelacomuna15.com.ar\/press\/mas-ceniza-en-el-patio-de-actores-de-villa-crespo\/#breadcrumb"},"inLanguage":"es-AR","potentialAction":[{"@type":"ReadAction","target":["https:\/\/vocesdelacomuna15.com.ar\/press\/mas-ceniza-en-el-patio-de-actores-de-villa-crespo\/"]}]},{"@type":"ImageObject","inLanguage":"es-AR","@id":"https:\/\/vocesdelacomuna15.com.ar\/press\/mas-ceniza-en-el-patio-de-actores-de-villa-crespo\/#primaryimage","url":"https:\/\/vocesdelacomuna15.com.ar\/wp-content\/uploads\/2024\/10\/WhatsApp-Image-2024-10-31-at-16.26.06.jpeg","contentUrl":"https:\/\/vocesdelacomuna15.com.ar\/wp-content\/uploads\/2024\/10\/WhatsApp-Image-2024-10-31-at-16.26.06.jpeg","width":1247,"height":833},{"@type":"BreadcrumbList","@id":"https:\/\/vocesdelacomuna15.com.ar\/press\/mas-ceniza-en-el-patio-de-actores-de-villa-crespo\/#breadcrumb","itemListElement":[{"@type":"ListItem","position":1,"name":"Inicio","item":"https:\/\/vocesdelacomuna15.com.ar\/press\/"},{"@type":"ListItem","position":2,"name":"\u201cM\u00e1s ceniza\u201d, en el Patio de Actores de Villa Crespo"}]},{"@type":"WebSite","@id":"https:\/\/vocesdelacomuna15.com.ar\/press\/#website","url":"https:\/\/vocesdelacomuna15.com.ar\/press\/","name":"Voces de la Comuna 15","description":"Sitio web de noticias","publisher":{"@id":"https:\/\/vocesdelacomuna15.com.ar\/press\/#organization"},"potentialAction":[{"@type":"SearchAction","target":{"@type":"EntryPoint","urlTemplate":"https:\/\/vocesdelacomuna15.com.ar\/press\/?s={search_term_string}"},"query-input":{"@type":"PropertyValueSpecification","valueRequired":true,"valueName":"search_term_string"}}],"inLanguage":"es-AR"},{"@type":"Organization","@id":"https:\/\/vocesdelacomuna15.com.ar\/press\/#organization","name":"Voces de la Comuna 15","url":"https:\/\/vocesdelacomuna15.com.ar\/press\/","logo":{"@type":"ImageObject","inLanguage":"es-AR","@id":"https:\/\/vocesdelacomuna15.com.ar\/press\/#\/schema\/logo\/image\/","url":"https:\/\/vocesdelacomuna15.com.ar\/wp-content\/uploads\/2024\/12\/cropped-logo_voces.jpg","contentUrl":"https:\/\/vocesdelacomuna15.com.ar\/wp-content\/uploads\/2024\/12\/cropped-logo_voces.jpg","width":512,"height":512,"caption":"Voces de la Comuna 15"},"image":{"@id":"https:\/\/vocesdelacomuna15.com.ar\/press\/#\/schema\/logo\/image\/"},"sameAs":["https:\/\/www.facebook.com\/VocesComuna15\/","https:\/\/x.com\/vocescomuna15"]},{"@type":"Person","@id":"https:\/\/vocesdelacomuna15.com.ar\/press\/#\/schema\/person\/4739e109db25d799cd3d139eeb509e43","name":"Federico Arguto","image":{"@type":"ImageObject","inLanguage":"es-AR","@id":"https:\/\/vocesdelacomuna15.com.ar\/wp-content\/litespeed\/avatar\/82faf979976f1bae889b8b71f8a0a7e5.jpg?ver=1777419741","url":"https:\/\/vocesdelacomuna15.com.ar\/wp-content\/litespeed\/avatar\/82faf979976f1bae889b8b71f8a0a7e5.jpg?ver=1777419741","contentUrl":"https:\/\/vocesdelacomuna15.com.ar\/wp-content\/litespeed\/avatar\/82faf979976f1bae889b8b71f8a0a7e5.jpg?ver=1777419741","caption":"Federico Arguto"},"url":"https:\/\/vocesdelacomuna15.com.ar\/press\/author\/fede\/"}]}},"_links":{"self":[{"href":"https:\/\/vocesdelacomuna15.com.ar\/press\/wp-json\/wp\/v2\/posts\/64282","targetHints":{"allow":["GET"]}}],"collection":[{"href":"https:\/\/vocesdelacomuna15.com.ar\/press\/wp-json\/wp\/v2\/posts"}],"about":[{"href":"https:\/\/vocesdelacomuna15.com.ar\/press\/wp-json\/wp\/v2\/types\/post"}],"author":[{"embeddable":true,"href":"https:\/\/vocesdelacomuna15.com.ar\/press\/wp-json\/wp\/v2\/users\/2"}],"replies":[{"embeddable":true,"href":"https:\/\/vocesdelacomuna15.com.ar\/press\/wp-json\/wp\/v2\/comments?post=64282"}],"version-history":[{"count":1,"href":"https:\/\/vocesdelacomuna15.com.ar\/press\/wp-json\/wp\/v2\/posts\/64282\/revisions"}],"predecessor-version":[{"id":64284,"href":"https:\/\/vocesdelacomuna15.com.ar\/press\/wp-json\/wp\/v2\/posts\/64282\/revisions\/64284"}],"wp:featuredmedia":[{"embeddable":true,"href":"https:\/\/vocesdelacomuna15.com.ar\/press\/wp-json\/wp\/v2\/media\/64283"}],"wp:attachment":[{"href":"https:\/\/vocesdelacomuna15.com.ar\/press\/wp-json\/wp\/v2\/media?parent=64282"}],"wp:term":[{"taxonomy":"category","embeddable":true,"href":"https:\/\/vocesdelacomuna15.com.ar\/press\/wp-json\/wp\/v2\/categories?post=64282"},{"taxonomy":"post_tag","embeddable":true,"href":"https:\/\/vocesdelacomuna15.com.ar\/press\/wp-json\/wp\/v2\/tags?post=64282"}],"curies":[{"name":"wp","href":"https:\/\/api.w.org\/{rel}","templated":true}]}}