{"id":64262,"date":"2024-10-29T15:28:24","date_gmt":"2024-10-29T18:28:24","guid":{"rendered":"https:\/\/vocesdelacomuna15.com.ar\/?p=64262"},"modified":"2024-10-29T15:28:25","modified_gmt":"2024-10-29T18:28:25","slug":"doble-paro-de-transporte-que-servicios-estaran-afectados-cada-uno-de-los-dias","status":"publish","type":"post","link":"https:\/\/vocesdelacomuna15.com.ar\/press\/doble-paro-de-transporte-que-servicios-estaran-afectados-cada-uno-de-los-dias\/","title":{"rendered":"Doble paro de transporte: qu\u00e9 servicios estar\u00e1n afectados cada uno de los d\u00edas"},"content":{"rendered":"\n<p>Los gremios que integran la Mesa Nacional del sector har\u00e1n una media de fuerza contra &#8220;el ajuste&#8221; de Milei. La UTA decidi\u00f3 no adherir y realizar\u00e1 una huelga por su lado.<\/p>\n\n\n\n<p>Fuente: Diario Popular<\/p>\n\n\n\n<p>Link a nota completa: https:\/\/www.diariopopular.com.ar\/politica\/doble-paro-transporte-que-servicios-estaran-afectados-cada-uno-los-dias-n812756<\/p>\n\n\n\n<p>Los&nbsp;gremios del transporte&nbsp;realizar\u00e1n esta semana una&nbsp;doble jornada de paro&nbsp;que complicar\u00e1 el normal funcionamiento de diversos servicios. Por un lado, la Mesa Nacional que nuclea a sindicatos del sector&nbsp;llevar\u00e1 a cabo el mi\u00e9rcoles una medida de fuerza, &#8220;en rechazo al ajuste&#8221; de&nbsp;Javier Milei. Y por el otro, la&nbsp;Uni\u00f3n Tranviarios Automotor (UTA) parar\u00e1 el jueves,&nbsp;tras el fracaso en las negociaciones salariales con los empresarios.<\/p>\n\n\n\n<p>La primera de las dos protestas&nbsp;afectar\u00e1 el servicios de trenes, ya que el gremio de los maquinistas de La Fraternidad, a cargo de&nbsp;Omar Maturano, es uno de los impulsores principales del paro. Tambi\u00e9n&nbsp;habr\u00e1 cese de actividades en todas las l\u00edneas del subte porte\u00f1o, debido a que los metrodelegados se sumaron a la Mesa Nacional del Transporte.<\/p>\n\n\n\n<p>A su vez, cinco de los ocho gremios aeron\u00e1uticos m\u00e1s importantes del sector se plegar\u00e1n al reclamo.&nbsp;No habr\u00e1 vuelos de Aerol\u00edneas Argentinas&nbsp;y podr\u00edan registrarse demoras y complicaciones con el resto de las l\u00edneas a\u00e9reas, en las que no hay fuerte presencia sindical. Seg\u00fan trascendi\u00f3 en las \u00faltimas horas, las compa\u00f1\u00edas comenzaron a reprogramar sus vuelos ante la posibilidad de no contar con atenci\u00f3n en tierra, ya que&nbsp;Intercargo adherir\u00e1 a la medida de fuerza.<\/p>\n\n\n\n<p>Otro de los servicios afectados ser\u00e1 el de&nbsp;camiones de carga y transporte de mercanc\u00edas -encabezado por Pablo y Hugo Moyano-, al igual que las&nbsp;actividades portuarias, mar\u00edtimas y de los astilleros. As\u00ed las cosas, estar\u00e1n paralizados los puertos de Buenos Aires, La Plata, Bah\u00eda Blanca y Rosario, lo que complicar\u00e1 el comercio exterior.<\/p>\n\n\n\n<p>En cuanto a los taxis, se plegar\u00e1n los sindicatos de&nbsp;Peones, liderado por&nbsp;Jorge Garc\u00eda, y el de&nbsp;Conductores, a cargo de&nbsp;Jos\u00e9 Ibarra. Habr\u00e1, sin embargo, servicio de los propietarios de los taxis.<\/p>\n\n\n\n<p>La Mesa Nacional del Transporte convoc\u00f3 al paro del mi\u00e9rcoles contra &#8220;el ajuste impulsado por el gobierno de Javier Milei,&nbsp;el aumento de los boletos tras la quita de subsidios, el intento de privatizaci\u00f3n de Aerol\u00edneas Argentinas, el ataque a los jubilados y en rechazo al aumento de la pobreza&#8221;.<\/p>\n\n\n\n<p>Un d\u00eda despu\u00e9s,&nbsp;ser\u00e1 el paro de los colectiveros de corta distancia&nbsp;en el \u00c1rea Metropolitana de Buenos Aires (AMBA). \u00bfPor qu\u00e9 la UTA decidi\u00f3 no adherir a la huelga del mi\u00e9rcoles?&nbsp;\u201cNo podemos quedar cautivos del moyanismo\u201d, explic\u00f3 una de las fuentes del sindicato conducido por&nbsp;Roberto Fern\u00e1ndez.<\/p>\n\n\n\n<p><br>La UTA ten\u00eda vigente una conciliaci\u00f3n obligatoria dictada por la&nbsp;Secretar\u00eda de Trabajo&nbsp;que le imped\u00eda realizar medidas de fuerza hasta este martes, por lo que legalmente podr\u00eda haberse adherido al paro del resto de las ramas del transporte. Finalmente, el gremio mantuvo este lunes un encuentro con las c\u00e1maras del sector,&nbsp;pero no hubo acuerdo.<\/p>\n\n\n\n<p>Los representantes de los colectiveros hab\u00edan solicitado&nbsp;un salario b\u00e1sico para agosto de $1.160.000, con aumentos progresivos hasta llegar a $1.322.136 en diciembre. Seg\u00fan el sindicato, las empresas de transporte no presentaron ning\u00fan ofrecimiento.<\/p>\n\n\n\n<p>As\u00ed, los usuarios de transporte p\u00fablico ver\u00e1n afectados&nbsp;los servicios por dos d\u00edas consecutivos.<\/p>\n\n\n\n<p>Caracteres: 3050<\/p>\n<div class=\"pvc_clear\"><\/div><p id=\"pvc_stats_64262\" class=\"pvc_stats all  \" data-element-id=\"64262\" style=\"\"><i class=\"pvc-stats-icon small\" aria-hidden=\"true\"><svg aria-hidden=\"true\" focusable=\"false\" data-prefix=\"far\" data-icon=\"chart-bar\" role=\"img\" xmlns=\"http:\/\/www.w3.org\/2000\/svg\" viewBox=\"0 0 512 512\" class=\"svg-inline--fa fa-chart-bar fa-w-16 fa-2x\"><path fill=\"currentColor\" d=\"M396.8 352h22.4c6.4 0 12.8-6.4 12.8-12.8V108.8c0-6.4-6.4-12.8-12.8-12.8h-22.4c-6.4 0-12.8 6.4-12.8 12.8v230.4c0 6.4 6.4 12.8 12.8 12.8zm-192 0h22.4c6.4 0 12.8-6.4 12.8-12.8V140.8c0-6.4-6.4-12.8-12.8-12.8h-22.4c-6.4 0-12.8 6.4-12.8 12.8v198.4c0 6.4 6.4 12.8 12.8 12.8zm96 0h22.4c6.4 0 12.8-6.4 12.8-12.8V204.8c0-6.4-6.4-12.8-12.8-12.8h-22.4c-6.4 0-12.8 6.4-12.8 12.8v134.4c0 6.4 6.4 12.8 12.8 12.8zM496 400H48V80c0-8.84-7.16-16-16-16H16C7.16 64 0 71.16 0 80v336c0 17.67 14.33 32 32 32h464c8.84 0 16-7.16 16-16v-16c0-8.84-7.16-16-16-16zm-387.2-48h22.4c6.4 0 12.8-6.4 12.8-12.8v-70.4c0-6.4-6.4-12.8-12.8-12.8h-22.4c-6.4 0-12.8 6.4-12.8 12.8v70.4c0 6.4 6.4 12.8 12.8 12.8z\" class=\"\"><\/path><\/svg><\/i> <img loading=\"lazy\" decoding=\"async\" width=\"16\" height=\"16\" alt=\"Loading\" src=\"https:\/\/vocesdelacomuna15.com.ar\/wp-content\/plugins\/page-views-count\/ajax-loader-2x.gif\" border=0 \/><\/p><div class=\"pvc_clear\"><\/div>","protected":false},"excerpt":{"rendered":"<p>Los gremios que integran la Mesa Nacional del sector har\u00e1n una media de fuerza contra &#8220;el ajuste&#8221; de Milei. La UTA decidi\u00f3 no adherir y realizar\u00e1 una huelga por su lado. Fuente: Diario Popular Link a nota completa: https:\/\/www.diariopopular.com.ar\/politica\/doble-paro-transporte-que-servicios-estaran-afectados-cada-uno-los-dias-n812756 Los&nbsp;gremios del transporte&nbsp;realizar\u00e1n esta semana una&nbsp;doble jornada de paro&nbsp;que complicar\u00e1 el normal funcionamiento de diversos servicios. [&hellip;]<\/p>\n<div class=\"pvc_clear\"><\/div>\n<p id=\"pvc_stats_64262\" class=\"pvc_stats all  \" data-element-id=\"64262\" style=\"\"><i class=\"pvc-stats-icon small\" aria-hidden=\"true\"><svg aria-hidden=\"true\" focusable=\"false\" data-prefix=\"far\" data-icon=\"chart-bar\" role=\"img\" xmlns=\"http:\/\/www.w3.org\/2000\/svg\" viewBox=\"0 0 512 512\" class=\"svg-inline--fa fa-chart-bar fa-w-16 fa-2x\"><path fill=\"currentColor\" d=\"M396.8 352h22.4c6.4 0 12.8-6.4 12.8-12.8V108.8c0-6.4-6.4-12.8-12.8-12.8h-22.4c-6.4 0-12.8 6.4-12.8 12.8v230.4c0 6.4 6.4 12.8 12.8 12.8zm-192 0h22.4c6.4 0 12.8-6.4 12.8-12.8V140.8c0-6.4-6.4-12.8-12.8-12.8h-22.4c-6.4 0-12.8 6.4-12.8 12.8v198.4c0 6.4 6.4 12.8 12.8 12.8zm96 0h22.4c6.4 0 12.8-6.4 12.8-12.8V204.8c0-6.4-6.4-12.8-12.8-12.8h-22.4c-6.4 0-12.8 6.4-12.8 12.8v134.4c0 6.4 6.4 12.8 12.8 12.8zM496 400H48V80c0-8.84-7.16-16-16-16H16C7.16 64 0 71.16 0 80v336c0 17.67 14.33 32 32 32h464c8.84 0 16-7.16 16-16v-16c0-8.84-7.16-16-16-16zm-387.2-48h22.4c6.4 0 12.8-6.4 12.8-12.8v-70.4c0-6.4-6.4-12.8-12.8-12.8h-22.4c-6.4 0-12.8 6.4-12.8 12.8v70.4c0 6.4 6.4 12.8 12.8 12.8z\" class=\"\"><\/path><\/svg><\/i> <img loading=\"lazy\" decoding=\"async\" width=\"16\" height=\"16\" alt=\"Loading\" src=\"https:\/\/vocesdelacomuna15.com.ar\/wp-content\/plugins\/page-views-count\/ajax-loader-2x.gif\" border=0 \/><\/p>\n<div class=\"pvc_clear\"><\/div>\n","protected":false},"author":2,"featured_media":64263,"comment_status":"open","ping_status":"open","sticky":false,"template":"","format":"standard","meta":{"_et_pb_use_builder":"off","_et_pb_old_content":"","_et_gb_content_width":"","footnotes":""},"categories":[26],"tags":[],"class_list":["post-64262","post","type-post","status-publish","format-standard","has-post-thumbnail","hentry","category-ciudad","et-has-post-format-content","et_post_format-et-post-format-standard"],"a3_pvc":{"activated":true,"total_views":21,"today_views":0},"yoast_head":"<!-- This site is optimized with the Yoast SEO plugin v27.5 - https:\/\/yoast.com\/product\/yoast-seo-wordpress\/ -->\n<title>Doble paro de transporte: qu\u00e9 servicios estar\u00e1n afectados cada uno de los d\u00edas - Voces de la Comuna 15<\/title>\n<meta name=\"description\" content=\"Voces de la Comuna 15\" \/>\n<meta name=\"robots\" content=\"index, follow, max-snippet:-1, max-image-preview:large, max-video-preview:-1\" \/>\n<link rel=\"canonical\" href=\"https:\/\/vocesdelacomuna15.com.ar\/press\/doble-paro-de-transporte-que-servicios-estaran-afectados-cada-uno-de-los-dias\/\" \/>\n<meta property=\"og:locale\" content=\"es_ES\" \/>\n<meta property=\"og:type\" content=\"article\" \/>\n<meta property=\"og:title\" content=\"Doble paro de transporte: qu\u00e9 servicios estar\u00e1n afectados cada uno de los d\u00edas - Voces de la Comuna 15\" \/>\n<meta property=\"og:description\" content=\"Voces de la Comuna 15\" \/>\n<meta property=\"og:url\" content=\"https:\/\/vocesdelacomuna15.com.ar\/press\/doble-paro-de-transporte-que-servicios-estaran-afectados-cada-uno-de-los-dias\/\" \/>\n<meta property=\"og:site_name\" content=\"Voces de la Comuna 15\" \/>\n<meta property=\"article:publisher\" content=\"https:\/\/www.facebook.com\/VocesComuna15\/\" \/>\n<meta property=\"article:published_time\" content=\"2024-10-29T18:28:24+00:00\" \/>\n<meta property=\"article:modified_time\" content=\"2024-10-29T18:28:25+00:00\" \/>\n<meta property=\"og:image\" content=\"https:\/\/vocesdelacomuna15.com.ar\/wp-content\/uploads\/2024\/10\/WhatsApp-Image-2024-10-29-at-15.26.32.jpeg\" \/>\n\t<meta property=\"og:image:width\" content=\"1140\" \/>\n\t<meta property=\"og:image:height\" content=\"665\" \/>\n\t<meta property=\"og:image:type\" content=\"image\/jpeg\" \/>\n<meta name=\"author\" content=\"Federico Arguto\" \/>\n<meta name=\"twitter:card\" content=\"summary_large_image\" \/>\n<meta name=\"twitter:creator\" content=\"@vocescomuna15\" \/>\n<meta name=\"twitter:site\" content=\"@vocescomuna15\" \/>\n<meta name=\"twitter:label1\" content=\"Escrito por\" \/>\n\t<meta name=\"twitter:data1\" content=\"Federico Arguto\" \/>\n\t<meta name=\"twitter:label2\" content=\"Tiempo de lectura\" \/>\n\t<meta name=\"twitter:data2\" content=\"3 minutos\" \/>\n<script type=\"application\/ld+json\" class=\"yoast-schema-graph\">{\"@context\":\"https:\\\/\\\/schema.org\",\"@graph\":[{\"@type\":\"Article\",\"@id\":\"https:\\\/\\\/vocesdelacomuna15.com.ar\\\/press\\\/doble-paro-de-transporte-que-servicios-estaran-afectados-cada-uno-de-los-dias\\\/#article\",\"isPartOf\":{\"@id\":\"https:\\\/\\\/vocesdelacomuna15.com.ar\\\/press\\\/doble-paro-de-transporte-que-servicios-estaran-afectados-cada-uno-de-los-dias\\\/\"},\"author\":{\"name\":\"Federico Arguto\",\"@id\":\"https:\\\/\\\/vocesdelacomuna15.com.ar\\\/press\\\/#\\\/schema\\\/person\\\/4739e109db25d799cd3d139eeb509e43\"},\"headline\":\"Doble paro de transporte: qu\u00e9 servicios estar\u00e1n afectados cada uno de los d\u00edas\",\"datePublished\":\"2024-10-29T18:28:24+00:00\",\"dateModified\":\"2024-10-29T18:28:25+00:00\",\"mainEntityOfPage\":{\"@id\":\"https:\\\/\\\/vocesdelacomuna15.com.ar\\\/press\\\/doble-paro-de-transporte-que-servicios-estaran-afectados-cada-uno-de-los-dias\\\/\"},\"wordCount\":628,\"commentCount\":0,\"publisher\":{\"@id\":\"https:\\\/\\\/vocesdelacomuna15.com.ar\\\/press\\\/#organization\"},\"image\":{\"@id\":\"https:\\\/\\\/vocesdelacomuna15.com.ar\\\/press\\\/doble-paro-de-transporte-que-servicios-estaran-afectados-cada-uno-de-los-dias\\\/#primaryimage\"},\"thumbnailUrl\":\"https:\\\/\\\/vocesdelacomuna15.com.ar\\\/wp-content\\\/uploads\\\/2024\\\/10\\\/WhatsApp-Image-2024-10-29-at-15.26.32.jpeg\",\"articleSection\":[\"Ciudad\"],\"inLanguage\":\"es-AR\",\"potentialAction\":[{\"@type\":\"CommentAction\",\"name\":\"Comment\",\"target\":[\"https:\\\/\\\/vocesdelacomuna15.com.ar\\\/press\\\/doble-paro-de-transporte-que-servicios-estaran-afectados-cada-uno-de-los-dias\\\/#respond\"]}]},{\"@type\":\"WebPage\",\"@id\":\"https:\\\/\\\/vocesdelacomuna15.com.ar\\\/press\\\/doble-paro-de-transporte-que-servicios-estaran-afectados-cada-uno-de-los-dias\\\/\",\"url\":\"https:\\\/\\\/vocesdelacomuna15.com.ar\\\/press\\\/doble-paro-de-transporte-que-servicios-estaran-afectados-cada-uno-de-los-dias\\\/\",\"name\":\"Doble paro de transporte: qu\u00e9 servicios estar\u00e1n afectados cada uno de los d\u00edas - Voces de la Comuna 15\",\"isPartOf\":{\"@id\":\"https:\\\/\\\/vocesdelacomuna15.com.ar\\\/press\\\/#website\"},\"primaryImageOfPage\":{\"@id\":\"https:\\\/\\\/vocesdelacomuna15.com.ar\\\/press\\\/doble-paro-de-transporte-que-servicios-estaran-afectados-cada-uno-de-los-dias\\\/#primaryimage\"},\"image\":{\"@id\":\"https:\\\/\\\/vocesdelacomuna15.com.ar\\\/press\\\/doble-paro-de-transporte-que-servicios-estaran-afectados-cada-uno-de-los-dias\\\/#primaryimage\"},\"thumbnailUrl\":\"https:\\\/\\\/vocesdelacomuna15.com.ar\\\/wp-content\\\/uploads\\\/2024\\\/10\\\/WhatsApp-Image-2024-10-29-at-15.26.32.jpeg\",\"datePublished\":\"2024-10-29T18:28:24+00:00\",\"dateModified\":\"2024-10-29T18:28:25+00:00\",\"description\":\"Voces de la Comuna 15\",\"breadcrumb\":{\"@id\":\"https:\\\/\\\/vocesdelacomuna15.com.ar\\\/press\\\/doble-paro-de-transporte-que-servicios-estaran-afectados-cada-uno-de-los-dias\\\/#breadcrumb\"},\"inLanguage\":\"es-AR\",\"potentialAction\":[{\"@type\":\"ReadAction\",\"target\":[\"https:\\\/\\\/vocesdelacomuna15.com.ar\\\/press\\\/doble-paro-de-transporte-que-servicios-estaran-afectados-cada-uno-de-los-dias\\\/\"]}]},{\"@type\":\"ImageObject\",\"inLanguage\":\"es-AR\",\"@id\":\"https:\\\/\\\/vocesdelacomuna15.com.ar\\\/press\\\/doble-paro-de-transporte-que-servicios-estaran-afectados-cada-uno-de-los-dias\\\/#primaryimage\",\"url\":\"https:\\\/\\\/vocesdelacomuna15.com.ar\\\/wp-content\\\/uploads\\\/2024\\\/10\\\/WhatsApp-Image-2024-10-29-at-15.26.32.jpeg\",\"contentUrl\":\"https:\\\/\\\/vocesdelacomuna15.com.ar\\\/wp-content\\\/uploads\\\/2024\\\/10\\\/WhatsApp-Image-2024-10-29-at-15.26.32.jpeg\",\"width\":1140,\"height\":665},{\"@type\":\"BreadcrumbList\",\"@id\":\"https:\\\/\\\/vocesdelacomuna15.com.ar\\\/press\\\/doble-paro-de-transporte-que-servicios-estaran-afectados-cada-uno-de-los-dias\\\/#breadcrumb\",\"itemListElement\":[{\"@type\":\"ListItem\",\"position\":1,\"name\":\"Inicio\",\"item\":\"https:\\\/\\\/vocesdelacomuna15.com.ar\\\/press\\\/\"},{\"@type\":\"ListItem\",\"position\":2,\"name\":\"Doble paro de transporte: qu\u00e9 servicios estar\u00e1n afectados cada uno de los d\u00edas\"}]},{\"@type\":\"WebSite\",\"@id\":\"https:\\\/\\\/vocesdelacomuna15.com.ar\\\/press\\\/#website\",\"url\":\"https:\\\/\\\/vocesdelacomuna15.com.ar\\\/press\\\/\",\"name\":\"Voces de la Comuna 15\",\"description\":\"Sitio web de noticias\",\"publisher\":{\"@id\":\"https:\\\/\\\/vocesdelacomuna15.com.ar\\\/press\\\/#organization\"},\"potentialAction\":[{\"@type\":\"SearchAction\",\"target\":{\"@type\":\"EntryPoint\",\"urlTemplate\":\"https:\\\/\\\/vocesdelacomuna15.com.ar\\\/press\\\/?s={search_term_string}\"},\"query-input\":{\"@type\":\"PropertyValueSpecification\",\"valueRequired\":true,\"valueName\":\"search_term_string\"}}],\"inLanguage\":\"es-AR\"},{\"@type\":\"Organization\",\"@id\":\"https:\\\/\\\/vocesdelacomuna15.com.ar\\\/press\\\/#organization\",\"name\":\"Voces de la Comuna 15\",\"url\":\"https:\\\/\\\/vocesdelacomuna15.com.ar\\\/press\\\/\",\"logo\":{\"@type\":\"ImageObject\",\"inLanguage\":\"es-AR\",\"@id\":\"https:\\\/\\\/vocesdelacomuna15.com.ar\\\/press\\\/#\\\/schema\\\/logo\\\/image\\\/\",\"url\":\"https:\\\/\\\/vocesdelacomuna15.com.ar\\\/wp-content\\\/uploads\\\/2024\\\/12\\\/cropped-logo_voces.jpg\",\"contentUrl\":\"https:\\\/\\\/vocesdelacomuna15.com.ar\\\/wp-content\\\/uploads\\\/2024\\\/12\\\/cropped-logo_voces.jpg\",\"width\":512,\"height\":512,\"caption\":\"Voces de la Comuna 15\"},\"image\":{\"@id\":\"https:\\\/\\\/vocesdelacomuna15.com.ar\\\/press\\\/#\\\/schema\\\/logo\\\/image\\\/\"},\"sameAs\":[\"https:\\\/\\\/www.facebook.com\\\/VocesComuna15\\\/\",\"https:\\\/\\\/x.com\\\/vocescomuna15\"]},{\"@type\":\"Person\",\"@id\":\"https:\\\/\\\/vocesdelacomuna15.com.ar\\\/press\\\/#\\\/schema\\\/person\\\/4739e109db25d799cd3d139eeb509e43\",\"name\":\"Federico Arguto\",\"image\":{\"@type\":\"ImageObject\",\"inLanguage\":\"es-AR\",\"@id\":\"https:\\\/\\\/vocesdelacomuna15.com.ar\\\/wp-content\\\/litespeed\\\/avatar\\\/82faf979976f1bae889b8b71f8a0a7e5.jpg?ver=1777419741\",\"url\":\"https:\\\/\\\/vocesdelacomuna15.com.ar\\\/wp-content\\\/litespeed\\\/avatar\\\/82faf979976f1bae889b8b71f8a0a7e5.jpg?ver=1777419741\",\"contentUrl\":\"https:\\\/\\\/vocesdelacomuna15.com.ar\\\/wp-content\\\/litespeed\\\/avatar\\\/82faf979976f1bae889b8b71f8a0a7e5.jpg?ver=1777419741\",\"caption\":\"Federico Arguto\"},\"url\":\"https:\\\/\\\/vocesdelacomuna15.com.ar\\\/press\\\/author\\\/fede\\\/\"}]}<\/script>\n<!-- \/ Yoast SEO plugin. -->","yoast_head_json":{"title":"Doble paro de transporte: qu\u00e9 servicios estar\u00e1n afectados cada uno de los d\u00edas - Voces de la Comuna 15","description":"Voces de la Comuna 15","robots":{"index":"index","follow":"follow","max-snippet":"max-snippet:-1","max-image-preview":"max-image-preview:large","max-video-preview":"max-video-preview:-1"},"canonical":"https:\/\/vocesdelacomuna15.com.ar\/press\/doble-paro-de-transporte-que-servicios-estaran-afectados-cada-uno-de-los-dias\/","og_locale":"es_ES","og_type":"article","og_title":"Doble paro de transporte: qu\u00e9 servicios estar\u00e1n afectados cada uno de los d\u00edas - Voces de la Comuna 15","og_description":"Voces de la Comuna 15","og_url":"https:\/\/vocesdelacomuna15.com.ar\/press\/doble-paro-de-transporte-que-servicios-estaran-afectados-cada-uno-de-los-dias\/","og_site_name":"Voces de la Comuna 15","article_publisher":"https:\/\/www.facebook.com\/VocesComuna15\/","article_published_time":"2024-10-29T18:28:24+00:00","article_modified_time":"2024-10-29T18:28:25+00:00","og_image":[{"width":1140,"height":665,"url":"https:\/\/vocesdelacomuna15.com.ar\/wp-content\/uploads\/2024\/10\/WhatsApp-Image-2024-10-29-at-15.26.32.jpeg","type":"image\/jpeg"}],"author":"Federico Arguto","twitter_card":"summary_large_image","twitter_creator":"@vocescomuna15","twitter_site":"@vocescomuna15","twitter_misc":{"Escrito por":"Federico Arguto","Tiempo de lectura":"3 minutos"},"schema":{"@context":"https:\/\/schema.org","@graph":[{"@type":"Article","@id":"https:\/\/vocesdelacomuna15.com.ar\/press\/doble-paro-de-transporte-que-servicios-estaran-afectados-cada-uno-de-los-dias\/#article","isPartOf":{"@id":"https:\/\/vocesdelacomuna15.com.ar\/press\/doble-paro-de-transporte-que-servicios-estaran-afectados-cada-uno-de-los-dias\/"},"author":{"name":"Federico Arguto","@id":"https:\/\/vocesdelacomuna15.com.ar\/press\/#\/schema\/person\/4739e109db25d799cd3d139eeb509e43"},"headline":"Doble paro de transporte: qu\u00e9 servicios estar\u00e1n afectados cada uno de los d\u00edas","datePublished":"2024-10-29T18:28:24+00:00","dateModified":"2024-10-29T18:28:25+00:00","mainEntityOfPage":{"@id":"https:\/\/vocesdelacomuna15.com.ar\/press\/doble-paro-de-transporte-que-servicios-estaran-afectados-cada-uno-de-los-dias\/"},"wordCount":628,"commentCount":0,"publisher":{"@id":"https:\/\/vocesdelacomuna15.com.ar\/press\/#organization"},"image":{"@id":"https:\/\/vocesdelacomuna15.com.ar\/press\/doble-paro-de-transporte-que-servicios-estaran-afectados-cada-uno-de-los-dias\/#primaryimage"},"thumbnailUrl":"https:\/\/vocesdelacomuna15.com.ar\/wp-content\/uploads\/2024\/10\/WhatsApp-Image-2024-10-29-at-15.26.32.jpeg","articleSection":["Ciudad"],"inLanguage":"es-AR","potentialAction":[{"@type":"CommentAction","name":"Comment","target":["https:\/\/vocesdelacomuna15.com.ar\/press\/doble-paro-de-transporte-que-servicios-estaran-afectados-cada-uno-de-los-dias\/#respond"]}]},{"@type":"WebPage","@id":"https:\/\/vocesdelacomuna15.com.ar\/press\/doble-paro-de-transporte-que-servicios-estaran-afectados-cada-uno-de-los-dias\/","url":"https:\/\/vocesdelacomuna15.com.ar\/press\/doble-paro-de-transporte-que-servicios-estaran-afectados-cada-uno-de-los-dias\/","name":"Doble paro de transporte: qu\u00e9 servicios estar\u00e1n afectados cada uno de los d\u00edas - Voces de la Comuna 15","isPartOf":{"@id":"https:\/\/vocesdelacomuna15.com.ar\/press\/#website"},"primaryImageOfPage":{"@id":"https:\/\/vocesdelacomuna15.com.ar\/press\/doble-paro-de-transporte-que-servicios-estaran-afectados-cada-uno-de-los-dias\/#primaryimage"},"image":{"@id":"https:\/\/vocesdelacomuna15.com.ar\/press\/doble-paro-de-transporte-que-servicios-estaran-afectados-cada-uno-de-los-dias\/#primaryimage"},"thumbnailUrl":"https:\/\/vocesdelacomuna15.com.ar\/wp-content\/uploads\/2024\/10\/WhatsApp-Image-2024-10-29-at-15.26.32.jpeg","datePublished":"2024-10-29T18:28:24+00:00","dateModified":"2024-10-29T18:28:25+00:00","description":"Voces de la Comuna 15","breadcrumb":{"@id":"https:\/\/vocesdelacomuna15.com.ar\/press\/doble-paro-de-transporte-que-servicios-estaran-afectados-cada-uno-de-los-dias\/#breadcrumb"},"inLanguage":"es-AR","potentialAction":[{"@type":"ReadAction","target":["https:\/\/vocesdelacomuna15.com.ar\/press\/doble-paro-de-transporte-que-servicios-estaran-afectados-cada-uno-de-los-dias\/"]}]},{"@type":"ImageObject","inLanguage":"es-AR","@id":"https:\/\/vocesdelacomuna15.com.ar\/press\/doble-paro-de-transporte-que-servicios-estaran-afectados-cada-uno-de-los-dias\/#primaryimage","url":"https:\/\/vocesdelacomuna15.com.ar\/wp-content\/uploads\/2024\/10\/WhatsApp-Image-2024-10-29-at-15.26.32.jpeg","contentUrl":"https:\/\/vocesdelacomuna15.com.ar\/wp-content\/uploads\/2024\/10\/WhatsApp-Image-2024-10-29-at-15.26.32.jpeg","width":1140,"height":665},{"@type":"BreadcrumbList","@id":"https:\/\/vocesdelacomuna15.com.ar\/press\/doble-paro-de-transporte-que-servicios-estaran-afectados-cada-uno-de-los-dias\/#breadcrumb","itemListElement":[{"@type":"ListItem","position":1,"name":"Inicio","item":"https:\/\/vocesdelacomuna15.com.ar\/press\/"},{"@type":"ListItem","position":2,"name":"Doble paro de transporte: qu\u00e9 servicios estar\u00e1n afectados cada uno de los d\u00edas"}]},{"@type":"WebSite","@id":"https:\/\/vocesdelacomuna15.com.ar\/press\/#website","url":"https:\/\/vocesdelacomuna15.com.ar\/press\/","name":"Voces de la Comuna 15","description":"Sitio web de noticias","publisher":{"@id":"https:\/\/vocesdelacomuna15.com.ar\/press\/#organization"},"potentialAction":[{"@type":"SearchAction","target":{"@type":"EntryPoint","urlTemplate":"https:\/\/vocesdelacomuna15.com.ar\/press\/?s={search_term_string}"},"query-input":{"@type":"PropertyValueSpecification","valueRequired":true,"valueName":"search_term_string"}}],"inLanguage":"es-AR"},{"@type":"Organization","@id":"https:\/\/vocesdelacomuna15.com.ar\/press\/#organization","name":"Voces de la Comuna 15","url":"https:\/\/vocesdelacomuna15.com.ar\/press\/","logo":{"@type":"ImageObject","inLanguage":"es-AR","@id":"https:\/\/vocesdelacomuna15.com.ar\/press\/#\/schema\/logo\/image\/","url":"https:\/\/vocesdelacomuna15.com.ar\/wp-content\/uploads\/2024\/12\/cropped-logo_voces.jpg","contentUrl":"https:\/\/vocesdelacomuna15.com.ar\/wp-content\/uploads\/2024\/12\/cropped-logo_voces.jpg","width":512,"height":512,"caption":"Voces de la Comuna 15"},"image":{"@id":"https:\/\/vocesdelacomuna15.com.ar\/press\/#\/schema\/logo\/image\/"},"sameAs":["https:\/\/www.facebook.com\/VocesComuna15\/","https:\/\/x.com\/vocescomuna15"]},{"@type":"Person","@id":"https:\/\/vocesdelacomuna15.com.ar\/press\/#\/schema\/person\/4739e109db25d799cd3d139eeb509e43","name":"Federico Arguto","image":{"@type":"ImageObject","inLanguage":"es-AR","@id":"https:\/\/vocesdelacomuna15.com.ar\/wp-content\/litespeed\/avatar\/82faf979976f1bae889b8b71f8a0a7e5.jpg?ver=1777419741","url":"https:\/\/vocesdelacomuna15.com.ar\/wp-content\/litespeed\/avatar\/82faf979976f1bae889b8b71f8a0a7e5.jpg?ver=1777419741","contentUrl":"https:\/\/vocesdelacomuna15.com.ar\/wp-content\/litespeed\/avatar\/82faf979976f1bae889b8b71f8a0a7e5.jpg?ver=1777419741","caption":"Federico Arguto"},"url":"https:\/\/vocesdelacomuna15.com.ar\/press\/author\/fede\/"}]}},"_links":{"self":[{"href":"https:\/\/vocesdelacomuna15.com.ar\/press\/wp-json\/wp\/v2\/posts\/64262","targetHints":{"allow":["GET"]}}],"collection":[{"href":"https:\/\/vocesdelacomuna15.com.ar\/press\/wp-json\/wp\/v2\/posts"}],"about":[{"href":"https:\/\/vocesdelacomuna15.com.ar\/press\/wp-json\/wp\/v2\/types\/post"}],"author":[{"embeddable":true,"href":"https:\/\/vocesdelacomuna15.com.ar\/press\/wp-json\/wp\/v2\/users\/2"}],"replies":[{"embeddable":true,"href":"https:\/\/vocesdelacomuna15.com.ar\/press\/wp-json\/wp\/v2\/comments?post=64262"}],"version-history":[{"count":1,"href":"https:\/\/vocesdelacomuna15.com.ar\/press\/wp-json\/wp\/v2\/posts\/64262\/revisions"}],"predecessor-version":[{"id":64264,"href":"https:\/\/vocesdelacomuna15.com.ar\/press\/wp-json\/wp\/v2\/posts\/64262\/revisions\/64264"}],"wp:featuredmedia":[{"embeddable":true,"href":"https:\/\/vocesdelacomuna15.com.ar\/press\/wp-json\/wp\/v2\/media\/64263"}],"wp:attachment":[{"href":"https:\/\/vocesdelacomuna15.com.ar\/press\/wp-json\/wp\/v2\/media?parent=64262"}],"wp:term":[{"taxonomy":"category","embeddable":true,"href":"https:\/\/vocesdelacomuna15.com.ar\/press\/wp-json\/wp\/v2\/categories?post=64262"},{"taxonomy":"post_tag","embeddable":true,"href":"https:\/\/vocesdelacomuna15.com.ar\/press\/wp-json\/wp\/v2\/tags?post=64262"}],"curies":[{"name":"wp","href":"https:\/\/api.w.org\/{rel}","templated":true}]}}