{"id":64216,"date":"2024-10-21T03:09:00","date_gmt":"2024-10-21T06:09:00","guid":{"rendered":"https:\/\/vocesdelacomuna15.com.ar\/?p=64216"},"modified":"2024-10-21T15:26:27","modified_gmt":"2024-10-21T18:26:27","slug":"expo-empleo-ba-un-impulso-hacia-la-inclusion-laboral","status":"publish","type":"post","link":"https:\/\/vocesdelacomuna15.com.ar\/press\/expo-empleo-ba-un-impulso-hacia-la-inclusion-laboral\/","title":{"rendered":"Expo Empleo BA: Un Impulso hacia la inclusi\u00f3n Laboral"},"content":{"rendered":"\n<p>La Rural se transform\u00f3 en un espacio din\u00e1mico de oportunidades laborales. Setenta empresas y m\u00e1s de 1500 ofertas laborales. Fuente: Buenosaires.gob.ar<\/p>\n\n\n\n<p>Link a nota original: <a href=\"https:\/\/buenosaires.gob.ar\/noticias\/expo-empleo-ba-un-impulso-hacia-la-inclusion-laboral\">https:\/\/buenosaires.gob.ar\/noticias\/expo-empleo-ba-un-impulso-hacia-la-inclusion-laboral<\/a><\/p>\n\n\n\n<p>El mi\u00e9rcoles 16 de octubre, La Rural se transform\u00f3 en un espacio din\u00e1mico de oportunidades laborales con la celebraci\u00f3n de <a href=\"https:\/\/buenosaires.gob.ar\/noticias\/llega-la-rural-expo-empleo-ba-con-70-empresas-en-stands-y-mas-de-1500-ofertas-laborales\">Expo Empleo BA<\/a>. Setenta empresas presentaron m\u00e1s de 1500 ofertas laborales a vecinos y j\u00f3venes de la <a href=\"https:\/\/buenosaires.gob.ar\/inicio\/\">Ciudad de Buenos Aires<\/a>. Entre los stands, destac\u00f3 la participaci\u00f3n de <a href=\"https:\/\/buenosaires.gob.ar\/vicejefatura\/copidis\">BA Discapacidad &#8211; COPIDIS<\/a>, acompa\u00f1ando la importancia de la inclusi\u00f3n laboral de personas con discapacidad en un evento destinado a promover el empleo.<\/p>\n\n\n\n<p>La jornada, que se llev\u00f3 a cabo de 10 a 18 horas en el <a href=\"https:\/\/larural.com.ar\/espacios-pabellon-ocre\/\">Pabell\u00f3n Ocre del Predio Ferial de La Rural<\/a>, fue organizada por el <a href=\"https:\/\/buenosaires.gob.ar\/justicia\">Ministerio de Justicia<\/a> y la <a href=\"https:\/\/buenosaires.gob.ar\/justicia\/trabajo-y-empleo\">Secretar\u00eda de Trabajo y Empleo de la Ciudad<\/a>. Esta interesante iniciativa tuvo como objetivo conectar a los buscadores de empleo con empresas activas en el mercado, priorizando a aquellas comunidades que enfrentan mayor vulnerabilidad econ\u00f3mica, social y laboral.<\/p>\n\n\n\n<p>Durante Expo Empleo BA, <strong>los asistentes tuvieron la oportunidad de interactuar con m\u00e1s de 70 empresas<\/strong> que expusieron sus productos, servicios y, por supuesto, sus ofertas laborales. Las empresas presentes abarcaron una variedad de sectores, desde hoteler\u00eda, tecnolog\u00eda, log\u00edstica y servicios, hasta institutos educativos y organismos estatales. Entre las compa\u00f1\u00edas que se destacaron en la feria se encontraban Faena Hotel, Burger King, Starbucks, NH Hoteles, entre otras.<\/p>\n\n\n\n<p>Un punto culminante del evento fue la apertura que se realiz\u00f3 en el auditorio del sector A, donde el ministro de Justicia, <a href=\"https:\/\/buenosaires.gob.ar\/ministerio-de-justicia\">Gabino Tapia<\/a>, y el secretario de Trabajo y Empleo de la Ciudad, <a href=\"https:\/\/buenosaires.gob.ar\/secretaria-de-trabajo-y-empleo\">Ezequiel Jarvis<\/a>, dieron la bienvenida a los asistentes y compartieron la importancia de la intermediaci\u00f3n laboral. En este marco, se les inform\u00f3 sobre las distintas oportunidades que brinda el Gobierno porte\u00f1o para fomentar el empleo.<\/p>\n\n\n\n<p>El sal\u00f3n se organiz\u00f3 en tres sectores, identificados con las letras A, B y C. <strong>Cada sector alberg\u00f3 auditorio y actividades espec\u00edficas<\/strong>: en el sector A, empresas junto al <a href=\"https:\/\/buenosaires.gob.ar\/justicia\">Ministerio de Justicia<\/a> brindaron charlas y di\u00e1logos centrados en el sector productivo; en el sector B, se llevaron a cabo talleres sobre preparaci\u00f3n para el primer empleo, incluyendo temas como la elaboraci\u00f3n de curr\u00edculums, preparaci\u00f3n para entrevistas y t\u00e9cnicas de storytelling para construir un CV exitoso; y en el sector C, se exhibieron las innovaciones tecnol\u00f3gicas y programas de inducci\u00f3n de las empresas participantes.<\/p>\n\n\n\n<p>La participaci\u00f3n de <a href=\"https:\/\/buenosaires.gob.ar\/vicejefatura\/copidis\">BA Discapacidad &#8211; COPIDIS<\/a> en el evento fue especialmente significativa, destacando el compromiso del gobierno porte\u00f1o con la inclusi\u00f3n laboral de personas con discapacidad. Su stand ofreci\u00f3 informaci\u00f3n sobre programas y recursos destinados a facilitar el acceso al empleo, demostrando que la inclusi\u00f3n es un pilar fundamental en la pol\u00edtica laboral de la ciudad.<\/p>\n\n\n\n<p>Adem\u00e1s de la oferta laboral directa, <strong>la Expo ofreci\u00f3 un \u00e1rea de capacitaci\u00f3n con talleres interactivos y charlas<\/strong> que abordaron temas esenciales sobre el futuro del trabajo, c\u00f3mo adaptarse a las demandas del mercado y c\u00f3mo desarrollar habilidades pr\u00e1cticas para asistir a una entrevista. Los asistentes, en su mayor\u00eda j\u00f3venes y estudiantes de los \u00faltimos a\u00f1os del colegio secundario, pudieron aprovechar al m\u00e1ximo esta jornada.<\/p>\n\n\n\n<p><strong>La iniciativa de Expo Empleo BA naci\u00f3 en el 2017<\/strong>, para llevar oportunidades a diferentes barrios de Buenos Aires, adaptada a las necesidades de cada comunidad y para ayudar a quienes m\u00e1s lo necesitan a acceder a un empleo digno.<\/p>\n\n\n\n<p>Para quienes no pudieron asistir a esta edici\u00f3n, la informaci\u00f3n sobre futuras ferias y oportunidades de empleo se encuentra disponible en el <a href=\"https:\/\/buenosaires.gob.ar\/justicia\">sitio web<\/a> del <a href=\"https:\/\/buenosaires.gob.ar\/justicia\">Ministerio de Justicia<\/a> y la <a href=\"https:\/\/buenosaires.gob.ar\/justicia\/trabajo-y-empleo\">Secretar\u00eda de Trabajo y Empleo<\/a> de la Ciudad, donde tambi\u00e9n se puede realizar la pre-inscripci\u00f3n para eventos similares en el futuro.<\/p>\n<div class=\"pvc_clear\"><\/div><p id=\"pvc_stats_64216\" class=\"pvc_stats all  \" data-element-id=\"64216\" style=\"\"><i class=\"pvc-stats-icon small\" aria-hidden=\"true\"><svg aria-hidden=\"true\" focusable=\"false\" data-prefix=\"far\" data-icon=\"chart-bar\" role=\"img\" xmlns=\"http:\/\/www.w3.org\/2000\/svg\" viewBox=\"0 0 512 512\" class=\"svg-inline--fa fa-chart-bar fa-w-16 fa-2x\"><path fill=\"currentColor\" d=\"M396.8 352h22.4c6.4 0 12.8-6.4 12.8-12.8V108.8c0-6.4-6.4-12.8-12.8-12.8h-22.4c-6.4 0-12.8 6.4-12.8 12.8v230.4c0 6.4 6.4 12.8 12.8 12.8zm-192 0h22.4c6.4 0 12.8-6.4 12.8-12.8V140.8c0-6.4-6.4-12.8-12.8-12.8h-22.4c-6.4 0-12.8 6.4-12.8 12.8v198.4c0 6.4 6.4 12.8 12.8 12.8zm96 0h22.4c6.4 0 12.8-6.4 12.8-12.8V204.8c0-6.4-6.4-12.8-12.8-12.8h-22.4c-6.4 0-12.8 6.4-12.8 12.8v134.4c0 6.4 6.4 12.8 12.8 12.8zM496 400H48V80c0-8.84-7.16-16-16-16H16C7.16 64 0 71.16 0 80v336c0 17.67 14.33 32 32 32h464c8.84 0 16-7.16 16-16v-16c0-8.84-7.16-16-16-16zm-387.2-48h22.4c6.4 0 12.8-6.4 12.8-12.8v-70.4c0-6.4-6.4-12.8-12.8-12.8h-22.4c-6.4 0-12.8 6.4-12.8 12.8v70.4c0 6.4 6.4 12.8 12.8 12.8z\" class=\"\"><\/path><\/svg><\/i> <img loading=\"lazy\" decoding=\"async\" width=\"16\" height=\"16\" alt=\"Loading\" src=\"https:\/\/vocesdelacomuna15.com.ar\/wp-content\/plugins\/page-views-count\/ajax-loader-2x.gif\" border=0 \/><\/p><div class=\"pvc_clear\"><\/div>","protected":false},"excerpt":{"rendered":"<p>La Rural se transform\u00f3 en un espacio din\u00e1mico de oportunidades laborales. Setenta empresas y m\u00e1s de 1500 ofertas laborales. Fuente: Buenosaires.gob.ar Link a nota original: https:\/\/buenosaires.gob.ar\/noticias\/expo-empleo-ba-un-impulso-hacia-la-inclusion-laboral El mi\u00e9rcoles 16 de octubre, La Rural se transform\u00f3 en un espacio din\u00e1mico de oportunidades laborales con la celebraci\u00f3n de Expo Empleo BA. Setenta empresas presentaron m\u00e1s de 1500 [&hellip;]<\/p>\n<div class=\"pvc_clear\"><\/div>\n<p id=\"pvc_stats_64216\" class=\"pvc_stats all  \" data-element-id=\"64216\" style=\"\"><i class=\"pvc-stats-icon small\" aria-hidden=\"true\"><svg aria-hidden=\"true\" focusable=\"false\" data-prefix=\"far\" data-icon=\"chart-bar\" role=\"img\" xmlns=\"http:\/\/www.w3.org\/2000\/svg\" viewBox=\"0 0 512 512\" class=\"svg-inline--fa fa-chart-bar fa-w-16 fa-2x\"><path fill=\"currentColor\" d=\"M396.8 352h22.4c6.4 0 12.8-6.4 12.8-12.8V108.8c0-6.4-6.4-12.8-12.8-12.8h-22.4c-6.4 0-12.8 6.4-12.8 12.8v230.4c0 6.4 6.4 12.8 12.8 12.8zm-192 0h22.4c6.4 0 12.8-6.4 12.8-12.8V140.8c0-6.4-6.4-12.8-12.8-12.8h-22.4c-6.4 0-12.8 6.4-12.8 12.8v198.4c0 6.4 6.4 12.8 12.8 12.8zm96 0h22.4c6.4 0 12.8-6.4 12.8-12.8V204.8c0-6.4-6.4-12.8-12.8-12.8h-22.4c-6.4 0-12.8 6.4-12.8 12.8v134.4c0 6.4 6.4 12.8 12.8 12.8zM496 400H48V80c0-8.84-7.16-16-16-16H16C7.16 64 0 71.16 0 80v336c0 17.67 14.33 32 32 32h464c8.84 0 16-7.16 16-16v-16c0-8.84-7.16-16-16-16zm-387.2-48h22.4c6.4 0 12.8-6.4 12.8-12.8v-70.4c0-6.4-6.4-12.8-12.8-12.8h-22.4c-6.4 0-12.8 6.4-12.8 12.8v70.4c0 6.4 6.4 12.8 12.8 12.8z\" class=\"\"><\/path><\/svg><\/i> <img loading=\"lazy\" decoding=\"async\" width=\"16\" height=\"16\" alt=\"Loading\" src=\"https:\/\/vocesdelacomuna15.com.ar\/wp-content\/plugins\/page-views-count\/ajax-loader-2x.gif\" border=0 \/><\/p>\n<div class=\"pvc_clear\"><\/div>\n","protected":false},"author":2,"featured_media":64218,"comment_status":"open","ping_status":"open","sticky":false,"template":"","format":"standard","meta":{"_et_pb_use_builder":"off","_et_pb_old_content":"","_et_gb_content_width":"","footnotes":""},"categories":[26],"tags":[],"class_list":["post-64216","post","type-post","status-publish","format-standard","has-post-thumbnail","hentry","category-ciudad","et-has-post-format-content","et_post_format-et-post-format-standard"],"a3_pvc":{"activated":true,"total_views":22,"today_views":0},"yoast_head":"<!-- This site is optimized with the Yoast SEO plugin v27.5 - https:\/\/yoast.com\/product\/yoast-seo-wordpress\/ -->\n<title>Expo Empleo BA: Un Impulso hacia la inclusi\u00f3n Laboral - Voces de la Comuna 15<\/title>\n<meta name=\"description\" content=\"Voces de la Comuna 15\" \/>\n<meta name=\"robots\" content=\"index, follow, max-snippet:-1, max-image-preview:large, max-video-preview:-1\" \/>\n<link rel=\"canonical\" href=\"https:\/\/vocesdelacomuna15.com.ar\/press\/expo-empleo-ba-un-impulso-hacia-la-inclusion-laboral\/\" \/>\n<meta property=\"og:locale\" content=\"es_ES\" \/>\n<meta property=\"og:type\" content=\"article\" \/>\n<meta property=\"og:title\" content=\"Expo Empleo BA: Un Impulso hacia la inclusi\u00f3n Laboral - Voces de la Comuna 15\" \/>\n<meta property=\"og:description\" content=\"Voces de la Comuna 15\" \/>\n<meta property=\"og:url\" content=\"https:\/\/vocesdelacomuna15.com.ar\/press\/expo-empleo-ba-un-impulso-hacia-la-inclusion-laboral\/\" \/>\n<meta property=\"og:site_name\" content=\"Voces de la Comuna 15\" \/>\n<meta property=\"article:publisher\" content=\"https:\/\/www.facebook.com\/VocesComuna15\/\" \/>\n<meta property=\"article:published_time\" content=\"2024-10-21T06:09:00+00:00\" \/>\n<meta property=\"article:modified_time\" content=\"2024-10-21T18:26:27+00:00\" \/>\n<meta property=\"og:image\" content=\"https:\/\/vocesdelacomuna15.com.ar\/wp-content\/uploads\/2024\/10\/expo.jpg\" \/>\n\t<meta property=\"og:image:width\" content=\"720\" \/>\n\t<meta property=\"og:image:height\" content=\"480\" \/>\n\t<meta property=\"og:image:type\" content=\"image\/jpeg\" \/>\n<meta name=\"author\" content=\"Federico Arguto\" \/>\n<meta name=\"twitter:card\" content=\"summary_large_image\" \/>\n<meta name=\"twitter:creator\" content=\"@vocescomuna15\" \/>\n<meta name=\"twitter:site\" content=\"@vocescomuna15\" \/>\n<meta name=\"twitter:label1\" content=\"Escrito por\" \/>\n\t<meta name=\"twitter:data1\" content=\"Federico Arguto\" \/>\n\t<meta name=\"twitter:label2\" content=\"Tiempo de lectura\" \/>\n\t<meta name=\"twitter:data2\" content=\"3 minutos\" \/>\n<script type=\"application\/ld+json\" class=\"yoast-schema-graph\">{\"@context\":\"https:\\\/\\\/schema.org\",\"@graph\":[{\"@type\":\"Article\",\"@id\":\"https:\\\/\\\/vocesdelacomuna15.com.ar\\\/press\\\/expo-empleo-ba-un-impulso-hacia-la-inclusion-laboral\\\/#article\",\"isPartOf\":{\"@id\":\"https:\\\/\\\/vocesdelacomuna15.com.ar\\\/press\\\/expo-empleo-ba-un-impulso-hacia-la-inclusion-laboral\\\/\"},\"author\":{\"name\":\"Federico Arguto\",\"@id\":\"https:\\\/\\\/vocesdelacomuna15.com.ar\\\/press\\\/#\\\/schema\\\/person\\\/4739e109db25d799cd3d139eeb509e43\"},\"headline\":\"Expo Empleo BA: Un Impulso hacia la inclusi\u00f3n Laboral\",\"datePublished\":\"2024-10-21T06:09:00+00:00\",\"dateModified\":\"2024-10-21T18:26:27+00:00\",\"mainEntityOfPage\":{\"@id\":\"https:\\\/\\\/vocesdelacomuna15.com.ar\\\/press\\\/expo-empleo-ba-un-impulso-hacia-la-inclusion-laboral\\\/\"},\"wordCount\":669,\"commentCount\":0,\"publisher\":{\"@id\":\"https:\\\/\\\/vocesdelacomuna15.com.ar\\\/press\\\/#organization\"},\"image\":{\"@id\":\"https:\\\/\\\/vocesdelacomuna15.com.ar\\\/press\\\/expo-empleo-ba-un-impulso-hacia-la-inclusion-laboral\\\/#primaryimage\"},\"thumbnailUrl\":\"https:\\\/\\\/vocesdelacomuna15.com.ar\\\/wp-content\\\/uploads\\\/2024\\\/10\\\/expo.jpg\",\"articleSection\":[\"Ciudad\"],\"inLanguage\":\"es-AR\",\"potentialAction\":[{\"@type\":\"CommentAction\",\"name\":\"Comment\",\"target\":[\"https:\\\/\\\/vocesdelacomuna15.com.ar\\\/press\\\/expo-empleo-ba-un-impulso-hacia-la-inclusion-laboral\\\/#respond\"]}]},{\"@type\":\"WebPage\",\"@id\":\"https:\\\/\\\/vocesdelacomuna15.com.ar\\\/press\\\/expo-empleo-ba-un-impulso-hacia-la-inclusion-laboral\\\/\",\"url\":\"https:\\\/\\\/vocesdelacomuna15.com.ar\\\/press\\\/expo-empleo-ba-un-impulso-hacia-la-inclusion-laboral\\\/\",\"name\":\"Expo Empleo BA: Un Impulso hacia la inclusi\u00f3n Laboral - Voces de la Comuna 15\",\"isPartOf\":{\"@id\":\"https:\\\/\\\/vocesdelacomuna15.com.ar\\\/press\\\/#website\"},\"primaryImageOfPage\":{\"@id\":\"https:\\\/\\\/vocesdelacomuna15.com.ar\\\/press\\\/expo-empleo-ba-un-impulso-hacia-la-inclusion-laboral\\\/#primaryimage\"},\"image\":{\"@id\":\"https:\\\/\\\/vocesdelacomuna15.com.ar\\\/press\\\/expo-empleo-ba-un-impulso-hacia-la-inclusion-laboral\\\/#primaryimage\"},\"thumbnailUrl\":\"https:\\\/\\\/vocesdelacomuna15.com.ar\\\/wp-content\\\/uploads\\\/2024\\\/10\\\/expo.jpg\",\"datePublished\":\"2024-10-21T06:09:00+00:00\",\"dateModified\":\"2024-10-21T18:26:27+00:00\",\"description\":\"Voces de la Comuna 15\",\"breadcrumb\":{\"@id\":\"https:\\\/\\\/vocesdelacomuna15.com.ar\\\/press\\\/expo-empleo-ba-un-impulso-hacia-la-inclusion-laboral\\\/#breadcrumb\"},\"inLanguage\":\"es-AR\",\"potentialAction\":[{\"@type\":\"ReadAction\",\"target\":[\"https:\\\/\\\/vocesdelacomuna15.com.ar\\\/press\\\/expo-empleo-ba-un-impulso-hacia-la-inclusion-laboral\\\/\"]}]},{\"@type\":\"ImageObject\",\"inLanguage\":\"es-AR\",\"@id\":\"https:\\\/\\\/vocesdelacomuna15.com.ar\\\/press\\\/expo-empleo-ba-un-impulso-hacia-la-inclusion-laboral\\\/#primaryimage\",\"url\":\"https:\\\/\\\/vocesdelacomuna15.com.ar\\\/wp-content\\\/uploads\\\/2024\\\/10\\\/expo.jpg\",\"contentUrl\":\"https:\\\/\\\/vocesdelacomuna15.com.ar\\\/wp-content\\\/uploads\\\/2024\\\/10\\\/expo.jpg\",\"width\":720,\"height\":480},{\"@type\":\"BreadcrumbList\",\"@id\":\"https:\\\/\\\/vocesdelacomuna15.com.ar\\\/press\\\/expo-empleo-ba-un-impulso-hacia-la-inclusion-laboral\\\/#breadcrumb\",\"itemListElement\":[{\"@type\":\"ListItem\",\"position\":1,\"name\":\"Inicio\",\"item\":\"https:\\\/\\\/vocesdelacomuna15.com.ar\\\/press\\\/\"},{\"@type\":\"ListItem\",\"position\":2,\"name\":\"Expo Empleo BA: Un Impulso hacia la inclusi\u00f3n Laboral\"}]},{\"@type\":\"WebSite\",\"@id\":\"https:\\\/\\\/vocesdelacomuna15.com.ar\\\/press\\\/#website\",\"url\":\"https:\\\/\\\/vocesdelacomuna15.com.ar\\\/press\\\/\",\"name\":\"Voces de la Comuna 15\",\"description\":\"Sitio web de noticias\",\"publisher\":{\"@id\":\"https:\\\/\\\/vocesdelacomuna15.com.ar\\\/press\\\/#organization\"},\"potentialAction\":[{\"@type\":\"SearchAction\",\"target\":{\"@type\":\"EntryPoint\",\"urlTemplate\":\"https:\\\/\\\/vocesdelacomuna15.com.ar\\\/press\\\/?s={search_term_string}\"},\"query-input\":{\"@type\":\"PropertyValueSpecification\",\"valueRequired\":true,\"valueName\":\"search_term_string\"}}],\"inLanguage\":\"es-AR\"},{\"@type\":\"Organization\",\"@id\":\"https:\\\/\\\/vocesdelacomuna15.com.ar\\\/press\\\/#organization\",\"name\":\"Voces de la Comuna 15\",\"url\":\"https:\\\/\\\/vocesdelacomuna15.com.ar\\\/press\\\/\",\"logo\":{\"@type\":\"ImageObject\",\"inLanguage\":\"es-AR\",\"@id\":\"https:\\\/\\\/vocesdelacomuna15.com.ar\\\/press\\\/#\\\/schema\\\/logo\\\/image\\\/\",\"url\":\"https:\\\/\\\/vocesdelacomuna15.com.ar\\\/wp-content\\\/uploads\\\/2024\\\/12\\\/cropped-logo_voces.jpg\",\"contentUrl\":\"https:\\\/\\\/vocesdelacomuna15.com.ar\\\/wp-content\\\/uploads\\\/2024\\\/12\\\/cropped-logo_voces.jpg\",\"width\":512,\"height\":512,\"caption\":\"Voces de la Comuna 15\"},\"image\":{\"@id\":\"https:\\\/\\\/vocesdelacomuna15.com.ar\\\/press\\\/#\\\/schema\\\/logo\\\/image\\\/\"},\"sameAs\":[\"https:\\\/\\\/www.facebook.com\\\/VocesComuna15\\\/\",\"https:\\\/\\\/x.com\\\/vocescomuna15\"]},{\"@type\":\"Person\",\"@id\":\"https:\\\/\\\/vocesdelacomuna15.com.ar\\\/press\\\/#\\\/schema\\\/person\\\/4739e109db25d799cd3d139eeb509e43\",\"name\":\"Federico Arguto\",\"image\":{\"@type\":\"ImageObject\",\"inLanguage\":\"es-AR\",\"@id\":\"https:\\\/\\\/vocesdelacomuna15.com.ar\\\/wp-content\\\/litespeed\\\/avatar\\\/82faf979976f1bae889b8b71f8a0a7e5.jpg?ver=1777419741\",\"url\":\"https:\\\/\\\/vocesdelacomuna15.com.ar\\\/wp-content\\\/litespeed\\\/avatar\\\/82faf979976f1bae889b8b71f8a0a7e5.jpg?ver=1777419741\",\"contentUrl\":\"https:\\\/\\\/vocesdelacomuna15.com.ar\\\/wp-content\\\/litespeed\\\/avatar\\\/82faf979976f1bae889b8b71f8a0a7e5.jpg?ver=1777419741\",\"caption\":\"Federico Arguto\"},\"url\":\"https:\\\/\\\/vocesdelacomuna15.com.ar\\\/press\\\/author\\\/fede\\\/\"}]}<\/script>\n<!-- \/ Yoast SEO plugin. -->","yoast_head_json":{"title":"Expo Empleo BA: Un Impulso hacia la inclusi\u00f3n Laboral - Voces de la Comuna 15","description":"Voces de la Comuna 15","robots":{"index":"index","follow":"follow","max-snippet":"max-snippet:-1","max-image-preview":"max-image-preview:large","max-video-preview":"max-video-preview:-1"},"canonical":"https:\/\/vocesdelacomuna15.com.ar\/press\/expo-empleo-ba-un-impulso-hacia-la-inclusion-laboral\/","og_locale":"es_ES","og_type":"article","og_title":"Expo Empleo BA: Un Impulso hacia la inclusi\u00f3n Laboral - Voces de la Comuna 15","og_description":"Voces de la Comuna 15","og_url":"https:\/\/vocesdelacomuna15.com.ar\/press\/expo-empleo-ba-un-impulso-hacia-la-inclusion-laboral\/","og_site_name":"Voces de la Comuna 15","article_publisher":"https:\/\/www.facebook.com\/VocesComuna15\/","article_published_time":"2024-10-21T06:09:00+00:00","article_modified_time":"2024-10-21T18:26:27+00:00","og_image":[{"width":720,"height":480,"url":"https:\/\/vocesdelacomuna15.com.ar\/wp-content\/uploads\/2024\/10\/expo.jpg","type":"image\/jpeg"}],"author":"Federico Arguto","twitter_card":"summary_large_image","twitter_creator":"@vocescomuna15","twitter_site":"@vocescomuna15","twitter_misc":{"Escrito por":"Federico Arguto","Tiempo de lectura":"3 minutos"},"schema":{"@context":"https:\/\/schema.org","@graph":[{"@type":"Article","@id":"https:\/\/vocesdelacomuna15.com.ar\/press\/expo-empleo-ba-un-impulso-hacia-la-inclusion-laboral\/#article","isPartOf":{"@id":"https:\/\/vocesdelacomuna15.com.ar\/press\/expo-empleo-ba-un-impulso-hacia-la-inclusion-laboral\/"},"author":{"name":"Federico Arguto","@id":"https:\/\/vocesdelacomuna15.com.ar\/press\/#\/schema\/person\/4739e109db25d799cd3d139eeb509e43"},"headline":"Expo Empleo BA: Un Impulso hacia la inclusi\u00f3n Laboral","datePublished":"2024-10-21T06:09:00+00:00","dateModified":"2024-10-21T18:26:27+00:00","mainEntityOfPage":{"@id":"https:\/\/vocesdelacomuna15.com.ar\/press\/expo-empleo-ba-un-impulso-hacia-la-inclusion-laboral\/"},"wordCount":669,"commentCount":0,"publisher":{"@id":"https:\/\/vocesdelacomuna15.com.ar\/press\/#organization"},"image":{"@id":"https:\/\/vocesdelacomuna15.com.ar\/press\/expo-empleo-ba-un-impulso-hacia-la-inclusion-laboral\/#primaryimage"},"thumbnailUrl":"https:\/\/vocesdelacomuna15.com.ar\/wp-content\/uploads\/2024\/10\/expo.jpg","articleSection":["Ciudad"],"inLanguage":"es-AR","potentialAction":[{"@type":"CommentAction","name":"Comment","target":["https:\/\/vocesdelacomuna15.com.ar\/press\/expo-empleo-ba-un-impulso-hacia-la-inclusion-laboral\/#respond"]}]},{"@type":"WebPage","@id":"https:\/\/vocesdelacomuna15.com.ar\/press\/expo-empleo-ba-un-impulso-hacia-la-inclusion-laboral\/","url":"https:\/\/vocesdelacomuna15.com.ar\/press\/expo-empleo-ba-un-impulso-hacia-la-inclusion-laboral\/","name":"Expo Empleo BA: Un Impulso hacia la inclusi\u00f3n Laboral - Voces de la Comuna 15","isPartOf":{"@id":"https:\/\/vocesdelacomuna15.com.ar\/press\/#website"},"primaryImageOfPage":{"@id":"https:\/\/vocesdelacomuna15.com.ar\/press\/expo-empleo-ba-un-impulso-hacia-la-inclusion-laboral\/#primaryimage"},"image":{"@id":"https:\/\/vocesdelacomuna15.com.ar\/press\/expo-empleo-ba-un-impulso-hacia-la-inclusion-laboral\/#primaryimage"},"thumbnailUrl":"https:\/\/vocesdelacomuna15.com.ar\/wp-content\/uploads\/2024\/10\/expo.jpg","datePublished":"2024-10-21T06:09:00+00:00","dateModified":"2024-10-21T18:26:27+00:00","description":"Voces de la Comuna 15","breadcrumb":{"@id":"https:\/\/vocesdelacomuna15.com.ar\/press\/expo-empleo-ba-un-impulso-hacia-la-inclusion-laboral\/#breadcrumb"},"inLanguage":"es-AR","potentialAction":[{"@type":"ReadAction","target":["https:\/\/vocesdelacomuna15.com.ar\/press\/expo-empleo-ba-un-impulso-hacia-la-inclusion-laboral\/"]}]},{"@type":"ImageObject","inLanguage":"es-AR","@id":"https:\/\/vocesdelacomuna15.com.ar\/press\/expo-empleo-ba-un-impulso-hacia-la-inclusion-laboral\/#primaryimage","url":"https:\/\/vocesdelacomuna15.com.ar\/wp-content\/uploads\/2024\/10\/expo.jpg","contentUrl":"https:\/\/vocesdelacomuna15.com.ar\/wp-content\/uploads\/2024\/10\/expo.jpg","width":720,"height":480},{"@type":"BreadcrumbList","@id":"https:\/\/vocesdelacomuna15.com.ar\/press\/expo-empleo-ba-un-impulso-hacia-la-inclusion-laboral\/#breadcrumb","itemListElement":[{"@type":"ListItem","position":1,"name":"Inicio","item":"https:\/\/vocesdelacomuna15.com.ar\/press\/"},{"@type":"ListItem","position":2,"name":"Expo Empleo BA: Un Impulso hacia la inclusi\u00f3n Laboral"}]},{"@type":"WebSite","@id":"https:\/\/vocesdelacomuna15.com.ar\/press\/#website","url":"https:\/\/vocesdelacomuna15.com.ar\/press\/","name":"Voces de la Comuna 15","description":"Sitio web de noticias","publisher":{"@id":"https:\/\/vocesdelacomuna15.com.ar\/press\/#organization"},"potentialAction":[{"@type":"SearchAction","target":{"@type":"EntryPoint","urlTemplate":"https:\/\/vocesdelacomuna15.com.ar\/press\/?s={search_term_string}"},"query-input":{"@type":"PropertyValueSpecification","valueRequired":true,"valueName":"search_term_string"}}],"inLanguage":"es-AR"},{"@type":"Organization","@id":"https:\/\/vocesdelacomuna15.com.ar\/press\/#organization","name":"Voces de la Comuna 15","url":"https:\/\/vocesdelacomuna15.com.ar\/press\/","logo":{"@type":"ImageObject","inLanguage":"es-AR","@id":"https:\/\/vocesdelacomuna15.com.ar\/press\/#\/schema\/logo\/image\/","url":"https:\/\/vocesdelacomuna15.com.ar\/wp-content\/uploads\/2024\/12\/cropped-logo_voces.jpg","contentUrl":"https:\/\/vocesdelacomuna15.com.ar\/wp-content\/uploads\/2024\/12\/cropped-logo_voces.jpg","width":512,"height":512,"caption":"Voces de la Comuna 15"},"image":{"@id":"https:\/\/vocesdelacomuna15.com.ar\/press\/#\/schema\/logo\/image\/"},"sameAs":["https:\/\/www.facebook.com\/VocesComuna15\/","https:\/\/x.com\/vocescomuna15"]},{"@type":"Person","@id":"https:\/\/vocesdelacomuna15.com.ar\/press\/#\/schema\/person\/4739e109db25d799cd3d139eeb509e43","name":"Federico Arguto","image":{"@type":"ImageObject","inLanguage":"es-AR","@id":"https:\/\/vocesdelacomuna15.com.ar\/wp-content\/litespeed\/avatar\/82faf979976f1bae889b8b71f8a0a7e5.jpg?ver=1777419741","url":"https:\/\/vocesdelacomuna15.com.ar\/wp-content\/litespeed\/avatar\/82faf979976f1bae889b8b71f8a0a7e5.jpg?ver=1777419741","contentUrl":"https:\/\/vocesdelacomuna15.com.ar\/wp-content\/litespeed\/avatar\/82faf979976f1bae889b8b71f8a0a7e5.jpg?ver=1777419741","caption":"Federico Arguto"},"url":"https:\/\/vocesdelacomuna15.com.ar\/press\/author\/fede\/"}]}},"_links":{"self":[{"href":"https:\/\/vocesdelacomuna15.com.ar\/press\/wp-json\/wp\/v2\/posts\/64216","targetHints":{"allow":["GET"]}}],"collection":[{"href":"https:\/\/vocesdelacomuna15.com.ar\/press\/wp-json\/wp\/v2\/posts"}],"about":[{"href":"https:\/\/vocesdelacomuna15.com.ar\/press\/wp-json\/wp\/v2\/types\/post"}],"author":[{"embeddable":true,"href":"https:\/\/vocesdelacomuna15.com.ar\/press\/wp-json\/wp\/v2\/users\/2"}],"replies":[{"embeddable":true,"href":"https:\/\/vocesdelacomuna15.com.ar\/press\/wp-json\/wp\/v2\/comments?post=64216"}],"version-history":[{"count":1,"href":"https:\/\/vocesdelacomuna15.com.ar\/press\/wp-json\/wp\/v2\/posts\/64216\/revisions"}],"predecessor-version":[{"id":64217,"href":"https:\/\/vocesdelacomuna15.com.ar\/press\/wp-json\/wp\/v2\/posts\/64216\/revisions\/64217"}],"wp:featuredmedia":[{"embeddable":true,"href":"https:\/\/vocesdelacomuna15.com.ar\/press\/wp-json\/wp\/v2\/media\/64218"}],"wp:attachment":[{"href":"https:\/\/vocesdelacomuna15.com.ar\/press\/wp-json\/wp\/v2\/media?parent=64216"}],"wp:term":[{"taxonomy":"category","embeddable":true,"href":"https:\/\/vocesdelacomuna15.com.ar\/press\/wp-json\/wp\/v2\/categories?post=64216"},{"taxonomy":"post_tag","embeddable":true,"href":"https:\/\/vocesdelacomuna15.com.ar\/press\/wp-json\/wp\/v2\/tags?post=64216"}],"curies":[{"name":"wp","href":"https:\/\/api.w.org\/{rel}","templated":true}]}}