{"id":64189,"date":"2024-10-07T19:38:28","date_gmt":"2024-10-07T22:38:28","guid":{"rendered":"https:\/\/vocesdelacomuna15.com.ar\/?p=64189"},"modified":"2024-10-07T19:38:30","modified_gmt":"2024-10-07T22:38:30","slug":"parque-chas-festejo-sus-99-anos","status":"publish","type":"post","link":"https:\/\/vocesdelacomuna15.com.ar\/press\/parque-chas-festejo-sus-99-anos\/","title":{"rendered":"Parque Chas festej\u00f3 sus 99 a\u00f1os"},"content":{"rendered":"\n<p>Fue el domingo entre las 10 y las 18 en la Plaza \u00c9xodo Juje\u00f1o<\/p>\n\n\n\n<p>En el d\u00eda de ayer, que acompa\u00f1\u00f3 para la gran concurrencia, el barrio de Parque Chas celebr\u00f3 sus 99 a\u00f1os de existencia. El festejo se llev\u00f3 a cabo en la llamada \u201cPlaza del Tr\u00e9bol\u201d, que en realidad se denomina \u201c\u00c9xodo Juje\u00f1o\u201d, situada en G\u00e1ndara y Bauness.<\/p>\n\n\n\n<p>El evento tuvo la organizaci\u00f3n de la Comisi\u00f3n de Festejos de Parque Chas y comenz\u00f3 a las 10 de la ma\u00f1ana, con el izamiento tradicional de la bandera argentina sobre la calle Bauness, por parte de la Junta de Estudios Hist\u00f3ricos de Parque Chas. Tras ello, hubo actividades deportivas entre las 10.30 y las 12.30, organizadas por el Club El Tr\u00e9bol. A las 11 tuvo lugar la Visita Guiada \u201cpor los Misterios de Parque Chas\u201d, partiendo desde la plaza \u00c9xodo Juje\u00f1o y coordinada por la arquitecta Magdalena Eggers.<\/p>\n\n\n\n<p>Por la tarde se llev\u00f3 a cabo la \u201cFiesta de la Vecindad\u201d, con emprendedores del barrio. Y entre las 14 y 18 hubo varios shows musicales con un intervalo a las 17.30 para la t\u00edpica ceremonia de \u201cTorta de Cumplea\u00f1os\u201d. Hubo en toda la jornada puestos de las instituciones del barrio (clubes, junta hist\u00f3rica, escuelas, artesanos, emprendedores) y la Escuela Petronila Rodr\u00edguez estuvo a cargo del buffet del evento.<\/p>\n\n\n\n<p>BREVE HISTORIA DE PARQUE CHAS<\/p>\n\n\n\n<p>El d\u00eda del barrio de Parque Chas es en realidad el 29 de septiembre. En esa fecha del a\u00f1o 1925, el Consejo Deliberante de la Ciudad de Buenos Aires hab\u00eda sancionado la Ordenanza N\u00ba 1.129, que aprobaba el trazado de calles que hab\u00eda propuesto el Sr. Vicente Chas para el terreno del que era propietario, con l\u00edmites en la Avenida de los Constituyentes y las calles La Pampa y Triunvirato, que contaban con un plano firmado por los ingenieros Guerrico y Freher. Parque Chas es el \u00faltimo de los barrios porte\u00f1os en conformarse, ya que en 1976 el intendente de facto Osvaldo Cacciatore, le quit\u00f3 esa condici\u00f3n, despu\u00e9s de haber sido un barrio independiente durante los seis primeros meses de ese a\u00f1o (dejando de ser parte de Agronom\u00eda). Sin embargo, casi treinta a\u00f1os despu\u00e9s, pudo volver a considerarse oficialmente un barrio, cuando la Legislatura de la Ciudad de Buenos Aires aprob\u00f3 su formaci\u00f3n, el 6 de diciembre de 2005, a trav\u00e9s de la Ley N\u00ba 1907\/06. Se considera que Parque Chas naci\u00f3 en 1925 tras la primera traza realizada en 1924 por Julio Dormal (hijo), que m\u00e1s tarde se denominar\u00eda \u201cParque Chas\u201d. Si bien ese a\u00f1o el Concejo no trat\u00f3 el proyecto, se abri\u00f3 la calle La Pampa como hab\u00eda propuesto Dormal con la aprobaci\u00f3n de Chas, que un a\u00f1o m\u00e1s tarde construy\u00f3 20 casas, apareadas de dos, para los obreros, entre Triunvirato y Andonaegui. Luego se proyect\u00f3 y realiz\u00f3 la obra. Tras el loteo y subdivisi\u00f3n del predio, los ingenieros Frehner y Guerrico, ambos contratados por Chas, dise\u00f1aron el barrio mediante un \u201camanzamiento octagonal b\u00e1sico\u201d.<\/p>\n\n\n\n<figure class=\"wp-block-image size-large\"><img loading=\"lazy\" decoding=\"async\" width=\"1024\" height=\"768\" src=\"https:\/\/vocesdelacomuna15.com.ar\/wp-content\/uploads\/2024\/10\/WhatsApp-Image-2024-10-07-at-18.27.49-1024x768.jpeg\" alt=\"\" class=\"wp-image-64191\" srcset=\"https:\/\/vocesdelacomuna15.com.ar\/wp-content\/uploads\/2024\/10\/WhatsApp-Image-2024-10-07-at-18.27.49-1024x768.jpeg 1024w, https:\/\/vocesdelacomuna15.com.ar\/wp-content\/uploads\/2024\/10\/WhatsApp-Image-2024-10-07-at-18.27.49-300x225.jpeg 300w, https:\/\/vocesdelacomuna15.com.ar\/wp-content\/uploads\/2024\/10\/WhatsApp-Image-2024-10-07-at-18.27.49-768x576.jpeg 768w, https:\/\/vocesdelacomuna15.com.ar\/wp-content\/uploads\/2024\/10\/WhatsApp-Image-2024-10-07-at-18.27.49-1536x1152.jpeg 1536w, https:\/\/vocesdelacomuna15.com.ar\/wp-content\/uploads\/2024\/10\/WhatsApp-Image-2024-10-07-at-18.27.49-1080x810.jpeg 1080w, https:\/\/vocesdelacomuna15.com.ar\/wp-content\/uploads\/2024\/10\/WhatsApp-Image-2024-10-07-at-18.27.49.jpeg 1600w\" sizes=\"(max-width: 1024px) 100vw, 1024px\" \/><\/figure>\n\n\n\n<p>En 2001, a trav\u00e9s de la Junta de Estudios Hist\u00f3ricos de Agronom\u00eda y Parque Chas \u2013presidida por el fallecido Roberto Barreiro- comenz\u00f3 el trabajo para que Parque Chas volviera a ser un barrio independiente. En 2004 se conform\u00f3 la \u201cAsociaci\u00f3n Amigos del Barrio Parque Chas\u201d, que dio m\u00e1s fuerza al proyecto, defendiendo la identidad barrial. Tras la mencionada aprobaci\u00f3n de la Legislatura porte\u00f1a en 2005, el 18 de mayo de 2006 la misma sancion\u00f3 la Ley 1969 que instituy\u00f3 el 29 de septiembre como \u201cD\u00eda del Barrio de Parque Chas\u201d. En tanto, el 2 de septiembre de 2006, qued\u00f3 constituida la Junta de Estudios Hist\u00f3ricos del Barrio Parque Chas, que funciona en la sede del Club S.A.B.E.R. ubicado en Llerena 2727. El barrio de Parque Chas actualmente est\u00e1 delimitado por las calles La Pampa, Av. Triunvirato, Combatientes de Malvinas, Chorroar\u00edn y Av. de los Constituyentes. Cuenta con algo m\u00e1s de 20.000 habitantes distribuidos en 1,4 km2.<\/p>\n\n\n\n<p>Caracteres: 3.687<\/p>\n<div class=\"pvc_clear\"><\/div><p id=\"pvc_stats_64189\" class=\"pvc_stats all  \" data-element-id=\"64189\" style=\"\"><i class=\"pvc-stats-icon small\" aria-hidden=\"true\"><svg aria-hidden=\"true\" focusable=\"false\" data-prefix=\"far\" data-icon=\"chart-bar\" role=\"img\" xmlns=\"http:\/\/www.w3.org\/2000\/svg\" viewBox=\"0 0 512 512\" class=\"svg-inline--fa fa-chart-bar fa-w-16 fa-2x\"><path fill=\"currentColor\" d=\"M396.8 352h22.4c6.4 0 12.8-6.4 12.8-12.8V108.8c0-6.4-6.4-12.8-12.8-12.8h-22.4c-6.4 0-12.8 6.4-12.8 12.8v230.4c0 6.4 6.4 12.8 12.8 12.8zm-192 0h22.4c6.4 0 12.8-6.4 12.8-12.8V140.8c0-6.4-6.4-12.8-12.8-12.8h-22.4c-6.4 0-12.8 6.4-12.8 12.8v198.4c0 6.4 6.4 12.8 12.8 12.8zm96 0h22.4c6.4 0 12.8-6.4 12.8-12.8V204.8c0-6.4-6.4-12.8-12.8-12.8h-22.4c-6.4 0-12.8 6.4-12.8 12.8v134.4c0 6.4 6.4 12.8 12.8 12.8zM496 400H48V80c0-8.84-7.16-16-16-16H16C7.16 64 0 71.16 0 80v336c0 17.67 14.33 32 32 32h464c8.84 0 16-7.16 16-16v-16c0-8.84-7.16-16-16-16zm-387.2-48h22.4c6.4 0 12.8-6.4 12.8-12.8v-70.4c0-6.4-6.4-12.8-12.8-12.8h-22.4c-6.4 0-12.8 6.4-12.8 12.8v70.4c0 6.4 6.4 12.8 12.8 12.8z\" class=\"\"><\/path><\/svg><\/i> <img loading=\"lazy\" decoding=\"async\" width=\"16\" height=\"16\" alt=\"Loading\" src=\"https:\/\/vocesdelacomuna15.com.ar\/wp-content\/plugins\/page-views-count\/ajax-loader-2x.gif\" border=0 \/><\/p><div class=\"pvc_clear\"><\/div>","protected":false},"excerpt":{"rendered":"<p>Fue el domingo entre las 10 y las 18 en la Plaza \u00c9xodo Juje\u00f1o En el d\u00eda de ayer, que acompa\u00f1\u00f3 para la gran concurrencia, el barrio de Parque Chas celebr\u00f3 sus 99 a\u00f1os de existencia. El festejo se llev\u00f3 a cabo en la llamada \u201cPlaza del Tr\u00e9bol\u201d, que en realidad se denomina \u201c\u00c9xodo Juje\u00f1o\u201d, [&hellip;]<\/p>\n<div class=\"pvc_clear\"><\/div>\n<p id=\"pvc_stats_64189\" class=\"pvc_stats all  \" data-element-id=\"64189\" style=\"\"><i class=\"pvc-stats-icon small\" aria-hidden=\"true\"><svg aria-hidden=\"true\" focusable=\"false\" data-prefix=\"far\" data-icon=\"chart-bar\" role=\"img\" xmlns=\"http:\/\/www.w3.org\/2000\/svg\" viewBox=\"0 0 512 512\" class=\"svg-inline--fa fa-chart-bar fa-w-16 fa-2x\"><path fill=\"currentColor\" d=\"M396.8 352h22.4c6.4 0 12.8-6.4 12.8-12.8V108.8c0-6.4-6.4-12.8-12.8-12.8h-22.4c-6.4 0-12.8 6.4-12.8 12.8v230.4c0 6.4 6.4 12.8 12.8 12.8zm-192 0h22.4c6.4 0 12.8-6.4 12.8-12.8V140.8c0-6.4-6.4-12.8-12.8-12.8h-22.4c-6.4 0-12.8 6.4-12.8 12.8v198.4c0 6.4 6.4 12.8 12.8 12.8zm96 0h22.4c6.4 0 12.8-6.4 12.8-12.8V204.8c0-6.4-6.4-12.8-12.8-12.8h-22.4c-6.4 0-12.8 6.4-12.8 12.8v134.4c0 6.4 6.4 12.8 12.8 12.8zM496 400H48V80c0-8.84-7.16-16-16-16H16C7.16 64 0 71.16 0 80v336c0 17.67 14.33 32 32 32h464c8.84 0 16-7.16 16-16v-16c0-8.84-7.16-16-16-16zm-387.2-48h22.4c6.4 0 12.8-6.4 12.8-12.8v-70.4c0-6.4-6.4-12.8-12.8-12.8h-22.4c-6.4 0-12.8 6.4-12.8 12.8v70.4c0 6.4 6.4 12.8 12.8 12.8z\" class=\"\"><\/path><\/svg><\/i> <img loading=\"lazy\" decoding=\"async\" width=\"16\" height=\"16\" alt=\"Loading\" src=\"https:\/\/vocesdelacomuna15.com.ar\/wp-content\/plugins\/page-views-count\/ajax-loader-2x.gif\" border=0 \/><\/p>\n<div class=\"pvc_clear\"><\/div>\n","protected":false},"author":2,"featured_media":64190,"comment_status":"open","ping_status":"open","sticky":false,"template":"","format":"standard","meta":{"_et_pb_use_builder":"off","_et_pb_old_content":"","_et_gb_content_width":"","footnotes":""},"categories":[30],"tags":[],"class_list":["post-64189","post","type-post","status-publish","format-standard","has-post-thumbnail","hentry","category-pchas","et-has-post-format-content","et_post_format-et-post-format-standard"],"a3_pvc":{"activated":true,"total_views":71,"today_views":0},"yoast_head":"<!-- This site is optimized with the Yoast SEO plugin v27.5 - https:\/\/yoast.com\/product\/yoast-seo-wordpress\/ -->\n<title>Parque Chas festej\u00f3 sus 99 a\u00f1os - Voces de la Comuna 15<\/title>\n<meta name=\"description\" content=\"Voces de la Comuna 15\" \/>\n<meta name=\"robots\" content=\"index, follow, max-snippet:-1, max-image-preview:large, max-video-preview:-1\" \/>\n<link rel=\"canonical\" href=\"https:\/\/vocesdelacomuna15.com.ar\/press\/parque-chas-festejo-sus-99-anos\/\" \/>\n<meta property=\"og:locale\" content=\"es_ES\" \/>\n<meta property=\"og:type\" content=\"article\" \/>\n<meta property=\"og:title\" content=\"Parque Chas festej\u00f3 sus 99 a\u00f1os - Voces de la Comuna 15\" \/>\n<meta property=\"og:description\" content=\"Voces de la Comuna 15\" \/>\n<meta property=\"og:url\" content=\"https:\/\/vocesdelacomuna15.com.ar\/press\/parque-chas-festejo-sus-99-anos\/\" \/>\n<meta property=\"og:site_name\" content=\"Voces de la Comuna 15\" \/>\n<meta property=\"article:publisher\" content=\"https:\/\/www.facebook.com\/VocesComuna15\/\" \/>\n<meta property=\"article:published_time\" content=\"2024-10-07T22:38:28+00:00\" \/>\n<meta property=\"article:modified_time\" content=\"2024-10-07T22:38:30+00:00\" \/>\n<meta property=\"og:image\" content=\"https:\/\/vocesdelacomuna15.com.ar\/wp-content\/uploads\/2024\/10\/WhatsApp-Image-2024-10-07-at-18.27.40.jpeg\" \/>\n\t<meta property=\"og:image:width\" content=\"1600\" \/>\n\t<meta property=\"og:image:height\" content=\"1200\" \/>\n\t<meta property=\"og:image:type\" content=\"image\/jpeg\" \/>\n<meta name=\"author\" content=\"Federico Arguto\" \/>\n<meta name=\"twitter:card\" content=\"summary_large_image\" \/>\n<meta name=\"twitter:creator\" content=\"@vocescomuna15\" \/>\n<meta name=\"twitter:site\" content=\"@vocescomuna15\" \/>\n<meta name=\"twitter:label1\" content=\"Escrito por\" \/>\n\t<meta name=\"twitter:data1\" content=\"Federico Arguto\" \/>\n\t<meta name=\"twitter:label2\" content=\"Tiempo de lectura\" \/>\n\t<meta name=\"twitter:data2\" content=\"3 minutos\" \/>\n<script type=\"application\/ld+json\" class=\"yoast-schema-graph\">{\"@context\":\"https:\\\/\\\/schema.org\",\"@graph\":[{\"@type\":\"Article\",\"@id\":\"https:\\\/\\\/vocesdelacomuna15.com.ar\\\/press\\\/parque-chas-festejo-sus-99-anos\\\/#article\",\"isPartOf\":{\"@id\":\"https:\\\/\\\/vocesdelacomuna15.com.ar\\\/press\\\/parque-chas-festejo-sus-99-anos\\\/\"},\"author\":{\"name\":\"Federico Arguto\",\"@id\":\"https:\\\/\\\/vocesdelacomuna15.com.ar\\\/press\\\/#\\\/schema\\\/person\\\/4739e109db25d799cd3d139eeb509e43\"},\"headline\":\"Parque Chas festej\u00f3 sus 99 a\u00f1os\",\"datePublished\":\"2024-10-07T22:38:28+00:00\",\"dateModified\":\"2024-10-07T22:38:30+00:00\",\"mainEntityOfPage\":{\"@id\":\"https:\\\/\\\/vocesdelacomuna15.com.ar\\\/press\\\/parque-chas-festejo-sus-99-anos\\\/\"},\"wordCount\":674,\"commentCount\":0,\"publisher\":{\"@id\":\"https:\\\/\\\/vocesdelacomuna15.com.ar\\\/press\\\/#organization\"},\"image\":{\"@id\":\"https:\\\/\\\/vocesdelacomuna15.com.ar\\\/press\\\/parque-chas-festejo-sus-99-anos\\\/#primaryimage\"},\"thumbnailUrl\":\"https:\\\/\\\/vocesdelacomuna15.com.ar\\\/wp-content\\\/uploads\\\/2024\\\/10\\\/WhatsApp-Image-2024-10-07-at-18.27.40.jpeg\",\"articleSection\":[\"Parque chas\"],\"inLanguage\":\"es-AR\",\"potentialAction\":[{\"@type\":\"CommentAction\",\"name\":\"Comment\",\"target\":[\"https:\\\/\\\/vocesdelacomuna15.com.ar\\\/press\\\/parque-chas-festejo-sus-99-anos\\\/#respond\"]}]},{\"@type\":\"WebPage\",\"@id\":\"https:\\\/\\\/vocesdelacomuna15.com.ar\\\/press\\\/parque-chas-festejo-sus-99-anos\\\/\",\"url\":\"https:\\\/\\\/vocesdelacomuna15.com.ar\\\/press\\\/parque-chas-festejo-sus-99-anos\\\/\",\"name\":\"Parque Chas festej\u00f3 sus 99 a\u00f1os - Voces de la Comuna 15\",\"isPartOf\":{\"@id\":\"https:\\\/\\\/vocesdelacomuna15.com.ar\\\/press\\\/#website\"},\"primaryImageOfPage\":{\"@id\":\"https:\\\/\\\/vocesdelacomuna15.com.ar\\\/press\\\/parque-chas-festejo-sus-99-anos\\\/#primaryimage\"},\"image\":{\"@id\":\"https:\\\/\\\/vocesdelacomuna15.com.ar\\\/press\\\/parque-chas-festejo-sus-99-anos\\\/#primaryimage\"},\"thumbnailUrl\":\"https:\\\/\\\/vocesdelacomuna15.com.ar\\\/wp-content\\\/uploads\\\/2024\\\/10\\\/WhatsApp-Image-2024-10-07-at-18.27.40.jpeg\",\"datePublished\":\"2024-10-07T22:38:28+00:00\",\"dateModified\":\"2024-10-07T22:38:30+00:00\",\"description\":\"Voces de la Comuna 15\",\"breadcrumb\":{\"@id\":\"https:\\\/\\\/vocesdelacomuna15.com.ar\\\/press\\\/parque-chas-festejo-sus-99-anos\\\/#breadcrumb\"},\"inLanguage\":\"es-AR\",\"potentialAction\":[{\"@type\":\"ReadAction\",\"target\":[\"https:\\\/\\\/vocesdelacomuna15.com.ar\\\/press\\\/parque-chas-festejo-sus-99-anos\\\/\"]}]},{\"@type\":\"ImageObject\",\"inLanguage\":\"es-AR\",\"@id\":\"https:\\\/\\\/vocesdelacomuna15.com.ar\\\/press\\\/parque-chas-festejo-sus-99-anos\\\/#primaryimage\",\"url\":\"https:\\\/\\\/vocesdelacomuna15.com.ar\\\/wp-content\\\/uploads\\\/2024\\\/10\\\/WhatsApp-Image-2024-10-07-at-18.27.40.jpeg\",\"contentUrl\":\"https:\\\/\\\/vocesdelacomuna15.com.ar\\\/wp-content\\\/uploads\\\/2024\\\/10\\\/WhatsApp-Image-2024-10-07-at-18.27.40.jpeg\",\"width\":1600,\"height\":1200},{\"@type\":\"BreadcrumbList\",\"@id\":\"https:\\\/\\\/vocesdelacomuna15.com.ar\\\/press\\\/parque-chas-festejo-sus-99-anos\\\/#breadcrumb\",\"itemListElement\":[{\"@type\":\"ListItem\",\"position\":1,\"name\":\"Inicio\",\"item\":\"https:\\\/\\\/vocesdelacomuna15.com.ar\\\/press\\\/\"},{\"@type\":\"ListItem\",\"position\":2,\"name\":\"Parque Chas festej\u00f3 sus 99 a\u00f1os\"}]},{\"@type\":\"WebSite\",\"@id\":\"https:\\\/\\\/vocesdelacomuna15.com.ar\\\/press\\\/#website\",\"url\":\"https:\\\/\\\/vocesdelacomuna15.com.ar\\\/press\\\/\",\"name\":\"Voces de la Comuna 15\",\"description\":\"Sitio web de noticias\",\"publisher\":{\"@id\":\"https:\\\/\\\/vocesdelacomuna15.com.ar\\\/press\\\/#organization\"},\"potentialAction\":[{\"@type\":\"SearchAction\",\"target\":{\"@type\":\"EntryPoint\",\"urlTemplate\":\"https:\\\/\\\/vocesdelacomuna15.com.ar\\\/press\\\/?s={search_term_string}\"},\"query-input\":{\"@type\":\"PropertyValueSpecification\",\"valueRequired\":true,\"valueName\":\"search_term_string\"}}],\"inLanguage\":\"es-AR\"},{\"@type\":\"Organization\",\"@id\":\"https:\\\/\\\/vocesdelacomuna15.com.ar\\\/press\\\/#organization\",\"name\":\"Voces de la Comuna 15\",\"url\":\"https:\\\/\\\/vocesdelacomuna15.com.ar\\\/press\\\/\",\"logo\":{\"@type\":\"ImageObject\",\"inLanguage\":\"es-AR\",\"@id\":\"https:\\\/\\\/vocesdelacomuna15.com.ar\\\/press\\\/#\\\/schema\\\/logo\\\/image\\\/\",\"url\":\"https:\\\/\\\/vocesdelacomuna15.com.ar\\\/wp-content\\\/uploads\\\/2024\\\/12\\\/cropped-logo_voces.jpg\",\"contentUrl\":\"https:\\\/\\\/vocesdelacomuna15.com.ar\\\/wp-content\\\/uploads\\\/2024\\\/12\\\/cropped-logo_voces.jpg\",\"width\":512,\"height\":512,\"caption\":\"Voces de la Comuna 15\"},\"image\":{\"@id\":\"https:\\\/\\\/vocesdelacomuna15.com.ar\\\/press\\\/#\\\/schema\\\/logo\\\/image\\\/\"},\"sameAs\":[\"https:\\\/\\\/www.facebook.com\\\/VocesComuna15\\\/\",\"https:\\\/\\\/x.com\\\/vocescomuna15\"]},{\"@type\":\"Person\",\"@id\":\"https:\\\/\\\/vocesdelacomuna15.com.ar\\\/press\\\/#\\\/schema\\\/person\\\/4739e109db25d799cd3d139eeb509e43\",\"name\":\"Federico Arguto\",\"image\":{\"@type\":\"ImageObject\",\"inLanguage\":\"es-AR\",\"@id\":\"https:\\\/\\\/vocesdelacomuna15.com.ar\\\/wp-content\\\/litespeed\\\/avatar\\\/82faf979976f1bae889b8b71f8a0a7e5.jpg?ver=1777419741\",\"url\":\"https:\\\/\\\/vocesdelacomuna15.com.ar\\\/wp-content\\\/litespeed\\\/avatar\\\/82faf979976f1bae889b8b71f8a0a7e5.jpg?ver=1777419741\",\"contentUrl\":\"https:\\\/\\\/vocesdelacomuna15.com.ar\\\/wp-content\\\/litespeed\\\/avatar\\\/82faf979976f1bae889b8b71f8a0a7e5.jpg?ver=1777419741\",\"caption\":\"Federico Arguto\"},\"url\":\"https:\\\/\\\/vocesdelacomuna15.com.ar\\\/press\\\/author\\\/fede\\\/\"}]}<\/script>\n<!-- \/ Yoast SEO plugin. -->","yoast_head_json":{"title":"Parque Chas festej\u00f3 sus 99 a\u00f1os - Voces de la Comuna 15","description":"Voces de la Comuna 15","robots":{"index":"index","follow":"follow","max-snippet":"max-snippet:-1","max-image-preview":"max-image-preview:large","max-video-preview":"max-video-preview:-1"},"canonical":"https:\/\/vocesdelacomuna15.com.ar\/press\/parque-chas-festejo-sus-99-anos\/","og_locale":"es_ES","og_type":"article","og_title":"Parque Chas festej\u00f3 sus 99 a\u00f1os - Voces de la Comuna 15","og_description":"Voces de la Comuna 15","og_url":"https:\/\/vocesdelacomuna15.com.ar\/press\/parque-chas-festejo-sus-99-anos\/","og_site_name":"Voces de la Comuna 15","article_publisher":"https:\/\/www.facebook.com\/VocesComuna15\/","article_published_time":"2024-10-07T22:38:28+00:00","article_modified_time":"2024-10-07T22:38:30+00:00","og_image":[{"width":1600,"height":1200,"url":"https:\/\/vocesdelacomuna15.com.ar\/wp-content\/uploads\/2024\/10\/WhatsApp-Image-2024-10-07-at-18.27.40.jpeg","type":"image\/jpeg"}],"author":"Federico Arguto","twitter_card":"summary_large_image","twitter_creator":"@vocescomuna15","twitter_site":"@vocescomuna15","twitter_misc":{"Escrito por":"Federico Arguto","Tiempo de lectura":"3 minutos"},"schema":{"@context":"https:\/\/schema.org","@graph":[{"@type":"Article","@id":"https:\/\/vocesdelacomuna15.com.ar\/press\/parque-chas-festejo-sus-99-anos\/#article","isPartOf":{"@id":"https:\/\/vocesdelacomuna15.com.ar\/press\/parque-chas-festejo-sus-99-anos\/"},"author":{"name":"Federico Arguto","@id":"https:\/\/vocesdelacomuna15.com.ar\/press\/#\/schema\/person\/4739e109db25d799cd3d139eeb509e43"},"headline":"Parque Chas festej\u00f3 sus 99 a\u00f1os","datePublished":"2024-10-07T22:38:28+00:00","dateModified":"2024-10-07T22:38:30+00:00","mainEntityOfPage":{"@id":"https:\/\/vocesdelacomuna15.com.ar\/press\/parque-chas-festejo-sus-99-anos\/"},"wordCount":674,"commentCount":0,"publisher":{"@id":"https:\/\/vocesdelacomuna15.com.ar\/press\/#organization"},"image":{"@id":"https:\/\/vocesdelacomuna15.com.ar\/press\/parque-chas-festejo-sus-99-anos\/#primaryimage"},"thumbnailUrl":"https:\/\/vocesdelacomuna15.com.ar\/wp-content\/uploads\/2024\/10\/WhatsApp-Image-2024-10-07-at-18.27.40.jpeg","articleSection":["Parque chas"],"inLanguage":"es-AR","potentialAction":[{"@type":"CommentAction","name":"Comment","target":["https:\/\/vocesdelacomuna15.com.ar\/press\/parque-chas-festejo-sus-99-anos\/#respond"]}]},{"@type":"WebPage","@id":"https:\/\/vocesdelacomuna15.com.ar\/press\/parque-chas-festejo-sus-99-anos\/","url":"https:\/\/vocesdelacomuna15.com.ar\/press\/parque-chas-festejo-sus-99-anos\/","name":"Parque Chas festej\u00f3 sus 99 a\u00f1os - Voces de la Comuna 15","isPartOf":{"@id":"https:\/\/vocesdelacomuna15.com.ar\/press\/#website"},"primaryImageOfPage":{"@id":"https:\/\/vocesdelacomuna15.com.ar\/press\/parque-chas-festejo-sus-99-anos\/#primaryimage"},"image":{"@id":"https:\/\/vocesdelacomuna15.com.ar\/press\/parque-chas-festejo-sus-99-anos\/#primaryimage"},"thumbnailUrl":"https:\/\/vocesdelacomuna15.com.ar\/wp-content\/uploads\/2024\/10\/WhatsApp-Image-2024-10-07-at-18.27.40.jpeg","datePublished":"2024-10-07T22:38:28+00:00","dateModified":"2024-10-07T22:38:30+00:00","description":"Voces de la Comuna 15","breadcrumb":{"@id":"https:\/\/vocesdelacomuna15.com.ar\/press\/parque-chas-festejo-sus-99-anos\/#breadcrumb"},"inLanguage":"es-AR","potentialAction":[{"@type":"ReadAction","target":["https:\/\/vocesdelacomuna15.com.ar\/press\/parque-chas-festejo-sus-99-anos\/"]}]},{"@type":"ImageObject","inLanguage":"es-AR","@id":"https:\/\/vocesdelacomuna15.com.ar\/press\/parque-chas-festejo-sus-99-anos\/#primaryimage","url":"https:\/\/vocesdelacomuna15.com.ar\/wp-content\/uploads\/2024\/10\/WhatsApp-Image-2024-10-07-at-18.27.40.jpeg","contentUrl":"https:\/\/vocesdelacomuna15.com.ar\/wp-content\/uploads\/2024\/10\/WhatsApp-Image-2024-10-07-at-18.27.40.jpeg","width":1600,"height":1200},{"@type":"BreadcrumbList","@id":"https:\/\/vocesdelacomuna15.com.ar\/press\/parque-chas-festejo-sus-99-anos\/#breadcrumb","itemListElement":[{"@type":"ListItem","position":1,"name":"Inicio","item":"https:\/\/vocesdelacomuna15.com.ar\/press\/"},{"@type":"ListItem","position":2,"name":"Parque Chas festej\u00f3 sus 99 a\u00f1os"}]},{"@type":"WebSite","@id":"https:\/\/vocesdelacomuna15.com.ar\/press\/#website","url":"https:\/\/vocesdelacomuna15.com.ar\/press\/","name":"Voces de la Comuna 15","description":"Sitio web de noticias","publisher":{"@id":"https:\/\/vocesdelacomuna15.com.ar\/press\/#organization"},"potentialAction":[{"@type":"SearchAction","target":{"@type":"EntryPoint","urlTemplate":"https:\/\/vocesdelacomuna15.com.ar\/press\/?s={search_term_string}"},"query-input":{"@type":"PropertyValueSpecification","valueRequired":true,"valueName":"search_term_string"}}],"inLanguage":"es-AR"},{"@type":"Organization","@id":"https:\/\/vocesdelacomuna15.com.ar\/press\/#organization","name":"Voces de la Comuna 15","url":"https:\/\/vocesdelacomuna15.com.ar\/press\/","logo":{"@type":"ImageObject","inLanguage":"es-AR","@id":"https:\/\/vocesdelacomuna15.com.ar\/press\/#\/schema\/logo\/image\/","url":"https:\/\/vocesdelacomuna15.com.ar\/wp-content\/uploads\/2024\/12\/cropped-logo_voces.jpg","contentUrl":"https:\/\/vocesdelacomuna15.com.ar\/wp-content\/uploads\/2024\/12\/cropped-logo_voces.jpg","width":512,"height":512,"caption":"Voces de la Comuna 15"},"image":{"@id":"https:\/\/vocesdelacomuna15.com.ar\/press\/#\/schema\/logo\/image\/"},"sameAs":["https:\/\/www.facebook.com\/VocesComuna15\/","https:\/\/x.com\/vocescomuna15"]},{"@type":"Person","@id":"https:\/\/vocesdelacomuna15.com.ar\/press\/#\/schema\/person\/4739e109db25d799cd3d139eeb509e43","name":"Federico Arguto","image":{"@type":"ImageObject","inLanguage":"es-AR","@id":"https:\/\/vocesdelacomuna15.com.ar\/wp-content\/litespeed\/avatar\/82faf979976f1bae889b8b71f8a0a7e5.jpg?ver=1777419741","url":"https:\/\/vocesdelacomuna15.com.ar\/wp-content\/litespeed\/avatar\/82faf979976f1bae889b8b71f8a0a7e5.jpg?ver=1777419741","contentUrl":"https:\/\/vocesdelacomuna15.com.ar\/wp-content\/litespeed\/avatar\/82faf979976f1bae889b8b71f8a0a7e5.jpg?ver=1777419741","caption":"Federico Arguto"},"url":"https:\/\/vocesdelacomuna15.com.ar\/press\/author\/fede\/"}]}},"_links":{"self":[{"href":"https:\/\/vocesdelacomuna15.com.ar\/press\/wp-json\/wp\/v2\/posts\/64189","targetHints":{"allow":["GET"]}}],"collection":[{"href":"https:\/\/vocesdelacomuna15.com.ar\/press\/wp-json\/wp\/v2\/posts"}],"about":[{"href":"https:\/\/vocesdelacomuna15.com.ar\/press\/wp-json\/wp\/v2\/types\/post"}],"author":[{"embeddable":true,"href":"https:\/\/vocesdelacomuna15.com.ar\/press\/wp-json\/wp\/v2\/users\/2"}],"replies":[{"embeddable":true,"href":"https:\/\/vocesdelacomuna15.com.ar\/press\/wp-json\/wp\/v2\/comments?post=64189"}],"version-history":[{"count":1,"href":"https:\/\/vocesdelacomuna15.com.ar\/press\/wp-json\/wp\/v2\/posts\/64189\/revisions"}],"predecessor-version":[{"id":64192,"href":"https:\/\/vocesdelacomuna15.com.ar\/press\/wp-json\/wp\/v2\/posts\/64189\/revisions\/64192"}],"wp:featuredmedia":[{"embeddable":true,"href":"https:\/\/vocesdelacomuna15.com.ar\/press\/wp-json\/wp\/v2\/media\/64190"}],"wp:attachment":[{"href":"https:\/\/vocesdelacomuna15.com.ar\/press\/wp-json\/wp\/v2\/media?parent=64189"}],"wp:term":[{"taxonomy":"category","embeddable":true,"href":"https:\/\/vocesdelacomuna15.com.ar\/press\/wp-json\/wp\/v2\/categories?post=64189"},{"taxonomy":"post_tag","embeddable":true,"href":"https:\/\/vocesdelacomuna15.com.ar\/press\/wp-json\/wp\/v2\/tags?post=64189"}],"curies":[{"name":"wp","href":"https:\/\/api.w.org\/{rel}","templated":true}]}}