{"id":64185,"date":"2024-10-07T17:04:45","date_gmt":"2024-10-07T20:04:45","guid":{"rendered":"https:\/\/vocesdelacomuna15.com.ar\/?p=64185"},"modified":"2024-10-07T17:04:46","modified_gmt":"2024-10-07T20:04:46","slug":"la-asociacion-cultural-florencio-sanchez-festejo-su-cumpleanos-109","status":"publish","type":"post","link":"https:\/\/vocesdelacomuna15.com.ar\/press\/la-asociacion-cultural-florencio-sanchez-festejo-su-cumpleanos-109\/","title":{"rendered":"La Asociaci\u00f3n Cultural Florencio S\u00e1nchez festej\u00f3 su cumplea\u00f1os 109"},"content":{"rendered":"\n<p>Fue el s\u00e1bado entre las 15 y 19 horas, con \u201cPoes\u00eda en la vereda\u201d<\/p>\n\n\n\n<p>Ubicada en pasaje Nicol\u00e1s Granada al 1660 en el barrio de La Paternal, el s\u00e1bado 7 de octubre se llev\u00f3 a cabo un encuentro para festejar el aniversario que cont\u00f3 con feria de editoriales, propuestas para ni\u00f1os y ni\u00f1as, presentaci\u00f3n de libros, m\u00fasica en vivo y actividades en la huerta.<\/p>\n\n\n\n<figure class=\"wp-block-image size-large\"><img loading=\"lazy\" decoding=\"async\" width=\"1024\" height=\"576\" src=\"https:\/\/vocesdelacomuna15.com.ar\/wp-content\/uploads\/2024\/10\/WhatsApp-Image-2024-10-07-at-16.59.34-1024x576.jpeg\" alt=\"\" class=\"wp-image-64187\" srcset=\"https:\/\/vocesdelacomuna15.com.ar\/wp-content\/uploads\/2024\/10\/WhatsApp-Image-2024-10-07-at-16.59.34-1024x576.jpeg 1024w, https:\/\/vocesdelacomuna15.com.ar\/wp-content\/uploads\/2024\/10\/WhatsApp-Image-2024-10-07-at-16.59.34-300x169.jpeg 300w, https:\/\/vocesdelacomuna15.com.ar\/wp-content\/uploads\/2024\/10\/WhatsApp-Image-2024-10-07-at-16.59.34-768x432.jpeg 768w, https:\/\/vocesdelacomuna15.com.ar\/wp-content\/uploads\/2024\/10\/WhatsApp-Image-2024-10-07-at-16.59.34-1536x864.jpeg 1536w, https:\/\/vocesdelacomuna15.com.ar\/wp-content\/uploads\/2024\/10\/WhatsApp-Image-2024-10-07-at-16.59.34-1080x608.jpeg 1080w, https:\/\/vocesdelacomuna15.com.ar\/wp-content\/uploads\/2024\/10\/WhatsApp-Image-2024-10-07-at-16.59.34.jpeg 1600w\" sizes=\"(max-width: 1024px) 100vw, 1024px\" \/><\/figure>\n\n\n\n<p>En la vereda hubo feria de editoriales de poes\u00eda y fanzine y artistas del dibujo y la historieta. Estuvieron presentes:<\/p>\n\n\n\n<p>Ediciones otras (@ediciones.otras)<\/p>\n\n\n\n<p>El elefante Negro Ediciones (@elelefantenegroediciones)<\/p>\n\n\n\n<p>Pulpa editora (@pulpaeditora)<\/p>\n\n\n\n<p>Matias Galarza (@galarcete)<\/p>\n\n\n\n<p>Nicol\u00e1s Giaquinta (@giaquinta_n)<\/p>\n\n\n\n<p>Todo Pasa Leyendo (@todopasaleyendo)<\/p>\n\n\n\n<p>Juan Cozzi present\u00f3 su nuevo poemario editado por Pulpa Editora, \u201cC\u00f3mo atravesar la oscuridad\u201d y tambi\u00e9n Isa Nouel ley\u00f3 poemas de su libro editado en esa misma editorial. Caro Rodriguero present\u00f3 su \u00faltimo libro, tambi\u00e9n de poemas, \u201cTan mundo ques una gota de agua\u201d editado por El elefante negro.<\/p>\n\n\n\n<p>Las chicas de Espacio Crecer Jugando (@espaciocrecerjugando) con juegos y propuestas para la primera infancia en la sala infantil de la biblioteca Becci\u00fa.<\/p>\n\n\n\n<p>La vereda se llen\u00f3 de m\u00fasica con Sonia y Tadeo (@soni.aleman) y el cierre de la mano de Maru Spinelli (@maru.spi)<\/p>\n\n\n\n<p>En la huerta de la biblioteca, adem\u00e1s de recorrer su belleza y poder comprar plantines, hubo taller de repelente natural de la mano de Jazm\u00edn Glustein. Hubo cosas ricas para endulzar la tarde y seguir festejando y libros como regalos sorpresa.<\/p>\n\n\n\n<p>La Asociaci\u00f3n Cultural Florencio S\u00e1nchez naci\u00f3 en 1915. Era un lugar de participaci\u00f3n, un lugar social. En un momento determinado, unos socios juntaron unos libros y comenzaron a llevarlos casa por casa, eso fue un principio de biblioteca ambulante. Despu\u00e9s de eso, surgi\u00f3 la biblioteca y empez\u00f3 a crecer. Se anotaron en las reparticiones que hizo la Comisi\u00f3n Nacional de Bibliotecas Populares (CONABIP), dentro de la Direcci\u00f3n del Libro. Hicieron esa movida y qued\u00f3 un poco de lado lo que era la asociaci\u00f3n cultural y se le empez\u00f3 a dar m\u00e1s importancia a la biblioteca (la Becci\u00fa). As\u00ed empez\u00f3 a llamarse \u201cAsociaci\u00f3n Cultural Florencio S\u00e1nchez y Biblioteca Popular Juan Mar\u00eda Becci\u00fa.<\/p>\n\n\n\n<p><a><\/a>Caracteres: 2.108<\/p>\n<div class=\"pvc_clear\"><\/div><p id=\"pvc_stats_64185\" class=\"pvc_stats all  \" data-element-id=\"64185\" style=\"\"><i class=\"pvc-stats-icon small\" aria-hidden=\"true\"><svg aria-hidden=\"true\" focusable=\"false\" data-prefix=\"far\" data-icon=\"chart-bar\" role=\"img\" xmlns=\"http:\/\/www.w3.org\/2000\/svg\" viewBox=\"0 0 512 512\" class=\"svg-inline--fa fa-chart-bar fa-w-16 fa-2x\"><path fill=\"currentColor\" d=\"M396.8 352h22.4c6.4 0 12.8-6.4 12.8-12.8V108.8c0-6.4-6.4-12.8-12.8-12.8h-22.4c-6.4 0-12.8 6.4-12.8 12.8v230.4c0 6.4 6.4 12.8 12.8 12.8zm-192 0h22.4c6.4 0 12.8-6.4 12.8-12.8V140.8c0-6.4-6.4-12.8-12.8-12.8h-22.4c-6.4 0-12.8 6.4-12.8 12.8v198.4c0 6.4 6.4 12.8 12.8 12.8zm96 0h22.4c6.4 0 12.8-6.4 12.8-12.8V204.8c0-6.4-6.4-12.8-12.8-12.8h-22.4c-6.4 0-12.8 6.4-12.8 12.8v134.4c0 6.4 6.4 12.8 12.8 12.8zM496 400H48V80c0-8.84-7.16-16-16-16H16C7.16 64 0 71.16 0 80v336c0 17.67 14.33 32 32 32h464c8.84 0 16-7.16 16-16v-16c0-8.84-7.16-16-16-16zm-387.2-48h22.4c6.4 0 12.8-6.4 12.8-12.8v-70.4c0-6.4-6.4-12.8-12.8-12.8h-22.4c-6.4 0-12.8 6.4-12.8 12.8v70.4c0 6.4 6.4 12.8 12.8 12.8z\" class=\"\"><\/path><\/svg><\/i> <img loading=\"lazy\" decoding=\"async\" width=\"16\" height=\"16\" alt=\"Loading\" src=\"https:\/\/vocesdelacomuna15.com.ar\/wp-content\/plugins\/page-views-count\/ajax-loader-2x.gif\" border=0 \/><\/p><div class=\"pvc_clear\"><\/div>","protected":false},"excerpt":{"rendered":"<p>Fue el s\u00e1bado entre las 15 y 19 horas, con \u201cPoes\u00eda en la vereda\u201d Ubicada en pasaje Nicol\u00e1s Granada al 1660 en el barrio de La Paternal, el s\u00e1bado 7 de octubre se llev\u00f3 a cabo un encuentro para festejar el aniversario que cont\u00f3 con feria de editoriales, propuestas para ni\u00f1os y ni\u00f1as, presentaci\u00f3n de [&hellip;]<\/p>\n<div class=\"pvc_clear\"><\/div>\n<p id=\"pvc_stats_64185\" class=\"pvc_stats all  \" data-element-id=\"64185\" style=\"\"><i class=\"pvc-stats-icon small\" aria-hidden=\"true\"><svg aria-hidden=\"true\" focusable=\"false\" data-prefix=\"far\" data-icon=\"chart-bar\" role=\"img\" xmlns=\"http:\/\/www.w3.org\/2000\/svg\" viewBox=\"0 0 512 512\" class=\"svg-inline--fa fa-chart-bar fa-w-16 fa-2x\"><path fill=\"currentColor\" d=\"M396.8 352h22.4c6.4 0 12.8-6.4 12.8-12.8V108.8c0-6.4-6.4-12.8-12.8-12.8h-22.4c-6.4 0-12.8 6.4-12.8 12.8v230.4c0 6.4 6.4 12.8 12.8 12.8zm-192 0h22.4c6.4 0 12.8-6.4 12.8-12.8V140.8c0-6.4-6.4-12.8-12.8-12.8h-22.4c-6.4 0-12.8 6.4-12.8 12.8v198.4c0 6.4 6.4 12.8 12.8 12.8zm96 0h22.4c6.4 0 12.8-6.4 12.8-12.8V204.8c0-6.4-6.4-12.8-12.8-12.8h-22.4c-6.4 0-12.8 6.4-12.8 12.8v134.4c0 6.4 6.4 12.8 12.8 12.8zM496 400H48V80c0-8.84-7.16-16-16-16H16C7.16 64 0 71.16 0 80v336c0 17.67 14.33 32 32 32h464c8.84 0 16-7.16 16-16v-16c0-8.84-7.16-16-16-16zm-387.2-48h22.4c6.4 0 12.8-6.4 12.8-12.8v-70.4c0-6.4-6.4-12.8-12.8-12.8h-22.4c-6.4 0-12.8 6.4-12.8 12.8v70.4c0 6.4 6.4 12.8 12.8 12.8z\" class=\"\"><\/path><\/svg><\/i> <img loading=\"lazy\" decoding=\"async\" width=\"16\" height=\"16\" alt=\"Loading\" src=\"https:\/\/vocesdelacomuna15.com.ar\/wp-content\/plugins\/page-views-count\/ajax-loader-2x.gif\" border=0 \/><\/p>\n<div class=\"pvc_clear\"><\/div>\n","protected":false},"author":2,"featured_media":64186,"comment_status":"open","ping_status":"open","sticky":false,"template":"","format":"standard","meta":{"_et_pb_use_builder":"off","_et_pb_old_content":"","_et_gb_content_width":"","footnotes":""},"categories":[29],"tags":[],"class_list":["post-64185","post","type-post","status-publish","format-standard","has-post-thumbnail","hentry","category-lapa","et-has-post-format-content","et_post_format-et-post-format-standard"],"a3_pvc":{"activated":true,"total_views":37,"today_views":0},"yoast_head":"<!-- This site is optimized with the Yoast SEO plugin v27.5 - https:\/\/yoast.com\/product\/yoast-seo-wordpress\/ -->\n<title>La Asociaci\u00f3n Cultural Florencio S\u00e1nchez festej\u00f3 su cumplea\u00f1os 109 - Voces de la Comuna 15<\/title>\n<meta name=\"description\" content=\"Voces de la Comuna 15\" \/>\n<meta name=\"robots\" content=\"index, follow, max-snippet:-1, max-image-preview:large, max-video-preview:-1\" \/>\n<link rel=\"canonical\" href=\"https:\/\/vocesdelacomuna15.com.ar\/press\/la-asociacion-cultural-florencio-sanchez-festejo-su-cumpleanos-109\/\" \/>\n<meta property=\"og:locale\" content=\"es_ES\" \/>\n<meta property=\"og:type\" content=\"article\" \/>\n<meta property=\"og:title\" content=\"La Asociaci\u00f3n Cultural Florencio S\u00e1nchez festej\u00f3 su cumplea\u00f1os 109 - Voces de la Comuna 15\" \/>\n<meta property=\"og:description\" content=\"Voces de la Comuna 15\" \/>\n<meta property=\"og:url\" content=\"https:\/\/vocesdelacomuna15.com.ar\/press\/la-asociacion-cultural-florencio-sanchez-festejo-su-cumpleanos-109\/\" \/>\n<meta property=\"og:site_name\" content=\"Voces de la Comuna 15\" \/>\n<meta property=\"article:publisher\" content=\"https:\/\/www.facebook.com\/VocesComuna15\/\" \/>\n<meta property=\"article:published_time\" content=\"2024-10-07T20:04:45+00:00\" \/>\n<meta property=\"article:modified_time\" content=\"2024-10-07T20:04:46+00:00\" \/>\n<meta property=\"og:image\" content=\"https:\/\/vocesdelacomuna15.com.ar\/wp-content\/uploads\/2024\/10\/WhatsApp-Image-2024-10-07-at-16.59.28.jpeg\" \/>\n\t<meta property=\"og:image:width\" content=\"1600\" \/>\n\t<meta property=\"og:image:height\" content=\"900\" \/>\n\t<meta property=\"og:image:type\" content=\"image\/jpeg\" \/>\n<meta name=\"author\" content=\"Federico Arguto\" \/>\n<meta name=\"twitter:card\" content=\"summary_large_image\" \/>\n<meta name=\"twitter:creator\" content=\"@vocescomuna15\" \/>\n<meta name=\"twitter:site\" content=\"@vocescomuna15\" \/>\n<meta name=\"twitter:label1\" content=\"Escrito por\" \/>\n\t<meta name=\"twitter:data1\" content=\"Federico Arguto\" \/>\n\t<meta name=\"twitter:label2\" content=\"Tiempo de lectura\" \/>\n\t<meta name=\"twitter:data2\" content=\"2 minutos\" \/>\n<script type=\"application\/ld+json\" class=\"yoast-schema-graph\">{\"@context\":\"https:\\\/\\\/schema.org\",\"@graph\":[{\"@type\":\"Article\",\"@id\":\"https:\\\/\\\/vocesdelacomuna15.com.ar\\\/press\\\/la-asociacion-cultural-florencio-sanchez-festejo-su-cumpleanos-109\\\/#article\",\"isPartOf\":{\"@id\":\"https:\\\/\\\/vocesdelacomuna15.com.ar\\\/press\\\/la-asociacion-cultural-florencio-sanchez-festejo-su-cumpleanos-109\\\/\"},\"author\":{\"name\":\"Federico Arguto\",\"@id\":\"https:\\\/\\\/vocesdelacomuna15.com.ar\\\/press\\\/#\\\/schema\\\/person\\\/4739e109db25d799cd3d139eeb509e43\"},\"headline\":\"La Asociaci\u00f3n Cultural Florencio S\u00e1nchez festej\u00f3 su cumplea\u00f1os 109\",\"datePublished\":\"2024-10-07T20:04:45+00:00\",\"dateModified\":\"2024-10-07T20:04:46+00:00\",\"mainEntityOfPage\":{\"@id\":\"https:\\\/\\\/vocesdelacomuna15.com.ar\\\/press\\\/la-asociacion-cultural-florencio-sanchez-festejo-su-cumpleanos-109\\\/\"},\"wordCount\":388,\"commentCount\":0,\"publisher\":{\"@id\":\"https:\\\/\\\/vocesdelacomuna15.com.ar\\\/press\\\/#organization\"},\"image\":{\"@id\":\"https:\\\/\\\/vocesdelacomuna15.com.ar\\\/press\\\/la-asociacion-cultural-florencio-sanchez-festejo-su-cumpleanos-109\\\/#primaryimage\"},\"thumbnailUrl\":\"https:\\\/\\\/vocesdelacomuna15.com.ar\\\/wp-content\\\/uploads\\\/2024\\\/10\\\/WhatsApp-Image-2024-10-07-at-16.59.28.jpeg\",\"articleSection\":[\"La Paternal\"],\"inLanguage\":\"es-AR\",\"potentialAction\":[{\"@type\":\"CommentAction\",\"name\":\"Comment\",\"target\":[\"https:\\\/\\\/vocesdelacomuna15.com.ar\\\/press\\\/la-asociacion-cultural-florencio-sanchez-festejo-su-cumpleanos-109\\\/#respond\"]}]},{\"@type\":\"WebPage\",\"@id\":\"https:\\\/\\\/vocesdelacomuna15.com.ar\\\/press\\\/la-asociacion-cultural-florencio-sanchez-festejo-su-cumpleanos-109\\\/\",\"url\":\"https:\\\/\\\/vocesdelacomuna15.com.ar\\\/press\\\/la-asociacion-cultural-florencio-sanchez-festejo-su-cumpleanos-109\\\/\",\"name\":\"La Asociaci\u00f3n Cultural Florencio S\u00e1nchez festej\u00f3 su cumplea\u00f1os 109 - Voces de la Comuna 15\",\"isPartOf\":{\"@id\":\"https:\\\/\\\/vocesdelacomuna15.com.ar\\\/press\\\/#website\"},\"primaryImageOfPage\":{\"@id\":\"https:\\\/\\\/vocesdelacomuna15.com.ar\\\/press\\\/la-asociacion-cultural-florencio-sanchez-festejo-su-cumpleanos-109\\\/#primaryimage\"},\"image\":{\"@id\":\"https:\\\/\\\/vocesdelacomuna15.com.ar\\\/press\\\/la-asociacion-cultural-florencio-sanchez-festejo-su-cumpleanos-109\\\/#primaryimage\"},\"thumbnailUrl\":\"https:\\\/\\\/vocesdelacomuna15.com.ar\\\/wp-content\\\/uploads\\\/2024\\\/10\\\/WhatsApp-Image-2024-10-07-at-16.59.28.jpeg\",\"datePublished\":\"2024-10-07T20:04:45+00:00\",\"dateModified\":\"2024-10-07T20:04:46+00:00\",\"description\":\"Voces de la Comuna 15\",\"breadcrumb\":{\"@id\":\"https:\\\/\\\/vocesdelacomuna15.com.ar\\\/press\\\/la-asociacion-cultural-florencio-sanchez-festejo-su-cumpleanos-109\\\/#breadcrumb\"},\"inLanguage\":\"es-AR\",\"potentialAction\":[{\"@type\":\"ReadAction\",\"target\":[\"https:\\\/\\\/vocesdelacomuna15.com.ar\\\/press\\\/la-asociacion-cultural-florencio-sanchez-festejo-su-cumpleanos-109\\\/\"]}]},{\"@type\":\"ImageObject\",\"inLanguage\":\"es-AR\",\"@id\":\"https:\\\/\\\/vocesdelacomuna15.com.ar\\\/press\\\/la-asociacion-cultural-florencio-sanchez-festejo-su-cumpleanos-109\\\/#primaryimage\",\"url\":\"https:\\\/\\\/vocesdelacomuna15.com.ar\\\/wp-content\\\/uploads\\\/2024\\\/10\\\/WhatsApp-Image-2024-10-07-at-16.59.28.jpeg\",\"contentUrl\":\"https:\\\/\\\/vocesdelacomuna15.com.ar\\\/wp-content\\\/uploads\\\/2024\\\/10\\\/WhatsApp-Image-2024-10-07-at-16.59.28.jpeg\",\"width\":1600,\"height\":900},{\"@type\":\"BreadcrumbList\",\"@id\":\"https:\\\/\\\/vocesdelacomuna15.com.ar\\\/press\\\/la-asociacion-cultural-florencio-sanchez-festejo-su-cumpleanos-109\\\/#breadcrumb\",\"itemListElement\":[{\"@type\":\"ListItem\",\"position\":1,\"name\":\"Inicio\",\"item\":\"https:\\\/\\\/vocesdelacomuna15.com.ar\\\/press\\\/\"},{\"@type\":\"ListItem\",\"position\":2,\"name\":\"La Asociaci\u00f3n Cultural Florencio S\u00e1nchez festej\u00f3 su cumplea\u00f1os 109\"}]},{\"@type\":\"WebSite\",\"@id\":\"https:\\\/\\\/vocesdelacomuna15.com.ar\\\/press\\\/#website\",\"url\":\"https:\\\/\\\/vocesdelacomuna15.com.ar\\\/press\\\/\",\"name\":\"Voces de la Comuna 15\",\"description\":\"Sitio web de noticias\",\"publisher\":{\"@id\":\"https:\\\/\\\/vocesdelacomuna15.com.ar\\\/press\\\/#organization\"},\"potentialAction\":[{\"@type\":\"SearchAction\",\"target\":{\"@type\":\"EntryPoint\",\"urlTemplate\":\"https:\\\/\\\/vocesdelacomuna15.com.ar\\\/press\\\/?s={search_term_string}\"},\"query-input\":{\"@type\":\"PropertyValueSpecification\",\"valueRequired\":true,\"valueName\":\"search_term_string\"}}],\"inLanguage\":\"es-AR\"},{\"@type\":\"Organization\",\"@id\":\"https:\\\/\\\/vocesdelacomuna15.com.ar\\\/press\\\/#organization\",\"name\":\"Voces de la Comuna 15\",\"url\":\"https:\\\/\\\/vocesdelacomuna15.com.ar\\\/press\\\/\",\"logo\":{\"@type\":\"ImageObject\",\"inLanguage\":\"es-AR\",\"@id\":\"https:\\\/\\\/vocesdelacomuna15.com.ar\\\/press\\\/#\\\/schema\\\/logo\\\/image\\\/\",\"url\":\"https:\\\/\\\/vocesdelacomuna15.com.ar\\\/wp-content\\\/uploads\\\/2024\\\/12\\\/cropped-logo_voces.jpg\",\"contentUrl\":\"https:\\\/\\\/vocesdelacomuna15.com.ar\\\/wp-content\\\/uploads\\\/2024\\\/12\\\/cropped-logo_voces.jpg\",\"width\":512,\"height\":512,\"caption\":\"Voces de la Comuna 15\"},\"image\":{\"@id\":\"https:\\\/\\\/vocesdelacomuna15.com.ar\\\/press\\\/#\\\/schema\\\/logo\\\/image\\\/\"},\"sameAs\":[\"https:\\\/\\\/www.facebook.com\\\/VocesComuna15\\\/\",\"https:\\\/\\\/x.com\\\/vocescomuna15\"]},{\"@type\":\"Person\",\"@id\":\"https:\\\/\\\/vocesdelacomuna15.com.ar\\\/press\\\/#\\\/schema\\\/person\\\/4739e109db25d799cd3d139eeb509e43\",\"name\":\"Federico Arguto\",\"image\":{\"@type\":\"ImageObject\",\"inLanguage\":\"es-AR\",\"@id\":\"https:\\\/\\\/vocesdelacomuna15.com.ar\\\/wp-content\\\/litespeed\\\/avatar\\\/82faf979976f1bae889b8b71f8a0a7e5.jpg?ver=1777419741\",\"url\":\"https:\\\/\\\/vocesdelacomuna15.com.ar\\\/wp-content\\\/litespeed\\\/avatar\\\/82faf979976f1bae889b8b71f8a0a7e5.jpg?ver=1777419741\",\"contentUrl\":\"https:\\\/\\\/vocesdelacomuna15.com.ar\\\/wp-content\\\/litespeed\\\/avatar\\\/82faf979976f1bae889b8b71f8a0a7e5.jpg?ver=1777419741\",\"caption\":\"Federico Arguto\"},\"url\":\"https:\\\/\\\/vocesdelacomuna15.com.ar\\\/press\\\/author\\\/fede\\\/\"}]}<\/script>\n<!-- \/ Yoast SEO plugin. -->","yoast_head_json":{"title":"La Asociaci\u00f3n Cultural Florencio S\u00e1nchez festej\u00f3 su cumplea\u00f1os 109 - Voces de la Comuna 15","description":"Voces de la Comuna 15","robots":{"index":"index","follow":"follow","max-snippet":"max-snippet:-1","max-image-preview":"max-image-preview:large","max-video-preview":"max-video-preview:-1"},"canonical":"https:\/\/vocesdelacomuna15.com.ar\/press\/la-asociacion-cultural-florencio-sanchez-festejo-su-cumpleanos-109\/","og_locale":"es_ES","og_type":"article","og_title":"La Asociaci\u00f3n Cultural Florencio S\u00e1nchez festej\u00f3 su cumplea\u00f1os 109 - Voces de la Comuna 15","og_description":"Voces de la Comuna 15","og_url":"https:\/\/vocesdelacomuna15.com.ar\/press\/la-asociacion-cultural-florencio-sanchez-festejo-su-cumpleanos-109\/","og_site_name":"Voces de la Comuna 15","article_publisher":"https:\/\/www.facebook.com\/VocesComuna15\/","article_published_time":"2024-10-07T20:04:45+00:00","article_modified_time":"2024-10-07T20:04:46+00:00","og_image":[{"width":1600,"height":900,"url":"https:\/\/vocesdelacomuna15.com.ar\/wp-content\/uploads\/2024\/10\/WhatsApp-Image-2024-10-07-at-16.59.28.jpeg","type":"image\/jpeg"}],"author":"Federico Arguto","twitter_card":"summary_large_image","twitter_creator":"@vocescomuna15","twitter_site":"@vocescomuna15","twitter_misc":{"Escrito por":"Federico Arguto","Tiempo de lectura":"2 minutos"},"schema":{"@context":"https:\/\/schema.org","@graph":[{"@type":"Article","@id":"https:\/\/vocesdelacomuna15.com.ar\/press\/la-asociacion-cultural-florencio-sanchez-festejo-su-cumpleanos-109\/#article","isPartOf":{"@id":"https:\/\/vocesdelacomuna15.com.ar\/press\/la-asociacion-cultural-florencio-sanchez-festejo-su-cumpleanos-109\/"},"author":{"name":"Federico Arguto","@id":"https:\/\/vocesdelacomuna15.com.ar\/press\/#\/schema\/person\/4739e109db25d799cd3d139eeb509e43"},"headline":"La Asociaci\u00f3n Cultural Florencio S\u00e1nchez festej\u00f3 su cumplea\u00f1os 109","datePublished":"2024-10-07T20:04:45+00:00","dateModified":"2024-10-07T20:04:46+00:00","mainEntityOfPage":{"@id":"https:\/\/vocesdelacomuna15.com.ar\/press\/la-asociacion-cultural-florencio-sanchez-festejo-su-cumpleanos-109\/"},"wordCount":388,"commentCount":0,"publisher":{"@id":"https:\/\/vocesdelacomuna15.com.ar\/press\/#organization"},"image":{"@id":"https:\/\/vocesdelacomuna15.com.ar\/press\/la-asociacion-cultural-florencio-sanchez-festejo-su-cumpleanos-109\/#primaryimage"},"thumbnailUrl":"https:\/\/vocesdelacomuna15.com.ar\/wp-content\/uploads\/2024\/10\/WhatsApp-Image-2024-10-07-at-16.59.28.jpeg","articleSection":["La Paternal"],"inLanguage":"es-AR","potentialAction":[{"@type":"CommentAction","name":"Comment","target":["https:\/\/vocesdelacomuna15.com.ar\/press\/la-asociacion-cultural-florencio-sanchez-festejo-su-cumpleanos-109\/#respond"]}]},{"@type":"WebPage","@id":"https:\/\/vocesdelacomuna15.com.ar\/press\/la-asociacion-cultural-florencio-sanchez-festejo-su-cumpleanos-109\/","url":"https:\/\/vocesdelacomuna15.com.ar\/press\/la-asociacion-cultural-florencio-sanchez-festejo-su-cumpleanos-109\/","name":"La Asociaci\u00f3n Cultural Florencio S\u00e1nchez festej\u00f3 su cumplea\u00f1os 109 - Voces de la Comuna 15","isPartOf":{"@id":"https:\/\/vocesdelacomuna15.com.ar\/press\/#website"},"primaryImageOfPage":{"@id":"https:\/\/vocesdelacomuna15.com.ar\/press\/la-asociacion-cultural-florencio-sanchez-festejo-su-cumpleanos-109\/#primaryimage"},"image":{"@id":"https:\/\/vocesdelacomuna15.com.ar\/press\/la-asociacion-cultural-florencio-sanchez-festejo-su-cumpleanos-109\/#primaryimage"},"thumbnailUrl":"https:\/\/vocesdelacomuna15.com.ar\/wp-content\/uploads\/2024\/10\/WhatsApp-Image-2024-10-07-at-16.59.28.jpeg","datePublished":"2024-10-07T20:04:45+00:00","dateModified":"2024-10-07T20:04:46+00:00","description":"Voces de la Comuna 15","breadcrumb":{"@id":"https:\/\/vocesdelacomuna15.com.ar\/press\/la-asociacion-cultural-florencio-sanchez-festejo-su-cumpleanos-109\/#breadcrumb"},"inLanguage":"es-AR","potentialAction":[{"@type":"ReadAction","target":["https:\/\/vocesdelacomuna15.com.ar\/press\/la-asociacion-cultural-florencio-sanchez-festejo-su-cumpleanos-109\/"]}]},{"@type":"ImageObject","inLanguage":"es-AR","@id":"https:\/\/vocesdelacomuna15.com.ar\/press\/la-asociacion-cultural-florencio-sanchez-festejo-su-cumpleanos-109\/#primaryimage","url":"https:\/\/vocesdelacomuna15.com.ar\/wp-content\/uploads\/2024\/10\/WhatsApp-Image-2024-10-07-at-16.59.28.jpeg","contentUrl":"https:\/\/vocesdelacomuna15.com.ar\/wp-content\/uploads\/2024\/10\/WhatsApp-Image-2024-10-07-at-16.59.28.jpeg","width":1600,"height":900},{"@type":"BreadcrumbList","@id":"https:\/\/vocesdelacomuna15.com.ar\/press\/la-asociacion-cultural-florencio-sanchez-festejo-su-cumpleanos-109\/#breadcrumb","itemListElement":[{"@type":"ListItem","position":1,"name":"Inicio","item":"https:\/\/vocesdelacomuna15.com.ar\/press\/"},{"@type":"ListItem","position":2,"name":"La Asociaci\u00f3n Cultural Florencio S\u00e1nchez festej\u00f3 su cumplea\u00f1os 109"}]},{"@type":"WebSite","@id":"https:\/\/vocesdelacomuna15.com.ar\/press\/#website","url":"https:\/\/vocesdelacomuna15.com.ar\/press\/","name":"Voces de la Comuna 15","description":"Sitio web de noticias","publisher":{"@id":"https:\/\/vocesdelacomuna15.com.ar\/press\/#organization"},"potentialAction":[{"@type":"SearchAction","target":{"@type":"EntryPoint","urlTemplate":"https:\/\/vocesdelacomuna15.com.ar\/press\/?s={search_term_string}"},"query-input":{"@type":"PropertyValueSpecification","valueRequired":true,"valueName":"search_term_string"}}],"inLanguage":"es-AR"},{"@type":"Organization","@id":"https:\/\/vocesdelacomuna15.com.ar\/press\/#organization","name":"Voces de la Comuna 15","url":"https:\/\/vocesdelacomuna15.com.ar\/press\/","logo":{"@type":"ImageObject","inLanguage":"es-AR","@id":"https:\/\/vocesdelacomuna15.com.ar\/press\/#\/schema\/logo\/image\/","url":"https:\/\/vocesdelacomuna15.com.ar\/wp-content\/uploads\/2024\/12\/cropped-logo_voces.jpg","contentUrl":"https:\/\/vocesdelacomuna15.com.ar\/wp-content\/uploads\/2024\/12\/cropped-logo_voces.jpg","width":512,"height":512,"caption":"Voces de la Comuna 15"},"image":{"@id":"https:\/\/vocesdelacomuna15.com.ar\/press\/#\/schema\/logo\/image\/"},"sameAs":["https:\/\/www.facebook.com\/VocesComuna15\/","https:\/\/x.com\/vocescomuna15"]},{"@type":"Person","@id":"https:\/\/vocesdelacomuna15.com.ar\/press\/#\/schema\/person\/4739e109db25d799cd3d139eeb509e43","name":"Federico Arguto","image":{"@type":"ImageObject","inLanguage":"es-AR","@id":"https:\/\/vocesdelacomuna15.com.ar\/wp-content\/litespeed\/avatar\/82faf979976f1bae889b8b71f8a0a7e5.jpg?ver=1777419741","url":"https:\/\/vocesdelacomuna15.com.ar\/wp-content\/litespeed\/avatar\/82faf979976f1bae889b8b71f8a0a7e5.jpg?ver=1777419741","contentUrl":"https:\/\/vocesdelacomuna15.com.ar\/wp-content\/litespeed\/avatar\/82faf979976f1bae889b8b71f8a0a7e5.jpg?ver=1777419741","caption":"Federico Arguto"},"url":"https:\/\/vocesdelacomuna15.com.ar\/press\/author\/fede\/"}]}},"_links":{"self":[{"href":"https:\/\/vocesdelacomuna15.com.ar\/press\/wp-json\/wp\/v2\/posts\/64185","targetHints":{"allow":["GET"]}}],"collection":[{"href":"https:\/\/vocesdelacomuna15.com.ar\/press\/wp-json\/wp\/v2\/posts"}],"about":[{"href":"https:\/\/vocesdelacomuna15.com.ar\/press\/wp-json\/wp\/v2\/types\/post"}],"author":[{"embeddable":true,"href":"https:\/\/vocesdelacomuna15.com.ar\/press\/wp-json\/wp\/v2\/users\/2"}],"replies":[{"embeddable":true,"href":"https:\/\/vocesdelacomuna15.com.ar\/press\/wp-json\/wp\/v2\/comments?post=64185"}],"version-history":[{"count":1,"href":"https:\/\/vocesdelacomuna15.com.ar\/press\/wp-json\/wp\/v2\/posts\/64185\/revisions"}],"predecessor-version":[{"id":64188,"href":"https:\/\/vocesdelacomuna15.com.ar\/press\/wp-json\/wp\/v2\/posts\/64185\/revisions\/64188"}],"wp:featuredmedia":[{"embeddable":true,"href":"https:\/\/vocesdelacomuna15.com.ar\/press\/wp-json\/wp\/v2\/media\/64186"}],"wp:attachment":[{"href":"https:\/\/vocesdelacomuna15.com.ar\/press\/wp-json\/wp\/v2\/media?parent=64185"}],"wp:term":[{"taxonomy":"category","embeddable":true,"href":"https:\/\/vocesdelacomuna15.com.ar\/press\/wp-json\/wp\/v2\/categories?post=64185"},{"taxonomy":"post_tag","embeddable":true,"href":"https:\/\/vocesdelacomuna15.com.ar\/press\/wp-json\/wp\/v2\/tags?post=64185"}],"curies":[{"name":"wp","href":"https:\/\/api.w.org\/{rel}","templated":true}]}}