{"id":64171,"date":"2024-10-07T08:32:40","date_gmt":"2024-10-07T11:32:40","guid":{"rendered":"https:\/\/vocesdelacomuna15.com.ar\/?p=64171"},"modified":"2024-10-07T08:33:18","modified_gmt":"2024-10-07T11:33:18","slug":"la-ciudad-realizo-200-allanamientos-en-once-para-desarticular-organizaciones-de-manteros-y-venta-ilegal","status":"publish","type":"post","link":"https:\/\/vocesdelacomuna15.com.ar\/press\/la-ciudad-realizo-200-allanamientos-en-once-para-desarticular-organizaciones-de-manteros-y-venta-ilegal\/","title":{"rendered":"La Ciudad realiz\u00f3 200 allanamientos en Once para desarticular organizaciones de manteros y venta ilegal"},"content":{"rendered":"\n<p>&#8220;En Once se acab\u00f3 la joda&#8221;, afirm\u00f3 el jefe de Gobierno, Jorge Macri, quien tambi\u00e9n resalt\u00f3 el trabajo realizado por los oficiales de la Polic\u00eda de la Ciudad.<\/p>\n\n\n\n<p>Fuente: Buenosaires.gob.ar<\/p>\n\n\n\n<p>Con 600 oficiales afectados, y tras cinco meses de pesquisa, la Polic\u00eda de la Ciudad realiz\u00f3 un megaoperativo contra la venta ilegal en el circuito comercial de Once, con la realizaci\u00f3n de 200 allanamientos.<\/p>\n\n\n\n<p>\u201cEn Once se termin\u00f3 la joda. Le acabamos de dar un golpe dur\u00edsimo a la mafia que inundaba de suciedad y trabajo esclavo las calles de Once. Recuperar la libertad tambi\u00e9n es esto: hacer cumplir la ley. \u00a1Felicitaciones a los 600 Polic\u00edas de la Ciudad que pusieron el pecho!&#8221;, asegur\u00f3 el jefe de Gobierno, Jorge Macri.<\/p>\n\n\n\n<p>\u201cLos manteros no van a volver. Donde llegamos para establecer el orden, no nos vamos\u201d, enfatiz\u00f3 el ministro de Seguridad, Waldo Wolff, sobre el final de los operativos.<\/p>\n\n\n\n<p>Wolff explic\u00f3 que se trat\u00f3 de un trabajo conjunto con el fiscal Norberto Tropea, la Polic\u00eda de la Ciudad y el Ministerio de Espacio P\u00fablico \u201ccon casi 200 allanamientos en 23 parcelas tras una investigaci\u00f3n de cinco meses\u201d.<\/p>\n\n\n\n<p>Junto a Wolff siguieron el proceso el secretario de Seguridad, Diego Kravetz, el jefe de la Polic\u00eda de la Ciudad, Pablo Kisch, y el ministro de Espacio P\u00fablico,&nbsp; Ignacio Baistrocchi.<\/p>\n\n\n\n<p>Kravetz puntualiz\u00f3 que &#8220;hay organizaciones que regentean la venta ilegal y adem\u00e1s es una competencia que para el comerciante que paga todos los impuestos se hace imposible&#8221;.<\/p>\n\n\n\n<p>Los allanamientos estuvieron a cargo de la Divisi\u00f3n Investigaciones Especiales aunque por la magnitud del operativo intervinieron oficiales de distintas \u00e1reas, en una causa que llev\u00f3 adelante el fiscal Tropea, con la manda del Juzgado en lo Penal, Contravencional y de Faltas 26, del Dr. Nicol\u00e1s Repetto.<\/p>\n\n\n\n<p>Restaba a las autoridades hacer el conteo de la mercader\u00eda secuestrada en los diferentes allanamientos pero a comienzos de la ma\u00f1ana fueron contabilizados casi 200 bultos de mercader\u00eda ap\u00f3crifa.<\/p>\n\n\n\n<p>\u201cEn cuanto al espacio p\u00fablico lo hicimos en Parque Patricios, en Parque Centenario, en Retiro, en Constituci\u00f3n y ahora es el turno de Once y el mensaje de la l\u00ednea que baja el jefe de Gobierno, Jorge Macri, es que donde entramos a restablecer el orden no nos vamos\u201d, sostuvo Wolff. E insisti\u00f3: \u201cese despliegue fenomenal de manteros en el Once no va a volver y nos vamos a quedar: as\u00ed como est\u00e1n no se pueden quedar y lo vamos a hacer en cada uno de los barrios a medida que vayamos recuperando la capacidad de fuerza para estar\u201d.<\/p>\n\n\n\n<p>Asimismo, el ministro resalt\u00f3 que tambi\u00e9n la tarea es \u201cir por los grandes proveedores\u201d y augur\u00f3 novedades para dar con \u201clos grandes due\u00f1os de esto\u201d.<\/p>\n\n\n\n<p>Caracteres: 2599<\/p>\n<div class=\"pvc_clear\"><\/div><p id=\"pvc_stats_64171\" class=\"pvc_stats all  \" data-element-id=\"64171\" style=\"\"><i class=\"pvc-stats-icon small\" aria-hidden=\"true\"><svg aria-hidden=\"true\" focusable=\"false\" data-prefix=\"far\" data-icon=\"chart-bar\" role=\"img\" xmlns=\"http:\/\/www.w3.org\/2000\/svg\" viewBox=\"0 0 512 512\" class=\"svg-inline--fa fa-chart-bar fa-w-16 fa-2x\"><path fill=\"currentColor\" d=\"M396.8 352h22.4c6.4 0 12.8-6.4 12.8-12.8V108.8c0-6.4-6.4-12.8-12.8-12.8h-22.4c-6.4 0-12.8 6.4-12.8 12.8v230.4c0 6.4 6.4 12.8 12.8 12.8zm-192 0h22.4c6.4 0 12.8-6.4 12.8-12.8V140.8c0-6.4-6.4-12.8-12.8-12.8h-22.4c-6.4 0-12.8 6.4-12.8 12.8v198.4c0 6.4 6.4 12.8 12.8 12.8zm96 0h22.4c6.4 0 12.8-6.4 12.8-12.8V204.8c0-6.4-6.4-12.8-12.8-12.8h-22.4c-6.4 0-12.8 6.4-12.8 12.8v134.4c0 6.4 6.4 12.8 12.8 12.8zM496 400H48V80c0-8.84-7.16-16-16-16H16C7.16 64 0 71.16 0 80v336c0 17.67 14.33 32 32 32h464c8.84 0 16-7.16 16-16v-16c0-8.84-7.16-16-16-16zm-387.2-48h22.4c6.4 0 12.8-6.4 12.8-12.8v-70.4c0-6.4-6.4-12.8-12.8-12.8h-22.4c-6.4 0-12.8 6.4-12.8 12.8v70.4c0 6.4 6.4 12.8 12.8 12.8z\" class=\"\"><\/path><\/svg><\/i> <img loading=\"lazy\" decoding=\"async\" width=\"16\" height=\"16\" alt=\"Loading\" src=\"https:\/\/vocesdelacomuna15.com.ar\/wp-content\/plugins\/page-views-count\/ajax-loader-2x.gif\" border=0 \/><\/p><div class=\"pvc_clear\"><\/div>","protected":false},"excerpt":{"rendered":"<p>&#8220;En Once se acab\u00f3 la joda&#8221;, afirm\u00f3 el jefe de Gobierno, Jorge Macri, quien tambi\u00e9n resalt\u00f3 el trabajo realizado por los oficiales de la Polic\u00eda de la Ciudad. Fuente: Buenosaires.gob.ar Con 600 oficiales afectados, y tras cinco meses de pesquisa, la Polic\u00eda de la Ciudad realiz\u00f3 un megaoperativo contra la venta ilegal en el circuito [&hellip;]<\/p>\n<div class=\"pvc_clear\"><\/div>\n<p id=\"pvc_stats_64171\" class=\"pvc_stats all  \" data-element-id=\"64171\" style=\"\"><i class=\"pvc-stats-icon small\" aria-hidden=\"true\"><svg aria-hidden=\"true\" focusable=\"false\" data-prefix=\"far\" data-icon=\"chart-bar\" role=\"img\" xmlns=\"http:\/\/www.w3.org\/2000\/svg\" viewBox=\"0 0 512 512\" class=\"svg-inline--fa fa-chart-bar fa-w-16 fa-2x\"><path fill=\"currentColor\" d=\"M396.8 352h22.4c6.4 0 12.8-6.4 12.8-12.8V108.8c0-6.4-6.4-12.8-12.8-12.8h-22.4c-6.4 0-12.8 6.4-12.8 12.8v230.4c0 6.4 6.4 12.8 12.8 12.8zm-192 0h22.4c6.4 0 12.8-6.4 12.8-12.8V140.8c0-6.4-6.4-12.8-12.8-12.8h-22.4c-6.4 0-12.8 6.4-12.8 12.8v198.4c0 6.4 6.4 12.8 12.8 12.8zm96 0h22.4c6.4 0 12.8-6.4 12.8-12.8V204.8c0-6.4-6.4-12.8-12.8-12.8h-22.4c-6.4 0-12.8 6.4-12.8 12.8v134.4c0 6.4 6.4 12.8 12.8 12.8zM496 400H48V80c0-8.84-7.16-16-16-16H16C7.16 64 0 71.16 0 80v336c0 17.67 14.33 32 32 32h464c8.84 0 16-7.16 16-16v-16c0-8.84-7.16-16-16-16zm-387.2-48h22.4c6.4 0 12.8-6.4 12.8-12.8v-70.4c0-6.4-6.4-12.8-12.8-12.8h-22.4c-6.4 0-12.8 6.4-12.8 12.8v70.4c0 6.4 6.4 12.8 12.8 12.8z\" class=\"\"><\/path><\/svg><\/i> <img loading=\"lazy\" decoding=\"async\" width=\"16\" height=\"16\" alt=\"Loading\" src=\"https:\/\/vocesdelacomuna15.com.ar\/wp-content\/plugins\/page-views-count\/ajax-loader-2x.gif\" border=0 \/><\/p>\n<div class=\"pvc_clear\"><\/div>\n","protected":false},"author":2,"featured_media":64172,"comment_status":"open","ping_status":"open","sticky":false,"template":"","format":"standard","meta":{"_et_pb_use_builder":"off","_et_pb_old_content":"","_et_gb_content_width":"","footnotes":""},"categories":[26],"tags":[],"class_list":["post-64171","post","type-post","status-publish","format-standard","has-post-thumbnail","hentry","category-ciudad","et-has-post-format-content","et_post_format-et-post-format-standard"],"a3_pvc":{"activated":true,"total_views":20,"today_views":0},"yoast_head":"<!-- This site is optimized with the Yoast SEO plugin v27.5 - https:\/\/yoast.com\/product\/yoast-seo-wordpress\/ -->\n<title>La Ciudad realiz\u00f3 200 allanamientos en Once para desarticular organizaciones de manteros y venta ilegal - Voces de la Comuna 15<\/title>\n<meta name=\"description\" content=\"Voces de la Comuna 15\" \/>\n<meta name=\"robots\" content=\"index, follow, max-snippet:-1, max-image-preview:large, max-video-preview:-1\" \/>\n<link rel=\"canonical\" href=\"https:\/\/vocesdelacomuna15.com.ar\/press\/la-ciudad-realizo-200-allanamientos-en-once-para-desarticular-organizaciones-de-manteros-y-venta-ilegal\/\" \/>\n<meta property=\"og:locale\" content=\"es_ES\" \/>\n<meta property=\"og:type\" content=\"article\" \/>\n<meta property=\"og:title\" content=\"La Ciudad realiz\u00f3 200 allanamientos en Once para desarticular organizaciones de manteros y venta ilegal - Voces de la Comuna 15\" \/>\n<meta property=\"og:description\" content=\"Voces de la Comuna 15\" \/>\n<meta property=\"og:url\" content=\"https:\/\/vocesdelacomuna15.com.ar\/press\/la-ciudad-realizo-200-allanamientos-en-once-para-desarticular-organizaciones-de-manteros-y-venta-ilegal\/\" \/>\n<meta property=\"og:site_name\" content=\"Voces de la Comuna 15\" \/>\n<meta property=\"article:publisher\" content=\"https:\/\/www.facebook.com\/VocesComuna15\/\" \/>\n<meta property=\"article:published_time\" content=\"2024-10-07T11:32:40+00:00\" \/>\n<meta property=\"article:modified_time\" content=\"2024-10-07T11:33:18+00:00\" \/>\n<meta property=\"og:image\" content=\"https:\/\/vocesdelacomuna15.com.ar\/wp-content\/uploads\/2024\/10\/WhatsApp-Image-2024-10-04-at-11.15.44-AM.jpeg\" \/>\n\t<meta property=\"og:image:width\" content=\"1503\" \/>\n\t<meta property=\"og:image:height\" content=\"938\" \/>\n\t<meta property=\"og:image:type\" content=\"image\/jpeg\" \/>\n<meta name=\"author\" content=\"Federico Arguto\" \/>\n<meta name=\"twitter:card\" content=\"summary_large_image\" \/>\n<meta name=\"twitter:creator\" content=\"@vocescomuna15\" \/>\n<meta name=\"twitter:site\" content=\"@vocescomuna15\" \/>\n<meta name=\"twitter:label1\" content=\"Escrito por\" \/>\n\t<meta name=\"twitter:data1\" content=\"Federico Arguto\" \/>\n\t<meta name=\"twitter:label2\" content=\"Tiempo de lectura\" \/>\n\t<meta name=\"twitter:data2\" content=\"2 minutos\" \/>\n<script type=\"application\/ld+json\" class=\"yoast-schema-graph\">{\"@context\":\"https:\\\/\\\/schema.org\",\"@graph\":[{\"@type\":\"Article\",\"@id\":\"https:\\\/\\\/vocesdelacomuna15.com.ar\\\/press\\\/la-ciudad-realizo-200-allanamientos-en-once-para-desarticular-organizaciones-de-manteros-y-venta-ilegal\\\/#article\",\"isPartOf\":{\"@id\":\"https:\\\/\\\/vocesdelacomuna15.com.ar\\\/press\\\/la-ciudad-realizo-200-allanamientos-en-once-para-desarticular-organizaciones-de-manteros-y-venta-ilegal\\\/\"},\"author\":{\"name\":\"Federico Arguto\",\"@id\":\"https:\\\/\\\/vocesdelacomuna15.com.ar\\\/press\\\/#\\\/schema\\\/person\\\/4739e109db25d799cd3d139eeb509e43\"},\"headline\":\"La Ciudad realiz\u00f3 200 allanamientos en Once para desarticular organizaciones de manteros y venta ilegal\",\"datePublished\":\"2024-10-07T11:32:40+00:00\",\"dateModified\":\"2024-10-07T11:33:18+00:00\",\"mainEntityOfPage\":{\"@id\":\"https:\\\/\\\/vocesdelacomuna15.com.ar\\\/press\\\/la-ciudad-realizo-200-allanamientos-en-once-para-desarticular-organizaciones-de-manteros-y-venta-ilegal\\\/\"},\"wordCount\":479,\"commentCount\":0,\"publisher\":{\"@id\":\"https:\\\/\\\/vocesdelacomuna15.com.ar\\\/press\\\/#organization\"},\"image\":{\"@id\":\"https:\\\/\\\/vocesdelacomuna15.com.ar\\\/press\\\/la-ciudad-realizo-200-allanamientos-en-once-para-desarticular-organizaciones-de-manteros-y-venta-ilegal\\\/#primaryimage\"},\"thumbnailUrl\":\"https:\\\/\\\/vocesdelacomuna15.com.ar\\\/wp-content\\\/uploads\\\/2024\\\/10\\\/WhatsApp-Image-2024-10-04-at-11.15.44-AM.jpeg\",\"articleSection\":[\"Ciudad\"],\"inLanguage\":\"es-AR\",\"potentialAction\":[{\"@type\":\"CommentAction\",\"name\":\"Comment\",\"target\":[\"https:\\\/\\\/vocesdelacomuna15.com.ar\\\/press\\\/la-ciudad-realizo-200-allanamientos-en-once-para-desarticular-organizaciones-de-manteros-y-venta-ilegal\\\/#respond\"]}]},{\"@type\":\"WebPage\",\"@id\":\"https:\\\/\\\/vocesdelacomuna15.com.ar\\\/press\\\/la-ciudad-realizo-200-allanamientos-en-once-para-desarticular-organizaciones-de-manteros-y-venta-ilegal\\\/\",\"url\":\"https:\\\/\\\/vocesdelacomuna15.com.ar\\\/press\\\/la-ciudad-realizo-200-allanamientos-en-once-para-desarticular-organizaciones-de-manteros-y-venta-ilegal\\\/\",\"name\":\"La Ciudad realiz\u00f3 200 allanamientos en Once para desarticular organizaciones de manteros y venta ilegal - Voces de la Comuna 15\",\"isPartOf\":{\"@id\":\"https:\\\/\\\/vocesdelacomuna15.com.ar\\\/press\\\/#website\"},\"primaryImageOfPage\":{\"@id\":\"https:\\\/\\\/vocesdelacomuna15.com.ar\\\/press\\\/la-ciudad-realizo-200-allanamientos-en-once-para-desarticular-organizaciones-de-manteros-y-venta-ilegal\\\/#primaryimage\"},\"image\":{\"@id\":\"https:\\\/\\\/vocesdelacomuna15.com.ar\\\/press\\\/la-ciudad-realizo-200-allanamientos-en-once-para-desarticular-organizaciones-de-manteros-y-venta-ilegal\\\/#primaryimage\"},\"thumbnailUrl\":\"https:\\\/\\\/vocesdelacomuna15.com.ar\\\/wp-content\\\/uploads\\\/2024\\\/10\\\/WhatsApp-Image-2024-10-04-at-11.15.44-AM.jpeg\",\"datePublished\":\"2024-10-07T11:32:40+00:00\",\"dateModified\":\"2024-10-07T11:33:18+00:00\",\"description\":\"Voces de la Comuna 15\",\"breadcrumb\":{\"@id\":\"https:\\\/\\\/vocesdelacomuna15.com.ar\\\/press\\\/la-ciudad-realizo-200-allanamientos-en-once-para-desarticular-organizaciones-de-manteros-y-venta-ilegal\\\/#breadcrumb\"},\"inLanguage\":\"es-AR\",\"potentialAction\":[{\"@type\":\"ReadAction\",\"target\":[\"https:\\\/\\\/vocesdelacomuna15.com.ar\\\/press\\\/la-ciudad-realizo-200-allanamientos-en-once-para-desarticular-organizaciones-de-manteros-y-venta-ilegal\\\/\"]}]},{\"@type\":\"ImageObject\",\"inLanguage\":\"es-AR\",\"@id\":\"https:\\\/\\\/vocesdelacomuna15.com.ar\\\/press\\\/la-ciudad-realizo-200-allanamientos-en-once-para-desarticular-organizaciones-de-manteros-y-venta-ilegal\\\/#primaryimage\",\"url\":\"https:\\\/\\\/vocesdelacomuna15.com.ar\\\/wp-content\\\/uploads\\\/2024\\\/10\\\/WhatsApp-Image-2024-10-04-at-11.15.44-AM.jpeg\",\"contentUrl\":\"https:\\\/\\\/vocesdelacomuna15.com.ar\\\/wp-content\\\/uploads\\\/2024\\\/10\\\/WhatsApp-Image-2024-10-04-at-11.15.44-AM.jpeg\",\"width\":1503,\"height\":938},{\"@type\":\"BreadcrumbList\",\"@id\":\"https:\\\/\\\/vocesdelacomuna15.com.ar\\\/press\\\/la-ciudad-realizo-200-allanamientos-en-once-para-desarticular-organizaciones-de-manteros-y-venta-ilegal\\\/#breadcrumb\",\"itemListElement\":[{\"@type\":\"ListItem\",\"position\":1,\"name\":\"Inicio\",\"item\":\"https:\\\/\\\/vocesdelacomuna15.com.ar\\\/press\\\/\"},{\"@type\":\"ListItem\",\"position\":2,\"name\":\"La Ciudad realiz\u00f3 200 allanamientos en Once para desarticular organizaciones de manteros y venta ilegal\"}]},{\"@type\":\"WebSite\",\"@id\":\"https:\\\/\\\/vocesdelacomuna15.com.ar\\\/press\\\/#website\",\"url\":\"https:\\\/\\\/vocesdelacomuna15.com.ar\\\/press\\\/\",\"name\":\"Voces de la Comuna 15\",\"description\":\"Sitio web de noticias\",\"publisher\":{\"@id\":\"https:\\\/\\\/vocesdelacomuna15.com.ar\\\/press\\\/#organization\"},\"potentialAction\":[{\"@type\":\"SearchAction\",\"target\":{\"@type\":\"EntryPoint\",\"urlTemplate\":\"https:\\\/\\\/vocesdelacomuna15.com.ar\\\/press\\\/?s={search_term_string}\"},\"query-input\":{\"@type\":\"PropertyValueSpecification\",\"valueRequired\":true,\"valueName\":\"search_term_string\"}}],\"inLanguage\":\"es-AR\"},{\"@type\":\"Organization\",\"@id\":\"https:\\\/\\\/vocesdelacomuna15.com.ar\\\/press\\\/#organization\",\"name\":\"Voces de la Comuna 15\",\"url\":\"https:\\\/\\\/vocesdelacomuna15.com.ar\\\/press\\\/\",\"logo\":{\"@type\":\"ImageObject\",\"inLanguage\":\"es-AR\",\"@id\":\"https:\\\/\\\/vocesdelacomuna15.com.ar\\\/press\\\/#\\\/schema\\\/logo\\\/image\\\/\",\"url\":\"https:\\\/\\\/vocesdelacomuna15.com.ar\\\/wp-content\\\/uploads\\\/2024\\\/12\\\/cropped-logo_voces.jpg\",\"contentUrl\":\"https:\\\/\\\/vocesdelacomuna15.com.ar\\\/wp-content\\\/uploads\\\/2024\\\/12\\\/cropped-logo_voces.jpg\",\"width\":512,\"height\":512,\"caption\":\"Voces de la Comuna 15\"},\"image\":{\"@id\":\"https:\\\/\\\/vocesdelacomuna15.com.ar\\\/press\\\/#\\\/schema\\\/logo\\\/image\\\/\"},\"sameAs\":[\"https:\\\/\\\/www.facebook.com\\\/VocesComuna15\\\/\",\"https:\\\/\\\/x.com\\\/vocescomuna15\"]},{\"@type\":\"Person\",\"@id\":\"https:\\\/\\\/vocesdelacomuna15.com.ar\\\/press\\\/#\\\/schema\\\/person\\\/4739e109db25d799cd3d139eeb509e43\",\"name\":\"Federico Arguto\",\"image\":{\"@type\":\"ImageObject\",\"inLanguage\":\"es-AR\",\"@id\":\"https:\\\/\\\/vocesdelacomuna15.com.ar\\\/wp-content\\\/litespeed\\\/avatar\\\/82faf979976f1bae889b8b71f8a0a7e5.jpg?ver=1777419741\",\"url\":\"https:\\\/\\\/vocesdelacomuna15.com.ar\\\/wp-content\\\/litespeed\\\/avatar\\\/82faf979976f1bae889b8b71f8a0a7e5.jpg?ver=1777419741\",\"contentUrl\":\"https:\\\/\\\/vocesdelacomuna15.com.ar\\\/wp-content\\\/litespeed\\\/avatar\\\/82faf979976f1bae889b8b71f8a0a7e5.jpg?ver=1777419741\",\"caption\":\"Federico Arguto\"},\"url\":\"https:\\\/\\\/vocesdelacomuna15.com.ar\\\/press\\\/author\\\/fede\\\/\"}]}<\/script>\n<!-- \/ Yoast SEO plugin. -->","yoast_head_json":{"title":"La Ciudad realiz\u00f3 200 allanamientos en Once para desarticular organizaciones de manteros y venta ilegal - Voces de la Comuna 15","description":"Voces de la Comuna 15","robots":{"index":"index","follow":"follow","max-snippet":"max-snippet:-1","max-image-preview":"max-image-preview:large","max-video-preview":"max-video-preview:-1"},"canonical":"https:\/\/vocesdelacomuna15.com.ar\/press\/la-ciudad-realizo-200-allanamientos-en-once-para-desarticular-organizaciones-de-manteros-y-venta-ilegal\/","og_locale":"es_ES","og_type":"article","og_title":"La Ciudad realiz\u00f3 200 allanamientos en Once para desarticular organizaciones de manteros y venta ilegal - Voces de la Comuna 15","og_description":"Voces de la Comuna 15","og_url":"https:\/\/vocesdelacomuna15.com.ar\/press\/la-ciudad-realizo-200-allanamientos-en-once-para-desarticular-organizaciones-de-manteros-y-venta-ilegal\/","og_site_name":"Voces de la Comuna 15","article_publisher":"https:\/\/www.facebook.com\/VocesComuna15\/","article_published_time":"2024-10-07T11:32:40+00:00","article_modified_time":"2024-10-07T11:33:18+00:00","og_image":[{"width":1503,"height":938,"url":"https:\/\/vocesdelacomuna15.com.ar\/wp-content\/uploads\/2024\/10\/WhatsApp-Image-2024-10-04-at-11.15.44-AM.jpeg","type":"image\/jpeg"}],"author":"Federico Arguto","twitter_card":"summary_large_image","twitter_creator":"@vocescomuna15","twitter_site":"@vocescomuna15","twitter_misc":{"Escrito por":"Federico Arguto","Tiempo de lectura":"2 minutos"},"schema":{"@context":"https:\/\/schema.org","@graph":[{"@type":"Article","@id":"https:\/\/vocesdelacomuna15.com.ar\/press\/la-ciudad-realizo-200-allanamientos-en-once-para-desarticular-organizaciones-de-manteros-y-venta-ilegal\/#article","isPartOf":{"@id":"https:\/\/vocesdelacomuna15.com.ar\/press\/la-ciudad-realizo-200-allanamientos-en-once-para-desarticular-organizaciones-de-manteros-y-venta-ilegal\/"},"author":{"name":"Federico Arguto","@id":"https:\/\/vocesdelacomuna15.com.ar\/press\/#\/schema\/person\/4739e109db25d799cd3d139eeb509e43"},"headline":"La Ciudad realiz\u00f3 200 allanamientos en Once para desarticular organizaciones de manteros y venta ilegal","datePublished":"2024-10-07T11:32:40+00:00","dateModified":"2024-10-07T11:33:18+00:00","mainEntityOfPage":{"@id":"https:\/\/vocesdelacomuna15.com.ar\/press\/la-ciudad-realizo-200-allanamientos-en-once-para-desarticular-organizaciones-de-manteros-y-venta-ilegal\/"},"wordCount":479,"commentCount":0,"publisher":{"@id":"https:\/\/vocesdelacomuna15.com.ar\/press\/#organization"},"image":{"@id":"https:\/\/vocesdelacomuna15.com.ar\/press\/la-ciudad-realizo-200-allanamientos-en-once-para-desarticular-organizaciones-de-manteros-y-venta-ilegal\/#primaryimage"},"thumbnailUrl":"https:\/\/vocesdelacomuna15.com.ar\/wp-content\/uploads\/2024\/10\/WhatsApp-Image-2024-10-04-at-11.15.44-AM.jpeg","articleSection":["Ciudad"],"inLanguage":"es-AR","potentialAction":[{"@type":"CommentAction","name":"Comment","target":["https:\/\/vocesdelacomuna15.com.ar\/press\/la-ciudad-realizo-200-allanamientos-en-once-para-desarticular-organizaciones-de-manteros-y-venta-ilegal\/#respond"]}]},{"@type":"WebPage","@id":"https:\/\/vocesdelacomuna15.com.ar\/press\/la-ciudad-realizo-200-allanamientos-en-once-para-desarticular-organizaciones-de-manteros-y-venta-ilegal\/","url":"https:\/\/vocesdelacomuna15.com.ar\/press\/la-ciudad-realizo-200-allanamientos-en-once-para-desarticular-organizaciones-de-manteros-y-venta-ilegal\/","name":"La Ciudad realiz\u00f3 200 allanamientos en Once para desarticular organizaciones de manteros y venta ilegal - Voces de la Comuna 15","isPartOf":{"@id":"https:\/\/vocesdelacomuna15.com.ar\/press\/#website"},"primaryImageOfPage":{"@id":"https:\/\/vocesdelacomuna15.com.ar\/press\/la-ciudad-realizo-200-allanamientos-en-once-para-desarticular-organizaciones-de-manteros-y-venta-ilegal\/#primaryimage"},"image":{"@id":"https:\/\/vocesdelacomuna15.com.ar\/press\/la-ciudad-realizo-200-allanamientos-en-once-para-desarticular-organizaciones-de-manteros-y-venta-ilegal\/#primaryimage"},"thumbnailUrl":"https:\/\/vocesdelacomuna15.com.ar\/wp-content\/uploads\/2024\/10\/WhatsApp-Image-2024-10-04-at-11.15.44-AM.jpeg","datePublished":"2024-10-07T11:32:40+00:00","dateModified":"2024-10-07T11:33:18+00:00","description":"Voces de la Comuna 15","breadcrumb":{"@id":"https:\/\/vocesdelacomuna15.com.ar\/press\/la-ciudad-realizo-200-allanamientos-en-once-para-desarticular-organizaciones-de-manteros-y-venta-ilegal\/#breadcrumb"},"inLanguage":"es-AR","potentialAction":[{"@type":"ReadAction","target":["https:\/\/vocesdelacomuna15.com.ar\/press\/la-ciudad-realizo-200-allanamientos-en-once-para-desarticular-organizaciones-de-manteros-y-venta-ilegal\/"]}]},{"@type":"ImageObject","inLanguage":"es-AR","@id":"https:\/\/vocesdelacomuna15.com.ar\/press\/la-ciudad-realizo-200-allanamientos-en-once-para-desarticular-organizaciones-de-manteros-y-venta-ilegal\/#primaryimage","url":"https:\/\/vocesdelacomuna15.com.ar\/wp-content\/uploads\/2024\/10\/WhatsApp-Image-2024-10-04-at-11.15.44-AM.jpeg","contentUrl":"https:\/\/vocesdelacomuna15.com.ar\/wp-content\/uploads\/2024\/10\/WhatsApp-Image-2024-10-04-at-11.15.44-AM.jpeg","width":1503,"height":938},{"@type":"BreadcrumbList","@id":"https:\/\/vocesdelacomuna15.com.ar\/press\/la-ciudad-realizo-200-allanamientos-en-once-para-desarticular-organizaciones-de-manteros-y-venta-ilegal\/#breadcrumb","itemListElement":[{"@type":"ListItem","position":1,"name":"Inicio","item":"https:\/\/vocesdelacomuna15.com.ar\/press\/"},{"@type":"ListItem","position":2,"name":"La Ciudad realiz\u00f3 200 allanamientos en Once para desarticular organizaciones de manteros y venta ilegal"}]},{"@type":"WebSite","@id":"https:\/\/vocesdelacomuna15.com.ar\/press\/#website","url":"https:\/\/vocesdelacomuna15.com.ar\/press\/","name":"Voces de la Comuna 15","description":"Sitio web de noticias","publisher":{"@id":"https:\/\/vocesdelacomuna15.com.ar\/press\/#organization"},"potentialAction":[{"@type":"SearchAction","target":{"@type":"EntryPoint","urlTemplate":"https:\/\/vocesdelacomuna15.com.ar\/press\/?s={search_term_string}"},"query-input":{"@type":"PropertyValueSpecification","valueRequired":true,"valueName":"search_term_string"}}],"inLanguage":"es-AR"},{"@type":"Organization","@id":"https:\/\/vocesdelacomuna15.com.ar\/press\/#organization","name":"Voces de la Comuna 15","url":"https:\/\/vocesdelacomuna15.com.ar\/press\/","logo":{"@type":"ImageObject","inLanguage":"es-AR","@id":"https:\/\/vocesdelacomuna15.com.ar\/press\/#\/schema\/logo\/image\/","url":"https:\/\/vocesdelacomuna15.com.ar\/wp-content\/uploads\/2024\/12\/cropped-logo_voces.jpg","contentUrl":"https:\/\/vocesdelacomuna15.com.ar\/wp-content\/uploads\/2024\/12\/cropped-logo_voces.jpg","width":512,"height":512,"caption":"Voces de la Comuna 15"},"image":{"@id":"https:\/\/vocesdelacomuna15.com.ar\/press\/#\/schema\/logo\/image\/"},"sameAs":["https:\/\/www.facebook.com\/VocesComuna15\/","https:\/\/x.com\/vocescomuna15"]},{"@type":"Person","@id":"https:\/\/vocesdelacomuna15.com.ar\/press\/#\/schema\/person\/4739e109db25d799cd3d139eeb509e43","name":"Federico Arguto","image":{"@type":"ImageObject","inLanguage":"es-AR","@id":"https:\/\/vocesdelacomuna15.com.ar\/wp-content\/litespeed\/avatar\/82faf979976f1bae889b8b71f8a0a7e5.jpg?ver=1777419741","url":"https:\/\/vocesdelacomuna15.com.ar\/wp-content\/litespeed\/avatar\/82faf979976f1bae889b8b71f8a0a7e5.jpg?ver=1777419741","contentUrl":"https:\/\/vocesdelacomuna15.com.ar\/wp-content\/litespeed\/avatar\/82faf979976f1bae889b8b71f8a0a7e5.jpg?ver=1777419741","caption":"Federico Arguto"},"url":"https:\/\/vocesdelacomuna15.com.ar\/press\/author\/fede\/"}]}},"_links":{"self":[{"href":"https:\/\/vocesdelacomuna15.com.ar\/press\/wp-json\/wp\/v2\/posts\/64171","targetHints":{"allow":["GET"]}}],"collection":[{"href":"https:\/\/vocesdelacomuna15.com.ar\/press\/wp-json\/wp\/v2\/posts"}],"about":[{"href":"https:\/\/vocesdelacomuna15.com.ar\/press\/wp-json\/wp\/v2\/types\/post"}],"author":[{"embeddable":true,"href":"https:\/\/vocesdelacomuna15.com.ar\/press\/wp-json\/wp\/v2\/users\/2"}],"replies":[{"embeddable":true,"href":"https:\/\/vocesdelacomuna15.com.ar\/press\/wp-json\/wp\/v2\/comments?post=64171"}],"version-history":[{"count":2,"href":"https:\/\/vocesdelacomuna15.com.ar\/press\/wp-json\/wp\/v2\/posts\/64171\/revisions"}],"predecessor-version":[{"id":64174,"href":"https:\/\/vocesdelacomuna15.com.ar\/press\/wp-json\/wp\/v2\/posts\/64171\/revisions\/64174"}],"wp:featuredmedia":[{"embeddable":true,"href":"https:\/\/vocesdelacomuna15.com.ar\/press\/wp-json\/wp\/v2\/media\/64172"}],"wp:attachment":[{"href":"https:\/\/vocesdelacomuna15.com.ar\/press\/wp-json\/wp\/v2\/media?parent=64171"}],"wp:term":[{"taxonomy":"category","embeddable":true,"href":"https:\/\/vocesdelacomuna15.com.ar\/press\/wp-json\/wp\/v2\/categories?post=64171"},{"taxonomy":"post_tag","embeddable":true,"href":"https:\/\/vocesdelacomuna15.com.ar\/press\/wp-json\/wp\/v2\/tags?post=64171"}],"curies":[{"name":"wp","href":"https:\/\/api.w.org\/{rel}","templated":true}]}}