{"id":63855,"date":"2024-07-14T19:48:53","date_gmt":"2024-07-14T22:48:53","guid":{"rendered":"https:\/\/vocesdelacomuna15.com.ar\/?p=63855"},"modified":"2024-07-16T17:57:24","modified_gmt":"2024-07-16T20:57:24","slug":"teatro-para-las-infancias-en-vacaciones-de-invierno","status":"publish","type":"post","link":"https:\/\/vocesdelacomuna15.com.ar\/press\/teatro-para-las-infancias-en-vacaciones-de-invierno\/","title":{"rendered":"Teatro para las infancias en vacaciones de invierno"},"content":{"rendered":"\n<p>Por Manuel Germano (@ociopatas)<\/p>\n\n\n\n<p>Este lunes 15 comienzan las vacaciones de invierno en CABA y la escena local da cuenta de ello. Tanto en el circuito comercial como en el alternativo, las propuestas para las infancias se instalan como una opci\u00f3n para disfrutar con los m\u00e1s chicos. En esta nota les comparto cuatro obras tan distintas como recomendables.&nbsp;<\/p>\n\n\n\n<p><strong>\u201cSchool of rock\u201d, en el Gran Rex.&nbsp;<\/strong><\/p>\n\n\n\n<p>Si viste la famosa pel\u00edcula protagonizada por Jack Black ya sos un adulto, por ende, esta obra basada en el filme no solo te va a traer recuerdos, si no que te va a hacer rockear, divertir y emocionar. Para los m\u00e1s chicos (edad 8 en adelante es lo ideal) el mensaje es profundo: no renuncien a lo que desean, b\u00fasquenlo a pesar del que dir\u00e1n.&nbsp;<\/p>\n\n\n\n<p>M\u00e1s de 40.000 personas ya ovacionaron esta puesta dirigida por Ariel del Mastro que lleg\u00f3 a la Argentina de la mano de los productores de \u201cMatilda\u201d y los protag\u00f3nicos de Agustin \u201cSoy Rada\u201d Aristaran y \u00c1ngela Leiva (sublimes en sus personajes), acompa\u00f1ados de un gran elenco.&nbsp;<\/p>\n\n\n\n<p>Dewey (Rada) est\u00e1 perdido. Su banda lo alej\u00f3, su amigo lo banca en su casa pero la mujer lo presiona para que lo eche y hasta perdi\u00f3 su trabajo. Decide tomar una oportunidad \u00fanica, y bastante descabellada, en la cual guiar\u00e1 a un grupo de alumnos de un prestigioso colegio a trav\u00e9s del universo que \u00e9l conoce y ama incondicionalmente, la m\u00fasica.&nbsp;<\/p>\n\n\n\n<p>Con banda en vivo y cuadros musicales llenos de energ\u00eda en el cual el elenco infantojuvenil se saca chispas cantando, bailando y ejecutando instrumentos, \u201cSchool of rock\u201d es garant\u00eda de excelencia en calle Corrientes.&nbsp;<\/p>\n\n\n\n<p>Entradas por <a rel=\"noreferrer noopener\" href=\"http:\/\/tuentrada.com\/\" target=\"_blank\">http:\/\/tuentrada.com<\/a>&nbsp;<\/p>\n\n\n\n<figure class=\"wp-block-image size-full\"><img loading=\"lazy\" decoding=\"async\" width=\"910\" height=\"624\" src=\"https:\/\/vocesdelacomuna15.com.ar\/wp-content\/uploads\/2024\/07\/school-of-rock.png\" alt=\"\" class=\"wp-image-63856\" srcset=\"https:\/\/vocesdelacomuna15.com.ar\/wp-content\/uploads\/2024\/07\/school-of-rock.png 910w, https:\/\/vocesdelacomuna15.com.ar\/wp-content\/uploads\/2024\/07\/school-of-rock-300x206.png 300w, https:\/\/vocesdelacomuna15.com.ar\/wp-content\/uploads\/2024\/07\/school-of-rock-768x527.png 768w\" sizes=\"(max-width: 910px) 100vw, 910px\" \/><\/figure>\n\n\n\n<p><\/p>\n\n\n\n<p><strong>\u201cHab\u00eda otra vez\u201d, en el Astros.<\/strong><\/p>\n\n\n\n<p>De la serie \u201cCuentos en pijama\u201d, de Flor Suarez, con dramaturgia y direcci\u00f3n de Emiliano Dionisi (\u201cEl brote\u201d, \u201cSue\u00f1o\u201d, \u201cMoliendo a Moliere\u201d), se estren\u00f3 hace unas semanas \u201cHab\u00eda otra vez\u201d, protagonizada por Maida Andrenacci, una actriz a la que siempre da gusto ver sobre las tablas, acompa\u00f1ada por Fede Fedele y Caro Setton.<\/p>\n\n\n\n<p>En esta obra destinada, en primer lugar, para los m\u00e1s chiquitos, el universo m\u00e1gico, colorido, y siempre sorprendente de los cuentos cobra vida. La protagonista (Andrenacci) hila las aventuras que los tiernos personajes de las historias tienen para contarle, y de la cual ella tambi\u00e9n es parte.&nbsp;<\/p>\n\n\n\n<p>Los rubros t\u00e9cnicos ( la escenograf\u00eda, luces y el vestuario) es arm\u00f3nica y funcional a la puesta ), en la cual la cuarta pared se rompe para convocar al p\u00fablico a recorrer este relato muy bien pensado y ejecutado.&nbsp;<\/p>\n\n\n\n<p>Entradas en venta a trav\u00e9s de <a href=\"https:\/\/teatro-astros.com\/\" target=\"_blank\" rel=\"noreferrer noopener\">https:\/\/teatro-astros.com\/<\/a>\u00a0<\/p>\n\n\n\n<figure class=\"wp-block-image size-full\"><img loading=\"lazy\" decoding=\"async\" width=\"322\" height=\"185\" src=\"https:\/\/vocesdelacomuna15.com.ar\/wp-content\/uploads\/2024\/07\/habia.png\" alt=\"\" class=\"wp-image-63861\" srcset=\"https:\/\/vocesdelacomuna15.com.ar\/wp-content\/uploads\/2024\/07\/habia.png 322w, https:\/\/vocesdelacomuna15.com.ar\/wp-content\/uploads\/2024\/07\/habia-300x172.png 300w\" sizes=\"(max-width: 322px) 100vw, 322px\" \/><\/figure>\n\n\n\n<p><\/p>\n\n\n\n<p><strong>\u201cNadie duerma\u201d, en el Konex.&nbsp;<\/strong><\/p>\n\n\n\n<p>La sala de teatro del Konex suele programar interesantes propuestas para los m\u00e1s chicos en las vacaciones de invierno. Este a\u00f1o, y con muy pocas fechas ( quedan dos funciones el 17 y 24 de julio) se podr\u00e1 ver <strong>\u201cNadie duerma\u201d, <\/strong>un espect\u00e1culo hermoso de la compa\u00f1\u00eda Juventus Lyrica.&nbsp;<\/p>\n\n\n\n<p>En esta pieza la \u00f3pera y grandes composiciones musicales dialogan con una historia divertida que, a la vez, significa un gui\u00f1o con tono l\u00fadico y efectivo a las tem\u00e1ticas tr\u00e1gicas que la \u00f3pera representa. Un peluquero y un conde que se conocen en la parada del colectivo 106 se enfrascan en una aventura \u00fanica: rescatar a una princesa que aparentemente fue secuestrada por una bruja.<\/p>\n\n\n\n<p>Los cuadros musicales en los cuales el elenco interpreta canciones al tempo de reconocidas composiciones son impecables. \u00a1\u00a1\u00a1Que voces!!! Las notas ejecutadas con precisi\u00f3n genera aplausos espont\u00e1neos en varias escenas. El uso de paneles y sombras, el vestuario y la banda en vivo al costado del escenario elevan a\u00fan m\u00e1s el nivel de una obra s\u00faper recomendable para toda la familia.&nbsp;<\/p>\n\n\n\n<p>Entradas por <a rel=\"noreferrer noopener\" href=\"http:\/\/www.juventuslyrica.ar\/\" target=\"_blank\">www.juventuslyrica.ar<\/a>&nbsp;<\/p>\n\n\n\n<figure class=\"wp-block-image size-full\"><img loading=\"lazy\" decoding=\"async\" width=\"707\" height=\"516\" src=\"https:\/\/vocesdelacomuna15.com.ar\/wp-content\/uploads\/2024\/07\/nadie-duerma.png\" alt=\"\" class=\"wp-image-63857\" srcset=\"https:\/\/vocesdelacomuna15.com.ar\/wp-content\/uploads\/2024\/07\/nadie-duerma.png 707w, https:\/\/vocesdelacomuna15.com.ar\/wp-content\/uploads\/2024\/07\/nadie-duerma-300x219.png 300w\" sizes=\"(max-width: 707px) 100vw, 707px\" \/><\/figure>\n\n\n\n<p><\/p>\n\n\n\n<p>\u201c<strong>Derechos torcidos\u201d, en el Metropolitan.&nbsp;<\/strong><\/p>\n\n\n\n<p>Hace veinte a\u00f1os se creaba este espect\u00e1culo del maestro Hugo Midon, con canciones y m\u00fasica de Carlos Gianni. En estas vacaciones de invierno es una imperdible opci\u00f3n para adultos (que quiz\u00e1s vieron la puesta tiempo atr\u00e1s, en 2005 el \u201cPocho\u201d de Osqui Guzm\u00e1n fue memorable), y tambi\u00e9n para los m\u00e1s chicos.&nbsp;<\/p>\n\n\n\n<p>Pocho (Joaqu\u00edn Catareinau) es el responsable de un grupo de ni\u00f1os y adolescentes (dos elencos rotativos de j\u00f3venes actores). Es quien los cuida y hace sentir como en casa. Su tutor, su hermano mayor, su padre. Ellos van a la escuela, estudian, se relacionan con los dem\u00e1s chicos como si fueran hermanos. La puesta tiene como eje central un tema que no reconoce \u00e9pocas, por eso cada reposici\u00f3n es valiosa: los derechos de ni\u00f1os, ni\u00f1as y adolescentes. A estudiar, a tener una familia, a sentirse parte de un grupo social, a no pensar que se es menos por tener poco. Tremendo mensaje para los m\u00e1s chicos y recordatorio para los adultos.&nbsp;<\/p>\n\n\n\n<p>Un imperdible de calle Corrientes.<\/p>\n\n\n\n<p>Entradas por Plateanet o en la boleter\u00eda del teatro.&nbsp;<\/p>\n\n\n\n<figure class=\"wp-block-image size-full\"><img loading=\"lazy\" decoding=\"async\" width=\"818\" height=\"616\" src=\"https:\/\/vocesdelacomuna15.com.ar\/wp-content\/uploads\/2024\/07\/derechos-torcidos.png\" alt=\"\" class=\"wp-image-63858\" srcset=\"https:\/\/vocesdelacomuna15.com.ar\/wp-content\/uploads\/2024\/07\/derechos-torcidos.png 818w, https:\/\/vocesdelacomuna15.com.ar\/wp-content\/uploads\/2024\/07\/derechos-torcidos-300x226.png 300w, https:\/\/vocesdelacomuna15.com.ar\/wp-content\/uploads\/2024\/07\/derechos-torcidos-768x578.png 768w\" sizes=\"(max-width: 818px) 100vw, 818px\" \/><\/figure>\n<div class=\"pvc_clear\"><\/div><p id=\"pvc_stats_63855\" class=\"pvc_stats all  \" data-element-id=\"63855\" style=\"\"><i class=\"pvc-stats-icon small\" aria-hidden=\"true\"><svg aria-hidden=\"true\" focusable=\"false\" data-prefix=\"far\" data-icon=\"chart-bar\" role=\"img\" xmlns=\"http:\/\/www.w3.org\/2000\/svg\" viewBox=\"0 0 512 512\" class=\"svg-inline--fa fa-chart-bar fa-w-16 fa-2x\"><path fill=\"currentColor\" d=\"M396.8 352h22.4c6.4 0 12.8-6.4 12.8-12.8V108.8c0-6.4-6.4-12.8-12.8-12.8h-22.4c-6.4 0-12.8 6.4-12.8 12.8v230.4c0 6.4 6.4 12.8 12.8 12.8zm-192 0h22.4c6.4 0 12.8-6.4 12.8-12.8V140.8c0-6.4-6.4-12.8-12.8-12.8h-22.4c-6.4 0-12.8 6.4-12.8 12.8v198.4c0 6.4 6.4 12.8 12.8 12.8zm96 0h22.4c6.4 0 12.8-6.4 12.8-12.8V204.8c0-6.4-6.4-12.8-12.8-12.8h-22.4c-6.4 0-12.8 6.4-12.8 12.8v134.4c0 6.4 6.4 12.8 12.8 12.8zM496 400H48V80c0-8.84-7.16-16-16-16H16C7.16 64 0 71.16 0 80v336c0 17.67 14.33 32 32 32h464c8.84 0 16-7.16 16-16v-16c0-8.84-7.16-16-16-16zm-387.2-48h22.4c6.4 0 12.8-6.4 12.8-12.8v-70.4c0-6.4-6.4-12.8-12.8-12.8h-22.4c-6.4 0-12.8 6.4-12.8 12.8v70.4c0 6.4 6.4 12.8 12.8 12.8z\" class=\"\"><\/path><\/svg><\/i> <img loading=\"lazy\" decoding=\"async\" width=\"16\" height=\"16\" alt=\"Loading\" src=\"https:\/\/vocesdelacomuna15.com.ar\/wp-content\/plugins\/page-views-count\/ajax-loader-2x.gif\" border=0 \/><\/p><div class=\"pvc_clear\"><\/div>","protected":false},"excerpt":{"rendered":"<p>Por Manuel Germano (@ociopatas) Este lunes 15 comienzan las vacaciones de invierno en CABA y la escena local da cuenta de ello. Tanto en el circuito comercial como en el alternativo, las propuestas para las infancias se instalan como una opci\u00f3n para disfrutar con los m\u00e1s chicos. En esta nota les comparto cuatro obras tan [&hellip;]<\/p>\n<div class=\"pvc_clear\"><\/div>\n<p id=\"pvc_stats_63855\" class=\"pvc_stats all  \" data-element-id=\"63855\" style=\"\"><i class=\"pvc-stats-icon small\" aria-hidden=\"true\"><svg aria-hidden=\"true\" focusable=\"false\" data-prefix=\"far\" data-icon=\"chart-bar\" role=\"img\" xmlns=\"http:\/\/www.w3.org\/2000\/svg\" viewBox=\"0 0 512 512\" class=\"svg-inline--fa fa-chart-bar fa-w-16 fa-2x\"><path fill=\"currentColor\" d=\"M396.8 352h22.4c6.4 0 12.8-6.4 12.8-12.8V108.8c0-6.4-6.4-12.8-12.8-12.8h-22.4c-6.4 0-12.8 6.4-12.8 12.8v230.4c0 6.4 6.4 12.8 12.8 12.8zm-192 0h22.4c6.4 0 12.8-6.4 12.8-12.8V140.8c0-6.4-6.4-12.8-12.8-12.8h-22.4c-6.4 0-12.8 6.4-12.8 12.8v198.4c0 6.4 6.4 12.8 12.8 12.8zm96 0h22.4c6.4 0 12.8-6.4 12.8-12.8V204.8c0-6.4-6.4-12.8-12.8-12.8h-22.4c-6.4 0-12.8 6.4-12.8 12.8v134.4c0 6.4 6.4 12.8 12.8 12.8zM496 400H48V80c0-8.84-7.16-16-16-16H16C7.16 64 0 71.16 0 80v336c0 17.67 14.33 32 32 32h464c8.84 0 16-7.16 16-16v-16c0-8.84-7.16-16-16-16zm-387.2-48h22.4c6.4 0 12.8-6.4 12.8-12.8v-70.4c0-6.4-6.4-12.8-12.8-12.8h-22.4c-6.4 0-12.8 6.4-12.8 12.8v70.4c0 6.4 6.4 12.8 12.8 12.8z\" class=\"\"><\/path><\/svg><\/i> <img loading=\"lazy\" decoding=\"async\" width=\"16\" height=\"16\" alt=\"Loading\" src=\"https:\/\/vocesdelacomuna15.com.ar\/wp-content\/plugins\/page-views-count\/ajax-loader-2x.gif\" border=0 \/><\/p>\n<div class=\"pvc_clear\"><\/div>\n","protected":false},"author":2,"featured_media":63859,"comment_status":"open","ping_status":"open","sticky":false,"template":"","format":"standard","meta":{"_et_pb_use_builder":"off","_et_pb_old_content":"","_et_gb_content_width":"","footnotes":""},"categories":[37],"tags":[],"class_list":["post-63855","post","type-post","status-publish","format-standard","has-post-thumbnail","hentry","category-teatro","et-has-post-format-content","et_post_format-et-post-format-standard"],"a3_pvc":{"activated":true,"total_views":109,"today_views":0},"yoast_head":"<!-- This site is optimized with the Yoast SEO plugin v27.5 - https:\/\/yoast.com\/product\/yoast-seo-wordpress\/ -->\n<title>Teatro para las infancias en vacaciones de invierno - Voces de la Comuna 15<\/title>\n<meta name=\"description\" content=\"Voces de la Comuna 15\" \/>\n<meta name=\"robots\" content=\"index, follow, max-snippet:-1, max-image-preview:large, max-video-preview:-1\" \/>\n<link rel=\"canonical\" href=\"https:\/\/vocesdelacomuna15.com.ar\/press\/teatro-para-las-infancias-en-vacaciones-de-invierno\/\" \/>\n<meta property=\"og:locale\" content=\"es_ES\" \/>\n<meta property=\"og:type\" content=\"article\" \/>\n<meta property=\"og:title\" content=\"Teatro para las infancias en vacaciones de invierno - Voces de la Comuna 15\" \/>\n<meta property=\"og:description\" content=\"Voces de la Comuna 15\" \/>\n<meta property=\"og:url\" content=\"https:\/\/vocesdelacomuna15.com.ar\/press\/teatro-para-las-infancias-en-vacaciones-de-invierno\/\" \/>\n<meta property=\"og:site_name\" content=\"Voces de la Comuna 15\" \/>\n<meta property=\"article:publisher\" content=\"https:\/\/www.facebook.com\/VocesComuna15\/\" \/>\n<meta property=\"article:published_time\" content=\"2024-07-14T22:48:53+00:00\" \/>\n<meta property=\"article:modified_time\" content=\"2024-07-16T20:57:24+00:00\" \/>\n<meta property=\"og:image\" content=\"https:\/\/vocesdelacomuna15.com.ar\/wp-content\/uploads\/2024\/07\/school-of-rock-1.png\" \/>\n\t<meta property=\"og:image:width\" content=\"910\" \/>\n\t<meta property=\"og:image:height\" content=\"624\" \/>\n\t<meta property=\"og:image:type\" content=\"image\/png\" \/>\n<meta name=\"author\" content=\"Federico Arguto\" \/>\n<meta name=\"twitter:card\" content=\"summary_large_image\" \/>\n<meta name=\"twitter:creator\" content=\"@vocescomuna15\" \/>\n<meta name=\"twitter:site\" content=\"@vocescomuna15\" \/>\n<meta name=\"twitter:label1\" content=\"Escrito por\" \/>\n\t<meta name=\"twitter:data1\" content=\"Federico Arguto\" \/>\n\t<meta name=\"twitter:label2\" content=\"Tiempo de lectura\" \/>\n\t<meta name=\"twitter:data2\" content=\"4 minutos\" \/>\n<script type=\"application\/ld+json\" class=\"yoast-schema-graph\">{\"@context\":\"https:\\\/\\\/schema.org\",\"@graph\":[{\"@type\":\"Article\",\"@id\":\"https:\\\/\\\/vocesdelacomuna15.com.ar\\\/press\\\/teatro-para-las-infancias-en-vacaciones-de-invierno\\\/#article\",\"isPartOf\":{\"@id\":\"https:\\\/\\\/vocesdelacomuna15.com.ar\\\/press\\\/teatro-para-las-infancias-en-vacaciones-de-invierno\\\/\"},\"author\":{\"name\":\"Federico Arguto\",\"@id\":\"https:\\\/\\\/vocesdelacomuna15.com.ar\\\/press\\\/#\\\/schema\\\/person\\\/4739e109db25d799cd3d139eeb509e43\"},\"headline\":\"Teatro para las infancias en vacaciones de invierno\",\"datePublished\":\"2024-07-14T22:48:53+00:00\",\"dateModified\":\"2024-07-16T20:57:24+00:00\",\"mainEntityOfPage\":{\"@id\":\"https:\\\/\\\/vocesdelacomuna15.com.ar\\\/press\\\/teatro-para-las-infancias-en-vacaciones-de-invierno\\\/\"},\"wordCount\":870,\"commentCount\":0,\"publisher\":{\"@id\":\"https:\\\/\\\/vocesdelacomuna15.com.ar\\\/press\\\/#organization\"},\"image\":{\"@id\":\"https:\\\/\\\/vocesdelacomuna15.com.ar\\\/press\\\/teatro-para-las-infancias-en-vacaciones-de-invierno\\\/#primaryimage\"},\"thumbnailUrl\":\"https:\\\/\\\/vocesdelacomuna15.com.ar\\\/wp-content\\\/uploads\\\/2024\\\/07\\\/school-of-rock-1.png\",\"articleSection\":[\"Teatro\"],\"inLanguage\":\"es-AR\",\"potentialAction\":[{\"@type\":\"CommentAction\",\"name\":\"Comment\",\"target\":[\"https:\\\/\\\/vocesdelacomuna15.com.ar\\\/press\\\/teatro-para-las-infancias-en-vacaciones-de-invierno\\\/#respond\"]}]},{\"@type\":\"WebPage\",\"@id\":\"https:\\\/\\\/vocesdelacomuna15.com.ar\\\/press\\\/teatro-para-las-infancias-en-vacaciones-de-invierno\\\/\",\"url\":\"https:\\\/\\\/vocesdelacomuna15.com.ar\\\/press\\\/teatro-para-las-infancias-en-vacaciones-de-invierno\\\/\",\"name\":\"Teatro para las infancias en vacaciones de invierno - Voces de la Comuna 15\",\"isPartOf\":{\"@id\":\"https:\\\/\\\/vocesdelacomuna15.com.ar\\\/press\\\/#website\"},\"primaryImageOfPage\":{\"@id\":\"https:\\\/\\\/vocesdelacomuna15.com.ar\\\/press\\\/teatro-para-las-infancias-en-vacaciones-de-invierno\\\/#primaryimage\"},\"image\":{\"@id\":\"https:\\\/\\\/vocesdelacomuna15.com.ar\\\/press\\\/teatro-para-las-infancias-en-vacaciones-de-invierno\\\/#primaryimage\"},\"thumbnailUrl\":\"https:\\\/\\\/vocesdelacomuna15.com.ar\\\/wp-content\\\/uploads\\\/2024\\\/07\\\/school-of-rock-1.png\",\"datePublished\":\"2024-07-14T22:48:53+00:00\",\"dateModified\":\"2024-07-16T20:57:24+00:00\",\"description\":\"Voces de la Comuna 15\",\"breadcrumb\":{\"@id\":\"https:\\\/\\\/vocesdelacomuna15.com.ar\\\/press\\\/teatro-para-las-infancias-en-vacaciones-de-invierno\\\/#breadcrumb\"},\"inLanguage\":\"es-AR\",\"potentialAction\":[{\"@type\":\"ReadAction\",\"target\":[\"https:\\\/\\\/vocesdelacomuna15.com.ar\\\/press\\\/teatro-para-las-infancias-en-vacaciones-de-invierno\\\/\"]}]},{\"@type\":\"ImageObject\",\"inLanguage\":\"es-AR\",\"@id\":\"https:\\\/\\\/vocesdelacomuna15.com.ar\\\/press\\\/teatro-para-las-infancias-en-vacaciones-de-invierno\\\/#primaryimage\",\"url\":\"https:\\\/\\\/vocesdelacomuna15.com.ar\\\/wp-content\\\/uploads\\\/2024\\\/07\\\/school-of-rock-1.png\",\"contentUrl\":\"https:\\\/\\\/vocesdelacomuna15.com.ar\\\/wp-content\\\/uploads\\\/2024\\\/07\\\/school-of-rock-1.png\",\"width\":910,\"height\":624},{\"@type\":\"BreadcrumbList\",\"@id\":\"https:\\\/\\\/vocesdelacomuna15.com.ar\\\/press\\\/teatro-para-las-infancias-en-vacaciones-de-invierno\\\/#breadcrumb\",\"itemListElement\":[{\"@type\":\"ListItem\",\"position\":1,\"name\":\"Inicio\",\"item\":\"https:\\\/\\\/vocesdelacomuna15.com.ar\\\/press\\\/\"},{\"@type\":\"ListItem\",\"position\":2,\"name\":\"Teatro para las infancias en vacaciones de invierno\"}]},{\"@type\":\"WebSite\",\"@id\":\"https:\\\/\\\/vocesdelacomuna15.com.ar\\\/press\\\/#website\",\"url\":\"https:\\\/\\\/vocesdelacomuna15.com.ar\\\/press\\\/\",\"name\":\"Voces de la Comuna 15\",\"description\":\"Sitio web de noticias\",\"publisher\":{\"@id\":\"https:\\\/\\\/vocesdelacomuna15.com.ar\\\/press\\\/#organization\"},\"potentialAction\":[{\"@type\":\"SearchAction\",\"target\":{\"@type\":\"EntryPoint\",\"urlTemplate\":\"https:\\\/\\\/vocesdelacomuna15.com.ar\\\/press\\\/?s={search_term_string}\"},\"query-input\":{\"@type\":\"PropertyValueSpecification\",\"valueRequired\":true,\"valueName\":\"search_term_string\"}}],\"inLanguage\":\"es-AR\"},{\"@type\":\"Organization\",\"@id\":\"https:\\\/\\\/vocesdelacomuna15.com.ar\\\/press\\\/#organization\",\"name\":\"Voces de la Comuna 15\",\"url\":\"https:\\\/\\\/vocesdelacomuna15.com.ar\\\/press\\\/\",\"logo\":{\"@type\":\"ImageObject\",\"inLanguage\":\"es-AR\",\"@id\":\"https:\\\/\\\/vocesdelacomuna15.com.ar\\\/press\\\/#\\\/schema\\\/logo\\\/image\\\/\",\"url\":\"https:\\\/\\\/vocesdelacomuna15.com.ar\\\/wp-content\\\/uploads\\\/2024\\\/12\\\/cropped-logo_voces.jpg\",\"contentUrl\":\"https:\\\/\\\/vocesdelacomuna15.com.ar\\\/wp-content\\\/uploads\\\/2024\\\/12\\\/cropped-logo_voces.jpg\",\"width\":512,\"height\":512,\"caption\":\"Voces de la Comuna 15\"},\"image\":{\"@id\":\"https:\\\/\\\/vocesdelacomuna15.com.ar\\\/press\\\/#\\\/schema\\\/logo\\\/image\\\/\"},\"sameAs\":[\"https:\\\/\\\/www.facebook.com\\\/VocesComuna15\\\/\",\"https:\\\/\\\/x.com\\\/vocescomuna15\"]},{\"@type\":\"Person\",\"@id\":\"https:\\\/\\\/vocesdelacomuna15.com.ar\\\/press\\\/#\\\/schema\\\/person\\\/4739e109db25d799cd3d139eeb509e43\",\"name\":\"Federico Arguto\",\"image\":{\"@type\":\"ImageObject\",\"inLanguage\":\"es-AR\",\"@id\":\"https:\\\/\\\/vocesdelacomuna15.com.ar\\\/wp-content\\\/litespeed\\\/avatar\\\/82faf979976f1bae889b8b71f8a0a7e5.jpg?ver=1777419741\",\"url\":\"https:\\\/\\\/vocesdelacomuna15.com.ar\\\/wp-content\\\/litespeed\\\/avatar\\\/82faf979976f1bae889b8b71f8a0a7e5.jpg?ver=1777419741\",\"contentUrl\":\"https:\\\/\\\/vocesdelacomuna15.com.ar\\\/wp-content\\\/litespeed\\\/avatar\\\/82faf979976f1bae889b8b71f8a0a7e5.jpg?ver=1777419741\",\"caption\":\"Federico Arguto\"},\"url\":\"https:\\\/\\\/vocesdelacomuna15.com.ar\\\/press\\\/author\\\/fede\\\/\"}]}<\/script>\n<!-- \/ Yoast SEO plugin. -->","yoast_head_json":{"title":"Teatro para las infancias en vacaciones de invierno - Voces de la Comuna 15","description":"Voces de la Comuna 15","robots":{"index":"index","follow":"follow","max-snippet":"max-snippet:-1","max-image-preview":"max-image-preview:large","max-video-preview":"max-video-preview:-1"},"canonical":"https:\/\/vocesdelacomuna15.com.ar\/press\/teatro-para-las-infancias-en-vacaciones-de-invierno\/","og_locale":"es_ES","og_type":"article","og_title":"Teatro para las infancias en vacaciones de invierno - Voces de la Comuna 15","og_description":"Voces de la Comuna 15","og_url":"https:\/\/vocesdelacomuna15.com.ar\/press\/teatro-para-las-infancias-en-vacaciones-de-invierno\/","og_site_name":"Voces de la Comuna 15","article_publisher":"https:\/\/www.facebook.com\/VocesComuna15\/","article_published_time":"2024-07-14T22:48:53+00:00","article_modified_time":"2024-07-16T20:57:24+00:00","og_image":[{"width":910,"height":624,"url":"https:\/\/vocesdelacomuna15.com.ar\/wp-content\/uploads\/2024\/07\/school-of-rock-1.png","type":"image\/png"}],"author":"Federico Arguto","twitter_card":"summary_large_image","twitter_creator":"@vocescomuna15","twitter_site":"@vocescomuna15","twitter_misc":{"Escrito por":"Federico Arguto","Tiempo de lectura":"4 minutos"},"schema":{"@context":"https:\/\/schema.org","@graph":[{"@type":"Article","@id":"https:\/\/vocesdelacomuna15.com.ar\/press\/teatro-para-las-infancias-en-vacaciones-de-invierno\/#article","isPartOf":{"@id":"https:\/\/vocesdelacomuna15.com.ar\/press\/teatro-para-las-infancias-en-vacaciones-de-invierno\/"},"author":{"name":"Federico Arguto","@id":"https:\/\/vocesdelacomuna15.com.ar\/press\/#\/schema\/person\/4739e109db25d799cd3d139eeb509e43"},"headline":"Teatro para las infancias en vacaciones de invierno","datePublished":"2024-07-14T22:48:53+00:00","dateModified":"2024-07-16T20:57:24+00:00","mainEntityOfPage":{"@id":"https:\/\/vocesdelacomuna15.com.ar\/press\/teatro-para-las-infancias-en-vacaciones-de-invierno\/"},"wordCount":870,"commentCount":0,"publisher":{"@id":"https:\/\/vocesdelacomuna15.com.ar\/press\/#organization"},"image":{"@id":"https:\/\/vocesdelacomuna15.com.ar\/press\/teatro-para-las-infancias-en-vacaciones-de-invierno\/#primaryimage"},"thumbnailUrl":"https:\/\/vocesdelacomuna15.com.ar\/wp-content\/uploads\/2024\/07\/school-of-rock-1.png","articleSection":["Teatro"],"inLanguage":"es-AR","potentialAction":[{"@type":"CommentAction","name":"Comment","target":["https:\/\/vocesdelacomuna15.com.ar\/press\/teatro-para-las-infancias-en-vacaciones-de-invierno\/#respond"]}]},{"@type":"WebPage","@id":"https:\/\/vocesdelacomuna15.com.ar\/press\/teatro-para-las-infancias-en-vacaciones-de-invierno\/","url":"https:\/\/vocesdelacomuna15.com.ar\/press\/teatro-para-las-infancias-en-vacaciones-de-invierno\/","name":"Teatro para las infancias en vacaciones de invierno - Voces de la Comuna 15","isPartOf":{"@id":"https:\/\/vocesdelacomuna15.com.ar\/press\/#website"},"primaryImageOfPage":{"@id":"https:\/\/vocesdelacomuna15.com.ar\/press\/teatro-para-las-infancias-en-vacaciones-de-invierno\/#primaryimage"},"image":{"@id":"https:\/\/vocesdelacomuna15.com.ar\/press\/teatro-para-las-infancias-en-vacaciones-de-invierno\/#primaryimage"},"thumbnailUrl":"https:\/\/vocesdelacomuna15.com.ar\/wp-content\/uploads\/2024\/07\/school-of-rock-1.png","datePublished":"2024-07-14T22:48:53+00:00","dateModified":"2024-07-16T20:57:24+00:00","description":"Voces de la Comuna 15","breadcrumb":{"@id":"https:\/\/vocesdelacomuna15.com.ar\/press\/teatro-para-las-infancias-en-vacaciones-de-invierno\/#breadcrumb"},"inLanguage":"es-AR","potentialAction":[{"@type":"ReadAction","target":["https:\/\/vocesdelacomuna15.com.ar\/press\/teatro-para-las-infancias-en-vacaciones-de-invierno\/"]}]},{"@type":"ImageObject","inLanguage":"es-AR","@id":"https:\/\/vocesdelacomuna15.com.ar\/press\/teatro-para-las-infancias-en-vacaciones-de-invierno\/#primaryimage","url":"https:\/\/vocesdelacomuna15.com.ar\/wp-content\/uploads\/2024\/07\/school-of-rock-1.png","contentUrl":"https:\/\/vocesdelacomuna15.com.ar\/wp-content\/uploads\/2024\/07\/school-of-rock-1.png","width":910,"height":624},{"@type":"BreadcrumbList","@id":"https:\/\/vocesdelacomuna15.com.ar\/press\/teatro-para-las-infancias-en-vacaciones-de-invierno\/#breadcrumb","itemListElement":[{"@type":"ListItem","position":1,"name":"Inicio","item":"https:\/\/vocesdelacomuna15.com.ar\/press\/"},{"@type":"ListItem","position":2,"name":"Teatro para las infancias en vacaciones de invierno"}]},{"@type":"WebSite","@id":"https:\/\/vocesdelacomuna15.com.ar\/press\/#website","url":"https:\/\/vocesdelacomuna15.com.ar\/press\/","name":"Voces de la Comuna 15","description":"Sitio web de noticias","publisher":{"@id":"https:\/\/vocesdelacomuna15.com.ar\/press\/#organization"},"potentialAction":[{"@type":"SearchAction","target":{"@type":"EntryPoint","urlTemplate":"https:\/\/vocesdelacomuna15.com.ar\/press\/?s={search_term_string}"},"query-input":{"@type":"PropertyValueSpecification","valueRequired":true,"valueName":"search_term_string"}}],"inLanguage":"es-AR"},{"@type":"Organization","@id":"https:\/\/vocesdelacomuna15.com.ar\/press\/#organization","name":"Voces de la Comuna 15","url":"https:\/\/vocesdelacomuna15.com.ar\/press\/","logo":{"@type":"ImageObject","inLanguage":"es-AR","@id":"https:\/\/vocesdelacomuna15.com.ar\/press\/#\/schema\/logo\/image\/","url":"https:\/\/vocesdelacomuna15.com.ar\/wp-content\/uploads\/2024\/12\/cropped-logo_voces.jpg","contentUrl":"https:\/\/vocesdelacomuna15.com.ar\/wp-content\/uploads\/2024\/12\/cropped-logo_voces.jpg","width":512,"height":512,"caption":"Voces de la Comuna 15"},"image":{"@id":"https:\/\/vocesdelacomuna15.com.ar\/press\/#\/schema\/logo\/image\/"},"sameAs":["https:\/\/www.facebook.com\/VocesComuna15\/","https:\/\/x.com\/vocescomuna15"]},{"@type":"Person","@id":"https:\/\/vocesdelacomuna15.com.ar\/press\/#\/schema\/person\/4739e109db25d799cd3d139eeb509e43","name":"Federico Arguto","image":{"@type":"ImageObject","inLanguage":"es-AR","@id":"https:\/\/vocesdelacomuna15.com.ar\/wp-content\/litespeed\/avatar\/82faf979976f1bae889b8b71f8a0a7e5.jpg?ver=1777419741","url":"https:\/\/vocesdelacomuna15.com.ar\/wp-content\/litespeed\/avatar\/82faf979976f1bae889b8b71f8a0a7e5.jpg?ver=1777419741","contentUrl":"https:\/\/vocesdelacomuna15.com.ar\/wp-content\/litespeed\/avatar\/82faf979976f1bae889b8b71f8a0a7e5.jpg?ver=1777419741","caption":"Federico Arguto"},"url":"https:\/\/vocesdelacomuna15.com.ar\/press\/author\/fede\/"}]}},"_links":{"self":[{"href":"https:\/\/vocesdelacomuna15.com.ar\/press\/wp-json\/wp\/v2\/posts\/63855","targetHints":{"allow":["GET"]}}],"collection":[{"href":"https:\/\/vocesdelacomuna15.com.ar\/press\/wp-json\/wp\/v2\/posts"}],"about":[{"href":"https:\/\/vocesdelacomuna15.com.ar\/press\/wp-json\/wp\/v2\/types\/post"}],"author":[{"embeddable":true,"href":"https:\/\/vocesdelacomuna15.com.ar\/press\/wp-json\/wp\/v2\/users\/2"}],"replies":[{"embeddable":true,"href":"https:\/\/vocesdelacomuna15.com.ar\/press\/wp-json\/wp\/v2\/comments?post=63855"}],"version-history":[{"count":6,"href":"https:\/\/vocesdelacomuna15.com.ar\/press\/wp-json\/wp\/v2\/posts\/63855\/revisions"}],"predecessor-version":[{"id":63885,"href":"https:\/\/vocesdelacomuna15.com.ar\/press\/wp-json\/wp\/v2\/posts\/63855\/revisions\/63885"}],"wp:featuredmedia":[{"embeddable":true,"href":"https:\/\/vocesdelacomuna15.com.ar\/press\/wp-json\/wp\/v2\/media\/63859"}],"wp:attachment":[{"href":"https:\/\/vocesdelacomuna15.com.ar\/press\/wp-json\/wp\/v2\/media?parent=63855"}],"wp:term":[{"taxonomy":"category","embeddable":true,"href":"https:\/\/vocesdelacomuna15.com.ar\/press\/wp-json\/wp\/v2\/categories?post=63855"},{"taxonomy":"post_tag","embeddable":true,"href":"https:\/\/vocesdelacomuna15.com.ar\/press\/wp-json\/wp\/v2\/tags?post=63855"}],"curies":[{"name":"wp","href":"https:\/\/api.w.org\/{rel}","templated":true}]}}