{"id":63293,"date":"2024-03-27T12:55:14","date_gmt":"2024-03-27T15:55:14","guid":{"rendered":"https:\/\/vocesdelacomuna15.com.ar\/?p=63293"},"modified":"2024-03-27T12:55:15","modified_gmt":"2024-03-27T15:55:15","slug":"agronomia-la-facultad-forma-tecnicos-que-intervienen-en-la-produccion-de-hortalizas-y-plantas-ornamentales","status":"publish","type":"post","link":"https:\/\/vocesdelacomuna15.com.ar\/press\/agronomia-la-facultad-forma-tecnicos-que-intervienen-en-la-produccion-de-hortalizas-y-plantas-ornamentales\/","title":{"rendered":"Agronom\u00eda: La Facultad forma t\u00e9cnicos que intervienen en la producci\u00f3n de hortalizas y plantas ornamentales"},"content":{"rendered":"\n<p>\u00bfTe gustar\u00eda especializarte en el manejo de cultivos flor\u00edcolas y hort\u00edcolas? Estudi\u00e1 la Tecnicatura Universitaria en Producci\u00f3n Florihort\u00edcola, una carrera nueva, corta, con r\u00e1pida salida laboral. Fuente: Agro.uba.ar<\/p>\n\n\n\n<p>Este a\u00f1o comenz\u00f3 una nueva carrera en la Facultad de Agronom\u00eda de la UBA. Se trata de la Tecnicatura Universitaria en Producci\u00f3n Florihort\u00edcola, una oferta acad\u00e9mica de aproximadamente tres a\u00f1os de duraci\u00f3n, que se dicta en Buenos Aires y en la delegaci\u00f3n de la Facultad en el partido de Escobar.<\/p>\n\n\n\n<p>\u201cLa producci\u00f3n florihort\u00edcola es una de las principales actividades econ\u00f3micas del conurbano bonaerense. La Ciudad de Buenos Aires se halla rodeada de un \u201ccintur\u00f3n verde\u201d en el que se produce la mayor parte de las hortalizas que consumimos, pero tambi\u00e9n la mayor parte de las flores y plantas ornamentales. Por su calidad acad\u00e9mica y su ubicaci\u00f3n privilegiada, la FAUBA tiene la capacidad y las condiciones humanas y materiales para formar t\u00e9cnicos especializados para satisfacer la demanda de estas explotaciones de car\u00e1cter intensivo, atendiendo a las buenas pr\u00e1cticas agr\u00edcolas y cuidando de minimizar los impactos ambientales negativos\u201d, expres\u00f3 el director de la carrera, <strong>Dr. Gabriel Rua<\/strong>.<\/p>\n\n\n\n<p>La producci\u00f3n florihort\u00edcola es la producci\u00f3n de hortalizas y de plantas ornamentales. \u201cEstos dos grupos de cultivos difieren en el uso que le damos, como alimento o con fines ornamentales, pero los m\u00e9todos de producci\u00f3n tienen mucha similitud. En general se trata de cultivos intensivos, es decir con un alto aporte de insumos y condiciones controladas, muchas veces bajo invernadero, y son en general productos perecederos\u201d, explic\u00f3 Rua.<\/p>\n\n\n\n<p>En este sentido, el director sostuvo que el\/la egresado\/a de la Tecnicatura estar\u00e1 preparado\/a para intervenir en los sistemas de producci\u00f3n de especies vegetales flor\u00edcolas y hort\u00edcolas, trabajando en estrecho contacto con la realidad econ\u00f3mica y productiva de su entorno.<\/p>\n\n\n\n<p>La carrera posee un amplio campo laboral. Los\/as T\u00e9cnicos\/as en Producci\u00f3n Florihort\u00edcola podr\u00e1n trabajar en emprendimientos productivos de cualquier tama\u00f1o, desde peque\u00f1as producciones hasta grandes empresas flor\u00edcolas y\/u hort\u00edcolas. Tambi\u00e9n, podr\u00e1n participar en la planificaci\u00f3n, ejecuci\u00f3n y evaluaci\u00f3n de la producci\u00f3n, y ser\u00e1n los\/as encargados\/as de las tareas diarias de mantenimiento de los cultivos, y eventualmente del manejo de postcosecha y posproducci\u00f3n.<\/p>\n\n\n\n<p>Adem\u00e1s, estar\u00e1n capacitados\/as para planificar y ejecutar sus propios emprendimientos productivos, desde la diagramaci\u00f3n t\u00e9cnica y econ\u00f3mica inicial hasta la comercializaci\u00f3n. A su vez podr\u00e1n ejercer la docencia en diferentes niveles educativos pertinentes a su formaci\u00f3n, y estar\u00e1n habilitados para actuar como responsables t\u00e9cnicos (RT) de viveros ornamentales (resoluci\u00f3n SENASA 1678\/2019).<\/p>\n\n\n\n<p>\u201cPor su ubicaci\u00f3n geogr\u00e1fica, la FAUBA est\u00e1 pr\u00f3xima de las producciones florihort\u00edcolas del cintur\u00f3n verde del AMBA. Sin embargo, existen emprendimientos productivos similares en la periferia de otras grandes ciudades, como Rosario, Mar del Plata, C\u00f3rdoba o Mendoza, que tambi\u00e9n demandan personal t\u00e9cnico especializado en el manejo de producciones intensivas. Adem\u00e1s de los mercados locales, varios productos, como las flores de corte o algunas hortalizas, tienen potencialidad para la exportaci\u00f3n y pueden significar una fuente de divisas para el pa\u00eds. Obviamente, El desarrollo de estas actividades requerir\u00e1 de t\u00e9cnicos\/as especializados\/as\u201d, manifest\u00f3 Gabriel Rua.<\/p>\n\n\n\n<p>Los\/as estudiantes de la Tecnicatura Universitaria en Producci\u00f3n Florihort\u00edcola realizar\u00e1n diversas actividades, viajes de estudio y pr\u00e1cticas preprofesionales. Para ingresar al primer a\u00f1o de la carrera deber\u00e1n aprobar las tres materias del Ciclo B\u00e1sico Com\u00fan de la UBA. <strong>M\u00e1s informaci\u00f3n: <a href=\"https:\/\/www.agro.uba.ar\/carreras\/floricultura\">https:\/\/www.agro.uba.ar\/carreras\/floricultura<\/a><\/strong><\/p>\n<div class=\"pvc_clear\"><\/div><p id=\"pvc_stats_63293\" class=\"pvc_stats all  \" data-element-id=\"63293\" style=\"\"><i class=\"pvc-stats-icon small\" aria-hidden=\"true\"><svg aria-hidden=\"true\" focusable=\"false\" data-prefix=\"far\" data-icon=\"chart-bar\" role=\"img\" xmlns=\"http:\/\/www.w3.org\/2000\/svg\" viewBox=\"0 0 512 512\" class=\"svg-inline--fa fa-chart-bar fa-w-16 fa-2x\"><path fill=\"currentColor\" d=\"M396.8 352h22.4c6.4 0 12.8-6.4 12.8-12.8V108.8c0-6.4-6.4-12.8-12.8-12.8h-22.4c-6.4 0-12.8 6.4-12.8 12.8v230.4c0 6.4 6.4 12.8 12.8 12.8zm-192 0h22.4c6.4 0 12.8-6.4 12.8-12.8V140.8c0-6.4-6.4-12.8-12.8-12.8h-22.4c-6.4 0-12.8 6.4-12.8 12.8v198.4c0 6.4 6.4 12.8 12.8 12.8zm96 0h22.4c6.4 0 12.8-6.4 12.8-12.8V204.8c0-6.4-6.4-12.8-12.8-12.8h-22.4c-6.4 0-12.8 6.4-12.8 12.8v134.4c0 6.4 6.4 12.8 12.8 12.8zM496 400H48V80c0-8.84-7.16-16-16-16H16C7.16 64 0 71.16 0 80v336c0 17.67 14.33 32 32 32h464c8.84 0 16-7.16 16-16v-16c0-8.84-7.16-16-16-16zm-387.2-48h22.4c6.4 0 12.8-6.4 12.8-12.8v-70.4c0-6.4-6.4-12.8-12.8-12.8h-22.4c-6.4 0-12.8 6.4-12.8 12.8v70.4c0 6.4 6.4 12.8 12.8 12.8z\" class=\"\"><\/path><\/svg><\/i> <img loading=\"lazy\" decoding=\"async\" width=\"16\" height=\"16\" alt=\"Loading\" src=\"https:\/\/vocesdelacomuna15.com.ar\/wp-content\/plugins\/page-views-count\/ajax-loader-2x.gif\" border=0 \/><\/p><div class=\"pvc_clear\"><\/div>","protected":false},"excerpt":{"rendered":"<p>\u00bfTe gustar\u00eda especializarte en el manejo de cultivos flor\u00edcolas y hort\u00edcolas? Estudi\u00e1 la Tecnicatura Universitaria en Producci\u00f3n Florihort\u00edcola, una carrera nueva, corta, con r\u00e1pida salida laboral. Fuente: Agro.uba.ar Este a\u00f1o comenz\u00f3 una nueva carrera en la Facultad de Agronom\u00eda de la UBA. Se trata de la Tecnicatura Universitaria en Producci\u00f3n Florihort\u00edcola, una oferta acad\u00e9mica de [&hellip;]<\/p>\n<div class=\"pvc_clear\"><\/div>\n<p id=\"pvc_stats_63293\" class=\"pvc_stats all  \" data-element-id=\"63293\" style=\"\"><i class=\"pvc-stats-icon small\" aria-hidden=\"true\"><svg aria-hidden=\"true\" focusable=\"false\" data-prefix=\"far\" data-icon=\"chart-bar\" role=\"img\" xmlns=\"http:\/\/www.w3.org\/2000\/svg\" viewBox=\"0 0 512 512\" class=\"svg-inline--fa fa-chart-bar fa-w-16 fa-2x\"><path fill=\"currentColor\" d=\"M396.8 352h22.4c6.4 0 12.8-6.4 12.8-12.8V108.8c0-6.4-6.4-12.8-12.8-12.8h-22.4c-6.4 0-12.8 6.4-12.8 12.8v230.4c0 6.4 6.4 12.8 12.8 12.8zm-192 0h22.4c6.4 0 12.8-6.4 12.8-12.8V140.8c0-6.4-6.4-12.8-12.8-12.8h-22.4c-6.4 0-12.8 6.4-12.8 12.8v198.4c0 6.4 6.4 12.8 12.8 12.8zm96 0h22.4c6.4 0 12.8-6.4 12.8-12.8V204.8c0-6.4-6.4-12.8-12.8-12.8h-22.4c-6.4 0-12.8 6.4-12.8 12.8v134.4c0 6.4 6.4 12.8 12.8 12.8zM496 400H48V80c0-8.84-7.16-16-16-16H16C7.16 64 0 71.16 0 80v336c0 17.67 14.33 32 32 32h464c8.84 0 16-7.16 16-16v-16c0-8.84-7.16-16-16-16zm-387.2-48h22.4c6.4 0 12.8-6.4 12.8-12.8v-70.4c0-6.4-6.4-12.8-12.8-12.8h-22.4c-6.4 0-12.8 6.4-12.8 12.8v70.4c0 6.4 6.4 12.8 12.8 12.8z\" class=\"\"><\/path><\/svg><\/i> <img loading=\"lazy\" decoding=\"async\" width=\"16\" height=\"16\" alt=\"Loading\" src=\"https:\/\/vocesdelacomuna15.com.ar\/wp-content\/plugins\/page-views-count\/ajax-loader-2x.gif\" border=0 \/><\/p>\n<div class=\"pvc_clear\"><\/div>\n","protected":false},"author":2,"featured_media":63294,"comment_status":"open","ping_status":"open","sticky":false,"template":"","format":"standard","meta":{"_et_pb_use_builder":"off","_et_pb_old_content":"","_et_gb_content_width":"","footnotes":""},"categories":[6,8],"tags":[],"class_list":["post-63293","post","type-post","status-publish","format-standard","has-post-thumbnail","hentry","category-agro","category-sociedad","et-has-post-format-content","et_post_format-et-post-format-standard"],"a3_pvc":{"activated":true,"total_views":108,"today_views":0},"yoast_head":"<!-- This site is optimized with the Yoast SEO plugin v27.5 - https:\/\/yoast.com\/product\/yoast-seo-wordpress\/ -->\n<title>Agronom\u00eda: La Facultad forma t\u00e9cnicos que intervienen en la producci\u00f3n de hortalizas y plantas ornamentales - Voces de la Comuna 15<\/title>\n<meta name=\"description\" content=\"Voces de la Comuna 15\" \/>\n<meta name=\"robots\" content=\"index, follow, max-snippet:-1, max-image-preview:large, max-video-preview:-1\" \/>\n<link rel=\"canonical\" href=\"https:\/\/vocesdelacomuna15.com.ar\/press\/agronomia-la-facultad-forma-tecnicos-que-intervienen-en-la-produccion-de-hortalizas-y-plantas-ornamentales\/\" \/>\n<meta property=\"og:locale\" content=\"es_ES\" \/>\n<meta property=\"og:type\" content=\"article\" \/>\n<meta property=\"og:title\" content=\"Agronom\u00eda: La Facultad forma t\u00e9cnicos que intervienen en la producci\u00f3n de hortalizas y plantas ornamentales - Voces de la Comuna 15\" \/>\n<meta property=\"og:description\" content=\"Voces de la Comuna 15\" \/>\n<meta property=\"og:url\" content=\"https:\/\/vocesdelacomuna15.com.ar\/press\/agronomia-la-facultad-forma-tecnicos-que-intervienen-en-la-produccion-de-hortalizas-y-plantas-ornamentales\/\" \/>\n<meta property=\"og:site_name\" content=\"Voces de la Comuna 15\" \/>\n<meta property=\"article:publisher\" content=\"https:\/\/www.facebook.com\/VocesComuna15\/\" \/>\n<meta property=\"article:published_time\" content=\"2024-03-27T15:55:14+00:00\" \/>\n<meta property=\"article:modified_time\" content=\"2024-03-27T15:55:15+00:00\" \/>\n<meta property=\"og:image\" content=\"https:\/\/vocesdelacomuna15.com.ar\/wp-content\/uploads\/2024\/03\/agro-uba.jpg\" \/>\n\t<meta property=\"og:image:width\" content=\"337\" \/>\n\t<meta property=\"og:image:height\" content=\"149\" \/>\n\t<meta property=\"og:image:type\" content=\"image\/jpeg\" \/>\n<meta name=\"author\" content=\"Federico Arguto\" \/>\n<meta name=\"twitter:card\" content=\"summary_large_image\" \/>\n<meta name=\"twitter:creator\" content=\"@vocescomuna15\" \/>\n<meta name=\"twitter:site\" content=\"@vocescomuna15\" \/>\n<meta name=\"twitter:label1\" content=\"Escrito por\" \/>\n\t<meta name=\"twitter:data1\" content=\"Federico Arguto\" \/>\n\t<meta name=\"twitter:label2\" content=\"Tiempo de lectura\" \/>\n\t<meta name=\"twitter:data2\" content=\"3 minutos\" \/>\n<script type=\"application\/ld+json\" class=\"yoast-schema-graph\">{\"@context\":\"https:\\\/\\\/schema.org\",\"@graph\":[{\"@type\":\"Article\",\"@id\":\"https:\\\/\\\/vocesdelacomuna15.com.ar\\\/press\\\/agronomia-la-facultad-forma-tecnicos-que-intervienen-en-la-produccion-de-hortalizas-y-plantas-ornamentales\\\/#article\",\"isPartOf\":{\"@id\":\"https:\\\/\\\/vocesdelacomuna15.com.ar\\\/press\\\/agronomia-la-facultad-forma-tecnicos-que-intervienen-en-la-produccion-de-hortalizas-y-plantas-ornamentales\\\/\"},\"author\":{\"name\":\"Federico Arguto\",\"@id\":\"https:\\\/\\\/vocesdelacomuna15.com.ar\\\/press\\\/#\\\/schema\\\/person\\\/4739e109db25d799cd3d139eeb509e43\"},\"headline\":\"Agronom\u00eda: La Facultad forma t\u00e9cnicos que intervienen en la producci\u00f3n de hortalizas y plantas ornamentales\",\"datePublished\":\"2024-03-27T15:55:14+00:00\",\"dateModified\":\"2024-03-27T15:55:15+00:00\",\"mainEntityOfPage\":{\"@id\":\"https:\\\/\\\/vocesdelacomuna15.com.ar\\\/press\\\/agronomia-la-facultad-forma-tecnicos-que-intervienen-en-la-produccion-de-hortalizas-y-plantas-ornamentales\\\/\"},\"wordCount\":658,\"commentCount\":0,\"publisher\":{\"@id\":\"https:\\\/\\\/vocesdelacomuna15.com.ar\\\/press\\\/#organization\"},\"image\":{\"@id\":\"https:\\\/\\\/vocesdelacomuna15.com.ar\\\/press\\\/agronomia-la-facultad-forma-tecnicos-que-intervienen-en-la-produccion-de-hortalizas-y-plantas-ornamentales\\\/#primaryimage\"},\"thumbnailUrl\":\"https:\\\/\\\/vocesdelacomuna15.com.ar\\\/wp-content\\\/uploads\\\/2024\\\/03\\\/agro-uba.jpg\",\"articleSection\":[\"Agronom\u00eda\",\"Sociedad\"],\"inLanguage\":\"es-AR\",\"potentialAction\":[{\"@type\":\"CommentAction\",\"name\":\"Comment\",\"target\":[\"https:\\\/\\\/vocesdelacomuna15.com.ar\\\/press\\\/agronomia-la-facultad-forma-tecnicos-que-intervienen-en-la-produccion-de-hortalizas-y-plantas-ornamentales\\\/#respond\"]}]},{\"@type\":\"WebPage\",\"@id\":\"https:\\\/\\\/vocesdelacomuna15.com.ar\\\/press\\\/agronomia-la-facultad-forma-tecnicos-que-intervienen-en-la-produccion-de-hortalizas-y-plantas-ornamentales\\\/\",\"url\":\"https:\\\/\\\/vocesdelacomuna15.com.ar\\\/press\\\/agronomia-la-facultad-forma-tecnicos-que-intervienen-en-la-produccion-de-hortalizas-y-plantas-ornamentales\\\/\",\"name\":\"Agronom\u00eda: La Facultad forma t\u00e9cnicos que intervienen en la producci\u00f3n de hortalizas y plantas ornamentales - Voces de la Comuna 15\",\"isPartOf\":{\"@id\":\"https:\\\/\\\/vocesdelacomuna15.com.ar\\\/press\\\/#website\"},\"primaryImageOfPage\":{\"@id\":\"https:\\\/\\\/vocesdelacomuna15.com.ar\\\/press\\\/agronomia-la-facultad-forma-tecnicos-que-intervienen-en-la-produccion-de-hortalizas-y-plantas-ornamentales\\\/#primaryimage\"},\"image\":{\"@id\":\"https:\\\/\\\/vocesdelacomuna15.com.ar\\\/press\\\/agronomia-la-facultad-forma-tecnicos-que-intervienen-en-la-produccion-de-hortalizas-y-plantas-ornamentales\\\/#primaryimage\"},\"thumbnailUrl\":\"https:\\\/\\\/vocesdelacomuna15.com.ar\\\/wp-content\\\/uploads\\\/2024\\\/03\\\/agro-uba.jpg\",\"datePublished\":\"2024-03-27T15:55:14+00:00\",\"dateModified\":\"2024-03-27T15:55:15+00:00\",\"description\":\"Voces de la Comuna 15\",\"breadcrumb\":{\"@id\":\"https:\\\/\\\/vocesdelacomuna15.com.ar\\\/press\\\/agronomia-la-facultad-forma-tecnicos-que-intervienen-en-la-produccion-de-hortalizas-y-plantas-ornamentales\\\/#breadcrumb\"},\"inLanguage\":\"es-AR\",\"potentialAction\":[{\"@type\":\"ReadAction\",\"target\":[\"https:\\\/\\\/vocesdelacomuna15.com.ar\\\/press\\\/agronomia-la-facultad-forma-tecnicos-que-intervienen-en-la-produccion-de-hortalizas-y-plantas-ornamentales\\\/\"]}]},{\"@type\":\"ImageObject\",\"inLanguage\":\"es-AR\",\"@id\":\"https:\\\/\\\/vocesdelacomuna15.com.ar\\\/press\\\/agronomia-la-facultad-forma-tecnicos-que-intervienen-en-la-produccion-de-hortalizas-y-plantas-ornamentales\\\/#primaryimage\",\"url\":\"https:\\\/\\\/vocesdelacomuna15.com.ar\\\/wp-content\\\/uploads\\\/2024\\\/03\\\/agro-uba.jpg\",\"contentUrl\":\"https:\\\/\\\/vocesdelacomuna15.com.ar\\\/wp-content\\\/uploads\\\/2024\\\/03\\\/agro-uba.jpg\",\"width\":337,\"height\":149},{\"@type\":\"BreadcrumbList\",\"@id\":\"https:\\\/\\\/vocesdelacomuna15.com.ar\\\/press\\\/agronomia-la-facultad-forma-tecnicos-que-intervienen-en-la-produccion-de-hortalizas-y-plantas-ornamentales\\\/#breadcrumb\",\"itemListElement\":[{\"@type\":\"ListItem\",\"position\":1,\"name\":\"Inicio\",\"item\":\"https:\\\/\\\/vocesdelacomuna15.com.ar\\\/press\\\/\"},{\"@type\":\"ListItem\",\"position\":2,\"name\":\"Agronom\u00eda: La Facultad forma t\u00e9cnicos que intervienen en la producci\u00f3n de hortalizas y plantas ornamentales\"}]},{\"@type\":\"WebSite\",\"@id\":\"https:\\\/\\\/vocesdelacomuna15.com.ar\\\/press\\\/#website\",\"url\":\"https:\\\/\\\/vocesdelacomuna15.com.ar\\\/press\\\/\",\"name\":\"Voces de la Comuna 15\",\"description\":\"Sitio web de noticias\",\"publisher\":{\"@id\":\"https:\\\/\\\/vocesdelacomuna15.com.ar\\\/press\\\/#organization\"},\"potentialAction\":[{\"@type\":\"SearchAction\",\"target\":{\"@type\":\"EntryPoint\",\"urlTemplate\":\"https:\\\/\\\/vocesdelacomuna15.com.ar\\\/press\\\/?s={search_term_string}\"},\"query-input\":{\"@type\":\"PropertyValueSpecification\",\"valueRequired\":true,\"valueName\":\"search_term_string\"}}],\"inLanguage\":\"es-AR\"},{\"@type\":\"Organization\",\"@id\":\"https:\\\/\\\/vocesdelacomuna15.com.ar\\\/press\\\/#organization\",\"name\":\"Voces de la Comuna 15\",\"url\":\"https:\\\/\\\/vocesdelacomuna15.com.ar\\\/press\\\/\",\"logo\":{\"@type\":\"ImageObject\",\"inLanguage\":\"es-AR\",\"@id\":\"https:\\\/\\\/vocesdelacomuna15.com.ar\\\/press\\\/#\\\/schema\\\/logo\\\/image\\\/\",\"url\":\"https:\\\/\\\/vocesdelacomuna15.com.ar\\\/wp-content\\\/uploads\\\/2024\\\/12\\\/cropped-logo_voces.jpg\",\"contentUrl\":\"https:\\\/\\\/vocesdelacomuna15.com.ar\\\/wp-content\\\/uploads\\\/2024\\\/12\\\/cropped-logo_voces.jpg\",\"width\":512,\"height\":512,\"caption\":\"Voces de la Comuna 15\"},\"image\":{\"@id\":\"https:\\\/\\\/vocesdelacomuna15.com.ar\\\/press\\\/#\\\/schema\\\/logo\\\/image\\\/\"},\"sameAs\":[\"https:\\\/\\\/www.facebook.com\\\/VocesComuna15\\\/\",\"https:\\\/\\\/x.com\\\/vocescomuna15\"]},{\"@type\":\"Person\",\"@id\":\"https:\\\/\\\/vocesdelacomuna15.com.ar\\\/press\\\/#\\\/schema\\\/person\\\/4739e109db25d799cd3d139eeb509e43\",\"name\":\"Federico Arguto\",\"image\":{\"@type\":\"ImageObject\",\"inLanguage\":\"es-AR\",\"@id\":\"https:\\\/\\\/vocesdelacomuna15.com.ar\\\/wp-content\\\/litespeed\\\/avatar\\\/82faf979976f1bae889b8b71f8a0a7e5.jpg?ver=1777419741\",\"url\":\"https:\\\/\\\/vocesdelacomuna15.com.ar\\\/wp-content\\\/litespeed\\\/avatar\\\/82faf979976f1bae889b8b71f8a0a7e5.jpg?ver=1777419741\",\"contentUrl\":\"https:\\\/\\\/vocesdelacomuna15.com.ar\\\/wp-content\\\/litespeed\\\/avatar\\\/82faf979976f1bae889b8b71f8a0a7e5.jpg?ver=1777419741\",\"caption\":\"Federico Arguto\"},\"url\":\"https:\\\/\\\/vocesdelacomuna15.com.ar\\\/press\\\/author\\\/fede\\\/\"}]}<\/script>\n<!-- \/ Yoast SEO plugin. -->","yoast_head_json":{"title":"Agronom\u00eda: La Facultad forma t\u00e9cnicos que intervienen en la producci\u00f3n de hortalizas y plantas ornamentales - Voces de la Comuna 15","description":"Voces de la Comuna 15","robots":{"index":"index","follow":"follow","max-snippet":"max-snippet:-1","max-image-preview":"max-image-preview:large","max-video-preview":"max-video-preview:-1"},"canonical":"https:\/\/vocesdelacomuna15.com.ar\/press\/agronomia-la-facultad-forma-tecnicos-que-intervienen-en-la-produccion-de-hortalizas-y-plantas-ornamentales\/","og_locale":"es_ES","og_type":"article","og_title":"Agronom\u00eda: La Facultad forma t\u00e9cnicos que intervienen en la producci\u00f3n de hortalizas y plantas ornamentales - Voces de la Comuna 15","og_description":"Voces de la Comuna 15","og_url":"https:\/\/vocesdelacomuna15.com.ar\/press\/agronomia-la-facultad-forma-tecnicos-que-intervienen-en-la-produccion-de-hortalizas-y-plantas-ornamentales\/","og_site_name":"Voces de la Comuna 15","article_publisher":"https:\/\/www.facebook.com\/VocesComuna15\/","article_published_time":"2024-03-27T15:55:14+00:00","article_modified_time":"2024-03-27T15:55:15+00:00","og_image":[{"width":337,"height":149,"url":"https:\/\/vocesdelacomuna15.com.ar\/wp-content\/uploads\/2024\/03\/agro-uba.jpg","type":"image\/jpeg"}],"author":"Federico Arguto","twitter_card":"summary_large_image","twitter_creator":"@vocescomuna15","twitter_site":"@vocescomuna15","twitter_misc":{"Escrito por":"Federico Arguto","Tiempo de lectura":"3 minutos"},"schema":{"@context":"https:\/\/schema.org","@graph":[{"@type":"Article","@id":"https:\/\/vocesdelacomuna15.com.ar\/press\/agronomia-la-facultad-forma-tecnicos-que-intervienen-en-la-produccion-de-hortalizas-y-plantas-ornamentales\/#article","isPartOf":{"@id":"https:\/\/vocesdelacomuna15.com.ar\/press\/agronomia-la-facultad-forma-tecnicos-que-intervienen-en-la-produccion-de-hortalizas-y-plantas-ornamentales\/"},"author":{"name":"Federico Arguto","@id":"https:\/\/vocesdelacomuna15.com.ar\/press\/#\/schema\/person\/4739e109db25d799cd3d139eeb509e43"},"headline":"Agronom\u00eda: La Facultad forma t\u00e9cnicos que intervienen en la producci\u00f3n de hortalizas y plantas ornamentales","datePublished":"2024-03-27T15:55:14+00:00","dateModified":"2024-03-27T15:55:15+00:00","mainEntityOfPage":{"@id":"https:\/\/vocesdelacomuna15.com.ar\/press\/agronomia-la-facultad-forma-tecnicos-que-intervienen-en-la-produccion-de-hortalizas-y-plantas-ornamentales\/"},"wordCount":658,"commentCount":0,"publisher":{"@id":"https:\/\/vocesdelacomuna15.com.ar\/press\/#organization"},"image":{"@id":"https:\/\/vocesdelacomuna15.com.ar\/press\/agronomia-la-facultad-forma-tecnicos-que-intervienen-en-la-produccion-de-hortalizas-y-plantas-ornamentales\/#primaryimage"},"thumbnailUrl":"https:\/\/vocesdelacomuna15.com.ar\/wp-content\/uploads\/2024\/03\/agro-uba.jpg","articleSection":["Agronom\u00eda","Sociedad"],"inLanguage":"es-AR","potentialAction":[{"@type":"CommentAction","name":"Comment","target":["https:\/\/vocesdelacomuna15.com.ar\/press\/agronomia-la-facultad-forma-tecnicos-que-intervienen-en-la-produccion-de-hortalizas-y-plantas-ornamentales\/#respond"]}]},{"@type":"WebPage","@id":"https:\/\/vocesdelacomuna15.com.ar\/press\/agronomia-la-facultad-forma-tecnicos-que-intervienen-en-la-produccion-de-hortalizas-y-plantas-ornamentales\/","url":"https:\/\/vocesdelacomuna15.com.ar\/press\/agronomia-la-facultad-forma-tecnicos-que-intervienen-en-la-produccion-de-hortalizas-y-plantas-ornamentales\/","name":"Agronom\u00eda: La Facultad forma t\u00e9cnicos que intervienen en la producci\u00f3n de hortalizas y plantas ornamentales - Voces de la Comuna 15","isPartOf":{"@id":"https:\/\/vocesdelacomuna15.com.ar\/press\/#website"},"primaryImageOfPage":{"@id":"https:\/\/vocesdelacomuna15.com.ar\/press\/agronomia-la-facultad-forma-tecnicos-que-intervienen-en-la-produccion-de-hortalizas-y-plantas-ornamentales\/#primaryimage"},"image":{"@id":"https:\/\/vocesdelacomuna15.com.ar\/press\/agronomia-la-facultad-forma-tecnicos-que-intervienen-en-la-produccion-de-hortalizas-y-plantas-ornamentales\/#primaryimage"},"thumbnailUrl":"https:\/\/vocesdelacomuna15.com.ar\/wp-content\/uploads\/2024\/03\/agro-uba.jpg","datePublished":"2024-03-27T15:55:14+00:00","dateModified":"2024-03-27T15:55:15+00:00","description":"Voces de la Comuna 15","breadcrumb":{"@id":"https:\/\/vocesdelacomuna15.com.ar\/press\/agronomia-la-facultad-forma-tecnicos-que-intervienen-en-la-produccion-de-hortalizas-y-plantas-ornamentales\/#breadcrumb"},"inLanguage":"es-AR","potentialAction":[{"@type":"ReadAction","target":["https:\/\/vocesdelacomuna15.com.ar\/press\/agronomia-la-facultad-forma-tecnicos-que-intervienen-en-la-produccion-de-hortalizas-y-plantas-ornamentales\/"]}]},{"@type":"ImageObject","inLanguage":"es-AR","@id":"https:\/\/vocesdelacomuna15.com.ar\/press\/agronomia-la-facultad-forma-tecnicos-que-intervienen-en-la-produccion-de-hortalizas-y-plantas-ornamentales\/#primaryimage","url":"https:\/\/vocesdelacomuna15.com.ar\/wp-content\/uploads\/2024\/03\/agro-uba.jpg","contentUrl":"https:\/\/vocesdelacomuna15.com.ar\/wp-content\/uploads\/2024\/03\/agro-uba.jpg","width":337,"height":149},{"@type":"BreadcrumbList","@id":"https:\/\/vocesdelacomuna15.com.ar\/press\/agronomia-la-facultad-forma-tecnicos-que-intervienen-en-la-produccion-de-hortalizas-y-plantas-ornamentales\/#breadcrumb","itemListElement":[{"@type":"ListItem","position":1,"name":"Inicio","item":"https:\/\/vocesdelacomuna15.com.ar\/press\/"},{"@type":"ListItem","position":2,"name":"Agronom\u00eda: La Facultad forma t\u00e9cnicos que intervienen en la producci\u00f3n de hortalizas y plantas ornamentales"}]},{"@type":"WebSite","@id":"https:\/\/vocesdelacomuna15.com.ar\/press\/#website","url":"https:\/\/vocesdelacomuna15.com.ar\/press\/","name":"Voces de la Comuna 15","description":"Sitio web de noticias","publisher":{"@id":"https:\/\/vocesdelacomuna15.com.ar\/press\/#organization"},"potentialAction":[{"@type":"SearchAction","target":{"@type":"EntryPoint","urlTemplate":"https:\/\/vocesdelacomuna15.com.ar\/press\/?s={search_term_string}"},"query-input":{"@type":"PropertyValueSpecification","valueRequired":true,"valueName":"search_term_string"}}],"inLanguage":"es-AR"},{"@type":"Organization","@id":"https:\/\/vocesdelacomuna15.com.ar\/press\/#organization","name":"Voces de la Comuna 15","url":"https:\/\/vocesdelacomuna15.com.ar\/press\/","logo":{"@type":"ImageObject","inLanguage":"es-AR","@id":"https:\/\/vocesdelacomuna15.com.ar\/press\/#\/schema\/logo\/image\/","url":"https:\/\/vocesdelacomuna15.com.ar\/wp-content\/uploads\/2024\/12\/cropped-logo_voces.jpg","contentUrl":"https:\/\/vocesdelacomuna15.com.ar\/wp-content\/uploads\/2024\/12\/cropped-logo_voces.jpg","width":512,"height":512,"caption":"Voces de la Comuna 15"},"image":{"@id":"https:\/\/vocesdelacomuna15.com.ar\/press\/#\/schema\/logo\/image\/"},"sameAs":["https:\/\/www.facebook.com\/VocesComuna15\/","https:\/\/x.com\/vocescomuna15"]},{"@type":"Person","@id":"https:\/\/vocesdelacomuna15.com.ar\/press\/#\/schema\/person\/4739e109db25d799cd3d139eeb509e43","name":"Federico Arguto","image":{"@type":"ImageObject","inLanguage":"es-AR","@id":"https:\/\/vocesdelacomuna15.com.ar\/wp-content\/litespeed\/avatar\/82faf979976f1bae889b8b71f8a0a7e5.jpg?ver=1777419741","url":"https:\/\/vocesdelacomuna15.com.ar\/wp-content\/litespeed\/avatar\/82faf979976f1bae889b8b71f8a0a7e5.jpg?ver=1777419741","contentUrl":"https:\/\/vocesdelacomuna15.com.ar\/wp-content\/litespeed\/avatar\/82faf979976f1bae889b8b71f8a0a7e5.jpg?ver=1777419741","caption":"Federico Arguto"},"url":"https:\/\/vocesdelacomuna15.com.ar\/press\/author\/fede\/"}]}},"_links":{"self":[{"href":"https:\/\/vocesdelacomuna15.com.ar\/press\/wp-json\/wp\/v2\/posts\/63293","targetHints":{"allow":["GET"]}}],"collection":[{"href":"https:\/\/vocesdelacomuna15.com.ar\/press\/wp-json\/wp\/v2\/posts"}],"about":[{"href":"https:\/\/vocesdelacomuna15.com.ar\/press\/wp-json\/wp\/v2\/types\/post"}],"author":[{"embeddable":true,"href":"https:\/\/vocesdelacomuna15.com.ar\/press\/wp-json\/wp\/v2\/users\/2"}],"replies":[{"embeddable":true,"href":"https:\/\/vocesdelacomuna15.com.ar\/press\/wp-json\/wp\/v2\/comments?post=63293"}],"version-history":[{"count":1,"href":"https:\/\/vocesdelacomuna15.com.ar\/press\/wp-json\/wp\/v2\/posts\/63293\/revisions"}],"predecessor-version":[{"id":63295,"href":"https:\/\/vocesdelacomuna15.com.ar\/press\/wp-json\/wp\/v2\/posts\/63293\/revisions\/63295"}],"wp:featuredmedia":[{"embeddable":true,"href":"https:\/\/vocesdelacomuna15.com.ar\/press\/wp-json\/wp\/v2\/media\/63294"}],"wp:attachment":[{"href":"https:\/\/vocesdelacomuna15.com.ar\/press\/wp-json\/wp\/v2\/media?parent=63293"}],"wp:term":[{"taxonomy":"category","embeddable":true,"href":"https:\/\/vocesdelacomuna15.com.ar\/press\/wp-json\/wp\/v2\/categories?post=63293"},{"taxonomy":"post_tag","embeddable":true,"href":"https:\/\/vocesdelacomuna15.com.ar\/press\/wp-json\/wp\/v2\/tags?post=63293"}],"curies":[{"name":"wp","href":"https:\/\/api.w.org\/{rel}","templated":true}]}}