{"id":63277,"date":"2024-03-25T16:13:40","date_gmt":"2024-03-25T19:13:40","guid":{"rendered":"https:\/\/vocesdelacomuna15.com.ar\/?p=63277"},"modified":"2024-03-25T16:17:06","modified_gmt":"2024-03-25T19:17:06","slug":"en-la-ciudad-las-multas-de-transito-subieron-mas-del-200","status":"publish","type":"post","link":"https:\/\/vocesdelacomuna15.com.ar\/press\/en-la-ciudad-las-multas-de-transito-subieron-mas-del-200\/","title":{"rendered":"En la Ciudad de Buenos Aires las multas de tr\u00e1nsito subieron m\u00e1s del 200%"},"content":{"rendered":"\n<p>El aumento se debe la inflaci\u00f3n y a la suba en el precio de los combustibles<\/p>\n\n\n\n<p>Las multas de tr\u00e1nsito en la Ciudad de Buenos Aires aumentaron 221,4% debido a la inflaci\u00f3n y el incremento en el precio de los combustibles, indicador utilizado para calcular el valor de las unidades fijas que establecen el costo de las infracciones. Desde este mes de marzo, algunas penalizaciones como no tener puesto el cintur\u00f3n de seguridad o el mal estacionamiento alcanzan los 50.000 pesos.<\/p>\n\n\n\n<p>Sucedi\u00f3 que se aplic\u00f3, respetando la legislaci\u00f3n vigente, la actualizaci\u00f3n semestral del costo de las infracciones, publicada por la Direcci\u00f3n de Estad\u00edsticas y Censos de la Ciudad.&nbsp; La base para fijar el monto de las multas, es decir la Unidad Fija (UF) es calculada sobre la base del valor medio del litro de nafta Premium.<\/p>\n\n\n\n<p>En detalle, la UF ajust\u00f3 su valor de $146,66 a $471,39 en este mes de marzo, o sea el 221,4%. Cabe destacar que esta actualizaci\u00f3n rige de forma independiente al momento en que se cometi\u00f3 la infracci\u00f3n en cuesti\u00f3n. Debido a la devaluaci\u00f3n del peso en diciembre del a\u00f1o pasado, ya con el gobierno de Javier Milei, se registraron fuertes aumentos en los precios en distintos rubros de la econom\u00eda y no quedaron fuera de ellos los combustibles, que subieron m\u00e1s del 100% desde aquel entonces.<\/p>\n\n\n\n<p>Alcanzar\u00e1n hasta los $92.278 las multas por manejar con auriculares, tener vencida la VTV o por mandar mensajes por el celular mientras se conduce. Pero habr\u00e1 otras multas mucho m\u00e1s caras: por cruzar un sem\u00e1foro en rojo los conductores tendr\u00e1n que abonar entre $94.179 y $707.085. Por exceso de velocidad, en tanto, habr\u00e1 multas desde los $32.997,30 en calles de baja velocidad de circulaci\u00f3n mientras no se supere en 20 km\/h la m\u00e1xima permitida, pudiendo subir hasta $1.885.560 cuando se pasen los 20 km\/h y se circule a m\u00e1s de 150 km\/h. Se considera adem\u00e1s la reincidencia cuando se aplique la sanci\u00f3n.<\/p>\n\n\n\n<p>Otro de los castigos costosos es el de bloquear las rampas para discapacitados, que ahora ser\u00e1 de $141.417. Por conducir sin licencia se pagar\u00e1 $23.569,50 y por hacerlo con el carnet vencido el costo ser\u00e1 de $70.708,50. Y adem\u00e1s se duplicar\u00e1 el monto si se tratara del conductor de un transporte p\u00fablico. En tanto, tapar la patente del auto ser\u00e1 muy oneroso, pudiendo costar $471.390.<\/p>\n\n\n\n<p>Por otra parte, si no se hace el grabado de autopartes, requisito para hacer la VTV, la multa ser\u00e1 de $70.708,50, mientras que la pena por circular con vidrios polarizados cuando no est\u00e9 permitido, el monto a pagar ser\u00e1 de $23.569,50. Por girar en lugares prohibidos habr\u00e1 que abonar $47.139, por entrar en zona de ciclov\u00edas $32.997,3, por ocupar la del Metrob\u00fas ser\u00e1 el doble de lo de esta \u00faltima multa, o sea $65,994,6.<\/p>\n\n\n\n<p>Foto: Nueva Ciudad<\/p>\n\n\n\n<p>Caracteres: 2.622<\/p>\n<div class=\"pvc_clear\"><\/div><p id=\"pvc_stats_63277\" class=\"pvc_stats all  \" data-element-id=\"63277\" style=\"\"><i class=\"pvc-stats-icon small\" aria-hidden=\"true\"><svg aria-hidden=\"true\" focusable=\"false\" data-prefix=\"far\" data-icon=\"chart-bar\" role=\"img\" xmlns=\"http:\/\/www.w3.org\/2000\/svg\" viewBox=\"0 0 512 512\" class=\"svg-inline--fa fa-chart-bar fa-w-16 fa-2x\"><path fill=\"currentColor\" d=\"M396.8 352h22.4c6.4 0 12.8-6.4 12.8-12.8V108.8c0-6.4-6.4-12.8-12.8-12.8h-22.4c-6.4 0-12.8 6.4-12.8 12.8v230.4c0 6.4 6.4 12.8 12.8 12.8zm-192 0h22.4c6.4 0 12.8-6.4 12.8-12.8V140.8c0-6.4-6.4-12.8-12.8-12.8h-22.4c-6.4 0-12.8 6.4-12.8 12.8v198.4c0 6.4 6.4 12.8 12.8 12.8zm96 0h22.4c6.4 0 12.8-6.4 12.8-12.8V204.8c0-6.4-6.4-12.8-12.8-12.8h-22.4c-6.4 0-12.8 6.4-12.8 12.8v134.4c0 6.4 6.4 12.8 12.8 12.8zM496 400H48V80c0-8.84-7.16-16-16-16H16C7.16 64 0 71.16 0 80v336c0 17.67 14.33 32 32 32h464c8.84 0 16-7.16 16-16v-16c0-8.84-7.16-16-16-16zm-387.2-48h22.4c6.4 0 12.8-6.4 12.8-12.8v-70.4c0-6.4-6.4-12.8-12.8-12.8h-22.4c-6.4 0-12.8 6.4-12.8 12.8v70.4c0 6.4 6.4 12.8 12.8 12.8z\" class=\"\"><\/path><\/svg><\/i> <img loading=\"lazy\" decoding=\"async\" width=\"16\" height=\"16\" alt=\"Loading\" src=\"https:\/\/vocesdelacomuna15.com.ar\/wp-content\/plugins\/page-views-count\/ajax-loader-2x.gif\" border=0 \/><\/p><div class=\"pvc_clear\"><\/div>","protected":false},"excerpt":{"rendered":"<p>El aumento se debe la inflaci\u00f3n y a la suba en el precio de los combustibles Las multas de tr\u00e1nsito en la Ciudad de Buenos Aires aumentaron 221,4% debido a la inflaci\u00f3n y el incremento en el precio de los combustibles, indicador utilizado para calcular el valor de las unidades fijas que establecen el costo [&hellip;]<\/p>\n<div class=\"pvc_clear\"><\/div>\n<p id=\"pvc_stats_63277\" class=\"pvc_stats all  \" data-element-id=\"63277\" style=\"\"><i class=\"pvc-stats-icon small\" aria-hidden=\"true\"><svg aria-hidden=\"true\" focusable=\"false\" data-prefix=\"far\" data-icon=\"chart-bar\" role=\"img\" xmlns=\"http:\/\/www.w3.org\/2000\/svg\" viewBox=\"0 0 512 512\" class=\"svg-inline--fa fa-chart-bar fa-w-16 fa-2x\"><path fill=\"currentColor\" d=\"M396.8 352h22.4c6.4 0 12.8-6.4 12.8-12.8V108.8c0-6.4-6.4-12.8-12.8-12.8h-22.4c-6.4 0-12.8 6.4-12.8 12.8v230.4c0 6.4 6.4 12.8 12.8 12.8zm-192 0h22.4c6.4 0 12.8-6.4 12.8-12.8V140.8c0-6.4-6.4-12.8-12.8-12.8h-22.4c-6.4 0-12.8 6.4-12.8 12.8v198.4c0 6.4 6.4 12.8 12.8 12.8zm96 0h22.4c6.4 0 12.8-6.4 12.8-12.8V204.8c0-6.4-6.4-12.8-12.8-12.8h-22.4c-6.4 0-12.8 6.4-12.8 12.8v134.4c0 6.4 6.4 12.8 12.8 12.8zM496 400H48V80c0-8.84-7.16-16-16-16H16C7.16 64 0 71.16 0 80v336c0 17.67 14.33 32 32 32h464c8.84 0 16-7.16 16-16v-16c0-8.84-7.16-16-16-16zm-387.2-48h22.4c6.4 0 12.8-6.4 12.8-12.8v-70.4c0-6.4-6.4-12.8-12.8-12.8h-22.4c-6.4 0-12.8 6.4-12.8 12.8v70.4c0 6.4 6.4 12.8 12.8 12.8z\" class=\"\"><\/path><\/svg><\/i> <img loading=\"lazy\" decoding=\"async\" width=\"16\" height=\"16\" alt=\"Loading\" src=\"https:\/\/vocesdelacomuna15.com.ar\/wp-content\/plugins\/page-views-count\/ajax-loader-2x.gif\" border=0 \/><\/p>\n<div class=\"pvc_clear\"><\/div>\n","protected":false},"author":2,"featured_media":63278,"comment_status":"open","ping_status":"open","sticky":false,"template":"","format":"standard","meta":{"_et_pb_use_builder":"off","_et_pb_old_content":"","_et_gb_content_width":"","footnotes":""},"categories":[26],"tags":[],"class_list":["post-63277","post","type-post","status-publish","format-standard","has-post-thumbnail","hentry","category-ciudad","et-has-post-format-content","et_post_format-et-post-format-standard"],"a3_pvc":{"activated":true,"total_views":65,"today_views":0},"yoast_head":"<!-- This site is optimized with the Yoast SEO plugin v27.5 - https:\/\/yoast.com\/product\/yoast-seo-wordpress\/ -->\n<title>En la Ciudad de Buenos Aires las multas de tr\u00e1nsito subieron m\u00e1s del 200% - Voces de la Comuna 15<\/title>\n<meta name=\"description\" content=\"Voces de la Comuna 15\" \/>\n<meta name=\"robots\" content=\"index, follow, max-snippet:-1, max-image-preview:large, max-video-preview:-1\" \/>\n<link rel=\"canonical\" href=\"https:\/\/vocesdelacomuna15.com.ar\/press\/en-la-ciudad-las-multas-de-transito-subieron-mas-del-200\/\" \/>\n<meta property=\"og:locale\" content=\"es_ES\" \/>\n<meta property=\"og:type\" content=\"article\" \/>\n<meta property=\"og:title\" content=\"En la Ciudad de Buenos Aires las multas de tr\u00e1nsito subieron m\u00e1s del 200% - Voces de la Comuna 15\" \/>\n<meta property=\"og:description\" content=\"Voces de la Comuna 15\" \/>\n<meta property=\"og:url\" content=\"https:\/\/vocesdelacomuna15.com.ar\/press\/en-la-ciudad-las-multas-de-transito-subieron-mas-del-200\/\" \/>\n<meta property=\"og:site_name\" content=\"Voces de la Comuna 15\" \/>\n<meta property=\"article:publisher\" content=\"https:\/\/www.facebook.com\/VocesComuna15\/\" \/>\n<meta property=\"article:published_time\" content=\"2024-03-25T19:13:40+00:00\" \/>\n<meta property=\"article:modified_time\" content=\"2024-03-25T19:17:06+00:00\" \/>\n<meta property=\"og:image\" content=\"https:\/\/vocesdelacomuna15.com.ar\/wp-content\/uploads\/2024\/03\/multas.jpg\" \/>\n\t<meta property=\"og:image:width\" content=\"800\" \/>\n\t<meta property=\"og:image:height\" content=\"533\" \/>\n\t<meta property=\"og:image:type\" content=\"image\/jpeg\" \/>\n<meta name=\"author\" content=\"Federico Arguto\" \/>\n<meta name=\"twitter:card\" content=\"summary_large_image\" \/>\n<meta name=\"twitter:creator\" content=\"@vocescomuna15\" \/>\n<meta name=\"twitter:site\" content=\"@vocescomuna15\" \/>\n<meta name=\"twitter:label1\" content=\"Escrito por\" \/>\n\t<meta name=\"twitter:data1\" content=\"Federico Arguto\" \/>\n\t<meta name=\"twitter:label2\" content=\"Tiempo de lectura\" \/>\n\t<meta name=\"twitter:data2\" content=\"2 minutos\" \/>\n<script type=\"application\/ld+json\" class=\"yoast-schema-graph\">{\"@context\":\"https:\\\/\\\/schema.org\",\"@graph\":[{\"@type\":\"Article\",\"@id\":\"https:\\\/\\\/vocesdelacomuna15.com.ar\\\/press\\\/en-la-ciudad-las-multas-de-transito-subieron-mas-del-200\\\/#article\",\"isPartOf\":{\"@id\":\"https:\\\/\\\/vocesdelacomuna15.com.ar\\\/press\\\/en-la-ciudad-las-multas-de-transito-subieron-mas-del-200\\\/\"},\"author\":{\"name\":\"Federico Arguto\",\"@id\":\"https:\\\/\\\/vocesdelacomuna15.com.ar\\\/press\\\/#\\\/schema\\\/person\\\/4739e109db25d799cd3d139eeb509e43\"},\"headline\":\"En la Ciudad de Buenos Aires las multas de tr\u00e1nsito subieron m\u00e1s del 200%\",\"datePublished\":\"2024-03-25T19:13:40+00:00\",\"dateModified\":\"2024-03-25T19:17:06+00:00\",\"mainEntityOfPage\":{\"@id\":\"https:\\\/\\\/vocesdelacomuna15.com.ar\\\/press\\\/en-la-ciudad-las-multas-de-transito-subieron-mas-del-200\\\/\"},\"wordCount\":491,\"commentCount\":0,\"publisher\":{\"@id\":\"https:\\\/\\\/vocesdelacomuna15.com.ar\\\/press\\\/#organization\"},\"image\":{\"@id\":\"https:\\\/\\\/vocesdelacomuna15.com.ar\\\/press\\\/en-la-ciudad-las-multas-de-transito-subieron-mas-del-200\\\/#primaryimage\"},\"thumbnailUrl\":\"https:\\\/\\\/vocesdelacomuna15.com.ar\\\/wp-content\\\/uploads\\\/2024\\\/03\\\/multas.jpg\",\"articleSection\":[\"Ciudad\"],\"inLanguage\":\"es-AR\",\"potentialAction\":[{\"@type\":\"CommentAction\",\"name\":\"Comment\",\"target\":[\"https:\\\/\\\/vocesdelacomuna15.com.ar\\\/press\\\/en-la-ciudad-las-multas-de-transito-subieron-mas-del-200\\\/#respond\"]}]},{\"@type\":\"WebPage\",\"@id\":\"https:\\\/\\\/vocesdelacomuna15.com.ar\\\/press\\\/en-la-ciudad-las-multas-de-transito-subieron-mas-del-200\\\/\",\"url\":\"https:\\\/\\\/vocesdelacomuna15.com.ar\\\/press\\\/en-la-ciudad-las-multas-de-transito-subieron-mas-del-200\\\/\",\"name\":\"En la Ciudad de Buenos Aires las multas de tr\u00e1nsito subieron m\u00e1s del 200% - Voces de la Comuna 15\",\"isPartOf\":{\"@id\":\"https:\\\/\\\/vocesdelacomuna15.com.ar\\\/press\\\/#website\"},\"primaryImageOfPage\":{\"@id\":\"https:\\\/\\\/vocesdelacomuna15.com.ar\\\/press\\\/en-la-ciudad-las-multas-de-transito-subieron-mas-del-200\\\/#primaryimage\"},\"image\":{\"@id\":\"https:\\\/\\\/vocesdelacomuna15.com.ar\\\/press\\\/en-la-ciudad-las-multas-de-transito-subieron-mas-del-200\\\/#primaryimage\"},\"thumbnailUrl\":\"https:\\\/\\\/vocesdelacomuna15.com.ar\\\/wp-content\\\/uploads\\\/2024\\\/03\\\/multas.jpg\",\"datePublished\":\"2024-03-25T19:13:40+00:00\",\"dateModified\":\"2024-03-25T19:17:06+00:00\",\"description\":\"Voces de la Comuna 15\",\"breadcrumb\":{\"@id\":\"https:\\\/\\\/vocesdelacomuna15.com.ar\\\/press\\\/en-la-ciudad-las-multas-de-transito-subieron-mas-del-200\\\/#breadcrumb\"},\"inLanguage\":\"es-AR\",\"potentialAction\":[{\"@type\":\"ReadAction\",\"target\":[\"https:\\\/\\\/vocesdelacomuna15.com.ar\\\/press\\\/en-la-ciudad-las-multas-de-transito-subieron-mas-del-200\\\/\"]}]},{\"@type\":\"ImageObject\",\"inLanguage\":\"es-AR\",\"@id\":\"https:\\\/\\\/vocesdelacomuna15.com.ar\\\/press\\\/en-la-ciudad-las-multas-de-transito-subieron-mas-del-200\\\/#primaryimage\",\"url\":\"https:\\\/\\\/vocesdelacomuna15.com.ar\\\/wp-content\\\/uploads\\\/2024\\\/03\\\/multas.jpg\",\"contentUrl\":\"https:\\\/\\\/vocesdelacomuna15.com.ar\\\/wp-content\\\/uploads\\\/2024\\\/03\\\/multas.jpg\",\"width\":800,\"height\":533},{\"@type\":\"BreadcrumbList\",\"@id\":\"https:\\\/\\\/vocesdelacomuna15.com.ar\\\/press\\\/en-la-ciudad-las-multas-de-transito-subieron-mas-del-200\\\/#breadcrumb\",\"itemListElement\":[{\"@type\":\"ListItem\",\"position\":1,\"name\":\"Inicio\",\"item\":\"https:\\\/\\\/vocesdelacomuna15.com.ar\\\/press\\\/\"},{\"@type\":\"ListItem\",\"position\":2,\"name\":\"En la Ciudad de Buenos Aires las multas de tr\u00e1nsito subieron m\u00e1s del 200%\"}]},{\"@type\":\"WebSite\",\"@id\":\"https:\\\/\\\/vocesdelacomuna15.com.ar\\\/press\\\/#website\",\"url\":\"https:\\\/\\\/vocesdelacomuna15.com.ar\\\/press\\\/\",\"name\":\"Voces de la Comuna 15\",\"description\":\"Sitio web de noticias\",\"publisher\":{\"@id\":\"https:\\\/\\\/vocesdelacomuna15.com.ar\\\/press\\\/#organization\"},\"potentialAction\":[{\"@type\":\"SearchAction\",\"target\":{\"@type\":\"EntryPoint\",\"urlTemplate\":\"https:\\\/\\\/vocesdelacomuna15.com.ar\\\/press\\\/?s={search_term_string}\"},\"query-input\":{\"@type\":\"PropertyValueSpecification\",\"valueRequired\":true,\"valueName\":\"search_term_string\"}}],\"inLanguage\":\"es-AR\"},{\"@type\":\"Organization\",\"@id\":\"https:\\\/\\\/vocesdelacomuna15.com.ar\\\/press\\\/#organization\",\"name\":\"Voces de la Comuna 15\",\"url\":\"https:\\\/\\\/vocesdelacomuna15.com.ar\\\/press\\\/\",\"logo\":{\"@type\":\"ImageObject\",\"inLanguage\":\"es-AR\",\"@id\":\"https:\\\/\\\/vocesdelacomuna15.com.ar\\\/press\\\/#\\\/schema\\\/logo\\\/image\\\/\",\"url\":\"https:\\\/\\\/vocesdelacomuna15.com.ar\\\/wp-content\\\/uploads\\\/2024\\\/12\\\/cropped-logo_voces.jpg\",\"contentUrl\":\"https:\\\/\\\/vocesdelacomuna15.com.ar\\\/wp-content\\\/uploads\\\/2024\\\/12\\\/cropped-logo_voces.jpg\",\"width\":512,\"height\":512,\"caption\":\"Voces de la Comuna 15\"},\"image\":{\"@id\":\"https:\\\/\\\/vocesdelacomuna15.com.ar\\\/press\\\/#\\\/schema\\\/logo\\\/image\\\/\"},\"sameAs\":[\"https:\\\/\\\/www.facebook.com\\\/VocesComuna15\\\/\",\"https:\\\/\\\/x.com\\\/vocescomuna15\"]},{\"@type\":\"Person\",\"@id\":\"https:\\\/\\\/vocesdelacomuna15.com.ar\\\/press\\\/#\\\/schema\\\/person\\\/4739e109db25d799cd3d139eeb509e43\",\"name\":\"Federico Arguto\",\"image\":{\"@type\":\"ImageObject\",\"inLanguage\":\"es-AR\",\"@id\":\"https:\\\/\\\/vocesdelacomuna15.com.ar\\\/wp-content\\\/litespeed\\\/avatar\\\/82faf979976f1bae889b8b71f8a0a7e5.jpg?ver=1777419741\",\"url\":\"https:\\\/\\\/vocesdelacomuna15.com.ar\\\/wp-content\\\/litespeed\\\/avatar\\\/82faf979976f1bae889b8b71f8a0a7e5.jpg?ver=1777419741\",\"contentUrl\":\"https:\\\/\\\/vocesdelacomuna15.com.ar\\\/wp-content\\\/litespeed\\\/avatar\\\/82faf979976f1bae889b8b71f8a0a7e5.jpg?ver=1777419741\",\"caption\":\"Federico Arguto\"},\"url\":\"https:\\\/\\\/vocesdelacomuna15.com.ar\\\/press\\\/author\\\/fede\\\/\"}]}<\/script>\n<!-- \/ Yoast SEO plugin. -->","yoast_head_json":{"title":"En la Ciudad de Buenos Aires las multas de tr\u00e1nsito subieron m\u00e1s del 200% - Voces de la Comuna 15","description":"Voces de la Comuna 15","robots":{"index":"index","follow":"follow","max-snippet":"max-snippet:-1","max-image-preview":"max-image-preview:large","max-video-preview":"max-video-preview:-1"},"canonical":"https:\/\/vocesdelacomuna15.com.ar\/press\/en-la-ciudad-las-multas-de-transito-subieron-mas-del-200\/","og_locale":"es_ES","og_type":"article","og_title":"En la Ciudad de Buenos Aires las multas de tr\u00e1nsito subieron m\u00e1s del 200% - Voces de la Comuna 15","og_description":"Voces de la Comuna 15","og_url":"https:\/\/vocesdelacomuna15.com.ar\/press\/en-la-ciudad-las-multas-de-transito-subieron-mas-del-200\/","og_site_name":"Voces de la Comuna 15","article_publisher":"https:\/\/www.facebook.com\/VocesComuna15\/","article_published_time":"2024-03-25T19:13:40+00:00","article_modified_time":"2024-03-25T19:17:06+00:00","og_image":[{"width":800,"height":533,"url":"https:\/\/vocesdelacomuna15.com.ar\/wp-content\/uploads\/2024\/03\/multas.jpg","type":"image\/jpeg"}],"author":"Federico Arguto","twitter_card":"summary_large_image","twitter_creator":"@vocescomuna15","twitter_site":"@vocescomuna15","twitter_misc":{"Escrito por":"Federico Arguto","Tiempo de lectura":"2 minutos"},"schema":{"@context":"https:\/\/schema.org","@graph":[{"@type":"Article","@id":"https:\/\/vocesdelacomuna15.com.ar\/press\/en-la-ciudad-las-multas-de-transito-subieron-mas-del-200\/#article","isPartOf":{"@id":"https:\/\/vocesdelacomuna15.com.ar\/press\/en-la-ciudad-las-multas-de-transito-subieron-mas-del-200\/"},"author":{"name":"Federico Arguto","@id":"https:\/\/vocesdelacomuna15.com.ar\/press\/#\/schema\/person\/4739e109db25d799cd3d139eeb509e43"},"headline":"En la Ciudad de Buenos Aires las multas de tr\u00e1nsito subieron m\u00e1s del 200%","datePublished":"2024-03-25T19:13:40+00:00","dateModified":"2024-03-25T19:17:06+00:00","mainEntityOfPage":{"@id":"https:\/\/vocesdelacomuna15.com.ar\/press\/en-la-ciudad-las-multas-de-transito-subieron-mas-del-200\/"},"wordCount":491,"commentCount":0,"publisher":{"@id":"https:\/\/vocesdelacomuna15.com.ar\/press\/#organization"},"image":{"@id":"https:\/\/vocesdelacomuna15.com.ar\/press\/en-la-ciudad-las-multas-de-transito-subieron-mas-del-200\/#primaryimage"},"thumbnailUrl":"https:\/\/vocesdelacomuna15.com.ar\/wp-content\/uploads\/2024\/03\/multas.jpg","articleSection":["Ciudad"],"inLanguage":"es-AR","potentialAction":[{"@type":"CommentAction","name":"Comment","target":["https:\/\/vocesdelacomuna15.com.ar\/press\/en-la-ciudad-las-multas-de-transito-subieron-mas-del-200\/#respond"]}]},{"@type":"WebPage","@id":"https:\/\/vocesdelacomuna15.com.ar\/press\/en-la-ciudad-las-multas-de-transito-subieron-mas-del-200\/","url":"https:\/\/vocesdelacomuna15.com.ar\/press\/en-la-ciudad-las-multas-de-transito-subieron-mas-del-200\/","name":"En la Ciudad de Buenos Aires las multas de tr\u00e1nsito subieron m\u00e1s del 200% - Voces de la Comuna 15","isPartOf":{"@id":"https:\/\/vocesdelacomuna15.com.ar\/press\/#website"},"primaryImageOfPage":{"@id":"https:\/\/vocesdelacomuna15.com.ar\/press\/en-la-ciudad-las-multas-de-transito-subieron-mas-del-200\/#primaryimage"},"image":{"@id":"https:\/\/vocesdelacomuna15.com.ar\/press\/en-la-ciudad-las-multas-de-transito-subieron-mas-del-200\/#primaryimage"},"thumbnailUrl":"https:\/\/vocesdelacomuna15.com.ar\/wp-content\/uploads\/2024\/03\/multas.jpg","datePublished":"2024-03-25T19:13:40+00:00","dateModified":"2024-03-25T19:17:06+00:00","description":"Voces de la Comuna 15","breadcrumb":{"@id":"https:\/\/vocesdelacomuna15.com.ar\/press\/en-la-ciudad-las-multas-de-transito-subieron-mas-del-200\/#breadcrumb"},"inLanguage":"es-AR","potentialAction":[{"@type":"ReadAction","target":["https:\/\/vocesdelacomuna15.com.ar\/press\/en-la-ciudad-las-multas-de-transito-subieron-mas-del-200\/"]}]},{"@type":"ImageObject","inLanguage":"es-AR","@id":"https:\/\/vocesdelacomuna15.com.ar\/press\/en-la-ciudad-las-multas-de-transito-subieron-mas-del-200\/#primaryimage","url":"https:\/\/vocesdelacomuna15.com.ar\/wp-content\/uploads\/2024\/03\/multas.jpg","contentUrl":"https:\/\/vocesdelacomuna15.com.ar\/wp-content\/uploads\/2024\/03\/multas.jpg","width":800,"height":533},{"@type":"BreadcrumbList","@id":"https:\/\/vocesdelacomuna15.com.ar\/press\/en-la-ciudad-las-multas-de-transito-subieron-mas-del-200\/#breadcrumb","itemListElement":[{"@type":"ListItem","position":1,"name":"Inicio","item":"https:\/\/vocesdelacomuna15.com.ar\/press\/"},{"@type":"ListItem","position":2,"name":"En la Ciudad de Buenos Aires las multas de tr\u00e1nsito subieron m\u00e1s del 200%"}]},{"@type":"WebSite","@id":"https:\/\/vocesdelacomuna15.com.ar\/press\/#website","url":"https:\/\/vocesdelacomuna15.com.ar\/press\/","name":"Voces de la Comuna 15","description":"Sitio web de noticias","publisher":{"@id":"https:\/\/vocesdelacomuna15.com.ar\/press\/#organization"},"potentialAction":[{"@type":"SearchAction","target":{"@type":"EntryPoint","urlTemplate":"https:\/\/vocesdelacomuna15.com.ar\/press\/?s={search_term_string}"},"query-input":{"@type":"PropertyValueSpecification","valueRequired":true,"valueName":"search_term_string"}}],"inLanguage":"es-AR"},{"@type":"Organization","@id":"https:\/\/vocesdelacomuna15.com.ar\/press\/#organization","name":"Voces de la Comuna 15","url":"https:\/\/vocesdelacomuna15.com.ar\/press\/","logo":{"@type":"ImageObject","inLanguage":"es-AR","@id":"https:\/\/vocesdelacomuna15.com.ar\/press\/#\/schema\/logo\/image\/","url":"https:\/\/vocesdelacomuna15.com.ar\/wp-content\/uploads\/2024\/12\/cropped-logo_voces.jpg","contentUrl":"https:\/\/vocesdelacomuna15.com.ar\/wp-content\/uploads\/2024\/12\/cropped-logo_voces.jpg","width":512,"height":512,"caption":"Voces de la Comuna 15"},"image":{"@id":"https:\/\/vocesdelacomuna15.com.ar\/press\/#\/schema\/logo\/image\/"},"sameAs":["https:\/\/www.facebook.com\/VocesComuna15\/","https:\/\/x.com\/vocescomuna15"]},{"@type":"Person","@id":"https:\/\/vocesdelacomuna15.com.ar\/press\/#\/schema\/person\/4739e109db25d799cd3d139eeb509e43","name":"Federico Arguto","image":{"@type":"ImageObject","inLanguage":"es-AR","@id":"https:\/\/vocesdelacomuna15.com.ar\/wp-content\/litespeed\/avatar\/82faf979976f1bae889b8b71f8a0a7e5.jpg?ver=1777419741","url":"https:\/\/vocesdelacomuna15.com.ar\/wp-content\/litespeed\/avatar\/82faf979976f1bae889b8b71f8a0a7e5.jpg?ver=1777419741","contentUrl":"https:\/\/vocesdelacomuna15.com.ar\/wp-content\/litespeed\/avatar\/82faf979976f1bae889b8b71f8a0a7e5.jpg?ver=1777419741","caption":"Federico Arguto"},"url":"https:\/\/vocesdelacomuna15.com.ar\/press\/author\/fede\/"}]}},"_links":{"self":[{"href":"https:\/\/vocesdelacomuna15.com.ar\/press\/wp-json\/wp\/v2\/posts\/63277","targetHints":{"allow":["GET"]}}],"collection":[{"href":"https:\/\/vocesdelacomuna15.com.ar\/press\/wp-json\/wp\/v2\/posts"}],"about":[{"href":"https:\/\/vocesdelacomuna15.com.ar\/press\/wp-json\/wp\/v2\/types\/post"}],"author":[{"embeddable":true,"href":"https:\/\/vocesdelacomuna15.com.ar\/press\/wp-json\/wp\/v2\/users\/2"}],"replies":[{"embeddable":true,"href":"https:\/\/vocesdelacomuna15.com.ar\/press\/wp-json\/wp\/v2\/comments?post=63277"}],"version-history":[{"count":5,"href":"https:\/\/vocesdelacomuna15.com.ar\/press\/wp-json\/wp\/v2\/posts\/63277\/revisions"}],"predecessor-version":[{"id":63283,"href":"https:\/\/vocesdelacomuna15.com.ar\/press\/wp-json\/wp\/v2\/posts\/63277\/revisions\/63283"}],"wp:featuredmedia":[{"embeddable":true,"href":"https:\/\/vocesdelacomuna15.com.ar\/press\/wp-json\/wp\/v2\/media\/63278"}],"wp:attachment":[{"href":"https:\/\/vocesdelacomuna15.com.ar\/press\/wp-json\/wp\/v2\/media?parent=63277"}],"wp:term":[{"taxonomy":"category","embeddable":true,"href":"https:\/\/vocesdelacomuna15.com.ar\/press\/wp-json\/wp\/v2\/categories?post=63277"},{"taxonomy":"post_tag","embeddable":true,"href":"https:\/\/vocesdelacomuna15.com.ar\/press\/wp-json\/wp\/v2\/tags?post=63277"}],"curies":[{"name":"wp","href":"https:\/\/api.w.org\/{rel}","templated":true}]}}