{"id":63274,"date":"2024-03-25T11:46:53","date_gmt":"2024-03-25T14:46:53","guid":{"rendered":"https:\/\/vocesdelacomuna15.com.ar\/?p=63274"},"modified":"2024-03-25T11:47:11","modified_gmt":"2024-03-25T14:47:11","slug":"por-las-camaras-del-cmu-la-policia-de-la-ciudad-detuvo-a-dos-ladrones-de-coches","status":"publish","type":"post","link":"https:\/\/vocesdelacomuna15.com.ar\/press\/por-las-camaras-del-cmu-la-policia-de-la-ciudad-detuvo-a-dos-ladrones-de-coches\/","title":{"rendered":"Por las c\u00e1maras del CMU, la Polic\u00eda de la Ciudad detuvo a dos ladrones de coches"},"content":{"rendered":"\n<p>Efectivos de la Polic\u00eda de la Ciudad, con la intervenci\u00f3n del Centro de Monitoreo Urbano (CMU), detuvieron en las \u00faltimas horas a dos delincuentes que intentaban robar elementos de los autom\u00f3viles estacionados en la v\u00eda p\u00fablica en los barrios de Parque Chas y Villa Ort\u00fazar. Fuente: Enrique Grinberg (Buenosaires.gob.ar)<\/p>\n\n\n\n<p>Personal de la Comisar\u00eda Vecinal 15 C intervino en dos hechos distintos en los que dos delincuentes intentaron robar objetos de los rodados que estaban estacionados.<\/p>\n\n\n\n<p>El primero de ellos sucedi\u00f3 en la calle Ballivi\u00e1n al 3300 en el barrio de Parque Chas, cuando un vecino denunci\u00f3 que un hombre hab\u00eda abierto el ba\u00fal de un Ford Fiesta blanco y quer\u00eda robar la rueda de auxilio.<\/p>\n\n\n\n<p>Al ver al testigo y la cercan\u00eda del patrullero, el sujeto de 50 a\u00f1os, se deshizo del neum\u00e1tico que hab\u00eda tomado y se retir\u00f3 a pie, siendo detenido en Ceretti al 1700, a la vuelta del lugar del hecho.<\/p>\n\n\n\n<p>El otro suceso tuvo lugar en la avenida \u00c1lvarez Thomas al 1300 en Villa Ort\u00fazar.<\/p>\n\n\n\n<p>En esta oportunidad personal, el Centro de Monitoreo Urbano (CMU) detect\u00f3 la presencia de un individuo que pretend\u00eda abrir las puertas de un Peugeot 206 y un Honda CRV y de inmediato dio aviso al personal policial.<\/p>\n\n\n\n<p>Al notar la presencia de las autoridades el implicado simul\u00f3 estar dormido a unos metros de los autos que hab\u00eda intentado violentar, aunque el personal del CMU confirm\u00f3 que se trataba del sospechoso en cuesti\u00f3n.<\/p>\n\n\n\n<p>Cuando los oficiales se acercaron quiso huir, pero fue detenido.<\/p>\n\n\n\n<p>En ambos casos intervino el Juzgado Nacional en lo Criminal y Correccional 19, a cargo del Dr. Diego Slupski, Secretar\u00eda de la Dra. Delfina Wullich que dispuso la detenci\u00f3n de los dos imputados por los delitos de \u201churto\u201d y \u201ctentativa de hurto\u201d respectivamente.<\/p>\n\n\n\n<p><strong>Video (Fuente: Seguridad BA- You Tube):<\/strong><\/p>\n\n\n\n<figure class=\"wp-block-embed is-type-video is-provider-youtube wp-block-embed-youtube wp-embed-aspect-16-9 wp-has-aspect-ratio\"><div class=\"wp-block-embed__wrapper\">\n<iframe loading=\"lazy\" title=\"2024 03 14 La Polici\u0301a de la Ciudad detuvo a dos ladrones de vehi\u0301culos en Parque Chas y Villa Ortu\u0301\" width=\"1080\" height=\"608\" src=\"https:\/\/www.youtube.com\/embed\/1T7DMjVbGm4?feature=oembed\" frameborder=\"0\" allow=\"accelerometer; autoplay; clipboard-write; encrypted-media; gyroscope; picture-in-picture; web-share\" allowfullscreen><\/iframe>\n<\/div><\/figure>\n<div class=\"pvc_clear\"><\/div><p id=\"pvc_stats_63274\" class=\"pvc_stats all  \" data-element-id=\"63274\" style=\"\"><i class=\"pvc-stats-icon small\" aria-hidden=\"true\"><svg aria-hidden=\"true\" focusable=\"false\" data-prefix=\"far\" data-icon=\"chart-bar\" role=\"img\" xmlns=\"http:\/\/www.w3.org\/2000\/svg\" viewBox=\"0 0 512 512\" class=\"svg-inline--fa fa-chart-bar fa-w-16 fa-2x\"><path fill=\"currentColor\" d=\"M396.8 352h22.4c6.4 0 12.8-6.4 12.8-12.8V108.8c0-6.4-6.4-12.8-12.8-12.8h-22.4c-6.4 0-12.8 6.4-12.8 12.8v230.4c0 6.4 6.4 12.8 12.8 12.8zm-192 0h22.4c6.4 0 12.8-6.4 12.8-12.8V140.8c0-6.4-6.4-12.8-12.8-12.8h-22.4c-6.4 0-12.8 6.4-12.8 12.8v198.4c0 6.4 6.4 12.8 12.8 12.8zm96 0h22.4c6.4 0 12.8-6.4 12.8-12.8V204.8c0-6.4-6.4-12.8-12.8-12.8h-22.4c-6.4 0-12.8 6.4-12.8 12.8v134.4c0 6.4 6.4 12.8 12.8 12.8zM496 400H48V80c0-8.84-7.16-16-16-16H16C7.16 64 0 71.16 0 80v336c0 17.67 14.33 32 32 32h464c8.84 0 16-7.16 16-16v-16c0-8.84-7.16-16-16-16zm-387.2-48h22.4c6.4 0 12.8-6.4 12.8-12.8v-70.4c0-6.4-6.4-12.8-12.8-12.8h-22.4c-6.4 0-12.8 6.4-12.8 12.8v70.4c0 6.4 6.4 12.8 12.8 12.8z\" class=\"\"><\/path><\/svg><\/i> <img loading=\"lazy\" decoding=\"async\" width=\"16\" height=\"16\" alt=\"Loading\" src=\"https:\/\/vocesdelacomuna15.com.ar\/wp-content\/plugins\/page-views-count\/ajax-loader-2x.gif\" border=0 \/><\/p><div class=\"pvc_clear\"><\/div>","protected":false},"excerpt":{"rendered":"<p>Efectivos de la Polic\u00eda de la Ciudad, con la intervenci\u00f3n del Centro de Monitoreo Urbano (CMU), detuvieron en las \u00faltimas horas a dos delincuentes que intentaban robar elementos de los autom\u00f3viles estacionados en la v\u00eda p\u00fablica en los barrios de Parque Chas y Villa Ort\u00fazar. Fuente: Enrique Grinberg (Buenosaires.gob.ar) Personal de la Comisar\u00eda Vecinal 15 [&hellip;]<\/p>\n<div class=\"pvc_clear\"><\/div>\n<p id=\"pvc_stats_63274\" class=\"pvc_stats all  \" data-element-id=\"63274\" style=\"\"><i class=\"pvc-stats-icon small\" aria-hidden=\"true\"><svg aria-hidden=\"true\" focusable=\"false\" data-prefix=\"far\" data-icon=\"chart-bar\" role=\"img\" xmlns=\"http:\/\/www.w3.org\/2000\/svg\" viewBox=\"0 0 512 512\" class=\"svg-inline--fa fa-chart-bar fa-w-16 fa-2x\"><path fill=\"currentColor\" d=\"M396.8 352h22.4c6.4 0 12.8-6.4 12.8-12.8V108.8c0-6.4-6.4-12.8-12.8-12.8h-22.4c-6.4 0-12.8 6.4-12.8 12.8v230.4c0 6.4 6.4 12.8 12.8 12.8zm-192 0h22.4c6.4 0 12.8-6.4 12.8-12.8V140.8c0-6.4-6.4-12.8-12.8-12.8h-22.4c-6.4 0-12.8 6.4-12.8 12.8v198.4c0 6.4 6.4 12.8 12.8 12.8zm96 0h22.4c6.4 0 12.8-6.4 12.8-12.8V204.8c0-6.4-6.4-12.8-12.8-12.8h-22.4c-6.4 0-12.8 6.4-12.8 12.8v134.4c0 6.4 6.4 12.8 12.8 12.8zM496 400H48V80c0-8.84-7.16-16-16-16H16C7.16 64 0 71.16 0 80v336c0 17.67 14.33 32 32 32h464c8.84 0 16-7.16 16-16v-16c0-8.84-7.16-16-16-16zm-387.2-48h22.4c6.4 0 12.8-6.4 12.8-12.8v-70.4c0-6.4-6.4-12.8-12.8-12.8h-22.4c-6.4 0-12.8 6.4-12.8 12.8v70.4c0 6.4 6.4 12.8 12.8 12.8z\" class=\"\"><\/path><\/svg><\/i> <img loading=\"lazy\" decoding=\"async\" width=\"16\" height=\"16\" alt=\"Loading\" src=\"https:\/\/vocesdelacomuna15.com.ar\/wp-content\/plugins\/page-views-count\/ajax-loader-2x.gif\" border=0 \/><\/p>\n<div class=\"pvc_clear\"><\/div>\n","protected":false},"author":2,"featured_media":63275,"comment_status":"open","ping_status":"open","sticky":false,"template":"","format":"standard","meta":{"_et_pb_use_builder":"off","_et_pb_old_content":"","_et_gb_content_width":"","footnotes":""},"categories":[23,30,28,33],"tags":[],"class_list":["post-63274","post","type-post","status-publish","format-standard","has-post-thumbnail","hentry","category-chacarita","category-pchas","category-policial","category-vort","et-has-post-format-content","et_post_format-et-post-format-standard"],"a3_pvc":{"activated":true,"total_views":103,"today_views":0},"yoast_head":"<!-- This site is optimized with the Yoast SEO plugin v27.5 - https:\/\/yoast.com\/product\/yoast-seo-wordpress\/ -->\n<title>Por las c\u00e1maras del CMU, la Polic\u00eda de la Ciudad detuvo a dos ladrones de coches - Voces de la Comuna 15<\/title>\n<meta name=\"description\" content=\"Voces de la Comuna 15\" \/>\n<meta name=\"robots\" content=\"index, follow, max-snippet:-1, max-image-preview:large, max-video-preview:-1\" \/>\n<link rel=\"canonical\" href=\"https:\/\/vocesdelacomuna15.com.ar\/press\/por-las-camaras-del-cmu-la-policia-de-la-ciudad-detuvo-a-dos-ladrones-de-coches\/\" \/>\n<meta property=\"og:locale\" content=\"es_ES\" \/>\n<meta property=\"og:type\" content=\"article\" \/>\n<meta property=\"og:title\" content=\"Por las c\u00e1maras del CMU, la Polic\u00eda de la Ciudad detuvo a dos ladrones de coches - Voces de la Comuna 15\" \/>\n<meta property=\"og:description\" content=\"Voces de la Comuna 15\" \/>\n<meta property=\"og:url\" content=\"https:\/\/vocesdelacomuna15.com.ar\/press\/por-las-camaras-del-cmu-la-policia-de-la-ciudad-detuvo-a-dos-ladrones-de-coches\/\" \/>\n<meta property=\"og:site_name\" content=\"Voces de la Comuna 15\" \/>\n<meta property=\"article:publisher\" content=\"https:\/\/www.facebook.com\/VocesComuna15\/\" \/>\n<meta property=\"article:published_time\" content=\"2024-03-25T14:46:53+00:00\" \/>\n<meta property=\"article:modified_time\" content=\"2024-03-25T14:47:11+00:00\" \/>\n<meta property=\"og:image\" content=\"https:\/\/vocesdelacomuna15.com.ar\/wp-content\/uploads\/2024\/03\/06.jpeg\" \/>\n\t<meta property=\"og:image:width\" content=\"1248\" \/>\n\t<meta property=\"og:image:height\" content=\"560\" \/>\n\t<meta property=\"og:image:type\" content=\"image\/jpeg\" \/>\n<meta name=\"author\" content=\"Federico Arguto\" \/>\n<meta name=\"twitter:card\" content=\"summary_large_image\" \/>\n<meta name=\"twitter:creator\" content=\"@vocescomuna15\" \/>\n<meta name=\"twitter:site\" content=\"@vocescomuna15\" \/>\n<meta name=\"twitter:label1\" content=\"Escrito por\" \/>\n\t<meta name=\"twitter:data1\" content=\"Federico Arguto\" \/>\n\t<meta name=\"twitter:label2\" content=\"Tiempo de lectura\" \/>\n\t<meta name=\"twitter:data2\" content=\"2 minutos\" \/>\n<script type=\"application\/ld+json\" class=\"yoast-schema-graph\">{\"@context\":\"https:\\\/\\\/schema.org\",\"@graph\":[{\"@type\":\"Article\",\"@id\":\"https:\\\/\\\/vocesdelacomuna15.com.ar\\\/press\\\/por-las-camaras-del-cmu-la-policia-de-la-ciudad-detuvo-a-dos-ladrones-de-coches\\\/#article\",\"isPartOf\":{\"@id\":\"https:\\\/\\\/vocesdelacomuna15.com.ar\\\/press\\\/por-las-camaras-del-cmu-la-policia-de-la-ciudad-detuvo-a-dos-ladrones-de-coches\\\/\"},\"author\":{\"name\":\"Federico Arguto\",\"@id\":\"https:\\\/\\\/vocesdelacomuna15.com.ar\\\/press\\\/#\\\/schema\\\/person\\\/4739e109db25d799cd3d139eeb509e43\"},\"headline\":\"Por las c\u00e1maras del CMU, la Polic\u00eda de la Ciudad detuvo a dos ladrones de coches\",\"datePublished\":\"2024-03-25T14:46:53+00:00\",\"dateModified\":\"2024-03-25T14:47:11+00:00\",\"mainEntityOfPage\":{\"@id\":\"https:\\\/\\\/vocesdelacomuna15.com.ar\\\/press\\\/por-las-camaras-del-cmu-la-policia-de-la-ciudad-detuvo-a-dos-ladrones-de-coches\\\/\"},\"wordCount\":342,\"commentCount\":0,\"publisher\":{\"@id\":\"https:\\\/\\\/vocesdelacomuna15.com.ar\\\/press\\\/#organization\"},\"image\":{\"@id\":\"https:\\\/\\\/vocesdelacomuna15.com.ar\\\/press\\\/por-las-camaras-del-cmu-la-policia-de-la-ciudad-detuvo-a-dos-ladrones-de-coches\\\/#primaryimage\"},\"thumbnailUrl\":\"https:\\\/\\\/vocesdelacomuna15.com.ar\\\/wp-content\\\/uploads\\\/2024\\\/03\\\/06.jpeg\",\"articleSection\":[\"Chacarita\",\"Parque chas\",\"Policial\",\"Villa Ort\u00fazar\"],\"inLanguage\":\"es-AR\",\"potentialAction\":[{\"@type\":\"CommentAction\",\"name\":\"Comment\",\"target\":[\"https:\\\/\\\/vocesdelacomuna15.com.ar\\\/press\\\/por-las-camaras-del-cmu-la-policia-de-la-ciudad-detuvo-a-dos-ladrones-de-coches\\\/#respond\"]}]},{\"@type\":\"WebPage\",\"@id\":\"https:\\\/\\\/vocesdelacomuna15.com.ar\\\/press\\\/por-las-camaras-del-cmu-la-policia-de-la-ciudad-detuvo-a-dos-ladrones-de-coches\\\/\",\"url\":\"https:\\\/\\\/vocesdelacomuna15.com.ar\\\/press\\\/por-las-camaras-del-cmu-la-policia-de-la-ciudad-detuvo-a-dos-ladrones-de-coches\\\/\",\"name\":\"Por las c\u00e1maras del CMU, la Polic\u00eda de la Ciudad detuvo a dos ladrones de coches - Voces de la Comuna 15\",\"isPartOf\":{\"@id\":\"https:\\\/\\\/vocesdelacomuna15.com.ar\\\/press\\\/#website\"},\"primaryImageOfPage\":{\"@id\":\"https:\\\/\\\/vocesdelacomuna15.com.ar\\\/press\\\/por-las-camaras-del-cmu-la-policia-de-la-ciudad-detuvo-a-dos-ladrones-de-coches\\\/#primaryimage\"},\"image\":{\"@id\":\"https:\\\/\\\/vocesdelacomuna15.com.ar\\\/press\\\/por-las-camaras-del-cmu-la-policia-de-la-ciudad-detuvo-a-dos-ladrones-de-coches\\\/#primaryimage\"},\"thumbnailUrl\":\"https:\\\/\\\/vocesdelacomuna15.com.ar\\\/wp-content\\\/uploads\\\/2024\\\/03\\\/06.jpeg\",\"datePublished\":\"2024-03-25T14:46:53+00:00\",\"dateModified\":\"2024-03-25T14:47:11+00:00\",\"description\":\"Voces de la Comuna 15\",\"breadcrumb\":{\"@id\":\"https:\\\/\\\/vocesdelacomuna15.com.ar\\\/press\\\/por-las-camaras-del-cmu-la-policia-de-la-ciudad-detuvo-a-dos-ladrones-de-coches\\\/#breadcrumb\"},\"inLanguage\":\"es-AR\",\"potentialAction\":[{\"@type\":\"ReadAction\",\"target\":[\"https:\\\/\\\/vocesdelacomuna15.com.ar\\\/press\\\/por-las-camaras-del-cmu-la-policia-de-la-ciudad-detuvo-a-dos-ladrones-de-coches\\\/\"]}]},{\"@type\":\"ImageObject\",\"inLanguage\":\"es-AR\",\"@id\":\"https:\\\/\\\/vocesdelacomuna15.com.ar\\\/press\\\/por-las-camaras-del-cmu-la-policia-de-la-ciudad-detuvo-a-dos-ladrones-de-coches\\\/#primaryimage\",\"url\":\"https:\\\/\\\/vocesdelacomuna15.com.ar\\\/wp-content\\\/uploads\\\/2024\\\/03\\\/06.jpeg\",\"contentUrl\":\"https:\\\/\\\/vocesdelacomuna15.com.ar\\\/wp-content\\\/uploads\\\/2024\\\/03\\\/06.jpeg\",\"width\":1248,\"height\":560},{\"@type\":\"BreadcrumbList\",\"@id\":\"https:\\\/\\\/vocesdelacomuna15.com.ar\\\/press\\\/por-las-camaras-del-cmu-la-policia-de-la-ciudad-detuvo-a-dos-ladrones-de-coches\\\/#breadcrumb\",\"itemListElement\":[{\"@type\":\"ListItem\",\"position\":1,\"name\":\"Inicio\",\"item\":\"https:\\\/\\\/vocesdelacomuna15.com.ar\\\/press\\\/\"},{\"@type\":\"ListItem\",\"position\":2,\"name\":\"Por las c\u00e1maras del CMU, la Polic\u00eda de la Ciudad detuvo a dos ladrones de coches\"}]},{\"@type\":\"WebSite\",\"@id\":\"https:\\\/\\\/vocesdelacomuna15.com.ar\\\/press\\\/#website\",\"url\":\"https:\\\/\\\/vocesdelacomuna15.com.ar\\\/press\\\/\",\"name\":\"Voces de la Comuna 15\",\"description\":\"Sitio web de noticias\",\"publisher\":{\"@id\":\"https:\\\/\\\/vocesdelacomuna15.com.ar\\\/press\\\/#organization\"},\"potentialAction\":[{\"@type\":\"SearchAction\",\"target\":{\"@type\":\"EntryPoint\",\"urlTemplate\":\"https:\\\/\\\/vocesdelacomuna15.com.ar\\\/press\\\/?s={search_term_string}\"},\"query-input\":{\"@type\":\"PropertyValueSpecification\",\"valueRequired\":true,\"valueName\":\"search_term_string\"}}],\"inLanguage\":\"es-AR\"},{\"@type\":\"Organization\",\"@id\":\"https:\\\/\\\/vocesdelacomuna15.com.ar\\\/press\\\/#organization\",\"name\":\"Voces de la Comuna 15\",\"url\":\"https:\\\/\\\/vocesdelacomuna15.com.ar\\\/press\\\/\",\"logo\":{\"@type\":\"ImageObject\",\"inLanguage\":\"es-AR\",\"@id\":\"https:\\\/\\\/vocesdelacomuna15.com.ar\\\/press\\\/#\\\/schema\\\/logo\\\/image\\\/\",\"url\":\"https:\\\/\\\/vocesdelacomuna15.com.ar\\\/wp-content\\\/uploads\\\/2024\\\/12\\\/cropped-logo_voces.jpg\",\"contentUrl\":\"https:\\\/\\\/vocesdelacomuna15.com.ar\\\/wp-content\\\/uploads\\\/2024\\\/12\\\/cropped-logo_voces.jpg\",\"width\":512,\"height\":512,\"caption\":\"Voces de la Comuna 15\"},\"image\":{\"@id\":\"https:\\\/\\\/vocesdelacomuna15.com.ar\\\/press\\\/#\\\/schema\\\/logo\\\/image\\\/\"},\"sameAs\":[\"https:\\\/\\\/www.facebook.com\\\/VocesComuna15\\\/\",\"https:\\\/\\\/x.com\\\/vocescomuna15\"]},{\"@type\":\"Person\",\"@id\":\"https:\\\/\\\/vocesdelacomuna15.com.ar\\\/press\\\/#\\\/schema\\\/person\\\/4739e109db25d799cd3d139eeb509e43\",\"name\":\"Federico Arguto\",\"image\":{\"@type\":\"ImageObject\",\"inLanguage\":\"es-AR\",\"@id\":\"https:\\\/\\\/vocesdelacomuna15.com.ar\\\/wp-content\\\/litespeed\\\/avatar\\\/82faf979976f1bae889b8b71f8a0a7e5.jpg?ver=1777419741\",\"url\":\"https:\\\/\\\/vocesdelacomuna15.com.ar\\\/wp-content\\\/litespeed\\\/avatar\\\/82faf979976f1bae889b8b71f8a0a7e5.jpg?ver=1777419741\",\"contentUrl\":\"https:\\\/\\\/vocesdelacomuna15.com.ar\\\/wp-content\\\/litespeed\\\/avatar\\\/82faf979976f1bae889b8b71f8a0a7e5.jpg?ver=1777419741\",\"caption\":\"Federico Arguto\"},\"url\":\"https:\\\/\\\/vocesdelacomuna15.com.ar\\\/press\\\/author\\\/fede\\\/\"}]}<\/script>\n<!-- \/ Yoast SEO plugin. -->","yoast_head_json":{"title":"Por las c\u00e1maras del CMU, la Polic\u00eda de la Ciudad detuvo a dos ladrones de coches - Voces de la Comuna 15","description":"Voces de la Comuna 15","robots":{"index":"index","follow":"follow","max-snippet":"max-snippet:-1","max-image-preview":"max-image-preview:large","max-video-preview":"max-video-preview:-1"},"canonical":"https:\/\/vocesdelacomuna15.com.ar\/press\/por-las-camaras-del-cmu-la-policia-de-la-ciudad-detuvo-a-dos-ladrones-de-coches\/","og_locale":"es_ES","og_type":"article","og_title":"Por las c\u00e1maras del CMU, la Polic\u00eda de la Ciudad detuvo a dos ladrones de coches - Voces de la Comuna 15","og_description":"Voces de la Comuna 15","og_url":"https:\/\/vocesdelacomuna15.com.ar\/press\/por-las-camaras-del-cmu-la-policia-de-la-ciudad-detuvo-a-dos-ladrones-de-coches\/","og_site_name":"Voces de la Comuna 15","article_publisher":"https:\/\/www.facebook.com\/VocesComuna15\/","article_published_time":"2024-03-25T14:46:53+00:00","article_modified_time":"2024-03-25T14:47:11+00:00","og_image":[{"width":1248,"height":560,"url":"https:\/\/vocesdelacomuna15.com.ar\/wp-content\/uploads\/2024\/03\/06.jpeg","type":"image\/jpeg"}],"author":"Federico Arguto","twitter_card":"summary_large_image","twitter_creator":"@vocescomuna15","twitter_site":"@vocescomuna15","twitter_misc":{"Escrito por":"Federico Arguto","Tiempo de lectura":"2 minutos"},"schema":{"@context":"https:\/\/schema.org","@graph":[{"@type":"Article","@id":"https:\/\/vocesdelacomuna15.com.ar\/press\/por-las-camaras-del-cmu-la-policia-de-la-ciudad-detuvo-a-dos-ladrones-de-coches\/#article","isPartOf":{"@id":"https:\/\/vocesdelacomuna15.com.ar\/press\/por-las-camaras-del-cmu-la-policia-de-la-ciudad-detuvo-a-dos-ladrones-de-coches\/"},"author":{"name":"Federico Arguto","@id":"https:\/\/vocesdelacomuna15.com.ar\/press\/#\/schema\/person\/4739e109db25d799cd3d139eeb509e43"},"headline":"Por las c\u00e1maras del CMU, la Polic\u00eda de la Ciudad detuvo a dos ladrones de coches","datePublished":"2024-03-25T14:46:53+00:00","dateModified":"2024-03-25T14:47:11+00:00","mainEntityOfPage":{"@id":"https:\/\/vocesdelacomuna15.com.ar\/press\/por-las-camaras-del-cmu-la-policia-de-la-ciudad-detuvo-a-dos-ladrones-de-coches\/"},"wordCount":342,"commentCount":0,"publisher":{"@id":"https:\/\/vocesdelacomuna15.com.ar\/press\/#organization"},"image":{"@id":"https:\/\/vocesdelacomuna15.com.ar\/press\/por-las-camaras-del-cmu-la-policia-de-la-ciudad-detuvo-a-dos-ladrones-de-coches\/#primaryimage"},"thumbnailUrl":"https:\/\/vocesdelacomuna15.com.ar\/wp-content\/uploads\/2024\/03\/06.jpeg","articleSection":["Chacarita","Parque chas","Policial","Villa Ort\u00fazar"],"inLanguage":"es-AR","potentialAction":[{"@type":"CommentAction","name":"Comment","target":["https:\/\/vocesdelacomuna15.com.ar\/press\/por-las-camaras-del-cmu-la-policia-de-la-ciudad-detuvo-a-dos-ladrones-de-coches\/#respond"]}]},{"@type":"WebPage","@id":"https:\/\/vocesdelacomuna15.com.ar\/press\/por-las-camaras-del-cmu-la-policia-de-la-ciudad-detuvo-a-dos-ladrones-de-coches\/","url":"https:\/\/vocesdelacomuna15.com.ar\/press\/por-las-camaras-del-cmu-la-policia-de-la-ciudad-detuvo-a-dos-ladrones-de-coches\/","name":"Por las c\u00e1maras del CMU, la Polic\u00eda de la Ciudad detuvo a dos ladrones de coches - Voces de la Comuna 15","isPartOf":{"@id":"https:\/\/vocesdelacomuna15.com.ar\/press\/#website"},"primaryImageOfPage":{"@id":"https:\/\/vocesdelacomuna15.com.ar\/press\/por-las-camaras-del-cmu-la-policia-de-la-ciudad-detuvo-a-dos-ladrones-de-coches\/#primaryimage"},"image":{"@id":"https:\/\/vocesdelacomuna15.com.ar\/press\/por-las-camaras-del-cmu-la-policia-de-la-ciudad-detuvo-a-dos-ladrones-de-coches\/#primaryimage"},"thumbnailUrl":"https:\/\/vocesdelacomuna15.com.ar\/wp-content\/uploads\/2024\/03\/06.jpeg","datePublished":"2024-03-25T14:46:53+00:00","dateModified":"2024-03-25T14:47:11+00:00","description":"Voces de la Comuna 15","breadcrumb":{"@id":"https:\/\/vocesdelacomuna15.com.ar\/press\/por-las-camaras-del-cmu-la-policia-de-la-ciudad-detuvo-a-dos-ladrones-de-coches\/#breadcrumb"},"inLanguage":"es-AR","potentialAction":[{"@type":"ReadAction","target":["https:\/\/vocesdelacomuna15.com.ar\/press\/por-las-camaras-del-cmu-la-policia-de-la-ciudad-detuvo-a-dos-ladrones-de-coches\/"]}]},{"@type":"ImageObject","inLanguage":"es-AR","@id":"https:\/\/vocesdelacomuna15.com.ar\/press\/por-las-camaras-del-cmu-la-policia-de-la-ciudad-detuvo-a-dos-ladrones-de-coches\/#primaryimage","url":"https:\/\/vocesdelacomuna15.com.ar\/wp-content\/uploads\/2024\/03\/06.jpeg","contentUrl":"https:\/\/vocesdelacomuna15.com.ar\/wp-content\/uploads\/2024\/03\/06.jpeg","width":1248,"height":560},{"@type":"BreadcrumbList","@id":"https:\/\/vocesdelacomuna15.com.ar\/press\/por-las-camaras-del-cmu-la-policia-de-la-ciudad-detuvo-a-dos-ladrones-de-coches\/#breadcrumb","itemListElement":[{"@type":"ListItem","position":1,"name":"Inicio","item":"https:\/\/vocesdelacomuna15.com.ar\/press\/"},{"@type":"ListItem","position":2,"name":"Por las c\u00e1maras del CMU, la Polic\u00eda de la Ciudad detuvo a dos ladrones de coches"}]},{"@type":"WebSite","@id":"https:\/\/vocesdelacomuna15.com.ar\/press\/#website","url":"https:\/\/vocesdelacomuna15.com.ar\/press\/","name":"Voces de la Comuna 15","description":"Sitio web de noticias","publisher":{"@id":"https:\/\/vocesdelacomuna15.com.ar\/press\/#organization"},"potentialAction":[{"@type":"SearchAction","target":{"@type":"EntryPoint","urlTemplate":"https:\/\/vocesdelacomuna15.com.ar\/press\/?s={search_term_string}"},"query-input":{"@type":"PropertyValueSpecification","valueRequired":true,"valueName":"search_term_string"}}],"inLanguage":"es-AR"},{"@type":"Organization","@id":"https:\/\/vocesdelacomuna15.com.ar\/press\/#organization","name":"Voces de la Comuna 15","url":"https:\/\/vocesdelacomuna15.com.ar\/press\/","logo":{"@type":"ImageObject","inLanguage":"es-AR","@id":"https:\/\/vocesdelacomuna15.com.ar\/press\/#\/schema\/logo\/image\/","url":"https:\/\/vocesdelacomuna15.com.ar\/wp-content\/uploads\/2024\/12\/cropped-logo_voces.jpg","contentUrl":"https:\/\/vocesdelacomuna15.com.ar\/wp-content\/uploads\/2024\/12\/cropped-logo_voces.jpg","width":512,"height":512,"caption":"Voces de la Comuna 15"},"image":{"@id":"https:\/\/vocesdelacomuna15.com.ar\/press\/#\/schema\/logo\/image\/"},"sameAs":["https:\/\/www.facebook.com\/VocesComuna15\/","https:\/\/x.com\/vocescomuna15"]},{"@type":"Person","@id":"https:\/\/vocesdelacomuna15.com.ar\/press\/#\/schema\/person\/4739e109db25d799cd3d139eeb509e43","name":"Federico Arguto","image":{"@type":"ImageObject","inLanguage":"es-AR","@id":"https:\/\/vocesdelacomuna15.com.ar\/wp-content\/litespeed\/avatar\/82faf979976f1bae889b8b71f8a0a7e5.jpg?ver=1777419741","url":"https:\/\/vocesdelacomuna15.com.ar\/wp-content\/litespeed\/avatar\/82faf979976f1bae889b8b71f8a0a7e5.jpg?ver=1777419741","contentUrl":"https:\/\/vocesdelacomuna15.com.ar\/wp-content\/litespeed\/avatar\/82faf979976f1bae889b8b71f8a0a7e5.jpg?ver=1777419741","caption":"Federico Arguto"},"url":"https:\/\/vocesdelacomuna15.com.ar\/press\/author\/fede\/"}]}},"_links":{"self":[{"href":"https:\/\/vocesdelacomuna15.com.ar\/press\/wp-json\/wp\/v2\/posts\/63274","targetHints":{"allow":["GET"]}}],"collection":[{"href":"https:\/\/vocesdelacomuna15.com.ar\/press\/wp-json\/wp\/v2\/posts"}],"about":[{"href":"https:\/\/vocesdelacomuna15.com.ar\/press\/wp-json\/wp\/v2\/types\/post"}],"author":[{"embeddable":true,"href":"https:\/\/vocesdelacomuna15.com.ar\/press\/wp-json\/wp\/v2\/users\/2"}],"replies":[{"embeddable":true,"href":"https:\/\/vocesdelacomuna15.com.ar\/press\/wp-json\/wp\/v2\/comments?post=63274"}],"version-history":[{"count":1,"href":"https:\/\/vocesdelacomuna15.com.ar\/press\/wp-json\/wp\/v2\/posts\/63274\/revisions"}],"predecessor-version":[{"id":63276,"href":"https:\/\/vocesdelacomuna15.com.ar\/press\/wp-json\/wp\/v2\/posts\/63274\/revisions\/63276"}],"wp:featuredmedia":[{"embeddable":true,"href":"https:\/\/vocesdelacomuna15.com.ar\/press\/wp-json\/wp\/v2\/media\/63275"}],"wp:attachment":[{"href":"https:\/\/vocesdelacomuna15.com.ar\/press\/wp-json\/wp\/v2\/media?parent=63274"}],"wp:term":[{"taxonomy":"category","embeddable":true,"href":"https:\/\/vocesdelacomuna15.com.ar\/press\/wp-json\/wp\/v2\/categories?post=63274"},{"taxonomy":"post_tag","embeddable":true,"href":"https:\/\/vocesdelacomuna15.com.ar\/press\/wp-json\/wp\/v2\/tags?post=63274"}],"curies":[{"name":"wp","href":"https:\/\/api.w.org\/{rel}","templated":true}]}}