{"id":63267,"date":"2024-03-22T16:49:00","date_gmt":"2024-03-22T19:49:00","guid":{"rendered":"https:\/\/vocesdelacomuna15.com.ar\/?p=63267"},"modified":"2024-03-22T16:56:09","modified_gmt":"2024-03-22T19:56:09","slug":"24-de-marzo-toda-la-agenda-de-la-marcha-y-actos-por-el-dia-de-la-memoria","status":"publish","type":"post","link":"https:\/\/vocesdelacomuna15.com.ar\/press\/24-de-marzo-toda-la-agenda-de-la-marcha-y-actos-por-el-dia-de-la-memoria\/","title":{"rendered":"24 de marzo: toda la agenda de la marcha y actos por el D\u00eda de la Memoria"},"content":{"rendered":"\n<p>A 48 a\u00f1os del Golpe de Estado: calendario de eventos 2024. En el D\u00eda Nacional de la Memoria por la Verdad y la Justicia los organismos de Derechos Humanos se movilizar\u00e1n en toda la Argentina para conmemorar a los 30 mil desaparecidos por la dictadura c\u00edvico-militar y rechazar las manifestaciones negacionistas del gobierno de Javier Milei. La actividad en Rosario, Mar del Plata y La Plata. Fuente: P\u00e1gina 12<\/p>\n\n\n\n<p>Link a nota original: <a href=\"https:\/\/www.pagina12.com.ar\/722191-dia-de-la-memoria-2024-agenda-completa-de-la-marcha-y-actos-\">https:\/\/www.pagina12.com.ar\/722191-dia-de-la-memoria-2024-agenda-completa-de-la-marcha-y-actos-<\/a><\/p>\n\n\n\n<p><a href=\"https:\/\/www.argentina.gob.ar\/educacion\/efemerides\/24-marzo-memoria\" target=\"_blank\" rel=\"noreferrer noopener\">En el D\u00eda Nacional de la Memoria por la Verdad <\/a>y la Justicia y a 48 a\u00f1os del golpe de Estado de 1976,los organismos de Derechos Humanos convocarona una <strong>movilizaci\u00f3n masiva hacia la Casa Rosada para este domingo 24 de marzo, desde las 12<\/strong>.<\/p>\n\n\n\n<p>En el primer a\u00f1o de gobierno del presidente <strong>Javier Milei<\/strong>,&nbsp;<a href=\"https:\/\/www.pagina12.com.ar\/721579-preparativos-para-una-movilizacion-historica\">las calles volver\u00e1n a hacer eco del reclamo de<strong>&nbsp;Memoria<\/strong>, <strong>Verdad y Justicia<\/strong><\/a> para las v\u00edctimas del terrorismo de Estado y replicar\u00e1n las denuncias hacia el plan econ\u00f3mico de ajuste y el negacionismo de la dictadura por parte de la actual Administraci\u00f3n nacional.<\/p>\n\n\n\n<h2 class=\"wp-block-heading\">24 de Marzo: horario y puntos de encuentro de las marchas y discursos<\/h2>\n\n\n\n<p>En conmemoraci\u00f3n del D\u00eda Nacional de la Memoria, los organismos hist\u00f3ricos de derechos humanos, en acompa\u00f1amiento con la CGT junto y las dos CTA, <strong>llamaron a marchar a partir de las 12<\/strong> <strong>del domingo 24 de marzo a Plaza de Mayo<\/strong>, donde,<strong> a las 14<\/strong>,<strong> se leer\u00e1 el documento oficial desde un escenario<\/strong>.&nbsp;<\/p>\n\n\n\n<p>De acuerdo con un comunicado difundido en las redes sociales, las voces de la convocatoria en el 48\u00ba aniversario del Golpe de Estado son: <strong>Abuelas de Plaza de Mayo<\/strong>, <strong>Madres de Plaza de Mayo L\u00ednea Fundadora<\/strong>, <strong>Familiares de Desaparecidos y Detenidos por Razones Pol\u00edticas<\/strong>, <strong>H.I.J.O.S<\/strong> <strong>Capital<\/strong>, la<strong> Asamblea Permanente por los Derechos Humanos<\/strong>, <strong>Asamblea Permanente por los Derechos Humanos La Matanza<\/strong>, <strong>Asociaci\u00f3n Buena Memoria<\/strong>, <strong>Centro de Estudios Legales y Sociales (CELS)<\/strong>, <strong>Comisi\u00f3n de Memoria<\/strong>, <strong>Verdad y Justicia Zona Norte<\/strong>, <strong>Familiares y Compa\u00f1eros de los 12 de la Santa Cruz<\/strong>, <strong>Fundaci\u00f3n Memoria Hist\u00f3rica Argentina<\/strong>,<strong> Liga Argentina de los Derechos Humanos<\/strong>, y el&nbsp;<strong>Movimiento Ecum\u00e9nico por los Derechos Humanos<\/strong>.<\/p>\n\n\n\n<p>Por otra parte,<strong> la organizaci\u00f3n Encuentro Memoria<\/strong>,<strong> Verdad y Justicia y agrupaciones de izquierda se movilizar\u00e1n y realizar\u00e1n un acto tambi\u00e9n en Plaza de Mayo ese d\u00eda<\/strong>,<strong> pero de forma diferenciada<\/strong>. La concentraci\u00f3n en la Ciudad de Buenos Aires ser\u00e1 en la intersecci\u00f3n de la Avenida 9 de Julio y la Avenida de Mayo <strong>desde las 14<\/strong>, y la lectura de <strong>su documento ser\u00e1 a las 16:30<\/strong>.<\/p>\n\n\n\n<p>Por su parte, <strong>la Asociaci\u00f3n Madres de Plaza de Mayo<\/strong> llam\u00f3 a la militancia a encontrarse a&nbsp;las 11de ese d\u00eda en la <strong>Casa de las Madres<\/strong>, sobre Avenida Hip\u00f3lito Yrigoyen 1584. <strong>A partir de las 13<\/strong>, se llevar\u00e1 a cabo un <strong>acto<\/strong> con la presencia de referentes de la organizaci\u00f3n, como <strong>Andr\u00e9s &#8220;Cuervo&#8221; Larroque<\/strong>, <strong>Mario Secco<\/strong>,<strong>&nbsp;Cristina Caama\u00f1o<\/strong>, y&nbsp;<strong>Daniel &#8220;El Tano&#8221; Catalano<\/strong>;&nbsp; y se realizar\u00e1n diferentes manifestaciones discursivas y art\u00edsticas.<\/p>\n\n\n\n<h2 class=\"wp-block-heading\">Agenda de marchas y eventos en Mar del Plata, Rosario, La Plata<\/h2>\n\n\n\n<h3 class=\"wp-block-heading\">\u00b7&nbsp;&nbsp;&nbsp;&nbsp;&nbsp;&nbsp;&nbsp;&nbsp; Rosario<\/h3>\n\n\n\n<p>De acuerdo con lo indicado por la&nbsp;Mesa Coordinadora de Organismos de Derechos Humanos de Rosario al medio Conclusi\u00f3n, la movilizaci\u00f3n del pr\u00f3ximo domingo <strong>comenzar\u00e1 a las 14 con una concentraci\u00f3n<\/strong> <strong>en la plaza San Mart\u00edn<\/strong>, mientras que <strong>cerca de las 15 las columnas partir\u00e1n hacia el Parque Nacional a la Bandera<\/strong>.<\/p>\n\n\n\n<p>A diferencia de otros a\u00f1os, esta vez, la marcha por el D\u00eda de la Memoria no pasar\u00e1 por los Tribunales Federales de Oro\u00f1o al 900. El organismo inform\u00f3 que <strong>adelant\u00f3 el horario de la movilizaci\u00f3n por <\/strong>&#8220;<strong>la situaci\u00f3n de violencia que atraviesa la ciudad<\/strong>&#8220;, para que los manifestantes puedan regresar a sus hogares en un horario diurno.&nbsp;<\/p>\n\n\n\n<p>En el Parque a la Bandera se montar\u00e1 un escenario en el que habr\u00e1 m\u00fasica en vivo y, una vez que lleguen todos los manifestantes, se leer\u00e1 un documento para dar por finalizado el acto. Prev\u00e9n que las actividades terminen entre las 17 y las 18.<\/p>\n\n\n\n<h3 class=\"wp-block-heading\">\u00b7&nbsp;&nbsp;&nbsp;&nbsp;&nbsp;&nbsp;&nbsp;&nbsp; Mar del Plata<\/h3>\n\n\n\n<p>En Mar del Plata, las organizaciones de Derechos Humanos dieron a conocer un documento consensuado elaborado a 48 a\u00f1os del golpe de Estado denominado \u201cM\u00e1s de 30 mil razones para defender la Patria\u201d, donde resaltan su adhesi\u00f3n a las movilizaciones y discursos que reivindican la memoria de los 30 mil desaparecidos para este domingo a nivel federal.<\/p>\n\n\n\n<p>El documento fue firmado por Abuelas Plaza de Mayo Filial Mar del Plata \u2013 APDH Regional Mar del Plata, Asociaci\u00f3n de Familiares de Detenidos Desaparecidos y V\u00edctimas del Terrorismo de Estado del Centro y Sur de la Provincia de Buenos Aires, Colectivo Faro de la Memoria, Espacio para la Memoria Ex CCD ESIM Asociaci\u00f3n Nacional de ex Presos Pol\u00edticos &#8211; Hijos Resiste &#8211; Asociaci\u00f3n de ex Detenidos Pol\u00edticos del Sudeste y Nietes Mar del Plata.<\/p>\n\n\n\n<p>En el Consejo Deliberante marplatense invit\u00f3 a una Sesi\u00f3n P\u00fablica Especial para las 10. En tanto, la Asamblea Pernanente de Derechos Humanos de la ciudad balnearia inform\u00f3 que la partida de la marcha por &#8220;la Verdad, la Memoria y la Justicia&#8221; partir\u00e1 el domingo desde Luro y Mitre a las 15.<\/p>\n\n\n\n<p>En tanto, en el marco de las actividades que se realizan por el D\u00eda de la Memoria, por la Verdad y la Justicia, y a partir de iniciativas e invitaciones varias, la Universidad Nacional de Mar del Plata inform\u00f3 que proyectar\u00e1 de forma gratuita el documental \u201cLa Memoria que habitamos\u201d,&nbsp;que aborda el asesinato de Silvia Filler, entre el 18 y el 24 de marzo en diversos espacios culturales e institucionales de la ciudad y otras localidades.<\/p>\n\n\n\n<p>La misma casa de altos estudios se\u00f1al\u00f3 que la Biblioteca Central presentar\u00e1 el mi\u00e9rcoles 20 de marzo a las 16:30 la muestra &#8220;M\u00e1s de 30.000 razones para recordar&#8221; de la artista pl\u00e1stica Laura Stringhini, quien estar\u00e1 presente en la inauguraci\u00f3n.<\/p>\n\n\n\n<h3 class=\"wp-block-heading\">\u00b7&nbsp;&nbsp;&nbsp;&nbsp;&nbsp;&nbsp;&nbsp;&nbsp; La Plata<\/h3>\n\n\n\n<p>La cartera de Turismo del Municipio de La Plata anunci\u00f3 para este domingo la organizaci\u00f3n de una gu\u00eda tur\u00edstica por la ciudad en bicicletas (propia de cada inscripto) y\/o en bus, &#8220;con el objetivo de reconocer los espacios marcados por el terrorismo de estado&#8221;, para &#8220;reflexionar sobre los horrores vividos durante la \u00faltima dictadura c\u00edvico-militar&#8221;.<\/p>\n\n\n\n<figure class=\"wp-block-image size-full\"><img loading=\"lazy\" decoding=\"async\" width=\"960\" height=\"612\" src=\"https:\/\/vocesdelacomuna15.com.ar\/wp-content\/uploads\/2024\/03\/824671-la-20plata-20memoria.jpg\" alt=\"\" class=\"wp-image-63269\" srcset=\"https:\/\/vocesdelacomuna15.com.ar\/wp-content\/uploads\/2024\/03\/824671-la-20plata-20memoria.jpg 960w, https:\/\/vocesdelacomuna15.com.ar\/wp-content\/uploads\/2024\/03\/824671-la-20plata-20memoria-300x191.jpg 300w, https:\/\/vocesdelacomuna15.com.ar\/wp-content\/uploads\/2024\/03\/824671-la-20plata-20memoria-768x490.jpg 768w\" sizes=\"(max-width: 960px) 100vw, 960px\" \/><\/figure>\n\n\n\n<p>El Municipio de la Plata organiza una actividad especial por el D\u00eda Nacional de la Memoria. (Imagen: captura de pantalla Instagram)<\/p>\n\n\n\n<p><\/p>\n\n\n\n<p>Foto: T\u00e9lam<\/p>\n<div class=\"pvc_clear\"><\/div><p id=\"pvc_stats_63267\" class=\"pvc_stats all  \" data-element-id=\"63267\" style=\"\"><i class=\"pvc-stats-icon small\" aria-hidden=\"true\"><svg aria-hidden=\"true\" focusable=\"false\" data-prefix=\"far\" data-icon=\"chart-bar\" role=\"img\" xmlns=\"http:\/\/www.w3.org\/2000\/svg\" viewBox=\"0 0 512 512\" class=\"svg-inline--fa fa-chart-bar fa-w-16 fa-2x\"><path fill=\"currentColor\" d=\"M396.8 352h22.4c6.4 0 12.8-6.4 12.8-12.8V108.8c0-6.4-6.4-12.8-12.8-12.8h-22.4c-6.4 0-12.8 6.4-12.8 12.8v230.4c0 6.4 6.4 12.8 12.8 12.8zm-192 0h22.4c6.4 0 12.8-6.4 12.8-12.8V140.8c0-6.4-6.4-12.8-12.8-12.8h-22.4c-6.4 0-12.8 6.4-12.8 12.8v198.4c0 6.4 6.4 12.8 12.8 12.8zm96 0h22.4c6.4 0 12.8-6.4 12.8-12.8V204.8c0-6.4-6.4-12.8-12.8-12.8h-22.4c-6.4 0-12.8 6.4-12.8 12.8v134.4c0 6.4 6.4 12.8 12.8 12.8zM496 400H48V80c0-8.84-7.16-16-16-16H16C7.16 64 0 71.16 0 80v336c0 17.67 14.33 32 32 32h464c8.84 0 16-7.16 16-16v-16c0-8.84-7.16-16-16-16zm-387.2-48h22.4c6.4 0 12.8-6.4 12.8-12.8v-70.4c0-6.4-6.4-12.8-12.8-12.8h-22.4c-6.4 0-12.8 6.4-12.8 12.8v70.4c0 6.4 6.4 12.8 12.8 12.8z\" class=\"\"><\/path><\/svg><\/i> <img loading=\"lazy\" decoding=\"async\" width=\"16\" height=\"16\" alt=\"Loading\" src=\"https:\/\/vocesdelacomuna15.com.ar\/wp-content\/plugins\/page-views-count\/ajax-loader-2x.gif\" border=0 \/><\/p><div class=\"pvc_clear\"><\/div>","protected":false},"excerpt":{"rendered":"<p>A 48 a\u00f1os del Golpe de Estado: calendario de eventos 2024. En el D\u00eda Nacional de la Memoria por la Verdad y la Justicia los organismos de Derechos Humanos se movilizar\u00e1n en toda la Argentina para conmemorar a los 30 mil desaparecidos por la dictadura c\u00edvico-militar y rechazar las manifestaciones negacionistas del gobierno de Javier [&hellip;]<\/p>\n<div class=\"pvc_clear\"><\/div>\n<p id=\"pvc_stats_63267\" class=\"pvc_stats all  \" data-element-id=\"63267\" style=\"\"><i class=\"pvc-stats-icon small\" aria-hidden=\"true\"><svg aria-hidden=\"true\" focusable=\"false\" data-prefix=\"far\" data-icon=\"chart-bar\" role=\"img\" xmlns=\"http:\/\/www.w3.org\/2000\/svg\" viewBox=\"0 0 512 512\" class=\"svg-inline--fa fa-chart-bar fa-w-16 fa-2x\"><path fill=\"currentColor\" d=\"M396.8 352h22.4c6.4 0 12.8-6.4 12.8-12.8V108.8c0-6.4-6.4-12.8-12.8-12.8h-22.4c-6.4 0-12.8 6.4-12.8 12.8v230.4c0 6.4 6.4 12.8 12.8 12.8zm-192 0h22.4c6.4 0 12.8-6.4 12.8-12.8V140.8c0-6.4-6.4-12.8-12.8-12.8h-22.4c-6.4 0-12.8 6.4-12.8 12.8v198.4c0 6.4 6.4 12.8 12.8 12.8zm96 0h22.4c6.4 0 12.8-6.4 12.8-12.8V204.8c0-6.4-6.4-12.8-12.8-12.8h-22.4c-6.4 0-12.8 6.4-12.8 12.8v134.4c0 6.4 6.4 12.8 12.8 12.8zM496 400H48V80c0-8.84-7.16-16-16-16H16C7.16 64 0 71.16 0 80v336c0 17.67 14.33 32 32 32h464c8.84 0 16-7.16 16-16v-16c0-8.84-7.16-16-16-16zm-387.2-48h22.4c6.4 0 12.8-6.4 12.8-12.8v-70.4c0-6.4-6.4-12.8-12.8-12.8h-22.4c-6.4 0-12.8 6.4-12.8 12.8v70.4c0 6.4 6.4 12.8 12.8 12.8z\" class=\"\"><\/path><\/svg><\/i> <img loading=\"lazy\" decoding=\"async\" width=\"16\" height=\"16\" alt=\"Loading\" src=\"https:\/\/vocesdelacomuna15.com.ar\/wp-content\/plugins\/page-views-count\/ajax-loader-2x.gif\" border=0 \/><\/p>\n<div class=\"pvc_clear\"><\/div>\n","protected":false},"author":2,"featured_media":63268,"comment_status":"open","ping_status":"open","sticky":false,"template":"","format":"standard","meta":{"_et_pb_use_builder":"off","_et_pb_old_content":"","_et_gb_content_width":"","footnotes":""},"categories":[8],"tags":[],"class_list":["post-63267","post","type-post","status-publish","format-standard","has-post-thumbnail","hentry","category-sociedad","et-has-post-format-content","et_post_format-et-post-format-standard"],"a3_pvc":{"activated":true,"total_views":192,"today_views":0},"yoast_head":"<!-- This site is optimized with the Yoast SEO plugin v27.5 - https:\/\/yoast.com\/product\/yoast-seo-wordpress\/ -->\n<title>24 de marzo: toda la agenda de la marcha y actos por el D\u00eda de la Memoria - Voces de la Comuna 15<\/title>\n<meta name=\"description\" content=\"Voces de la Comuna 15\" \/>\n<meta name=\"robots\" content=\"index, follow, max-snippet:-1, max-image-preview:large, max-video-preview:-1\" \/>\n<link rel=\"canonical\" href=\"https:\/\/vocesdelacomuna15.com.ar\/press\/24-de-marzo-toda-la-agenda-de-la-marcha-y-actos-por-el-dia-de-la-memoria\/\" \/>\n<meta property=\"og:locale\" content=\"es_ES\" \/>\n<meta property=\"og:type\" content=\"article\" \/>\n<meta property=\"og:title\" content=\"24 de marzo: toda la agenda de la marcha y actos por el D\u00eda de la Memoria - Voces de la Comuna 15\" \/>\n<meta property=\"og:description\" content=\"Voces de la Comuna 15\" \/>\n<meta property=\"og:url\" content=\"https:\/\/vocesdelacomuna15.com.ar\/press\/24-de-marzo-toda-la-agenda-de-la-marcha-y-actos-por-el-dia-de-la-memoria\/\" \/>\n<meta property=\"og:site_name\" content=\"Voces de la Comuna 15\" \/>\n<meta property=\"article:publisher\" content=\"https:\/\/www.facebook.com\/VocesComuna15\/\" \/>\n<meta property=\"article:published_time\" content=\"2024-03-22T19:49:00+00:00\" \/>\n<meta property=\"article:modified_time\" content=\"2024-03-22T19:56:09+00:00\" \/>\n<meta property=\"og:image\" content=\"https:\/\/vocesdelacomuna15.com.ar\/wp-content\/uploads\/2024\/03\/nunca-mas-telam.jpg\" \/>\n\t<meta property=\"og:image:width\" content=\"960\" \/>\n\t<meta property=\"og:image:height\" content=\"640\" \/>\n\t<meta property=\"og:image:type\" content=\"image\/jpeg\" \/>\n<meta name=\"author\" content=\"Federico Arguto\" \/>\n<meta name=\"twitter:card\" content=\"summary_large_image\" \/>\n<meta name=\"twitter:creator\" content=\"@vocescomuna15\" \/>\n<meta name=\"twitter:site\" content=\"@vocescomuna15\" \/>\n<meta name=\"twitter:label1\" content=\"Escrito por\" \/>\n\t<meta name=\"twitter:data1\" content=\"Federico Arguto\" \/>\n\t<meta name=\"twitter:label2\" content=\"Tiempo de lectura\" \/>\n\t<meta name=\"twitter:data2\" content=\"6 minutos\" \/>\n<script type=\"application\/ld+json\" class=\"yoast-schema-graph\">{\"@context\":\"https:\\\/\\\/schema.org\",\"@graph\":[{\"@type\":\"Article\",\"@id\":\"https:\\\/\\\/vocesdelacomuna15.com.ar\\\/press\\\/24-de-marzo-toda-la-agenda-de-la-marcha-y-actos-por-el-dia-de-la-memoria\\\/#article\",\"isPartOf\":{\"@id\":\"https:\\\/\\\/vocesdelacomuna15.com.ar\\\/press\\\/24-de-marzo-toda-la-agenda-de-la-marcha-y-actos-por-el-dia-de-la-memoria\\\/\"},\"author\":{\"name\":\"Federico Arguto\",\"@id\":\"https:\\\/\\\/vocesdelacomuna15.com.ar\\\/press\\\/#\\\/schema\\\/person\\\/4739e109db25d799cd3d139eeb509e43\"},\"headline\":\"24 de marzo: toda la agenda de la marcha y actos por el D\u00eda de la Memoria\",\"datePublished\":\"2024-03-22T19:49:00+00:00\",\"dateModified\":\"2024-03-22T19:56:09+00:00\",\"mainEntityOfPage\":{\"@id\":\"https:\\\/\\\/vocesdelacomuna15.com.ar\\\/press\\\/24-de-marzo-toda-la-agenda-de-la-marcha-y-actos-por-el-dia-de-la-memoria\\\/\"},\"wordCount\":1140,\"commentCount\":0,\"publisher\":{\"@id\":\"https:\\\/\\\/vocesdelacomuna15.com.ar\\\/press\\\/#organization\"},\"image\":{\"@id\":\"https:\\\/\\\/vocesdelacomuna15.com.ar\\\/press\\\/24-de-marzo-toda-la-agenda-de-la-marcha-y-actos-por-el-dia-de-la-memoria\\\/#primaryimage\"},\"thumbnailUrl\":\"https:\\\/\\\/vocesdelacomuna15.com.ar\\\/wp-content\\\/uploads\\\/2024\\\/03\\\/nunca-mas-telam.jpg\",\"articleSection\":[\"Sociedad\"],\"inLanguage\":\"es-AR\",\"potentialAction\":[{\"@type\":\"CommentAction\",\"name\":\"Comment\",\"target\":[\"https:\\\/\\\/vocesdelacomuna15.com.ar\\\/press\\\/24-de-marzo-toda-la-agenda-de-la-marcha-y-actos-por-el-dia-de-la-memoria\\\/#respond\"]}]},{\"@type\":\"WebPage\",\"@id\":\"https:\\\/\\\/vocesdelacomuna15.com.ar\\\/press\\\/24-de-marzo-toda-la-agenda-de-la-marcha-y-actos-por-el-dia-de-la-memoria\\\/\",\"url\":\"https:\\\/\\\/vocesdelacomuna15.com.ar\\\/press\\\/24-de-marzo-toda-la-agenda-de-la-marcha-y-actos-por-el-dia-de-la-memoria\\\/\",\"name\":\"24 de marzo: toda la agenda de la marcha y actos por el D\u00eda de la Memoria - Voces de la Comuna 15\",\"isPartOf\":{\"@id\":\"https:\\\/\\\/vocesdelacomuna15.com.ar\\\/press\\\/#website\"},\"primaryImageOfPage\":{\"@id\":\"https:\\\/\\\/vocesdelacomuna15.com.ar\\\/press\\\/24-de-marzo-toda-la-agenda-de-la-marcha-y-actos-por-el-dia-de-la-memoria\\\/#primaryimage\"},\"image\":{\"@id\":\"https:\\\/\\\/vocesdelacomuna15.com.ar\\\/press\\\/24-de-marzo-toda-la-agenda-de-la-marcha-y-actos-por-el-dia-de-la-memoria\\\/#primaryimage\"},\"thumbnailUrl\":\"https:\\\/\\\/vocesdelacomuna15.com.ar\\\/wp-content\\\/uploads\\\/2024\\\/03\\\/nunca-mas-telam.jpg\",\"datePublished\":\"2024-03-22T19:49:00+00:00\",\"dateModified\":\"2024-03-22T19:56:09+00:00\",\"description\":\"Voces de la Comuna 15\",\"breadcrumb\":{\"@id\":\"https:\\\/\\\/vocesdelacomuna15.com.ar\\\/press\\\/24-de-marzo-toda-la-agenda-de-la-marcha-y-actos-por-el-dia-de-la-memoria\\\/#breadcrumb\"},\"inLanguage\":\"es-AR\",\"potentialAction\":[{\"@type\":\"ReadAction\",\"target\":[\"https:\\\/\\\/vocesdelacomuna15.com.ar\\\/press\\\/24-de-marzo-toda-la-agenda-de-la-marcha-y-actos-por-el-dia-de-la-memoria\\\/\"]}]},{\"@type\":\"ImageObject\",\"inLanguage\":\"es-AR\",\"@id\":\"https:\\\/\\\/vocesdelacomuna15.com.ar\\\/press\\\/24-de-marzo-toda-la-agenda-de-la-marcha-y-actos-por-el-dia-de-la-memoria\\\/#primaryimage\",\"url\":\"https:\\\/\\\/vocesdelacomuna15.com.ar\\\/wp-content\\\/uploads\\\/2024\\\/03\\\/nunca-mas-telam.jpg\",\"contentUrl\":\"https:\\\/\\\/vocesdelacomuna15.com.ar\\\/wp-content\\\/uploads\\\/2024\\\/03\\\/nunca-mas-telam.jpg\",\"width\":960,\"height\":640},{\"@type\":\"BreadcrumbList\",\"@id\":\"https:\\\/\\\/vocesdelacomuna15.com.ar\\\/press\\\/24-de-marzo-toda-la-agenda-de-la-marcha-y-actos-por-el-dia-de-la-memoria\\\/#breadcrumb\",\"itemListElement\":[{\"@type\":\"ListItem\",\"position\":1,\"name\":\"Inicio\",\"item\":\"https:\\\/\\\/vocesdelacomuna15.com.ar\\\/press\\\/\"},{\"@type\":\"ListItem\",\"position\":2,\"name\":\"24 de marzo: toda la agenda de la marcha y actos por el D\u00eda de la Memoria\"}]},{\"@type\":\"WebSite\",\"@id\":\"https:\\\/\\\/vocesdelacomuna15.com.ar\\\/press\\\/#website\",\"url\":\"https:\\\/\\\/vocesdelacomuna15.com.ar\\\/press\\\/\",\"name\":\"Voces de la Comuna 15\",\"description\":\"Sitio web de noticias\",\"publisher\":{\"@id\":\"https:\\\/\\\/vocesdelacomuna15.com.ar\\\/press\\\/#organization\"},\"potentialAction\":[{\"@type\":\"SearchAction\",\"target\":{\"@type\":\"EntryPoint\",\"urlTemplate\":\"https:\\\/\\\/vocesdelacomuna15.com.ar\\\/press\\\/?s={search_term_string}\"},\"query-input\":{\"@type\":\"PropertyValueSpecification\",\"valueRequired\":true,\"valueName\":\"search_term_string\"}}],\"inLanguage\":\"es-AR\"},{\"@type\":\"Organization\",\"@id\":\"https:\\\/\\\/vocesdelacomuna15.com.ar\\\/press\\\/#organization\",\"name\":\"Voces de la Comuna 15\",\"url\":\"https:\\\/\\\/vocesdelacomuna15.com.ar\\\/press\\\/\",\"logo\":{\"@type\":\"ImageObject\",\"inLanguage\":\"es-AR\",\"@id\":\"https:\\\/\\\/vocesdelacomuna15.com.ar\\\/press\\\/#\\\/schema\\\/logo\\\/image\\\/\",\"url\":\"https:\\\/\\\/vocesdelacomuna15.com.ar\\\/wp-content\\\/uploads\\\/2024\\\/12\\\/cropped-logo_voces.jpg\",\"contentUrl\":\"https:\\\/\\\/vocesdelacomuna15.com.ar\\\/wp-content\\\/uploads\\\/2024\\\/12\\\/cropped-logo_voces.jpg\",\"width\":512,\"height\":512,\"caption\":\"Voces de la Comuna 15\"},\"image\":{\"@id\":\"https:\\\/\\\/vocesdelacomuna15.com.ar\\\/press\\\/#\\\/schema\\\/logo\\\/image\\\/\"},\"sameAs\":[\"https:\\\/\\\/www.facebook.com\\\/VocesComuna15\\\/\",\"https:\\\/\\\/x.com\\\/vocescomuna15\"]},{\"@type\":\"Person\",\"@id\":\"https:\\\/\\\/vocesdelacomuna15.com.ar\\\/press\\\/#\\\/schema\\\/person\\\/4739e109db25d799cd3d139eeb509e43\",\"name\":\"Federico Arguto\",\"image\":{\"@type\":\"ImageObject\",\"inLanguage\":\"es-AR\",\"@id\":\"https:\\\/\\\/vocesdelacomuna15.com.ar\\\/wp-content\\\/litespeed\\\/avatar\\\/82faf979976f1bae889b8b71f8a0a7e5.jpg?ver=1777419741\",\"url\":\"https:\\\/\\\/vocesdelacomuna15.com.ar\\\/wp-content\\\/litespeed\\\/avatar\\\/82faf979976f1bae889b8b71f8a0a7e5.jpg?ver=1777419741\",\"contentUrl\":\"https:\\\/\\\/vocesdelacomuna15.com.ar\\\/wp-content\\\/litespeed\\\/avatar\\\/82faf979976f1bae889b8b71f8a0a7e5.jpg?ver=1777419741\",\"caption\":\"Federico Arguto\"},\"url\":\"https:\\\/\\\/vocesdelacomuna15.com.ar\\\/press\\\/author\\\/fede\\\/\"}]}<\/script>\n<!-- \/ Yoast SEO plugin. -->","yoast_head_json":{"title":"24 de marzo: toda la agenda de la marcha y actos por el D\u00eda de la Memoria - Voces de la Comuna 15","description":"Voces de la Comuna 15","robots":{"index":"index","follow":"follow","max-snippet":"max-snippet:-1","max-image-preview":"max-image-preview:large","max-video-preview":"max-video-preview:-1"},"canonical":"https:\/\/vocesdelacomuna15.com.ar\/press\/24-de-marzo-toda-la-agenda-de-la-marcha-y-actos-por-el-dia-de-la-memoria\/","og_locale":"es_ES","og_type":"article","og_title":"24 de marzo: toda la agenda de la marcha y actos por el D\u00eda de la Memoria - Voces de la Comuna 15","og_description":"Voces de la Comuna 15","og_url":"https:\/\/vocesdelacomuna15.com.ar\/press\/24-de-marzo-toda-la-agenda-de-la-marcha-y-actos-por-el-dia-de-la-memoria\/","og_site_name":"Voces de la Comuna 15","article_publisher":"https:\/\/www.facebook.com\/VocesComuna15\/","article_published_time":"2024-03-22T19:49:00+00:00","article_modified_time":"2024-03-22T19:56:09+00:00","og_image":[{"width":960,"height":640,"url":"https:\/\/vocesdelacomuna15.com.ar\/wp-content\/uploads\/2024\/03\/nunca-mas-telam.jpg","type":"image\/jpeg"}],"author":"Federico Arguto","twitter_card":"summary_large_image","twitter_creator":"@vocescomuna15","twitter_site":"@vocescomuna15","twitter_misc":{"Escrito por":"Federico Arguto","Tiempo de lectura":"6 minutos"},"schema":{"@context":"https:\/\/schema.org","@graph":[{"@type":"Article","@id":"https:\/\/vocesdelacomuna15.com.ar\/press\/24-de-marzo-toda-la-agenda-de-la-marcha-y-actos-por-el-dia-de-la-memoria\/#article","isPartOf":{"@id":"https:\/\/vocesdelacomuna15.com.ar\/press\/24-de-marzo-toda-la-agenda-de-la-marcha-y-actos-por-el-dia-de-la-memoria\/"},"author":{"name":"Federico Arguto","@id":"https:\/\/vocesdelacomuna15.com.ar\/press\/#\/schema\/person\/4739e109db25d799cd3d139eeb509e43"},"headline":"24 de marzo: toda la agenda de la marcha y actos por el D\u00eda de la Memoria","datePublished":"2024-03-22T19:49:00+00:00","dateModified":"2024-03-22T19:56:09+00:00","mainEntityOfPage":{"@id":"https:\/\/vocesdelacomuna15.com.ar\/press\/24-de-marzo-toda-la-agenda-de-la-marcha-y-actos-por-el-dia-de-la-memoria\/"},"wordCount":1140,"commentCount":0,"publisher":{"@id":"https:\/\/vocesdelacomuna15.com.ar\/press\/#organization"},"image":{"@id":"https:\/\/vocesdelacomuna15.com.ar\/press\/24-de-marzo-toda-la-agenda-de-la-marcha-y-actos-por-el-dia-de-la-memoria\/#primaryimage"},"thumbnailUrl":"https:\/\/vocesdelacomuna15.com.ar\/wp-content\/uploads\/2024\/03\/nunca-mas-telam.jpg","articleSection":["Sociedad"],"inLanguage":"es-AR","potentialAction":[{"@type":"CommentAction","name":"Comment","target":["https:\/\/vocesdelacomuna15.com.ar\/press\/24-de-marzo-toda-la-agenda-de-la-marcha-y-actos-por-el-dia-de-la-memoria\/#respond"]}]},{"@type":"WebPage","@id":"https:\/\/vocesdelacomuna15.com.ar\/press\/24-de-marzo-toda-la-agenda-de-la-marcha-y-actos-por-el-dia-de-la-memoria\/","url":"https:\/\/vocesdelacomuna15.com.ar\/press\/24-de-marzo-toda-la-agenda-de-la-marcha-y-actos-por-el-dia-de-la-memoria\/","name":"24 de marzo: toda la agenda de la marcha y actos por el D\u00eda de la Memoria - Voces de la Comuna 15","isPartOf":{"@id":"https:\/\/vocesdelacomuna15.com.ar\/press\/#website"},"primaryImageOfPage":{"@id":"https:\/\/vocesdelacomuna15.com.ar\/press\/24-de-marzo-toda-la-agenda-de-la-marcha-y-actos-por-el-dia-de-la-memoria\/#primaryimage"},"image":{"@id":"https:\/\/vocesdelacomuna15.com.ar\/press\/24-de-marzo-toda-la-agenda-de-la-marcha-y-actos-por-el-dia-de-la-memoria\/#primaryimage"},"thumbnailUrl":"https:\/\/vocesdelacomuna15.com.ar\/wp-content\/uploads\/2024\/03\/nunca-mas-telam.jpg","datePublished":"2024-03-22T19:49:00+00:00","dateModified":"2024-03-22T19:56:09+00:00","description":"Voces de la Comuna 15","breadcrumb":{"@id":"https:\/\/vocesdelacomuna15.com.ar\/press\/24-de-marzo-toda-la-agenda-de-la-marcha-y-actos-por-el-dia-de-la-memoria\/#breadcrumb"},"inLanguage":"es-AR","potentialAction":[{"@type":"ReadAction","target":["https:\/\/vocesdelacomuna15.com.ar\/press\/24-de-marzo-toda-la-agenda-de-la-marcha-y-actos-por-el-dia-de-la-memoria\/"]}]},{"@type":"ImageObject","inLanguage":"es-AR","@id":"https:\/\/vocesdelacomuna15.com.ar\/press\/24-de-marzo-toda-la-agenda-de-la-marcha-y-actos-por-el-dia-de-la-memoria\/#primaryimage","url":"https:\/\/vocesdelacomuna15.com.ar\/wp-content\/uploads\/2024\/03\/nunca-mas-telam.jpg","contentUrl":"https:\/\/vocesdelacomuna15.com.ar\/wp-content\/uploads\/2024\/03\/nunca-mas-telam.jpg","width":960,"height":640},{"@type":"BreadcrumbList","@id":"https:\/\/vocesdelacomuna15.com.ar\/press\/24-de-marzo-toda-la-agenda-de-la-marcha-y-actos-por-el-dia-de-la-memoria\/#breadcrumb","itemListElement":[{"@type":"ListItem","position":1,"name":"Inicio","item":"https:\/\/vocesdelacomuna15.com.ar\/press\/"},{"@type":"ListItem","position":2,"name":"24 de marzo: toda la agenda de la marcha y actos por el D\u00eda de la Memoria"}]},{"@type":"WebSite","@id":"https:\/\/vocesdelacomuna15.com.ar\/press\/#website","url":"https:\/\/vocesdelacomuna15.com.ar\/press\/","name":"Voces de la Comuna 15","description":"Sitio web de noticias","publisher":{"@id":"https:\/\/vocesdelacomuna15.com.ar\/press\/#organization"},"potentialAction":[{"@type":"SearchAction","target":{"@type":"EntryPoint","urlTemplate":"https:\/\/vocesdelacomuna15.com.ar\/press\/?s={search_term_string}"},"query-input":{"@type":"PropertyValueSpecification","valueRequired":true,"valueName":"search_term_string"}}],"inLanguage":"es-AR"},{"@type":"Organization","@id":"https:\/\/vocesdelacomuna15.com.ar\/press\/#organization","name":"Voces de la Comuna 15","url":"https:\/\/vocesdelacomuna15.com.ar\/press\/","logo":{"@type":"ImageObject","inLanguage":"es-AR","@id":"https:\/\/vocesdelacomuna15.com.ar\/press\/#\/schema\/logo\/image\/","url":"https:\/\/vocesdelacomuna15.com.ar\/wp-content\/uploads\/2024\/12\/cropped-logo_voces.jpg","contentUrl":"https:\/\/vocesdelacomuna15.com.ar\/wp-content\/uploads\/2024\/12\/cropped-logo_voces.jpg","width":512,"height":512,"caption":"Voces de la Comuna 15"},"image":{"@id":"https:\/\/vocesdelacomuna15.com.ar\/press\/#\/schema\/logo\/image\/"},"sameAs":["https:\/\/www.facebook.com\/VocesComuna15\/","https:\/\/x.com\/vocescomuna15"]},{"@type":"Person","@id":"https:\/\/vocesdelacomuna15.com.ar\/press\/#\/schema\/person\/4739e109db25d799cd3d139eeb509e43","name":"Federico Arguto","image":{"@type":"ImageObject","inLanguage":"es-AR","@id":"https:\/\/vocesdelacomuna15.com.ar\/wp-content\/litespeed\/avatar\/82faf979976f1bae889b8b71f8a0a7e5.jpg?ver=1777419741","url":"https:\/\/vocesdelacomuna15.com.ar\/wp-content\/litespeed\/avatar\/82faf979976f1bae889b8b71f8a0a7e5.jpg?ver=1777419741","contentUrl":"https:\/\/vocesdelacomuna15.com.ar\/wp-content\/litespeed\/avatar\/82faf979976f1bae889b8b71f8a0a7e5.jpg?ver=1777419741","caption":"Federico Arguto"},"url":"https:\/\/vocesdelacomuna15.com.ar\/press\/author\/fede\/"}]}},"_links":{"self":[{"href":"https:\/\/vocesdelacomuna15.com.ar\/press\/wp-json\/wp\/v2\/posts\/63267","targetHints":{"allow":["GET"]}}],"collection":[{"href":"https:\/\/vocesdelacomuna15.com.ar\/press\/wp-json\/wp\/v2\/posts"}],"about":[{"href":"https:\/\/vocesdelacomuna15.com.ar\/press\/wp-json\/wp\/v2\/types\/post"}],"author":[{"embeddable":true,"href":"https:\/\/vocesdelacomuna15.com.ar\/press\/wp-json\/wp\/v2\/users\/2"}],"replies":[{"embeddable":true,"href":"https:\/\/vocesdelacomuna15.com.ar\/press\/wp-json\/wp\/v2\/comments?post=63267"}],"version-history":[{"count":3,"href":"https:\/\/vocesdelacomuna15.com.ar\/press\/wp-json\/wp\/v2\/posts\/63267\/revisions"}],"predecessor-version":[{"id":63272,"href":"https:\/\/vocesdelacomuna15.com.ar\/press\/wp-json\/wp\/v2\/posts\/63267\/revisions\/63272"}],"wp:featuredmedia":[{"embeddable":true,"href":"https:\/\/vocesdelacomuna15.com.ar\/press\/wp-json\/wp\/v2\/media\/63268"}],"wp:attachment":[{"href":"https:\/\/vocesdelacomuna15.com.ar\/press\/wp-json\/wp\/v2\/media?parent=63267"}],"wp:term":[{"taxonomy":"category","embeddable":true,"href":"https:\/\/vocesdelacomuna15.com.ar\/press\/wp-json\/wp\/v2\/categories?post=63267"},{"taxonomy":"post_tag","embeddable":true,"href":"https:\/\/vocesdelacomuna15.com.ar\/press\/wp-json\/wp\/v2\/tags?post=63267"}],"curies":[{"name":"wp","href":"https:\/\/api.w.org\/{rel}","templated":true}]}}