{"id":63264,"date":"2024-03-25T02:41:00","date_gmt":"2024-03-25T05:41:00","guid":{"rendered":"https:\/\/vocesdelacomuna15.com.ar\/?p=63264"},"modified":"2024-03-22T14:47:54","modified_gmt":"2024-03-22T17:47:54","slug":"la-ciudad-habilito-unidades-de-atencion-febriles-para-dengue-en-18-hospitales-publicos","status":"publish","type":"post","link":"https:\/\/vocesdelacomuna15.com.ar\/press\/la-ciudad-habilito-unidades-de-atencion-febriles-para-dengue-en-18-hospitales-publicos\/","title":{"rendered":"La Ciudad habilit\u00f3 unidades de atenci\u00f3n febriles para dengue en 18 Hospitales P\u00fablicos"},"content":{"rendered":"\n<p>Estos circuitos cuentan con protocolos de atenci\u00f3n espec\u00edficos y est\u00e1n dedicados \u00edntegramente a atender pacientes con sospecha de dengue y confirmados. De esta manera, la Guardia puede continuar atendiendo sus patolog\u00edas habituales. Fuente: Buenos Aires Ciudad<\/p>\n\n\n\n<p>Link a nota original: <a href=\"https:\/\/buenosaires.gob.ar\/noticias\/la-ciudad-habilito-unidades-de-atencion-febriles-para-dengue-en-18-hospitales-publicos\">https:\/\/buenosaires.gob.ar\/noticias\/la-ciudad-habilito-unidades-de-atencion-febriles-para-dengue-en-18-hospitales-publicos<\/a><\/p>\n\n\n\n<p>Con el objetivo de responder a la creciente demanda de la comunidad, desde la <strong>Red de Hospitales del Ministerio de Salud del GCBA<\/strong> se fortalecieron los centros de atenci\u00f3n de pacientes febriles no respiratorios en <strong>18 Hospitales P\u00fablicos<\/strong>.<\/p>\n\n\n\n<p>\u201cEs muy importante aclarar que completamos una atenci\u00f3n especial a quienes tienen s\u00edntoma febril. Armamos circuitos independientes en todos los hospitales como est\u00e1bamos con el Covid. Se atiende de manera especial, buscamos que las guardias puedan seguir atendiendo de manera habitual\u201d, explic\u00f3 el ministro de Salud,<strong> Fern\u00e1n Quir\u00f3s<\/strong>.<\/p>\n\n\n\n<p>Estos circuitos est\u00e1n <strong>dedicados \u00edntegramente a atender pacientes con sospecha de dengue y confirmados<\/strong>. De esta manera, la Guardia puede continuar atendiendo sus patolog\u00edas habituales, y descomprimir su atenci\u00f3n.&nbsp;<\/p>\n\n\n\n<p>El protocolo consta de <strong>cuatro pasos<\/strong>. Cuando el paciente llega a la unidad de atenci\u00f3n se realiza la admisi\u00f3n del mismo, con el empadronamiento. Luego pasa a una sala de espera, con m\u00e9dicos y enfermeros que contienen al paciente. All\u00ed se realiza el examen cl\u00ednico y, en caso de que se requiera, la hidrataci\u00f3n local, ya que en estos casos es muy importante &nbsp;prestar atenci\u00f3n a los posibles cuadros de deshidrataci\u00f3n que se generan.<\/p>\n\n\n\n<p>Luego se realizan los estudios de laboratorio: la extracci\u00f3n de sangre, para analizar los niveles de plaqueta y diagnosticar as\u00ed el nivel de gravedad. Y <strong>dentro de las 48 horas<\/strong> se realiza una reevaluaci\u00f3n de la persona.&nbsp;<\/p>\n\n\n\n<p>Es muy importante recordar que si presentas s\u00edntomas como, fiebre, dolor de cabeza, dolor muscular y articular, sarpullido, n\u00e1useas y v\u00f3mitos, en primera instancia <strong>no hay que automedicarse<\/strong> (a lo sumo solo paracetamol). Hay que mantenerse hidratado y luego s\u00ed consultar al m\u00e9dico.<\/p>\n\n\n\n<h3 class=\"wp-block-heading\">Pautas de alarma<\/h3>\n\n\n\n<p>Una vez que el paciente fue diagnosticado con dengue, debe estar atento a los siguientes s\u00edntomas, sobre todo una vez que disminuye la fiebre:&nbsp;<\/p>\n\n\n\n<ul class=\"wp-block-list\">\n<li>Sangrado en enc\u00edas, nariz, v\u00f3mitos, heces u orina con sangre.<\/li>\n\n\n\n<li>Dolor abdominal intenso y continuo.<\/li>\n\n\n\n<li>Somnolencia, mareos o desmayos, o por el contrario fuerte inquietud e irritabilidad.<\/li>\n\n\n\n<li>V\u00f3mitos persistentes.<\/li>\n<\/ul>\n\n\n\n<h2 class=\"wp-block-heading\">Los Hospitales en cuesti\u00f3n son:<\/h2>\n\n\n\n<ul class=\"wp-block-list\">\n<li>Pi\u00f1ero (Av. Varela 1301).<\/li>\n\n\n\n<li>Durand (Av. Diaz Velez 5044).<\/li>\n\n\n\n<li>Rivadavia (Av. General Las Heras General 2670).<\/li>\n\n\n\n<li>Ramos Mej\u00eda (Gral. Urquiza 609).<\/li>\n\n\n\n<li>Fern\u00e1ndez (Av. &nbsp;Cervi\u00f1o 3356).<\/li>\n\n\n\n<li>Pirovano (Av. Monroe 3555).<\/li>\n\n\n\n<li>Enrique Torn\u00fa (Combatientes de Malvinas 3002).<\/li>\n\n\n\n<li>T. \u00c1lvarez (Dr. Juan F.Aranguren 2701).<\/li>\n\n\n\n<li>Cecilia Grierson (Av. Gral. Francisco Fern\u00e1ndez de la Cruz 4402).<\/li>\n\n\n\n<li>Mu\u00f1iz (Uspallata 2272).<\/li>\n\n\n\n<li>Argerich (Pi y Margall 750).<\/li>\n\n\n\n<li>Zubizarreta (Nueva York 3952).<\/li>\n\n\n\n<li>Santojanni (Pilar 950).<\/li>\n\n\n\n<li>V\u00e9lez Sarsfield (Pedro Calder\u00f3n de la Barca 1550).<\/li>\n\n\n\n<li>Rehabilitaci\u00f3n Respiratoria Mar\u00eda Ferrer (Dr. Enrique Finochietto 849).<\/li>\n\n\n\n<li>Penna (Av. Almafuerte 406).<\/li>\n<\/ul>\n\n\n\n<h3 class=\"wp-block-heading\">Y los pedi\u00e1tricos:<\/h3>\n\n\n\n<ul class=\"wp-block-list\">\n<li>Guti\u00e9rrez (S\u00e1nchez de Bustamante 1470).<\/li>\n\n\n\n<li>Pedro de Elizalde (Manuel A. Montes de Oca 40).<\/li>\n<\/ul>\n\n\n\n<p>Caracteres: 2.837<\/p>\n<div class=\"pvc_clear\"><\/div><p id=\"pvc_stats_63264\" class=\"pvc_stats all  \" data-element-id=\"63264\" style=\"\"><i class=\"pvc-stats-icon small\" aria-hidden=\"true\"><svg aria-hidden=\"true\" focusable=\"false\" data-prefix=\"far\" data-icon=\"chart-bar\" role=\"img\" xmlns=\"http:\/\/www.w3.org\/2000\/svg\" viewBox=\"0 0 512 512\" class=\"svg-inline--fa fa-chart-bar fa-w-16 fa-2x\"><path fill=\"currentColor\" d=\"M396.8 352h22.4c6.4 0 12.8-6.4 12.8-12.8V108.8c0-6.4-6.4-12.8-12.8-12.8h-22.4c-6.4 0-12.8 6.4-12.8 12.8v230.4c0 6.4 6.4 12.8 12.8 12.8zm-192 0h22.4c6.4 0 12.8-6.4 12.8-12.8V140.8c0-6.4-6.4-12.8-12.8-12.8h-22.4c-6.4 0-12.8 6.4-12.8 12.8v198.4c0 6.4 6.4 12.8 12.8 12.8zm96 0h22.4c6.4 0 12.8-6.4 12.8-12.8V204.8c0-6.4-6.4-12.8-12.8-12.8h-22.4c-6.4 0-12.8 6.4-12.8 12.8v134.4c0 6.4 6.4 12.8 12.8 12.8zM496 400H48V80c0-8.84-7.16-16-16-16H16C7.16 64 0 71.16 0 80v336c0 17.67 14.33 32 32 32h464c8.84 0 16-7.16 16-16v-16c0-8.84-7.16-16-16-16zm-387.2-48h22.4c6.4 0 12.8-6.4 12.8-12.8v-70.4c0-6.4-6.4-12.8-12.8-12.8h-22.4c-6.4 0-12.8 6.4-12.8 12.8v70.4c0 6.4 6.4 12.8 12.8 12.8z\" class=\"\"><\/path><\/svg><\/i> <img loading=\"lazy\" decoding=\"async\" width=\"16\" height=\"16\" alt=\"Loading\" src=\"https:\/\/vocesdelacomuna15.com.ar\/wp-content\/plugins\/page-views-count\/ajax-loader-2x.gif\" border=0 \/><\/p><div class=\"pvc_clear\"><\/div>","protected":false},"excerpt":{"rendered":"<p>Estos circuitos cuentan con protocolos de atenci\u00f3n espec\u00edficos y est\u00e1n dedicados \u00edntegramente a atender pacientes con sospecha de dengue y confirmados. De esta manera, la Guardia puede continuar atendiendo sus patolog\u00edas habituales. Fuente: Buenos Aires Ciudad Link a nota original: https:\/\/buenosaires.gob.ar\/noticias\/la-ciudad-habilito-unidades-de-atencion-febriles-para-dengue-en-18-hospitales-publicos Con el objetivo de responder a la creciente demanda de la comunidad, desde la [&hellip;]<\/p>\n<div class=\"pvc_clear\"><\/div>\n<p id=\"pvc_stats_63264\" class=\"pvc_stats all  \" data-element-id=\"63264\" style=\"\"><i class=\"pvc-stats-icon small\" aria-hidden=\"true\"><svg aria-hidden=\"true\" focusable=\"false\" data-prefix=\"far\" data-icon=\"chart-bar\" role=\"img\" xmlns=\"http:\/\/www.w3.org\/2000\/svg\" viewBox=\"0 0 512 512\" class=\"svg-inline--fa fa-chart-bar fa-w-16 fa-2x\"><path fill=\"currentColor\" d=\"M396.8 352h22.4c6.4 0 12.8-6.4 12.8-12.8V108.8c0-6.4-6.4-12.8-12.8-12.8h-22.4c-6.4 0-12.8 6.4-12.8 12.8v230.4c0 6.4 6.4 12.8 12.8 12.8zm-192 0h22.4c6.4 0 12.8-6.4 12.8-12.8V140.8c0-6.4-6.4-12.8-12.8-12.8h-22.4c-6.4 0-12.8 6.4-12.8 12.8v198.4c0 6.4 6.4 12.8 12.8 12.8zm96 0h22.4c6.4 0 12.8-6.4 12.8-12.8V204.8c0-6.4-6.4-12.8-12.8-12.8h-22.4c-6.4 0-12.8 6.4-12.8 12.8v134.4c0 6.4 6.4 12.8 12.8 12.8zM496 400H48V80c0-8.84-7.16-16-16-16H16C7.16 64 0 71.16 0 80v336c0 17.67 14.33 32 32 32h464c8.84 0 16-7.16 16-16v-16c0-8.84-7.16-16-16-16zm-387.2-48h22.4c6.4 0 12.8-6.4 12.8-12.8v-70.4c0-6.4-6.4-12.8-12.8-12.8h-22.4c-6.4 0-12.8 6.4-12.8 12.8v70.4c0 6.4 6.4 12.8 12.8 12.8z\" class=\"\"><\/path><\/svg><\/i> <img loading=\"lazy\" decoding=\"async\" width=\"16\" height=\"16\" alt=\"Loading\" src=\"https:\/\/vocesdelacomuna15.com.ar\/wp-content\/plugins\/page-views-count\/ajax-loader-2x.gif\" border=0 \/><\/p>\n<div class=\"pvc_clear\"><\/div>\n","protected":false},"author":2,"featured_media":63265,"comment_status":"open","ping_status":"open","sticky":false,"template":"","format":"standard","meta":{"_et_pb_use_builder":"off","_et_pb_old_content":"","_et_gb_content_width":"","footnotes":""},"categories":[26],"tags":[],"class_list":["post-63264","post","type-post","status-publish","format-standard","has-post-thumbnail","hentry","category-ciudad","et-has-post-format-content","et_post_format-et-post-format-standard"],"a3_pvc":{"activated":true,"total_views":30,"today_views":0},"yoast_head":"<!-- This site is optimized with the Yoast SEO plugin v27.5 - https:\/\/yoast.com\/product\/yoast-seo-wordpress\/ -->\n<title>La Ciudad habilit\u00f3 unidades de atenci\u00f3n febriles para dengue en 18 Hospitales P\u00fablicos - Voces de la Comuna 15<\/title>\n<meta name=\"description\" content=\"Voces de la Comuna 15\" \/>\n<meta name=\"robots\" content=\"index, follow, max-snippet:-1, max-image-preview:large, max-video-preview:-1\" \/>\n<link rel=\"canonical\" href=\"https:\/\/vocesdelacomuna15.com.ar\/press\/la-ciudad-habilito-unidades-de-atencion-febriles-para-dengue-en-18-hospitales-publicos\/\" \/>\n<meta property=\"og:locale\" content=\"es_ES\" \/>\n<meta property=\"og:type\" content=\"article\" \/>\n<meta property=\"og:title\" content=\"La Ciudad habilit\u00f3 unidades de atenci\u00f3n febriles para dengue en 18 Hospitales P\u00fablicos - Voces de la Comuna 15\" \/>\n<meta property=\"og:description\" content=\"Voces de la Comuna 15\" \/>\n<meta property=\"og:url\" content=\"https:\/\/vocesdelacomuna15.com.ar\/press\/la-ciudad-habilito-unidades-de-atencion-febriles-para-dengue-en-18-hospitales-publicos\/\" \/>\n<meta property=\"og:site_name\" content=\"Voces de la Comuna 15\" \/>\n<meta property=\"article:publisher\" content=\"https:\/\/www.facebook.com\/VocesComuna15\/\" \/>\n<meta property=\"article:published_time\" content=\"2024-03-25T05:41:00+00:00\" \/>\n<meta property=\"og:image\" content=\"https:\/\/vocesdelacomuna15.com.ar\/wp-content\/uploads\/2024\/03\/dengue-nota.png\" \/>\n\t<meta property=\"og:image:width\" content=\"340\" \/>\n\t<meta property=\"og:image:height\" content=\"224\" \/>\n\t<meta property=\"og:image:type\" content=\"image\/png\" \/>\n<meta name=\"author\" content=\"Federico Arguto\" \/>\n<meta name=\"twitter:card\" content=\"summary_large_image\" \/>\n<meta name=\"twitter:creator\" content=\"@vocescomuna15\" \/>\n<meta name=\"twitter:site\" content=\"@vocescomuna15\" \/>\n<meta name=\"twitter:label1\" content=\"Escrito por\" \/>\n\t<meta name=\"twitter:data1\" content=\"Federico Arguto\" \/>\n\t<meta name=\"twitter:label2\" content=\"Tiempo de lectura\" \/>\n\t<meta name=\"twitter:data2\" content=\"3 minutos\" \/>\n<script type=\"application\/ld+json\" class=\"yoast-schema-graph\">{\"@context\":\"https:\\\/\\\/schema.org\",\"@graph\":[{\"@type\":\"Article\",\"@id\":\"https:\\\/\\\/vocesdelacomuna15.com.ar\\\/press\\\/la-ciudad-habilito-unidades-de-atencion-febriles-para-dengue-en-18-hospitales-publicos\\\/#article\",\"isPartOf\":{\"@id\":\"https:\\\/\\\/vocesdelacomuna15.com.ar\\\/press\\\/la-ciudad-habilito-unidades-de-atencion-febriles-para-dengue-en-18-hospitales-publicos\\\/\"},\"author\":{\"name\":\"Federico Arguto\",\"@id\":\"https:\\\/\\\/vocesdelacomuna15.com.ar\\\/press\\\/#\\\/schema\\\/person\\\/4739e109db25d799cd3d139eeb509e43\"},\"headline\":\"La Ciudad habilit\u00f3 unidades de atenci\u00f3n febriles para dengue en 18 Hospitales P\u00fablicos\",\"datePublished\":\"2024-03-25T05:41:00+00:00\",\"mainEntityOfPage\":{\"@id\":\"https:\\\/\\\/vocesdelacomuna15.com.ar\\\/press\\\/la-ciudad-habilito-unidades-de-atencion-febriles-para-dengue-en-18-hospitales-publicos\\\/\"},\"wordCount\":526,\"commentCount\":0,\"publisher\":{\"@id\":\"https:\\\/\\\/vocesdelacomuna15.com.ar\\\/press\\\/#organization\"},\"image\":{\"@id\":\"https:\\\/\\\/vocesdelacomuna15.com.ar\\\/press\\\/la-ciudad-habilito-unidades-de-atencion-febriles-para-dengue-en-18-hospitales-publicos\\\/#primaryimage\"},\"thumbnailUrl\":\"https:\\\/\\\/vocesdelacomuna15.com.ar\\\/wp-content\\\/uploads\\\/2024\\\/03\\\/dengue-nota.png\",\"articleSection\":[\"Ciudad\"],\"inLanguage\":\"es-AR\",\"potentialAction\":[{\"@type\":\"CommentAction\",\"name\":\"Comment\",\"target\":[\"https:\\\/\\\/vocesdelacomuna15.com.ar\\\/press\\\/la-ciudad-habilito-unidades-de-atencion-febriles-para-dengue-en-18-hospitales-publicos\\\/#respond\"]}]},{\"@type\":\"WebPage\",\"@id\":\"https:\\\/\\\/vocesdelacomuna15.com.ar\\\/press\\\/la-ciudad-habilito-unidades-de-atencion-febriles-para-dengue-en-18-hospitales-publicos\\\/\",\"url\":\"https:\\\/\\\/vocesdelacomuna15.com.ar\\\/press\\\/la-ciudad-habilito-unidades-de-atencion-febriles-para-dengue-en-18-hospitales-publicos\\\/\",\"name\":\"La Ciudad habilit\u00f3 unidades de atenci\u00f3n febriles para dengue en 18 Hospitales P\u00fablicos - Voces de la Comuna 15\",\"isPartOf\":{\"@id\":\"https:\\\/\\\/vocesdelacomuna15.com.ar\\\/press\\\/#website\"},\"primaryImageOfPage\":{\"@id\":\"https:\\\/\\\/vocesdelacomuna15.com.ar\\\/press\\\/la-ciudad-habilito-unidades-de-atencion-febriles-para-dengue-en-18-hospitales-publicos\\\/#primaryimage\"},\"image\":{\"@id\":\"https:\\\/\\\/vocesdelacomuna15.com.ar\\\/press\\\/la-ciudad-habilito-unidades-de-atencion-febriles-para-dengue-en-18-hospitales-publicos\\\/#primaryimage\"},\"thumbnailUrl\":\"https:\\\/\\\/vocesdelacomuna15.com.ar\\\/wp-content\\\/uploads\\\/2024\\\/03\\\/dengue-nota.png\",\"datePublished\":\"2024-03-25T05:41:00+00:00\",\"description\":\"Voces de la Comuna 15\",\"breadcrumb\":{\"@id\":\"https:\\\/\\\/vocesdelacomuna15.com.ar\\\/press\\\/la-ciudad-habilito-unidades-de-atencion-febriles-para-dengue-en-18-hospitales-publicos\\\/#breadcrumb\"},\"inLanguage\":\"es-AR\",\"potentialAction\":[{\"@type\":\"ReadAction\",\"target\":[\"https:\\\/\\\/vocesdelacomuna15.com.ar\\\/press\\\/la-ciudad-habilito-unidades-de-atencion-febriles-para-dengue-en-18-hospitales-publicos\\\/\"]}]},{\"@type\":\"ImageObject\",\"inLanguage\":\"es-AR\",\"@id\":\"https:\\\/\\\/vocesdelacomuna15.com.ar\\\/press\\\/la-ciudad-habilito-unidades-de-atencion-febriles-para-dengue-en-18-hospitales-publicos\\\/#primaryimage\",\"url\":\"https:\\\/\\\/vocesdelacomuna15.com.ar\\\/wp-content\\\/uploads\\\/2024\\\/03\\\/dengue-nota.png\",\"contentUrl\":\"https:\\\/\\\/vocesdelacomuna15.com.ar\\\/wp-content\\\/uploads\\\/2024\\\/03\\\/dengue-nota.png\",\"width\":340,\"height\":224},{\"@type\":\"BreadcrumbList\",\"@id\":\"https:\\\/\\\/vocesdelacomuna15.com.ar\\\/press\\\/la-ciudad-habilito-unidades-de-atencion-febriles-para-dengue-en-18-hospitales-publicos\\\/#breadcrumb\",\"itemListElement\":[{\"@type\":\"ListItem\",\"position\":1,\"name\":\"Inicio\",\"item\":\"https:\\\/\\\/vocesdelacomuna15.com.ar\\\/press\\\/\"},{\"@type\":\"ListItem\",\"position\":2,\"name\":\"La Ciudad habilit\u00f3 unidades de atenci\u00f3n febriles para dengue en 18 Hospitales P\u00fablicos\"}]},{\"@type\":\"WebSite\",\"@id\":\"https:\\\/\\\/vocesdelacomuna15.com.ar\\\/press\\\/#website\",\"url\":\"https:\\\/\\\/vocesdelacomuna15.com.ar\\\/press\\\/\",\"name\":\"Voces de la Comuna 15\",\"description\":\"Sitio web de noticias\",\"publisher\":{\"@id\":\"https:\\\/\\\/vocesdelacomuna15.com.ar\\\/press\\\/#organization\"},\"potentialAction\":[{\"@type\":\"SearchAction\",\"target\":{\"@type\":\"EntryPoint\",\"urlTemplate\":\"https:\\\/\\\/vocesdelacomuna15.com.ar\\\/press\\\/?s={search_term_string}\"},\"query-input\":{\"@type\":\"PropertyValueSpecification\",\"valueRequired\":true,\"valueName\":\"search_term_string\"}}],\"inLanguage\":\"es-AR\"},{\"@type\":\"Organization\",\"@id\":\"https:\\\/\\\/vocesdelacomuna15.com.ar\\\/press\\\/#organization\",\"name\":\"Voces de la Comuna 15\",\"url\":\"https:\\\/\\\/vocesdelacomuna15.com.ar\\\/press\\\/\",\"logo\":{\"@type\":\"ImageObject\",\"inLanguage\":\"es-AR\",\"@id\":\"https:\\\/\\\/vocesdelacomuna15.com.ar\\\/press\\\/#\\\/schema\\\/logo\\\/image\\\/\",\"url\":\"https:\\\/\\\/vocesdelacomuna15.com.ar\\\/wp-content\\\/uploads\\\/2024\\\/12\\\/cropped-logo_voces.jpg\",\"contentUrl\":\"https:\\\/\\\/vocesdelacomuna15.com.ar\\\/wp-content\\\/uploads\\\/2024\\\/12\\\/cropped-logo_voces.jpg\",\"width\":512,\"height\":512,\"caption\":\"Voces de la Comuna 15\"},\"image\":{\"@id\":\"https:\\\/\\\/vocesdelacomuna15.com.ar\\\/press\\\/#\\\/schema\\\/logo\\\/image\\\/\"},\"sameAs\":[\"https:\\\/\\\/www.facebook.com\\\/VocesComuna15\\\/\",\"https:\\\/\\\/x.com\\\/vocescomuna15\"]},{\"@type\":\"Person\",\"@id\":\"https:\\\/\\\/vocesdelacomuna15.com.ar\\\/press\\\/#\\\/schema\\\/person\\\/4739e109db25d799cd3d139eeb509e43\",\"name\":\"Federico Arguto\",\"image\":{\"@type\":\"ImageObject\",\"inLanguage\":\"es-AR\",\"@id\":\"https:\\\/\\\/vocesdelacomuna15.com.ar\\\/wp-content\\\/litespeed\\\/avatar\\\/82faf979976f1bae889b8b71f8a0a7e5.jpg?ver=1777419741\",\"url\":\"https:\\\/\\\/vocesdelacomuna15.com.ar\\\/wp-content\\\/litespeed\\\/avatar\\\/82faf979976f1bae889b8b71f8a0a7e5.jpg?ver=1777419741\",\"contentUrl\":\"https:\\\/\\\/vocesdelacomuna15.com.ar\\\/wp-content\\\/litespeed\\\/avatar\\\/82faf979976f1bae889b8b71f8a0a7e5.jpg?ver=1777419741\",\"caption\":\"Federico Arguto\"},\"url\":\"https:\\\/\\\/vocesdelacomuna15.com.ar\\\/press\\\/author\\\/fede\\\/\"}]}<\/script>\n<!-- \/ Yoast SEO plugin. -->","yoast_head_json":{"title":"La Ciudad habilit\u00f3 unidades de atenci\u00f3n febriles para dengue en 18 Hospitales P\u00fablicos - Voces de la Comuna 15","description":"Voces de la Comuna 15","robots":{"index":"index","follow":"follow","max-snippet":"max-snippet:-1","max-image-preview":"max-image-preview:large","max-video-preview":"max-video-preview:-1"},"canonical":"https:\/\/vocesdelacomuna15.com.ar\/press\/la-ciudad-habilito-unidades-de-atencion-febriles-para-dengue-en-18-hospitales-publicos\/","og_locale":"es_ES","og_type":"article","og_title":"La Ciudad habilit\u00f3 unidades de atenci\u00f3n febriles para dengue en 18 Hospitales P\u00fablicos - Voces de la Comuna 15","og_description":"Voces de la Comuna 15","og_url":"https:\/\/vocesdelacomuna15.com.ar\/press\/la-ciudad-habilito-unidades-de-atencion-febriles-para-dengue-en-18-hospitales-publicos\/","og_site_name":"Voces de la Comuna 15","article_publisher":"https:\/\/www.facebook.com\/VocesComuna15\/","article_published_time":"2024-03-25T05:41:00+00:00","og_image":[{"width":340,"height":224,"url":"https:\/\/vocesdelacomuna15.com.ar\/wp-content\/uploads\/2024\/03\/dengue-nota.png","type":"image\/png"}],"author":"Federico Arguto","twitter_card":"summary_large_image","twitter_creator":"@vocescomuna15","twitter_site":"@vocescomuna15","twitter_misc":{"Escrito por":"Federico Arguto","Tiempo de lectura":"3 minutos"},"schema":{"@context":"https:\/\/schema.org","@graph":[{"@type":"Article","@id":"https:\/\/vocesdelacomuna15.com.ar\/press\/la-ciudad-habilito-unidades-de-atencion-febriles-para-dengue-en-18-hospitales-publicos\/#article","isPartOf":{"@id":"https:\/\/vocesdelacomuna15.com.ar\/press\/la-ciudad-habilito-unidades-de-atencion-febriles-para-dengue-en-18-hospitales-publicos\/"},"author":{"name":"Federico Arguto","@id":"https:\/\/vocesdelacomuna15.com.ar\/press\/#\/schema\/person\/4739e109db25d799cd3d139eeb509e43"},"headline":"La Ciudad habilit\u00f3 unidades de atenci\u00f3n febriles para dengue en 18 Hospitales P\u00fablicos","datePublished":"2024-03-25T05:41:00+00:00","mainEntityOfPage":{"@id":"https:\/\/vocesdelacomuna15.com.ar\/press\/la-ciudad-habilito-unidades-de-atencion-febriles-para-dengue-en-18-hospitales-publicos\/"},"wordCount":526,"commentCount":0,"publisher":{"@id":"https:\/\/vocesdelacomuna15.com.ar\/press\/#organization"},"image":{"@id":"https:\/\/vocesdelacomuna15.com.ar\/press\/la-ciudad-habilito-unidades-de-atencion-febriles-para-dengue-en-18-hospitales-publicos\/#primaryimage"},"thumbnailUrl":"https:\/\/vocesdelacomuna15.com.ar\/wp-content\/uploads\/2024\/03\/dengue-nota.png","articleSection":["Ciudad"],"inLanguage":"es-AR","potentialAction":[{"@type":"CommentAction","name":"Comment","target":["https:\/\/vocesdelacomuna15.com.ar\/press\/la-ciudad-habilito-unidades-de-atencion-febriles-para-dengue-en-18-hospitales-publicos\/#respond"]}]},{"@type":"WebPage","@id":"https:\/\/vocesdelacomuna15.com.ar\/press\/la-ciudad-habilito-unidades-de-atencion-febriles-para-dengue-en-18-hospitales-publicos\/","url":"https:\/\/vocesdelacomuna15.com.ar\/press\/la-ciudad-habilito-unidades-de-atencion-febriles-para-dengue-en-18-hospitales-publicos\/","name":"La Ciudad habilit\u00f3 unidades de atenci\u00f3n febriles para dengue en 18 Hospitales P\u00fablicos - Voces de la Comuna 15","isPartOf":{"@id":"https:\/\/vocesdelacomuna15.com.ar\/press\/#website"},"primaryImageOfPage":{"@id":"https:\/\/vocesdelacomuna15.com.ar\/press\/la-ciudad-habilito-unidades-de-atencion-febriles-para-dengue-en-18-hospitales-publicos\/#primaryimage"},"image":{"@id":"https:\/\/vocesdelacomuna15.com.ar\/press\/la-ciudad-habilito-unidades-de-atencion-febriles-para-dengue-en-18-hospitales-publicos\/#primaryimage"},"thumbnailUrl":"https:\/\/vocesdelacomuna15.com.ar\/wp-content\/uploads\/2024\/03\/dengue-nota.png","datePublished":"2024-03-25T05:41:00+00:00","description":"Voces de la Comuna 15","breadcrumb":{"@id":"https:\/\/vocesdelacomuna15.com.ar\/press\/la-ciudad-habilito-unidades-de-atencion-febriles-para-dengue-en-18-hospitales-publicos\/#breadcrumb"},"inLanguage":"es-AR","potentialAction":[{"@type":"ReadAction","target":["https:\/\/vocesdelacomuna15.com.ar\/press\/la-ciudad-habilito-unidades-de-atencion-febriles-para-dengue-en-18-hospitales-publicos\/"]}]},{"@type":"ImageObject","inLanguage":"es-AR","@id":"https:\/\/vocesdelacomuna15.com.ar\/press\/la-ciudad-habilito-unidades-de-atencion-febriles-para-dengue-en-18-hospitales-publicos\/#primaryimage","url":"https:\/\/vocesdelacomuna15.com.ar\/wp-content\/uploads\/2024\/03\/dengue-nota.png","contentUrl":"https:\/\/vocesdelacomuna15.com.ar\/wp-content\/uploads\/2024\/03\/dengue-nota.png","width":340,"height":224},{"@type":"BreadcrumbList","@id":"https:\/\/vocesdelacomuna15.com.ar\/press\/la-ciudad-habilito-unidades-de-atencion-febriles-para-dengue-en-18-hospitales-publicos\/#breadcrumb","itemListElement":[{"@type":"ListItem","position":1,"name":"Inicio","item":"https:\/\/vocesdelacomuna15.com.ar\/press\/"},{"@type":"ListItem","position":2,"name":"La Ciudad habilit\u00f3 unidades de atenci\u00f3n febriles para dengue en 18 Hospitales P\u00fablicos"}]},{"@type":"WebSite","@id":"https:\/\/vocesdelacomuna15.com.ar\/press\/#website","url":"https:\/\/vocesdelacomuna15.com.ar\/press\/","name":"Voces de la Comuna 15","description":"Sitio web de noticias","publisher":{"@id":"https:\/\/vocesdelacomuna15.com.ar\/press\/#organization"},"potentialAction":[{"@type":"SearchAction","target":{"@type":"EntryPoint","urlTemplate":"https:\/\/vocesdelacomuna15.com.ar\/press\/?s={search_term_string}"},"query-input":{"@type":"PropertyValueSpecification","valueRequired":true,"valueName":"search_term_string"}}],"inLanguage":"es-AR"},{"@type":"Organization","@id":"https:\/\/vocesdelacomuna15.com.ar\/press\/#organization","name":"Voces de la Comuna 15","url":"https:\/\/vocesdelacomuna15.com.ar\/press\/","logo":{"@type":"ImageObject","inLanguage":"es-AR","@id":"https:\/\/vocesdelacomuna15.com.ar\/press\/#\/schema\/logo\/image\/","url":"https:\/\/vocesdelacomuna15.com.ar\/wp-content\/uploads\/2024\/12\/cropped-logo_voces.jpg","contentUrl":"https:\/\/vocesdelacomuna15.com.ar\/wp-content\/uploads\/2024\/12\/cropped-logo_voces.jpg","width":512,"height":512,"caption":"Voces de la Comuna 15"},"image":{"@id":"https:\/\/vocesdelacomuna15.com.ar\/press\/#\/schema\/logo\/image\/"},"sameAs":["https:\/\/www.facebook.com\/VocesComuna15\/","https:\/\/x.com\/vocescomuna15"]},{"@type":"Person","@id":"https:\/\/vocesdelacomuna15.com.ar\/press\/#\/schema\/person\/4739e109db25d799cd3d139eeb509e43","name":"Federico Arguto","image":{"@type":"ImageObject","inLanguage":"es-AR","@id":"https:\/\/vocesdelacomuna15.com.ar\/wp-content\/litespeed\/avatar\/82faf979976f1bae889b8b71f8a0a7e5.jpg?ver=1777419741","url":"https:\/\/vocesdelacomuna15.com.ar\/wp-content\/litespeed\/avatar\/82faf979976f1bae889b8b71f8a0a7e5.jpg?ver=1777419741","contentUrl":"https:\/\/vocesdelacomuna15.com.ar\/wp-content\/litespeed\/avatar\/82faf979976f1bae889b8b71f8a0a7e5.jpg?ver=1777419741","caption":"Federico Arguto"},"url":"https:\/\/vocesdelacomuna15.com.ar\/press\/author\/fede\/"}]}},"_links":{"self":[{"href":"https:\/\/vocesdelacomuna15.com.ar\/press\/wp-json\/wp\/v2\/posts\/63264","targetHints":{"allow":["GET"]}}],"collection":[{"href":"https:\/\/vocesdelacomuna15.com.ar\/press\/wp-json\/wp\/v2\/posts"}],"about":[{"href":"https:\/\/vocesdelacomuna15.com.ar\/press\/wp-json\/wp\/v2\/types\/post"}],"author":[{"embeddable":true,"href":"https:\/\/vocesdelacomuna15.com.ar\/press\/wp-json\/wp\/v2\/users\/2"}],"replies":[{"embeddable":true,"href":"https:\/\/vocesdelacomuna15.com.ar\/press\/wp-json\/wp\/v2\/comments?post=63264"}],"version-history":[{"count":1,"href":"https:\/\/vocesdelacomuna15.com.ar\/press\/wp-json\/wp\/v2\/posts\/63264\/revisions"}],"predecessor-version":[{"id":63266,"href":"https:\/\/vocesdelacomuna15.com.ar\/press\/wp-json\/wp\/v2\/posts\/63264\/revisions\/63266"}],"wp:featuredmedia":[{"embeddable":true,"href":"https:\/\/vocesdelacomuna15.com.ar\/press\/wp-json\/wp\/v2\/media\/63265"}],"wp:attachment":[{"href":"https:\/\/vocesdelacomuna15.com.ar\/press\/wp-json\/wp\/v2\/media?parent=63264"}],"wp:term":[{"taxonomy":"category","embeddable":true,"href":"https:\/\/vocesdelacomuna15.com.ar\/press\/wp-json\/wp\/v2\/categories?post=63264"},{"taxonomy":"post_tag","embeddable":true,"href":"https:\/\/vocesdelacomuna15.com.ar\/press\/wp-json\/wp\/v2\/tags?post=63264"}],"curies":[{"name":"wp","href":"https:\/\/api.w.org\/{rel}","templated":true}]}}