{"id":63259,"date":"2024-03-25T02:34:00","date_gmt":"2024-03-25T05:34:00","guid":{"rendered":"https:\/\/vocesdelacomuna15.com.ar\/?p=63259"},"modified":"2024-03-22T14:41:02","modified_gmt":"2024-03-22T17:41:02","slug":"el-bafici-cumple-25-anos-y-lo-celebra-con-mas-de-260-peliculas-y-500-funciones-en-13-salas","status":"publish","type":"post","link":"https:\/\/vocesdelacomuna15.com.ar\/press\/el-bafici-cumple-25-anos-y-lo-celebra-con-mas-de-260-peliculas-y-500-funciones-en-13-salas\/","title":{"rendered":"El BAFICI cumple 25 a\u00f1os y lo celebra con m\u00e1s de 260 pel\u00edculas y 500 funciones en 13 salas"},"content":{"rendered":"\n<p>Se realizar\u00e1 del mi\u00e9rcoles 17 al domingo 28 de abril. Durante 12 d\u00edas la Ciudad ser\u00e1 sede del Festival Internacional de Cine Independiente, el m\u00e1s importante de la regi\u00f3n. Fuente: Buenos Aires Ciudad<\/p>\n\n\n\n<p>Link a nota original: <a href=\"https:\/\/buenosaires.gob.ar\/noticias\/el-bafici-cumple-25-anos-y-lo-celebra-con-mas-de-260-peliculas-y-500-funciones-en-13-salas\">https:\/\/buenosaires.gob.ar\/noticias\/el-bafici-cumple-25-anos-y-lo-celebra-con-mas-de-260-peliculas-y-500-funciones-en-13-salas<\/a><\/p>\n\n\n\n<p>Consolidado como el gran festival de cine independiente de Am\u00e9rica Latina, el <a href=\"https:\/\/bafici.org\/\"><strong>BAFICI<\/strong><\/a> <strong>cumple 25 a\u00f1os <\/strong>y lo va a celebrar con una edici\u00f3n especial, con m\u00e1s de <strong>500 funciones en 13 salas<\/strong>, donde se proyectar\u00e1n 260 pel\u00edculas para todos los p\u00fablicos.<\/p>\n\n\n\n<p>Organizado por el Ministerio de Cultura de la Ciudad de Buenos Aires, el festival se realizar\u00e1 del <strong>17 al 28 de abril <\/strong>y, como es tradici\u00f3n, contar\u00e1 con la presencia de muchos cineastas locales e invitados internacionales para presentar sus pel\u00edculas, interactuar con el p\u00fablico y participar de diversas actividades. Y habr\u00e1, adem\u00e1s, estrenos de pel\u00edculas que eligen al BAFICI para darse a conocer mundialmente.<\/p>\n\n\n\n<p>Desde su primera edici\u00f3n en 1999, el BAFICI puso el acento en destacar que <strong>el cine es mucho m\u00e1s que el que suele ofrecerse en la cartelera comercial<\/strong>, que el cine es un arte en movimiento en sentidos m\u00faltiples y que hay muchas pel\u00edculas que est\u00e1n esperando a sus potenciales espectadores. Por otra parte, el BAFICI es el festival que m\u00e1s cine argentino estrena y en esta edici\u00f3n el cine local estar\u00e1 presente a\u00fan con mayor fuerza, novedad y variedad.<\/p>\n\n\n\n<p>Adem\u00e1s, por primera vez y con motivo del 25\u00b0 aniversario, el festival tendr\u00e1 una web propia <a href=\"https:\/\/bafici.org\/\">www.bafici.org<\/a>, con posibilidad de navegaci\u00f3n entre la totalidad de la programaci\u00f3n, las actividades especiales y toda la informaci\u00f3n necesaria.<\/p>\n\n\n\n<p><strong>El punto de encuentro estar\u00e1 ubicado en el Teatro San Mart\u00edn<\/strong>, que ser\u00e1 la sede base de esta edici\u00f3n, con funciones en su <em>sala Lugones <\/em>y en las dos del aleda\u00f1o <strong>Cultural San Mart\u00edn<\/strong>. Ser\u00e1 el espacio de consulta, de intercambio y de pertenencia, tanto para el p\u00fablico general como para los acreditados. Contar\u00e1 con actividades, clases y un \u00e1rea de cowork para los acreditados y, para el p\u00fablico general, un sector de esparcimiento con bar y una agenda de actividades especiales. Otro de los puntos destacados este a\u00f1o ser\u00e1n las funciones en las salas de Cin\u00e9polis de Plaza Houssay, parte de una iniciativa de trabajar en conjunto los sectores p\u00fablico y privado.<br>&nbsp;<br>Para este momento tan especial que significa la edici\u00f3n n\u00famero 25, el BAFICI se plante\u00f3 estar atento al pulso cinematogr\u00e1fico de los tiempos y a la vez poner especial \u00e9nfasis en mirar hacia atr\u00e1s, en particular hacia la <strong>historia del cine argentino<\/strong>. El estreno mundial del fascinante retrato titulado <em>Jorge Polaco<\/em> de Mar\u00eda Onis nos permitir\u00e1 homenajear -con el agregado de proyecciones especiales de algunas de sus pel\u00edculas como L<em>a dama regresa y En el nombre del hijo<\/em>&#8211; al impar director, del que se cumplen diez a\u00f1os de su muerte. Otro homenaje al pasado del cine argentino se producir\u00e1 a partir del documental sobre Eva Landeck <em>Maldita Eva<\/em>, dirigido por Pablo Sp\u00e1tola, que estar\u00e1 acompa\u00f1ado por la proyecci\u00f3n de tres cortometrajes recuperados de la directora: <em>Entrem\u00e9s, Horas extras y El empleo<\/em>.<\/p>\n\n\n\n<p>Dos de los t\u00edtulos que integran la secci\u00f3n <strong>Rescates<\/strong> son pel\u00edculas argentinas que pasaron por ediciones anteriores del BAFICI como<em> Tan de repente<\/em> de Diego Lerman y <em>Las vidas posibles<\/em> de Sandra Gugliotta. En el segmento internacional de Rescates tambi\u00e9n estar\u00e1n, entre otras, <em>Despu\u00e9s de hora<\/em> de Martin Scorsese y <em>Par\u00eds, Texas<\/em> de Wim Wenders. En la secci\u00f3n de <strong>Cine sobre cine<\/strong>, entre otras habr\u00e1 pel\u00edculas recientes sobre Jean-Luc Godard, (<em>Godard par Godard <\/em>de Florence Platarets), sobre Georg Wilhelm Pabst (<em>Pandora&#8217;s Legacy<\/em> de Angela Christlieb), sobre Ken Jacobs (<em>Ken Jacobs &#8211; From Orchard Street to the Museum of Modern Art <\/em>de Fred Riedel), sobre Luis Ospina (<em>Ospina Cali Colombia<\/em> de Jorge de Carvalho) y sobre Lorenza Mazzetti (<em>Mentre parlavamo del fiume<\/em> de Carla Vestroni).<\/p>\n\n\n\n<p>Algunas pel\u00edculas que estar\u00e1n presentes en la secci\u00f3n <strong>Trayectorias<\/strong> ser\u00e1n <em>Favoriten <\/em>de Ruth Beckermann, <em>Leme do destino<\/em> de Julio Bressane, <em>The Visitor <\/em>de Bruce LaBruce, <em>Requiem<\/em> de Jonas Mekas, <em>Cosmic Miniatures<\/em> de Alexander Kluge, <em>Despu\u00e9s de Un buen d\u00eda<\/em> de N\u00e9stor Frenkel, <em>L&#8217;Empire <\/em>de Bruno Dumont y <em>MMXX <\/em>de Cristi Puiu.<\/p>\n\n\n\n<p>Tanto la <strong>pel\u00edcula de apertura como la de clausura ser\u00e1n exponentes de la creatividad y variedad del cine argentino<\/strong> y -curiosamente- ambas tienen palabras en ingl\u00e9s en sus t\u00edtulos. Luego de ganar la Competencia Argentina en 2023 con Terminal Young,<strong> Luc\u00eda Seles abrir\u00e1 el BAFICI 2024 con School Privada Alfonsina Storni<\/strong>, una comedia a la que llamar singular es quedarse corto en el \u00e9nfasis. Para el cierre nos iremos al estadio Obras en 1987 con <strong>Fuck You! El \u00faltimo show<\/strong>, de Jos\u00e9 Luis Garc\u00eda, quien a\u00f1os despu\u00e9s de registrar a <em>Luca Prodan y a Sumo<\/em> mont\u00f3 esta pel\u00edcula tan hist\u00f3rica como -ya les adelantamos- inolvidable.<\/p>\n\n\n\n<p>Por \u00faltimo pero no por eso menos importante, y ciertamente es un motivo muy especial de celebraci\u00f3n, durante 2024 el BAFICI junto con A sala llena publicar\u00e1n un libro -de los de papel- sobre estos veinticinco a\u00f1os titulado <em>El libro de plata del BAFICI.<\/em><\/p>\n\n\n\n<figure class=\"wp-block-image size-large\"><img loading=\"lazy\" decoding=\"async\" width=\"1024\" height=\"683\" src=\"https:\/\/vocesdelacomuna15.com.ar\/wp-content\/uploads\/2024\/03\/bafici2-1024x683.jpg\" alt=\"\" class=\"wp-image-63261\" srcset=\"https:\/\/vocesdelacomuna15.com.ar\/wp-content\/uploads\/2024\/03\/bafici2-1024x683.jpg 1024w, https:\/\/vocesdelacomuna15.com.ar\/wp-content\/uploads\/2024\/03\/bafici2-300x200.jpg 300w, https:\/\/vocesdelacomuna15.com.ar\/wp-content\/uploads\/2024\/03\/bafici2-768x512.jpg 768w, https:\/\/vocesdelacomuna15.com.ar\/wp-content\/uploads\/2024\/03\/bafici2-1536x1024.jpg 1536w, https:\/\/vocesdelacomuna15.com.ar\/wp-content\/uploads\/2024\/03\/bafici2-2048x1365.jpg 2048w, https:\/\/vocesdelacomuna15.com.ar\/wp-content\/uploads\/2024\/03\/bafici2-1080x720.jpg 1080w\" sizes=\"(max-width: 1024px) 100vw, 1024px\" \/><\/figure>\n\n\n\n<h2 class=\"wp-block-heading\"><strong>Entradas<\/strong><\/h2>\n\n\n\n<ul class=\"wp-block-list\">\n<li>Entrada general: $1500<\/li>\n\n\n\n<li>Entrada con descuento para estudiantes y jubilados: $1200<\/li>\n<\/ul>\n\n\n\n<p><br>Las entradas <strong>se podr\u00e1n comprar de manera online a partir del 9 de abril<\/strong> a las 10 en <a href=\"https:\/\/bafici.org\/\">www.bafici.org <\/a>o personalmente en las siguientes boleter\u00edas: del 9 al 28 de abril &#8211; Teatro San Mart\u00edn (Av. Corrientes 1530), del 18 al 28 de abril &#8211; Centro Cultural San Mart\u00edn (Sarmiento 1551), Espacio INCAA Cine Gaumont (Av. Rivadavia 1635), Cin\u00e9polis Plaza Houssay (Av. C\u00f3rdoba 2135), Cinearte Cacodelphia (Av. Pres. Roque S\u00e1enz Pe\u00f1a 1150).<\/p>\n\n\n\n<p>Una vez comenzada la proyecci\u00f3n no estar\u00e1 permitido el ingreso a la sala y la entrada perder\u00e1 validez. Todas las pel\u00edculas de la programaci\u00f3n del [25] BAFICI no habladas en castellano contar\u00e1n con subtitulado en castellano.<\/p>\n\n\n\n<p>Para las pel\u00edculas y actividades gratuitas sin reservas el ingreso es por orden de llegada y est\u00e1 sujeto a la capacidad de cada espacio.<\/p>\n\n\n\n<p><br><strong>Cupos<\/strong><\/p>\n\n\n\n<p>En cumplimiento con el Art\u00edculo 4 de la Ley 3.546, habr\u00e1 un cupo gratuito para personas con discapacidad para que puedan acceder a las funciones con acreditaci\u00f3n mediante el CUD en boleter\u00eda. Dicho cupo tendr\u00e1 validez hasta 30 (treinta) minutos antes del comienzo de la funci\u00f3n.<\/p>\n\n\n\n<h2 class=\"wp-block-heading\"><br><strong>Sedes:<\/strong><\/h2>\n\n\n\n<p><br>\u25cf Teatro San Mart\u00edn &#8211; Sala Lugones \/ Av. Corrientes 1530<br>\u25cf El Cultural San Mart\u00edn &#8211; Salas Graciela Borges y Manuel Ant\u00edn \/ Sarmiento 1551<br>\u25cf Espacio INCAA Cine Gaumont &#8211; Salas Leonardo Favio y Mar\u00eda Luisa Bemberg \/ Av. Rivadavia 1635<br>\u25cf Cin\u00e9polis, Plaza Houssay &#8211; Salas 1, 2, 3 y 4 \/ Av. C\u00f3rdoba 2135<br>\u25cf Cacodelphia &#8211; Salas 1, 2 y 3 \/ Av. Pres. Roque S\u00e1enz Pe\u00f1a 1150<br>\u25cf Museo del Cine&#8221;Pablo Ducr\u00f3s Hicken&#8221; \/ Agust\u00edn R. Caffarena 51<\/p>\n\n\n\n<p><\/p>\n\n\n\n<p>Caracteres: 6.353<\/p>\n<div class=\"pvc_clear\"><\/div><p id=\"pvc_stats_63259\" class=\"pvc_stats all  \" data-element-id=\"63259\" style=\"\"><i class=\"pvc-stats-icon small\" aria-hidden=\"true\"><svg aria-hidden=\"true\" focusable=\"false\" data-prefix=\"far\" data-icon=\"chart-bar\" role=\"img\" xmlns=\"http:\/\/www.w3.org\/2000\/svg\" viewBox=\"0 0 512 512\" class=\"svg-inline--fa fa-chart-bar fa-w-16 fa-2x\"><path fill=\"currentColor\" d=\"M396.8 352h22.4c6.4 0 12.8-6.4 12.8-12.8V108.8c0-6.4-6.4-12.8-12.8-12.8h-22.4c-6.4 0-12.8 6.4-12.8 12.8v230.4c0 6.4 6.4 12.8 12.8 12.8zm-192 0h22.4c6.4 0 12.8-6.4 12.8-12.8V140.8c0-6.4-6.4-12.8-12.8-12.8h-22.4c-6.4 0-12.8 6.4-12.8 12.8v198.4c0 6.4 6.4 12.8 12.8 12.8zm96 0h22.4c6.4 0 12.8-6.4 12.8-12.8V204.8c0-6.4-6.4-12.8-12.8-12.8h-22.4c-6.4 0-12.8 6.4-12.8 12.8v134.4c0 6.4 6.4 12.8 12.8 12.8zM496 400H48V80c0-8.84-7.16-16-16-16H16C7.16 64 0 71.16 0 80v336c0 17.67 14.33 32 32 32h464c8.84 0 16-7.16 16-16v-16c0-8.84-7.16-16-16-16zm-387.2-48h22.4c6.4 0 12.8-6.4 12.8-12.8v-70.4c0-6.4-6.4-12.8-12.8-12.8h-22.4c-6.4 0-12.8 6.4-12.8 12.8v70.4c0 6.4 6.4 12.8 12.8 12.8z\" class=\"\"><\/path><\/svg><\/i> <img loading=\"lazy\" decoding=\"async\" width=\"16\" height=\"16\" alt=\"Loading\" src=\"https:\/\/vocesdelacomuna15.com.ar\/wp-content\/plugins\/page-views-count\/ajax-loader-2x.gif\" border=0 \/><\/p><div class=\"pvc_clear\"><\/div>","protected":false},"excerpt":{"rendered":"<p>Se realizar\u00e1 del mi\u00e9rcoles 17 al domingo 28 de abril. Durante 12 d\u00edas la Ciudad ser\u00e1 sede del Festival Internacional de Cine Independiente, el m\u00e1s importante de la regi\u00f3n. Fuente: Buenos Aires Ciudad Link a nota original: https:\/\/buenosaires.gob.ar\/noticias\/el-bafici-cumple-25-anos-y-lo-celebra-con-mas-de-260-peliculas-y-500-funciones-en-13-salas Consolidado como el gran festival de cine independiente de Am\u00e9rica Latina, el BAFICI cumple 25 a\u00f1os y [&hellip;]<\/p>\n<div class=\"pvc_clear\"><\/div>\n<p id=\"pvc_stats_63259\" class=\"pvc_stats all  \" data-element-id=\"63259\" style=\"\"><i class=\"pvc-stats-icon small\" aria-hidden=\"true\"><svg aria-hidden=\"true\" focusable=\"false\" data-prefix=\"far\" data-icon=\"chart-bar\" role=\"img\" xmlns=\"http:\/\/www.w3.org\/2000\/svg\" viewBox=\"0 0 512 512\" class=\"svg-inline--fa fa-chart-bar fa-w-16 fa-2x\"><path fill=\"currentColor\" d=\"M396.8 352h22.4c6.4 0 12.8-6.4 12.8-12.8V108.8c0-6.4-6.4-12.8-12.8-12.8h-22.4c-6.4 0-12.8 6.4-12.8 12.8v230.4c0 6.4 6.4 12.8 12.8 12.8zm-192 0h22.4c6.4 0 12.8-6.4 12.8-12.8V140.8c0-6.4-6.4-12.8-12.8-12.8h-22.4c-6.4 0-12.8 6.4-12.8 12.8v198.4c0 6.4 6.4 12.8 12.8 12.8zm96 0h22.4c6.4 0 12.8-6.4 12.8-12.8V204.8c0-6.4-6.4-12.8-12.8-12.8h-22.4c-6.4 0-12.8 6.4-12.8 12.8v134.4c0 6.4 6.4 12.8 12.8 12.8zM496 400H48V80c0-8.84-7.16-16-16-16H16C7.16 64 0 71.16 0 80v336c0 17.67 14.33 32 32 32h464c8.84 0 16-7.16 16-16v-16c0-8.84-7.16-16-16-16zm-387.2-48h22.4c6.4 0 12.8-6.4 12.8-12.8v-70.4c0-6.4-6.4-12.8-12.8-12.8h-22.4c-6.4 0-12.8 6.4-12.8 12.8v70.4c0 6.4 6.4 12.8 12.8 12.8z\" class=\"\"><\/path><\/svg><\/i> <img loading=\"lazy\" decoding=\"async\" width=\"16\" height=\"16\" alt=\"Loading\" src=\"https:\/\/vocesdelacomuna15.com.ar\/wp-content\/plugins\/page-views-count\/ajax-loader-2x.gif\" border=0 \/><\/p>\n<div class=\"pvc_clear\"><\/div>\n","protected":false},"author":2,"featured_media":63260,"comment_status":"open","ping_status":"open","sticky":false,"template":"","format":"standard","meta":{"_et_pb_use_builder":"off","_et_pb_old_content":"","_et_gb_content_width":"","footnotes":""},"categories":[26],"tags":[],"class_list":["post-63259","post","type-post","status-publish","format-standard","has-post-thumbnail","hentry","category-ciudad","et-has-post-format-content","et_post_format-et-post-format-standard"],"a3_pvc":{"activated":true,"total_views":31,"today_views":0},"yoast_head":"<!-- This site is optimized with the Yoast SEO plugin v27.5 - https:\/\/yoast.com\/product\/yoast-seo-wordpress\/ -->\n<title>El BAFICI cumple 25 a\u00f1os y lo celebra con m\u00e1s de 260 pel\u00edculas y 500 funciones en 13 salas - Voces de la Comuna 15<\/title>\n<meta name=\"description\" content=\"Voces de la Comuna 15\" \/>\n<meta name=\"robots\" content=\"index, follow, max-snippet:-1, max-image-preview:large, max-video-preview:-1\" \/>\n<link rel=\"canonical\" href=\"https:\/\/vocesdelacomuna15.com.ar\/press\/el-bafici-cumple-25-anos-y-lo-celebra-con-mas-de-260-peliculas-y-500-funciones-en-13-salas\/\" \/>\n<meta property=\"og:locale\" content=\"es_ES\" \/>\n<meta property=\"og:type\" content=\"article\" \/>\n<meta property=\"og:title\" content=\"El BAFICI cumple 25 a\u00f1os y lo celebra con m\u00e1s de 260 pel\u00edculas y 500 funciones en 13 salas - Voces de la Comuna 15\" \/>\n<meta property=\"og:description\" content=\"Voces de la Comuna 15\" \/>\n<meta property=\"og:url\" content=\"https:\/\/vocesdelacomuna15.com.ar\/press\/el-bafici-cumple-25-anos-y-lo-celebra-con-mas-de-260-peliculas-y-500-funciones-en-13-salas\/\" \/>\n<meta property=\"og:site_name\" content=\"Voces de la Comuna 15\" \/>\n<meta property=\"article:publisher\" content=\"https:\/\/www.facebook.com\/VocesComuna15\/\" \/>\n<meta property=\"article:published_time\" content=\"2024-03-25T05:34:00+00:00\" \/>\n<meta property=\"og:image\" content=\"https:\/\/vocesdelacomuna15.com.ar\/wp-content\/uploads\/2024\/03\/BAFICI-scaled.jpg\" \/>\n\t<meta property=\"og:image:width\" content=\"2560\" \/>\n\t<meta property=\"og:image:height\" content=\"1707\" \/>\n\t<meta property=\"og:image:type\" content=\"image\/jpeg\" \/>\n<meta name=\"author\" content=\"Federico Arguto\" \/>\n<meta name=\"twitter:card\" content=\"summary_large_image\" \/>\n<meta name=\"twitter:creator\" content=\"@vocescomuna15\" \/>\n<meta name=\"twitter:site\" content=\"@vocescomuna15\" \/>\n<meta name=\"twitter:label1\" content=\"Escrito por\" \/>\n\t<meta name=\"twitter:data1\" content=\"Federico Arguto\" \/>\n\t<meta name=\"twitter:label2\" content=\"Tiempo de lectura\" \/>\n\t<meta name=\"twitter:data2\" content=\"6 minutos\" \/>\n<script type=\"application\/ld+json\" class=\"yoast-schema-graph\">{\"@context\":\"https:\\\/\\\/schema.org\",\"@graph\":[{\"@type\":\"Article\",\"@id\":\"https:\\\/\\\/vocesdelacomuna15.com.ar\\\/press\\\/el-bafici-cumple-25-anos-y-lo-celebra-con-mas-de-260-peliculas-y-500-funciones-en-13-salas\\\/#article\",\"isPartOf\":{\"@id\":\"https:\\\/\\\/vocesdelacomuna15.com.ar\\\/press\\\/el-bafici-cumple-25-anos-y-lo-celebra-con-mas-de-260-peliculas-y-500-funciones-en-13-salas\\\/\"},\"author\":{\"name\":\"Federico Arguto\",\"@id\":\"https:\\\/\\\/vocesdelacomuna15.com.ar\\\/press\\\/#\\\/schema\\\/person\\\/4739e109db25d799cd3d139eeb509e43\"},\"headline\":\"El BAFICI cumple 25 a\u00f1os y lo celebra con m\u00e1s de 260 pel\u00edculas y 500 funciones en 13 salas\",\"datePublished\":\"2024-03-25T05:34:00+00:00\",\"mainEntityOfPage\":{\"@id\":\"https:\\\/\\\/vocesdelacomuna15.com.ar\\\/press\\\/el-bafici-cumple-25-anos-y-lo-celebra-con-mas-de-260-peliculas-y-500-funciones-en-13-salas\\\/\"},\"wordCount\":1187,\"commentCount\":0,\"publisher\":{\"@id\":\"https:\\\/\\\/vocesdelacomuna15.com.ar\\\/press\\\/#organization\"},\"image\":{\"@id\":\"https:\\\/\\\/vocesdelacomuna15.com.ar\\\/press\\\/el-bafici-cumple-25-anos-y-lo-celebra-con-mas-de-260-peliculas-y-500-funciones-en-13-salas\\\/#primaryimage\"},\"thumbnailUrl\":\"https:\\\/\\\/vocesdelacomuna15.com.ar\\\/wp-content\\\/uploads\\\/2024\\\/03\\\/BAFICI-scaled.jpg\",\"articleSection\":[\"Ciudad\"],\"inLanguage\":\"es-AR\",\"potentialAction\":[{\"@type\":\"CommentAction\",\"name\":\"Comment\",\"target\":[\"https:\\\/\\\/vocesdelacomuna15.com.ar\\\/press\\\/el-bafici-cumple-25-anos-y-lo-celebra-con-mas-de-260-peliculas-y-500-funciones-en-13-salas\\\/#respond\"]}]},{\"@type\":\"WebPage\",\"@id\":\"https:\\\/\\\/vocesdelacomuna15.com.ar\\\/press\\\/el-bafici-cumple-25-anos-y-lo-celebra-con-mas-de-260-peliculas-y-500-funciones-en-13-salas\\\/\",\"url\":\"https:\\\/\\\/vocesdelacomuna15.com.ar\\\/press\\\/el-bafici-cumple-25-anos-y-lo-celebra-con-mas-de-260-peliculas-y-500-funciones-en-13-salas\\\/\",\"name\":\"El BAFICI cumple 25 a\u00f1os y lo celebra con m\u00e1s de 260 pel\u00edculas y 500 funciones en 13 salas - Voces de la Comuna 15\",\"isPartOf\":{\"@id\":\"https:\\\/\\\/vocesdelacomuna15.com.ar\\\/press\\\/#website\"},\"primaryImageOfPage\":{\"@id\":\"https:\\\/\\\/vocesdelacomuna15.com.ar\\\/press\\\/el-bafici-cumple-25-anos-y-lo-celebra-con-mas-de-260-peliculas-y-500-funciones-en-13-salas\\\/#primaryimage\"},\"image\":{\"@id\":\"https:\\\/\\\/vocesdelacomuna15.com.ar\\\/press\\\/el-bafici-cumple-25-anos-y-lo-celebra-con-mas-de-260-peliculas-y-500-funciones-en-13-salas\\\/#primaryimage\"},\"thumbnailUrl\":\"https:\\\/\\\/vocesdelacomuna15.com.ar\\\/wp-content\\\/uploads\\\/2024\\\/03\\\/BAFICI-scaled.jpg\",\"datePublished\":\"2024-03-25T05:34:00+00:00\",\"description\":\"Voces de la Comuna 15\",\"breadcrumb\":{\"@id\":\"https:\\\/\\\/vocesdelacomuna15.com.ar\\\/press\\\/el-bafici-cumple-25-anos-y-lo-celebra-con-mas-de-260-peliculas-y-500-funciones-en-13-salas\\\/#breadcrumb\"},\"inLanguage\":\"es-AR\",\"potentialAction\":[{\"@type\":\"ReadAction\",\"target\":[\"https:\\\/\\\/vocesdelacomuna15.com.ar\\\/press\\\/el-bafici-cumple-25-anos-y-lo-celebra-con-mas-de-260-peliculas-y-500-funciones-en-13-salas\\\/\"]}]},{\"@type\":\"ImageObject\",\"inLanguage\":\"es-AR\",\"@id\":\"https:\\\/\\\/vocesdelacomuna15.com.ar\\\/press\\\/el-bafici-cumple-25-anos-y-lo-celebra-con-mas-de-260-peliculas-y-500-funciones-en-13-salas\\\/#primaryimage\",\"url\":\"https:\\\/\\\/vocesdelacomuna15.com.ar\\\/wp-content\\\/uploads\\\/2024\\\/03\\\/BAFICI-scaled.jpg\",\"contentUrl\":\"https:\\\/\\\/vocesdelacomuna15.com.ar\\\/wp-content\\\/uploads\\\/2024\\\/03\\\/BAFICI-scaled.jpg\",\"width\":2560,\"height\":1707},{\"@type\":\"BreadcrumbList\",\"@id\":\"https:\\\/\\\/vocesdelacomuna15.com.ar\\\/press\\\/el-bafici-cumple-25-anos-y-lo-celebra-con-mas-de-260-peliculas-y-500-funciones-en-13-salas\\\/#breadcrumb\",\"itemListElement\":[{\"@type\":\"ListItem\",\"position\":1,\"name\":\"Inicio\",\"item\":\"https:\\\/\\\/vocesdelacomuna15.com.ar\\\/press\\\/\"},{\"@type\":\"ListItem\",\"position\":2,\"name\":\"El BAFICI cumple 25 a\u00f1os y lo celebra con m\u00e1s de 260 pel\u00edculas y 500 funciones en 13 salas\"}]},{\"@type\":\"WebSite\",\"@id\":\"https:\\\/\\\/vocesdelacomuna15.com.ar\\\/press\\\/#website\",\"url\":\"https:\\\/\\\/vocesdelacomuna15.com.ar\\\/press\\\/\",\"name\":\"Voces de la Comuna 15\",\"description\":\"Sitio web de noticias\",\"publisher\":{\"@id\":\"https:\\\/\\\/vocesdelacomuna15.com.ar\\\/press\\\/#organization\"},\"potentialAction\":[{\"@type\":\"SearchAction\",\"target\":{\"@type\":\"EntryPoint\",\"urlTemplate\":\"https:\\\/\\\/vocesdelacomuna15.com.ar\\\/press\\\/?s={search_term_string}\"},\"query-input\":{\"@type\":\"PropertyValueSpecification\",\"valueRequired\":true,\"valueName\":\"search_term_string\"}}],\"inLanguage\":\"es-AR\"},{\"@type\":\"Organization\",\"@id\":\"https:\\\/\\\/vocesdelacomuna15.com.ar\\\/press\\\/#organization\",\"name\":\"Voces de la Comuna 15\",\"url\":\"https:\\\/\\\/vocesdelacomuna15.com.ar\\\/press\\\/\",\"logo\":{\"@type\":\"ImageObject\",\"inLanguage\":\"es-AR\",\"@id\":\"https:\\\/\\\/vocesdelacomuna15.com.ar\\\/press\\\/#\\\/schema\\\/logo\\\/image\\\/\",\"url\":\"https:\\\/\\\/vocesdelacomuna15.com.ar\\\/wp-content\\\/uploads\\\/2024\\\/12\\\/cropped-logo_voces.jpg\",\"contentUrl\":\"https:\\\/\\\/vocesdelacomuna15.com.ar\\\/wp-content\\\/uploads\\\/2024\\\/12\\\/cropped-logo_voces.jpg\",\"width\":512,\"height\":512,\"caption\":\"Voces de la Comuna 15\"},\"image\":{\"@id\":\"https:\\\/\\\/vocesdelacomuna15.com.ar\\\/press\\\/#\\\/schema\\\/logo\\\/image\\\/\"},\"sameAs\":[\"https:\\\/\\\/www.facebook.com\\\/VocesComuna15\\\/\",\"https:\\\/\\\/x.com\\\/vocescomuna15\"]},{\"@type\":\"Person\",\"@id\":\"https:\\\/\\\/vocesdelacomuna15.com.ar\\\/press\\\/#\\\/schema\\\/person\\\/4739e109db25d799cd3d139eeb509e43\",\"name\":\"Federico Arguto\",\"image\":{\"@type\":\"ImageObject\",\"inLanguage\":\"es-AR\",\"@id\":\"https:\\\/\\\/vocesdelacomuna15.com.ar\\\/wp-content\\\/litespeed\\\/avatar\\\/82faf979976f1bae889b8b71f8a0a7e5.jpg?ver=1777419741\",\"url\":\"https:\\\/\\\/vocesdelacomuna15.com.ar\\\/wp-content\\\/litespeed\\\/avatar\\\/82faf979976f1bae889b8b71f8a0a7e5.jpg?ver=1777419741\",\"contentUrl\":\"https:\\\/\\\/vocesdelacomuna15.com.ar\\\/wp-content\\\/litespeed\\\/avatar\\\/82faf979976f1bae889b8b71f8a0a7e5.jpg?ver=1777419741\",\"caption\":\"Federico Arguto\"},\"url\":\"https:\\\/\\\/vocesdelacomuna15.com.ar\\\/press\\\/author\\\/fede\\\/\"}]}<\/script>\n<!-- \/ Yoast SEO plugin. -->","yoast_head_json":{"title":"El BAFICI cumple 25 a\u00f1os y lo celebra con m\u00e1s de 260 pel\u00edculas y 500 funciones en 13 salas - Voces de la Comuna 15","description":"Voces de la Comuna 15","robots":{"index":"index","follow":"follow","max-snippet":"max-snippet:-1","max-image-preview":"max-image-preview:large","max-video-preview":"max-video-preview:-1"},"canonical":"https:\/\/vocesdelacomuna15.com.ar\/press\/el-bafici-cumple-25-anos-y-lo-celebra-con-mas-de-260-peliculas-y-500-funciones-en-13-salas\/","og_locale":"es_ES","og_type":"article","og_title":"El BAFICI cumple 25 a\u00f1os y lo celebra con m\u00e1s de 260 pel\u00edculas y 500 funciones en 13 salas - Voces de la Comuna 15","og_description":"Voces de la Comuna 15","og_url":"https:\/\/vocesdelacomuna15.com.ar\/press\/el-bafici-cumple-25-anos-y-lo-celebra-con-mas-de-260-peliculas-y-500-funciones-en-13-salas\/","og_site_name":"Voces de la Comuna 15","article_publisher":"https:\/\/www.facebook.com\/VocesComuna15\/","article_published_time":"2024-03-25T05:34:00+00:00","og_image":[{"width":2560,"height":1707,"url":"https:\/\/vocesdelacomuna15.com.ar\/wp-content\/uploads\/2024\/03\/BAFICI-scaled.jpg","type":"image\/jpeg"}],"author":"Federico Arguto","twitter_card":"summary_large_image","twitter_creator":"@vocescomuna15","twitter_site":"@vocescomuna15","twitter_misc":{"Escrito por":"Federico Arguto","Tiempo de lectura":"6 minutos"},"schema":{"@context":"https:\/\/schema.org","@graph":[{"@type":"Article","@id":"https:\/\/vocesdelacomuna15.com.ar\/press\/el-bafici-cumple-25-anos-y-lo-celebra-con-mas-de-260-peliculas-y-500-funciones-en-13-salas\/#article","isPartOf":{"@id":"https:\/\/vocesdelacomuna15.com.ar\/press\/el-bafici-cumple-25-anos-y-lo-celebra-con-mas-de-260-peliculas-y-500-funciones-en-13-salas\/"},"author":{"name":"Federico Arguto","@id":"https:\/\/vocesdelacomuna15.com.ar\/press\/#\/schema\/person\/4739e109db25d799cd3d139eeb509e43"},"headline":"El BAFICI cumple 25 a\u00f1os y lo celebra con m\u00e1s de 260 pel\u00edculas y 500 funciones en 13 salas","datePublished":"2024-03-25T05:34:00+00:00","mainEntityOfPage":{"@id":"https:\/\/vocesdelacomuna15.com.ar\/press\/el-bafici-cumple-25-anos-y-lo-celebra-con-mas-de-260-peliculas-y-500-funciones-en-13-salas\/"},"wordCount":1187,"commentCount":0,"publisher":{"@id":"https:\/\/vocesdelacomuna15.com.ar\/press\/#organization"},"image":{"@id":"https:\/\/vocesdelacomuna15.com.ar\/press\/el-bafici-cumple-25-anos-y-lo-celebra-con-mas-de-260-peliculas-y-500-funciones-en-13-salas\/#primaryimage"},"thumbnailUrl":"https:\/\/vocesdelacomuna15.com.ar\/wp-content\/uploads\/2024\/03\/BAFICI-scaled.jpg","articleSection":["Ciudad"],"inLanguage":"es-AR","potentialAction":[{"@type":"CommentAction","name":"Comment","target":["https:\/\/vocesdelacomuna15.com.ar\/press\/el-bafici-cumple-25-anos-y-lo-celebra-con-mas-de-260-peliculas-y-500-funciones-en-13-salas\/#respond"]}]},{"@type":"WebPage","@id":"https:\/\/vocesdelacomuna15.com.ar\/press\/el-bafici-cumple-25-anos-y-lo-celebra-con-mas-de-260-peliculas-y-500-funciones-en-13-salas\/","url":"https:\/\/vocesdelacomuna15.com.ar\/press\/el-bafici-cumple-25-anos-y-lo-celebra-con-mas-de-260-peliculas-y-500-funciones-en-13-salas\/","name":"El BAFICI cumple 25 a\u00f1os y lo celebra con m\u00e1s de 260 pel\u00edculas y 500 funciones en 13 salas - Voces de la Comuna 15","isPartOf":{"@id":"https:\/\/vocesdelacomuna15.com.ar\/press\/#website"},"primaryImageOfPage":{"@id":"https:\/\/vocesdelacomuna15.com.ar\/press\/el-bafici-cumple-25-anos-y-lo-celebra-con-mas-de-260-peliculas-y-500-funciones-en-13-salas\/#primaryimage"},"image":{"@id":"https:\/\/vocesdelacomuna15.com.ar\/press\/el-bafici-cumple-25-anos-y-lo-celebra-con-mas-de-260-peliculas-y-500-funciones-en-13-salas\/#primaryimage"},"thumbnailUrl":"https:\/\/vocesdelacomuna15.com.ar\/wp-content\/uploads\/2024\/03\/BAFICI-scaled.jpg","datePublished":"2024-03-25T05:34:00+00:00","description":"Voces de la Comuna 15","breadcrumb":{"@id":"https:\/\/vocesdelacomuna15.com.ar\/press\/el-bafici-cumple-25-anos-y-lo-celebra-con-mas-de-260-peliculas-y-500-funciones-en-13-salas\/#breadcrumb"},"inLanguage":"es-AR","potentialAction":[{"@type":"ReadAction","target":["https:\/\/vocesdelacomuna15.com.ar\/press\/el-bafici-cumple-25-anos-y-lo-celebra-con-mas-de-260-peliculas-y-500-funciones-en-13-salas\/"]}]},{"@type":"ImageObject","inLanguage":"es-AR","@id":"https:\/\/vocesdelacomuna15.com.ar\/press\/el-bafici-cumple-25-anos-y-lo-celebra-con-mas-de-260-peliculas-y-500-funciones-en-13-salas\/#primaryimage","url":"https:\/\/vocesdelacomuna15.com.ar\/wp-content\/uploads\/2024\/03\/BAFICI-scaled.jpg","contentUrl":"https:\/\/vocesdelacomuna15.com.ar\/wp-content\/uploads\/2024\/03\/BAFICI-scaled.jpg","width":2560,"height":1707},{"@type":"BreadcrumbList","@id":"https:\/\/vocesdelacomuna15.com.ar\/press\/el-bafici-cumple-25-anos-y-lo-celebra-con-mas-de-260-peliculas-y-500-funciones-en-13-salas\/#breadcrumb","itemListElement":[{"@type":"ListItem","position":1,"name":"Inicio","item":"https:\/\/vocesdelacomuna15.com.ar\/press\/"},{"@type":"ListItem","position":2,"name":"El BAFICI cumple 25 a\u00f1os y lo celebra con m\u00e1s de 260 pel\u00edculas y 500 funciones en 13 salas"}]},{"@type":"WebSite","@id":"https:\/\/vocesdelacomuna15.com.ar\/press\/#website","url":"https:\/\/vocesdelacomuna15.com.ar\/press\/","name":"Voces de la Comuna 15","description":"Sitio web de noticias","publisher":{"@id":"https:\/\/vocesdelacomuna15.com.ar\/press\/#organization"},"potentialAction":[{"@type":"SearchAction","target":{"@type":"EntryPoint","urlTemplate":"https:\/\/vocesdelacomuna15.com.ar\/press\/?s={search_term_string}"},"query-input":{"@type":"PropertyValueSpecification","valueRequired":true,"valueName":"search_term_string"}}],"inLanguage":"es-AR"},{"@type":"Organization","@id":"https:\/\/vocesdelacomuna15.com.ar\/press\/#organization","name":"Voces de la Comuna 15","url":"https:\/\/vocesdelacomuna15.com.ar\/press\/","logo":{"@type":"ImageObject","inLanguage":"es-AR","@id":"https:\/\/vocesdelacomuna15.com.ar\/press\/#\/schema\/logo\/image\/","url":"https:\/\/vocesdelacomuna15.com.ar\/wp-content\/uploads\/2024\/12\/cropped-logo_voces.jpg","contentUrl":"https:\/\/vocesdelacomuna15.com.ar\/wp-content\/uploads\/2024\/12\/cropped-logo_voces.jpg","width":512,"height":512,"caption":"Voces de la Comuna 15"},"image":{"@id":"https:\/\/vocesdelacomuna15.com.ar\/press\/#\/schema\/logo\/image\/"},"sameAs":["https:\/\/www.facebook.com\/VocesComuna15\/","https:\/\/x.com\/vocescomuna15"]},{"@type":"Person","@id":"https:\/\/vocesdelacomuna15.com.ar\/press\/#\/schema\/person\/4739e109db25d799cd3d139eeb509e43","name":"Federico Arguto","image":{"@type":"ImageObject","inLanguage":"es-AR","@id":"https:\/\/vocesdelacomuna15.com.ar\/wp-content\/litespeed\/avatar\/82faf979976f1bae889b8b71f8a0a7e5.jpg?ver=1777419741","url":"https:\/\/vocesdelacomuna15.com.ar\/wp-content\/litespeed\/avatar\/82faf979976f1bae889b8b71f8a0a7e5.jpg?ver=1777419741","contentUrl":"https:\/\/vocesdelacomuna15.com.ar\/wp-content\/litespeed\/avatar\/82faf979976f1bae889b8b71f8a0a7e5.jpg?ver=1777419741","caption":"Federico Arguto"},"url":"https:\/\/vocesdelacomuna15.com.ar\/press\/author\/fede\/"}]}},"_links":{"self":[{"href":"https:\/\/vocesdelacomuna15.com.ar\/press\/wp-json\/wp\/v2\/posts\/63259","targetHints":{"allow":["GET"]}}],"collection":[{"href":"https:\/\/vocesdelacomuna15.com.ar\/press\/wp-json\/wp\/v2\/posts"}],"about":[{"href":"https:\/\/vocesdelacomuna15.com.ar\/press\/wp-json\/wp\/v2\/types\/post"}],"author":[{"embeddable":true,"href":"https:\/\/vocesdelacomuna15.com.ar\/press\/wp-json\/wp\/v2\/users\/2"}],"replies":[{"embeddable":true,"href":"https:\/\/vocesdelacomuna15.com.ar\/press\/wp-json\/wp\/v2\/comments?post=63259"}],"version-history":[{"count":2,"href":"https:\/\/vocesdelacomuna15.com.ar\/press\/wp-json\/wp\/v2\/posts\/63259\/revisions"}],"predecessor-version":[{"id":63263,"href":"https:\/\/vocesdelacomuna15.com.ar\/press\/wp-json\/wp\/v2\/posts\/63259\/revisions\/63263"}],"wp:featuredmedia":[{"embeddable":true,"href":"https:\/\/vocesdelacomuna15.com.ar\/press\/wp-json\/wp\/v2\/media\/63260"}],"wp:attachment":[{"href":"https:\/\/vocesdelacomuna15.com.ar\/press\/wp-json\/wp\/v2\/media?parent=63259"}],"wp:term":[{"taxonomy":"category","embeddable":true,"href":"https:\/\/vocesdelacomuna15.com.ar\/press\/wp-json\/wp\/v2\/categories?post=63259"},{"taxonomy":"post_tag","embeddable":true,"href":"https:\/\/vocesdelacomuna15.com.ar\/press\/wp-json\/wp\/v2\/tags?post=63259"}],"curies":[{"name":"wp","href":"https:\/\/api.w.org\/{rel}","templated":true}]}}