{"id":63248,"date":"2024-03-21T18:02:11","date_gmt":"2024-03-21T21:02:11","guid":{"rendered":"https:\/\/vocesdelacomuna15.com.ar\/?p=63248"},"modified":"2024-03-21T18:05:31","modified_gmt":"2024-03-21T21:05:31","slug":"recorrida-del-presidente-de-la-comuna-15-junto-a-equipo-de-salud-para-atender-a-vecinos-con-sintomas-de-dengue","status":"publish","type":"post","link":"https:\/\/vocesdelacomuna15.com.ar\/press\/recorrida-del-presidente-de-la-comuna-15-junto-a-equipo-de-salud-para-atender-a-vecinos-con-sintomas-de-dengue\/","title":{"rendered":"Recorrida del Presidente de la Comuna 15 junto a equipo de Salud, que atendi\u00f3 a vecinos con s\u00edntomas de dengue"},"content":{"rendered":"\n<p>Ante el aumento de casos en la comuna. Se hicieron adem\u00e1s trabajos de fumigaci\u00f3n<\/p>\n\n\n\n<p>El pasado martes, el presidente de la Comuna 15 Agust\u00edn Rodr\u00edguez Ponti (Juntos por el Cambio) recorri\u00f3 la zona ante el incremento de casos de dengue. De acuerdo al \u00faltimo Bolet\u00edn Epidemiol\u00f3gico de la Ciudad de Buenos Aires, hasta el 8 de marzo se hab\u00edan registrado en CABA 990 casos de dengue sin antecedentes de viaje, siendo la regi\u00f3n centro la m\u00e1s afectada, con el 58,9% de los casos. Adem\u00e1s la Comuna 15 es, de acuerdo a ese informe, la de mayor prevalencia del dengue en la Ciudad, con una tasa de incidencia de 249,8 casos cada 100.000 habitantes.<\/p>\n\n\n\n<p>En redes sociales de la Comuna 15, se public\u00f3: \u201cAnte el incremento de los casos de dengue todo el sistema p\u00fablico y equipo de la comuna trabaja para atender y dar respuesta a cada vecino\u201d y se ampli\u00f3 detallando: \u201cHoy estuvimos junto a Gabriel Battistella, equipo del Instituto de Zoonosis Luis Pasteur, personal del Hospital Torn\u00fa, Cruz Roja (Villa Crespo) y cuadrilla de la comuna en uno de los barrios m\u00e1s afectados por el dengue, en el cual se fumig\u00f3 y atendi\u00f3 a vecinos con s\u00edntomas\u201d.<\/p>\n\n\n\n<p>Tras consulta de este medio, desde Prensa de la Comuna 15 nos informaron sobre los trabajos que se vienen haciendo en la zona para prevenir el dengue: \u201cEn cuanto a la prevenci\u00f3n se est\u00e1 fumigando en plazas y parques. Junto al Ministerio de Salud, tanto de CABA como Naci\u00f3n, Hospital Torn\u00fa, Hospital Pasteur y Cruz Roja (Villa Crespo) se est\u00e1n haciendo operativos en las manzanas con casos confirmados. En las viviendas donde hay casos confirmados y autorizan la fumigaci\u00f3n, que se realiza en el interior. Pero es fundamental en las recorridas pedir que mantengan la limpieza, y principalmente dar vuelta los platos de macetas, plantas en agua pasarla a tierra o arena\u201d, detallaron.<\/p>\n\n\n\n<p>Foto de portada: Comuna 15<\/p>\n\n\n\n<figure class=\"wp-block-embed is-type-rich is-provider-twitter wp-block-embed-twitter\"><div class=\"wp-block-embed__wrapper\">\n<blockquote class=\"twitter-tweet\" data-width=\"550\" data-dnt=\"true\"><p lang=\"es\" dir=\"ltr\">\ud83e\udd9f Ante el incremento de los casos de dengue todo el sistema p\u00fablico y equipo de la comuna trabaja para atender y dar respuesta a cada vecino. <a href=\"https:\/\/t.co\/WYDpBwwXsk\">pic.twitter.com\/WYDpBwwXsk<\/a><\/p>&mdash; Comuna 15 (@bacomuna15) <a href=\"https:\/\/twitter.com\/bacomuna15\/status\/1769874947961160110?ref_src=twsrc%5Etfw\">March 18, 2024<\/a><\/blockquote><script async src=\"https:\/\/platform.twitter.com\/widgets.js\" charset=\"utf-8\"><\/script>\n<\/div><\/figure>\n<div class=\"pvc_clear\"><\/div><p id=\"pvc_stats_63248\" class=\"pvc_stats all  \" data-element-id=\"63248\" style=\"\"><i class=\"pvc-stats-icon small\" aria-hidden=\"true\"><svg aria-hidden=\"true\" focusable=\"false\" data-prefix=\"far\" data-icon=\"chart-bar\" role=\"img\" xmlns=\"http:\/\/www.w3.org\/2000\/svg\" viewBox=\"0 0 512 512\" class=\"svg-inline--fa fa-chart-bar fa-w-16 fa-2x\"><path fill=\"currentColor\" d=\"M396.8 352h22.4c6.4 0 12.8-6.4 12.8-12.8V108.8c0-6.4-6.4-12.8-12.8-12.8h-22.4c-6.4 0-12.8 6.4-12.8 12.8v230.4c0 6.4 6.4 12.8 12.8 12.8zm-192 0h22.4c6.4 0 12.8-6.4 12.8-12.8V140.8c0-6.4-6.4-12.8-12.8-12.8h-22.4c-6.4 0-12.8 6.4-12.8 12.8v198.4c0 6.4 6.4 12.8 12.8 12.8zm96 0h22.4c6.4 0 12.8-6.4 12.8-12.8V204.8c0-6.4-6.4-12.8-12.8-12.8h-22.4c-6.4 0-12.8 6.4-12.8 12.8v134.4c0 6.4 6.4 12.8 12.8 12.8zM496 400H48V80c0-8.84-7.16-16-16-16H16C7.16 64 0 71.16 0 80v336c0 17.67 14.33 32 32 32h464c8.84 0 16-7.16 16-16v-16c0-8.84-7.16-16-16-16zm-387.2-48h22.4c6.4 0 12.8-6.4 12.8-12.8v-70.4c0-6.4-6.4-12.8-12.8-12.8h-22.4c-6.4 0-12.8 6.4-12.8 12.8v70.4c0 6.4 6.4 12.8 12.8 12.8z\" class=\"\"><\/path><\/svg><\/i> <img loading=\"lazy\" decoding=\"async\" width=\"16\" height=\"16\" alt=\"Loading\" src=\"https:\/\/vocesdelacomuna15.com.ar\/wp-content\/plugins\/page-views-count\/ajax-loader-2x.gif\" border=0 \/><\/p><div class=\"pvc_clear\"><\/div>","protected":false},"excerpt":{"rendered":"<p>Ante el aumento de casos en la comuna. Se hicieron adem\u00e1s trabajos de fumigaci\u00f3n El pasado martes, el presidente de la Comuna 15 Agust\u00edn Rodr\u00edguez Ponti (Juntos por el Cambio) recorri\u00f3 la zona ante el incremento de casos de dengue. De acuerdo al \u00faltimo Bolet\u00edn Epidemiol\u00f3gico de la Ciudad de Buenos Aires, hasta el 8 [&hellip;]<\/p>\n<div class=\"pvc_clear\"><\/div>\n<p id=\"pvc_stats_63248\" class=\"pvc_stats all  \" data-element-id=\"63248\" style=\"\"><i class=\"pvc-stats-icon small\" aria-hidden=\"true\"><svg aria-hidden=\"true\" focusable=\"false\" data-prefix=\"far\" data-icon=\"chart-bar\" role=\"img\" xmlns=\"http:\/\/www.w3.org\/2000\/svg\" viewBox=\"0 0 512 512\" class=\"svg-inline--fa fa-chart-bar fa-w-16 fa-2x\"><path fill=\"currentColor\" d=\"M396.8 352h22.4c6.4 0 12.8-6.4 12.8-12.8V108.8c0-6.4-6.4-12.8-12.8-12.8h-22.4c-6.4 0-12.8 6.4-12.8 12.8v230.4c0 6.4 6.4 12.8 12.8 12.8zm-192 0h22.4c6.4 0 12.8-6.4 12.8-12.8V140.8c0-6.4-6.4-12.8-12.8-12.8h-22.4c-6.4 0-12.8 6.4-12.8 12.8v198.4c0 6.4 6.4 12.8 12.8 12.8zm96 0h22.4c6.4 0 12.8-6.4 12.8-12.8V204.8c0-6.4-6.4-12.8-12.8-12.8h-22.4c-6.4 0-12.8 6.4-12.8 12.8v134.4c0 6.4 6.4 12.8 12.8 12.8zM496 400H48V80c0-8.84-7.16-16-16-16H16C7.16 64 0 71.16 0 80v336c0 17.67 14.33 32 32 32h464c8.84 0 16-7.16 16-16v-16c0-8.84-7.16-16-16-16zm-387.2-48h22.4c6.4 0 12.8-6.4 12.8-12.8v-70.4c0-6.4-6.4-12.8-12.8-12.8h-22.4c-6.4 0-12.8 6.4-12.8 12.8v70.4c0 6.4 6.4 12.8 12.8 12.8z\" class=\"\"><\/path><\/svg><\/i> <img loading=\"lazy\" decoding=\"async\" width=\"16\" height=\"16\" alt=\"Loading\" src=\"https:\/\/vocesdelacomuna15.com.ar\/wp-content\/plugins\/page-views-count\/ajax-loader-2x.gif\" border=0 \/><\/p>\n<div class=\"pvc_clear\"><\/div>\n","protected":false},"author":2,"featured_media":63251,"comment_status":"open","ping_status":"open","sticky":false,"template":"","format":"standard","meta":{"_et_pb_use_builder":"off","_et_pb_old_content":"","_et_gb_content_width":"","footnotes":""},"categories":[8],"tags":[],"class_list":["post-63248","post","type-post","status-publish","format-standard","has-post-thumbnail","hentry","category-sociedad","et-has-post-format-content","et_post_format-et-post-format-standard"],"a3_pvc":{"activated":true,"total_views":44,"today_views":0},"yoast_head":"<!-- This site is optimized with the Yoast SEO plugin v27.5 - https:\/\/yoast.com\/product\/yoast-seo-wordpress\/ -->\n<title>Recorrida del Presidente de la Comuna 15 junto a equipo de Salud, que atendi\u00f3 a vecinos con s\u00edntomas de dengue - Voces de la Comuna 15<\/title>\n<meta name=\"description\" content=\"Voces de la Comuna 15\" \/>\n<meta name=\"robots\" content=\"index, follow, max-snippet:-1, max-image-preview:large, max-video-preview:-1\" \/>\n<link rel=\"canonical\" href=\"https:\/\/vocesdelacomuna15.com.ar\/press\/recorrida-del-presidente-de-la-comuna-15-junto-a-equipo-de-salud-para-atender-a-vecinos-con-sintomas-de-dengue\/\" \/>\n<meta property=\"og:locale\" content=\"es_ES\" \/>\n<meta property=\"og:type\" content=\"article\" \/>\n<meta property=\"og:title\" content=\"Recorrida del Presidente de la Comuna 15 junto a equipo de Salud, que atendi\u00f3 a vecinos con s\u00edntomas de dengue - Voces de la Comuna 15\" \/>\n<meta property=\"og:description\" content=\"Voces de la Comuna 15\" \/>\n<meta property=\"og:url\" content=\"https:\/\/vocesdelacomuna15.com.ar\/press\/recorrida-del-presidente-de-la-comuna-15-junto-a-equipo-de-salud-para-atender-a-vecinos-con-sintomas-de-dengue\/\" \/>\n<meta property=\"og:site_name\" content=\"Voces de la Comuna 15\" \/>\n<meta property=\"article:publisher\" content=\"https:\/\/www.facebook.com\/VocesComuna15\/\" \/>\n<meta property=\"article:published_time\" content=\"2024-03-21T21:02:11+00:00\" \/>\n<meta property=\"article:modified_time\" content=\"2024-03-21T21:05:31+00:00\" \/>\n<meta property=\"og:image\" content=\"https:\/\/vocesdelacomuna15.com.ar\/wp-content\/uploads\/2024\/03\/COM-15.png\" \/>\n\t<meta property=\"og:image:width\" content=\"749\" \/>\n\t<meta property=\"og:image:height\" content=\"493\" \/>\n\t<meta property=\"og:image:type\" content=\"image\/png\" \/>\n<meta name=\"author\" content=\"Federico Arguto\" \/>\n<meta name=\"twitter:card\" content=\"summary_large_image\" \/>\n<meta name=\"twitter:creator\" content=\"@vocescomuna15\" \/>\n<meta name=\"twitter:site\" content=\"@vocescomuna15\" \/>\n<meta name=\"twitter:label1\" content=\"Escrito por\" \/>\n\t<meta name=\"twitter:data1\" content=\"Federico Arguto\" \/>\n\t<meta name=\"twitter:label2\" content=\"Tiempo de lectura\" \/>\n\t<meta name=\"twitter:data2\" content=\"2 minutos\" \/>\n<script type=\"application\/ld+json\" class=\"yoast-schema-graph\">{\"@context\":\"https:\\\/\\\/schema.org\",\"@graph\":[{\"@type\":\"Article\",\"@id\":\"https:\\\/\\\/vocesdelacomuna15.com.ar\\\/press\\\/recorrida-del-presidente-de-la-comuna-15-junto-a-equipo-de-salud-para-atender-a-vecinos-con-sintomas-de-dengue\\\/#article\",\"isPartOf\":{\"@id\":\"https:\\\/\\\/vocesdelacomuna15.com.ar\\\/press\\\/recorrida-del-presidente-de-la-comuna-15-junto-a-equipo-de-salud-para-atender-a-vecinos-con-sintomas-de-dengue\\\/\"},\"author\":{\"name\":\"Federico Arguto\",\"@id\":\"https:\\\/\\\/vocesdelacomuna15.com.ar\\\/press\\\/#\\\/schema\\\/person\\\/4739e109db25d799cd3d139eeb509e43\"},\"headline\":\"Recorrida del Presidente de la Comuna 15 junto a equipo de Salud, que atendi\u00f3 a vecinos con s\u00edntomas de dengue\",\"datePublished\":\"2024-03-21T21:02:11+00:00\",\"dateModified\":\"2024-03-21T21:05:31+00:00\",\"mainEntityOfPage\":{\"@id\":\"https:\\\/\\\/vocesdelacomuna15.com.ar\\\/press\\\/recorrida-del-presidente-de-la-comuna-15-junto-a-equipo-de-salud-para-atender-a-vecinos-con-sintomas-de-dengue\\\/\"},\"wordCount\":349,\"commentCount\":0,\"publisher\":{\"@id\":\"https:\\\/\\\/vocesdelacomuna15.com.ar\\\/press\\\/#organization\"},\"image\":{\"@id\":\"https:\\\/\\\/vocesdelacomuna15.com.ar\\\/press\\\/recorrida-del-presidente-de-la-comuna-15-junto-a-equipo-de-salud-para-atender-a-vecinos-con-sintomas-de-dengue\\\/#primaryimage\"},\"thumbnailUrl\":\"https:\\\/\\\/vocesdelacomuna15.com.ar\\\/wp-content\\\/uploads\\\/2024\\\/03\\\/COM-15.png\",\"articleSection\":[\"Sociedad\"],\"inLanguage\":\"es-AR\",\"potentialAction\":[{\"@type\":\"CommentAction\",\"name\":\"Comment\",\"target\":[\"https:\\\/\\\/vocesdelacomuna15.com.ar\\\/press\\\/recorrida-del-presidente-de-la-comuna-15-junto-a-equipo-de-salud-para-atender-a-vecinos-con-sintomas-de-dengue\\\/#respond\"]}]},{\"@type\":\"WebPage\",\"@id\":\"https:\\\/\\\/vocesdelacomuna15.com.ar\\\/press\\\/recorrida-del-presidente-de-la-comuna-15-junto-a-equipo-de-salud-para-atender-a-vecinos-con-sintomas-de-dengue\\\/\",\"url\":\"https:\\\/\\\/vocesdelacomuna15.com.ar\\\/press\\\/recorrida-del-presidente-de-la-comuna-15-junto-a-equipo-de-salud-para-atender-a-vecinos-con-sintomas-de-dengue\\\/\",\"name\":\"Recorrida del Presidente de la Comuna 15 junto a equipo de Salud, que atendi\u00f3 a vecinos con s\u00edntomas de dengue - Voces de la Comuna 15\",\"isPartOf\":{\"@id\":\"https:\\\/\\\/vocesdelacomuna15.com.ar\\\/press\\\/#website\"},\"primaryImageOfPage\":{\"@id\":\"https:\\\/\\\/vocesdelacomuna15.com.ar\\\/press\\\/recorrida-del-presidente-de-la-comuna-15-junto-a-equipo-de-salud-para-atender-a-vecinos-con-sintomas-de-dengue\\\/#primaryimage\"},\"image\":{\"@id\":\"https:\\\/\\\/vocesdelacomuna15.com.ar\\\/press\\\/recorrida-del-presidente-de-la-comuna-15-junto-a-equipo-de-salud-para-atender-a-vecinos-con-sintomas-de-dengue\\\/#primaryimage\"},\"thumbnailUrl\":\"https:\\\/\\\/vocesdelacomuna15.com.ar\\\/wp-content\\\/uploads\\\/2024\\\/03\\\/COM-15.png\",\"datePublished\":\"2024-03-21T21:02:11+00:00\",\"dateModified\":\"2024-03-21T21:05:31+00:00\",\"description\":\"Voces de la Comuna 15\",\"breadcrumb\":{\"@id\":\"https:\\\/\\\/vocesdelacomuna15.com.ar\\\/press\\\/recorrida-del-presidente-de-la-comuna-15-junto-a-equipo-de-salud-para-atender-a-vecinos-con-sintomas-de-dengue\\\/#breadcrumb\"},\"inLanguage\":\"es-AR\",\"potentialAction\":[{\"@type\":\"ReadAction\",\"target\":[\"https:\\\/\\\/vocesdelacomuna15.com.ar\\\/press\\\/recorrida-del-presidente-de-la-comuna-15-junto-a-equipo-de-salud-para-atender-a-vecinos-con-sintomas-de-dengue\\\/\"]}]},{\"@type\":\"ImageObject\",\"inLanguage\":\"es-AR\",\"@id\":\"https:\\\/\\\/vocesdelacomuna15.com.ar\\\/press\\\/recorrida-del-presidente-de-la-comuna-15-junto-a-equipo-de-salud-para-atender-a-vecinos-con-sintomas-de-dengue\\\/#primaryimage\",\"url\":\"https:\\\/\\\/vocesdelacomuna15.com.ar\\\/wp-content\\\/uploads\\\/2024\\\/03\\\/COM-15.png\",\"contentUrl\":\"https:\\\/\\\/vocesdelacomuna15.com.ar\\\/wp-content\\\/uploads\\\/2024\\\/03\\\/COM-15.png\",\"width\":749,\"height\":493},{\"@type\":\"BreadcrumbList\",\"@id\":\"https:\\\/\\\/vocesdelacomuna15.com.ar\\\/press\\\/recorrida-del-presidente-de-la-comuna-15-junto-a-equipo-de-salud-para-atender-a-vecinos-con-sintomas-de-dengue\\\/#breadcrumb\",\"itemListElement\":[{\"@type\":\"ListItem\",\"position\":1,\"name\":\"Inicio\",\"item\":\"https:\\\/\\\/vocesdelacomuna15.com.ar\\\/press\\\/\"},{\"@type\":\"ListItem\",\"position\":2,\"name\":\"Recorrida del Presidente de la Comuna 15 junto a equipo de Salud, que atendi\u00f3 a vecinos con s\u00edntomas de dengue\"}]},{\"@type\":\"WebSite\",\"@id\":\"https:\\\/\\\/vocesdelacomuna15.com.ar\\\/press\\\/#website\",\"url\":\"https:\\\/\\\/vocesdelacomuna15.com.ar\\\/press\\\/\",\"name\":\"Voces de la Comuna 15\",\"description\":\"Sitio web de noticias\",\"publisher\":{\"@id\":\"https:\\\/\\\/vocesdelacomuna15.com.ar\\\/press\\\/#organization\"},\"potentialAction\":[{\"@type\":\"SearchAction\",\"target\":{\"@type\":\"EntryPoint\",\"urlTemplate\":\"https:\\\/\\\/vocesdelacomuna15.com.ar\\\/press\\\/?s={search_term_string}\"},\"query-input\":{\"@type\":\"PropertyValueSpecification\",\"valueRequired\":true,\"valueName\":\"search_term_string\"}}],\"inLanguage\":\"es-AR\"},{\"@type\":\"Organization\",\"@id\":\"https:\\\/\\\/vocesdelacomuna15.com.ar\\\/press\\\/#organization\",\"name\":\"Voces de la Comuna 15\",\"url\":\"https:\\\/\\\/vocesdelacomuna15.com.ar\\\/press\\\/\",\"logo\":{\"@type\":\"ImageObject\",\"inLanguage\":\"es-AR\",\"@id\":\"https:\\\/\\\/vocesdelacomuna15.com.ar\\\/press\\\/#\\\/schema\\\/logo\\\/image\\\/\",\"url\":\"https:\\\/\\\/vocesdelacomuna15.com.ar\\\/wp-content\\\/uploads\\\/2024\\\/12\\\/cropped-logo_voces.jpg\",\"contentUrl\":\"https:\\\/\\\/vocesdelacomuna15.com.ar\\\/wp-content\\\/uploads\\\/2024\\\/12\\\/cropped-logo_voces.jpg\",\"width\":512,\"height\":512,\"caption\":\"Voces de la Comuna 15\"},\"image\":{\"@id\":\"https:\\\/\\\/vocesdelacomuna15.com.ar\\\/press\\\/#\\\/schema\\\/logo\\\/image\\\/\"},\"sameAs\":[\"https:\\\/\\\/www.facebook.com\\\/VocesComuna15\\\/\",\"https:\\\/\\\/x.com\\\/vocescomuna15\"]},{\"@type\":\"Person\",\"@id\":\"https:\\\/\\\/vocesdelacomuna15.com.ar\\\/press\\\/#\\\/schema\\\/person\\\/4739e109db25d799cd3d139eeb509e43\",\"name\":\"Federico Arguto\",\"image\":{\"@type\":\"ImageObject\",\"inLanguage\":\"es-AR\",\"@id\":\"https:\\\/\\\/vocesdelacomuna15.com.ar\\\/wp-content\\\/litespeed\\\/avatar\\\/82faf979976f1bae889b8b71f8a0a7e5.jpg?ver=1777419741\",\"url\":\"https:\\\/\\\/vocesdelacomuna15.com.ar\\\/wp-content\\\/litespeed\\\/avatar\\\/82faf979976f1bae889b8b71f8a0a7e5.jpg?ver=1777419741\",\"contentUrl\":\"https:\\\/\\\/vocesdelacomuna15.com.ar\\\/wp-content\\\/litespeed\\\/avatar\\\/82faf979976f1bae889b8b71f8a0a7e5.jpg?ver=1777419741\",\"caption\":\"Federico Arguto\"},\"url\":\"https:\\\/\\\/vocesdelacomuna15.com.ar\\\/press\\\/author\\\/fede\\\/\"}]}<\/script>\n<!-- \/ Yoast SEO plugin. -->","yoast_head_json":{"title":"Recorrida del Presidente de la Comuna 15 junto a equipo de Salud, que atendi\u00f3 a vecinos con s\u00edntomas de dengue - Voces de la Comuna 15","description":"Voces de la Comuna 15","robots":{"index":"index","follow":"follow","max-snippet":"max-snippet:-1","max-image-preview":"max-image-preview:large","max-video-preview":"max-video-preview:-1"},"canonical":"https:\/\/vocesdelacomuna15.com.ar\/press\/recorrida-del-presidente-de-la-comuna-15-junto-a-equipo-de-salud-para-atender-a-vecinos-con-sintomas-de-dengue\/","og_locale":"es_ES","og_type":"article","og_title":"Recorrida del Presidente de la Comuna 15 junto a equipo de Salud, que atendi\u00f3 a vecinos con s\u00edntomas de dengue - Voces de la Comuna 15","og_description":"Voces de la Comuna 15","og_url":"https:\/\/vocesdelacomuna15.com.ar\/press\/recorrida-del-presidente-de-la-comuna-15-junto-a-equipo-de-salud-para-atender-a-vecinos-con-sintomas-de-dengue\/","og_site_name":"Voces de la Comuna 15","article_publisher":"https:\/\/www.facebook.com\/VocesComuna15\/","article_published_time":"2024-03-21T21:02:11+00:00","article_modified_time":"2024-03-21T21:05:31+00:00","og_image":[{"width":749,"height":493,"url":"https:\/\/vocesdelacomuna15.com.ar\/wp-content\/uploads\/2024\/03\/COM-15.png","type":"image\/png"}],"author":"Federico Arguto","twitter_card":"summary_large_image","twitter_creator":"@vocescomuna15","twitter_site":"@vocescomuna15","twitter_misc":{"Escrito por":"Federico Arguto","Tiempo de lectura":"2 minutos"},"schema":{"@context":"https:\/\/schema.org","@graph":[{"@type":"Article","@id":"https:\/\/vocesdelacomuna15.com.ar\/press\/recorrida-del-presidente-de-la-comuna-15-junto-a-equipo-de-salud-para-atender-a-vecinos-con-sintomas-de-dengue\/#article","isPartOf":{"@id":"https:\/\/vocesdelacomuna15.com.ar\/press\/recorrida-del-presidente-de-la-comuna-15-junto-a-equipo-de-salud-para-atender-a-vecinos-con-sintomas-de-dengue\/"},"author":{"name":"Federico Arguto","@id":"https:\/\/vocesdelacomuna15.com.ar\/press\/#\/schema\/person\/4739e109db25d799cd3d139eeb509e43"},"headline":"Recorrida del Presidente de la Comuna 15 junto a equipo de Salud, que atendi\u00f3 a vecinos con s\u00edntomas de dengue","datePublished":"2024-03-21T21:02:11+00:00","dateModified":"2024-03-21T21:05:31+00:00","mainEntityOfPage":{"@id":"https:\/\/vocesdelacomuna15.com.ar\/press\/recorrida-del-presidente-de-la-comuna-15-junto-a-equipo-de-salud-para-atender-a-vecinos-con-sintomas-de-dengue\/"},"wordCount":349,"commentCount":0,"publisher":{"@id":"https:\/\/vocesdelacomuna15.com.ar\/press\/#organization"},"image":{"@id":"https:\/\/vocesdelacomuna15.com.ar\/press\/recorrida-del-presidente-de-la-comuna-15-junto-a-equipo-de-salud-para-atender-a-vecinos-con-sintomas-de-dengue\/#primaryimage"},"thumbnailUrl":"https:\/\/vocesdelacomuna15.com.ar\/wp-content\/uploads\/2024\/03\/COM-15.png","articleSection":["Sociedad"],"inLanguage":"es-AR","potentialAction":[{"@type":"CommentAction","name":"Comment","target":["https:\/\/vocesdelacomuna15.com.ar\/press\/recorrida-del-presidente-de-la-comuna-15-junto-a-equipo-de-salud-para-atender-a-vecinos-con-sintomas-de-dengue\/#respond"]}]},{"@type":"WebPage","@id":"https:\/\/vocesdelacomuna15.com.ar\/press\/recorrida-del-presidente-de-la-comuna-15-junto-a-equipo-de-salud-para-atender-a-vecinos-con-sintomas-de-dengue\/","url":"https:\/\/vocesdelacomuna15.com.ar\/press\/recorrida-del-presidente-de-la-comuna-15-junto-a-equipo-de-salud-para-atender-a-vecinos-con-sintomas-de-dengue\/","name":"Recorrida del Presidente de la Comuna 15 junto a equipo de Salud, que atendi\u00f3 a vecinos con s\u00edntomas de dengue - Voces de la Comuna 15","isPartOf":{"@id":"https:\/\/vocesdelacomuna15.com.ar\/press\/#website"},"primaryImageOfPage":{"@id":"https:\/\/vocesdelacomuna15.com.ar\/press\/recorrida-del-presidente-de-la-comuna-15-junto-a-equipo-de-salud-para-atender-a-vecinos-con-sintomas-de-dengue\/#primaryimage"},"image":{"@id":"https:\/\/vocesdelacomuna15.com.ar\/press\/recorrida-del-presidente-de-la-comuna-15-junto-a-equipo-de-salud-para-atender-a-vecinos-con-sintomas-de-dengue\/#primaryimage"},"thumbnailUrl":"https:\/\/vocesdelacomuna15.com.ar\/wp-content\/uploads\/2024\/03\/COM-15.png","datePublished":"2024-03-21T21:02:11+00:00","dateModified":"2024-03-21T21:05:31+00:00","description":"Voces de la Comuna 15","breadcrumb":{"@id":"https:\/\/vocesdelacomuna15.com.ar\/press\/recorrida-del-presidente-de-la-comuna-15-junto-a-equipo-de-salud-para-atender-a-vecinos-con-sintomas-de-dengue\/#breadcrumb"},"inLanguage":"es-AR","potentialAction":[{"@type":"ReadAction","target":["https:\/\/vocesdelacomuna15.com.ar\/press\/recorrida-del-presidente-de-la-comuna-15-junto-a-equipo-de-salud-para-atender-a-vecinos-con-sintomas-de-dengue\/"]}]},{"@type":"ImageObject","inLanguage":"es-AR","@id":"https:\/\/vocesdelacomuna15.com.ar\/press\/recorrida-del-presidente-de-la-comuna-15-junto-a-equipo-de-salud-para-atender-a-vecinos-con-sintomas-de-dengue\/#primaryimage","url":"https:\/\/vocesdelacomuna15.com.ar\/wp-content\/uploads\/2024\/03\/COM-15.png","contentUrl":"https:\/\/vocesdelacomuna15.com.ar\/wp-content\/uploads\/2024\/03\/COM-15.png","width":749,"height":493},{"@type":"BreadcrumbList","@id":"https:\/\/vocesdelacomuna15.com.ar\/press\/recorrida-del-presidente-de-la-comuna-15-junto-a-equipo-de-salud-para-atender-a-vecinos-con-sintomas-de-dengue\/#breadcrumb","itemListElement":[{"@type":"ListItem","position":1,"name":"Inicio","item":"https:\/\/vocesdelacomuna15.com.ar\/press\/"},{"@type":"ListItem","position":2,"name":"Recorrida del Presidente de la Comuna 15 junto a equipo de Salud, que atendi\u00f3 a vecinos con s\u00edntomas de dengue"}]},{"@type":"WebSite","@id":"https:\/\/vocesdelacomuna15.com.ar\/press\/#website","url":"https:\/\/vocesdelacomuna15.com.ar\/press\/","name":"Voces de la Comuna 15","description":"Sitio web de noticias","publisher":{"@id":"https:\/\/vocesdelacomuna15.com.ar\/press\/#organization"},"potentialAction":[{"@type":"SearchAction","target":{"@type":"EntryPoint","urlTemplate":"https:\/\/vocesdelacomuna15.com.ar\/press\/?s={search_term_string}"},"query-input":{"@type":"PropertyValueSpecification","valueRequired":true,"valueName":"search_term_string"}}],"inLanguage":"es-AR"},{"@type":"Organization","@id":"https:\/\/vocesdelacomuna15.com.ar\/press\/#organization","name":"Voces de la Comuna 15","url":"https:\/\/vocesdelacomuna15.com.ar\/press\/","logo":{"@type":"ImageObject","inLanguage":"es-AR","@id":"https:\/\/vocesdelacomuna15.com.ar\/press\/#\/schema\/logo\/image\/","url":"https:\/\/vocesdelacomuna15.com.ar\/wp-content\/uploads\/2024\/12\/cropped-logo_voces.jpg","contentUrl":"https:\/\/vocesdelacomuna15.com.ar\/wp-content\/uploads\/2024\/12\/cropped-logo_voces.jpg","width":512,"height":512,"caption":"Voces de la Comuna 15"},"image":{"@id":"https:\/\/vocesdelacomuna15.com.ar\/press\/#\/schema\/logo\/image\/"},"sameAs":["https:\/\/www.facebook.com\/VocesComuna15\/","https:\/\/x.com\/vocescomuna15"]},{"@type":"Person","@id":"https:\/\/vocesdelacomuna15.com.ar\/press\/#\/schema\/person\/4739e109db25d799cd3d139eeb509e43","name":"Federico Arguto","image":{"@type":"ImageObject","inLanguage":"es-AR","@id":"https:\/\/vocesdelacomuna15.com.ar\/wp-content\/litespeed\/avatar\/82faf979976f1bae889b8b71f8a0a7e5.jpg?ver=1777419741","url":"https:\/\/vocesdelacomuna15.com.ar\/wp-content\/litespeed\/avatar\/82faf979976f1bae889b8b71f8a0a7e5.jpg?ver=1777419741","contentUrl":"https:\/\/vocesdelacomuna15.com.ar\/wp-content\/litespeed\/avatar\/82faf979976f1bae889b8b71f8a0a7e5.jpg?ver=1777419741","caption":"Federico Arguto"},"url":"https:\/\/vocesdelacomuna15.com.ar\/press\/author\/fede\/"}]}},"_links":{"self":[{"href":"https:\/\/vocesdelacomuna15.com.ar\/press\/wp-json\/wp\/v2\/posts\/63248","targetHints":{"allow":["GET"]}}],"collection":[{"href":"https:\/\/vocesdelacomuna15.com.ar\/press\/wp-json\/wp\/v2\/posts"}],"about":[{"href":"https:\/\/vocesdelacomuna15.com.ar\/press\/wp-json\/wp\/v2\/types\/post"}],"author":[{"embeddable":true,"href":"https:\/\/vocesdelacomuna15.com.ar\/press\/wp-json\/wp\/v2\/users\/2"}],"replies":[{"embeddable":true,"href":"https:\/\/vocesdelacomuna15.com.ar\/press\/wp-json\/wp\/v2\/comments?post=63248"}],"version-history":[{"count":2,"href":"https:\/\/vocesdelacomuna15.com.ar\/press\/wp-json\/wp\/v2\/posts\/63248\/revisions"}],"predecessor-version":[{"id":63252,"href":"https:\/\/vocesdelacomuna15.com.ar\/press\/wp-json\/wp\/v2\/posts\/63248\/revisions\/63252"}],"wp:featuredmedia":[{"embeddable":true,"href":"https:\/\/vocesdelacomuna15.com.ar\/press\/wp-json\/wp\/v2\/media\/63251"}],"wp:attachment":[{"href":"https:\/\/vocesdelacomuna15.com.ar\/press\/wp-json\/wp\/v2\/media?parent=63248"}],"wp:term":[{"taxonomy":"category","embeddable":true,"href":"https:\/\/vocesdelacomuna15.com.ar\/press\/wp-json\/wp\/v2\/categories?post=63248"},{"taxonomy":"post_tag","embeddable":true,"href":"https:\/\/vocesdelacomuna15.com.ar\/press\/wp-json\/wp\/v2\/tags?post=63248"}],"curies":[{"name":"wp","href":"https:\/\/api.w.org\/{rel}","templated":true}]}}