{"id":63238,"date":"2024-03-21T12:50:17","date_gmt":"2024-03-21T15:50:17","guid":{"rendered":"https:\/\/vocesdelacomuna15.com.ar\/?p=63238"},"modified":"2024-03-21T13:39:25","modified_gmt":"2024-03-21T16:39:25","slug":"h-i-j-o-s-denuncia-abuso-y-amenaza-de-muerte-a-una-militante-de-la-agrupacion","status":"publish","type":"post","link":"https:\/\/vocesdelacomuna15.com.ar\/press\/h-i-j-o-s-denuncia-abuso-y-amenaza-de-muerte-a-una-militante-de-la-agrupacion\/","title":{"rendered":"H.I.J.O.S. denuncia abuso y amenaza de muerte a una militante de la agrupaci\u00f3n"},"content":{"rendered":"\n<p>A pocos d\u00edas del 24 de marzo, desde la red nacional de la agrupaci\u00f3n denunci\u00f3 que el grave hecho de violencia ocurri\u00f3 en Rosario y fue firmado con las siglas &#8220;VLLC&#8221;. Fuente: Minuto Uno<\/p>\n\n\n\n<p>Link a nota original: <a href=\"https:\/\/www.minutouno.com\/politica\/hijos\/denuncia-abuso-y-amenaza-muerte-una-militante-la-agrupacion-n5968950\">https:\/\/www.minutouno.com\/politica\/hijos\/denuncia-abuso-y-amenaza-muerte-una-militante-la-agrupacion-n5968950<\/a><\/p>\n\n\n\n<p>La red nacional de <strong>H.I.J.O.S. (<\/strong>Hijas e <em>Hijos<\/em> por la Identidad y la Justicia contra el Olvido y el Silencio)denunci\u00f3 que <strong>abusaron y amenazaron de una militante de la agrupaci\u00f3n en Rosario<\/strong>. Adem\u00e1s, informaron que firmaron el ataque con las siglas <strong>&#8220;VLLC&#8221; (\u00a1Viva la libertad, carajo!)<\/strong> y responsabilizaron al Gobierno nacional.<\/p>\n\n\n\n<p>&#8220;Denunciamos el atentado pol\u00edtico contra nuestra compa\u00f1era militante de H.I.J.O.S, cuya identidad preservamos, que fue atacada por dos individuos que la esperaban dentro de su domicilio, luego de forzar la puerta e ingresar ilegalmente. Ella fue atada, golpeada, abusada sexualmente, nuestra hermana sufri\u00f3 amenazas de muerte de parte de sus captores&#8221;, se\u00f1ala el comunicado emitido por la agrupaci\u00f3n de DDHH, el grave hecho ocurri\u00f3 en Rosario.<\/p>\n\n\n\n<p>Adem\u00e1s, contaron que los atacantes &#8220;la amenazaron con armas de fuego y le transmitieron con claridad el mensaje: &#8216;No vinimos a robarte, vinimos a matarte. A nosotros nos pagan para esto'&#8221; y que los autores pintaron en las paredes de la vivienda la sigla &#8220;&#8221;VLLC&#8221; (\u00a1Viva la libertad, carajo!) slogan del presidente Javier Milei..<\/p>\n\n\n\n<p><strong>&#8220;Estos hechos tienen un claro correlato con las acciones y discursos de odio que las m\u00e1ximas autoridad del pa\u00eds expresan cotidianamente<\/strong> e incita a la violencia contra quien militamos por los Derechos Humanos. Desde la Red Nacional de H.I..J.O.S. exigimos el inmediato esclarecimiento del hecho por parte del poder judicial y <strong>hacemos responsable al gobierno nacional de los hechos ocurridos&#8221;<\/strong>, manifestaron.<\/p>\n\n\n\n<p>Por \u00faltimo, se\u00f1alaron: <strong>&#8220;A d\u00edas de cumplirse un nuevo aniversario del golpe de Estado, afirmamos que nuestro pueblo dijo: Nunca M\u00e1s. Memoria, Verdad y Justicia, siempre&#8221;.<\/strong><\/p>\n\n\n\n<h2 class=\"wp-block-heading\">La denuncia de H.I.J.O.S. por abuso y amenaza de muerte a una militante de la agrupaci\u00f3n<\/h2>\n\n\n\n<figure class=\"wp-block-image size-full\"><img loading=\"lazy\" decoding=\"async\" width=\"611\" height=\"605\" src=\"https:\/\/vocesdelacomuna15.com.ar\/wp-content\/uploads\/2024\/03\/hijoscom.png\" alt=\"\" class=\"wp-image-63239\" srcset=\"https:\/\/vocesdelacomuna15.com.ar\/wp-content\/uploads\/2024\/03\/hijoscom.png 611w, https:\/\/vocesdelacomuna15.com.ar\/wp-content\/uploads\/2024\/03\/hijoscom-300x297.png 300w, https:\/\/vocesdelacomuna15.com.ar\/wp-content\/uploads\/2024\/03\/hijoscom-150x150.png 150w\" sizes=\"(max-width: 611px) 100vw, 611px\" \/><\/figure>\n\n\n\n<p>En este contexto, el referente de HIJOS Rosario, <strong>Agust\u00edn Cetrangolo<\/strong>, en di\u00e1logo con <em>AM 530 Somos Radio<\/em>, explic\u00f3: <strong>&#8220;Una compa\u00f1era fue amenazada hace unos d\u00edas y hasta que no resolvimos su seguridad no lo dimos a conocer. Tenemos los elementos y vamos a ratificar la denuncia en la sede policial&#8221;.<\/strong><\/p>\n\n\n\n<p><strong>Adem\u00e1s, cont\u00f3 que no se llevaron nada de valor, solo carpetas de la agrupaci\u00f3n, y que a la v\u00edctima &#8220;le ven\u00edan escribiendo insistentemente y conoc\u00edan todos sus movimientos&#8221;.<\/strong><\/p>\n<div class=\"pvc_clear\"><\/div><p id=\"pvc_stats_63238\" class=\"pvc_stats all  \" data-element-id=\"63238\" style=\"\"><i class=\"pvc-stats-icon small\" aria-hidden=\"true\"><svg aria-hidden=\"true\" focusable=\"false\" data-prefix=\"far\" data-icon=\"chart-bar\" role=\"img\" xmlns=\"http:\/\/www.w3.org\/2000\/svg\" viewBox=\"0 0 512 512\" class=\"svg-inline--fa fa-chart-bar fa-w-16 fa-2x\"><path fill=\"currentColor\" d=\"M396.8 352h22.4c6.4 0 12.8-6.4 12.8-12.8V108.8c0-6.4-6.4-12.8-12.8-12.8h-22.4c-6.4 0-12.8 6.4-12.8 12.8v230.4c0 6.4 6.4 12.8 12.8 12.8zm-192 0h22.4c6.4 0 12.8-6.4 12.8-12.8V140.8c0-6.4-6.4-12.8-12.8-12.8h-22.4c-6.4 0-12.8 6.4-12.8 12.8v198.4c0 6.4 6.4 12.8 12.8 12.8zm96 0h22.4c6.4 0 12.8-6.4 12.8-12.8V204.8c0-6.4-6.4-12.8-12.8-12.8h-22.4c-6.4 0-12.8 6.4-12.8 12.8v134.4c0 6.4 6.4 12.8 12.8 12.8zM496 400H48V80c0-8.84-7.16-16-16-16H16C7.16 64 0 71.16 0 80v336c0 17.67 14.33 32 32 32h464c8.84 0 16-7.16 16-16v-16c0-8.84-7.16-16-16-16zm-387.2-48h22.4c6.4 0 12.8-6.4 12.8-12.8v-70.4c0-6.4-6.4-12.8-12.8-12.8h-22.4c-6.4 0-12.8 6.4-12.8 12.8v70.4c0 6.4 6.4 12.8 12.8 12.8z\" class=\"\"><\/path><\/svg><\/i> <img loading=\"lazy\" decoding=\"async\" width=\"16\" height=\"16\" alt=\"Loading\" src=\"https:\/\/vocesdelacomuna15.com.ar\/wp-content\/plugins\/page-views-count\/ajax-loader-2x.gif\" border=0 \/><\/p><div class=\"pvc_clear\"><\/div>","protected":false},"excerpt":{"rendered":"<p>A pocos d\u00edas del 24 de marzo, desde la red nacional de la agrupaci\u00f3n denunci\u00f3 que el grave hecho de violencia ocurri\u00f3 en Rosario y fue firmado con las siglas &#8220;VLLC&#8221;. Fuente: Minuto Uno Link a nota original: https:\/\/www.minutouno.com\/politica\/hijos\/denuncia-abuso-y-amenaza-muerte-una-militante-la-agrupacion-n5968950 La red nacional de H.I.J.O.S. (Hijas e Hijos por la Identidad y la Justicia contra el [&hellip;]<\/p>\n<div class=\"pvc_clear\"><\/div>\n<p id=\"pvc_stats_63238\" class=\"pvc_stats all  \" data-element-id=\"63238\" style=\"\"><i class=\"pvc-stats-icon small\" aria-hidden=\"true\"><svg aria-hidden=\"true\" focusable=\"false\" data-prefix=\"far\" data-icon=\"chart-bar\" role=\"img\" xmlns=\"http:\/\/www.w3.org\/2000\/svg\" viewBox=\"0 0 512 512\" class=\"svg-inline--fa fa-chart-bar fa-w-16 fa-2x\"><path fill=\"currentColor\" d=\"M396.8 352h22.4c6.4 0 12.8-6.4 12.8-12.8V108.8c0-6.4-6.4-12.8-12.8-12.8h-22.4c-6.4 0-12.8 6.4-12.8 12.8v230.4c0 6.4 6.4 12.8 12.8 12.8zm-192 0h22.4c6.4 0 12.8-6.4 12.8-12.8V140.8c0-6.4-6.4-12.8-12.8-12.8h-22.4c-6.4 0-12.8 6.4-12.8 12.8v198.4c0 6.4 6.4 12.8 12.8 12.8zm96 0h22.4c6.4 0 12.8-6.4 12.8-12.8V204.8c0-6.4-6.4-12.8-12.8-12.8h-22.4c-6.4 0-12.8 6.4-12.8 12.8v134.4c0 6.4 6.4 12.8 12.8 12.8zM496 400H48V80c0-8.84-7.16-16-16-16H16C7.16 64 0 71.16 0 80v336c0 17.67 14.33 32 32 32h464c8.84 0 16-7.16 16-16v-16c0-8.84-7.16-16-16-16zm-387.2-48h22.4c6.4 0 12.8-6.4 12.8-12.8v-70.4c0-6.4-6.4-12.8-12.8-12.8h-22.4c-6.4 0-12.8 6.4-12.8 12.8v70.4c0 6.4 6.4 12.8 12.8 12.8z\" class=\"\"><\/path><\/svg><\/i> <img loading=\"lazy\" decoding=\"async\" width=\"16\" height=\"16\" alt=\"Loading\" src=\"https:\/\/vocesdelacomuna15.com.ar\/wp-content\/plugins\/page-views-count\/ajax-loader-2x.gif\" border=0 \/><\/p>\n<div class=\"pvc_clear\"><\/div>\n","protected":false},"author":2,"featured_media":63240,"comment_status":"open","ping_status":"open","sticky":false,"template":"","format":"standard","meta":{"_et_pb_use_builder":"off","_et_pb_old_content":"","_et_gb_content_width":"","footnotes":""},"categories":[8],"tags":[],"class_list":["post-63238","post","type-post","status-publish","format-standard","has-post-thumbnail","hentry","category-sociedad","et-has-post-format-content","et_post_format-et-post-format-standard"],"a3_pvc":{"activated":true,"total_views":271,"today_views":0},"yoast_head":"<!-- This site is optimized with the Yoast SEO plugin v27.5 - https:\/\/yoast.com\/product\/yoast-seo-wordpress\/ -->\n<title>H.I.J.O.S. denuncia abuso y amenaza de muerte a una militante de la agrupaci\u00f3n - Voces de la Comuna 15<\/title>\n<meta name=\"description\" content=\"Voces de la Comuna 15\" \/>\n<meta name=\"robots\" content=\"index, follow, max-snippet:-1, max-image-preview:large, max-video-preview:-1\" \/>\n<link rel=\"canonical\" href=\"https:\/\/vocesdelacomuna15.com.ar\/press\/h-i-j-o-s-denuncia-abuso-y-amenaza-de-muerte-a-una-militante-de-la-agrupacion\/\" \/>\n<meta property=\"og:locale\" content=\"es_ES\" \/>\n<meta property=\"og:type\" content=\"article\" \/>\n<meta property=\"og:title\" content=\"H.I.J.O.S. denuncia abuso y amenaza de muerte a una militante de la agrupaci\u00f3n - Voces de la Comuna 15\" \/>\n<meta property=\"og:description\" content=\"Voces de la Comuna 15\" \/>\n<meta property=\"og:url\" content=\"https:\/\/vocesdelacomuna15.com.ar\/press\/h-i-j-o-s-denuncia-abuso-y-amenaza-de-muerte-a-una-militante-de-la-agrupacion\/\" \/>\n<meta property=\"og:site_name\" content=\"Voces de la Comuna 15\" \/>\n<meta property=\"article:publisher\" content=\"https:\/\/www.facebook.com\/VocesComuna15\/\" \/>\n<meta property=\"article:published_time\" content=\"2024-03-21T15:50:17+00:00\" \/>\n<meta property=\"article:modified_time\" content=\"2024-03-21T16:39:25+00:00\" \/>\n<meta property=\"og:image\" content=\"https:\/\/vocesdelacomuna15.com.ar\/wp-content\/uploads\/2024\/03\/hijos.png\" \/>\n\t<meta property=\"og:image:width\" content=\"604\" \/>\n\t<meta property=\"og:image:height\" content=\"449\" \/>\n\t<meta property=\"og:image:type\" content=\"image\/png\" \/>\n<meta name=\"author\" content=\"Federico Arguto\" \/>\n<meta name=\"twitter:card\" content=\"summary_large_image\" \/>\n<meta name=\"twitter:creator\" content=\"@vocescomuna15\" \/>\n<meta name=\"twitter:site\" content=\"@vocescomuna15\" \/>\n<meta name=\"twitter:label1\" content=\"Escrito por\" \/>\n\t<meta name=\"twitter:data1\" content=\"Federico Arguto\" \/>\n\t<meta name=\"twitter:label2\" content=\"Tiempo de lectura\" \/>\n\t<meta name=\"twitter:data2\" content=\"2 minutos\" \/>\n<script type=\"application\/ld+json\" class=\"yoast-schema-graph\">{\"@context\":\"https:\\\/\\\/schema.org\",\"@graph\":[{\"@type\":\"Article\",\"@id\":\"https:\\\/\\\/vocesdelacomuna15.com.ar\\\/press\\\/h-i-j-o-s-denuncia-abuso-y-amenaza-de-muerte-a-una-militante-de-la-agrupacion\\\/#article\",\"isPartOf\":{\"@id\":\"https:\\\/\\\/vocesdelacomuna15.com.ar\\\/press\\\/h-i-j-o-s-denuncia-abuso-y-amenaza-de-muerte-a-una-militante-de-la-agrupacion\\\/\"},\"author\":{\"name\":\"Federico Arguto\",\"@id\":\"https:\\\/\\\/vocesdelacomuna15.com.ar\\\/press\\\/#\\\/schema\\\/person\\\/4739e109db25d799cd3d139eeb509e43\"},\"headline\":\"H.I.J.O.S. denuncia abuso y amenaza de muerte a una militante de la agrupaci\u00f3n\",\"datePublished\":\"2024-03-21T15:50:17+00:00\",\"dateModified\":\"2024-03-21T16:39:25+00:00\",\"mainEntityOfPage\":{\"@id\":\"https:\\\/\\\/vocesdelacomuna15.com.ar\\\/press\\\/h-i-j-o-s-denuncia-abuso-y-amenaza-de-muerte-a-una-militante-de-la-agrupacion\\\/\"},\"wordCount\":454,\"commentCount\":0,\"publisher\":{\"@id\":\"https:\\\/\\\/vocesdelacomuna15.com.ar\\\/press\\\/#organization\"},\"image\":{\"@id\":\"https:\\\/\\\/vocesdelacomuna15.com.ar\\\/press\\\/h-i-j-o-s-denuncia-abuso-y-amenaza-de-muerte-a-una-militante-de-la-agrupacion\\\/#primaryimage\"},\"thumbnailUrl\":\"https:\\\/\\\/vocesdelacomuna15.com.ar\\\/wp-content\\\/uploads\\\/2024\\\/03\\\/hijos.png\",\"articleSection\":[\"Sociedad\"],\"inLanguage\":\"es-AR\",\"potentialAction\":[{\"@type\":\"CommentAction\",\"name\":\"Comment\",\"target\":[\"https:\\\/\\\/vocesdelacomuna15.com.ar\\\/press\\\/h-i-j-o-s-denuncia-abuso-y-amenaza-de-muerte-a-una-militante-de-la-agrupacion\\\/#respond\"]}]},{\"@type\":\"WebPage\",\"@id\":\"https:\\\/\\\/vocesdelacomuna15.com.ar\\\/press\\\/h-i-j-o-s-denuncia-abuso-y-amenaza-de-muerte-a-una-militante-de-la-agrupacion\\\/\",\"url\":\"https:\\\/\\\/vocesdelacomuna15.com.ar\\\/press\\\/h-i-j-o-s-denuncia-abuso-y-amenaza-de-muerte-a-una-militante-de-la-agrupacion\\\/\",\"name\":\"H.I.J.O.S. denuncia abuso y amenaza de muerte a una militante de la agrupaci\u00f3n - Voces de la Comuna 15\",\"isPartOf\":{\"@id\":\"https:\\\/\\\/vocesdelacomuna15.com.ar\\\/press\\\/#website\"},\"primaryImageOfPage\":{\"@id\":\"https:\\\/\\\/vocesdelacomuna15.com.ar\\\/press\\\/h-i-j-o-s-denuncia-abuso-y-amenaza-de-muerte-a-una-militante-de-la-agrupacion\\\/#primaryimage\"},\"image\":{\"@id\":\"https:\\\/\\\/vocesdelacomuna15.com.ar\\\/press\\\/h-i-j-o-s-denuncia-abuso-y-amenaza-de-muerte-a-una-militante-de-la-agrupacion\\\/#primaryimage\"},\"thumbnailUrl\":\"https:\\\/\\\/vocesdelacomuna15.com.ar\\\/wp-content\\\/uploads\\\/2024\\\/03\\\/hijos.png\",\"datePublished\":\"2024-03-21T15:50:17+00:00\",\"dateModified\":\"2024-03-21T16:39:25+00:00\",\"description\":\"Voces de la Comuna 15\",\"breadcrumb\":{\"@id\":\"https:\\\/\\\/vocesdelacomuna15.com.ar\\\/press\\\/h-i-j-o-s-denuncia-abuso-y-amenaza-de-muerte-a-una-militante-de-la-agrupacion\\\/#breadcrumb\"},\"inLanguage\":\"es-AR\",\"potentialAction\":[{\"@type\":\"ReadAction\",\"target\":[\"https:\\\/\\\/vocesdelacomuna15.com.ar\\\/press\\\/h-i-j-o-s-denuncia-abuso-y-amenaza-de-muerte-a-una-militante-de-la-agrupacion\\\/\"]}]},{\"@type\":\"ImageObject\",\"inLanguage\":\"es-AR\",\"@id\":\"https:\\\/\\\/vocesdelacomuna15.com.ar\\\/press\\\/h-i-j-o-s-denuncia-abuso-y-amenaza-de-muerte-a-una-militante-de-la-agrupacion\\\/#primaryimage\",\"url\":\"https:\\\/\\\/vocesdelacomuna15.com.ar\\\/wp-content\\\/uploads\\\/2024\\\/03\\\/hijos.png\",\"contentUrl\":\"https:\\\/\\\/vocesdelacomuna15.com.ar\\\/wp-content\\\/uploads\\\/2024\\\/03\\\/hijos.png\",\"width\":604,\"height\":449},{\"@type\":\"BreadcrumbList\",\"@id\":\"https:\\\/\\\/vocesdelacomuna15.com.ar\\\/press\\\/h-i-j-o-s-denuncia-abuso-y-amenaza-de-muerte-a-una-militante-de-la-agrupacion\\\/#breadcrumb\",\"itemListElement\":[{\"@type\":\"ListItem\",\"position\":1,\"name\":\"Inicio\",\"item\":\"https:\\\/\\\/vocesdelacomuna15.com.ar\\\/press\\\/\"},{\"@type\":\"ListItem\",\"position\":2,\"name\":\"H.I.J.O.S. denuncia abuso y amenaza de muerte a una militante de la agrupaci\u00f3n\"}]},{\"@type\":\"WebSite\",\"@id\":\"https:\\\/\\\/vocesdelacomuna15.com.ar\\\/press\\\/#website\",\"url\":\"https:\\\/\\\/vocesdelacomuna15.com.ar\\\/press\\\/\",\"name\":\"Voces de la Comuna 15\",\"description\":\"Sitio web de noticias\",\"publisher\":{\"@id\":\"https:\\\/\\\/vocesdelacomuna15.com.ar\\\/press\\\/#organization\"},\"potentialAction\":[{\"@type\":\"SearchAction\",\"target\":{\"@type\":\"EntryPoint\",\"urlTemplate\":\"https:\\\/\\\/vocesdelacomuna15.com.ar\\\/press\\\/?s={search_term_string}\"},\"query-input\":{\"@type\":\"PropertyValueSpecification\",\"valueRequired\":true,\"valueName\":\"search_term_string\"}}],\"inLanguage\":\"es-AR\"},{\"@type\":\"Organization\",\"@id\":\"https:\\\/\\\/vocesdelacomuna15.com.ar\\\/press\\\/#organization\",\"name\":\"Voces de la Comuna 15\",\"url\":\"https:\\\/\\\/vocesdelacomuna15.com.ar\\\/press\\\/\",\"logo\":{\"@type\":\"ImageObject\",\"inLanguage\":\"es-AR\",\"@id\":\"https:\\\/\\\/vocesdelacomuna15.com.ar\\\/press\\\/#\\\/schema\\\/logo\\\/image\\\/\",\"url\":\"https:\\\/\\\/vocesdelacomuna15.com.ar\\\/wp-content\\\/uploads\\\/2024\\\/12\\\/cropped-logo_voces.jpg\",\"contentUrl\":\"https:\\\/\\\/vocesdelacomuna15.com.ar\\\/wp-content\\\/uploads\\\/2024\\\/12\\\/cropped-logo_voces.jpg\",\"width\":512,\"height\":512,\"caption\":\"Voces de la Comuna 15\"},\"image\":{\"@id\":\"https:\\\/\\\/vocesdelacomuna15.com.ar\\\/press\\\/#\\\/schema\\\/logo\\\/image\\\/\"},\"sameAs\":[\"https:\\\/\\\/www.facebook.com\\\/VocesComuna15\\\/\",\"https:\\\/\\\/x.com\\\/vocescomuna15\"]},{\"@type\":\"Person\",\"@id\":\"https:\\\/\\\/vocesdelacomuna15.com.ar\\\/press\\\/#\\\/schema\\\/person\\\/4739e109db25d799cd3d139eeb509e43\",\"name\":\"Federico Arguto\",\"image\":{\"@type\":\"ImageObject\",\"inLanguage\":\"es-AR\",\"@id\":\"https:\\\/\\\/vocesdelacomuna15.com.ar\\\/wp-content\\\/litespeed\\\/avatar\\\/82faf979976f1bae889b8b71f8a0a7e5.jpg?ver=1777419741\",\"url\":\"https:\\\/\\\/vocesdelacomuna15.com.ar\\\/wp-content\\\/litespeed\\\/avatar\\\/82faf979976f1bae889b8b71f8a0a7e5.jpg?ver=1777419741\",\"contentUrl\":\"https:\\\/\\\/vocesdelacomuna15.com.ar\\\/wp-content\\\/litespeed\\\/avatar\\\/82faf979976f1bae889b8b71f8a0a7e5.jpg?ver=1777419741\",\"caption\":\"Federico Arguto\"},\"url\":\"https:\\\/\\\/vocesdelacomuna15.com.ar\\\/press\\\/author\\\/fede\\\/\"}]}<\/script>\n<!-- \/ Yoast SEO plugin. -->","yoast_head_json":{"title":"H.I.J.O.S. denuncia abuso y amenaza de muerte a una militante de la agrupaci\u00f3n - Voces de la Comuna 15","description":"Voces de la Comuna 15","robots":{"index":"index","follow":"follow","max-snippet":"max-snippet:-1","max-image-preview":"max-image-preview:large","max-video-preview":"max-video-preview:-1"},"canonical":"https:\/\/vocesdelacomuna15.com.ar\/press\/h-i-j-o-s-denuncia-abuso-y-amenaza-de-muerte-a-una-militante-de-la-agrupacion\/","og_locale":"es_ES","og_type":"article","og_title":"H.I.J.O.S. denuncia abuso y amenaza de muerte a una militante de la agrupaci\u00f3n - Voces de la Comuna 15","og_description":"Voces de la Comuna 15","og_url":"https:\/\/vocesdelacomuna15.com.ar\/press\/h-i-j-o-s-denuncia-abuso-y-amenaza-de-muerte-a-una-militante-de-la-agrupacion\/","og_site_name":"Voces de la Comuna 15","article_publisher":"https:\/\/www.facebook.com\/VocesComuna15\/","article_published_time":"2024-03-21T15:50:17+00:00","article_modified_time":"2024-03-21T16:39:25+00:00","og_image":[{"width":604,"height":449,"url":"https:\/\/vocesdelacomuna15.com.ar\/wp-content\/uploads\/2024\/03\/hijos.png","type":"image\/png"}],"author":"Federico Arguto","twitter_card":"summary_large_image","twitter_creator":"@vocescomuna15","twitter_site":"@vocescomuna15","twitter_misc":{"Escrito por":"Federico Arguto","Tiempo de lectura":"2 minutos"},"schema":{"@context":"https:\/\/schema.org","@graph":[{"@type":"Article","@id":"https:\/\/vocesdelacomuna15.com.ar\/press\/h-i-j-o-s-denuncia-abuso-y-amenaza-de-muerte-a-una-militante-de-la-agrupacion\/#article","isPartOf":{"@id":"https:\/\/vocesdelacomuna15.com.ar\/press\/h-i-j-o-s-denuncia-abuso-y-amenaza-de-muerte-a-una-militante-de-la-agrupacion\/"},"author":{"name":"Federico Arguto","@id":"https:\/\/vocesdelacomuna15.com.ar\/press\/#\/schema\/person\/4739e109db25d799cd3d139eeb509e43"},"headline":"H.I.J.O.S. denuncia abuso y amenaza de muerte a una militante de la agrupaci\u00f3n","datePublished":"2024-03-21T15:50:17+00:00","dateModified":"2024-03-21T16:39:25+00:00","mainEntityOfPage":{"@id":"https:\/\/vocesdelacomuna15.com.ar\/press\/h-i-j-o-s-denuncia-abuso-y-amenaza-de-muerte-a-una-militante-de-la-agrupacion\/"},"wordCount":454,"commentCount":0,"publisher":{"@id":"https:\/\/vocesdelacomuna15.com.ar\/press\/#organization"},"image":{"@id":"https:\/\/vocesdelacomuna15.com.ar\/press\/h-i-j-o-s-denuncia-abuso-y-amenaza-de-muerte-a-una-militante-de-la-agrupacion\/#primaryimage"},"thumbnailUrl":"https:\/\/vocesdelacomuna15.com.ar\/wp-content\/uploads\/2024\/03\/hijos.png","articleSection":["Sociedad"],"inLanguage":"es-AR","potentialAction":[{"@type":"CommentAction","name":"Comment","target":["https:\/\/vocesdelacomuna15.com.ar\/press\/h-i-j-o-s-denuncia-abuso-y-amenaza-de-muerte-a-una-militante-de-la-agrupacion\/#respond"]}]},{"@type":"WebPage","@id":"https:\/\/vocesdelacomuna15.com.ar\/press\/h-i-j-o-s-denuncia-abuso-y-amenaza-de-muerte-a-una-militante-de-la-agrupacion\/","url":"https:\/\/vocesdelacomuna15.com.ar\/press\/h-i-j-o-s-denuncia-abuso-y-amenaza-de-muerte-a-una-militante-de-la-agrupacion\/","name":"H.I.J.O.S. denuncia abuso y amenaza de muerte a una militante de la agrupaci\u00f3n - Voces de la Comuna 15","isPartOf":{"@id":"https:\/\/vocesdelacomuna15.com.ar\/press\/#website"},"primaryImageOfPage":{"@id":"https:\/\/vocesdelacomuna15.com.ar\/press\/h-i-j-o-s-denuncia-abuso-y-amenaza-de-muerte-a-una-militante-de-la-agrupacion\/#primaryimage"},"image":{"@id":"https:\/\/vocesdelacomuna15.com.ar\/press\/h-i-j-o-s-denuncia-abuso-y-amenaza-de-muerte-a-una-militante-de-la-agrupacion\/#primaryimage"},"thumbnailUrl":"https:\/\/vocesdelacomuna15.com.ar\/wp-content\/uploads\/2024\/03\/hijos.png","datePublished":"2024-03-21T15:50:17+00:00","dateModified":"2024-03-21T16:39:25+00:00","description":"Voces de la Comuna 15","breadcrumb":{"@id":"https:\/\/vocesdelacomuna15.com.ar\/press\/h-i-j-o-s-denuncia-abuso-y-amenaza-de-muerte-a-una-militante-de-la-agrupacion\/#breadcrumb"},"inLanguage":"es-AR","potentialAction":[{"@type":"ReadAction","target":["https:\/\/vocesdelacomuna15.com.ar\/press\/h-i-j-o-s-denuncia-abuso-y-amenaza-de-muerte-a-una-militante-de-la-agrupacion\/"]}]},{"@type":"ImageObject","inLanguage":"es-AR","@id":"https:\/\/vocesdelacomuna15.com.ar\/press\/h-i-j-o-s-denuncia-abuso-y-amenaza-de-muerte-a-una-militante-de-la-agrupacion\/#primaryimage","url":"https:\/\/vocesdelacomuna15.com.ar\/wp-content\/uploads\/2024\/03\/hijos.png","contentUrl":"https:\/\/vocesdelacomuna15.com.ar\/wp-content\/uploads\/2024\/03\/hijos.png","width":604,"height":449},{"@type":"BreadcrumbList","@id":"https:\/\/vocesdelacomuna15.com.ar\/press\/h-i-j-o-s-denuncia-abuso-y-amenaza-de-muerte-a-una-militante-de-la-agrupacion\/#breadcrumb","itemListElement":[{"@type":"ListItem","position":1,"name":"Inicio","item":"https:\/\/vocesdelacomuna15.com.ar\/press\/"},{"@type":"ListItem","position":2,"name":"H.I.J.O.S. denuncia abuso y amenaza de muerte a una militante de la agrupaci\u00f3n"}]},{"@type":"WebSite","@id":"https:\/\/vocesdelacomuna15.com.ar\/press\/#website","url":"https:\/\/vocesdelacomuna15.com.ar\/press\/","name":"Voces de la Comuna 15","description":"Sitio web de noticias","publisher":{"@id":"https:\/\/vocesdelacomuna15.com.ar\/press\/#organization"},"potentialAction":[{"@type":"SearchAction","target":{"@type":"EntryPoint","urlTemplate":"https:\/\/vocesdelacomuna15.com.ar\/press\/?s={search_term_string}"},"query-input":{"@type":"PropertyValueSpecification","valueRequired":true,"valueName":"search_term_string"}}],"inLanguage":"es-AR"},{"@type":"Organization","@id":"https:\/\/vocesdelacomuna15.com.ar\/press\/#organization","name":"Voces de la Comuna 15","url":"https:\/\/vocesdelacomuna15.com.ar\/press\/","logo":{"@type":"ImageObject","inLanguage":"es-AR","@id":"https:\/\/vocesdelacomuna15.com.ar\/press\/#\/schema\/logo\/image\/","url":"https:\/\/vocesdelacomuna15.com.ar\/wp-content\/uploads\/2024\/12\/cropped-logo_voces.jpg","contentUrl":"https:\/\/vocesdelacomuna15.com.ar\/wp-content\/uploads\/2024\/12\/cropped-logo_voces.jpg","width":512,"height":512,"caption":"Voces de la Comuna 15"},"image":{"@id":"https:\/\/vocesdelacomuna15.com.ar\/press\/#\/schema\/logo\/image\/"},"sameAs":["https:\/\/www.facebook.com\/VocesComuna15\/","https:\/\/x.com\/vocescomuna15"]},{"@type":"Person","@id":"https:\/\/vocesdelacomuna15.com.ar\/press\/#\/schema\/person\/4739e109db25d799cd3d139eeb509e43","name":"Federico Arguto","image":{"@type":"ImageObject","inLanguage":"es-AR","@id":"https:\/\/vocesdelacomuna15.com.ar\/wp-content\/litespeed\/avatar\/82faf979976f1bae889b8b71f8a0a7e5.jpg?ver=1777419741","url":"https:\/\/vocesdelacomuna15.com.ar\/wp-content\/litespeed\/avatar\/82faf979976f1bae889b8b71f8a0a7e5.jpg?ver=1777419741","contentUrl":"https:\/\/vocesdelacomuna15.com.ar\/wp-content\/litespeed\/avatar\/82faf979976f1bae889b8b71f8a0a7e5.jpg?ver=1777419741","caption":"Federico Arguto"},"url":"https:\/\/vocesdelacomuna15.com.ar\/press\/author\/fede\/"}]}},"_links":{"self":[{"href":"https:\/\/vocesdelacomuna15.com.ar\/press\/wp-json\/wp\/v2\/posts\/63238","targetHints":{"allow":["GET"]}}],"collection":[{"href":"https:\/\/vocesdelacomuna15.com.ar\/press\/wp-json\/wp\/v2\/posts"}],"about":[{"href":"https:\/\/vocesdelacomuna15.com.ar\/press\/wp-json\/wp\/v2\/types\/post"}],"author":[{"embeddable":true,"href":"https:\/\/vocesdelacomuna15.com.ar\/press\/wp-json\/wp\/v2\/users\/2"}],"replies":[{"embeddable":true,"href":"https:\/\/vocesdelacomuna15.com.ar\/press\/wp-json\/wp\/v2\/comments?post=63238"}],"version-history":[{"count":3,"href":"https:\/\/vocesdelacomuna15.com.ar\/press\/wp-json\/wp\/v2\/posts\/63238\/revisions"}],"predecessor-version":[{"id":63243,"href":"https:\/\/vocesdelacomuna15.com.ar\/press\/wp-json\/wp\/v2\/posts\/63238\/revisions\/63243"}],"wp:featuredmedia":[{"embeddable":true,"href":"https:\/\/vocesdelacomuna15.com.ar\/press\/wp-json\/wp\/v2\/media\/63240"}],"wp:attachment":[{"href":"https:\/\/vocesdelacomuna15.com.ar\/press\/wp-json\/wp\/v2\/media?parent=63238"}],"wp:term":[{"taxonomy":"category","embeddable":true,"href":"https:\/\/vocesdelacomuna15.com.ar\/press\/wp-json\/wp\/v2\/categories?post=63238"},{"taxonomy":"post_tag","embeddable":true,"href":"https:\/\/vocesdelacomuna15.com.ar\/press\/wp-json\/wp\/v2\/tags?post=63238"}],"curies":[{"name":"wp","href":"https:\/\/api.w.org\/{rel}","templated":true}]}}