{"id":63227,"date":"2024-03-21T12:40:42","date_gmt":"2024-03-21T15:40:42","guid":{"rendered":"https:\/\/vocesdelacomuna15.com.ar\/?p=63227"},"modified":"2024-03-21T12:40:43","modified_gmt":"2024-03-21T15:40:43","slug":"3-de-cada-10-alumnos-de-los-sectores-mas-favorecidos-no-alcanzan-el-nivel-minimo-en-lectura","status":"publish","type":"post","link":"https:\/\/vocesdelacomuna15.com.ar\/press\/3-de-cada-10-alumnos-de-los-sectores-mas-favorecidos-no-alcanzan-el-nivel-minimo-en-lectura\/","title":{"rendered":"3 de cada 10 alumnos de los sectores m\u00e1s favorecidos no alcanzan el nivel m\u00ednimo en Lectura"},"content":{"rendered":"\n<p>Los estudiantes argentinos m\u00e1s ricos, son los segundos m\u00e1s ricos de la regi\u00f3n. A\u00fan as\u00ed, tienen peores resultados en la prueba PISA de Lectura 2022 que sus pares de Chile, Uruguay, Colombia, Per\u00fa y M\u00e9xico.\u00a0Fuente: Prensa Argentinos por la Educaci\u00f3n<\/p>\n\n\n\n<p>Link a nota original: <a href=\"https:\/\/prensa.argentinosporlaeducacion.org\/3-de-cada-10-alumnos-de-los-sectores-mas-favorecidos-no-alcanzan-el-nivel-minimo-en-lectura\">https:\/\/prensa.argentinosporlaeducacion.org\/3-de-cada-10-alumnos-de-los-sectores-mas-favorecidos-no-alcanzan-el-nivel-minimo-en-lectura<\/a><\/p>\n\n\n\n<p>En Argentina el 32% de los alumnos de 15 a\u00f1os del nivel socioecon\u00f3mico m\u00e1s alto no alcanzan el nivel m\u00ednimo de Lectura en la prueba PISA 2022. Estos resultados son peores que los de pa\u00edses como Chile (15%), Uruguay (20%), Colombia (24%), Per\u00fa (27%) y M\u00e9xico (27%), que tienen menos estudiantes del cuartil m\u00e1s favorecido con aprendizajes por debajo del nivel esperado. En el nivel socioecon\u00f3mico m\u00e1s bajo, 7 de cada 10 alumnos argentinos no alcanzan el nivel m\u00ednimo requerido.<\/p>\n\n\n\n<p>Los datos surgen del informe \u201c<strong>Los m\u00e1s favorecidos de Argentina, entre los menos favorecidos de la regi\u00f3n. Resultados PISA 2022<\/strong>\u201d, del <strong>Observatorio de Argentinos por la Educaci\u00f3n<\/strong>, con autor\u00eda de Irene Kit (Asociaci\u00f3n Civil Educaci\u00f3n para Todos), Mart\u00edn Nistal y Eugenia Orlicki (Observatorio de Argentinos por la Educaci\u00f3n). A partir de los microdatos de PISA 2022, el documento analiza las diferencias de aprendizaje entre estudiantes de distintos niveles socioecon\u00f3micos, y pone foco en los resultados de los alumnos m\u00e1s favorecidos.<\/p>\n\n\n\n<p>Los desempe\u00f1os de los estudiantes argentinos del cuartil m\u00e1s rico s\u00f3lo superan a los de sus pares del mismo cuartil en Rep\u00fablica Dominicana (55%), El Salvador (48%), Guatemala (48%) y Paraguay (42%). Es decir que Argentina est\u00e1 en el grupo de pa\u00edses con peores resultados por parte de los j\u00f3venes m\u00e1s favorecidos.<\/p>\n\n\n\n<p><strong>Irene Kit<\/strong> explica: \u201cLa escuela secundaria enfrenta a los estudiantes a una nueva alfabetizaci\u00f3n. Deben comprender textos de mayor tama\u00f1o y complejidad e identificar las caracter\u00edsticas de diferentes g\u00e9neros textuales, formar juicio sobre lo le\u00eddo. Este nuevo tiempo, de leer para aprender, es tan desafian\u00adte como lo fue en su momento aprender a leer. El sistema educativo argentino se encuentra a\u00fan lejos de esa meta. Sin una ense\u00f1anza eficaz, sistem\u00e1tica, articulada, a\u00fan estudiantes de hogares aventajados socioecon\u00f3micamente, tienen probabilidades de avanzar en su secundaria con pobre dominio de la comprensi\u00f3n lectora. 3 de cada 10 estudiantes de este nivel, solo pueden leer manteni\u00e9ndose en el plano de los datos expl\u00edcitos, los contextos familiares y las relaciones m\u00e1s sencillas entre informaci\u00f3n evidente. Ello implica que han tenido dificultades para trabajar con inferencias y para leer materiales que sean menos habituales y simples\u201d.<\/p>\n\n\n\n<p>En todos los pa\u00edses, los puntajes son mejores a medida que aumenta el nivel socioecon\u00f3mico de los alumnos. En cada pa\u00eds, las mayores brechas de resultados est\u00e1n entre el cuartil 3 y el 4 (el m\u00e1s alto). Al comparar entre pa\u00edses, se observa que el puntaje del estrato m\u00e1s pobre de Chile (cuartil 1) es m\u00e1s alto que el de los j\u00f3venes m\u00e1s favorecidos (cuartil 4) de Rep\u00fablica Dominicana, Guatemala y El Salvador, pero tambi\u00e9n es superior al de los cuartiles medios (2 y 3) de Panam\u00e1, Paraguay, Argentina, Colombia y Brasil.<\/p>\n\n\n\n<p>\u201cLos resultados de PISA se\u00f1alan que en Argentina tenemos un problema de ense\u00f1anza a nivel sist\u00e9mico, en todos los niveles socioecon\u00f3micos. Aqu\u00ed no se salva nadie: los estudiantes de mayor poder adquisitivo est\u00e1n aprendiendo a pensar por s\u00ed mismos o desarrollando competencias para la vida. Por otro lado, los datos muestran que parte del problema tiene que ver tambi\u00e9n con la necesidad de que los alumnos puedan aprender a concentrarse y a terminar las tareas que emprenden, y puedan confiar en que su inteligencia no es algo fijo sino un atributo sobre el que pueden mejorar con esfuerzo. Estos resultados nos est\u00e1n dando pistas sobre la necesidad de trabajar estas cuestiones en la escuela, porque tambi\u00e9n son centrales al aprendizaje\u201d, analiza <strong>Melina Furman<\/strong>, profesora de la Universidad de San Andr\u00e9s e investigadora del Conicet.<\/p>\n\n\n\n<p>Aunque existe una marcada relaci\u00f3n entre el nivel de riqueza de los pa\u00edses y los aprendizajes, esa relaci\u00f3n no es perfecta. Los alumnos argentinos del cuartil superior (los m\u00e1s ricos) est\u00e1n entre los de mayor nivel socioecon\u00f3mico de la regi\u00f3n (solo superados por Chile); sin embargo, sus resultados en PISA quedan por debajo de los de Uruguay, M\u00e9xico, Brasil, Colombia, Per\u00fa y Panam\u00e1.<\/p>\n\n\n\n<p>\u201cEl sistema educativo debe buscar nuevas formas de gestionar los procesos de ense\u00f1anza y aprendizaje para mejorar las competencias de los estudiantes, dado que incluso los m\u00e1s favorecidos obtienen resultados relativamente bajos cuando se los compara con estudiantes de contextos similares en otros pa\u00edses\u201d, plantea <strong>Juan Cruz Perusia<\/strong>, investigador principal de Educaci\u00f3n en CIPPEC. A partir de los datos del informe, Perusia destaca la necesidad de poner el foco en \u201cla gesti\u00f3n de las expectativas de los estudiantes y, m\u00e1s espec\u00edficamente, poder apoyarlos en el desarrollo de una \u2018mentalidad de crecimiento\u2019, que reconozca que la inteligencia no es algo fijo sino que se puede mejorar con trabajo, y esto redunda en reducci\u00f3n del estr\u00e9s asociado a la escuela y en mejores resultados acad\u00e9micos\u201d.<\/p>\n\n\n\n<p>El informe tambi\u00e9n analiza algunas respuestas de los estudiantes de 15 a\u00f1os a los cuestionarios complementarios de PISA 2022. Con respecto a la motivaci\u00f3n, el 51,7% de los estudiantes argentinos est\u00e1n de acuerdo o muy de acuerdo con la frase \u201cMi inteligencia es algo que uno no puede cambiar mucho\u201d. A su vez, el 19% considera que no es perseverante en sus tareas, mientras que un 58% s\u00ed se considera perseverante y un 23% no se pronuncia al respecto.<\/p>\n\n\n\n<p>\u201cLos resultados de PISA revelan una inequidad persistente en la educaci\u00f3n: aquellos con mayores recursos tienden a obtener un mejor rendimiento. Sin embargo, incluso en los estratos m\u00e1s altos, la falta de logros educativos es evidente, lo que sugiere que el problema va m\u00e1s all\u00e1 de la distribuci\u00f3n de recursos y afecta a la calidad en general. Todos los estudiantes argentinos tienen el potencial de aprender m\u00e1s y merecen la oportunidad de hacerlo. Por lo tanto, es crucial entender que, as\u00ed como la crisis no se limita a un solo segmento de la poblaci\u00f3n, tampoco puede hacerlo la soluci\u00f3n. Los pa\u00edses que est\u00e1n en v\u00edas de mejora han logrado avances mediante acuerdos inclusivos y el compromiso de toda la sociedad\u201d, se\u00f1ala <strong>Ver\u00f3nica Cipriota<\/strong>, directora ejecutiva de Ense\u00f1\u00e1 por Argentina.<\/p>\n\n\n\n<p>\u201cCada d\u00eda que pasa, en nuestro pa\u00eds m\u00e1s ni\u00f1as y ni\u00f1os quedan fuera de toda posibilidad de acceder a una educaci\u00f3n de calidad. Ante esta realidad, los argentinos debemos unirnos y realizar todos los esfuerzos necesarios para mejorar y acompa\u00f1ar el acceso a una educaci\u00f3n de calidad para los ni\u00f1os, ni\u00f1as y j\u00f3venes, teniendo en cuenta la gran diversidad y riqueza cultural de nuestra poblaci\u00f3n. Nuestro modelo educativo debe ser transformado: sin educaci\u00f3n no hay libertad, progreso, ni desarrollo humano posible\u201d, afirma <strong>Ver\u00f3nica Figueroa<\/strong>, representante de la Red de ONG por la Educaci\u00f3n en Salta.<\/p>\n\n\n\n<p>\u201cEl sistema educativo presenta dificultades \u2018end\u00e9micas\u2019 que exceden el origen socioecon\u00f3mico de los alumnos. Si bien algunos actores suponen que la asistencia a determinadas escuelas permite estar indemnes ante los problemas educativos (como los aprendizajes), el informe demuestra que los cuartiles m\u00e1s altos tambi\u00e9n est\u00e1n afectados en su rendimiento en el \u00e1rea de Lengua, y desmiente a los actores que se\u00f1alan que sus hijos est\u00e1n preservados de los problemas que afectan a la educaci\u00f3n en general\u201d, analiza <strong>Sandra Ziegler<\/strong> (FLACSO). \u201cEs importante trabajar en la desconfianza de los estudiantes acerca de sus posibilidades de superar sus obst\u00e1culos de aprendizaje, dado que asumir que alguien no tiene habilidad, implica claudicar frente al esfuerzo que supone el trabajo escolar\u201d, concluye.<\/p>\n\n\n\n<p>Para seguir leyendo, pod\u00e9s encontrar todos los informes del Observatorio Argentinos por la Educaci\u00f3n en el siguiente\u00a0<a rel=\"noreferrer noopener\" href=\"https:\/\/argentinosporlaeducacion.org\/informes\/\" target=\"_blank\"><strong>enlace<\/strong><\/a>.<\/p>\n\n\n\n<figure class=\"wp-block-image size-large\"><img loading=\"lazy\" decoding=\"async\" width=\"1024\" height=\"631\" src=\"https:\/\/vocesdelacomuna15.com.ar\/wp-content\/uploads\/2024\/03\/Grafico-2.-Puntajes-promedio-de-la-prueba-de-Lectura-por-cuartil-y-pais.-PISA-2022.-Ordenado-por-los-puntajes-del-cuartil-mas-rico-1024x631.png\" alt=\"\" class=\"wp-image-63229\" srcset=\"https:\/\/vocesdelacomuna15.com.ar\/wp-content\/uploads\/2024\/03\/Grafico-2.-Puntajes-promedio-de-la-prueba-de-Lectura-por-cuartil-y-pais.-PISA-2022.-Ordenado-por-los-puntajes-del-cuartil-mas-rico-1024x631.png 1024w, https:\/\/vocesdelacomuna15.com.ar\/wp-content\/uploads\/2024\/03\/Grafico-2.-Puntajes-promedio-de-la-prueba-de-Lectura-por-cuartil-y-pais.-PISA-2022.-Ordenado-por-los-puntajes-del-cuartil-mas-rico-300x185.png 300w, https:\/\/vocesdelacomuna15.com.ar\/wp-content\/uploads\/2024\/03\/Grafico-2.-Puntajes-promedio-de-la-prueba-de-Lectura-por-cuartil-y-pais.-PISA-2022.-Ordenado-por-los-puntajes-del-cuartil-mas-rico-768x473.png 768w, https:\/\/vocesdelacomuna15.com.ar\/wp-content\/uploads\/2024\/03\/Grafico-2.-Puntajes-promedio-de-la-prueba-de-Lectura-por-cuartil-y-pais.-PISA-2022.-Ordenado-por-los-puntajes-del-cuartil-mas-rico-1536x947.png 1536w, https:\/\/vocesdelacomuna15.com.ar\/wp-content\/uploads\/2024\/03\/Grafico-2.-Puntajes-promedio-de-la-prueba-de-Lectura-por-cuartil-y-pais.-PISA-2022.-Ordenado-por-los-puntajes-del-cuartil-mas-rico-1080x666.png 1080w, https:\/\/vocesdelacomuna15.com.ar\/wp-content\/uploads\/2024\/03\/Grafico-2.-Puntajes-promedio-de-la-prueba-de-Lectura-por-cuartil-y-pais.-PISA-2022.-Ordenado-por-los-puntajes-del-cuartil-mas-rico.png 1600w\" sizes=\"(max-width: 1024px) 100vw, 1024px\" \/><\/figure>\n\n\n\n<p>Gr\u00e1fico 2. Puntajes promedio de la prueba de lectura por cuartil y pa\u00eds. PISA 2022. Ordenado por los puntajes del cuartil m\u00e1s rico<\/p>\n\n\n\n<figure class=\"wp-block-image size-large\"><img loading=\"lazy\" decoding=\"async\" width=\"1024\" height=\"638\" src=\"https:\/\/vocesdelacomuna15.com.ar\/wp-content\/uploads\/2024\/03\/Grafico-3.-Nivel-socioeconomico-promedio-de-los-alumnos-por-pais-y-cuartil.-PISA-2022-1024x638.png\" alt=\"\" class=\"wp-image-63230\" srcset=\"https:\/\/vocesdelacomuna15.com.ar\/wp-content\/uploads\/2024\/03\/Grafico-3.-Nivel-socioeconomico-promedio-de-los-alumnos-por-pais-y-cuartil.-PISA-2022-1024x638.png 1024w, https:\/\/vocesdelacomuna15.com.ar\/wp-content\/uploads\/2024\/03\/Grafico-3.-Nivel-socioeconomico-promedio-de-los-alumnos-por-pais-y-cuartil.-PISA-2022-300x187.png 300w, https:\/\/vocesdelacomuna15.com.ar\/wp-content\/uploads\/2024\/03\/Grafico-3.-Nivel-socioeconomico-promedio-de-los-alumnos-por-pais-y-cuartil.-PISA-2022-768x478.png 768w, https:\/\/vocesdelacomuna15.com.ar\/wp-content\/uploads\/2024\/03\/Grafico-3.-Nivel-socioeconomico-promedio-de-los-alumnos-por-pais-y-cuartil.-PISA-2022-400x250.png 400w, https:\/\/vocesdelacomuna15.com.ar\/wp-content\/uploads\/2024\/03\/Grafico-3.-Nivel-socioeconomico-promedio-de-los-alumnos-por-pais-y-cuartil.-PISA-2022-1080x673.png 1080w, https:\/\/vocesdelacomuna15.com.ar\/wp-content\/uploads\/2024\/03\/Grafico-3.-Nivel-socioeconomico-promedio-de-los-alumnos-por-pais-y-cuartil.-PISA-2022.png 1490w\" sizes=\"(max-width: 1024px) 100vw, 1024px\" \/><\/figure>\n\n\n\n<p>Gr\u00e1fico 3. Nivel socioecon\u00f3mico promedio de los alumnos por pa\u00eds y cuartil. PISA 2022<\/p>\n\n\n\n<figure class=\"wp-block-image size-large\"><img loading=\"lazy\" decoding=\"async\" width=\"1024\" height=\"592\" src=\"https:\/\/vocesdelacomuna15.com.ar\/wp-content\/uploads\/2024\/03\/Grafico-4.-Nivel-socioeconomico-promedio-de-los-alumnos-y-puntaje-en-Lengua-por-pais.-Cuartil-4.-PISA-2022-1024x592.jpg\" alt=\"\" class=\"wp-image-63231\" srcset=\"https:\/\/vocesdelacomuna15.com.ar\/wp-content\/uploads\/2024\/03\/Grafico-4.-Nivel-socioeconomico-promedio-de-los-alumnos-y-puntaje-en-Lengua-por-pais.-Cuartil-4.-PISA-2022-1024x592.jpg 1024w, https:\/\/vocesdelacomuna15.com.ar\/wp-content\/uploads\/2024\/03\/Grafico-4.-Nivel-socioeconomico-promedio-de-los-alumnos-y-puntaje-en-Lengua-por-pais.-Cuartil-4.-PISA-2022-300x173.jpg 300w, https:\/\/vocesdelacomuna15.com.ar\/wp-content\/uploads\/2024\/03\/Grafico-4.-Nivel-socioeconomico-promedio-de-los-alumnos-y-puntaje-en-Lengua-por-pais.-Cuartil-4.-PISA-2022-768x444.jpg 768w, https:\/\/vocesdelacomuna15.com.ar\/wp-content\/uploads\/2024\/03\/Grafico-4.-Nivel-socioeconomico-promedio-de-los-alumnos-y-puntaje-en-Lengua-por-pais.-Cuartil-4.-PISA-2022-1536x888.jpg 1536w, https:\/\/vocesdelacomuna15.com.ar\/wp-content\/uploads\/2024\/03\/Grafico-4.-Nivel-socioeconomico-promedio-de-los-alumnos-y-puntaje-en-Lengua-por-pais.-Cuartil-4.-PISA-2022-1080x624.jpg 1080w, https:\/\/vocesdelacomuna15.com.ar\/wp-content\/uploads\/2024\/03\/Grafico-4.-Nivel-socioeconomico-promedio-de-los-alumnos-y-puntaje-en-Lengua-por-pais.-Cuartil-4.-PISA-2022.jpg 1600w\" sizes=\"(max-width: 1024px) 100vw, 1024px\" \/><\/figure>\n\n\n\n<p>Gr\u00e1fico 4. Nivel socioecon\u00f3mico promedio de los alumnos y puntaje en lectura, por pa\u00eds. Cuartil 4. PISA 2022<\/p>\n\n\n\n<figure class=\"wp-block-image size-large is-resized\"><img loading=\"lazy\" decoding=\"async\" width=\"1024\" height=\"629\" src=\"https:\/\/vocesdelacomuna15.com.ar\/wp-content\/uploads\/2024\/03\/Grafico-5.1.-PISA-2018-1024x629.png\" alt=\"\" class=\"wp-image-63232\" style=\"aspect-ratio:1.6271676300578035;width:781px;height:auto\" srcset=\"https:\/\/vocesdelacomuna15.com.ar\/wp-content\/uploads\/2024\/03\/Grafico-5.1.-PISA-2018-1024x629.png 1024w, https:\/\/vocesdelacomuna15.com.ar\/wp-content\/uploads\/2024\/03\/Grafico-5.1.-PISA-2018-300x184.png 300w, https:\/\/vocesdelacomuna15.com.ar\/wp-content\/uploads\/2024\/03\/Grafico-5.1.-PISA-2018-768x472.png 768w, https:\/\/vocesdelacomuna15.com.ar\/wp-content\/uploads\/2024\/03\/Grafico-5.1.-PISA-2018-1080x664.png 1080w, https:\/\/vocesdelacomuna15.com.ar\/wp-content\/uploads\/2024\/03\/Grafico-5.1.-PISA-2018.png 1126w\" sizes=\"(max-width: 1024px) 100vw, 1024px\" \/><\/figure>\n\n\n\n<p>Gr\u00e1fico 5.1. Proporci\u00f3n de alumnos seg\u00fan cu\u00e1n de acuerdo est\u00e1n con la frase &#8220;Mi inteligencia es algo que uno no puede cambiar mucho&#8221; por cuartiles. Argentina. PISA 2018<\/p>\n\n\n\n<figure class=\"wp-block-image size-large\"><img loading=\"lazy\" decoding=\"async\" width=\"1024\" height=\"628\" src=\"https:\/\/vocesdelacomuna15.com.ar\/wp-content\/uploads\/2024\/03\/Grafico-5.2.-PISA-2022-1024x628.png\" alt=\"\" class=\"wp-image-63233\" srcset=\"https:\/\/vocesdelacomuna15.com.ar\/wp-content\/uploads\/2024\/03\/Grafico-5.2.-PISA-2022-1024x628.png 1024w, https:\/\/vocesdelacomuna15.com.ar\/wp-content\/uploads\/2024\/03\/Grafico-5.2.-PISA-2022-300x184.png 300w, https:\/\/vocesdelacomuna15.com.ar\/wp-content\/uploads\/2024\/03\/Grafico-5.2.-PISA-2022-768x471.png 768w, https:\/\/vocesdelacomuna15.com.ar\/wp-content\/uploads\/2024\/03\/Grafico-5.2.-PISA-2022-1080x662.png 1080w, https:\/\/vocesdelacomuna15.com.ar\/wp-content\/uploads\/2024\/03\/Grafico-5.2.-PISA-2022.png 1184w\" sizes=\"(max-width: 1024px) 100vw, 1024px\" \/><\/figure>\n\n\n\n<p>Gr\u00e1fico 5.2. Proporci\u00f3n de alumnos seg\u00fan cu\u00e1n de acuerdo est\u00e1n con la frase &#8220;Mi inteligencia es algo que uno no puede cambiar mucho&#8221; por cuartiles. Argentina. PISA 2022.<\/p>\n\n\n\n<figure class=\"wp-block-image size-full is-resized\"><img loading=\"lazy\" decoding=\"async\" width=\"904\" height=\"558\" src=\"https:\/\/vocesdelacomuna15.com.ar\/wp-content\/uploads\/2024\/03\/Grafico-6.1.-Pisa-2018.png\" alt=\"\" class=\"wp-image-63234\" style=\"aspect-ratio:1.6200716845878136;width:727px;height:auto\" srcset=\"https:\/\/vocesdelacomuna15.com.ar\/wp-content\/uploads\/2024\/03\/Grafico-6.1.-Pisa-2018.png 904w, https:\/\/vocesdelacomuna15.com.ar\/wp-content\/uploads\/2024\/03\/Grafico-6.1.-Pisa-2018-300x185.png 300w, https:\/\/vocesdelacomuna15.com.ar\/wp-content\/uploads\/2024\/03\/Grafico-6.1.-Pisa-2018-768x474.png 768w\" sizes=\"(max-width: 904px) 100vw, 904px\" \/><\/figure>\n\n\n\n<p>Gr\u00e1fico 6.1. Proporci\u00f3n de alumnos seg\u00fan cu\u00e1n de acuerdo est\u00e1n con la frase &#8220;Cuando empiezo una tarea la termino&#8221;, por cuartiles. Argentina. PISA 2018.<\/p>\n\n\n\n<p><\/p>\n\n\n\n<figure class=\"wp-block-image size-full\"><img loading=\"lazy\" decoding=\"async\" width=\"931\" height=\"576\" src=\"https:\/\/vocesdelacomuna15.com.ar\/wp-content\/uploads\/2024\/03\/Grafico-6.1.-Pisa-2022-1.png\" alt=\"\" class=\"wp-image-63236\" srcset=\"https:\/\/vocesdelacomuna15.com.ar\/wp-content\/uploads\/2024\/03\/Grafico-6.1.-Pisa-2022-1.png 931w, https:\/\/vocesdelacomuna15.com.ar\/wp-content\/uploads\/2024\/03\/Grafico-6.1.-Pisa-2022-1-300x186.png 300w, https:\/\/vocesdelacomuna15.com.ar\/wp-content\/uploads\/2024\/03\/Grafico-6.1.-Pisa-2022-1-768x475.png 768w\" sizes=\"(max-width: 931px) 100vw, 931px\" \/><\/figure>\n\n\n\n<p>Gr\u00e1fico 6.2. Proporci\u00f3n de alumnos seg\u00fan cu\u00e1n de acuerdo est\u00e1n con la frase &#8220;Cuando empiezo una tarea la termino&#8221;, por cuartiles. Argentina. PISA 2022.<\/p>\n\n\n\n<h3 class=\"wp-block-heading\">Gimena Marques da Silva<\/h3>\n\n\n\n<p>Coordinadora de prensa<\/p>\n\n\n\n<p>\uf0b7&nbsp; <a href=\"mailto:gmarques@argentinosporlaeducacion.org\" target=\"_blank\" rel=\"noreferrer noopener\">gmarques@argentinosporlaeducacion.org<\/a><\/p>\n\n\n\n<p>\uf0b7\u00a0 <a rel=\"noreferrer noopener\" href=\"tel:+54%209%2011%206047-3874\" target=\"_blank\">+54 9 11 6047-3874<\/a><\/p>\n\n\n\n<p><\/p>\n\n\n\n<p>Imagen de portada: Proporci\u00f3n de estudiantes por debajo del nivel b\u00e1sico de lectura (Nivel 2), por cuartil de NSE. PISA 2022, Am\u00e9rica Latina<\/p>\n<div class=\"pvc_clear\"><\/div><p id=\"pvc_stats_63227\" class=\"pvc_stats all  \" data-element-id=\"63227\" style=\"\"><i class=\"pvc-stats-icon small\" aria-hidden=\"true\"><svg aria-hidden=\"true\" focusable=\"false\" data-prefix=\"far\" data-icon=\"chart-bar\" role=\"img\" xmlns=\"http:\/\/www.w3.org\/2000\/svg\" viewBox=\"0 0 512 512\" class=\"svg-inline--fa fa-chart-bar fa-w-16 fa-2x\"><path fill=\"currentColor\" d=\"M396.8 352h22.4c6.4 0 12.8-6.4 12.8-12.8V108.8c0-6.4-6.4-12.8-12.8-12.8h-22.4c-6.4 0-12.8 6.4-12.8 12.8v230.4c0 6.4 6.4 12.8 12.8 12.8zm-192 0h22.4c6.4 0 12.8-6.4 12.8-12.8V140.8c0-6.4-6.4-12.8-12.8-12.8h-22.4c-6.4 0-12.8 6.4-12.8 12.8v198.4c0 6.4 6.4 12.8 12.8 12.8zm96 0h22.4c6.4 0 12.8-6.4 12.8-12.8V204.8c0-6.4-6.4-12.8-12.8-12.8h-22.4c-6.4 0-12.8 6.4-12.8 12.8v134.4c0 6.4 6.4 12.8 12.8 12.8zM496 400H48V80c0-8.84-7.16-16-16-16H16C7.16 64 0 71.16 0 80v336c0 17.67 14.33 32 32 32h464c8.84 0 16-7.16 16-16v-16c0-8.84-7.16-16-16-16zm-387.2-48h22.4c6.4 0 12.8-6.4 12.8-12.8v-70.4c0-6.4-6.4-12.8-12.8-12.8h-22.4c-6.4 0-12.8 6.4-12.8 12.8v70.4c0 6.4 6.4 12.8 12.8 12.8z\" class=\"\"><\/path><\/svg><\/i> <img loading=\"lazy\" decoding=\"async\" width=\"16\" height=\"16\" alt=\"Loading\" src=\"https:\/\/vocesdelacomuna15.com.ar\/wp-content\/plugins\/page-views-count\/ajax-loader-2x.gif\" border=0 \/><\/p><div class=\"pvc_clear\"><\/div>","protected":false},"excerpt":{"rendered":"<p>Los estudiantes argentinos m\u00e1s ricos, son los segundos m\u00e1s ricos de la regi\u00f3n. A\u00fan as\u00ed, tienen peores resultados en la prueba PISA de Lectura 2022 que sus pares de Chile, Uruguay, Colombia, Per\u00fa y M\u00e9xico.\u00a0Fuente: Prensa Argentinos por la Educaci\u00f3n Link a nota original: https:\/\/prensa.argentinosporlaeducacion.org\/3-de-cada-10-alumnos-de-los-sectores-mas-favorecidos-no-alcanzan-el-nivel-minimo-en-lectura En Argentina el 32% de los alumnos de 15 a\u00f1os [&hellip;]<\/p>\n<div class=\"pvc_clear\"><\/div>\n<p id=\"pvc_stats_63227\" class=\"pvc_stats all  \" data-element-id=\"63227\" style=\"\"><i class=\"pvc-stats-icon small\" aria-hidden=\"true\"><svg aria-hidden=\"true\" focusable=\"false\" data-prefix=\"far\" data-icon=\"chart-bar\" role=\"img\" xmlns=\"http:\/\/www.w3.org\/2000\/svg\" viewBox=\"0 0 512 512\" class=\"svg-inline--fa fa-chart-bar fa-w-16 fa-2x\"><path fill=\"currentColor\" d=\"M396.8 352h22.4c6.4 0 12.8-6.4 12.8-12.8V108.8c0-6.4-6.4-12.8-12.8-12.8h-22.4c-6.4 0-12.8 6.4-12.8 12.8v230.4c0 6.4 6.4 12.8 12.8 12.8zm-192 0h22.4c6.4 0 12.8-6.4 12.8-12.8V140.8c0-6.4-6.4-12.8-12.8-12.8h-22.4c-6.4 0-12.8 6.4-12.8 12.8v198.4c0 6.4 6.4 12.8 12.8 12.8zm96 0h22.4c6.4 0 12.8-6.4 12.8-12.8V204.8c0-6.4-6.4-12.8-12.8-12.8h-22.4c-6.4 0-12.8 6.4-12.8 12.8v134.4c0 6.4 6.4 12.8 12.8 12.8zM496 400H48V80c0-8.84-7.16-16-16-16H16C7.16 64 0 71.16 0 80v336c0 17.67 14.33 32 32 32h464c8.84 0 16-7.16 16-16v-16c0-8.84-7.16-16-16-16zm-387.2-48h22.4c6.4 0 12.8-6.4 12.8-12.8v-70.4c0-6.4-6.4-12.8-12.8-12.8h-22.4c-6.4 0-12.8 6.4-12.8 12.8v70.4c0 6.4 6.4 12.8 12.8 12.8z\" class=\"\"><\/path><\/svg><\/i> <img loading=\"lazy\" decoding=\"async\" width=\"16\" height=\"16\" alt=\"Loading\" src=\"https:\/\/vocesdelacomuna15.com.ar\/wp-content\/plugins\/page-views-count\/ajax-loader-2x.gif\" border=0 \/><\/p>\n<div class=\"pvc_clear\"><\/div>\n","protected":false},"author":2,"featured_media":63228,"comment_status":"open","ping_status":"open","sticky":false,"template":"","format":"standard","meta":{"_et_pb_use_builder":"off","_et_pb_old_content":"","_et_gb_content_width":"","footnotes":""},"categories":[8],"tags":[],"class_list":["post-63227","post","type-post","status-publish","format-standard","has-post-thumbnail","hentry","category-sociedad","et-has-post-format-content","et_post_format-et-post-format-standard"],"a3_pvc":{"activated":true,"total_views":29,"today_views":0},"yoast_head":"<!-- This site is optimized with the Yoast SEO plugin v27.5 - https:\/\/yoast.com\/product\/yoast-seo-wordpress\/ -->\n<title>3 de cada 10 alumnos de los sectores m\u00e1s favorecidos no alcanzan el nivel m\u00ednimo en Lectura - Voces de la Comuna 15<\/title>\n<meta name=\"description\" content=\"Voces de la Comuna 15\" \/>\n<meta name=\"robots\" content=\"index, follow, max-snippet:-1, max-image-preview:large, max-video-preview:-1\" \/>\n<link rel=\"canonical\" href=\"https:\/\/vocesdelacomuna15.com.ar\/press\/3-de-cada-10-alumnos-de-los-sectores-mas-favorecidos-no-alcanzan-el-nivel-minimo-en-lectura\/\" \/>\n<meta property=\"og:locale\" content=\"es_ES\" \/>\n<meta property=\"og:type\" content=\"article\" \/>\n<meta property=\"og:title\" content=\"3 de cada 10 alumnos de los sectores m\u00e1s favorecidos no alcanzan el nivel m\u00ednimo en Lectura - Voces de la Comuna 15\" \/>\n<meta property=\"og:description\" content=\"Voces de la Comuna 15\" \/>\n<meta property=\"og:url\" content=\"https:\/\/vocesdelacomuna15.com.ar\/press\/3-de-cada-10-alumnos-de-los-sectores-mas-favorecidos-no-alcanzan-el-nivel-minimo-en-lectura\/\" \/>\n<meta property=\"og:site_name\" content=\"Voces de la Comuna 15\" \/>\n<meta property=\"article:publisher\" content=\"https:\/\/www.facebook.com\/VocesComuna15\/\" \/>\n<meta property=\"article:published_time\" content=\"2024-03-21T15:40:42+00:00\" \/>\n<meta property=\"article:modified_time\" content=\"2024-03-21T15:40:43+00:00\" \/>\n<meta property=\"og:image\" content=\"https:\/\/vocesdelacomuna15.com.ar\/wp-content\/uploads\/2024\/03\/G1RED.png\" \/>\n\t<meta property=\"og:image:width\" content=\"536\" \/>\n\t<meta property=\"og:image:height\" content=\"325\" \/>\n\t<meta property=\"og:image:type\" content=\"image\/png\" \/>\n<meta name=\"author\" content=\"Federico Arguto\" \/>\n<meta name=\"twitter:card\" content=\"summary_large_image\" \/>\n<meta name=\"twitter:creator\" content=\"@vocescomuna15\" \/>\n<meta name=\"twitter:site\" content=\"@vocescomuna15\" \/>\n<meta name=\"twitter:label1\" content=\"Escrito por\" \/>\n\t<meta name=\"twitter:data1\" content=\"Federico Arguto\" \/>\n\t<meta name=\"twitter:label2\" content=\"Tiempo de lectura\" \/>\n\t<meta name=\"twitter:data2\" content=\"8 minutos\" \/>\n<script type=\"application\/ld+json\" class=\"yoast-schema-graph\">{\"@context\":\"https:\\\/\\\/schema.org\",\"@graph\":[{\"@type\":\"Article\",\"@id\":\"https:\\\/\\\/vocesdelacomuna15.com.ar\\\/press\\\/3-de-cada-10-alumnos-de-los-sectores-mas-favorecidos-no-alcanzan-el-nivel-minimo-en-lectura\\\/#article\",\"isPartOf\":{\"@id\":\"https:\\\/\\\/vocesdelacomuna15.com.ar\\\/press\\\/3-de-cada-10-alumnos-de-los-sectores-mas-favorecidos-no-alcanzan-el-nivel-minimo-en-lectura\\\/\"},\"author\":{\"name\":\"Federico Arguto\",\"@id\":\"https:\\\/\\\/vocesdelacomuna15.com.ar\\\/press\\\/#\\\/schema\\\/person\\\/4739e109db25d799cd3d139eeb509e43\"},\"headline\":\"3 de cada 10 alumnos de los sectores m\u00e1s favorecidos no alcanzan el nivel m\u00ednimo en Lectura\",\"datePublished\":\"2024-03-21T15:40:42+00:00\",\"dateModified\":\"2024-03-21T15:40:43+00:00\",\"mainEntityOfPage\":{\"@id\":\"https:\\\/\\\/vocesdelacomuna15.com.ar\\\/press\\\/3-de-cada-10-alumnos-de-los-sectores-mas-favorecidos-no-alcanzan-el-nivel-minimo-en-lectura\\\/\"},\"wordCount\":1580,\"commentCount\":0,\"publisher\":{\"@id\":\"https:\\\/\\\/vocesdelacomuna15.com.ar\\\/press\\\/#organization\"},\"image\":{\"@id\":\"https:\\\/\\\/vocesdelacomuna15.com.ar\\\/press\\\/3-de-cada-10-alumnos-de-los-sectores-mas-favorecidos-no-alcanzan-el-nivel-minimo-en-lectura\\\/#primaryimage\"},\"thumbnailUrl\":\"https:\\\/\\\/vocesdelacomuna15.com.ar\\\/wp-content\\\/uploads\\\/2024\\\/03\\\/G1RED.png\",\"articleSection\":[\"Sociedad\"],\"inLanguage\":\"es-AR\",\"potentialAction\":[{\"@type\":\"CommentAction\",\"name\":\"Comment\",\"target\":[\"https:\\\/\\\/vocesdelacomuna15.com.ar\\\/press\\\/3-de-cada-10-alumnos-de-los-sectores-mas-favorecidos-no-alcanzan-el-nivel-minimo-en-lectura\\\/#respond\"]}]},{\"@type\":\"WebPage\",\"@id\":\"https:\\\/\\\/vocesdelacomuna15.com.ar\\\/press\\\/3-de-cada-10-alumnos-de-los-sectores-mas-favorecidos-no-alcanzan-el-nivel-minimo-en-lectura\\\/\",\"url\":\"https:\\\/\\\/vocesdelacomuna15.com.ar\\\/press\\\/3-de-cada-10-alumnos-de-los-sectores-mas-favorecidos-no-alcanzan-el-nivel-minimo-en-lectura\\\/\",\"name\":\"3 de cada 10 alumnos de los sectores m\u00e1s favorecidos no alcanzan el nivel m\u00ednimo en Lectura - Voces de la Comuna 15\",\"isPartOf\":{\"@id\":\"https:\\\/\\\/vocesdelacomuna15.com.ar\\\/press\\\/#website\"},\"primaryImageOfPage\":{\"@id\":\"https:\\\/\\\/vocesdelacomuna15.com.ar\\\/press\\\/3-de-cada-10-alumnos-de-los-sectores-mas-favorecidos-no-alcanzan-el-nivel-minimo-en-lectura\\\/#primaryimage\"},\"image\":{\"@id\":\"https:\\\/\\\/vocesdelacomuna15.com.ar\\\/press\\\/3-de-cada-10-alumnos-de-los-sectores-mas-favorecidos-no-alcanzan-el-nivel-minimo-en-lectura\\\/#primaryimage\"},\"thumbnailUrl\":\"https:\\\/\\\/vocesdelacomuna15.com.ar\\\/wp-content\\\/uploads\\\/2024\\\/03\\\/G1RED.png\",\"datePublished\":\"2024-03-21T15:40:42+00:00\",\"dateModified\":\"2024-03-21T15:40:43+00:00\",\"description\":\"Voces de la Comuna 15\",\"breadcrumb\":{\"@id\":\"https:\\\/\\\/vocesdelacomuna15.com.ar\\\/press\\\/3-de-cada-10-alumnos-de-los-sectores-mas-favorecidos-no-alcanzan-el-nivel-minimo-en-lectura\\\/#breadcrumb\"},\"inLanguage\":\"es-AR\",\"potentialAction\":[{\"@type\":\"ReadAction\",\"target\":[\"https:\\\/\\\/vocesdelacomuna15.com.ar\\\/press\\\/3-de-cada-10-alumnos-de-los-sectores-mas-favorecidos-no-alcanzan-el-nivel-minimo-en-lectura\\\/\"]}]},{\"@type\":\"ImageObject\",\"inLanguage\":\"es-AR\",\"@id\":\"https:\\\/\\\/vocesdelacomuna15.com.ar\\\/press\\\/3-de-cada-10-alumnos-de-los-sectores-mas-favorecidos-no-alcanzan-el-nivel-minimo-en-lectura\\\/#primaryimage\",\"url\":\"https:\\\/\\\/vocesdelacomuna15.com.ar\\\/wp-content\\\/uploads\\\/2024\\\/03\\\/G1RED.png\",\"contentUrl\":\"https:\\\/\\\/vocesdelacomuna15.com.ar\\\/wp-content\\\/uploads\\\/2024\\\/03\\\/G1RED.png\",\"width\":536,\"height\":325},{\"@type\":\"BreadcrumbList\",\"@id\":\"https:\\\/\\\/vocesdelacomuna15.com.ar\\\/press\\\/3-de-cada-10-alumnos-de-los-sectores-mas-favorecidos-no-alcanzan-el-nivel-minimo-en-lectura\\\/#breadcrumb\",\"itemListElement\":[{\"@type\":\"ListItem\",\"position\":1,\"name\":\"Inicio\",\"item\":\"https:\\\/\\\/vocesdelacomuna15.com.ar\\\/press\\\/\"},{\"@type\":\"ListItem\",\"position\":2,\"name\":\"3 de cada 10 alumnos de los sectores m\u00e1s favorecidos no alcanzan el nivel m\u00ednimo en Lectura\"}]},{\"@type\":\"WebSite\",\"@id\":\"https:\\\/\\\/vocesdelacomuna15.com.ar\\\/press\\\/#website\",\"url\":\"https:\\\/\\\/vocesdelacomuna15.com.ar\\\/press\\\/\",\"name\":\"Voces de la Comuna 15\",\"description\":\"Sitio web de noticias\",\"publisher\":{\"@id\":\"https:\\\/\\\/vocesdelacomuna15.com.ar\\\/press\\\/#organization\"},\"potentialAction\":[{\"@type\":\"SearchAction\",\"target\":{\"@type\":\"EntryPoint\",\"urlTemplate\":\"https:\\\/\\\/vocesdelacomuna15.com.ar\\\/press\\\/?s={search_term_string}\"},\"query-input\":{\"@type\":\"PropertyValueSpecification\",\"valueRequired\":true,\"valueName\":\"search_term_string\"}}],\"inLanguage\":\"es-AR\"},{\"@type\":\"Organization\",\"@id\":\"https:\\\/\\\/vocesdelacomuna15.com.ar\\\/press\\\/#organization\",\"name\":\"Voces de la Comuna 15\",\"url\":\"https:\\\/\\\/vocesdelacomuna15.com.ar\\\/press\\\/\",\"logo\":{\"@type\":\"ImageObject\",\"inLanguage\":\"es-AR\",\"@id\":\"https:\\\/\\\/vocesdelacomuna15.com.ar\\\/press\\\/#\\\/schema\\\/logo\\\/image\\\/\",\"url\":\"https:\\\/\\\/vocesdelacomuna15.com.ar\\\/wp-content\\\/uploads\\\/2024\\\/12\\\/cropped-logo_voces.jpg\",\"contentUrl\":\"https:\\\/\\\/vocesdelacomuna15.com.ar\\\/wp-content\\\/uploads\\\/2024\\\/12\\\/cropped-logo_voces.jpg\",\"width\":512,\"height\":512,\"caption\":\"Voces de la Comuna 15\"},\"image\":{\"@id\":\"https:\\\/\\\/vocesdelacomuna15.com.ar\\\/press\\\/#\\\/schema\\\/logo\\\/image\\\/\"},\"sameAs\":[\"https:\\\/\\\/www.facebook.com\\\/VocesComuna15\\\/\",\"https:\\\/\\\/x.com\\\/vocescomuna15\"]},{\"@type\":\"Person\",\"@id\":\"https:\\\/\\\/vocesdelacomuna15.com.ar\\\/press\\\/#\\\/schema\\\/person\\\/4739e109db25d799cd3d139eeb509e43\",\"name\":\"Federico Arguto\",\"image\":{\"@type\":\"ImageObject\",\"inLanguage\":\"es-AR\",\"@id\":\"https:\\\/\\\/vocesdelacomuna15.com.ar\\\/wp-content\\\/litespeed\\\/avatar\\\/82faf979976f1bae889b8b71f8a0a7e5.jpg?ver=1777419741\",\"url\":\"https:\\\/\\\/vocesdelacomuna15.com.ar\\\/wp-content\\\/litespeed\\\/avatar\\\/82faf979976f1bae889b8b71f8a0a7e5.jpg?ver=1777419741\",\"contentUrl\":\"https:\\\/\\\/vocesdelacomuna15.com.ar\\\/wp-content\\\/litespeed\\\/avatar\\\/82faf979976f1bae889b8b71f8a0a7e5.jpg?ver=1777419741\",\"caption\":\"Federico Arguto\"},\"url\":\"https:\\\/\\\/vocesdelacomuna15.com.ar\\\/press\\\/author\\\/fede\\\/\"}]}<\/script>\n<!-- \/ Yoast SEO plugin. -->","yoast_head_json":{"title":"3 de cada 10 alumnos de los sectores m\u00e1s favorecidos no alcanzan el nivel m\u00ednimo en Lectura - Voces de la Comuna 15","description":"Voces de la Comuna 15","robots":{"index":"index","follow":"follow","max-snippet":"max-snippet:-1","max-image-preview":"max-image-preview:large","max-video-preview":"max-video-preview:-1"},"canonical":"https:\/\/vocesdelacomuna15.com.ar\/press\/3-de-cada-10-alumnos-de-los-sectores-mas-favorecidos-no-alcanzan-el-nivel-minimo-en-lectura\/","og_locale":"es_ES","og_type":"article","og_title":"3 de cada 10 alumnos de los sectores m\u00e1s favorecidos no alcanzan el nivel m\u00ednimo en Lectura - Voces de la Comuna 15","og_description":"Voces de la Comuna 15","og_url":"https:\/\/vocesdelacomuna15.com.ar\/press\/3-de-cada-10-alumnos-de-los-sectores-mas-favorecidos-no-alcanzan-el-nivel-minimo-en-lectura\/","og_site_name":"Voces de la Comuna 15","article_publisher":"https:\/\/www.facebook.com\/VocesComuna15\/","article_published_time":"2024-03-21T15:40:42+00:00","article_modified_time":"2024-03-21T15:40:43+00:00","og_image":[{"width":536,"height":325,"url":"https:\/\/vocesdelacomuna15.com.ar\/wp-content\/uploads\/2024\/03\/G1RED.png","type":"image\/png"}],"author":"Federico Arguto","twitter_card":"summary_large_image","twitter_creator":"@vocescomuna15","twitter_site":"@vocescomuna15","twitter_misc":{"Escrito por":"Federico Arguto","Tiempo de lectura":"8 minutos"},"schema":{"@context":"https:\/\/schema.org","@graph":[{"@type":"Article","@id":"https:\/\/vocesdelacomuna15.com.ar\/press\/3-de-cada-10-alumnos-de-los-sectores-mas-favorecidos-no-alcanzan-el-nivel-minimo-en-lectura\/#article","isPartOf":{"@id":"https:\/\/vocesdelacomuna15.com.ar\/press\/3-de-cada-10-alumnos-de-los-sectores-mas-favorecidos-no-alcanzan-el-nivel-minimo-en-lectura\/"},"author":{"name":"Federico Arguto","@id":"https:\/\/vocesdelacomuna15.com.ar\/press\/#\/schema\/person\/4739e109db25d799cd3d139eeb509e43"},"headline":"3 de cada 10 alumnos de los sectores m\u00e1s favorecidos no alcanzan el nivel m\u00ednimo en Lectura","datePublished":"2024-03-21T15:40:42+00:00","dateModified":"2024-03-21T15:40:43+00:00","mainEntityOfPage":{"@id":"https:\/\/vocesdelacomuna15.com.ar\/press\/3-de-cada-10-alumnos-de-los-sectores-mas-favorecidos-no-alcanzan-el-nivel-minimo-en-lectura\/"},"wordCount":1580,"commentCount":0,"publisher":{"@id":"https:\/\/vocesdelacomuna15.com.ar\/press\/#organization"},"image":{"@id":"https:\/\/vocesdelacomuna15.com.ar\/press\/3-de-cada-10-alumnos-de-los-sectores-mas-favorecidos-no-alcanzan-el-nivel-minimo-en-lectura\/#primaryimage"},"thumbnailUrl":"https:\/\/vocesdelacomuna15.com.ar\/wp-content\/uploads\/2024\/03\/G1RED.png","articleSection":["Sociedad"],"inLanguage":"es-AR","potentialAction":[{"@type":"CommentAction","name":"Comment","target":["https:\/\/vocesdelacomuna15.com.ar\/press\/3-de-cada-10-alumnos-de-los-sectores-mas-favorecidos-no-alcanzan-el-nivel-minimo-en-lectura\/#respond"]}]},{"@type":"WebPage","@id":"https:\/\/vocesdelacomuna15.com.ar\/press\/3-de-cada-10-alumnos-de-los-sectores-mas-favorecidos-no-alcanzan-el-nivel-minimo-en-lectura\/","url":"https:\/\/vocesdelacomuna15.com.ar\/press\/3-de-cada-10-alumnos-de-los-sectores-mas-favorecidos-no-alcanzan-el-nivel-minimo-en-lectura\/","name":"3 de cada 10 alumnos de los sectores m\u00e1s favorecidos no alcanzan el nivel m\u00ednimo en Lectura - Voces de la Comuna 15","isPartOf":{"@id":"https:\/\/vocesdelacomuna15.com.ar\/press\/#website"},"primaryImageOfPage":{"@id":"https:\/\/vocesdelacomuna15.com.ar\/press\/3-de-cada-10-alumnos-de-los-sectores-mas-favorecidos-no-alcanzan-el-nivel-minimo-en-lectura\/#primaryimage"},"image":{"@id":"https:\/\/vocesdelacomuna15.com.ar\/press\/3-de-cada-10-alumnos-de-los-sectores-mas-favorecidos-no-alcanzan-el-nivel-minimo-en-lectura\/#primaryimage"},"thumbnailUrl":"https:\/\/vocesdelacomuna15.com.ar\/wp-content\/uploads\/2024\/03\/G1RED.png","datePublished":"2024-03-21T15:40:42+00:00","dateModified":"2024-03-21T15:40:43+00:00","description":"Voces de la Comuna 15","breadcrumb":{"@id":"https:\/\/vocesdelacomuna15.com.ar\/press\/3-de-cada-10-alumnos-de-los-sectores-mas-favorecidos-no-alcanzan-el-nivel-minimo-en-lectura\/#breadcrumb"},"inLanguage":"es-AR","potentialAction":[{"@type":"ReadAction","target":["https:\/\/vocesdelacomuna15.com.ar\/press\/3-de-cada-10-alumnos-de-los-sectores-mas-favorecidos-no-alcanzan-el-nivel-minimo-en-lectura\/"]}]},{"@type":"ImageObject","inLanguage":"es-AR","@id":"https:\/\/vocesdelacomuna15.com.ar\/press\/3-de-cada-10-alumnos-de-los-sectores-mas-favorecidos-no-alcanzan-el-nivel-minimo-en-lectura\/#primaryimage","url":"https:\/\/vocesdelacomuna15.com.ar\/wp-content\/uploads\/2024\/03\/G1RED.png","contentUrl":"https:\/\/vocesdelacomuna15.com.ar\/wp-content\/uploads\/2024\/03\/G1RED.png","width":536,"height":325},{"@type":"BreadcrumbList","@id":"https:\/\/vocesdelacomuna15.com.ar\/press\/3-de-cada-10-alumnos-de-los-sectores-mas-favorecidos-no-alcanzan-el-nivel-minimo-en-lectura\/#breadcrumb","itemListElement":[{"@type":"ListItem","position":1,"name":"Inicio","item":"https:\/\/vocesdelacomuna15.com.ar\/press\/"},{"@type":"ListItem","position":2,"name":"3 de cada 10 alumnos de los sectores m\u00e1s favorecidos no alcanzan el nivel m\u00ednimo en Lectura"}]},{"@type":"WebSite","@id":"https:\/\/vocesdelacomuna15.com.ar\/press\/#website","url":"https:\/\/vocesdelacomuna15.com.ar\/press\/","name":"Voces de la Comuna 15","description":"Sitio web de noticias","publisher":{"@id":"https:\/\/vocesdelacomuna15.com.ar\/press\/#organization"},"potentialAction":[{"@type":"SearchAction","target":{"@type":"EntryPoint","urlTemplate":"https:\/\/vocesdelacomuna15.com.ar\/press\/?s={search_term_string}"},"query-input":{"@type":"PropertyValueSpecification","valueRequired":true,"valueName":"search_term_string"}}],"inLanguage":"es-AR"},{"@type":"Organization","@id":"https:\/\/vocesdelacomuna15.com.ar\/press\/#organization","name":"Voces de la Comuna 15","url":"https:\/\/vocesdelacomuna15.com.ar\/press\/","logo":{"@type":"ImageObject","inLanguage":"es-AR","@id":"https:\/\/vocesdelacomuna15.com.ar\/press\/#\/schema\/logo\/image\/","url":"https:\/\/vocesdelacomuna15.com.ar\/wp-content\/uploads\/2024\/12\/cropped-logo_voces.jpg","contentUrl":"https:\/\/vocesdelacomuna15.com.ar\/wp-content\/uploads\/2024\/12\/cropped-logo_voces.jpg","width":512,"height":512,"caption":"Voces de la Comuna 15"},"image":{"@id":"https:\/\/vocesdelacomuna15.com.ar\/press\/#\/schema\/logo\/image\/"},"sameAs":["https:\/\/www.facebook.com\/VocesComuna15\/","https:\/\/x.com\/vocescomuna15"]},{"@type":"Person","@id":"https:\/\/vocesdelacomuna15.com.ar\/press\/#\/schema\/person\/4739e109db25d799cd3d139eeb509e43","name":"Federico Arguto","image":{"@type":"ImageObject","inLanguage":"es-AR","@id":"https:\/\/vocesdelacomuna15.com.ar\/wp-content\/litespeed\/avatar\/82faf979976f1bae889b8b71f8a0a7e5.jpg?ver=1777419741","url":"https:\/\/vocesdelacomuna15.com.ar\/wp-content\/litespeed\/avatar\/82faf979976f1bae889b8b71f8a0a7e5.jpg?ver=1777419741","contentUrl":"https:\/\/vocesdelacomuna15.com.ar\/wp-content\/litespeed\/avatar\/82faf979976f1bae889b8b71f8a0a7e5.jpg?ver=1777419741","caption":"Federico Arguto"},"url":"https:\/\/vocesdelacomuna15.com.ar\/press\/author\/fede\/"}]}},"_links":{"self":[{"href":"https:\/\/vocesdelacomuna15.com.ar\/press\/wp-json\/wp\/v2\/posts\/63227","targetHints":{"allow":["GET"]}}],"collection":[{"href":"https:\/\/vocesdelacomuna15.com.ar\/press\/wp-json\/wp\/v2\/posts"}],"about":[{"href":"https:\/\/vocesdelacomuna15.com.ar\/press\/wp-json\/wp\/v2\/types\/post"}],"author":[{"embeddable":true,"href":"https:\/\/vocesdelacomuna15.com.ar\/press\/wp-json\/wp\/v2\/users\/2"}],"replies":[{"embeddable":true,"href":"https:\/\/vocesdelacomuna15.com.ar\/press\/wp-json\/wp\/v2\/comments?post=63227"}],"version-history":[{"count":1,"href":"https:\/\/vocesdelacomuna15.com.ar\/press\/wp-json\/wp\/v2\/posts\/63227\/revisions"}],"predecessor-version":[{"id":63237,"href":"https:\/\/vocesdelacomuna15.com.ar\/press\/wp-json\/wp\/v2\/posts\/63227\/revisions\/63237"}],"wp:featuredmedia":[{"embeddable":true,"href":"https:\/\/vocesdelacomuna15.com.ar\/press\/wp-json\/wp\/v2\/media\/63228"}],"wp:attachment":[{"href":"https:\/\/vocesdelacomuna15.com.ar\/press\/wp-json\/wp\/v2\/media?parent=63227"}],"wp:term":[{"taxonomy":"category","embeddable":true,"href":"https:\/\/vocesdelacomuna15.com.ar\/press\/wp-json\/wp\/v2\/categories?post=63227"},{"taxonomy":"post_tag","embeddable":true,"href":"https:\/\/vocesdelacomuna15.com.ar\/press\/wp-json\/wp\/v2\/tags?post=63227"}],"curies":[{"name":"wp","href":"https:\/\/api.w.org\/{rel}","templated":true}]}}