{"id":63221,"date":"2024-03-20T15:41:58","date_gmt":"2024-03-20T18:41:58","guid":{"rendered":"https:\/\/vocesdelacomuna15.com.ar\/?p=63221"},"modified":"2024-03-20T15:45:14","modified_gmt":"2024-03-20T18:45:14","slug":"llego-a-la-ciudad-la-tormenta-supercelda-hay-alerta-naranja-y-mas-lluvias","status":"publish","type":"post","link":"https:\/\/vocesdelacomuna15.com.ar\/press\/llego-a-la-ciudad-la-tormenta-supercelda-hay-alerta-naranja-y-mas-lluvias\/","title":{"rendered":"Lleg\u00f3 a la Ciudad la tormenta supercelda: hay alerta naranja y m\u00e1s lluvias"},"content":{"rendered":"\n<p>Rige en CABA el alerta meteorol\u00f3gico. Hubo adem\u00e1s un masivo corte de electricidad por la tormenta, siendo Villa Crespo uno de los barrios m\u00e1s afectados. En Agronom\u00eda llovi\u00f3 mas de 100 mm<\/p>\n\n\n\n<p>El Servicio Meteorol\u00f3gico Nacional emiti\u00f3 alerta naranja para todo el d\u00eda por la tormenta supercelda que afecta al \u00c1rea Metropolitana de Buenos Aires (AMBA), que ya caus\u00f3 importantes destrozos en su paso anterior por el interior de la Provincia de Buenos Aires, con ca\u00edda de granizo y r\u00e1fagas de alta intensidad, dejando adem\u00e1s zonas inundadas.<\/p>\n\n\n\n<p>Este tipo de tormenta se caracteriza por su larga duraci\u00f3n y su caracter\u00edstica estructura rotativa. La principal preocupaci\u00f3n es la posible ca\u00edda de granizo, que dependiendo de su tama\u00f1o puede causar importantes da\u00f1os. En ciertas zonas del AMBA las r\u00e1fagas de viento podr\u00edan superar los 100 km\/h, lo que puede derribar tanto \u00e1rboles como l\u00edneas el\u00e9ctricas. Se recomienda a la poblaci\u00f3n, en lo posible, quedarse en el interior de edificios o casas, alejados de las ventanas y siempre estando atentos a las alertas y actualizaciones del <a href=\"https:\/\/www.smn.gob.ar\/alertas\">Servicio Meteorol\u00f3gico Nacional<\/a>. &nbsp;<\/p>\n\n\n\n<p>Se espera que hoy llueva durante todo el d\u00eda en CABA y el conurbano bonaerense y que esta se extienda hasta la madrugada del jueves 21 de marzo. El Servicio Meteorol\u00f3gico Nacional prev\u00e9 que baje la temperatura tras la tormenta, por lo que el jueves se espera una m\u00ednima de 14\u00b0 y una m\u00e1xima de 19\u00b0.<\/p>\n\n\n\n<p>La lluvia, que gener\u00f3 demoras y cancelaciones de vuelos en el aeropuerto de Ezeiza, casu\u00f3 en la Ciudad cortes de luz, calles anegadas y problemas de transporte. De acuerdo a datos oficiales del gobierno porte\u00f1o, la tormenta super\u00f3 los 100 mm en Agronom\u00eda, Saavedra y Palermo, por lo que el Gobierno de la Ciudad hizo m\u00e1s intensas las tareas de control de anegamientos y desobstrucci\u00f3n de pluviales en todos los barrios porte\u00f1os. Se inform\u00f3 que hay 15 equipos con camiones distribuidos en cada comuna y que se desplazaron 19 m\u00f3viles en los barrios para controlar y desobstruir pluviales. Se encuentran trabajando 100 personas de la Direcci\u00f3n de Pluviales y 30 cuadrillas de arbolado en las calles. Los equipos del Sistema de Emergencias est\u00e1n en alerta y los agentes de tr\u00e1nsito se trasladaron a los Pasos Bajo Nivel para el control del escurrimiento del agua. Se hicieron cortes preventivos en los Pasos Bajo Nivel Mosconi y Tronador debido a anegamientos y se reportaron \u00e1rboles y ramas obstruyendo la v\u00eda p\u00fablica en distintos puntos de la Ciudad, donde agentes del gobierno porte\u00f1o fueron enviados a resolver los incidentes.<\/p>\n\n\n\n<p>En cuanto a los cortes de electricidad generados por la tormenta, a las 9 de la ma\u00f1ana el Ente Nacional Regulador de la Energ\u00eda (ENRE) detall\u00f3 que 32.667 clientes de EDESUR y 12.965 de EDENOR estaban sin servicio. En CABA Villa Crespo era el barrio m\u00e1s afectado, seguido por Barracas, Flores y Recoleta. En tanto en el Gran Buenos Aires los partidos m\u00e1s afectados eran La Matanza, San Fernando, Tigre, Ca\u00f1uelas, Lomas de Zamora, Esteban Echeverr\u00eda, Ezeiza, Avellaneda y Almirante Brown. Cerca de las 12 horas, m\u00e1s de 100.000 usuarios se encontraban sin luz en todo el AMBA, estando la mayor\u00eda de los afectados en el sur del conurbano bonaerense.<\/p>\n\n\n\n<p><\/p>\n\n\n\n<p>Foto: \u00c1mbito (Por Mariano Fuchila)<\/p>\n<div class=\"pvc_clear\"><\/div><p id=\"pvc_stats_63221\" class=\"pvc_stats all  \" data-element-id=\"63221\" style=\"\"><i class=\"pvc-stats-icon small\" aria-hidden=\"true\"><svg aria-hidden=\"true\" focusable=\"false\" data-prefix=\"far\" data-icon=\"chart-bar\" role=\"img\" xmlns=\"http:\/\/www.w3.org\/2000\/svg\" viewBox=\"0 0 512 512\" class=\"svg-inline--fa fa-chart-bar fa-w-16 fa-2x\"><path fill=\"currentColor\" d=\"M396.8 352h22.4c6.4 0 12.8-6.4 12.8-12.8V108.8c0-6.4-6.4-12.8-12.8-12.8h-22.4c-6.4 0-12.8 6.4-12.8 12.8v230.4c0 6.4 6.4 12.8 12.8 12.8zm-192 0h22.4c6.4 0 12.8-6.4 12.8-12.8V140.8c0-6.4-6.4-12.8-12.8-12.8h-22.4c-6.4 0-12.8 6.4-12.8 12.8v198.4c0 6.4 6.4 12.8 12.8 12.8zm96 0h22.4c6.4 0 12.8-6.4 12.8-12.8V204.8c0-6.4-6.4-12.8-12.8-12.8h-22.4c-6.4 0-12.8 6.4-12.8 12.8v134.4c0 6.4 6.4 12.8 12.8 12.8zM496 400H48V80c0-8.84-7.16-16-16-16H16C7.16 64 0 71.16 0 80v336c0 17.67 14.33 32 32 32h464c8.84 0 16-7.16 16-16v-16c0-8.84-7.16-16-16-16zm-387.2-48h22.4c6.4 0 12.8-6.4 12.8-12.8v-70.4c0-6.4-6.4-12.8-12.8-12.8h-22.4c-6.4 0-12.8 6.4-12.8 12.8v70.4c0 6.4 6.4 12.8 12.8 12.8z\" class=\"\"><\/path><\/svg><\/i> <img loading=\"lazy\" decoding=\"async\" width=\"16\" height=\"16\" alt=\"Loading\" src=\"https:\/\/vocesdelacomuna15.com.ar\/wp-content\/plugins\/page-views-count\/ajax-loader-2x.gif\" border=0 \/><\/p><div class=\"pvc_clear\"><\/div>","protected":false},"excerpt":{"rendered":"<p>Rige en CABA el alerta meteorol\u00f3gico. Hubo adem\u00e1s un masivo corte de electricidad por la tormenta, siendo Villa Crespo uno de los barrios m\u00e1s afectados. En Agronom\u00eda llovi\u00f3 mas de 100 mm El Servicio Meteorol\u00f3gico Nacional emiti\u00f3 alerta naranja para todo el d\u00eda por la tormenta supercelda que afecta al \u00c1rea Metropolitana de Buenos Aires [&hellip;]<\/p>\n<div class=\"pvc_clear\"><\/div>\n<p id=\"pvc_stats_63221\" class=\"pvc_stats all  \" data-element-id=\"63221\" style=\"\"><i class=\"pvc-stats-icon small\" aria-hidden=\"true\"><svg aria-hidden=\"true\" focusable=\"false\" data-prefix=\"far\" data-icon=\"chart-bar\" role=\"img\" xmlns=\"http:\/\/www.w3.org\/2000\/svg\" viewBox=\"0 0 512 512\" class=\"svg-inline--fa fa-chart-bar fa-w-16 fa-2x\"><path fill=\"currentColor\" d=\"M396.8 352h22.4c6.4 0 12.8-6.4 12.8-12.8V108.8c0-6.4-6.4-12.8-12.8-12.8h-22.4c-6.4 0-12.8 6.4-12.8 12.8v230.4c0 6.4 6.4 12.8 12.8 12.8zm-192 0h22.4c6.4 0 12.8-6.4 12.8-12.8V140.8c0-6.4-6.4-12.8-12.8-12.8h-22.4c-6.4 0-12.8 6.4-12.8 12.8v198.4c0 6.4 6.4 12.8 12.8 12.8zm96 0h22.4c6.4 0 12.8-6.4 12.8-12.8V204.8c0-6.4-6.4-12.8-12.8-12.8h-22.4c-6.4 0-12.8 6.4-12.8 12.8v134.4c0 6.4 6.4 12.8 12.8 12.8zM496 400H48V80c0-8.84-7.16-16-16-16H16C7.16 64 0 71.16 0 80v336c0 17.67 14.33 32 32 32h464c8.84 0 16-7.16 16-16v-16c0-8.84-7.16-16-16-16zm-387.2-48h22.4c6.4 0 12.8-6.4 12.8-12.8v-70.4c0-6.4-6.4-12.8-12.8-12.8h-22.4c-6.4 0-12.8 6.4-12.8 12.8v70.4c0 6.4 6.4 12.8 12.8 12.8z\" class=\"\"><\/path><\/svg><\/i> <img loading=\"lazy\" decoding=\"async\" width=\"16\" height=\"16\" alt=\"Loading\" src=\"https:\/\/vocesdelacomuna15.com.ar\/wp-content\/plugins\/page-views-count\/ajax-loader-2x.gif\" border=0 \/><\/p>\n<div class=\"pvc_clear\"><\/div>\n","protected":false},"author":2,"featured_media":63222,"comment_status":"open","ping_status":"open","sticky":false,"template":"","format":"standard","meta":{"_et_pb_use_builder":"off","_et_pb_old_content":"","_et_gb_content_width":"","footnotes":""},"categories":[8],"tags":[],"class_list":["post-63221","post","type-post","status-publish","format-standard","has-post-thumbnail","hentry","category-sociedad","et-has-post-format-content","et_post_format-et-post-format-standard"],"a3_pvc":{"activated":true,"total_views":114,"today_views":0},"yoast_head":"<!-- This site is optimized with the Yoast SEO plugin v27.5 - https:\/\/yoast.com\/product\/yoast-seo-wordpress\/ -->\n<title>Lleg\u00f3 a la Ciudad la tormenta supercelda: hay alerta naranja y m\u00e1s lluvias - Voces de la Comuna 15<\/title>\n<meta name=\"description\" content=\"Voces de la Comuna 15\" \/>\n<meta name=\"robots\" content=\"index, follow, max-snippet:-1, max-image-preview:large, max-video-preview:-1\" \/>\n<link rel=\"canonical\" href=\"https:\/\/vocesdelacomuna15.com.ar\/press\/llego-a-la-ciudad-la-tormenta-supercelda-hay-alerta-naranja-y-mas-lluvias\/\" \/>\n<meta property=\"og:locale\" content=\"es_ES\" \/>\n<meta property=\"og:type\" content=\"article\" \/>\n<meta property=\"og:title\" content=\"Lleg\u00f3 a la Ciudad la tormenta supercelda: hay alerta naranja y m\u00e1s lluvias - Voces de la Comuna 15\" \/>\n<meta property=\"og:description\" content=\"Voces de la Comuna 15\" \/>\n<meta property=\"og:url\" content=\"https:\/\/vocesdelacomuna15.com.ar\/press\/llego-a-la-ciudad-la-tormenta-supercelda-hay-alerta-naranja-y-mas-lluvias\/\" \/>\n<meta property=\"og:site_name\" content=\"Voces de la Comuna 15\" \/>\n<meta property=\"article:publisher\" content=\"https:\/\/www.facebook.com\/VocesComuna15\/\" \/>\n<meta property=\"article:published_time\" content=\"2024-03-20T18:41:58+00:00\" \/>\n<meta property=\"article:modified_time\" content=\"2024-03-20T18:45:14+00:00\" \/>\n<meta property=\"og:image\" content=\"https:\/\/vocesdelacomuna15.com.ar\/wp-content\/uploads\/2024\/03\/tormenta.png\" \/>\n\t<meta property=\"og:image:width\" content=\"742\" \/>\n\t<meta property=\"og:image:height\" content=\"420\" \/>\n\t<meta property=\"og:image:type\" content=\"image\/png\" \/>\n<meta name=\"author\" content=\"Federico Arguto\" \/>\n<meta name=\"twitter:card\" content=\"summary_large_image\" \/>\n<meta name=\"twitter:creator\" content=\"@vocescomuna15\" \/>\n<meta name=\"twitter:site\" content=\"@vocescomuna15\" \/>\n<meta name=\"twitter:label1\" content=\"Escrito por\" \/>\n\t<meta name=\"twitter:data1\" content=\"Federico Arguto\" \/>\n\t<meta name=\"twitter:label2\" content=\"Tiempo de lectura\" \/>\n\t<meta name=\"twitter:data2\" content=\"3 minutos\" \/>\n<script type=\"application\/ld+json\" class=\"yoast-schema-graph\">{\"@context\":\"https:\\\/\\\/schema.org\",\"@graph\":[{\"@type\":\"Article\",\"@id\":\"https:\\\/\\\/vocesdelacomuna15.com.ar\\\/press\\\/llego-a-la-ciudad-la-tormenta-supercelda-hay-alerta-naranja-y-mas-lluvias\\\/#article\",\"isPartOf\":{\"@id\":\"https:\\\/\\\/vocesdelacomuna15.com.ar\\\/press\\\/llego-a-la-ciudad-la-tormenta-supercelda-hay-alerta-naranja-y-mas-lluvias\\\/\"},\"author\":{\"name\":\"Federico Arguto\",\"@id\":\"https:\\\/\\\/vocesdelacomuna15.com.ar\\\/press\\\/#\\\/schema\\\/person\\\/4739e109db25d799cd3d139eeb509e43\"},\"headline\":\"Lleg\u00f3 a la Ciudad la tormenta supercelda: hay alerta naranja y m\u00e1s lluvias\",\"datePublished\":\"2024-03-20T18:41:58+00:00\",\"dateModified\":\"2024-03-20T18:45:14+00:00\",\"mainEntityOfPage\":{\"@id\":\"https:\\\/\\\/vocesdelacomuna15.com.ar\\\/press\\\/llego-a-la-ciudad-la-tormenta-supercelda-hay-alerta-naranja-y-mas-lluvias\\\/\"},\"wordCount\":579,\"commentCount\":0,\"publisher\":{\"@id\":\"https:\\\/\\\/vocesdelacomuna15.com.ar\\\/press\\\/#organization\"},\"image\":{\"@id\":\"https:\\\/\\\/vocesdelacomuna15.com.ar\\\/press\\\/llego-a-la-ciudad-la-tormenta-supercelda-hay-alerta-naranja-y-mas-lluvias\\\/#primaryimage\"},\"thumbnailUrl\":\"https:\\\/\\\/vocesdelacomuna15.com.ar\\\/wp-content\\\/uploads\\\/2024\\\/03\\\/tormenta.png\",\"articleSection\":[\"Sociedad\"],\"inLanguage\":\"es-AR\",\"potentialAction\":[{\"@type\":\"CommentAction\",\"name\":\"Comment\",\"target\":[\"https:\\\/\\\/vocesdelacomuna15.com.ar\\\/press\\\/llego-a-la-ciudad-la-tormenta-supercelda-hay-alerta-naranja-y-mas-lluvias\\\/#respond\"]}]},{\"@type\":\"WebPage\",\"@id\":\"https:\\\/\\\/vocesdelacomuna15.com.ar\\\/press\\\/llego-a-la-ciudad-la-tormenta-supercelda-hay-alerta-naranja-y-mas-lluvias\\\/\",\"url\":\"https:\\\/\\\/vocesdelacomuna15.com.ar\\\/press\\\/llego-a-la-ciudad-la-tormenta-supercelda-hay-alerta-naranja-y-mas-lluvias\\\/\",\"name\":\"Lleg\u00f3 a la Ciudad la tormenta supercelda: hay alerta naranja y m\u00e1s lluvias - Voces de la Comuna 15\",\"isPartOf\":{\"@id\":\"https:\\\/\\\/vocesdelacomuna15.com.ar\\\/press\\\/#website\"},\"primaryImageOfPage\":{\"@id\":\"https:\\\/\\\/vocesdelacomuna15.com.ar\\\/press\\\/llego-a-la-ciudad-la-tormenta-supercelda-hay-alerta-naranja-y-mas-lluvias\\\/#primaryimage\"},\"image\":{\"@id\":\"https:\\\/\\\/vocesdelacomuna15.com.ar\\\/press\\\/llego-a-la-ciudad-la-tormenta-supercelda-hay-alerta-naranja-y-mas-lluvias\\\/#primaryimage\"},\"thumbnailUrl\":\"https:\\\/\\\/vocesdelacomuna15.com.ar\\\/wp-content\\\/uploads\\\/2024\\\/03\\\/tormenta.png\",\"datePublished\":\"2024-03-20T18:41:58+00:00\",\"dateModified\":\"2024-03-20T18:45:14+00:00\",\"description\":\"Voces de la Comuna 15\",\"breadcrumb\":{\"@id\":\"https:\\\/\\\/vocesdelacomuna15.com.ar\\\/press\\\/llego-a-la-ciudad-la-tormenta-supercelda-hay-alerta-naranja-y-mas-lluvias\\\/#breadcrumb\"},\"inLanguage\":\"es-AR\",\"potentialAction\":[{\"@type\":\"ReadAction\",\"target\":[\"https:\\\/\\\/vocesdelacomuna15.com.ar\\\/press\\\/llego-a-la-ciudad-la-tormenta-supercelda-hay-alerta-naranja-y-mas-lluvias\\\/\"]}]},{\"@type\":\"ImageObject\",\"inLanguage\":\"es-AR\",\"@id\":\"https:\\\/\\\/vocesdelacomuna15.com.ar\\\/press\\\/llego-a-la-ciudad-la-tormenta-supercelda-hay-alerta-naranja-y-mas-lluvias\\\/#primaryimage\",\"url\":\"https:\\\/\\\/vocesdelacomuna15.com.ar\\\/wp-content\\\/uploads\\\/2024\\\/03\\\/tormenta.png\",\"contentUrl\":\"https:\\\/\\\/vocesdelacomuna15.com.ar\\\/wp-content\\\/uploads\\\/2024\\\/03\\\/tormenta.png\",\"width\":742,\"height\":420},{\"@type\":\"BreadcrumbList\",\"@id\":\"https:\\\/\\\/vocesdelacomuna15.com.ar\\\/press\\\/llego-a-la-ciudad-la-tormenta-supercelda-hay-alerta-naranja-y-mas-lluvias\\\/#breadcrumb\",\"itemListElement\":[{\"@type\":\"ListItem\",\"position\":1,\"name\":\"Inicio\",\"item\":\"https:\\\/\\\/vocesdelacomuna15.com.ar\\\/press\\\/\"},{\"@type\":\"ListItem\",\"position\":2,\"name\":\"Lleg\u00f3 a la Ciudad la tormenta supercelda: hay alerta naranja y m\u00e1s lluvias\"}]},{\"@type\":\"WebSite\",\"@id\":\"https:\\\/\\\/vocesdelacomuna15.com.ar\\\/press\\\/#website\",\"url\":\"https:\\\/\\\/vocesdelacomuna15.com.ar\\\/press\\\/\",\"name\":\"Voces de la Comuna 15\",\"description\":\"Sitio web de noticias\",\"publisher\":{\"@id\":\"https:\\\/\\\/vocesdelacomuna15.com.ar\\\/press\\\/#organization\"},\"potentialAction\":[{\"@type\":\"SearchAction\",\"target\":{\"@type\":\"EntryPoint\",\"urlTemplate\":\"https:\\\/\\\/vocesdelacomuna15.com.ar\\\/press\\\/?s={search_term_string}\"},\"query-input\":{\"@type\":\"PropertyValueSpecification\",\"valueRequired\":true,\"valueName\":\"search_term_string\"}}],\"inLanguage\":\"es-AR\"},{\"@type\":\"Organization\",\"@id\":\"https:\\\/\\\/vocesdelacomuna15.com.ar\\\/press\\\/#organization\",\"name\":\"Voces de la Comuna 15\",\"url\":\"https:\\\/\\\/vocesdelacomuna15.com.ar\\\/press\\\/\",\"logo\":{\"@type\":\"ImageObject\",\"inLanguage\":\"es-AR\",\"@id\":\"https:\\\/\\\/vocesdelacomuna15.com.ar\\\/press\\\/#\\\/schema\\\/logo\\\/image\\\/\",\"url\":\"https:\\\/\\\/vocesdelacomuna15.com.ar\\\/wp-content\\\/uploads\\\/2024\\\/12\\\/cropped-logo_voces.jpg\",\"contentUrl\":\"https:\\\/\\\/vocesdelacomuna15.com.ar\\\/wp-content\\\/uploads\\\/2024\\\/12\\\/cropped-logo_voces.jpg\",\"width\":512,\"height\":512,\"caption\":\"Voces de la Comuna 15\"},\"image\":{\"@id\":\"https:\\\/\\\/vocesdelacomuna15.com.ar\\\/press\\\/#\\\/schema\\\/logo\\\/image\\\/\"},\"sameAs\":[\"https:\\\/\\\/www.facebook.com\\\/VocesComuna15\\\/\",\"https:\\\/\\\/x.com\\\/vocescomuna15\"]},{\"@type\":\"Person\",\"@id\":\"https:\\\/\\\/vocesdelacomuna15.com.ar\\\/press\\\/#\\\/schema\\\/person\\\/4739e109db25d799cd3d139eeb509e43\",\"name\":\"Federico Arguto\",\"image\":{\"@type\":\"ImageObject\",\"inLanguage\":\"es-AR\",\"@id\":\"https:\\\/\\\/vocesdelacomuna15.com.ar\\\/wp-content\\\/litespeed\\\/avatar\\\/82faf979976f1bae889b8b71f8a0a7e5.jpg?ver=1777419741\",\"url\":\"https:\\\/\\\/vocesdelacomuna15.com.ar\\\/wp-content\\\/litespeed\\\/avatar\\\/82faf979976f1bae889b8b71f8a0a7e5.jpg?ver=1777419741\",\"contentUrl\":\"https:\\\/\\\/vocesdelacomuna15.com.ar\\\/wp-content\\\/litespeed\\\/avatar\\\/82faf979976f1bae889b8b71f8a0a7e5.jpg?ver=1777419741\",\"caption\":\"Federico Arguto\"},\"url\":\"https:\\\/\\\/vocesdelacomuna15.com.ar\\\/press\\\/author\\\/fede\\\/\"}]}<\/script>\n<!-- \/ Yoast SEO plugin. -->","yoast_head_json":{"title":"Lleg\u00f3 a la Ciudad la tormenta supercelda: hay alerta naranja y m\u00e1s lluvias - Voces de la Comuna 15","description":"Voces de la Comuna 15","robots":{"index":"index","follow":"follow","max-snippet":"max-snippet:-1","max-image-preview":"max-image-preview:large","max-video-preview":"max-video-preview:-1"},"canonical":"https:\/\/vocesdelacomuna15.com.ar\/press\/llego-a-la-ciudad-la-tormenta-supercelda-hay-alerta-naranja-y-mas-lluvias\/","og_locale":"es_ES","og_type":"article","og_title":"Lleg\u00f3 a la Ciudad la tormenta supercelda: hay alerta naranja y m\u00e1s lluvias - Voces de la Comuna 15","og_description":"Voces de la Comuna 15","og_url":"https:\/\/vocesdelacomuna15.com.ar\/press\/llego-a-la-ciudad-la-tormenta-supercelda-hay-alerta-naranja-y-mas-lluvias\/","og_site_name":"Voces de la Comuna 15","article_publisher":"https:\/\/www.facebook.com\/VocesComuna15\/","article_published_time":"2024-03-20T18:41:58+00:00","article_modified_time":"2024-03-20T18:45:14+00:00","og_image":[{"width":742,"height":420,"url":"https:\/\/vocesdelacomuna15.com.ar\/wp-content\/uploads\/2024\/03\/tormenta.png","type":"image\/png"}],"author":"Federico Arguto","twitter_card":"summary_large_image","twitter_creator":"@vocescomuna15","twitter_site":"@vocescomuna15","twitter_misc":{"Escrito por":"Federico Arguto","Tiempo de lectura":"3 minutos"},"schema":{"@context":"https:\/\/schema.org","@graph":[{"@type":"Article","@id":"https:\/\/vocesdelacomuna15.com.ar\/press\/llego-a-la-ciudad-la-tormenta-supercelda-hay-alerta-naranja-y-mas-lluvias\/#article","isPartOf":{"@id":"https:\/\/vocesdelacomuna15.com.ar\/press\/llego-a-la-ciudad-la-tormenta-supercelda-hay-alerta-naranja-y-mas-lluvias\/"},"author":{"name":"Federico Arguto","@id":"https:\/\/vocesdelacomuna15.com.ar\/press\/#\/schema\/person\/4739e109db25d799cd3d139eeb509e43"},"headline":"Lleg\u00f3 a la Ciudad la tormenta supercelda: hay alerta naranja y m\u00e1s lluvias","datePublished":"2024-03-20T18:41:58+00:00","dateModified":"2024-03-20T18:45:14+00:00","mainEntityOfPage":{"@id":"https:\/\/vocesdelacomuna15.com.ar\/press\/llego-a-la-ciudad-la-tormenta-supercelda-hay-alerta-naranja-y-mas-lluvias\/"},"wordCount":579,"commentCount":0,"publisher":{"@id":"https:\/\/vocesdelacomuna15.com.ar\/press\/#organization"},"image":{"@id":"https:\/\/vocesdelacomuna15.com.ar\/press\/llego-a-la-ciudad-la-tormenta-supercelda-hay-alerta-naranja-y-mas-lluvias\/#primaryimage"},"thumbnailUrl":"https:\/\/vocesdelacomuna15.com.ar\/wp-content\/uploads\/2024\/03\/tormenta.png","articleSection":["Sociedad"],"inLanguage":"es-AR","potentialAction":[{"@type":"CommentAction","name":"Comment","target":["https:\/\/vocesdelacomuna15.com.ar\/press\/llego-a-la-ciudad-la-tormenta-supercelda-hay-alerta-naranja-y-mas-lluvias\/#respond"]}]},{"@type":"WebPage","@id":"https:\/\/vocesdelacomuna15.com.ar\/press\/llego-a-la-ciudad-la-tormenta-supercelda-hay-alerta-naranja-y-mas-lluvias\/","url":"https:\/\/vocesdelacomuna15.com.ar\/press\/llego-a-la-ciudad-la-tormenta-supercelda-hay-alerta-naranja-y-mas-lluvias\/","name":"Lleg\u00f3 a la Ciudad la tormenta supercelda: hay alerta naranja y m\u00e1s lluvias - Voces de la Comuna 15","isPartOf":{"@id":"https:\/\/vocesdelacomuna15.com.ar\/press\/#website"},"primaryImageOfPage":{"@id":"https:\/\/vocesdelacomuna15.com.ar\/press\/llego-a-la-ciudad-la-tormenta-supercelda-hay-alerta-naranja-y-mas-lluvias\/#primaryimage"},"image":{"@id":"https:\/\/vocesdelacomuna15.com.ar\/press\/llego-a-la-ciudad-la-tormenta-supercelda-hay-alerta-naranja-y-mas-lluvias\/#primaryimage"},"thumbnailUrl":"https:\/\/vocesdelacomuna15.com.ar\/wp-content\/uploads\/2024\/03\/tormenta.png","datePublished":"2024-03-20T18:41:58+00:00","dateModified":"2024-03-20T18:45:14+00:00","description":"Voces de la Comuna 15","breadcrumb":{"@id":"https:\/\/vocesdelacomuna15.com.ar\/press\/llego-a-la-ciudad-la-tormenta-supercelda-hay-alerta-naranja-y-mas-lluvias\/#breadcrumb"},"inLanguage":"es-AR","potentialAction":[{"@type":"ReadAction","target":["https:\/\/vocesdelacomuna15.com.ar\/press\/llego-a-la-ciudad-la-tormenta-supercelda-hay-alerta-naranja-y-mas-lluvias\/"]}]},{"@type":"ImageObject","inLanguage":"es-AR","@id":"https:\/\/vocesdelacomuna15.com.ar\/press\/llego-a-la-ciudad-la-tormenta-supercelda-hay-alerta-naranja-y-mas-lluvias\/#primaryimage","url":"https:\/\/vocesdelacomuna15.com.ar\/wp-content\/uploads\/2024\/03\/tormenta.png","contentUrl":"https:\/\/vocesdelacomuna15.com.ar\/wp-content\/uploads\/2024\/03\/tormenta.png","width":742,"height":420},{"@type":"BreadcrumbList","@id":"https:\/\/vocesdelacomuna15.com.ar\/press\/llego-a-la-ciudad-la-tormenta-supercelda-hay-alerta-naranja-y-mas-lluvias\/#breadcrumb","itemListElement":[{"@type":"ListItem","position":1,"name":"Inicio","item":"https:\/\/vocesdelacomuna15.com.ar\/press\/"},{"@type":"ListItem","position":2,"name":"Lleg\u00f3 a la Ciudad la tormenta supercelda: hay alerta naranja y m\u00e1s lluvias"}]},{"@type":"WebSite","@id":"https:\/\/vocesdelacomuna15.com.ar\/press\/#website","url":"https:\/\/vocesdelacomuna15.com.ar\/press\/","name":"Voces de la Comuna 15","description":"Sitio web de noticias","publisher":{"@id":"https:\/\/vocesdelacomuna15.com.ar\/press\/#organization"},"potentialAction":[{"@type":"SearchAction","target":{"@type":"EntryPoint","urlTemplate":"https:\/\/vocesdelacomuna15.com.ar\/press\/?s={search_term_string}"},"query-input":{"@type":"PropertyValueSpecification","valueRequired":true,"valueName":"search_term_string"}}],"inLanguage":"es-AR"},{"@type":"Organization","@id":"https:\/\/vocesdelacomuna15.com.ar\/press\/#organization","name":"Voces de la Comuna 15","url":"https:\/\/vocesdelacomuna15.com.ar\/press\/","logo":{"@type":"ImageObject","inLanguage":"es-AR","@id":"https:\/\/vocesdelacomuna15.com.ar\/press\/#\/schema\/logo\/image\/","url":"https:\/\/vocesdelacomuna15.com.ar\/wp-content\/uploads\/2024\/12\/cropped-logo_voces.jpg","contentUrl":"https:\/\/vocesdelacomuna15.com.ar\/wp-content\/uploads\/2024\/12\/cropped-logo_voces.jpg","width":512,"height":512,"caption":"Voces de la Comuna 15"},"image":{"@id":"https:\/\/vocesdelacomuna15.com.ar\/press\/#\/schema\/logo\/image\/"},"sameAs":["https:\/\/www.facebook.com\/VocesComuna15\/","https:\/\/x.com\/vocescomuna15"]},{"@type":"Person","@id":"https:\/\/vocesdelacomuna15.com.ar\/press\/#\/schema\/person\/4739e109db25d799cd3d139eeb509e43","name":"Federico Arguto","image":{"@type":"ImageObject","inLanguage":"es-AR","@id":"https:\/\/vocesdelacomuna15.com.ar\/wp-content\/litespeed\/avatar\/82faf979976f1bae889b8b71f8a0a7e5.jpg?ver=1777419741","url":"https:\/\/vocesdelacomuna15.com.ar\/wp-content\/litespeed\/avatar\/82faf979976f1bae889b8b71f8a0a7e5.jpg?ver=1777419741","contentUrl":"https:\/\/vocesdelacomuna15.com.ar\/wp-content\/litespeed\/avatar\/82faf979976f1bae889b8b71f8a0a7e5.jpg?ver=1777419741","caption":"Federico Arguto"},"url":"https:\/\/vocesdelacomuna15.com.ar\/press\/author\/fede\/"}]}},"_links":{"self":[{"href":"https:\/\/vocesdelacomuna15.com.ar\/press\/wp-json\/wp\/v2\/posts\/63221","targetHints":{"allow":["GET"]}}],"collection":[{"href":"https:\/\/vocesdelacomuna15.com.ar\/press\/wp-json\/wp\/v2\/posts"}],"about":[{"href":"https:\/\/vocesdelacomuna15.com.ar\/press\/wp-json\/wp\/v2\/types\/post"}],"author":[{"embeddable":true,"href":"https:\/\/vocesdelacomuna15.com.ar\/press\/wp-json\/wp\/v2\/users\/2"}],"replies":[{"embeddable":true,"href":"https:\/\/vocesdelacomuna15.com.ar\/press\/wp-json\/wp\/v2\/comments?post=63221"}],"version-history":[{"count":4,"href":"https:\/\/vocesdelacomuna15.com.ar\/press\/wp-json\/wp\/v2\/posts\/63221\/revisions"}],"predecessor-version":[{"id":63226,"href":"https:\/\/vocesdelacomuna15.com.ar\/press\/wp-json\/wp\/v2\/posts\/63221\/revisions\/63226"}],"wp:featuredmedia":[{"embeddable":true,"href":"https:\/\/vocesdelacomuna15.com.ar\/press\/wp-json\/wp\/v2\/media\/63222"}],"wp:attachment":[{"href":"https:\/\/vocesdelacomuna15.com.ar\/press\/wp-json\/wp\/v2\/media?parent=63221"}],"wp:term":[{"taxonomy":"category","embeddable":true,"href":"https:\/\/vocesdelacomuna15.com.ar\/press\/wp-json\/wp\/v2\/categories?post=63221"},{"taxonomy":"post_tag","embeddable":true,"href":"https:\/\/vocesdelacomuna15.com.ar\/press\/wp-json\/wp\/v2\/tags?post=63221"}],"curies":[{"name":"wp","href":"https:\/\/api.w.org\/{rel}","templated":true}]}}