{"id":63202,"date":"2024-03-20T13:34:22","date_gmt":"2024-03-20T16:34:22","guid":{"rendered":"https:\/\/vocesdelacomuna15.com.ar\/?p=63202"},"modified":"2024-03-20T14:52:34","modified_gmt":"2024-03-20T17:52:34","slug":"argentinos-goleo-y-sigue-en-la-punta-de-su-grupo-en-la-copa-de-la-liga","status":"publish","type":"post","link":"https:\/\/vocesdelacomuna15.com.ar\/press\/argentinos-goleo-y-sigue-en-la-punta-de-su-grupo-en-la-copa-de-la-liga\/","title":{"rendered":"Argentinos gole\u00f3 y sigue en la punta de su grupo en la Copa de la Liga"},"content":{"rendered":"\n<p>Fue 3-0 a Rosario Central en La Paternal<\/p>\n\n\n\n<p>En la lluviosa noche de ayer, Argentinos Juniors dio una lecci\u00f3n de f\u00fatbol a Rosario Central en el Diego Armando Maradona. Impuso su juego de toque de principio a fin y pudo haberlo ganado incluso por mayor diferencia. Con la victoria extendi\u00f3 su racha de triunfos como local a 6 partidos y sigue siendo uno de los l\u00edderes de la Zona A de la Copa de la Liga, junto a River y V\u00e9lez, con 21 puntos. El cuarto clasificado del grupo es por ahora Talleres con 19 puntos, que aventaja por diferencia de gol a Barracas Central, con las mismas unidades. Restan s\u00f3lo 3 fechas para que se defina la clasificaci\u00f3n para la etapa final del certamen. En tanto, en la Zona B los clasificados por el momento son Godoy Cruz, Lan\u00fas, Estudiantes y Newell\u00b4s.<\/p>\n\n\n\n<figure class=\"wp-block-image size-large\"><img loading=\"lazy\" decoding=\"async\" width=\"1024\" height=\"768\" src=\"https:\/\/vocesdelacomuna15.com.ar\/wp-content\/uploads\/2024\/03\/4-1024x768.jpg\" alt=\"\" class=\"wp-image-63204\" srcset=\"https:\/\/vocesdelacomuna15.com.ar\/wp-content\/uploads\/2024\/03\/4-1024x768.jpg 1024w, https:\/\/vocesdelacomuna15.com.ar\/wp-content\/uploads\/2024\/03\/4-300x225.jpg 300w, https:\/\/vocesdelacomuna15.com.ar\/wp-content\/uploads\/2024\/03\/4-768x576.jpg 768w, https:\/\/vocesdelacomuna15.com.ar\/wp-content\/uploads\/2024\/03\/4-1536x1152.jpg 1536w, https:\/\/vocesdelacomuna15.com.ar\/wp-content\/uploads\/2024\/03\/4-1080x810.jpg 1080w, https:\/\/vocesdelacomuna15.com.ar\/wp-content\/uploads\/2024\/03\/4.jpg 1600w\" sizes=\"(max-width: 1024px) 100vw, 1024px\" \/><\/figure>\n\n\n\n<p><em>As\u00ed fue el recibimiento para en el Diego Armando Maradona, que tuvo mucho p\u00fablico pese a la lluvia<\/em><\/p>\n\n\n\n<p>El primer gol lleg\u00f3 a los 21 minutos despu\u00e9s de que Luciano Gondou baj\u00f3 la pelota de cabeza para una gran definici\u00f3n de Maxi Romero, toc\u00e1ndola a un costado. <\/p>\n\n\n\n<figure class=\"wp-block-image size-large\"><img loading=\"lazy\" decoding=\"async\" width=\"1024\" height=\"768\" src=\"https:\/\/vocesdelacomuna15.com.ar\/wp-content\/uploads\/2024\/03\/Gondou-y-Romero-1-1024x768.jpg\" alt=\"\" class=\"wp-image-63213\" srcset=\"https:\/\/vocesdelacomuna15.com.ar\/wp-content\/uploads\/2024\/03\/Gondou-y-Romero-1-1024x768.jpg 1024w, https:\/\/vocesdelacomuna15.com.ar\/wp-content\/uploads\/2024\/03\/Gondou-y-Romero-1-300x225.jpg 300w, https:\/\/vocesdelacomuna15.com.ar\/wp-content\/uploads\/2024\/03\/Gondou-y-Romero-1-768x576.jpg 768w, https:\/\/vocesdelacomuna15.com.ar\/wp-content\/uploads\/2024\/03\/Gondou-y-Romero-1-1080x810.jpg 1080w, https:\/\/vocesdelacomuna15.com.ar\/wp-content\/uploads\/2024\/03\/Gondou-y-Romero-1.jpg 1515w\" sizes=\"(max-width: 1024px) 100vw, 1024px\" \/><\/figure>\n\n\n\n<p><em>Luciano Gondou y Maxi Romero, los goleadores de la noche<\/em><\/p>\n\n\n\n<p>El segundo fue a los 41 de la primera etapa y fue de penal de Luciano Gondou, despu\u00e9s de una falta que a \u00e9l mismo le cometieron cuando estaba por definir mano a mano ante Jorge \u201cFatura\u201d Broun. <\/p>\n\n\n\n<figure class=\"wp-block-image size-large\"><img loading=\"lazy\" decoding=\"async\" width=\"1024\" height=\"768\" src=\"https:\/\/vocesdelacomuna15.com.ar\/wp-content\/uploads\/2024\/03\/3-1024x768.jpg\" alt=\"\" class=\"wp-image-63206\" srcset=\"https:\/\/vocesdelacomuna15.com.ar\/wp-content\/uploads\/2024\/03\/3-1024x768.jpg 1024w, https:\/\/vocesdelacomuna15.com.ar\/wp-content\/uploads\/2024\/03\/3-300x225.jpg 300w, https:\/\/vocesdelacomuna15.com.ar\/wp-content\/uploads\/2024\/03\/3-768x576.jpg 768w, https:\/\/vocesdelacomuna15.com.ar\/wp-content\/uploads\/2024\/03\/3-1536x1152.jpg 1536w, https:\/\/vocesdelacomuna15.com.ar\/wp-content\/uploads\/2024\/03\/3-1080x810.jpg 1080w, https:\/\/vocesdelacomuna15.com.ar\/wp-content\/uploads\/2024\/03\/3.jpg 1600w\" sizes=\"(max-width: 1024px) 100vw, 1024px\" \/><\/figure>\n\n\n\n<p><em>&#8220;Lucho&#8221; Gondou de penal convirti\u00f3 el segundo gol<\/em><\/p>\n\n\n\n<p>El tercero fue un \u201cse\u00f1or gol\u201d de Maxi Romero en una exquisita definici\u00f3n en la que tras un pase en profundidad pis\u00f3 la pelota para sacarse un defensor de encima, gambete\u00f3 al arquero y defini\u00f3 con el arco a su merced.<\/p>\n\n\n\n<figure class=\"wp-block-image size-large\"><img loading=\"lazy\" decoding=\"async\" width=\"1024\" height=\"768\" src=\"https:\/\/vocesdelacomuna15.com.ar\/wp-content\/uploads\/2024\/03\/2-1-1024x768.jpg\" alt=\"\" class=\"wp-image-63208\" srcset=\"https:\/\/vocesdelacomuna15.com.ar\/wp-content\/uploads\/2024\/03\/2-1-1024x768.jpg 1024w, https:\/\/vocesdelacomuna15.com.ar\/wp-content\/uploads\/2024\/03\/2-1-300x225.jpg 300w, https:\/\/vocesdelacomuna15.com.ar\/wp-content\/uploads\/2024\/03\/2-1-768x576.jpg 768w, https:\/\/vocesdelacomuna15.com.ar\/wp-content\/uploads\/2024\/03\/2-1-1536x1152.jpg 1536w, https:\/\/vocesdelacomuna15.com.ar\/wp-content\/uploads\/2024\/03\/2-1-1080x810.jpg 1080w, https:\/\/vocesdelacomuna15.com.ar\/wp-content\/uploads\/2024\/03\/2-1.jpg 1600w\" sizes=\"(max-width: 1024px) 100vw, 1024px\" \/><\/figure>\n\n\n\n<p><em>Festejos tras la brillante definici\u00f3n de Maxi Romero para el 3 a 0<\/em><\/p>\n\n\n\n<p>Argentinos ante Rosario Central form\u00f3 con Diego Rodr\u00edguez; Santamar\u00eda, Meza, Palacio, Vega; Lescano, Moyano, Oroz; Gondou, Maxi Romero y Ver\u00f3n. Ingresaron en el equipo dirigido por Pablo Guede, Sebasti\u00e1n Prieto por el lesionado Meza a los 7 minutos, Viveros por Lescano y Herrera por Ver\u00f3n a los 71 y Batallini por Romero y Gamarra por Moyano a los 80.<\/p>\n\n\n\n<p>El siguiente partido del \u201cBicho\u201d ser\u00e1 Instituto como visitante. Cabe destacar que Argentinos por el momento s\u00f3lo pudo ganar como local en este certamen. Sin embargo la estupenda actuaci\u00f3n de ayer da para ilusionarse con la clasificaci\u00f3n y por qu\u00e9 no con la conquista de una nueva estrella para el club de La Paternal.<\/p>\n\n\n\n<figure class=\"wp-block-image size-large\"><img loading=\"lazy\" decoding=\"async\" width=\"1024\" height=\"768\" src=\"https:\/\/vocesdelacomuna15.com.ar\/wp-content\/uploads\/2024\/03\/1-1-1024x768.jpg\" alt=\"\" class=\"wp-image-63205\" srcset=\"https:\/\/vocesdelacomuna15.com.ar\/wp-content\/uploads\/2024\/03\/1-1-1024x768.jpg 1024w, https:\/\/vocesdelacomuna15.com.ar\/wp-content\/uploads\/2024\/03\/1-1-300x225.jpg 300w, https:\/\/vocesdelacomuna15.com.ar\/wp-content\/uploads\/2024\/03\/1-1-768x576.jpg 768w, https:\/\/vocesdelacomuna15.com.ar\/wp-content\/uploads\/2024\/03\/1-1-1536x1152.jpg 1536w, https:\/\/vocesdelacomuna15.com.ar\/wp-content\/uploads\/2024\/03\/1-1-1080x810.jpg 1080w, https:\/\/vocesdelacomuna15.com.ar\/wp-content\/uploads\/2024\/03\/1-1.jpg 1600w\" sizes=\"(max-width: 1024px) 100vw, 1024px\" \/><\/figure>\n\n\n\n<p><em>As\u00ed se celebr\u00f3 la victoria de Argentinos en La Paternal<\/em><\/p>\n\n\n\n<p><strong>CONFERENCIA DE PRENSA DE PABLO GUEDE:<\/strong><\/p>\n\n\n\n<figure class=\"wp-block-embed is-type-video is-provider-youtube wp-block-embed-youtube wp-embed-aspect-16-9 wp-has-aspect-ratio\"><div class=\"wp-block-embed__wrapper\">\n<iframe loading=\"lazy\" title=\"CONFERENCIA: Pablo GUEDE vs Rosario Central \/ Copa Liga 2024 \ud83c\udfc6\" width=\"1080\" height=\"608\" src=\"https:\/\/www.youtube.com\/embed\/m36QP-KwPiE?feature=oembed\" frameborder=\"0\" allow=\"accelerometer; autoplay; clipboard-write; encrypted-media; gyroscope; picture-in-picture; web-share\" allowfullscreen><\/iframe>\n<\/div><\/figure>\n\n\n\n<p><\/p>\n\n\n\n<p><strong>DERROTA DE ATLANTA EN MENDOZA<\/strong><\/p>\n\n\n\n<p>El \u201cBohemio\u201d que ven\u00eda de una igualdad en la fecha pasada (1-1 ante Gimnasia y Tiro de Salta en el Le\u00f3n Kolbowski con gol de Walter Rueda a los 78 minutos para los de Villa Crespo y Maximiliano Iba\u00f1ez a los 90 para el visitante), en esta fecha cay\u00f3 el lunes por 2 a 1 como visitante ante Gimnasia de Mendoza. Aaron Spetale marc\u00f3 a los 5 y los 41 minutos, mientras que hab\u00eda igualado Ivo Costantino a los 24 para Atlanta. Con la derrota el \u201cBohemio\u201d qued\u00f3 en el 9\u00b0 puesto de la tabla de la Zona B de la Primera Nacional con 9 puntos, en la que el l\u00edder es Defensores de Belgrano con 17. La Zona A, en tanto, est\u00e1 punteada por San Mart\u00edn de Tucum\u00e1n y San Mart\u00edn de San Juan con 13 unidades. En la siguiente fecha, Atlanta recibir\u00e1 el lunes a las 21 horas a Nueva Chicago.<\/p>\n\n\n\n<figure class=\"wp-block-image size-large\"><img loading=\"lazy\" decoding=\"async\" width=\"1024\" height=\"755\" src=\"https:\/\/vocesdelacomuna15.com.ar\/wp-content\/uploads\/2024\/03\/Gim-Atl-1024x755.jpg\" alt=\"\" class=\"wp-image-63209\" srcset=\"https:\/\/vocesdelacomuna15.com.ar\/wp-content\/uploads\/2024\/03\/Gim-Atl-1024x755.jpg 1024w, https:\/\/vocesdelacomuna15.com.ar\/wp-content\/uploads\/2024\/03\/Gim-Atl-300x221.jpg 300w, https:\/\/vocesdelacomuna15.com.ar\/wp-content\/uploads\/2024\/03\/Gim-Atl-768x566.jpg 768w, https:\/\/vocesdelacomuna15.com.ar\/wp-content\/uploads\/2024\/03\/Gim-Atl-1080x796.jpg 1080w, https:\/\/vocesdelacomuna15.com.ar\/wp-content\/uploads\/2024\/03\/Gim-Atl.jpg 1228w\" sizes=\"(max-width: 1024px) 100vw, 1024px\" \/><\/figure>\n\n\n\n<p><em>Atlanta no pudo ante Gimnasia de Mendoza<\/em><\/p>\n\n\n\n<p><\/p>\n\n\n\n<p><strong>EMPATE DE \u201cCOMU\u201d ANTE F\u00c9NIX<\/strong><\/p>\n\n\n\n<p>Ayer por la noche, bajo la lluvia y por el Apertura de la B Metro, Comunicaciones igual\u00f3 1 a 1 con F\u00e9nix. Sebasti\u00e1n Montero de penal marc\u00f3 para el \u201cCartero\u201d y Rafael Monti para el visitante. Con el empate, \u201cComu\u201d qued\u00f3 6\u00b0 en la tabla con 12 puntos y el l\u00edder es Los Andes con 17. Los de Agronom\u00eda llevan 4 partidos sin ganar y en la pr\u00f3xima jornada tocaba jugar con Argentino de Quilmes pero el partido ser\u00e1 postergado. En la otra fecha, la 10, se enfrentar\u00e1 en el Alfredo Ramos, de Agronom\u00eda, ante Deportivo Armenio.<\/p>\n\n\n\n<figure class=\"wp-block-image size-large is-resized\"><img loading=\"lazy\" decoding=\"async\" width=\"1024\" height=\"682\" src=\"https:\/\/vocesdelacomuna15.com.ar\/wp-content\/uploads\/2024\/03\/Comu-Fenix-1024x682.jpg\" alt=\"\" class=\"wp-image-63210\" style=\"aspect-ratio:1.501466275659824;width:781px;height:auto\" srcset=\"https:\/\/vocesdelacomuna15.com.ar\/wp-content\/uploads\/2024\/03\/Comu-Fenix-1024x682.jpg 1024w, https:\/\/vocesdelacomuna15.com.ar\/wp-content\/uploads\/2024\/03\/Comu-Fenix-300x200.jpg 300w, https:\/\/vocesdelacomuna15.com.ar\/wp-content\/uploads\/2024\/03\/Comu-Fenix-768x512.jpg 768w, https:\/\/vocesdelacomuna15.com.ar\/wp-content\/uploads\/2024\/03\/Comu-Fenix-1080x720.jpg 1080w, https:\/\/vocesdelacomuna15.com.ar\/wp-content\/uploads\/2024\/03\/Comu-Fenix.jpg 1280w\" sizes=\"(max-width: 1024px) 100vw, 1024px\" \/><\/figure>\n\n\n\n<p><em>No se sacaron diferencias &#8220;Comu&#8221; y F\u00e9nix en Agronom\u00eda<\/em><\/p>\n\n\n\n<p><\/p>\n\n\n\n<p>Fotos Argentinos: las del campo de juego son de Prensa AAAJ y las tomadas desde la platea de &#8220;Voces de la Comuna 15&#8221;.<\/p>\n\n\n\n<p>Foto Atlanta: X de Atlanta (@atlantaoficial)<\/p>\n\n\n\n<p>Foto Comunicaciones: X de Comunicaciones (@prensacomu)<\/p>\n<div class=\"pvc_clear\"><\/div><p id=\"pvc_stats_63202\" class=\"pvc_stats all  \" data-element-id=\"63202\" style=\"\"><i class=\"pvc-stats-icon small\" aria-hidden=\"true\"><svg aria-hidden=\"true\" focusable=\"false\" data-prefix=\"far\" data-icon=\"chart-bar\" role=\"img\" xmlns=\"http:\/\/www.w3.org\/2000\/svg\" viewBox=\"0 0 512 512\" class=\"svg-inline--fa fa-chart-bar fa-w-16 fa-2x\"><path fill=\"currentColor\" d=\"M396.8 352h22.4c6.4 0 12.8-6.4 12.8-12.8V108.8c0-6.4-6.4-12.8-12.8-12.8h-22.4c-6.4 0-12.8 6.4-12.8 12.8v230.4c0 6.4 6.4 12.8 12.8 12.8zm-192 0h22.4c6.4 0 12.8-6.4 12.8-12.8V140.8c0-6.4-6.4-12.8-12.8-12.8h-22.4c-6.4 0-12.8 6.4-12.8 12.8v198.4c0 6.4 6.4 12.8 12.8 12.8zm96 0h22.4c6.4 0 12.8-6.4 12.8-12.8V204.8c0-6.4-6.4-12.8-12.8-12.8h-22.4c-6.4 0-12.8 6.4-12.8 12.8v134.4c0 6.4 6.4 12.8 12.8 12.8zM496 400H48V80c0-8.84-7.16-16-16-16H16C7.16 64 0 71.16 0 80v336c0 17.67 14.33 32 32 32h464c8.84 0 16-7.16 16-16v-16c0-8.84-7.16-16-16-16zm-387.2-48h22.4c6.4 0 12.8-6.4 12.8-12.8v-70.4c0-6.4-6.4-12.8-12.8-12.8h-22.4c-6.4 0-12.8 6.4-12.8 12.8v70.4c0 6.4 6.4 12.8 12.8 12.8z\" class=\"\"><\/path><\/svg><\/i> <img loading=\"lazy\" decoding=\"async\" width=\"16\" height=\"16\" alt=\"Loading\" src=\"https:\/\/vocesdelacomuna15.com.ar\/wp-content\/plugins\/page-views-count\/ajax-loader-2x.gif\" border=0 \/><\/p><div class=\"pvc_clear\"><\/div>","protected":false},"excerpt":{"rendered":"<p>Fue 3-0 a Rosario Central en La Paternal En la lluviosa noche de ayer, Argentinos Juniors dio una lecci\u00f3n de f\u00fatbol a Rosario Central en el Diego Armando Maradona. Impuso su juego de toque de principio a fin y pudo haberlo ganado incluso por mayor diferencia. Con la victoria extendi\u00f3 su racha de triunfos como [&hellip;]<\/p>\n<div class=\"pvc_clear\"><\/div>\n<p id=\"pvc_stats_63202\" class=\"pvc_stats all  \" data-element-id=\"63202\" style=\"\"><i class=\"pvc-stats-icon small\" aria-hidden=\"true\"><svg aria-hidden=\"true\" focusable=\"false\" data-prefix=\"far\" data-icon=\"chart-bar\" role=\"img\" xmlns=\"http:\/\/www.w3.org\/2000\/svg\" viewBox=\"0 0 512 512\" class=\"svg-inline--fa fa-chart-bar fa-w-16 fa-2x\"><path fill=\"currentColor\" d=\"M396.8 352h22.4c6.4 0 12.8-6.4 12.8-12.8V108.8c0-6.4-6.4-12.8-12.8-12.8h-22.4c-6.4 0-12.8 6.4-12.8 12.8v230.4c0 6.4 6.4 12.8 12.8 12.8zm-192 0h22.4c6.4 0 12.8-6.4 12.8-12.8V140.8c0-6.4-6.4-12.8-12.8-12.8h-22.4c-6.4 0-12.8 6.4-12.8 12.8v198.4c0 6.4 6.4 12.8 12.8 12.8zm96 0h22.4c6.4 0 12.8-6.4 12.8-12.8V204.8c0-6.4-6.4-12.8-12.8-12.8h-22.4c-6.4 0-12.8 6.4-12.8 12.8v134.4c0 6.4 6.4 12.8 12.8 12.8zM496 400H48V80c0-8.84-7.16-16-16-16H16C7.16 64 0 71.16 0 80v336c0 17.67 14.33 32 32 32h464c8.84 0 16-7.16 16-16v-16c0-8.84-7.16-16-16-16zm-387.2-48h22.4c6.4 0 12.8-6.4 12.8-12.8v-70.4c0-6.4-6.4-12.8-12.8-12.8h-22.4c-6.4 0-12.8 6.4-12.8 12.8v70.4c0 6.4 6.4 12.8 12.8 12.8z\" class=\"\"><\/path><\/svg><\/i> <img loading=\"lazy\" decoding=\"async\" width=\"16\" height=\"16\" alt=\"Loading\" src=\"https:\/\/vocesdelacomuna15.com.ar\/wp-content\/plugins\/page-views-count\/ajax-loader-2x.gif\" border=0 \/><\/p>\n<div class=\"pvc_clear\"><\/div>\n","protected":false},"author":2,"featured_media":63207,"comment_status":"open","ping_status":"open","sticky":false,"template":"","format":"standard","meta":{"_et_pb_use_builder":"off","_et_pb_old_content":"","_et_gb_content_width":"","footnotes":""},"categories":[6,27,29,32],"tags":[],"class_list":["post-63202","post","type-post","status-publish","format-standard","has-post-thumbnail","hentry","category-agro","category-deportes","category-lapa","category-vcre","et-has-post-format-content","et_post_format-et-post-format-standard"],"a3_pvc":{"activated":true,"total_views":157,"today_views":0},"yoast_head":"<!-- This site is optimized with the Yoast SEO plugin v27.5 - https:\/\/yoast.com\/product\/yoast-seo-wordpress\/ -->\n<title>Argentinos gole\u00f3 y sigue en la punta de su grupo en la Copa de la Liga - Voces de la Comuna 15<\/title>\n<meta name=\"description\" content=\"Voces de la Comuna 15\" \/>\n<meta name=\"robots\" content=\"index, follow, max-snippet:-1, max-image-preview:large, max-video-preview:-1\" \/>\n<link rel=\"canonical\" href=\"https:\/\/vocesdelacomuna15.com.ar\/press\/argentinos-goleo-y-sigue-en-la-punta-de-su-grupo-en-la-copa-de-la-liga\/\" \/>\n<meta property=\"og:locale\" content=\"es_ES\" \/>\n<meta property=\"og:type\" content=\"article\" \/>\n<meta property=\"og:title\" content=\"Argentinos gole\u00f3 y sigue en la punta de su grupo en la Copa de la Liga - Voces de la Comuna 15\" \/>\n<meta property=\"og:description\" content=\"Voces de la Comuna 15\" \/>\n<meta property=\"og:url\" content=\"https:\/\/vocesdelacomuna15.com.ar\/press\/argentinos-goleo-y-sigue-en-la-punta-de-su-grupo-en-la-copa-de-la-liga\/\" \/>\n<meta property=\"og:site_name\" content=\"Voces de la Comuna 15\" \/>\n<meta property=\"article:publisher\" content=\"https:\/\/www.facebook.com\/VocesComuna15\/\" \/>\n<meta property=\"article:published_time\" content=\"2024-03-20T16:34:22+00:00\" \/>\n<meta property=\"article:modified_time\" content=\"2024-03-20T17:52:34+00:00\" \/>\n<meta property=\"og:image\" content=\"https:\/\/vocesdelacomuna15.com.ar\/wp-content\/uploads\/2024\/03\/Maxi-Romero-1.jpg\" \/>\n\t<meta property=\"og:image:width\" content=\"1433\" \/>\n\t<meta property=\"og:image:height\" content=\"1075\" \/>\n\t<meta property=\"og:image:type\" content=\"image\/jpeg\" \/>\n<meta name=\"author\" content=\"Federico Arguto\" \/>\n<meta name=\"twitter:card\" content=\"summary_large_image\" \/>\n<meta name=\"twitter:creator\" content=\"@vocescomuna15\" \/>\n<meta name=\"twitter:site\" content=\"@vocescomuna15\" \/>\n<meta name=\"twitter:label1\" content=\"Escrito por\" \/>\n\t<meta name=\"twitter:data1\" content=\"Federico Arguto\" \/>\n\t<meta name=\"twitter:label2\" content=\"Tiempo de lectura\" \/>\n\t<meta name=\"twitter:data2\" content=\"4 minutos\" \/>\n<script type=\"application\/ld+json\" class=\"yoast-schema-graph\">{\"@context\":\"https:\\\/\\\/schema.org\",\"@graph\":[{\"@type\":\"Article\",\"@id\":\"https:\\\/\\\/vocesdelacomuna15.com.ar\\\/press\\\/argentinos-goleo-y-sigue-en-la-punta-de-su-grupo-en-la-copa-de-la-liga\\\/#article\",\"isPartOf\":{\"@id\":\"https:\\\/\\\/vocesdelacomuna15.com.ar\\\/press\\\/argentinos-goleo-y-sigue-en-la-punta-de-su-grupo-en-la-copa-de-la-liga\\\/\"},\"author\":{\"name\":\"Federico Arguto\",\"@id\":\"https:\\\/\\\/vocesdelacomuna15.com.ar\\\/press\\\/#\\\/schema\\\/person\\\/4739e109db25d799cd3d139eeb509e43\"},\"headline\":\"Argentinos gole\u00f3 y sigue en la punta de su grupo en la Copa de la Liga\",\"datePublished\":\"2024-03-20T16:34:22+00:00\",\"dateModified\":\"2024-03-20T17:52:34+00:00\",\"mainEntityOfPage\":{\"@id\":\"https:\\\/\\\/vocesdelacomuna15.com.ar\\\/press\\\/argentinos-goleo-y-sigue-en-la-punta-de-su-grupo-en-la-copa-de-la-liga\\\/\"},\"wordCount\":774,\"commentCount\":0,\"publisher\":{\"@id\":\"https:\\\/\\\/vocesdelacomuna15.com.ar\\\/press\\\/#organization\"},\"image\":{\"@id\":\"https:\\\/\\\/vocesdelacomuna15.com.ar\\\/press\\\/argentinos-goleo-y-sigue-en-la-punta-de-su-grupo-en-la-copa-de-la-liga\\\/#primaryimage\"},\"thumbnailUrl\":\"https:\\\/\\\/vocesdelacomuna15.com.ar\\\/wp-content\\\/uploads\\\/2024\\\/03\\\/Maxi-Romero-1.jpg\",\"articleSection\":[\"Agronom\u00eda\",\"Deportes\",\"La Paternal\",\"Villa Crespo\"],\"inLanguage\":\"es-AR\",\"potentialAction\":[{\"@type\":\"CommentAction\",\"name\":\"Comment\",\"target\":[\"https:\\\/\\\/vocesdelacomuna15.com.ar\\\/press\\\/argentinos-goleo-y-sigue-en-la-punta-de-su-grupo-en-la-copa-de-la-liga\\\/#respond\"]}]},{\"@type\":\"WebPage\",\"@id\":\"https:\\\/\\\/vocesdelacomuna15.com.ar\\\/press\\\/argentinos-goleo-y-sigue-en-la-punta-de-su-grupo-en-la-copa-de-la-liga\\\/\",\"url\":\"https:\\\/\\\/vocesdelacomuna15.com.ar\\\/press\\\/argentinos-goleo-y-sigue-en-la-punta-de-su-grupo-en-la-copa-de-la-liga\\\/\",\"name\":\"Argentinos gole\u00f3 y sigue en la punta de su grupo en la Copa de la Liga - Voces de la Comuna 15\",\"isPartOf\":{\"@id\":\"https:\\\/\\\/vocesdelacomuna15.com.ar\\\/press\\\/#website\"},\"primaryImageOfPage\":{\"@id\":\"https:\\\/\\\/vocesdelacomuna15.com.ar\\\/press\\\/argentinos-goleo-y-sigue-en-la-punta-de-su-grupo-en-la-copa-de-la-liga\\\/#primaryimage\"},\"image\":{\"@id\":\"https:\\\/\\\/vocesdelacomuna15.com.ar\\\/press\\\/argentinos-goleo-y-sigue-en-la-punta-de-su-grupo-en-la-copa-de-la-liga\\\/#primaryimage\"},\"thumbnailUrl\":\"https:\\\/\\\/vocesdelacomuna15.com.ar\\\/wp-content\\\/uploads\\\/2024\\\/03\\\/Maxi-Romero-1.jpg\",\"datePublished\":\"2024-03-20T16:34:22+00:00\",\"dateModified\":\"2024-03-20T17:52:34+00:00\",\"description\":\"Voces de la Comuna 15\",\"breadcrumb\":{\"@id\":\"https:\\\/\\\/vocesdelacomuna15.com.ar\\\/press\\\/argentinos-goleo-y-sigue-en-la-punta-de-su-grupo-en-la-copa-de-la-liga\\\/#breadcrumb\"},\"inLanguage\":\"es-AR\",\"potentialAction\":[{\"@type\":\"ReadAction\",\"target\":[\"https:\\\/\\\/vocesdelacomuna15.com.ar\\\/press\\\/argentinos-goleo-y-sigue-en-la-punta-de-su-grupo-en-la-copa-de-la-liga\\\/\"]}]},{\"@type\":\"ImageObject\",\"inLanguage\":\"es-AR\",\"@id\":\"https:\\\/\\\/vocesdelacomuna15.com.ar\\\/press\\\/argentinos-goleo-y-sigue-en-la-punta-de-su-grupo-en-la-copa-de-la-liga\\\/#primaryimage\",\"url\":\"https:\\\/\\\/vocesdelacomuna15.com.ar\\\/wp-content\\\/uploads\\\/2024\\\/03\\\/Maxi-Romero-1.jpg\",\"contentUrl\":\"https:\\\/\\\/vocesdelacomuna15.com.ar\\\/wp-content\\\/uploads\\\/2024\\\/03\\\/Maxi-Romero-1.jpg\",\"width\":1433,\"height\":1075},{\"@type\":\"BreadcrumbList\",\"@id\":\"https:\\\/\\\/vocesdelacomuna15.com.ar\\\/press\\\/argentinos-goleo-y-sigue-en-la-punta-de-su-grupo-en-la-copa-de-la-liga\\\/#breadcrumb\",\"itemListElement\":[{\"@type\":\"ListItem\",\"position\":1,\"name\":\"Inicio\",\"item\":\"https:\\\/\\\/vocesdelacomuna15.com.ar\\\/press\\\/\"},{\"@type\":\"ListItem\",\"position\":2,\"name\":\"Argentinos gole\u00f3 y sigue en la punta de su grupo en la Copa de la Liga\"}]},{\"@type\":\"WebSite\",\"@id\":\"https:\\\/\\\/vocesdelacomuna15.com.ar\\\/press\\\/#website\",\"url\":\"https:\\\/\\\/vocesdelacomuna15.com.ar\\\/press\\\/\",\"name\":\"Voces de la Comuna 15\",\"description\":\"Sitio web de noticias\",\"publisher\":{\"@id\":\"https:\\\/\\\/vocesdelacomuna15.com.ar\\\/press\\\/#organization\"},\"potentialAction\":[{\"@type\":\"SearchAction\",\"target\":{\"@type\":\"EntryPoint\",\"urlTemplate\":\"https:\\\/\\\/vocesdelacomuna15.com.ar\\\/press\\\/?s={search_term_string}\"},\"query-input\":{\"@type\":\"PropertyValueSpecification\",\"valueRequired\":true,\"valueName\":\"search_term_string\"}}],\"inLanguage\":\"es-AR\"},{\"@type\":\"Organization\",\"@id\":\"https:\\\/\\\/vocesdelacomuna15.com.ar\\\/press\\\/#organization\",\"name\":\"Voces de la Comuna 15\",\"url\":\"https:\\\/\\\/vocesdelacomuna15.com.ar\\\/press\\\/\",\"logo\":{\"@type\":\"ImageObject\",\"inLanguage\":\"es-AR\",\"@id\":\"https:\\\/\\\/vocesdelacomuna15.com.ar\\\/press\\\/#\\\/schema\\\/logo\\\/image\\\/\",\"url\":\"https:\\\/\\\/vocesdelacomuna15.com.ar\\\/wp-content\\\/uploads\\\/2024\\\/12\\\/cropped-logo_voces.jpg\",\"contentUrl\":\"https:\\\/\\\/vocesdelacomuna15.com.ar\\\/wp-content\\\/uploads\\\/2024\\\/12\\\/cropped-logo_voces.jpg\",\"width\":512,\"height\":512,\"caption\":\"Voces de la Comuna 15\"},\"image\":{\"@id\":\"https:\\\/\\\/vocesdelacomuna15.com.ar\\\/press\\\/#\\\/schema\\\/logo\\\/image\\\/\"},\"sameAs\":[\"https:\\\/\\\/www.facebook.com\\\/VocesComuna15\\\/\",\"https:\\\/\\\/x.com\\\/vocescomuna15\"]},{\"@type\":\"Person\",\"@id\":\"https:\\\/\\\/vocesdelacomuna15.com.ar\\\/press\\\/#\\\/schema\\\/person\\\/4739e109db25d799cd3d139eeb509e43\",\"name\":\"Federico Arguto\",\"image\":{\"@type\":\"ImageObject\",\"inLanguage\":\"es-AR\",\"@id\":\"https:\\\/\\\/vocesdelacomuna15.com.ar\\\/wp-content\\\/litespeed\\\/avatar\\\/82faf979976f1bae889b8b71f8a0a7e5.jpg?ver=1777419741\",\"url\":\"https:\\\/\\\/vocesdelacomuna15.com.ar\\\/wp-content\\\/litespeed\\\/avatar\\\/82faf979976f1bae889b8b71f8a0a7e5.jpg?ver=1777419741\",\"contentUrl\":\"https:\\\/\\\/vocesdelacomuna15.com.ar\\\/wp-content\\\/litespeed\\\/avatar\\\/82faf979976f1bae889b8b71f8a0a7e5.jpg?ver=1777419741\",\"caption\":\"Federico Arguto\"},\"url\":\"https:\\\/\\\/vocesdelacomuna15.com.ar\\\/press\\\/author\\\/fede\\\/\"}]}<\/script>\n<!-- \/ Yoast SEO plugin. -->","yoast_head_json":{"title":"Argentinos gole\u00f3 y sigue en la punta de su grupo en la Copa de la Liga - Voces de la Comuna 15","description":"Voces de la Comuna 15","robots":{"index":"index","follow":"follow","max-snippet":"max-snippet:-1","max-image-preview":"max-image-preview:large","max-video-preview":"max-video-preview:-1"},"canonical":"https:\/\/vocesdelacomuna15.com.ar\/press\/argentinos-goleo-y-sigue-en-la-punta-de-su-grupo-en-la-copa-de-la-liga\/","og_locale":"es_ES","og_type":"article","og_title":"Argentinos gole\u00f3 y sigue en la punta de su grupo en la Copa de la Liga - Voces de la Comuna 15","og_description":"Voces de la Comuna 15","og_url":"https:\/\/vocesdelacomuna15.com.ar\/press\/argentinos-goleo-y-sigue-en-la-punta-de-su-grupo-en-la-copa-de-la-liga\/","og_site_name":"Voces de la Comuna 15","article_publisher":"https:\/\/www.facebook.com\/VocesComuna15\/","article_published_time":"2024-03-20T16:34:22+00:00","article_modified_time":"2024-03-20T17:52:34+00:00","og_image":[{"width":1433,"height":1075,"url":"https:\/\/vocesdelacomuna15.com.ar\/wp-content\/uploads\/2024\/03\/Maxi-Romero-1.jpg","type":"image\/jpeg"}],"author":"Federico Arguto","twitter_card":"summary_large_image","twitter_creator":"@vocescomuna15","twitter_site":"@vocescomuna15","twitter_misc":{"Escrito por":"Federico Arguto","Tiempo de lectura":"4 minutos"},"schema":{"@context":"https:\/\/schema.org","@graph":[{"@type":"Article","@id":"https:\/\/vocesdelacomuna15.com.ar\/press\/argentinos-goleo-y-sigue-en-la-punta-de-su-grupo-en-la-copa-de-la-liga\/#article","isPartOf":{"@id":"https:\/\/vocesdelacomuna15.com.ar\/press\/argentinos-goleo-y-sigue-en-la-punta-de-su-grupo-en-la-copa-de-la-liga\/"},"author":{"name":"Federico Arguto","@id":"https:\/\/vocesdelacomuna15.com.ar\/press\/#\/schema\/person\/4739e109db25d799cd3d139eeb509e43"},"headline":"Argentinos gole\u00f3 y sigue en la punta de su grupo en la Copa de la Liga","datePublished":"2024-03-20T16:34:22+00:00","dateModified":"2024-03-20T17:52:34+00:00","mainEntityOfPage":{"@id":"https:\/\/vocesdelacomuna15.com.ar\/press\/argentinos-goleo-y-sigue-en-la-punta-de-su-grupo-en-la-copa-de-la-liga\/"},"wordCount":774,"commentCount":0,"publisher":{"@id":"https:\/\/vocesdelacomuna15.com.ar\/press\/#organization"},"image":{"@id":"https:\/\/vocesdelacomuna15.com.ar\/press\/argentinos-goleo-y-sigue-en-la-punta-de-su-grupo-en-la-copa-de-la-liga\/#primaryimage"},"thumbnailUrl":"https:\/\/vocesdelacomuna15.com.ar\/wp-content\/uploads\/2024\/03\/Maxi-Romero-1.jpg","articleSection":["Agronom\u00eda","Deportes","La Paternal","Villa Crespo"],"inLanguage":"es-AR","potentialAction":[{"@type":"CommentAction","name":"Comment","target":["https:\/\/vocesdelacomuna15.com.ar\/press\/argentinos-goleo-y-sigue-en-la-punta-de-su-grupo-en-la-copa-de-la-liga\/#respond"]}]},{"@type":"WebPage","@id":"https:\/\/vocesdelacomuna15.com.ar\/press\/argentinos-goleo-y-sigue-en-la-punta-de-su-grupo-en-la-copa-de-la-liga\/","url":"https:\/\/vocesdelacomuna15.com.ar\/press\/argentinos-goleo-y-sigue-en-la-punta-de-su-grupo-en-la-copa-de-la-liga\/","name":"Argentinos gole\u00f3 y sigue en la punta de su grupo en la Copa de la Liga - Voces de la Comuna 15","isPartOf":{"@id":"https:\/\/vocesdelacomuna15.com.ar\/press\/#website"},"primaryImageOfPage":{"@id":"https:\/\/vocesdelacomuna15.com.ar\/press\/argentinos-goleo-y-sigue-en-la-punta-de-su-grupo-en-la-copa-de-la-liga\/#primaryimage"},"image":{"@id":"https:\/\/vocesdelacomuna15.com.ar\/press\/argentinos-goleo-y-sigue-en-la-punta-de-su-grupo-en-la-copa-de-la-liga\/#primaryimage"},"thumbnailUrl":"https:\/\/vocesdelacomuna15.com.ar\/wp-content\/uploads\/2024\/03\/Maxi-Romero-1.jpg","datePublished":"2024-03-20T16:34:22+00:00","dateModified":"2024-03-20T17:52:34+00:00","description":"Voces de la Comuna 15","breadcrumb":{"@id":"https:\/\/vocesdelacomuna15.com.ar\/press\/argentinos-goleo-y-sigue-en-la-punta-de-su-grupo-en-la-copa-de-la-liga\/#breadcrumb"},"inLanguage":"es-AR","potentialAction":[{"@type":"ReadAction","target":["https:\/\/vocesdelacomuna15.com.ar\/press\/argentinos-goleo-y-sigue-en-la-punta-de-su-grupo-en-la-copa-de-la-liga\/"]}]},{"@type":"ImageObject","inLanguage":"es-AR","@id":"https:\/\/vocesdelacomuna15.com.ar\/press\/argentinos-goleo-y-sigue-en-la-punta-de-su-grupo-en-la-copa-de-la-liga\/#primaryimage","url":"https:\/\/vocesdelacomuna15.com.ar\/wp-content\/uploads\/2024\/03\/Maxi-Romero-1.jpg","contentUrl":"https:\/\/vocesdelacomuna15.com.ar\/wp-content\/uploads\/2024\/03\/Maxi-Romero-1.jpg","width":1433,"height":1075},{"@type":"BreadcrumbList","@id":"https:\/\/vocesdelacomuna15.com.ar\/press\/argentinos-goleo-y-sigue-en-la-punta-de-su-grupo-en-la-copa-de-la-liga\/#breadcrumb","itemListElement":[{"@type":"ListItem","position":1,"name":"Inicio","item":"https:\/\/vocesdelacomuna15.com.ar\/press\/"},{"@type":"ListItem","position":2,"name":"Argentinos gole\u00f3 y sigue en la punta de su grupo en la Copa de la Liga"}]},{"@type":"WebSite","@id":"https:\/\/vocesdelacomuna15.com.ar\/press\/#website","url":"https:\/\/vocesdelacomuna15.com.ar\/press\/","name":"Voces de la Comuna 15","description":"Sitio web de noticias","publisher":{"@id":"https:\/\/vocesdelacomuna15.com.ar\/press\/#organization"},"potentialAction":[{"@type":"SearchAction","target":{"@type":"EntryPoint","urlTemplate":"https:\/\/vocesdelacomuna15.com.ar\/press\/?s={search_term_string}"},"query-input":{"@type":"PropertyValueSpecification","valueRequired":true,"valueName":"search_term_string"}}],"inLanguage":"es-AR"},{"@type":"Organization","@id":"https:\/\/vocesdelacomuna15.com.ar\/press\/#organization","name":"Voces de la Comuna 15","url":"https:\/\/vocesdelacomuna15.com.ar\/press\/","logo":{"@type":"ImageObject","inLanguage":"es-AR","@id":"https:\/\/vocesdelacomuna15.com.ar\/press\/#\/schema\/logo\/image\/","url":"https:\/\/vocesdelacomuna15.com.ar\/wp-content\/uploads\/2024\/12\/cropped-logo_voces.jpg","contentUrl":"https:\/\/vocesdelacomuna15.com.ar\/wp-content\/uploads\/2024\/12\/cropped-logo_voces.jpg","width":512,"height":512,"caption":"Voces de la Comuna 15"},"image":{"@id":"https:\/\/vocesdelacomuna15.com.ar\/press\/#\/schema\/logo\/image\/"},"sameAs":["https:\/\/www.facebook.com\/VocesComuna15\/","https:\/\/x.com\/vocescomuna15"]},{"@type":"Person","@id":"https:\/\/vocesdelacomuna15.com.ar\/press\/#\/schema\/person\/4739e109db25d799cd3d139eeb509e43","name":"Federico Arguto","image":{"@type":"ImageObject","inLanguage":"es-AR","@id":"https:\/\/vocesdelacomuna15.com.ar\/wp-content\/litespeed\/avatar\/82faf979976f1bae889b8b71f8a0a7e5.jpg?ver=1777419741","url":"https:\/\/vocesdelacomuna15.com.ar\/wp-content\/litespeed\/avatar\/82faf979976f1bae889b8b71f8a0a7e5.jpg?ver=1777419741","contentUrl":"https:\/\/vocesdelacomuna15.com.ar\/wp-content\/litespeed\/avatar\/82faf979976f1bae889b8b71f8a0a7e5.jpg?ver=1777419741","caption":"Federico Arguto"},"url":"https:\/\/vocesdelacomuna15.com.ar\/press\/author\/fede\/"}]}},"_links":{"self":[{"href":"https:\/\/vocesdelacomuna15.com.ar\/press\/wp-json\/wp\/v2\/posts\/63202","targetHints":{"allow":["GET"]}}],"collection":[{"href":"https:\/\/vocesdelacomuna15.com.ar\/press\/wp-json\/wp\/v2\/posts"}],"about":[{"href":"https:\/\/vocesdelacomuna15.com.ar\/press\/wp-json\/wp\/v2\/types\/post"}],"author":[{"embeddable":true,"href":"https:\/\/vocesdelacomuna15.com.ar\/press\/wp-json\/wp\/v2\/users\/2"}],"replies":[{"embeddable":true,"href":"https:\/\/vocesdelacomuna15.com.ar\/press\/wp-json\/wp\/v2\/comments?post=63202"}],"version-history":[{"count":5,"href":"https:\/\/vocesdelacomuna15.com.ar\/press\/wp-json\/wp\/v2\/posts\/63202\/revisions"}],"predecessor-version":[{"id":63219,"href":"https:\/\/vocesdelacomuna15.com.ar\/press\/wp-json\/wp\/v2\/posts\/63202\/revisions\/63219"}],"wp:featuredmedia":[{"embeddable":true,"href":"https:\/\/vocesdelacomuna15.com.ar\/press\/wp-json\/wp\/v2\/media\/63207"}],"wp:attachment":[{"href":"https:\/\/vocesdelacomuna15.com.ar\/press\/wp-json\/wp\/v2\/media?parent=63202"}],"wp:term":[{"taxonomy":"category","embeddable":true,"href":"https:\/\/vocesdelacomuna15.com.ar\/press\/wp-json\/wp\/v2\/categories?post=63202"},{"taxonomy":"post_tag","embeddable":true,"href":"https:\/\/vocesdelacomuna15.com.ar\/press\/wp-json\/wp\/v2\/tags?post=63202"}],"curies":[{"name":"wp","href":"https:\/\/api.w.org\/{rel}","templated":true}]}}