{"id":63199,"date":"2024-03-20T11:36:49","date_gmt":"2024-03-20T14:36:49","guid":{"rendered":"https:\/\/vocesdelacomuna15.com.ar\/?p=63199"},"modified":"2024-03-20T11:36:49","modified_gmt":"2024-03-20T14:36:49","slug":"dengue-diputados-buscan-que-la-vacuna-sea-gratuita-y-citaron-al-ministro-de-salud-de-javier-milei","status":"publish","type":"post","link":"https:\/\/vocesdelacomuna15.com.ar\/press\/dengue-diputados-buscan-que-la-vacuna-sea-gratuita-y-citaron-al-ministro-de-salud-de-javier-milei\/","title":{"rendered":"Dengue: diputados buscan que la vacuna sea gratuita y citaron al ministro de Salud de Javier Milei"},"content":{"rendered":"\n<p>Los legisladores piden saber las estrategias de prevenci\u00f3n del dengue, incluyendo campa\u00f1as de concientizaci\u00f3n, atenci\u00f3n m\u00e9dica y tratamientos, la coordinaci\u00f3n del Ministerio, a cargo de Mario Russo, con las diferentes jurisdicciones para abordar la problem\u00e1tica. Fuente: Cr\u00f3nica<\/p>\n\n\n\n<p>Link a nota original: <a href=\"https:\/\/www.cronica.com.ar\/politica\/Dengue-diputados-buscan-que-la-vacuna-sea-gratuita-y-citaron-al-ministro-de-Salud-de-Javier-Milei-20240320-0066.html\">https:\/\/www.cronica.com.ar\/politica\/Dengue-diputados-buscan-que-la-vacuna-sea-gratuita-y-citaron-al-ministro-de-Salud-de-Javier-Milei-20240320-0066.html<\/a><\/p>\n\n\n\n<p>Frente al aumento de los casos de <a href=\"https:\/\/www.cronica.com.ar\/tags\/dengue\" target=\"_blank\" rel=\"noreferrer noopener\"><strong>dengue <\/strong><\/a>casi sin precedentes, un grupo de diputados nacionales solicit\u00f3&nbsp;citar al ministro de Salud de la Naci\u00f3n, <a href=\"https:\/\/www.cronica.com.ar\/politica\/Perfil-de-Mario-Russo-el-proximo-Ministro-de-Salud-designado-por-Javier-Milei-20231208-0072.html\" target=\"_blank\" rel=\"noreferrer noopener\"><strong>Mario Russo<\/strong><\/a>, al Congreso para detallar la situaci\u00f3n de <a href=\"https:\/\/www.cronica.com.ar\/sociedad\/Se-registraron-79-muertes-por-dengue-y-mas-de-120-mil-casos-en-todo-el-pais-20240317-0103.html\" target=\"_blank\" rel=\"noreferrer noopener\"><strong>la epidemia de enfermedad transmitida por los mosquitos, que ya produjo varias muertes.<\/strong><\/a>&nbsp;Otros legisladores presentaron un proyecto para que la vacunaci\u00f3n sea gratuita.&nbsp;<\/p>\n\n\n\n<p>La diputada radical <strong>Carla Carrizo <\/strong>fue quien present\u00f3 y fundament\u00f3 el pedido al funcionario, ya que seg\u00fan el \u00faltimo informe epidemiol\u00f3gico, a la primera semana de marzo las provincias con m\u00e1s afectados de dengue son Buenos Aires, Chaco, Santa Fe, Formosa, C\u00f3rdoba, Misiones, Corrientes, Tucum\u00e1n y CABA.<\/p>\n\n\n\n<p><em>&#8220;Junto a m\u00e1s de 15 Diputados Nacionales preocupados profundamente por la situaci\u00f3n que atraviesan todas las provincias del pa\u00eds, citamos al Congreso al Ministro de Salud de la Naci\u00f3n, el Dr. Doctor Mario Antonio Russo, para que informe sobre las medidas que se est\u00e1 adoptando frente a<a href=\"https:\/\/www.cronica.com.ar\/cronicahd\/Alerta-dengue-hay-79-muertos-y-mas-de-120-mil-casos-registrados-20240319-0126.html\" target=\"_blank\" rel=\"noreferrer noopener\"><strong> la peor epidemia de dengue <\/strong><\/a>registrada en el pa\u00eds en los \u00faltimos 15 a\u00f1os.&nbsp;Fall\u00f3 la prevenci\u00f3n, es necesario evitar la saturaci\u00f3n&#8221;<\/em>, manifest\u00f3 la legisladora.<\/p>\n\n\n\n<p><em>&#8220;Esto ya no es un problema de las provincias, ni de las familias en forma individual. Habiendo tenido uno de los sistemas de salud m\u00e1s fortalecidos de la regi\u00f3n, fracas\u00f3 la pol\u00edtica del Gobierno para prevenir el dengue en la Argentina. Queremos saber cu\u00e1l va a ser la estrategia federal de salud p\u00fablica, tanto para este per\u00edodo como para el a\u00f1o que viene&#8221;<\/em>, explic\u00f3.<\/p>\n\n\n\n<p>En este sentido, debemos mencionar que el pedido lo acompa\u00f1aron <strong>Margarita Stolbizer y M\u00f3nica Fein de Hacemos Coalici\u00f3n Federal y los radicales Danya Tavela, Marcela Antola, Fernando Carbajal <\/strong>y <strong>Rodrigo de Loredo<\/strong>, entre otros.<\/p>\n\n\n\n<p>Como se indic\u00f3, piden saber las estrategias de prevenci\u00f3n incluyendo campa\u00f1as de concientizaci\u00f3n&nbsp;sobre el <strong>dengue<\/strong>, atenci\u00f3n m\u00e9dica y tratamientos, la coordinaci\u00f3n del Ministerio con las diferentes jurisdicciones para abordar la problem\u00e1tica, la evaluaci\u00f3n actual y los recursos asignados por la cartera de Salud, tanto humanos como financieros.<\/p>\n\n\n\n<figure class=\"wp-block-embed is-type-rich is-provider-twitter wp-block-embed-twitter\"><div class=\"wp-block-embed__wrapper\">\n<blockquote class=\"twitter-tweet\" data-width=\"550\" data-dnt=\"true\"><p lang=\"es\" dir=\"ltr\">Esta semana se constituir\u00e1n 10 comisiones en <a href=\"https:\/\/twitter.com\/DiputadosAR?ref_src=twsrc%5Etfw\">@DiputadosAR<\/a>, la de Acci\u00f3n Social y Salud P\u00fablica desafortunadamente no es una de ellas, por eso junto a m\u00e1s de 15 Diputados Nacionales preocupados profundamente por la situaci\u00f3n que atraviesan todas las provincias del pa\u00eds, citamos al\u2026 <a href=\"https:\/\/t.co\/DuF9F7Tj7L\">pic.twitter.com\/DuF9F7Tj7L<\/a><\/p>&mdash; Carla Carrizo (@CarlaCarrizoAR) <a href=\"https:\/\/twitter.com\/CarlaCarrizoAR\/status\/1770129790311223339?ref_src=twsrc%5Etfw\">March 19, 2024<\/a><\/blockquote><script async src=\"https:\/\/platform.twitter.com\/widgets.js\" charset=\"utf-8\"><\/script>\n<\/div><\/figure>\n\n\n\n<p>En su pedido coincide con lo expresado por el senador <strong>Mart\u00edn Lousteau<\/strong>, que adem\u00e1s es el presidente de la UCR, y que se\u00f1al\u00f3 en sus redes sociales:&nbsp;<em>&#8220;Es la peor epidemia de dengue en 15 a\u00f1os. No hay campa\u00f1a de prevenci\u00f3n nacional a la vista. El ministro de Salud brilla por su ausencia. Vocero (Manuel Adorni) que cuestiona a la ciencia. Vacuna inaccesible para millones de argentinos y argentinas y un gobierno ausente<\/em>&#8220;.<\/p>\n\n\n\n<h2 class=\"wp-block-heading\">Vacuna contra el dengue gratis, la propuesta de dos diputados<\/h2>\n\n\n\n<p>Por otro lado, los diputados socialistas de <strong>Santa Fe<\/strong>, <strong>Esteban Paul\u00f3n <\/strong>y <strong>M\u00f3nica Fein<\/strong>, tambi\u00e9n presentaron un proyecto vinculado, con el objetivo de que se incorpore al calendario de vacunaci\u00f3n la vacuna contra el <strong>dengue <\/strong>y que adem\u00e1s sea obligatoria y gratuita.<\/p>\n\n\n\n<p>La propuesta tambi\u00e9n insta al Ministerio de Salud a realizar campa\u00f1as de prevenci\u00f3n permanentes, impulsar la producci\u00f3n de repelente de insectos y concertar su elaboraci\u00f3n en los laboratorios p\u00fablicos. <em>&#8220;Es fundamental su aplicaci\u00f3n y entendemos que el costo ronda los 140 mil pesos, inaccesible para much\u00edsimas personas&#8221;<\/em>, plante\u00f3&nbsp;Paulon.<\/p>\n\n\n\n<figure class=\"wp-block-embed is-type-rich is-provider-twitter wp-block-embed-twitter\"><div class=\"wp-block-embed__wrapper\">\n<blockquote class=\"twitter-tweet\" data-width=\"550\" data-dnt=\"true\"><p lang=\"es\" dir=\"ltr\">Ante la escalada de casos de dengue y la falta de pol\u00edticas de prevenci\u00f3n, junto a <a href=\"https:\/\/twitter.com\/MonicaFein?ref_src=twsrc%5Etfw\">@MonicaFein<\/a> presentamos un proyecto para que la vacuna sea obligatoria y gratuita.<br>Adem\u00e1s, impulsamos la entrega de repelentes en efectores de salud y la realizaci\u00f3n de campa\u00f1as de concientizaci\u00f3n. <a href=\"https:\/\/t.co\/WaoGycTn8d\">pic.twitter.com\/WaoGycTn8d<\/a><\/p>&mdash; Esteban Paulon \ud83c\udf08\ud83d\udc9a (@EstebanPaulon) <a href=\"https:\/\/twitter.com\/EstebanPaulon\/status\/1769798388071940231?ref_src=twsrc%5Etfw\">March 18, 2024<\/a><\/blockquote><script async src=\"https:\/\/platform.twitter.com\/widgets.js\" charset=\"utf-8\"><\/script>\n<\/div><\/figure>\n<div class=\"pvc_clear\"><\/div><p id=\"pvc_stats_63199\" class=\"pvc_stats all  \" data-element-id=\"63199\" style=\"\"><i class=\"pvc-stats-icon small\" aria-hidden=\"true\"><svg aria-hidden=\"true\" focusable=\"false\" data-prefix=\"far\" data-icon=\"chart-bar\" role=\"img\" xmlns=\"http:\/\/www.w3.org\/2000\/svg\" viewBox=\"0 0 512 512\" class=\"svg-inline--fa fa-chart-bar fa-w-16 fa-2x\"><path fill=\"currentColor\" d=\"M396.8 352h22.4c6.4 0 12.8-6.4 12.8-12.8V108.8c0-6.4-6.4-12.8-12.8-12.8h-22.4c-6.4 0-12.8 6.4-12.8 12.8v230.4c0 6.4 6.4 12.8 12.8 12.8zm-192 0h22.4c6.4 0 12.8-6.4 12.8-12.8V140.8c0-6.4-6.4-12.8-12.8-12.8h-22.4c-6.4 0-12.8 6.4-12.8 12.8v198.4c0 6.4 6.4 12.8 12.8 12.8zm96 0h22.4c6.4 0 12.8-6.4 12.8-12.8V204.8c0-6.4-6.4-12.8-12.8-12.8h-22.4c-6.4 0-12.8 6.4-12.8 12.8v134.4c0 6.4 6.4 12.8 12.8 12.8zM496 400H48V80c0-8.84-7.16-16-16-16H16C7.16 64 0 71.16 0 80v336c0 17.67 14.33 32 32 32h464c8.84 0 16-7.16 16-16v-16c0-8.84-7.16-16-16-16zm-387.2-48h22.4c6.4 0 12.8-6.4 12.8-12.8v-70.4c0-6.4-6.4-12.8-12.8-12.8h-22.4c-6.4 0-12.8 6.4-12.8 12.8v70.4c0 6.4 6.4 12.8 12.8 12.8z\" class=\"\"><\/path><\/svg><\/i> <img loading=\"lazy\" decoding=\"async\" width=\"16\" height=\"16\" alt=\"Loading\" src=\"https:\/\/vocesdelacomuna15.com.ar\/wp-content\/plugins\/page-views-count\/ajax-loader-2x.gif\" border=0 \/><\/p><div class=\"pvc_clear\"><\/div>","protected":false},"excerpt":{"rendered":"<p>Los legisladores piden saber las estrategias de prevenci\u00f3n del dengue, incluyendo campa\u00f1as de concientizaci\u00f3n, atenci\u00f3n m\u00e9dica y tratamientos, la coordinaci\u00f3n del Ministerio, a cargo de Mario Russo, con las diferentes jurisdicciones para abordar la problem\u00e1tica. Fuente: Cr\u00f3nica Link a nota original: https:\/\/www.cronica.com.ar\/politica\/Dengue-diputados-buscan-que-la-vacuna-sea-gratuita-y-citaron-al-ministro-de-Salud-de-Javier-Milei-20240320-0066.html Frente al aumento de los casos de dengue casi sin precedentes, un grupo [&hellip;]<\/p>\n<div class=\"pvc_clear\"><\/div>\n<p id=\"pvc_stats_63199\" class=\"pvc_stats all  \" data-element-id=\"63199\" style=\"\"><i class=\"pvc-stats-icon small\" aria-hidden=\"true\"><svg aria-hidden=\"true\" focusable=\"false\" data-prefix=\"far\" data-icon=\"chart-bar\" role=\"img\" xmlns=\"http:\/\/www.w3.org\/2000\/svg\" viewBox=\"0 0 512 512\" class=\"svg-inline--fa fa-chart-bar fa-w-16 fa-2x\"><path fill=\"currentColor\" d=\"M396.8 352h22.4c6.4 0 12.8-6.4 12.8-12.8V108.8c0-6.4-6.4-12.8-12.8-12.8h-22.4c-6.4 0-12.8 6.4-12.8 12.8v230.4c0 6.4 6.4 12.8 12.8 12.8zm-192 0h22.4c6.4 0 12.8-6.4 12.8-12.8V140.8c0-6.4-6.4-12.8-12.8-12.8h-22.4c-6.4 0-12.8 6.4-12.8 12.8v198.4c0 6.4 6.4 12.8 12.8 12.8zm96 0h22.4c6.4 0 12.8-6.4 12.8-12.8V204.8c0-6.4-6.4-12.8-12.8-12.8h-22.4c-6.4 0-12.8 6.4-12.8 12.8v134.4c0 6.4 6.4 12.8 12.8 12.8zM496 400H48V80c0-8.84-7.16-16-16-16H16C7.16 64 0 71.16 0 80v336c0 17.67 14.33 32 32 32h464c8.84 0 16-7.16 16-16v-16c0-8.84-7.16-16-16-16zm-387.2-48h22.4c6.4 0 12.8-6.4 12.8-12.8v-70.4c0-6.4-6.4-12.8-12.8-12.8h-22.4c-6.4 0-12.8 6.4-12.8 12.8v70.4c0 6.4 6.4 12.8 12.8 12.8z\" class=\"\"><\/path><\/svg><\/i> <img loading=\"lazy\" decoding=\"async\" width=\"16\" height=\"16\" alt=\"Loading\" src=\"https:\/\/vocesdelacomuna15.com.ar\/wp-content\/plugins\/page-views-count\/ajax-loader-2x.gif\" border=0 \/><\/p>\n<div class=\"pvc_clear\"><\/div>\n","protected":false},"author":2,"featured_media":63200,"comment_status":"open","ping_status":"open","sticky":false,"template":"","format":"standard","meta":{"_et_pb_use_builder":"off","_et_pb_old_content":"","_et_gb_content_width":"","footnotes":""},"categories":[31],"tags":[],"class_list":["post-63199","post","type-post","status-publish","format-standard","has-post-thumbnail","hentry","category-politica","et-has-post-format-content","et_post_format-et-post-format-standard"],"a3_pvc":{"activated":true,"total_views":24,"today_views":0},"yoast_head":"<!-- This site is optimized with the Yoast SEO plugin v27.5 - https:\/\/yoast.com\/product\/yoast-seo-wordpress\/ -->\n<title>Dengue: diputados buscan que la vacuna sea gratuita y citaron al ministro de Salud de Javier Milei - Voces de la Comuna 15<\/title>\n<meta name=\"description\" content=\"Voces de la Comuna 15\" \/>\n<meta name=\"robots\" content=\"index, follow, max-snippet:-1, max-image-preview:large, max-video-preview:-1\" \/>\n<link rel=\"canonical\" href=\"https:\/\/vocesdelacomuna15.com.ar\/press\/dengue-diputados-buscan-que-la-vacuna-sea-gratuita-y-citaron-al-ministro-de-salud-de-javier-milei\/\" \/>\n<meta property=\"og:locale\" content=\"es_ES\" \/>\n<meta property=\"og:type\" content=\"article\" \/>\n<meta property=\"og:title\" content=\"Dengue: diputados buscan que la vacuna sea gratuita y citaron al ministro de Salud de Javier Milei - Voces de la Comuna 15\" \/>\n<meta property=\"og:description\" content=\"Voces de la Comuna 15\" \/>\n<meta property=\"og:url\" content=\"https:\/\/vocesdelacomuna15.com.ar\/press\/dengue-diputados-buscan-que-la-vacuna-sea-gratuita-y-citaron-al-ministro-de-salud-de-javier-milei\/\" \/>\n<meta property=\"og:site_name\" content=\"Voces de la Comuna 15\" \/>\n<meta property=\"article:publisher\" content=\"https:\/\/www.facebook.com\/VocesComuna15\/\" \/>\n<meta property=\"article:published_time\" content=\"2024-03-20T14:36:49+00:00\" \/>\n<meta property=\"og:image\" content=\"https:\/\/vocesdelacomuna15.com.ar\/wp-content\/uploads\/2024\/03\/denguecronica.png\" \/>\n\t<meta property=\"og:image:width\" content=\"511\" \/>\n\t<meta property=\"og:image:height\" content=\"322\" \/>\n\t<meta property=\"og:image:type\" content=\"image\/png\" \/>\n<meta name=\"author\" content=\"Federico Arguto\" \/>\n<meta name=\"twitter:card\" content=\"summary_large_image\" \/>\n<meta name=\"twitter:creator\" content=\"@vocescomuna15\" \/>\n<meta name=\"twitter:site\" content=\"@vocescomuna15\" \/>\n<meta name=\"twitter:label1\" content=\"Escrito por\" \/>\n\t<meta name=\"twitter:data1\" content=\"Federico Arguto\" \/>\n\t<meta name=\"twitter:label2\" content=\"Tiempo de lectura\" \/>\n\t<meta name=\"twitter:data2\" content=\"3 minutos\" \/>\n<script type=\"application\/ld+json\" class=\"yoast-schema-graph\">{\"@context\":\"https:\\\/\\\/schema.org\",\"@graph\":[{\"@type\":\"Article\",\"@id\":\"https:\\\/\\\/vocesdelacomuna15.com.ar\\\/press\\\/dengue-diputados-buscan-que-la-vacuna-sea-gratuita-y-citaron-al-ministro-de-salud-de-javier-milei\\\/#article\",\"isPartOf\":{\"@id\":\"https:\\\/\\\/vocesdelacomuna15.com.ar\\\/press\\\/dengue-diputados-buscan-que-la-vacuna-sea-gratuita-y-citaron-al-ministro-de-salud-de-javier-milei\\\/\"},\"author\":{\"name\":\"Federico Arguto\",\"@id\":\"https:\\\/\\\/vocesdelacomuna15.com.ar\\\/press\\\/#\\\/schema\\\/person\\\/4739e109db25d799cd3d139eeb509e43\"},\"headline\":\"Dengue: diputados buscan que la vacuna sea gratuita y citaron al ministro de Salud de Javier Milei\",\"datePublished\":\"2024-03-20T14:36:49+00:00\",\"mainEntityOfPage\":{\"@id\":\"https:\\\/\\\/vocesdelacomuna15.com.ar\\\/press\\\/dengue-diputados-buscan-que-la-vacuna-sea-gratuita-y-citaron-al-ministro-de-salud-de-javier-milei\\\/\"},\"wordCount\":638,\"commentCount\":0,\"publisher\":{\"@id\":\"https:\\\/\\\/vocesdelacomuna15.com.ar\\\/press\\\/#organization\"},\"image\":{\"@id\":\"https:\\\/\\\/vocesdelacomuna15.com.ar\\\/press\\\/dengue-diputados-buscan-que-la-vacuna-sea-gratuita-y-citaron-al-ministro-de-salud-de-javier-milei\\\/#primaryimage\"},\"thumbnailUrl\":\"https:\\\/\\\/vocesdelacomuna15.com.ar\\\/wp-content\\\/uploads\\\/2024\\\/03\\\/denguecronica.png\",\"articleSection\":[\"Pol\u00edtica\"],\"inLanguage\":\"es-AR\",\"potentialAction\":[{\"@type\":\"CommentAction\",\"name\":\"Comment\",\"target\":[\"https:\\\/\\\/vocesdelacomuna15.com.ar\\\/press\\\/dengue-diputados-buscan-que-la-vacuna-sea-gratuita-y-citaron-al-ministro-de-salud-de-javier-milei\\\/#respond\"]}]},{\"@type\":\"WebPage\",\"@id\":\"https:\\\/\\\/vocesdelacomuna15.com.ar\\\/press\\\/dengue-diputados-buscan-que-la-vacuna-sea-gratuita-y-citaron-al-ministro-de-salud-de-javier-milei\\\/\",\"url\":\"https:\\\/\\\/vocesdelacomuna15.com.ar\\\/press\\\/dengue-diputados-buscan-que-la-vacuna-sea-gratuita-y-citaron-al-ministro-de-salud-de-javier-milei\\\/\",\"name\":\"Dengue: diputados buscan que la vacuna sea gratuita y citaron al ministro de Salud de Javier Milei - Voces de la Comuna 15\",\"isPartOf\":{\"@id\":\"https:\\\/\\\/vocesdelacomuna15.com.ar\\\/press\\\/#website\"},\"primaryImageOfPage\":{\"@id\":\"https:\\\/\\\/vocesdelacomuna15.com.ar\\\/press\\\/dengue-diputados-buscan-que-la-vacuna-sea-gratuita-y-citaron-al-ministro-de-salud-de-javier-milei\\\/#primaryimage\"},\"image\":{\"@id\":\"https:\\\/\\\/vocesdelacomuna15.com.ar\\\/press\\\/dengue-diputados-buscan-que-la-vacuna-sea-gratuita-y-citaron-al-ministro-de-salud-de-javier-milei\\\/#primaryimage\"},\"thumbnailUrl\":\"https:\\\/\\\/vocesdelacomuna15.com.ar\\\/wp-content\\\/uploads\\\/2024\\\/03\\\/denguecronica.png\",\"datePublished\":\"2024-03-20T14:36:49+00:00\",\"description\":\"Voces de la Comuna 15\",\"breadcrumb\":{\"@id\":\"https:\\\/\\\/vocesdelacomuna15.com.ar\\\/press\\\/dengue-diputados-buscan-que-la-vacuna-sea-gratuita-y-citaron-al-ministro-de-salud-de-javier-milei\\\/#breadcrumb\"},\"inLanguage\":\"es-AR\",\"potentialAction\":[{\"@type\":\"ReadAction\",\"target\":[\"https:\\\/\\\/vocesdelacomuna15.com.ar\\\/press\\\/dengue-diputados-buscan-que-la-vacuna-sea-gratuita-y-citaron-al-ministro-de-salud-de-javier-milei\\\/\"]}]},{\"@type\":\"ImageObject\",\"inLanguage\":\"es-AR\",\"@id\":\"https:\\\/\\\/vocesdelacomuna15.com.ar\\\/press\\\/dengue-diputados-buscan-que-la-vacuna-sea-gratuita-y-citaron-al-ministro-de-salud-de-javier-milei\\\/#primaryimage\",\"url\":\"https:\\\/\\\/vocesdelacomuna15.com.ar\\\/wp-content\\\/uploads\\\/2024\\\/03\\\/denguecronica.png\",\"contentUrl\":\"https:\\\/\\\/vocesdelacomuna15.com.ar\\\/wp-content\\\/uploads\\\/2024\\\/03\\\/denguecronica.png\",\"width\":511,\"height\":322},{\"@type\":\"BreadcrumbList\",\"@id\":\"https:\\\/\\\/vocesdelacomuna15.com.ar\\\/press\\\/dengue-diputados-buscan-que-la-vacuna-sea-gratuita-y-citaron-al-ministro-de-salud-de-javier-milei\\\/#breadcrumb\",\"itemListElement\":[{\"@type\":\"ListItem\",\"position\":1,\"name\":\"Inicio\",\"item\":\"https:\\\/\\\/vocesdelacomuna15.com.ar\\\/press\\\/\"},{\"@type\":\"ListItem\",\"position\":2,\"name\":\"Dengue: diputados buscan que la vacuna sea gratuita y citaron al ministro de Salud de Javier Milei\"}]},{\"@type\":\"WebSite\",\"@id\":\"https:\\\/\\\/vocesdelacomuna15.com.ar\\\/press\\\/#website\",\"url\":\"https:\\\/\\\/vocesdelacomuna15.com.ar\\\/press\\\/\",\"name\":\"Voces de la Comuna 15\",\"description\":\"Sitio web de noticias\",\"publisher\":{\"@id\":\"https:\\\/\\\/vocesdelacomuna15.com.ar\\\/press\\\/#organization\"},\"potentialAction\":[{\"@type\":\"SearchAction\",\"target\":{\"@type\":\"EntryPoint\",\"urlTemplate\":\"https:\\\/\\\/vocesdelacomuna15.com.ar\\\/press\\\/?s={search_term_string}\"},\"query-input\":{\"@type\":\"PropertyValueSpecification\",\"valueRequired\":true,\"valueName\":\"search_term_string\"}}],\"inLanguage\":\"es-AR\"},{\"@type\":\"Organization\",\"@id\":\"https:\\\/\\\/vocesdelacomuna15.com.ar\\\/press\\\/#organization\",\"name\":\"Voces de la Comuna 15\",\"url\":\"https:\\\/\\\/vocesdelacomuna15.com.ar\\\/press\\\/\",\"logo\":{\"@type\":\"ImageObject\",\"inLanguage\":\"es-AR\",\"@id\":\"https:\\\/\\\/vocesdelacomuna15.com.ar\\\/press\\\/#\\\/schema\\\/logo\\\/image\\\/\",\"url\":\"https:\\\/\\\/vocesdelacomuna15.com.ar\\\/wp-content\\\/uploads\\\/2024\\\/12\\\/cropped-logo_voces.jpg\",\"contentUrl\":\"https:\\\/\\\/vocesdelacomuna15.com.ar\\\/wp-content\\\/uploads\\\/2024\\\/12\\\/cropped-logo_voces.jpg\",\"width\":512,\"height\":512,\"caption\":\"Voces de la Comuna 15\"},\"image\":{\"@id\":\"https:\\\/\\\/vocesdelacomuna15.com.ar\\\/press\\\/#\\\/schema\\\/logo\\\/image\\\/\"},\"sameAs\":[\"https:\\\/\\\/www.facebook.com\\\/VocesComuna15\\\/\",\"https:\\\/\\\/x.com\\\/vocescomuna15\"]},{\"@type\":\"Person\",\"@id\":\"https:\\\/\\\/vocesdelacomuna15.com.ar\\\/press\\\/#\\\/schema\\\/person\\\/4739e109db25d799cd3d139eeb509e43\",\"name\":\"Federico Arguto\",\"image\":{\"@type\":\"ImageObject\",\"inLanguage\":\"es-AR\",\"@id\":\"https:\\\/\\\/vocesdelacomuna15.com.ar\\\/wp-content\\\/litespeed\\\/avatar\\\/82faf979976f1bae889b8b71f8a0a7e5.jpg?ver=1777419741\",\"url\":\"https:\\\/\\\/vocesdelacomuna15.com.ar\\\/wp-content\\\/litespeed\\\/avatar\\\/82faf979976f1bae889b8b71f8a0a7e5.jpg?ver=1777419741\",\"contentUrl\":\"https:\\\/\\\/vocesdelacomuna15.com.ar\\\/wp-content\\\/litespeed\\\/avatar\\\/82faf979976f1bae889b8b71f8a0a7e5.jpg?ver=1777419741\",\"caption\":\"Federico Arguto\"},\"url\":\"https:\\\/\\\/vocesdelacomuna15.com.ar\\\/press\\\/author\\\/fede\\\/\"}]}<\/script>\n<!-- \/ Yoast SEO plugin. -->","yoast_head_json":{"title":"Dengue: diputados buscan que la vacuna sea gratuita y citaron al ministro de Salud de Javier Milei - Voces de la Comuna 15","description":"Voces de la Comuna 15","robots":{"index":"index","follow":"follow","max-snippet":"max-snippet:-1","max-image-preview":"max-image-preview:large","max-video-preview":"max-video-preview:-1"},"canonical":"https:\/\/vocesdelacomuna15.com.ar\/press\/dengue-diputados-buscan-que-la-vacuna-sea-gratuita-y-citaron-al-ministro-de-salud-de-javier-milei\/","og_locale":"es_ES","og_type":"article","og_title":"Dengue: diputados buscan que la vacuna sea gratuita y citaron al ministro de Salud de Javier Milei - Voces de la Comuna 15","og_description":"Voces de la Comuna 15","og_url":"https:\/\/vocesdelacomuna15.com.ar\/press\/dengue-diputados-buscan-que-la-vacuna-sea-gratuita-y-citaron-al-ministro-de-salud-de-javier-milei\/","og_site_name":"Voces de la Comuna 15","article_publisher":"https:\/\/www.facebook.com\/VocesComuna15\/","article_published_time":"2024-03-20T14:36:49+00:00","og_image":[{"width":511,"height":322,"url":"https:\/\/vocesdelacomuna15.com.ar\/wp-content\/uploads\/2024\/03\/denguecronica.png","type":"image\/png"}],"author":"Federico Arguto","twitter_card":"summary_large_image","twitter_creator":"@vocescomuna15","twitter_site":"@vocescomuna15","twitter_misc":{"Escrito por":"Federico Arguto","Tiempo de lectura":"3 minutos"},"schema":{"@context":"https:\/\/schema.org","@graph":[{"@type":"Article","@id":"https:\/\/vocesdelacomuna15.com.ar\/press\/dengue-diputados-buscan-que-la-vacuna-sea-gratuita-y-citaron-al-ministro-de-salud-de-javier-milei\/#article","isPartOf":{"@id":"https:\/\/vocesdelacomuna15.com.ar\/press\/dengue-diputados-buscan-que-la-vacuna-sea-gratuita-y-citaron-al-ministro-de-salud-de-javier-milei\/"},"author":{"name":"Federico Arguto","@id":"https:\/\/vocesdelacomuna15.com.ar\/press\/#\/schema\/person\/4739e109db25d799cd3d139eeb509e43"},"headline":"Dengue: diputados buscan que la vacuna sea gratuita y citaron al ministro de Salud de Javier Milei","datePublished":"2024-03-20T14:36:49+00:00","mainEntityOfPage":{"@id":"https:\/\/vocesdelacomuna15.com.ar\/press\/dengue-diputados-buscan-que-la-vacuna-sea-gratuita-y-citaron-al-ministro-de-salud-de-javier-milei\/"},"wordCount":638,"commentCount":0,"publisher":{"@id":"https:\/\/vocesdelacomuna15.com.ar\/press\/#organization"},"image":{"@id":"https:\/\/vocesdelacomuna15.com.ar\/press\/dengue-diputados-buscan-que-la-vacuna-sea-gratuita-y-citaron-al-ministro-de-salud-de-javier-milei\/#primaryimage"},"thumbnailUrl":"https:\/\/vocesdelacomuna15.com.ar\/wp-content\/uploads\/2024\/03\/denguecronica.png","articleSection":["Pol\u00edtica"],"inLanguage":"es-AR","potentialAction":[{"@type":"CommentAction","name":"Comment","target":["https:\/\/vocesdelacomuna15.com.ar\/press\/dengue-diputados-buscan-que-la-vacuna-sea-gratuita-y-citaron-al-ministro-de-salud-de-javier-milei\/#respond"]}]},{"@type":"WebPage","@id":"https:\/\/vocesdelacomuna15.com.ar\/press\/dengue-diputados-buscan-que-la-vacuna-sea-gratuita-y-citaron-al-ministro-de-salud-de-javier-milei\/","url":"https:\/\/vocesdelacomuna15.com.ar\/press\/dengue-diputados-buscan-que-la-vacuna-sea-gratuita-y-citaron-al-ministro-de-salud-de-javier-milei\/","name":"Dengue: diputados buscan que la vacuna sea gratuita y citaron al ministro de Salud de Javier Milei - Voces de la Comuna 15","isPartOf":{"@id":"https:\/\/vocesdelacomuna15.com.ar\/press\/#website"},"primaryImageOfPage":{"@id":"https:\/\/vocesdelacomuna15.com.ar\/press\/dengue-diputados-buscan-que-la-vacuna-sea-gratuita-y-citaron-al-ministro-de-salud-de-javier-milei\/#primaryimage"},"image":{"@id":"https:\/\/vocesdelacomuna15.com.ar\/press\/dengue-diputados-buscan-que-la-vacuna-sea-gratuita-y-citaron-al-ministro-de-salud-de-javier-milei\/#primaryimage"},"thumbnailUrl":"https:\/\/vocesdelacomuna15.com.ar\/wp-content\/uploads\/2024\/03\/denguecronica.png","datePublished":"2024-03-20T14:36:49+00:00","description":"Voces de la Comuna 15","breadcrumb":{"@id":"https:\/\/vocesdelacomuna15.com.ar\/press\/dengue-diputados-buscan-que-la-vacuna-sea-gratuita-y-citaron-al-ministro-de-salud-de-javier-milei\/#breadcrumb"},"inLanguage":"es-AR","potentialAction":[{"@type":"ReadAction","target":["https:\/\/vocesdelacomuna15.com.ar\/press\/dengue-diputados-buscan-que-la-vacuna-sea-gratuita-y-citaron-al-ministro-de-salud-de-javier-milei\/"]}]},{"@type":"ImageObject","inLanguage":"es-AR","@id":"https:\/\/vocesdelacomuna15.com.ar\/press\/dengue-diputados-buscan-que-la-vacuna-sea-gratuita-y-citaron-al-ministro-de-salud-de-javier-milei\/#primaryimage","url":"https:\/\/vocesdelacomuna15.com.ar\/wp-content\/uploads\/2024\/03\/denguecronica.png","contentUrl":"https:\/\/vocesdelacomuna15.com.ar\/wp-content\/uploads\/2024\/03\/denguecronica.png","width":511,"height":322},{"@type":"BreadcrumbList","@id":"https:\/\/vocesdelacomuna15.com.ar\/press\/dengue-diputados-buscan-que-la-vacuna-sea-gratuita-y-citaron-al-ministro-de-salud-de-javier-milei\/#breadcrumb","itemListElement":[{"@type":"ListItem","position":1,"name":"Inicio","item":"https:\/\/vocesdelacomuna15.com.ar\/press\/"},{"@type":"ListItem","position":2,"name":"Dengue: diputados buscan que la vacuna sea gratuita y citaron al ministro de Salud de Javier Milei"}]},{"@type":"WebSite","@id":"https:\/\/vocesdelacomuna15.com.ar\/press\/#website","url":"https:\/\/vocesdelacomuna15.com.ar\/press\/","name":"Voces de la Comuna 15","description":"Sitio web de noticias","publisher":{"@id":"https:\/\/vocesdelacomuna15.com.ar\/press\/#organization"},"potentialAction":[{"@type":"SearchAction","target":{"@type":"EntryPoint","urlTemplate":"https:\/\/vocesdelacomuna15.com.ar\/press\/?s={search_term_string}"},"query-input":{"@type":"PropertyValueSpecification","valueRequired":true,"valueName":"search_term_string"}}],"inLanguage":"es-AR"},{"@type":"Organization","@id":"https:\/\/vocesdelacomuna15.com.ar\/press\/#organization","name":"Voces de la Comuna 15","url":"https:\/\/vocesdelacomuna15.com.ar\/press\/","logo":{"@type":"ImageObject","inLanguage":"es-AR","@id":"https:\/\/vocesdelacomuna15.com.ar\/press\/#\/schema\/logo\/image\/","url":"https:\/\/vocesdelacomuna15.com.ar\/wp-content\/uploads\/2024\/12\/cropped-logo_voces.jpg","contentUrl":"https:\/\/vocesdelacomuna15.com.ar\/wp-content\/uploads\/2024\/12\/cropped-logo_voces.jpg","width":512,"height":512,"caption":"Voces de la Comuna 15"},"image":{"@id":"https:\/\/vocesdelacomuna15.com.ar\/press\/#\/schema\/logo\/image\/"},"sameAs":["https:\/\/www.facebook.com\/VocesComuna15\/","https:\/\/x.com\/vocescomuna15"]},{"@type":"Person","@id":"https:\/\/vocesdelacomuna15.com.ar\/press\/#\/schema\/person\/4739e109db25d799cd3d139eeb509e43","name":"Federico Arguto","image":{"@type":"ImageObject","inLanguage":"es-AR","@id":"https:\/\/vocesdelacomuna15.com.ar\/wp-content\/litespeed\/avatar\/82faf979976f1bae889b8b71f8a0a7e5.jpg?ver=1777419741","url":"https:\/\/vocesdelacomuna15.com.ar\/wp-content\/litespeed\/avatar\/82faf979976f1bae889b8b71f8a0a7e5.jpg?ver=1777419741","contentUrl":"https:\/\/vocesdelacomuna15.com.ar\/wp-content\/litespeed\/avatar\/82faf979976f1bae889b8b71f8a0a7e5.jpg?ver=1777419741","caption":"Federico Arguto"},"url":"https:\/\/vocesdelacomuna15.com.ar\/press\/author\/fede\/"}]}},"_links":{"self":[{"href":"https:\/\/vocesdelacomuna15.com.ar\/press\/wp-json\/wp\/v2\/posts\/63199","targetHints":{"allow":["GET"]}}],"collection":[{"href":"https:\/\/vocesdelacomuna15.com.ar\/press\/wp-json\/wp\/v2\/posts"}],"about":[{"href":"https:\/\/vocesdelacomuna15.com.ar\/press\/wp-json\/wp\/v2\/types\/post"}],"author":[{"embeddable":true,"href":"https:\/\/vocesdelacomuna15.com.ar\/press\/wp-json\/wp\/v2\/users\/2"}],"replies":[{"embeddable":true,"href":"https:\/\/vocesdelacomuna15.com.ar\/press\/wp-json\/wp\/v2\/comments?post=63199"}],"version-history":[{"count":1,"href":"https:\/\/vocesdelacomuna15.com.ar\/press\/wp-json\/wp\/v2\/posts\/63199\/revisions"}],"predecessor-version":[{"id":63201,"href":"https:\/\/vocesdelacomuna15.com.ar\/press\/wp-json\/wp\/v2\/posts\/63199\/revisions\/63201"}],"wp:featuredmedia":[{"embeddable":true,"href":"https:\/\/vocesdelacomuna15.com.ar\/press\/wp-json\/wp\/v2\/media\/63200"}],"wp:attachment":[{"href":"https:\/\/vocesdelacomuna15.com.ar\/press\/wp-json\/wp\/v2\/media?parent=63199"}],"wp:term":[{"taxonomy":"category","embeddable":true,"href":"https:\/\/vocesdelacomuna15.com.ar\/press\/wp-json\/wp\/v2\/categories?post=63199"},{"taxonomy":"post_tag","embeddable":true,"href":"https:\/\/vocesdelacomuna15.com.ar\/press\/wp-json\/wp\/v2\/tags?post=63199"}],"curies":[{"name":"wp","href":"https:\/\/api.w.org\/{rel}","templated":true}]}}