{"id":63190,"date":"2024-03-19T13:01:53","date_gmt":"2024-03-19T16:01:53","guid":{"rendered":"https:\/\/vocesdelacomuna15.com.ar\/?p=63190"},"modified":"2024-03-19T13:02:43","modified_gmt":"2024-03-19T16:02:43","slug":"se-sortearon-los-grupos-de-la-copa-sudamericana-2024","status":"publish","type":"post","link":"https:\/\/vocesdelacomuna15.com.ar\/press\/se-sortearon-los-grupos-de-la-copa-sudamericana-2024\/","title":{"rendered":"Se sortearon los grupos de la Copa Sudamericana 2024"},"content":{"rendered":"\n<p>Argentinos integrar\u00e1 el Grupo F y enfrentar\u00e1 a Corinthians de Brasil, Racing de Uruguay y Nacional de Paraguay<\/p>\n\n\n\n<p>Anoche, en un encuentro en el que estuvieron presentes varios de los grandes jugadores de la historia del f\u00fatbol sudamericano (entre ellos Caf\u00fa, Enzo Francescoli, Oscar Ruggeri, Nery Pumpido y Juan Rom\u00e1n Riquelme), en la sede de la Conmebol situada en la ciudad paraguaya de Luque se realizaron los sorteos de las copas Libertadores y Sudamericana 2024. Asimismo, se reinaugur\u00f3 el museo de la Conmebol, que ahora tambi\u00e9n homenajea a la selecciona argentina campeona del mundo en Qatar 2022.<\/p>\n\n\n\n<p>Argentinos Juniors participar\u00e1 en esta edici\u00f3n del segundo torneo m\u00e1s importante de Sudam\u00e9rica a nivel clubes, que tendr\u00e1 32 participantes (16 clasificaron directamente y los otros 16 llegan de la primera fase). Habr\u00e1 en total 8 grupos con 4 clubes cada uno. Los otros equipos argentinos que disputar\u00e1n la Sudamericana 2024 ser\u00e1n Defensa y Justicia, Belgrano, Boca, Lan\u00fas y Racing.<\/p>\n\n\n\n<figure class=\"wp-block-image size-large\"><img loading=\"lazy\" decoding=\"async\" width=\"819\" height=\"1024\" src=\"https:\/\/vocesdelacomuna15.com.ar\/wp-content\/uploads\/2024\/03\/sudamericana-819x1024.jpg\" alt=\"\" class=\"wp-image-63191\" srcset=\"https:\/\/vocesdelacomuna15.com.ar\/wp-content\/uploads\/2024\/03\/sudamericana-819x1024.jpg 819w, https:\/\/vocesdelacomuna15.com.ar\/wp-content\/uploads\/2024\/03\/sudamericana-240x300.jpg 240w, https:\/\/vocesdelacomuna15.com.ar\/wp-content\/uploads\/2024\/03\/sudamericana-768x960.jpg 768w, https:\/\/vocesdelacomuna15.com.ar\/wp-content\/uploads\/2024\/03\/sudamericana.jpg 1080w\" sizes=\"(max-width: 819px) 100vw, 819px\" \/><\/figure>\n\n\n\n<p>Imagen: Red Social X<\/p>\n\n\n\n<p>Tras disputarse la primera etapa clasificatoria, con partidos \u00fanicos de eliminaci\u00f3n directa entre equipos del mismo pa\u00eds, los ganadores de las 16 llaves se sumaron a los grupos que se sortearon, sumando a ellos seis equipos argentinos, seis brasile\u00f1os m\u00e1s los cuatro perdedores de la fase 3 de la Libertadores, totalizando 32 equipos.<\/p>\n\n\n\n<p>El mejor de cada zona pasar\u00e1 a octavos de final y aguardar\u00e1 por el ganador de los \u201cmata-mata\u201d entre los segundos de estos grupos y los terceros de las zonas de la Copa Libertadores. All\u00ed se enfrentar\u00e1n en cruces ida y vuelta, sin que cuente gol de visitante, hasta llegar a la final en partido \u00fanico a disputarse el 23 de noviembre.<\/p>\n\n\n\n<p>El grupo F parece tener como candidatos a Corinthians y a Argentinos Juniors (que se enfrentaron tambi\u00e9n en la Libertadores 2023). Completan el grupo Racing de Montevideo y Nacional de Paraguay, que tambi\u00e9n pueden pelearla trat\u00e1ndose de dos equipos chicos aguerridos caracter\u00edsticos de esos pa\u00edses. Si bien es un grupo parejo y no hay a priori equipos accesibles, lo positivo para el \u201cBicho\u201d, pensando en la seguidilla de partidos entre esta competici\u00f3n y el torneo local, ser\u00e1 que no tendr\u00e1 viajes largos, trat\u00e1ndose de rivales que ser\u00e1n locales en las ciudades de San Pablo (Brasil), Montevideo (Uruguay) y Asunci\u00f3n (Paraguay).<\/p>\n\n\n\n<p>En detalle, estos ser\u00e1n los 8 grupos de la Copa Sudamericana 2024:<\/p>\n\n\n\n<p><strong><u>Grupo A:&nbsp;<\/u><\/strong><\/p>\n\n\n\n<ul class=\"wp-block-list\">\n<li><strong>Defensa y Justicia<\/strong><\/li>\n\n\n\n<li>Independiente Medell\u00edn<\/li>\n\n\n\n<li>Universidad C\u00e9sar Vallejo<\/li>\n\n\n\n<li>Always Ready<\/li>\n<\/ul>\n\n\n\n<p><strong><u>Grupo B:<\/u><\/strong><\/p>\n\n\n\n<ul class=\"wp-block-list\">\n<li>Cruzeiro<\/li>\n\n\n\n<li>Uni\u00f3n La Calera<\/li>\n\n\n\n<li>Universidad Cat\u00f3lica (E)<\/li>\n\n\n\n<li>Alianza FC<\/li>\n<\/ul>\n\n\n\n<p><strong><u>Grupo C:<\/u><\/strong><\/p>\n\n\n\n<ul class=\"wp-block-list\">\n<li>Internacional<\/li>\n\n\n\n<li>Delf\u00edn<\/li>\n\n\n\n<li><strong>Belgrano<\/strong><\/li>\n\n\n\n<li>Real Tomayapo<\/li>\n<\/ul>\n\n\n\n<p><strong><u>Grupo D:<\/u><\/strong><\/p>\n\n\n\n<ul class=\"wp-block-list\">\n<li><strong>Boca Juniors<\/strong><\/li>\n\n\n\n<li>Fortaleza<\/li>\n\n\n\n<li>Nacional Potos\u00ed<\/li>\n\n\n\n<li>Sportivo Trinidense<\/li>\n<\/ul>\n\n\n\n<p><strong><u>Grupo E:<\/u><\/strong><\/p>\n\n\n\n<ul class=\"wp-block-list\">\n<li>Athl. Paranaense&nbsp;<\/li>\n\n\n\n<li>Danubio<\/li>\n\n\n\n<li>Sportivo Ameliano<\/li>\n\n\n\n<li>Rayo Zuliano<\/li>\n<\/ul>\n\n\n\n<p><strong><u>Grupo F:<\/u><\/strong><\/p>\n\n\n\n<ul class=\"wp-block-list\">\n<li>Corinthians<\/li>\n\n\n\n<li><strong>Argentinos Juniors<\/strong><\/li>\n\n\n\n<li>Racing (U)<\/li>\n\n\n\n<li>Nacional (P)<\/li>\n<\/ul>\n\n\n\n<p><strong><u>Grupo G:<\/u><\/strong><\/p>\n\n\n\n<ul class=\"wp-block-list\">\n<li><strong>Lan\u00fas<\/strong><\/li>\n\n\n\n<li>Metropolitano<\/li>\n\n\n\n<li>Cuiab\u00e1<\/li>\n\n\n\n<li>Deportivo Garsilaso<\/li>\n<\/ul>\n\n\n\n<p><strong><u>Grupo H:<\/u><\/strong><\/p>\n\n\n\n<ul class=\"wp-block-list\">\n<li><strong>Racing<\/strong><\/li>\n\n\n\n<li>Coquimbo Unido<\/li>\n\n\n\n<li>Sportivo Luque\u00f1o<\/li>\n\n\n\n<li>Red Bull Bragantino&nbsp;<\/li>\n<\/ul>\n\n\n\n<p><\/p>\n\n\n\n<p>Foto de portada: Reuters (C\u00e9sar Olmedo)<\/p>\n<div class=\"pvc_clear\"><\/div><p id=\"pvc_stats_63190\" class=\"pvc_stats all  \" data-element-id=\"63190\" style=\"\"><i class=\"pvc-stats-icon small\" aria-hidden=\"true\"><svg aria-hidden=\"true\" focusable=\"false\" data-prefix=\"far\" data-icon=\"chart-bar\" role=\"img\" xmlns=\"http:\/\/www.w3.org\/2000\/svg\" viewBox=\"0 0 512 512\" class=\"svg-inline--fa fa-chart-bar fa-w-16 fa-2x\"><path fill=\"currentColor\" d=\"M396.8 352h22.4c6.4 0 12.8-6.4 12.8-12.8V108.8c0-6.4-6.4-12.8-12.8-12.8h-22.4c-6.4 0-12.8 6.4-12.8 12.8v230.4c0 6.4 6.4 12.8 12.8 12.8zm-192 0h22.4c6.4 0 12.8-6.4 12.8-12.8V140.8c0-6.4-6.4-12.8-12.8-12.8h-22.4c-6.4 0-12.8 6.4-12.8 12.8v198.4c0 6.4 6.4 12.8 12.8 12.8zm96 0h22.4c6.4 0 12.8-6.4 12.8-12.8V204.8c0-6.4-6.4-12.8-12.8-12.8h-22.4c-6.4 0-12.8 6.4-12.8 12.8v134.4c0 6.4 6.4 12.8 12.8 12.8zM496 400H48V80c0-8.84-7.16-16-16-16H16C7.16 64 0 71.16 0 80v336c0 17.67 14.33 32 32 32h464c8.84 0 16-7.16 16-16v-16c0-8.84-7.16-16-16-16zm-387.2-48h22.4c6.4 0 12.8-6.4 12.8-12.8v-70.4c0-6.4-6.4-12.8-12.8-12.8h-22.4c-6.4 0-12.8 6.4-12.8 12.8v70.4c0 6.4 6.4 12.8 12.8 12.8z\" class=\"\"><\/path><\/svg><\/i> <img loading=\"lazy\" decoding=\"async\" width=\"16\" height=\"16\" alt=\"Loading\" src=\"https:\/\/vocesdelacomuna15.com.ar\/wp-content\/plugins\/page-views-count\/ajax-loader-2x.gif\" border=0 \/><\/p><div class=\"pvc_clear\"><\/div>","protected":false},"excerpt":{"rendered":"<p>Argentinos integrar\u00e1 el Grupo F y enfrentar\u00e1 a Corinthians de Brasil, Racing de Uruguay y Nacional de Paraguay Anoche, en un encuentro en el que estuvieron presentes varios de los grandes jugadores de la historia del f\u00fatbol sudamericano (entre ellos Caf\u00fa, Enzo Francescoli, Oscar Ruggeri, Nery Pumpido y Juan Rom\u00e1n Riquelme), en la sede de [&hellip;]<\/p>\n<div class=\"pvc_clear\"><\/div>\n<p id=\"pvc_stats_63190\" class=\"pvc_stats all  \" data-element-id=\"63190\" style=\"\"><i class=\"pvc-stats-icon small\" aria-hidden=\"true\"><svg aria-hidden=\"true\" focusable=\"false\" data-prefix=\"far\" data-icon=\"chart-bar\" role=\"img\" xmlns=\"http:\/\/www.w3.org\/2000\/svg\" viewBox=\"0 0 512 512\" class=\"svg-inline--fa fa-chart-bar fa-w-16 fa-2x\"><path fill=\"currentColor\" d=\"M396.8 352h22.4c6.4 0 12.8-6.4 12.8-12.8V108.8c0-6.4-6.4-12.8-12.8-12.8h-22.4c-6.4 0-12.8 6.4-12.8 12.8v230.4c0 6.4 6.4 12.8 12.8 12.8zm-192 0h22.4c6.4 0 12.8-6.4 12.8-12.8V140.8c0-6.4-6.4-12.8-12.8-12.8h-22.4c-6.4 0-12.8 6.4-12.8 12.8v198.4c0 6.4 6.4 12.8 12.8 12.8zm96 0h22.4c6.4 0 12.8-6.4 12.8-12.8V204.8c0-6.4-6.4-12.8-12.8-12.8h-22.4c-6.4 0-12.8 6.4-12.8 12.8v134.4c0 6.4 6.4 12.8 12.8 12.8zM496 400H48V80c0-8.84-7.16-16-16-16H16C7.16 64 0 71.16 0 80v336c0 17.67 14.33 32 32 32h464c8.84 0 16-7.16 16-16v-16c0-8.84-7.16-16-16-16zm-387.2-48h22.4c6.4 0 12.8-6.4 12.8-12.8v-70.4c0-6.4-6.4-12.8-12.8-12.8h-22.4c-6.4 0-12.8 6.4-12.8 12.8v70.4c0 6.4 6.4 12.8 12.8 12.8z\" class=\"\"><\/path><\/svg><\/i> <img loading=\"lazy\" decoding=\"async\" width=\"16\" height=\"16\" alt=\"Loading\" src=\"https:\/\/vocesdelacomuna15.com.ar\/wp-content\/plugins\/page-views-count\/ajax-loader-2x.gif\" border=0 \/><\/p>\n<div class=\"pvc_clear\"><\/div>\n","protected":false},"author":2,"featured_media":63193,"comment_status":"open","ping_status":"open","sticky":false,"template":"","format":"standard","meta":{"_et_pb_use_builder":"off","_et_pb_old_content":"","_et_gb_content_width":"","footnotes":""},"categories":[27,29],"tags":[],"class_list":["post-63190","post","type-post","status-publish","format-standard","has-post-thumbnail","hentry","category-deportes","category-lapa","et-has-post-format-content","et_post_format-et-post-format-standard"],"a3_pvc":{"activated":true,"total_views":91,"today_views":0},"yoast_head":"<!-- This site is optimized with the Yoast SEO plugin v27.5 - https:\/\/yoast.com\/product\/yoast-seo-wordpress\/ -->\n<title>Se sortearon los grupos de la Copa Sudamericana 2024 - Voces de la Comuna 15<\/title>\n<meta name=\"description\" content=\"Voces de la Comuna 15\" \/>\n<meta name=\"robots\" content=\"index, follow, max-snippet:-1, max-image-preview:large, max-video-preview:-1\" \/>\n<link rel=\"canonical\" href=\"https:\/\/vocesdelacomuna15.com.ar\/press\/se-sortearon-los-grupos-de-la-copa-sudamericana-2024\/\" \/>\n<meta property=\"og:locale\" content=\"es_ES\" \/>\n<meta property=\"og:type\" content=\"article\" \/>\n<meta property=\"og:title\" content=\"Se sortearon los grupos de la Copa Sudamericana 2024 - Voces de la Comuna 15\" \/>\n<meta property=\"og:description\" content=\"Voces de la Comuna 15\" \/>\n<meta property=\"og:url\" content=\"https:\/\/vocesdelacomuna15.com.ar\/press\/se-sortearon-los-grupos-de-la-copa-sudamericana-2024\/\" \/>\n<meta property=\"og:site_name\" content=\"Voces de la Comuna 15\" \/>\n<meta property=\"article:publisher\" content=\"https:\/\/www.facebook.com\/VocesComuna15\/\" \/>\n<meta property=\"article:published_time\" content=\"2024-03-19T16:01:53+00:00\" \/>\n<meta property=\"article:modified_time\" content=\"2024-03-19T16:02:43+00:00\" \/>\n<meta property=\"og:image\" content=\"https:\/\/vocesdelacomuna15.com.ar\/wp-content\/uploads\/2024\/03\/foto-reuters-cesar-olmedo.png\" \/>\n\t<meta property=\"og:image:width\" content=\"593\" \/>\n\t<meta property=\"og:image:height\" content=\"399\" \/>\n\t<meta property=\"og:image:type\" content=\"image\/png\" \/>\n<meta name=\"author\" content=\"Federico Arguto\" \/>\n<meta name=\"twitter:card\" content=\"summary_large_image\" \/>\n<meta name=\"twitter:creator\" content=\"@vocescomuna15\" \/>\n<meta name=\"twitter:site\" content=\"@vocescomuna15\" \/>\n<meta name=\"twitter:label1\" content=\"Escrito por\" \/>\n\t<meta name=\"twitter:data1\" content=\"Federico Arguto\" \/>\n\t<meta name=\"twitter:label2\" content=\"Tiempo de lectura\" \/>\n\t<meta name=\"twitter:data2\" content=\"2 minutos\" \/>\n<script type=\"application\/ld+json\" class=\"yoast-schema-graph\">{\"@context\":\"https:\\\/\\\/schema.org\",\"@graph\":[{\"@type\":\"Article\",\"@id\":\"https:\\\/\\\/vocesdelacomuna15.com.ar\\\/press\\\/se-sortearon-los-grupos-de-la-copa-sudamericana-2024\\\/#article\",\"isPartOf\":{\"@id\":\"https:\\\/\\\/vocesdelacomuna15.com.ar\\\/press\\\/se-sortearon-los-grupos-de-la-copa-sudamericana-2024\\\/\"},\"author\":{\"name\":\"Federico Arguto\",\"@id\":\"https:\\\/\\\/vocesdelacomuna15.com.ar\\\/press\\\/#\\\/schema\\\/person\\\/4739e109db25d799cd3d139eeb509e43\"},\"headline\":\"Se sortearon los grupos de la Copa Sudamericana 2024\",\"datePublished\":\"2024-03-19T16:01:53+00:00\",\"dateModified\":\"2024-03-19T16:02:43+00:00\",\"mainEntityOfPage\":{\"@id\":\"https:\\\/\\\/vocesdelacomuna15.com.ar\\\/press\\\/se-sortearon-los-grupos-de-la-copa-sudamericana-2024\\\/\"},\"wordCount\":496,\"commentCount\":0,\"publisher\":{\"@id\":\"https:\\\/\\\/vocesdelacomuna15.com.ar\\\/press\\\/#organization\"},\"image\":{\"@id\":\"https:\\\/\\\/vocesdelacomuna15.com.ar\\\/press\\\/se-sortearon-los-grupos-de-la-copa-sudamericana-2024\\\/#primaryimage\"},\"thumbnailUrl\":\"https:\\\/\\\/vocesdelacomuna15.com.ar\\\/wp-content\\\/uploads\\\/2024\\\/03\\\/foto-reuters-cesar-olmedo.png\",\"articleSection\":[\"Deportes\",\"La Paternal\"],\"inLanguage\":\"es-AR\",\"potentialAction\":[{\"@type\":\"CommentAction\",\"name\":\"Comment\",\"target\":[\"https:\\\/\\\/vocesdelacomuna15.com.ar\\\/press\\\/se-sortearon-los-grupos-de-la-copa-sudamericana-2024\\\/#respond\"]}]},{\"@type\":\"WebPage\",\"@id\":\"https:\\\/\\\/vocesdelacomuna15.com.ar\\\/press\\\/se-sortearon-los-grupos-de-la-copa-sudamericana-2024\\\/\",\"url\":\"https:\\\/\\\/vocesdelacomuna15.com.ar\\\/press\\\/se-sortearon-los-grupos-de-la-copa-sudamericana-2024\\\/\",\"name\":\"Se sortearon los grupos de la Copa Sudamericana 2024 - Voces de la Comuna 15\",\"isPartOf\":{\"@id\":\"https:\\\/\\\/vocesdelacomuna15.com.ar\\\/press\\\/#website\"},\"primaryImageOfPage\":{\"@id\":\"https:\\\/\\\/vocesdelacomuna15.com.ar\\\/press\\\/se-sortearon-los-grupos-de-la-copa-sudamericana-2024\\\/#primaryimage\"},\"image\":{\"@id\":\"https:\\\/\\\/vocesdelacomuna15.com.ar\\\/press\\\/se-sortearon-los-grupos-de-la-copa-sudamericana-2024\\\/#primaryimage\"},\"thumbnailUrl\":\"https:\\\/\\\/vocesdelacomuna15.com.ar\\\/wp-content\\\/uploads\\\/2024\\\/03\\\/foto-reuters-cesar-olmedo.png\",\"datePublished\":\"2024-03-19T16:01:53+00:00\",\"dateModified\":\"2024-03-19T16:02:43+00:00\",\"description\":\"Voces de la Comuna 15\",\"breadcrumb\":{\"@id\":\"https:\\\/\\\/vocesdelacomuna15.com.ar\\\/press\\\/se-sortearon-los-grupos-de-la-copa-sudamericana-2024\\\/#breadcrumb\"},\"inLanguage\":\"es-AR\",\"potentialAction\":[{\"@type\":\"ReadAction\",\"target\":[\"https:\\\/\\\/vocesdelacomuna15.com.ar\\\/press\\\/se-sortearon-los-grupos-de-la-copa-sudamericana-2024\\\/\"]}]},{\"@type\":\"ImageObject\",\"inLanguage\":\"es-AR\",\"@id\":\"https:\\\/\\\/vocesdelacomuna15.com.ar\\\/press\\\/se-sortearon-los-grupos-de-la-copa-sudamericana-2024\\\/#primaryimage\",\"url\":\"https:\\\/\\\/vocesdelacomuna15.com.ar\\\/wp-content\\\/uploads\\\/2024\\\/03\\\/foto-reuters-cesar-olmedo.png\",\"contentUrl\":\"https:\\\/\\\/vocesdelacomuna15.com.ar\\\/wp-content\\\/uploads\\\/2024\\\/03\\\/foto-reuters-cesar-olmedo.png\",\"width\":593,\"height\":399},{\"@type\":\"BreadcrumbList\",\"@id\":\"https:\\\/\\\/vocesdelacomuna15.com.ar\\\/press\\\/se-sortearon-los-grupos-de-la-copa-sudamericana-2024\\\/#breadcrumb\",\"itemListElement\":[{\"@type\":\"ListItem\",\"position\":1,\"name\":\"Inicio\",\"item\":\"https:\\\/\\\/vocesdelacomuna15.com.ar\\\/press\\\/\"},{\"@type\":\"ListItem\",\"position\":2,\"name\":\"Se sortearon los grupos de la Copa Sudamericana 2024\"}]},{\"@type\":\"WebSite\",\"@id\":\"https:\\\/\\\/vocesdelacomuna15.com.ar\\\/press\\\/#website\",\"url\":\"https:\\\/\\\/vocesdelacomuna15.com.ar\\\/press\\\/\",\"name\":\"Voces de la Comuna 15\",\"description\":\"Sitio web de noticias\",\"publisher\":{\"@id\":\"https:\\\/\\\/vocesdelacomuna15.com.ar\\\/press\\\/#organization\"},\"potentialAction\":[{\"@type\":\"SearchAction\",\"target\":{\"@type\":\"EntryPoint\",\"urlTemplate\":\"https:\\\/\\\/vocesdelacomuna15.com.ar\\\/press\\\/?s={search_term_string}\"},\"query-input\":{\"@type\":\"PropertyValueSpecification\",\"valueRequired\":true,\"valueName\":\"search_term_string\"}}],\"inLanguage\":\"es-AR\"},{\"@type\":\"Organization\",\"@id\":\"https:\\\/\\\/vocesdelacomuna15.com.ar\\\/press\\\/#organization\",\"name\":\"Voces de la Comuna 15\",\"url\":\"https:\\\/\\\/vocesdelacomuna15.com.ar\\\/press\\\/\",\"logo\":{\"@type\":\"ImageObject\",\"inLanguage\":\"es-AR\",\"@id\":\"https:\\\/\\\/vocesdelacomuna15.com.ar\\\/press\\\/#\\\/schema\\\/logo\\\/image\\\/\",\"url\":\"https:\\\/\\\/vocesdelacomuna15.com.ar\\\/wp-content\\\/uploads\\\/2024\\\/12\\\/cropped-logo_voces.jpg\",\"contentUrl\":\"https:\\\/\\\/vocesdelacomuna15.com.ar\\\/wp-content\\\/uploads\\\/2024\\\/12\\\/cropped-logo_voces.jpg\",\"width\":512,\"height\":512,\"caption\":\"Voces de la Comuna 15\"},\"image\":{\"@id\":\"https:\\\/\\\/vocesdelacomuna15.com.ar\\\/press\\\/#\\\/schema\\\/logo\\\/image\\\/\"},\"sameAs\":[\"https:\\\/\\\/www.facebook.com\\\/VocesComuna15\\\/\",\"https:\\\/\\\/x.com\\\/vocescomuna15\"]},{\"@type\":\"Person\",\"@id\":\"https:\\\/\\\/vocesdelacomuna15.com.ar\\\/press\\\/#\\\/schema\\\/person\\\/4739e109db25d799cd3d139eeb509e43\",\"name\":\"Federico Arguto\",\"image\":{\"@type\":\"ImageObject\",\"inLanguage\":\"es-AR\",\"@id\":\"https:\\\/\\\/vocesdelacomuna15.com.ar\\\/wp-content\\\/litespeed\\\/avatar\\\/82faf979976f1bae889b8b71f8a0a7e5.jpg?ver=1777419741\",\"url\":\"https:\\\/\\\/vocesdelacomuna15.com.ar\\\/wp-content\\\/litespeed\\\/avatar\\\/82faf979976f1bae889b8b71f8a0a7e5.jpg?ver=1777419741\",\"contentUrl\":\"https:\\\/\\\/vocesdelacomuna15.com.ar\\\/wp-content\\\/litespeed\\\/avatar\\\/82faf979976f1bae889b8b71f8a0a7e5.jpg?ver=1777419741\",\"caption\":\"Federico Arguto\"},\"url\":\"https:\\\/\\\/vocesdelacomuna15.com.ar\\\/press\\\/author\\\/fede\\\/\"}]}<\/script>\n<!-- \/ Yoast SEO plugin. -->","yoast_head_json":{"title":"Se sortearon los grupos de la Copa Sudamericana 2024 - Voces de la Comuna 15","description":"Voces de la Comuna 15","robots":{"index":"index","follow":"follow","max-snippet":"max-snippet:-1","max-image-preview":"max-image-preview:large","max-video-preview":"max-video-preview:-1"},"canonical":"https:\/\/vocesdelacomuna15.com.ar\/press\/se-sortearon-los-grupos-de-la-copa-sudamericana-2024\/","og_locale":"es_ES","og_type":"article","og_title":"Se sortearon los grupos de la Copa Sudamericana 2024 - Voces de la Comuna 15","og_description":"Voces de la Comuna 15","og_url":"https:\/\/vocesdelacomuna15.com.ar\/press\/se-sortearon-los-grupos-de-la-copa-sudamericana-2024\/","og_site_name":"Voces de la Comuna 15","article_publisher":"https:\/\/www.facebook.com\/VocesComuna15\/","article_published_time":"2024-03-19T16:01:53+00:00","article_modified_time":"2024-03-19T16:02:43+00:00","og_image":[{"width":593,"height":399,"url":"https:\/\/vocesdelacomuna15.com.ar\/wp-content\/uploads\/2024\/03\/foto-reuters-cesar-olmedo.png","type":"image\/png"}],"author":"Federico Arguto","twitter_card":"summary_large_image","twitter_creator":"@vocescomuna15","twitter_site":"@vocescomuna15","twitter_misc":{"Escrito por":"Federico Arguto","Tiempo de lectura":"2 minutos"},"schema":{"@context":"https:\/\/schema.org","@graph":[{"@type":"Article","@id":"https:\/\/vocesdelacomuna15.com.ar\/press\/se-sortearon-los-grupos-de-la-copa-sudamericana-2024\/#article","isPartOf":{"@id":"https:\/\/vocesdelacomuna15.com.ar\/press\/se-sortearon-los-grupos-de-la-copa-sudamericana-2024\/"},"author":{"name":"Federico Arguto","@id":"https:\/\/vocesdelacomuna15.com.ar\/press\/#\/schema\/person\/4739e109db25d799cd3d139eeb509e43"},"headline":"Se sortearon los grupos de la Copa Sudamericana 2024","datePublished":"2024-03-19T16:01:53+00:00","dateModified":"2024-03-19T16:02:43+00:00","mainEntityOfPage":{"@id":"https:\/\/vocesdelacomuna15.com.ar\/press\/se-sortearon-los-grupos-de-la-copa-sudamericana-2024\/"},"wordCount":496,"commentCount":0,"publisher":{"@id":"https:\/\/vocesdelacomuna15.com.ar\/press\/#organization"},"image":{"@id":"https:\/\/vocesdelacomuna15.com.ar\/press\/se-sortearon-los-grupos-de-la-copa-sudamericana-2024\/#primaryimage"},"thumbnailUrl":"https:\/\/vocesdelacomuna15.com.ar\/wp-content\/uploads\/2024\/03\/foto-reuters-cesar-olmedo.png","articleSection":["Deportes","La Paternal"],"inLanguage":"es-AR","potentialAction":[{"@type":"CommentAction","name":"Comment","target":["https:\/\/vocesdelacomuna15.com.ar\/press\/se-sortearon-los-grupos-de-la-copa-sudamericana-2024\/#respond"]}]},{"@type":"WebPage","@id":"https:\/\/vocesdelacomuna15.com.ar\/press\/se-sortearon-los-grupos-de-la-copa-sudamericana-2024\/","url":"https:\/\/vocesdelacomuna15.com.ar\/press\/se-sortearon-los-grupos-de-la-copa-sudamericana-2024\/","name":"Se sortearon los grupos de la Copa Sudamericana 2024 - Voces de la Comuna 15","isPartOf":{"@id":"https:\/\/vocesdelacomuna15.com.ar\/press\/#website"},"primaryImageOfPage":{"@id":"https:\/\/vocesdelacomuna15.com.ar\/press\/se-sortearon-los-grupos-de-la-copa-sudamericana-2024\/#primaryimage"},"image":{"@id":"https:\/\/vocesdelacomuna15.com.ar\/press\/se-sortearon-los-grupos-de-la-copa-sudamericana-2024\/#primaryimage"},"thumbnailUrl":"https:\/\/vocesdelacomuna15.com.ar\/wp-content\/uploads\/2024\/03\/foto-reuters-cesar-olmedo.png","datePublished":"2024-03-19T16:01:53+00:00","dateModified":"2024-03-19T16:02:43+00:00","description":"Voces de la Comuna 15","breadcrumb":{"@id":"https:\/\/vocesdelacomuna15.com.ar\/press\/se-sortearon-los-grupos-de-la-copa-sudamericana-2024\/#breadcrumb"},"inLanguage":"es-AR","potentialAction":[{"@type":"ReadAction","target":["https:\/\/vocesdelacomuna15.com.ar\/press\/se-sortearon-los-grupos-de-la-copa-sudamericana-2024\/"]}]},{"@type":"ImageObject","inLanguage":"es-AR","@id":"https:\/\/vocesdelacomuna15.com.ar\/press\/se-sortearon-los-grupos-de-la-copa-sudamericana-2024\/#primaryimage","url":"https:\/\/vocesdelacomuna15.com.ar\/wp-content\/uploads\/2024\/03\/foto-reuters-cesar-olmedo.png","contentUrl":"https:\/\/vocesdelacomuna15.com.ar\/wp-content\/uploads\/2024\/03\/foto-reuters-cesar-olmedo.png","width":593,"height":399},{"@type":"BreadcrumbList","@id":"https:\/\/vocesdelacomuna15.com.ar\/press\/se-sortearon-los-grupos-de-la-copa-sudamericana-2024\/#breadcrumb","itemListElement":[{"@type":"ListItem","position":1,"name":"Inicio","item":"https:\/\/vocesdelacomuna15.com.ar\/press\/"},{"@type":"ListItem","position":2,"name":"Se sortearon los grupos de la Copa Sudamericana 2024"}]},{"@type":"WebSite","@id":"https:\/\/vocesdelacomuna15.com.ar\/press\/#website","url":"https:\/\/vocesdelacomuna15.com.ar\/press\/","name":"Voces de la Comuna 15","description":"Sitio web de noticias","publisher":{"@id":"https:\/\/vocesdelacomuna15.com.ar\/press\/#organization"},"potentialAction":[{"@type":"SearchAction","target":{"@type":"EntryPoint","urlTemplate":"https:\/\/vocesdelacomuna15.com.ar\/press\/?s={search_term_string}"},"query-input":{"@type":"PropertyValueSpecification","valueRequired":true,"valueName":"search_term_string"}}],"inLanguage":"es-AR"},{"@type":"Organization","@id":"https:\/\/vocesdelacomuna15.com.ar\/press\/#organization","name":"Voces de la Comuna 15","url":"https:\/\/vocesdelacomuna15.com.ar\/press\/","logo":{"@type":"ImageObject","inLanguage":"es-AR","@id":"https:\/\/vocesdelacomuna15.com.ar\/press\/#\/schema\/logo\/image\/","url":"https:\/\/vocesdelacomuna15.com.ar\/wp-content\/uploads\/2024\/12\/cropped-logo_voces.jpg","contentUrl":"https:\/\/vocesdelacomuna15.com.ar\/wp-content\/uploads\/2024\/12\/cropped-logo_voces.jpg","width":512,"height":512,"caption":"Voces de la Comuna 15"},"image":{"@id":"https:\/\/vocesdelacomuna15.com.ar\/press\/#\/schema\/logo\/image\/"},"sameAs":["https:\/\/www.facebook.com\/VocesComuna15\/","https:\/\/x.com\/vocescomuna15"]},{"@type":"Person","@id":"https:\/\/vocesdelacomuna15.com.ar\/press\/#\/schema\/person\/4739e109db25d799cd3d139eeb509e43","name":"Federico Arguto","image":{"@type":"ImageObject","inLanguage":"es-AR","@id":"https:\/\/vocesdelacomuna15.com.ar\/wp-content\/litespeed\/avatar\/82faf979976f1bae889b8b71f8a0a7e5.jpg?ver=1777419741","url":"https:\/\/vocesdelacomuna15.com.ar\/wp-content\/litespeed\/avatar\/82faf979976f1bae889b8b71f8a0a7e5.jpg?ver=1777419741","contentUrl":"https:\/\/vocesdelacomuna15.com.ar\/wp-content\/litespeed\/avatar\/82faf979976f1bae889b8b71f8a0a7e5.jpg?ver=1777419741","caption":"Federico Arguto"},"url":"https:\/\/vocesdelacomuna15.com.ar\/press\/author\/fede\/"}]}},"_links":{"self":[{"href":"https:\/\/vocesdelacomuna15.com.ar\/press\/wp-json\/wp\/v2\/posts\/63190","targetHints":{"allow":["GET"]}}],"collection":[{"href":"https:\/\/vocesdelacomuna15.com.ar\/press\/wp-json\/wp\/v2\/posts"}],"about":[{"href":"https:\/\/vocesdelacomuna15.com.ar\/press\/wp-json\/wp\/v2\/types\/post"}],"author":[{"embeddable":true,"href":"https:\/\/vocesdelacomuna15.com.ar\/press\/wp-json\/wp\/v2\/users\/2"}],"replies":[{"embeddable":true,"href":"https:\/\/vocesdelacomuna15.com.ar\/press\/wp-json\/wp\/v2\/comments?post=63190"}],"version-history":[{"count":2,"href":"https:\/\/vocesdelacomuna15.com.ar\/press\/wp-json\/wp\/v2\/posts\/63190\/revisions"}],"predecessor-version":[{"id":63194,"href":"https:\/\/vocesdelacomuna15.com.ar\/press\/wp-json\/wp\/v2\/posts\/63190\/revisions\/63194"}],"wp:featuredmedia":[{"embeddable":true,"href":"https:\/\/vocesdelacomuna15.com.ar\/press\/wp-json\/wp\/v2\/media\/63193"}],"wp:attachment":[{"href":"https:\/\/vocesdelacomuna15.com.ar\/press\/wp-json\/wp\/v2\/media?parent=63190"}],"wp:term":[{"taxonomy":"category","embeddable":true,"href":"https:\/\/vocesdelacomuna15.com.ar\/press\/wp-json\/wp\/v2\/categories?post=63190"},{"taxonomy":"post_tag","embeddable":true,"href":"https:\/\/vocesdelacomuna15.com.ar\/press\/wp-json\/wp\/v2\/tags?post=63190"}],"curies":[{"name":"wp","href":"https:\/\/api.w.org\/{rel}","templated":true}]}}