{"id":63185,"date":"2024-03-19T11:41:26","date_gmt":"2024-03-19T14:41:26","guid":{"rendered":"https:\/\/vocesdelacomuna15.com.ar\/?p=63185"},"modified":"2024-03-19T11:41:39","modified_gmt":"2024-03-19T14:41:39","slug":"musicales-avenida-q","status":"publish","type":"post","link":"https:\/\/vocesdelacomuna15.com.ar\/press\/musicales-avenida-q\/","title":{"rendered":"Musicales: \u201cAvenida Q\u201d"},"content":{"rendered":"\n<p>\u201cOciopatas\u201d, la columna de teatro de Manuel Germano<\/p>\n\n\n\n<p>Con direcci\u00f3n general de Melania Lenoir reestren\u00f3 en el&nbsp; bell\u00edsimo teatro Maipo el premiado musical \u201cAvenida Q\u201d,&nbsp; una de las obras m\u00e1s esperadas este a\u00f1o, ganadora&nbsp; de tres premios Tony (Mejor Musical, Mejor Libro de Musical y Mejor Partitura Original) y cinco Premios \u201cDrama Desk&#8221; (Mejor Nuevo Musical, Mejor Libro, Mejor Actriz, Mejores Letras y Mejor M\u00fasica).<\/p>\n\n\n\n<p>\u201cAvenida Q\u201d estren\u00f3 en Broadway en 2003 y ac\u00e1 estuvo en la cartelera del complejo La Plaza en 2010 y en el Maipo en 2011, protagonizada en su momento por la ahora directora general, Melania Lenoir, y un elenco conformado por Mariano Chiesa, Federico Salles, Germ\u00e1n Tripel, Manuel Victoria (presente en esta versi\u00f3n 2024), Silvana Tom\u00e9, Patricia Lorca y Mica Pierani Mendez.&nbsp;<\/p>\n\n\n\n<p>La historia nos presenta a Princeton, un reci\u00e9n graduado en letras con poco dinero en su bolsillo que decide buscar un lugar para vivir que est\u00e9 a su alcance. Apenas pone un pie en la vereda de la Avenida Q es sorprendido por una serie de personajes, uno m\u00e1s peculiar que el otro, que no tardan en darle la bienvenida. Peluches materialmente simples son ejecutados por actores que le dan vida (Nacho Peres Cortes, Lali Vidal, Manu Victoria, James Cowan, Stefi Ribisich, Juan Martin Gim\u00e9nez), en muchos casos, a m\u00e1s de uno. Tambi\u00e9n est\u00e1n los personajes que no manipulan t\u00edteres: Manu Ntaka, Andy Cho y Juli\u00e1n Rubino. Completan el equipo Carolina Liask, Joaquin Catarineu. El ejercicio es pensar y entender a los mu\u00f1ecos como roles, con toda la carga dram\u00e1tica que eso implica. Un trabajo complejo que en esta puesta se sortea con \u00e9xito.&nbsp;<\/p>\n\n\n\n<p>\u00bfQu\u00e9 tienen estos peluches depravados y originales que desde su creaci\u00f3n convocan a distintas audiencias a lo largo de todo el mundo?&nbsp;<\/p>\n\n\n\n<p>En primer lugar su humanidad. Estos personajes (no se distingue ac\u00e1 si se trata de mu\u00f1ecos o humanos, todos son roles a efectos de la puesta) transitan cuestiones que de alguna u otra manera tienen que ver con la propia existencia: \u00bfQui\u00e9nes somos realmente, detr\u00e1s de las apariencias? \u00bfQu\u00e9 queremos en la vida?, \u00bfC\u00f3mo nos guste que nos miren? \u00bfQu\u00e9 miedos intentamos ocultar por temor al rechazo?. A todas estas tem\u00e1ticas universales se le suma lo que sucede cuando nos conectamos con el otro. La verdadera amistad, el amor, el sexo, lo que tenemos ganas de hacer en realidad.<\/p>\n\n\n\n<p>Otro motivo que hace que esta obra convoque al publico adulto (al cual est\u00e1 destinada) es su nivel de acidez, humor negro y posici\u00f3n pol\u00edticamente \u201cincorrecta\u201d, perspicaz, ir\u00f3nica, y una adjetivaci\u00f3n subida de tono que no es com\u00fan ver en teatro y que en la voz de estos mu\u00f1ecos alcanza un nivel de gracia y autenticidad m\u00e1s que disfrutable.<\/p>\n\n\n\n<figure class=\"wp-block-image size-full\"><img loading=\"lazy\" decoding=\"async\" width=\"270\" height=\"410\" src=\"https:\/\/vocesdelacomuna15.com.ar\/wp-content\/uploads\/2024\/03\/foto2.png\" alt=\"\" class=\"wp-image-63187\" srcset=\"https:\/\/vocesdelacomuna15.com.ar\/wp-content\/uploads\/2024\/03\/foto2.png 270w, https:\/\/vocesdelacomuna15.com.ar\/wp-content\/uploads\/2024\/03\/foto2-198x300.png 198w\" sizes=\"(max-width: 270px) 100vw, 270px\" \/><\/figure>\n\n\n\n<p>A lo largo de la pieza los personajes se relacionan y el destino los ubica en distintos lugares. Algunos descubrir\u00e1n el amor, otros quienes realmente son, los objetivos que se plantean. La pieza alterna los momentos graciosos y disparatados (los ositos de \u201clas malas ideas\u201d generan carcajadas en la audiencia), con aquellos vinculados a situaciones dram\u00e1ticas y hasta rom\u00e1nticas muy bien ejecutadas, ya sea por la habilidad y destreza de los actores que manipulan los peluches, c\u00f3mo en la interpretaci\u00f3n de las diversas y hermosas canciones (traducci\u00f3n y adaptaci\u00f3n de Nati Del Castillo, Tatao Fern\u00e1ndez y Edu Morales).&nbsp;<\/p>\n\n\n\n<p>Los arreglos vocales (m\u00e9rito de Silvana Tom\u00e9) y las coreograf\u00edas (a cargo de Luli Brindisi) son, junto a los rubros t\u00e9cnicos y la banda en vivo (Ezequiel Giraldez en guitarra, Gonzalo Fuentes en bajo, Fabi\u00e1n Paquadio en bater\u00eda, Agustin Gallo en piano, Tomas Mayer Wolf en teclado y Emma Famin en flauta, clarinete y saxo), un combo imbatible que no solo acompa\u00f1a a los actores sino que brinda, desde lo visual y sonoro, pasajes impecables.&nbsp;<\/p>\n\n\n\n<p>Nacho Perez Cort\u00e9s y Lali Vidal realizan un trabajo formidable. Ambos le dan vida a m\u00e1s de un personaje y su qu\u00edmica y buen compa\u00f1erismo traspasa el escenario. El elenco en general demuestra gran nivel y compromiso, y eso se aprecia y festeja del otro lado.&nbsp;<\/p>\n\n\n\n<p>Un musical inteligente que transmite alegr\u00eda pero tambi\u00e9n atraviesa cuestiones vinculadas a la humanidad que interpelan al espectador. M\u00e1s que recomendable.<\/p>\n\n\n\n<p><\/p>\n\n\n\n<p><strong><u>Calificaci\u00f3n: Excelente<\/u><\/strong><\/p>\n\n\n\n<figure class=\"wp-block-image size-full\"><img loading=\"lazy\" decoding=\"async\" width=\"414\" height=\"268\" src=\"https:\/\/vocesdelacomuna15.com.ar\/wp-content\/uploads\/2024\/03\/foto-3.png\" alt=\"\" class=\"wp-image-63188\" srcset=\"https:\/\/vocesdelacomuna15.com.ar\/wp-content\/uploads\/2024\/03\/foto-3.png 414w, https:\/\/vocesdelacomuna15.com.ar\/wp-content\/uploads\/2024\/03\/foto-3-300x194.png 300w\" sizes=\"(max-width: 414px) 100vw, 414px\" \/><\/figure>\n\n\n\n<p><strong><u>FICHA T\u00c9CNICA:<\/u><\/strong><\/p>\n\n\n\n<p>TRADUCCI\u00d3N y ADAPTACI\u00d3N: Nati Del Castillo &#8211; Tato Fern\u00e1ndez &#8211; Edu Morales<\/p>\n\n\n\n<p>DIRECCI\u00d3N GENERAL: Mela Lenoir<\/p>\n\n\n\n<p>DIRECCI\u00d3N MUSICAL: Tom\u00e1s Mayer Wolf<\/p>\n\n\n\n<p>DIRECCI\u00d3N VOCAL: Silvana Tom\u00e9<\/p>\n\n\n\n<p>COREOGRAF\u00cdA: Luli Brindisi<\/p>\n\n\n\n<p>ASISTENTE DE DIRECCI\u00d3N: Mica Pierani M\u00e9ndez<\/p>\n\n\n\n<p>ASISTENCIA DE COREOGRAF\u00cdA: Pedro Vega<\/p>\n\n\n\n<p>ENTRENAMIENTO EN T\u00cdTERES: Eduardo Pacha Paglieri<\/p>\n\n\n\n<p>COACHING VOCAL Y LOCUCIONES: Pablo Gandolfo<\/p>\n\n\n\n<p>PRODUCCI\u00d3N EJECUTIVA: Mechi Villegas &#8211; Luli Lami Dozo &#8211; Feli Carman<\/p>\n\n\n\n<p>ASISTENCIA DE PRODUCCION: Ignacio Vald\u00e9s &#8211; Luc\u00eda Yasmin V\u00e1zquez<\/p>\n\n\n\n<p>T\u00cdTERES: Gustavo Garabito<\/p>\n\n\n\n<p>DISE\u00d1O VESTUARIO: Javier Ponzio &#8211; Silvina Falc\u00f3n<\/p>\n\n\n\n<p>DISE\u00d1O DE MAQUILLAJE: Sole Capano<\/p>\n\n\n\n<p>DISE\u00d1O DE PEINADOS: Gustavo Quiroga &#8211; Francisco de los Santos<\/p>\n\n\n\n<p>DISE\u00d1O ESCENOGRAF\u00cdA: Tati Mladineo &#8211; Luli Peralta B\u00f3<\/p>\n\n\n\n<p>DISE\u00d1O ILUMINACI\u00d3N: Gaspar Potocnik<\/p>\n\n\n\n<p>IDENTIDAD VISUAL Y DISE\u00d1O AUDIOVISUAL: Drama (Mat\u00edas Gordon \/ Guido Wainstein)<\/p>\n\n\n\n<p>ANIMACI\u00d3N: Nazareth Moreno<\/p>\n\n\n\n<p>PRODUCCI\u00d3N T\u00c9CNICA: Juan Zorraqu\u00edn<\/p>\n\n\n\n<p>STAGE MANAGER: Mili Polledo<\/p>\n\n\n\n<p>COMMUNITY MANAGER: Naty Martins<\/p>\n\n\n\n<p>COMUNICACI\u00d3N Y COMERCIAL: Santiago Cano Moffat<\/p>\n\n\n\n<p>PRENSA: Varas Otero<\/p>\n<div class=\"pvc_clear\"><\/div><p id=\"pvc_stats_63185\" class=\"pvc_stats all  \" data-element-id=\"63185\" style=\"\"><i class=\"pvc-stats-icon small\" aria-hidden=\"true\"><svg aria-hidden=\"true\" focusable=\"false\" data-prefix=\"far\" data-icon=\"chart-bar\" role=\"img\" xmlns=\"http:\/\/www.w3.org\/2000\/svg\" viewBox=\"0 0 512 512\" class=\"svg-inline--fa fa-chart-bar fa-w-16 fa-2x\"><path fill=\"currentColor\" d=\"M396.8 352h22.4c6.4 0 12.8-6.4 12.8-12.8V108.8c0-6.4-6.4-12.8-12.8-12.8h-22.4c-6.4 0-12.8 6.4-12.8 12.8v230.4c0 6.4 6.4 12.8 12.8 12.8zm-192 0h22.4c6.4 0 12.8-6.4 12.8-12.8V140.8c0-6.4-6.4-12.8-12.8-12.8h-22.4c-6.4 0-12.8 6.4-12.8 12.8v198.4c0 6.4 6.4 12.8 12.8 12.8zm96 0h22.4c6.4 0 12.8-6.4 12.8-12.8V204.8c0-6.4-6.4-12.8-12.8-12.8h-22.4c-6.4 0-12.8 6.4-12.8 12.8v134.4c0 6.4 6.4 12.8 12.8 12.8zM496 400H48V80c0-8.84-7.16-16-16-16H16C7.16 64 0 71.16 0 80v336c0 17.67 14.33 32 32 32h464c8.84 0 16-7.16 16-16v-16c0-8.84-7.16-16-16-16zm-387.2-48h22.4c6.4 0 12.8-6.4 12.8-12.8v-70.4c0-6.4-6.4-12.8-12.8-12.8h-22.4c-6.4 0-12.8 6.4-12.8 12.8v70.4c0 6.4 6.4 12.8 12.8 12.8z\" class=\"\"><\/path><\/svg><\/i> <img loading=\"lazy\" decoding=\"async\" width=\"16\" height=\"16\" alt=\"Loading\" src=\"https:\/\/vocesdelacomuna15.com.ar\/wp-content\/plugins\/page-views-count\/ajax-loader-2x.gif\" border=0 \/><\/p><div class=\"pvc_clear\"><\/div>","protected":false},"excerpt":{"rendered":"<p>\u201cOciopatas\u201d, la columna de teatro de Manuel Germano Con direcci\u00f3n general de Melania Lenoir reestren\u00f3 en el&nbsp; bell\u00edsimo teatro Maipo el premiado musical \u201cAvenida Q\u201d,&nbsp; una de las obras m\u00e1s esperadas este a\u00f1o, ganadora&nbsp; de tres premios Tony (Mejor Musical, Mejor Libro de Musical y Mejor Partitura Original) y cinco Premios \u201cDrama Desk&#8221; (Mejor Nuevo [&hellip;]<\/p>\n<div class=\"pvc_clear\"><\/div>\n<p id=\"pvc_stats_63185\" class=\"pvc_stats all  \" data-element-id=\"63185\" style=\"\"><i class=\"pvc-stats-icon small\" aria-hidden=\"true\"><svg aria-hidden=\"true\" focusable=\"false\" data-prefix=\"far\" data-icon=\"chart-bar\" role=\"img\" xmlns=\"http:\/\/www.w3.org\/2000\/svg\" viewBox=\"0 0 512 512\" class=\"svg-inline--fa fa-chart-bar fa-w-16 fa-2x\"><path fill=\"currentColor\" d=\"M396.8 352h22.4c6.4 0 12.8-6.4 12.8-12.8V108.8c0-6.4-6.4-12.8-12.8-12.8h-22.4c-6.4 0-12.8 6.4-12.8 12.8v230.4c0 6.4 6.4 12.8 12.8 12.8zm-192 0h22.4c6.4 0 12.8-6.4 12.8-12.8V140.8c0-6.4-6.4-12.8-12.8-12.8h-22.4c-6.4 0-12.8 6.4-12.8 12.8v198.4c0 6.4 6.4 12.8 12.8 12.8zm96 0h22.4c6.4 0 12.8-6.4 12.8-12.8V204.8c0-6.4-6.4-12.8-12.8-12.8h-22.4c-6.4 0-12.8 6.4-12.8 12.8v134.4c0 6.4 6.4 12.8 12.8 12.8zM496 400H48V80c0-8.84-7.16-16-16-16H16C7.16 64 0 71.16 0 80v336c0 17.67 14.33 32 32 32h464c8.84 0 16-7.16 16-16v-16c0-8.84-7.16-16-16-16zm-387.2-48h22.4c6.4 0 12.8-6.4 12.8-12.8v-70.4c0-6.4-6.4-12.8-12.8-12.8h-22.4c-6.4 0-12.8 6.4-12.8 12.8v70.4c0 6.4 6.4 12.8 12.8 12.8z\" class=\"\"><\/path><\/svg><\/i> <img loading=\"lazy\" decoding=\"async\" width=\"16\" height=\"16\" alt=\"Loading\" src=\"https:\/\/vocesdelacomuna15.com.ar\/wp-content\/plugins\/page-views-count\/ajax-loader-2x.gif\" border=0 \/><\/p>\n<div class=\"pvc_clear\"><\/div>\n","protected":false},"author":2,"featured_media":63186,"comment_status":"open","ping_status":"open","sticky":false,"template":"","format":"standard","meta":{"_et_pb_use_builder":"off","_et_pb_old_content":"","_et_gb_content_width":"","footnotes":""},"categories":[37],"tags":[],"class_list":["post-63185","post","type-post","status-publish","format-standard","has-post-thumbnail","hentry","category-teatro","et-has-post-format-content","et_post_format-et-post-format-standard"],"a3_pvc":{"activated":true,"total_views":105,"today_views":0},"yoast_head":"<!-- This site is optimized with the Yoast SEO plugin v27.5 - https:\/\/yoast.com\/product\/yoast-seo-wordpress\/ -->\n<title>Musicales: \u201cAvenida Q\u201d - Voces de la Comuna 15<\/title>\n<meta name=\"description\" content=\"Voces de la Comuna 15\" \/>\n<meta name=\"robots\" content=\"index, follow, max-snippet:-1, max-image-preview:large, max-video-preview:-1\" \/>\n<link rel=\"canonical\" href=\"https:\/\/vocesdelacomuna15.com.ar\/press\/musicales-avenida-q\/\" \/>\n<meta property=\"og:locale\" content=\"es_ES\" \/>\n<meta property=\"og:type\" content=\"article\" \/>\n<meta property=\"og:title\" content=\"Musicales: \u201cAvenida Q\u201d - Voces de la Comuna 15\" \/>\n<meta property=\"og:description\" content=\"Voces de la Comuna 15\" \/>\n<meta property=\"og:url\" content=\"https:\/\/vocesdelacomuna15.com.ar\/press\/musicales-avenida-q\/\" \/>\n<meta property=\"og:site_name\" content=\"Voces de la Comuna 15\" \/>\n<meta property=\"article:publisher\" content=\"https:\/\/www.facebook.com\/VocesComuna15\/\" \/>\n<meta property=\"article:published_time\" content=\"2024-03-19T14:41:26+00:00\" \/>\n<meta property=\"article:modified_time\" content=\"2024-03-19T14:41:39+00:00\" \/>\n<meta property=\"og:image\" content=\"https:\/\/vocesdelacomuna15.com.ar\/wp-content\/uploads\/2024\/03\/Foto1.png\" \/>\n\t<meta property=\"og:image:width\" content=\"466\" \/>\n\t<meta property=\"og:image:height\" content=\"311\" \/>\n\t<meta property=\"og:image:type\" content=\"image\/png\" \/>\n<meta name=\"author\" content=\"Federico Arguto\" \/>\n<meta name=\"twitter:card\" content=\"summary_large_image\" \/>\n<meta name=\"twitter:creator\" content=\"@vocescomuna15\" \/>\n<meta name=\"twitter:site\" content=\"@vocescomuna15\" \/>\n<meta name=\"twitter:label1\" content=\"Escrito por\" \/>\n\t<meta name=\"twitter:data1\" content=\"Federico Arguto\" \/>\n\t<meta name=\"twitter:label2\" content=\"Tiempo de lectura\" \/>\n\t<meta name=\"twitter:data2\" content=\"5 minutos\" \/>\n<script type=\"application\/ld+json\" class=\"yoast-schema-graph\">{\"@context\":\"https:\\\/\\\/schema.org\",\"@graph\":[{\"@type\":\"Article\",\"@id\":\"https:\\\/\\\/vocesdelacomuna15.com.ar\\\/press\\\/musicales-avenida-q\\\/#article\",\"isPartOf\":{\"@id\":\"https:\\\/\\\/vocesdelacomuna15.com.ar\\\/press\\\/musicales-avenida-q\\\/\"},\"author\":{\"name\":\"Federico Arguto\",\"@id\":\"https:\\\/\\\/vocesdelacomuna15.com.ar\\\/press\\\/#\\\/schema\\\/person\\\/4739e109db25d799cd3d139eeb509e43\"},\"headline\":\"Musicales: \u201cAvenida Q\u201d\",\"datePublished\":\"2024-03-19T14:41:26+00:00\",\"dateModified\":\"2024-03-19T14:41:39+00:00\",\"mainEntityOfPage\":{\"@id\":\"https:\\\/\\\/vocesdelacomuna15.com.ar\\\/press\\\/musicales-avenida-q\\\/\"},\"wordCount\":930,\"commentCount\":0,\"publisher\":{\"@id\":\"https:\\\/\\\/vocesdelacomuna15.com.ar\\\/press\\\/#organization\"},\"image\":{\"@id\":\"https:\\\/\\\/vocesdelacomuna15.com.ar\\\/press\\\/musicales-avenida-q\\\/#primaryimage\"},\"thumbnailUrl\":\"https:\\\/\\\/vocesdelacomuna15.com.ar\\\/wp-content\\\/uploads\\\/2024\\\/03\\\/Foto1.png\",\"articleSection\":[\"Teatro\"],\"inLanguage\":\"es-AR\",\"potentialAction\":[{\"@type\":\"CommentAction\",\"name\":\"Comment\",\"target\":[\"https:\\\/\\\/vocesdelacomuna15.com.ar\\\/press\\\/musicales-avenida-q\\\/#respond\"]}]},{\"@type\":\"WebPage\",\"@id\":\"https:\\\/\\\/vocesdelacomuna15.com.ar\\\/press\\\/musicales-avenida-q\\\/\",\"url\":\"https:\\\/\\\/vocesdelacomuna15.com.ar\\\/press\\\/musicales-avenida-q\\\/\",\"name\":\"Musicales: \u201cAvenida Q\u201d - Voces de la Comuna 15\",\"isPartOf\":{\"@id\":\"https:\\\/\\\/vocesdelacomuna15.com.ar\\\/press\\\/#website\"},\"primaryImageOfPage\":{\"@id\":\"https:\\\/\\\/vocesdelacomuna15.com.ar\\\/press\\\/musicales-avenida-q\\\/#primaryimage\"},\"image\":{\"@id\":\"https:\\\/\\\/vocesdelacomuna15.com.ar\\\/press\\\/musicales-avenida-q\\\/#primaryimage\"},\"thumbnailUrl\":\"https:\\\/\\\/vocesdelacomuna15.com.ar\\\/wp-content\\\/uploads\\\/2024\\\/03\\\/Foto1.png\",\"datePublished\":\"2024-03-19T14:41:26+00:00\",\"dateModified\":\"2024-03-19T14:41:39+00:00\",\"description\":\"Voces de la Comuna 15\",\"breadcrumb\":{\"@id\":\"https:\\\/\\\/vocesdelacomuna15.com.ar\\\/press\\\/musicales-avenida-q\\\/#breadcrumb\"},\"inLanguage\":\"es-AR\",\"potentialAction\":[{\"@type\":\"ReadAction\",\"target\":[\"https:\\\/\\\/vocesdelacomuna15.com.ar\\\/press\\\/musicales-avenida-q\\\/\"]}]},{\"@type\":\"ImageObject\",\"inLanguage\":\"es-AR\",\"@id\":\"https:\\\/\\\/vocesdelacomuna15.com.ar\\\/press\\\/musicales-avenida-q\\\/#primaryimage\",\"url\":\"https:\\\/\\\/vocesdelacomuna15.com.ar\\\/wp-content\\\/uploads\\\/2024\\\/03\\\/Foto1.png\",\"contentUrl\":\"https:\\\/\\\/vocesdelacomuna15.com.ar\\\/wp-content\\\/uploads\\\/2024\\\/03\\\/Foto1.png\",\"width\":466,\"height\":311},{\"@type\":\"BreadcrumbList\",\"@id\":\"https:\\\/\\\/vocesdelacomuna15.com.ar\\\/press\\\/musicales-avenida-q\\\/#breadcrumb\",\"itemListElement\":[{\"@type\":\"ListItem\",\"position\":1,\"name\":\"Inicio\",\"item\":\"https:\\\/\\\/vocesdelacomuna15.com.ar\\\/press\\\/\"},{\"@type\":\"ListItem\",\"position\":2,\"name\":\"Musicales: \u201cAvenida Q\u201d\"}]},{\"@type\":\"WebSite\",\"@id\":\"https:\\\/\\\/vocesdelacomuna15.com.ar\\\/press\\\/#website\",\"url\":\"https:\\\/\\\/vocesdelacomuna15.com.ar\\\/press\\\/\",\"name\":\"Voces de la Comuna 15\",\"description\":\"Sitio web de noticias\",\"publisher\":{\"@id\":\"https:\\\/\\\/vocesdelacomuna15.com.ar\\\/press\\\/#organization\"},\"potentialAction\":[{\"@type\":\"SearchAction\",\"target\":{\"@type\":\"EntryPoint\",\"urlTemplate\":\"https:\\\/\\\/vocesdelacomuna15.com.ar\\\/press\\\/?s={search_term_string}\"},\"query-input\":{\"@type\":\"PropertyValueSpecification\",\"valueRequired\":true,\"valueName\":\"search_term_string\"}}],\"inLanguage\":\"es-AR\"},{\"@type\":\"Organization\",\"@id\":\"https:\\\/\\\/vocesdelacomuna15.com.ar\\\/press\\\/#organization\",\"name\":\"Voces de la Comuna 15\",\"url\":\"https:\\\/\\\/vocesdelacomuna15.com.ar\\\/press\\\/\",\"logo\":{\"@type\":\"ImageObject\",\"inLanguage\":\"es-AR\",\"@id\":\"https:\\\/\\\/vocesdelacomuna15.com.ar\\\/press\\\/#\\\/schema\\\/logo\\\/image\\\/\",\"url\":\"https:\\\/\\\/vocesdelacomuna15.com.ar\\\/wp-content\\\/uploads\\\/2024\\\/12\\\/cropped-logo_voces.jpg\",\"contentUrl\":\"https:\\\/\\\/vocesdelacomuna15.com.ar\\\/wp-content\\\/uploads\\\/2024\\\/12\\\/cropped-logo_voces.jpg\",\"width\":512,\"height\":512,\"caption\":\"Voces de la Comuna 15\"},\"image\":{\"@id\":\"https:\\\/\\\/vocesdelacomuna15.com.ar\\\/press\\\/#\\\/schema\\\/logo\\\/image\\\/\"},\"sameAs\":[\"https:\\\/\\\/www.facebook.com\\\/VocesComuna15\\\/\",\"https:\\\/\\\/x.com\\\/vocescomuna15\"]},{\"@type\":\"Person\",\"@id\":\"https:\\\/\\\/vocesdelacomuna15.com.ar\\\/press\\\/#\\\/schema\\\/person\\\/4739e109db25d799cd3d139eeb509e43\",\"name\":\"Federico Arguto\",\"image\":{\"@type\":\"ImageObject\",\"inLanguage\":\"es-AR\",\"@id\":\"https:\\\/\\\/vocesdelacomuna15.com.ar\\\/wp-content\\\/litespeed\\\/avatar\\\/82faf979976f1bae889b8b71f8a0a7e5.jpg?ver=1777419741\",\"url\":\"https:\\\/\\\/vocesdelacomuna15.com.ar\\\/wp-content\\\/litespeed\\\/avatar\\\/82faf979976f1bae889b8b71f8a0a7e5.jpg?ver=1777419741\",\"contentUrl\":\"https:\\\/\\\/vocesdelacomuna15.com.ar\\\/wp-content\\\/litespeed\\\/avatar\\\/82faf979976f1bae889b8b71f8a0a7e5.jpg?ver=1777419741\",\"caption\":\"Federico Arguto\"},\"url\":\"https:\\\/\\\/vocesdelacomuna15.com.ar\\\/press\\\/author\\\/fede\\\/\"}]}<\/script>\n<!-- \/ Yoast SEO plugin. -->","yoast_head_json":{"title":"Musicales: \u201cAvenida Q\u201d - Voces de la Comuna 15","description":"Voces de la Comuna 15","robots":{"index":"index","follow":"follow","max-snippet":"max-snippet:-1","max-image-preview":"max-image-preview:large","max-video-preview":"max-video-preview:-1"},"canonical":"https:\/\/vocesdelacomuna15.com.ar\/press\/musicales-avenida-q\/","og_locale":"es_ES","og_type":"article","og_title":"Musicales: \u201cAvenida Q\u201d - Voces de la Comuna 15","og_description":"Voces de la Comuna 15","og_url":"https:\/\/vocesdelacomuna15.com.ar\/press\/musicales-avenida-q\/","og_site_name":"Voces de la Comuna 15","article_publisher":"https:\/\/www.facebook.com\/VocesComuna15\/","article_published_time":"2024-03-19T14:41:26+00:00","article_modified_time":"2024-03-19T14:41:39+00:00","og_image":[{"width":466,"height":311,"url":"https:\/\/vocesdelacomuna15.com.ar\/wp-content\/uploads\/2024\/03\/Foto1.png","type":"image\/png"}],"author":"Federico Arguto","twitter_card":"summary_large_image","twitter_creator":"@vocescomuna15","twitter_site":"@vocescomuna15","twitter_misc":{"Escrito por":"Federico Arguto","Tiempo de lectura":"5 minutos"},"schema":{"@context":"https:\/\/schema.org","@graph":[{"@type":"Article","@id":"https:\/\/vocesdelacomuna15.com.ar\/press\/musicales-avenida-q\/#article","isPartOf":{"@id":"https:\/\/vocesdelacomuna15.com.ar\/press\/musicales-avenida-q\/"},"author":{"name":"Federico Arguto","@id":"https:\/\/vocesdelacomuna15.com.ar\/press\/#\/schema\/person\/4739e109db25d799cd3d139eeb509e43"},"headline":"Musicales: \u201cAvenida Q\u201d","datePublished":"2024-03-19T14:41:26+00:00","dateModified":"2024-03-19T14:41:39+00:00","mainEntityOfPage":{"@id":"https:\/\/vocesdelacomuna15.com.ar\/press\/musicales-avenida-q\/"},"wordCount":930,"commentCount":0,"publisher":{"@id":"https:\/\/vocesdelacomuna15.com.ar\/press\/#organization"},"image":{"@id":"https:\/\/vocesdelacomuna15.com.ar\/press\/musicales-avenida-q\/#primaryimage"},"thumbnailUrl":"https:\/\/vocesdelacomuna15.com.ar\/wp-content\/uploads\/2024\/03\/Foto1.png","articleSection":["Teatro"],"inLanguage":"es-AR","potentialAction":[{"@type":"CommentAction","name":"Comment","target":["https:\/\/vocesdelacomuna15.com.ar\/press\/musicales-avenida-q\/#respond"]}]},{"@type":"WebPage","@id":"https:\/\/vocesdelacomuna15.com.ar\/press\/musicales-avenida-q\/","url":"https:\/\/vocesdelacomuna15.com.ar\/press\/musicales-avenida-q\/","name":"Musicales: \u201cAvenida Q\u201d - Voces de la Comuna 15","isPartOf":{"@id":"https:\/\/vocesdelacomuna15.com.ar\/press\/#website"},"primaryImageOfPage":{"@id":"https:\/\/vocesdelacomuna15.com.ar\/press\/musicales-avenida-q\/#primaryimage"},"image":{"@id":"https:\/\/vocesdelacomuna15.com.ar\/press\/musicales-avenida-q\/#primaryimage"},"thumbnailUrl":"https:\/\/vocesdelacomuna15.com.ar\/wp-content\/uploads\/2024\/03\/Foto1.png","datePublished":"2024-03-19T14:41:26+00:00","dateModified":"2024-03-19T14:41:39+00:00","description":"Voces de la Comuna 15","breadcrumb":{"@id":"https:\/\/vocesdelacomuna15.com.ar\/press\/musicales-avenida-q\/#breadcrumb"},"inLanguage":"es-AR","potentialAction":[{"@type":"ReadAction","target":["https:\/\/vocesdelacomuna15.com.ar\/press\/musicales-avenida-q\/"]}]},{"@type":"ImageObject","inLanguage":"es-AR","@id":"https:\/\/vocesdelacomuna15.com.ar\/press\/musicales-avenida-q\/#primaryimage","url":"https:\/\/vocesdelacomuna15.com.ar\/wp-content\/uploads\/2024\/03\/Foto1.png","contentUrl":"https:\/\/vocesdelacomuna15.com.ar\/wp-content\/uploads\/2024\/03\/Foto1.png","width":466,"height":311},{"@type":"BreadcrumbList","@id":"https:\/\/vocesdelacomuna15.com.ar\/press\/musicales-avenida-q\/#breadcrumb","itemListElement":[{"@type":"ListItem","position":1,"name":"Inicio","item":"https:\/\/vocesdelacomuna15.com.ar\/press\/"},{"@type":"ListItem","position":2,"name":"Musicales: \u201cAvenida Q\u201d"}]},{"@type":"WebSite","@id":"https:\/\/vocesdelacomuna15.com.ar\/press\/#website","url":"https:\/\/vocesdelacomuna15.com.ar\/press\/","name":"Voces de la Comuna 15","description":"Sitio web de noticias","publisher":{"@id":"https:\/\/vocesdelacomuna15.com.ar\/press\/#organization"},"potentialAction":[{"@type":"SearchAction","target":{"@type":"EntryPoint","urlTemplate":"https:\/\/vocesdelacomuna15.com.ar\/press\/?s={search_term_string}"},"query-input":{"@type":"PropertyValueSpecification","valueRequired":true,"valueName":"search_term_string"}}],"inLanguage":"es-AR"},{"@type":"Organization","@id":"https:\/\/vocesdelacomuna15.com.ar\/press\/#organization","name":"Voces de la Comuna 15","url":"https:\/\/vocesdelacomuna15.com.ar\/press\/","logo":{"@type":"ImageObject","inLanguage":"es-AR","@id":"https:\/\/vocesdelacomuna15.com.ar\/press\/#\/schema\/logo\/image\/","url":"https:\/\/vocesdelacomuna15.com.ar\/wp-content\/uploads\/2024\/12\/cropped-logo_voces.jpg","contentUrl":"https:\/\/vocesdelacomuna15.com.ar\/wp-content\/uploads\/2024\/12\/cropped-logo_voces.jpg","width":512,"height":512,"caption":"Voces de la Comuna 15"},"image":{"@id":"https:\/\/vocesdelacomuna15.com.ar\/press\/#\/schema\/logo\/image\/"},"sameAs":["https:\/\/www.facebook.com\/VocesComuna15\/","https:\/\/x.com\/vocescomuna15"]},{"@type":"Person","@id":"https:\/\/vocesdelacomuna15.com.ar\/press\/#\/schema\/person\/4739e109db25d799cd3d139eeb509e43","name":"Federico Arguto","image":{"@type":"ImageObject","inLanguage":"es-AR","@id":"https:\/\/vocesdelacomuna15.com.ar\/wp-content\/litespeed\/avatar\/82faf979976f1bae889b8b71f8a0a7e5.jpg?ver=1777419741","url":"https:\/\/vocesdelacomuna15.com.ar\/wp-content\/litespeed\/avatar\/82faf979976f1bae889b8b71f8a0a7e5.jpg?ver=1777419741","contentUrl":"https:\/\/vocesdelacomuna15.com.ar\/wp-content\/litespeed\/avatar\/82faf979976f1bae889b8b71f8a0a7e5.jpg?ver=1777419741","caption":"Federico Arguto"},"url":"https:\/\/vocesdelacomuna15.com.ar\/press\/author\/fede\/"}]}},"_links":{"self":[{"href":"https:\/\/vocesdelacomuna15.com.ar\/press\/wp-json\/wp\/v2\/posts\/63185","targetHints":{"allow":["GET"]}}],"collection":[{"href":"https:\/\/vocesdelacomuna15.com.ar\/press\/wp-json\/wp\/v2\/posts"}],"about":[{"href":"https:\/\/vocesdelacomuna15.com.ar\/press\/wp-json\/wp\/v2\/types\/post"}],"author":[{"embeddable":true,"href":"https:\/\/vocesdelacomuna15.com.ar\/press\/wp-json\/wp\/v2\/users\/2"}],"replies":[{"embeddable":true,"href":"https:\/\/vocesdelacomuna15.com.ar\/press\/wp-json\/wp\/v2\/comments?post=63185"}],"version-history":[{"count":1,"href":"https:\/\/vocesdelacomuna15.com.ar\/press\/wp-json\/wp\/v2\/posts\/63185\/revisions"}],"predecessor-version":[{"id":63189,"href":"https:\/\/vocesdelacomuna15.com.ar\/press\/wp-json\/wp\/v2\/posts\/63185\/revisions\/63189"}],"wp:featuredmedia":[{"embeddable":true,"href":"https:\/\/vocesdelacomuna15.com.ar\/press\/wp-json\/wp\/v2\/media\/63186"}],"wp:attachment":[{"href":"https:\/\/vocesdelacomuna15.com.ar\/press\/wp-json\/wp\/v2\/media?parent=63185"}],"wp:term":[{"taxonomy":"category","embeddable":true,"href":"https:\/\/vocesdelacomuna15.com.ar\/press\/wp-json\/wp\/v2\/categories?post=63185"},{"taxonomy":"post_tag","embeddable":true,"href":"https:\/\/vocesdelacomuna15.com.ar\/press\/wp-json\/wp\/v2\/tags?post=63185"}],"curies":[{"name":"wp","href":"https:\/\/api.w.org\/{rel}","templated":true}]}}