{"id":63143,"date":"2024-03-18T15:27:38","date_gmt":"2024-03-18T18:27:38","guid":{"rendered":"https:\/\/vocesdelacomuna15.com.ar\/?p=63143"},"modified":"2024-03-14T15:58:50","modified_gmt":"2024-03-14T18:58:50","slug":"fideos-y-mucho-mas","status":"publish","type":"post","link":"https:\/\/vocesdelacomuna15.com.ar\/press\/fideos-y-mucho-mas\/","title":{"rendered":"Fideos y mucho m\u00e1s"},"content":{"rendered":"\n<p>Por Otilia Kusmin<\/p>\n\n\n\n<p>En la cocina tradicional francesa, el Maestro Salsero (Ma\u00eetre Sausier) ten\u00eda un papel importante en la cocina, era el que redondeaba el sabor final de los platos. Para lo cual contaba con una decena f\u00e1cilmente de salsas b\u00e1sicas, caldos, vinos evaporados, cebollas fondeadas criollas, colorada y verdeo m\u00e1s brunoise de vegetales varios. Y otros detalles, como hierbas frescas picadas en poco aceite y muchos sabores m\u00e1s que determinaba el encargado del sector, para concluir correctamente su producci\u00f3n a cargo, como sal y pimienta, sin olvidar aderezos m\u00e1s sofisticados.&nbsp;<\/p>\n\n\n\n<p>Nombrar estas funciones b\u00e1sicas de la cocina profesional, nos lleva a la posibilidad de organizar mejor las cenas o almuerzos familiares, que han vuelto a ser frecuentes. El comer \u201cafuera\u201d es en estos d\u00edas resulta casi imposible, salir en familia y con hijos adolescentes, sobre todo, se transform\u00f3 en algo prohibido para la clase media. Un ticket sin grandes excesos, puede exceder&nbsp; f\u00e1cilmente los 100.000 pesos para una familia tipo.&nbsp; Aun compartiendo ensaladas, guarniciones, bebidas y postres.<\/p>\n\n\n\n<p>Hay familias que se han organizado entre los integrantes, sobre todo con hijos j\u00f3venes que a\u00fan viven en la casa familiar. Se reparten las funciones, hasta logran establecer una sana competencia entre hermanos y tambi\u00e9n entre amigos.<\/p>\n\n\n\n<p><strong>B\u00e1sicos para tener en las casas:<\/strong><\/p>\n\n\n\n<p>Cebolla fondeada, bien lavada y picada puede ser en procesadora, untada apenas con aceite de girasol, poca sal y cocinar en microondas unos 10 minutos. Es muy pr\u00e1ctico tener jarras de Pyrex de distintos tama\u00f1os para estos procesos.<\/p>\n\n\n\n<p>Tambi\u00e9n fondeo de puerros, y hongos hidratados y cocinados en vino blanco o tinto, preparados para salsas especiales.<\/p>\n\n\n\n<p>Julianas multicolores: a base de zapallitos, redondo y\/o largo, cebolla, zanahoria, boniato, etc. Pasadas por vapor y luego directo a la sart\u00e9n.<\/p>\n\n\n\n<p>Caldo de carne o de ave, preparados, si no puede ser caseros. Salsa de carne o ave concentrada, llamadas demi glace o bien calditos para la familia.<\/p>\n\n\n\n<p>Vinos evaporados o flambeados: muchos buenos chefs saben que es posible transformar vinos medianos en calidad en buenos vinos para la producci\u00f3n. En la casa resulta pr\u00e1ctico calentarlos en el mismo cuchar\u00f3n hasta que se enciende y reci\u00e9n se echa en la preparaci\u00f3n.<\/p>\n\n\n\n<p>Salsa Crema o Bechamel, llamada Salsa Panna en los restaurantes.&nbsp; Resulta mejor que crema fresca, permite recalentar sin cortar las preparaciones. Veremos m\u00e1s adelante.<\/p>\n\n\n\n<p><strong>Salsa de tomate familiar r\u00e1pida y deliciosa<\/strong>.<\/p>\n\n\n\n<p>En invierno con buen tomate perita en conserva o cubeteado, se le agrega en la licuadora un trozo de cebolla criolla, 2 ajos, 1 C de piment\u00f3n ahumado, otra de Merquen o aj\u00ed molido y 2 vasos de agua, licuar bien, para que permita reducirla 15 minutos a 20 minutos, para condensar sabores.&nbsp; Agregar en el hervor 2 hojas de laurel fresco o 1 de seco partida. &nbsp;Los \u00faltimos 5 minutos agregar julianas de albahaca fresca de nuestras macetas, resulta muy c\u00f3modo tenerlas a mano. Requieren mucha agua, igual que la menta y el perejil, me gusta tenerlas juntas, las macetas apoyadas en plantero sin perforar y regarlas mucho que nos y queden sin agua, sino entran en \u201cstress h\u00eddrico\u201d y se pueden perder en un d\u00eda de mucho calor.<\/p>\n\n\n\n<p>Guarniciones apropiadas para incorporar a los fideos elegidos y marcados. Ratatouille en todas sus formas, brunoise peque\u00f1a o mediana, con concass\u00e9 de tomates. Ramitos de broccoli y\/o coliflor, o la variante moderna de incorporados rallados. En EE.UU. lo venden en las verduler\u00edas en recipientes de acr\u00edlico ya rallados, la coliflor y el br\u00f3coli. Podr\u00edamos tenerlo en cuenta, es muy pr\u00e1ctico y sabroso. Vegetales en juliana como los repollos blanco y rojo, zanahoria, boniatos y papas ralladas o en julianas finas.<\/p>\n\n\n\n<p>Hongos secos hidratados. No olvidar los de los pinos de nuestras sierras o bien los shitake. Se hidratan en vino blanco o tinto y luego se cocinan lentamente hasta que quedan tiernos. &nbsp;Y se pican peque\u00f1o.<\/p>\n\n\n\n<p><strong>Todos los fondeos a los que nos hemos referido pueden guardarse en el freezer y descongelarse una hora antes del uso. De puede revivir en microondas.<\/strong><\/p>\n\n\n\n<p><a><strong>Pastas secas, su marcado<\/strong><\/a><\/p>\n\n\n\n<p>Conviene tener marcados para la comida 1 paquete de fideos, suele ser suficiente para&nbsp; pareja con dos hijos (hay excepciones). El marcado debe ser de 5 minutos, apagar y colar, dejarlos en colador para revivir a la comida. Tener la salsa hecha o avanzada y luego se terminan en la salsa, en menos de 15 minutos todos podr\u00e1n comer.<\/p>\n\n\n\n<p>Costumbre de mi familia siempre hacer las pastas con acompa\u00f1amiento de ensalada variada en hojas y en variados vegetales. Incluso con la incorporaci\u00f3n de gajos de naranja, man\u00edes y pasas.<\/p>\n\n\n\n<p>Compremos queso para rallar, termina siendo m\u00e1s econ\u00f3mico que las bolsitas, m\u00e1s sano y arom\u00e1tico. Siempre y cuando no se emplee para picar, mientras se cocina.<\/p>\n\n\n\n<p><strong>Pastas frescas, su marcado<\/strong><\/p>\n\n\n\n<p>Si las compran pregunten en el local, si la tomaron de un libro sigan las indicaciones. Siempre se terminan tambi\u00e9n en la salsa, por eso deben estar cocinadas seg\u00fan el punto que se aconseja.<\/p>\n\n\n\n<p><strong>Mis salsas preferidas, que se suman a la de tomate<\/strong><\/p>\n\n\n\n<p><strong>(para 4 porciones)<\/strong><\/p>\n\n\n\n<p><strong>Salsa Panna<\/strong><\/p>\n\n\n\n<p>Llevar a hervor 250 c.c. de leche con 250 de leche, sal y nuez moscada discretamente. Espesar con &nbsp;1 cucharada de postre (aprox. 12 g.) de f\u00e9cula de ma\u00edz. No hace falta m\u00e1s porque la salsa es b\u00e1sica, se combina y contin\u00faan las reducciones.<\/p>\n\n\n\n<p><strong>Caruso<\/strong><\/p>\n\n\n\n<p>Cl\u00e1sica de la cocina porte\u00f1a: 200 g de pollo cocido y trozado en cubitos o julianas, 100 c.c. de salsa panna, 100 c. de salsa de tomate, 50 g de jam\u00f3n cocido cortado en julianas, 100 g de hongos frescos pasados por aceite o manteca, 25 g de hongos secos hidratados y cocidos.<\/p>\n\n\n\n<p><strong>Alle Vongole<\/strong><\/p>\n\n\n\n<p>400 g de mejillones frescos, abiertos y limpios, 400 c.c. de salsa de tomates, 1 C de pesto fresco, 1 taza de cebollas fondeadas, sal y pimienta.<\/p>\n\n\n\n<p><strong>Alla Norma<\/strong><\/p>\n\n\n\n<p>Salsa de tomates 500 c.c., 2 berenjenas en cubitos y fritas, 300 g de ricota en pan, cortada en cubitos, pesto de albahaca con aceite de oliva y parmesano estacionado.<\/p>\n\n\n\n<p><strong>Frutos del mar<\/strong><\/p>\n\n\n\n<p>Salteado de langostinos limpios, 200 g, mejillones frescos abiertos y limpios, 300 g, cebolla fondeada, 200 g, salsa de tomates casera o concas\u00e9 de tomates en verano, 500 c.c. Reducir bien y agregar pesto al final<strong>.<\/strong><\/p>\n\n\n\n<p><strong>A la crema de hongos<\/strong><\/p>\n\n\n\n<p>Salsa panna, 250 c.c., agregar 100 g de cebolla fondeada, 200 g de champi\u00f1ones salteados en manteca, 25 g de hongos secos e hidratados en vino blanco y cocidos, bien picados, 50 g de concentrado de tomate.<\/p>\n\n\n\n<p><strong>Con salsa Mornay<\/strong><\/p>\n\n\n\n<p>Salsa Panna, 500 c.c. y 300 g de tres quesos elegidos por ustedes, fuertes sabrosos y estacionados. Fundir bien antes de incorporar la pasta.<\/p>\n\n\n\n<p><strong>Ragout a la Bolognese (ragout viene del franc\u00e9s \u201cragouter\u201d que significa abrir el apetito). (para 6 personas)<\/strong><\/p>\n\n\n\n<p>Si bien me consta que en&nbsp; esta receta hay tantas variantes como familias, si bien la conoc\u00ed en 1975 en mi primer viaje a Europa, en un bodeg\u00f3n de la <em>Bologna<\/em>, aqu\u00ed est\u00e1 mi receta de hoy, que aplaude mi familia.<\/p>\n\n\n\n<p>Fondeo de cebollas y ajo, 1 kilo de carnes varias: bola de lomo, bondiola fresca, y panceta desalada, todo cortado a cuchillo, m\u00e1s&nbsp; 2 litros de buena salsa de tomates. Cuidar la sal sino desal\u00f3 bien la panceta, ir probando. Pimienta con molinillo en la mesa. Cocinar a fuego suave al menos una hora, no olvidar alg\u00fan truquito heredado de abuelas, como poner un chorrito de leche al terminar, no pregunte por qu\u00e9, no siempre hay respuesta l\u00f3gica, como tampoco una pancita de pollo picada. Debe ser para la buena suerte, tal vez.<\/p>\n\n\n\n<p>\u00a1Mis lectores! A disfrutar y ahorrar en familia. Mi nieta de 6 a\u00f1os y medio, el domingo hizo ensalada con palta y anan\u00e1, adem\u00e1s de brownies para el postre. Del libro \u201cCocina para ni\u00f1os de Unicef\u201d.<\/p>\n\n\n\n<p>Nuevas generaciones m\u00e1s sustentables.<\/p>\n\n\n\n<p>Buen apetito&nbsp; @otiliakusmin<\/p>\n\n\n\n<p><\/p>\n\n\n\n<p>Caracteres: 7.605<\/p>\n<div class=\"pvc_clear\"><\/div><p id=\"pvc_stats_63143\" class=\"pvc_stats all  \" data-element-id=\"63143\" style=\"\"><i class=\"pvc-stats-icon small\" aria-hidden=\"true\"><svg aria-hidden=\"true\" focusable=\"false\" data-prefix=\"far\" data-icon=\"chart-bar\" role=\"img\" xmlns=\"http:\/\/www.w3.org\/2000\/svg\" viewBox=\"0 0 512 512\" class=\"svg-inline--fa fa-chart-bar fa-w-16 fa-2x\"><path fill=\"currentColor\" d=\"M396.8 352h22.4c6.4 0 12.8-6.4 12.8-12.8V108.8c0-6.4-6.4-12.8-12.8-12.8h-22.4c-6.4 0-12.8 6.4-12.8 12.8v230.4c0 6.4 6.4 12.8 12.8 12.8zm-192 0h22.4c6.4 0 12.8-6.4 12.8-12.8V140.8c0-6.4-6.4-12.8-12.8-12.8h-22.4c-6.4 0-12.8 6.4-12.8 12.8v198.4c0 6.4 6.4 12.8 12.8 12.8zm96 0h22.4c6.4 0 12.8-6.4 12.8-12.8V204.8c0-6.4-6.4-12.8-12.8-12.8h-22.4c-6.4 0-12.8 6.4-12.8 12.8v134.4c0 6.4 6.4 12.8 12.8 12.8zM496 400H48V80c0-8.84-7.16-16-16-16H16C7.16 64 0 71.16 0 80v336c0 17.67 14.33 32 32 32h464c8.84 0 16-7.16 16-16v-16c0-8.84-7.16-16-16-16zm-387.2-48h22.4c6.4 0 12.8-6.4 12.8-12.8v-70.4c0-6.4-6.4-12.8-12.8-12.8h-22.4c-6.4 0-12.8 6.4-12.8 12.8v70.4c0 6.4 6.4 12.8 12.8 12.8z\" class=\"\"><\/path><\/svg><\/i> <img loading=\"lazy\" decoding=\"async\" width=\"16\" height=\"16\" alt=\"Loading\" src=\"https:\/\/vocesdelacomuna15.com.ar\/wp-content\/plugins\/page-views-count\/ajax-loader-2x.gif\" border=0 \/><\/p><div class=\"pvc_clear\"><\/div>","protected":false},"excerpt":{"rendered":"<p>Por Otilia Kusmin En la cocina tradicional francesa, el Maestro Salsero (Ma\u00eetre Sausier) ten\u00eda un papel importante en la cocina, era el que redondeaba el sabor final de los platos. Para lo cual contaba con una decena f\u00e1cilmente de salsas b\u00e1sicas, caldos, vinos evaporados, cebollas fondeadas criollas, colorada y verdeo m\u00e1s brunoise de vegetales varios. [&hellip;]<\/p>\n<div class=\"pvc_clear\"><\/div>\n<p id=\"pvc_stats_63143\" class=\"pvc_stats all  \" data-element-id=\"63143\" style=\"\"><i class=\"pvc-stats-icon small\" aria-hidden=\"true\"><svg aria-hidden=\"true\" focusable=\"false\" data-prefix=\"far\" data-icon=\"chart-bar\" role=\"img\" xmlns=\"http:\/\/www.w3.org\/2000\/svg\" viewBox=\"0 0 512 512\" class=\"svg-inline--fa fa-chart-bar fa-w-16 fa-2x\"><path fill=\"currentColor\" d=\"M396.8 352h22.4c6.4 0 12.8-6.4 12.8-12.8V108.8c0-6.4-6.4-12.8-12.8-12.8h-22.4c-6.4 0-12.8 6.4-12.8 12.8v230.4c0 6.4 6.4 12.8 12.8 12.8zm-192 0h22.4c6.4 0 12.8-6.4 12.8-12.8V140.8c0-6.4-6.4-12.8-12.8-12.8h-22.4c-6.4 0-12.8 6.4-12.8 12.8v198.4c0 6.4 6.4 12.8 12.8 12.8zm96 0h22.4c6.4 0 12.8-6.4 12.8-12.8V204.8c0-6.4-6.4-12.8-12.8-12.8h-22.4c-6.4 0-12.8 6.4-12.8 12.8v134.4c0 6.4 6.4 12.8 12.8 12.8zM496 400H48V80c0-8.84-7.16-16-16-16H16C7.16 64 0 71.16 0 80v336c0 17.67 14.33 32 32 32h464c8.84 0 16-7.16 16-16v-16c0-8.84-7.16-16-16-16zm-387.2-48h22.4c6.4 0 12.8-6.4 12.8-12.8v-70.4c0-6.4-6.4-12.8-12.8-12.8h-22.4c-6.4 0-12.8 6.4-12.8 12.8v70.4c0 6.4 6.4 12.8 12.8 12.8z\" class=\"\"><\/path><\/svg><\/i> <img loading=\"lazy\" decoding=\"async\" width=\"16\" height=\"16\" alt=\"Loading\" src=\"https:\/\/vocesdelacomuna15.com.ar\/wp-content\/plugins\/page-views-count\/ajax-loader-2x.gif\" border=0 \/><\/p>\n<div class=\"pvc_clear\"><\/div>\n","protected":false},"author":2,"featured_media":63144,"comment_status":"open","ping_status":"open","sticky":false,"template":"","format":"standard","meta":{"_et_pb_use_builder":"off","_et_pb_old_content":"","_et_gb_content_width":"","footnotes":""},"categories":[39],"tags":[],"class_list":["post-63143","post","type-post","status-publish","format-standard","has-post-thumbnail","hentry","category-cocina","et-has-post-format-content","et_post_format-et-post-format-standard"],"a3_pvc":{"activated":true,"total_views":33,"today_views":0},"yoast_head":"<!-- This site is optimized with the Yoast SEO plugin v27.5 - https:\/\/yoast.com\/product\/yoast-seo-wordpress\/ -->\n<title>Fideos y mucho m\u00e1s - Voces de la Comuna 15<\/title>\n<meta name=\"description\" content=\"Voces de la Comuna 15\" \/>\n<meta name=\"robots\" content=\"index, follow, max-snippet:-1, max-image-preview:large, max-video-preview:-1\" \/>\n<link rel=\"canonical\" href=\"https:\/\/vocesdelacomuna15.com.ar\/press\/fideos-y-mucho-mas\/\" \/>\n<meta property=\"og:locale\" content=\"es_ES\" \/>\n<meta property=\"og:type\" content=\"article\" \/>\n<meta property=\"og:title\" content=\"Fideos y mucho m\u00e1s - Voces de la Comuna 15\" \/>\n<meta property=\"og:description\" content=\"Voces de la Comuna 15\" \/>\n<meta property=\"og:url\" content=\"https:\/\/vocesdelacomuna15.com.ar\/press\/fideos-y-mucho-mas\/\" \/>\n<meta property=\"og:site_name\" content=\"Voces de la Comuna 15\" \/>\n<meta property=\"article:publisher\" content=\"https:\/\/www.facebook.com\/VocesComuna15\/\" \/>\n<meta property=\"article:published_time\" content=\"2024-03-18T18:27:38+00:00\" \/>\n<meta property=\"og:image\" content=\"https:\/\/vocesdelacomuna15.com.ar\/wp-content\/uploads\/2024\/03\/spaguetti-caruso-scaled.jpg\" \/>\n\t<meta property=\"og:image:width\" content=\"2560\" \/>\n\t<meta property=\"og:image:height\" content=\"1580\" \/>\n\t<meta property=\"og:image:type\" content=\"image\/jpeg\" \/>\n<meta name=\"author\" content=\"Federico Arguto\" \/>\n<meta name=\"twitter:card\" content=\"summary_large_image\" \/>\n<meta name=\"twitter:creator\" content=\"@vocescomuna15\" \/>\n<meta name=\"twitter:site\" content=\"@vocescomuna15\" \/>\n<meta name=\"twitter:label1\" content=\"Escrito por\" \/>\n\t<meta name=\"twitter:data1\" content=\"Federico Arguto\" \/>\n\t<meta name=\"twitter:label2\" content=\"Tiempo de lectura\" \/>\n\t<meta name=\"twitter:data2\" content=\"7 minutos\" \/>\n<script type=\"application\/ld+json\" class=\"yoast-schema-graph\">{\"@context\":\"https:\\\/\\\/schema.org\",\"@graph\":[{\"@type\":\"Article\",\"@id\":\"https:\\\/\\\/vocesdelacomuna15.com.ar\\\/press\\\/fideos-y-mucho-mas\\\/#article\",\"isPartOf\":{\"@id\":\"https:\\\/\\\/vocesdelacomuna15.com.ar\\\/press\\\/fideos-y-mucho-mas\\\/\"},\"author\":{\"name\":\"Federico Arguto\",\"@id\":\"https:\\\/\\\/vocesdelacomuna15.com.ar\\\/press\\\/#\\\/schema\\\/person\\\/4739e109db25d799cd3d139eeb509e43\"},\"headline\":\"Fideos y mucho m\u00e1s\",\"datePublished\":\"2024-03-18T18:27:38+00:00\",\"mainEntityOfPage\":{\"@id\":\"https:\\\/\\\/vocesdelacomuna15.com.ar\\\/press\\\/fideos-y-mucho-mas\\\/\"},\"wordCount\":1341,\"commentCount\":0,\"publisher\":{\"@id\":\"https:\\\/\\\/vocesdelacomuna15.com.ar\\\/press\\\/#organization\"},\"image\":{\"@id\":\"https:\\\/\\\/vocesdelacomuna15.com.ar\\\/press\\\/fideos-y-mucho-mas\\\/#primaryimage\"},\"thumbnailUrl\":\"https:\\\/\\\/vocesdelacomuna15.com.ar\\\/wp-content\\\/uploads\\\/2024\\\/03\\\/spaguetti-caruso-scaled.jpg\",\"articleSection\":[\"Cocina\\\/ Gastronom\u00eda\"],\"inLanguage\":\"es-AR\",\"potentialAction\":[{\"@type\":\"CommentAction\",\"name\":\"Comment\",\"target\":[\"https:\\\/\\\/vocesdelacomuna15.com.ar\\\/press\\\/fideos-y-mucho-mas\\\/#respond\"]}]},{\"@type\":\"WebPage\",\"@id\":\"https:\\\/\\\/vocesdelacomuna15.com.ar\\\/press\\\/fideos-y-mucho-mas\\\/\",\"url\":\"https:\\\/\\\/vocesdelacomuna15.com.ar\\\/press\\\/fideos-y-mucho-mas\\\/\",\"name\":\"Fideos y mucho m\u00e1s - Voces de la Comuna 15\",\"isPartOf\":{\"@id\":\"https:\\\/\\\/vocesdelacomuna15.com.ar\\\/press\\\/#website\"},\"primaryImageOfPage\":{\"@id\":\"https:\\\/\\\/vocesdelacomuna15.com.ar\\\/press\\\/fideos-y-mucho-mas\\\/#primaryimage\"},\"image\":{\"@id\":\"https:\\\/\\\/vocesdelacomuna15.com.ar\\\/press\\\/fideos-y-mucho-mas\\\/#primaryimage\"},\"thumbnailUrl\":\"https:\\\/\\\/vocesdelacomuna15.com.ar\\\/wp-content\\\/uploads\\\/2024\\\/03\\\/spaguetti-caruso-scaled.jpg\",\"datePublished\":\"2024-03-18T18:27:38+00:00\",\"description\":\"Voces de la Comuna 15\",\"breadcrumb\":{\"@id\":\"https:\\\/\\\/vocesdelacomuna15.com.ar\\\/press\\\/fideos-y-mucho-mas\\\/#breadcrumb\"},\"inLanguage\":\"es-AR\",\"potentialAction\":[{\"@type\":\"ReadAction\",\"target\":[\"https:\\\/\\\/vocesdelacomuna15.com.ar\\\/press\\\/fideos-y-mucho-mas\\\/\"]}]},{\"@type\":\"ImageObject\",\"inLanguage\":\"es-AR\",\"@id\":\"https:\\\/\\\/vocesdelacomuna15.com.ar\\\/press\\\/fideos-y-mucho-mas\\\/#primaryimage\",\"url\":\"https:\\\/\\\/vocesdelacomuna15.com.ar\\\/wp-content\\\/uploads\\\/2024\\\/03\\\/spaguetti-caruso-scaled.jpg\",\"contentUrl\":\"https:\\\/\\\/vocesdelacomuna15.com.ar\\\/wp-content\\\/uploads\\\/2024\\\/03\\\/spaguetti-caruso-scaled.jpg\",\"width\":2560,\"height\":1580},{\"@type\":\"BreadcrumbList\",\"@id\":\"https:\\\/\\\/vocesdelacomuna15.com.ar\\\/press\\\/fideos-y-mucho-mas\\\/#breadcrumb\",\"itemListElement\":[{\"@type\":\"ListItem\",\"position\":1,\"name\":\"Inicio\",\"item\":\"https:\\\/\\\/vocesdelacomuna15.com.ar\\\/press\\\/\"},{\"@type\":\"ListItem\",\"position\":2,\"name\":\"Fideos y mucho m\u00e1s\"}]},{\"@type\":\"WebSite\",\"@id\":\"https:\\\/\\\/vocesdelacomuna15.com.ar\\\/press\\\/#website\",\"url\":\"https:\\\/\\\/vocesdelacomuna15.com.ar\\\/press\\\/\",\"name\":\"Voces de la Comuna 15\",\"description\":\"Sitio web de noticias\",\"publisher\":{\"@id\":\"https:\\\/\\\/vocesdelacomuna15.com.ar\\\/press\\\/#organization\"},\"potentialAction\":[{\"@type\":\"SearchAction\",\"target\":{\"@type\":\"EntryPoint\",\"urlTemplate\":\"https:\\\/\\\/vocesdelacomuna15.com.ar\\\/press\\\/?s={search_term_string}\"},\"query-input\":{\"@type\":\"PropertyValueSpecification\",\"valueRequired\":true,\"valueName\":\"search_term_string\"}}],\"inLanguage\":\"es-AR\"},{\"@type\":\"Organization\",\"@id\":\"https:\\\/\\\/vocesdelacomuna15.com.ar\\\/press\\\/#organization\",\"name\":\"Voces de la Comuna 15\",\"url\":\"https:\\\/\\\/vocesdelacomuna15.com.ar\\\/press\\\/\",\"logo\":{\"@type\":\"ImageObject\",\"inLanguage\":\"es-AR\",\"@id\":\"https:\\\/\\\/vocesdelacomuna15.com.ar\\\/press\\\/#\\\/schema\\\/logo\\\/image\\\/\",\"url\":\"https:\\\/\\\/vocesdelacomuna15.com.ar\\\/wp-content\\\/uploads\\\/2024\\\/12\\\/cropped-logo_voces.jpg\",\"contentUrl\":\"https:\\\/\\\/vocesdelacomuna15.com.ar\\\/wp-content\\\/uploads\\\/2024\\\/12\\\/cropped-logo_voces.jpg\",\"width\":512,\"height\":512,\"caption\":\"Voces de la Comuna 15\"},\"image\":{\"@id\":\"https:\\\/\\\/vocesdelacomuna15.com.ar\\\/press\\\/#\\\/schema\\\/logo\\\/image\\\/\"},\"sameAs\":[\"https:\\\/\\\/www.facebook.com\\\/VocesComuna15\\\/\",\"https:\\\/\\\/x.com\\\/vocescomuna15\"]},{\"@type\":\"Person\",\"@id\":\"https:\\\/\\\/vocesdelacomuna15.com.ar\\\/press\\\/#\\\/schema\\\/person\\\/4739e109db25d799cd3d139eeb509e43\",\"name\":\"Federico Arguto\",\"image\":{\"@type\":\"ImageObject\",\"inLanguage\":\"es-AR\",\"@id\":\"https:\\\/\\\/vocesdelacomuna15.com.ar\\\/wp-content\\\/litespeed\\\/avatar\\\/82faf979976f1bae889b8b71f8a0a7e5.jpg?ver=1777419741\",\"url\":\"https:\\\/\\\/vocesdelacomuna15.com.ar\\\/wp-content\\\/litespeed\\\/avatar\\\/82faf979976f1bae889b8b71f8a0a7e5.jpg?ver=1777419741\",\"contentUrl\":\"https:\\\/\\\/vocesdelacomuna15.com.ar\\\/wp-content\\\/litespeed\\\/avatar\\\/82faf979976f1bae889b8b71f8a0a7e5.jpg?ver=1777419741\",\"caption\":\"Federico Arguto\"},\"url\":\"https:\\\/\\\/vocesdelacomuna15.com.ar\\\/press\\\/author\\\/fede\\\/\"}]}<\/script>\n<!-- \/ Yoast SEO plugin. -->","yoast_head_json":{"title":"Fideos y mucho m\u00e1s - Voces de la Comuna 15","description":"Voces de la Comuna 15","robots":{"index":"index","follow":"follow","max-snippet":"max-snippet:-1","max-image-preview":"max-image-preview:large","max-video-preview":"max-video-preview:-1"},"canonical":"https:\/\/vocesdelacomuna15.com.ar\/press\/fideos-y-mucho-mas\/","og_locale":"es_ES","og_type":"article","og_title":"Fideos y mucho m\u00e1s - Voces de la Comuna 15","og_description":"Voces de la Comuna 15","og_url":"https:\/\/vocesdelacomuna15.com.ar\/press\/fideos-y-mucho-mas\/","og_site_name":"Voces de la Comuna 15","article_publisher":"https:\/\/www.facebook.com\/VocesComuna15\/","article_published_time":"2024-03-18T18:27:38+00:00","og_image":[{"width":2560,"height":1580,"url":"https:\/\/vocesdelacomuna15.com.ar\/wp-content\/uploads\/2024\/03\/spaguetti-caruso-scaled.jpg","type":"image\/jpeg"}],"author":"Federico Arguto","twitter_card":"summary_large_image","twitter_creator":"@vocescomuna15","twitter_site":"@vocescomuna15","twitter_misc":{"Escrito por":"Federico Arguto","Tiempo de lectura":"7 minutos"},"schema":{"@context":"https:\/\/schema.org","@graph":[{"@type":"Article","@id":"https:\/\/vocesdelacomuna15.com.ar\/press\/fideos-y-mucho-mas\/#article","isPartOf":{"@id":"https:\/\/vocesdelacomuna15.com.ar\/press\/fideos-y-mucho-mas\/"},"author":{"name":"Federico Arguto","@id":"https:\/\/vocesdelacomuna15.com.ar\/press\/#\/schema\/person\/4739e109db25d799cd3d139eeb509e43"},"headline":"Fideos y mucho m\u00e1s","datePublished":"2024-03-18T18:27:38+00:00","mainEntityOfPage":{"@id":"https:\/\/vocesdelacomuna15.com.ar\/press\/fideos-y-mucho-mas\/"},"wordCount":1341,"commentCount":0,"publisher":{"@id":"https:\/\/vocesdelacomuna15.com.ar\/press\/#organization"},"image":{"@id":"https:\/\/vocesdelacomuna15.com.ar\/press\/fideos-y-mucho-mas\/#primaryimage"},"thumbnailUrl":"https:\/\/vocesdelacomuna15.com.ar\/wp-content\/uploads\/2024\/03\/spaguetti-caruso-scaled.jpg","articleSection":["Cocina\/ Gastronom\u00eda"],"inLanguage":"es-AR","potentialAction":[{"@type":"CommentAction","name":"Comment","target":["https:\/\/vocesdelacomuna15.com.ar\/press\/fideos-y-mucho-mas\/#respond"]}]},{"@type":"WebPage","@id":"https:\/\/vocesdelacomuna15.com.ar\/press\/fideos-y-mucho-mas\/","url":"https:\/\/vocesdelacomuna15.com.ar\/press\/fideos-y-mucho-mas\/","name":"Fideos y mucho m\u00e1s - Voces de la Comuna 15","isPartOf":{"@id":"https:\/\/vocesdelacomuna15.com.ar\/press\/#website"},"primaryImageOfPage":{"@id":"https:\/\/vocesdelacomuna15.com.ar\/press\/fideos-y-mucho-mas\/#primaryimage"},"image":{"@id":"https:\/\/vocesdelacomuna15.com.ar\/press\/fideos-y-mucho-mas\/#primaryimage"},"thumbnailUrl":"https:\/\/vocesdelacomuna15.com.ar\/wp-content\/uploads\/2024\/03\/spaguetti-caruso-scaled.jpg","datePublished":"2024-03-18T18:27:38+00:00","description":"Voces de la Comuna 15","breadcrumb":{"@id":"https:\/\/vocesdelacomuna15.com.ar\/press\/fideos-y-mucho-mas\/#breadcrumb"},"inLanguage":"es-AR","potentialAction":[{"@type":"ReadAction","target":["https:\/\/vocesdelacomuna15.com.ar\/press\/fideos-y-mucho-mas\/"]}]},{"@type":"ImageObject","inLanguage":"es-AR","@id":"https:\/\/vocesdelacomuna15.com.ar\/press\/fideos-y-mucho-mas\/#primaryimage","url":"https:\/\/vocesdelacomuna15.com.ar\/wp-content\/uploads\/2024\/03\/spaguetti-caruso-scaled.jpg","contentUrl":"https:\/\/vocesdelacomuna15.com.ar\/wp-content\/uploads\/2024\/03\/spaguetti-caruso-scaled.jpg","width":2560,"height":1580},{"@type":"BreadcrumbList","@id":"https:\/\/vocesdelacomuna15.com.ar\/press\/fideos-y-mucho-mas\/#breadcrumb","itemListElement":[{"@type":"ListItem","position":1,"name":"Inicio","item":"https:\/\/vocesdelacomuna15.com.ar\/press\/"},{"@type":"ListItem","position":2,"name":"Fideos y mucho m\u00e1s"}]},{"@type":"WebSite","@id":"https:\/\/vocesdelacomuna15.com.ar\/press\/#website","url":"https:\/\/vocesdelacomuna15.com.ar\/press\/","name":"Voces de la Comuna 15","description":"Sitio web de noticias","publisher":{"@id":"https:\/\/vocesdelacomuna15.com.ar\/press\/#organization"},"potentialAction":[{"@type":"SearchAction","target":{"@type":"EntryPoint","urlTemplate":"https:\/\/vocesdelacomuna15.com.ar\/press\/?s={search_term_string}"},"query-input":{"@type":"PropertyValueSpecification","valueRequired":true,"valueName":"search_term_string"}}],"inLanguage":"es-AR"},{"@type":"Organization","@id":"https:\/\/vocesdelacomuna15.com.ar\/press\/#organization","name":"Voces de la Comuna 15","url":"https:\/\/vocesdelacomuna15.com.ar\/press\/","logo":{"@type":"ImageObject","inLanguage":"es-AR","@id":"https:\/\/vocesdelacomuna15.com.ar\/press\/#\/schema\/logo\/image\/","url":"https:\/\/vocesdelacomuna15.com.ar\/wp-content\/uploads\/2024\/12\/cropped-logo_voces.jpg","contentUrl":"https:\/\/vocesdelacomuna15.com.ar\/wp-content\/uploads\/2024\/12\/cropped-logo_voces.jpg","width":512,"height":512,"caption":"Voces de la Comuna 15"},"image":{"@id":"https:\/\/vocesdelacomuna15.com.ar\/press\/#\/schema\/logo\/image\/"},"sameAs":["https:\/\/www.facebook.com\/VocesComuna15\/","https:\/\/x.com\/vocescomuna15"]},{"@type":"Person","@id":"https:\/\/vocesdelacomuna15.com.ar\/press\/#\/schema\/person\/4739e109db25d799cd3d139eeb509e43","name":"Federico Arguto","image":{"@type":"ImageObject","inLanguage":"es-AR","@id":"https:\/\/vocesdelacomuna15.com.ar\/wp-content\/litespeed\/avatar\/82faf979976f1bae889b8b71f8a0a7e5.jpg?ver=1777419741","url":"https:\/\/vocesdelacomuna15.com.ar\/wp-content\/litespeed\/avatar\/82faf979976f1bae889b8b71f8a0a7e5.jpg?ver=1777419741","contentUrl":"https:\/\/vocesdelacomuna15.com.ar\/wp-content\/litespeed\/avatar\/82faf979976f1bae889b8b71f8a0a7e5.jpg?ver=1777419741","caption":"Federico Arguto"},"url":"https:\/\/vocesdelacomuna15.com.ar\/press\/author\/fede\/"}]}},"_links":{"self":[{"href":"https:\/\/vocesdelacomuna15.com.ar\/press\/wp-json\/wp\/v2\/posts\/63143","targetHints":{"allow":["GET"]}}],"collection":[{"href":"https:\/\/vocesdelacomuna15.com.ar\/press\/wp-json\/wp\/v2\/posts"}],"about":[{"href":"https:\/\/vocesdelacomuna15.com.ar\/press\/wp-json\/wp\/v2\/types\/post"}],"author":[{"embeddable":true,"href":"https:\/\/vocesdelacomuna15.com.ar\/press\/wp-json\/wp\/v2\/users\/2"}],"replies":[{"embeddable":true,"href":"https:\/\/vocesdelacomuna15.com.ar\/press\/wp-json\/wp\/v2\/comments?post=63143"}],"version-history":[{"count":2,"href":"https:\/\/vocesdelacomuna15.com.ar\/press\/wp-json\/wp\/v2\/posts\/63143\/revisions"}],"predecessor-version":[{"id":63159,"href":"https:\/\/vocesdelacomuna15.com.ar\/press\/wp-json\/wp\/v2\/posts\/63143\/revisions\/63159"}],"wp:featuredmedia":[{"embeddable":true,"href":"https:\/\/vocesdelacomuna15.com.ar\/press\/wp-json\/wp\/v2\/media\/63144"}],"wp:attachment":[{"href":"https:\/\/vocesdelacomuna15.com.ar\/press\/wp-json\/wp\/v2\/media?parent=63143"}],"wp:term":[{"taxonomy":"category","embeddable":true,"href":"https:\/\/vocesdelacomuna15.com.ar\/press\/wp-json\/wp\/v2\/categories?post=63143"},{"taxonomy":"post_tag","embeddable":true,"href":"https:\/\/vocesdelacomuna15.com.ar\/press\/wp-json\/wp\/v2\/tags?post=63143"}],"curies":[{"name":"wp","href":"https:\/\/api.w.org\/{rel}","templated":true}]}}