{"id":61902,"date":"2023-11-08T11:57:26","date_gmt":"2023-11-08T14:57:26","guid":{"rendered":"https:\/\/vocesdelacomuna15.com.ar\/?p=61902"},"modified":"2023-11-08T11:58:03","modified_gmt":"2023-11-08T14:58:03","slug":"cultura-en-la-comuna-15-recomendaciones-para-la-semana","status":"publish","type":"post","link":"https:\/\/vocesdelacomuna15.com.ar\/press\/cultura-en-la-comuna-15-recomendaciones-para-la-semana\/","title":{"rendered":"Cultura en la Comuna 15: Recomendaciones para la semana"},"content":{"rendered":"\n<p>Enviadas por la web \u201c<a href=\"https:\/\/agendacultural15.com\/\">Agenda Cultural 15<\/a>\u201d<\/p>\n\n\n\n<p>Replicamos aqu\u00ed las recomendaciones culturales enviadas por la web \u201c<a href=\"https:\/\/agendacultural15.com\/\">Agenda Cultural 15<\/a>\u201d para la semana en Villa Crespo, Chacarita, Agronom\u00eda y otros barrios porte\u00f1os:<\/p>\n\n\n\n<p>Desde Agenda Cultural 15 te vamos a enviar, una vez por semana, distintas opciones para ver y disfrutar. Esperamos que te guste!<\/p>\n\n\n\n<p>Nos pod\u00e9s seguir en nuestras redes sociales:<\/p>\n\n\n\n<p>IG y FB: @agendacultural15<\/p>\n\n\n\n<p><\/p>\n\n\n\n<p><strong>\u201cAl Borde\u201d en Nueva Comuna<\/strong><\/p>\n\n\n\n<p>Ma\u00f1ana mi\u00e9rcoles a las 19hs se estrena \u201cAl Borde\u201d, una pel\u00edcula dirigida por C\u00e9sar Gonz\u00e1lez y producida por Futurock sobre las elecciones 2023.<\/p>\n\n\n\n<p>En tiempos donde juntarse es imprescindible, el estreno se vuelve un hecho pol\u00edtico: nos encontramos ma\u00f1ana mi\u00e9rcoles a las 19hs en Nueva Comuna, Jorge Newbery 3865, en el barrio de Chacarita, para compartir la proyecci\u00f3n simult\u00e1nea del documental. La idea es que el estreno sirva para generar discusi\u00f3n, charlas, contacto, m\u00edstica para encarar estos d\u00edas que son clave para nuestra historia.<\/p>\n\n\n\n<p>Entrada gratuita.<\/p>\n\n\n\n<p>+info: https:\/\/agendacultural15.com\/al-borde\/<\/p>\n\n\n\n<p><\/p>\n\n\n\n<p><strong>\u201dMugre\u201d en No Avestruz<\/strong><\/p>\n\n\n\n<p>Los viernes a las 20hs se presenta \u201cMugre (debajo de la alfombra familiar)\u201d, una comedia con perspectiva femenina, en Teatro No Avestruz, Humboldt 1857, en el barrio de Palermo.<\/p>\n\n\n\n<p>Es de noche. Llueve. Adriano est\u00e1 concentrado en los preparativos de la cena. Su hermana y su cu\u00f1ado est\u00e1n a punto de llegar. Clara, su mujer, se olvid\u00f3 completamente del evento. Hay una noticia que dar. Sorpresivamente van llegando familiares a la casa que complican y tensan el ambiente. En especial la llegada de un hombre extra\u00f1o que pone en jaque las relaciones familiares y devela los miedos y fantas\u00edas de los comensales. A medida que transcurre la noche la armon\u00eda familiar comienza a tambalear y el caos se apodera del lugar.<\/p>\n\n\n\n<p>Direcci\u00f3n: Santiago Leg\u00f3n<\/p>\n\n\n\n<p>Entrada $2500<\/p>\n\n\n\n<p>+info: https:\/\/agendacultural15.com\/mugre-en-no-avestruz\/<\/p>\n\n\n\n<p><\/p>\n\n\n\n<p><strong>Francachela en Aristipo<\/strong><\/p>\n\n\n\n<p>El s\u00e1bado desde las 19hs llega una nueva Francachela a la librer\u00eda Aristipo, Av. Scalabrini Ortiz 605, en el barrio de Villa Crespo.<\/p>\n\n\n\n<p>La Francachela es una juntada para hablar de libros, pasarse recetas, remedios caseros, autores ignotos, el subrayado con birome y otros temas picantes. Tambi\u00e9n para escuchar buena m\u00fasica, bailar, comer un chori y tomar vino.<\/p>\n\n\n\n<p>Entrada gratuita.<\/p>\n\n\n\n<p>+info: https:\/\/agendacultural15.com\/francachela-en-aristipo-6\/<\/p>\n\n\n\n<p><\/p>\n\n\n\n<p><strong>Feria de Agronom\u00eda<\/strong><\/p>\n\n\n\n<p>Este s\u00e1bado y el domingo, de 10 a 19hs, vuelve la Feria del Productora al Consumidor de la Facultad de Agronom\u00eda.&nbsp; En la Feria de la Econom\u00eda Social de la Facultad de Agronom\u00eda de la UBA se podr\u00e1 encontrar una enorme variedad de alimentos frescos y envasados, delicias gastron\u00f3micas, frutas y verduras de estaci\u00f3n que llegan directamente de sus productores al consumidor.<\/p>\n\n\n\n<p>Entrada gratuita<\/p>\n\n\n\n<p>+info: https:\/\/agendacultural15.com\/feria-de-agronomia-34\/<\/p>\n<div class=\"pvc_clear\"><\/div><p id=\"pvc_stats_61902\" class=\"pvc_stats all  \" data-element-id=\"61902\" style=\"\"><i class=\"pvc-stats-icon small\" aria-hidden=\"true\"><svg aria-hidden=\"true\" focusable=\"false\" data-prefix=\"far\" data-icon=\"chart-bar\" role=\"img\" xmlns=\"http:\/\/www.w3.org\/2000\/svg\" viewBox=\"0 0 512 512\" class=\"svg-inline--fa fa-chart-bar fa-w-16 fa-2x\"><path fill=\"currentColor\" d=\"M396.8 352h22.4c6.4 0 12.8-6.4 12.8-12.8V108.8c0-6.4-6.4-12.8-12.8-12.8h-22.4c-6.4 0-12.8 6.4-12.8 12.8v230.4c0 6.4 6.4 12.8 12.8 12.8zm-192 0h22.4c6.4 0 12.8-6.4 12.8-12.8V140.8c0-6.4-6.4-12.8-12.8-12.8h-22.4c-6.4 0-12.8 6.4-12.8 12.8v198.4c0 6.4 6.4 12.8 12.8 12.8zm96 0h22.4c6.4 0 12.8-6.4 12.8-12.8V204.8c0-6.4-6.4-12.8-12.8-12.8h-22.4c-6.4 0-12.8 6.4-12.8 12.8v134.4c0 6.4 6.4 12.8 12.8 12.8zM496 400H48V80c0-8.84-7.16-16-16-16H16C7.16 64 0 71.16 0 80v336c0 17.67 14.33 32 32 32h464c8.84 0 16-7.16 16-16v-16c0-8.84-7.16-16-16-16zm-387.2-48h22.4c6.4 0 12.8-6.4 12.8-12.8v-70.4c0-6.4-6.4-12.8-12.8-12.8h-22.4c-6.4 0-12.8 6.4-12.8 12.8v70.4c0 6.4 6.4 12.8 12.8 12.8z\" class=\"\"><\/path><\/svg><\/i> <img loading=\"lazy\" decoding=\"async\" width=\"16\" height=\"16\" alt=\"Loading\" src=\"https:\/\/vocesdelacomuna15.com.ar\/wp-content\/plugins\/page-views-count\/ajax-loader-2x.gif\" border=0 \/><\/p><div class=\"pvc_clear\"><\/div>","protected":false},"excerpt":{"rendered":"<p>Enviadas por la web \u201cAgenda Cultural 15\u201d Replicamos aqu\u00ed las recomendaciones culturales enviadas por la web \u201cAgenda Cultural 15\u201d para la semana en Villa Crespo, Chacarita, Agronom\u00eda y otros barrios porte\u00f1os: Desde Agenda Cultural 15 te vamos a enviar, una vez por semana, distintas opciones para ver y disfrutar. Esperamos que te guste! Nos pod\u00e9s [&hellip;]<\/p>\n<div class=\"pvc_clear\"><\/div>\n<p id=\"pvc_stats_61902\" class=\"pvc_stats all  \" data-element-id=\"61902\" style=\"\"><i class=\"pvc-stats-icon small\" aria-hidden=\"true\"><svg aria-hidden=\"true\" focusable=\"false\" data-prefix=\"far\" data-icon=\"chart-bar\" role=\"img\" xmlns=\"http:\/\/www.w3.org\/2000\/svg\" viewBox=\"0 0 512 512\" class=\"svg-inline--fa fa-chart-bar fa-w-16 fa-2x\"><path fill=\"currentColor\" d=\"M396.8 352h22.4c6.4 0 12.8-6.4 12.8-12.8V108.8c0-6.4-6.4-12.8-12.8-12.8h-22.4c-6.4 0-12.8 6.4-12.8 12.8v230.4c0 6.4 6.4 12.8 12.8 12.8zm-192 0h22.4c6.4 0 12.8-6.4 12.8-12.8V140.8c0-6.4-6.4-12.8-12.8-12.8h-22.4c-6.4 0-12.8 6.4-12.8 12.8v198.4c0 6.4 6.4 12.8 12.8 12.8zm96 0h22.4c6.4 0 12.8-6.4 12.8-12.8V204.8c0-6.4-6.4-12.8-12.8-12.8h-22.4c-6.4 0-12.8 6.4-12.8 12.8v134.4c0 6.4 6.4 12.8 12.8 12.8zM496 400H48V80c0-8.84-7.16-16-16-16H16C7.16 64 0 71.16 0 80v336c0 17.67 14.33 32 32 32h464c8.84 0 16-7.16 16-16v-16c0-8.84-7.16-16-16-16zm-387.2-48h22.4c6.4 0 12.8-6.4 12.8-12.8v-70.4c0-6.4-6.4-12.8-12.8-12.8h-22.4c-6.4 0-12.8 6.4-12.8 12.8v70.4c0 6.4 6.4 12.8 12.8 12.8z\" class=\"\"><\/path><\/svg><\/i> <img loading=\"lazy\" decoding=\"async\" width=\"16\" height=\"16\" alt=\"Loading\" src=\"https:\/\/vocesdelacomuna15.com.ar\/wp-content\/plugins\/page-views-count\/ajax-loader-2x.gif\" border=0 \/><\/p>\n<div class=\"pvc_clear\"><\/div>\n","protected":false},"author":2,"featured_media":61903,"comment_status":"open","ping_status":"open","sticky":false,"template":"","format":"standard","meta":{"_et_pb_use_builder":"off","_et_pb_old_content":"","_et_gb_content_width":"","footnotes":""},"categories":[6,23,24,32],"tags":[],"class_list":["post-61902","post","type-post","status-publish","format-standard","has-post-thumbnail","hentry","category-agro","category-chacarita","category-cultura","category-vcre","et-has-post-format-content","et_post_format-et-post-format-standard"],"a3_pvc":{"activated":true,"total_views":18,"today_views":0},"yoast_head":"<!-- This site is optimized with the Yoast SEO plugin v27.5 - https:\/\/yoast.com\/product\/yoast-seo-wordpress\/ -->\n<title>Cultura en la Comuna 15: Recomendaciones para la semana - Voces de la Comuna 15<\/title>\n<meta name=\"description\" content=\"Voces de la Comuna 15\" \/>\n<meta name=\"robots\" content=\"index, follow, max-snippet:-1, max-image-preview:large, max-video-preview:-1\" \/>\n<link rel=\"canonical\" href=\"https:\/\/vocesdelacomuna15.com.ar\/press\/cultura-en-la-comuna-15-recomendaciones-para-la-semana\/\" \/>\n<meta property=\"og:locale\" content=\"es_ES\" \/>\n<meta property=\"og:type\" content=\"article\" \/>\n<meta property=\"og:title\" content=\"Cultura en la Comuna 15: Recomendaciones para la semana - Voces de la Comuna 15\" \/>\n<meta property=\"og:description\" content=\"Voces de la Comuna 15\" \/>\n<meta property=\"og:url\" content=\"https:\/\/vocesdelacomuna15.com.ar\/press\/cultura-en-la-comuna-15-recomendaciones-para-la-semana\/\" \/>\n<meta property=\"og:site_name\" content=\"Voces de la Comuna 15\" \/>\n<meta property=\"article:publisher\" content=\"https:\/\/www.facebook.com\/VocesComuna15\/\" \/>\n<meta property=\"article:published_time\" content=\"2023-11-08T14:57:26+00:00\" \/>\n<meta property=\"article:modified_time\" content=\"2023-11-08T14:58:03+00:00\" \/>\n<meta property=\"og:image\" content=\"https:\/\/vocesdelacomuna15.com.ar\/wp-content\/uploads\/2023\/11\/bordered.png\" \/>\n\t<meta property=\"og:image:width\" content=\"326\" \/>\n\t<meta property=\"og:image:height\" content=\"386\" \/>\n\t<meta property=\"og:image:type\" content=\"image\/png\" \/>\n<meta name=\"author\" content=\"Federico Arguto\" \/>\n<meta name=\"twitter:card\" content=\"summary_large_image\" \/>\n<meta name=\"twitter:creator\" content=\"@vocescomuna15\" \/>\n<meta name=\"twitter:site\" content=\"@vocescomuna15\" \/>\n<meta name=\"twitter:label1\" content=\"Escrito por\" \/>\n\t<meta name=\"twitter:data1\" content=\"Federico Arguto\" \/>\n\t<meta name=\"twitter:label2\" content=\"Tiempo de lectura\" \/>\n\t<meta name=\"twitter:data2\" content=\"2 minutos\" \/>\n<script type=\"application\/ld+json\" class=\"yoast-schema-graph\">{\"@context\":\"https:\\\/\\\/schema.org\",\"@graph\":[{\"@type\":\"Article\",\"@id\":\"https:\\\/\\\/vocesdelacomuna15.com.ar\\\/press\\\/cultura-en-la-comuna-15-recomendaciones-para-la-semana\\\/#article\",\"isPartOf\":{\"@id\":\"https:\\\/\\\/vocesdelacomuna15.com.ar\\\/press\\\/cultura-en-la-comuna-15-recomendaciones-para-la-semana\\\/\"},\"author\":{\"name\":\"Federico Arguto\",\"@id\":\"https:\\\/\\\/vocesdelacomuna15.com.ar\\\/press\\\/#\\\/schema\\\/person\\\/4739e109db25d799cd3d139eeb509e43\"},\"headline\":\"Cultura en la Comuna 15: Recomendaciones para la semana\",\"datePublished\":\"2023-11-08T14:57:26+00:00\",\"dateModified\":\"2023-11-08T14:58:03+00:00\",\"mainEntityOfPage\":{\"@id\":\"https:\\\/\\\/vocesdelacomuna15.com.ar\\\/press\\\/cultura-en-la-comuna-15-recomendaciones-para-la-semana\\\/\"},\"wordCount\":469,\"commentCount\":0,\"publisher\":{\"@id\":\"https:\\\/\\\/vocesdelacomuna15.com.ar\\\/press\\\/#organization\"},\"image\":{\"@id\":\"https:\\\/\\\/vocesdelacomuna15.com.ar\\\/press\\\/cultura-en-la-comuna-15-recomendaciones-para-la-semana\\\/#primaryimage\"},\"thumbnailUrl\":\"https:\\\/\\\/vocesdelacomuna15.com.ar\\\/wp-content\\\/uploads\\\/2023\\\/11\\\/bordered.png\",\"articleSection\":[\"Agronom\u00eda\",\"Chacarita\",\"Cultura\",\"Villa Crespo\"],\"inLanguage\":\"es-AR\",\"potentialAction\":[{\"@type\":\"CommentAction\",\"name\":\"Comment\",\"target\":[\"https:\\\/\\\/vocesdelacomuna15.com.ar\\\/press\\\/cultura-en-la-comuna-15-recomendaciones-para-la-semana\\\/#respond\"]}]},{\"@type\":\"WebPage\",\"@id\":\"https:\\\/\\\/vocesdelacomuna15.com.ar\\\/press\\\/cultura-en-la-comuna-15-recomendaciones-para-la-semana\\\/\",\"url\":\"https:\\\/\\\/vocesdelacomuna15.com.ar\\\/press\\\/cultura-en-la-comuna-15-recomendaciones-para-la-semana\\\/\",\"name\":\"Cultura en la Comuna 15: Recomendaciones para la semana - Voces de la Comuna 15\",\"isPartOf\":{\"@id\":\"https:\\\/\\\/vocesdelacomuna15.com.ar\\\/press\\\/#website\"},\"primaryImageOfPage\":{\"@id\":\"https:\\\/\\\/vocesdelacomuna15.com.ar\\\/press\\\/cultura-en-la-comuna-15-recomendaciones-para-la-semana\\\/#primaryimage\"},\"image\":{\"@id\":\"https:\\\/\\\/vocesdelacomuna15.com.ar\\\/press\\\/cultura-en-la-comuna-15-recomendaciones-para-la-semana\\\/#primaryimage\"},\"thumbnailUrl\":\"https:\\\/\\\/vocesdelacomuna15.com.ar\\\/wp-content\\\/uploads\\\/2023\\\/11\\\/bordered.png\",\"datePublished\":\"2023-11-08T14:57:26+00:00\",\"dateModified\":\"2023-11-08T14:58:03+00:00\",\"description\":\"Voces de la Comuna 15\",\"breadcrumb\":{\"@id\":\"https:\\\/\\\/vocesdelacomuna15.com.ar\\\/press\\\/cultura-en-la-comuna-15-recomendaciones-para-la-semana\\\/#breadcrumb\"},\"inLanguage\":\"es-AR\",\"potentialAction\":[{\"@type\":\"ReadAction\",\"target\":[\"https:\\\/\\\/vocesdelacomuna15.com.ar\\\/press\\\/cultura-en-la-comuna-15-recomendaciones-para-la-semana\\\/\"]}]},{\"@type\":\"ImageObject\",\"inLanguage\":\"es-AR\",\"@id\":\"https:\\\/\\\/vocesdelacomuna15.com.ar\\\/press\\\/cultura-en-la-comuna-15-recomendaciones-para-la-semana\\\/#primaryimage\",\"url\":\"https:\\\/\\\/vocesdelacomuna15.com.ar\\\/wp-content\\\/uploads\\\/2023\\\/11\\\/bordered.png\",\"contentUrl\":\"https:\\\/\\\/vocesdelacomuna15.com.ar\\\/wp-content\\\/uploads\\\/2023\\\/11\\\/bordered.png\",\"width\":326,\"height\":386},{\"@type\":\"BreadcrumbList\",\"@id\":\"https:\\\/\\\/vocesdelacomuna15.com.ar\\\/press\\\/cultura-en-la-comuna-15-recomendaciones-para-la-semana\\\/#breadcrumb\",\"itemListElement\":[{\"@type\":\"ListItem\",\"position\":1,\"name\":\"Inicio\",\"item\":\"https:\\\/\\\/vocesdelacomuna15.com.ar\\\/press\\\/\"},{\"@type\":\"ListItem\",\"position\":2,\"name\":\"Cultura en la Comuna 15: Recomendaciones para la semana\"}]},{\"@type\":\"WebSite\",\"@id\":\"https:\\\/\\\/vocesdelacomuna15.com.ar\\\/press\\\/#website\",\"url\":\"https:\\\/\\\/vocesdelacomuna15.com.ar\\\/press\\\/\",\"name\":\"Voces de la Comuna 15\",\"description\":\"Sitio web de noticias\",\"publisher\":{\"@id\":\"https:\\\/\\\/vocesdelacomuna15.com.ar\\\/press\\\/#organization\"},\"potentialAction\":[{\"@type\":\"SearchAction\",\"target\":{\"@type\":\"EntryPoint\",\"urlTemplate\":\"https:\\\/\\\/vocesdelacomuna15.com.ar\\\/press\\\/?s={search_term_string}\"},\"query-input\":{\"@type\":\"PropertyValueSpecification\",\"valueRequired\":true,\"valueName\":\"search_term_string\"}}],\"inLanguage\":\"es-AR\"},{\"@type\":\"Organization\",\"@id\":\"https:\\\/\\\/vocesdelacomuna15.com.ar\\\/press\\\/#organization\",\"name\":\"Voces de la Comuna 15\",\"url\":\"https:\\\/\\\/vocesdelacomuna15.com.ar\\\/press\\\/\",\"logo\":{\"@type\":\"ImageObject\",\"inLanguage\":\"es-AR\",\"@id\":\"https:\\\/\\\/vocesdelacomuna15.com.ar\\\/press\\\/#\\\/schema\\\/logo\\\/image\\\/\",\"url\":\"https:\\\/\\\/vocesdelacomuna15.com.ar\\\/wp-content\\\/uploads\\\/2024\\\/12\\\/cropped-logo_voces.jpg\",\"contentUrl\":\"https:\\\/\\\/vocesdelacomuna15.com.ar\\\/wp-content\\\/uploads\\\/2024\\\/12\\\/cropped-logo_voces.jpg\",\"width\":512,\"height\":512,\"caption\":\"Voces de la Comuna 15\"},\"image\":{\"@id\":\"https:\\\/\\\/vocesdelacomuna15.com.ar\\\/press\\\/#\\\/schema\\\/logo\\\/image\\\/\"},\"sameAs\":[\"https:\\\/\\\/www.facebook.com\\\/VocesComuna15\\\/\",\"https:\\\/\\\/x.com\\\/vocescomuna15\"]},{\"@type\":\"Person\",\"@id\":\"https:\\\/\\\/vocesdelacomuna15.com.ar\\\/press\\\/#\\\/schema\\\/person\\\/4739e109db25d799cd3d139eeb509e43\",\"name\":\"Federico Arguto\",\"image\":{\"@type\":\"ImageObject\",\"inLanguage\":\"es-AR\",\"@id\":\"https:\\\/\\\/vocesdelacomuna15.com.ar\\\/wp-content\\\/litespeed\\\/avatar\\\/82faf979976f1bae889b8b71f8a0a7e5.jpg?ver=1777419741\",\"url\":\"https:\\\/\\\/vocesdelacomuna15.com.ar\\\/wp-content\\\/litespeed\\\/avatar\\\/82faf979976f1bae889b8b71f8a0a7e5.jpg?ver=1777419741\",\"contentUrl\":\"https:\\\/\\\/vocesdelacomuna15.com.ar\\\/wp-content\\\/litespeed\\\/avatar\\\/82faf979976f1bae889b8b71f8a0a7e5.jpg?ver=1777419741\",\"caption\":\"Federico Arguto\"},\"url\":\"https:\\\/\\\/vocesdelacomuna15.com.ar\\\/press\\\/author\\\/fede\\\/\"}]}<\/script>\n<!-- \/ Yoast SEO plugin. -->","yoast_head_json":{"title":"Cultura en la Comuna 15: Recomendaciones para la semana - Voces de la Comuna 15","description":"Voces de la Comuna 15","robots":{"index":"index","follow":"follow","max-snippet":"max-snippet:-1","max-image-preview":"max-image-preview:large","max-video-preview":"max-video-preview:-1"},"canonical":"https:\/\/vocesdelacomuna15.com.ar\/press\/cultura-en-la-comuna-15-recomendaciones-para-la-semana\/","og_locale":"es_ES","og_type":"article","og_title":"Cultura en la Comuna 15: Recomendaciones para la semana - Voces de la Comuna 15","og_description":"Voces de la Comuna 15","og_url":"https:\/\/vocesdelacomuna15.com.ar\/press\/cultura-en-la-comuna-15-recomendaciones-para-la-semana\/","og_site_name":"Voces de la Comuna 15","article_publisher":"https:\/\/www.facebook.com\/VocesComuna15\/","article_published_time":"2023-11-08T14:57:26+00:00","article_modified_time":"2023-11-08T14:58:03+00:00","og_image":[{"width":326,"height":386,"url":"https:\/\/vocesdelacomuna15.com.ar\/wp-content\/uploads\/2023\/11\/bordered.png","type":"image\/png"}],"author":"Federico Arguto","twitter_card":"summary_large_image","twitter_creator":"@vocescomuna15","twitter_site":"@vocescomuna15","twitter_misc":{"Escrito por":"Federico Arguto","Tiempo de lectura":"2 minutos"},"schema":{"@context":"https:\/\/schema.org","@graph":[{"@type":"Article","@id":"https:\/\/vocesdelacomuna15.com.ar\/press\/cultura-en-la-comuna-15-recomendaciones-para-la-semana\/#article","isPartOf":{"@id":"https:\/\/vocesdelacomuna15.com.ar\/press\/cultura-en-la-comuna-15-recomendaciones-para-la-semana\/"},"author":{"name":"Federico Arguto","@id":"https:\/\/vocesdelacomuna15.com.ar\/press\/#\/schema\/person\/4739e109db25d799cd3d139eeb509e43"},"headline":"Cultura en la Comuna 15: Recomendaciones para la semana","datePublished":"2023-11-08T14:57:26+00:00","dateModified":"2023-11-08T14:58:03+00:00","mainEntityOfPage":{"@id":"https:\/\/vocesdelacomuna15.com.ar\/press\/cultura-en-la-comuna-15-recomendaciones-para-la-semana\/"},"wordCount":469,"commentCount":0,"publisher":{"@id":"https:\/\/vocesdelacomuna15.com.ar\/press\/#organization"},"image":{"@id":"https:\/\/vocesdelacomuna15.com.ar\/press\/cultura-en-la-comuna-15-recomendaciones-para-la-semana\/#primaryimage"},"thumbnailUrl":"https:\/\/vocesdelacomuna15.com.ar\/wp-content\/uploads\/2023\/11\/bordered.png","articleSection":["Agronom\u00eda","Chacarita","Cultura","Villa Crespo"],"inLanguage":"es-AR","potentialAction":[{"@type":"CommentAction","name":"Comment","target":["https:\/\/vocesdelacomuna15.com.ar\/press\/cultura-en-la-comuna-15-recomendaciones-para-la-semana\/#respond"]}]},{"@type":"WebPage","@id":"https:\/\/vocesdelacomuna15.com.ar\/press\/cultura-en-la-comuna-15-recomendaciones-para-la-semana\/","url":"https:\/\/vocesdelacomuna15.com.ar\/press\/cultura-en-la-comuna-15-recomendaciones-para-la-semana\/","name":"Cultura en la Comuna 15: Recomendaciones para la semana - Voces de la Comuna 15","isPartOf":{"@id":"https:\/\/vocesdelacomuna15.com.ar\/press\/#website"},"primaryImageOfPage":{"@id":"https:\/\/vocesdelacomuna15.com.ar\/press\/cultura-en-la-comuna-15-recomendaciones-para-la-semana\/#primaryimage"},"image":{"@id":"https:\/\/vocesdelacomuna15.com.ar\/press\/cultura-en-la-comuna-15-recomendaciones-para-la-semana\/#primaryimage"},"thumbnailUrl":"https:\/\/vocesdelacomuna15.com.ar\/wp-content\/uploads\/2023\/11\/bordered.png","datePublished":"2023-11-08T14:57:26+00:00","dateModified":"2023-11-08T14:58:03+00:00","description":"Voces de la Comuna 15","breadcrumb":{"@id":"https:\/\/vocesdelacomuna15.com.ar\/press\/cultura-en-la-comuna-15-recomendaciones-para-la-semana\/#breadcrumb"},"inLanguage":"es-AR","potentialAction":[{"@type":"ReadAction","target":["https:\/\/vocesdelacomuna15.com.ar\/press\/cultura-en-la-comuna-15-recomendaciones-para-la-semana\/"]}]},{"@type":"ImageObject","inLanguage":"es-AR","@id":"https:\/\/vocesdelacomuna15.com.ar\/press\/cultura-en-la-comuna-15-recomendaciones-para-la-semana\/#primaryimage","url":"https:\/\/vocesdelacomuna15.com.ar\/wp-content\/uploads\/2023\/11\/bordered.png","contentUrl":"https:\/\/vocesdelacomuna15.com.ar\/wp-content\/uploads\/2023\/11\/bordered.png","width":326,"height":386},{"@type":"BreadcrumbList","@id":"https:\/\/vocesdelacomuna15.com.ar\/press\/cultura-en-la-comuna-15-recomendaciones-para-la-semana\/#breadcrumb","itemListElement":[{"@type":"ListItem","position":1,"name":"Inicio","item":"https:\/\/vocesdelacomuna15.com.ar\/press\/"},{"@type":"ListItem","position":2,"name":"Cultura en la Comuna 15: Recomendaciones para la semana"}]},{"@type":"WebSite","@id":"https:\/\/vocesdelacomuna15.com.ar\/press\/#website","url":"https:\/\/vocesdelacomuna15.com.ar\/press\/","name":"Voces de la Comuna 15","description":"Sitio web de noticias","publisher":{"@id":"https:\/\/vocesdelacomuna15.com.ar\/press\/#organization"},"potentialAction":[{"@type":"SearchAction","target":{"@type":"EntryPoint","urlTemplate":"https:\/\/vocesdelacomuna15.com.ar\/press\/?s={search_term_string}"},"query-input":{"@type":"PropertyValueSpecification","valueRequired":true,"valueName":"search_term_string"}}],"inLanguage":"es-AR"},{"@type":"Organization","@id":"https:\/\/vocesdelacomuna15.com.ar\/press\/#organization","name":"Voces de la Comuna 15","url":"https:\/\/vocesdelacomuna15.com.ar\/press\/","logo":{"@type":"ImageObject","inLanguage":"es-AR","@id":"https:\/\/vocesdelacomuna15.com.ar\/press\/#\/schema\/logo\/image\/","url":"https:\/\/vocesdelacomuna15.com.ar\/wp-content\/uploads\/2024\/12\/cropped-logo_voces.jpg","contentUrl":"https:\/\/vocesdelacomuna15.com.ar\/wp-content\/uploads\/2024\/12\/cropped-logo_voces.jpg","width":512,"height":512,"caption":"Voces de la Comuna 15"},"image":{"@id":"https:\/\/vocesdelacomuna15.com.ar\/press\/#\/schema\/logo\/image\/"},"sameAs":["https:\/\/www.facebook.com\/VocesComuna15\/","https:\/\/x.com\/vocescomuna15"]},{"@type":"Person","@id":"https:\/\/vocesdelacomuna15.com.ar\/press\/#\/schema\/person\/4739e109db25d799cd3d139eeb509e43","name":"Federico Arguto","image":{"@type":"ImageObject","inLanguage":"es-AR","@id":"https:\/\/vocesdelacomuna15.com.ar\/wp-content\/litespeed\/avatar\/82faf979976f1bae889b8b71f8a0a7e5.jpg?ver=1777419741","url":"https:\/\/vocesdelacomuna15.com.ar\/wp-content\/litespeed\/avatar\/82faf979976f1bae889b8b71f8a0a7e5.jpg?ver=1777419741","contentUrl":"https:\/\/vocesdelacomuna15.com.ar\/wp-content\/litespeed\/avatar\/82faf979976f1bae889b8b71f8a0a7e5.jpg?ver=1777419741","caption":"Federico Arguto"},"url":"https:\/\/vocesdelacomuna15.com.ar\/press\/author\/fede\/"}]}},"_links":{"self":[{"href":"https:\/\/vocesdelacomuna15.com.ar\/press\/wp-json\/wp\/v2\/posts\/61902","targetHints":{"allow":["GET"]}}],"collection":[{"href":"https:\/\/vocesdelacomuna15.com.ar\/press\/wp-json\/wp\/v2\/posts"}],"about":[{"href":"https:\/\/vocesdelacomuna15.com.ar\/press\/wp-json\/wp\/v2\/types\/post"}],"author":[{"embeddable":true,"href":"https:\/\/vocesdelacomuna15.com.ar\/press\/wp-json\/wp\/v2\/users\/2"}],"replies":[{"embeddable":true,"href":"https:\/\/vocesdelacomuna15.com.ar\/press\/wp-json\/wp\/v2\/comments?post=61902"}],"version-history":[{"count":2,"href":"https:\/\/vocesdelacomuna15.com.ar\/press\/wp-json\/wp\/v2\/posts\/61902\/revisions"}],"predecessor-version":[{"id":61905,"href":"https:\/\/vocesdelacomuna15.com.ar\/press\/wp-json\/wp\/v2\/posts\/61902\/revisions\/61905"}],"wp:featuredmedia":[{"embeddable":true,"href":"https:\/\/vocesdelacomuna15.com.ar\/press\/wp-json\/wp\/v2\/media\/61903"}],"wp:attachment":[{"href":"https:\/\/vocesdelacomuna15.com.ar\/press\/wp-json\/wp\/v2\/media?parent=61902"}],"wp:term":[{"taxonomy":"category","embeddable":true,"href":"https:\/\/vocesdelacomuna15.com.ar\/press\/wp-json\/wp\/v2\/categories?post=61902"},{"taxonomy":"post_tag","embeddable":true,"href":"https:\/\/vocesdelacomuna15.com.ar\/press\/wp-json\/wp\/v2\/tags?post=61902"}],"curies":[{"name":"wp","href":"https:\/\/api.w.org\/{rel}","templated":true}]}}