{"id":61896,"date":"2023-11-06T00:57:00","date_gmt":"2023-11-06T03:57:00","guid":{"rendered":"https:\/\/vocesdelacomuna15.com.ar\/?p=61896"},"modified":"2023-11-09T12:15:49","modified_gmt":"2023-11-09T15:15:49","slug":"arranca-la-semana-del-helado-en-todo-el-pais-cuales-son-las-heladerias-adheridas","status":"publish","type":"post","link":"https:\/\/vocesdelacomuna15.com.ar\/press\/arranca-la-semana-del-helado-en-todo-el-pais-cuales-son-las-heladerias-adheridas\/","title":{"rendered":"Arranca la Semana del Helado en todo el pa\u00eds: cu\u00e1les son las helader\u00edas adheridas"},"content":{"rendered":"\n<p>Desde este lunes comienza la Semana del Aut\u00e9ntico Helado Artesanal con promociones y muchas novedades. Conoc\u00e9 todos los detalles del evento. Fuente: InfoCielo<\/p>\n\n\n\n<p>Link a nota original: <a href=\"https:\/\/infocielo.com\/sociedad\/arranca-la-semana-del-helado-todo-el-pais-cuales-son-las-heladerias-adheridas-n774925\">https:\/\/infocielo.com\/sociedad\/arranca-la-semana-del-helado-todo-el-pais-cuales-son-las-heladerias-adheridas-n774925<\/a><\/p>\n\n\n\n<p>Desde este lunes 6 de noviembre comienza la 39\u00ba edici\u00f3n de la <strong>Semana del Aut\u00e9ntico Helado Artesanal<\/strong>, un evento para que los amantes de este alimento puedan darse un gusto con promociones exclusivas, sorteos y muchas sorpresas. Conoc\u00e9 las helader\u00edas adheridas y c\u00f3mo aprovecharlo.<\/p>\n\n\n\n<p>Se trata de un evento organizado por la <strong>Asociaci\u00f3n de Heladeros Artesanales de Argentina (AFADHYA)<\/strong>, quien tambi\u00e9n desarrolla la <a href=\"https:\/\/infocielo.com\/sociedad\/se-viene-la-noche-las-heladerias-cuando-es-y-que-promociones-tendra-n774570\" target=\"_blank\" rel=\"noreferrer noopener\"><strong>Noche de las Helader\u00edas<\/strong>, que ser\u00e1 el pr\u00f3ximo jueves 9 de noviembre<\/a>. La semana de beneficios se desarrolla desde el 6 al 12 de noviembre y contar\u00e1 con 400 helader\u00edas artesanales adheridas en todo el pa\u00eds.<\/p>\n\n\n\n<h2 class=\"wp-block-heading\">Cu\u00e1les son las helader\u00edas adheridas a la Semana del Helado<\/h2>\n\n\n\n<p>En esta edici\u00f3n, hay helader\u00edas en <strong>Capital Federal, Catamarca, Chaco, Chubut, C\u00f3rdoba, Corrientes, Entre R\u00edos, Provincia de Buenos Aires, Jujuy, La Pampa, Mendoza, Neuqu\u00e9n, R\u00edo Negro, Salta, San Juan, San Luis, Santa Cruz, Santa Fe y Santiago del Estero<\/strong>.<\/p>\n\n\n\n<p>En la <strong>provincia de Buenos Aires<\/strong>, se podr\u00e1 aprovechar en diversas localidades como: La Plata, Chascom\u00fas, Saladillo, Luj\u00e1n, Lomas de Zamora, Pehuaj\u00f3, Rauch, Pilar, Mor\u00f3n, Pergamino, Monte Grande, Florencio Varela, Berazategui, Quilmes, y muchos m\u00e1s. Para conocer cu\u00e1les son <a href=\"https:\/\/www.afadhya.com.ar\/wp-content\/uploads\/2023\/10\/Listado-Heladerias-adheridas-Semana-de-las-Heladerias.xlsx-Respuestas-de-formulario-1.pdf\" target=\"_blank\" rel=\"noreferrer noopener\">ingres\u00e1 a este link <\/a>.<\/p>\n\n\n\n<h2 class=\"wp-block-heading\">Semana del Helado: c\u00f3mo ser\u00e1<\/h2>\n\n\n\n<p>La la <strong>39\u00ba Semana del Aut\u00e9ntico Helado Artesanal <\/strong>tendr\u00e1 promociones novedosas propuestas. Durante toda la semana se realizar\u00e1n sorteos por kilos de helado en las redes sociales, donaciones a instituciones ben\u00e9ficas y muchas actividades m\u00e1s.<\/p>\n\n\n\n<p>Una de las novedades son los dos nuevos sabores que representan la identidad argentina: <strong>\u201cDulcemate\u201d <\/strong>y<strong> \u201cBomb\u00f3n Argentino\u201d<\/strong>. Conoc\u00e9 c\u00f3mo son y sus caracter\u00edsticas <a href=\"https:\/\/infocielo.com\/sociedad\/se-viene-la-noche-las-heladerias-cuando-es-y-que-promociones-tendra-n774570%7d\" target=\"_blank\" rel=\"noreferrer noopener\">en esta nota<\/a>.<\/p>\n\n\n\n<p>Durante toda la semana se realizar\u00e1n sorteos por kilos de helado en las redes sociales, donaciones a instituciones ben\u00e9ficas y muchas actividades m\u00e1s. Por su parte, la Noche de las Helader\u00edas se realizar\u00e1 el jueves 9 de noviembre desde las 19:00 horas y hasta el cierre de los comercios, donde se podr\u00e1 aprovechar una promoci\u00f3n de 2\u00d71 en cuarto kilo de Helado Artesanal, nuevos sabores y muchas sorpresas m\u00e1s.<\/p>\n\n\n\n<p>Seg\u00fan indic\u00f3 AFADHYA, la Semana del Helado Artesanal y la Noche de las Helader\u00edas cuentan con el apoyo de BAIRES Cocina, CATTABRIGA, Aromitalia, Milkaut Profesional, Distribuidora Barcena, KLD, Lucacen, Tronador chocolates, Pehuenia y La Seren\u00edsima.<\/p>\n\n\n\n<p><\/p>\n\n\n\n<p>Foto: AFADHYA<\/p>\n<div class=\"pvc_clear\"><\/div><p id=\"pvc_stats_61896\" class=\"pvc_stats all  \" data-element-id=\"61896\" style=\"\"><i class=\"pvc-stats-icon small\" aria-hidden=\"true\"><svg aria-hidden=\"true\" focusable=\"false\" data-prefix=\"far\" data-icon=\"chart-bar\" role=\"img\" xmlns=\"http:\/\/www.w3.org\/2000\/svg\" viewBox=\"0 0 512 512\" class=\"svg-inline--fa fa-chart-bar fa-w-16 fa-2x\"><path fill=\"currentColor\" d=\"M396.8 352h22.4c6.4 0 12.8-6.4 12.8-12.8V108.8c0-6.4-6.4-12.8-12.8-12.8h-22.4c-6.4 0-12.8 6.4-12.8 12.8v230.4c0 6.4 6.4 12.8 12.8 12.8zm-192 0h22.4c6.4 0 12.8-6.4 12.8-12.8V140.8c0-6.4-6.4-12.8-12.8-12.8h-22.4c-6.4 0-12.8 6.4-12.8 12.8v198.4c0 6.4 6.4 12.8 12.8 12.8zm96 0h22.4c6.4 0 12.8-6.4 12.8-12.8V204.8c0-6.4-6.4-12.8-12.8-12.8h-22.4c-6.4 0-12.8 6.4-12.8 12.8v134.4c0 6.4 6.4 12.8 12.8 12.8zM496 400H48V80c0-8.84-7.16-16-16-16H16C7.16 64 0 71.16 0 80v336c0 17.67 14.33 32 32 32h464c8.84 0 16-7.16 16-16v-16c0-8.84-7.16-16-16-16zm-387.2-48h22.4c6.4 0 12.8-6.4 12.8-12.8v-70.4c0-6.4-6.4-12.8-12.8-12.8h-22.4c-6.4 0-12.8 6.4-12.8 12.8v70.4c0 6.4 6.4 12.8 12.8 12.8z\" class=\"\"><\/path><\/svg><\/i> <img loading=\"lazy\" decoding=\"async\" width=\"16\" height=\"16\" alt=\"Loading\" src=\"https:\/\/vocesdelacomuna15.com.ar\/wp-content\/plugins\/page-views-count\/ajax-loader-2x.gif\" border=0 \/><\/p><div class=\"pvc_clear\"><\/div>","protected":false},"excerpt":{"rendered":"<p>Desde este lunes comienza la Semana del Aut\u00e9ntico Helado Artesanal con promociones y muchas novedades. Conoc\u00e9 todos los detalles del evento. Fuente: InfoCielo Link a nota original: https:\/\/infocielo.com\/sociedad\/arranca-la-semana-del-helado-todo-el-pais-cuales-son-las-heladerias-adheridas-n774925 Desde este lunes 6 de noviembre comienza la 39\u00ba edici\u00f3n de la Semana del Aut\u00e9ntico Helado Artesanal, un evento para que los amantes de este alimento puedan [&hellip;]<\/p>\n<div class=\"pvc_clear\"><\/div>\n<p id=\"pvc_stats_61896\" class=\"pvc_stats all  \" data-element-id=\"61896\" style=\"\"><i class=\"pvc-stats-icon small\" aria-hidden=\"true\"><svg aria-hidden=\"true\" focusable=\"false\" data-prefix=\"far\" data-icon=\"chart-bar\" role=\"img\" xmlns=\"http:\/\/www.w3.org\/2000\/svg\" viewBox=\"0 0 512 512\" class=\"svg-inline--fa fa-chart-bar fa-w-16 fa-2x\"><path fill=\"currentColor\" d=\"M396.8 352h22.4c6.4 0 12.8-6.4 12.8-12.8V108.8c0-6.4-6.4-12.8-12.8-12.8h-22.4c-6.4 0-12.8 6.4-12.8 12.8v230.4c0 6.4 6.4 12.8 12.8 12.8zm-192 0h22.4c6.4 0 12.8-6.4 12.8-12.8V140.8c0-6.4-6.4-12.8-12.8-12.8h-22.4c-6.4 0-12.8 6.4-12.8 12.8v198.4c0 6.4 6.4 12.8 12.8 12.8zm96 0h22.4c6.4 0 12.8-6.4 12.8-12.8V204.8c0-6.4-6.4-12.8-12.8-12.8h-22.4c-6.4 0-12.8 6.4-12.8 12.8v134.4c0 6.4 6.4 12.8 12.8 12.8zM496 400H48V80c0-8.84-7.16-16-16-16H16C7.16 64 0 71.16 0 80v336c0 17.67 14.33 32 32 32h464c8.84 0 16-7.16 16-16v-16c0-8.84-7.16-16-16-16zm-387.2-48h22.4c6.4 0 12.8-6.4 12.8-12.8v-70.4c0-6.4-6.4-12.8-12.8-12.8h-22.4c-6.4 0-12.8 6.4-12.8 12.8v70.4c0 6.4 6.4 12.8 12.8 12.8z\" class=\"\"><\/path><\/svg><\/i> <img loading=\"lazy\" decoding=\"async\" width=\"16\" height=\"16\" alt=\"Loading\" src=\"https:\/\/vocesdelacomuna15.com.ar\/wp-content\/plugins\/page-views-count\/ajax-loader-2x.gif\" border=0 \/><\/p>\n<div class=\"pvc_clear\"><\/div>\n","protected":false},"author":2,"featured_media":61897,"comment_status":"open","ping_status":"open","sticky":false,"template":"","format":"standard","meta":{"_et_pb_use_builder":"off","_et_pb_old_content":"","_et_gb_content_width":"","footnotes":""},"categories":[8],"tags":[],"class_list":["post-61896","post","type-post","status-publish","format-standard","has-post-thumbnail","hentry","category-sociedad","et-has-post-format-content","et_post_format-et-post-format-standard"],"a3_pvc":{"activated":true,"total_views":13,"today_views":0},"yoast_head":"<!-- This site is optimized with the Yoast SEO plugin v27.5 - https:\/\/yoast.com\/product\/yoast-seo-wordpress\/ -->\n<title>Arranca la Semana del Helado en todo el pa\u00eds: cu\u00e1les son las helader\u00edas adheridas - Voces de la Comuna 15<\/title>\n<meta name=\"description\" content=\"Voces de la Comuna 15\" \/>\n<meta name=\"robots\" content=\"index, follow, max-snippet:-1, max-image-preview:large, max-video-preview:-1\" \/>\n<link rel=\"canonical\" href=\"https:\/\/vocesdelacomuna15.com.ar\/press\/arranca-la-semana-del-helado-en-todo-el-pais-cuales-son-las-heladerias-adheridas\/\" \/>\n<meta property=\"og:locale\" content=\"es_ES\" \/>\n<meta property=\"og:type\" content=\"article\" \/>\n<meta property=\"og:title\" content=\"Arranca la Semana del Helado en todo el pa\u00eds: cu\u00e1les son las helader\u00edas adheridas - Voces de la Comuna 15\" \/>\n<meta property=\"og:description\" content=\"Voces de la Comuna 15\" \/>\n<meta property=\"og:url\" content=\"https:\/\/vocesdelacomuna15.com.ar\/press\/arranca-la-semana-del-helado-en-todo-el-pais-cuales-son-las-heladerias-adheridas\/\" \/>\n<meta property=\"og:site_name\" content=\"Voces de la Comuna 15\" \/>\n<meta property=\"article:publisher\" content=\"https:\/\/www.facebook.com\/VocesComuna15\/\" \/>\n<meta property=\"article:published_time\" content=\"2023-11-06T03:57:00+00:00\" \/>\n<meta property=\"article:modified_time\" content=\"2023-11-09T15:15:49+00:00\" \/>\n<meta property=\"og:image\" content=\"https:\/\/vocesdelacomuna15.com.ar\/wp-content\/uploads\/2023\/11\/helado.png\" \/>\n\t<meta property=\"og:image:width\" content=\"532\" \/>\n\t<meta property=\"og:image:height\" content=\"389\" \/>\n\t<meta property=\"og:image:type\" content=\"image\/png\" \/>\n<meta name=\"author\" content=\"Federico Arguto\" \/>\n<meta name=\"twitter:card\" content=\"summary_large_image\" \/>\n<meta name=\"twitter:creator\" content=\"@vocescomuna15\" \/>\n<meta name=\"twitter:site\" content=\"@vocescomuna15\" \/>\n<meta name=\"twitter:label1\" content=\"Escrito por\" \/>\n\t<meta name=\"twitter:data1\" content=\"Federico Arguto\" \/>\n\t<meta name=\"twitter:label2\" content=\"Tiempo de lectura\" \/>\n\t<meta name=\"twitter:data2\" content=\"2 minutos\" \/>\n<script type=\"application\/ld+json\" class=\"yoast-schema-graph\">{\"@context\":\"https:\\\/\\\/schema.org\",\"@graph\":[{\"@type\":\"Article\",\"@id\":\"https:\\\/\\\/vocesdelacomuna15.com.ar\\\/press\\\/arranca-la-semana-del-helado-en-todo-el-pais-cuales-son-las-heladerias-adheridas\\\/#article\",\"isPartOf\":{\"@id\":\"https:\\\/\\\/vocesdelacomuna15.com.ar\\\/press\\\/arranca-la-semana-del-helado-en-todo-el-pais-cuales-son-las-heladerias-adheridas\\\/\"},\"author\":{\"name\":\"Federico Arguto\",\"@id\":\"https:\\\/\\\/vocesdelacomuna15.com.ar\\\/press\\\/#\\\/schema\\\/person\\\/4739e109db25d799cd3d139eeb509e43\"},\"headline\":\"Arranca la Semana del Helado en todo el pa\u00eds: cu\u00e1les son las helader\u00edas adheridas\",\"datePublished\":\"2023-11-06T03:57:00+00:00\",\"dateModified\":\"2023-11-09T15:15:49+00:00\",\"mainEntityOfPage\":{\"@id\":\"https:\\\/\\\/vocesdelacomuna15.com.ar\\\/press\\\/arranca-la-semana-del-helado-en-todo-el-pais-cuales-son-las-heladerias-adheridas\\\/\"},\"wordCount\":444,\"commentCount\":0,\"publisher\":{\"@id\":\"https:\\\/\\\/vocesdelacomuna15.com.ar\\\/press\\\/#organization\"},\"image\":{\"@id\":\"https:\\\/\\\/vocesdelacomuna15.com.ar\\\/press\\\/arranca-la-semana-del-helado-en-todo-el-pais-cuales-son-las-heladerias-adheridas\\\/#primaryimage\"},\"thumbnailUrl\":\"https:\\\/\\\/vocesdelacomuna15.com.ar\\\/wp-content\\\/uploads\\\/2023\\\/11\\\/helado.png\",\"articleSection\":[\"Sociedad\"],\"inLanguage\":\"es-AR\",\"potentialAction\":[{\"@type\":\"CommentAction\",\"name\":\"Comment\",\"target\":[\"https:\\\/\\\/vocesdelacomuna15.com.ar\\\/press\\\/arranca-la-semana-del-helado-en-todo-el-pais-cuales-son-las-heladerias-adheridas\\\/#respond\"]}]},{\"@type\":\"WebPage\",\"@id\":\"https:\\\/\\\/vocesdelacomuna15.com.ar\\\/press\\\/arranca-la-semana-del-helado-en-todo-el-pais-cuales-son-las-heladerias-adheridas\\\/\",\"url\":\"https:\\\/\\\/vocesdelacomuna15.com.ar\\\/press\\\/arranca-la-semana-del-helado-en-todo-el-pais-cuales-son-las-heladerias-adheridas\\\/\",\"name\":\"Arranca la Semana del Helado en todo el pa\u00eds: cu\u00e1les son las helader\u00edas adheridas - Voces de la Comuna 15\",\"isPartOf\":{\"@id\":\"https:\\\/\\\/vocesdelacomuna15.com.ar\\\/press\\\/#website\"},\"primaryImageOfPage\":{\"@id\":\"https:\\\/\\\/vocesdelacomuna15.com.ar\\\/press\\\/arranca-la-semana-del-helado-en-todo-el-pais-cuales-son-las-heladerias-adheridas\\\/#primaryimage\"},\"image\":{\"@id\":\"https:\\\/\\\/vocesdelacomuna15.com.ar\\\/press\\\/arranca-la-semana-del-helado-en-todo-el-pais-cuales-son-las-heladerias-adheridas\\\/#primaryimage\"},\"thumbnailUrl\":\"https:\\\/\\\/vocesdelacomuna15.com.ar\\\/wp-content\\\/uploads\\\/2023\\\/11\\\/helado.png\",\"datePublished\":\"2023-11-06T03:57:00+00:00\",\"dateModified\":\"2023-11-09T15:15:49+00:00\",\"description\":\"Voces de la Comuna 15\",\"breadcrumb\":{\"@id\":\"https:\\\/\\\/vocesdelacomuna15.com.ar\\\/press\\\/arranca-la-semana-del-helado-en-todo-el-pais-cuales-son-las-heladerias-adheridas\\\/#breadcrumb\"},\"inLanguage\":\"es-AR\",\"potentialAction\":[{\"@type\":\"ReadAction\",\"target\":[\"https:\\\/\\\/vocesdelacomuna15.com.ar\\\/press\\\/arranca-la-semana-del-helado-en-todo-el-pais-cuales-son-las-heladerias-adheridas\\\/\"]}]},{\"@type\":\"ImageObject\",\"inLanguage\":\"es-AR\",\"@id\":\"https:\\\/\\\/vocesdelacomuna15.com.ar\\\/press\\\/arranca-la-semana-del-helado-en-todo-el-pais-cuales-son-las-heladerias-adheridas\\\/#primaryimage\",\"url\":\"https:\\\/\\\/vocesdelacomuna15.com.ar\\\/wp-content\\\/uploads\\\/2023\\\/11\\\/helado.png\",\"contentUrl\":\"https:\\\/\\\/vocesdelacomuna15.com.ar\\\/wp-content\\\/uploads\\\/2023\\\/11\\\/helado.png\",\"width\":532,\"height\":389},{\"@type\":\"BreadcrumbList\",\"@id\":\"https:\\\/\\\/vocesdelacomuna15.com.ar\\\/press\\\/arranca-la-semana-del-helado-en-todo-el-pais-cuales-son-las-heladerias-adheridas\\\/#breadcrumb\",\"itemListElement\":[{\"@type\":\"ListItem\",\"position\":1,\"name\":\"Inicio\",\"item\":\"https:\\\/\\\/vocesdelacomuna15.com.ar\\\/press\\\/\"},{\"@type\":\"ListItem\",\"position\":2,\"name\":\"Arranca la Semana del Helado en todo el pa\u00eds: cu\u00e1les son las helader\u00edas adheridas\"}]},{\"@type\":\"WebSite\",\"@id\":\"https:\\\/\\\/vocesdelacomuna15.com.ar\\\/press\\\/#website\",\"url\":\"https:\\\/\\\/vocesdelacomuna15.com.ar\\\/press\\\/\",\"name\":\"Voces de la Comuna 15\",\"description\":\"Sitio web de noticias\",\"publisher\":{\"@id\":\"https:\\\/\\\/vocesdelacomuna15.com.ar\\\/press\\\/#organization\"},\"potentialAction\":[{\"@type\":\"SearchAction\",\"target\":{\"@type\":\"EntryPoint\",\"urlTemplate\":\"https:\\\/\\\/vocesdelacomuna15.com.ar\\\/press\\\/?s={search_term_string}\"},\"query-input\":{\"@type\":\"PropertyValueSpecification\",\"valueRequired\":true,\"valueName\":\"search_term_string\"}}],\"inLanguage\":\"es-AR\"},{\"@type\":\"Organization\",\"@id\":\"https:\\\/\\\/vocesdelacomuna15.com.ar\\\/press\\\/#organization\",\"name\":\"Voces de la Comuna 15\",\"url\":\"https:\\\/\\\/vocesdelacomuna15.com.ar\\\/press\\\/\",\"logo\":{\"@type\":\"ImageObject\",\"inLanguage\":\"es-AR\",\"@id\":\"https:\\\/\\\/vocesdelacomuna15.com.ar\\\/press\\\/#\\\/schema\\\/logo\\\/image\\\/\",\"url\":\"https:\\\/\\\/vocesdelacomuna15.com.ar\\\/wp-content\\\/uploads\\\/2024\\\/12\\\/cropped-logo_voces.jpg\",\"contentUrl\":\"https:\\\/\\\/vocesdelacomuna15.com.ar\\\/wp-content\\\/uploads\\\/2024\\\/12\\\/cropped-logo_voces.jpg\",\"width\":512,\"height\":512,\"caption\":\"Voces de la Comuna 15\"},\"image\":{\"@id\":\"https:\\\/\\\/vocesdelacomuna15.com.ar\\\/press\\\/#\\\/schema\\\/logo\\\/image\\\/\"},\"sameAs\":[\"https:\\\/\\\/www.facebook.com\\\/VocesComuna15\\\/\",\"https:\\\/\\\/x.com\\\/vocescomuna15\"]},{\"@type\":\"Person\",\"@id\":\"https:\\\/\\\/vocesdelacomuna15.com.ar\\\/press\\\/#\\\/schema\\\/person\\\/4739e109db25d799cd3d139eeb509e43\",\"name\":\"Federico Arguto\",\"image\":{\"@type\":\"ImageObject\",\"inLanguage\":\"es-AR\",\"@id\":\"https:\\\/\\\/vocesdelacomuna15.com.ar\\\/wp-content\\\/litespeed\\\/avatar\\\/82faf979976f1bae889b8b71f8a0a7e5.jpg?ver=1777419741\",\"url\":\"https:\\\/\\\/vocesdelacomuna15.com.ar\\\/wp-content\\\/litespeed\\\/avatar\\\/82faf979976f1bae889b8b71f8a0a7e5.jpg?ver=1777419741\",\"contentUrl\":\"https:\\\/\\\/vocesdelacomuna15.com.ar\\\/wp-content\\\/litespeed\\\/avatar\\\/82faf979976f1bae889b8b71f8a0a7e5.jpg?ver=1777419741\",\"caption\":\"Federico Arguto\"},\"url\":\"https:\\\/\\\/vocesdelacomuna15.com.ar\\\/press\\\/author\\\/fede\\\/\"}]}<\/script>\n<!-- \/ Yoast SEO plugin. -->","yoast_head_json":{"title":"Arranca la Semana del Helado en todo el pa\u00eds: cu\u00e1les son las helader\u00edas adheridas - Voces de la Comuna 15","description":"Voces de la Comuna 15","robots":{"index":"index","follow":"follow","max-snippet":"max-snippet:-1","max-image-preview":"max-image-preview:large","max-video-preview":"max-video-preview:-1"},"canonical":"https:\/\/vocesdelacomuna15.com.ar\/press\/arranca-la-semana-del-helado-en-todo-el-pais-cuales-son-las-heladerias-adheridas\/","og_locale":"es_ES","og_type":"article","og_title":"Arranca la Semana del Helado en todo el pa\u00eds: cu\u00e1les son las helader\u00edas adheridas - Voces de la Comuna 15","og_description":"Voces de la Comuna 15","og_url":"https:\/\/vocesdelacomuna15.com.ar\/press\/arranca-la-semana-del-helado-en-todo-el-pais-cuales-son-las-heladerias-adheridas\/","og_site_name":"Voces de la Comuna 15","article_publisher":"https:\/\/www.facebook.com\/VocesComuna15\/","article_published_time":"2023-11-06T03:57:00+00:00","article_modified_time":"2023-11-09T15:15:49+00:00","og_image":[{"width":532,"height":389,"url":"https:\/\/vocesdelacomuna15.com.ar\/wp-content\/uploads\/2023\/11\/helado.png","type":"image\/png"}],"author":"Federico Arguto","twitter_card":"summary_large_image","twitter_creator":"@vocescomuna15","twitter_site":"@vocescomuna15","twitter_misc":{"Escrito por":"Federico Arguto","Tiempo de lectura":"2 minutos"},"schema":{"@context":"https:\/\/schema.org","@graph":[{"@type":"Article","@id":"https:\/\/vocesdelacomuna15.com.ar\/press\/arranca-la-semana-del-helado-en-todo-el-pais-cuales-son-las-heladerias-adheridas\/#article","isPartOf":{"@id":"https:\/\/vocesdelacomuna15.com.ar\/press\/arranca-la-semana-del-helado-en-todo-el-pais-cuales-son-las-heladerias-adheridas\/"},"author":{"name":"Federico Arguto","@id":"https:\/\/vocesdelacomuna15.com.ar\/press\/#\/schema\/person\/4739e109db25d799cd3d139eeb509e43"},"headline":"Arranca la Semana del Helado en todo el pa\u00eds: cu\u00e1les son las helader\u00edas adheridas","datePublished":"2023-11-06T03:57:00+00:00","dateModified":"2023-11-09T15:15:49+00:00","mainEntityOfPage":{"@id":"https:\/\/vocesdelacomuna15.com.ar\/press\/arranca-la-semana-del-helado-en-todo-el-pais-cuales-son-las-heladerias-adheridas\/"},"wordCount":444,"commentCount":0,"publisher":{"@id":"https:\/\/vocesdelacomuna15.com.ar\/press\/#organization"},"image":{"@id":"https:\/\/vocesdelacomuna15.com.ar\/press\/arranca-la-semana-del-helado-en-todo-el-pais-cuales-son-las-heladerias-adheridas\/#primaryimage"},"thumbnailUrl":"https:\/\/vocesdelacomuna15.com.ar\/wp-content\/uploads\/2023\/11\/helado.png","articleSection":["Sociedad"],"inLanguage":"es-AR","potentialAction":[{"@type":"CommentAction","name":"Comment","target":["https:\/\/vocesdelacomuna15.com.ar\/press\/arranca-la-semana-del-helado-en-todo-el-pais-cuales-son-las-heladerias-adheridas\/#respond"]}]},{"@type":"WebPage","@id":"https:\/\/vocesdelacomuna15.com.ar\/press\/arranca-la-semana-del-helado-en-todo-el-pais-cuales-son-las-heladerias-adheridas\/","url":"https:\/\/vocesdelacomuna15.com.ar\/press\/arranca-la-semana-del-helado-en-todo-el-pais-cuales-son-las-heladerias-adheridas\/","name":"Arranca la Semana del Helado en todo el pa\u00eds: cu\u00e1les son las helader\u00edas adheridas - Voces de la Comuna 15","isPartOf":{"@id":"https:\/\/vocesdelacomuna15.com.ar\/press\/#website"},"primaryImageOfPage":{"@id":"https:\/\/vocesdelacomuna15.com.ar\/press\/arranca-la-semana-del-helado-en-todo-el-pais-cuales-son-las-heladerias-adheridas\/#primaryimage"},"image":{"@id":"https:\/\/vocesdelacomuna15.com.ar\/press\/arranca-la-semana-del-helado-en-todo-el-pais-cuales-son-las-heladerias-adheridas\/#primaryimage"},"thumbnailUrl":"https:\/\/vocesdelacomuna15.com.ar\/wp-content\/uploads\/2023\/11\/helado.png","datePublished":"2023-11-06T03:57:00+00:00","dateModified":"2023-11-09T15:15:49+00:00","description":"Voces de la Comuna 15","breadcrumb":{"@id":"https:\/\/vocesdelacomuna15.com.ar\/press\/arranca-la-semana-del-helado-en-todo-el-pais-cuales-son-las-heladerias-adheridas\/#breadcrumb"},"inLanguage":"es-AR","potentialAction":[{"@type":"ReadAction","target":["https:\/\/vocesdelacomuna15.com.ar\/press\/arranca-la-semana-del-helado-en-todo-el-pais-cuales-son-las-heladerias-adheridas\/"]}]},{"@type":"ImageObject","inLanguage":"es-AR","@id":"https:\/\/vocesdelacomuna15.com.ar\/press\/arranca-la-semana-del-helado-en-todo-el-pais-cuales-son-las-heladerias-adheridas\/#primaryimage","url":"https:\/\/vocesdelacomuna15.com.ar\/wp-content\/uploads\/2023\/11\/helado.png","contentUrl":"https:\/\/vocesdelacomuna15.com.ar\/wp-content\/uploads\/2023\/11\/helado.png","width":532,"height":389},{"@type":"BreadcrumbList","@id":"https:\/\/vocesdelacomuna15.com.ar\/press\/arranca-la-semana-del-helado-en-todo-el-pais-cuales-son-las-heladerias-adheridas\/#breadcrumb","itemListElement":[{"@type":"ListItem","position":1,"name":"Inicio","item":"https:\/\/vocesdelacomuna15.com.ar\/press\/"},{"@type":"ListItem","position":2,"name":"Arranca la Semana del Helado en todo el pa\u00eds: cu\u00e1les son las helader\u00edas adheridas"}]},{"@type":"WebSite","@id":"https:\/\/vocesdelacomuna15.com.ar\/press\/#website","url":"https:\/\/vocesdelacomuna15.com.ar\/press\/","name":"Voces de la Comuna 15","description":"Sitio web de noticias","publisher":{"@id":"https:\/\/vocesdelacomuna15.com.ar\/press\/#organization"},"potentialAction":[{"@type":"SearchAction","target":{"@type":"EntryPoint","urlTemplate":"https:\/\/vocesdelacomuna15.com.ar\/press\/?s={search_term_string}"},"query-input":{"@type":"PropertyValueSpecification","valueRequired":true,"valueName":"search_term_string"}}],"inLanguage":"es-AR"},{"@type":"Organization","@id":"https:\/\/vocesdelacomuna15.com.ar\/press\/#organization","name":"Voces de la Comuna 15","url":"https:\/\/vocesdelacomuna15.com.ar\/press\/","logo":{"@type":"ImageObject","inLanguage":"es-AR","@id":"https:\/\/vocesdelacomuna15.com.ar\/press\/#\/schema\/logo\/image\/","url":"https:\/\/vocesdelacomuna15.com.ar\/wp-content\/uploads\/2024\/12\/cropped-logo_voces.jpg","contentUrl":"https:\/\/vocesdelacomuna15.com.ar\/wp-content\/uploads\/2024\/12\/cropped-logo_voces.jpg","width":512,"height":512,"caption":"Voces de la Comuna 15"},"image":{"@id":"https:\/\/vocesdelacomuna15.com.ar\/press\/#\/schema\/logo\/image\/"},"sameAs":["https:\/\/www.facebook.com\/VocesComuna15\/","https:\/\/x.com\/vocescomuna15"]},{"@type":"Person","@id":"https:\/\/vocesdelacomuna15.com.ar\/press\/#\/schema\/person\/4739e109db25d799cd3d139eeb509e43","name":"Federico Arguto","image":{"@type":"ImageObject","inLanguage":"es-AR","@id":"https:\/\/vocesdelacomuna15.com.ar\/wp-content\/litespeed\/avatar\/82faf979976f1bae889b8b71f8a0a7e5.jpg?ver=1777419741","url":"https:\/\/vocesdelacomuna15.com.ar\/wp-content\/litespeed\/avatar\/82faf979976f1bae889b8b71f8a0a7e5.jpg?ver=1777419741","contentUrl":"https:\/\/vocesdelacomuna15.com.ar\/wp-content\/litespeed\/avatar\/82faf979976f1bae889b8b71f8a0a7e5.jpg?ver=1777419741","caption":"Federico Arguto"},"url":"https:\/\/vocesdelacomuna15.com.ar\/press\/author\/fede\/"}]}},"_links":{"self":[{"href":"https:\/\/vocesdelacomuna15.com.ar\/press\/wp-json\/wp\/v2\/posts\/61896","targetHints":{"allow":["GET"]}}],"collection":[{"href":"https:\/\/vocesdelacomuna15.com.ar\/press\/wp-json\/wp\/v2\/posts"}],"about":[{"href":"https:\/\/vocesdelacomuna15.com.ar\/press\/wp-json\/wp\/v2\/types\/post"}],"author":[{"embeddable":true,"href":"https:\/\/vocesdelacomuna15.com.ar\/press\/wp-json\/wp\/v2\/users\/2"}],"replies":[{"embeddable":true,"href":"https:\/\/vocesdelacomuna15.com.ar\/press\/wp-json\/wp\/v2\/comments?post=61896"}],"version-history":[{"count":2,"href":"https:\/\/vocesdelacomuna15.com.ar\/press\/wp-json\/wp\/v2\/posts\/61896\/revisions"}],"predecessor-version":[{"id":61920,"href":"https:\/\/vocesdelacomuna15.com.ar\/press\/wp-json\/wp\/v2\/posts\/61896\/revisions\/61920"}],"wp:featuredmedia":[{"embeddable":true,"href":"https:\/\/vocesdelacomuna15.com.ar\/press\/wp-json\/wp\/v2\/media\/61897"}],"wp:attachment":[{"href":"https:\/\/vocesdelacomuna15.com.ar\/press\/wp-json\/wp\/v2\/media?parent=61896"}],"wp:term":[{"taxonomy":"category","embeddable":true,"href":"https:\/\/vocesdelacomuna15.com.ar\/press\/wp-json\/wp\/v2\/categories?post=61896"},{"taxonomy":"post_tag","embeddable":true,"href":"https:\/\/vocesdelacomuna15.com.ar\/press\/wp-json\/wp\/v2\/tags?post=61896"}],"curies":[{"name":"wp","href":"https:\/\/api.w.org\/{rel}","templated":true}]}}