{"id":61890,"date":"2023-11-06T18:39:55","date_gmt":"2023-11-06T21:39:55","guid":{"rendered":"https:\/\/vocesdelacomuna15.com.ar\/?p=61890"},"modified":"2023-11-06T18:42:11","modified_gmt":"2023-11-06T21:42:11","slug":"sigue-la-mala-racha-del-bicho-perdio-sobre-la-hora-como-local-ante-instituto","status":"publish","type":"post","link":"https:\/\/vocesdelacomuna15.com.ar\/press\/sigue-la-mala-racha-del-bicho-perdio-sobre-la-hora-como-local-ante-instituto\/","title":{"rendered":"Sigue la mala racha del \u201cBicho\u201d: perdi\u00f3 sobre la hora como local ante Instituto"},"content":{"rendered":"\n<p>Fue derrota 2-1 en La Paternal<\/p>\n\n\n\n<p>El pasado s\u00e1bado por la tarde, Argentinos Juniors recibi\u00f3 a Instituto de C\u00f3rdoba en el estadio Diego Armando Maradona y sufri\u00f3 su cuarta derrota consecutiva en la Copa de la Liga, donde lleva ya 7 partidos sin ganar.<\/p>\n\n\n\n<p>El primer tiempo tuvo pocas emociones y termin\u00f3 sin goles. Una de las pocas llegadas fue para el visitante, con un remate bajo, fuerte y desviado de Adri\u00e1n \u201cMaravilla\u201d Mart\u00ednez. En la segunda etapa llegar\u00edan los goles. El primero fue de penal del mencionado Mart\u00ednez a los 72 minutos para la \u201cGloria\u201d cordobesa. Lleg\u00f3 por decisi\u00f3n el \u00e1rbitro Fernando Rapallini, tras un choque de Mart\u00edn Arias que se llev\u00f3 puesto al 9 visitante tras un centro que fueron a disputar. Luego, a los 81, despu\u00e9s de un centro desde la banda izquierda de Mariano Bittolo, Luciano Gondou la punte\u00f3 para el empate, convirti\u00e9ndose el \u201ccolorado\u201d en el goleador del torneo, con 8 dianas. Sin embargo, sobre la hora, despu\u00e9s de un desborde desde la banda derecha y un centro, Jon\u00e1s Acevedo la empuj\u00f3 de cabeza para la victoria de Instituto por 2-1, triunfo que lo salva del descenso. El DT Pablo Guede se fue reprobado por la gran mayor\u00eda de los hinchas del \u201cBicho\u201d.<\/p>\n\n\n\n<figure class=\"wp-block-image size-large\"><img loading=\"lazy\" decoding=\"async\" width=\"1024\" height=\"576\" src=\"https:\/\/vocesdelacomuna15.com.ar\/wp-content\/uploads\/2023\/11\/nievas-1024x576.jpg\" alt=\"\" class=\"wp-image-61893\" srcset=\"https:\/\/vocesdelacomuna15.com.ar\/wp-content\/uploads\/2023\/11\/nievas-1024x576.jpg 1024w, https:\/\/vocesdelacomuna15.com.ar\/wp-content\/uploads\/2023\/11\/nievas-300x169.jpg 300w, https:\/\/vocesdelacomuna15.com.ar\/wp-content\/uploads\/2023\/11\/nievas-768x432.jpg 768w, https:\/\/vocesdelacomuna15.com.ar\/wp-content\/uploads\/2023\/11\/nievas-1536x864.jpg 1536w, https:\/\/vocesdelacomuna15.com.ar\/wp-content\/uploads\/2023\/11\/nievas-1080x608.jpg 1080w, https:\/\/vocesdelacomuna15.com.ar\/wp-content\/uploads\/2023\/11\/nievas.jpg 1600w\" sizes=\"(max-width: 1024px) 100vw, 1024px\" \/><\/figure>\n\n\n\n<p><em>Foto: Mat\u00edas Nievas para &#8220;Voces de la Comuna 15&#8221;<\/em><\/p>\n\n\n\n<p><\/p>\n\n\n\n<p>Ahora, el s\u00e1bado a las 16 horas, Argentinos recibir\u00e1 a V\u00e9lez, en un partido con rivalidad, por la fecha 13 del Grupo A de la Copa de la Liga. En su zona, el \u201cBicho\u201d qued\u00f3 en el puesto 13\u00b0 sobre 14 equipos con 12 unidades en igual cantidad de partidos jugados (de ganar hoy Barracas Central su partido ante Rosario Central como local dejar\u00eda \u00faltimo a Argentinos). En este grupo el l\u00edder es River con 23 unidades mientras que la Zona B est\u00e1 comandada por Central C\u00f3rdoba de Santiago del Estero con 19 puntos.<\/p>\n\n\n\n<p>Ante Instituto, el \u201cBicho\u201d form\u00f3 con Mart\u00edn Arias; Galv\u00e1n, Di C\u00e9sare y Villalba; Kevin Coronel, Gonz\u00e1lez Metilli, Redondo, Alan Rodr\u00edguez, Bittolo; Gondou y \u00c1valos. Entraron a los 63 minutos Montiel por Gonz\u00e1lez Metilli, a los 74 Heredia por Coronel y a los 93 Rom\u00e1n Vega por Bittolo.<\/p>\n\n\n\n<p><\/p>\n\n\n\n<p><strong>Resumen del partido (Fuente: Liga Profesional de F\u00fatbol de la AFA- You Tube):<\/strong><\/p>\n\n\n\n<figure class=\"wp-block-embed is-type-video is-provider-youtube wp-block-embed-youtube wp-embed-aspect-16-9 wp-has-aspect-ratio\"><div class=\"wp-block-embed__wrapper\">\n<iframe loading=\"lazy\" title=\"#CopaSurFinanzas 2023 | Fecha 12 | resumen de Argentinos - Instituto\" width=\"1080\" height=\"608\" src=\"https:\/\/www.youtube.com\/embed\/RXD-01MkUio?feature=oembed\" frameborder=\"0\" allow=\"accelerometer; autoplay; clipboard-write; encrypted-media; gyroscope; picture-in-picture; web-share\" allowfullscreen><\/iframe>\n<\/div><\/figure>\n\n\n\n<p><\/p>\n\n\n\n<p><strong>Conferencia de Prensa de Pablo Guede (Fuente: Argentinos Juniors- You Tube):<\/strong><\/p>\n\n\n\n<figure class=\"wp-block-embed is-type-video is-provider-youtube wp-block-embed-youtube wp-embed-aspect-16-9 wp-has-aspect-ratio\"><div class=\"wp-block-embed__wrapper\">\n<iframe loading=\"lazy\" title=\"CONFERENCIA: Pablo GUEDE vs. Instituto \/ Copa Liga 2023 \ud83c\udfc6\" width=\"1080\" height=\"608\" src=\"https:\/\/www.youtube.com\/embed\/EPUGX3m8qCM?feature=oembed\" frameborder=\"0\" allow=\"accelerometer; autoplay; clipboard-write; encrypted-media; gyroscope; picture-in-picture; web-share\" allowfullscreen><\/iframe>\n<\/div><\/figure>\n\n\n\n<p><\/p>\n\n\n\n<p><\/p>\n\n\n\n<p><strong>NOVEDADES EN ATLANTA Y COMUNICACIONES<\/strong><\/p>\n\n\n\n<p>En receso, hubo cambios en las direcciones t\u00e9cnicas de \u201cBohemios\u201d y \u201cCarteros\u201d. Atlanta anunci\u00f3 hoy que Mario Sciacqua ser\u00e1 su nuevo DT de cara a la temporada 2024 y firmar\u00e1 en las pr\u00f3ximas horas su contrato hasta diciembre del a\u00f1o pr\u00f3ximo. Tras ello, el club de Villa Crespo lo anunciar\u00e1 de forma oficial con conferencia de prensa.<\/p>\n\n\n\n<p>Atlanta, que milita en la Primera Nacional, lleg\u00f3 a un acuerdo con Mario Sciacqua para que sea el entrenador del equipo de cara a la temporada 2024 y solo resta que en las pr\u00f3ximas horas se firme el contrato hasta diciembre del a\u00f1o pr\u00f3ximo. El m\u00e1nager \u201cBohemio\u201d Fabi\u00e1n Castro, encabez\u00f3 esta negociaci\u00f3n con el ex DT de Quilmes, que en 2020 hab\u00eda logrado el ascenso a Primera con Sarmiento de Jun\u00edn. <\/p>\n\n\n\n<p>Por otra parte, hace 3 d\u00edas, en Comunicaciones se anunci\u00f3, a trav\u00e9s de la Subcomisi\u00f3n de F\u00fatbol, que Eduardo Pizzo no ser\u00e1 el entrenador del equipo de Agronom\u00eda en el a\u00f1o 2024, cerrando de esta forma su s\u00e9ptimo ciclo en el club. En esta etapa, Pizzo, gan\u00f3 4 partidos, empat\u00f3 6 y perdi\u00f3 4, quedando eliminado en cuartos de final del reducido de la Primera B Metro por el segundo ascenso a Primera Nacional a manos de Deportivo Armenio. Se definir\u00e1 en los pr\u00f3ximos d\u00edas tanto el diagrama del plantel para la nueva temporada como la llegada de un nuevo cuerpo t\u00e9cnico.<\/p>\n\n\n\n<p>Caracteres: 3.473<\/p>\n\n\n\n<p>Foto de portada: Prensa AAAJ<\/p>\n<div class=\"pvc_clear\"><\/div><p id=\"pvc_stats_61890\" class=\"pvc_stats all  \" data-element-id=\"61890\" style=\"\"><i class=\"pvc-stats-icon small\" aria-hidden=\"true\"><svg aria-hidden=\"true\" focusable=\"false\" data-prefix=\"far\" data-icon=\"chart-bar\" role=\"img\" xmlns=\"http:\/\/www.w3.org\/2000\/svg\" viewBox=\"0 0 512 512\" class=\"svg-inline--fa fa-chart-bar fa-w-16 fa-2x\"><path fill=\"currentColor\" d=\"M396.8 352h22.4c6.4 0 12.8-6.4 12.8-12.8V108.8c0-6.4-6.4-12.8-12.8-12.8h-22.4c-6.4 0-12.8 6.4-12.8 12.8v230.4c0 6.4 6.4 12.8 12.8 12.8zm-192 0h22.4c6.4 0 12.8-6.4 12.8-12.8V140.8c0-6.4-6.4-12.8-12.8-12.8h-22.4c-6.4 0-12.8 6.4-12.8 12.8v198.4c0 6.4 6.4 12.8 12.8 12.8zm96 0h22.4c6.4 0 12.8-6.4 12.8-12.8V204.8c0-6.4-6.4-12.8-12.8-12.8h-22.4c-6.4 0-12.8 6.4-12.8 12.8v134.4c0 6.4 6.4 12.8 12.8 12.8zM496 400H48V80c0-8.84-7.16-16-16-16H16C7.16 64 0 71.16 0 80v336c0 17.67 14.33 32 32 32h464c8.84 0 16-7.16 16-16v-16c0-8.84-7.16-16-16-16zm-387.2-48h22.4c6.4 0 12.8-6.4 12.8-12.8v-70.4c0-6.4-6.4-12.8-12.8-12.8h-22.4c-6.4 0-12.8 6.4-12.8 12.8v70.4c0 6.4 6.4 12.8 12.8 12.8z\" class=\"\"><\/path><\/svg><\/i> <img loading=\"lazy\" decoding=\"async\" width=\"16\" height=\"16\" alt=\"Loading\" src=\"https:\/\/vocesdelacomuna15.com.ar\/wp-content\/plugins\/page-views-count\/ajax-loader-2x.gif\" border=0 \/><\/p><div class=\"pvc_clear\"><\/div>","protected":false},"excerpt":{"rendered":"<p>Fue derrota 2-1 en La Paternal El pasado s\u00e1bado por la tarde, Argentinos Juniors recibi\u00f3 a Instituto de C\u00f3rdoba en el estadio Diego Armando Maradona y sufri\u00f3 su cuarta derrota consecutiva en la Copa de la Liga, donde lleva ya 7 partidos sin ganar. El primer tiempo tuvo pocas emociones y termin\u00f3 sin goles. Una [&hellip;]<\/p>\n<div class=\"pvc_clear\"><\/div>\n<p id=\"pvc_stats_61890\" class=\"pvc_stats all  \" data-element-id=\"61890\" style=\"\"><i class=\"pvc-stats-icon small\" aria-hidden=\"true\"><svg aria-hidden=\"true\" focusable=\"false\" data-prefix=\"far\" data-icon=\"chart-bar\" role=\"img\" xmlns=\"http:\/\/www.w3.org\/2000\/svg\" viewBox=\"0 0 512 512\" class=\"svg-inline--fa fa-chart-bar fa-w-16 fa-2x\"><path fill=\"currentColor\" d=\"M396.8 352h22.4c6.4 0 12.8-6.4 12.8-12.8V108.8c0-6.4-6.4-12.8-12.8-12.8h-22.4c-6.4 0-12.8 6.4-12.8 12.8v230.4c0 6.4 6.4 12.8 12.8 12.8zm-192 0h22.4c6.4 0 12.8-6.4 12.8-12.8V140.8c0-6.4-6.4-12.8-12.8-12.8h-22.4c-6.4 0-12.8 6.4-12.8 12.8v198.4c0 6.4 6.4 12.8 12.8 12.8zm96 0h22.4c6.4 0 12.8-6.4 12.8-12.8V204.8c0-6.4-6.4-12.8-12.8-12.8h-22.4c-6.4 0-12.8 6.4-12.8 12.8v134.4c0 6.4 6.4 12.8 12.8 12.8zM496 400H48V80c0-8.84-7.16-16-16-16H16C7.16 64 0 71.16 0 80v336c0 17.67 14.33 32 32 32h464c8.84 0 16-7.16 16-16v-16c0-8.84-7.16-16-16-16zm-387.2-48h22.4c6.4 0 12.8-6.4 12.8-12.8v-70.4c0-6.4-6.4-12.8-12.8-12.8h-22.4c-6.4 0-12.8 6.4-12.8 12.8v70.4c0 6.4 6.4 12.8 12.8 12.8z\" class=\"\"><\/path><\/svg><\/i> <img loading=\"lazy\" decoding=\"async\" width=\"16\" height=\"16\" alt=\"Loading\" src=\"https:\/\/vocesdelacomuna15.com.ar\/wp-content\/plugins\/page-views-count\/ajax-loader-2x.gif\" border=0 \/><\/p>\n<div class=\"pvc_clear\"><\/div>\n","protected":false},"author":2,"featured_media":61891,"comment_status":"open","ping_status":"open","sticky":false,"template":"","format":"standard","meta":{"_et_pb_use_builder":"off","_et_pb_old_content":"","_et_gb_content_width":"","footnotes":""},"categories":[6,27,29,32],"tags":[],"class_list":["post-61890","post","type-post","status-publish","format-standard","has-post-thumbnail","hentry","category-agro","category-deportes","category-lapa","category-vcre","et-has-post-format-content","et_post_format-et-post-format-standard"],"a3_pvc":{"activated":true,"total_views":16,"today_views":0},"yoast_head":"<!-- This site is optimized with the Yoast SEO plugin v27.5 - https:\/\/yoast.com\/product\/yoast-seo-wordpress\/ -->\n<title>Sigue la mala racha del \u201cBicho\u201d: perdi\u00f3 sobre la hora como local ante Instituto - Voces de la Comuna 15<\/title>\n<meta name=\"description\" content=\"Voces de la Comuna 15\" \/>\n<meta name=\"robots\" content=\"index, follow, max-snippet:-1, max-image-preview:large, max-video-preview:-1\" \/>\n<link rel=\"canonical\" href=\"https:\/\/vocesdelacomuna15.com.ar\/press\/sigue-la-mala-racha-del-bicho-perdio-sobre-la-hora-como-local-ante-instituto\/\" \/>\n<meta property=\"og:locale\" content=\"es_ES\" \/>\n<meta property=\"og:type\" content=\"article\" \/>\n<meta property=\"og:title\" content=\"Sigue la mala racha del \u201cBicho\u201d: perdi\u00f3 sobre la hora como local ante Instituto - Voces de la Comuna 15\" \/>\n<meta property=\"og:description\" content=\"Voces de la Comuna 15\" \/>\n<meta property=\"og:url\" content=\"https:\/\/vocesdelacomuna15.com.ar\/press\/sigue-la-mala-racha-del-bicho-perdio-sobre-la-hora-como-local-ante-instituto\/\" \/>\n<meta property=\"og:site_name\" content=\"Voces de la Comuna 15\" \/>\n<meta property=\"article:publisher\" content=\"https:\/\/www.facebook.com\/VocesComuna15\/\" \/>\n<meta property=\"article:published_time\" content=\"2023-11-06T21:39:55+00:00\" \/>\n<meta property=\"article:modified_time\" content=\"2023-11-06T21:42:11+00:00\" \/>\n<meta property=\"og:image\" content=\"https:\/\/vocesdelacomuna15.com.ar\/wp-content\/uploads\/2023\/11\/redondo.jpg\" \/>\n\t<meta property=\"og:image:width\" content=\"1600\" \/>\n\t<meta property=\"og:image:height\" content=\"1066\" \/>\n\t<meta property=\"og:image:type\" content=\"image\/jpeg\" \/>\n<meta name=\"author\" content=\"Federico Arguto\" \/>\n<meta name=\"twitter:card\" content=\"summary_large_image\" \/>\n<meta name=\"twitter:creator\" content=\"@vocescomuna15\" \/>\n<meta name=\"twitter:site\" content=\"@vocescomuna15\" \/>\n<meta name=\"twitter:label1\" content=\"Escrito por\" \/>\n\t<meta name=\"twitter:data1\" content=\"Federico Arguto\" \/>\n\t<meta name=\"twitter:label2\" content=\"Tiempo de lectura\" \/>\n\t<meta name=\"twitter:data2\" content=\"3 minutos\" \/>\n<script type=\"application\/ld+json\" class=\"yoast-schema-graph\">{\"@context\":\"https:\\\/\\\/schema.org\",\"@graph\":[{\"@type\":\"Article\",\"@id\":\"https:\\\/\\\/vocesdelacomuna15.com.ar\\\/press\\\/sigue-la-mala-racha-del-bicho-perdio-sobre-la-hora-como-local-ante-instituto\\\/#article\",\"isPartOf\":{\"@id\":\"https:\\\/\\\/vocesdelacomuna15.com.ar\\\/press\\\/sigue-la-mala-racha-del-bicho-perdio-sobre-la-hora-como-local-ante-instituto\\\/\"},\"author\":{\"name\":\"Federico Arguto\",\"@id\":\"https:\\\/\\\/vocesdelacomuna15.com.ar\\\/press\\\/#\\\/schema\\\/person\\\/4739e109db25d799cd3d139eeb509e43\"},\"headline\":\"Sigue la mala racha del \u201cBicho\u201d: perdi\u00f3 sobre la hora como local ante Instituto\",\"datePublished\":\"2023-11-06T21:39:55+00:00\",\"dateModified\":\"2023-11-06T21:42:11+00:00\",\"mainEntityOfPage\":{\"@id\":\"https:\\\/\\\/vocesdelacomuna15.com.ar\\\/press\\\/sigue-la-mala-racha-del-bicho-perdio-sobre-la-hora-como-local-ante-instituto\\\/\"},\"wordCount\":679,\"commentCount\":0,\"publisher\":{\"@id\":\"https:\\\/\\\/vocesdelacomuna15.com.ar\\\/press\\\/#organization\"},\"image\":{\"@id\":\"https:\\\/\\\/vocesdelacomuna15.com.ar\\\/press\\\/sigue-la-mala-racha-del-bicho-perdio-sobre-la-hora-como-local-ante-instituto\\\/#primaryimage\"},\"thumbnailUrl\":\"https:\\\/\\\/vocesdelacomuna15.com.ar\\\/wp-content\\\/uploads\\\/2023\\\/11\\\/redondo.jpg\",\"articleSection\":[\"Agronom\u00eda\",\"Deportes\",\"La Paternal\",\"Villa Crespo\"],\"inLanguage\":\"es-AR\",\"potentialAction\":[{\"@type\":\"CommentAction\",\"name\":\"Comment\",\"target\":[\"https:\\\/\\\/vocesdelacomuna15.com.ar\\\/press\\\/sigue-la-mala-racha-del-bicho-perdio-sobre-la-hora-como-local-ante-instituto\\\/#respond\"]}]},{\"@type\":\"WebPage\",\"@id\":\"https:\\\/\\\/vocesdelacomuna15.com.ar\\\/press\\\/sigue-la-mala-racha-del-bicho-perdio-sobre-la-hora-como-local-ante-instituto\\\/\",\"url\":\"https:\\\/\\\/vocesdelacomuna15.com.ar\\\/press\\\/sigue-la-mala-racha-del-bicho-perdio-sobre-la-hora-como-local-ante-instituto\\\/\",\"name\":\"Sigue la mala racha del \u201cBicho\u201d: perdi\u00f3 sobre la hora como local ante Instituto - Voces de la Comuna 15\",\"isPartOf\":{\"@id\":\"https:\\\/\\\/vocesdelacomuna15.com.ar\\\/press\\\/#website\"},\"primaryImageOfPage\":{\"@id\":\"https:\\\/\\\/vocesdelacomuna15.com.ar\\\/press\\\/sigue-la-mala-racha-del-bicho-perdio-sobre-la-hora-como-local-ante-instituto\\\/#primaryimage\"},\"image\":{\"@id\":\"https:\\\/\\\/vocesdelacomuna15.com.ar\\\/press\\\/sigue-la-mala-racha-del-bicho-perdio-sobre-la-hora-como-local-ante-instituto\\\/#primaryimage\"},\"thumbnailUrl\":\"https:\\\/\\\/vocesdelacomuna15.com.ar\\\/wp-content\\\/uploads\\\/2023\\\/11\\\/redondo.jpg\",\"datePublished\":\"2023-11-06T21:39:55+00:00\",\"dateModified\":\"2023-11-06T21:42:11+00:00\",\"description\":\"Voces de la Comuna 15\",\"breadcrumb\":{\"@id\":\"https:\\\/\\\/vocesdelacomuna15.com.ar\\\/press\\\/sigue-la-mala-racha-del-bicho-perdio-sobre-la-hora-como-local-ante-instituto\\\/#breadcrumb\"},\"inLanguage\":\"es-AR\",\"potentialAction\":[{\"@type\":\"ReadAction\",\"target\":[\"https:\\\/\\\/vocesdelacomuna15.com.ar\\\/press\\\/sigue-la-mala-racha-del-bicho-perdio-sobre-la-hora-como-local-ante-instituto\\\/\"]}]},{\"@type\":\"ImageObject\",\"inLanguage\":\"es-AR\",\"@id\":\"https:\\\/\\\/vocesdelacomuna15.com.ar\\\/press\\\/sigue-la-mala-racha-del-bicho-perdio-sobre-la-hora-como-local-ante-instituto\\\/#primaryimage\",\"url\":\"https:\\\/\\\/vocesdelacomuna15.com.ar\\\/wp-content\\\/uploads\\\/2023\\\/11\\\/redondo.jpg\",\"contentUrl\":\"https:\\\/\\\/vocesdelacomuna15.com.ar\\\/wp-content\\\/uploads\\\/2023\\\/11\\\/redondo.jpg\",\"width\":1600,\"height\":1066},{\"@type\":\"BreadcrumbList\",\"@id\":\"https:\\\/\\\/vocesdelacomuna15.com.ar\\\/press\\\/sigue-la-mala-racha-del-bicho-perdio-sobre-la-hora-como-local-ante-instituto\\\/#breadcrumb\",\"itemListElement\":[{\"@type\":\"ListItem\",\"position\":1,\"name\":\"Inicio\",\"item\":\"https:\\\/\\\/vocesdelacomuna15.com.ar\\\/press\\\/\"},{\"@type\":\"ListItem\",\"position\":2,\"name\":\"Sigue la mala racha del \u201cBicho\u201d: perdi\u00f3 sobre la hora como local ante Instituto\"}]},{\"@type\":\"WebSite\",\"@id\":\"https:\\\/\\\/vocesdelacomuna15.com.ar\\\/press\\\/#website\",\"url\":\"https:\\\/\\\/vocesdelacomuna15.com.ar\\\/press\\\/\",\"name\":\"Voces de la Comuna 15\",\"description\":\"Sitio web de noticias\",\"publisher\":{\"@id\":\"https:\\\/\\\/vocesdelacomuna15.com.ar\\\/press\\\/#organization\"},\"potentialAction\":[{\"@type\":\"SearchAction\",\"target\":{\"@type\":\"EntryPoint\",\"urlTemplate\":\"https:\\\/\\\/vocesdelacomuna15.com.ar\\\/press\\\/?s={search_term_string}\"},\"query-input\":{\"@type\":\"PropertyValueSpecification\",\"valueRequired\":true,\"valueName\":\"search_term_string\"}}],\"inLanguage\":\"es-AR\"},{\"@type\":\"Organization\",\"@id\":\"https:\\\/\\\/vocesdelacomuna15.com.ar\\\/press\\\/#organization\",\"name\":\"Voces de la Comuna 15\",\"url\":\"https:\\\/\\\/vocesdelacomuna15.com.ar\\\/press\\\/\",\"logo\":{\"@type\":\"ImageObject\",\"inLanguage\":\"es-AR\",\"@id\":\"https:\\\/\\\/vocesdelacomuna15.com.ar\\\/press\\\/#\\\/schema\\\/logo\\\/image\\\/\",\"url\":\"https:\\\/\\\/vocesdelacomuna15.com.ar\\\/wp-content\\\/uploads\\\/2024\\\/12\\\/cropped-logo_voces.jpg\",\"contentUrl\":\"https:\\\/\\\/vocesdelacomuna15.com.ar\\\/wp-content\\\/uploads\\\/2024\\\/12\\\/cropped-logo_voces.jpg\",\"width\":512,\"height\":512,\"caption\":\"Voces de la Comuna 15\"},\"image\":{\"@id\":\"https:\\\/\\\/vocesdelacomuna15.com.ar\\\/press\\\/#\\\/schema\\\/logo\\\/image\\\/\"},\"sameAs\":[\"https:\\\/\\\/www.facebook.com\\\/VocesComuna15\\\/\",\"https:\\\/\\\/x.com\\\/vocescomuna15\"]},{\"@type\":\"Person\",\"@id\":\"https:\\\/\\\/vocesdelacomuna15.com.ar\\\/press\\\/#\\\/schema\\\/person\\\/4739e109db25d799cd3d139eeb509e43\",\"name\":\"Federico Arguto\",\"image\":{\"@type\":\"ImageObject\",\"inLanguage\":\"es-AR\",\"@id\":\"https:\\\/\\\/vocesdelacomuna15.com.ar\\\/wp-content\\\/litespeed\\\/avatar\\\/82faf979976f1bae889b8b71f8a0a7e5.jpg?ver=1777419741\",\"url\":\"https:\\\/\\\/vocesdelacomuna15.com.ar\\\/wp-content\\\/litespeed\\\/avatar\\\/82faf979976f1bae889b8b71f8a0a7e5.jpg?ver=1777419741\",\"contentUrl\":\"https:\\\/\\\/vocesdelacomuna15.com.ar\\\/wp-content\\\/litespeed\\\/avatar\\\/82faf979976f1bae889b8b71f8a0a7e5.jpg?ver=1777419741\",\"caption\":\"Federico Arguto\"},\"url\":\"https:\\\/\\\/vocesdelacomuna15.com.ar\\\/press\\\/author\\\/fede\\\/\"}]}<\/script>\n<!-- \/ Yoast SEO plugin. -->","yoast_head_json":{"title":"Sigue la mala racha del \u201cBicho\u201d: perdi\u00f3 sobre la hora como local ante Instituto - Voces de la Comuna 15","description":"Voces de la Comuna 15","robots":{"index":"index","follow":"follow","max-snippet":"max-snippet:-1","max-image-preview":"max-image-preview:large","max-video-preview":"max-video-preview:-1"},"canonical":"https:\/\/vocesdelacomuna15.com.ar\/press\/sigue-la-mala-racha-del-bicho-perdio-sobre-la-hora-como-local-ante-instituto\/","og_locale":"es_ES","og_type":"article","og_title":"Sigue la mala racha del \u201cBicho\u201d: perdi\u00f3 sobre la hora como local ante Instituto - Voces de la Comuna 15","og_description":"Voces de la Comuna 15","og_url":"https:\/\/vocesdelacomuna15.com.ar\/press\/sigue-la-mala-racha-del-bicho-perdio-sobre-la-hora-como-local-ante-instituto\/","og_site_name":"Voces de la Comuna 15","article_publisher":"https:\/\/www.facebook.com\/VocesComuna15\/","article_published_time":"2023-11-06T21:39:55+00:00","article_modified_time":"2023-11-06T21:42:11+00:00","og_image":[{"width":1600,"height":1066,"url":"https:\/\/vocesdelacomuna15.com.ar\/wp-content\/uploads\/2023\/11\/redondo.jpg","type":"image\/jpeg"}],"author":"Federico Arguto","twitter_card":"summary_large_image","twitter_creator":"@vocescomuna15","twitter_site":"@vocescomuna15","twitter_misc":{"Escrito por":"Federico Arguto","Tiempo de lectura":"3 minutos"},"schema":{"@context":"https:\/\/schema.org","@graph":[{"@type":"Article","@id":"https:\/\/vocesdelacomuna15.com.ar\/press\/sigue-la-mala-racha-del-bicho-perdio-sobre-la-hora-como-local-ante-instituto\/#article","isPartOf":{"@id":"https:\/\/vocesdelacomuna15.com.ar\/press\/sigue-la-mala-racha-del-bicho-perdio-sobre-la-hora-como-local-ante-instituto\/"},"author":{"name":"Federico Arguto","@id":"https:\/\/vocesdelacomuna15.com.ar\/press\/#\/schema\/person\/4739e109db25d799cd3d139eeb509e43"},"headline":"Sigue la mala racha del \u201cBicho\u201d: perdi\u00f3 sobre la hora como local ante Instituto","datePublished":"2023-11-06T21:39:55+00:00","dateModified":"2023-11-06T21:42:11+00:00","mainEntityOfPage":{"@id":"https:\/\/vocesdelacomuna15.com.ar\/press\/sigue-la-mala-racha-del-bicho-perdio-sobre-la-hora-como-local-ante-instituto\/"},"wordCount":679,"commentCount":0,"publisher":{"@id":"https:\/\/vocesdelacomuna15.com.ar\/press\/#organization"},"image":{"@id":"https:\/\/vocesdelacomuna15.com.ar\/press\/sigue-la-mala-racha-del-bicho-perdio-sobre-la-hora-como-local-ante-instituto\/#primaryimage"},"thumbnailUrl":"https:\/\/vocesdelacomuna15.com.ar\/wp-content\/uploads\/2023\/11\/redondo.jpg","articleSection":["Agronom\u00eda","Deportes","La Paternal","Villa Crespo"],"inLanguage":"es-AR","potentialAction":[{"@type":"CommentAction","name":"Comment","target":["https:\/\/vocesdelacomuna15.com.ar\/press\/sigue-la-mala-racha-del-bicho-perdio-sobre-la-hora-como-local-ante-instituto\/#respond"]}]},{"@type":"WebPage","@id":"https:\/\/vocesdelacomuna15.com.ar\/press\/sigue-la-mala-racha-del-bicho-perdio-sobre-la-hora-como-local-ante-instituto\/","url":"https:\/\/vocesdelacomuna15.com.ar\/press\/sigue-la-mala-racha-del-bicho-perdio-sobre-la-hora-como-local-ante-instituto\/","name":"Sigue la mala racha del \u201cBicho\u201d: perdi\u00f3 sobre la hora como local ante Instituto - Voces de la Comuna 15","isPartOf":{"@id":"https:\/\/vocesdelacomuna15.com.ar\/press\/#website"},"primaryImageOfPage":{"@id":"https:\/\/vocesdelacomuna15.com.ar\/press\/sigue-la-mala-racha-del-bicho-perdio-sobre-la-hora-como-local-ante-instituto\/#primaryimage"},"image":{"@id":"https:\/\/vocesdelacomuna15.com.ar\/press\/sigue-la-mala-racha-del-bicho-perdio-sobre-la-hora-como-local-ante-instituto\/#primaryimage"},"thumbnailUrl":"https:\/\/vocesdelacomuna15.com.ar\/wp-content\/uploads\/2023\/11\/redondo.jpg","datePublished":"2023-11-06T21:39:55+00:00","dateModified":"2023-11-06T21:42:11+00:00","description":"Voces de la Comuna 15","breadcrumb":{"@id":"https:\/\/vocesdelacomuna15.com.ar\/press\/sigue-la-mala-racha-del-bicho-perdio-sobre-la-hora-como-local-ante-instituto\/#breadcrumb"},"inLanguage":"es-AR","potentialAction":[{"@type":"ReadAction","target":["https:\/\/vocesdelacomuna15.com.ar\/press\/sigue-la-mala-racha-del-bicho-perdio-sobre-la-hora-como-local-ante-instituto\/"]}]},{"@type":"ImageObject","inLanguage":"es-AR","@id":"https:\/\/vocesdelacomuna15.com.ar\/press\/sigue-la-mala-racha-del-bicho-perdio-sobre-la-hora-como-local-ante-instituto\/#primaryimage","url":"https:\/\/vocesdelacomuna15.com.ar\/wp-content\/uploads\/2023\/11\/redondo.jpg","contentUrl":"https:\/\/vocesdelacomuna15.com.ar\/wp-content\/uploads\/2023\/11\/redondo.jpg","width":1600,"height":1066},{"@type":"BreadcrumbList","@id":"https:\/\/vocesdelacomuna15.com.ar\/press\/sigue-la-mala-racha-del-bicho-perdio-sobre-la-hora-como-local-ante-instituto\/#breadcrumb","itemListElement":[{"@type":"ListItem","position":1,"name":"Inicio","item":"https:\/\/vocesdelacomuna15.com.ar\/press\/"},{"@type":"ListItem","position":2,"name":"Sigue la mala racha del \u201cBicho\u201d: perdi\u00f3 sobre la hora como local ante Instituto"}]},{"@type":"WebSite","@id":"https:\/\/vocesdelacomuna15.com.ar\/press\/#website","url":"https:\/\/vocesdelacomuna15.com.ar\/press\/","name":"Voces de la Comuna 15","description":"Sitio web de noticias","publisher":{"@id":"https:\/\/vocesdelacomuna15.com.ar\/press\/#organization"},"potentialAction":[{"@type":"SearchAction","target":{"@type":"EntryPoint","urlTemplate":"https:\/\/vocesdelacomuna15.com.ar\/press\/?s={search_term_string}"},"query-input":{"@type":"PropertyValueSpecification","valueRequired":true,"valueName":"search_term_string"}}],"inLanguage":"es-AR"},{"@type":"Organization","@id":"https:\/\/vocesdelacomuna15.com.ar\/press\/#organization","name":"Voces de la Comuna 15","url":"https:\/\/vocesdelacomuna15.com.ar\/press\/","logo":{"@type":"ImageObject","inLanguage":"es-AR","@id":"https:\/\/vocesdelacomuna15.com.ar\/press\/#\/schema\/logo\/image\/","url":"https:\/\/vocesdelacomuna15.com.ar\/wp-content\/uploads\/2024\/12\/cropped-logo_voces.jpg","contentUrl":"https:\/\/vocesdelacomuna15.com.ar\/wp-content\/uploads\/2024\/12\/cropped-logo_voces.jpg","width":512,"height":512,"caption":"Voces de la Comuna 15"},"image":{"@id":"https:\/\/vocesdelacomuna15.com.ar\/press\/#\/schema\/logo\/image\/"},"sameAs":["https:\/\/www.facebook.com\/VocesComuna15\/","https:\/\/x.com\/vocescomuna15"]},{"@type":"Person","@id":"https:\/\/vocesdelacomuna15.com.ar\/press\/#\/schema\/person\/4739e109db25d799cd3d139eeb509e43","name":"Federico Arguto","image":{"@type":"ImageObject","inLanguage":"es-AR","@id":"https:\/\/vocesdelacomuna15.com.ar\/wp-content\/litespeed\/avatar\/82faf979976f1bae889b8b71f8a0a7e5.jpg?ver=1777419741","url":"https:\/\/vocesdelacomuna15.com.ar\/wp-content\/litespeed\/avatar\/82faf979976f1bae889b8b71f8a0a7e5.jpg?ver=1777419741","contentUrl":"https:\/\/vocesdelacomuna15.com.ar\/wp-content\/litespeed\/avatar\/82faf979976f1bae889b8b71f8a0a7e5.jpg?ver=1777419741","caption":"Federico Arguto"},"url":"https:\/\/vocesdelacomuna15.com.ar\/press\/author\/fede\/"}]}},"_links":{"self":[{"href":"https:\/\/vocesdelacomuna15.com.ar\/press\/wp-json\/wp\/v2\/posts\/61890","targetHints":{"allow":["GET"]}}],"collection":[{"href":"https:\/\/vocesdelacomuna15.com.ar\/press\/wp-json\/wp\/v2\/posts"}],"about":[{"href":"https:\/\/vocesdelacomuna15.com.ar\/press\/wp-json\/wp\/v2\/types\/post"}],"author":[{"embeddable":true,"href":"https:\/\/vocesdelacomuna15.com.ar\/press\/wp-json\/wp\/v2\/users\/2"}],"replies":[{"embeddable":true,"href":"https:\/\/vocesdelacomuna15.com.ar\/press\/wp-json\/wp\/v2\/comments?post=61890"}],"version-history":[{"count":3,"href":"https:\/\/vocesdelacomuna15.com.ar\/press\/wp-json\/wp\/v2\/posts\/61890\/revisions"}],"predecessor-version":[{"id":61895,"href":"https:\/\/vocesdelacomuna15.com.ar\/press\/wp-json\/wp\/v2\/posts\/61890\/revisions\/61895"}],"wp:featuredmedia":[{"embeddable":true,"href":"https:\/\/vocesdelacomuna15.com.ar\/press\/wp-json\/wp\/v2\/media\/61891"}],"wp:attachment":[{"href":"https:\/\/vocesdelacomuna15.com.ar\/press\/wp-json\/wp\/v2\/media?parent=61890"}],"wp:term":[{"taxonomy":"category","embeddable":true,"href":"https:\/\/vocesdelacomuna15.com.ar\/press\/wp-json\/wp\/v2\/categories?post=61890"},{"taxonomy":"post_tag","embeddable":true,"href":"https:\/\/vocesdelacomuna15.com.ar\/press\/wp-json\/wp\/v2\/tags?post=61890"}],"curies":[{"name":"wp","href":"https:\/\/api.w.org\/{rel}","templated":true}]}}