{"id":61880,"date":"2023-11-06T06:56:00","date_gmt":"2023-11-06T09:56:00","guid":{"rendered":"https:\/\/vocesdelacomuna15.com.ar\/?p=61880"},"modified":"2023-11-03T18:56:20","modified_gmt":"2023-11-03T21:56:20","slug":"calendario-escolar-extendido-en-2024-en-la-ciudad-habra-191-dias-de-clases-11-mas-que-los-180-obligatorios","status":"publish","type":"post","link":"https:\/\/vocesdelacomuna15.com.ar\/press\/calendario-escolar-extendido-en-2024-en-la-ciudad-habra-191-dias-de-clases-11-mas-que-los-180-obligatorios\/","title":{"rendered":"Calendario escolar extendido en 2024: en la Ciudad habr\u00e1 191 d\u00edas de clases, 11 m\u00e1s que los 180 obligatorios"},"content":{"rendered":"\n<p>El ciclo lectivo comenzar\u00e1 el 26 de febrero para Nivel Inicial y Primaria, y el 4 de marzo para Secundaria. A su vez, los y las docentes volver\u00e1n a las aulas el 7 de febrero para planificar, capacitarse y realizar reuniones de equipo.&nbsp;Fuente: Buenosaires.gob.ar<\/p>\n\n\n\n<p>Link a nota original: <a href=\"https:\/\/buenosaires.gob.ar\/noticias\/calendario-escolar-extendido-en-2024-en-la-ciudad-habra-191-dias-de-clases-11-mas-que-los\">https:\/\/buenosaires.gob.ar\/noticias\/calendario-escolar-extendido-en-2024-en-la-ciudad-habra-191-dias-de-clases-11-mas-que-los<\/a><\/p>\n\n\n\n<p>El <strong>Ministerio de Educaci\u00f3n porte\u00f1o<\/strong> defini\u00f3 para 2024 un <strong>calendario extendido de 191 d\u00edas de clases<\/strong>, 11 m\u00e1s que los 180 obligatorios. As\u00ed lo comunic\u00f3 este viernes a docentes y familias v\u00eda mail. &nbsp;&nbsp;<\/p>\n\n\n\n<p>Para alcanzar este objetivo, el Nivel Inicial y Primario comenzar\u00e1n las clases de manera anticipada el 26 de febrero y finalizar\u00e1n el 20 de diciembre.&nbsp;<\/p>\n\n\n\n<p>El Nivel Secundario en todas sus modalidades comenzar\u00e1 el 4 de marzo, ya que las mesas de examen para aquellos alumnos que deban materias se realizar\u00e1n a fines de febrero. Los docentes, por su parte, volver\u00e1n a las aulas el 7 de febrero para planificar, capacitarse y realizar reuniones de equipo.&nbsp;<\/p>\n\n\n\n<p><strong>Agenda educativa 2024<\/strong><\/p>\n\n\n\n<p>\ud83d\udd39 7 de febrero | Directivos y docentes volver\u00e1n a las escuelas para planificar, capacitarse y realizar reuniones de equipo.&nbsp;<\/p>\n\n\n\n<p>\ud83d\udd39 26 de febrero | Comenzar\u00e1n las clases para Nivel Inicial y Primario.<\/p>\n\n\n\n<p>\ud83d\udd39 4 de marzo | Comenzar\u00e1n las clases para Nivel Secundario.<\/p>\n\n\n\n<p>\ud83d\udd39 20 de diciembre | Finalizar\u00e1n las clases.<\/p>\n\n\n\n<p>Caracteres: 962<\/p>\n<div class=\"pvc_clear\"><\/div><p id=\"pvc_stats_61880\" class=\"pvc_stats all  \" data-element-id=\"61880\" style=\"\"><i class=\"pvc-stats-icon small\" aria-hidden=\"true\"><svg aria-hidden=\"true\" focusable=\"false\" data-prefix=\"far\" data-icon=\"chart-bar\" role=\"img\" xmlns=\"http:\/\/www.w3.org\/2000\/svg\" viewBox=\"0 0 512 512\" class=\"svg-inline--fa fa-chart-bar fa-w-16 fa-2x\"><path fill=\"currentColor\" d=\"M396.8 352h22.4c6.4 0 12.8-6.4 12.8-12.8V108.8c0-6.4-6.4-12.8-12.8-12.8h-22.4c-6.4 0-12.8 6.4-12.8 12.8v230.4c0 6.4 6.4 12.8 12.8 12.8zm-192 0h22.4c6.4 0 12.8-6.4 12.8-12.8V140.8c0-6.4-6.4-12.8-12.8-12.8h-22.4c-6.4 0-12.8 6.4-12.8 12.8v198.4c0 6.4 6.4 12.8 12.8 12.8zm96 0h22.4c6.4 0 12.8-6.4 12.8-12.8V204.8c0-6.4-6.4-12.8-12.8-12.8h-22.4c-6.4 0-12.8 6.4-12.8 12.8v134.4c0 6.4 6.4 12.8 12.8 12.8zM496 400H48V80c0-8.84-7.16-16-16-16H16C7.16 64 0 71.16 0 80v336c0 17.67 14.33 32 32 32h464c8.84 0 16-7.16 16-16v-16c0-8.84-7.16-16-16-16zm-387.2-48h22.4c6.4 0 12.8-6.4 12.8-12.8v-70.4c0-6.4-6.4-12.8-12.8-12.8h-22.4c-6.4 0-12.8 6.4-12.8 12.8v70.4c0 6.4 6.4 12.8 12.8 12.8z\" class=\"\"><\/path><\/svg><\/i> <img loading=\"lazy\" decoding=\"async\" width=\"16\" height=\"16\" alt=\"Loading\" src=\"https:\/\/vocesdelacomuna15.com.ar\/wp-content\/plugins\/page-views-count\/ajax-loader-2x.gif\" border=0 \/><\/p><div class=\"pvc_clear\"><\/div>","protected":false},"excerpt":{"rendered":"<p>El ciclo lectivo comenzar\u00e1 el 26 de febrero para Nivel Inicial y Primaria, y el 4 de marzo para Secundaria. A su vez, los y las docentes volver\u00e1n a las aulas el 7 de febrero para planificar, capacitarse y realizar reuniones de equipo.&nbsp;Fuente: Buenosaires.gob.ar Link a nota original: https:\/\/buenosaires.gob.ar\/noticias\/calendario-escolar-extendido-en-2024-en-la-ciudad-habra-191-dias-de-clases-11-mas-que-los El Ministerio de Educaci\u00f3n porte\u00f1o defini\u00f3 [&hellip;]<\/p>\n<div class=\"pvc_clear\"><\/div>\n<p id=\"pvc_stats_61880\" class=\"pvc_stats all  \" data-element-id=\"61880\" style=\"\"><i class=\"pvc-stats-icon small\" aria-hidden=\"true\"><svg aria-hidden=\"true\" focusable=\"false\" data-prefix=\"far\" data-icon=\"chart-bar\" role=\"img\" xmlns=\"http:\/\/www.w3.org\/2000\/svg\" viewBox=\"0 0 512 512\" class=\"svg-inline--fa fa-chart-bar fa-w-16 fa-2x\"><path fill=\"currentColor\" d=\"M396.8 352h22.4c6.4 0 12.8-6.4 12.8-12.8V108.8c0-6.4-6.4-12.8-12.8-12.8h-22.4c-6.4 0-12.8 6.4-12.8 12.8v230.4c0 6.4 6.4 12.8 12.8 12.8zm-192 0h22.4c6.4 0 12.8-6.4 12.8-12.8V140.8c0-6.4-6.4-12.8-12.8-12.8h-22.4c-6.4 0-12.8 6.4-12.8 12.8v198.4c0 6.4 6.4 12.8 12.8 12.8zm96 0h22.4c6.4 0 12.8-6.4 12.8-12.8V204.8c0-6.4-6.4-12.8-12.8-12.8h-22.4c-6.4 0-12.8 6.4-12.8 12.8v134.4c0 6.4 6.4 12.8 12.8 12.8zM496 400H48V80c0-8.84-7.16-16-16-16H16C7.16 64 0 71.16 0 80v336c0 17.67 14.33 32 32 32h464c8.84 0 16-7.16 16-16v-16c0-8.84-7.16-16-16-16zm-387.2-48h22.4c6.4 0 12.8-6.4 12.8-12.8v-70.4c0-6.4-6.4-12.8-12.8-12.8h-22.4c-6.4 0-12.8 6.4-12.8 12.8v70.4c0 6.4 6.4 12.8 12.8 12.8z\" class=\"\"><\/path><\/svg><\/i> <img loading=\"lazy\" decoding=\"async\" width=\"16\" height=\"16\" alt=\"Loading\" src=\"https:\/\/vocesdelacomuna15.com.ar\/wp-content\/plugins\/page-views-count\/ajax-loader-2x.gif\" border=0 \/><\/p>\n<div class=\"pvc_clear\"><\/div>\n","protected":false},"author":2,"featured_media":61881,"comment_status":"open","ping_status":"open","sticky":false,"template":"","format":"standard","meta":{"_et_pb_use_builder":"off","_et_pb_old_content":"","_et_gb_content_width":"","footnotes":""},"categories":[26],"tags":[],"class_list":["post-61880","post","type-post","status-publish","format-standard","has-post-thumbnail","hentry","category-ciudad","et-has-post-format-content","et_post_format-et-post-format-standard"],"a3_pvc":{"activated":true,"total_views":27,"today_views":0},"yoast_head":"<!-- This site is optimized with the Yoast SEO plugin v27.5 - https:\/\/yoast.com\/product\/yoast-seo-wordpress\/ -->\n<title>Calendario escolar extendido en 2024: en la Ciudad habr\u00e1 191 d\u00edas de clases, 11 m\u00e1s que los 180 obligatorios - Voces de la Comuna 15<\/title>\n<meta name=\"description\" content=\"Voces de la Comuna 15\" \/>\n<meta name=\"robots\" content=\"index, follow, max-snippet:-1, max-image-preview:large, max-video-preview:-1\" \/>\n<link rel=\"canonical\" href=\"https:\/\/vocesdelacomuna15.com.ar\/press\/calendario-escolar-extendido-en-2024-en-la-ciudad-habra-191-dias-de-clases-11-mas-que-los-180-obligatorios\/\" \/>\n<meta property=\"og:locale\" content=\"es_ES\" \/>\n<meta property=\"og:type\" content=\"article\" \/>\n<meta property=\"og:title\" content=\"Calendario escolar extendido en 2024: en la Ciudad habr\u00e1 191 d\u00edas de clases, 11 m\u00e1s que los 180 obligatorios - Voces de la Comuna 15\" \/>\n<meta property=\"og:description\" content=\"Voces de la Comuna 15\" \/>\n<meta property=\"og:url\" content=\"https:\/\/vocesdelacomuna15.com.ar\/press\/calendario-escolar-extendido-en-2024-en-la-ciudad-habra-191-dias-de-clases-11-mas-que-los-180-obligatorios\/\" \/>\n<meta property=\"og:site_name\" content=\"Voces de la Comuna 15\" \/>\n<meta property=\"article:publisher\" content=\"https:\/\/www.facebook.com\/VocesComuna15\/\" \/>\n<meta property=\"article:published_time\" content=\"2023-11-06T09:56:00+00:00\" \/>\n<meta property=\"og:image\" content=\"https:\/\/vocesdelacomuna15.com.ar\/wp-content\/uploads\/2023\/11\/clases.jpeg\" \/>\n\t<meta property=\"og:image:width\" content=\"747\" \/>\n\t<meta property=\"og:image:height\" content=\"427\" \/>\n\t<meta property=\"og:image:type\" content=\"image\/jpeg\" \/>\n<meta name=\"author\" content=\"Federico Arguto\" \/>\n<meta name=\"twitter:card\" content=\"summary_large_image\" \/>\n<meta name=\"twitter:creator\" content=\"@vocescomuna15\" \/>\n<meta name=\"twitter:site\" content=\"@vocescomuna15\" \/>\n<meta name=\"twitter:label1\" content=\"Escrito por\" \/>\n\t<meta name=\"twitter:data1\" content=\"Federico Arguto\" \/>\n\t<meta name=\"twitter:label2\" content=\"Tiempo de lectura\" \/>\n\t<meta name=\"twitter:data2\" content=\"1 minuto\" \/>\n<script type=\"application\/ld+json\" class=\"yoast-schema-graph\">{\"@context\":\"https:\\\/\\\/schema.org\",\"@graph\":[{\"@type\":\"Article\",\"@id\":\"https:\\\/\\\/vocesdelacomuna15.com.ar\\\/press\\\/calendario-escolar-extendido-en-2024-en-la-ciudad-habra-191-dias-de-clases-11-mas-que-los-180-obligatorios\\\/#article\",\"isPartOf\":{\"@id\":\"https:\\\/\\\/vocesdelacomuna15.com.ar\\\/press\\\/calendario-escolar-extendido-en-2024-en-la-ciudad-habra-191-dias-de-clases-11-mas-que-los-180-obligatorios\\\/\"},\"author\":{\"name\":\"Federico Arguto\",\"@id\":\"https:\\\/\\\/vocesdelacomuna15.com.ar\\\/press\\\/#\\\/schema\\\/person\\\/4739e109db25d799cd3d139eeb509e43\"},\"headline\":\"Calendario escolar extendido en 2024: en la Ciudad habr\u00e1 191 d\u00edas de clases, 11 m\u00e1s que los 180 obligatorios\",\"datePublished\":\"2023-11-06T09:56:00+00:00\",\"mainEntityOfPage\":{\"@id\":\"https:\\\/\\\/vocesdelacomuna15.com.ar\\\/press\\\/calendario-escolar-extendido-en-2024-en-la-ciudad-habra-191-dias-de-clases-11-mas-que-los-180-obligatorios\\\/\"},\"wordCount\":238,\"commentCount\":0,\"publisher\":{\"@id\":\"https:\\\/\\\/vocesdelacomuna15.com.ar\\\/press\\\/#organization\"},\"image\":{\"@id\":\"https:\\\/\\\/vocesdelacomuna15.com.ar\\\/press\\\/calendario-escolar-extendido-en-2024-en-la-ciudad-habra-191-dias-de-clases-11-mas-que-los-180-obligatorios\\\/#primaryimage\"},\"thumbnailUrl\":\"https:\\\/\\\/vocesdelacomuna15.com.ar\\\/wp-content\\\/uploads\\\/2023\\\/11\\\/clases.jpeg\",\"articleSection\":[\"Ciudad\"],\"inLanguage\":\"es-AR\",\"potentialAction\":[{\"@type\":\"CommentAction\",\"name\":\"Comment\",\"target\":[\"https:\\\/\\\/vocesdelacomuna15.com.ar\\\/press\\\/calendario-escolar-extendido-en-2024-en-la-ciudad-habra-191-dias-de-clases-11-mas-que-los-180-obligatorios\\\/#respond\"]}]},{\"@type\":\"WebPage\",\"@id\":\"https:\\\/\\\/vocesdelacomuna15.com.ar\\\/press\\\/calendario-escolar-extendido-en-2024-en-la-ciudad-habra-191-dias-de-clases-11-mas-que-los-180-obligatorios\\\/\",\"url\":\"https:\\\/\\\/vocesdelacomuna15.com.ar\\\/press\\\/calendario-escolar-extendido-en-2024-en-la-ciudad-habra-191-dias-de-clases-11-mas-que-los-180-obligatorios\\\/\",\"name\":\"Calendario escolar extendido en 2024: en la Ciudad habr\u00e1 191 d\u00edas de clases, 11 m\u00e1s que los 180 obligatorios - Voces de la Comuna 15\",\"isPartOf\":{\"@id\":\"https:\\\/\\\/vocesdelacomuna15.com.ar\\\/press\\\/#website\"},\"primaryImageOfPage\":{\"@id\":\"https:\\\/\\\/vocesdelacomuna15.com.ar\\\/press\\\/calendario-escolar-extendido-en-2024-en-la-ciudad-habra-191-dias-de-clases-11-mas-que-los-180-obligatorios\\\/#primaryimage\"},\"image\":{\"@id\":\"https:\\\/\\\/vocesdelacomuna15.com.ar\\\/press\\\/calendario-escolar-extendido-en-2024-en-la-ciudad-habra-191-dias-de-clases-11-mas-que-los-180-obligatorios\\\/#primaryimage\"},\"thumbnailUrl\":\"https:\\\/\\\/vocesdelacomuna15.com.ar\\\/wp-content\\\/uploads\\\/2023\\\/11\\\/clases.jpeg\",\"datePublished\":\"2023-11-06T09:56:00+00:00\",\"description\":\"Voces de la Comuna 15\",\"breadcrumb\":{\"@id\":\"https:\\\/\\\/vocesdelacomuna15.com.ar\\\/press\\\/calendario-escolar-extendido-en-2024-en-la-ciudad-habra-191-dias-de-clases-11-mas-que-los-180-obligatorios\\\/#breadcrumb\"},\"inLanguage\":\"es-AR\",\"potentialAction\":[{\"@type\":\"ReadAction\",\"target\":[\"https:\\\/\\\/vocesdelacomuna15.com.ar\\\/press\\\/calendario-escolar-extendido-en-2024-en-la-ciudad-habra-191-dias-de-clases-11-mas-que-los-180-obligatorios\\\/\"]}]},{\"@type\":\"ImageObject\",\"inLanguage\":\"es-AR\",\"@id\":\"https:\\\/\\\/vocesdelacomuna15.com.ar\\\/press\\\/calendario-escolar-extendido-en-2024-en-la-ciudad-habra-191-dias-de-clases-11-mas-que-los-180-obligatorios\\\/#primaryimage\",\"url\":\"https:\\\/\\\/vocesdelacomuna15.com.ar\\\/wp-content\\\/uploads\\\/2023\\\/11\\\/clases.jpeg\",\"contentUrl\":\"https:\\\/\\\/vocesdelacomuna15.com.ar\\\/wp-content\\\/uploads\\\/2023\\\/11\\\/clases.jpeg\",\"width\":747,\"height\":427},{\"@type\":\"BreadcrumbList\",\"@id\":\"https:\\\/\\\/vocesdelacomuna15.com.ar\\\/press\\\/calendario-escolar-extendido-en-2024-en-la-ciudad-habra-191-dias-de-clases-11-mas-que-los-180-obligatorios\\\/#breadcrumb\",\"itemListElement\":[{\"@type\":\"ListItem\",\"position\":1,\"name\":\"Inicio\",\"item\":\"https:\\\/\\\/vocesdelacomuna15.com.ar\\\/press\\\/\"},{\"@type\":\"ListItem\",\"position\":2,\"name\":\"Calendario escolar extendido en 2024: en la Ciudad habr\u00e1 191 d\u00edas de clases, 11 m\u00e1s que los 180 obligatorios\"}]},{\"@type\":\"WebSite\",\"@id\":\"https:\\\/\\\/vocesdelacomuna15.com.ar\\\/press\\\/#website\",\"url\":\"https:\\\/\\\/vocesdelacomuna15.com.ar\\\/press\\\/\",\"name\":\"Voces de la Comuna 15\",\"description\":\"Sitio web de noticias\",\"publisher\":{\"@id\":\"https:\\\/\\\/vocesdelacomuna15.com.ar\\\/press\\\/#organization\"},\"potentialAction\":[{\"@type\":\"SearchAction\",\"target\":{\"@type\":\"EntryPoint\",\"urlTemplate\":\"https:\\\/\\\/vocesdelacomuna15.com.ar\\\/press\\\/?s={search_term_string}\"},\"query-input\":{\"@type\":\"PropertyValueSpecification\",\"valueRequired\":true,\"valueName\":\"search_term_string\"}}],\"inLanguage\":\"es-AR\"},{\"@type\":\"Organization\",\"@id\":\"https:\\\/\\\/vocesdelacomuna15.com.ar\\\/press\\\/#organization\",\"name\":\"Voces de la Comuna 15\",\"url\":\"https:\\\/\\\/vocesdelacomuna15.com.ar\\\/press\\\/\",\"logo\":{\"@type\":\"ImageObject\",\"inLanguage\":\"es-AR\",\"@id\":\"https:\\\/\\\/vocesdelacomuna15.com.ar\\\/press\\\/#\\\/schema\\\/logo\\\/image\\\/\",\"url\":\"https:\\\/\\\/vocesdelacomuna15.com.ar\\\/wp-content\\\/uploads\\\/2024\\\/12\\\/cropped-logo_voces.jpg\",\"contentUrl\":\"https:\\\/\\\/vocesdelacomuna15.com.ar\\\/wp-content\\\/uploads\\\/2024\\\/12\\\/cropped-logo_voces.jpg\",\"width\":512,\"height\":512,\"caption\":\"Voces de la Comuna 15\"},\"image\":{\"@id\":\"https:\\\/\\\/vocesdelacomuna15.com.ar\\\/press\\\/#\\\/schema\\\/logo\\\/image\\\/\"},\"sameAs\":[\"https:\\\/\\\/www.facebook.com\\\/VocesComuna15\\\/\",\"https:\\\/\\\/x.com\\\/vocescomuna15\"]},{\"@type\":\"Person\",\"@id\":\"https:\\\/\\\/vocesdelacomuna15.com.ar\\\/press\\\/#\\\/schema\\\/person\\\/4739e109db25d799cd3d139eeb509e43\",\"name\":\"Federico Arguto\",\"image\":{\"@type\":\"ImageObject\",\"inLanguage\":\"es-AR\",\"@id\":\"https:\\\/\\\/vocesdelacomuna15.com.ar\\\/wp-content\\\/litespeed\\\/avatar\\\/82faf979976f1bae889b8b71f8a0a7e5.jpg?ver=1777419741\",\"url\":\"https:\\\/\\\/vocesdelacomuna15.com.ar\\\/wp-content\\\/litespeed\\\/avatar\\\/82faf979976f1bae889b8b71f8a0a7e5.jpg?ver=1777419741\",\"contentUrl\":\"https:\\\/\\\/vocesdelacomuna15.com.ar\\\/wp-content\\\/litespeed\\\/avatar\\\/82faf979976f1bae889b8b71f8a0a7e5.jpg?ver=1777419741\",\"caption\":\"Federico Arguto\"},\"url\":\"https:\\\/\\\/vocesdelacomuna15.com.ar\\\/press\\\/author\\\/fede\\\/\"}]}<\/script>\n<!-- \/ Yoast SEO plugin. -->","yoast_head_json":{"title":"Calendario escolar extendido en 2024: en la Ciudad habr\u00e1 191 d\u00edas de clases, 11 m\u00e1s que los 180 obligatorios - Voces de la Comuna 15","description":"Voces de la Comuna 15","robots":{"index":"index","follow":"follow","max-snippet":"max-snippet:-1","max-image-preview":"max-image-preview:large","max-video-preview":"max-video-preview:-1"},"canonical":"https:\/\/vocesdelacomuna15.com.ar\/press\/calendario-escolar-extendido-en-2024-en-la-ciudad-habra-191-dias-de-clases-11-mas-que-los-180-obligatorios\/","og_locale":"es_ES","og_type":"article","og_title":"Calendario escolar extendido en 2024: en la Ciudad habr\u00e1 191 d\u00edas de clases, 11 m\u00e1s que los 180 obligatorios - Voces de la Comuna 15","og_description":"Voces de la Comuna 15","og_url":"https:\/\/vocesdelacomuna15.com.ar\/press\/calendario-escolar-extendido-en-2024-en-la-ciudad-habra-191-dias-de-clases-11-mas-que-los-180-obligatorios\/","og_site_name":"Voces de la Comuna 15","article_publisher":"https:\/\/www.facebook.com\/VocesComuna15\/","article_published_time":"2023-11-06T09:56:00+00:00","og_image":[{"width":747,"height":427,"url":"https:\/\/vocesdelacomuna15.com.ar\/wp-content\/uploads\/2023\/11\/clases.jpeg","type":"image\/jpeg"}],"author":"Federico Arguto","twitter_card":"summary_large_image","twitter_creator":"@vocescomuna15","twitter_site":"@vocescomuna15","twitter_misc":{"Escrito por":"Federico Arguto","Tiempo de lectura":"1 minuto"},"schema":{"@context":"https:\/\/schema.org","@graph":[{"@type":"Article","@id":"https:\/\/vocesdelacomuna15.com.ar\/press\/calendario-escolar-extendido-en-2024-en-la-ciudad-habra-191-dias-de-clases-11-mas-que-los-180-obligatorios\/#article","isPartOf":{"@id":"https:\/\/vocesdelacomuna15.com.ar\/press\/calendario-escolar-extendido-en-2024-en-la-ciudad-habra-191-dias-de-clases-11-mas-que-los-180-obligatorios\/"},"author":{"name":"Federico Arguto","@id":"https:\/\/vocesdelacomuna15.com.ar\/press\/#\/schema\/person\/4739e109db25d799cd3d139eeb509e43"},"headline":"Calendario escolar extendido en 2024: en la Ciudad habr\u00e1 191 d\u00edas de clases, 11 m\u00e1s que los 180 obligatorios","datePublished":"2023-11-06T09:56:00+00:00","mainEntityOfPage":{"@id":"https:\/\/vocesdelacomuna15.com.ar\/press\/calendario-escolar-extendido-en-2024-en-la-ciudad-habra-191-dias-de-clases-11-mas-que-los-180-obligatorios\/"},"wordCount":238,"commentCount":0,"publisher":{"@id":"https:\/\/vocesdelacomuna15.com.ar\/press\/#organization"},"image":{"@id":"https:\/\/vocesdelacomuna15.com.ar\/press\/calendario-escolar-extendido-en-2024-en-la-ciudad-habra-191-dias-de-clases-11-mas-que-los-180-obligatorios\/#primaryimage"},"thumbnailUrl":"https:\/\/vocesdelacomuna15.com.ar\/wp-content\/uploads\/2023\/11\/clases.jpeg","articleSection":["Ciudad"],"inLanguage":"es-AR","potentialAction":[{"@type":"CommentAction","name":"Comment","target":["https:\/\/vocesdelacomuna15.com.ar\/press\/calendario-escolar-extendido-en-2024-en-la-ciudad-habra-191-dias-de-clases-11-mas-que-los-180-obligatorios\/#respond"]}]},{"@type":"WebPage","@id":"https:\/\/vocesdelacomuna15.com.ar\/press\/calendario-escolar-extendido-en-2024-en-la-ciudad-habra-191-dias-de-clases-11-mas-que-los-180-obligatorios\/","url":"https:\/\/vocesdelacomuna15.com.ar\/press\/calendario-escolar-extendido-en-2024-en-la-ciudad-habra-191-dias-de-clases-11-mas-que-los-180-obligatorios\/","name":"Calendario escolar extendido en 2024: en la Ciudad habr\u00e1 191 d\u00edas de clases, 11 m\u00e1s que los 180 obligatorios - Voces de la Comuna 15","isPartOf":{"@id":"https:\/\/vocesdelacomuna15.com.ar\/press\/#website"},"primaryImageOfPage":{"@id":"https:\/\/vocesdelacomuna15.com.ar\/press\/calendario-escolar-extendido-en-2024-en-la-ciudad-habra-191-dias-de-clases-11-mas-que-los-180-obligatorios\/#primaryimage"},"image":{"@id":"https:\/\/vocesdelacomuna15.com.ar\/press\/calendario-escolar-extendido-en-2024-en-la-ciudad-habra-191-dias-de-clases-11-mas-que-los-180-obligatorios\/#primaryimage"},"thumbnailUrl":"https:\/\/vocesdelacomuna15.com.ar\/wp-content\/uploads\/2023\/11\/clases.jpeg","datePublished":"2023-11-06T09:56:00+00:00","description":"Voces de la Comuna 15","breadcrumb":{"@id":"https:\/\/vocesdelacomuna15.com.ar\/press\/calendario-escolar-extendido-en-2024-en-la-ciudad-habra-191-dias-de-clases-11-mas-que-los-180-obligatorios\/#breadcrumb"},"inLanguage":"es-AR","potentialAction":[{"@type":"ReadAction","target":["https:\/\/vocesdelacomuna15.com.ar\/press\/calendario-escolar-extendido-en-2024-en-la-ciudad-habra-191-dias-de-clases-11-mas-que-los-180-obligatorios\/"]}]},{"@type":"ImageObject","inLanguage":"es-AR","@id":"https:\/\/vocesdelacomuna15.com.ar\/press\/calendario-escolar-extendido-en-2024-en-la-ciudad-habra-191-dias-de-clases-11-mas-que-los-180-obligatorios\/#primaryimage","url":"https:\/\/vocesdelacomuna15.com.ar\/wp-content\/uploads\/2023\/11\/clases.jpeg","contentUrl":"https:\/\/vocesdelacomuna15.com.ar\/wp-content\/uploads\/2023\/11\/clases.jpeg","width":747,"height":427},{"@type":"BreadcrumbList","@id":"https:\/\/vocesdelacomuna15.com.ar\/press\/calendario-escolar-extendido-en-2024-en-la-ciudad-habra-191-dias-de-clases-11-mas-que-los-180-obligatorios\/#breadcrumb","itemListElement":[{"@type":"ListItem","position":1,"name":"Inicio","item":"https:\/\/vocesdelacomuna15.com.ar\/press\/"},{"@type":"ListItem","position":2,"name":"Calendario escolar extendido en 2024: en la Ciudad habr\u00e1 191 d\u00edas de clases, 11 m\u00e1s que los 180 obligatorios"}]},{"@type":"WebSite","@id":"https:\/\/vocesdelacomuna15.com.ar\/press\/#website","url":"https:\/\/vocesdelacomuna15.com.ar\/press\/","name":"Voces de la Comuna 15","description":"Sitio web de noticias","publisher":{"@id":"https:\/\/vocesdelacomuna15.com.ar\/press\/#organization"},"potentialAction":[{"@type":"SearchAction","target":{"@type":"EntryPoint","urlTemplate":"https:\/\/vocesdelacomuna15.com.ar\/press\/?s={search_term_string}"},"query-input":{"@type":"PropertyValueSpecification","valueRequired":true,"valueName":"search_term_string"}}],"inLanguage":"es-AR"},{"@type":"Organization","@id":"https:\/\/vocesdelacomuna15.com.ar\/press\/#organization","name":"Voces de la Comuna 15","url":"https:\/\/vocesdelacomuna15.com.ar\/press\/","logo":{"@type":"ImageObject","inLanguage":"es-AR","@id":"https:\/\/vocesdelacomuna15.com.ar\/press\/#\/schema\/logo\/image\/","url":"https:\/\/vocesdelacomuna15.com.ar\/wp-content\/uploads\/2024\/12\/cropped-logo_voces.jpg","contentUrl":"https:\/\/vocesdelacomuna15.com.ar\/wp-content\/uploads\/2024\/12\/cropped-logo_voces.jpg","width":512,"height":512,"caption":"Voces de la Comuna 15"},"image":{"@id":"https:\/\/vocesdelacomuna15.com.ar\/press\/#\/schema\/logo\/image\/"},"sameAs":["https:\/\/www.facebook.com\/VocesComuna15\/","https:\/\/x.com\/vocescomuna15"]},{"@type":"Person","@id":"https:\/\/vocesdelacomuna15.com.ar\/press\/#\/schema\/person\/4739e109db25d799cd3d139eeb509e43","name":"Federico Arguto","image":{"@type":"ImageObject","inLanguage":"es-AR","@id":"https:\/\/vocesdelacomuna15.com.ar\/wp-content\/litespeed\/avatar\/82faf979976f1bae889b8b71f8a0a7e5.jpg?ver=1777419741","url":"https:\/\/vocesdelacomuna15.com.ar\/wp-content\/litespeed\/avatar\/82faf979976f1bae889b8b71f8a0a7e5.jpg?ver=1777419741","contentUrl":"https:\/\/vocesdelacomuna15.com.ar\/wp-content\/litespeed\/avatar\/82faf979976f1bae889b8b71f8a0a7e5.jpg?ver=1777419741","caption":"Federico Arguto"},"url":"https:\/\/vocesdelacomuna15.com.ar\/press\/author\/fede\/"}]}},"_links":{"self":[{"href":"https:\/\/vocesdelacomuna15.com.ar\/press\/wp-json\/wp\/v2\/posts\/61880","targetHints":{"allow":["GET"]}}],"collection":[{"href":"https:\/\/vocesdelacomuna15.com.ar\/press\/wp-json\/wp\/v2\/posts"}],"about":[{"href":"https:\/\/vocesdelacomuna15.com.ar\/press\/wp-json\/wp\/v2\/types\/post"}],"author":[{"embeddable":true,"href":"https:\/\/vocesdelacomuna15.com.ar\/press\/wp-json\/wp\/v2\/users\/2"}],"replies":[{"embeddable":true,"href":"https:\/\/vocesdelacomuna15.com.ar\/press\/wp-json\/wp\/v2\/comments?post=61880"}],"version-history":[{"count":2,"href":"https:\/\/vocesdelacomuna15.com.ar\/press\/wp-json\/wp\/v2\/posts\/61880\/revisions"}],"predecessor-version":[{"id":61883,"href":"https:\/\/vocesdelacomuna15.com.ar\/press\/wp-json\/wp\/v2\/posts\/61880\/revisions\/61883"}],"wp:featuredmedia":[{"embeddable":true,"href":"https:\/\/vocesdelacomuna15.com.ar\/press\/wp-json\/wp\/v2\/media\/61881"}],"wp:attachment":[{"href":"https:\/\/vocesdelacomuna15.com.ar\/press\/wp-json\/wp\/v2\/media?parent=61880"}],"wp:term":[{"taxonomy":"category","embeddable":true,"href":"https:\/\/vocesdelacomuna15.com.ar\/press\/wp-json\/wp\/v2\/categories?post=61880"},{"taxonomy":"post_tag","embeddable":true,"href":"https:\/\/vocesdelacomuna15.com.ar\/press\/wp-json\/wp\/v2\/tags?post=61880"}],"curies":[{"name":"wp","href":"https:\/\/api.w.org\/{rel}","templated":true}]}}