{"id":61870,"date":"2023-11-03T16:15:19","date_gmt":"2023-11-03T19:15:19","guid":{"rendered":"https:\/\/vocesdelacomuna15.com.ar\/?p=61870"},"modified":"2023-11-03T16:15:21","modified_gmt":"2023-11-03T19:15:21","slug":"la-fauba-cedera-un-espacio-para-la-produccion-de-cannabis-medicinal","status":"publish","type":"post","link":"https:\/\/vocesdelacomuna15.com.ar\/press\/la-fauba-cedera-un-espacio-para-la-produccion-de-cannabis-medicinal\/","title":{"rendered":"La FAUBA ceder\u00e1 un espacio para la producci\u00f3n de cannabis medicinal"},"content":{"rendered":"\n<p><em>Recientemente la Facultad firm\u00f3 un convenio espec\u00edfico con la empresa Babel Hidropon\u00eda para acompa\u00f1ar la construcci\u00f3n de instalaciones donde realizar\u00e1n ensayos a partir de un equipo hidrop\u00f3nico de propagaci\u00f3n innovador. Fuente: Agro.uba.ar<\/em><\/p>\n\n\n\n<p><em>Link a nota original:&nbsp;<a href=\"https:\/\/www.agro.uba.ar\/noticias\/actualidad-news\/la-fauba-cedera-un-espacio-para-la-produccion-de-cannabis-medicinal\">https:\/\/www.agro.uba.ar\/noticias\/actualidad-news\/la-fauba-cedera-un-espacio-para-la-produccion-de-cannabis-medicinal<\/a><\/em><\/p>\n\n\n\n<p>La decana de la Facultad de Agronom\u00eda de la UBA, Dra. Adriana Rodr\u00edguez y los responsables t\u00e9cnicos de Babel Hidropon\u00eda, Federico Ferrer y Lucas Pina, firmaron un convenio espec\u00edfico con el fin de realizar ensayos con el equipamiento para el cultivo hidrop\u00f3nico de cannabis medicinal.<\/p>\n\n\n\n<p>\u201cComo emprendimiento tecnol\u00f3gico estamos trabajando en un nuevo equipo con potencial innovador, surgido de actividades de Investigaci\u00f3n y Desarrollo (I+D) realizadas en vinculaci\u00f3n con la Facultad de Agronom\u00eda a trav\u00e9s de la IncUBAgro y el GET Cannabis, generando productos que puedan ser incorporados al mercado del cannabis medicinal y sean comercialmente viables para la industria\u201d, se\u00f1alaron los responsables.<\/p>\n\n\n\n<p>Babel Hidropon\u00eda es una empresa <a>gestada en la incubadora de emprendimientos tecnol\u00f3gicos y sociales de la FAUBA (IncUBAgro). Este startup de base tecnol\u00f3gica desarroll\u00f3 un equipo hidrop\u00f3nico de propagaci\u00f3n innovador (PWD) que, seg\u00fan sus creadores, garantiza la m\u00e1xima calidad de los esquejes <\/a>y cumple con las buenas pr\u00e1cticas agr\u00edcolas.<\/p>\n\n\n\n<p>\u201cCon nuestro equipo, en Babel Hidropon\u00eda estamos comprometidos con los Objetivos de Desarrollo Sostenible de la ONU, y creemos que nuestros equipos pueden hacer una diferencia positiva en la industria del cannabis medicinal\u201d, sostuvieron.<\/p>\n\n\n\n<p>En este sentido, Ferrer y Pina explicaron que la hidropon\u00eda, como m\u00e9todo de cultivo, utiliza menos agua y reduce el uso de pesticidas y otros qu\u00edmicos nocivos en comparaci\u00f3n con los m\u00e9todos de cultivo tradicionales. Esto podr\u00eda contribuir a una producci\u00f3n m\u00e1s responsable y sostenible.<\/p>\n\n\n\n<p>Y remarcaron que el cannabis medicinal producido por Babel hidropon\u00eda se utiliza para fines m\u00e9dicos y no recreativos.<\/p>\n\n\n\n<p>&#8220;Nuestros equipos hidrop\u00f3nicos utilizan tecnolog\u00eda que permite a los clientes controlar todos los aspectos del crecimiento de las plantas. Esto se traduce en una mayor calidad y mejor rendimiento del cultivo. Utilizamos un sistema de circulaci\u00f3n de agua cerrado, lo que significa que pueden reducir el uso del recurso agua en hasta un 90%. Esto no s\u00f3lo es beneficioso para el medio ambiente, sino que tambi\u00e9n puede resultar en una reducci\u00f3n de costos para los clientes&#8221;, revelaron.<\/p>\n\n\n\n<p>A partir del convenio, la Facultad design\u00f3 como responsable t\u00e9cnico de las actividades al Ing. Agr. Daniel Sorlino, coordinador del GET Cannabis de FAUBA e integrante de la C\u00e1tedra Cultivos Industriales. Adem\u00e1s, se estableci\u00f3 que la informaci\u00f3n que se obtenga y los resultados de las investigaciones y sus alcances, podr\u00e1n ser difundidos con autorizaci\u00f3n de la UBA. &nbsp;<\/p>\n\n\n\n<p>El proyecto se encuentra en su fase inicial. Se estima que en una primera etapa testear\u00e1n el crecimiento de plantas de cannabis medicinal con el equipo hidrop\u00f3nico. Se observar\u00e1 y medir\u00e1 el comportamiento a\u00e9reo y radical de las plantas, as\u00ed como la firmeza de su anclaje. La segunda, consistir\u00e1 en un experimento de conducci\u00f3n de las plantas en hidropon\u00eda con poda de formaci\u00f3n.<\/p>\n\n\n\n<p>\u201cLa producci\u00f3n de cannabis medicinal podr\u00eda contribuir a mejorar la salud y el bienestar de las personas que sufren de diversas enfermedades. La hidropon\u00eda, como m\u00e9todo de cultivo, tambi\u00e9n puede reducir la exposici\u00f3n a pesticidas y otros qu\u00edmicos nocivos, lo que podr\u00eda tener beneficios para la salud. Estamos comprometidos con la innovaci\u00f3n en el sector agr\u00edcola. La producci\u00f3n de cannabis medicinal tambi\u00e9n podr\u00eda impulsar la inversi\u00f3n en infraestructura, como la construcci\u00f3n de instalaciones de cultivo y la mejora de las t\u00e9cnicas de producci\u00f3n\u201d, destacaron los responsables.<\/p>\n<div class=\"pvc_clear\"><\/div><p id=\"pvc_stats_61870\" class=\"pvc_stats all  \" data-element-id=\"61870\" style=\"\"><i class=\"pvc-stats-icon small\" aria-hidden=\"true\"><svg aria-hidden=\"true\" focusable=\"false\" data-prefix=\"far\" data-icon=\"chart-bar\" role=\"img\" xmlns=\"http:\/\/www.w3.org\/2000\/svg\" viewBox=\"0 0 512 512\" class=\"svg-inline--fa fa-chart-bar fa-w-16 fa-2x\"><path fill=\"currentColor\" d=\"M396.8 352h22.4c6.4 0 12.8-6.4 12.8-12.8V108.8c0-6.4-6.4-12.8-12.8-12.8h-22.4c-6.4 0-12.8 6.4-12.8 12.8v230.4c0 6.4 6.4 12.8 12.8 12.8zm-192 0h22.4c6.4 0 12.8-6.4 12.8-12.8V140.8c0-6.4-6.4-12.8-12.8-12.8h-22.4c-6.4 0-12.8 6.4-12.8 12.8v198.4c0 6.4 6.4 12.8 12.8 12.8zm96 0h22.4c6.4 0 12.8-6.4 12.8-12.8V204.8c0-6.4-6.4-12.8-12.8-12.8h-22.4c-6.4 0-12.8 6.4-12.8 12.8v134.4c0 6.4 6.4 12.8 12.8 12.8zM496 400H48V80c0-8.84-7.16-16-16-16H16C7.16 64 0 71.16 0 80v336c0 17.67 14.33 32 32 32h464c8.84 0 16-7.16 16-16v-16c0-8.84-7.16-16-16-16zm-387.2-48h22.4c6.4 0 12.8-6.4 12.8-12.8v-70.4c0-6.4-6.4-12.8-12.8-12.8h-22.4c-6.4 0-12.8 6.4-12.8 12.8v70.4c0 6.4 6.4 12.8 12.8 12.8z\" class=\"\"><\/path><\/svg><\/i> <img loading=\"lazy\" decoding=\"async\" width=\"16\" height=\"16\" alt=\"Loading\" src=\"https:\/\/vocesdelacomuna15.com.ar\/wp-content\/plugins\/page-views-count\/ajax-loader-2x.gif\" border=0 \/><\/p><div class=\"pvc_clear\"><\/div>","protected":false},"excerpt":{"rendered":"<p>Recientemente la Facultad firm\u00f3 un convenio espec\u00edfico con la empresa Babel Hidropon\u00eda para acompa\u00f1ar la construcci\u00f3n de instalaciones donde realizar\u00e1n ensayos a partir de un equipo hidrop\u00f3nico de propagaci\u00f3n innovador. Fuente: Agro.uba.ar Link a nota original:&nbsp;https:\/\/www.agro.uba.ar\/noticias\/actualidad-news\/la-fauba-cedera-un-espacio-para-la-produccion-de-cannabis-medicinal La decana de la Facultad de Agronom\u00eda de la UBA, Dra. Adriana Rodr\u00edguez y los responsables t\u00e9cnicos de Babel [&hellip;]<\/p>\n<div class=\"pvc_clear\"><\/div>\n<p id=\"pvc_stats_61870\" class=\"pvc_stats all  \" data-element-id=\"61870\" style=\"\"><i class=\"pvc-stats-icon small\" aria-hidden=\"true\"><svg aria-hidden=\"true\" focusable=\"false\" data-prefix=\"far\" data-icon=\"chart-bar\" role=\"img\" xmlns=\"http:\/\/www.w3.org\/2000\/svg\" viewBox=\"0 0 512 512\" class=\"svg-inline--fa fa-chart-bar fa-w-16 fa-2x\"><path fill=\"currentColor\" d=\"M396.8 352h22.4c6.4 0 12.8-6.4 12.8-12.8V108.8c0-6.4-6.4-12.8-12.8-12.8h-22.4c-6.4 0-12.8 6.4-12.8 12.8v230.4c0 6.4 6.4 12.8 12.8 12.8zm-192 0h22.4c6.4 0 12.8-6.4 12.8-12.8V140.8c0-6.4-6.4-12.8-12.8-12.8h-22.4c-6.4 0-12.8 6.4-12.8 12.8v198.4c0 6.4 6.4 12.8 12.8 12.8zm96 0h22.4c6.4 0 12.8-6.4 12.8-12.8V204.8c0-6.4-6.4-12.8-12.8-12.8h-22.4c-6.4 0-12.8 6.4-12.8 12.8v134.4c0 6.4 6.4 12.8 12.8 12.8zM496 400H48V80c0-8.84-7.16-16-16-16H16C7.16 64 0 71.16 0 80v336c0 17.67 14.33 32 32 32h464c8.84 0 16-7.16 16-16v-16c0-8.84-7.16-16-16-16zm-387.2-48h22.4c6.4 0 12.8-6.4 12.8-12.8v-70.4c0-6.4-6.4-12.8-12.8-12.8h-22.4c-6.4 0-12.8 6.4-12.8 12.8v70.4c0 6.4 6.4 12.8 12.8 12.8z\" class=\"\"><\/path><\/svg><\/i> <img loading=\"lazy\" decoding=\"async\" width=\"16\" height=\"16\" alt=\"Loading\" src=\"https:\/\/vocesdelacomuna15.com.ar\/wp-content\/plugins\/page-views-count\/ajax-loader-2x.gif\" border=0 \/><\/p>\n<div class=\"pvc_clear\"><\/div>\n","protected":false},"author":2,"featured_media":61871,"comment_status":"open","ping_status":"open","sticky":false,"template":"","format":"standard","meta":{"_et_pb_use_builder":"off","_et_pb_old_content":"","_et_gb_content_width":"","footnotes":""},"categories":[6,8],"tags":[],"class_list":["post-61870","post","type-post","status-publish","format-standard","has-post-thumbnail","hentry","category-agro","category-sociedad","et-has-post-format-content","et_post_format-et-post-format-standard"],"a3_pvc":{"activated":true,"total_views":43,"today_views":0},"yoast_head":"<!-- This site is optimized with the Yoast SEO plugin v27.5 - https:\/\/yoast.com\/product\/yoast-seo-wordpress\/ -->\n<title>La FAUBA ceder\u00e1 un espacio para la producci\u00f3n de cannabis medicinal - Voces de la Comuna 15<\/title>\n<meta name=\"description\" content=\"Voces de la Comuna 15\" \/>\n<meta name=\"robots\" content=\"index, follow, max-snippet:-1, max-image-preview:large, max-video-preview:-1\" \/>\n<link rel=\"canonical\" href=\"https:\/\/vocesdelacomuna15.com.ar\/press\/la-fauba-cedera-un-espacio-para-la-produccion-de-cannabis-medicinal\/\" \/>\n<meta property=\"og:locale\" content=\"es_ES\" \/>\n<meta property=\"og:type\" content=\"article\" \/>\n<meta property=\"og:title\" content=\"La FAUBA ceder\u00e1 un espacio para la producci\u00f3n de cannabis medicinal - Voces de la Comuna 15\" \/>\n<meta property=\"og:description\" content=\"Voces de la Comuna 15\" \/>\n<meta property=\"og:url\" content=\"https:\/\/vocesdelacomuna15.com.ar\/press\/la-fauba-cedera-un-espacio-para-la-produccion-de-cannabis-medicinal\/\" \/>\n<meta property=\"og:site_name\" content=\"Voces de la Comuna 15\" \/>\n<meta property=\"article:publisher\" content=\"https:\/\/www.facebook.com\/VocesComuna15\/\" \/>\n<meta property=\"article:published_time\" content=\"2023-11-03T19:15:19+00:00\" \/>\n<meta property=\"article:modified_time\" content=\"2023-11-03T19:15:21+00:00\" \/>\n<meta property=\"og:image\" content=\"https:\/\/vocesdelacomuna15.com.ar\/wp-content\/uploads\/2023\/11\/fauba-scaled.jpg\" \/>\n\t<meta property=\"og:image:width\" content=\"2560\" \/>\n\t<meta property=\"og:image:height\" content=\"1920\" \/>\n\t<meta property=\"og:image:type\" content=\"image\/jpeg\" \/>\n<meta name=\"author\" content=\"Federico Arguto\" \/>\n<meta name=\"twitter:card\" content=\"summary_large_image\" \/>\n<meta name=\"twitter:creator\" content=\"@vocescomuna15\" \/>\n<meta name=\"twitter:site\" content=\"@vocescomuna15\" \/>\n<meta name=\"twitter:label1\" content=\"Escrito por\" \/>\n\t<meta name=\"twitter:data1\" content=\"Federico Arguto\" \/>\n\t<meta name=\"twitter:label2\" content=\"Tiempo de lectura\" \/>\n\t<meta name=\"twitter:data2\" content=\"3 minutos\" \/>\n<script type=\"application\/ld+json\" class=\"yoast-schema-graph\">{\"@context\":\"https:\\\/\\\/schema.org\",\"@graph\":[{\"@type\":\"Article\",\"@id\":\"https:\\\/\\\/vocesdelacomuna15.com.ar\\\/press\\\/la-fauba-cedera-un-espacio-para-la-produccion-de-cannabis-medicinal\\\/#article\",\"isPartOf\":{\"@id\":\"https:\\\/\\\/vocesdelacomuna15.com.ar\\\/press\\\/la-fauba-cedera-un-espacio-para-la-produccion-de-cannabis-medicinal\\\/\"},\"author\":{\"name\":\"Federico Arguto\",\"@id\":\"https:\\\/\\\/vocesdelacomuna15.com.ar\\\/press\\\/#\\\/schema\\\/person\\\/4739e109db25d799cd3d139eeb509e43\"},\"headline\":\"La FAUBA ceder\u00e1 un espacio para la producci\u00f3n de cannabis medicinal\",\"datePublished\":\"2023-11-03T19:15:19+00:00\",\"dateModified\":\"2023-11-03T19:15:21+00:00\",\"mainEntityOfPage\":{\"@id\":\"https:\\\/\\\/vocesdelacomuna15.com.ar\\\/press\\\/la-fauba-cedera-un-espacio-para-la-produccion-de-cannabis-medicinal\\\/\"},\"wordCount\":666,\"commentCount\":0,\"publisher\":{\"@id\":\"https:\\\/\\\/vocesdelacomuna15.com.ar\\\/press\\\/#organization\"},\"image\":{\"@id\":\"https:\\\/\\\/vocesdelacomuna15.com.ar\\\/press\\\/la-fauba-cedera-un-espacio-para-la-produccion-de-cannabis-medicinal\\\/#primaryimage\"},\"thumbnailUrl\":\"https:\\\/\\\/vocesdelacomuna15.com.ar\\\/wp-content\\\/uploads\\\/2023\\\/11\\\/fauba-scaled.jpg\",\"articleSection\":[\"Agronom\u00eda\",\"Sociedad\"],\"inLanguage\":\"es-AR\",\"potentialAction\":[{\"@type\":\"CommentAction\",\"name\":\"Comment\",\"target\":[\"https:\\\/\\\/vocesdelacomuna15.com.ar\\\/press\\\/la-fauba-cedera-un-espacio-para-la-produccion-de-cannabis-medicinal\\\/#respond\"]}]},{\"@type\":\"WebPage\",\"@id\":\"https:\\\/\\\/vocesdelacomuna15.com.ar\\\/press\\\/la-fauba-cedera-un-espacio-para-la-produccion-de-cannabis-medicinal\\\/\",\"url\":\"https:\\\/\\\/vocesdelacomuna15.com.ar\\\/press\\\/la-fauba-cedera-un-espacio-para-la-produccion-de-cannabis-medicinal\\\/\",\"name\":\"La FAUBA ceder\u00e1 un espacio para la producci\u00f3n de cannabis medicinal - Voces de la Comuna 15\",\"isPartOf\":{\"@id\":\"https:\\\/\\\/vocesdelacomuna15.com.ar\\\/press\\\/#website\"},\"primaryImageOfPage\":{\"@id\":\"https:\\\/\\\/vocesdelacomuna15.com.ar\\\/press\\\/la-fauba-cedera-un-espacio-para-la-produccion-de-cannabis-medicinal\\\/#primaryimage\"},\"image\":{\"@id\":\"https:\\\/\\\/vocesdelacomuna15.com.ar\\\/press\\\/la-fauba-cedera-un-espacio-para-la-produccion-de-cannabis-medicinal\\\/#primaryimage\"},\"thumbnailUrl\":\"https:\\\/\\\/vocesdelacomuna15.com.ar\\\/wp-content\\\/uploads\\\/2023\\\/11\\\/fauba-scaled.jpg\",\"datePublished\":\"2023-11-03T19:15:19+00:00\",\"dateModified\":\"2023-11-03T19:15:21+00:00\",\"description\":\"Voces de la Comuna 15\",\"breadcrumb\":{\"@id\":\"https:\\\/\\\/vocesdelacomuna15.com.ar\\\/press\\\/la-fauba-cedera-un-espacio-para-la-produccion-de-cannabis-medicinal\\\/#breadcrumb\"},\"inLanguage\":\"es-AR\",\"potentialAction\":[{\"@type\":\"ReadAction\",\"target\":[\"https:\\\/\\\/vocesdelacomuna15.com.ar\\\/press\\\/la-fauba-cedera-un-espacio-para-la-produccion-de-cannabis-medicinal\\\/\"]}]},{\"@type\":\"ImageObject\",\"inLanguage\":\"es-AR\",\"@id\":\"https:\\\/\\\/vocesdelacomuna15.com.ar\\\/press\\\/la-fauba-cedera-un-espacio-para-la-produccion-de-cannabis-medicinal\\\/#primaryimage\",\"url\":\"https:\\\/\\\/vocesdelacomuna15.com.ar\\\/wp-content\\\/uploads\\\/2023\\\/11\\\/fauba-scaled.jpg\",\"contentUrl\":\"https:\\\/\\\/vocesdelacomuna15.com.ar\\\/wp-content\\\/uploads\\\/2023\\\/11\\\/fauba-scaled.jpg\",\"width\":2560,\"height\":1920},{\"@type\":\"BreadcrumbList\",\"@id\":\"https:\\\/\\\/vocesdelacomuna15.com.ar\\\/press\\\/la-fauba-cedera-un-espacio-para-la-produccion-de-cannabis-medicinal\\\/#breadcrumb\",\"itemListElement\":[{\"@type\":\"ListItem\",\"position\":1,\"name\":\"Inicio\",\"item\":\"https:\\\/\\\/vocesdelacomuna15.com.ar\\\/press\\\/\"},{\"@type\":\"ListItem\",\"position\":2,\"name\":\"La FAUBA ceder\u00e1 un espacio para la producci\u00f3n de cannabis medicinal\"}]},{\"@type\":\"WebSite\",\"@id\":\"https:\\\/\\\/vocesdelacomuna15.com.ar\\\/press\\\/#website\",\"url\":\"https:\\\/\\\/vocesdelacomuna15.com.ar\\\/press\\\/\",\"name\":\"Voces de la Comuna 15\",\"description\":\"Sitio web de noticias\",\"publisher\":{\"@id\":\"https:\\\/\\\/vocesdelacomuna15.com.ar\\\/press\\\/#organization\"},\"potentialAction\":[{\"@type\":\"SearchAction\",\"target\":{\"@type\":\"EntryPoint\",\"urlTemplate\":\"https:\\\/\\\/vocesdelacomuna15.com.ar\\\/press\\\/?s={search_term_string}\"},\"query-input\":{\"@type\":\"PropertyValueSpecification\",\"valueRequired\":true,\"valueName\":\"search_term_string\"}}],\"inLanguage\":\"es-AR\"},{\"@type\":\"Organization\",\"@id\":\"https:\\\/\\\/vocesdelacomuna15.com.ar\\\/press\\\/#organization\",\"name\":\"Voces de la Comuna 15\",\"url\":\"https:\\\/\\\/vocesdelacomuna15.com.ar\\\/press\\\/\",\"logo\":{\"@type\":\"ImageObject\",\"inLanguage\":\"es-AR\",\"@id\":\"https:\\\/\\\/vocesdelacomuna15.com.ar\\\/press\\\/#\\\/schema\\\/logo\\\/image\\\/\",\"url\":\"https:\\\/\\\/vocesdelacomuna15.com.ar\\\/wp-content\\\/uploads\\\/2024\\\/12\\\/cropped-logo_voces.jpg\",\"contentUrl\":\"https:\\\/\\\/vocesdelacomuna15.com.ar\\\/wp-content\\\/uploads\\\/2024\\\/12\\\/cropped-logo_voces.jpg\",\"width\":512,\"height\":512,\"caption\":\"Voces de la Comuna 15\"},\"image\":{\"@id\":\"https:\\\/\\\/vocesdelacomuna15.com.ar\\\/press\\\/#\\\/schema\\\/logo\\\/image\\\/\"},\"sameAs\":[\"https:\\\/\\\/www.facebook.com\\\/VocesComuna15\\\/\",\"https:\\\/\\\/x.com\\\/vocescomuna15\"]},{\"@type\":\"Person\",\"@id\":\"https:\\\/\\\/vocesdelacomuna15.com.ar\\\/press\\\/#\\\/schema\\\/person\\\/4739e109db25d799cd3d139eeb509e43\",\"name\":\"Federico Arguto\",\"image\":{\"@type\":\"ImageObject\",\"inLanguage\":\"es-AR\",\"@id\":\"https:\\\/\\\/vocesdelacomuna15.com.ar\\\/wp-content\\\/litespeed\\\/avatar\\\/82faf979976f1bae889b8b71f8a0a7e5.jpg?ver=1777419741\",\"url\":\"https:\\\/\\\/vocesdelacomuna15.com.ar\\\/wp-content\\\/litespeed\\\/avatar\\\/82faf979976f1bae889b8b71f8a0a7e5.jpg?ver=1777419741\",\"contentUrl\":\"https:\\\/\\\/vocesdelacomuna15.com.ar\\\/wp-content\\\/litespeed\\\/avatar\\\/82faf979976f1bae889b8b71f8a0a7e5.jpg?ver=1777419741\",\"caption\":\"Federico Arguto\"},\"url\":\"https:\\\/\\\/vocesdelacomuna15.com.ar\\\/press\\\/author\\\/fede\\\/\"}]}<\/script>\n<!-- \/ Yoast SEO plugin. -->","yoast_head_json":{"title":"La FAUBA ceder\u00e1 un espacio para la producci\u00f3n de cannabis medicinal - Voces de la Comuna 15","description":"Voces de la Comuna 15","robots":{"index":"index","follow":"follow","max-snippet":"max-snippet:-1","max-image-preview":"max-image-preview:large","max-video-preview":"max-video-preview:-1"},"canonical":"https:\/\/vocesdelacomuna15.com.ar\/press\/la-fauba-cedera-un-espacio-para-la-produccion-de-cannabis-medicinal\/","og_locale":"es_ES","og_type":"article","og_title":"La FAUBA ceder\u00e1 un espacio para la producci\u00f3n de cannabis medicinal - Voces de la Comuna 15","og_description":"Voces de la Comuna 15","og_url":"https:\/\/vocesdelacomuna15.com.ar\/press\/la-fauba-cedera-un-espacio-para-la-produccion-de-cannabis-medicinal\/","og_site_name":"Voces de la Comuna 15","article_publisher":"https:\/\/www.facebook.com\/VocesComuna15\/","article_published_time":"2023-11-03T19:15:19+00:00","article_modified_time":"2023-11-03T19:15:21+00:00","og_image":[{"width":2560,"height":1920,"url":"https:\/\/vocesdelacomuna15.com.ar\/wp-content\/uploads\/2023\/11\/fauba-scaled.jpg","type":"image\/jpeg"}],"author":"Federico Arguto","twitter_card":"summary_large_image","twitter_creator":"@vocescomuna15","twitter_site":"@vocescomuna15","twitter_misc":{"Escrito por":"Federico Arguto","Tiempo de lectura":"3 minutos"},"schema":{"@context":"https:\/\/schema.org","@graph":[{"@type":"Article","@id":"https:\/\/vocesdelacomuna15.com.ar\/press\/la-fauba-cedera-un-espacio-para-la-produccion-de-cannabis-medicinal\/#article","isPartOf":{"@id":"https:\/\/vocesdelacomuna15.com.ar\/press\/la-fauba-cedera-un-espacio-para-la-produccion-de-cannabis-medicinal\/"},"author":{"name":"Federico Arguto","@id":"https:\/\/vocesdelacomuna15.com.ar\/press\/#\/schema\/person\/4739e109db25d799cd3d139eeb509e43"},"headline":"La FAUBA ceder\u00e1 un espacio para la producci\u00f3n de cannabis medicinal","datePublished":"2023-11-03T19:15:19+00:00","dateModified":"2023-11-03T19:15:21+00:00","mainEntityOfPage":{"@id":"https:\/\/vocesdelacomuna15.com.ar\/press\/la-fauba-cedera-un-espacio-para-la-produccion-de-cannabis-medicinal\/"},"wordCount":666,"commentCount":0,"publisher":{"@id":"https:\/\/vocesdelacomuna15.com.ar\/press\/#organization"},"image":{"@id":"https:\/\/vocesdelacomuna15.com.ar\/press\/la-fauba-cedera-un-espacio-para-la-produccion-de-cannabis-medicinal\/#primaryimage"},"thumbnailUrl":"https:\/\/vocesdelacomuna15.com.ar\/wp-content\/uploads\/2023\/11\/fauba-scaled.jpg","articleSection":["Agronom\u00eda","Sociedad"],"inLanguage":"es-AR","potentialAction":[{"@type":"CommentAction","name":"Comment","target":["https:\/\/vocesdelacomuna15.com.ar\/press\/la-fauba-cedera-un-espacio-para-la-produccion-de-cannabis-medicinal\/#respond"]}]},{"@type":"WebPage","@id":"https:\/\/vocesdelacomuna15.com.ar\/press\/la-fauba-cedera-un-espacio-para-la-produccion-de-cannabis-medicinal\/","url":"https:\/\/vocesdelacomuna15.com.ar\/press\/la-fauba-cedera-un-espacio-para-la-produccion-de-cannabis-medicinal\/","name":"La FAUBA ceder\u00e1 un espacio para la producci\u00f3n de cannabis medicinal - Voces de la Comuna 15","isPartOf":{"@id":"https:\/\/vocesdelacomuna15.com.ar\/press\/#website"},"primaryImageOfPage":{"@id":"https:\/\/vocesdelacomuna15.com.ar\/press\/la-fauba-cedera-un-espacio-para-la-produccion-de-cannabis-medicinal\/#primaryimage"},"image":{"@id":"https:\/\/vocesdelacomuna15.com.ar\/press\/la-fauba-cedera-un-espacio-para-la-produccion-de-cannabis-medicinal\/#primaryimage"},"thumbnailUrl":"https:\/\/vocesdelacomuna15.com.ar\/wp-content\/uploads\/2023\/11\/fauba-scaled.jpg","datePublished":"2023-11-03T19:15:19+00:00","dateModified":"2023-11-03T19:15:21+00:00","description":"Voces de la Comuna 15","breadcrumb":{"@id":"https:\/\/vocesdelacomuna15.com.ar\/press\/la-fauba-cedera-un-espacio-para-la-produccion-de-cannabis-medicinal\/#breadcrumb"},"inLanguage":"es-AR","potentialAction":[{"@type":"ReadAction","target":["https:\/\/vocesdelacomuna15.com.ar\/press\/la-fauba-cedera-un-espacio-para-la-produccion-de-cannabis-medicinal\/"]}]},{"@type":"ImageObject","inLanguage":"es-AR","@id":"https:\/\/vocesdelacomuna15.com.ar\/press\/la-fauba-cedera-un-espacio-para-la-produccion-de-cannabis-medicinal\/#primaryimage","url":"https:\/\/vocesdelacomuna15.com.ar\/wp-content\/uploads\/2023\/11\/fauba-scaled.jpg","contentUrl":"https:\/\/vocesdelacomuna15.com.ar\/wp-content\/uploads\/2023\/11\/fauba-scaled.jpg","width":2560,"height":1920},{"@type":"BreadcrumbList","@id":"https:\/\/vocesdelacomuna15.com.ar\/press\/la-fauba-cedera-un-espacio-para-la-produccion-de-cannabis-medicinal\/#breadcrumb","itemListElement":[{"@type":"ListItem","position":1,"name":"Inicio","item":"https:\/\/vocesdelacomuna15.com.ar\/press\/"},{"@type":"ListItem","position":2,"name":"La FAUBA ceder\u00e1 un espacio para la producci\u00f3n de cannabis medicinal"}]},{"@type":"WebSite","@id":"https:\/\/vocesdelacomuna15.com.ar\/press\/#website","url":"https:\/\/vocesdelacomuna15.com.ar\/press\/","name":"Voces de la Comuna 15","description":"Sitio web de noticias","publisher":{"@id":"https:\/\/vocesdelacomuna15.com.ar\/press\/#organization"},"potentialAction":[{"@type":"SearchAction","target":{"@type":"EntryPoint","urlTemplate":"https:\/\/vocesdelacomuna15.com.ar\/press\/?s={search_term_string}"},"query-input":{"@type":"PropertyValueSpecification","valueRequired":true,"valueName":"search_term_string"}}],"inLanguage":"es-AR"},{"@type":"Organization","@id":"https:\/\/vocesdelacomuna15.com.ar\/press\/#organization","name":"Voces de la Comuna 15","url":"https:\/\/vocesdelacomuna15.com.ar\/press\/","logo":{"@type":"ImageObject","inLanguage":"es-AR","@id":"https:\/\/vocesdelacomuna15.com.ar\/press\/#\/schema\/logo\/image\/","url":"https:\/\/vocesdelacomuna15.com.ar\/wp-content\/uploads\/2024\/12\/cropped-logo_voces.jpg","contentUrl":"https:\/\/vocesdelacomuna15.com.ar\/wp-content\/uploads\/2024\/12\/cropped-logo_voces.jpg","width":512,"height":512,"caption":"Voces de la Comuna 15"},"image":{"@id":"https:\/\/vocesdelacomuna15.com.ar\/press\/#\/schema\/logo\/image\/"},"sameAs":["https:\/\/www.facebook.com\/VocesComuna15\/","https:\/\/x.com\/vocescomuna15"]},{"@type":"Person","@id":"https:\/\/vocesdelacomuna15.com.ar\/press\/#\/schema\/person\/4739e109db25d799cd3d139eeb509e43","name":"Federico Arguto","image":{"@type":"ImageObject","inLanguage":"es-AR","@id":"https:\/\/vocesdelacomuna15.com.ar\/wp-content\/litespeed\/avatar\/82faf979976f1bae889b8b71f8a0a7e5.jpg?ver=1777419741","url":"https:\/\/vocesdelacomuna15.com.ar\/wp-content\/litespeed\/avatar\/82faf979976f1bae889b8b71f8a0a7e5.jpg?ver=1777419741","contentUrl":"https:\/\/vocesdelacomuna15.com.ar\/wp-content\/litespeed\/avatar\/82faf979976f1bae889b8b71f8a0a7e5.jpg?ver=1777419741","caption":"Federico Arguto"},"url":"https:\/\/vocesdelacomuna15.com.ar\/press\/author\/fede\/"}]}},"_links":{"self":[{"href":"https:\/\/vocesdelacomuna15.com.ar\/press\/wp-json\/wp\/v2\/posts\/61870","targetHints":{"allow":["GET"]}}],"collection":[{"href":"https:\/\/vocesdelacomuna15.com.ar\/press\/wp-json\/wp\/v2\/posts"}],"about":[{"href":"https:\/\/vocesdelacomuna15.com.ar\/press\/wp-json\/wp\/v2\/types\/post"}],"author":[{"embeddable":true,"href":"https:\/\/vocesdelacomuna15.com.ar\/press\/wp-json\/wp\/v2\/users\/2"}],"replies":[{"embeddable":true,"href":"https:\/\/vocesdelacomuna15.com.ar\/press\/wp-json\/wp\/v2\/comments?post=61870"}],"version-history":[{"count":1,"href":"https:\/\/vocesdelacomuna15.com.ar\/press\/wp-json\/wp\/v2\/posts\/61870\/revisions"}],"predecessor-version":[{"id":61872,"href":"https:\/\/vocesdelacomuna15.com.ar\/press\/wp-json\/wp\/v2\/posts\/61870\/revisions\/61872"}],"wp:featuredmedia":[{"embeddable":true,"href":"https:\/\/vocesdelacomuna15.com.ar\/press\/wp-json\/wp\/v2\/media\/61871"}],"wp:attachment":[{"href":"https:\/\/vocesdelacomuna15.com.ar\/press\/wp-json\/wp\/v2\/media?parent=61870"}],"wp:term":[{"taxonomy":"category","embeddable":true,"href":"https:\/\/vocesdelacomuna15.com.ar\/press\/wp-json\/wp\/v2\/categories?post=61870"},{"taxonomy":"post_tag","embeddable":true,"href":"https:\/\/vocesdelacomuna15.com.ar\/press\/wp-json\/wp\/v2\/tags?post=61870"}],"curies":[{"name":"wp","href":"https:\/\/api.w.org\/{rel}","templated":true}]}}