{"id":61864,"date":"2023-11-02T17:33:30","date_gmt":"2023-11-02T20:33:30","guid":{"rendered":"https:\/\/vocesdelacomuna15.com.ar\/?p=61864"},"modified":"2023-11-02T17:34:51","modified_gmt":"2023-11-02T20:34:51","slug":"historias-desobedientes-repudio-la-formula-milei-villarruel","status":"publish","type":"post","link":"https:\/\/vocesdelacomuna15.com.ar\/press\/historias-desobedientes-repudio-la-formula-milei-villarruel\/","title":{"rendered":"Historias Desobedientes repudi\u00f3 la f\u00f3rmula Milei-Villarruel"},"content":{"rendered":"\n<p>Un llamado a votar\u00a0con &#8220;consciencia democr\u00e1tica&#8221;. Familiares de genocidas por la memoria, la verdad y la justicia emitieron un comunicado en el que manifestaron su preocupaci\u00f3n de que &#8220;el negacionismo tenga posibilidades de llegar al poder&#8221;. Advirtieron, adem\u00e1s, el peligro que representan las propuestas de la plataforma de gobierno de La Libertad Avanza que incluyen el regreso de la Doctrina de Seguridad Nacional y la revisi\u00f3n de las condenas a los genocidas. Fuente: P\u00e1gina 12<\/p>\n\n\n\n<p>Link a nota original: <a href=\"https:\/\/www.pagina12.com.ar\/612216-historias-desobedientes-repudio-la-formula-milei-villarruel\">https:\/\/www.pagina12.com.ar\/612216-historias-desobedientes-repudio-la-formula-milei-villarruel<\/a><\/p>\n\n\n\n<p>El colectivo <strong>Historias Desobedientes,<\/strong> que nuclea a hijas, hijos y familiares de genocidas por la memoria, la verdad y la justicia, expres\u00f3 su repudio a la propuesta electoral que representan Javier Milei y Victoria Villarruel y<strong> llam\u00f3 a votar <\/strong>el pr\u00f3ximo 19 de noviembre<strong> &#8220;con consciencia democr\u00e1tica a favor de los derechos humanos y en contra de los cr\u00edmenes de lesa humanidad pasados y futuros&#8221;<\/strong>.<\/p>\n\n\n\n<p>En un comunicado difundido por redes sociales, los integrantes de Historias Desobedientes explicaron que ven &#8220;congran <strong>preocupaci\u00f3n <\/strong>quea 40 a\u00f1os de democracia el<strong> negacionismo <\/strong>encarnado en la formula Milei &#8211; Villarruel <strong>tenga posibilidades de llegar al poder&#8221;<\/strong>.&nbsp;<\/p>\n\n\n\n<p>Milei y su candidata a vicepresidenta, recordaron en el documento, &#8220;han declarado en contra de la democracia en numerosas oportunidades negando el n\u00famero de desaparecidos, llamando excesos a cr\u00edmenes de lesa humanidad, cuestionando la validez de las sentencias a genocidas y acusando de mentirosas a las Madres y Abuelas de Plaza de Mayo, pilares indiscutibles de nuestra democracia&#8221;.&nbsp;<\/p>\n\n\n\n<p><strong>&#8220;A\u00fan m\u00e1s peligroso que su evidente negacionismo es su plan de gobierno explicitado en su plataforma electoral&#8221;<\/strong>, advirtieron.&nbsp;<\/p>\n\n\n\n<figure class=\"wp-block-embed is-type-rich is-provider-twitter wp-block-embed-twitter\"><div class=\"wp-block-embed__wrapper\">\n<blockquote class=\"twitter-tweet\" data-width=\"550\" data-dnt=\"true\"><p lang=\"es\" dir=\"ltr\">Desde Historias Desobedientes, colectivo de familiares de genocidas queremos expresar nuestro repudio a las propuestas de la formula Milei &#8211; Villaruel.<br><br>Este 19 de noviembre votemos a favor de la democracia<a href=\"https:\/\/twitter.com\/hashtag\/MileiNo?src=hash&amp;ref_src=twsrc%5Etfw\">#MileiNo<\/a> <a href=\"https:\/\/twitter.com\/hashtag\/MileiEsUnaEstafa?src=hash&amp;ref_src=twsrc%5Etfw\">#MileiEsUnaEstafa<\/a> <a href=\"https:\/\/twitter.com\/hashtag\/ddhh?src=hash&amp;ref_src=twsrc%5Etfw\">#ddhh<\/a> <a href=\"https:\/\/twitter.com\/hashtag\/MemoriaVerdadYJusticia?src=hash&amp;ref_src=twsrc%5Etfw\">#MemoriaVerdadYJusticia<\/a> <a href=\"https:\/\/twitter.com\/hashtag\/Milei?src=hash&amp;ref_src=twsrc%5Etfw\">#Milei<\/a> <a href=\"https:\/\/t.co\/WsQhp7EkQQ\">pic.twitter.com\/WsQhp7EkQQ<\/a><\/p>&mdash; Historias Desobedientes (@DesobedientesHi) <a href=\"https:\/\/twitter.com\/DesobedientesHi\/status\/1719748633250455851?ref_src=twsrc%5Etfw\">November 1, 2023<\/a><\/blockquote><script async src=\"https:\/\/platform.twitter.com\/widgets.js\" charset=\"utf-8\"><\/script>\n<\/div><\/figure>\n\n\n\n<p>Los integrantes de Historias Desobedientes repudiaron, entre otras iniciativas libertarias, &#8220;la<strong>&nbsp;propuesta de Milei de promover nuevamente la doctrina de Seguridad Nacional<\/strong>, la misma doctrina implementada durante la \u00faltima dictadura c\u00edvico militar que implica una concepci\u00f3n militar del Estado y del funcionamiento de la sociedad&#8221;.<\/p>\n\n\n\n<p>Esa doctrina, repasaron, &#8220;fue instrumentada como plan sistem\u00e1tico de exterminio, secuestro, desaparici\u00f3n forzada, tortura, asesinato y robo de ni\u00f1os ejecutado por las fuerzas armadas con el objetivo de eliminar a todos los elementos considerados subversivos y que termin\u00f3 con la desaparici\u00f3n forzada de 30.000 compa\u00f1eros&#8221;.<\/p>\n\n\n\n<p>Tambi\u00e9n &#8220;<strong>rechazamos el plan de Milei de revisar las condenas a genocidas&#8221; y &#8220;<\/strong>llamamos a la toma de conciencia sobre la gravedad de estos cr\u00edmenes de lesa humanidad&#8221;, dice en el documento. Y agrega:&nbsp;<strong>&#8220;Afirmamos con conocimiento de causa que el silencio y la negaci\u00f3n<\/strong> de los mismos afecta profundamente el tejido familiar, deja secuelas muy dolorosas en la propia historia, <strong>tiende a perpetuar la impunidad y facilita el resurgimiento de los discursos de odio&#8221;<\/strong>.&nbsp;<\/p>\n\n\n\n<p>Milei, advirti\u00f3 el colectivo que lucha por memoria, verdad y justicia, viene a implementar el mismo plan de la dictadura:&nbsp;<strong>&#8220;tiene el mismo objetivo pol\u00edtico de aniquilaci\u00f3n de todo aquel que considere &#8216;zurdo'&#8221; y &#8220;quiere implementar el<\/strong> <strong>mismo plan econ\u00f3mico<\/strong> de liberaci\u00f3n de importaciones, destrucci\u00f3n del aparato productivo, disoluci\u00f3n de sindicatos y organizaciones de trabajadores, hiperinflaci\u00f3n, destrucci\u00f3n de la moneda nacional y disciplinamiento de la sociedad&#8221;, aseguraron.<\/p>\n\n\n\n<p>Ante ese escenario, &#8220;<strong>ofrecemos nuestra propia experiencia desobediente con la esperanza de que ella ponga en marcha nuevas desobediencias <\/strong>y que las mismas aporten al logro de una sociedad m\u00e1s justa, menos hip\u00f3crita y m\u00e1s valiente&#8221;,&nbsp;se\u00f1alalron los miembros de Historias Desobedientes.&nbsp;<\/p>\n\n\n\n<p>Y concluyeron, en un mensaje al electorado: &#8220;<strong>La democracia que tanta sangre, sudor y l\u00e1grimas nos cost\u00f3 conseguir est\u00e1 en riesgo<\/strong>. Este 19 de noviembre debemos votar con consciencia democr\u00e1tica a favor de los derechos humanos y en contra de los cr\u00edmenes de lesa humanidad pasados y futuros&#8221;.&nbsp;<\/p>\n\n\n\n<p><\/p>\n\n\n\n<p>Foto: AFP<\/p>\n<div class=\"pvc_clear\"><\/div><p id=\"pvc_stats_61864\" class=\"pvc_stats all  \" data-element-id=\"61864\" style=\"\"><i class=\"pvc-stats-icon small\" aria-hidden=\"true\"><svg aria-hidden=\"true\" focusable=\"false\" data-prefix=\"far\" data-icon=\"chart-bar\" role=\"img\" xmlns=\"http:\/\/www.w3.org\/2000\/svg\" viewBox=\"0 0 512 512\" class=\"svg-inline--fa fa-chart-bar fa-w-16 fa-2x\"><path fill=\"currentColor\" d=\"M396.8 352h22.4c6.4 0 12.8-6.4 12.8-12.8V108.8c0-6.4-6.4-12.8-12.8-12.8h-22.4c-6.4 0-12.8 6.4-12.8 12.8v230.4c0 6.4 6.4 12.8 12.8 12.8zm-192 0h22.4c6.4 0 12.8-6.4 12.8-12.8V140.8c0-6.4-6.4-12.8-12.8-12.8h-22.4c-6.4 0-12.8 6.4-12.8 12.8v198.4c0 6.4 6.4 12.8 12.8 12.8zm96 0h22.4c6.4 0 12.8-6.4 12.8-12.8V204.8c0-6.4-6.4-12.8-12.8-12.8h-22.4c-6.4 0-12.8 6.4-12.8 12.8v134.4c0 6.4 6.4 12.8 12.8 12.8zM496 400H48V80c0-8.84-7.16-16-16-16H16C7.16 64 0 71.16 0 80v336c0 17.67 14.33 32 32 32h464c8.84 0 16-7.16 16-16v-16c0-8.84-7.16-16-16-16zm-387.2-48h22.4c6.4 0 12.8-6.4 12.8-12.8v-70.4c0-6.4-6.4-12.8-12.8-12.8h-22.4c-6.4 0-12.8 6.4-12.8 12.8v70.4c0 6.4 6.4 12.8 12.8 12.8z\" class=\"\"><\/path><\/svg><\/i> <img loading=\"lazy\" decoding=\"async\" width=\"16\" height=\"16\" alt=\"Loading\" src=\"https:\/\/vocesdelacomuna15.com.ar\/wp-content\/plugins\/page-views-count\/ajax-loader-2x.gif\" border=0 \/><\/p><div class=\"pvc_clear\"><\/div>","protected":false},"excerpt":{"rendered":"<p>Un llamado a votar\u00a0con &#8220;consciencia democr\u00e1tica&#8221;. Familiares de genocidas por la memoria, la verdad y la justicia emitieron un comunicado en el que manifestaron su preocupaci\u00f3n de que &#8220;el negacionismo tenga posibilidades de llegar al poder&#8221;. Advirtieron, adem\u00e1s, el peligro que representan las propuestas de la plataforma de gobierno de La Libertad Avanza que incluyen [&hellip;]<\/p>\n<div class=\"pvc_clear\"><\/div>\n<p id=\"pvc_stats_61864\" class=\"pvc_stats all  \" data-element-id=\"61864\" style=\"\"><i class=\"pvc-stats-icon small\" aria-hidden=\"true\"><svg aria-hidden=\"true\" focusable=\"false\" data-prefix=\"far\" data-icon=\"chart-bar\" role=\"img\" xmlns=\"http:\/\/www.w3.org\/2000\/svg\" viewBox=\"0 0 512 512\" class=\"svg-inline--fa fa-chart-bar fa-w-16 fa-2x\"><path fill=\"currentColor\" d=\"M396.8 352h22.4c6.4 0 12.8-6.4 12.8-12.8V108.8c0-6.4-6.4-12.8-12.8-12.8h-22.4c-6.4 0-12.8 6.4-12.8 12.8v230.4c0 6.4 6.4 12.8 12.8 12.8zm-192 0h22.4c6.4 0 12.8-6.4 12.8-12.8V140.8c0-6.4-6.4-12.8-12.8-12.8h-22.4c-6.4 0-12.8 6.4-12.8 12.8v198.4c0 6.4 6.4 12.8 12.8 12.8zm96 0h22.4c6.4 0 12.8-6.4 12.8-12.8V204.8c0-6.4-6.4-12.8-12.8-12.8h-22.4c-6.4 0-12.8 6.4-12.8 12.8v134.4c0 6.4 6.4 12.8 12.8 12.8zM496 400H48V80c0-8.84-7.16-16-16-16H16C7.16 64 0 71.16 0 80v336c0 17.67 14.33 32 32 32h464c8.84 0 16-7.16 16-16v-16c0-8.84-7.16-16-16-16zm-387.2-48h22.4c6.4 0 12.8-6.4 12.8-12.8v-70.4c0-6.4-6.4-12.8-12.8-12.8h-22.4c-6.4 0-12.8 6.4-12.8 12.8v70.4c0 6.4 6.4 12.8 12.8 12.8z\" class=\"\"><\/path><\/svg><\/i> <img loading=\"lazy\" decoding=\"async\" width=\"16\" height=\"16\" alt=\"Loading\" src=\"https:\/\/vocesdelacomuna15.com.ar\/wp-content\/plugins\/page-views-count\/ajax-loader-2x.gif\" border=0 \/><\/p>\n<div class=\"pvc_clear\"><\/div>\n","protected":false},"author":2,"featured_media":61865,"comment_status":"open","ping_status":"open","sticky":false,"template":"","format":"standard","meta":{"_et_pb_use_builder":"off","_et_pb_old_content":"","_et_gb_content_width":"","footnotes":""},"categories":[31],"tags":[],"class_list":["post-61864","post","type-post","status-publish","format-standard","has-post-thumbnail","hentry","category-politica","et-has-post-format-content","et_post_format-et-post-format-standard"],"a3_pvc":{"activated":true,"total_views":29,"today_views":0},"yoast_head":"<!-- This site is optimized with the Yoast SEO plugin v27.5 - https:\/\/yoast.com\/product\/yoast-seo-wordpress\/ -->\n<title>Historias Desobedientes repudi\u00f3 la f\u00f3rmula Milei-Villarruel - Voces de la Comuna 15<\/title>\n<meta name=\"description\" content=\"Voces de la Comuna 15\" \/>\n<meta name=\"robots\" content=\"index, follow, max-snippet:-1, max-image-preview:large, max-video-preview:-1\" \/>\n<link rel=\"canonical\" href=\"https:\/\/vocesdelacomuna15.com.ar\/press\/historias-desobedientes-repudio-la-formula-milei-villarruel\/\" \/>\n<meta property=\"og:locale\" content=\"es_ES\" \/>\n<meta property=\"og:type\" content=\"article\" \/>\n<meta property=\"og:title\" content=\"Historias Desobedientes repudi\u00f3 la f\u00f3rmula Milei-Villarruel - Voces de la Comuna 15\" \/>\n<meta property=\"og:description\" content=\"Voces de la Comuna 15\" \/>\n<meta property=\"og:url\" content=\"https:\/\/vocesdelacomuna15.com.ar\/press\/historias-desobedientes-repudio-la-formula-milei-villarruel\/\" \/>\n<meta property=\"og:site_name\" content=\"Voces de la Comuna 15\" \/>\n<meta property=\"article:publisher\" content=\"https:\/\/www.facebook.com\/VocesComuna15\/\" \/>\n<meta property=\"article:published_time\" content=\"2023-11-02T20:33:30+00:00\" \/>\n<meta property=\"article:modified_time\" content=\"2023-11-02T20:34:51+00:00\" \/>\n<meta property=\"og:image\" content=\"https:\/\/vocesdelacomuna15.com.ar\/wp-content\/uploads\/2023\/11\/afp.jpg\" \/>\n\t<meta property=\"og:image:width\" content=\"960\" \/>\n\t<meta property=\"og:image:height\" content=\"640\" \/>\n\t<meta property=\"og:image:type\" content=\"image\/jpeg\" \/>\n<meta name=\"author\" content=\"Federico Arguto\" \/>\n<meta name=\"twitter:card\" content=\"summary_large_image\" \/>\n<meta name=\"twitter:creator\" content=\"@vocescomuna15\" \/>\n<meta name=\"twitter:site\" content=\"@vocescomuna15\" \/>\n<meta name=\"twitter:label1\" content=\"Escrito por\" \/>\n\t<meta name=\"twitter:data1\" content=\"Federico Arguto\" \/>\n\t<meta name=\"twitter:label2\" content=\"Tiempo de lectura\" \/>\n\t<meta name=\"twitter:data2\" content=\"3 minutos\" \/>\n<script type=\"application\/ld+json\" class=\"yoast-schema-graph\">{\"@context\":\"https:\\\/\\\/schema.org\",\"@graph\":[{\"@type\":\"Article\",\"@id\":\"https:\\\/\\\/vocesdelacomuna15.com.ar\\\/press\\\/historias-desobedientes-repudio-la-formula-milei-villarruel\\\/#article\",\"isPartOf\":{\"@id\":\"https:\\\/\\\/vocesdelacomuna15.com.ar\\\/press\\\/historias-desobedientes-repudio-la-formula-milei-villarruel\\\/\"},\"author\":{\"name\":\"Federico Arguto\",\"@id\":\"https:\\\/\\\/vocesdelacomuna15.com.ar\\\/press\\\/#\\\/schema\\\/person\\\/4739e109db25d799cd3d139eeb509e43\"},\"headline\":\"Historias Desobedientes repudi\u00f3 la f\u00f3rmula Milei-Villarruel\",\"datePublished\":\"2023-11-02T20:33:30+00:00\",\"dateModified\":\"2023-11-02T20:34:51+00:00\",\"mainEntityOfPage\":{\"@id\":\"https:\\\/\\\/vocesdelacomuna15.com.ar\\\/press\\\/historias-desobedientes-repudio-la-formula-milei-villarruel\\\/\"},\"wordCount\":644,\"commentCount\":0,\"publisher\":{\"@id\":\"https:\\\/\\\/vocesdelacomuna15.com.ar\\\/press\\\/#organization\"},\"image\":{\"@id\":\"https:\\\/\\\/vocesdelacomuna15.com.ar\\\/press\\\/historias-desobedientes-repudio-la-formula-milei-villarruel\\\/#primaryimage\"},\"thumbnailUrl\":\"https:\\\/\\\/vocesdelacomuna15.com.ar\\\/wp-content\\\/uploads\\\/2023\\\/11\\\/afp.jpg\",\"articleSection\":[\"Pol\u00edtica\"],\"inLanguage\":\"es-AR\",\"potentialAction\":[{\"@type\":\"CommentAction\",\"name\":\"Comment\",\"target\":[\"https:\\\/\\\/vocesdelacomuna15.com.ar\\\/press\\\/historias-desobedientes-repudio-la-formula-milei-villarruel\\\/#respond\"]}]},{\"@type\":\"WebPage\",\"@id\":\"https:\\\/\\\/vocesdelacomuna15.com.ar\\\/press\\\/historias-desobedientes-repudio-la-formula-milei-villarruel\\\/\",\"url\":\"https:\\\/\\\/vocesdelacomuna15.com.ar\\\/press\\\/historias-desobedientes-repudio-la-formula-milei-villarruel\\\/\",\"name\":\"Historias Desobedientes repudi\u00f3 la f\u00f3rmula Milei-Villarruel - Voces de la Comuna 15\",\"isPartOf\":{\"@id\":\"https:\\\/\\\/vocesdelacomuna15.com.ar\\\/press\\\/#website\"},\"primaryImageOfPage\":{\"@id\":\"https:\\\/\\\/vocesdelacomuna15.com.ar\\\/press\\\/historias-desobedientes-repudio-la-formula-milei-villarruel\\\/#primaryimage\"},\"image\":{\"@id\":\"https:\\\/\\\/vocesdelacomuna15.com.ar\\\/press\\\/historias-desobedientes-repudio-la-formula-milei-villarruel\\\/#primaryimage\"},\"thumbnailUrl\":\"https:\\\/\\\/vocesdelacomuna15.com.ar\\\/wp-content\\\/uploads\\\/2023\\\/11\\\/afp.jpg\",\"datePublished\":\"2023-11-02T20:33:30+00:00\",\"dateModified\":\"2023-11-02T20:34:51+00:00\",\"description\":\"Voces de la Comuna 15\",\"breadcrumb\":{\"@id\":\"https:\\\/\\\/vocesdelacomuna15.com.ar\\\/press\\\/historias-desobedientes-repudio-la-formula-milei-villarruel\\\/#breadcrumb\"},\"inLanguage\":\"es-AR\",\"potentialAction\":[{\"@type\":\"ReadAction\",\"target\":[\"https:\\\/\\\/vocesdelacomuna15.com.ar\\\/press\\\/historias-desobedientes-repudio-la-formula-milei-villarruel\\\/\"]}]},{\"@type\":\"ImageObject\",\"inLanguage\":\"es-AR\",\"@id\":\"https:\\\/\\\/vocesdelacomuna15.com.ar\\\/press\\\/historias-desobedientes-repudio-la-formula-milei-villarruel\\\/#primaryimage\",\"url\":\"https:\\\/\\\/vocesdelacomuna15.com.ar\\\/wp-content\\\/uploads\\\/2023\\\/11\\\/afp.jpg\",\"contentUrl\":\"https:\\\/\\\/vocesdelacomuna15.com.ar\\\/wp-content\\\/uploads\\\/2023\\\/11\\\/afp.jpg\",\"width\":960,\"height\":640},{\"@type\":\"BreadcrumbList\",\"@id\":\"https:\\\/\\\/vocesdelacomuna15.com.ar\\\/press\\\/historias-desobedientes-repudio-la-formula-milei-villarruel\\\/#breadcrumb\",\"itemListElement\":[{\"@type\":\"ListItem\",\"position\":1,\"name\":\"Inicio\",\"item\":\"https:\\\/\\\/vocesdelacomuna15.com.ar\\\/press\\\/\"},{\"@type\":\"ListItem\",\"position\":2,\"name\":\"Historias Desobedientes repudi\u00f3 la f\u00f3rmula Milei-Villarruel\"}]},{\"@type\":\"WebSite\",\"@id\":\"https:\\\/\\\/vocesdelacomuna15.com.ar\\\/press\\\/#website\",\"url\":\"https:\\\/\\\/vocesdelacomuna15.com.ar\\\/press\\\/\",\"name\":\"Voces de la Comuna 15\",\"description\":\"Sitio web de noticias\",\"publisher\":{\"@id\":\"https:\\\/\\\/vocesdelacomuna15.com.ar\\\/press\\\/#organization\"},\"potentialAction\":[{\"@type\":\"SearchAction\",\"target\":{\"@type\":\"EntryPoint\",\"urlTemplate\":\"https:\\\/\\\/vocesdelacomuna15.com.ar\\\/press\\\/?s={search_term_string}\"},\"query-input\":{\"@type\":\"PropertyValueSpecification\",\"valueRequired\":true,\"valueName\":\"search_term_string\"}}],\"inLanguage\":\"es-AR\"},{\"@type\":\"Organization\",\"@id\":\"https:\\\/\\\/vocesdelacomuna15.com.ar\\\/press\\\/#organization\",\"name\":\"Voces de la Comuna 15\",\"url\":\"https:\\\/\\\/vocesdelacomuna15.com.ar\\\/press\\\/\",\"logo\":{\"@type\":\"ImageObject\",\"inLanguage\":\"es-AR\",\"@id\":\"https:\\\/\\\/vocesdelacomuna15.com.ar\\\/press\\\/#\\\/schema\\\/logo\\\/image\\\/\",\"url\":\"https:\\\/\\\/vocesdelacomuna15.com.ar\\\/wp-content\\\/uploads\\\/2024\\\/12\\\/cropped-logo_voces.jpg\",\"contentUrl\":\"https:\\\/\\\/vocesdelacomuna15.com.ar\\\/wp-content\\\/uploads\\\/2024\\\/12\\\/cropped-logo_voces.jpg\",\"width\":512,\"height\":512,\"caption\":\"Voces de la Comuna 15\"},\"image\":{\"@id\":\"https:\\\/\\\/vocesdelacomuna15.com.ar\\\/press\\\/#\\\/schema\\\/logo\\\/image\\\/\"},\"sameAs\":[\"https:\\\/\\\/www.facebook.com\\\/VocesComuna15\\\/\",\"https:\\\/\\\/x.com\\\/vocescomuna15\"]},{\"@type\":\"Person\",\"@id\":\"https:\\\/\\\/vocesdelacomuna15.com.ar\\\/press\\\/#\\\/schema\\\/person\\\/4739e109db25d799cd3d139eeb509e43\",\"name\":\"Federico Arguto\",\"image\":{\"@type\":\"ImageObject\",\"inLanguage\":\"es-AR\",\"@id\":\"https:\\\/\\\/vocesdelacomuna15.com.ar\\\/wp-content\\\/litespeed\\\/avatar\\\/82faf979976f1bae889b8b71f8a0a7e5.jpg?ver=1777419741\",\"url\":\"https:\\\/\\\/vocesdelacomuna15.com.ar\\\/wp-content\\\/litespeed\\\/avatar\\\/82faf979976f1bae889b8b71f8a0a7e5.jpg?ver=1777419741\",\"contentUrl\":\"https:\\\/\\\/vocesdelacomuna15.com.ar\\\/wp-content\\\/litespeed\\\/avatar\\\/82faf979976f1bae889b8b71f8a0a7e5.jpg?ver=1777419741\",\"caption\":\"Federico Arguto\"},\"url\":\"https:\\\/\\\/vocesdelacomuna15.com.ar\\\/press\\\/author\\\/fede\\\/\"}]}<\/script>\n<!-- \/ Yoast SEO plugin. -->","yoast_head_json":{"title":"Historias Desobedientes repudi\u00f3 la f\u00f3rmula Milei-Villarruel - Voces de la Comuna 15","description":"Voces de la Comuna 15","robots":{"index":"index","follow":"follow","max-snippet":"max-snippet:-1","max-image-preview":"max-image-preview:large","max-video-preview":"max-video-preview:-1"},"canonical":"https:\/\/vocesdelacomuna15.com.ar\/press\/historias-desobedientes-repudio-la-formula-milei-villarruel\/","og_locale":"es_ES","og_type":"article","og_title":"Historias Desobedientes repudi\u00f3 la f\u00f3rmula Milei-Villarruel - Voces de la Comuna 15","og_description":"Voces de la Comuna 15","og_url":"https:\/\/vocesdelacomuna15.com.ar\/press\/historias-desobedientes-repudio-la-formula-milei-villarruel\/","og_site_name":"Voces de la Comuna 15","article_publisher":"https:\/\/www.facebook.com\/VocesComuna15\/","article_published_time":"2023-11-02T20:33:30+00:00","article_modified_time":"2023-11-02T20:34:51+00:00","og_image":[{"width":960,"height":640,"url":"https:\/\/vocesdelacomuna15.com.ar\/wp-content\/uploads\/2023\/11\/afp.jpg","type":"image\/jpeg"}],"author":"Federico Arguto","twitter_card":"summary_large_image","twitter_creator":"@vocescomuna15","twitter_site":"@vocescomuna15","twitter_misc":{"Escrito por":"Federico Arguto","Tiempo de lectura":"3 minutos"},"schema":{"@context":"https:\/\/schema.org","@graph":[{"@type":"Article","@id":"https:\/\/vocesdelacomuna15.com.ar\/press\/historias-desobedientes-repudio-la-formula-milei-villarruel\/#article","isPartOf":{"@id":"https:\/\/vocesdelacomuna15.com.ar\/press\/historias-desobedientes-repudio-la-formula-milei-villarruel\/"},"author":{"name":"Federico Arguto","@id":"https:\/\/vocesdelacomuna15.com.ar\/press\/#\/schema\/person\/4739e109db25d799cd3d139eeb509e43"},"headline":"Historias Desobedientes repudi\u00f3 la f\u00f3rmula Milei-Villarruel","datePublished":"2023-11-02T20:33:30+00:00","dateModified":"2023-11-02T20:34:51+00:00","mainEntityOfPage":{"@id":"https:\/\/vocesdelacomuna15.com.ar\/press\/historias-desobedientes-repudio-la-formula-milei-villarruel\/"},"wordCount":644,"commentCount":0,"publisher":{"@id":"https:\/\/vocesdelacomuna15.com.ar\/press\/#organization"},"image":{"@id":"https:\/\/vocesdelacomuna15.com.ar\/press\/historias-desobedientes-repudio-la-formula-milei-villarruel\/#primaryimage"},"thumbnailUrl":"https:\/\/vocesdelacomuna15.com.ar\/wp-content\/uploads\/2023\/11\/afp.jpg","articleSection":["Pol\u00edtica"],"inLanguage":"es-AR","potentialAction":[{"@type":"CommentAction","name":"Comment","target":["https:\/\/vocesdelacomuna15.com.ar\/press\/historias-desobedientes-repudio-la-formula-milei-villarruel\/#respond"]}]},{"@type":"WebPage","@id":"https:\/\/vocesdelacomuna15.com.ar\/press\/historias-desobedientes-repudio-la-formula-milei-villarruel\/","url":"https:\/\/vocesdelacomuna15.com.ar\/press\/historias-desobedientes-repudio-la-formula-milei-villarruel\/","name":"Historias Desobedientes repudi\u00f3 la f\u00f3rmula Milei-Villarruel - Voces de la Comuna 15","isPartOf":{"@id":"https:\/\/vocesdelacomuna15.com.ar\/press\/#website"},"primaryImageOfPage":{"@id":"https:\/\/vocesdelacomuna15.com.ar\/press\/historias-desobedientes-repudio-la-formula-milei-villarruel\/#primaryimage"},"image":{"@id":"https:\/\/vocesdelacomuna15.com.ar\/press\/historias-desobedientes-repudio-la-formula-milei-villarruel\/#primaryimage"},"thumbnailUrl":"https:\/\/vocesdelacomuna15.com.ar\/wp-content\/uploads\/2023\/11\/afp.jpg","datePublished":"2023-11-02T20:33:30+00:00","dateModified":"2023-11-02T20:34:51+00:00","description":"Voces de la Comuna 15","breadcrumb":{"@id":"https:\/\/vocesdelacomuna15.com.ar\/press\/historias-desobedientes-repudio-la-formula-milei-villarruel\/#breadcrumb"},"inLanguage":"es-AR","potentialAction":[{"@type":"ReadAction","target":["https:\/\/vocesdelacomuna15.com.ar\/press\/historias-desobedientes-repudio-la-formula-milei-villarruel\/"]}]},{"@type":"ImageObject","inLanguage":"es-AR","@id":"https:\/\/vocesdelacomuna15.com.ar\/press\/historias-desobedientes-repudio-la-formula-milei-villarruel\/#primaryimage","url":"https:\/\/vocesdelacomuna15.com.ar\/wp-content\/uploads\/2023\/11\/afp.jpg","contentUrl":"https:\/\/vocesdelacomuna15.com.ar\/wp-content\/uploads\/2023\/11\/afp.jpg","width":960,"height":640},{"@type":"BreadcrumbList","@id":"https:\/\/vocesdelacomuna15.com.ar\/press\/historias-desobedientes-repudio-la-formula-milei-villarruel\/#breadcrumb","itemListElement":[{"@type":"ListItem","position":1,"name":"Inicio","item":"https:\/\/vocesdelacomuna15.com.ar\/press\/"},{"@type":"ListItem","position":2,"name":"Historias Desobedientes repudi\u00f3 la f\u00f3rmula Milei-Villarruel"}]},{"@type":"WebSite","@id":"https:\/\/vocesdelacomuna15.com.ar\/press\/#website","url":"https:\/\/vocesdelacomuna15.com.ar\/press\/","name":"Voces de la Comuna 15","description":"Sitio web de noticias","publisher":{"@id":"https:\/\/vocesdelacomuna15.com.ar\/press\/#organization"},"potentialAction":[{"@type":"SearchAction","target":{"@type":"EntryPoint","urlTemplate":"https:\/\/vocesdelacomuna15.com.ar\/press\/?s={search_term_string}"},"query-input":{"@type":"PropertyValueSpecification","valueRequired":true,"valueName":"search_term_string"}}],"inLanguage":"es-AR"},{"@type":"Organization","@id":"https:\/\/vocesdelacomuna15.com.ar\/press\/#organization","name":"Voces de la Comuna 15","url":"https:\/\/vocesdelacomuna15.com.ar\/press\/","logo":{"@type":"ImageObject","inLanguage":"es-AR","@id":"https:\/\/vocesdelacomuna15.com.ar\/press\/#\/schema\/logo\/image\/","url":"https:\/\/vocesdelacomuna15.com.ar\/wp-content\/uploads\/2024\/12\/cropped-logo_voces.jpg","contentUrl":"https:\/\/vocesdelacomuna15.com.ar\/wp-content\/uploads\/2024\/12\/cropped-logo_voces.jpg","width":512,"height":512,"caption":"Voces de la Comuna 15"},"image":{"@id":"https:\/\/vocesdelacomuna15.com.ar\/press\/#\/schema\/logo\/image\/"},"sameAs":["https:\/\/www.facebook.com\/VocesComuna15\/","https:\/\/x.com\/vocescomuna15"]},{"@type":"Person","@id":"https:\/\/vocesdelacomuna15.com.ar\/press\/#\/schema\/person\/4739e109db25d799cd3d139eeb509e43","name":"Federico Arguto","image":{"@type":"ImageObject","inLanguage":"es-AR","@id":"https:\/\/vocesdelacomuna15.com.ar\/wp-content\/litespeed\/avatar\/82faf979976f1bae889b8b71f8a0a7e5.jpg?ver=1777419741","url":"https:\/\/vocesdelacomuna15.com.ar\/wp-content\/litespeed\/avatar\/82faf979976f1bae889b8b71f8a0a7e5.jpg?ver=1777419741","contentUrl":"https:\/\/vocesdelacomuna15.com.ar\/wp-content\/litespeed\/avatar\/82faf979976f1bae889b8b71f8a0a7e5.jpg?ver=1777419741","caption":"Federico Arguto"},"url":"https:\/\/vocesdelacomuna15.com.ar\/press\/author\/fede\/"}]}},"_links":{"self":[{"href":"https:\/\/vocesdelacomuna15.com.ar\/press\/wp-json\/wp\/v2\/posts\/61864","targetHints":{"allow":["GET"]}}],"collection":[{"href":"https:\/\/vocesdelacomuna15.com.ar\/press\/wp-json\/wp\/v2\/posts"}],"about":[{"href":"https:\/\/vocesdelacomuna15.com.ar\/press\/wp-json\/wp\/v2\/types\/post"}],"author":[{"embeddable":true,"href":"https:\/\/vocesdelacomuna15.com.ar\/press\/wp-json\/wp\/v2\/users\/2"}],"replies":[{"embeddable":true,"href":"https:\/\/vocesdelacomuna15.com.ar\/press\/wp-json\/wp\/v2\/comments?post=61864"}],"version-history":[{"count":3,"href":"https:\/\/vocesdelacomuna15.com.ar\/press\/wp-json\/wp\/v2\/posts\/61864\/revisions"}],"predecessor-version":[{"id":61868,"href":"https:\/\/vocesdelacomuna15.com.ar\/press\/wp-json\/wp\/v2\/posts\/61864\/revisions\/61868"}],"wp:featuredmedia":[{"embeddable":true,"href":"https:\/\/vocesdelacomuna15.com.ar\/press\/wp-json\/wp\/v2\/media\/61865"}],"wp:attachment":[{"href":"https:\/\/vocesdelacomuna15.com.ar\/press\/wp-json\/wp\/v2\/media?parent=61864"}],"wp:term":[{"taxonomy":"category","embeddable":true,"href":"https:\/\/vocesdelacomuna15.com.ar\/press\/wp-json\/wp\/v2\/categories?post=61864"},{"taxonomy":"post_tag","embeddable":true,"href":"https:\/\/vocesdelacomuna15.com.ar\/press\/wp-json\/wp\/v2\/tags?post=61864"}],"curies":[{"name":"wp","href":"https:\/\/api.w.org\/{rel}","templated":true}]}}