{"id":61861,"date":"2023-11-02T17:05:47","date_gmt":"2023-11-02T20:05:47","guid":{"rendered":"https:\/\/vocesdelacomuna15.com.ar\/?p=61861"},"modified":"2023-11-02T17:05:48","modified_gmt":"2023-11-02T20:05:48","slug":"debate-presidencial-establecieron-las-pautas-para-el-cara-a-cara-entre-sergio-massa-y-javier-milei","status":"publish","type":"post","link":"https:\/\/vocesdelacomuna15.com.ar\/press\/debate-presidencial-establecieron-las-pautas-para-el-cara-a-cara-entre-sergio-massa-y-javier-milei\/","title":{"rendered":"Debate presidencial: establecieron las pautas para el cara a cara entre Sergio Massa y Javier Milei"},"content":{"rendered":"\n<p>Fuente: Diario Popular<\/p>\n\n\n\n<p>Link a nota original: <a href=\"https:\/\/www.diariopopular.com.ar\/politica\/debate-presidencial-establecieron-las-pautas-el-cara-cara-sergio-massa-y-javier-milei-n752060\">https:\/\/www.diariopopular.com.ar\/politica\/debate-presidencial-establecieron-las-pautas-el-cara-cara-sergio-massa-y-javier-milei-n752060<\/a><\/p>\n\n\n\n<p>La C\u00e1mara Nacional Electoral (CNE) estableci\u00f3 este mi\u00e9rcoles que en el <a href=\"https:\/\/www.diariopopular.com.ar\/politica\/balotaje-sortean-los-temas-del-proximo-debate-presidencial-n752029\" target=\"_blank\" rel=\"noreferrer noopener\">debate presidencial que se desarrollar\u00e1 el domingo 12 de noviembre<\/a>, es decir, una semana antes del balotaje, <strong>los candidatos presidenciales de Uni\u00f3n por la Patria (UxP), Sergio Massa, y de La Libertad Avanza (LLA), Javier Milei, no podr\u00e1n leer apuntes<\/strong> ni disponer de &#8220;ayuda memoria&#8221; en sus respectivos atriles, pero s\u00ed tendr\u00e1n la posibilidad de moverse cuando hagan uso de la palabra y habr\u00e1 mayor intercambio entre los postulantes, entre otras pautas.De acuerdo con las reglas acordadas, ambos postulantes contar\u00e1n con un minuto inicial de presentaci\u00f3n y dos minutos finales para brindar sus conclusiones al cierre del debate, que se estipula durar\u00e1 1 hora y 50 minutos.<\/p>\n\n\n\n<p>En el sorteo p\u00fablico que se realiz\u00f3 este mi\u00e9rcoles en la sede de la CNE se determin\u00f3 que el primero en presentarse ser\u00e1 Massa y, luego tendr\u00e1 su minuto de presentaci\u00f3n Milei. En cuanto a las ubicaciones, <strong>en el atril de la izquierda<\/strong> (desde la vista del televidente) <strong>estar\u00e1 el candidato libertario<\/strong>, mientras que en el de la derecha se ubicar\u00e1 el postulante de UxP.<\/p>\n\n\n\n<p>Seg\u00fan se detall\u00f3, luego de la presentaci\u00f3n inicial de cada uno, el debate estar\u00e1 distribuido en dos bloques, en los que los postulantes de cada fuerza abordar\u00e1n los seis ejes tem\u00e1ticos ya definidos. En el <strong>primero se tratar\u00e1n los temas &#8220;Econom\u00eda&#8221;, &#8220;Relaciones de Argentina con el mundo&#8221; y &#8220;Educaci\u00f3n y Salud&#8221;<\/strong>; mientras que en el <strong>segundo segmento se abordar\u00e1n los ejes &#8220;Producci\u00f3n y Trabajo&#8221;, &#8220;Seguridad&#8221; y &#8220;Derechos Humanos y Convivencia Democr\u00e1tica&#8221;<\/strong>.<\/p>\n\n\n\n<p><strong>Cada tema tendr\u00e1 una duraci\u00f3n de 12 minutos<\/strong>, donde cada candidato contar\u00e1 con seis minutos totales para administrar a su elecci\u00f3n, siendo el tiempo m\u00e1ximo de extensi\u00f3n dos minutos corridos. Cuando uno de ellos termina de hablar, autom\u00e1ticamente tendr\u00e1 la palabra su contrincante.<\/p>\n\n\n\n<p>Los moderadores solo intervendr\u00e1n si alguno de los dos postulantes habla m\u00e1s de dos minutos seguidos para favorecer el dinamismo e intercambio. <strong>En el tercer y \u00faltimo bloque del debate cada candidato presidencial tendr\u00e1 dos minutos para cerrar su participaci\u00f3n<\/strong>, exposici\u00f3n final que seg\u00fan el sorteo realizado comenzar\u00e1 Massa y concluir\u00e1 Milei.<\/p>\n\n\n\n<p>Otra novedad es que en esta ocasi\u00f3n <strong>Massa y Milei podr\u00e1n moverse en una zona determinada mientras est\u00e9n en uso de la palabra<\/strong>, no tendr\u00e1n que permanecer inm\u00f3viles en sus atriles como en los dos debates precedentes.<\/p>\n\n\n\n<h2 class=\"wp-block-heading\"><strong>Qui\u00e9nes estuvieron presentes en el sorteo<\/strong><\/h2>\n\n\n\n<p>Durante la conferencia de prensa brindada esta ma\u00f1ana en la sede de la CNE ubicada en la avenida Leandro N. Alem 232 del centro porte\u00f1o, estuvieron los camaristas electorales <strong>Alberto Dalla Via, Santiago Corcuera y Daniel Bejas<\/strong> y los representantes de los equipos de campa\u00f1a de ambos candidatos.<\/p>\n\n\n\n<p>Por parte de Massa estuvieron el vicejefe de Gabinete de la Naci\u00f3n e integrante del equipo de campa\u00f1a de UxP, <strong>Juan Manuel Olmos<\/strong>, y el asesor en comunicaci\u00f3n, <strong>Santiago Garc\u00eda V\u00e1zquez<\/strong>; y por Milei, firmaron el acuerdo su hermana <strong>Karina MileI<\/strong>, y el apoderado de LLA, <strong>Santiago Viola<\/strong>.<\/p>\n\n\n\n<p>Respecto a puntos de divergencia entre ambos equipos de campa\u00f1a, Olmos detall\u00f3 en declaraciones a FM La Patriada, al finalizar el encuentro en la CNE, que se &#8220;debati\u00f3 mucho, pero en buenos t\u00e9rminos&#8221; y que si bien &#8220;no hubo ning\u00fan tipo de conflicto&#8221;, al no llegar a un acuerdo en esos puntos -y como indica la normativa- fue la CNE la que defini\u00f3.<\/p>\n\n\n\n<p>Por un lado, se trat\u00f3 de una &#8220;cuesti\u00f3n t\u00e9cnica menor&#8221; de ubicaci\u00f3n de c\u00e1maras, tema en el que el tribunal resolvi\u00f3 que &#8220;se mantuvieran c\u00e1maras fijas siguiendo a los candidatos&#8221;, explic\u00f3 Olmos. <strong>El otro punto de desacuerdo entre los equipos de campa\u00f1a de Massa y Milei fue la posibilidad de que los candidatos tuvieran o no apuntes<\/strong> o papeles escritos durante el debate.<\/p>\n\n\n\n<p><strong>La CNE finalmente estableci\u00f3 que los contrincantes no podr\u00e1n tener textos o apuntes escritos<\/strong> con anterioridad durante su participaci\u00f3n en el debate -como ped\u00eda el equipo de UxP en oposici\u00f3n al equipo libertario-, y s\u00f3lo se les permitir\u00e1 disponer de hojas en blanco y lapicera para tomar notas en el momento si as\u00ed lo desearan.<\/p>\n\n\n\n<p>&#8220;Nosotros planteamos que los candidatos ten\u00edan que ser espont\u00e1neos, sin la posibilidad de tener sus ideas escritas o que se las escriban otros. Ellos (LLA) plantearon la necesidad de continuar con la posibilidad de llevar apuntes y no es un problema del apunte en s\u00ed, sino de qui\u00e9n lo confecciona, eso hace a una situaci\u00f3n de coacheo o predictado&#8221;, argument\u00f3 Olmos.<\/p>\n\n\n\n<p>Al respecto, agreg\u00f3: &#8220;<strong>Queremos que cada candidato exprese sus ideas, no las de otros<\/strong>. En este caso, que Milei exprese realmente lo que piensa, no moderado ni no moderado, coacheado o no coacheado&#8221;. En este sentido, el representante del equipo de campa\u00f1a de Massa remarc\u00f3 la relevancia del debate presidencial previo al balotaje: &#8220;Estamos ante la situaci\u00f3n de definir al presidente de la Naci\u00f3n Argentina por los pr\u00f3ximos cuatro a\u00f1os y nos parece muy importante que expresen directamente sus ideas. La C\u00e1mara lo recepcion\u00f3 y as\u00ed lo resolvi\u00f3&#8221;.<\/p>\n\n\n\n<p>El debate, de car\u00e1cter obligatorio por ley, <strong>se desarrollar\u00e1 el domingo 12 de noviembre a las 21 en la Facultad de Derecho de la Universidad de Buenos Aires (UBA)<\/strong>, exactamente una semana antes del balotaje que definir\u00e1 qui\u00e9n ser\u00e1 el nuevo Oresidente a partir del 10 de diciembre.<\/p>\n\n\n\n<p>El C\u00f3digo Electoral Nacional establece que, &#8220;en caso de que la elecci\u00f3n presidencial se decida a trav\u00e9s del procedimiento de balotaje, se realizar\u00e1 un debate adicional, con los candidatos que accedan a la elecci\u00f3n definitoria, el que tendr\u00e1 lugar dentro de los 10 d\u00edas anteriores a la fecha de la elecci\u00f3n&#8221;.<\/p>\n<div class=\"pvc_clear\"><\/div><p id=\"pvc_stats_61861\" class=\"pvc_stats all  \" data-element-id=\"61861\" style=\"\"><i class=\"pvc-stats-icon small\" aria-hidden=\"true\"><svg aria-hidden=\"true\" focusable=\"false\" data-prefix=\"far\" data-icon=\"chart-bar\" role=\"img\" xmlns=\"http:\/\/www.w3.org\/2000\/svg\" viewBox=\"0 0 512 512\" class=\"svg-inline--fa fa-chart-bar fa-w-16 fa-2x\"><path fill=\"currentColor\" d=\"M396.8 352h22.4c6.4 0 12.8-6.4 12.8-12.8V108.8c0-6.4-6.4-12.8-12.8-12.8h-22.4c-6.4 0-12.8 6.4-12.8 12.8v230.4c0 6.4 6.4 12.8 12.8 12.8zm-192 0h22.4c6.4 0 12.8-6.4 12.8-12.8V140.8c0-6.4-6.4-12.8-12.8-12.8h-22.4c-6.4 0-12.8 6.4-12.8 12.8v198.4c0 6.4 6.4 12.8 12.8 12.8zm96 0h22.4c6.4 0 12.8-6.4 12.8-12.8V204.8c0-6.4-6.4-12.8-12.8-12.8h-22.4c-6.4 0-12.8 6.4-12.8 12.8v134.4c0 6.4 6.4 12.8 12.8 12.8zM496 400H48V80c0-8.84-7.16-16-16-16H16C7.16 64 0 71.16 0 80v336c0 17.67 14.33 32 32 32h464c8.84 0 16-7.16 16-16v-16c0-8.84-7.16-16-16-16zm-387.2-48h22.4c6.4 0 12.8-6.4 12.8-12.8v-70.4c0-6.4-6.4-12.8-12.8-12.8h-22.4c-6.4 0-12.8 6.4-12.8 12.8v70.4c0 6.4 6.4 12.8 12.8 12.8z\" class=\"\"><\/path><\/svg><\/i> <img loading=\"lazy\" decoding=\"async\" width=\"16\" height=\"16\" alt=\"Loading\" src=\"https:\/\/vocesdelacomuna15.com.ar\/wp-content\/plugins\/page-views-count\/ajax-loader-2x.gif\" border=0 \/><\/p><div class=\"pvc_clear\"><\/div>","protected":false},"excerpt":{"rendered":"<p>Fuente: Diario Popular Link a nota original: https:\/\/www.diariopopular.com.ar\/politica\/debate-presidencial-establecieron-las-pautas-el-cara-cara-sergio-massa-y-javier-milei-n752060 La C\u00e1mara Nacional Electoral (CNE) estableci\u00f3 este mi\u00e9rcoles que en el debate presidencial que se desarrollar\u00e1 el domingo 12 de noviembre, es decir, una semana antes del balotaje, los candidatos presidenciales de Uni\u00f3n por la Patria (UxP), Sergio Massa, y de La Libertad Avanza (LLA), Javier Milei, [&hellip;]<\/p>\n<div class=\"pvc_clear\"><\/div>\n<p id=\"pvc_stats_61861\" class=\"pvc_stats all  \" data-element-id=\"61861\" style=\"\"><i class=\"pvc-stats-icon small\" aria-hidden=\"true\"><svg aria-hidden=\"true\" focusable=\"false\" data-prefix=\"far\" data-icon=\"chart-bar\" role=\"img\" xmlns=\"http:\/\/www.w3.org\/2000\/svg\" viewBox=\"0 0 512 512\" class=\"svg-inline--fa fa-chart-bar fa-w-16 fa-2x\"><path fill=\"currentColor\" d=\"M396.8 352h22.4c6.4 0 12.8-6.4 12.8-12.8V108.8c0-6.4-6.4-12.8-12.8-12.8h-22.4c-6.4 0-12.8 6.4-12.8 12.8v230.4c0 6.4 6.4 12.8 12.8 12.8zm-192 0h22.4c6.4 0 12.8-6.4 12.8-12.8V140.8c0-6.4-6.4-12.8-12.8-12.8h-22.4c-6.4 0-12.8 6.4-12.8 12.8v198.4c0 6.4 6.4 12.8 12.8 12.8zm96 0h22.4c6.4 0 12.8-6.4 12.8-12.8V204.8c0-6.4-6.4-12.8-12.8-12.8h-22.4c-6.4 0-12.8 6.4-12.8 12.8v134.4c0 6.4 6.4 12.8 12.8 12.8zM496 400H48V80c0-8.84-7.16-16-16-16H16C7.16 64 0 71.16 0 80v336c0 17.67 14.33 32 32 32h464c8.84 0 16-7.16 16-16v-16c0-8.84-7.16-16-16-16zm-387.2-48h22.4c6.4 0 12.8-6.4 12.8-12.8v-70.4c0-6.4-6.4-12.8-12.8-12.8h-22.4c-6.4 0-12.8 6.4-12.8 12.8v70.4c0 6.4 6.4 12.8 12.8 12.8z\" class=\"\"><\/path><\/svg><\/i> <img loading=\"lazy\" decoding=\"async\" width=\"16\" height=\"16\" alt=\"Loading\" src=\"https:\/\/vocesdelacomuna15.com.ar\/wp-content\/plugins\/page-views-count\/ajax-loader-2x.gif\" border=0 \/><\/p>\n<div class=\"pvc_clear\"><\/div>\n","protected":false},"author":2,"featured_media":61862,"comment_status":"open","ping_status":"open","sticky":false,"template":"","format":"standard","meta":{"_et_pb_use_builder":"off","_et_pb_old_content":"","_et_gb_content_width":"","footnotes":""},"categories":[31],"tags":[],"class_list":["post-61861","post","type-post","status-publish","format-standard","has-post-thumbnail","hentry","category-politica","et-has-post-format-content","et_post_format-et-post-format-standard"],"a3_pvc":{"activated":true,"total_views":62,"today_views":0},"yoast_head":"<!-- This site is optimized with the Yoast SEO plugin v27.5 - https:\/\/yoast.com\/product\/yoast-seo-wordpress\/ -->\n<title>Debate presidencial: establecieron las pautas para el cara a cara entre Sergio Massa y Javier Milei - Voces de la Comuna 15<\/title>\n<meta name=\"description\" content=\"Voces de la Comuna 15\" \/>\n<meta name=\"robots\" content=\"index, follow, max-snippet:-1, max-image-preview:large, max-video-preview:-1\" \/>\n<link rel=\"canonical\" href=\"https:\/\/vocesdelacomuna15.com.ar\/press\/debate-presidencial-establecieron-las-pautas-para-el-cara-a-cara-entre-sergio-massa-y-javier-milei\/\" \/>\n<meta property=\"og:locale\" content=\"es_ES\" \/>\n<meta property=\"og:type\" content=\"article\" \/>\n<meta property=\"og:title\" content=\"Debate presidencial: establecieron las pautas para el cara a cara entre Sergio Massa y Javier Milei - Voces de la Comuna 15\" \/>\n<meta property=\"og:description\" content=\"Voces de la Comuna 15\" \/>\n<meta property=\"og:url\" content=\"https:\/\/vocesdelacomuna15.com.ar\/press\/debate-presidencial-establecieron-las-pautas-para-el-cara-a-cara-entre-sergio-massa-y-javier-milei\/\" \/>\n<meta property=\"og:site_name\" content=\"Voces de la Comuna 15\" \/>\n<meta property=\"article:publisher\" content=\"https:\/\/www.facebook.com\/VocesComuna15\/\" \/>\n<meta property=\"article:published_time\" content=\"2023-11-02T20:05:47+00:00\" \/>\n<meta property=\"article:modified_time\" content=\"2023-11-02T20:05:48+00:00\" \/>\n<meta property=\"og:image\" content=\"https:\/\/vocesdelacomuna15.com.ar\/wp-content\/uploads\/2023\/11\/sergio-massa-javier-milei-debate-presidencialjpg.jpg\" \/>\n\t<meta property=\"og:image:width\" content=\"1140\" \/>\n\t<meta property=\"og:image:height\" content=\"641\" \/>\n\t<meta property=\"og:image:type\" content=\"image\/jpeg\" \/>\n<meta name=\"author\" content=\"Federico Arguto\" \/>\n<meta name=\"twitter:card\" content=\"summary_large_image\" \/>\n<meta name=\"twitter:creator\" content=\"@vocescomuna15\" \/>\n<meta name=\"twitter:site\" content=\"@vocescomuna15\" \/>\n<meta name=\"twitter:label1\" content=\"Escrito por\" \/>\n\t<meta name=\"twitter:data1\" content=\"Federico Arguto\" \/>\n\t<meta name=\"twitter:label2\" content=\"Tiempo de lectura\" \/>\n\t<meta name=\"twitter:data2\" content=\"5 minutos\" \/>\n<script type=\"application\/ld+json\" class=\"yoast-schema-graph\">{\"@context\":\"https:\\\/\\\/schema.org\",\"@graph\":[{\"@type\":\"Article\",\"@id\":\"https:\\\/\\\/vocesdelacomuna15.com.ar\\\/press\\\/debate-presidencial-establecieron-las-pautas-para-el-cara-a-cara-entre-sergio-massa-y-javier-milei\\\/#article\",\"isPartOf\":{\"@id\":\"https:\\\/\\\/vocesdelacomuna15.com.ar\\\/press\\\/debate-presidencial-establecieron-las-pautas-para-el-cara-a-cara-entre-sergio-massa-y-javier-milei\\\/\"},\"author\":{\"name\":\"Federico Arguto\",\"@id\":\"https:\\\/\\\/vocesdelacomuna15.com.ar\\\/press\\\/#\\\/schema\\\/person\\\/4739e109db25d799cd3d139eeb509e43\"},\"headline\":\"Debate presidencial: establecieron las pautas para el cara a cara entre Sergio Massa y Javier Milei\",\"datePublished\":\"2023-11-02T20:05:47+00:00\",\"dateModified\":\"2023-11-02T20:05:48+00:00\",\"mainEntityOfPage\":{\"@id\":\"https:\\\/\\\/vocesdelacomuna15.com.ar\\\/press\\\/debate-presidencial-establecieron-las-pautas-para-el-cara-a-cara-entre-sergio-massa-y-javier-milei\\\/\"},\"wordCount\":1015,\"commentCount\":0,\"publisher\":{\"@id\":\"https:\\\/\\\/vocesdelacomuna15.com.ar\\\/press\\\/#organization\"},\"image\":{\"@id\":\"https:\\\/\\\/vocesdelacomuna15.com.ar\\\/press\\\/debate-presidencial-establecieron-las-pautas-para-el-cara-a-cara-entre-sergio-massa-y-javier-milei\\\/#primaryimage\"},\"thumbnailUrl\":\"https:\\\/\\\/vocesdelacomuna15.com.ar\\\/wp-content\\\/uploads\\\/2023\\\/11\\\/sergio-massa-javier-milei-debate-presidencialjpg.jpg\",\"articleSection\":[\"Pol\u00edtica\"],\"inLanguage\":\"es-AR\",\"potentialAction\":[{\"@type\":\"CommentAction\",\"name\":\"Comment\",\"target\":[\"https:\\\/\\\/vocesdelacomuna15.com.ar\\\/press\\\/debate-presidencial-establecieron-las-pautas-para-el-cara-a-cara-entre-sergio-massa-y-javier-milei\\\/#respond\"]}]},{\"@type\":\"WebPage\",\"@id\":\"https:\\\/\\\/vocesdelacomuna15.com.ar\\\/press\\\/debate-presidencial-establecieron-las-pautas-para-el-cara-a-cara-entre-sergio-massa-y-javier-milei\\\/\",\"url\":\"https:\\\/\\\/vocesdelacomuna15.com.ar\\\/press\\\/debate-presidencial-establecieron-las-pautas-para-el-cara-a-cara-entre-sergio-massa-y-javier-milei\\\/\",\"name\":\"Debate presidencial: establecieron las pautas para el cara a cara entre Sergio Massa y Javier Milei - Voces de la Comuna 15\",\"isPartOf\":{\"@id\":\"https:\\\/\\\/vocesdelacomuna15.com.ar\\\/press\\\/#website\"},\"primaryImageOfPage\":{\"@id\":\"https:\\\/\\\/vocesdelacomuna15.com.ar\\\/press\\\/debate-presidencial-establecieron-las-pautas-para-el-cara-a-cara-entre-sergio-massa-y-javier-milei\\\/#primaryimage\"},\"image\":{\"@id\":\"https:\\\/\\\/vocesdelacomuna15.com.ar\\\/press\\\/debate-presidencial-establecieron-las-pautas-para-el-cara-a-cara-entre-sergio-massa-y-javier-milei\\\/#primaryimage\"},\"thumbnailUrl\":\"https:\\\/\\\/vocesdelacomuna15.com.ar\\\/wp-content\\\/uploads\\\/2023\\\/11\\\/sergio-massa-javier-milei-debate-presidencialjpg.jpg\",\"datePublished\":\"2023-11-02T20:05:47+00:00\",\"dateModified\":\"2023-11-02T20:05:48+00:00\",\"description\":\"Voces de la Comuna 15\",\"breadcrumb\":{\"@id\":\"https:\\\/\\\/vocesdelacomuna15.com.ar\\\/press\\\/debate-presidencial-establecieron-las-pautas-para-el-cara-a-cara-entre-sergio-massa-y-javier-milei\\\/#breadcrumb\"},\"inLanguage\":\"es-AR\",\"potentialAction\":[{\"@type\":\"ReadAction\",\"target\":[\"https:\\\/\\\/vocesdelacomuna15.com.ar\\\/press\\\/debate-presidencial-establecieron-las-pautas-para-el-cara-a-cara-entre-sergio-massa-y-javier-milei\\\/\"]}]},{\"@type\":\"ImageObject\",\"inLanguage\":\"es-AR\",\"@id\":\"https:\\\/\\\/vocesdelacomuna15.com.ar\\\/press\\\/debate-presidencial-establecieron-las-pautas-para-el-cara-a-cara-entre-sergio-massa-y-javier-milei\\\/#primaryimage\",\"url\":\"https:\\\/\\\/vocesdelacomuna15.com.ar\\\/wp-content\\\/uploads\\\/2023\\\/11\\\/sergio-massa-javier-milei-debate-presidencialjpg.jpg\",\"contentUrl\":\"https:\\\/\\\/vocesdelacomuna15.com.ar\\\/wp-content\\\/uploads\\\/2023\\\/11\\\/sergio-massa-javier-milei-debate-presidencialjpg.jpg\",\"width\":1140,\"height\":641},{\"@type\":\"BreadcrumbList\",\"@id\":\"https:\\\/\\\/vocesdelacomuna15.com.ar\\\/press\\\/debate-presidencial-establecieron-las-pautas-para-el-cara-a-cara-entre-sergio-massa-y-javier-milei\\\/#breadcrumb\",\"itemListElement\":[{\"@type\":\"ListItem\",\"position\":1,\"name\":\"Inicio\",\"item\":\"https:\\\/\\\/vocesdelacomuna15.com.ar\\\/press\\\/\"},{\"@type\":\"ListItem\",\"position\":2,\"name\":\"Debate presidencial: establecieron las pautas para el cara a cara entre Sergio Massa y Javier Milei\"}]},{\"@type\":\"WebSite\",\"@id\":\"https:\\\/\\\/vocesdelacomuna15.com.ar\\\/press\\\/#website\",\"url\":\"https:\\\/\\\/vocesdelacomuna15.com.ar\\\/press\\\/\",\"name\":\"Voces de la Comuna 15\",\"description\":\"Sitio web de noticias\",\"publisher\":{\"@id\":\"https:\\\/\\\/vocesdelacomuna15.com.ar\\\/press\\\/#organization\"},\"potentialAction\":[{\"@type\":\"SearchAction\",\"target\":{\"@type\":\"EntryPoint\",\"urlTemplate\":\"https:\\\/\\\/vocesdelacomuna15.com.ar\\\/press\\\/?s={search_term_string}\"},\"query-input\":{\"@type\":\"PropertyValueSpecification\",\"valueRequired\":true,\"valueName\":\"search_term_string\"}}],\"inLanguage\":\"es-AR\"},{\"@type\":\"Organization\",\"@id\":\"https:\\\/\\\/vocesdelacomuna15.com.ar\\\/press\\\/#organization\",\"name\":\"Voces de la Comuna 15\",\"url\":\"https:\\\/\\\/vocesdelacomuna15.com.ar\\\/press\\\/\",\"logo\":{\"@type\":\"ImageObject\",\"inLanguage\":\"es-AR\",\"@id\":\"https:\\\/\\\/vocesdelacomuna15.com.ar\\\/press\\\/#\\\/schema\\\/logo\\\/image\\\/\",\"url\":\"https:\\\/\\\/vocesdelacomuna15.com.ar\\\/wp-content\\\/uploads\\\/2024\\\/12\\\/cropped-logo_voces.jpg\",\"contentUrl\":\"https:\\\/\\\/vocesdelacomuna15.com.ar\\\/wp-content\\\/uploads\\\/2024\\\/12\\\/cropped-logo_voces.jpg\",\"width\":512,\"height\":512,\"caption\":\"Voces de la Comuna 15\"},\"image\":{\"@id\":\"https:\\\/\\\/vocesdelacomuna15.com.ar\\\/press\\\/#\\\/schema\\\/logo\\\/image\\\/\"},\"sameAs\":[\"https:\\\/\\\/www.facebook.com\\\/VocesComuna15\\\/\",\"https:\\\/\\\/x.com\\\/vocescomuna15\"]},{\"@type\":\"Person\",\"@id\":\"https:\\\/\\\/vocesdelacomuna15.com.ar\\\/press\\\/#\\\/schema\\\/person\\\/4739e109db25d799cd3d139eeb509e43\",\"name\":\"Federico Arguto\",\"image\":{\"@type\":\"ImageObject\",\"inLanguage\":\"es-AR\",\"@id\":\"https:\\\/\\\/vocesdelacomuna15.com.ar\\\/wp-content\\\/litespeed\\\/avatar\\\/82faf979976f1bae889b8b71f8a0a7e5.jpg?ver=1776814847\",\"url\":\"https:\\\/\\\/vocesdelacomuna15.com.ar\\\/wp-content\\\/litespeed\\\/avatar\\\/82faf979976f1bae889b8b71f8a0a7e5.jpg?ver=1776814847\",\"contentUrl\":\"https:\\\/\\\/vocesdelacomuna15.com.ar\\\/wp-content\\\/litespeed\\\/avatar\\\/82faf979976f1bae889b8b71f8a0a7e5.jpg?ver=1776814847\",\"caption\":\"Federico Arguto\"},\"url\":\"https:\\\/\\\/vocesdelacomuna15.com.ar\\\/press\\\/author\\\/fede\\\/\"}]}<\/script>\n<!-- \/ Yoast SEO plugin. -->","yoast_head_json":{"title":"Debate presidencial: establecieron las pautas para el cara a cara entre Sergio Massa y Javier Milei - Voces de la Comuna 15","description":"Voces de la Comuna 15","robots":{"index":"index","follow":"follow","max-snippet":"max-snippet:-1","max-image-preview":"max-image-preview:large","max-video-preview":"max-video-preview:-1"},"canonical":"https:\/\/vocesdelacomuna15.com.ar\/press\/debate-presidencial-establecieron-las-pautas-para-el-cara-a-cara-entre-sergio-massa-y-javier-milei\/","og_locale":"es_ES","og_type":"article","og_title":"Debate presidencial: establecieron las pautas para el cara a cara entre Sergio Massa y Javier Milei - Voces de la Comuna 15","og_description":"Voces de la Comuna 15","og_url":"https:\/\/vocesdelacomuna15.com.ar\/press\/debate-presidencial-establecieron-las-pautas-para-el-cara-a-cara-entre-sergio-massa-y-javier-milei\/","og_site_name":"Voces de la Comuna 15","article_publisher":"https:\/\/www.facebook.com\/VocesComuna15\/","article_published_time":"2023-11-02T20:05:47+00:00","article_modified_time":"2023-11-02T20:05:48+00:00","og_image":[{"width":1140,"height":641,"url":"https:\/\/vocesdelacomuna15.com.ar\/wp-content\/uploads\/2023\/11\/sergio-massa-javier-milei-debate-presidencialjpg.jpg","type":"image\/jpeg"}],"author":"Federico Arguto","twitter_card":"summary_large_image","twitter_creator":"@vocescomuna15","twitter_site":"@vocescomuna15","twitter_misc":{"Escrito por":"Federico Arguto","Tiempo de lectura":"5 minutos"},"schema":{"@context":"https:\/\/schema.org","@graph":[{"@type":"Article","@id":"https:\/\/vocesdelacomuna15.com.ar\/press\/debate-presidencial-establecieron-las-pautas-para-el-cara-a-cara-entre-sergio-massa-y-javier-milei\/#article","isPartOf":{"@id":"https:\/\/vocesdelacomuna15.com.ar\/press\/debate-presidencial-establecieron-las-pautas-para-el-cara-a-cara-entre-sergio-massa-y-javier-milei\/"},"author":{"name":"Federico Arguto","@id":"https:\/\/vocesdelacomuna15.com.ar\/press\/#\/schema\/person\/4739e109db25d799cd3d139eeb509e43"},"headline":"Debate presidencial: establecieron las pautas para el cara a cara entre Sergio Massa y Javier Milei","datePublished":"2023-11-02T20:05:47+00:00","dateModified":"2023-11-02T20:05:48+00:00","mainEntityOfPage":{"@id":"https:\/\/vocesdelacomuna15.com.ar\/press\/debate-presidencial-establecieron-las-pautas-para-el-cara-a-cara-entre-sergio-massa-y-javier-milei\/"},"wordCount":1015,"commentCount":0,"publisher":{"@id":"https:\/\/vocesdelacomuna15.com.ar\/press\/#organization"},"image":{"@id":"https:\/\/vocesdelacomuna15.com.ar\/press\/debate-presidencial-establecieron-las-pautas-para-el-cara-a-cara-entre-sergio-massa-y-javier-milei\/#primaryimage"},"thumbnailUrl":"https:\/\/vocesdelacomuna15.com.ar\/wp-content\/uploads\/2023\/11\/sergio-massa-javier-milei-debate-presidencialjpg.jpg","articleSection":["Pol\u00edtica"],"inLanguage":"es-AR","potentialAction":[{"@type":"CommentAction","name":"Comment","target":["https:\/\/vocesdelacomuna15.com.ar\/press\/debate-presidencial-establecieron-las-pautas-para-el-cara-a-cara-entre-sergio-massa-y-javier-milei\/#respond"]}]},{"@type":"WebPage","@id":"https:\/\/vocesdelacomuna15.com.ar\/press\/debate-presidencial-establecieron-las-pautas-para-el-cara-a-cara-entre-sergio-massa-y-javier-milei\/","url":"https:\/\/vocesdelacomuna15.com.ar\/press\/debate-presidencial-establecieron-las-pautas-para-el-cara-a-cara-entre-sergio-massa-y-javier-milei\/","name":"Debate presidencial: establecieron las pautas para el cara a cara entre Sergio Massa y Javier Milei - Voces de la Comuna 15","isPartOf":{"@id":"https:\/\/vocesdelacomuna15.com.ar\/press\/#website"},"primaryImageOfPage":{"@id":"https:\/\/vocesdelacomuna15.com.ar\/press\/debate-presidencial-establecieron-las-pautas-para-el-cara-a-cara-entre-sergio-massa-y-javier-milei\/#primaryimage"},"image":{"@id":"https:\/\/vocesdelacomuna15.com.ar\/press\/debate-presidencial-establecieron-las-pautas-para-el-cara-a-cara-entre-sergio-massa-y-javier-milei\/#primaryimage"},"thumbnailUrl":"https:\/\/vocesdelacomuna15.com.ar\/wp-content\/uploads\/2023\/11\/sergio-massa-javier-milei-debate-presidencialjpg.jpg","datePublished":"2023-11-02T20:05:47+00:00","dateModified":"2023-11-02T20:05:48+00:00","description":"Voces de la Comuna 15","breadcrumb":{"@id":"https:\/\/vocesdelacomuna15.com.ar\/press\/debate-presidencial-establecieron-las-pautas-para-el-cara-a-cara-entre-sergio-massa-y-javier-milei\/#breadcrumb"},"inLanguage":"es-AR","potentialAction":[{"@type":"ReadAction","target":["https:\/\/vocesdelacomuna15.com.ar\/press\/debate-presidencial-establecieron-las-pautas-para-el-cara-a-cara-entre-sergio-massa-y-javier-milei\/"]}]},{"@type":"ImageObject","inLanguage":"es-AR","@id":"https:\/\/vocesdelacomuna15.com.ar\/press\/debate-presidencial-establecieron-las-pautas-para-el-cara-a-cara-entre-sergio-massa-y-javier-milei\/#primaryimage","url":"https:\/\/vocesdelacomuna15.com.ar\/wp-content\/uploads\/2023\/11\/sergio-massa-javier-milei-debate-presidencialjpg.jpg","contentUrl":"https:\/\/vocesdelacomuna15.com.ar\/wp-content\/uploads\/2023\/11\/sergio-massa-javier-milei-debate-presidencialjpg.jpg","width":1140,"height":641},{"@type":"BreadcrumbList","@id":"https:\/\/vocesdelacomuna15.com.ar\/press\/debate-presidencial-establecieron-las-pautas-para-el-cara-a-cara-entre-sergio-massa-y-javier-milei\/#breadcrumb","itemListElement":[{"@type":"ListItem","position":1,"name":"Inicio","item":"https:\/\/vocesdelacomuna15.com.ar\/press\/"},{"@type":"ListItem","position":2,"name":"Debate presidencial: establecieron las pautas para el cara a cara entre Sergio Massa y Javier Milei"}]},{"@type":"WebSite","@id":"https:\/\/vocesdelacomuna15.com.ar\/press\/#website","url":"https:\/\/vocesdelacomuna15.com.ar\/press\/","name":"Voces de la Comuna 15","description":"Sitio web de noticias","publisher":{"@id":"https:\/\/vocesdelacomuna15.com.ar\/press\/#organization"},"potentialAction":[{"@type":"SearchAction","target":{"@type":"EntryPoint","urlTemplate":"https:\/\/vocesdelacomuna15.com.ar\/press\/?s={search_term_string}"},"query-input":{"@type":"PropertyValueSpecification","valueRequired":true,"valueName":"search_term_string"}}],"inLanguage":"es-AR"},{"@type":"Organization","@id":"https:\/\/vocesdelacomuna15.com.ar\/press\/#organization","name":"Voces de la Comuna 15","url":"https:\/\/vocesdelacomuna15.com.ar\/press\/","logo":{"@type":"ImageObject","inLanguage":"es-AR","@id":"https:\/\/vocesdelacomuna15.com.ar\/press\/#\/schema\/logo\/image\/","url":"https:\/\/vocesdelacomuna15.com.ar\/wp-content\/uploads\/2024\/12\/cropped-logo_voces.jpg","contentUrl":"https:\/\/vocesdelacomuna15.com.ar\/wp-content\/uploads\/2024\/12\/cropped-logo_voces.jpg","width":512,"height":512,"caption":"Voces de la Comuna 15"},"image":{"@id":"https:\/\/vocesdelacomuna15.com.ar\/press\/#\/schema\/logo\/image\/"},"sameAs":["https:\/\/www.facebook.com\/VocesComuna15\/","https:\/\/x.com\/vocescomuna15"]},{"@type":"Person","@id":"https:\/\/vocesdelacomuna15.com.ar\/press\/#\/schema\/person\/4739e109db25d799cd3d139eeb509e43","name":"Federico Arguto","image":{"@type":"ImageObject","inLanguage":"es-AR","@id":"https:\/\/vocesdelacomuna15.com.ar\/wp-content\/litespeed\/avatar\/82faf979976f1bae889b8b71f8a0a7e5.jpg?ver=1776814847","url":"https:\/\/vocesdelacomuna15.com.ar\/wp-content\/litespeed\/avatar\/82faf979976f1bae889b8b71f8a0a7e5.jpg?ver=1776814847","contentUrl":"https:\/\/vocesdelacomuna15.com.ar\/wp-content\/litespeed\/avatar\/82faf979976f1bae889b8b71f8a0a7e5.jpg?ver=1776814847","caption":"Federico Arguto"},"url":"https:\/\/vocesdelacomuna15.com.ar\/press\/author\/fede\/"}]}},"_links":{"self":[{"href":"https:\/\/vocesdelacomuna15.com.ar\/press\/wp-json\/wp\/v2\/posts\/61861","targetHints":{"allow":["GET"]}}],"collection":[{"href":"https:\/\/vocesdelacomuna15.com.ar\/press\/wp-json\/wp\/v2\/posts"}],"about":[{"href":"https:\/\/vocesdelacomuna15.com.ar\/press\/wp-json\/wp\/v2\/types\/post"}],"author":[{"embeddable":true,"href":"https:\/\/vocesdelacomuna15.com.ar\/press\/wp-json\/wp\/v2\/users\/2"}],"replies":[{"embeddable":true,"href":"https:\/\/vocesdelacomuna15.com.ar\/press\/wp-json\/wp\/v2\/comments?post=61861"}],"version-history":[{"count":1,"href":"https:\/\/vocesdelacomuna15.com.ar\/press\/wp-json\/wp\/v2\/posts\/61861\/revisions"}],"predecessor-version":[{"id":61863,"href":"https:\/\/vocesdelacomuna15.com.ar\/press\/wp-json\/wp\/v2\/posts\/61861\/revisions\/61863"}],"wp:featuredmedia":[{"embeddable":true,"href":"https:\/\/vocesdelacomuna15.com.ar\/press\/wp-json\/wp\/v2\/media\/61862"}],"wp:attachment":[{"href":"https:\/\/vocesdelacomuna15.com.ar\/press\/wp-json\/wp\/v2\/media?parent=61861"}],"wp:term":[{"taxonomy":"category","embeddable":true,"href":"https:\/\/vocesdelacomuna15.com.ar\/press\/wp-json\/wp\/v2\/categories?post=61861"},{"taxonomy":"post_tag","embeddable":true,"href":"https:\/\/vocesdelacomuna15.com.ar\/press\/wp-json\/wp\/v2\/tags?post=61861"}],"curies":[{"name":"wp","href":"https:\/\/api.w.org\/{rel}","templated":true}]}}