{"id":61855,"date":"2023-11-02T09:31:00","date_gmt":"2023-11-02T12:31:00","guid":{"rendered":"https:\/\/vocesdelacomuna15.com.ar\/?p=61855"},"modified":"2023-11-01T21:34:35","modified_gmt":"2023-11-02T00:34:35","slug":"dia-internacional-contra-la-violencia-y-el-acoso-en-la-escuela-mas-de-la-mitad-de-los-estudiantes-aseguran-que-hay-discriminacion","status":"publish","type":"post","link":"https:\/\/vocesdelacomuna15.com.ar\/press\/dia-internacional-contra-la-violencia-y-el-acoso-en-la-escuela-mas-de-la-mitad-de-los-estudiantes-aseguran-que-hay-discriminacion\/","title":{"rendered":"D\u00eda Internacional contra la violencia y el acoso en la escuela:\u00a0m\u00e1s de la mitad de los estudiantes aseguran que hay discriminaci\u00f3n"},"content":{"rendered":"\n<p>En el D\u00eda Internacional contra la violencia y el acoso en la escuela, Argentinos por la Educaci\u00f3n visibiliza que el 75,4% de los estudiantes del \u00faltimo a\u00f1o de secundaria reconocen que en la escuela suceden episodios de discriminaci\u00f3n. La percepci\u00f3n del clima de convivencia escolar var\u00eda entre las distintas provincias. Fuente: Prensa Argentinos por la Educaci\u00f3n<\/p>\n\n\n\n<p>Link a nota original: <a href=\"https:\/\/prensa.argentinosporlaeducacion.org\/dia-internacional-contra-la-violencia-y-el-acoso-en-la-escuela-mas-de-la-mitad-de-los-estudiantes-aseguran-que-hay-discriminacion\">https:\/\/prensa.argentinosporlaeducacion.org\/dia-internacional-contra-la-violencia-y-el-acoso-en-la-escuela-mas-de-la-mitad-de-los-estudiantes-aseguran-que-hay-discriminacion<\/a><\/p>\n\n\n\n<p>En el 2022, la UNESCO declar\u00f3 el primer jueves de noviembre de cada a\u00f1o como el&nbsp;<strong>D\u00eda internacional contra la violencia y el acoso en la escuela<\/strong>, -que incluye el ciberacoso-, como modo de reconocer que la violencia escolar en todas sus formas constituye una violaci\u00f3n de los derechos a la educaci\u00f3n, salud y bienestar de los ni\u00f1os, ni\u00f1as y adolescentes. Este a\u00f1o en particular,<strong>&nbsp;<\/strong>la organizaci\u00f3n propone hacer hincapi\u00e9 en el&nbsp;<strong>\u201cno al miedo\u201d<\/strong>&nbsp;y en la necesidad de terminar con la violencia escolar para mejorar la salud mental y el aprendizaje.<\/p>\n\n\n\n<p>Al respecto, Argentinos por la Educaci\u00f3n realiz\u00f3 un informe que reflexiona sobre&nbsp;<em>\u201c\u00bfC\u00f3mo perciben la convivencia escolar los alumnos y directores de secundaria?\u201d<\/em>,&nbsp;\u200b con autor\u00eda de&nbsp;<strong>Alejandro Castro Santander<\/strong>&nbsp;(Observatorio de la Convivencia Escolar, Universidad Cat\u00f3lica de Cuyo),&nbsp;<strong>Mart\u00edn Nistal&nbsp;<\/strong>y<strong>&nbsp;Eugenia Orlicki<\/strong>&nbsp;(Observatorio de Argentinos por la Educaci\u00f3n).&nbsp;<\/p>\n\n\n\n<p>Seg\u00fan el documento, para el que se utiliz\u00f3 la informaci\u00f3n relevada en los cuestionarios complementarios que respondieron estudiantes y directores de secundaria de todo el pa\u00eds en el operativo Aprender 2019 (el \u00faltimo disponible para ese nivel), en Argentina,<strong>&nbsp;m\u00e1s de la mitad de los estudiantes reconocen que en la escuela suceden episodios de discriminaci\u00f3n&nbsp;<\/strong>por aspecto f\u00edsico (75,4%), discriminaci\u00f3n por caracter\u00edsticas personales o familiares \u2013religi\u00f3n, nacionalidad, g\u00e9nero, discapacidad\u2013 (67,7%), y amenazas o agresiones entre compa\u00f1eros (54,5%). Con respecto a las amenazas o agresiones en redes sociales, m\u00e1s de la mitad de los estudiantes (52,8%) sostienen que esto no sucede nunca.<\/p>\n\n\n\n<p><strong>Candelaria Irazusta,<\/strong>&nbsp;Co-fundadora y Directora Ejecutiva de Equipo ABA reflexiona: \u201cEn el D\u00eda Internacional contra el bullying y el ciberbullying, necesitamos unir nuestras voces para que el lema de este a\u00f1o propuesto por la UNESCO \u201cNo al miedo\u201d, no sea s\u00f3lo una propuesta desde el discurso sino una realidad concreta en nuestras escuelas, para cada uno de nuestros estudiantes. El miedo necesita quedarse afuera de las aulas, y necesitamos trabajar juntos y asumir colectivamente este desaf\u00edo, para que las escuelas sean entornos protectores y seguros, donde todos se sientan parte, donde la diversidad sea un valor fundamental, y el respeto un eje vertebrador de una cultura de cuidado. Prevenir el Bullying es posible. Construir una convivencia pac\u00edfica, tambi\u00e9n\u201d.<\/p>\n\n\n\n<p>Si nos guiamos por la percepci\u00f3n de los directores, la frecuencia de los episodios de discriminaci\u00f3n y amenazas en la escuela es menor que la percibida por los estudiantes. Pero a diferencia de los alumnos, los directores perciben que las amenazas o agresiones entre estudiantes en redes sociales suceden con m\u00e1s frecuencia que el resto de las situaciones mencionadas.<\/p>\n\n\n\n<p>Seg\u00fan&nbsp;<strong>Alejandro Castro Santander<\/strong>, Director General del Observatorio de la Convivencia Escolar, \u201cEs fundamental este 2 de noviembre reiterar a los responsables de las pol\u00edticas p\u00fablicas y a las comunidades educativas sobre la necesidad de prevenir, e intervenir contra estas conductas a partir de medidas m\u00e1s integrales e inclusivas, propuestas que deben considerar la complejidad de la conducta humana y las estructuras que se vinculan al acoso tanto dentro como fuera de la escuela. La buena convivencia y el aprendizaje est\u00e1n entrelazados en una danza continua. Juntos, forman los cimientos de una educaci\u00f3n que no solo transmite conocimientos, sino que debe empoderar a las personas contra el miedo y la soledad, para que logren convertirse en agentes de cambio de sus propias vidas y del mundo que las rodea. Esta es la visi\u00f3n que debe guiar nuestros esfuerzos hacia una educaci\u00f3n m\u00e1s humana, justa y liberadora\u201d.&nbsp;<\/p>\n\n\n\n<p>De acuerdo al relevamiento, ante la afirmaci\u00f3n de que hay un buen clima de convivencia escolar, el 34,6% de los estudiantes del \u00faltimo a\u00f1o de secundaria est\u00e1n \u201cnada\u201d o \u201cpoco\u201d de acuerdo. Y si bien la mayor\u00eda de los estudiantes (75,2%) dice sentirse bien al ir a su escuela,&nbsp;<strong>1 de cada 4 (24,8%) est\u00e1 en desacuerdo con esta idea.&nbsp;<\/strong><\/p>\n\n\n\n<p>Adem\u00e1s, ante la consulta a los directores por los problemas de convivencia entre estudiantes, solo el 2,8% considera que este es \u201cun problema serio\u201d. El 17% cree que es un \u201cproblema moderado\u201d y el 41,2% considera que se trata de \u201cun problema menor\u201d.&nbsp;<strong>Para 4 de cada 10 directores (39%), la convivencia entre estudiantes \u201cno es un problema\u201d<\/strong>.<\/p>\n\n\n\n<p><strong>Pablo Mainer<\/strong>, Director de la ONG Hablemos de Bullying, destaca que &#8220;Para las organizaciones que venimos trabajando la problem\u00e1tica del bullying, una de las difultades que tenemos es la falta de estad\u00edsticas, por eso es tan importante este tipo de informes como los de Argentinos por la Educaci\u00f3n que nos permite hacer una aproximaci\u00f3n respecto a la percepci\u00f3n que tienen los estudiantes y directores con respecto a la tem\u00e1tica, y de a poco comenzar a generar datos. Para solucionar este tipo de violencia multicausal, lo primero que hay que hacer es reconocer el problema para ponerlo sobre la mesa y poder actuar, desde las ongs que trabajamos en las instituciones muchas veces vemos negaci\u00f3n, \u200b que se minimiza, inclusive muchos docentes y directivos dicen que el problema no est\u00e1, entonces, estudiar cu\u00e1les son las percepciones en cuanto a esta tem\u00e1tica es muy importante&#8221;.<\/p>\n\n\n\n<h3 class=\"wp-block-heading\">Gimena Marques da Silva<\/h3>\n\n\n\n<p>Coordinadora de prensa<\/p>\n\n\n\n<ul class=\"wp-block-list\">\n<li><a href=\"mailto:gmarques@argentinosporlaeducacion.org\" target=\"_blank\" rel=\"noreferrer noopener\"><strong>gmarques@argentinosporlaeducacion.org<\/strong><\/a><\/li>\n\n\n\n<li><a href=\"tel:+54%209%2011%206047-3874\" target=\"_blank\" rel=\"noreferrer noopener\"><strong>+54 9 11 6047-3874<\/strong><\/a><\/li>\n<\/ul>\n<div class=\"pvc_clear\"><\/div><p id=\"pvc_stats_61855\" class=\"pvc_stats all  \" data-element-id=\"61855\" style=\"\"><i class=\"pvc-stats-icon small\" aria-hidden=\"true\"><svg aria-hidden=\"true\" focusable=\"false\" data-prefix=\"far\" data-icon=\"chart-bar\" role=\"img\" xmlns=\"http:\/\/www.w3.org\/2000\/svg\" viewBox=\"0 0 512 512\" class=\"svg-inline--fa fa-chart-bar fa-w-16 fa-2x\"><path fill=\"currentColor\" d=\"M396.8 352h22.4c6.4 0 12.8-6.4 12.8-12.8V108.8c0-6.4-6.4-12.8-12.8-12.8h-22.4c-6.4 0-12.8 6.4-12.8 12.8v230.4c0 6.4 6.4 12.8 12.8 12.8zm-192 0h22.4c6.4 0 12.8-6.4 12.8-12.8V140.8c0-6.4-6.4-12.8-12.8-12.8h-22.4c-6.4 0-12.8 6.4-12.8 12.8v198.4c0 6.4 6.4 12.8 12.8 12.8zm96 0h22.4c6.4 0 12.8-6.4 12.8-12.8V204.8c0-6.4-6.4-12.8-12.8-12.8h-22.4c-6.4 0-12.8 6.4-12.8 12.8v134.4c0 6.4 6.4 12.8 12.8 12.8zM496 400H48V80c0-8.84-7.16-16-16-16H16C7.16 64 0 71.16 0 80v336c0 17.67 14.33 32 32 32h464c8.84 0 16-7.16 16-16v-16c0-8.84-7.16-16-16-16zm-387.2-48h22.4c6.4 0 12.8-6.4 12.8-12.8v-70.4c0-6.4-6.4-12.8-12.8-12.8h-22.4c-6.4 0-12.8 6.4-12.8 12.8v70.4c0 6.4 6.4 12.8 12.8 12.8z\" class=\"\"><\/path><\/svg><\/i> <img loading=\"lazy\" decoding=\"async\" width=\"16\" height=\"16\" alt=\"Loading\" src=\"https:\/\/vocesdelacomuna15.com.ar\/wp-content\/plugins\/page-views-count\/ajax-loader-2x.gif\" border=0 \/><\/p><div class=\"pvc_clear\"><\/div>","protected":false},"excerpt":{"rendered":"<p>En el D\u00eda Internacional contra la violencia y el acoso en la escuela, Argentinos por la Educaci\u00f3n visibiliza que el 75,4% de los estudiantes del \u00faltimo a\u00f1o de secundaria reconocen que en la escuela suceden episodios de discriminaci\u00f3n. La percepci\u00f3n del clima de convivencia escolar var\u00eda entre las distintas provincias. Fuente: Prensa Argentinos por la [&hellip;]<\/p>\n<div class=\"pvc_clear\"><\/div>\n<p id=\"pvc_stats_61855\" class=\"pvc_stats all  \" data-element-id=\"61855\" style=\"\"><i class=\"pvc-stats-icon small\" aria-hidden=\"true\"><svg aria-hidden=\"true\" focusable=\"false\" data-prefix=\"far\" data-icon=\"chart-bar\" role=\"img\" xmlns=\"http:\/\/www.w3.org\/2000\/svg\" viewBox=\"0 0 512 512\" class=\"svg-inline--fa fa-chart-bar fa-w-16 fa-2x\"><path fill=\"currentColor\" d=\"M396.8 352h22.4c6.4 0 12.8-6.4 12.8-12.8V108.8c0-6.4-6.4-12.8-12.8-12.8h-22.4c-6.4 0-12.8 6.4-12.8 12.8v230.4c0 6.4 6.4 12.8 12.8 12.8zm-192 0h22.4c6.4 0 12.8-6.4 12.8-12.8V140.8c0-6.4-6.4-12.8-12.8-12.8h-22.4c-6.4 0-12.8 6.4-12.8 12.8v198.4c0 6.4 6.4 12.8 12.8 12.8zm96 0h22.4c6.4 0 12.8-6.4 12.8-12.8V204.8c0-6.4-6.4-12.8-12.8-12.8h-22.4c-6.4 0-12.8 6.4-12.8 12.8v134.4c0 6.4 6.4 12.8 12.8 12.8zM496 400H48V80c0-8.84-7.16-16-16-16H16C7.16 64 0 71.16 0 80v336c0 17.67 14.33 32 32 32h464c8.84 0 16-7.16 16-16v-16c0-8.84-7.16-16-16-16zm-387.2-48h22.4c6.4 0 12.8-6.4 12.8-12.8v-70.4c0-6.4-6.4-12.8-12.8-12.8h-22.4c-6.4 0-12.8 6.4-12.8 12.8v70.4c0 6.4 6.4 12.8 12.8 12.8z\" class=\"\"><\/path><\/svg><\/i> <img loading=\"lazy\" decoding=\"async\" width=\"16\" height=\"16\" alt=\"Loading\" src=\"https:\/\/vocesdelacomuna15.com.ar\/wp-content\/plugins\/page-views-count\/ajax-loader-2x.gif\" border=0 \/><\/p>\n<div class=\"pvc_clear\"><\/div>\n","protected":false},"author":2,"featured_media":61856,"comment_status":"open","ping_status":"open","sticky":false,"template":"","format":"standard","meta":{"_et_pb_use_builder":"off","_et_pb_old_content":"","_et_gb_content_width":"","footnotes":""},"categories":[8],"tags":[],"class_list":["post-61855","post","type-post","status-publish","format-standard","has-post-thumbnail","hentry","category-sociedad","et-has-post-format-content","et_post_format-et-post-format-standard"],"a3_pvc":{"activated":true,"total_views":59,"today_views":0},"yoast_head":"<!-- This site is optimized with the Yoast SEO plugin v27.5 - https:\/\/yoast.com\/product\/yoast-seo-wordpress\/ -->\n<title>D\u00eda Internacional contra la violencia y el acoso en la escuela:\u00a0m\u00e1s de la mitad de los estudiantes aseguran que hay discriminaci\u00f3n - Voces de la Comuna 15<\/title>\n<meta name=\"description\" content=\"Voces de la Comuna 15\" \/>\n<meta name=\"robots\" content=\"index, follow, max-snippet:-1, max-image-preview:large, max-video-preview:-1\" \/>\n<link rel=\"canonical\" href=\"https:\/\/vocesdelacomuna15.com.ar\/press\/dia-internacional-contra-la-violencia-y-el-acoso-en-la-escuela-mas-de-la-mitad-de-los-estudiantes-aseguran-que-hay-discriminacion\/\" \/>\n<meta property=\"og:locale\" content=\"es_ES\" \/>\n<meta property=\"og:type\" content=\"article\" \/>\n<meta property=\"og:title\" content=\"D\u00eda Internacional contra la violencia y el acoso en la escuela:\u00a0m\u00e1s de la mitad de los estudiantes aseguran que hay discriminaci\u00f3n - Voces de la Comuna 15\" \/>\n<meta property=\"og:description\" content=\"Voces de la Comuna 15\" \/>\n<meta property=\"og:url\" content=\"https:\/\/vocesdelacomuna15.com.ar\/press\/dia-internacional-contra-la-violencia-y-el-acoso-en-la-escuela-mas-de-la-mitad-de-los-estudiantes-aseguran-que-hay-discriminacion\/\" \/>\n<meta property=\"og:site_name\" content=\"Voces de la Comuna 15\" \/>\n<meta property=\"article:publisher\" content=\"https:\/\/www.facebook.com\/VocesComuna15\/\" \/>\n<meta property=\"article:published_time\" content=\"2023-11-02T12:31:00+00:00\" \/>\n<meta property=\"og:image\" content=\"https:\/\/vocesdelacomuna15.com.ar\/wp-content\/uploads\/2023\/11\/bullying.jpg\" \/>\n\t<meta property=\"og:image:width\" content=\"1200\" \/>\n\t<meta property=\"og:image:height\" content=\"1800\" \/>\n\t<meta property=\"og:image:type\" content=\"image\/jpeg\" \/>\n<meta name=\"author\" content=\"Federico Arguto\" \/>\n<meta name=\"twitter:card\" content=\"summary_large_image\" \/>\n<meta name=\"twitter:creator\" content=\"@vocescomuna15\" \/>\n<meta name=\"twitter:site\" content=\"@vocescomuna15\" \/>\n<meta name=\"twitter:label1\" content=\"Escrito por\" \/>\n\t<meta name=\"twitter:data1\" content=\"Federico Arguto\" \/>\n\t<meta name=\"twitter:label2\" content=\"Tiempo de lectura\" \/>\n\t<meta name=\"twitter:data2\" content=\"5 minutos\" \/>\n<script type=\"application\/ld+json\" class=\"yoast-schema-graph\">{\"@context\":\"https:\\\/\\\/schema.org\",\"@graph\":[{\"@type\":\"Article\",\"@id\":\"https:\\\/\\\/vocesdelacomuna15.com.ar\\\/press\\\/dia-internacional-contra-la-violencia-y-el-acoso-en-la-escuela-mas-de-la-mitad-de-los-estudiantes-aseguran-que-hay-discriminacion\\\/#article\",\"isPartOf\":{\"@id\":\"https:\\\/\\\/vocesdelacomuna15.com.ar\\\/press\\\/dia-internacional-contra-la-violencia-y-el-acoso-en-la-escuela-mas-de-la-mitad-de-los-estudiantes-aseguran-que-hay-discriminacion\\\/\"},\"author\":{\"name\":\"Federico Arguto\",\"@id\":\"https:\\\/\\\/vocesdelacomuna15.com.ar\\\/press\\\/#\\\/schema\\\/person\\\/4739e109db25d799cd3d139eeb509e43\"},\"headline\":\"D\u00eda Internacional contra la violencia y el acoso en la escuela:\u00a0m\u00e1s de la mitad de los estudiantes aseguran que hay discriminaci\u00f3n\",\"datePublished\":\"2023-11-02T12:31:00+00:00\",\"mainEntityOfPage\":{\"@id\":\"https:\\\/\\\/vocesdelacomuna15.com.ar\\\/press\\\/dia-internacional-contra-la-violencia-y-el-acoso-en-la-escuela-mas-de-la-mitad-de-los-estudiantes-aseguran-que-hay-discriminacion\\\/\"},\"wordCount\":994,\"commentCount\":0,\"publisher\":{\"@id\":\"https:\\\/\\\/vocesdelacomuna15.com.ar\\\/press\\\/#organization\"},\"image\":{\"@id\":\"https:\\\/\\\/vocesdelacomuna15.com.ar\\\/press\\\/dia-internacional-contra-la-violencia-y-el-acoso-en-la-escuela-mas-de-la-mitad-de-los-estudiantes-aseguran-que-hay-discriminacion\\\/#primaryimage\"},\"thumbnailUrl\":\"https:\\\/\\\/vocesdelacomuna15.com.ar\\\/wp-content\\\/uploads\\\/2023\\\/11\\\/bullying.jpg\",\"articleSection\":[\"Sociedad\"],\"inLanguage\":\"es-AR\",\"potentialAction\":[{\"@type\":\"CommentAction\",\"name\":\"Comment\",\"target\":[\"https:\\\/\\\/vocesdelacomuna15.com.ar\\\/press\\\/dia-internacional-contra-la-violencia-y-el-acoso-en-la-escuela-mas-de-la-mitad-de-los-estudiantes-aseguran-que-hay-discriminacion\\\/#respond\"]}]},{\"@type\":\"WebPage\",\"@id\":\"https:\\\/\\\/vocesdelacomuna15.com.ar\\\/press\\\/dia-internacional-contra-la-violencia-y-el-acoso-en-la-escuela-mas-de-la-mitad-de-los-estudiantes-aseguran-que-hay-discriminacion\\\/\",\"url\":\"https:\\\/\\\/vocesdelacomuna15.com.ar\\\/press\\\/dia-internacional-contra-la-violencia-y-el-acoso-en-la-escuela-mas-de-la-mitad-de-los-estudiantes-aseguran-que-hay-discriminacion\\\/\",\"name\":\"D\u00eda Internacional contra la violencia y el acoso en la escuela:\u00a0m\u00e1s de la mitad de los estudiantes aseguran que hay discriminaci\u00f3n - Voces de la Comuna 15\",\"isPartOf\":{\"@id\":\"https:\\\/\\\/vocesdelacomuna15.com.ar\\\/press\\\/#website\"},\"primaryImageOfPage\":{\"@id\":\"https:\\\/\\\/vocesdelacomuna15.com.ar\\\/press\\\/dia-internacional-contra-la-violencia-y-el-acoso-en-la-escuela-mas-de-la-mitad-de-los-estudiantes-aseguran-que-hay-discriminacion\\\/#primaryimage\"},\"image\":{\"@id\":\"https:\\\/\\\/vocesdelacomuna15.com.ar\\\/press\\\/dia-internacional-contra-la-violencia-y-el-acoso-en-la-escuela-mas-de-la-mitad-de-los-estudiantes-aseguran-que-hay-discriminacion\\\/#primaryimage\"},\"thumbnailUrl\":\"https:\\\/\\\/vocesdelacomuna15.com.ar\\\/wp-content\\\/uploads\\\/2023\\\/11\\\/bullying.jpg\",\"datePublished\":\"2023-11-02T12:31:00+00:00\",\"description\":\"Voces de la Comuna 15\",\"breadcrumb\":{\"@id\":\"https:\\\/\\\/vocesdelacomuna15.com.ar\\\/press\\\/dia-internacional-contra-la-violencia-y-el-acoso-en-la-escuela-mas-de-la-mitad-de-los-estudiantes-aseguran-que-hay-discriminacion\\\/#breadcrumb\"},\"inLanguage\":\"es-AR\",\"potentialAction\":[{\"@type\":\"ReadAction\",\"target\":[\"https:\\\/\\\/vocesdelacomuna15.com.ar\\\/press\\\/dia-internacional-contra-la-violencia-y-el-acoso-en-la-escuela-mas-de-la-mitad-de-los-estudiantes-aseguran-que-hay-discriminacion\\\/\"]}]},{\"@type\":\"ImageObject\",\"inLanguage\":\"es-AR\",\"@id\":\"https:\\\/\\\/vocesdelacomuna15.com.ar\\\/press\\\/dia-internacional-contra-la-violencia-y-el-acoso-en-la-escuela-mas-de-la-mitad-de-los-estudiantes-aseguran-que-hay-discriminacion\\\/#primaryimage\",\"url\":\"https:\\\/\\\/vocesdelacomuna15.com.ar\\\/wp-content\\\/uploads\\\/2023\\\/11\\\/bullying.jpg\",\"contentUrl\":\"https:\\\/\\\/vocesdelacomuna15.com.ar\\\/wp-content\\\/uploads\\\/2023\\\/11\\\/bullying.jpg\",\"width\":1200,\"height\":1800},{\"@type\":\"BreadcrumbList\",\"@id\":\"https:\\\/\\\/vocesdelacomuna15.com.ar\\\/press\\\/dia-internacional-contra-la-violencia-y-el-acoso-en-la-escuela-mas-de-la-mitad-de-los-estudiantes-aseguran-que-hay-discriminacion\\\/#breadcrumb\",\"itemListElement\":[{\"@type\":\"ListItem\",\"position\":1,\"name\":\"Inicio\",\"item\":\"https:\\\/\\\/vocesdelacomuna15.com.ar\\\/press\\\/\"},{\"@type\":\"ListItem\",\"position\":2,\"name\":\"D\u00eda Internacional contra la violencia y el acoso en la escuela:\u00a0m\u00e1s de la mitad de los estudiantes aseguran que hay discriminaci\u00f3n\"}]},{\"@type\":\"WebSite\",\"@id\":\"https:\\\/\\\/vocesdelacomuna15.com.ar\\\/press\\\/#website\",\"url\":\"https:\\\/\\\/vocesdelacomuna15.com.ar\\\/press\\\/\",\"name\":\"Voces de la Comuna 15\",\"description\":\"Sitio web de noticias\",\"publisher\":{\"@id\":\"https:\\\/\\\/vocesdelacomuna15.com.ar\\\/press\\\/#organization\"},\"potentialAction\":[{\"@type\":\"SearchAction\",\"target\":{\"@type\":\"EntryPoint\",\"urlTemplate\":\"https:\\\/\\\/vocesdelacomuna15.com.ar\\\/press\\\/?s={search_term_string}\"},\"query-input\":{\"@type\":\"PropertyValueSpecification\",\"valueRequired\":true,\"valueName\":\"search_term_string\"}}],\"inLanguage\":\"es-AR\"},{\"@type\":\"Organization\",\"@id\":\"https:\\\/\\\/vocesdelacomuna15.com.ar\\\/press\\\/#organization\",\"name\":\"Voces de la Comuna 15\",\"url\":\"https:\\\/\\\/vocesdelacomuna15.com.ar\\\/press\\\/\",\"logo\":{\"@type\":\"ImageObject\",\"inLanguage\":\"es-AR\",\"@id\":\"https:\\\/\\\/vocesdelacomuna15.com.ar\\\/press\\\/#\\\/schema\\\/logo\\\/image\\\/\",\"url\":\"https:\\\/\\\/vocesdelacomuna15.com.ar\\\/wp-content\\\/uploads\\\/2024\\\/12\\\/cropped-logo_voces.jpg\",\"contentUrl\":\"https:\\\/\\\/vocesdelacomuna15.com.ar\\\/wp-content\\\/uploads\\\/2024\\\/12\\\/cropped-logo_voces.jpg\",\"width\":512,\"height\":512,\"caption\":\"Voces de la Comuna 15\"},\"image\":{\"@id\":\"https:\\\/\\\/vocesdelacomuna15.com.ar\\\/press\\\/#\\\/schema\\\/logo\\\/image\\\/\"},\"sameAs\":[\"https:\\\/\\\/www.facebook.com\\\/VocesComuna15\\\/\",\"https:\\\/\\\/x.com\\\/vocescomuna15\"]},{\"@type\":\"Person\",\"@id\":\"https:\\\/\\\/vocesdelacomuna15.com.ar\\\/press\\\/#\\\/schema\\\/person\\\/4739e109db25d799cd3d139eeb509e43\",\"name\":\"Federico Arguto\",\"image\":{\"@type\":\"ImageObject\",\"inLanguage\":\"es-AR\",\"@id\":\"https:\\\/\\\/vocesdelacomuna15.com.ar\\\/wp-content\\\/litespeed\\\/avatar\\\/82faf979976f1bae889b8b71f8a0a7e5.jpg?ver=1776814847\",\"url\":\"https:\\\/\\\/vocesdelacomuna15.com.ar\\\/wp-content\\\/litespeed\\\/avatar\\\/82faf979976f1bae889b8b71f8a0a7e5.jpg?ver=1776814847\",\"contentUrl\":\"https:\\\/\\\/vocesdelacomuna15.com.ar\\\/wp-content\\\/litespeed\\\/avatar\\\/82faf979976f1bae889b8b71f8a0a7e5.jpg?ver=1776814847\",\"caption\":\"Federico Arguto\"},\"url\":\"https:\\\/\\\/vocesdelacomuna15.com.ar\\\/press\\\/author\\\/fede\\\/\"}]}<\/script>\n<!-- \/ Yoast SEO plugin. -->","yoast_head_json":{"title":"D\u00eda Internacional contra la violencia y el acoso en la escuela:\u00a0m\u00e1s de la mitad de los estudiantes aseguran que hay discriminaci\u00f3n - Voces de la Comuna 15","description":"Voces de la Comuna 15","robots":{"index":"index","follow":"follow","max-snippet":"max-snippet:-1","max-image-preview":"max-image-preview:large","max-video-preview":"max-video-preview:-1"},"canonical":"https:\/\/vocesdelacomuna15.com.ar\/press\/dia-internacional-contra-la-violencia-y-el-acoso-en-la-escuela-mas-de-la-mitad-de-los-estudiantes-aseguran-que-hay-discriminacion\/","og_locale":"es_ES","og_type":"article","og_title":"D\u00eda Internacional contra la violencia y el acoso en la escuela:\u00a0m\u00e1s de la mitad de los estudiantes aseguran que hay discriminaci\u00f3n - Voces de la Comuna 15","og_description":"Voces de la Comuna 15","og_url":"https:\/\/vocesdelacomuna15.com.ar\/press\/dia-internacional-contra-la-violencia-y-el-acoso-en-la-escuela-mas-de-la-mitad-de-los-estudiantes-aseguran-que-hay-discriminacion\/","og_site_name":"Voces de la Comuna 15","article_publisher":"https:\/\/www.facebook.com\/VocesComuna15\/","article_published_time":"2023-11-02T12:31:00+00:00","og_image":[{"width":1200,"height":1800,"url":"https:\/\/vocesdelacomuna15.com.ar\/wp-content\/uploads\/2023\/11\/bullying.jpg","type":"image\/jpeg"}],"author":"Federico Arguto","twitter_card":"summary_large_image","twitter_creator":"@vocescomuna15","twitter_site":"@vocescomuna15","twitter_misc":{"Escrito por":"Federico Arguto","Tiempo de lectura":"5 minutos"},"schema":{"@context":"https:\/\/schema.org","@graph":[{"@type":"Article","@id":"https:\/\/vocesdelacomuna15.com.ar\/press\/dia-internacional-contra-la-violencia-y-el-acoso-en-la-escuela-mas-de-la-mitad-de-los-estudiantes-aseguran-que-hay-discriminacion\/#article","isPartOf":{"@id":"https:\/\/vocesdelacomuna15.com.ar\/press\/dia-internacional-contra-la-violencia-y-el-acoso-en-la-escuela-mas-de-la-mitad-de-los-estudiantes-aseguran-que-hay-discriminacion\/"},"author":{"name":"Federico Arguto","@id":"https:\/\/vocesdelacomuna15.com.ar\/press\/#\/schema\/person\/4739e109db25d799cd3d139eeb509e43"},"headline":"D\u00eda Internacional contra la violencia y el acoso en la escuela:\u00a0m\u00e1s de la mitad de los estudiantes aseguran que hay discriminaci\u00f3n","datePublished":"2023-11-02T12:31:00+00:00","mainEntityOfPage":{"@id":"https:\/\/vocesdelacomuna15.com.ar\/press\/dia-internacional-contra-la-violencia-y-el-acoso-en-la-escuela-mas-de-la-mitad-de-los-estudiantes-aseguran-que-hay-discriminacion\/"},"wordCount":994,"commentCount":0,"publisher":{"@id":"https:\/\/vocesdelacomuna15.com.ar\/press\/#organization"},"image":{"@id":"https:\/\/vocesdelacomuna15.com.ar\/press\/dia-internacional-contra-la-violencia-y-el-acoso-en-la-escuela-mas-de-la-mitad-de-los-estudiantes-aseguran-que-hay-discriminacion\/#primaryimage"},"thumbnailUrl":"https:\/\/vocesdelacomuna15.com.ar\/wp-content\/uploads\/2023\/11\/bullying.jpg","articleSection":["Sociedad"],"inLanguage":"es-AR","potentialAction":[{"@type":"CommentAction","name":"Comment","target":["https:\/\/vocesdelacomuna15.com.ar\/press\/dia-internacional-contra-la-violencia-y-el-acoso-en-la-escuela-mas-de-la-mitad-de-los-estudiantes-aseguran-que-hay-discriminacion\/#respond"]}]},{"@type":"WebPage","@id":"https:\/\/vocesdelacomuna15.com.ar\/press\/dia-internacional-contra-la-violencia-y-el-acoso-en-la-escuela-mas-de-la-mitad-de-los-estudiantes-aseguran-que-hay-discriminacion\/","url":"https:\/\/vocesdelacomuna15.com.ar\/press\/dia-internacional-contra-la-violencia-y-el-acoso-en-la-escuela-mas-de-la-mitad-de-los-estudiantes-aseguran-que-hay-discriminacion\/","name":"D\u00eda Internacional contra la violencia y el acoso en la escuela:\u00a0m\u00e1s de la mitad de los estudiantes aseguran que hay discriminaci\u00f3n - Voces de la Comuna 15","isPartOf":{"@id":"https:\/\/vocesdelacomuna15.com.ar\/press\/#website"},"primaryImageOfPage":{"@id":"https:\/\/vocesdelacomuna15.com.ar\/press\/dia-internacional-contra-la-violencia-y-el-acoso-en-la-escuela-mas-de-la-mitad-de-los-estudiantes-aseguran-que-hay-discriminacion\/#primaryimage"},"image":{"@id":"https:\/\/vocesdelacomuna15.com.ar\/press\/dia-internacional-contra-la-violencia-y-el-acoso-en-la-escuela-mas-de-la-mitad-de-los-estudiantes-aseguran-que-hay-discriminacion\/#primaryimage"},"thumbnailUrl":"https:\/\/vocesdelacomuna15.com.ar\/wp-content\/uploads\/2023\/11\/bullying.jpg","datePublished":"2023-11-02T12:31:00+00:00","description":"Voces de la Comuna 15","breadcrumb":{"@id":"https:\/\/vocesdelacomuna15.com.ar\/press\/dia-internacional-contra-la-violencia-y-el-acoso-en-la-escuela-mas-de-la-mitad-de-los-estudiantes-aseguran-que-hay-discriminacion\/#breadcrumb"},"inLanguage":"es-AR","potentialAction":[{"@type":"ReadAction","target":["https:\/\/vocesdelacomuna15.com.ar\/press\/dia-internacional-contra-la-violencia-y-el-acoso-en-la-escuela-mas-de-la-mitad-de-los-estudiantes-aseguran-que-hay-discriminacion\/"]}]},{"@type":"ImageObject","inLanguage":"es-AR","@id":"https:\/\/vocesdelacomuna15.com.ar\/press\/dia-internacional-contra-la-violencia-y-el-acoso-en-la-escuela-mas-de-la-mitad-de-los-estudiantes-aseguran-que-hay-discriminacion\/#primaryimage","url":"https:\/\/vocesdelacomuna15.com.ar\/wp-content\/uploads\/2023\/11\/bullying.jpg","contentUrl":"https:\/\/vocesdelacomuna15.com.ar\/wp-content\/uploads\/2023\/11\/bullying.jpg","width":1200,"height":1800},{"@type":"BreadcrumbList","@id":"https:\/\/vocesdelacomuna15.com.ar\/press\/dia-internacional-contra-la-violencia-y-el-acoso-en-la-escuela-mas-de-la-mitad-de-los-estudiantes-aseguran-que-hay-discriminacion\/#breadcrumb","itemListElement":[{"@type":"ListItem","position":1,"name":"Inicio","item":"https:\/\/vocesdelacomuna15.com.ar\/press\/"},{"@type":"ListItem","position":2,"name":"D\u00eda Internacional contra la violencia y el acoso en la escuela:\u00a0m\u00e1s de la mitad de los estudiantes aseguran que hay discriminaci\u00f3n"}]},{"@type":"WebSite","@id":"https:\/\/vocesdelacomuna15.com.ar\/press\/#website","url":"https:\/\/vocesdelacomuna15.com.ar\/press\/","name":"Voces de la Comuna 15","description":"Sitio web de noticias","publisher":{"@id":"https:\/\/vocesdelacomuna15.com.ar\/press\/#organization"},"potentialAction":[{"@type":"SearchAction","target":{"@type":"EntryPoint","urlTemplate":"https:\/\/vocesdelacomuna15.com.ar\/press\/?s={search_term_string}"},"query-input":{"@type":"PropertyValueSpecification","valueRequired":true,"valueName":"search_term_string"}}],"inLanguage":"es-AR"},{"@type":"Organization","@id":"https:\/\/vocesdelacomuna15.com.ar\/press\/#organization","name":"Voces de la Comuna 15","url":"https:\/\/vocesdelacomuna15.com.ar\/press\/","logo":{"@type":"ImageObject","inLanguage":"es-AR","@id":"https:\/\/vocesdelacomuna15.com.ar\/press\/#\/schema\/logo\/image\/","url":"https:\/\/vocesdelacomuna15.com.ar\/wp-content\/uploads\/2024\/12\/cropped-logo_voces.jpg","contentUrl":"https:\/\/vocesdelacomuna15.com.ar\/wp-content\/uploads\/2024\/12\/cropped-logo_voces.jpg","width":512,"height":512,"caption":"Voces de la Comuna 15"},"image":{"@id":"https:\/\/vocesdelacomuna15.com.ar\/press\/#\/schema\/logo\/image\/"},"sameAs":["https:\/\/www.facebook.com\/VocesComuna15\/","https:\/\/x.com\/vocescomuna15"]},{"@type":"Person","@id":"https:\/\/vocesdelacomuna15.com.ar\/press\/#\/schema\/person\/4739e109db25d799cd3d139eeb509e43","name":"Federico Arguto","image":{"@type":"ImageObject","inLanguage":"es-AR","@id":"https:\/\/vocesdelacomuna15.com.ar\/wp-content\/litespeed\/avatar\/82faf979976f1bae889b8b71f8a0a7e5.jpg?ver=1776814847","url":"https:\/\/vocesdelacomuna15.com.ar\/wp-content\/litespeed\/avatar\/82faf979976f1bae889b8b71f8a0a7e5.jpg?ver=1776814847","contentUrl":"https:\/\/vocesdelacomuna15.com.ar\/wp-content\/litespeed\/avatar\/82faf979976f1bae889b8b71f8a0a7e5.jpg?ver=1776814847","caption":"Federico Arguto"},"url":"https:\/\/vocesdelacomuna15.com.ar\/press\/author\/fede\/"}]}},"_links":{"self":[{"href":"https:\/\/vocesdelacomuna15.com.ar\/press\/wp-json\/wp\/v2\/posts\/61855","targetHints":{"allow":["GET"]}}],"collection":[{"href":"https:\/\/vocesdelacomuna15.com.ar\/press\/wp-json\/wp\/v2\/posts"}],"about":[{"href":"https:\/\/vocesdelacomuna15.com.ar\/press\/wp-json\/wp\/v2\/types\/post"}],"author":[{"embeddable":true,"href":"https:\/\/vocesdelacomuna15.com.ar\/press\/wp-json\/wp\/v2\/users\/2"}],"replies":[{"embeddable":true,"href":"https:\/\/vocesdelacomuna15.com.ar\/press\/wp-json\/wp\/v2\/comments?post=61855"}],"version-history":[{"count":1,"href":"https:\/\/vocesdelacomuna15.com.ar\/press\/wp-json\/wp\/v2\/posts\/61855\/revisions"}],"predecessor-version":[{"id":61857,"href":"https:\/\/vocesdelacomuna15.com.ar\/press\/wp-json\/wp\/v2\/posts\/61855\/revisions\/61857"}],"wp:featuredmedia":[{"embeddable":true,"href":"https:\/\/vocesdelacomuna15.com.ar\/press\/wp-json\/wp\/v2\/media\/61856"}],"wp:attachment":[{"href":"https:\/\/vocesdelacomuna15.com.ar\/press\/wp-json\/wp\/v2\/media?parent=61855"}],"wp:term":[{"taxonomy":"category","embeddable":true,"href":"https:\/\/vocesdelacomuna15.com.ar\/press\/wp-json\/wp\/v2\/categories?post=61855"},{"taxonomy":"post_tag","embeddable":true,"href":"https:\/\/vocesdelacomuna15.com.ar\/press\/wp-json\/wp\/v2\/tags?post=61855"}],"curies":[{"name":"wp","href":"https:\/\/api.w.org\/{rel}","templated":true}]}}