{"id":61852,"date":"2023-11-01T17:11:01","date_gmt":"2023-11-01T20:11:01","guid":{"rendered":"https:\/\/vocesdelacomuna15.com.ar\/?p=61852"},"modified":"2023-11-01T17:11:03","modified_gmt":"2023-11-01T20:11:03","slug":"la-noche-de-la-gastronomia-como-consultar-el-mapa-de-los-locales-con-descuentos-y-promos","status":"publish","type":"post","link":"https:\/\/vocesdelacomuna15.com.ar\/press\/la-noche-de-la-gastronomia-como-consultar-el-mapa-de-los-locales-con-descuentos-y-promos\/","title":{"rendered":"La Noche de la Gastronom\u00eda: c\u00f3mo consultar el mapa de los locales con descuentos y promos"},"content":{"rendered":"\n<p>Este mi\u00e9rcoles 1 de noviembre vuelve este evento, que atraviesa a la Ciudad Aut\u00f3noma de Buenos Aires de punta a punta; el mapa para consultar los mejores precios y c\u00f3mo es el pron\u00f3stico del tiempo para la jornada<\/p>\n\n\n\n<p><\/p>\n\n\n\n<p>La&nbsp;Noche de la Gastronom\u00eda&nbsp;en la&nbsp;Ciudad Aut\u00f3noma de Buenos Aires (CABA)&nbsp;es este mi\u00e9rcoles 1 de noviembre, jornada en la que&nbsp;habr\u00e1&nbsp;descuentos, promociones&nbsp;y men\u00fas especiales&nbsp;en cientos de&nbsp;locales de comida, bares y restaurantes de&nbsp;la&nbsp;Capital Federal, as\u00ed como de otras localidades nacionales que adhieren a la movida.<\/p>\n\n\n\n<p>Este evento, enmarcado dentro de&nbsp;las&nbsp;Noches&nbsp;con las que el gobierno porte\u00f1o busca resaltar a distintos sectores&nbsp;como los museos, los bares notables o las librer\u00edas, abarca en este caso a&nbsp;bares, pizzer\u00edas, mercados y patios gastron\u00f3micos. Adem\u00e1s de las&nbsp;ofertas&nbsp;puntuales, el compromiso de los&nbsp;locales&nbsp;adherentes es ofrecer un&nbsp;men\u00fa especial con distintas alternativas.<\/p>\n\n\n\n<p>A su vez, las distintas ubicaciones de los&nbsp;comercios&nbsp;participantes en el evento hacen que sea una buena ocasi\u00f3n para visitar otro barrio de&nbsp;Buenos Aires, ya que la propuesta abarca sitios desde Liniers hasta Recoleta, y de Barracas a Belgrano.<\/p>\n\n\n\n<p>Tambi\u00e9n es una buena ocasi\u00f3n para visitar los&nbsp;mercados&nbsp;y&nbsp;patios&nbsp;de la&nbsp;ciudad. Estos sitios ofrecer\u00e1n shows musicales gratuitos y son espacios en los que adem\u00e1s de&nbsp;comer&nbsp;en el momento, se pueden comprar productos org\u00e1nicos o de pymes locales. Desde el gobierno porte\u00f1o aclaran que la entrada y recorrido a estos espacios tambi\u00e9n ser\u00e1 gratis durante la jornada.<\/p>\n\n\n\n<p>A nivel nacional, la&nbsp;Noche de la Gastronom\u00eda&nbsp;se desarrolla en varias localidades del resto del pa\u00eds como Gualeguaych\u00fa, en&nbsp;Entre R\u00edos; Jes\u00fas Mar\u00eda y Villa Allende en&nbsp;C\u00f3rdoba; y las localidades de Azul, Vicente L\u00f3pez, Campana y Tres de Febrero, en la provincia de&nbsp;Buenos Aires.<\/p>\n\n\n\n<p>El mapa de la Noche de la Gastronom\u00eda 2023 en CABA<\/p>\n\n\n\n<p>El gobierno de&nbsp;CABA&nbsp;realiz\u00f3 un&nbsp;mapa&nbsp;con los distintos&nbsp;restaurantes&nbsp;que participan del evento, con la ubicaci\u00f3n precisa que ocupan en la&nbsp;Capital Federal.<\/p>\n\n\n\n<p>C\u00f3mo estar\u00e1 el tiempo en CABA durante la Noche de la Gastronom\u00eda<\/p>\n\n\n\n<p>La&nbsp;Noche de la Gastronom\u00eda&nbsp;llega a la&nbsp;Ciudad Aut\u00f3noma de Buenos Aires&nbsp;en&nbsp;una semana inestable, atravesada por chaparrones, lluvia y cielo nublado, en la que el mi\u00e9rcoles no ser\u00e1 la excepci\u00f3n. As\u00ed lo informa el&nbsp;Servicio Meteorol\u00f3gico Nacional, que en su&nbsp;pron\u00f3stico&nbsp;para esta jornada va desde el cielo mayormente nublado hasta las lluvias aisladas.<\/p>\n\n\n\n<p>Hacia la tarde, el cielo estar\u00e1 cubierto casi en su totalidad, aunque el organismo meteorol\u00f3gico asigna solo un 10 por ciento de&nbsp;probabilidades de lluvia. En cuanto a la temperatura, se espera que llegue hasta los 15\u00b0C, el m\u00e1ximo previsto para la jornada. Adem\u00e1s, en esta franja el viento soplar\u00e1 con una intensidad de 23 a 31 kil\u00f3metros por hora, con posibilidades de r\u00e1fagas que vayan de 42 a 50 kil\u00f3metros por hora.<\/p>\n\n\n\n<p>Las previsiones nocturnas no mejoran, sino todo lo contrario. Para esa franja horaria, que coincide con la\u00a0Noche de la Gastronom\u00eda, las posibilidades de\u00a0lluvias\u00a0aisladas van de 10 a 40 por ciento. En cambio, la temperatura media estar\u00e1 en 13\u00b0C. Adem\u00e1s, se va a mantener el pron\u00f3stico para el viento, que soplar\u00e1 de 23 a 31 kil\u00f3metros por hora con origen del este, y la misma posibilidad de r\u00e1fagas con una velocidad m\u00ednima de 42km\/h y una m\u00e1xima de 50km\/h.<\/p>\n\n\n\n<p><\/p>\n\n\n\n<p>Fuente: La Naci\u00f3n<\/p>\n<div class=\"pvc_clear\"><\/div><p id=\"pvc_stats_61852\" class=\"pvc_stats all  \" data-element-id=\"61852\" style=\"\"><i class=\"pvc-stats-icon small\" aria-hidden=\"true\"><svg aria-hidden=\"true\" focusable=\"false\" data-prefix=\"far\" data-icon=\"chart-bar\" role=\"img\" xmlns=\"http:\/\/www.w3.org\/2000\/svg\" viewBox=\"0 0 512 512\" class=\"svg-inline--fa fa-chart-bar fa-w-16 fa-2x\"><path fill=\"currentColor\" d=\"M396.8 352h22.4c6.4 0 12.8-6.4 12.8-12.8V108.8c0-6.4-6.4-12.8-12.8-12.8h-22.4c-6.4 0-12.8 6.4-12.8 12.8v230.4c0 6.4 6.4 12.8 12.8 12.8zm-192 0h22.4c6.4 0 12.8-6.4 12.8-12.8V140.8c0-6.4-6.4-12.8-12.8-12.8h-22.4c-6.4 0-12.8 6.4-12.8 12.8v198.4c0 6.4 6.4 12.8 12.8 12.8zm96 0h22.4c6.4 0 12.8-6.4 12.8-12.8V204.8c0-6.4-6.4-12.8-12.8-12.8h-22.4c-6.4 0-12.8 6.4-12.8 12.8v134.4c0 6.4 6.4 12.8 12.8 12.8zM496 400H48V80c0-8.84-7.16-16-16-16H16C7.16 64 0 71.16 0 80v336c0 17.67 14.33 32 32 32h464c8.84 0 16-7.16 16-16v-16c0-8.84-7.16-16-16-16zm-387.2-48h22.4c6.4 0 12.8-6.4 12.8-12.8v-70.4c0-6.4-6.4-12.8-12.8-12.8h-22.4c-6.4 0-12.8 6.4-12.8 12.8v70.4c0 6.4 6.4 12.8 12.8 12.8z\" class=\"\"><\/path><\/svg><\/i> <img loading=\"lazy\" decoding=\"async\" width=\"16\" height=\"16\" alt=\"Loading\" src=\"https:\/\/vocesdelacomuna15.com.ar\/wp-content\/plugins\/page-views-count\/ajax-loader-2x.gif\" border=0 \/><\/p><div class=\"pvc_clear\"><\/div>","protected":false},"excerpt":{"rendered":"<p>Este mi\u00e9rcoles 1 de noviembre vuelve este evento, que atraviesa a la Ciudad Aut\u00f3noma de Buenos Aires de punta a punta; el mapa para consultar los mejores precios y c\u00f3mo es el pron\u00f3stico del tiempo para la jornada La&nbsp;Noche de la Gastronom\u00eda&nbsp;en la&nbsp;Ciudad Aut\u00f3noma de Buenos Aires (CABA)&nbsp;es este mi\u00e9rcoles 1 de noviembre, jornada en [&hellip;]<\/p>\n<div class=\"pvc_clear\"><\/div>\n<p id=\"pvc_stats_61852\" class=\"pvc_stats all  \" data-element-id=\"61852\" style=\"\"><i class=\"pvc-stats-icon small\" aria-hidden=\"true\"><svg aria-hidden=\"true\" focusable=\"false\" data-prefix=\"far\" data-icon=\"chart-bar\" role=\"img\" xmlns=\"http:\/\/www.w3.org\/2000\/svg\" viewBox=\"0 0 512 512\" class=\"svg-inline--fa fa-chart-bar fa-w-16 fa-2x\"><path fill=\"currentColor\" d=\"M396.8 352h22.4c6.4 0 12.8-6.4 12.8-12.8V108.8c0-6.4-6.4-12.8-12.8-12.8h-22.4c-6.4 0-12.8 6.4-12.8 12.8v230.4c0 6.4 6.4 12.8 12.8 12.8zm-192 0h22.4c6.4 0 12.8-6.4 12.8-12.8V140.8c0-6.4-6.4-12.8-12.8-12.8h-22.4c-6.4 0-12.8 6.4-12.8 12.8v198.4c0 6.4 6.4 12.8 12.8 12.8zm96 0h22.4c6.4 0 12.8-6.4 12.8-12.8V204.8c0-6.4-6.4-12.8-12.8-12.8h-22.4c-6.4 0-12.8 6.4-12.8 12.8v134.4c0 6.4 6.4 12.8 12.8 12.8zM496 400H48V80c0-8.84-7.16-16-16-16H16C7.16 64 0 71.16 0 80v336c0 17.67 14.33 32 32 32h464c8.84 0 16-7.16 16-16v-16c0-8.84-7.16-16-16-16zm-387.2-48h22.4c6.4 0 12.8-6.4 12.8-12.8v-70.4c0-6.4-6.4-12.8-12.8-12.8h-22.4c-6.4 0-12.8 6.4-12.8 12.8v70.4c0 6.4 6.4 12.8 12.8 12.8z\" class=\"\"><\/path><\/svg><\/i> <img loading=\"lazy\" decoding=\"async\" width=\"16\" height=\"16\" alt=\"Loading\" src=\"https:\/\/vocesdelacomuna15.com.ar\/wp-content\/plugins\/page-views-count\/ajax-loader-2x.gif\" border=0 \/><\/p>\n<div class=\"pvc_clear\"><\/div>\n","protected":false},"author":2,"featured_media":61853,"comment_status":"open","ping_status":"open","sticky":false,"template":"","format":"standard","meta":{"_et_pb_use_builder":"off","_et_pb_old_content":"","_et_gb_content_width":"","footnotes":""},"categories":[39],"tags":[],"class_list":["post-61852","post","type-post","status-publish","format-standard","has-post-thumbnail","hentry","category-cocina","et-has-post-format-content","et_post_format-et-post-format-standard"],"a3_pvc":{"activated":true,"total_views":32,"today_views":0},"yoast_head":"<!-- This site is optimized with the Yoast SEO plugin v27.5 - https:\/\/yoast.com\/product\/yoast-seo-wordpress\/ -->\n<title>La Noche de la Gastronom\u00eda: c\u00f3mo consultar el mapa de los locales con descuentos y promos - Voces de la Comuna 15<\/title>\n<meta name=\"description\" content=\"Voces de la Comuna 15\" \/>\n<meta name=\"robots\" content=\"index, follow, max-snippet:-1, max-image-preview:large, max-video-preview:-1\" \/>\n<link rel=\"canonical\" href=\"https:\/\/vocesdelacomuna15.com.ar\/press\/la-noche-de-la-gastronomia-como-consultar-el-mapa-de-los-locales-con-descuentos-y-promos\/\" \/>\n<meta property=\"og:locale\" content=\"es_ES\" \/>\n<meta property=\"og:type\" content=\"article\" \/>\n<meta property=\"og:title\" content=\"La Noche de la Gastronom\u00eda: c\u00f3mo consultar el mapa de los locales con descuentos y promos - Voces de la Comuna 15\" \/>\n<meta property=\"og:description\" content=\"Voces de la Comuna 15\" \/>\n<meta property=\"og:url\" content=\"https:\/\/vocesdelacomuna15.com.ar\/press\/la-noche-de-la-gastronomia-como-consultar-el-mapa-de-los-locales-con-descuentos-y-promos\/\" \/>\n<meta property=\"og:site_name\" content=\"Voces de la Comuna 15\" \/>\n<meta property=\"article:publisher\" content=\"https:\/\/www.facebook.com\/VocesComuna15\/\" \/>\n<meta property=\"article:published_time\" content=\"2023-11-01T20:11:01+00:00\" \/>\n<meta property=\"article:modified_time\" content=\"2023-11-01T20:11:03+00:00\" \/>\n<meta property=\"og:image\" content=\"https:\/\/vocesdelacomuna15.com.ar\/wp-content\/uploads\/2023\/11\/foto_lanacion.jpg\" \/>\n\t<meta property=\"og:image:width\" content=\"967\" \/>\n\t<meta property=\"og:image:height\" content=\"645\" \/>\n\t<meta property=\"og:image:type\" content=\"image\/jpeg\" \/>\n<meta name=\"author\" content=\"Federico Arguto\" \/>\n<meta name=\"twitter:card\" content=\"summary_large_image\" \/>\n<meta name=\"twitter:creator\" content=\"@vocescomuna15\" \/>\n<meta name=\"twitter:site\" content=\"@vocescomuna15\" \/>\n<meta name=\"twitter:label1\" content=\"Escrito por\" \/>\n\t<meta name=\"twitter:data1\" content=\"Federico Arguto\" \/>\n\t<meta name=\"twitter:label2\" content=\"Tiempo de lectura\" \/>\n\t<meta name=\"twitter:data2\" content=\"3 minutos\" \/>\n<script type=\"application\/ld+json\" class=\"yoast-schema-graph\">{\"@context\":\"https:\\\/\\\/schema.org\",\"@graph\":[{\"@type\":\"Article\",\"@id\":\"https:\\\/\\\/vocesdelacomuna15.com.ar\\\/press\\\/la-noche-de-la-gastronomia-como-consultar-el-mapa-de-los-locales-con-descuentos-y-promos\\\/#article\",\"isPartOf\":{\"@id\":\"https:\\\/\\\/vocesdelacomuna15.com.ar\\\/press\\\/la-noche-de-la-gastronomia-como-consultar-el-mapa-de-los-locales-con-descuentos-y-promos\\\/\"},\"author\":{\"name\":\"Federico Arguto\",\"@id\":\"https:\\\/\\\/vocesdelacomuna15.com.ar\\\/press\\\/#\\\/schema\\\/person\\\/4739e109db25d799cd3d139eeb509e43\"},\"headline\":\"La Noche de la Gastronom\u00eda: c\u00f3mo consultar el mapa de los locales con descuentos y promos\",\"datePublished\":\"2023-11-01T20:11:01+00:00\",\"dateModified\":\"2023-11-01T20:11:03+00:00\",\"mainEntityOfPage\":{\"@id\":\"https:\\\/\\\/vocesdelacomuna15.com.ar\\\/press\\\/la-noche-de-la-gastronomia-como-consultar-el-mapa-de-los-locales-con-descuentos-y-promos\\\/\"},\"wordCount\":670,\"commentCount\":0,\"publisher\":{\"@id\":\"https:\\\/\\\/vocesdelacomuna15.com.ar\\\/press\\\/#organization\"},\"image\":{\"@id\":\"https:\\\/\\\/vocesdelacomuna15.com.ar\\\/press\\\/la-noche-de-la-gastronomia-como-consultar-el-mapa-de-los-locales-con-descuentos-y-promos\\\/#primaryimage\"},\"thumbnailUrl\":\"https:\\\/\\\/vocesdelacomuna15.com.ar\\\/wp-content\\\/uploads\\\/2023\\\/11\\\/foto_lanacion.jpg\",\"articleSection\":[\"Cocina\\\/ Gastronom\u00eda\"],\"inLanguage\":\"es-AR\",\"potentialAction\":[{\"@type\":\"CommentAction\",\"name\":\"Comment\",\"target\":[\"https:\\\/\\\/vocesdelacomuna15.com.ar\\\/press\\\/la-noche-de-la-gastronomia-como-consultar-el-mapa-de-los-locales-con-descuentos-y-promos\\\/#respond\"]}]},{\"@type\":\"WebPage\",\"@id\":\"https:\\\/\\\/vocesdelacomuna15.com.ar\\\/press\\\/la-noche-de-la-gastronomia-como-consultar-el-mapa-de-los-locales-con-descuentos-y-promos\\\/\",\"url\":\"https:\\\/\\\/vocesdelacomuna15.com.ar\\\/press\\\/la-noche-de-la-gastronomia-como-consultar-el-mapa-de-los-locales-con-descuentos-y-promos\\\/\",\"name\":\"La Noche de la Gastronom\u00eda: c\u00f3mo consultar el mapa de los locales con descuentos y promos - Voces de la Comuna 15\",\"isPartOf\":{\"@id\":\"https:\\\/\\\/vocesdelacomuna15.com.ar\\\/press\\\/#website\"},\"primaryImageOfPage\":{\"@id\":\"https:\\\/\\\/vocesdelacomuna15.com.ar\\\/press\\\/la-noche-de-la-gastronomia-como-consultar-el-mapa-de-los-locales-con-descuentos-y-promos\\\/#primaryimage\"},\"image\":{\"@id\":\"https:\\\/\\\/vocesdelacomuna15.com.ar\\\/press\\\/la-noche-de-la-gastronomia-como-consultar-el-mapa-de-los-locales-con-descuentos-y-promos\\\/#primaryimage\"},\"thumbnailUrl\":\"https:\\\/\\\/vocesdelacomuna15.com.ar\\\/wp-content\\\/uploads\\\/2023\\\/11\\\/foto_lanacion.jpg\",\"datePublished\":\"2023-11-01T20:11:01+00:00\",\"dateModified\":\"2023-11-01T20:11:03+00:00\",\"description\":\"Voces de la Comuna 15\",\"breadcrumb\":{\"@id\":\"https:\\\/\\\/vocesdelacomuna15.com.ar\\\/press\\\/la-noche-de-la-gastronomia-como-consultar-el-mapa-de-los-locales-con-descuentos-y-promos\\\/#breadcrumb\"},\"inLanguage\":\"es-AR\",\"potentialAction\":[{\"@type\":\"ReadAction\",\"target\":[\"https:\\\/\\\/vocesdelacomuna15.com.ar\\\/press\\\/la-noche-de-la-gastronomia-como-consultar-el-mapa-de-los-locales-con-descuentos-y-promos\\\/\"]}]},{\"@type\":\"ImageObject\",\"inLanguage\":\"es-AR\",\"@id\":\"https:\\\/\\\/vocesdelacomuna15.com.ar\\\/press\\\/la-noche-de-la-gastronomia-como-consultar-el-mapa-de-los-locales-con-descuentos-y-promos\\\/#primaryimage\",\"url\":\"https:\\\/\\\/vocesdelacomuna15.com.ar\\\/wp-content\\\/uploads\\\/2023\\\/11\\\/foto_lanacion.jpg\",\"contentUrl\":\"https:\\\/\\\/vocesdelacomuna15.com.ar\\\/wp-content\\\/uploads\\\/2023\\\/11\\\/foto_lanacion.jpg\",\"width\":967,\"height\":645},{\"@type\":\"BreadcrumbList\",\"@id\":\"https:\\\/\\\/vocesdelacomuna15.com.ar\\\/press\\\/la-noche-de-la-gastronomia-como-consultar-el-mapa-de-los-locales-con-descuentos-y-promos\\\/#breadcrumb\",\"itemListElement\":[{\"@type\":\"ListItem\",\"position\":1,\"name\":\"Inicio\",\"item\":\"https:\\\/\\\/vocesdelacomuna15.com.ar\\\/press\\\/\"},{\"@type\":\"ListItem\",\"position\":2,\"name\":\"La Noche de la Gastronom\u00eda: c\u00f3mo consultar el mapa de los locales con descuentos y promos\"}]},{\"@type\":\"WebSite\",\"@id\":\"https:\\\/\\\/vocesdelacomuna15.com.ar\\\/press\\\/#website\",\"url\":\"https:\\\/\\\/vocesdelacomuna15.com.ar\\\/press\\\/\",\"name\":\"Voces de la Comuna 15\",\"description\":\"Sitio web de noticias\",\"publisher\":{\"@id\":\"https:\\\/\\\/vocesdelacomuna15.com.ar\\\/press\\\/#organization\"},\"potentialAction\":[{\"@type\":\"SearchAction\",\"target\":{\"@type\":\"EntryPoint\",\"urlTemplate\":\"https:\\\/\\\/vocesdelacomuna15.com.ar\\\/press\\\/?s={search_term_string}\"},\"query-input\":{\"@type\":\"PropertyValueSpecification\",\"valueRequired\":true,\"valueName\":\"search_term_string\"}}],\"inLanguage\":\"es-AR\"},{\"@type\":\"Organization\",\"@id\":\"https:\\\/\\\/vocesdelacomuna15.com.ar\\\/press\\\/#organization\",\"name\":\"Voces de la Comuna 15\",\"url\":\"https:\\\/\\\/vocesdelacomuna15.com.ar\\\/press\\\/\",\"logo\":{\"@type\":\"ImageObject\",\"inLanguage\":\"es-AR\",\"@id\":\"https:\\\/\\\/vocesdelacomuna15.com.ar\\\/press\\\/#\\\/schema\\\/logo\\\/image\\\/\",\"url\":\"https:\\\/\\\/vocesdelacomuna15.com.ar\\\/wp-content\\\/uploads\\\/2024\\\/12\\\/cropped-logo_voces.jpg\",\"contentUrl\":\"https:\\\/\\\/vocesdelacomuna15.com.ar\\\/wp-content\\\/uploads\\\/2024\\\/12\\\/cropped-logo_voces.jpg\",\"width\":512,\"height\":512,\"caption\":\"Voces de la Comuna 15\"},\"image\":{\"@id\":\"https:\\\/\\\/vocesdelacomuna15.com.ar\\\/press\\\/#\\\/schema\\\/logo\\\/image\\\/\"},\"sameAs\":[\"https:\\\/\\\/www.facebook.com\\\/VocesComuna15\\\/\",\"https:\\\/\\\/x.com\\\/vocescomuna15\"]},{\"@type\":\"Person\",\"@id\":\"https:\\\/\\\/vocesdelacomuna15.com.ar\\\/press\\\/#\\\/schema\\\/person\\\/4739e109db25d799cd3d139eeb509e43\",\"name\":\"Federico Arguto\",\"image\":{\"@type\":\"ImageObject\",\"inLanguage\":\"es-AR\",\"@id\":\"https:\\\/\\\/vocesdelacomuna15.com.ar\\\/wp-content\\\/litespeed\\\/avatar\\\/82faf979976f1bae889b8b71f8a0a7e5.jpg?ver=1776814847\",\"url\":\"https:\\\/\\\/vocesdelacomuna15.com.ar\\\/wp-content\\\/litespeed\\\/avatar\\\/82faf979976f1bae889b8b71f8a0a7e5.jpg?ver=1776814847\",\"contentUrl\":\"https:\\\/\\\/vocesdelacomuna15.com.ar\\\/wp-content\\\/litespeed\\\/avatar\\\/82faf979976f1bae889b8b71f8a0a7e5.jpg?ver=1776814847\",\"caption\":\"Federico Arguto\"},\"url\":\"https:\\\/\\\/vocesdelacomuna15.com.ar\\\/press\\\/author\\\/fede\\\/\"}]}<\/script>\n<!-- \/ Yoast SEO plugin. -->","yoast_head_json":{"title":"La Noche de la Gastronom\u00eda: c\u00f3mo consultar el mapa de los locales con descuentos y promos - Voces de la Comuna 15","description":"Voces de la Comuna 15","robots":{"index":"index","follow":"follow","max-snippet":"max-snippet:-1","max-image-preview":"max-image-preview:large","max-video-preview":"max-video-preview:-1"},"canonical":"https:\/\/vocesdelacomuna15.com.ar\/press\/la-noche-de-la-gastronomia-como-consultar-el-mapa-de-los-locales-con-descuentos-y-promos\/","og_locale":"es_ES","og_type":"article","og_title":"La Noche de la Gastronom\u00eda: c\u00f3mo consultar el mapa de los locales con descuentos y promos - Voces de la Comuna 15","og_description":"Voces de la Comuna 15","og_url":"https:\/\/vocesdelacomuna15.com.ar\/press\/la-noche-de-la-gastronomia-como-consultar-el-mapa-de-los-locales-con-descuentos-y-promos\/","og_site_name":"Voces de la Comuna 15","article_publisher":"https:\/\/www.facebook.com\/VocesComuna15\/","article_published_time":"2023-11-01T20:11:01+00:00","article_modified_time":"2023-11-01T20:11:03+00:00","og_image":[{"width":967,"height":645,"url":"https:\/\/vocesdelacomuna15.com.ar\/wp-content\/uploads\/2023\/11\/foto_lanacion.jpg","type":"image\/jpeg"}],"author":"Federico Arguto","twitter_card":"summary_large_image","twitter_creator":"@vocescomuna15","twitter_site":"@vocescomuna15","twitter_misc":{"Escrito por":"Federico Arguto","Tiempo de lectura":"3 minutos"},"schema":{"@context":"https:\/\/schema.org","@graph":[{"@type":"Article","@id":"https:\/\/vocesdelacomuna15.com.ar\/press\/la-noche-de-la-gastronomia-como-consultar-el-mapa-de-los-locales-con-descuentos-y-promos\/#article","isPartOf":{"@id":"https:\/\/vocesdelacomuna15.com.ar\/press\/la-noche-de-la-gastronomia-como-consultar-el-mapa-de-los-locales-con-descuentos-y-promos\/"},"author":{"name":"Federico Arguto","@id":"https:\/\/vocesdelacomuna15.com.ar\/press\/#\/schema\/person\/4739e109db25d799cd3d139eeb509e43"},"headline":"La Noche de la Gastronom\u00eda: c\u00f3mo consultar el mapa de los locales con descuentos y promos","datePublished":"2023-11-01T20:11:01+00:00","dateModified":"2023-11-01T20:11:03+00:00","mainEntityOfPage":{"@id":"https:\/\/vocesdelacomuna15.com.ar\/press\/la-noche-de-la-gastronomia-como-consultar-el-mapa-de-los-locales-con-descuentos-y-promos\/"},"wordCount":670,"commentCount":0,"publisher":{"@id":"https:\/\/vocesdelacomuna15.com.ar\/press\/#organization"},"image":{"@id":"https:\/\/vocesdelacomuna15.com.ar\/press\/la-noche-de-la-gastronomia-como-consultar-el-mapa-de-los-locales-con-descuentos-y-promos\/#primaryimage"},"thumbnailUrl":"https:\/\/vocesdelacomuna15.com.ar\/wp-content\/uploads\/2023\/11\/foto_lanacion.jpg","articleSection":["Cocina\/ Gastronom\u00eda"],"inLanguage":"es-AR","potentialAction":[{"@type":"CommentAction","name":"Comment","target":["https:\/\/vocesdelacomuna15.com.ar\/press\/la-noche-de-la-gastronomia-como-consultar-el-mapa-de-los-locales-con-descuentos-y-promos\/#respond"]}]},{"@type":"WebPage","@id":"https:\/\/vocesdelacomuna15.com.ar\/press\/la-noche-de-la-gastronomia-como-consultar-el-mapa-de-los-locales-con-descuentos-y-promos\/","url":"https:\/\/vocesdelacomuna15.com.ar\/press\/la-noche-de-la-gastronomia-como-consultar-el-mapa-de-los-locales-con-descuentos-y-promos\/","name":"La Noche de la Gastronom\u00eda: c\u00f3mo consultar el mapa de los locales con descuentos y promos - Voces de la Comuna 15","isPartOf":{"@id":"https:\/\/vocesdelacomuna15.com.ar\/press\/#website"},"primaryImageOfPage":{"@id":"https:\/\/vocesdelacomuna15.com.ar\/press\/la-noche-de-la-gastronomia-como-consultar-el-mapa-de-los-locales-con-descuentos-y-promos\/#primaryimage"},"image":{"@id":"https:\/\/vocesdelacomuna15.com.ar\/press\/la-noche-de-la-gastronomia-como-consultar-el-mapa-de-los-locales-con-descuentos-y-promos\/#primaryimage"},"thumbnailUrl":"https:\/\/vocesdelacomuna15.com.ar\/wp-content\/uploads\/2023\/11\/foto_lanacion.jpg","datePublished":"2023-11-01T20:11:01+00:00","dateModified":"2023-11-01T20:11:03+00:00","description":"Voces de la Comuna 15","breadcrumb":{"@id":"https:\/\/vocesdelacomuna15.com.ar\/press\/la-noche-de-la-gastronomia-como-consultar-el-mapa-de-los-locales-con-descuentos-y-promos\/#breadcrumb"},"inLanguage":"es-AR","potentialAction":[{"@type":"ReadAction","target":["https:\/\/vocesdelacomuna15.com.ar\/press\/la-noche-de-la-gastronomia-como-consultar-el-mapa-de-los-locales-con-descuentos-y-promos\/"]}]},{"@type":"ImageObject","inLanguage":"es-AR","@id":"https:\/\/vocesdelacomuna15.com.ar\/press\/la-noche-de-la-gastronomia-como-consultar-el-mapa-de-los-locales-con-descuentos-y-promos\/#primaryimage","url":"https:\/\/vocesdelacomuna15.com.ar\/wp-content\/uploads\/2023\/11\/foto_lanacion.jpg","contentUrl":"https:\/\/vocesdelacomuna15.com.ar\/wp-content\/uploads\/2023\/11\/foto_lanacion.jpg","width":967,"height":645},{"@type":"BreadcrumbList","@id":"https:\/\/vocesdelacomuna15.com.ar\/press\/la-noche-de-la-gastronomia-como-consultar-el-mapa-de-los-locales-con-descuentos-y-promos\/#breadcrumb","itemListElement":[{"@type":"ListItem","position":1,"name":"Inicio","item":"https:\/\/vocesdelacomuna15.com.ar\/press\/"},{"@type":"ListItem","position":2,"name":"La Noche de la Gastronom\u00eda: c\u00f3mo consultar el mapa de los locales con descuentos y promos"}]},{"@type":"WebSite","@id":"https:\/\/vocesdelacomuna15.com.ar\/press\/#website","url":"https:\/\/vocesdelacomuna15.com.ar\/press\/","name":"Voces de la Comuna 15","description":"Sitio web de noticias","publisher":{"@id":"https:\/\/vocesdelacomuna15.com.ar\/press\/#organization"},"potentialAction":[{"@type":"SearchAction","target":{"@type":"EntryPoint","urlTemplate":"https:\/\/vocesdelacomuna15.com.ar\/press\/?s={search_term_string}"},"query-input":{"@type":"PropertyValueSpecification","valueRequired":true,"valueName":"search_term_string"}}],"inLanguage":"es-AR"},{"@type":"Organization","@id":"https:\/\/vocesdelacomuna15.com.ar\/press\/#organization","name":"Voces de la Comuna 15","url":"https:\/\/vocesdelacomuna15.com.ar\/press\/","logo":{"@type":"ImageObject","inLanguage":"es-AR","@id":"https:\/\/vocesdelacomuna15.com.ar\/press\/#\/schema\/logo\/image\/","url":"https:\/\/vocesdelacomuna15.com.ar\/wp-content\/uploads\/2024\/12\/cropped-logo_voces.jpg","contentUrl":"https:\/\/vocesdelacomuna15.com.ar\/wp-content\/uploads\/2024\/12\/cropped-logo_voces.jpg","width":512,"height":512,"caption":"Voces de la Comuna 15"},"image":{"@id":"https:\/\/vocesdelacomuna15.com.ar\/press\/#\/schema\/logo\/image\/"},"sameAs":["https:\/\/www.facebook.com\/VocesComuna15\/","https:\/\/x.com\/vocescomuna15"]},{"@type":"Person","@id":"https:\/\/vocesdelacomuna15.com.ar\/press\/#\/schema\/person\/4739e109db25d799cd3d139eeb509e43","name":"Federico Arguto","image":{"@type":"ImageObject","inLanguage":"es-AR","@id":"https:\/\/vocesdelacomuna15.com.ar\/wp-content\/litespeed\/avatar\/82faf979976f1bae889b8b71f8a0a7e5.jpg?ver=1776814847","url":"https:\/\/vocesdelacomuna15.com.ar\/wp-content\/litespeed\/avatar\/82faf979976f1bae889b8b71f8a0a7e5.jpg?ver=1776814847","contentUrl":"https:\/\/vocesdelacomuna15.com.ar\/wp-content\/litespeed\/avatar\/82faf979976f1bae889b8b71f8a0a7e5.jpg?ver=1776814847","caption":"Federico Arguto"},"url":"https:\/\/vocesdelacomuna15.com.ar\/press\/author\/fede\/"}]}},"_links":{"self":[{"href":"https:\/\/vocesdelacomuna15.com.ar\/press\/wp-json\/wp\/v2\/posts\/61852","targetHints":{"allow":["GET"]}}],"collection":[{"href":"https:\/\/vocesdelacomuna15.com.ar\/press\/wp-json\/wp\/v2\/posts"}],"about":[{"href":"https:\/\/vocesdelacomuna15.com.ar\/press\/wp-json\/wp\/v2\/types\/post"}],"author":[{"embeddable":true,"href":"https:\/\/vocesdelacomuna15.com.ar\/press\/wp-json\/wp\/v2\/users\/2"}],"replies":[{"embeddable":true,"href":"https:\/\/vocesdelacomuna15.com.ar\/press\/wp-json\/wp\/v2\/comments?post=61852"}],"version-history":[{"count":1,"href":"https:\/\/vocesdelacomuna15.com.ar\/press\/wp-json\/wp\/v2\/posts\/61852\/revisions"}],"predecessor-version":[{"id":61854,"href":"https:\/\/vocesdelacomuna15.com.ar\/press\/wp-json\/wp\/v2\/posts\/61852\/revisions\/61854"}],"wp:featuredmedia":[{"embeddable":true,"href":"https:\/\/vocesdelacomuna15.com.ar\/press\/wp-json\/wp\/v2\/media\/61853"}],"wp:attachment":[{"href":"https:\/\/vocesdelacomuna15.com.ar\/press\/wp-json\/wp\/v2\/media?parent=61852"}],"wp:term":[{"taxonomy":"category","embeddable":true,"href":"https:\/\/vocesdelacomuna15.com.ar\/press\/wp-json\/wp\/v2\/categories?post=61852"},{"taxonomy":"post_tag","embeddable":true,"href":"https:\/\/vocesdelacomuna15.com.ar\/press\/wp-json\/wp\/v2\/tags?post=61852"}],"curies":[{"name":"wp","href":"https:\/\/api.w.org\/{rel}","templated":true}]}}