{"id":61849,"date":"2023-10-30T18:12:17","date_gmt":"2023-10-30T21:12:17","guid":{"rendered":"https:\/\/vocesdelacomuna15.com.ar\/?p=61849"},"modified":"2023-10-30T18:12:19","modified_gmt":"2023-10-30T21:12:19","slug":"villa-crespo-la-escuela-cooperativa-mundo-nuevo-lanzo-una-campana-para-comprar-su-edificio","status":"publish","type":"post","link":"https:\/\/vocesdelacomuna15.com.ar\/press\/villa-crespo-la-escuela-cooperativa-mundo-nuevo-lanzo-una-campana-para-comprar-su-edificio\/","title":{"rendered":"Villa Crespo: la escuela cooperativa Mundo Nuevo lanz\u00f3 una campa\u00f1a para comprar su edificio"},"content":{"rendered":"\n<p>Una apuesta a una nueva forma de encarar la ense\u00f1anza. Fuente: P\u00e1gina 12 (Por Santiago Brunetto)<\/p>\n\n\n\n<p>Link a nota original: <a href=\"https:\/\/www.pagina12.com.ar\/609309-villa-crespo-la-escuela-cooperativa-mundo-nuevo-lanzo-una-ca\">https:\/\/www.pagina12.com.ar\/609309-villa-crespo-la-escuela-cooperativa-mundo-nuevo-lanzo-una-ca<\/a><\/p>\n\n\n\n<p>La Escuela de Gesti\u00f3n Cooperativa <strong>Mundo Nuevo<\/strong> del barrio de Villa Crespo lanz\u00f3 una campa\u00f1a en busca de aportes para poder <strong>comprar el edificio en el que funciona desde hace m\u00e1s de cincuenta a\u00f1os <\/strong>y ampliar su proyecto educativo. Basada en los principios del <strong>cooperativismo y la gesti\u00f3n social<\/strong>, con propuestas pedag\u00f3gicas que fomentan esas ideas, la escuela de nivel inicial y primario es un referente de ese tipo de proyectos en la Ciudad y ahora busca poder <strong>asentarse en su espacio<\/strong>. En el horizonte, adem\u00e1s, aparece la posibilidad de <strong>crecer hacia el nivel secundario<\/strong>.<\/p>\n\n\n\n<p><strong>La Escuela Mundo Nuevo naci\u00f3 de una injusticia<\/strong>. En el a\u00f1o 1972, un colegio privado de la zona ech\u00f3 a una de sus maestras. \u00bfLa raz\u00f3n? Estaba embarazada. &#8220;A partir de eso un <strong>grupo de docentes y familias se unieron para crear &#8216;una escuela nueva para un mundo nuevo&#8217; <\/strong>en un contexto de mucha movida y lucha pedag\u00f3gica. Despu\u00e9s qued\u00f3 conformada como cooperativa de trabajadores y trabajadoras&#8221;, cuenta ahora a <strong>P\u00e1gina 12<\/strong> Melina Merkier, trabajadora asociada de la cooperativa y docente de talleres. 51 a\u00f1os despu\u00e9s, la lucha adquiere una nueva forma, ahora con un objetivo de crecimiento: <strong>adquirir la totalidad del edificio de Serrano al 500.<\/strong>&nbsp;<\/p>\n\n\n\n<p>Hace siete a\u00f1os, la cooperativa consigui\u00f3 <strong>comprar con sus ahorros una parte del edificio.<\/strong> El resto lo contin\u00faan alquilando como desde 1972, como parte de un condominio. Los dem\u00e1s <strong>propietarios aparecen dispuestos a vender<\/strong> sus partes, una ventana de oportunidad para los y las integrantes de Mundo Nuevo en su b\u00fasqueda de asentarse definitivamente en el lugar. &#8220;Tener un espacio propio es la<strong> garant\u00eda de que el proyecto se pueda sostener en el tiempo y, adem\u00e1s, de poder crecer<\/strong>&#8220;, sostiene Merkier en este sentido.<\/p>\n\n\n\n<p>&#8220;En este momento tenemos nivel inicial y primario, y desde hace muchos a\u00f1os <strong>queremos extendernos a secundario<\/strong>. Tambi\u00e9n nos gustar\u00eda tener <strong>m\u00e1s grados en primaria y expandirnos a la primera infancia<\/strong>, ya que ahora tenemos desde sala de 2&#8243;, cuenta la tallerista. &#8220;<strong>Para poder hacer esas inversiones tenemos que ser propietaries<\/strong>. En este momento en que est\u00e1 la voluntad de vender, tambi\u00e9n ser\u00eda muy importante para poner en valor todas las inversiones que hicimos hasta el momento&#8221;, agrega.<\/p>\n\n\n\n<p>Por todo esto, la cooperativa lanz\u00f3 la campa\u00f1a &#8220;(<strong>Un) mundo nuevo para todxs<\/strong>&#8220;, con la consigna &#8220;<strong>juntxs podemos comprar el edificio que habitamos<\/strong>&#8220;. Los aportes se pueden hacer ingresando a la <a href=\"https:\/\/escuelamundonuevo.edu.ar\/financiamiento-colaborativo\/\" target=\"_blank\" rel=\"noreferrer noopener\">pesta\u00f1a &#8220;colabor\u00e1&#8221; de la p\u00e1gina web<\/a> de la escuela &#8211;www.escuelamundonuevo.edu.ar&#8211;, donde se explica que &#8220;para que nuestro proyecto siga creciendo y se fortalezca, impulsamos una nueva <strong>modalidad de financiamiento colectivo<\/strong> de la que se puede participar haciendo un <strong>aporte \u00fanico o una suscripci\u00f3n mensual<\/strong>&#8220;. Los aportes \u00fanicos van desde los mil hasta los 50 mil pesos, mientras que las suscripciones mensuales tambi\u00e9n tienen la posibilidad del &#8220;monto libre&#8221;.&nbsp;<\/p>\n\n\n\n<p>En la cooperativa escolar <strong>trabajan 82 personas y asisten en jornada extendida 270 ni\u00f1os y ni\u00f1as <\/strong>hasta s\u00e9ptimo grado. Las particularidades del tipo de gesti\u00f3n tambi\u00e9n se extienden al proyecto educativo del establecimiento. &#8220;Es una escuela ligada a las <strong>pr\u00e1cticas cooperativas que se manifiestan en toda la propuesta pol\u00edtico &#8211; pedag\u00f3gica <\/strong>y en las pr\u00e1cticas de los chicos y chicas en su escolaridad: el cuidado de lo com\u00fan, el hacer con otres, las <strong>pr\u00e1cticas democr\u00e1ticas y asamblearias<\/strong>, entre otros puntos&#8221;, subraya&nbsp;Merkier.<\/p>\n\n\n\n<p>Los y las alumnas tienen la posibilidad de <strong>elegir a sus cuerpos de delegados y delegadas<\/strong>, mientras que, por ejemplo, seleccionan a sus abanderados a partir de <strong>pr\u00e1cticas&nbsp;asamblearias<\/strong>. Una din\u00e1mica colectiva similar ocurre con los \u00fatiles y materiales, que son compartidos: &#8220;<strong>Nadie trae su cartuchera sino que todo es de uso comunitario<\/strong>&#8220;, remarca la integrante de la cooperativa. La escuela tambi\u00e9n tiene una fuerte impronta de orientaci\u00f3n art\u00edstica con diversos talleres obligatorios&nbsp;con &#8220;<strong>desaf\u00edos de producci\u00f3n, de construcci\u00f3n, de acci\u00f3n, de investigaci\u00f3n y de reflexi\u00f3n<\/strong>&#8220;.<\/p>\n\n\n\n<p>Hay talleres de <strong>arte y comunicaci\u00f3n, expresi\u00f3n corporal,&nbsp;danza, ilustraci\u00f3n,&nbsp;murales, m\u00fasica, narraci\u00f3n oral, teatro y pl\u00e1stica<\/strong>. Adem\u00e1s cuenta con otros talleres optativos como los de <strong>cine, circo, murga, percusi\u00f3n, fotograf\u00eda o t\u00edteres<\/strong>, entre otros. Merkier se\u00f1ala en este sentido que la orientaci\u00f3n &#8220;no es necesariamente para formar artistas, sino para que tengan <strong>diversas herramientas de lenguaje para expresar sus emociones&#8221;.<\/strong><\/p>\n\n\n\n<p>Al igual que otras escuelas nucleadas en la Federaci\u00f3n de Cooperativas y Entidades Afines de Ense\u00f1anza de Buenos Aires, desde Mundo Nuevo sostienen la necesidad de una <strong>ley espec\u00edfica para este tipo de escuelas<\/strong>, reconocidas en la Ley de Educaci\u00f3n Nacional pero sin normativa propia. &#8220;Por esa raz\u00f3n <strong>tenemos que aparecer como parte del sector privado aunque no lo somos<\/strong>, porque no perseguimos fines de lucro, somos la sociedad civil organizada para generar proyectos educativos. Tampoco tenemos una partida presupuestaria que nos acompa\u00f1e y <strong>dependemos de las habilidades espec\u00edficas de cada proyecto<\/strong>&#8220;, indica&nbsp;Merkier.&nbsp;<\/p>\n\n\n\n<p>Las escuelas conformaron tambi\u00e9n el Movimiento por la Educaci\u00f3n Popular de Gesti\u00f3n Social y Cooperativa y piden que se apruebe el proyecto de&nbsp;<strong>Ley de Experiencias Educativas de Gesti\u00f3n Social, Cooperativa y Comunitaria<\/strong>, presentada por el diputado oficialista, Eduardo Toniolli, hace ya un a\u00f1o. Seg\u00fan un relevamiento de laDirecci\u00f3n de Informaci\u00f3n Educativa de la Naci\u00f3n,<strong> al a\u00f1o 2021 hab\u00eda 285 colegios de este tipo de gesti\u00f3n en todo el pa\u00eds.&nbsp;<\/strong><\/p>\n\n\n\n<p>Foto: Leandro Teysseire<\/p>\n<div class=\"pvc_clear\"><\/div><p id=\"pvc_stats_61849\" class=\"pvc_stats all  \" data-element-id=\"61849\" style=\"\"><i class=\"pvc-stats-icon small\" aria-hidden=\"true\"><svg aria-hidden=\"true\" focusable=\"false\" data-prefix=\"far\" data-icon=\"chart-bar\" role=\"img\" xmlns=\"http:\/\/www.w3.org\/2000\/svg\" viewBox=\"0 0 512 512\" class=\"svg-inline--fa fa-chart-bar fa-w-16 fa-2x\"><path fill=\"currentColor\" d=\"M396.8 352h22.4c6.4 0 12.8-6.4 12.8-12.8V108.8c0-6.4-6.4-12.8-12.8-12.8h-22.4c-6.4 0-12.8 6.4-12.8 12.8v230.4c0 6.4 6.4 12.8 12.8 12.8zm-192 0h22.4c6.4 0 12.8-6.4 12.8-12.8V140.8c0-6.4-6.4-12.8-12.8-12.8h-22.4c-6.4 0-12.8 6.4-12.8 12.8v198.4c0 6.4 6.4 12.8 12.8 12.8zm96 0h22.4c6.4 0 12.8-6.4 12.8-12.8V204.8c0-6.4-6.4-12.8-12.8-12.8h-22.4c-6.4 0-12.8 6.4-12.8 12.8v134.4c0 6.4 6.4 12.8 12.8 12.8zM496 400H48V80c0-8.84-7.16-16-16-16H16C7.16 64 0 71.16 0 80v336c0 17.67 14.33 32 32 32h464c8.84 0 16-7.16 16-16v-16c0-8.84-7.16-16-16-16zm-387.2-48h22.4c6.4 0 12.8-6.4 12.8-12.8v-70.4c0-6.4-6.4-12.8-12.8-12.8h-22.4c-6.4 0-12.8 6.4-12.8 12.8v70.4c0 6.4 6.4 12.8 12.8 12.8z\" class=\"\"><\/path><\/svg><\/i> <img loading=\"lazy\" decoding=\"async\" width=\"16\" height=\"16\" alt=\"Loading\" src=\"https:\/\/vocesdelacomuna15.com.ar\/wp-content\/plugins\/page-views-count\/ajax-loader-2x.gif\" border=0 \/><\/p><div class=\"pvc_clear\"><\/div>","protected":false},"excerpt":{"rendered":"<p>Una apuesta a una nueva forma de encarar la ense\u00f1anza. Fuente: P\u00e1gina 12 (Por Santiago Brunetto) Link a nota original: https:\/\/www.pagina12.com.ar\/609309-villa-crespo-la-escuela-cooperativa-mundo-nuevo-lanzo-una-ca La Escuela de Gesti\u00f3n Cooperativa Mundo Nuevo del barrio de Villa Crespo lanz\u00f3 una campa\u00f1a en busca de aportes para poder comprar el edificio en el que funciona desde hace m\u00e1s de cincuenta a\u00f1os [&hellip;]<\/p>\n<div class=\"pvc_clear\"><\/div>\n<p id=\"pvc_stats_61849\" class=\"pvc_stats all  \" data-element-id=\"61849\" style=\"\"><i class=\"pvc-stats-icon small\" aria-hidden=\"true\"><svg aria-hidden=\"true\" focusable=\"false\" data-prefix=\"far\" data-icon=\"chart-bar\" role=\"img\" xmlns=\"http:\/\/www.w3.org\/2000\/svg\" viewBox=\"0 0 512 512\" class=\"svg-inline--fa fa-chart-bar fa-w-16 fa-2x\"><path fill=\"currentColor\" d=\"M396.8 352h22.4c6.4 0 12.8-6.4 12.8-12.8V108.8c0-6.4-6.4-12.8-12.8-12.8h-22.4c-6.4 0-12.8 6.4-12.8 12.8v230.4c0 6.4 6.4 12.8 12.8 12.8zm-192 0h22.4c6.4 0 12.8-6.4 12.8-12.8V140.8c0-6.4-6.4-12.8-12.8-12.8h-22.4c-6.4 0-12.8 6.4-12.8 12.8v198.4c0 6.4 6.4 12.8 12.8 12.8zm96 0h22.4c6.4 0 12.8-6.4 12.8-12.8V204.8c0-6.4-6.4-12.8-12.8-12.8h-22.4c-6.4 0-12.8 6.4-12.8 12.8v134.4c0 6.4 6.4 12.8 12.8 12.8zM496 400H48V80c0-8.84-7.16-16-16-16H16C7.16 64 0 71.16 0 80v336c0 17.67 14.33 32 32 32h464c8.84 0 16-7.16 16-16v-16c0-8.84-7.16-16-16-16zm-387.2-48h22.4c6.4 0 12.8-6.4 12.8-12.8v-70.4c0-6.4-6.4-12.8-12.8-12.8h-22.4c-6.4 0-12.8 6.4-12.8 12.8v70.4c0 6.4 6.4 12.8 12.8 12.8z\" class=\"\"><\/path><\/svg><\/i> <img loading=\"lazy\" decoding=\"async\" width=\"16\" height=\"16\" alt=\"Loading\" src=\"https:\/\/vocesdelacomuna15.com.ar\/wp-content\/plugins\/page-views-count\/ajax-loader-2x.gif\" border=0 \/><\/p>\n<div class=\"pvc_clear\"><\/div>\n","protected":false},"author":2,"featured_media":61850,"comment_status":"open","ping_status":"open","sticky":false,"template":"","format":"standard","meta":{"_et_pb_use_builder":"off","_et_pb_old_content":"","_et_gb_content_width":"","footnotes":""},"categories":[8,32],"tags":[],"class_list":["post-61849","post","type-post","status-publish","format-standard","has-post-thumbnail","hentry","category-sociedad","category-vcre","et-has-post-format-content","et_post_format-et-post-format-standard"],"a3_pvc":{"activated":true,"total_views":87,"today_views":0},"yoast_head":"<!-- This site is optimized with the Yoast SEO plugin v27.5 - https:\/\/yoast.com\/product\/yoast-seo-wordpress\/ -->\n<title>Villa Crespo: la escuela cooperativa Mundo Nuevo lanz\u00f3 una campa\u00f1a para comprar su edificio - Voces de la Comuna 15<\/title>\n<meta name=\"description\" content=\"Voces de la Comuna 15\" \/>\n<meta name=\"robots\" content=\"index, follow, max-snippet:-1, max-image-preview:large, max-video-preview:-1\" \/>\n<link rel=\"canonical\" href=\"https:\/\/vocesdelacomuna15.com.ar\/press\/villa-crespo-la-escuela-cooperativa-mundo-nuevo-lanzo-una-campana-para-comprar-su-edificio\/\" \/>\n<meta property=\"og:locale\" content=\"es_ES\" \/>\n<meta property=\"og:type\" content=\"article\" \/>\n<meta property=\"og:title\" content=\"Villa Crespo: la escuela cooperativa Mundo Nuevo lanz\u00f3 una campa\u00f1a para comprar su edificio - Voces de la Comuna 15\" \/>\n<meta property=\"og:description\" content=\"Voces de la Comuna 15\" \/>\n<meta property=\"og:url\" content=\"https:\/\/vocesdelacomuna15.com.ar\/press\/villa-crespo-la-escuela-cooperativa-mundo-nuevo-lanzo-una-campana-para-comprar-su-edificio\/\" \/>\n<meta property=\"og:site_name\" content=\"Voces de la Comuna 15\" \/>\n<meta property=\"article:publisher\" content=\"https:\/\/www.facebook.com\/VocesComuna15\/\" \/>\n<meta property=\"article:published_time\" content=\"2023-10-30T21:12:17+00:00\" \/>\n<meta property=\"article:modified_time\" content=\"2023-10-30T21:12:19+00:00\" \/>\n<meta property=\"og:image\" content=\"https:\/\/vocesdelacomuna15.com.ar\/wp-content\/uploads\/2023\/10\/nuevo-mundo.jpg\" \/>\n\t<meta property=\"og:image:width\" content=\"960\" \/>\n\t<meta property=\"og:image:height\" content=\"640\" \/>\n\t<meta property=\"og:image:type\" content=\"image\/jpeg\" \/>\n<meta name=\"author\" content=\"Federico Arguto\" \/>\n<meta name=\"twitter:card\" content=\"summary_large_image\" \/>\n<meta name=\"twitter:creator\" content=\"@vocescomuna15\" \/>\n<meta name=\"twitter:site\" content=\"@vocescomuna15\" \/>\n<meta name=\"twitter:label1\" content=\"Escrito por\" \/>\n\t<meta name=\"twitter:data1\" content=\"Federico Arguto\" \/>\n\t<meta name=\"twitter:label2\" content=\"Tiempo de lectura\" \/>\n\t<meta name=\"twitter:data2\" content=\"5 minutos\" \/>\n<script type=\"application\/ld+json\" class=\"yoast-schema-graph\">{\"@context\":\"https:\\\/\\\/schema.org\",\"@graph\":[{\"@type\":\"Article\",\"@id\":\"https:\\\/\\\/vocesdelacomuna15.com.ar\\\/press\\\/villa-crespo-la-escuela-cooperativa-mundo-nuevo-lanzo-una-campana-para-comprar-su-edificio\\\/#article\",\"isPartOf\":{\"@id\":\"https:\\\/\\\/vocesdelacomuna15.com.ar\\\/press\\\/villa-crespo-la-escuela-cooperativa-mundo-nuevo-lanzo-una-campana-para-comprar-su-edificio\\\/\"},\"author\":{\"name\":\"Federico Arguto\",\"@id\":\"https:\\\/\\\/vocesdelacomuna15.com.ar\\\/press\\\/#\\\/schema\\\/person\\\/4739e109db25d799cd3d139eeb509e43\"},\"headline\":\"Villa Crespo: la escuela cooperativa Mundo Nuevo lanz\u00f3 una campa\u00f1a para comprar su edificio\",\"datePublished\":\"2023-10-30T21:12:17+00:00\",\"dateModified\":\"2023-10-30T21:12:19+00:00\",\"mainEntityOfPage\":{\"@id\":\"https:\\\/\\\/vocesdelacomuna15.com.ar\\\/press\\\/villa-crespo-la-escuela-cooperativa-mundo-nuevo-lanzo-una-campana-para-comprar-su-edificio\\\/\"},\"wordCount\":990,\"commentCount\":0,\"publisher\":{\"@id\":\"https:\\\/\\\/vocesdelacomuna15.com.ar\\\/press\\\/#organization\"},\"image\":{\"@id\":\"https:\\\/\\\/vocesdelacomuna15.com.ar\\\/press\\\/villa-crespo-la-escuela-cooperativa-mundo-nuevo-lanzo-una-campana-para-comprar-su-edificio\\\/#primaryimage\"},\"thumbnailUrl\":\"https:\\\/\\\/vocesdelacomuna15.com.ar\\\/wp-content\\\/uploads\\\/2023\\\/10\\\/nuevo-mundo.jpg\",\"articleSection\":[\"Sociedad\",\"Villa Crespo\"],\"inLanguage\":\"es-AR\",\"potentialAction\":[{\"@type\":\"CommentAction\",\"name\":\"Comment\",\"target\":[\"https:\\\/\\\/vocesdelacomuna15.com.ar\\\/press\\\/villa-crespo-la-escuela-cooperativa-mundo-nuevo-lanzo-una-campana-para-comprar-su-edificio\\\/#respond\"]}]},{\"@type\":\"WebPage\",\"@id\":\"https:\\\/\\\/vocesdelacomuna15.com.ar\\\/press\\\/villa-crespo-la-escuela-cooperativa-mundo-nuevo-lanzo-una-campana-para-comprar-su-edificio\\\/\",\"url\":\"https:\\\/\\\/vocesdelacomuna15.com.ar\\\/press\\\/villa-crespo-la-escuela-cooperativa-mundo-nuevo-lanzo-una-campana-para-comprar-su-edificio\\\/\",\"name\":\"Villa Crespo: la escuela cooperativa Mundo Nuevo lanz\u00f3 una campa\u00f1a para comprar su edificio - Voces de la Comuna 15\",\"isPartOf\":{\"@id\":\"https:\\\/\\\/vocesdelacomuna15.com.ar\\\/press\\\/#website\"},\"primaryImageOfPage\":{\"@id\":\"https:\\\/\\\/vocesdelacomuna15.com.ar\\\/press\\\/villa-crespo-la-escuela-cooperativa-mundo-nuevo-lanzo-una-campana-para-comprar-su-edificio\\\/#primaryimage\"},\"image\":{\"@id\":\"https:\\\/\\\/vocesdelacomuna15.com.ar\\\/press\\\/villa-crespo-la-escuela-cooperativa-mundo-nuevo-lanzo-una-campana-para-comprar-su-edificio\\\/#primaryimage\"},\"thumbnailUrl\":\"https:\\\/\\\/vocesdelacomuna15.com.ar\\\/wp-content\\\/uploads\\\/2023\\\/10\\\/nuevo-mundo.jpg\",\"datePublished\":\"2023-10-30T21:12:17+00:00\",\"dateModified\":\"2023-10-30T21:12:19+00:00\",\"description\":\"Voces de la Comuna 15\",\"breadcrumb\":{\"@id\":\"https:\\\/\\\/vocesdelacomuna15.com.ar\\\/press\\\/villa-crespo-la-escuela-cooperativa-mundo-nuevo-lanzo-una-campana-para-comprar-su-edificio\\\/#breadcrumb\"},\"inLanguage\":\"es-AR\",\"potentialAction\":[{\"@type\":\"ReadAction\",\"target\":[\"https:\\\/\\\/vocesdelacomuna15.com.ar\\\/press\\\/villa-crespo-la-escuela-cooperativa-mundo-nuevo-lanzo-una-campana-para-comprar-su-edificio\\\/\"]}]},{\"@type\":\"ImageObject\",\"inLanguage\":\"es-AR\",\"@id\":\"https:\\\/\\\/vocesdelacomuna15.com.ar\\\/press\\\/villa-crespo-la-escuela-cooperativa-mundo-nuevo-lanzo-una-campana-para-comprar-su-edificio\\\/#primaryimage\",\"url\":\"https:\\\/\\\/vocesdelacomuna15.com.ar\\\/wp-content\\\/uploads\\\/2023\\\/10\\\/nuevo-mundo.jpg\",\"contentUrl\":\"https:\\\/\\\/vocesdelacomuna15.com.ar\\\/wp-content\\\/uploads\\\/2023\\\/10\\\/nuevo-mundo.jpg\",\"width\":960,\"height\":640},{\"@type\":\"BreadcrumbList\",\"@id\":\"https:\\\/\\\/vocesdelacomuna15.com.ar\\\/press\\\/villa-crespo-la-escuela-cooperativa-mundo-nuevo-lanzo-una-campana-para-comprar-su-edificio\\\/#breadcrumb\",\"itemListElement\":[{\"@type\":\"ListItem\",\"position\":1,\"name\":\"Inicio\",\"item\":\"https:\\\/\\\/vocesdelacomuna15.com.ar\\\/press\\\/\"},{\"@type\":\"ListItem\",\"position\":2,\"name\":\"Villa Crespo: la escuela cooperativa Mundo Nuevo lanz\u00f3 una campa\u00f1a para comprar su edificio\"}]},{\"@type\":\"WebSite\",\"@id\":\"https:\\\/\\\/vocesdelacomuna15.com.ar\\\/press\\\/#website\",\"url\":\"https:\\\/\\\/vocesdelacomuna15.com.ar\\\/press\\\/\",\"name\":\"Voces de la Comuna 15\",\"description\":\"Sitio web de noticias\",\"publisher\":{\"@id\":\"https:\\\/\\\/vocesdelacomuna15.com.ar\\\/press\\\/#organization\"},\"potentialAction\":[{\"@type\":\"SearchAction\",\"target\":{\"@type\":\"EntryPoint\",\"urlTemplate\":\"https:\\\/\\\/vocesdelacomuna15.com.ar\\\/press\\\/?s={search_term_string}\"},\"query-input\":{\"@type\":\"PropertyValueSpecification\",\"valueRequired\":true,\"valueName\":\"search_term_string\"}}],\"inLanguage\":\"es-AR\"},{\"@type\":\"Organization\",\"@id\":\"https:\\\/\\\/vocesdelacomuna15.com.ar\\\/press\\\/#organization\",\"name\":\"Voces de la Comuna 15\",\"url\":\"https:\\\/\\\/vocesdelacomuna15.com.ar\\\/press\\\/\",\"logo\":{\"@type\":\"ImageObject\",\"inLanguage\":\"es-AR\",\"@id\":\"https:\\\/\\\/vocesdelacomuna15.com.ar\\\/press\\\/#\\\/schema\\\/logo\\\/image\\\/\",\"url\":\"https:\\\/\\\/vocesdelacomuna15.com.ar\\\/wp-content\\\/uploads\\\/2024\\\/12\\\/cropped-logo_voces.jpg\",\"contentUrl\":\"https:\\\/\\\/vocesdelacomuna15.com.ar\\\/wp-content\\\/uploads\\\/2024\\\/12\\\/cropped-logo_voces.jpg\",\"width\":512,\"height\":512,\"caption\":\"Voces de la Comuna 15\"},\"image\":{\"@id\":\"https:\\\/\\\/vocesdelacomuna15.com.ar\\\/press\\\/#\\\/schema\\\/logo\\\/image\\\/\"},\"sameAs\":[\"https:\\\/\\\/www.facebook.com\\\/VocesComuna15\\\/\",\"https:\\\/\\\/x.com\\\/vocescomuna15\"]},{\"@type\":\"Person\",\"@id\":\"https:\\\/\\\/vocesdelacomuna15.com.ar\\\/press\\\/#\\\/schema\\\/person\\\/4739e109db25d799cd3d139eeb509e43\",\"name\":\"Federico Arguto\",\"image\":{\"@type\":\"ImageObject\",\"inLanguage\":\"es-AR\",\"@id\":\"https:\\\/\\\/vocesdelacomuna15.com.ar\\\/wp-content\\\/litespeed\\\/avatar\\\/82faf979976f1bae889b8b71f8a0a7e5.jpg?ver=1776814847\",\"url\":\"https:\\\/\\\/vocesdelacomuna15.com.ar\\\/wp-content\\\/litespeed\\\/avatar\\\/82faf979976f1bae889b8b71f8a0a7e5.jpg?ver=1776814847\",\"contentUrl\":\"https:\\\/\\\/vocesdelacomuna15.com.ar\\\/wp-content\\\/litespeed\\\/avatar\\\/82faf979976f1bae889b8b71f8a0a7e5.jpg?ver=1776814847\",\"caption\":\"Federico Arguto\"},\"url\":\"https:\\\/\\\/vocesdelacomuna15.com.ar\\\/press\\\/author\\\/fede\\\/\"}]}<\/script>\n<!-- \/ Yoast SEO plugin. -->","yoast_head_json":{"title":"Villa Crespo: la escuela cooperativa Mundo Nuevo lanz\u00f3 una campa\u00f1a para comprar su edificio - Voces de la Comuna 15","description":"Voces de la Comuna 15","robots":{"index":"index","follow":"follow","max-snippet":"max-snippet:-1","max-image-preview":"max-image-preview:large","max-video-preview":"max-video-preview:-1"},"canonical":"https:\/\/vocesdelacomuna15.com.ar\/press\/villa-crespo-la-escuela-cooperativa-mundo-nuevo-lanzo-una-campana-para-comprar-su-edificio\/","og_locale":"es_ES","og_type":"article","og_title":"Villa Crespo: la escuela cooperativa Mundo Nuevo lanz\u00f3 una campa\u00f1a para comprar su edificio - Voces de la Comuna 15","og_description":"Voces de la Comuna 15","og_url":"https:\/\/vocesdelacomuna15.com.ar\/press\/villa-crespo-la-escuela-cooperativa-mundo-nuevo-lanzo-una-campana-para-comprar-su-edificio\/","og_site_name":"Voces de la Comuna 15","article_publisher":"https:\/\/www.facebook.com\/VocesComuna15\/","article_published_time":"2023-10-30T21:12:17+00:00","article_modified_time":"2023-10-30T21:12:19+00:00","og_image":[{"width":960,"height":640,"url":"https:\/\/vocesdelacomuna15.com.ar\/wp-content\/uploads\/2023\/10\/nuevo-mundo.jpg","type":"image\/jpeg"}],"author":"Federico Arguto","twitter_card":"summary_large_image","twitter_creator":"@vocescomuna15","twitter_site":"@vocescomuna15","twitter_misc":{"Escrito por":"Federico Arguto","Tiempo de lectura":"5 minutos"},"schema":{"@context":"https:\/\/schema.org","@graph":[{"@type":"Article","@id":"https:\/\/vocesdelacomuna15.com.ar\/press\/villa-crespo-la-escuela-cooperativa-mundo-nuevo-lanzo-una-campana-para-comprar-su-edificio\/#article","isPartOf":{"@id":"https:\/\/vocesdelacomuna15.com.ar\/press\/villa-crespo-la-escuela-cooperativa-mundo-nuevo-lanzo-una-campana-para-comprar-su-edificio\/"},"author":{"name":"Federico Arguto","@id":"https:\/\/vocesdelacomuna15.com.ar\/press\/#\/schema\/person\/4739e109db25d799cd3d139eeb509e43"},"headline":"Villa Crespo: la escuela cooperativa Mundo Nuevo lanz\u00f3 una campa\u00f1a para comprar su edificio","datePublished":"2023-10-30T21:12:17+00:00","dateModified":"2023-10-30T21:12:19+00:00","mainEntityOfPage":{"@id":"https:\/\/vocesdelacomuna15.com.ar\/press\/villa-crespo-la-escuela-cooperativa-mundo-nuevo-lanzo-una-campana-para-comprar-su-edificio\/"},"wordCount":990,"commentCount":0,"publisher":{"@id":"https:\/\/vocesdelacomuna15.com.ar\/press\/#organization"},"image":{"@id":"https:\/\/vocesdelacomuna15.com.ar\/press\/villa-crespo-la-escuela-cooperativa-mundo-nuevo-lanzo-una-campana-para-comprar-su-edificio\/#primaryimage"},"thumbnailUrl":"https:\/\/vocesdelacomuna15.com.ar\/wp-content\/uploads\/2023\/10\/nuevo-mundo.jpg","articleSection":["Sociedad","Villa Crespo"],"inLanguage":"es-AR","potentialAction":[{"@type":"CommentAction","name":"Comment","target":["https:\/\/vocesdelacomuna15.com.ar\/press\/villa-crespo-la-escuela-cooperativa-mundo-nuevo-lanzo-una-campana-para-comprar-su-edificio\/#respond"]}]},{"@type":"WebPage","@id":"https:\/\/vocesdelacomuna15.com.ar\/press\/villa-crespo-la-escuela-cooperativa-mundo-nuevo-lanzo-una-campana-para-comprar-su-edificio\/","url":"https:\/\/vocesdelacomuna15.com.ar\/press\/villa-crespo-la-escuela-cooperativa-mundo-nuevo-lanzo-una-campana-para-comprar-su-edificio\/","name":"Villa Crespo: la escuela cooperativa Mundo Nuevo lanz\u00f3 una campa\u00f1a para comprar su edificio - Voces de la Comuna 15","isPartOf":{"@id":"https:\/\/vocesdelacomuna15.com.ar\/press\/#website"},"primaryImageOfPage":{"@id":"https:\/\/vocesdelacomuna15.com.ar\/press\/villa-crespo-la-escuela-cooperativa-mundo-nuevo-lanzo-una-campana-para-comprar-su-edificio\/#primaryimage"},"image":{"@id":"https:\/\/vocesdelacomuna15.com.ar\/press\/villa-crespo-la-escuela-cooperativa-mundo-nuevo-lanzo-una-campana-para-comprar-su-edificio\/#primaryimage"},"thumbnailUrl":"https:\/\/vocesdelacomuna15.com.ar\/wp-content\/uploads\/2023\/10\/nuevo-mundo.jpg","datePublished":"2023-10-30T21:12:17+00:00","dateModified":"2023-10-30T21:12:19+00:00","description":"Voces de la Comuna 15","breadcrumb":{"@id":"https:\/\/vocesdelacomuna15.com.ar\/press\/villa-crespo-la-escuela-cooperativa-mundo-nuevo-lanzo-una-campana-para-comprar-su-edificio\/#breadcrumb"},"inLanguage":"es-AR","potentialAction":[{"@type":"ReadAction","target":["https:\/\/vocesdelacomuna15.com.ar\/press\/villa-crespo-la-escuela-cooperativa-mundo-nuevo-lanzo-una-campana-para-comprar-su-edificio\/"]}]},{"@type":"ImageObject","inLanguage":"es-AR","@id":"https:\/\/vocesdelacomuna15.com.ar\/press\/villa-crespo-la-escuela-cooperativa-mundo-nuevo-lanzo-una-campana-para-comprar-su-edificio\/#primaryimage","url":"https:\/\/vocesdelacomuna15.com.ar\/wp-content\/uploads\/2023\/10\/nuevo-mundo.jpg","contentUrl":"https:\/\/vocesdelacomuna15.com.ar\/wp-content\/uploads\/2023\/10\/nuevo-mundo.jpg","width":960,"height":640},{"@type":"BreadcrumbList","@id":"https:\/\/vocesdelacomuna15.com.ar\/press\/villa-crespo-la-escuela-cooperativa-mundo-nuevo-lanzo-una-campana-para-comprar-su-edificio\/#breadcrumb","itemListElement":[{"@type":"ListItem","position":1,"name":"Inicio","item":"https:\/\/vocesdelacomuna15.com.ar\/press\/"},{"@type":"ListItem","position":2,"name":"Villa Crespo: la escuela cooperativa Mundo Nuevo lanz\u00f3 una campa\u00f1a para comprar su edificio"}]},{"@type":"WebSite","@id":"https:\/\/vocesdelacomuna15.com.ar\/press\/#website","url":"https:\/\/vocesdelacomuna15.com.ar\/press\/","name":"Voces de la Comuna 15","description":"Sitio web de noticias","publisher":{"@id":"https:\/\/vocesdelacomuna15.com.ar\/press\/#organization"},"potentialAction":[{"@type":"SearchAction","target":{"@type":"EntryPoint","urlTemplate":"https:\/\/vocesdelacomuna15.com.ar\/press\/?s={search_term_string}"},"query-input":{"@type":"PropertyValueSpecification","valueRequired":true,"valueName":"search_term_string"}}],"inLanguage":"es-AR"},{"@type":"Organization","@id":"https:\/\/vocesdelacomuna15.com.ar\/press\/#organization","name":"Voces de la Comuna 15","url":"https:\/\/vocesdelacomuna15.com.ar\/press\/","logo":{"@type":"ImageObject","inLanguage":"es-AR","@id":"https:\/\/vocesdelacomuna15.com.ar\/press\/#\/schema\/logo\/image\/","url":"https:\/\/vocesdelacomuna15.com.ar\/wp-content\/uploads\/2024\/12\/cropped-logo_voces.jpg","contentUrl":"https:\/\/vocesdelacomuna15.com.ar\/wp-content\/uploads\/2024\/12\/cropped-logo_voces.jpg","width":512,"height":512,"caption":"Voces de la Comuna 15"},"image":{"@id":"https:\/\/vocesdelacomuna15.com.ar\/press\/#\/schema\/logo\/image\/"},"sameAs":["https:\/\/www.facebook.com\/VocesComuna15\/","https:\/\/x.com\/vocescomuna15"]},{"@type":"Person","@id":"https:\/\/vocesdelacomuna15.com.ar\/press\/#\/schema\/person\/4739e109db25d799cd3d139eeb509e43","name":"Federico Arguto","image":{"@type":"ImageObject","inLanguage":"es-AR","@id":"https:\/\/vocesdelacomuna15.com.ar\/wp-content\/litespeed\/avatar\/82faf979976f1bae889b8b71f8a0a7e5.jpg?ver=1776814847","url":"https:\/\/vocesdelacomuna15.com.ar\/wp-content\/litespeed\/avatar\/82faf979976f1bae889b8b71f8a0a7e5.jpg?ver=1776814847","contentUrl":"https:\/\/vocesdelacomuna15.com.ar\/wp-content\/litespeed\/avatar\/82faf979976f1bae889b8b71f8a0a7e5.jpg?ver=1776814847","caption":"Federico Arguto"},"url":"https:\/\/vocesdelacomuna15.com.ar\/press\/author\/fede\/"}]}},"_links":{"self":[{"href":"https:\/\/vocesdelacomuna15.com.ar\/press\/wp-json\/wp\/v2\/posts\/61849","targetHints":{"allow":["GET"]}}],"collection":[{"href":"https:\/\/vocesdelacomuna15.com.ar\/press\/wp-json\/wp\/v2\/posts"}],"about":[{"href":"https:\/\/vocesdelacomuna15.com.ar\/press\/wp-json\/wp\/v2\/types\/post"}],"author":[{"embeddable":true,"href":"https:\/\/vocesdelacomuna15.com.ar\/press\/wp-json\/wp\/v2\/users\/2"}],"replies":[{"embeddable":true,"href":"https:\/\/vocesdelacomuna15.com.ar\/press\/wp-json\/wp\/v2\/comments?post=61849"}],"version-history":[{"count":1,"href":"https:\/\/vocesdelacomuna15.com.ar\/press\/wp-json\/wp\/v2\/posts\/61849\/revisions"}],"predecessor-version":[{"id":61851,"href":"https:\/\/vocesdelacomuna15.com.ar\/press\/wp-json\/wp\/v2\/posts\/61849\/revisions\/61851"}],"wp:featuredmedia":[{"embeddable":true,"href":"https:\/\/vocesdelacomuna15.com.ar\/press\/wp-json\/wp\/v2\/media\/61850"}],"wp:attachment":[{"href":"https:\/\/vocesdelacomuna15.com.ar\/press\/wp-json\/wp\/v2\/media?parent=61849"}],"wp:term":[{"taxonomy":"category","embeddable":true,"href":"https:\/\/vocesdelacomuna15.com.ar\/press\/wp-json\/wp\/v2\/categories?post=61849"},{"taxonomy":"post_tag","embeddable":true,"href":"https:\/\/vocesdelacomuna15.com.ar\/press\/wp-json\/wp\/v2\/tags?post=61849"}],"curies":[{"name":"wp","href":"https:\/\/api.w.org\/{rel}","templated":true}]}}