{"id":61845,"date":"2023-10-30T16:13:55","date_gmt":"2023-10-30T19:13:55","guid":{"rendered":"https:\/\/vocesdelacomuna15.com.ar\/?p=61845"},"modified":"2023-10-30T16:13:57","modified_gmt":"2023-10-30T19:13:57","slug":"argentinos-cayo-de-nuevo-ante-central-y-en-rosario","status":"publish","type":"post","link":"https:\/\/vocesdelacomuna15.com.ar\/press\/argentinos-cayo-de-nuevo-ante-central-y-en-rosario\/","title":{"rendered":"Argentinos cay\u00f3 de nuevo, ante Central y en Rosario"},"content":{"rendered":"\n<p>Fue derrota 3-1 en el Gigante de Arroyito<\/p>\n\n\n\n<p>Otra vez defendiendo muy mal, ayer por la tarde Argentinos Juniors perdi\u00f3 ante uno de los equipos m\u00e1s fuertes del campeonato en condici\u00f3n de local, Rosario Central. A los 14 minutos, el \u201cCanalla\u201d se puso en ventaja con gol de Juan Cruz Komar de cabeza, despu\u00e9s de un desborde desde la banda derecha. Enseguida, a los 17, Ariel Cervera la empuj\u00f3 con el arco a su merced despu\u00e9s del desborde a toda velocidad y pase gol del colombiano Jaminton Campaz, la figura del partido.<\/p>\n\n\n\n<p>En la segunda etapa, a los 49 minutos, Gabriel \u00c1valos, tras convertir de penal, dio el descuento y algo de esperanzas al \u201cBicho\u201d. Finalmente a los 65, Ignacio Malcorra, de buen partido, tras varios avisos meti\u00f3 su gol, llev\u00e1ndosela de atropellada y definiendo con un remate fuerte, que venci\u00f3 a Alexis Mart\u00edn Arias.<\/p>\n\n\n\n<p>Con la derrota, Argentinos est\u00e1 en el 12\u00ba puesto de la Zona A de la Copa de la Liga, con 12 puntos, en la que el l\u00edder es River con 23 unidades. La Zona B, en tanto, est\u00e1 liderada por Belgrano y Godoy Cruz, ambos con 18 puntos. En la siguiente fecha, a disputarse el s\u00e1bado a las 15 horas, el \u201cBicho\u201d recibir\u00e1 a Instituto en La Paternal.<\/p>\n\n\n\n<p>Ante Rosario Central, Argentinos form\u00f3 con Mart\u00edn Arias; Di C\u00e9sare, Galv\u00e1n, Villalba; Alan Rodr\u00edguez, Redondo, Moyano, Montiel; Gonz\u00e1lez Metilli; \u00c1valos y Heredia. Entraron a los 45 minutos, Cabrera por Moyano, Gondou por Heredia y Torr\u00e9n por Di C\u00e9sare; a los 68 Lescano por Redondo y a los 77 Vera por Gonz\u00e1lez Metilli.<\/p>\n\n\n\n<p>Resumen del partido (Fuente: Liga Profesional de F\u00fatbol de la AFA- You Tube):<\/p>\n\n\n\n<figure class=\"wp-block-embed is-type-video is-provider-youtube wp-block-embed-youtube wp-embed-aspect-16-9 wp-has-aspect-ratio\"><div class=\"wp-block-embed__wrapper\">\n<iframe loading=\"lazy\" title=\"#CopaSurFinanzas 2023 | Fecha 11 | resumen de Rosario Central - Argentinos\" width=\"1080\" height=\"608\" src=\"https:\/\/www.youtube.com\/embed\/sKxp01VvgDU?start=191&#038;feature=oembed\" frameborder=\"0\" allow=\"accelerometer; autoplay; clipboard-write; encrypted-media; gyroscope; picture-in-picture; web-share\" allowfullscreen><\/iframe>\n<\/div><\/figure>\n\n\n\n<p>Conferencia de Prensa de Pablo Guede (Fuente: Argentinos Juniors- You Tube):<\/p>\n\n\n\n<figure class=\"wp-block-embed is-type-video is-provider-youtube wp-block-embed-youtube wp-embed-aspect-16-9 wp-has-aspect-ratio\"><div class=\"wp-block-embed__wrapper\">\n<iframe loading=\"lazy\" title=\"CONFERENCIA: Pablo GUEDE vs. Rosario Central  \/ Copa Liga 2023 \ud83c\udfc6\" width=\"1080\" height=\"608\" src=\"https:\/\/www.youtube.com\/embed\/oT3zONVwmZg?feature=oembed\" frameborder=\"0\" allow=\"accelerometer; autoplay; clipboard-write; encrypted-media; gyroscope; picture-in-picture; web-share\" allowfullscreen><\/iframe>\n<\/div><\/figure>\n\n\n\n<p><\/p>\n\n\n\n<p><strong>COMUNICACIONES QUED\u00d3 AFUERA DEL REDUCIDO POR EL SEGUNDO ASCENSO EN LA B METRO<\/strong><\/p>\n\n\n\n<p>El pasado s\u00e1bado, &#8220;Comu&#8221; cay\u00f3 en Agronom\u00eda por 3 a 0 ante Deportivo Armenio (el partido de ida hab\u00eda sido 0-0) y qued\u00f3 afuera del reducido por el segundo ascenso a Primera Nacional. Los goles los marcaron Montani de penal a los 28 minutos, Herrera a los 83 y Almanza a los 90. Talleres de Remedios de Escalada logr\u00f3 el primer ascenso tras vencer en la final de vuelta 1 a 0 a San Miguel (la ida hab\u00eda sido 0-0). Ahora San Miguel se sumar\u00e1 a los equipos que juegan el reducido, con Los Andes (dej\u00f3 afuera a Argentino de Merlo), Argentino de Quilmes (elimin\u00f3 a Acassuso) y Deportivo Armenio. Los cruces ser\u00e1n: Deportivo Armenio- San Miguel y Los Andes-Argentino de Quilmes.<\/p>\n\n\n\n<figure class=\"wp-block-image size-large\"><img loading=\"lazy\" decoding=\"async\" width=\"1024\" height=\"1024\" src=\"https:\/\/vocesdelacomuna15.com.ar\/wp-content\/uploads\/2023\/10\/comu-arm-1024x1024.jpg\" alt=\"\" class=\"wp-image-61846\" srcset=\"https:\/\/vocesdelacomuna15.com.ar\/wp-content\/uploads\/2023\/10\/comu-arm-1024x1024.jpg 1024w, https:\/\/vocesdelacomuna15.com.ar\/wp-content\/uploads\/2023\/10\/comu-arm-300x300.jpg 300w, https:\/\/vocesdelacomuna15.com.ar\/wp-content\/uploads\/2023\/10\/comu-arm-150x150.jpg 150w, https:\/\/vocesdelacomuna15.com.ar\/wp-content\/uploads\/2023\/10\/comu-arm-768x768.jpg 768w, https:\/\/vocesdelacomuna15.com.ar\/wp-content\/uploads\/2023\/10\/comu-arm-440x440.jpg 440w, https:\/\/vocesdelacomuna15.com.ar\/wp-content\/uploads\/2023\/10\/comu-arm.jpg 1080w\" sizes=\"(max-width: 1024px) 100vw, 1024px\" \/><\/figure>\n\n\n\n<p><\/p>\n\n\n\n<p>Foto Argentinos: Cambio 2000<\/p>\n\n\n\n<p>Foto Comunicaciones: X @prensacomu<\/p>\n<div class=\"pvc_clear\"><\/div><p id=\"pvc_stats_61845\" class=\"pvc_stats all  \" data-element-id=\"61845\" style=\"\"><i class=\"pvc-stats-icon small\" aria-hidden=\"true\"><svg aria-hidden=\"true\" focusable=\"false\" data-prefix=\"far\" data-icon=\"chart-bar\" role=\"img\" xmlns=\"http:\/\/www.w3.org\/2000\/svg\" viewBox=\"0 0 512 512\" class=\"svg-inline--fa fa-chart-bar fa-w-16 fa-2x\"><path fill=\"currentColor\" d=\"M396.8 352h22.4c6.4 0 12.8-6.4 12.8-12.8V108.8c0-6.4-6.4-12.8-12.8-12.8h-22.4c-6.4 0-12.8 6.4-12.8 12.8v230.4c0 6.4 6.4 12.8 12.8 12.8zm-192 0h22.4c6.4 0 12.8-6.4 12.8-12.8V140.8c0-6.4-6.4-12.8-12.8-12.8h-22.4c-6.4 0-12.8 6.4-12.8 12.8v198.4c0 6.4 6.4 12.8 12.8 12.8zm96 0h22.4c6.4 0 12.8-6.4 12.8-12.8V204.8c0-6.4-6.4-12.8-12.8-12.8h-22.4c-6.4 0-12.8 6.4-12.8 12.8v134.4c0 6.4 6.4 12.8 12.8 12.8zM496 400H48V80c0-8.84-7.16-16-16-16H16C7.16 64 0 71.16 0 80v336c0 17.67 14.33 32 32 32h464c8.84 0 16-7.16 16-16v-16c0-8.84-7.16-16-16-16zm-387.2-48h22.4c6.4 0 12.8-6.4 12.8-12.8v-70.4c0-6.4-6.4-12.8-12.8-12.8h-22.4c-6.4 0-12.8 6.4-12.8 12.8v70.4c0 6.4 6.4 12.8 12.8 12.8z\" class=\"\"><\/path><\/svg><\/i> <img loading=\"lazy\" decoding=\"async\" width=\"16\" height=\"16\" alt=\"Loading\" src=\"https:\/\/vocesdelacomuna15.com.ar\/wp-content\/plugins\/page-views-count\/ajax-loader-2x.gif\" border=0 \/><\/p><div class=\"pvc_clear\"><\/div>","protected":false},"excerpt":{"rendered":"<p>Fue derrota 3-1 en el Gigante de Arroyito Otra vez defendiendo muy mal, ayer por la tarde Argentinos Juniors perdi\u00f3 ante uno de los equipos m\u00e1s fuertes del campeonato en condici\u00f3n de local, Rosario Central. A los 14 minutos, el \u201cCanalla\u201d se puso en ventaja con gol de Juan Cruz Komar de cabeza, despu\u00e9s de [&hellip;]<\/p>\n<div class=\"pvc_clear\"><\/div>\n<p id=\"pvc_stats_61845\" class=\"pvc_stats all  \" data-element-id=\"61845\" style=\"\"><i class=\"pvc-stats-icon small\" aria-hidden=\"true\"><svg aria-hidden=\"true\" focusable=\"false\" data-prefix=\"far\" data-icon=\"chart-bar\" role=\"img\" xmlns=\"http:\/\/www.w3.org\/2000\/svg\" viewBox=\"0 0 512 512\" class=\"svg-inline--fa fa-chart-bar fa-w-16 fa-2x\"><path fill=\"currentColor\" d=\"M396.8 352h22.4c6.4 0 12.8-6.4 12.8-12.8V108.8c0-6.4-6.4-12.8-12.8-12.8h-22.4c-6.4 0-12.8 6.4-12.8 12.8v230.4c0 6.4 6.4 12.8 12.8 12.8zm-192 0h22.4c6.4 0 12.8-6.4 12.8-12.8V140.8c0-6.4-6.4-12.8-12.8-12.8h-22.4c-6.4 0-12.8 6.4-12.8 12.8v198.4c0 6.4 6.4 12.8 12.8 12.8zm96 0h22.4c6.4 0 12.8-6.4 12.8-12.8V204.8c0-6.4-6.4-12.8-12.8-12.8h-22.4c-6.4 0-12.8 6.4-12.8 12.8v134.4c0 6.4 6.4 12.8 12.8 12.8zM496 400H48V80c0-8.84-7.16-16-16-16H16C7.16 64 0 71.16 0 80v336c0 17.67 14.33 32 32 32h464c8.84 0 16-7.16 16-16v-16c0-8.84-7.16-16-16-16zm-387.2-48h22.4c6.4 0 12.8-6.4 12.8-12.8v-70.4c0-6.4-6.4-12.8-12.8-12.8h-22.4c-6.4 0-12.8 6.4-12.8 12.8v70.4c0 6.4 6.4 12.8 12.8 12.8z\" class=\"\"><\/path><\/svg><\/i> <img loading=\"lazy\" decoding=\"async\" width=\"16\" height=\"16\" alt=\"Loading\" src=\"https:\/\/vocesdelacomuna15.com.ar\/wp-content\/plugins\/page-views-count\/ajax-loader-2x.gif\" border=0 \/><\/p>\n<div class=\"pvc_clear\"><\/div>\n","protected":false},"author":2,"featured_media":61847,"comment_status":"open","ping_status":"open","sticky":false,"template":"","format":"standard","meta":{"_et_pb_use_builder":"off","_et_pb_old_content":"","_et_gb_content_width":"","footnotes":""},"categories":[6,27,29],"tags":[],"class_list":["post-61845","post","type-post","status-publish","format-standard","has-post-thumbnail","hentry","category-agro","category-deportes","category-lapa","et-has-post-format-content","et_post_format-et-post-format-standard"],"a3_pvc":{"activated":true,"total_views":20,"today_views":0},"yoast_head":"<!-- This site is optimized with the Yoast SEO plugin v27.5 - https:\/\/yoast.com\/product\/yoast-seo-wordpress\/ -->\n<title>Argentinos cay\u00f3 de nuevo, ante Central y en Rosario - Voces de la Comuna 15<\/title>\n<meta name=\"description\" content=\"Voces de la Comuna 15\" \/>\n<meta name=\"robots\" content=\"index, follow, max-snippet:-1, max-image-preview:large, max-video-preview:-1\" \/>\n<link rel=\"canonical\" href=\"https:\/\/vocesdelacomuna15.com.ar\/press\/argentinos-cayo-de-nuevo-ante-central-y-en-rosario\/\" \/>\n<meta property=\"og:locale\" content=\"es_ES\" \/>\n<meta property=\"og:type\" content=\"article\" \/>\n<meta property=\"og:title\" content=\"Argentinos cay\u00f3 de nuevo, ante Central y en Rosario - Voces de la Comuna 15\" \/>\n<meta property=\"og:description\" content=\"Voces de la Comuna 15\" \/>\n<meta property=\"og:url\" content=\"https:\/\/vocesdelacomuna15.com.ar\/press\/argentinos-cayo-de-nuevo-ante-central-y-en-rosario\/\" \/>\n<meta property=\"og:site_name\" content=\"Voces de la Comuna 15\" \/>\n<meta property=\"article:publisher\" content=\"https:\/\/www.facebook.com\/VocesComuna15\/\" \/>\n<meta property=\"article:published_time\" content=\"2023-10-30T19:13:55+00:00\" \/>\n<meta property=\"article:modified_time\" content=\"2023-10-30T19:13:57+00:00\" \/>\n<meta property=\"og:image\" content=\"https:\/\/vocesdelacomuna15.com.ar\/wp-content\/uploads\/2023\/10\/cambio-2000.png\" \/>\n\t<meta property=\"og:image:width\" content=\"508\" \/>\n\t<meta property=\"og:image:height\" content=\"410\" \/>\n\t<meta property=\"og:image:type\" content=\"image\/png\" \/>\n<meta name=\"author\" content=\"Federico Arguto\" \/>\n<meta name=\"twitter:card\" content=\"summary_large_image\" \/>\n<meta name=\"twitter:creator\" content=\"@vocescomuna15\" \/>\n<meta name=\"twitter:site\" content=\"@vocescomuna15\" \/>\n<meta name=\"twitter:label1\" content=\"Escrito por\" \/>\n\t<meta name=\"twitter:data1\" content=\"Federico Arguto\" \/>\n\t<meta name=\"twitter:label2\" content=\"Tiempo de lectura\" \/>\n\t<meta name=\"twitter:data2\" content=\"2 minutos\" \/>\n<script type=\"application\/ld+json\" class=\"yoast-schema-graph\">{\"@context\":\"https:\\\/\\\/schema.org\",\"@graph\":[{\"@type\":\"Article\",\"@id\":\"https:\\\/\\\/vocesdelacomuna15.com.ar\\\/press\\\/argentinos-cayo-de-nuevo-ante-central-y-en-rosario\\\/#article\",\"isPartOf\":{\"@id\":\"https:\\\/\\\/vocesdelacomuna15.com.ar\\\/press\\\/argentinos-cayo-de-nuevo-ante-central-y-en-rosario\\\/\"},\"author\":{\"name\":\"Federico Arguto\",\"@id\":\"https:\\\/\\\/vocesdelacomuna15.com.ar\\\/press\\\/#\\\/schema\\\/person\\\/4739e109db25d799cd3d139eeb509e43\"},\"headline\":\"Argentinos cay\u00f3 de nuevo, ante Central y en Rosario\",\"datePublished\":\"2023-10-30T19:13:55+00:00\",\"dateModified\":\"2023-10-30T19:13:57+00:00\",\"mainEntityOfPage\":{\"@id\":\"https:\\\/\\\/vocesdelacomuna15.com.ar\\\/press\\\/argentinos-cayo-de-nuevo-ante-central-y-en-rosario\\\/\"},\"wordCount\":462,\"commentCount\":0,\"publisher\":{\"@id\":\"https:\\\/\\\/vocesdelacomuna15.com.ar\\\/press\\\/#organization\"},\"image\":{\"@id\":\"https:\\\/\\\/vocesdelacomuna15.com.ar\\\/press\\\/argentinos-cayo-de-nuevo-ante-central-y-en-rosario\\\/#primaryimage\"},\"thumbnailUrl\":\"https:\\\/\\\/vocesdelacomuna15.com.ar\\\/wp-content\\\/uploads\\\/2023\\\/10\\\/cambio-2000.png\",\"articleSection\":[\"Agronom\u00eda\",\"Deportes\",\"La Paternal\"],\"inLanguage\":\"es-AR\",\"potentialAction\":[{\"@type\":\"CommentAction\",\"name\":\"Comment\",\"target\":[\"https:\\\/\\\/vocesdelacomuna15.com.ar\\\/press\\\/argentinos-cayo-de-nuevo-ante-central-y-en-rosario\\\/#respond\"]}]},{\"@type\":\"WebPage\",\"@id\":\"https:\\\/\\\/vocesdelacomuna15.com.ar\\\/press\\\/argentinos-cayo-de-nuevo-ante-central-y-en-rosario\\\/\",\"url\":\"https:\\\/\\\/vocesdelacomuna15.com.ar\\\/press\\\/argentinos-cayo-de-nuevo-ante-central-y-en-rosario\\\/\",\"name\":\"Argentinos cay\u00f3 de nuevo, ante Central y en Rosario - Voces de la Comuna 15\",\"isPartOf\":{\"@id\":\"https:\\\/\\\/vocesdelacomuna15.com.ar\\\/press\\\/#website\"},\"primaryImageOfPage\":{\"@id\":\"https:\\\/\\\/vocesdelacomuna15.com.ar\\\/press\\\/argentinos-cayo-de-nuevo-ante-central-y-en-rosario\\\/#primaryimage\"},\"image\":{\"@id\":\"https:\\\/\\\/vocesdelacomuna15.com.ar\\\/press\\\/argentinos-cayo-de-nuevo-ante-central-y-en-rosario\\\/#primaryimage\"},\"thumbnailUrl\":\"https:\\\/\\\/vocesdelacomuna15.com.ar\\\/wp-content\\\/uploads\\\/2023\\\/10\\\/cambio-2000.png\",\"datePublished\":\"2023-10-30T19:13:55+00:00\",\"dateModified\":\"2023-10-30T19:13:57+00:00\",\"description\":\"Voces de la Comuna 15\",\"breadcrumb\":{\"@id\":\"https:\\\/\\\/vocesdelacomuna15.com.ar\\\/press\\\/argentinos-cayo-de-nuevo-ante-central-y-en-rosario\\\/#breadcrumb\"},\"inLanguage\":\"es-AR\",\"potentialAction\":[{\"@type\":\"ReadAction\",\"target\":[\"https:\\\/\\\/vocesdelacomuna15.com.ar\\\/press\\\/argentinos-cayo-de-nuevo-ante-central-y-en-rosario\\\/\"]}]},{\"@type\":\"ImageObject\",\"inLanguage\":\"es-AR\",\"@id\":\"https:\\\/\\\/vocesdelacomuna15.com.ar\\\/press\\\/argentinos-cayo-de-nuevo-ante-central-y-en-rosario\\\/#primaryimage\",\"url\":\"https:\\\/\\\/vocesdelacomuna15.com.ar\\\/wp-content\\\/uploads\\\/2023\\\/10\\\/cambio-2000.png\",\"contentUrl\":\"https:\\\/\\\/vocesdelacomuna15.com.ar\\\/wp-content\\\/uploads\\\/2023\\\/10\\\/cambio-2000.png\",\"width\":508,\"height\":410},{\"@type\":\"BreadcrumbList\",\"@id\":\"https:\\\/\\\/vocesdelacomuna15.com.ar\\\/press\\\/argentinos-cayo-de-nuevo-ante-central-y-en-rosario\\\/#breadcrumb\",\"itemListElement\":[{\"@type\":\"ListItem\",\"position\":1,\"name\":\"Inicio\",\"item\":\"https:\\\/\\\/vocesdelacomuna15.com.ar\\\/press\\\/\"},{\"@type\":\"ListItem\",\"position\":2,\"name\":\"Argentinos cay\u00f3 de nuevo, ante Central y en Rosario\"}]},{\"@type\":\"WebSite\",\"@id\":\"https:\\\/\\\/vocesdelacomuna15.com.ar\\\/press\\\/#website\",\"url\":\"https:\\\/\\\/vocesdelacomuna15.com.ar\\\/press\\\/\",\"name\":\"Voces de la Comuna 15\",\"description\":\"Sitio web de noticias\",\"publisher\":{\"@id\":\"https:\\\/\\\/vocesdelacomuna15.com.ar\\\/press\\\/#organization\"},\"potentialAction\":[{\"@type\":\"SearchAction\",\"target\":{\"@type\":\"EntryPoint\",\"urlTemplate\":\"https:\\\/\\\/vocesdelacomuna15.com.ar\\\/press\\\/?s={search_term_string}\"},\"query-input\":{\"@type\":\"PropertyValueSpecification\",\"valueRequired\":true,\"valueName\":\"search_term_string\"}}],\"inLanguage\":\"es-AR\"},{\"@type\":\"Organization\",\"@id\":\"https:\\\/\\\/vocesdelacomuna15.com.ar\\\/press\\\/#organization\",\"name\":\"Voces de la Comuna 15\",\"url\":\"https:\\\/\\\/vocesdelacomuna15.com.ar\\\/press\\\/\",\"logo\":{\"@type\":\"ImageObject\",\"inLanguage\":\"es-AR\",\"@id\":\"https:\\\/\\\/vocesdelacomuna15.com.ar\\\/press\\\/#\\\/schema\\\/logo\\\/image\\\/\",\"url\":\"https:\\\/\\\/vocesdelacomuna15.com.ar\\\/wp-content\\\/uploads\\\/2024\\\/12\\\/cropped-logo_voces.jpg\",\"contentUrl\":\"https:\\\/\\\/vocesdelacomuna15.com.ar\\\/wp-content\\\/uploads\\\/2024\\\/12\\\/cropped-logo_voces.jpg\",\"width\":512,\"height\":512,\"caption\":\"Voces de la Comuna 15\"},\"image\":{\"@id\":\"https:\\\/\\\/vocesdelacomuna15.com.ar\\\/press\\\/#\\\/schema\\\/logo\\\/image\\\/\"},\"sameAs\":[\"https:\\\/\\\/www.facebook.com\\\/VocesComuna15\\\/\",\"https:\\\/\\\/x.com\\\/vocescomuna15\"]},{\"@type\":\"Person\",\"@id\":\"https:\\\/\\\/vocesdelacomuna15.com.ar\\\/press\\\/#\\\/schema\\\/person\\\/4739e109db25d799cd3d139eeb509e43\",\"name\":\"Federico Arguto\",\"image\":{\"@type\":\"ImageObject\",\"inLanguage\":\"es-AR\",\"@id\":\"https:\\\/\\\/vocesdelacomuna15.com.ar\\\/wp-content\\\/litespeed\\\/avatar\\\/82faf979976f1bae889b8b71f8a0a7e5.jpg?ver=1776814847\",\"url\":\"https:\\\/\\\/vocesdelacomuna15.com.ar\\\/wp-content\\\/litespeed\\\/avatar\\\/82faf979976f1bae889b8b71f8a0a7e5.jpg?ver=1776814847\",\"contentUrl\":\"https:\\\/\\\/vocesdelacomuna15.com.ar\\\/wp-content\\\/litespeed\\\/avatar\\\/82faf979976f1bae889b8b71f8a0a7e5.jpg?ver=1776814847\",\"caption\":\"Federico Arguto\"},\"url\":\"https:\\\/\\\/vocesdelacomuna15.com.ar\\\/press\\\/author\\\/fede\\\/\"}]}<\/script>\n<!-- \/ Yoast SEO plugin. -->","yoast_head_json":{"title":"Argentinos cay\u00f3 de nuevo, ante Central y en Rosario - Voces de la Comuna 15","description":"Voces de la Comuna 15","robots":{"index":"index","follow":"follow","max-snippet":"max-snippet:-1","max-image-preview":"max-image-preview:large","max-video-preview":"max-video-preview:-1"},"canonical":"https:\/\/vocesdelacomuna15.com.ar\/press\/argentinos-cayo-de-nuevo-ante-central-y-en-rosario\/","og_locale":"es_ES","og_type":"article","og_title":"Argentinos cay\u00f3 de nuevo, ante Central y en Rosario - Voces de la Comuna 15","og_description":"Voces de la Comuna 15","og_url":"https:\/\/vocesdelacomuna15.com.ar\/press\/argentinos-cayo-de-nuevo-ante-central-y-en-rosario\/","og_site_name":"Voces de la Comuna 15","article_publisher":"https:\/\/www.facebook.com\/VocesComuna15\/","article_published_time":"2023-10-30T19:13:55+00:00","article_modified_time":"2023-10-30T19:13:57+00:00","og_image":[{"width":508,"height":410,"url":"https:\/\/vocesdelacomuna15.com.ar\/wp-content\/uploads\/2023\/10\/cambio-2000.png","type":"image\/png"}],"author":"Federico Arguto","twitter_card":"summary_large_image","twitter_creator":"@vocescomuna15","twitter_site":"@vocescomuna15","twitter_misc":{"Escrito por":"Federico Arguto","Tiempo de lectura":"2 minutos"},"schema":{"@context":"https:\/\/schema.org","@graph":[{"@type":"Article","@id":"https:\/\/vocesdelacomuna15.com.ar\/press\/argentinos-cayo-de-nuevo-ante-central-y-en-rosario\/#article","isPartOf":{"@id":"https:\/\/vocesdelacomuna15.com.ar\/press\/argentinos-cayo-de-nuevo-ante-central-y-en-rosario\/"},"author":{"name":"Federico Arguto","@id":"https:\/\/vocesdelacomuna15.com.ar\/press\/#\/schema\/person\/4739e109db25d799cd3d139eeb509e43"},"headline":"Argentinos cay\u00f3 de nuevo, ante Central y en Rosario","datePublished":"2023-10-30T19:13:55+00:00","dateModified":"2023-10-30T19:13:57+00:00","mainEntityOfPage":{"@id":"https:\/\/vocesdelacomuna15.com.ar\/press\/argentinos-cayo-de-nuevo-ante-central-y-en-rosario\/"},"wordCount":462,"commentCount":0,"publisher":{"@id":"https:\/\/vocesdelacomuna15.com.ar\/press\/#organization"},"image":{"@id":"https:\/\/vocesdelacomuna15.com.ar\/press\/argentinos-cayo-de-nuevo-ante-central-y-en-rosario\/#primaryimage"},"thumbnailUrl":"https:\/\/vocesdelacomuna15.com.ar\/wp-content\/uploads\/2023\/10\/cambio-2000.png","articleSection":["Agronom\u00eda","Deportes","La Paternal"],"inLanguage":"es-AR","potentialAction":[{"@type":"CommentAction","name":"Comment","target":["https:\/\/vocesdelacomuna15.com.ar\/press\/argentinos-cayo-de-nuevo-ante-central-y-en-rosario\/#respond"]}]},{"@type":"WebPage","@id":"https:\/\/vocesdelacomuna15.com.ar\/press\/argentinos-cayo-de-nuevo-ante-central-y-en-rosario\/","url":"https:\/\/vocesdelacomuna15.com.ar\/press\/argentinos-cayo-de-nuevo-ante-central-y-en-rosario\/","name":"Argentinos cay\u00f3 de nuevo, ante Central y en Rosario - Voces de la Comuna 15","isPartOf":{"@id":"https:\/\/vocesdelacomuna15.com.ar\/press\/#website"},"primaryImageOfPage":{"@id":"https:\/\/vocesdelacomuna15.com.ar\/press\/argentinos-cayo-de-nuevo-ante-central-y-en-rosario\/#primaryimage"},"image":{"@id":"https:\/\/vocesdelacomuna15.com.ar\/press\/argentinos-cayo-de-nuevo-ante-central-y-en-rosario\/#primaryimage"},"thumbnailUrl":"https:\/\/vocesdelacomuna15.com.ar\/wp-content\/uploads\/2023\/10\/cambio-2000.png","datePublished":"2023-10-30T19:13:55+00:00","dateModified":"2023-10-30T19:13:57+00:00","description":"Voces de la Comuna 15","breadcrumb":{"@id":"https:\/\/vocesdelacomuna15.com.ar\/press\/argentinos-cayo-de-nuevo-ante-central-y-en-rosario\/#breadcrumb"},"inLanguage":"es-AR","potentialAction":[{"@type":"ReadAction","target":["https:\/\/vocesdelacomuna15.com.ar\/press\/argentinos-cayo-de-nuevo-ante-central-y-en-rosario\/"]}]},{"@type":"ImageObject","inLanguage":"es-AR","@id":"https:\/\/vocesdelacomuna15.com.ar\/press\/argentinos-cayo-de-nuevo-ante-central-y-en-rosario\/#primaryimage","url":"https:\/\/vocesdelacomuna15.com.ar\/wp-content\/uploads\/2023\/10\/cambio-2000.png","contentUrl":"https:\/\/vocesdelacomuna15.com.ar\/wp-content\/uploads\/2023\/10\/cambio-2000.png","width":508,"height":410},{"@type":"BreadcrumbList","@id":"https:\/\/vocesdelacomuna15.com.ar\/press\/argentinos-cayo-de-nuevo-ante-central-y-en-rosario\/#breadcrumb","itemListElement":[{"@type":"ListItem","position":1,"name":"Inicio","item":"https:\/\/vocesdelacomuna15.com.ar\/press\/"},{"@type":"ListItem","position":2,"name":"Argentinos cay\u00f3 de nuevo, ante Central y en Rosario"}]},{"@type":"WebSite","@id":"https:\/\/vocesdelacomuna15.com.ar\/press\/#website","url":"https:\/\/vocesdelacomuna15.com.ar\/press\/","name":"Voces de la Comuna 15","description":"Sitio web de noticias","publisher":{"@id":"https:\/\/vocesdelacomuna15.com.ar\/press\/#organization"},"potentialAction":[{"@type":"SearchAction","target":{"@type":"EntryPoint","urlTemplate":"https:\/\/vocesdelacomuna15.com.ar\/press\/?s={search_term_string}"},"query-input":{"@type":"PropertyValueSpecification","valueRequired":true,"valueName":"search_term_string"}}],"inLanguage":"es-AR"},{"@type":"Organization","@id":"https:\/\/vocesdelacomuna15.com.ar\/press\/#organization","name":"Voces de la Comuna 15","url":"https:\/\/vocesdelacomuna15.com.ar\/press\/","logo":{"@type":"ImageObject","inLanguage":"es-AR","@id":"https:\/\/vocesdelacomuna15.com.ar\/press\/#\/schema\/logo\/image\/","url":"https:\/\/vocesdelacomuna15.com.ar\/wp-content\/uploads\/2024\/12\/cropped-logo_voces.jpg","contentUrl":"https:\/\/vocesdelacomuna15.com.ar\/wp-content\/uploads\/2024\/12\/cropped-logo_voces.jpg","width":512,"height":512,"caption":"Voces de la Comuna 15"},"image":{"@id":"https:\/\/vocesdelacomuna15.com.ar\/press\/#\/schema\/logo\/image\/"},"sameAs":["https:\/\/www.facebook.com\/VocesComuna15\/","https:\/\/x.com\/vocescomuna15"]},{"@type":"Person","@id":"https:\/\/vocesdelacomuna15.com.ar\/press\/#\/schema\/person\/4739e109db25d799cd3d139eeb509e43","name":"Federico Arguto","image":{"@type":"ImageObject","inLanguage":"es-AR","@id":"https:\/\/vocesdelacomuna15.com.ar\/wp-content\/litespeed\/avatar\/82faf979976f1bae889b8b71f8a0a7e5.jpg?ver=1776814847","url":"https:\/\/vocesdelacomuna15.com.ar\/wp-content\/litespeed\/avatar\/82faf979976f1bae889b8b71f8a0a7e5.jpg?ver=1776814847","contentUrl":"https:\/\/vocesdelacomuna15.com.ar\/wp-content\/litespeed\/avatar\/82faf979976f1bae889b8b71f8a0a7e5.jpg?ver=1776814847","caption":"Federico Arguto"},"url":"https:\/\/vocesdelacomuna15.com.ar\/press\/author\/fede\/"}]}},"_links":{"self":[{"href":"https:\/\/vocesdelacomuna15.com.ar\/press\/wp-json\/wp\/v2\/posts\/61845","targetHints":{"allow":["GET"]}}],"collection":[{"href":"https:\/\/vocesdelacomuna15.com.ar\/press\/wp-json\/wp\/v2\/posts"}],"about":[{"href":"https:\/\/vocesdelacomuna15.com.ar\/press\/wp-json\/wp\/v2\/types\/post"}],"author":[{"embeddable":true,"href":"https:\/\/vocesdelacomuna15.com.ar\/press\/wp-json\/wp\/v2\/users\/2"}],"replies":[{"embeddable":true,"href":"https:\/\/vocesdelacomuna15.com.ar\/press\/wp-json\/wp\/v2\/comments?post=61845"}],"version-history":[{"count":1,"href":"https:\/\/vocesdelacomuna15.com.ar\/press\/wp-json\/wp\/v2\/posts\/61845\/revisions"}],"predecessor-version":[{"id":61848,"href":"https:\/\/vocesdelacomuna15.com.ar\/press\/wp-json\/wp\/v2\/posts\/61845\/revisions\/61848"}],"wp:featuredmedia":[{"embeddable":true,"href":"https:\/\/vocesdelacomuna15.com.ar\/press\/wp-json\/wp\/v2\/media\/61847"}],"wp:attachment":[{"href":"https:\/\/vocesdelacomuna15.com.ar\/press\/wp-json\/wp\/v2\/media?parent=61845"}],"wp:term":[{"taxonomy":"category","embeddable":true,"href":"https:\/\/vocesdelacomuna15.com.ar\/press\/wp-json\/wp\/v2\/categories?post=61845"},{"taxonomy":"post_tag","embeddable":true,"href":"https:\/\/vocesdelacomuna15.com.ar\/press\/wp-json\/wp\/v2\/tags?post=61845"}],"curies":[{"name":"wp","href":"https:\/\/api.w.org\/{rel}","templated":true}]}}