{"id":61840,"date":"2023-10-30T13:34:34","date_gmt":"2023-10-30T16:34:34","guid":{"rendered":"https:\/\/vocesdelacomuna15.com.ar\/?p=61840"},"modified":"2023-10-30T13:35:10","modified_gmt":"2023-10-30T16:35:10","slug":"se-viene-una-nueva-edicion-de-la-noche-de-las-disquerias","status":"publish","type":"post","link":"https:\/\/vocesdelacomuna15.com.ar\/press\/se-viene-una-nueva-edicion-de-la-noche-de-las-disquerias\/","title":{"rendered":"Se viene una nueva edici\u00f3n de la Noche de las Disquer\u00edas"},"content":{"rendered":"\n<p>El jueves 2 de noviembre se podr\u00e1n aprovechar descuentos y promociones comprando presencialmente en locales y en sitios de venta online adheridos. Como cada a\u00f1o, habr\u00e1 lanzamientos exclusivos y m\u00fasica en vivo para que los mel\u00f3manos disfruten un buen momento rodeados de vinilos y CDs. Fuente: Buenosaires.gob.ar<\/p>\n\n\n\n<p>Link a nota original: <a href=\"https:\/\/buenosaires.gob.ar\/noticias\/se-viene-una-nueva-edicion-de-la-noche-de-las-disquerias\">https:\/\/buenosaires.gob.ar\/noticias\/se-viene-una-nueva-edicion-de-la-noche-de-las-disquerias<\/a><\/p>\n\n\n\n<p><\/p>\n\n\n\n<p>Llega la&nbsp;<strong>15\u00aa Noche de las Disquer\u00edas<\/strong>, la velada de&nbsp;<strong>#NochesBA<\/strong>&nbsp;dedicada a las bateas, que se realizar\u00e1 en simult\u00e1neo en la Ciudad y en el interior del pa\u00eds, gracias al trabajo conjunto de&nbsp;<a href=\"https:\/\/www.capif.org.ar\/\">CAPIF<\/a>&nbsp;y la&nbsp;<a href=\"https:\/\/buenosaires.gob.ar\/vicejefatura\">Vicejefatura Porte\u00f1a<\/a>.<\/p>\n\n\n\n<figure class=\"wp-block-image size-large\"><img loading=\"lazy\" decoding=\"async\" width=\"1024\" height=\"213\" src=\"https:\/\/vocesdelacomuna15.com.ar\/wp-content\/uploads\/2023\/10\/disq2-1024x213.jpg\" alt=\"\" class=\"wp-image-61842\" srcset=\"https:\/\/vocesdelacomuna15.com.ar\/wp-content\/uploads\/2023\/10\/disq2-1024x213.jpg 1024w, https:\/\/vocesdelacomuna15.com.ar\/wp-content\/uploads\/2023\/10\/disq2-300x63.jpg 300w, https:\/\/vocesdelacomuna15.com.ar\/wp-content\/uploads\/2023\/10\/disq2-768x160.jpg 768w, https:\/\/vocesdelacomuna15.com.ar\/wp-content\/uploads\/2023\/10\/disq2-1536x320.jpg 1536w, https:\/\/vocesdelacomuna15.com.ar\/wp-content\/uploads\/2023\/10\/disq2-2048x427.jpg 2048w, https:\/\/vocesdelacomuna15.com.ar\/wp-content\/uploads\/2023\/10\/disq2-1080x225.jpg 1080w\" sizes=\"(max-width: 1024px) 100vw, 1024px\" \/><\/figure>\n\n\n\n<p>El&nbsp;<strong>jueves 2 de noviembre<\/strong>,&nbsp;<strong>desde las 18 horas<\/strong>, las tiendas musicales&nbsp;se sumar\u00e1n a la iniciativa con descuentos en los puntos de venta y, en muchos casos, con promociones en sus sitios de venta online. Tambi\u00e9n con lanzamientos especiales y m\u00fasica en vivo.&nbsp;<\/p>\n\n\n\n<p>Habr\u00e1 tres circuitos de disquer\u00edas en la Ciudad de Buenos Aires, denominados&nbsp;<em>Centro<\/em>,&nbsp;<em>Recoleta&nbsp;<\/em>y&nbsp;<em>Villa Crespo-Palermo.&nbsp;<\/em>Mientras que en la grilla de artistas que ofrecer\u00e1n shows en vivo est\u00e1n confirmados Lethal, Gram\u00e1tica Tapia, Cesar Pav\u00f3n Orquesta, Turbocoopers, Ambassador, Ivo Ferrer, Kaixara y Chechu Gim\u00e9nez.<\/p>\n\n\n\n<h2 class=\"wp-block-heading\">Circuitos de Disquer\u00edas adheridas<\/h2>\n\n\n\n<h3 class=\"wp-block-heading\">Circuito Centro<\/h3>\n\n\n\n<p><strong>Zivals &#8211; Av. Callao 395<\/strong><\/p>\n\n\n\n<ul class=\"wp-block-list\">\n<li>Descuento de 20% con cualquier medio de pago en CDs y vinilos.<\/li>\n<\/ul>\n\n\n\n<p><strong>El Ateneo &#8211; Florida 340<\/strong><\/p>\n\n\n\n<ul class=\"wp-block-list\">\n<li>Descuento de 20% con cualquier medio de pago en CDs y vinilos.<\/li>\n\n\n\n<li>Descuentos v\u00e1lidos tambi\u00e9n para compras online en tematika.com durante todo el d\u00eda (solo m\u00fasica).<\/li>\n<\/ul>\n\n\n\n<p><strong>El Ateneo &#8211; Florida 632<\/strong><\/p>\n\n\n\n<ul class=\"wp-block-list\">\n<li>Descuento de 20% con cualquier medio de pago en CDs y vinilos.<\/li>\n\n\n\n<li>Descuentos v\u00e1lidos tambi\u00e9n para compras online en tematika.com durante todo el d\u00eda (solo m\u00fasica).<\/li>\n<\/ul>\n\n\n\n<p><strong>La Cueva Musical &#8211; Esmeralda 494<\/strong><\/p>\n\n\n\n<ul class=\"wp-block-list\">\n<li>Descuento de 10% con cualquier medio de pago en todos los productos.<\/li>\n<\/ul>\n\n\n\n<p><strong>Buenos Aires Record Store &#8211; Esmeralda 374<\/strong><\/p>\n\n\n\n<ul class=\"wp-block-list\">\n<li>Descuento de 20% efectivo y transferencia en vinilos, CDs, cassettes y DVDs.<\/li>\n\n\n\n<li>Descuento de 10% con tarjeta de cr\u00e9dito en vinilos, CDs, cassettes y DVDs.<\/li>\n\n\n\n<li>Descuentos v\u00e1lidos tambi\u00e9n para compras online.<\/li>\n<\/ul>\n\n\n\n<h3 class=\"wp-block-heading\">Circuito Recoleta<\/h3>\n\n\n\n<p><strong>El Ateneo Grand Splendid &#8211; Av. Santa Fe 1860<\/strong><\/p>\n\n\n\n<ul class=\"wp-block-list\">\n<li>Descuento de 20% con cualquier medio de pago en CDs y vinilos.<\/li>\n\n\n\n<li>Descuentos v\u00e1lidos tambi\u00e9n para compras online en tematika.com durante todo el d\u00eda (solo m\u00fasica).<\/li>\n<\/ul>\n\n\n\n<p><strong>Backstage &#8211; Av. Pueyrred\u00f3n 1537<\/strong><\/p>\n\n\n\n<ul class=\"wp-block-list\">\n<li>Descuento de 10% con cualquier medio de pago en todos los productos.<\/li>\n<\/ul>\n\n\n\n<h3 class=\"wp-block-heading\">Circuito Villa Crespo-Palermo<\/h3>\n\n\n\n<p><strong>RGS Music &#8211; Av. Corrientes 5233 (Local 2)<\/strong><\/p>\n\n\n\n<ul class=\"wp-block-list\">\n<li>Show en vivo de Lethal, Gram\u00e1tica Tapia, Cesar Pav\u00f3n Orquesta y Turbocoopers.<\/li>\n\n\n\n<li>Descuento de 20% con cualquier medio de pago en todos los productos.<\/li>\n\n\n\n<li>Lanzamiento y venta exclusiva de \u201cSomos Trash\u201d, de Lethal. El d\u00fao de punk Gram\u00e1tica y Tapia dar\u00e1 a conocer su \u00e1lbum \u201c22 Insomnios\u201d en formato CD. Adem\u00e1s, una reliquia del jazz: Jorge L\u00f3pez Ruiz presenta, en formato CD y vinilo, \u201cCoraje Buenos Aires\u201d, un \u00e1lbum grabado en la d\u00e9cada del &#8217;70.<\/li>\n<\/ul>\n\n\n\n<p><strong>RockN&#8217;Freud &#8211; Arenales 3455<\/strong><\/p>\n\n\n\n<ul class=\"wp-block-list\">\n<li>Descuento de 15% en efectivo en todos los productos.<\/li>\n\n\n\n<li>Descuento de 10% mediante transferencia en todos los productos.<\/li>\n<\/ul>\n\n\n\n<p><strong>Tempo de Borges Disquer\u00eda &#8211; Borges 1666<\/strong><\/p>\n\n\n\n<ul class=\"wp-block-list\">\n<li>Descuento de 20% con pago al contado en todos los productos (solo m\u00fasica).<\/li>\n<\/ul>\n\n\n\n<p><strong>Mercurio &#8211; Av Santa Fe 2729 (Primer piso &#8211; Local 42)<\/strong><\/p>\n\n\n\n<ul class=\"wp-block-list\">\n<li>Descuento de 10% en efectivo en todos los productos.<\/li>\n\n\n\n<li>A partir de las 20 hs: Show en vivo de Ivo Ferrer, Kaixara y Chechu Gim\u00e9nez.<\/li>\n<\/ul>\n\n\n\n<p><strong>Velazco Disquer\u00eda &amp; Bar &#8211; Juan Ram\u00edrez de Velasco 492<\/strong><\/p>\n\n\n\n<ul class=\"wp-block-list\">\n<li>Feria de discos y descuentos en efectivo.<\/li>\n\n\n\n<li>M\u00fasica en vivo.<\/li>\n<\/ul>\n\n\n\n<p><strong>Record Shop &#8211; Padilla 645<\/strong><\/p>\n\n\n\n<ul class=\"wp-block-list\">\n<li>Descuento 10% efectivo en todos los productos durante todo el d\u00eda.<\/li>\n<\/ul>\n\n\n\n<p><strong>AVG Record Store &#8211; Av. Del Libertador 3883 (Arco 9)<\/strong><\/p>\n\n\n\n<ul class=\"wp-block-list\">\n<li>Descuento de 20% en efectivo, transferencia, tarjeta de d\u00e9bito o cr\u00e9dito(en un solo pago)en vinilos.<\/li>\n<\/ul>\n\n\n\n<h3 class=\"wp-block-heading\">M\u00e1s disquer\u00edas con descuentos y promociones<\/h3>\n\n\n\n<p><strong>LEF Casa de M\u00fasica&nbsp;<\/strong><\/p>\n\n\n\n<p><strong>Sucursales<\/strong>:&nbsp;<strong>Villa Urquiza<\/strong>&nbsp;(Av. Triunvirato 4673);&nbsp;<strong>Villa del Parque<\/strong>&nbsp;(Cuenca 2902);&nbsp;<strong>Adrogu\u00e9 Shopping Boulevard<\/strong>&nbsp;(Hip\u00f3lito Yrigoyen 13200, primer piso &#8211; Local 120);&nbsp;<strong>Tortugas Open Mall<\/strong>&nbsp;(Panamericana Km 36,5 &#8211; Ramal Pilar, primer piso &#8211; Local 130).<\/p>\n\n\n\n<ul class=\"wp-block-list\">\n<li>Descuento de 20% con cualquier medio de pago en vinilos, CDs, DVDs y blu rays.<\/li>\n\n\n\n<li>Descuento de 10% con cualquier medio de pago en bandejas y tocadiscos (productos&nbsp;seleccionados).&nbsp;<\/li>\n\n\n\n<li>Descuentos v\u00e1lidos tambi\u00e9n para compras online.<\/li>\n<\/ul>\n\n\n\n<p><strong>El Ateneo &#8211; Av. Cabildo 2093<\/strong><\/p>\n\n\n\n<ul class=\"wp-block-list\">\n<li>Descuento de 20% con cualquier medio de pago en CDs y vinilos.<\/li>\n\n\n\n<li>Descuentos v\u00e1lidos tambi\u00e9n para compras online en tematika.com durante todo el d\u00eda (solo m\u00fasica).<\/li>\n<\/ul>\n\n\n\n<p><strong>Samy Records &#8211; Av. San Mart\u00edn 2450<\/strong><\/p>\n\n\n\n<ul class=\"wp-block-list\">\n<li>Descuento de 20% con cualquier medio de pago en CDs y vinilos de origen nacional.<\/li>\n\n\n\n<li>A partir de las 20 hs: Show en vivo de la banda Ambassador (cupos limitados).<\/li>\n<\/ul>\n\n\n\n<p><strong>Toribio Records &#8211; Av. Rivadavia 4370 (Local 19)<\/strong><\/p>\n\n\n\n<ul class=\"wp-block-list\">\n<li>&lt;Descuento de 10% en efectivo o transferencia en discos nuevos, vinilos y CDs en oferta.<\/li>\n<\/ul>\n\n\n\n<p><strong>X El Cambio Records &#8211; Pichincha 2169<\/strong><\/p>\n\n\n\n<ul class=\"wp-block-list\">\n<li>Se obsequian un t\u00edtulo en CD con la compra de dos LP del mismo sello y un poster.<\/li>\n\n\n\n<li>Batea especial de CDs a $1.000 con cualquier medio de pago.<\/li>\n\n\n\n<li>Rinc\u00f3n especial para ni\u00f1os.<\/li>\n\n\n\n<li>El sello \u201cX El Cambio Records\u201d presenta el lanzamiento de la reedici\u00f3n del cl\u00e1sico disco &#8220;Nonpalidece&#8221; de la banda hom\u00f3nima, en formato vinilo LP y CD. Precio promocional solo por la Noche de las Disquer\u00edas.<\/li>\n<\/ul>\n\n\n\n<h3 class=\"wp-block-heading\">Disquer\u00edas con venta digital<\/h3>\n\n\n\n<p><strong>Discos en CBA &#8211; C\u00f3rdoba<\/strong><\/p>\n\n\n\n<ul class=\"wp-block-list\">\n<li>Descuento de 20% con cualquier medio de pago en cat\u00e1logo de vinilos y CDs.<\/li>\n\n\n\n<li>Liquidaci\u00f3n al costo en vinilos y CDs seleccionados.<\/li>\n\n\n\n<li>Descuentos y promos v\u00e1lidos para compras online de 18 hs a 21 hs.<\/li>\n<\/ul>\n\n\n\n<p>M\u00e1s info en&nbsp;<a href=\"https:\/\/www.facebook.com\/discosencordoba\/\">facebook.com\/discosencordoba\/<\/a><\/p>\n\n\n\n<p><strong>Viajero Inm\u00f3vil &#8211; CABA<\/strong><\/p>\n\n\n\n<ul class=\"wp-block-list\">\n<li>Descuento de 20% en CDs del sello.<\/li>\n\n\n\n<li>Descuento de 10% en la distribuci\u00f3n de CDs, LPs y libros.<\/li>\n<\/ul>\n\n\n\n<p>Conoc\u00e9 m\u00e1s ingresando a&nbsp;<a href=\"https:\/\/www.viajeroinmovil.com\/\">viajeroinmovil.com<\/a><\/p>\n\n\n\n<p><em>Noches BA es un programa econ\u00f3mico-cultural del \u00e1rea de Proyectos Especiales de la Vicejefatura de Gobierno porte\u00f1o, orientada al sector de entretenimientos, con el objetivo de impulsar el consumo y el empleo en la ciudad. Para conocer m\u00e1s, ingres\u00e1 a\u00a0<a href=\"https:\/\/buenosaires.gob.ar\/vicejefatura\/noches-ba\">buenosaires.gob.ar\/vicejefatura\/noches-ba<\/a>.<\/em><\/p>\n\n\n\n<p><\/p>\n\n\n\n<p>Caracteres: 5.493<\/p>\n<div class=\"pvc_clear\"><\/div><p id=\"pvc_stats_61840\" class=\"pvc_stats all  \" data-element-id=\"61840\" style=\"\"><i class=\"pvc-stats-icon small\" aria-hidden=\"true\"><svg aria-hidden=\"true\" focusable=\"false\" data-prefix=\"far\" data-icon=\"chart-bar\" role=\"img\" xmlns=\"http:\/\/www.w3.org\/2000\/svg\" viewBox=\"0 0 512 512\" class=\"svg-inline--fa fa-chart-bar fa-w-16 fa-2x\"><path fill=\"currentColor\" d=\"M396.8 352h22.4c6.4 0 12.8-6.4 12.8-12.8V108.8c0-6.4-6.4-12.8-12.8-12.8h-22.4c-6.4 0-12.8 6.4-12.8 12.8v230.4c0 6.4 6.4 12.8 12.8 12.8zm-192 0h22.4c6.4 0 12.8-6.4 12.8-12.8V140.8c0-6.4-6.4-12.8-12.8-12.8h-22.4c-6.4 0-12.8 6.4-12.8 12.8v198.4c0 6.4 6.4 12.8 12.8 12.8zm96 0h22.4c6.4 0 12.8-6.4 12.8-12.8V204.8c0-6.4-6.4-12.8-12.8-12.8h-22.4c-6.4 0-12.8 6.4-12.8 12.8v134.4c0 6.4 6.4 12.8 12.8 12.8zM496 400H48V80c0-8.84-7.16-16-16-16H16C7.16 64 0 71.16 0 80v336c0 17.67 14.33 32 32 32h464c8.84 0 16-7.16 16-16v-16c0-8.84-7.16-16-16-16zm-387.2-48h22.4c6.4 0 12.8-6.4 12.8-12.8v-70.4c0-6.4-6.4-12.8-12.8-12.8h-22.4c-6.4 0-12.8 6.4-12.8 12.8v70.4c0 6.4 6.4 12.8 12.8 12.8z\" class=\"\"><\/path><\/svg><\/i> <img loading=\"lazy\" decoding=\"async\" width=\"16\" height=\"16\" alt=\"Loading\" src=\"https:\/\/vocesdelacomuna15.com.ar\/wp-content\/plugins\/page-views-count\/ajax-loader-2x.gif\" border=0 \/><\/p><div class=\"pvc_clear\"><\/div>","protected":false},"excerpt":{"rendered":"<p>El jueves 2 de noviembre se podr\u00e1n aprovechar descuentos y promociones comprando presencialmente en locales y en sitios de venta online adheridos. Como cada a\u00f1o, habr\u00e1 lanzamientos exclusivos y m\u00fasica en vivo para que los mel\u00f3manos disfruten un buen momento rodeados de vinilos y CDs. Fuente: Buenosaires.gob.ar Link a nota original: https:\/\/buenosaires.gob.ar\/noticias\/se-viene-una-nueva-edicion-de-la-noche-de-las-disquerias Llega la&nbsp;15\u00aa Noche [&hellip;]<\/p>\n<div class=\"pvc_clear\"><\/div>\n<p id=\"pvc_stats_61840\" class=\"pvc_stats all  \" data-element-id=\"61840\" style=\"\"><i class=\"pvc-stats-icon small\" aria-hidden=\"true\"><svg aria-hidden=\"true\" focusable=\"false\" data-prefix=\"far\" data-icon=\"chart-bar\" role=\"img\" xmlns=\"http:\/\/www.w3.org\/2000\/svg\" viewBox=\"0 0 512 512\" class=\"svg-inline--fa fa-chart-bar fa-w-16 fa-2x\"><path fill=\"currentColor\" d=\"M396.8 352h22.4c6.4 0 12.8-6.4 12.8-12.8V108.8c0-6.4-6.4-12.8-12.8-12.8h-22.4c-6.4 0-12.8 6.4-12.8 12.8v230.4c0 6.4 6.4 12.8 12.8 12.8zm-192 0h22.4c6.4 0 12.8-6.4 12.8-12.8V140.8c0-6.4-6.4-12.8-12.8-12.8h-22.4c-6.4 0-12.8 6.4-12.8 12.8v198.4c0 6.4 6.4 12.8 12.8 12.8zm96 0h22.4c6.4 0 12.8-6.4 12.8-12.8V204.8c0-6.4-6.4-12.8-12.8-12.8h-22.4c-6.4 0-12.8 6.4-12.8 12.8v134.4c0 6.4 6.4 12.8 12.8 12.8zM496 400H48V80c0-8.84-7.16-16-16-16H16C7.16 64 0 71.16 0 80v336c0 17.67 14.33 32 32 32h464c8.84 0 16-7.16 16-16v-16c0-8.84-7.16-16-16-16zm-387.2-48h22.4c6.4 0 12.8-6.4 12.8-12.8v-70.4c0-6.4-6.4-12.8-12.8-12.8h-22.4c-6.4 0-12.8 6.4-12.8 12.8v70.4c0 6.4 6.4 12.8 12.8 12.8z\" class=\"\"><\/path><\/svg><\/i> <img loading=\"lazy\" decoding=\"async\" width=\"16\" height=\"16\" alt=\"Loading\" src=\"https:\/\/vocesdelacomuna15.com.ar\/wp-content\/plugins\/page-views-count\/ajax-loader-2x.gif\" border=0 \/><\/p>\n<div class=\"pvc_clear\"><\/div>\n","protected":false},"author":2,"featured_media":61841,"comment_status":"open","ping_status":"open","sticky":false,"template":"","format":"standard","meta":{"_et_pb_use_builder":"off","_et_pb_old_content":"","_et_gb_content_width":"","footnotes":""},"categories":[24],"tags":[],"class_list":["post-61840","post","type-post","status-publish","format-standard","has-post-thumbnail","hentry","category-cultura","et-has-post-format-content","et_post_format-et-post-format-standard"],"a3_pvc":{"activated":true,"total_views":28,"today_views":0},"yoast_head":"<!-- This site is optimized with the Yoast SEO plugin v27.5 - https:\/\/yoast.com\/product\/yoast-seo-wordpress\/ -->\n<title>Se viene una nueva edici\u00f3n de la Noche de las Disquer\u00edas - Voces de la Comuna 15<\/title>\n<meta name=\"description\" content=\"Voces de la Comuna 15\" \/>\n<meta name=\"robots\" content=\"index, follow, max-snippet:-1, max-image-preview:large, max-video-preview:-1\" \/>\n<link rel=\"canonical\" href=\"https:\/\/vocesdelacomuna15.com.ar\/press\/se-viene-una-nueva-edicion-de-la-noche-de-las-disquerias\/\" \/>\n<meta property=\"og:locale\" content=\"es_ES\" \/>\n<meta property=\"og:type\" content=\"article\" \/>\n<meta property=\"og:title\" content=\"Se viene una nueva edici\u00f3n de la Noche de las Disquer\u00edas - Voces de la Comuna 15\" \/>\n<meta property=\"og:description\" content=\"Voces de la Comuna 15\" \/>\n<meta property=\"og:url\" content=\"https:\/\/vocesdelacomuna15.com.ar\/press\/se-viene-una-nueva-edicion-de-la-noche-de-las-disquerias\/\" \/>\n<meta property=\"og:site_name\" content=\"Voces de la Comuna 15\" \/>\n<meta property=\"article:publisher\" content=\"https:\/\/www.facebook.com\/VocesComuna15\/\" \/>\n<meta property=\"article:published_time\" content=\"2023-10-30T16:34:34+00:00\" \/>\n<meta property=\"article:modified_time\" content=\"2023-10-30T16:35:10+00:00\" \/>\n<meta property=\"og:image\" content=\"https:\/\/vocesdelacomuna15.com.ar\/wp-content\/uploads\/2023\/10\/disq1-1024x683.jpg\" \/>\n\t<meta property=\"og:image:width\" content=\"1024\" \/>\n\t<meta property=\"og:image:height\" content=\"683\" \/>\n\t<meta property=\"og:image:type\" content=\"image\/jpeg\" \/>\n<meta name=\"author\" content=\"Federico Arguto\" \/>\n<meta name=\"twitter:card\" content=\"summary_large_image\" \/>\n<meta name=\"twitter:creator\" content=\"@vocescomuna15\" \/>\n<meta name=\"twitter:site\" content=\"@vocescomuna15\" \/>\n<meta name=\"twitter:label1\" content=\"Escrito por\" \/>\n\t<meta name=\"twitter:data1\" content=\"Federico Arguto\" \/>\n\t<meta name=\"twitter:label2\" content=\"Tiempo de lectura\" \/>\n\t<meta name=\"twitter:data2\" content=\"5 minutos\" \/>\n<script type=\"application\/ld+json\" class=\"yoast-schema-graph\">{\"@context\":\"https:\\\/\\\/schema.org\",\"@graph\":[{\"@type\":\"Article\",\"@id\":\"https:\\\/\\\/vocesdelacomuna15.com.ar\\\/press\\\/se-viene-una-nueva-edicion-de-la-noche-de-las-disquerias\\\/#article\",\"isPartOf\":{\"@id\":\"https:\\\/\\\/vocesdelacomuna15.com.ar\\\/press\\\/se-viene-una-nueva-edicion-de-la-noche-de-las-disquerias\\\/\"},\"author\":{\"name\":\"Federico Arguto\",\"@id\":\"https:\\\/\\\/vocesdelacomuna15.com.ar\\\/press\\\/#\\\/schema\\\/person\\\/4739e109db25d799cd3d139eeb509e43\"},\"headline\":\"Se viene una nueva edici\u00f3n de la Noche de las Disquer\u00edas\",\"datePublished\":\"2023-10-30T16:34:34+00:00\",\"dateModified\":\"2023-10-30T16:35:10+00:00\",\"mainEntityOfPage\":{\"@id\":\"https:\\\/\\\/vocesdelacomuna15.com.ar\\\/press\\\/se-viene-una-nueva-edicion-de-la-noche-de-las-disquerias\\\/\"},\"wordCount\":1046,\"commentCount\":0,\"publisher\":{\"@id\":\"https:\\\/\\\/vocesdelacomuna15.com.ar\\\/press\\\/#organization\"},\"image\":{\"@id\":\"https:\\\/\\\/vocesdelacomuna15.com.ar\\\/press\\\/se-viene-una-nueva-edicion-de-la-noche-de-las-disquerias\\\/#primaryimage\"},\"thumbnailUrl\":\"https:\\\/\\\/vocesdelacomuna15.com.ar\\\/wp-content\\\/uploads\\\/2023\\\/10\\\/disq1.jpg\",\"articleSection\":[\"Cultura\"],\"inLanguage\":\"es-AR\",\"potentialAction\":[{\"@type\":\"CommentAction\",\"name\":\"Comment\",\"target\":[\"https:\\\/\\\/vocesdelacomuna15.com.ar\\\/press\\\/se-viene-una-nueva-edicion-de-la-noche-de-las-disquerias\\\/#respond\"]}]},{\"@type\":\"WebPage\",\"@id\":\"https:\\\/\\\/vocesdelacomuna15.com.ar\\\/press\\\/se-viene-una-nueva-edicion-de-la-noche-de-las-disquerias\\\/\",\"url\":\"https:\\\/\\\/vocesdelacomuna15.com.ar\\\/press\\\/se-viene-una-nueva-edicion-de-la-noche-de-las-disquerias\\\/\",\"name\":\"Se viene una nueva edici\u00f3n de la Noche de las Disquer\u00edas - Voces de la Comuna 15\",\"isPartOf\":{\"@id\":\"https:\\\/\\\/vocesdelacomuna15.com.ar\\\/press\\\/#website\"},\"primaryImageOfPage\":{\"@id\":\"https:\\\/\\\/vocesdelacomuna15.com.ar\\\/press\\\/se-viene-una-nueva-edicion-de-la-noche-de-las-disquerias\\\/#primaryimage\"},\"image\":{\"@id\":\"https:\\\/\\\/vocesdelacomuna15.com.ar\\\/press\\\/se-viene-una-nueva-edicion-de-la-noche-de-las-disquerias\\\/#primaryimage\"},\"thumbnailUrl\":\"https:\\\/\\\/vocesdelacomuna15.com.ar\\\/wp-content\\\/uploads\\\/2023\\\/10\\\/disq1.jpg\",\"datePublished\":\"2023-10-30T16:34:34+00:00\",\"dateModified\":\"2023-10-30T16:35:10+00:00\",\"description\":\"Voces de la Comuna 15\",\"breadcrumb\":{\"@id\":\"https:\\\/\\\/vocesdelacomuna15.com.ar\\\/press\\\/se-viene-una-nueva-edicion-de-la-noche-de-las-disquerias\\\/#breadcrumb\"},\"inLanguage\":\"es-AR\",\"potentialAction\":[{\"@type\":\"ReadAction\",\"target\":[\"https:\\\/\\\/vocesdelacomuna15.com.ar\\\/press\\\/se-viene-una-nueva-edicion-de-la-noche-de-las-disquerias\\\/\"]}]},{\"@type\":\"ImageObject\",\"inLanguage\":\"es-AR\",\"@id\":\"https:\\\/\\\/vocesdelacomuna15.com.ar\\\/press\\\/se-viene-una-nueva-edicion-de-la-noche-de-las-disquerias\\\/#primaryimage\",\"url\":\"https:\\\/\\\/vocesdelacomuna15.com.ar\\\/wp-content\\\/uploads\\\/2023\\\/10\\\/disq1.jpg\",\"contentUrl\":\"https:\\\/\\\/vocesdelacomuna15.com.ar\\\/wp-content\\\/uploads\\\/2023\\\/10\\\/disq1.jpg\",\"width\":2544,\"height\":1696},{\"@type\":\"BreadcrumbList\",\"@id\":\"https:\\\/\\\/vocesdelacomuna15.com.ar\\\/press\\\/se-viene-una-nueva-edicion-de-la-noche-de-las-disquerias\\\/#breadcrumb\",\"itemListElement\":[{\"@type\":\"ListItem\",\"position\":1,\"name\":\"Inicio\",\"item\":\"https:\\\/\\\/vocesdelacomuna15.com.ar\\\/press\\\/\"},{\"@type\":\"ListItem\",\"position\":2,\"name\":\"Se viene una nueva edici\u00f3n de la Noche de las Disquer\u00edas\"}]},{\"@type\":\"WebSite\",\"@id\":\"https:\\\/\\\/vocesdelacomuna15.com.ar\\\/press\\\/#website\",\"url\":\"https:\\\/\\\/vocesdelacomuna15.com.ar\\\/press\\\/\",\"name\":\"Voces de la Comuna 15\",\"description\":\"Sitio web de noticias\",\"publisher\":{\"@id\":\"https:\\\/\\\/vocesdelacomuna15.com.ar\\\/press\\\/#organization\"},\"potentialAction\":[{\"@type\":\"SearchAction\",\"target\":{\"@type\":\"EntryPoint\",\"urlTemplate\":\"https:\\\/\\\/vocesdelacomuna15.com.ar\\\/press\\\/?s={search_term_string}\"},\"query-input\":{\"@type\":\"PropertyValueSpecification\",\"valueRequired\":true,\"valueName\":\"search_term_string\"}}],\"inLanguage\":\"es-AR\"},{\"@type\":\"Organization\",\"@id\":\"https:\\\/\\\/vocesdelacomuna15.com.ar\\\/press\\\/#organization\",\"name\":\"Voces de la Comuna 15\",\"url\":\"https:\\\/\\\/vocesdelacomuna15.com.ar\\\/press\\\/\",\"logo\":{\"@type\":\"ImageObject\",\"inLanguage\":\"es-AR\",\"@id\":\"https:\\\/\\\/vocesdelacomuna15.com.ar\\\/press\\\/#\\\/schema\\\/logo\\\/image\\\/\",\"url\":\"https:\\\/\\\/vocesdelacomuna15.com.ar\\\/wp-content\\\/uploads\\\/2024\\\/12\\\/cropped-logo_voces.jpg\",\"contentUrl\":\"https:\\\/\\\/vocesdelacomuna15.com.ar\\\/wp-content\\\/uploads\\\/2024\\\/12\\\/cropped-logo_voces.jpg\",\"width\":512,\"height\":512,\"caption\":\"Voces de la Comuna 15\"},\"image\":{\"@id\":\"https:\\\/\\\/vocesdelacomuna15.com.ar\\\/press\\\/#\\\/schema\\\/logo\\\/image\\\/\"},\"sameAs\":[\"https:\\\/\\\/www.facebook.com\\\/VocesComuna15\\\/\",\"https:\\\/\\\/x.com\\\/vocescomuna15\"]},{\"@type\":\"Person\",\"@id\":\"https:\\\/\\\/vocesdelacomuna15.com.ar\\\/press\\\/#\\\/schema\\\/person\\\/4739e109db25d799cd3d139eeb509e43\",\"name\":\"Federico Arguto\",\"image\":{\"@type\":\"ImageObject\",\"inLanguage\":\"es-AR\",\"@id\":\"https:\\\/\\\/vocesdelacomuna15.com.ar\\\/wp-content\\\/litespeed\\\/avatar\\\/82faf979976f1bae889b8b71f8a0a7e5.jpg?ver=1776814847\",\"url\":\"https:\\\/\\\/vocesdelacomuna15.com.ar\\\/wp-content\\\/litespeed\\\/avatar\\\/82faf979976f1bae889b8b71f8a0a7e5.jpg?ver=1776814847\",\"contentUrl\":\"https:\\\/\\\/vocesdelacomuna15.com.ar\\\/wp-content\\\/litespeed\\\/avatar\\\/82faf979976f1bae889b8b71f8a0a7e5.jpg?ver=1776814847\",\"caption\":\"Federico Arguto\"},\"url\":\"https:\\\/\\\/vocesdelacomuna15.com.ar\\\/press\\\/author\\\/fede\\\/\"}]}<\/script>\n<!-- \/ Yoast SEO plugin. -->","yoast_head_json":{"title":"Se viene una nueva edici\u00f3n de la Noche de las Disquer\u00edas - Voces de la Comuna 15","description":"Voces de la Comuna 15","robots":{"index":"index","follow":"follow","max-snippet":"max-snippet:-1","max-image-preview":"max-image-preview:large","max-video-preview":"max-video-preview:-1"},"canonical":"https:\/\/vocesdelacomuna15.com.ar\/press\/se-viene-una-nueva-edicion-de-la-noche-de-las-disquerias\/","og_locale":"es_ES","og_type":"article","og_title":"Se viene una nueva edici\u00f3n de la Noche de las Disquer\u00edas - Voces de la Comuna 15","og_description":"Voces de la Comuna 15","og_url":"https:\/\/vocesdelacomuna15.com.ar\/press\/se-viene-una-nueva-edicion-de-la-noche-de-las-disquerias\/","og_site_name":"Voces de la Comuna 15","article_publisher":"https:\/\/www.facebook.com\/VocesComuna15\/","article_published_time":"2023-10-30T16:34:34+00:00","article_modified_time":"2023-10-30T16:35:10+00:00","og_image":[{"width":1024,"height":683,"url":"https:\/\/vocesdelacomuna15.com.ar\/wp-content\/uploads\/2023\/10\/disq1-1024x683.jpg","type":"image\/jpeg"}],"author":"Federico Arguto","twitter_card":"summary_large_image","twitter_creator":"@vocescomuna15","twitter_site":"@vocescomuna15","twitter_misc":{"Escrito por":"Federico Arguto","Tiempo de lectura":"5 minutos"},"schema":{"@context":"https:\/\/schema.org","@graph":[{"@type":"Article","@id":"https:\/\/vocesdelacomuna15.com.ar\/press\/se-viene-una-nueva-edicion-de-la-noche-de-las-disquerias\/#article","isPartOf":{"@id":"https:\/\/vocesdelacomuna15.com.ar\/press\/se-viene-una-nueva-edicion-de-la-noche-de-las-disquerias\/"},"author":{"name":"Federico Arguto","@id":"https:\/\/vocesdelacomuna15.com.ar\/press\/#\/schema\/person\/4739e109db25d799cd3d139eeb509e43"},"headline":"Se viene una nueva edici\u00f3n de la Noche de las Disquer\u00edas","datePublished":"2023-10-30T16:34:34+00:00","dateModified":"2023-10-30T16:35:10+00:00","mainEntityOfPage":{"@id":"https:\/\/vocesdelacomuna15.com.ar\/press\/se-viene-una-nueva-edicion-de-la-noche-de-las-disquerias\/"},"wordCount":1046,"commentCount":0,"publisher":{"@id":"https:\/\/vocesdelacomuna15.com.ar\/press\/#organization"},"image":{"@id":"https:\/\/vocesdelacomuna15.com.ar\/press\/se-viene-una-nueva-edicion-de-la-noche-de-las-disquerias\/#primaryimage"},"thumbnailUrl":"https:\/\/vocesdelacomuna15.com.ar\/wp-content\/uploads\/2023\/10\/disq1.jpg","articleSection":["Cultura"],"inLanguage":"es-AR","potentialAction":[{"@type":"CommentAction","name":"Comment","target":["https:\/\/vocesdelacomuna15.com.ar\/press\/se-viene-una-nueva-edicion-de-la-noche-de-las-disquerias\/#respond"]}]},{"@type":"WebPage","@id":"https:\/\/vocesdelacomuna15.com.ar\/press\/se-viene-una-nueva-edicion-de-la-noche-de-las-disquerias\/","url":"https:\/\/vocesdelacomuna15.com.ar\/press\/se-viene-una-nueva-edicion-de-la-noche-de-las-disquerias\/","name":"Se viene una nueva edici\u00f3n de la Noche de las Disquer\u00edas - Voces de la Comuna 15","isPartOf":{"@id":"https:\/\/vocesdelacomuna15.com.ar\/press\/#website"},"primaryImageOfPage":{"@id":"https:\/\/vocesdelacomuna15.com.ar\/press\/se-viene-una-nueva-edicion-de-la-noche-de-las-disquerias\/#primaryimage"},"image":{"@id":"https:\/\/vocesdelacomuna15.com.ar\/press\/se-viene-una-nueva-edicion-de-la-noche-de-las-disquerias\/#primaryimage"},"thumbnailUrl":"https:\/\/vocesdelacomuna15.com.ar\/wp-content\/uploads\/2023\/10\/disq1.jpg","datePublished":"2023-10-30T16:34:34+00:00","dateModified":"2023-10-30T16:35:10+00:00","description":"Voces de la Comuna 15","breadcrumb":{"@id":"https:\/\/vocesdelacomuna15.com.ar\/press\/se-viene-una-nueva-edicion-de-la-noche-de-las-disquerias\/#breadcrumb"},"inLanguage":"es-AR","potentialAction":[{"@type":"ReadAction","target":["https:\/\/vocesdelacomuna15.com.ar\/press\/se-viene-una-nueva-edicion-de-la-noche-de-las-disquerias\/"]}]},{"@type":"ImageObject","inLanguage":"es-AR","@id":"https:\/\/vocesdelacomuna15.com.ar\/press\/se-viene-una-nueva-edicion-de-la-noche-de-las-disquerias\/#primaryimage","url":"https:\/\/vocesdelacomuna15.com.ar\/wp-content\/uploads\/2023\/10\/disq1.jpg","contentUrl":"https:\/\/vocesdelacomuna15.com.ar\/wp-content\/uploads\/2023\/10\/disq1.jpg","width":2544,"height":1696},{"@type":"BreadcrumbList","@id":"https:\/\/vocesdelacomuna15.com.ar\/press\/se-viene-una-nueva-edicion-de-la-noche-de-las-disquerias\/#breadcrumb","itemListElement":[{"@type":"ListItem","position":1,"name":"Inicio","item":"https:\/\/vocesdelacomuna15.com.ar\/press\/"},{"@type":"ListItem","position":2,"name":"Se viene una nueva edici\u00f3n de la Noche de las Disquer\u00edas"}]},{"@type":"WebSite","@id":"https:\/\/vocesdelacomuna15.com.ar\/press\/#website","url":"https:\/\/vocesdelacomuna15.com.ar\/press\/","name":"Voces de la Comuna 15","description":"Sitio web de noticias","publisher":{"@id":"https:\/\/vocesdelacomuna15.com.ar\/press\/#organization"},"potentialAction":[{"@type":"SearchAction","target":{"@type":"EntryPoint","urlTemplate":"https:\/\/vocesdelacomuna15.com.ar\/press\/?s={search_term_string}"},"query-input":{"@type":"PropertyValueSpecification","valueRequired":true,"valueName":"search_term_string"}}],"inLanguage":"es-AR"},{"@type":"Organization","@id":"https:\/\/vocesdelacomuna15.com.ar\/press\/#organization","name":"Voces de la Comuna 15","url":"https:\/\/vocesdelacomuna15.com.ar\/press\/","logo":{"@type":"ImageObject","inLanguage":"es-AR","@id":"https:\/\/vocesdelacomuna15.com.ar\/press\/#\/schema\/logo\/image\/","url":"https:\/\/vocesdelacomuna15.com.ar\/wp-content\/uploads\/2024\/12\/cropped-logo_voces.jpg","contentUrl":"https:\/\/vocesdelacomuna15.com.ar\/wp-content\/uploads\/2024\/12\/cropped-logo_voces.jpg","width":512,"height":512,"caption":"Voces de la Comuna 15"},"image":{"@id":"https:\/\/vocesdelacomuna15.com.ar\/press\/#\/schema\/logo\/image\/"},"sameAs":["https:\/\/www.facebook.com\/VocesComuna15\/","https:\/\/x.com\/vocescomuna15"]},{"@type":"Person","@id":"https:\/\/vocesdelacomuna15.com.ar\/press\/#\/schema\/person\/4739e109db25d799cd3d139eeb509e43","name":"Federico Arguto","image":{"@type":"ImageObject","inLanguage":"es-AR","@id":"https:\/\/vocesdelacomuna15.com.ar\/wp-content\/litespeed\/avatar\/82faf979976f1bae889b8b71f8a0a7e5.jpg?ver=1776814847","url":"https:\/\/vocesdelacomuna15.com.ar\/wp-content\/litespeed\/avatar\/82faf979976f1bae889b8b71f8a0a7e5.jpg?ver=1776814847","contentUrl":"https:\/\/vocesdelacomuna15.com.ar\/wp-content\/litespeed\/avatar\/82faf979976f1bae889b8b71f8a0a7e5.jpg?ver=1776814847","caption":"Federico Arguto"},"url":"https:\/\/vocesdelacomuna15.com.ar\/press\/author\/fede\/"}]}},"_links":{"self":[{"href":"https:\/\/vocesdelacomuna15.com.ar\/press\/wp-json\/wp\/v2\/posts\/61840","targetHints":{"allow":["GET"]}}],"collection":[{"href":"https:\/\/vocesdelacomuna15.com.ar\/press\/wp-json\/wp\/v2\/posts"}],"about":[{"href":"https:\/\/vocesdelacomuna15.com.ar\/press\/wp-json\/wp\/v2\/types\/post"}],"author":[{"embeddable":true,"href":"https:\/\/vocesdelacomuna15.com.ar\/press\/wp-json\/wp\/v2\/users\/2"}],"replies":[{"embeddable":true,"href":"https:\/\/vocesdelacomuna15.com.ar\/press\/wp-json\/wp\/v2\/comments?post=61840"}],"version-history":[{"count":2,"href":"https:\/\/vocesdelacomuna15.com.ar\/press\/wp-json\/wp\/v2\/posts\/61840\/revisions"}],"predecessor-version":[{"id":61844,"href":"https:\/\/vocesdelacomuna15.com.ar\/press\/wp-json\/wp\/v2\/posts\/61840\/revisions\/61844"}],"wp:featuredmedia":[{"embeddable":true,"href":"https:\/\/vocesdelacomuna15.com.ar\/press\/wp-json\/wp\/v2\/media\/61841"}],"wp:attachment":[{"href":"https:\/\/vocesdelacomuna15.com.ar\/press\/wp-json\/wp\/v2\/media?parent=61840"}],"wp:term":[{"taxonomy":"category","embeddable":true,"href":"https:\/\/vocesdelacomuna15.com.ar\/press\/wp-json\/wp\/v2\/categories?post=61840"},{"taxonomy":"post_tag","embeddable":true,"href":"https:\/\/vocesdelacomuna15.com.ar\/press\/wp-json\/wp\/v2\/tags?post=61840"}],"curies":[{"name":"wp","href":"https:\/\/api.w.org\/{rel}","templated":true}]}}