{"id":61827,"date":"2023-10-29T19:18:24","date_gmt":"2023-10-29T22:18:24","guid":{"rendered":"https:\/\/vocesdelacomuna15.com.ar\/?p=61827"},"modified":"2023-10-29T19:25:29","modified_gmt":"2023-10-29T22:25:29","slug":"argentinos-juniors-repudia-conducta-antisemita-en-fiesta-privada-en-su-microestadio-de-la-paternal","status":"publish","type":"post","link":"https:\/\/vocesdelacomuna15.com.ar\/press\/argentinos-juniors-repudia-conducta-antisemita-en-fiesta-privada-en-su-microestadio-de-la-paternal\/","title":{"rendered":"Argentinos Juniors repudia conducta antisemita en fiesta privada en su microestadio de La Paternal"},"content":{"rendered":"\n<p>Con motivo de la celebraci\u00f3n de Halloween, un joven asisti\u00f3 caracterizado como el dictador y genocida alem\u00e1n Adolf Hitler a una fiesta de disfraces organizada por una empresa de eventos. Fuente: EldiarioAR.com<\/p>\n\n\n\n<p>Argentinos Juniors conden\u00f3 este domingo una conducta antisemita llevada a cabo durante una fiesta privada que se realiz\u00f3 en su microestadio Malvinas Argentinas del barrio porte\u00f1o de La Paternal.<\/p>\n\n\n\n<p><strong>Con motivo de la celebraci\u00f3n de Halloween, un joven asisti\u00f3 caracterizado como el dictador y genocida alem\u00e1n Adolf Hitler a una fiesta de disfraces organizada por una empresa de eventos.<\/strong><\/p>\n\n\n\n<p>Fotos y videos subidos a las redes sociales muestran al invitado con el bigote t\u00edpico del militar y un saco que emulaba su uniforme, con un brazalete rojo que conten\u00eda la cruz esv\u00e1stica.<\/p>\n\n\n\n<p><strong>El joven fue expulsado del lugar entre recriminaciones de otros invitados que rechazaron el agravio de exaltar la figura del l\u00edder del movimiento nacionalsocialista alem\u00e1n.<\/strong><\/p>\n\n\n\n<p>Argentinos Juniors replic\u00f3 un comunicado de su Comisi\u00f3n de Derechos Humanos publicado en ese mismo sentido: \u201cDesde la Comisi\u00f3n de Derechos Humanos y desde todo Argentinos Juniors, repudiamos la reivindicaci\u00f3n que entendemos que esta persona busc\u00f3 hacer present\u00e1ndose as\u00ed vestido\u201d.<\/p>\n\n\n\n<p>\u201cEn contextos de negacionismo creciente a nivel social nos parece preocupante, aunque nuestro club no fuera el organizador del evento. Hoy m\u00e1s que nunca #Memoria, #Verdad y #Justicia\u201d, expres\u00f3.<\/p>\n\n\n\n<p><\/p>\n\n\n\n<p>Foto de portada: Twitter\/Prensa Argentinos Juniors<\/p>\n\n\n\n<figure class=\"wp-block-embed is-type-rich is-provider-twitter wp-block-embed-twitter\"><div class=\"wp-block-embed__wrapper\">\n<blockquote class=\"twitter-tweet\" data-width=\"550\" data-dnt=\"true\"><p lang=\"pt\" dir=\"ltr\"><a href=\"https:\/\/twitter.com\/hashtag\/AAAJ?src=hash&amp;ref_src=twsrc%5Etfw\">#AAAJ<\/a> [COMUNICADO] <a href=\"https:\/\/twitter.com\/AAAJoficial?ref_src=twsrc%5Etfw\">@AAAJoficial<\/a> <a href=\"https:\/\/t.co\/wo8WpMf2in\">pic.twitter.com\/wo8WpMf2in<\/a><\/p>&mdash; aaajderechoshumanos (@aaajddhh) <a href=\"https:\/\/twitter.com\/aaajddhh\/status\/1718346987353813332?ref_src=twsrc%5Etfw\">October 28, 2023<\/a><\/blockquote><script async src=\"https:\/\/platform.twitter.com\/widgets.js\" charset=\"utf-8\"><\/script>\n<\/div><\/figure>\n<div class=\"pvc_clear\"><\/div><p id=\"pvc_stats_61827\" class=\"pvc_stats all  \" data-element-id=\"61827\" style=\"\"><i class=\"pvc-stats-icon small\" aria-hidden=\"true\"><svg aria-hidden=\"true\" focusable=\"false\" data-prefix=\"far\" data-icon=\"chart-bar\" role=\"img\" xmlns=\"http:\/\/www.w3.org\/2000\/svg\" viewBox=\"0 0 512 512\" class=\"svg-inline--fa fa-chart-bar fa-w-16 fa-2x\"><path fill=\"currentColor\" d=\"M396.8 352h22.4c6.4 0 12.8-6.4 12.8-12.8V108.8c0-6.4-6.4-12.8-12.8-12.8h-22.4c-6.4 0-12.8 6.4-12.8 12.8v230.4c0 6.4 6.4 12.8 12.8 12.8zm-192 0h22.4c6.4 0 12.8-6.4 12.8-12.8V140.8c0-6.4-6.4-12.8-12.8-12.8h-22.4c-6.4 0-12.8 6.4-12.8 12.8v198.4c0 6.4 6.4 12.8 12.8 12.8zm96 0h22.4c6.4 0 12.8-6.4 12.8-12.8V204.8c0-6.4-6.4-12.8-12.8-12.8h-22.4c-6.4 0-12.8 6.4-12.8 12.8v134.4c0 6.4 6.4 12.8 12.8 12.8zM496 400H48V80c0-8.84-7.16-16-16-16H16C7.16 64 0 71.16 0 80v336c0 17.67 14.33 32 32 32h464c8.84 0 16-7.16 16-16v-16c0-8.84-7.16-16-16-16zm-387.2-48h22.4c6.4 0 12.8-6.4 12.8-12.8v-70.4c0-6.4-6.4-12.8-12.8-12.8h-22.4c-6.4 0-12.8 6.4-12.8 12.8v70.4c0 6.4 6.4 12.8 12.8 12.8z\" class=\"\"><\/path><\/svg><\/i> <img loading=\"lazy\" decoding=\"async\" width=\"16\" height=\"16\" alt=\"Loading\" src=\"https:\/\/vocesdelacomuna15.com.ar\/wp-content\/plugins\/page-views-count\/ajax-loader-2x.gif\" border=0 \/><\/p><div class=\"pvc_clear\"><\/div>","protected":false},"excerpt":{"rendered":"<p>Con motivo de la celebraci\u00f3n de Halloween, un joven asisti\u00f3 caracterizado como el dictador y genocida alem\u00e1n Adolf Hitler a una fiesta de disfraces organizada por una empresa de eventos. Fuente: EldiarioAR.com Argentinos Juniors conden\u00f3 este domingo una conducta antisemita llevada a cabo durante una fiesta privada que se realiz\u00f3 en su microestadio Malvinas Argentinas [&hellip;]<\/p>\n<div class=\"pvc_clear\"><\/div>\n<p id=\"pvc_stats_61827\" class=\"pvc_stats all  \" data-element-id=\"61827\" style=\"\"><i class=\"pvc-stats-icon small\" aria-hidden=\"true\"><svg aria-hidden=\"true\" focusable=\"false\" data-prefix=\"far\" data-icon=\"chart-bar\" role=\"img\" xmlns=\"http:\/\/www.w3.org\/2000\/svg\" viewBox=\"0 0 512 512\" class=\"svg-inline--fa fa-chart-bar fa-w-16 fa-2x\"><path fill=\"currentColor\" d=\"M396.8 352h22.4c6.4 0 12.8-6.4 12.8-12.8V108.8c0-6.4-6.4-12.8-12.8-12.8h-22.4c-6.4 0-12.8 6.4-12.8 12.8v230.4c0 6.4 6.4 12.8 12.8 12.8zm-192 0h22.4c6.4 0 12.8-6.4 12.8-12.8V140.8c0-6.4-6.4-12.8-12.8-12.8h-22.4c-6.4 0-12.8 6.4-12.8 12.8v198.4c0 6.4 6.4 12.8 12.8 12.8zm96 0h22.4c6.4 0 12.8-6.4 12.8-12.8V204.8c0-6.4-6.4-12.8-12.8-12.8h-22.4c-6.4 0-12.8 6.4-12.8 12.8v134.4c0 6.4 6.4 12.8 12.8 12.8zM496 400H48V80c0-8.84-7.16-16-16-16H16C7.16 64 0 71.16 0 80v336c0 17.67 14.33 32 32 32h464c8.84 0 16-7.16 16-16v-16c0-8.84-7.16-16-16-16zm-387.2-48h22.4c6.4 0 12.8-6.4 12.8-12.8v-70.4c0-6.4-6.4-12.8-12.8-12.8h-22.4c-6.4 0-12.8 6.4-12.8 12.8v70.4c0 6.4 6.4 12.8 12.8 12.8z\" class=\"\"><\/path><\/svg><\/i> <img loading=\"lazy\" decoding=\"async\" width=\"16\" height=\"16\" alt=\"Loading\" src=\"https:\/\/vocesdelacomuna15.com.ar\/wp-content\/plugins\/page-views-count\/ajax-loader-2x.gif\" border=0 \/><\/p>\n<div class=\"pvc_clear\"><\/div>\n","protected":false},"author":2,"featured_media":61831,"comment_status":"open","ping_status":"open","sticky":false,"template":"","format":"standard","meta":{"_et_pb_use_builder":"off","_et_pb_old_content":"","_et_gb_content_width":"","footnotes":""},"categories":[29,8],"tags":[],"class_list":["post-61827","post","type-post","status-publish","format-standard","has-post-thumbnail","hentry","category-lapa","category-sociedad","et-has-post-format-content","et_post_format-et-post-format-standard"],"a3_pvc":{"activated":true,"total_views":16,"today_views":0},"yoast_head":"<!-- This site is optimized with the Yoast SEO plugin v27.5 - https:\/\/yoast.com\/product\/yoast-seo-wordpress\/ -->\n<title>Argentinos Juniors repudia conducta antisemita en fiesta privada en su microestadio de La Paternal - Voces de la Comuna 15<\/title>\n<meta name=\"description\" content=\"Voces de la Comuna 15\" \/>\n<meta name=\"robots\" content=\"index, follow, max-snippet:-1, max-image-preview:large, max-video-preview:-1\" \/>\n<link rel=\"canonical\" href=\"https:\/\/vocesdelacomuna15.com.ar\/press\/argentinos-juniors-repudia-conducta-antisemita-en-fiesta-privada-en-su-microestadio-de-la-paternal\/\" \/>\n<meta property=\"og:locale\" content=\"es_ES\" \/>\n<meta property=\"og:type\" content=\"article\" \/>\n<meta property=\"og:title\" content=\"Argentinos Juniors repudia conducta antisemita en fiesta privada en su microestadio de La Paternal - Voces de la Comuna 15\" \/>\n<meta property=\"og:description\" content=\"Voces de la Comuna 15\" \/>\n<meta property=\"og:url\" content=\"https:\/\/vocesdelacomuna15.com.ar\/press\/argentinos-juniors-repudia-conducta-antisemita-en-fiesta-privada-en-su-microestadio-de-la-paternal\/\" \/>\n<meta property=\"og:site_name\" content=\"Voces de la Comuna 15\" \/>\n<meta property=\"article:publisher\" content=\"https:\/\/www.facebook.com\/VocesComuna15\/\" \/>\n<meta property=\"article:published_time\" content=\"2023-10-29T22:18:24+00:00\" \/>\n<meta property=\"article:modified_time\" content=\"2023-10-29T22:25:29+00:00\" \/>\n<meta property=\"og:image\" content=\"https:\/\/vocesdelacomuna15.com.ar\/wp-content\/uploads\/2023\/10\/micro.png\" \/>\n\t<meta property=\"og:image:width\" content=\"444\" \/>\n\t<meta property=\"og:image:height\" content=\"297\" \/>\n\t<meta property=\"og:image:type\" content=\"image\/png\" \/>\n<meta name=\"author\" content=\"Federico Arguto\" \/>\n<meta name=\"twitter:card\" content=\"summary_large_image\" \/>\n<meta name=\"twitter:creator\" content=\"@vocescomuna15\" \/>\n<meta name=\"twitter:site\" content=\"@vocescomuna15\" \/>\n<meta name=\"twitter:label1\" content=\"Escrito por\" \/>\n\t<meta name=\"twitter:data1\" content=\"Federico Arguto\" \/>\n\t<meta name=\"twitter:label2\" content=\"Tiempo de lectura\" \/>\n\t<meta name=\"twitter:data2\" content=\"1 minuto\" \/>\n<script type=\"application\/ld+json\" class=\"yoast-schema-graph\">{\"@context\":\"https:\\\/\\\/schema.org\",\"@graph\":[{\"@type\":\"Article\",\"@id\":\"https:\\\/\\\/vocesdelacomuna15.com.ar\\\/press\\\/argentinos-juniors-repudia-conducta-antisemita-en-fiesta-privada-en-su-microestadio-de-la-paternal\\\/#article\",\"isPartOf\":{\"@id\":\"https:\\\/\\\/vocesdelacomuna15.com.ar\\\/press\\\/argentinos-juniors-repudia-conducta-antisemita-en-fiesta-privada-en-su-microestadio-de-la-paternal\\\/\"},\"author\":{\"name\":\"Federico Arguto\",\"@id\":\"https:\\\/\\\/vocesdelacomuna15.com.ar\\\/press\\\/#\\\/schema\\\/person\\\/4739e109db25d799cd3d139eeb509e43\"},\"headline\":\"Argentinos Juniors repudia conducta antisemita en fiesta privada en su microestadio de La Paternal\",\"datePublished\":\"2023-10-29T22:18:24+00:00\",\"dateModified\":\"2023-10-29T22:25:29+00:00\",\"mainEntityOfPage\":{\"@id\":\"https:\\\/\\\/vocesdelacomuna15.com.ar\\\/press\\\/argentinos-juniors-repudia-conducta-antisemita-en-fiesta-privada-en-su-microestadio-de-la-paternal\\\/\"},\"wordCount\":260,\"commentCount\":0,\"publisher\":{\"@id\":\"https:\\\/\\\/vocesdelacomuna15.com.ar\\\/press\\\/#organization\"},\"image\":{\"@id\":\"https:\\\/\\\/vocesdelacomuna15.com.ar\\\/press\\\/argentinos-juniors-repudia-conducta-antisemita-en-fiesta-privada-en-su-microestadio-de-la-paternal\\\/#primaryimage\"},\"thumbnailUrl\":\"https:\\\/\\\/vocesdelacomuna15.com.ar\\\/wp-content\\\/uploads\\\/2023\\\/10\\\/micro.png\",\"articleSection\":[\"La Paternal\",\"Sociedad\"],\"inLanguage\":\"es-AR\",\"potentialAction\":[{\"@type\":\"CommentAction\",\"name\":\"Comment\",\"target\":[\"https:\\\/\\\/vocesdelacomuna15.com.ar\\\/press\\\/argentinos-juniors-repudia-conducta-antisemita-en-fiesta-privada-en-su-microestadio-de-la-paternal\\\/#respond\"]}]},{\"@type\":\"WebPage\",\"@id\":\"https:\\\/\\\/vocesdelacomuna15.com.ar\\\/press\\\/argentinos-juniors-repudia-conducta-antisemita-en-fiesta-privada-en-su-microestadio-de-la-paternal\\\/\",\"url\":\"https:\\\/\\\/vocesdelacomuna15.com.ar\\\/press\\\/argentinos-juniors-repudia-conducta-antisemita-en-fiesta-privada-en-su-microestadio-de-la-paternal\\\/\",\"name\":\"Argentinos Juniors repudia conducta antisemita en fiesta privada en su microestadio de La Paternal - Voces de la Comuna 15\",\"isPartOf\":{\"@id\":\"https:\\\/\\\/vocesdelacomuna15.com.ar\\\/press\\\/#website\"},\"primaryImageOfPage\":{\"@id\":\"https:\\\/\\\/vocesdelacomuna15.com.ar\\\/press\\\/argentinos-juniors-repudia-conducta-antisemita-en-fiesta-privada-en-su-microestadio-de-la-paternal\\\/#primaryimage\"},\"image\":{\"@id\":\"https:\\\/\\\/vocesdelacomuna15.com.ar\\\/press\\\/argentinos-juniors-repudia-conducta-antisemita-en-fiesta-privada-en-su-microestadio-de-la-paternal\\\/#primaryimage\"},\"thumbnailUrl\":\"https:\\\/\\\/vocesdelacomuna15.com.ar\\\/wp-content\\\/uploads\\\/2023\\\/10\\\/micro.png\",\"datePublished\":\"2023-10-29T22:18:24+00:00\",\"dateModified\":\"2023-10-29T22:25:29+00:00\",\"description\":\"Voces de la Comuna 15\",\"breadcrumb\":{\"@id\":\"https:\\\/\\\/vocesdelacomuna15.com.ar\\\/press\\\/argentinos-juniors-repudia-conducta-antisemita-en-fiesta-privada-en-su-microestadio-de-la-paternal\\\/#breadcrumb\"},\"inLanguage\":\"es-AR\",\"potentialAction\":[{\"@type\":\"ReadAction\",\"target\":[\"https:\\\/\\\/vocesdelacomuna15.com.ar\\\/press\\\/argentinos-juniors-repudia-conducta-antisemita-en-fiesta-privada-en-su-microestadio-de-la-paternal\\\/\"]}]},{\"@type\":\"ImageObject\",\"inLanguage\":\"es-AR\",\"@id\":\"https:\\\/\\\/vocesdelacomuna15.com.ar\\\/press\\\/argentinos-juniors-repudia-conducta-antisemita-en-fiesta-privada-en-su-microestadio-de-la-paternal\\\/#primaryimage\",\"url\":\"https:\\\/\\\/vocesdelacomuna15.com.ar\\\/wp-content\\\/uploads\\\/2023\\\/10\\\/micro.png\",\"contentUrl\":\"https:\\\/\\\/vocesdelacomuna15.com.ar\\\/wp-content\\\/uploads\\\/2023\\\/10\\\/micro.png\",\"width\":444,\"height\":297},{\"@type\":\"BreadcrumbList\",\"@id\":\"https:\\\/\\\/vocesdelacomuna15.com.ar\\\/press\\\/argentinos-juniors-repudia-conducta-antisemita-en-fiesta-privada-en-su-microestadio-de-la-paternal\\\/#breadcrumb\",\"itemListElement\":[{\"@type\":\"ListItem\",\"position\":1,\"name\":\"Inicio\",\"item\":\"https:\\\/\\\/vocesdelacomuna15.com.ar\\\/press\\\/\"},{\"@type\":\"ListItem\",\"position\":2,\"name\":\"Argentinos Juniors repudia conducta antisemita en fiesta privada en su microestadio de La Paternal\"}]},{\"@type\":\"WebSite\",\"@id\":\"https:\\\/\\\/vocesdelacomuna15.com.ar\\\/press\\\/#website\",\"url\":\"https:\\\/\\\/vocesdelacomuna15.com.ar\\\/press\\\/\",\"name\":\"Voces de la Comuna 15\",\"description\":\"Sitio web de noticias\",\"publisher\":{\"@id\":\"https:\\\/\\\/vocesdelacomuna15.com.ar\\\/press\\\/#organization\"},\"potentialAction\":[{\"@type\":\"SearchAction\",\"target\":{\"@type\":\"EntryPoint\",\"urlTemplate\":\"https:\\\/\\\/vocesdelacomuna15.com.ar\\\/press\\\/?s={search_term_string}\"},\"query-input\":{\"@type\":\"PropertyValueSpecification\",\"valueRequired\":true,\"valueName\":\"search_term_string\"}}],\"inLanguage\":\"es-AR\"},{\"@type\":\"Organization\",\"@id\":\"https:\\\/\\\/vocesdelacomuna15.com.ar\\\/press\\\/#organization\",\"name\":\"Voces de la Comuna 15\",\"url\":\"https:\\\/\\\/vocesdelacomuna15.com.ar\\\/press\\\/\",\"logo\":{\"@type\":\"ImageObject\",\"inLanguage\":\"es-AR\",\"@id\":\"https:\\\/\\\/vocesdelacomuna15.com.ar\\\/press\\\/#\\\/schema\\\/logo\\\/image\\\/\",\"url\":\"https:\\\/\\\/vocesdelacomuna15.com.ar\\\/wp-content\\\/uploads\\\/2024\\\/12\\\/cropped-logo_voces.jpg\",\"contentUrl\":\"https:\\\/\\\/vocesdelacomuna15.com.ar\\\/wp-content\\\/uploads\\\/2024\\\/12\\\/cropped-logo_voces.jpg\",\"width\":512,\"height\":512,\"caption\":\"Voces de la Comuna 15\"},\"image\":{\"@id\":\"https:\\\/\\\/vocesdelacomuna15.com.ar\\\/press\\\/#\\\/schema\\\/logo\\\/image\\\/\"},\"sameAs\":[\"https:\\\/\\\/www.facebook.com\\\/VocesComuna15\\\/\",\"https:\\\/\\\/x.com\\\/vocescomuna15\"]},{\"@type\":\"Person\",\"@id\":\"https:\\\/\\\/vocesdelacomuna15.com.ar\\\/press\\\/#\\\/schema\\\/person\\\/4739e109db25d799cd3d139eeb509e43\",\"name\":\"Federico Arguto\",\"image\":{\"@type\":\"ImageObject\",\"inLanguage\":\"es-AR\",\"@id\":\"https:\\\/\\\/vocesdelacomuna15.com.ar\\\/wp-content\\\/litespeed\\\/avatar\\\/82faf979976f1bae889b8b71f8a0a7e5.jpg?ver=1776814847\",\"url\":\"https:\\\/\\\/vocesdelacomuna15.com.ar\\\/wp-content\\\/litespeed\\\/avatar\\\/82faf979976f1bae889b8b71f8a0a7e5.jpg?ver=1776814847\",\"contentUrl\":\"https:\\\/\\\/vocesdelacomuna15.com.ar\\\/wp-content\\\/litespeed\\\/avatar\\\/82faf979976f1bae889b8b71f8a0a7e5.jpg?ver=1776814847\",\"caption\":\"Federico Arguto\"},\"url\":\"https:\\\/\\\/vocesdelacomuna15.com.ar\\\/press\\\/author\\\/fede\\\/\"}]}<\/script>\n<!-- \/ Yoast SEO plugin. -->","yoast_head_json":{"title":"Argentinos Juniors repudia conducta antisemita en fiesta privada en su microestadio de La Paternal - Voces de la Comuna 15","description":"Voces de la Comuna 15","robots":{"index":"index","follow":"follow","max-snippet":"max-snippet:-1","max-image-preview":"max-image-preview:large","max-video-preview":"max-video-preview:-1"},"canonical":"https:\/\/vocesdelacomuna15.com.ar\/press\/argentinos-juniors-repudia-conducta-antisemita-en-fiesta-privada-en-su-microestadio-de-la-paternal\/","og_locale":"es_ES","og_type":"article","og_title":"Argentinos Juniors repudia conducta antisemita en fiesta privada en su microestadio de La Paternal - Voces de la Comuna 15","og_description":"Voces de la Comuna 15","og_url":"https:\/\/vocesdelacomuna15.com.ar\/press\/argentinos-juniors-repudia-conducta-antisemita-en-fiesta-privada-en-su-microestadio-de-la-paternal\/","og_site_name":"Voces de la Comuna 15","article_publisher":"https:\/\/www.facebook.com\/VocesComuna15\/","article_published_time":"2023-10-29T22:18:24+00:00","article_modified_time":"2023-10-29T22:25:29+00:00","og_image":[{"width":444,"height":297,"url":"https:\/\/vocesdelacomuna15.com.ar\/wp-content\/uploads\/2023\/10\/micro.png","type":"image\/png"}],"author":"Federico Arguto","twitter_card":"summary_large_image","twitter_creator":"@vocescomuna15","twitter_site":"@vocescomuna15","twitter_misc":{"Escrito por":"Federico Arguto","Tiempo de lectura":"1 minuto"},"schema":{"@context":"https:\/\/schema.org","@graph":[{"@type":"Article","@id":"https:\/\/vocesdelacomuna15.com.ar\/press\/argentinos-juniors-repudia-conducta-antisemita-en-fiesta-privada-en-su-microestadio-de-la-paternal\/#article","isPartOf":{"@id":"https:\/\/vocesdelacomuna15.com.ar\/press\/argentinos-juniors-repudia-conducta-antisemita-en-fiesta-privada-en-su-microestadio-de-la-paternal\/"},"author":{"name":"Federico Arguto","@id":"https:\/\/vocesdelacomuna15.com.ar\/press\/#\/schema\/person\/4739e109db25d799cd3d139eeb509e43"},"headline":"Argentinos Juniors repudia conducta antisemita en fiesta privada en su microestadio de La Paternal","datePublished":"2023-10-29T22:18:24+00:00","dateModified":"2023-10-29T22:25:29+00:00","mainEntityOfPage":{"@id":"https:\/\/vocesdelacomuna15.com.ar\/press\/argentinos-juniors-repudia-conducta-antisemita-en-fiesta-privada-en-su-microestadio-de-la-paternal\/"},"wordCount":260,"commentCount":0,"publisher":{"@id":"https:\/\/vocesdelacomuna15.com.ar\/press\/#organization"},"image":{"@id":"https:\/\/vocesdelacomuna15.com.ar\/press\/argentinos-juniors-repudia-conducta-antisemita-en-fiesta-privada-en-su-microestadio-de-la-paternal\/#primaryimage"},"thumbnailUrl":"https:\/\/vocesdelacomuna15.com.ar\/wp-content\/uploads\/2023\/10\/micro.png","articleSection":["La Paternal","Sociedad"],"inLanguage":"es-AR","potentialAction":[{"@type":"CommentAction","name":"Comment","target":["https:\/\/vocesdelacomuna15.com.ar\/press\/argentinos-juniors-repudia-conducta-antisemita-en-fiesta-privada-en-su-microestadio-de-la-paternal\/#respond"]}]},{"@type":"WebPage","@id":"https:\/\/vocesdelacomuna15.com.ar\/press\/argentinos-juniors-repudia-conducta-antisemita-en-fiesta-privada-en-su-microestadio-de-la-paternal\/","url":"https:\/\/vocesdelacomuna15.com.ar\/press\/argentinos-juniors-repudia-conducta-antisemita-en-fiesta-privada-en-su-microestadio-de-la-paternal\/","name":"Argentinos Juniors repudia conducta antisemita en fiesta privada en su microestadio de La Paternal - Voces de la Comuna 15","isPartOf":{"@id":"https:\/\/vocesdelacomuna15.com.ar\/press\/#website"},"primaryImageOfPage":{"@id":"https:\/\/vocesdelacomuna15.com.ar\/press\/argentinos-juniors-repudia-conducta-antisemita-en-fiesta-privada-en-su-microestadio-de-la-paternal\/#primaryimage"},"image":{"@id":"https:\/\/vocesdelacomuna15.com.ar\/press\/argentinos-juniors-repudia-conducta-antisemita-en-fiesta-privada-en-su-microestadio-de-la-paternal\/#primaryimage"},"thumbnailUrl":"https:\/\/vocesdelacomuna15.com.ar\/wp-content\/uploads\/2023\/10\/micro.png","datePublished":"2023-10-29T22:18:24+00:00","dateModified":"2023-10-29T22:25:29+00:00","description":"Voces de la Comuna 15","breadcrumb":{"@id":"https:\/\/vocesdelacomuna15.com.ar\/press\/argentinos-juniors-repudia-conducta-antisemita-en-fiesta-privada-en-su-microestadio-de-la-paternal\/#breadcrumb"},"inLanguage":"es-AR","potentialAction":[{"@type":"ReadAction","target":["https:\/\/vocesdelacomuna15.com.ar\/press\/argentinos-juniors-repudia-conducta-antisemita-en-fiesta-privada-en-su-microestadio-de-la-paternal\/"]}]},{"@type":"ImageObject","inLanguage":"es-AR","@id":"https:\/\/vocesdelacomuna15.com.ar\/press\/argentinos-juniors-repudia-conducta-antisemita-en-fiesta-privada-en-su-microestadio-de-la-paternal\/#primaryimage","url":"https:\/\/vocesdelacomuna15.com.ar\/wp-content\/uploads\/2023\/10\/micro.png","contentUrl":"https:\/\/vocesdelacomuna15.com.ar\/wp-content\/uploads\/2023\/10\/micro.png","width":444,"height":297},{"@type":"BreadcrumbList","@id":"https:\/\/vocesdelacomuna15.com.ar\/press\/argentinos-juniors-repudia-conducta-antisemita-en-fiesta-privada-en-su-microestadio-de-la-paternal\/#breadcrumb","itemListElement":[{"@type":"ListItem","position":1,"name":"Inicio","item":"https:\/\/vocesdelacomuna15.com.ar\/press\/"},{"@type":"ListItem","position":2,"name":"Argentinos Juniors repudia conducta antisemita en fiesta privada en su microestadio de La Paternal"}]},{"@type":"WebSite","@id":"https:\/\/vocesdelacomuna15.com.ar\/press\/#website","url":"https:\/\/vocesdelacomuna15.com.ar\/press\/","name":"Voces de la Comuna 15","description":"Sitio web de noticias","publisher":{"@id":"https:\/\/vocesdelacomuna15.com.ar\/press\/#organization"},"potentialAction":[{"@type":"SearchAction","target":{"@type":"EntryPoint","urlTemplate":"https:\/\/vocesdelacomuna15.com.ar\/press\/?s={search_term_string}"},"query-input":{"@type":"PropertyValueSpecification","valueRequired":true,"valueName":"search_term_string"}}],"inLanguage":"es-AR"},{"@type":"Organization","@id":"https:\/\/vocesdelacomuna15.com.ar\/press\/#organization","name":"Voces de la Comuna 15","url":"https:\/\/vocesdelacomuna15.com.ar\/press\/","logo":{"@type":"ImageObject","inLanguage":"es-AR","@id":"https:\/\/vocesdelacomuna15.com.ar\/press\/#\/schema\/logo\/image\/","url":"https:\/\/vocesdelacomuna15.com.ar\/wp-content\/uploads\/2024\/12\/cropped-logo_voces.jpg","contentUrl":"https:\/\/vocesdelacomuna15.com.ar\/wp-content\/uploads\/2024\/12\/cropped-logo_voces.jpg","width":512,"height":512,"caption":"Voces de la Comuna 15"},"image":{"@id":"https:\/\/vocesdelacomuna15.com.ar\/press\/#\/schema\/logo\/image\/"},"sameAs":["https:\/\/www.facebook.com\/VocesComuna15\/","https:\/\/x.com\/vocescomuna15"]},{"@type":"Person","@id":"https:\/\/vocesdelacomuna15.com.ar\/press\/#\/schema\/person\/4739e109db25d799cd3d139eeb509e43","name":"Federico Arguto","image":{"@type":"ImageObject","inLanguage":"es-AR","@id":"https:\/\/vocesdelacomuna15.com.ar\/wp-content\/litespeed\/avatar\/82faf979976f1bae889b8b71f8a0a7e5.jpg?ver=1776814847","url":"https:\/\/vocesdelacomuna15.com.ar\/wp-content\/litespeed\/avatar\/82faf979976f1bae889b8b71f8a0a7e5.jpg?ver=1776814847","contentUrl":"https:\/\/vocesdelacomuna15.com.ar\/wp-content\/litespeed\/avatar\/82faf979976f1bae889b8b71f8a0a7e5.jpg?ver=1776814847","caption":"Federico Arguto"},"url":"https:\/\/vocesdelacomuna15.com.ar\/press\/author\/fede\/"}]}},"_links":{"self":[{"href":"https:\/\/vocesdelacomuna15.com.ar\/press\/wp-json\/wp\/v2\/posts\/61827","targetHints":{"allow":["GET"]}}],"collection":[{"href":"https:\/\/vocesdelacomuna15.com.ar\/press\/wp-json\/wp\/v2\/posts"}],"about":[{"href":"https:\/\/vocesdelacomuna15.com.ar\/press\/wp-json\/wp\/v2\/types\/post"}],"author":[{"embeddable":true,"href":"https:\/\/vocesdelacomuna15.com.ar\/press\/wp-json\/wp\/v2\/users\/2"}],"replies":[{"embeddable":true,"href":"https:\/\/vocesdelacomuna15.com.ar\/press\/wp-json\/wp\/v2\/comments?post=61827"}],"version-history":[{"count":2,"href":"https:\/\/vocesdelacomuna15.com.ar\/press\/wp-json\/wp\/v2\/posts\/61827\/revisions"}],"predecessor-version":[{"id":61832,"href":"https:\/\/vocesdelacomuna15.com.ar\/press\/wp-json\/wp\/v2\/posts\/61827\/revisions\/61832"}],"wp:featuredmedia":[{"embeddable":true,"href":"https:\/\/vocesdelacomuna15.com.ar\/press\/wp-json\/wp\/v2\/media\/61831"}],"wp:attachment":[{"href":"https:\/\/vocesdelacomuna15.com.ar\/press\/wp-json\/wp\/v2\/media?parent=61827"}],"wp:term":[{"taxonomy":"category","embeddable":true,"href":"https:\/\/vocesdelacomuna15.com.ar\/press\/wp-json\/wp\/v2\/categories?post=61827"},{"taxonomy":"post_tag","embeddable":true,"href":"https:\/\/vocesdelacomuna15.com.ar\/press\/wp-json\/wp\/v2\/tags?post=61827"}],"curies":[{"name":"wp","href":"https:\/\/api.w.org\/{rel}","templated":true}]}}