{"id":61815,"date":"2023-10-27T20:03:55","date_gmt":"2023-10-27T23:03:55","guid":{"rendered":"https:\/\/vocesdelacomuna15.com.ar\/?p=61815"},"modified":"2023-10-27T20:05:08","modified_gmt":"2023-10-27T23:05:08","slug":"nueva-derrota-del-bicho-esta-vez-en-la-paternal-y-ante-huracan","status":"publish","type":"post","link":"https:\/\/vocesdelacomuna15.com.ar\/press\/nueva-derrota-del-bicho-esta-vez-en-la-paternal-y-ante-huracan\/","title":{"rendered":"Nueva derrota del \u201cBicho\u201d, esta vez en La Paternal y ante Hurac\u00e1n"},"content":{"rendered":"\n<p>Fue 2-1 para el \u201cQuemero\u201d en el Diego Armando Maradona<\/p>\n\n\n\n<p>El martes por la noche, en La Paternal, Argentinos sufri\u00f3 una nueva derrota en la Copa de la Liga, sin poder salir de una racha negativa. Cabe destacar que en esa misma jornada de festej\u00f3 el \u201cD\u00eda del Hincha de Argentinos Juniors\u201d, conmemorando la fecha (24 de octubre) en que el club gan\u00f3 la Copa Libertadores en 1985.<\/p>\n\n\n\n<figure class=\"wp-block-image size-large\"><img loading=\"lazy\" decoding=\"async\" width=\"1024\" height=\"683\" src=\"https:\/\/vocesdelacomuna15.com.ar\/wp-content\/uploads\/2023\/10\/recibimiento-1024x683.jpg\" alt=\"\" class=\"wp-image-61816\" srcset=\"https:\/\/vocesdelacomuna15.com.ar\/wp-content\/uploads\/2023\/10\/recibimiento-1024x683.jpg 1024w, https:\/\/vocesdelacomuna15.com.ar\/wp-content\/uploads\/2023\/10\/recibimiento-300x200.jpg 300w, https:\/\/vocesdelacomuna15.com.ar\/wp-content\/uploads\/2023\/10\/recibimiento-768x512.jpg 768w, https:\/\/vocesdelacomuna15.com.ar\/wp-content\/uploads\/2023\/10\/recibimiento-1536x1024.jpg 1536w, https:\/\/vocesdelacomuna15.com.ar\/wp-content\/uploads\/2023\/10\/recibimiento-1080x720.jpg 1080w, https:\/\/vocesdelacomuna15.com.ar\/wp-content\/uploads\/2023\/10\/recibimiento.jpg 2048w\" sizes=\"(max-width: 1024px) 100vw, 1024px\" \/><\/figure>\n\n\n\n<p><em>Gran recibimiento a Argentinos, en el D\u00eda del Hincha<\/em><\/p>\n\n\n\n<p><\/p>\n\n\n\n<p>El \u201cBicho\u201d se puso en ventaja con gol de Federico Redondo a los 21 minutos, definiendo despu\u00e9s de tirarse al piso, tras una peinada a continuaci\u00f3n de un c\u00f3rner. Pero en la segunda etapa, entro Ignacio Pussetto en Hurac\u00e1n para cambiar el partido. \u201cNacho\u201d marc\u00f3 de cabeza a los 58 minutos para igualar el partido, despu\u00e9s de un centro venenoso, escapando por las espaldas de Marco Di C\u00e9sare. Y a los 62, el mismo Pussetto anotar\u00eda de penal el 2-1 para los de Parque Patricios, despu\u00e9s de una dudosa infracci\u00f3n de Di C\u00e9sare a H\u00e9ctor F\u00e9rtoli, sancionada por el \u00e1rbitro Nicol\u00e1s Lamolina.<\/p>\n\n\n\n<figure class=\"wp-block-image size-large\"><img loading=\"lazy\" decoding=\"async\" width=\"1024\" height=\"768\" src=\"https:\/\/vocesdelacomuna15.com.ar\/wp-content\/uploads\/2023\/10\/argentinos-vs-huracan-1024x768.jpg\" alt=\"\" class=\"wp-image-61817\" srcset=\"https:\/\/vocesdelacomuna15.com.ar\/wp-content\/uploads\/2023\/10\/argentinos-vs-huracan-1024x768.jpg 1024w, https:\/\/vocesdelacomuna15.com.ar\/wp-content\/uploads\/2023\/10\/argentinos-vs-huracan-300x225.jpg 300w, https:\/\/vocesdelacomuna15.com.ar\/wp-content\/uploads\/2023\/10\/argentinos-vs-huracan-768x576.jpg 768w, https:\/\/vocesdelacomuna15.com.ar\/wp-content\/uploads\/2023\/10\/argentinos-vs-huracan.jpg 1032w\" sizes=\"(max-width: 1024px) 100vw, 1024px\" \/><\/figure>\n\n\n\n<p><em>Formaci\u00f3n inicial del &#8220;Bicho&#8221; -que estren\u00f3 camiseta- ante Hurac\u00e1n<\/em><\/p>\n\n\n\n<p>Con la derrota, Argentinos qued\u00f3 12\u00b0 entre 14 equipos en la Zona A de la Copa de la Liga, que est\u00e1 liderada por River con 20 unidades. La Zona B est\u00e1 comandada por Belgrano y Godoy Cruz, ambos con 18 puntos. En la siguiente jornada el \u201cBicho\u201d visitar\u00e1 a Rosario Central, el domingo a las 16.30 horas.<\/p>\n\n\n\n<p>Ante Hurac\u00e1n, Argentinos form\u00f3 con Mart\u00edn Arias; Di C\u00e9sare, Torr\u00e9n, Rom\u00e1n Vega; Gonz\u00e1lez Metilli, Moyano, Redondo, Alan Rodr\u00edguez; Heredia; Gondou y \u00c1valos. Ingresaron a los 62 minutos Montiel por Redondo, a los 70 Cabrera por Heredia, a los 77 Lescano por Gonz\u00e1lez Metilli y Vera por Moyano.<\/p>\n\n\n\n<p>Resumen del partido (Fuente: Liga Profesional de F\u00fatbol de la AFA- You Tube):<\/p>\n\n\n\n<figure class=\"wp-block-embed is-type-video is-provider-youtube wp-block-embed-youtube wp-embed-aspect-16-9 wp-has-aspect-ratio\"><div class=\"wp-block-embed__wrapper\">\n<iframe loading=\"lazy\" title=\"#CopaSurFinanzas 2023 | Fecha 10 | resumen de Argentinos - Hurac\u00e1n\" width=\"1080\" height=\"608\" src=\"https:\/\/www.youtube.com\/embed\/3WyU4q4SZXY?start=178&#038;feature=oembed\" frameborder=\"0\" allow=\"accelerometer; autoplay; clipboard-write; encrypted-media; gyroscope; picture-in-picture; web-share\" allowfullscreen><\/iframe>\n<\/div><\/figure>\n\n\n\n<p>Conferencia de Prensa de Pablo Guede (Fuente: Argentinos Juniors- You Tube):<\/p>\n\n\n\n<figure class=\"wp-block-embed is-type-video is-provider-youtube wp-block-embed-youtube wp-embed-aspect-16-9 wp-has-aspect-ratio\"><div class=\"wp-block-embed__wrapper\">\n<iframe loading=\"lazy\" title=\"CONFERENCIA: Pablo GUEDE vs. Gimnasia de La Plata \/ Copa Liga 2023 \ud83c\udfc6\" width=\"1080\" height=\"608\" src=\"https:\/\/www.youtube.com\/embed\/lcuJTnbmj14?feature=oembed\" frameborder=\"0\" allow=\"accelerometer; autoplay; clipboard-write; encrypted-media; gyroscope; picture-in-picture; web-share\" allowfullscreen><\/iframe>\n<\/div><\/figure>\n\n\n\n<p><\/p>\n\n\n\n<p>Foto de portada: Elonce.com<\/p>\n<div class=\"pvc_clear\"><\/div><p id=\"pvc_stats_61815\" class=\"pvc_stats all  \" data-element-id=\"61815\" style=\"\"><i class=\"pvc-stats-icon small\" aria-hidden=\"true\"><svg aria-hidden=\"true\" focusable=\"false\" data-prefix=\"far\" data-icon=\"chart-bar\" role=\"img\" xmlns=\"http:\/\/www.w3.org\/2000\/svg\" viewBox=\"0 0 512 512\" class=\"svg-inline--fa fa-chart-bar fa-w-16 fa-2x\"><path fill=\"currentColor\" d=\"M396.8 352h22.4c6.4 0 12.8-6.4 12.8-12.8V108.8c0-6.4-6.4-12.8-12.8-12.8h-22.4c-6.4 0-12.8 6.4-12.8 12.8v230.4c0 6.4 6.4 12.8 12.8 12.8zm-192 0h22.4c6.4 0 12.8-6.4 12.8-12.8V140.8c0-6.4-6.4-12.8-12.8-12.8h-22.4c-6.4 0-12.8 6.4-12.8 12.8v198.4c0 6.4 6.4 12.8 12.8 12.8zm96 0h22.4c6.4 0 12.8-6.4 12.8-12.8V204.8c0-6.4-6.4-12.8-12.8-12.8h-22.4c-6.4 0-12.8 6.4-12.8 12.8v134.4c0 6.4 6.4 12.8 12.8 12.8zM496 400H48V80c0-8.84-7.16-16-16-16H16C7.16 64 0 71.16 0 80v336c0 17.67 14.33 32 32 32h464c8.84 0 16-7.16 16-16v-16c0-8.84-7.16-16-16-16zm-387.2-48h22.4c6.4 0 12.8-6.4 12.8-12.8v-70.4c0-6.4-6.4-12.8-12.8-12.8h-22.4c-6.4 0-12.8 6.4-12.8 12.8v70.4c0 6.4 6.4 12.8 12.8 12.8z\" class=\"\"><\/path><\/svg><\/i> <img loading=\"lazy\" decoding=\"async\" width=\"16\" height=\"16\" alt=\"Loading\" src=\"https:\/\/vocesdelacomuna15.com.ar\/wp-content\/plugins\/page-views-count\/ajax-loader-2x.gif\" border=0 \/><\/p><div class=\"pvc_clear\"><\/div>","protected":false},"excerpt":{"rendered":"<p>Fue 2-1 para el \u201cQuemero\u201d en el Diego Armando Maradona El martes por la noche, en La Paternal, Argentinos sufri\u00f3 una nueva derrota en la Copa de la Liga, sin poder salir de una racha negativa. Cabe destacar que en esa misma jornada de festej\u00f3 el \u201cD\u00eda del Hincha de Argentinos Juniors\u201d, conmemorando la fecha [&hellip;]<\/p>\n<div class=\"pvc_clear\"><\/div>\n<p id=\"pvc_stats_61815\" class=\"pvc_stats all  \" data-element-id=\"61815\" style=\"\"><i class=\"pvc-stats-icon small\" aria-hidden=\"true\"><svg aria-hidden=\"true\" focusable=\"false\" data-prefix=\"far\" data-icon=\"chart-bar\" role=\"img\" xmlns=\"http:\/\/www.w3.org\/2000\/svg\" viewBox=\"0 0 512 512\" class=\"svg-inline--fa fa-chart-bar fa-w-16 fa-2x\"><path fill=\"currentColor\" d=\"M396.8 352h22.4c6.4 0 12.8-6.4 12.8-12.8V108.8c0-6.4-6.4-12.8-12.8-12.8h-22.4c-6.4 0-12.8 6.4-12.8 12.8v230.4c0 6.4 6.4 12.8 12.8 12.8zm-192 0h22.4c6.4 0 12.8-6.4 12.8-12.8V140.8c0-6.4-6.4-12.8-12.8-12.8h-22.4c-6.4 0-12.8 6.4-12.8 12.8v198.4c0 6.4 6.4 12.8 12.8 12.8zm96 0h22.4c6.4 0 12.8-6.4 12.8-12.8V204.8c0-6.4-6.4-12.8-12.8-12.8h-22.4c-6.4 0-12.8 6.4-12.8 12.8v134.4c0 6.4 6.4 12.8 12.8 12.8zM496 400H48V80c0-8.84-7.16-16-16-16H16C7.16 64 0 71.16 0 80v336c0 17.67 14.33 32 32 32h464c8.84 0 16-7.16 16-16v-16c0-8.84-7.16-16-16-16zm-387.2-48h22.4c6.4 0 12.8-6.4 12.8-12.8v-70.4c0-6.4-6.4-12.8-12.8-12.8h-22.4c-6.4 0-12.8 6.4-12.8 12.8v70.4c0 6.4 6.4 12.8 12.8 12.8z\" class=\"\"><\/path><\/svg><\/i> <img loading=\"lazy\" decoding=\"async\" width=\"16\" height=\"16\" alt=\"Loading\" src=\"https:\/\/vocesdelacomuna15.com.ar\/wp-content\/plugins\/page-views-count\/ajax-loader-2x.gif\" border=0 \/><\/p>\n<div class=\"pvc_clear\"><\/div>\n","protected":false},"author":2,"featured_media":61819,"comment_status":"open","ping_status":"open","sticky":false,"template":"","format":"standard","meta":{"_et_pb_use_builder":"off","_et_pb_old_content":"","_et_gb_content_width":"","footnotes":""},"categories":[27,29],"tags":[],"class_list":["post-61815","post","type-post","status-publish","format-standard","has-post-thumbnail","hentry","category-deportes","category-lapa","et-has-post-format-content","et_post_format-et-post-format-standard"],"a3_pvc":{"activated":true,"total_views":47,"today_views":0},"yoast_head":"<!-- This site is optimized with the Yoast SEO plugin v27.5 - https:\/\/yoast.com\/product\/yoast-seo-wordpress\/ -->\n<title>Nueva derrota del \u201cBicho\u201d, esta vez en La Paternal y ante Hurac\u00e1n - Voces de la Comuna 15<\/title>\n<meta name=\"description\" content=\"Voces de la Comuna 15\" \/>\n<meta name=\"robots\" content=\"index, follow, max-snippet:-1, max-image-preview:large, max-video-preview:-1\" \/>\n<link rel=\"canonical\" href=\"https:\/\/vocesdelacomuna15.com.ar\/press\/nueva-derrota-del-bicho-esta-vez-en-la-paternal-y-ante-huracan\/\" \/>\n<meta property=\"og:locale\" content=\"es_ES\" \/>\n<meta property=\"og:type\" content=\"article\" \/>\n<meta property=\"og:title\" content=\"Nueva derrota del \u201cBicho\u201d, esta vez en La Paternal y ante Hurac\u00e1n - Voces de la Comuna 15\" \/>\n<meta property=\"og:description\" content=\"Voces de la Comuna 15\" \/>\n<meta property=\"og:url\" content=\"https:\/\/vocesdelacomuna15.com.ar\/press\/nueva-derrota-del-bicho-esta-vez-en-la-paternal-y-ante-huracan\/\" \/>\n<meta property=\"og:site_name\" content=\"Voces de la Comuna 15\" \/>\n<meta property=\"article:publisher\" content=\"https:\/\/www.facebook.com\/VocesComuna15\/\" \/>\n<meta property=\"article:published_time\" content=\"2023-10-27T23:03:55+00:00\" \/>\n<meta property=\"article:modified_time\" content=\"2023-10-27T23:05:08+00:00\" \/>\n<meta property=\"og:image\" content=\"https:\/\/vocesdelacomuna15.com.ar\/wp-content\/uploads\/2023\/10\/Arg-Hur.jpg\" \/>\n\t<meta property=\"og:image:width\" content=\"800\" \/>\n\t<meta property=\"og:image:height\" content=\"450\" \/>\n\t<meta property=\"og:image:type\" content=\"image\/jpeg\" \/>\n<meta name=\"author\" content=\"Federico Arguto\" \/>\n<meta name=\"twitter:card\" content=\"summary_large_image\" \/>\n<meta name=\"twitter:creator\" content=\"@vocescomuna15\" \/>\n<meta name=\"twitter:site\" content=\"@vocescomuna15\" \/>\n<meta name=\"twitter:label1\" content=\"Escrito por\" \/>\n\t<meta name=\"twitter:data1\" content=\"Federico Arguto\" \/>\n\t<meta name=\"twitter:label2\" content=\"Tiempo de lectura\" \/>\n\t<meta name=\"twitter:data2\" content=\"2 minutos\" \/>\n<script type=\"application\/ld+json\" class=\"yoast-schema-graph\">{\"@context\":\"https:\\\/\\\/schema.org\",\"@graph\":[{\"@type\":\"Article\",\"@id\":\"https:\\\/\\\/vocesdelacomuna15.com.ar\\\/press\\\/nueva-derrota-del-bicho-esta-vez-en-la-paternal-y-ante-huracan\\\/#article\",\"isPartOf\":{\"@id\":\"https:\\\/\\\/vocesdelacomuna15.com.ar\\\/press\\\/nueva-derrota-del-bicho-esta-vez-en-la-paternal-y-ante-huracan\\\/\"},\"author\":{\"name\":\"Federico Arguto\",\"@id\":\"https:\\\/\\\/vocesdelacomuna15.com.ar\\\/press\\\/#\\\/schema\\\/person\\\/4739e109db25d799cd3d139eeb509e43\"},\"headline\":\"Nueva derrota del \u201cBicho\u201d, esta vez en La Paternal y ante Hurac\u00e1n\",\"datePublished\":\"2023-10-27T23:03:55+00:00\",\"dateModified\":\"2023-10-27T23:05:08+00:00\",\"mainEntityOfPage\":{\"@id\":\"https:\\\/\\\/vocesdelacomuna15.com.ar\\\/press\\\/nueva-derrota-del-bicho-esta-vez-en-la-paternal-y-ante-huracan\\\/\"},\"wordCount\":366,\"commentCount\":0,\"publisher\":{\"@id\":\"https:\\\/\\\/vocesdelacomuna15.com.ar\\\/press\\\/#organization\"},\"image\":{\"@id\":\"https:\\\/\\\/vocesdelacomuna15.com.ar\\\/press\\\/nueva-derrota-del-bicho-esta-vez-en-la-paternal-y-ante-huracan\\\/#primaryimage\"},\"thumbnailUrl\":\"https:\\\/\\\/vocesdelacomuna15.com.ar\\\/wp-content\\\/uploads\\\/2023\\\/10\\\/Arg-Hur.jpg\",\"articleSection\":[\"Deportes\",\"La Paternal\"],\"inLanguage\":\"es-AR\",\"potentialAction\":[{\"@type\":\"CommentAction\",\"name\":\"Comment\",\"target\":[\"https:\\\/\\\/vocesdelacomuna15.com.ar\\\/press\\\/nueva-derrota-del-bicho-esta-vez-en-la-paternal-y-ante-huracan\\\/#respond\"]}]},{\"@type\":\"WebPage\",\"@id\":\"https:\\\/\\\/vocesdelacomuna15.com.ar\\\/press\\\/nueva-derrota-del-bicho-esta-vez-en-la-paternal-y-ante-huracan\\\/\",\"url\":\"https:\\\/\\\/vocesdelacomuna15.com.ar\\\/press\\\/nueva-derrota-del-bicho-esta-vez-en-la-paternal-y-ante-huracan\\\/\",\"name\":\"Nueva derrota del \u201cBicho\u201d, esta vez en La Paternal y ante Hurac\u00e1n - Voces de la Comuna 15\",\"isPartOf\":{\"@id\":\"https:\\\/\\\/vocesdelacomuna15.com.ar\\\/press\\\/#website\"},\"primaryImageOfPage\":{\"@id\":\"https:\\\/\\\/vocesdelacomuna15.com.ar\\\/press\\\/nueva-derrota-del-bicho-esta-vez-en-la-paternal-y-ante-huracan\\\/#primaryimage\"},\"image\":{\"@id\":\"https:\\\/\\\/vocesdelacomuna15.com.ar\\\/press\\\/nueva-derrota-del-bicho-esta-vez-en-la-paternal-y-ante-huracan\\\/#primaryimage\"},\"thumbnailUrl\":\"https:\\\/\\\/vocesdelacomuna15.com.ar\\\/wp-content\\\/uploads\\\/2023\\\/10\\\/Arg-Hur.jpg\",\"datePublished\":\"2023-10-27T23:03:55+00:00\",\"dateModified\":\"2023-10-27T23:05:08+00:00\",\"description\":\"Voces de la Comuna 15\",\"breadcrumb\":{\"@id\":\"https:\\\/\\\/vocesdelacomuna15.com.ar\\\/press\\\/nueva-derrota-del-bicho-esta-vez-en-la-paternal-y-ante-huracan\\\/#breadcrumb\"},\"inLanguage\":\"es-AR\",\"potentialAction\":[{\"@type\":\"ReadAction\",\"target\":[\"https:\\\/\\\/vocesdelacomuna15.com.ar\\\/press\\\/nueva-derrota-del-bicho-esta-vez-en-la-paternal-y-ante-huracan\\\/\"]}]},{\"@type\":\"ImageObject\",\"inLanguage\":\"es-AR\",\"@id\":\"https:\\\/\\\/vocesdelacomuna15.com.ar\\\/press\\\/nueva-derrota-del-bicho-esta-vez-en-la-paternal-y-ante-huracan\\\/#primaryimage\",\"url\":\"https:\\\/\\\/vocesdelacomuna15.com.ar\\\/wp-content\\\/uploads\\\/2023\\\/10\\\/Arg-Hur.jpg\",\"contentUrl\":\"https:\\\/\\\/vocesdelacomuna15.com.ar\\\/wp-content\\\/uploads\\\/2023\\\/10\\\/Arg-Hur.jpg\",\"width\":800,\"height\":450},{\"@type\":\"BreadcrumbList\",\"@id\":\"https:\\\/\\\/vocesdelacomuna15.com.ar\\\/press\\\/nueva-derrota-del-bicho-esta-vez-en-la-paternal-y-ante-huracan\\\/#breadcrumb\",\"itemListElement\":[{\"@type\":\"ListItem\",\"position\":1,\"name\":\"Inicio\",\"item\":\"https:\\\/\\\/vocesdelacomuna15.com.ar\\\/press\\\/\"},{\"@type\":\"ListItem\",\"position\":2,\"name\":\"Nueva derrota del \u201cBicho\u201d, esta vez en La Paternal y ante Hurac\u00e1n\"}]},{\"@type\":\"WebSite\",\"@id\":\"https:\\\/\\\/vocesdelacomuna15.com.ar\\\/press\\\/#website\",\"url\":\"https:\\\/\\\/vocesdelacomuna15.com.ar\\\/press\\\/\",\"name\":\"Voces de la Comuna 15\",\"description\":\"Sitio web de noticias\",\"publisher\":{\"@id\":\"https:\\\/\\\/vocesdelacomuna15.com.ar\\\/press\\\/#organization\"},\"potentialAction\":[{\"@type\":\"SearchAction\",\"target\":{\"@type\":\"EntryPoint\",\"urlTemplate\":\"https:\\\/\\\/vocesdelacomuna15.com.ar\\\/press\\\/?s={search_term_string}\"},\"query-input\":{\"@type\":\"PropertyValueSpecification\",\"valueRequired\":true,\"valueName\":\"search_term_string\"}}],\"inLanguage\":\"es-AR\"},{\"@type\":\"Organization\",\"@id\":\"https:\\\/\\\/vocesdelacomuna15.com.ar\\\/press\\\/#organization\",\"name\":\"Voces de la Comuna 15\",\"url\":\"https:\\\/\\\/vocesdelacomuna15.com.ar\\\/press\\\/\",\"logo\":{\"@type\":\"ImageObject\",\"inLanguage\":\"es-AR\",\"@id\":\"https:\\\/\\\/vocesdelacomuna15.com.ar\\\/press\\\/#\\\/schema\\\/logo\\\/image\\\/\",\"url\":\"https:\\\/\\\/vocesdelacomuna15.com.ar\\\/wp-content\\\/uploads\\\/2024\\\/12\\\/cropped-logo_voces.jpg\",\"contentUrl\":\"https:\\\/\\\/vocesdelacomuna15.com.ar\\\/wp-content\\\/uploads\\\/2024\\\/12\\\/cropped-logo_voces.jpg\",\"width\":512,\"height\":512,\"caption\":\"Voces de la Comuna 15\"},\"image\":{\"@id\":\"https:\\\/\\\/vocesdelacomuna15.com.ar\\\/press\\\/#\\\/schema\\\/logo\\\/image\\\/\"},\"sameAs\":[\"https:\\\/\\\/www.facebook.com\\\/VocesComuna15\\\/\",\"https:\\\/\\\/x.com\\\/vocescomuna15\"]},{\"@type\":\"Person\",\"@id\":\"https:\\\/\\\/vocesdelacomuna15.com.ar\\\/press\\\/#\\\/schema\\\/person\\\/4739e109db25d799cd3d139eeb509e43\",\"name\":\"Federico Arguto\",\"image\":{\"@type\":\"ImageObject\",\"inLanguage\":\"es-AR\",\"@id\":\"https:\\\/\\\/vocesdelacomuna15.com.ar\\\/wp-content\\\/litespeed\\\/avatar\\\/82faf979976f1bae889b8b71f8a0a7e5.jpg?ver=1777419741\",\"url\":\"https:\\\/\\\/vocesdelacomuna15.com.ar\\\/wp-content\\\/litespeed\\\/avatar\\\/82faf979976f1bae889b8b71f8a0a7e5.jpg?ver=1777419741\",\"contentUrl\":\"https:\\\/\\\/vocesdelacomuna15.com.ar\\\/wp-content\\\/litespeed\\\/avatar\\\/82faf979976f1bae889b8b71f8a0a7e5.jpg?ver=1777419741\",\"caption\":\"Federico Arguto\"},\"url\":\"https:\\\/\\\/vocesdelacomuna15.com.ar\\\/press\\\/author\\\/fede\\\/\"}]}<\/script>\n<!-- \/ Yoast SEO plugin. -->","yoast_head_json":{"title":"Nueva derrota del \u201cBicho\u201d, esta vez en La Paternal y ante Hurac\u00e1n - Voces de la Comuna 15","description":"Voces de la Comuna 15","robots":{"index":"index","follow":"follow","max-snippet":"max-snippet:-1","max-image-preview":"max-image-preview:large","max-video-preview":"max-video-preview:-1"},"canonical":"https:\/\/vocesdelacomuna15.com.ar\/press\/nueva-derrota-del-bicho-esta-vez-en-la-paternal-y-ante-huracan\/","og_locale":"es_ES","og_type":"article","og_title":"Nueva derrota del \u201cBicho\u201d, esta vez en La Paternal y ante Hurac\u00e1n - Voces de la Comuna 15","og_description":"Voces de la Comuna 15","og_url":"https:\/\/vocesdelacomuna15.com.ar\/press\/nueva-derrota-del-bicho-esta-vez-en-la-paternal-y-ante-huracan\/","og_site_name":"Voces de la Comuna 15","article_publisher":"https:\/\/www.facebook.com\/VocesComuna15\/","article_published_time":"2023-10-27T23:03:55+00:00","article_modified_time":"2023-10-27T23:05:08+00:00","og_image":[{"width":800,"height":450,"url":"https:\/\/vocesdelacomuna15.com.ar\/wp-content\/uploads\/2023\/10\/Arg-Hur.jpg","type":"image\/jpeg"}],"author":"Federico Arguto","twitter_card":"summary_large_image","twitter_creator":"@vocescomuna15","twitter_site":"@vocescomuna15","twitter_misc":{"Escrito por":"Federico Arguto","Tiempo de lectura":"2 minutos"},"schema":{"@context":"https:\/\/schema.org","@graph":[{"@type":"Article","@id":"https:\/\/vocesdelacomuna15.com.ar\/press\/nueva-derrota-del-bicho-esta-vez-en-la-paternal-y-ante-huracan\/#article","isPartOf":{"@id":"https:\/\/vocesdelacomuna15.com.ar\/press\/nueva-derrota-del-bicho-esta-vez-en-la-paternal-y-ante-huracan\/"},"author":{"name":"Federico Arguto","@id":"https:\/\/vocesdelacomuna15.com.ar\/press\/#\/schema\/person\/4739e109db25d799cd3d139eeb509e43"},"headline":"Nueva derrota del \u201cBicho\u201d, esta vez en La Paternal y ante Hurac\u00e1n","datePublished":"2023-10-27T23:03:55+00:00","dateModified":"2023-10-27T23:05:08+00:00","mainEntityOfPage":{"@id":"https:\/\/vocesdelacomuna15.com.ar\/press\/nueva-derrota-del-bicho-esta-vez-en-la-paternal-y-ante-huracan\/"},"wordCount":366,"commentCount":0,"publisher":{"@id":"https:\/\/vocesdelacomuna15.com.ar\/press\/#organization"},"image":{"@id":"https:\/\/vocesdelacomuna15.com.ar\/press\/nueva-derrota-del-bicho-esta-vez-en-la-paternal-y-ante-huracan\/#primaryimage"},"thumbnailUrl":"https:\/\/vocesdelacomuna15.com.ar\/wp-content\/uploads\/2023\/10\/Arg-Hur.jpg","articleSection":["Deportes","La Paternal"],"inLanguage":"es-AR","potentialAction":[{"@type":"CommentAction","name":"Comment","target":["https:\/\/vocesdelacomuna15.com.ar\/press\/nueva-derrota-del-bicho-esta-vez-en-la-paternal-y-ante-huracan\/#respond"]}]},{"@type":"WebPage","@id":"https:\/\/vocesdelacomuna15.com.ar\/press\/nueva-derrota-del-bicho-esta-vez-en-la-paternal-y-ante-huracan\/","url":"https:\/\/vocesdelacomuna15.com.ar\/press\/nueva-derrota-del-bicho-esta-vez-en-la-paternal-y-ante-huracan\/","name":"Nueva derrota del \u201cBicho\u201d, esta vez en La Paternal y ante Hurac\u00e1n - Voces de la Comuna 15","isPartOf":{"@id":"https:\/\/vocesdelacomuna15.com.ar\/press\/#website"},"primaryImageOfPage":{"@id":"https:\/\/vocesdelacomuna15.com.ar\/press\/nueva-derrota-del-bicho-esta-vez-en-la-paternal-y-ante-huracan\/#primaryimage"},"image":{"@id":"https:\/\/vocesdelacomuna15.com.ar\/press\/nueva-derrota-del-bicho-esta-vez-en-la-paternal-y-ante-huracan\/#primaryimage"},"thumbnailUrl":"https:\/\/vocesdelacomuna15.com.ar\/wp-content\/uploads\/2023\/10\/Arg-Hur.jpg","datePublished":"2023-10-27T23:03:55+00:00","dateModified":"2023-10-27T23:05:08+00:00","description":"Voces de la Comuna 15","breadcrumb":{"@id":"https:\/\/vocesdelacomuna15.com.ar\/press\/nueva-derrota-del-bicho-esta-vez-en-la-paternal-y-ante-huracan\/#breadcrumb"},"inLanguage":"es-AR","potentialAction":[{"@type":"ReadAction","target":["https:\/\/vocesdelacomuna15.com.ar\/press\/nueva-derrota-del-bicho-esta-vez-en-la-paternal-y-ante-huracan\/"]}]},{"@type":"ImageObject","inLanguage":"es-AR","@id":"https:\/\/vocesdelacomuna15.com.ar\/press\/nueva-derrota-del-bicho-esta-vez-en-la-paternal-y-ante-huracan\/#primaryimage","url":"https:\/\/vocesdelacomuna15.com.ar\/wp-content\/uploads\/2023\/10\/Arg-Hur.jpg","contentUrl":"https:\/\/vocesdelacomuna15.com.ar\/wp-content\/uploads\/2023\/10\/Arg-Hur.jpg","width":800,"height":450},{"@type":"BreadcrumbList","@id":"https:\/\/vocesdelacomuna15.com.ar\/press\/nueva-derrota-del-bicho-esta-vez-en-la-paternal-y-ante-huracan\/#breadcrumb","itemListElement":[{"@type":"ListItem","position":1,"name":"Inicio","item":"https:\/\/vocesdelacomuna15.com.ar\/press\/"},{"@type":"ListItem","position":2,"name":"Nueva derrota del \u201cBicho\u201d, esta vez en La Paternal y ante Hurac\u00e1n"}]},{"@type":"WebSite","@id":"https:\/\/vocesdelacomuna15.com.ar\/press\/#website","url":"https:\/\/vocesdelacomuna15.com.ar\/press\/","name":"Voces de la Comuna 15","description":"Sitio web de noticias","publisher":{"@id":"https:\/\/vocesdelacomuna15.com.ar\/press\/#organization"},"potentialAction":[{"@type":"SearchAction","target":{"@type":"EntryPoint","urlTemplate":"https:\/\/vocesdelacomuna15.com.ar\/press\/?s={search_term_string}"},"query-input":{"@type":"PropertyValueSpecification","valueRequired":true,"valueName":"search_term_string"}}],"inLanguage":"es-AR"},{"@type":"Organization","@id":"https:\/\/vocesdelacomuna15.com.ar\/press\/#organization","name":"Voces de la Comuna 15","url":"https:\/\/vocesdelacomuna15.com.ar\/press\/","logo":{"@type":"ImageObject","inLanguage":"es-AR","@id":"https:\/\/vocesdelacomuna15.com.ar\/press\/#\/schema\/logo\/image\/","url":"https:\/\/vocesdelacomuna15.com.ar\/wp-content\/uploads\/2024\/12\/cropped-logo_voces.jpg","contentUrl":"https:\/\/vocesdelacomuna15.com.ar\/wp-content\/uploads\/2024\/12\/cropped-logo_voces.jpg","width":512,"height":512,"caption":"Voces de la Comuna 15"},"image":{"@id":"https:\/\/vocesdelacomuna15.com.ar\/press\/#\/schema\/logo\/image\/"},"sameAs":["https:\/\/www.facebook.com\/VocesComuna15\/","https:\/\/x.com\/vocescomuna15"]},{"@type":"Person","@id":"https:\/\/vocesdelacomuna15.com.ar\/press\/#\/schema\/person\/4739e109db25d799cd3d139eeb509e43","name":"Federico Arguto","image":{"@type":"ImageObject","inLanguage":"es-AR","@id":"https:\/\/vocesdelacomuna15.com.ar\/wp-content\/litespeed\/avatar\/82faf979976f1bae889b8b71f8a0a7e5.jpg?ver=1777419741","url":"https:\/\/vocesdelacomuna15.com.ar\/wp-content\/litespeed\/avatar\/82faf979976f1bae889b8b71f8a0a7e5.jpg?ver=1777419741","contentUrl":"https:\/\/vocesdelacomuna15.com.ar\/wp-content\/litespeed\/avatar\/82faf979976f1bae889b8b71f8a0a7e5.jpg?ver=1777419741","caption":"Federico Arguto"},"url":"https:\/\/vocesdelacomuna15.com.ar\/press\/author\/fede\/"}]}},"_links":{"self":[{"href":"https:\/\/vocesdelacomuna15.com.ar\/press\/wp-json\/wp\/v2\/posts\/61815","targetHints":{"allow":["GET"]}}],"collection":[{"href":"https:\/\/vocesdelacomuna15.com.ar\/press\/wp-json\/wp\/v2\/posts"}],"about":[{"href":"https:\/\/vocesdelacomuna15.com.ar\/press\/wp-json\/wp\/v2\/types\/post"}],"author":[{"embeddable":true,"href":"https:\/\/vocesdelacomuna15.com.ar\/press\/wp-json\/wp\/v2\/users\/2"}],"replies":[{"embeddable":true,"href":"https:\/\/vocesdelacomuna15.com.ar\/press\/wp-json\/wp\/v2\/comments?post=61815"}],"version-history":[{"count":2,"href":"https:\/\/vocesdelacomuna15.com.ar\/press\/wp-json\/wp\/v2\/posts\/61815\/revisions"}],"predecessor-version":[{"id":61821,"href":"https:\/\/vocesdelacomuna15.com.ar\/press\/wp-json\/wp\/v2\/posts\/61815\/revisions\/61821"}],"wp:featuredmedia":[{"embeddable":true,"href":"https:\/\/vocesdelacomuna15.com.ar\/press\/wp-json\/wp\/v2\/media\/61819"}],"wp:attachment":[{"href":"https:\/\/vocesdelacomuna15.com.ar\/press\/wp-json\/wp\/v2\/media?parent=61815"}],"wp:term":[{"taxonomy":"category","embeddable":true,"href":"https:\/\/vocesdelacomuna15.com.ar\/press\/wp-json\/wp\/v2\/categories?post=61815"},{"taxonomy":"post_tag","embeddable":true,"href":"https:\/\/vocesdelacomuna15.com.ar\/press\/wp-json\/wp\/v2\/tags?post=61815"}],"curies":[{"name":"wp","href":"https:\/\/api.w.org\/{rel}","templated":true}]}}