{"id":61798,"date":"2023-10-30T09:05:00","date_gmt":"2023-10-30T12:05:00","guid":{"rendered":"https:\/\/vocesdelacomuna15.com.ar\/?p=61798"},"modified":"2023-10-30T12:10:22","modified_gmt":"2023-10-30T15:10:22","slug":"mi-forma-de-concebir-la-ciencia-es-de-divulgacion-que-se-puedan-contar-experiencias-en-un-lenguaje-simple-claro","status":"publish","type":"post","link":"https:\/\/vocesdelacomuna15.com.ar\/press\/mi-forma-de-concebir-la-ciencia-es-de-divulgacion-que-se-puedan-contar-experiencias-en-un-lenguaje-simple-claro\/","title":{"rendered":"Paula Fernandez Lopes: \u201cMi forma de concebir la ciencia es de divulgaci\u00f3n, que se puedan contar experiencias en un lenguaje simple, claro\u201d"},"content":{"rendered":"\n<p>Entrevistamos a la Dra. Paula Fern\u00e1ndez Lopes, autora del libro \u201cVivir solo. Experiencias de residentes de hogares unipersonales de la Ciudad de Buenos Aires\u201d<\/p>\n\n\n\n<p><strong><em>&#8211; <\/em>En primer lugar me gustar\u00eda que pudieras realizar una breve presentaci\u00f3n personal&#8230;<\/strong><\/p>\n\n\n\n<p>-&#8220;Nac\u00ed en Villa Ballester, Provincia de Buenos Aires en el a\u00f1o 1991. Tengo 32 a\u00f1os. Actualmente vivo en Olivos, tambi\u00e9n en el Gran Buenos Aires. Me anot\u00e9 en la Carrera de Sociolog\u00eda en el a\u00f1o 2009, termin\u00e9 la Licenciatura e hice el Profesorado de Ense\u00f1anza Secundaria, Normal y Especial en Sociolog\u00eda. Durante mis estudios universitarios daba clases de idiomas y obtuve mi primera Beca del Consejo Interuniversitario Nacional (CIN) para investigar dentro del \u00e1rea de estudios culturales. Tambi\u00e9n trabaj\u00e9 en gesti\u00f3n p\u00fablica durante varios a\u00f1os y me di cuenta de la relevancia que ten\u00eda pensar un Estado basado en evidencia para planificar y dise\u00f1ar pol\u00edticas p\u00fablicas con una mirada sensible, de inclusi\u00f3n social. Y sobre todo los aportes que pod\u00eda transmitir desde mi formaci\u00f3n acad\u00e9mica. Me doctor\u00e9 en el a\u00f1o 2021, tambi\u00e9n dentro del \u00e1rea de estudios culturales gracias a una Beca de financiamiento del Consejo Nacional de Investigaciones Cient\u00edficas y T\u00e9cnicas (CONICET) e hice una especializaci\u00f3n en Pol\u00edtica Internacional. Desde entonces pude conjugar varios intereses profesionales que me apasionan y que disfruto hacer y pensar en conjunto: investigaci\u00f3n social, gesti\u00f3n p\u00fablica y docencia universitaria&#8221;.<\/p>\n\n\n\n<p><strong>&#8211; \u00bfPor qu\u00e9 pensaste en esta tem\u00e1tica para tu libro?<\/strong><\/p>\n\n\n\n<figure class=\"wp-block-image size-full\"><img loading=\"lazy\" decoding=\"async\" width=\"517\" height=\"320\" src=\"https:\/\/vocesdelacomuna15.com.ar\/wp-content\/uploads\/2023\/10\/vivir-solo-2.png\" alt=\"\" class=\"wp-image-61802\" srcset=\"https:\/\/vocesdelacomuna15.com.ar\/wp-content\/uploads\/2023\/10\/vivir-solo-2.png 517w, https:\/\/vocesdelacomuna15.com.ar\/wp-content\/uploads\/2023\/10\/vivir-solo-2-300x186.png 300w\" sizes=\"(max-width: 517px) 100vw, 517px\" \/><\/figure>\n\n\n\n<p>-&#8220;Como te comentaba, mi primer acercamiento con la investigaci\u00f3n fue dentro del \u00e1rea de estudios culturales. Durante muchos a\u00f1os di vueltas en relaci\u00f3n con mi objeto de estudio. Sab\u00eda que quer\u00eda trabajar sobre sexoafectividades y estilos de vida urbanos. En esa confusi\u00f3n, mi Director de tesis me ayud\u00f3 mucho a enmarcar el tema: me coment\u00f3 acerca de las transformaciones familiares y del predominio de hogares unipersonales, un fen\u00f3meno escasamente estudiado en profundidad en nuestro pa\u00eds. Desde entonces, guiada por la curiosidad, me met\u00ed en el tema, armamos un proyecto para presentarnos en el Consejo Nacional de Investigaciones Cient\u00edficas y T\u00e9cnicas (CONICET) y empec\u00e9 a investigar sobre las caracter\u00edsticas m\u00e1s estructurales de quienes viven solos en la Ciudad de Buenos, comprender sus motivaciones y razones para habitar en ese tipo de residencia y la construcci\u00f3n de sentidos en torno a la familia, la convivencia afectiva, el ejercicio de la sexualidad y la procreaci\u00f3n. Mi forma de concebir la ciencia es de divulgaci\u00f3n, que se puedan contar experiencias en un lenguaje simple, claro y que despierte preguntas e interpele a distintos tipos de auditorios. Y desde luego para esos fines, que sea accesible econ\u00f3micamente. Mi libro, que se desprende de mi tesis doctoral en sociolog\u00eda, con hallazgos del a\u00f1o 2019 y 2020, fue el desaf\u00edo que me propuse y que logr\u00e9 concretar este a\u00f1o&#8221;.<\/p>\n\n\n\n<p><strong>&#8211; \u00bfEn qu\u00e9 parte de la Ciudad, en qu\u00e9 franja etaria y en qu\u00e9 nivel socioecon\u00f3mico predominan este tipo de viviendas?<\/strong><\/p>\n\n\n\n<p>-&#8220;La Ciudad de Buenos Aires es la jurisdicci\u00f3n geogr\u00e1fica que tiene el mayor porcentaje de hogares unipersonales. Si observamos los \u00faltimos datos del a\u00f1o 2022 del operativo de la Encuesta Anual de Hogares (EAH) de la Ciudad de Buenos Aires el porcentaje de hogares unipersonales es de un poco m\u00e1s de un 39%. El reducido tama\u00f1o de los hogares, es una tendencia que se registra en las grandes ciudades y particularmente en los sectores m\u00e1s acomodados que son los que disponen de los recursos necesarios para asegurar la sostenibilidad y los gastos a afrontar. En esta jurisdicci\u00f3n geogr\u00e1fica, los hogares unipersonales se nuclean en la zona norte y se desdibujan en la zona sur e inversamente, los hogares multipersonales se destacan en estos \u00faltimos distritos. De hecho, Seg\u00fan la Encuesta Anual de Hogares (EAH) de 2022, m\u00e1s de un 55% de los hogares de la zona norte de la Ciudad de Buenos Aires son unipersonales. Antes el hogar unipersonal era predominantemente el producto de la viudez -que es un fen\u00f3meno mucho m\u00e1s com\u00fan entre mujeres, dadas las diferencias en expectativas de vida por sexo-, pero hay una tendencia hacia la diversificaci\u00f3n de la situaci\u00f3n de las personas en este tipo de lugares: j\u00f3venes de distintos sexos que eligen vivir solos para culminar sus estudios y desarrollarse profesionalmente y hombres separados y divorciados, que viven solos, aunque pueden recibir a sus hijos en ese hogar. No obstante, debemos destacar que las mujeres de 65 a\u00f1os y m\u00e1s viudas son el grupo mayormente representado al interior de los hogares unipersonales y que a lo largo del tiempo ha aumentado la composici\u00f3n de adultos y j\u00f3venes que aplazan la entrada en primera uni\u00f3n o matrimonio e incluso el deseo de maternar o paternar a futuro&#8221;.<\/p>\n\n\n\n<figure class=\"wp-block-image size-full\"><img loading=\"lazy\" decoding=\"async\" width=\"392\" height=\"221\" src=\"https:\/\/vocesdelacomuna15.com.ar\/wp-content\/uploads\/2023\/10\/imagen.png\" alt=\"\" class=\"wp-image-61807\" srcset=\"https:\/\/vocesdelacomuna15.com.ar\/wp-content\/uploads\/2023\/10\/imagen.png 392w, https:\/\/vocesdelacomuna15.com.ar\/wp-content\/uploads\/2023\/10\/imagen-300x169.png 300w\" sizes=\"(max-width: 392px) 100vw, 392px\" \/><\/figure>\n\n\n\n<p>&#8211; <strong>\u00bfC\u00f3mo se da este fen\u00f3meno en el resto del pa\u00eds?<\/strong><\/p>\n\n\n\n<p>-&#8220;Las transformaciones en las familias tradicionales y el crecimiento de hogares unipersonales son fen\u00f3menos crecientes particularmente en los aglomerados urbanos m\u00e1s poblados. Si bien debemos considerar este aspecto, la Ciudad de Buenos tiene incluso mayores porcentajes de este tipo de hogares que las ciudades m\u00e1s pobladas de la regi\u00f3n latinoamericana como son R\u00edo de Janeiro, San Pablo y M\u00e9xico DF. En relaci\u00f3n con las distintas jurisdicciones del pa\u00eds y el total del mismo, la estructura social y econ\u00f3mica de la Ciudad de Buenos Aires se distingue en varios aspectos de otras grandes jurisdicciones del pa\u00eds. Es el distrito m\u00e1s extenso y densamente poblado que detenta el mayor producto per c\u00e1pita de Argentina, gozando de un destacado desarrollo de servicios p\u00fablicos y de infraestructura urbana de calidad. Los indicadores de desarrollo humano y social de la Ciudad muestran que la poblaci\u00f3n residente en el distrito tiene acceso a est\u00e1ndares altos de salud y educaci\u00f3n, que se ubican entre los m\u00e1s elevados del pa\u00eds y de Am\u00e9rica Latina. Esto se condice con el envejecimiento poblacional, una nupcialidad y consensualidad tard\u00eda y niveles muy bajos de fecundidad -por debajo del nivel del reemplazo generacional-, pautas socioculturales modernas que se observan en los pa\u00edses altamente desarrollados y con mayor prevalencia en la Ciudad de Buenos que en el resto de los aglomerados con 500000 habitantes y m\u00e1s dentro de nuestro pa\u00eds&#8221;.<\/p>\n\n\n\n<p><strong>&#8211; \u00bfPodr\u00edas contarnos algunos detalles de tu investigaci\u00f3n?<\/strong><\/p>\n\n\n\n<p>-&#8220;Para contestar los objetivos de la investigaci\u00f3n, decid\u00ed optar por un dise\u00f1o mixto que tuviera datos estad\u00edsticos censales, de operativos nacionales como la Encuesta Permanente de Hogares (EPH) y la Encuesta Anual de Hogares (EAH) de la Ciudad de Buenos Aires. Creo que lo que m\u00e1s me cost\u00f3 fue armar las series temporales desde la d\u00e9cada de los setenta en adelante con la Encuesta permanente de Hogares (EPH) por los cambios que tuvo la metodolog\u00eda, aunque desde el a\u00f1o 2003 el acceso a los microdatos abiertos me permiti\u00f3 reconstruir con mayor facilidad los cambios en el tiempo hasta al a\u00f1o 2018. Eso me llev\u00f3 unos cinco meses con reformulaciones constantes sobre c\u00f3mo presentar la informaci\u00f3n de manera sint\u00e9tica, comprensible, pero a la vez detallada. En paralelo se llev\u00f3 a cabo el reclutamiento para desarrollar las entrevistas en profundidad y cara a cara. Cabe destacar que este proceso culmin\u00f3 un mes antes de que se decretara la emergencia sociosanitaria a nivel mundial. En el trabajo de campo surgieron muchas emociones por parte de los participantes, con un profundo trabajo de introspecci\u00f3n y reflexividad. Muchos de los entrevistados fueron informantes clave para completar la muestra de residentes, aportando datos fundamentales y contribuyendo a generar nuevas variables en torno al surgimiento de los hogares unipersonales. Por ejemplo, una entrevistada me coment\u00f3 que una de sus amigas hab\u00eda perdido recientemente a su madre y que, en esa convivencia con su familia de origen, la hab\u00eda estado cuidando hasta el deceso. Fue muy emotivo saber que contaba con ella para esta investigaci\u00f3n y que hubiese aceptado participar en un hecho tan reciente. Y despu\u00e9s con el paso de los a\u00f1os, me fui enterando que algunos miembros de mi muestra fallecieron. Llevar su recuerdo en mi libro, es uno de los aspectos m\u00e1s valiosos para m\u00ed&#8221;.<\/p>\n\n\n\n<p><strong>&#8211; \u00bfC\u00f3mo cre\u00e9s que est\u00e1 conceptuado en general el hecho de vivir solo actualmente en la Ciudad y en el pa\u00eds? \u00bfPens\u00e1s que existen ciertos prejuicios al respecto? \u00bfQu\u00e9 opiniones al respecto conseguiste en tus testimonios si es que tocaron el tema?<\/strong><\/p>\n\n\n\n<p>-&#8220;Desde la introducci\u00f3n de mi libro y la presentaci\u00f3n del problema de investigaci\u00f3n, el envejecimiento poblacional y la creciente expectativa de vida producto de la urbanizaci\u00f3n, junto con los cambios en la sexualidad, la introducci\u00f3n de los m\u00e9todos anticonceptivos, la disminuci\u00f3n en la cantidad de hijos, el aumento en la tasa de divorcios y nuevas expectativas en el amor con parejas \u201ccama afuera\u201d, son algunas de las tantas rutas de entrada que menciono para la conformaci\u00f3n del hogar unipersonal. No estamos en presencia de la disoluci\u00f3n de la familia tradicional o la uni\u00f3n exclusivamente heterosexual con hijos, pero s\u00ed debemos contemplar estos cambios y las transformaciones que se observan en Am\u00e9rica Latina desde la d\u00e9cada de los 70 y en el caso de Argentina, legislaciones propias que se instituyeron como la Ley de Divorcio Vincular, el reconocimiento de hijos extramatrimoniales y un movimiento feminista que sali\u00f3 de la \u201coscuridad\u201d en la transici\u00f3n democr\u00e1tica. En las entrevistas hay testimonios clave que remiten a ciertos \u201cprejuicios\u201d sobre todo en la poblaci\u00f3n de 65 a\u00f1os y embates frecuentes con su familia de origen por no haber seguido ciertos mandatos. En las mujeres, no haber sido mam\u00e1s j\u00f3venes y en el caso de algunos varones haber cumplido con esas trayectorias sin haber contemplado sus deseos individuales. Algunos mismos se perciben as\u00ed mismos como \u201covejas negras\u201d que han venido a romper con esa idea de la linealidad. En el caso de los j\u00f3venes est\u00e1 mucho m\u00e1s naturalizado entre sus pares el aplazamiento de convivencias afectivas y en el caso de las mujeres la \u201cidea del reloj biol\u00f3gico\u201d o el \u201cse te pas\u00f3 el arroz\u201d est\u00e1 fuertemente discutida. La maternidad ser\u00e1 deseada y las tecnolog\u00edas reproductivas permitir\u00e1n concretar ese deseo independientemente de la edad y el momento de la vida. Conocerse individualmente, avanzar profesionalmente forma parte del proceso y ello no implica ego\u00edsmo por un otro. De hecho, es a la vez para estos entrevistados una forma de preservar la llegada de un hijo, garantizar antes cierto \u201cbienestar\u201d y condiciones econ\u00f3micas, de vivienda y el despertar del verdadero deseo. Hay algunos casos de j\u00f3venes migrantes donde a\u00fan recaen ciertas \u201cpresiones\u201d sobre tener hijos \u2013sobre todo en quienes se encuentran en pareja o conviviendo- pero son los menos y s\u00f3lo se erigen en el marco de familias de origen muy tradicionales que residen en pueblos peque\u00f1os; basados en ciertos patrones socioculturales&#8221;.<\/p>\n\n\n\n<p><strong>&#8211; \u00bfC\u00f3mo pens\u00e1s que evolucionar\u00e1 este fen\u00f3meno en los pr\u00f3ximos a\u00f1os? \u00bfPens\u00e1s que la situaci\u00f3n econ\u00f3mica influir\u00e1 para que las personas puedan tomar esta decisi\u00f3n tambi\u00e9n, dado el elevado costo de los alquileres en CABA?<\/strong><\/p>\n\n\n\n<p>-&#8220;Como convers\u00e1bamos, las tendencias mundiales -con distintas celeridades y patrones sociodemogr\u00e1ficos- indican una disminuci\u00f3n del tama\u00f1o promedio de los hogares junto con un creciente envejecimiento de las sociedades. Esto influye claramente en la elecci\u00f3n de residir solo y particularmente en una ciudad como es Buenos Aires, cosmopolita, con servicios y comodidades. De hecho, es un tema que est\u00e1 en agenda y donde pa\u00edses m\u00e1s desarrollados han generado propuestas de viviendas para un solo residente o bien ministerios para el cuidado y la atenci\u00f3n de la salud mental en personas que sufren de depresi\u00f3n, soledad o aislamiento social \u2013que no es una condici\u00f3n <em>sine qua non<\/em> de residentes unipersonales. Por otra parte, y si bien estos tipos de hogares son mayoritarios en las zonas m\u00e1s acomodadas, debemos considerar la crisis habitacional que existe en la Ciudad de Buenos Aires, los proyectos que se est\u00e1n tratando en torno a la ley de alquileres para modificar los plazos, valores en moneda nacional y ajustes no inferiores a seis mesas. La sostenibilidad del hogar debe acompa\u00f1arse del sost\u00e9n econ\u00f3mico y garantizar ingresos mediante trabajos estables, un aspecto que atraviesa todas las clases sociales pero que golpea particularmente a los j\u00f3venes en sus primeros pasos al mundo laboral. Por eso creo como te dec\u00eda al principio de la entrevista, los datos de las investigaciones no solamente nos permiten movernos en arenas acad\u00e9micas, sino que deben retroalimentar y discutir la formulaci\u00f3n de pol\u00edticas p\u00fablicas con un Estado presente que ampl\u00ede derechos&#8221;.<\/p>\n\n\n\n<p><strong>&#8211; \u00bfC\u00f3mo est\u00e1 estructurado tu libro?<\/strong><\/p>\n\n\n\n<p>-&#8220;Mi libro se compone de diez cap\u00edtulos. Uno m\u00e1s introductorio que versa sobre c\u00f3mo fui construyendo mi objeto de estudio y la metodolog\u00eda utilizada para investigar. Seguido de este, un cap\u00edtulo que permite profundizar en la bibliograf\u00eda existente sobre este fen\u00f3meno y que retoma conceptos de la teor\u00eda sociol\u00f3gica contempor\u00e1nea, sociodemogr\u00e1fica y estudios de alcance medio sobre hogares y familia. Los cap\u00edtulos restantes muestran los resultados de la investigaci\u00f3n. En principio, un an\u00e1lisis cuantitativo exhaustivo que muestra la evoluci\u00f3n del fen\u00f3meno en el pa\u00eds y en las ciudades m\u00e1s pobladas, particularmente sobre los cambios que goz\u00f3 la Ciudad de Buenos Aires desde mediados de la d\u00e9cada del 70 hasta la actualidad. Conocer tambi\u00e9n la composici\u00f3n de qui\u00e9nes viven solos en la ciudad para poder elegir a los participantes de este estudio fue fundamental. En los otros tres cap\u00edtulos, se muestra la riqueza de los testimonios recuperados de entrevistas con sus percepciones, experiencias y vivencias. Finalmente, hay dos cap\u00edtulos con discusi\u00f3n generales de los hallazgos con la literatura existente del fen\u00f3meno y conclusiones generales. Desde luego, est\u00e1 la bibliograf\u00eda de referencia utilizada para quienes decidan recuperar dichas fuentes&#8221;.<\/p>\n\n\n\n<p><strong>&#8211; \u00bfQu\u00e9 cosas valoran sobre su estilo de vida las personas que viven solas en CABA en general?<\/strong><\/p>\n\n\n\n<p>-&#8220;Hay factores que dependen mucho de la edad, el g\u00e9nero y la situaci\u00f3n conyugal de quienes participaron en este estudio. Pero a grandes rasgos te podr\u00eda decir que la independencia, la libertad de moverse en tiempo y espacio para concretar actividades -sin tener que consensuar- y la posibilidad de cuidar el mundo afectivo, decir cu\u00e1ndo, c\u00f3mo y con qui\u00e9n interactuar. Poder llegar a casa, abrir un vino, relajarse, ver la tele o una serie, leer un libro o bien armar planes con sus hijos que no residen en la misma vivienda. O sea, elegir. Eso hace que mayormente no se sientan solos. Pero tambi\u00e9n se rastrea en los testimonios una contradicci\u00f3n <em>in situ<\/em>, la contracara de no compartir momentos de mayor intimidad o contarse cotidianeidades; que te cuiden y te acompa\u00f1en en los momentos de angustia, tristeza o enfermedad. Tener que Ir a buscar el encuentro que por un lado implicar valorar con qui\u00e9n hacerlo, pero, a la vez, implica cierto esfuerzo, desgaste o a\u00f1oranza de buenos momentos&#8221;.<\/p>\n\n\n\n<p><strong>&#8211; Para concluir, \u00bfD\u00f3nde podemos conseguir tu libro?<\/strong><\/p>\n\n\n\n<p>-&#8220;Hay dos formas de conseguir el libro: digital en formato ebook e impreso. Como comentaba al principio de la entrevista, la ciencia debe ser un patrimonio para la ciudadan\u00eda. El ebook es muy accesible econ\u00f3micamente y se adquiere por la Editorial Imaginante en nuestro pa\u00eds en el siguiente enlace: <a href=\"https:\/\/www.editorialimaginante.com\/producto\/ebook-vivir-solo-experiencias-de-residentes-de-hogares-unipersonales-de-la-ciudad-de-buenos-aires-paula-daniela-fernandez-lopes\/\">https:\/\/www.editorialimaginante.com\/producto\/ebook-vivir-solo-experiencias-de-residentes-de-hogares-unipersonales-de-la-ciudad-de-buenos-aires-paula-daniela-fernandez-lopes\/<\/a> . Para quienes residen en otros pa\u00edses, incorporamos plataformas internacionales para la venta. Los enlaces son los siguientes: <a href=\"https:\/\/bwlnk.com\/9789878999340\">https:\/\/bwlnk.com\/9789878999340<\/a> y <a href=\"https:\/\/play.google.com\/store\/books\/details?id=m7XXEAAAQBAJ&amp;gl=es\">https:\/\/play.google.com\/store\/books\/details?id=m7XXEAAAQBAJ&amp;gl=es<\/a> . El libro impreso tiene un mayor costo y solamente podr\u00eda adquirirse por encargo. Debemos capitalizar las tecnolog\u00edas para conocer(nos) y visibilizar el trabajo de quienes estamos empezando a escribir y construir ideas colectivamente, porque ning\u00fan proyecto se hace (justamente) en soledad, sino con redes sociales y un tejido que puede estar por fuera de nuestras casas y con el que conectamos con el mundo interior&#8221;.<\/p>\n\n\n\n<p>Caracteres: 15985<\/p>\n<div class=\"pvc_clear\"><\/div><p id=\"pvc_stats_61798\" class=\"pvc_stats all  \" data-element-id=\"61798\" style=\"\"><i class=\"pvc-stats-icon small\" aria-hidden=\"true\"><svg aria-hidden=\"true\" focusable=\"false\" data-prefix=\"far\" data-icon=\"chart-bar\" role=\"img\" xmlns=\"http:\/\/www.w3.org\/2000\/svg\" viewBox=\"0 0 512 512\" class=\"svg-inline--fa fa-chart-bar fa-w-16 fa-2x\"><path fill=\"currentColor\" d=\"M396.8 352h22.4c6.4 0 12.8-6.4 12.8-12.8V108.8c0-6.4-6.4-12.8-12.8-12.8h-22.4c-6.4 0-12.8 6.4-12.8 12.8v230.4c0 6.4 6.4 12.8 12.8 12.8zm-192 0h22.4c6.4 0 12.8-6.4 12.8-12.8V140.8c0-6.4-6.4-12.8-12.8-12.8h-22.4c-6.4 0-12.8 6.4-12.8 12.8v198.4c0 6.4 6.4 12.8 12.8 12.8zm96 0h22.4c6.4 0 12.8-6.4 12.8-12.8V204.8c0-6.4-6.4-12.8-12.8-12.8h-22.4c-6.4 0-12.8 6.4-12.8 12.8v134.4c0 6.4 6.4 12.8 12.8 12.8zM496 400H48V80c0-8.84-7.16-16-16-16H16C7.16 64 0 71.16 0 80v336c0 17.67 14.33 32 32 32h464c8.84 0 16-7.16 16-16v-16c0-8.84-7.16-16-16-16zm-387.2-48h22.4c6.4 0 12.8-6.4 12.8-12.8v-70.4c0-6.4-6.4-12.8-12.8-12.8h-22.4c-6.4 0-12.8 6.4-12.8 12.8v70.4c0 6.4 6.4 12.8 12.8 12.8z\" class=\"\"><\/path><\/svg><\/i> <img loading=\"lazy\" decoding=\"async\" width=\"16\" height=\"16\" alt=\"Loading\" src=\"https:\/\/vocesdelacomuna15.com.ar\/wp-content\/plugins\/page-views-count\/ajax-loader-2x.gif\" border=0 \/><\/p><div class=\"pvc_clear\"><\/div>","protected":false},"excerpt":{"rendered":"<p>Entrevistamos a la Dra. Paula Fern\u00e1ndez Lopes, autora del libro \u201cVivir solo. Experiencias de residentes de hogares unipersonales de la Ciudad de Buenos Aires\u201d &#8211; En primer lugar me gustar\u00eda que pudieras realizar una breve presentaci\u00f3n personal&#8230; -&#8220;Nac\u00ed en Villa Ballester, Provincia de Buenos Aires en el a\u00f1o 1991. Tengo 32 a\u00f1os. Actualmente vivo en [&hellip;]<\/p>\n<div class=\"pvc_clear\"><\/div>\n<p id=\"pvc_stats_61798\" class=\"pvc_stats all  \" data-element-id=\"61798\" style=\"\"><i class=\"pvc-stats-icon small\" aria-hidden=\"true\"><svg aria-hidden=\"true\" focusable=\"false\" data-prefix=\"far\" data-icon=\"chart-bar\" role=\"img\" xmlns=\"http:\/\/www.w3.org\/2000\/svg\" viewBox=\"0 0 512 512\" class=\"svg-inline--fa fa-chart-bar fa-w-16 fa-2x\"><path fill=\"currentColor\" d=\"M396.8 352h22.4c6.4 0 12.8-6.4 12.8-12.8V108.8c0-6.4-6.4-12.8-12.8-12.8h-22.4c-6.4 0-12.8 6.4-12.8 12.8v230.4c0 6.4 6.4 12.8 12.8 12.8zm-192 0h22.4c6.4 0 12.8-6.4 12.8-12.8V140.8c0-6.4-6.4-12.8-12.8-12.8h-22.4c-6.4 0-12.8 6.4-12.8 12.8v198.4c0 6.4 6.4 12.8 12.8 12.8zm96 0h22.4c6.4 0 12.8-6.4 12.8-12.8V204.8c0-6.4-6.4-12.8-12.8-12.8h-22.4c-6.4 0-12.8 6.4-12.8 12.8v134.4c0 6.4 6.4 12.8 12.8 12.8zM496 400H48V80c0-8.84-7.16-16-16-16H16C7.16 64 0 71.16 0 80v336c0 17.67 14.33 32 32 32h464c8.84 0 16-7.16 16-16v-16c0-8.84-7.16-16-16-16zm-387.2-48h22.4c6.4 0 12.8-6.4 12.8-12.8v-70.4c0-6.4-6.4-12.8-12.8-12.8h-22.4c-6.4 0-12.8 6.4-12.8 12.8v70.4c0 6.4 6.4 12.8 12.8 12.8z\" class=\"\"><\/path><\/svg><\/i> <img loading=\"lazy\" decoding=\"async\" width=\"16\" height=\"16\" alt=\"Loading\" src=\"https:\/\/vocesdelacomuna15.com.ar\/wp-content\/plugins\/page-views-count\/ajax-loader-2x.gif\" border=0 \/><\/p>\n<div class=\"pvc_clear\"><\/div>\n","protected":false},"author":2,"featured_media":61804,"comment_status":"open","ping_status":"open","sticky":false,"template":"","format":"standard","meta":{"_et_pb_use_builder":"off","_et_pb_old_content":"","_et_gb_content_width":"","footnotes":""},"categories":[8],"tags":[],"class_list":["post-61798","post","type-post","status-publish","format-standard","has-post-thumbnail","hentry","category-sociedad","et-has-post-format-content","et_post_format-et-post-format-standard"],"a3_pvc":{"activated":true,"total_views":141,"today_views":1},"yoast_head":"<!-- This site is optimized with the Yoast SEO plugin v27.5 - https:\/\/yoast.com\/product\/yoast-seo-wordpress\/ -->\n<title>Paula Fernandez Lopes: \u201cMi forma de concebir la ciencia es de divulgaci\u00f3n, que se puedan contar experiencias en un lenguaje simple, claro\u201d - Voces de la Comuna 15<\/title>\n<meta name=\"description\" content=\"Voces de la Comuna 15\" \/>\n<meta name=\"robots\" content=\"index, follow, max-snippet:-1, max-image-preview:large, max-video-preview:-1\" \/>\n<link rel=\"canonical\" href=\"https:\/\/vocesdelacomuna15.com.ar\/press\/mi-forma-de-concebir-la-ciencia-es-de-divulgacion-que-se-puedan-contar-experiencias-en-un-lenguaje-simple-claro\/\" \/>\n<meta property=\"og:locale\" content=\"es_ES\" \/>\n<meta property=\"og:type\" content=\"article\" \/>\n<meta property=\"og:title\" content=\"Paula Fernandez Lopes: \u201cMi forma de concebir la ciencia es de divulgaci\u00f3n, que se puedan contar experiencias en un lenguaje simple, claro\u201d - Voces de la Comuna 15\" \/>\n<meta property=\"og:description\" content=\"Voces de la Comuna 15\" \/>\n<meta property=\"og:url\" content=\"https:\/\/vocesdelacomuna15.com.ar\/press\/mi-forma-de-concebir-la-ciencia-es-de-divulgacion-que-se-puedan-contar-experiencias-en-un-lenguaje-simple-claro\/\" \/>\n<meta property=\"og:site_name\" content=\"Voces de la Comuna 15\" \/>\n<meta property=\"article:publisher\" content=\"https:\/\/www.facebook.com\/VocesComuna15\/\" \/>\n<meta property=\"article:published_time\" content=\"2023-10-30T12:05:00+00:00\" \/>\n<meta property=\"article:modified_time\" content=\"2023-10-30T15:10:22+00:00\" \/>\n<meta property=\"og:image\" content=\"https:\/\/vocesdelacomuna15.com.ar\/wp-content\/uploads\/2023\/10\/vivir-solo-red.jpg\" \/>\n\t<meta property=\"og:image:width\" content=\"468\" \/>\n\t<meta property=\"og:image:height\" content=\"594\" \/>\n\t<meta property=\"og:image:type\" content=\"image\/jpeg\" \/>\n<meta name=\"author\" content=\"Federico Arguto\" \/>\n<meta name=\"twitter:card\" content=\"summary_large_image\" \/>\n<meta name=\"twitter:creator\" content=\"@vocescomuna15\" \/>\n<meta name=\"twitter:site\" content=\"@vocescomuna15\" \/>\n<meta name=\"twitter:label1\" content=\"Escrito por\" \/>\n\t<meta name=\"twitter:data1\" content=\"Federico Arguto\" \/>\n\t<meta name=\"twitter:label2\" content=\"Tiempo de lectura\" \/>\n\t<meta name=\"twitter:data2\" content=\"14 minutos\" \/>\n<script type=\"application\/ld+json\" class=\"yoast-schema-graph\">{\"@context\":\"https:\\\/\\\/schema.org\",\"@graph\":[{\"@type\":\"Article\",\"@id\":\"https:\\\/\\\/vocesdelacomuna15.com.ar\\\/press\\\/mi-forma-de-concebir-la-ciencia-es-de-divulgacion-que-se-puedan-contar-experiencias-en-un-lenguaje-simple-claro\\\/#article\",\"isPartOf\":{\"@id\":\"https:\\\/\\\/vocesdelacomuna15.com.ar\\\/press\\\/mi-forma-de-concebir-la-ciencia-es-de-divulgacion-que-se-puedan-contar-experiencias-en-un-lenguaje-simple-claro\\\/\"},\"author\":{\"name\":\"Federico Arguto\",\"@id\":\"https:\\\/\\\/vocesdelacomuna15.com.ar\\\/press\\\/#\\\/schema\\\/person\\\/4739e109db25d799cd3d139eeb509e43\"},\"headline\":\"Paula Fernandez Lopes: \u201cMi forma de concebir la ciencia es de divulgaci\u00f3n, que se puedan contar experiencias en un lenguaje simple, claro\u201d\",\"datePublished\":\"2023-10-30T12:05:00+00:00\",\"dateModified\":\"2023-10-30T15:10:22+00:00\",\"mainEntityOfPage\":{\"@id\":\"https:\\\/\\\/vocesdelacomuna15.com.ar\\\/press\\\/mi-forma-de-concebir-la-ciencia-es-de-divulgacion-que-se-puedan-contar-experiencias-en-un-lenguaje-simple-claro\\\/\"},\"wordCount\":2820,\"commentCount\":0,\"publisher\":{\"@id\":\"https:\\\/\\\/vocesdelacomuna15.com.ar\\\/press\\\/#organization\"},\"image\":{\"@id\":\"https:\\\/\\\/vocesdelacomuna15.com.ar\\\/press\\\/mi-forma-de-concebir-la-ciencia-es-de-divulgacion-que-se-puedan-contar-experiencias-en-un-lenguaje-simple-claro\\\/#primaryimage\"},\"thumbnailUrl\":\"https:\\\/\\\/vocesdelacomuna15.com.ar\\\/wp-content\\\/uploads\\\/2023\\\/10\\\/vivir-solo-red.jpg\",\"articleSection\":[\"Sociedad\"],\"inLanguage\":\"es-AR\",\"potentialAction\":[{\"@type\":\"CommentAction\",\"name\":\"Comment\",\"target\":[\"https:\\\/\\\/vocesdelacomuna15.com.ar\\\/press\\\/mi-forma-de-concebir-la-ciencia-es-de-divulgacion-que-se-puedan-contar-experiencias-en-un-lenguaje-simple-claro\\\/#respond\"]}]},{\"@type\":\"WebPage\",\"@id\":\"https:\\\/\\\/vocesdelacomuna15.com.ar\\\/press\\\/mi-forma-de-concebir-la-ciencia-es-de-divulgacion-que-se-puedan-contar-experiencias-en-un-lenguaje-simple-claro\\\/\",\"url\":\"https:\\\/\\\/vocesdelacomuna15.com.ar\\\/press\\\/mi-forma-de-concebir-la-ciencia-es-de-divulgacion-que-se-puedan-contar-experiencias-en-un-lenguaje-simple-claro\\\/\",\"name\":\"Paula Fernandez Lopes: \u201cMi forma de concebir la ciencia es de divulgaci\u00f3n, que se puedan contar experiencias en un lenguaje simple, claro\u201d - Voces de la Comuna 15\",\"isPartOf\":{\"@id\":\"https:\\\/\\\/vocesdelacomuna15.com.ar\\\/press\\\/#website\"},\"primaryImageOfPage\":{\"@id\":\"https:\\\/\\\/vocesdelacomuna15.com.ar\\\/press\\\/mi-forma-de-concebir-la-ciencia-es-de-divulgacion-que-se-puedan-contar-experiencias-en-un-lenguaje-simple-claro\\\/#primaryimage\"},\"image\":{\"@id\":\"https:\\\/\\\/vocesdelacomuna15.com.ar\\\/press\\\/mi-forma-de-concebir-la-ciencia-es-de-divulgacion-que-se-puedan-contar-experiencias-en-un-lenguaje-simple-claro\\\/#primaryimage\"},\"thumbnailUrl\":\"https:\\\/\\\/vocesdelacomuna15.com.ar\\\/wp-content\\\/uploads\\\/2023\\\/10\\\/vivir-solo-red.jpg\",\"datePublished\":\"2023-10-30T12:05:00+00:00\",\"dateModified\":\"2023-10-30T15:10:22+00:00\",\"description\":\"Voces de la Comuna 15\",\"breadcrumb\":{\"@id\":\"https:\\\/\\\/vocesdelacomuna15.com.ar\\\/press\\\/mi-forma-de-concebir-la-ciencia-es-de-divulgacion-que-se-puedan-contar-experiencias-en-un-lenguaje-simple-claro\\\/#breadcrumb\"},\"inLanguage\":\"es-AR\",\"potentialAction\":[{\"@type\":\"ReadAction\",\"target\":[\"https:\\\/\\\/vocesdelacomuna15.com.ar\\\/press\\\/mi-forma-de-concebir-la-ciencia-es-de-divulgacion-que-se-puedan-contar-experiencias-en-un-lenguaje-simple-claro\\\/\"]}]},{\"@type\":\"ImageObject\",\"inLanguage\":\"es-AR\",\"@id\":\"https:\\\/\\\/vocesdelacomuna15.com.ar\\\/press\\\/mi-forma-de-concebir-la-ciencia-es-de-divulgacion-que-se-puedan-contar-experiencias-en-un-lenguaje-simple-claro\\\/#primaryimage\",\"url\":\"https:\\\/\\\/vocesdelacomuna15.com.ar\\\/wp-content\\\/uploads\\\/2023\\\/10\\\/vivir-solo-red.jpg\",\"contentUrl\":\"https:\\\/\\\/vocesdelacomuna15.com.ar\\\/wp-content\\\/uploads\\\/2023\\\/10\\\/vivir-solo-red.jpg\",\"width\":468,\"height\":594},{\"@type\":\"BreadcrumbList\",\"@id\":\"https:\\\/\\\/vocesdelacomuna15.com.ar\\\/press\\\/mi-forma-de-concebir-la-ciencia-es-de-divulgacion-que-se-puedan-contar-experiencias-en-un-lenguaje-simple-claro\\\/#breadcrumb\",\"itemListElement\":[{\"@type\":\"ListItem\",\"position\":1,\"name\":\"Inicio\",\"item\":\"https:\\\/\\\/vocesdelacomuna15.com.ar\\\/press\\\/\"},{\"@type\":\"ListItem\",\"position\":2,\"name\":\"Paula Fernandez Lopes: \u201cMi forma de concebir la ciencia es de divulgaci\u00f3n, que se puedan contar experiencias en un lenguaje simple, claro\u201d\"}]},{\"@type\":\"WebSite\",\"@id\":\"https:\\\/\\\/vocesdelacomuna15.com.ar\\\/press\\\/#website\",\"url\":\"https:\\\/\\\/vocesdelacomuna15.com.ar\\\/press\\\/\",\"name\":\"Voces de la Comuna 15\",\"description\":\"Sitio web de noticias\",\"publisher\":{\"@id\":\"https:\\\/\\\/vocesdelacomuna15.com.ar\\\/press\\\/#organization\"},\"potentialAction\":[{\"@type\":\"SearchAction\",\"target\":{\"@type\":\"EntryPoint\",\"urlTemplate\":\"https:\\\/\\\/vocesdelacomuna15.com.ar\\\/press\\\/?s={search_term_string}\"},\"query-input\":{\"@type\":\"PropertyValueSpecification\",\"valueRequired\":true,\"valueName\":\"search_term_string\"}}],\"inLanguage\":\"es-AR\"},{\"@type\":\"Organization\",\"@id\":\"https:\\\/\\\/vocesdelacomuna15.com.ar\\\/press\\\/#organization\",\"name\":\"Voces de la Comuna 15\",\"url\":\"https:\\\/\\\/vocesdelacomuna15.com.ar\\\/press\\\/\",\"logo\":{\"@type\":\"ImageObject\",\"inLanguage\":\"es-AR\",\"@id\":\"https:\\\/\\\/vocesdelacomuna15.com.ar\\\/press\\\/#\\\/schema\\\/logo\\\/image\\\/\",\"url\":\"https:\\\/\\\/vocesdelacomuna15.com.ar\\\/wp-content\\\/uploads\\\/2024\\\/12\\\/cropped-logo_voces.jpg\",\"contentUrl\":\"https:\\\/\\\/vocesdelacomuna15.com.ar\\\/wp-content\\\/uploads\\\/2024\\\/12\\\/cropped-logo_voces.jpg\",\"width\":512,\"height\":512,\"caption\":\"Voces de la Comuna 15\"},\"image\":{\"@id\":\"https:\\\/\\\/vocesdelacomuna15.com.ar\\\/press\\\/#\\\/schema\\\/logo\\\/image\\\/\"},\"sameAs\":[\"https:\\\/\\\/www.facebook.com\\\/VocesComuna15\\\/\",\"https:\\\/\\\/x.com\\\/vocescomuna15\"]},{\"@type\":\"Person\",\"@id\":\"https:\\\/\\\/vocesdelacomuna15.com.ar\\\/press\\\/#\\\/schema\\\/person\\\/4739e109db25d799cd3d139eeb509e43\",\"name\":\"Federico Arguto\",\"image\":{\"@type\":\"ImageObject\",\"inLanguage\":\"es-AR\",\"@id\":\"https:\\\/\\\/vocesdelacomuna15.com.ar\\\/wp-content\\\/litespeed\\\/avatar\\\/82faf979976f1bae889b8b71f8a0a7e5.jpg?ver=1776814847\",\"url\":\"https:\\\/\\\/vocesdelacomuna15.com.ar\\\/wp-content\\\/litespeed\\\/avatar\\\/82faf979976f1bae889b8b71f8a0a7e5.jpg?ver=1776814847\",\"contentUrl\":\"https:\\\/\\\/vocesdelacomuna15.com.ar\\\/wp-content\\\/litespeed\\\/avatar\\\/82faf979976f1bae889b8b71f8a0a7e5.jpg?ver=1776814847\",\"caption\":\"Federico Arguto\"},\"url\":\"https:\\\/\\\/vocesdelacomuna15.com.ar\\\/press\\\/author\\\/fede\\\/\"}]}<\/script>\n<!-- \/ Yoast SEO plugin. -->","yoast_head_json":{"title":"Paula Fernandez Lopes: \u201cMi forma de concebir la ciencia es de divulgaci\u00f3n, que se puedan contar experiencias en un lenguaje simple, claro\u201d - Voces de la Comuna 15","description":"Voces de la Comuna 15","robots":{"index":"index","follow":"follow","max-snippet":"max-snippet:-1","max-image-preview":"max-image-preview:large","max-video-preview":"max-video-preview:-1"},"canonical":"https:\/\/vocesdelacomuna15.com.ar\/press\/mi-forma-de-concebir-la-ciencia-es-de-divulgacion-que-se-puedan-contar-experiencias-en-un-lenguaje-simple-claro\/","og_locale":"es_ES","og_type":"article","og_title":"Paula Fernandez Lopes: \u201cMi forma de concebir la ciencia es de divulgaci\u00f3n, que se puedan contar experiencias en un lenguaje simple, claro\u201d - Voces de la Comuna 15","og_description":"Voces de la Comuna 15","og_url":"https:\/\/vocesdelacomuna15.com.ar\/press\/mi-forma-de-concebir-la-ciencia-es-de-divulgacion-que-se-puedan-contar-experiencias-en-un-lenguaje-simple-claro\/","og_site_name":"Voces de la Comuna 15","article_publisher":"https:\/\/www.facebook.com\/VocesComuna15\/","article_published_time":"2023-10-30T12:05:00+00:00","article_modified_time":"2023-10-30T15:10:22+00:00","og_image":[{"width":468,"height":594,"url":"https:\/\/vocesdelacomuna15.com.ar\/wp-content\/uploads\/2023\/10\/vivir-solo-red.jpg","type":"image\/jpeg"}],"author":"Federico Arguto","twitter_card":"summary_large_image","twitter_creator":"@vocescomuna15","twitter_site":"@vocescomuna15","twitter_misc":{"Escrito por":"Federico Arguto","Tiempo de lectura":"14 minutos"},"schema":{"@context":"https:\/\/schema.org","@graph":[{"@type":"Article","@id":"https:\/\/vocesdelacomuna15.com.ar\/press\/mi-forma-de-concebir-la-ciencia-es-de-divulgacion-que-se-puedan-contar-experiencias-en-un-lenguaje-simple-claro\/#article","isPartOf":{"@id":"https:\/\/vocesdelacomuna15.com.ar\/press\/mi-forma-de-concebir-la-ciencia-es-de-divulgacion-que-se-puedan-contar-experiencias-en-un-lenguaje-simple-claro\/"},"author":{"name":"Federico Arguto","@id":"https:\/\/vocesdelacomuna15.com.ar\/press\/#\/schema\/person\/4739e109db25d799cd3d139eeb509e43"},"headline":"Paula Fernandez Lopes: \u201cMi forma de concebir la ciencia es de divulgaci\u00f3n, que se puedan contar experiencias en un lenguaje simple, claro\u201d","datePublished":"2023-10-30T12:05:00+00:00","dateModified":"2023-10-30T15:10:22+00:00","mainEntityOfPage":{"@id":"https:\/\/vocesdelacomuna15.com.ar\/press\/mi-forma-de-concebir-la-ciencia-es-de-divulgacion-que-se-puedan-contar-experiencias-en-un-lenguaje-simple-claro\/"},"wordCount":2820,"commentCount":0,"publisher":{"@id":"https:\/\/vocesdelacomuna15.com.ar\/press\/#organization"},"image":{"@id":"https:\/\/vocesdelacomuna15.com.ar\/press\/mi-forma-de-concebir-la-ciencia-es-de-divulgacion-que-se-puedan-contar-experiencias-en-un-lenguaje-simple-claro\/#primaryimage"},"thumbnailUrl":"https:\/\/vocesdelacomuna15.com.ar\/wp-content\/uploads\/2023\/10\/vivir-solo-red.jpg","articleSection":["Sociedad"],"inLanguage":"es-AR","potentialAction":[{"@type":"CommentAction","name":"Comment","target":["https:\/\/vocesdelacomuna15.com.ar\/press\/mi-forma-de-concebir-la-ciencia-es-de-divulgacion-que-se-puedan-contar-experiencias-en-un-lenguaje-simple-claro\/#respond"]}]},{"@type":"WebPage","@id":"https:\/\/vocesdelacomuna15.com.ar\/press\/mi-forma-de-concebir-la-ciencia-es-de-divulgacion-que-se-puedan-contar-experiencias-en-un-lenguaje-simple-claro\/","url":"https:\/\/vocesdelacomuna15.com.ar\/press\/mi-forma-de-concebir-la-ciencia-es-de-divulgacion-que-se-puedan-contar-experiencias-en-un-lenguaje-simple-claro\/","name":"Paula Fernandez Lopes: \u201cMi forma de concebir la ciencia es de divulgaci\u00f3n, que se puedan contar experiencias en un lenguaje simple, claro\u201d - Voces de la Comuna 15","isPartOf":{"@id":"https:\/\/vocesdelacomuna15.com.ar\/press\/#website"},"primaryImageOfPage":{"@id":"https:\/\/vocesdelacomuna15.com.ar\/press\/mi-forma-de-concebir-la-ciencia-es-de-divulgacion-que-se-puedan-contar-experiencias-en-un-lenguaje-simple-claro\/#primaryimage"},"image":{"@id":"https:\/\/vocesdelacomuna15.com.ar\/press\/mi-forma-de-concebir-la-ciencia-es-de-divulgacion-que-se-puedan-contar-experiencias-en-un-lenguaje-simple-claro\/#primaryimage"},"thumbnailUrl":"https:\/\/vocesdelacomuna15.com.ar\/wp-content\/uploads\/2023\/10\/vivir-solo-red.jpg","datePublished":"2023-10-30T12:05:00+00:00","dateModified":"2023-10-30T15:10:22+00:00","description":"Voces de la Comuna 15","breadcrumb":{"@id":"https:\/\/vocesdelacomuna15.com.ar\/press\/mi-forma-de-concebir-la-ciencia-es-de-divulgacion-que-se-puedan-contar-experiencias-en-un-lenguaje-simple-claro\/#breadcrumb"},"inLanguage":"es-AR","potentialAction":[{"@type":"ReadAction","target":["https:\/\/vocesdelacomuna15.com.ar\/press\/mi-forma-de-concebir-la-ciencia-es-de-divulgacion-que-se-puedan-contar-experiencias-en-un-lenguaje-simple-claro\/"]}]},{"@type":"ImageObject","inLanguage":"es-AR","@id":"https:\/\/vocesdelacomuna15.com.ar\/press\/mi-forma-de-concebir-la-ciencia-es-de-divulgacion-que-se-puedan-contar-experiencias-en-un-lenguaje-simple-claro\/#primaryimage","url":"https:\/\/vocesdelacomuna15.com.ar\/wp-content\/uploads\/2023\/10\/vivir-solo-red.jpg","contentUrl":"https:\/\/vocesdelacomuna15.com.ar\/wp-content\/uploads\/2023\/10\/vivir-solo-red.jpg","width":468,"height":594},{"@type":"BreadcrumbList","@id":"https:\/\/vocesdelacomuna15.com.ar\/press\/mi-forma-de-concebir-la-ciencia-es-de-divulgacion-que-se-puedan-contar-experiencias-en-un-lenguaje-simple-claro\/#breadcrumb","itemListElement":[{"@type":"ListItem","position":1,"name":"Inicio","item":"https:\/\/vocesdelacomuna15.com.ar\/press\/"},{"@type":"ListItem","position":2,"name":"Paula Fernandez Lopes: \u201cMi forma de concebir la ciencia es de divulgaci\u00f3n, que se puedan contar experiencias en un lenguaje simple, claro\u201d"}]},{"@type":"WebSite","@id":"https:\/\/vocesdelacomuna15.com.ar\/press\/#website","url":"https:\/\/vocesdelacomuna15.com.ar\/press\/","name":"Voces de la Comuna 15","description":"Sitio web de noticias","publisher":{"@id":"https:\/\/vocesdelacomuna15.com.ar\/press\/#organization"},"potentialAction":[{"@type":"SearchAction","target":{"@type":"EntryPoint","urlTemplate":"https:\/\/vocesdelacomuna15.com.ar\/press\/?s={search_term_string}"},"query-input":{"@type":"PropertyValueSpecification","valueRequired":true,"valueName":"search_term_string"}}],"inLanguage":"es-AR"},{"@type":"Organization","@id":"https:\/\/vocesdelacomuna15.com.ar\/press\/#organization","name":"Voces de la Comuna 15","url":"https:\/\/vocesdelacomuna15.com.ar\/press\/","logo":{"@type":"ImageObject","inLanguage":"es-AR","@id":"https:\/\/vocesdelacomuna15.com.ar\/press\/#\/schema\/logo\/image\/","url":"https:\/\/vocesdelacomuna15.com.ar\/wp-content\/uploads\/2024\/12\/cropped-logo_voces.jpg","contentUrl":"https:\/\/vocesdelacomuna15.com.ar\/wp-content\/uploads\/2024\/12\/cropped-logo_voces.jpg","width":512,"height":512,"caption":"Voces de la Comuna 15"},"image":{"@id":"https:\/\/vocesdelacomuna15.com.ar\/press\/#\/schema\/logo\/image\/"},"sameAs":["https:\/\/www.facebook.com\/VocesComuna15\/","https:\/\/x.com\/vocescomuna15"]},{"@type":"Person","@id":"https:\/\/vocesdelacomuna15.com.ar\/press\/#\/schema\/person\/4739e109db25d799cd3d139eeb509e43","name":"Federico Arguto","image":{"@type":"ImageObject","inLanguage":"es-AR","@id":"https:\/\/vocesdelacomuna15.com.ar\/wp-content\/litespeed\/avatar\/82faf979976f1bae889b8b71f8a0a7e5.jpg?ver=1776814847","url":"https:\/\/vocesdelacomuna15.com.ar\/wp-content\/litespeed\/avatar\/82faf979976f1bae889b8b71f8a0a7e5.jpg?ver=1776814847","contentUrl":"https:\/\/vocesdelacomuna15.com.ar\/wp-content\/litespeed\/avatar\/82faf979976f1bae889b8b71f8a0a7e5.jpg?ver=1776814847","caption":"Federico Arguto"},"url":"https:\/\/vocesdelacomuna15.com.ar\/press\/author\/fede\/"}]}},"_links":{"self":[{"href":"https:\/\/vocesdelacomuna15.com.ar\/press\/wp-json\/wp\/v2\/posts\/61798","targetHints":{"allow":["GET"]}}],"collection":[{"href":"https:\/\/vocesdelacomuna15.com.ar\/press\/wp-json\/wp\/v2\/posts"}],"about":[{"href":"https:\/\/vocesdelacomuna15.com.ar\/press\/wp-json\/wp\/v2\/types\/post"}],"author":[{"embeddable":true,"href":"https:\/\/vocesdelacomuna15.com.ar\/press\/wp-json\/wp\/v2\/users\/2"}],"replies":[{"embeddable":true,"href":"https:\/\/vocesdelacomuna15.com.ar\/press\/wp-json\/wp\/v2\/comments?post=61798"}],"version-history":[{"count":3,"href":"https:\/\/vocesdelacomuna15.com.ar\/press\/wp-json\/wp\/v2\/posts\/61798\/revisions"}],"predecessor-version":[{"id":61833,"href":"https:\/\/vocesdelacomuna15.com.ar\/press\/wp-json\/wp\/v2\/posts\/61798\/revisions\/61833"}],"wp:featuredmedia":[{"embeddable":true,"href":"https:\/\/vocesdelacomuna15.com.ar\/press\/wp-json\/wp\/v2\/media\/61804"}],"wp:attachment":[{"href":"https:\/\/vocesdelacomuna15.com.ar\/press\/wp-json\/wp\/v2\/media?parent=61798"}],"wp:term":[{"taxonomy":"category","embeddable":true,"href":"https:\/\/vocesdelacomuna15.com.ar\/press\/wp-json\/wp\/v2\/categories?post=61798"},{"taxonomy":"post_tag","embeddable":true,"href":"https:\/\/vocesdelacomuna15.com.ar\/press\/wp-json\/wp\/v2\/tags?post=61798"}],"curies":[{"name":"wp","href":"https:\/\/api.w.org\/{rel}","templated":true}]}}