{"id":61789,"date":"2023-10-30T04:48:00","date_gmt":"2023-10-30T07:48:00","guid":{"rendered":"https:\/\/vocesdelacomuna15.com.ar\/?p=61789"},"modified":"2023-10-27T17:06:40","modified_gmt":"2023-10-27T20:06:40","slug":"un-pedacito-de-los-129-anos-de-la-amia-en-la-paternal","status":"publish","type":"post","link":"https:\/\/vocesdelacomuna15.com.ar\/press\/un-pedacito-de-los-129-anos-de-la-amia-en-la-paternal\/","title":{"rendered":"Un pedacito de los 129 a\u00f1os de la AMIA en La Paternal"},"content":{"rendered":"\n<p>En la historia de los cementerios jud\u00edos en Argentina, La Paternal tiene un cap\u00edtulo aparte<\/p>\n\n\n\n<p>Como vecino de este barrio, tanto en las elecciones de agosto como en las del domingo 22, me toc\u00f3 votar en la calle Punta Arenas 1271: en el complejo polideportivo Las Malvinas, de la Asociaci\u00f3n Atl\u00e9tica Argentinos Juniors &#8211; AAAJ -.&nbsp; Pero hay un dato m\u00e1s lejano: este predio fue el segundo cementerio que la Asociaci\u00f3n Chevrah Keduscha Aschkenasi (a quien nombraremos como &#8220;JKA&#8221;)* logr\u00f3 conseguir para poder dar sepultura a sus asociados.<\/p>\n\n\n\n<figure class=\"wp-block-image size-large\"><img loading=\"lazy\" decoding=\"async\" width=\"1024\" height=\"345\" src=\"https:\/\/vocesdelacomuna15.com.ar\/wp-content\/uploads\/2023\/10\/a-1024x345.jpg\" alt=\"\" class=\"wp-image-61791\" srcset=\"https:\/\/vocesdelacomuna15.com.ar\/wp-content\/uploads\/2023\/10\/a-1024x345.jpg 1024w, https:\/\/vocesdelacomuna15.com.ar\/wp-content\/uploads\/2023\/10\/a-300x101.jpg 300w, https:\/\/vocesdelacomuna15.com.ar\/wp-content\/uploads\/2023\/10\/a-768x259.jpg 768w, https:\/\/vocesdelacomuna15.com.ar\/wp-content\/uploads\/2023\/10\/a-1536x517.jpg 1536w, https:\/\/vocesdelacomuna15.com.ar\/wp-content\/uploads\/2023\/10\/a-1080x364.jpg 1080w, https:\/\/vocesdelacomuna15.com.ar\/wp-content\/uploads\/2023\/10\/a.jpg 1882w\" sizes=\"(max-width: 1024px) 100vw, 1024px\" \/><\/figure>\n\n\n\n<p><em>Detalle de la portada de la memoria y Balance de la Asociaci\u00f3n Chevrah Keduscha Aschkenasi. Correspondiente a los ejercicios 42 y 43. Del 1\/10\/1935 al 30\/09\/1936 y del 1\/10\/1936 al 30\/09\/1937. Presentado por la Comisi\u00f3n Directiva a la Asamblea General Ordinaria el 15\/08\/1938<\/em><\/p>\n\n\n\n<p><\/p>\n\n\n\n<p>Luego de un gran derrotero de los jud\u00edos askenazies de la ciudad y alrededores para obtener un lugar propio para el entierro ritual**, en el a\u00f1o 1910 la JKA&nbsp;inaugura su primer cementerio: el llamado \u201cde Liniers&#8221; que en realidad est\u00e1 ubicado en Ciudadela, Provincia de Buenos Aires, pegado a las v\u00edas del Ferrocarril Sarmiento y la General Paz.<\/p>\n\n\n\n<p>En el a\u00f1o 1922 la JKA adquiere un terreno en La Paternal (en distintos documentos figura tambi\u00e9n como Chacarita o Villa Ort\u00fazar), ubicado entre las calles Punta Arenas,&nbsp; Estomba, Del Colegio (14 de Julio) entre otras y bordeando, todo un lateral, las v\u00edas del Tranv\u00eda rural a San Mart\u00edn (Hoy Ferrocarril Urquiza). Posteriormente, en base a una ordenanza municipal que autorizaba su empleo para cementerio se construy\u00f3: \u201cUna planta baja de 35,40 m. de frente, \u00fanica, pr\u00e1cticamente sim\u00e9trica, retirada 1,50 m. de la l\u00ednea municipal de Punta Arenas que consta de gran Hall central en el que hay seis columnas cuadradas, hacia el frente y contrafrente dos escalinatas de acceso. A cada lado; dos patios; dos cocinas; ba\u00f1os internos; ba\u00f1os externos <em>Hombres<\/em> y <em>Mujeres<\/em>; una <em>morgue<\/em> y un <em>dep\u00f3sito<\/em>. Inmediatamente se construy\u00f3 el edificio para la administraci\u00f3n, dependencias, y el cerco perimetral (\u2026) de cerramientos de 0.30 de espesor y pilares de plantas cuadradas que est\u00e1n rematadas con tapa revocada tipo <em>punta de diamante<\/em>, fueron levantados con ladrillos vistos con juntas tomadas\u201d** La superficie cercada alcanz\u00f3 los 45.160 m2. La obra estuvo a cargo del reconocido arquitecto Jacques Braguinsky, y de C. Gasco Constructor. Pero al solicitar la habilitaci\u00f3n del cementerio, la Municipalidad de la Ciudad de Buenos Aires, por medio de una nueva&nbsp; ordenanza que prohib\u00eda la instalaci\u00f3n de cementerios privados dentro de la Capital Federal, dictada en 1926, derog\u00f3 el permiso concedido anteriormente antes de que haya alguna inhumaci\u00f3n. En la entrevista a Le\u00f3n Horischnik* titulada <em>La cuesti\u00f3n del nuevo cementerio jud\u00edo<\/em>, publicada en el diario Mundo Israelita el 16 de enero de 1926, leemos:<\/p>\n\n\n\n<p>&nbsp;\u201cTrat\u00e1se de una verdadera injusticia, pues como habitantes del municipio tenemos derecho a que se nos den sepulturas cuanto son necesarias para enterrar a&nbsp; nuestros correligionarios fallecidos. El hecho de que por motivos religiosos procuremos tener nuestro propio cementerio, no supone un privilegio sino, al contrario, una carga que voluntariamente nos imponemos. Por lo dem\u00e1s, al deneg\u00e1rsenos el permiso para habilitar un cementerio en la capital, no solo se comete con nosotros una injusticia como individuos, si no que se nos humilla como colectividad, pues las otras, que pertenecen a religiones o sectas disidentes, tienen los suyos\u201d. Recordemos que los dos \u00fanicos cementerios privados activos a la fecha son el alem\u00e1n y el brit\u00e1nico.<\/p>\n\n\n\n<figure class=\"wp-block-image size-large\"><img loading=\"lazy\" decoding=\"async\" width=\"1024\" height=\"631\" src=\"https:\/\/vocesdelacomuna15.com.ar\/wp-content\/uploads\/2023\/10\/b-1024x631.jpg\" alt=\"\" class=\"wp-image-61792\" srcset=\"https:\/\/vocesdelacomuna15.com.ar\/wp-content\/uploads\/2023\/10\/b-1024x631.jpg 1024w, https:\/\/vocesdelacomuna15.com.ar\/wp-content\/uploads\/2023\/10\/b-300x185.jpg 300w, https:\/\/vocesdelacomuna15.com.ar\/wp-content\/uploads\/2023\/10\/b-768x473.jpg 768w, https:\/\/vocesdelacomuna15.com.ar\/wp-content\/uploads\/2023\/10\/b-1536x946.jpg 1536w, https:\/\/vocesdelacomuna15.com.ar\/wp-content\/uploads\/2023\/10\/b-2048x1261.jpg 2048w, https:\/\/vocesdelacomuna15.com.ar\/wp-content\/uploads\/2023\/10\/b-1080x665.jpg 1080w\" sizes=\"(max-width: 1024px) 100vw, 1024px\" \/><\/figure>\n\n\n\n<p><em>Vista general tomada desde Gutenberg y Punta Arenas. Foto: Ezequiel Semo agosto 2023<\/em><\/p>\n\n\n\n<p>Con tal motivo la JKA demand\u00f3 a la Municipalidad por da\u00f1os y perjuicios. Demanda va, demanda viene, el 21 de junio de 1937 la JKA logra vender este predio: \u201cEn el curso de este ejercicio se ha llegado, por fin, a vender el terreno que la asociaci\u00f3n pose\u00eda en Chacarita, el que, por no estar habilitado como cementerio, constitu\u00eda una pesada carga para nuestra entidad. Hac\u00eda a\u00f1os que se quer\u00eda liquidar esta propiedad, pero ninguna comisi\u00f3n anterior lleg\u00f3 a formalizar la transacci\u00f3n.\u201d**<\/p>\n\n\n\n<p>En 1929 los jud\u00edos de Alepo, Siria, habilitan su necr\u00f3polis en Ciudadela (Av. Alvear), donde una parte es cedida a la JKA para los israelitas askenaz\u00edes. Y en abril de 1936, ahora s\u00ed, se inaugura el segundo cementerio administrado por la JKA en Tablada, Provincia de Buenos Aires. En el a\u00f1o 1956 AMIA adquiere el cementerio de Berazategui (todav\u00eda&nbsp; partido de Ezpeleta).<\/p>\n\n\n\n<p>Curioso que me haya tocado esta locaci\u00f3n para votar. Trabajo en la Asociaci\u00f3n Mutual Israelita Argentina y me encuentro, frecuentemente, documentos hist\u00f3ricos sobre este frustrado camposanto. Adem\u00e1s vienen los relatos m\u00edticos, esos que escuch\u00e1bamos de chicos, como &#8221; este fue un cementerio jud\u00edo&#8221; y sabiendo esto recordar la curiosidad y el misterio que daba entrar&nbsp; por el gran arco, para pasar el d\u00eda, ir a la pileta, comer un asado.<\/p>\n\n\n\n<figure class=\"wp-block-image size-large\"><img loading=\"lazy\" decoding=\"async\" width=\"1024\" height=\"768\" src=\"https:\/\/vocesdelacomuna15.com.ar\/wp-content\/uploads\/2023\/10\/d-1024x768.jpg\" alt=\"\" class=\"wp-image-61793\" srcset=\"https:\/\/vocesdelacomuna15.com.ar\/wp-content\/uploads\/2023\/10\/d-1024x768.jpg 1024w, https:\/\/vocesdelacomuna15.com.ar\/wp-content\/uploads\/2023\/10\/d-300x225.jpg 300w, https:\/\/vocesdelacomuna15.com.ar\/wp-content\/uploads\/2023\/10\/d-768x576.jpg 768w, https:\/\/vocesdelacomuna15.com.ar\/wp-content\/uploads\/2023\/10\/d-1536x1152.jpg 1536w, https:\/\/vocesdelacomuna15.com.ar\/wp-content\/uploads\/2023\/10\/d-2048x1536.jpg 2048w, https:\/\/vocesdelacomuna15.com.ar\/wp-content\/uploads\/2023\/10\/d-1080x810.jpg 1080w\" sizes=\"(max-width: 1024px) 100vw, 1024px\" \/><\/figure>\n\n\n\n<p><em>Vista del contrafrente. Foto: Ezequiel Semo agosto 2023<\/em><\/p>\n\n\n\n<p>Hoy la entrada y hall (que claramente son las instalaciones de un cementerio) fueron renovadas. Cambiaron algunas aberturas, el maldito <em>Tarquini<\/em> que globaliza todos los revoques y frentes, etc. El 1\u00ba de septiembre \u00faltimo fue la apertura de un gimnasio. Atr\u00e1s qued\u00f3 la historia del beit hajaim* pero las huellas en documentos, la arquitectura y los recuerdos est\u00e1n: un <em>shtikele<\/em>* de los 129 a\u00f1os de la AMIA en La Paternal.<\/p>\n\n\n\n<figure class=\"wp-block-image size-large\"><img loading=\"lazy\" decoding=\"async\" width=\"1024\" height=\"678\" src=\"https:\/\/vocesdelacomuna15.com.ar\/wp-content\/uploads\/2023\/10\/e-1024x678.jpg\" alt=\"\" class=\"wp-image-61794\" srcset=\"https:\/\/vocesdelacomuna15.com.ar\/wp-content\/uploads\/2023\/10\/e-1024x678.jpg 1024w, https:\/\/vocesdelacomuna15.com.ar\/wp-content\/uploads\/2023\/10\/e-300x199.jpg 300w, https:\/\/vocesdelacomuna15.com.ar\/wp-content\/uploads\/2023\/10\/e-768x508.jpg 768w, https:\/\/vocesdelacomuna15.com.ar\/wp-content\/uploads\/2023\/10\/e-1536x1017.jpg 1536w, https:\/\/vocesdelacomuna15.com.ar\/wp-content\/uploads\/2023\/10\/e-1080x715.jpg 1080w, https:\/\/vocesdelacomuna15.com.ar\/wp-content\/uploads\/2023\/10\/e.jpg 1772w\" sizes=\"(max-width: 1024px) 100vw, 1024px\" \/><\/figure>\n\n\n\n<p><em>Lateral que bordea la calle Gutenberg donde se aprecia uno de los muros perimetrales originales. Colecci\u00f3n Archivo Fotogr\u00e1fico Centro Marc Turkow AMIA<\/em><\/p>\n\n\n\n<p>*<strong>Asociaci\u00f3n<\/strong> <strong>Chevrah&nbsp; Keduscha<\/strong> (del hebreo, <em>sociedad santa<\/em>) <strong>Aschkenasi<\/strong>. Fundada el 11 de febrero del a\u00f1o 1894 como una Sociedad de entierros. Esta fue lentamente transform\u00e1ndose&nbsp; en una <em>Kehila<\/em>, en una comunidad. Esto queda reflejado en el cambio de sus estatutos en 1941, en los que adquiere un nuevo nombre: \u201cAsociaci\u00f3n Mutual Israelita Argentina de Buenos Aires\u201d (ex Chevrah Keduscha Aschkenasi), hoy AMIA.<\/p>\n\n\n\n<p>**Alfons\u00edn Jorge. (2000). <em>La historia del cementerio israelita no habilitado de La Paternal<\/em>. En revista <em>Toldot<\/em> N\u00b0 12. Asociaci\u00f3n de Genealog\u00eda Jud\u00eda de Argentina (AGJA).<\/p>\n\n\n\n<p>*Para m\u00e1s informaci\u00f3n sobre los cementerios de la poblaci\u00f3n israelita de la ciudad y alrededores ver <em>La Paternal jud\u00eda <\/em>de Ezequiel Semo en Voces de la Comuna 15, N\u00ba 25, abril 2018.<\/p>\n\n\n\n<p>*<strong>Le\u00f3n Horischnik<\/strong>(1889-1961).Secretario de la JKA y activo colaborador en el desarrollo de las instituciones colectivas.<\/p>\n\n\n\n<p>**Memoria y Balance de la Asociaci\u00f3n Chevrah Keduscha Ashkenasi. Correspondiente a los ejercicios 42 y 43. Del 1\/10\/1935 al 30\/09\/1936 y del 1\/10\/1936 al 30\/09\/1937. Presentado por la Comisi\u00f3n Directiva a la Asamblea General Ordinaria el 15\/08\/1938.<\/p>\n\n\n\n<p>* <strong>Beit Hajaim<\/strong>. <em>Casa de la vida<\/em>,&nbsp; una de las forma para designar cementerio en hebreo.<\/p>\n\n\n\n<p>*<strong>Shtikele.<\/strong> <em>Pedacito<\/em> en idish<\/p>\n\n\n\n<p><strong>El autor es artista visual e investigador. Trabaja en el Centro de difusi\u00f3n e informaci\u00f3n sobre el juda\u00edsmo argentino Marc Turkow de AMIA. Accion\u00f3 quince a\u00f1os en el proyecto art\u00edstico ABTE &#8211; Agrupaci\u00f3n Boletos Tipo Edmondson-. Es fundador del Archivo Textil Ferroviario. Lo encuentran en las redes: Ezequiel Semo en FB e IG y No demuelan la estaci\u00f3n La paternal en FB. Contacto: ezequielsemo@gmail.com<\/strong><\/p>\n\n\n\n<p><\/p>\n\n\n\n<p>Foto de portada: Vista del portal, lo que era la entrada al cementerio jud\u00edo no habilitado de La Paternal. Foto: Ezequiel Semo agosto 2023.<\/p>\n\n\n\n<p><\/p>\n\n\n\n<p>Caracteres: 6.562<\/p>\n<div class=\"pvc_clear\"><\/div><p id=\"pvc_stats_61789\" class=\"pvc_stats all  \" data-element-id=\"61789\" style=\"\"><i class=\"pvc-stats-icon small\" aria-hidden=\"true\"><svg aria-hidden=\"true\" focusable=\"false\" data-prefix=\"far\" data-icon=\"chart-bar\" role=\"img\" xmlns=\"http:\/\/www.w3.org\/2000\/svg\" viewBox=\"0 0 512 512\" class=\"svg-inline--fa fa-chart-bar fa-w-16 fa-2x\"><path fill=\"currentColor\" d=\"M396.8 352h22.4c6.4 0 12.8-6.4 12.8-12.8V108.8c0-6.4-6.4-12.8-12.8-12.8h-22.4c-6.4 0-12.8 6.4-12.8 12.8v230.4c0 6.4 6.4 12.8 12.8 12.8zm-192 0h22.4c6.4 0 12.8-6.4 12.8-12.8V140.8c0-6.4-6.4-12.8-12.8-12.8h-22.4c-6.4 0-12.8 6.4-12.8 12.8v198.4c0 6.4 6.4 12.8 12.8 12.8zm96 0h22.4c6.4 0 12.8-6.4 12.8-12.8V204.8c0-6.4-6.4-12.8-12.8-12.8h-22.4c-6.4 0-12.8 6.4-12.8 12.8v134.4c0 6.4 6.4 12.8 12.8 12.8zM496 400H48V80c0-8.84-7.16-16-16-16H16C7.16 64 0 71.16 0 80v336c0 17.67 14.33 32 32 32h464c8.84 0 16-7.16 16-16v-16c0-8.84-7.16-16-16-16zm-387.2-48h22.4c6.4 0 12.8-6.4 12.8-12.8v-70.4c0-6.4-6.4-12.8-12.8-12.8h-22.4c-6.4 0-12.8 6.4-12.8 12.8v70.4c0 6.4 6.4 12.8 12.8 12.8z\" class=\"\"><\/path><\/svg><\/i> <img loading=\"lazy\" decoding=\"async\" width=\"16\" height=\"16\" alt=\"Loading\" src=\"https:\/\/vocesdelacomuna15.com.ar\/wp-content\/plugins\/page-views-count\/ajax-loader-2x.gif\" border=0 \/><\/p><div class=\"pvc_clear\"><\/div>","protected":false},"excerpt":{"rendered":"<p>En la historia de los cementerios jud\u00edos en Argentina, La Paternal tiene un cap\u00edtulo aparte Como vecino de este barrio, tanto en las elecciones de agosto como en las del domingo 22, me toc\u00f3 votar en la calle Punta Arenas 1271: en el complejo polideportivo Las Malvinas, de la Asociaci\u00f3n Atl\u00e9tica Argentinos Juniors &#8211; AAAJ [&hellip;]<\/p>\n<div class=\"pvc_clear\"><\/div>\n<p id=\"pvc_stats_61789\" class=\"pvc_stats all  \" data-element-id=\"61789\" style=\"\"><i class=\"pvc-stats-icon small\" aria-hidden=\"true\"><svg aria-hidden=\"true\" focusable=\"false\" data-prefix=\"far\" data-icon=\"chart-bar\" role=\"img\" xmlns=\"http:\/\/www.w3.org\/2000\/svg\" viewBox=\"0 0 512 512\" class=\"svg-inline--fa fa-chart-bar fa-w-16 fa-2x\"><path fill=\"currentColor\" d=\"M396.8 352h22.4c6.4 0 12.8-6.4 12.8-12.8V108.8c0-6.4-6.4-12.8-12.8-12.8h-22.4c-6.4 0-12.8 6.4-12.8 12.8v230.4c0 6.4 6.4 12.8 12.8 12.8zm-192 0h22.4c6.4 0 12.8-6.4 12.8-12.8V140.8c0-6.4-6.4-12.8-12.8-12.8h-22.4c-6.4 0-12.8 6.4-12.8 12.8v198.4c0 6.4 6.4 12.8 12.8 12.8zm96 0h22.4c6.4 0 12.8-6.4 12.8-12.8V204.8c0-6.4-6.4-12.8-12.8-12.8h-22.4c-6.4 0-12.8 6.4-12.8 12.8v134.4c0 6.4 6.4 12.8 12.8 12.8zM496 400H48V80c0-8.84-7.16-16-16-16H16C7.16 64 0 71.16 0 80v336c0 17.67 14.33 32 32 32h464c8.84 0 16-7.16 16-16v-16c0-8.84-7.16-16-16-16zm-387.2-48h22.4c6.4 0 12.8-6.4 12.8-12.8v-70.4c0-6.4-6.4-12.8-12.8-12.8h-22.4c-6.4 0-12.8 6.4-12.8 12.8v70.4c0 6.4 6.4 12.8 12.8 12.8z\" class=\"\"><\/path><\/svg><\/i> <img loading=\"lazy\" decoding=\"async\" width=\"16\" height=\"16\" alt=\"Loading\" src=\"https:\/\/vocesdelacomuna15.com.ar\/wp-content\/plugins\/page-views-count\/ajax-loader-2x.gif\" border=0 \/><\/p>\n<div class=\"pvc_clear\"><\/div>\n","protected":false},"author":2,"featured_media":61796,"comment_status":"open","ping_status":"open","sticky":false,"template":"","format":"standard","meta":{"_et_pb_use_builder":"off","_et_pb_old_content":"","_et_gb_content_width":"","footnotes":""},"categories":[29,8],"tags":[],"class_list":["post-61789","post","type-post","status-publish","format-standard","has-post-thumbnail","hentry","category-lapa","category-sociedad","et-has-post-format-content","et_post_format-et-post-format-standard"],"a3_pvc":{"activated":true,"total_views":355,"today_views":0},"yoast_head":"<!-- This site is optimized with the Yoast SEO plugin v27.5 - https:\/\/yoast.com\/product\/yoast-seo-wordpress\/ -->\n<title>Un pedacito de los 129 a\u00f1os de la AMIA en La Paternal - Voces de la Comuna 15<\/title>\n<meta name=\"description\" content=\"Voces de la Comuna 15\" \/>\n<meta name=\"robots\" content=\"index, follow, max-snippet:-1, max-image-preview:large, max-video-preview:-1\" \/>\n<link rel=\"canonical\" href=\"https:\/\/vocesdelacomuna15.com.ar\/press\/un-pedacito-de-los-129-anos-de-la-amia-en-la-paternal\/\" \/>\n<meta property=\"og:locale\" content=\"es_ES\" \/>\n<meta property=\"og:type\" content=\"article\" \/>\n<meta property=\"og:title\" content=\"Un pedacito de los 129 a\u00f1os de la AMIA en La Paternal - Voces de la Comuna 15\" \/>\n<meta property=\"og:description\" content=\"Voces de la Comuna 15\" \/>\n<meta property=\"og:url\" content=\"https:\/\/vocesdelacomuna15.com.ar\/press\/un-pedacito-de-los-129-anos-de-la-amia-en-la-paternal\/\" \/>\n<meta property=\"og:site_name\" content=\"Voces de la Comuna 15\" \/>\n<meta property=\"article:publisher\" content=\"https:\/\/www.facebook.com\/VocesComuna15\/\" \/>\n<meta property=\"article:published_time\" content=\"2023-10-30T07:48:00+00:00\" \/>\n<meta property=\"og:image\" content=\"https:\/\/vocesdelacomuna15.com.ar\/wp-content\/uploads\/2023\/10\/aaajred.png\" \/>\n\t<meta property=\"og:image:width\" content=\"832\" \/>\n\t<meta property=\"og:image:height\" content=\"577\" \/>\n\t<meta property=\"og:image:type\" content=\"image\/png\" \/>\n<meta name=\"author\" content=\"Federico Arguto\" \/>\n<meta name=\"twitter:card\" content=\"summary_large_image\" \/>\n<meta name=\"twitter:creator\" content=\"@vocescomuna15\" \/>\n<meta name=\"twitter:site\" content=\"@vocescomuna15\" \/>\n<meta name=\"twitter:label1\" content=\"Escrito por\" \/>\n\t<meta name=\"twitter:data1\" content=\"Federico Arguto\" \/>\n\t<meta name=\"twitter:label2\" content=\"Tiempo de lectura\" \/>\n\t<meta name=\"twitter:data2\" content=\"6 minutos\" \/>\n<script type=\"application\/ld+json\" class=\"yoast-schema-graph\">{\"@context\":\"https:\\\/\\\/schema.org\",\"@graph\":[{\"@type\":\"Article\",\"@id\":\"https:\\\/\\\/vocesdelacomuna15.com.ar\\\/press\\\/un-pedacito-de-los-129-anos-de-la-amia-en-la-paternal\\\/#article\",\"isPartOf\":{\"@id\":\"https:\\\/\\\/vocesdelacomuna15.com.ar\\\/press\\\/un-pedacito-de-los-129-anos-de-la-amia-en-la-paternal\\\/\"},\"author\":{\"name\":\"Federico Arguto\",\"@id\":\"https:\\\/\\\/vocesdelacomuna15.com.ar\\\/press\\\/#\\\/schema\\\/person\\\/4739e109db25d799cd3d139eeb509e43\"},\"headline\":\"Un pedacito de los 129 a\u00f1os de la AMIA en La Paternal\",\"datePublished\":\"2023-10-30T07:48:00+00:00\",\"mainEntityOfPage\":{\"@id\":\"https:\\\/\\\/vocesdelacomuna15.com.ar\\\/press\\\/un-pedacito-de-los-129-anos-de-la-amia-en-la-paternal\\\/\"},\"wordCount\":1245,\"commentCount\":0,\"publisher\":{\"@id\":\"https:\\\/\\\/vocesdelacomuna15.com.ar\\\/press\\\/#organization\"},\"image\":{\"@id\":\"https:\\\/\\\/vocesdelacomuna15.com.ar\\\/press\\\/un-pedacito-de-los-129-anos-de-la-amia-en-la-paternal\\\/#primaryimage\"},\"thumbnailUrl\":\"https:\\\/\\\/vocesdelacomuna15.com.ar\\\/wp-content\\\/uploads\\\/2023\\\/10\\\/aaajred.png\",\"articleSection\":[\"La Paternal\",\"Sociedad\"],\"inLanguage\":\"es-AR\",\"potentialAction\":[{\"@type\":\"CommentAction\",\"name\":\"Comment\",\"target\":[\"https:\\\/\\\/vocesdelacomuna15.com.ar\\\/press\\\/un-pedacito-de-los-129-anos-de-la-amia-en-la-paternal\\\/#respond\"]}]},{\"@type\":\"WebPage\",\"@id\":\"https:\\\/\\\/vocesdelacomuna15.com.ar\\\/press\\\/un-pedacito-de-los-129-anos-de-la-amia-en-la-paternal\\\/\",\"url\":\"https:\\\/\\\/vocesdelacomuna15.com.ar\\\/press\\\/un-pedacito-de-los-129-anos-de-la-amia-en-la-paternal\\\/\",\"name\":\"Un pedacito de los 129 a\u00f1os de la AMIA en La Paternal - Voces de la Comuna 15\",\"isPartOf\":{\"@id\":\"https:\\\/\\\/vocesdelacomuna15.com.ar\\\/press\\\/#website\"},\"primaryImageOfPage\":{\"@id\":\"https:\\\/\\\/vocesdelacomuna15.com.ar\\\/press\\\/un-pedacito-de-los-129-anos-de-la-amia-en-la-paternal\\\/#primaryimage\"},\"image\":{\"@id\":\"https:\\\/\\\/vocesdelacomuna15.com.ar\\\/press\\\/un-pedacito-de-los-129-anos-de-la-amia-en-la-paternal\\\/#primaryimage\"},\"thumbnailUrl\":\"https:\\\/\\\/vocesdelacomuna15.com.ar\\\/wp-content\\\/uploads\\\/2023\\\/10\\\/aaajred.png\",\"datePublished\":\"2023-10-30T07:48:00+00:00\",\"description\":\"Voces de la Comuna 15\",\"breadcrumb\":{\"@id\":\"https:\\\/\\\/vocesdelacomuna15.com.ar\\\/press\\\/un-pedacito-de-los-129-anos-de-la-amia-en-la-paternal\\\/#breadcrumb\"},\"inLanguage\":\"es-AR\",\"potentialAction\":[{\"@type\":\"ReadAction\",\"target\":[\"https:\\\/\\\/vocesdelacomuna15.com.ar\\\/press\\\/un-pedacito-de-los-129-anos-de-la-amia-en-la-paternal\\\/\"]}]},{\"@type\":\"ImageObject\",\"inLanguage\":\"es-AR\",\"@id\":\"https:\\\/\\\/vocesdelacomuna15.com.ar\\\/press\\\/un-pedacito-de-los-129-anos-de-la-amia-en-la-paternal\\\/#primaryimage\",\"url\":\"https:\\\/\\\/vocesdelacomuna15.com.ar\\\/wp-content\\\/uploads\\\/2023\\\/10\\\/aaajred.png\",\"contentUrl\":\"https:\\\/\\\/vocesdelacomuna15.com.ar\\\/wp-content\\\/uploads\\\/2023\\\/10\\\/aaajred.png\",\"width\":832,\"height\":577},{\"@type\":\"BreadcrumbList\",\"@id\":\"https:\\\/\\\/vocesdelacomuna15.com.ar\\\/press\\\/un-pedacito-de-los-129-anos-de-la-amia-en-la-paternal\\\/#breadcrumb\",\"itemListElement\":[{\"@type\":\"ListItem\",\"position\":1,\"name\":\"Inicio\",\"item\":\"https:\\\/\\\/vocesdelacomuna15.com.ar\\\/press\\\/\"},{\"@type\":\"ListItem\",\"position\":2,\"name\":\"Un pedacito de los 129 a\u00f1os de la AMIA en La Paternal\"}]},{\"@type\":\"WebSite\",\"@id\":\"https:\\\/\\\/vocesdelacomuna15.com.ar\\\/press\\\/#website\",\"url\":\"https:\\\/\\\/vocesdelacomuna15.com.ar\\\/press\\\/\",\"name\":\"Voces de la Comuna 15\",\"description\":\"Sitio web de noticias\",\"publisher\":{\"@id\":\"https:\\\/\\\/vocesdelacomuna15.com.ar\\\/press\\\/#organization\"},\"potentialAction\":[{\"@type\":\"SearchAction\",\"target\":{\"@type\":\"EntryPoint\",\"urlTemplate\":\"https:\\\/\\\/vocesdelacomuna15.com.ar\\\/press\\\/?s={search_term_string}\"},\"query-input\":{\"@type\":\"PropertyValueSpecification\",\"valueRequired\":true,\"valueName\":\"search_term_string\"}}],\"inLanguage\":\"es-AR\"},{\"@type\":\"Organization\",\"@id\":\"https:\\\/\\\/vocesdelacomuna15.com.ar\\\/press\\\/#organization\",\"name\":\"Voces de la Comuna 15\",\"url\":\"https:\\\/\\\/vocesdelacomuna15.com.ar\\\/press\\\/\",\"logo\":{\"@type\":\"ImageObject\",\"inLanguage\":\"es-AR\",\"@id\":\"https:\\\/\\\/vocesdelacomuna15.com.ar\\\/press\\\/#\\\/schema\\\/logo\\\/image\\\/\",\"url\":\"https:\\\/\\\/vocesdelacomuna15.com.ar\\\/wp-content\\\/uploads\\\/2024\\\/12\\\/cropped-logo_voces.jpg\",\"contentUrl\":\"https:\\\/\\\/vocesdelacomuna15.com.ar\\\/wp-content\\\/uploads\\\/2024\\\/12\\\/cropped-logo_voces.jpg\",\"width\":512,\"height\":512,\"caption\":\"Voces de la Comuna 15\"},\"image\":{\"@id\":\"https:\\\/\\\/vocesdelacomuna15.com.ar\\\/press\\\/#\\\/schema\\\/logo\\\/image\\\/\"},\"sameAs\":[\"https:\\\/\\\/www.facebook.com\\\/VocesComuna15\\\/\",\"https:\\\/\\\/x.com\\\/vocescomuna15\"]},{\"@type\":\"Person\",\"@id\":\"https:\\\/\\\/vocesdelacomuna15.com.ar\\\/press\\\/#\\\/schema\\\/person\\\/4739e109db25d799cd3d139eeb509e43\",\"name\":\"Federico Arguto\",\"image\":{\"@type\":\"ImageObject\",\"inLanguage\":\"es-AR\",\"@id\":\"https:\\\/\\\/vocesdelacomuna15.com.ar\\\/wp-content\\\/litespeed\\\/avatar\\\/82faf979976f1bae889b8b71f8a0a7e5.jpg?ver=1776814847\",\"url\":\"https:\\\/\\\/vocesdelacomuna15.com.ar\\\/wp-content\\\/litespeed\\\/avatar\\\/82faf979976f1bae889b8b71f8a0a7e5.jpg?ver=1776814847\",\"contentUrl\":\"https:\\\/\\\/vocesdelacomuna15.com.ar\\\/wp-content\\\/litespeed\\\/avatar\\\/82faf979976f1bae889b8b71f8a0a7e5.jpg?ver=1776814847\",\"caption\":\"Federico Arguto\"},\"url\":\"https:\\\/\\\/vocesdelacomuna15.com.ar\\\/press\\\/author\\\/fede\\\/\"}]}<\/script>\n<!-- \/ Yoast SEO plugin. -->","yoast_head_json":{"title":"Un pedacito de los 129 a\u00f1os de la AMIA en La Paternal - Voces de la Comuna 15","description":"Voces de la Comuna 15","robots":{"index":"index","follow":"follow","max-snippet":"max-snippet:-1","max-image-preview":"max-image-preview:large","max-video-preview":"max-video-preview:-1"},"canonical":"https:\/\/vocesdelacomuna15.com.ar\/press\/un-pedacito-de-los-129-anos-de-la-amia-en-la-paternal\/","og_locale":"es_ES","og_type":"article","og_title":"Un pedacito de los 129 a\u00f1os de la AMIA en La Paternal - Voces de la Comuna 15","og_description":"Voces de la Comuna 15","og_url":"https:\/\/vocesdelacomuna15.com.ar\/press\/un-pedacito-de-los-129-anos-de-la-amia-en-la-paternal\/","og_site_name":"Voces de la Comuna 15","article_publisher":"https:\/\/www.facebook.com\/VocesComuna15\/","article_published_time":"2023-10-30T07:48:00+00:00","og_image":[{"width":832,"height":577,"url":"https:\/\/vocesdelacomuna15.com.ar\/wp-content\/uploads\/2023\/10\/aaajred.png","type":"image\/png"}],"author":"Federico Arguto","twitter_card":"summary_large_image","twitter_creator":"@vocescomuna15","twitter_site":"@vocescomuna15","twitter_misc":{"Escrito por":"Federico Arguto","Tiempo de lectura":"6 minutos"},"schema":{"@context":"https:\/\/schema.org","@graph":[{"@type":"Article","@id":"https:\/\/vocesdelacomuna15.com.ar\/press\/un-pedacito-de-los-129-anos-de-la-amia-en-la-paternal\/#article","isPartOf":{"@id":"https:\/\/vocesdelacomuna15.com.ar\/press\/un-pedacito-de-los-129-anos-de-la-amia-en-la-paternal\/"},"author":{"name":"Federico Arguto","@id":"https:\/\/vocesdelacomuna15.com.ar\/press\/#\/schema\/person\/4739e109db25d799cd3d139eeb509e43"},"headline":"Un pedacito de los 129 a\u00f1os de la AMIA en La Paternal","datePublished":"2023-10-30T07:48:00+00:00","mainEntityOfPage":{"@id":"https:\/\/vocesdelacomuna15.com.ar\/press\/un-pedacito-de-los-129-anos-de-la-amia-en-la-paternal\/"},"wordCount":1245,"commentCount":0,"publisher":{"@id":"https:\/\/vocesdelacomuna15.com.ar\/press\/#organization"},"image":{"@id":"https:\/\/vocesdelacomuna15.com.ar\/press\/un-pedacito-de-los-129-anos-de-la-amia-en-la-paternal\/#primaryimage"},"thumbnailUrl":"https:\/\/vocesdelacomuna15.com.ar\/wp-content\/uploads\/2023\/10\/aaajred.png","articleSection":["La Paternal","Sociedad"],"inLanguage":"es-AR","potentialAction":[{"@type":"CommentAction","name":"Comment","target":["https:\/\/vocesdelacomuna15.com.ar\/press\/un-pedacito-de-los-129-anos-de-la-amia-en-la-paternal\/#respond"]}]},{"@type":"WebPage","@id":"https:\/\/vocesdelacomuna15.com.ar\/press\/un-pedacito-de-los-129-anos-de-la-amia-en-la-paternal\/","url":"https:\/\/vocesdelacomuna15.com.ar\/press\/un-pedacito-de-los-129-anos-de-la-amia-en-la-paternal\/","name":"Un pedacito de los 129 a\u00f1os de la AMIA en La Paternal - Voces de la Comuna 15","isPartOf":{"@id":"https:\/\/vocesdelacomuna15.com.ar\/press\/#website"},"primaryImageOfPage":{"@id":"https:\/\/vocesdelacomuna15.com.ar\/press\/un-pedacito-de-los-129-anos-de-la-amia-en-la-paternal\/#primaryimage"},"image":{"@id":"https:\/\/vocesdelacomuna15.com.ar\/press\/un-pedacito-de-los-129-anos-de-la-amia-en-la-paternal\/#primaryimage"},"thumbnailUrl":"https:\/\/vocesdelacomuna15.com.ar\/wp-content\/uploads\/2023\/10\/aaajred.png","datePublished":"2023-10-30T07:48:00+00:00","description":"Voces de la Comuna 15","breadcrumb":{"@id":"https:\/\/vocesdelacomuna15.com.ar\/press\/un-pedacito-de-los-129-anos-de-la-amia-en-la-paternal\/#breadcrumb"},"inLanguage":"es-AR","potentialAction":[{"@type":"ReadAction","target":["https:\/\/vocesdelacomuna15.com.ar\/press\/un-pedacito-de-los-129-anos-de-la-amia-en-la-paternal\/"]}]},{"@type":"ImageObject","inLanguage":"es-AR","@id":"https:\/\/vocesdelacomuna15.com.ar\/press\/un-pedacito-de-los-129-anos-de-la-amia-en-la-paternal\/#primaryimage","url":"https:\/\/vocesdelacomuna15.com.ar\/wp-content\/uploads\/2023\/10\/aaajred.png","contentUrl":"https:\/\/vocesdelacomuna15.com.ar\/wp-content\/uploads\/2023\/10\/aaajred.png","width":832,"height":577},{"@type":"BreadcrumbList","@id":"https:\/\/vocesdelacomuna15.com.ar\/press\/un-pedacito-de-los-129-anos-de-la-amia-en-la-paternal\/#breadcrumb","itemListElement":[{"@type":"ListItem","position":1,"name":"Inicio","item":"https:\/\/vocesdelacomuna15.com.ar\/press\/"},{"@type":"ListItem","position":2,"name":"Un pedacito de los 129 a\u00f1os de la AMIA en La Paternal"}]},{"@type":"WebSite","@id":"https:\/\/vocesdelacomuna15.com.ar\/press\/#website","url":"https:\/\/vocesdelacomuna15.com.ar\/press\/","name":"Voces de la Comuna 15","description":"Sitio web de noticias","publisher":{"@id":"https:\/\/vocesdelacomuna15.com.ar\/press\/#organization"},"potentialAction":[{"@type":"SearchAction","target":{"@type":"EntryPoint","urlTemplate":"https:\/\/vocesdelacomuna15.com.ar\/press\/?s={search_term_string}"},"query-input":{"@type":"PropertyValueSpecification","valueRequired":true,"valueName":"search_term_string"}}],"inLanguage":"es-AR"},{"@type":"Organization","@id":"https:\/\/vocesdelacomuna15.com.ar\/press\/#organization","name":"Voces de la Comuna 15","url":"https:\/\/vocesdelacomuna15.com.ar\/press\/","logo":{"@type":"ImageObject","inLanguage":"es-AR","@id":"https:\/\/vocesdelacomuna15.com.ar\/press\/#\/schema\/logo\/image\/","url":"https:\/\/vocesdelacomuna15.com.ar\/wp-content\/uploads\/2024\/12\/cropped-logo_voces.jpg","contentUrl":"https:\/\/vocesdelacomuna15.com.ar\/wp-content\/uploads\/2024\/12\/cropped-logo_voces.jpg","width":512,"height":512,"caption":"Voces de la Comuna 15"},"image":{"@id":"https:\/\/vocesdelacomuna15.com.ar\/press\/#\/schema\/logo\/image\/"},"sameAs":["https:\/\/www.facebook.com\/VocesComuna15\/","https:\/\/x.com\/vocescomuna15"]},{"@type":"Person","@id":"https:\/\/vocesdelacomuna15.com.ar\/press\/#\/schema\/person\/4739e109db25d799cd3d139eeb509e43","name":"Federico Arguto","image":{"@type":"ImageObject","inLanguage":"es-AR","@id":"https:\/\/vocesdelacomuna15.com.ar\/wp-content\/litespeed\/avatar\/82faf979976f1bae889b8b71f8a0a7e5.jpg?ver=1776814847","url":"https:\/\/vocesdelacomuna15.com.ar\/wp-content\/litespeed\/avatar\/82faf979976f1bae889b8b71f8a0a7e5.jpg?ver=1776814847","contentUrl":"https:\/\/vocesdelacomuna15.com.ar\/wp-content\/litespeed\/avatar\/82faf979976f1bae889b8b71f8a0a7e5.jpg?ver=1776814847","caption":"Federico Arguto"},"url":"https:\/\/vocesdelacomuna15.com.ar\/press\/author\/fede\/"}]}},"_links":{"self":[{"href":"https:\/\/vocesdelacomuna15.com.ar\/press\/wp-json\/wp\/v2\/posts\/61789","targetHints":{"allow":["GET"]}}],"collection":[{"href":"https:\/\/vocesdelacomuna15.com.ar\/press\/wp-json\/wp\/v2\/posts"}],"about":[{"href":"https:\/\/vocesdelacomuna15.com.ar\/press\/wp-json\/wp\/v2\/types\/post"}],"author":[{"embeddable":true,"href":"https:\/\/vocesdelacomuna15.com.ar\/press\/wp-json\/wp\/v2\/users\/2"}],"replies":[{"embeddable":true,"href":"https:\/\/vocesdelacomuna15.com.ar\/press\/wp-json\/wp\/v2\/comments?post=61789"}],"version-history":[{"count":2,"href":"https:\/\/vocesdelacomuna15.com.ar\/press\/wp-json\/wp\/v2\/posts\/61789\/revisions"}],"predecessor-version":[{"id":61800,"href":"https:\/\/vocesdelacomuna15.com.ar\/press\/wp-json\/wp\/v2\/posts\/61789\/revisions\/61800"}],"wp:featuredmedia":[{"embeddable":true,"href":"https:\/\/vocesdelacomuna15.com.ar\/press\/wp-json\/wp\/v2\/media\/61796"}],"wp:attachment":[{"href":"https:\/\/vocesdelacomuna15.com.ar\/press\/wp-json\/wp\/v2\/media?parent=61789"}],"wp:term":[{"taxonomy":"category","embeddable":true,"href":"https:\/\/vocesdelacomuna15.com.ar\/press\/wp-json\/wp\/v2\/categories?post=61789"},{"taxonomy":"post_tag","embeddable":true,"href":"https:\/\/vocesdelacomuna15.com.ar\/press\/wp-json\/wp\/v2\/tags?post=61789"}],"curies":[{"name":"wp","href":"https:\/\/api.w.org\/{rel}","templated":true}]}}