{"id":61769,"date":"2023-10-24T21:58:48","date_gmt":"2023-10-25T00:58:48","guid":{"rendered":"https:\/\/vocesdelacomuna15.com.ar\/?p=61769"},"modified":"2023-10-25T23:12:56","modified_gmt":"2023-10-26T02:12:56","slug":"agustin-rodriguez-ponti-de-juntos-por-el-cambio-es-el-nuevo-presidente-de-la-comuna-15","status":"publish","type":"post","link":"https:\/\/vocesdelacomuna15.com.ar\/press\/agustin-rodriguez-ponti-de-juntos-por-el-cambio-es-el-nuevo-presidente-de-la-comuna-15\/","title":{"rendered":"Agust\u00edn Rodr\u00edguez Ponti, de Juntos por el Cambio, es el nuevo Presidente de la Comuna 15"},"content":{"rendered":"\n<p>As\u00ed se vot\u00f3 en la comuna integrada por los barrios de Villa Ort\u00fazar, Parque Chas, Agronom\u00eda, Chacarita, La Paternal y Villa Crespo<\/p>\n\n\n\n<p>En las elecciones generales del 22 de octubre, m\u00e1s de 130.000 personas votaron en la Comuna 15 sobre un total de 188.271 habilitadas, con cerca de un 70% de participaci\u00f3n, con un 98,54% de mesas escrutadas. El sufragio determin\u00f3 en la categor\u00eda &#8220;Jefe Comunal&#8221; que Agust\u00edn Rodr\u00edguez Ponti (de Juntos por el Cambio) ser\u00e1 el nuevo presidente de la Comuna 15, tras obtener el 45,65% de los votos. Qued\u00f3 segunda Jazm\u00edn Tello (de Uni\u00f3n por la Patria), entrando como comunera con el 35,98%. Por su parte, Amiel Leckie (de La Libertad Avanza), con el 12.09% qued\u00f3 en tercer lugar, entrando tambi\u00e9n como comunero. Martina Sarubbi, del Frente de Izquierda y de Trabajadores- Unidad se ubic\u00f3 en cuarto lugar con el 6,25%.<\/p>\n\n\n\n<p>Si bien queda por confirmarse en el escrutinio definitivo, la nueva junta comunal estar\u00eda integrada por 3 representantes de Juntos por el Cambio (Agust\u00edn Rodr\u00edguez Ponti como jefe comunal, Cynthia Martello y Mart\u00edn Garcilazo \u2013actual presidente de la comuna- como comuneros), otros 3 de Uni\u00f3n por la Patria (Jazm\u00edn Tello, Leonardo Lucchese Di Leva y Nancy Bola\u00f1o \u2013los tres actuales comuneros-) y 1 de La Libertad Avanza (Amiel Leckie, como comunero).<\/p>\n\n\n\n<p>Los otros resultados en las dem\u00e1s categor\u00edas que se votaron en la Comuna 15 fueron los siguientes, imponi\u00e9ndose el peronismo muy ajustadamente en la elecci\u00f3n presidencial y Juntos por el Cambio, de forma m\u00e1s holgada, en las restantes categor\u00edas:<\/p>\n\n\n\n<p><strong>Para Presidente de la Naci\u00f3n:<\/strong><\/p>\n\n\n\n<p>Sergio Massa, de Uni\u00f3n por la Patria, obtuvo el 37,92% en la Comuna 15, apenas superando a Patricia Bullrich, de Juntos por el Cambio, que logr\u00f3 el 37,42%. Javier Milei, de La Libertad Avanza, logr\u00f3 el 17,43%. El FIT Unidad, con Myriam Bregman a la cabeza, alcanz\u00f3 el 3,91%, mientras que Juan Schiaretti, de Hacemos por Nuestro Pa\u00eds sac\u00f3 el 3,28%.<\/p>\n\n\n\n<p><strong>Para el Parlasur Nacional:<\/strong><\/p>\n\n\n\n<p>En esta categor\u00eda, Juntos por el Cambio se llev\u00f3 el primer lugar con el 37,57%, Uni\u00f3n por la Patria el 35,90%, La Libertad Avanza el 17,36%, el FIT-Unidad el 5,96% y Hacemos por Nuestro Pa\u00eds el 3,19%.<\/p>\n\n\n\n<p><strong>Para el Parlasur Regional:<\/strong><\/p>\n\n\n\n<p>Aqu\u00ed Juntos por el Cambio tambi\u00e9n gan\u00f3 y logr\u00f3 el 38,55% de los votos, Uni\u00f3n por la Patria el 36,77%, La Libertad Avanza el 17,98% y el FIT-Unidad el 6,67%.<\/p>\n\n\n\n<p><strong>Para Diputados Nacionales:<\/strong><\/p>\n\n\n\n<p>Se impuso Juntos por el Cambio con el 38,67%, mientras que Uni\u00f3n por la Patria logr\u00f3 el 36,68%, La Libertad Avanza el 17,94% y el FIT-Unidad el 6,69%.<\/p>\n\n\n\n<p><strong>Para Jefe de Gobierno:<\/strong><\/p>\n\n\n\n<p>Jorge Macri, de Juntos por el Cambio, logr\u00f3 el primer lugar con el 45,68%, escoltado por Leandro Santoro, de Uni\u00f3n por la Patria, con 37,48%, tercero qued\u00f3 Ramiro Marra, de La Libertad Avanza, con el 12% y cuarta Vanina Biasi, del FIT Unidad con el 4,82%.<\/p>\n\n\n\n<p><strong>Para Diputados de la Ciudad:<\/strong><\/p>\n\n\n\n<p>Gan\u00f3 Juntos por el Cambio con el 45,71%, qued\u00f3 segundo Uni\u00f3n por la Patria con el 35,95%, en tercer lugar se situ\u00f3 La Libertad Avanza con el 12,09% y en cuarto puesto se ubic\u00f3 el FIT-Unidad con 6,23%.<\/p>\n\n\n\n<p>M\u00e1s informaci\u00f3n en <a href=\"https:\/\/resultados.gob.ar\/\">https:\/\/resultados.gob.ar\/<\/a><\/p>\n<div class=\"pvc_clear\"><\/div><p id=\"pvc_stats_61769\" class=\"pvc_stats all  \" data-element-id=\"61769\" style=\"\"><i class=\"pvc-stats-icon small\" aria-hidden=\"true\"><svg aria-hidden=\"true\" focusable=\"false\" data-prefix=\"far\" data-icon=\"chart-bar\" role=\"img\" xmlns=\"http:\/\/www.w3.org\/2000\/svg\" viewBox=\"0 0 512 512\" class=\"svg-inline--fa fa-chart-bar fa-w-16 fa-2x\"><path fill=\"currentColor\" d=\"M396.8 352h22.4c6.4 0 12.8-6.4 12.8-12.8V108.8c0-6.4-6.4-12.8-12.8-12.8h-22.4c-6.4 0-12.8 6.4-12.8 12.8v230.4c0 6.4 6.4 12.8 12.8 12.8zm-192 0h22.4c6.4 0 12.8-6.4 12.8-12.8V140.8c0-6.4-6.4-12.8-12.8-12.8h-22.4c-6.4 0-12.8 6.4-12.8 12.8v198.4c0 6.4 6.4 12.8 12.8 12.8zm96 0h22.4c6.4 0 12.8-6.4 12.8-12.8V204.8c0-6.4-6.4-12.8-12.8-12.8h-22.4c-6.4 0-12.8 6.4-12.8 12.8v134.4c0 6.4 6.4 12.8 12.8 12.8zM496 400H48V80c0-8.84-7.16-16-16-16H16C7.16 64 0 71.16 0 80v336c0 17.67 14.33 32 32 32h464c8.84 0 16-7.16 16-16v-16c0-8.84-7.16-16-16-16zm-387.2-48h22.4c6.4 0 12.8-6.4 12.8-12.8v-70.4c0-6.4-6.4-12.8-12.8-12.8h-22.4c-6.4 0-12.8 6.4-12.8 12.8v70.4c0 6.4 6.4 12.8 12.8 12.8z\" class=\"\"><\/path><\/svg><\/i> <img loading=\"lazy\" decoding=\"async\" width=\"16\" height=\"16\" alt=\"Loading\" src=\"https:\/\/vocesdelacomuna15.com.ar\/wp-content\/plugins\/page-views-count\/ajax-loader-2x.gif\" border=0 \/><\/p><div class=\"pvc_clear\"><\/div>","protected":false},"excerpt":{"rendered":"<p>As\u00ed se vot\u00f3 en la comuna integrada por los barrios de Villa Ort\u00fazar, Parque Chas, Agronom\u00eda, Chacarita, La Paternal y Villa Crespo En las elecciones generales del 22 de octubre, m\u00e1s de 130.000 personas votaron en la Comuna 15 sobre un total de 188.271 habilitadas, con cerca de un 70% de participaci\u00f3n, con un 98,54% [&hellip;]<\/p>\n<div class=\"pvc_clear\"><\/div>\n<p id=\"pvc_stats_61769\" class=\"pvc_stats all  \" data-element-id=\"61769\" style=\"\"><i class=\"pvc-stats-icon small\" aria-hidden=\"true\"><svg aria-hidden=\"true\" focusable=\"false\" data-prefix=\"far\" data-icon=\"chart-bar\" role=\"img\" xmlns=\"http:\/\/www.w3.org\/2000\/svg\" viewBox=\"0 0 512 512\" class=\"svg-inline--fa fa-chart-bar fa-w-16 fa-2x\"><path fill=\"currentColor\" d=\"M396.8 352h22.4c6.4 0 12.8-6.4 12.8-12.8V108.8c0-6.4-6.4-12.8-12.8-12.8h-22.4c-6.4 0-12.8 6.4-12.8 12.8v230.4c0 6.4 6.4 12.8 12.8 12.8zm-192 0h22.4c6.4 0 12.8-6.4 12.8-12.8V140.8c0-6.4-6.4-12.8-12.8-12.8h-22.4c-6.4 0-12.8 6.4-12.8 12.8v198.4c0 6.4 6.4 12.8 12.8 12.8zm96 0h22.4c6.4 0 12.8-6.4 12.8-12.8V204.8c0-6.4-6.4-12.8-12.8-12.8h-22.4c-6.4 0-12.8 6.4-12.8 12.8v134.4c0 6.4 6.4 12.8 12.8 12.8zM496 400H48V80c0-8.84-7.16-16-16-16H16C7.16 64 0 71.16 0 80v336c0 17.67 14.33 32 32 32h464c8.84 0 16-7.16 16-16v-16c0-8.84-7.16-16-16-16zm-387.2-48h22.4c6.4 0 12.8-6.4 12.8-12.8v-70.4c0-6.4-6.4-12.8-12.8-12.8h-22.4c-6.4 0-12.8 6.4-12.8 12.8v70.4c0 6.4 6.4 12.8 12.8 12.8z\" class=\"\"><\/path><\/svg><\/i> <img loading=\"lazy\" decoding=\"async\" width=\"16\" height=\"16\" alt=\"Loading\" src=\"https:\/\/vocesdelacomuna15.com.ar\/wp-content\/plugins\/page-views-count\/ajax-loader-2x.gif\" border=0 \/><\/p>\n<div class=\"pvc_clear\"><\/div>\n","protected":false},"author":2,"featured_media":61774,"comment_status":"open","ping_status":"open","sticky":false,"template":"","format":"standard","meta":{"_et_pb_use_builder":"off","_et_pb_old_content":"","_et_gb_content_width":"","footnotes":""},"categories":[31],"tags":[],"class_list":["post-61769","post","type-post","status-publish","format-standard","has-post-thumbnail","hentry","category-politica","et-has-post-format-content","et_post_format-et-post-format-standard"],"a3_pvc":{"activated":true,"total_views":63,"today_views":0},"yoast_head":"<!-- This site is optimized with the Yoast SEO plugin v27.5 - https:\/\/yoast.com\/product\/yoast-seo-wordpress\/ -->\n<title>Agust\u00edn Rodr\u00edguez Ponti, de Juntos por el Cambio, es el nuevo Presidente de la Comuna 15 - Voces de la Comuna 15<\/title>\n<meta name=\"description\" content=\"Voces de la Comuna 15\" \/>\n<meta name=\"robots\" content=\"index, follow, max-snippet:-1, max-image-preview:large, max-video-preview:-1\" \/>\n<link rel=\"canonical\" href=\"https:\/\/vocesdelacomuna15.com.ar\/press\/agustin-rodriguez-ponti-de-juntos-por-el-cambio-es-el-nuevo-presidente-de-la-comuna-15\/\" \/>\n<meta property=\"og:locale\" content=\"es_ES\" \/>\n<meta property=\"og:type\" content=\"article\" \/>\n<meta property=\"og:title\" content=\"Agust\u00edn Rodr\u00edguez Ponti, de Juntos por el Cambio, es el nuevo Presidente de la Comuna 15 - Voces de la Comuna 15\" \/>\n<meta property=\"og:description\" content=\"Voces de la Comuna 15\" \/>\n<meta property=\"og:url\" content=\"https:\/\/vocesdelacomuna15.com.ar\/press\/agustin-rodriguez-ponti-de-juntos-por-el-cambio-es-el-nuevo-presidente-de-la-comuna-15\/\" \/>\n<meta property=\"og:site_name\" content=\"Voces de la Comuna 15\" \/>\n<meta property=\"article:publisher\" content=\"https:\/\/www.facebook.com\/VocesComuna15\/\" \/>\n<meta property=\"article:published_time\" content=\"2023-10-25T00:58:48+00:00\" \/>\n<meta property=\"article:modified_time\" content=\"2023-10-26T02:12:56+00:00\" \/>\n<meta property=\"og:image\" content=\"https:\/\/vocesdelacomuna15.com.ar\/wp-content\/uploads\/2023\/10\/ponti.jpg\" \/>\n\t<meta property=\"og:image:width\" content=\"1280\" \/>\n\t<meta property=\"og:image:height\" content=\"640\" \/>\n\t<meta property=\"og:image:type\" content=\"image\/jpeg\" \/>\n<meta name=\"author\" content=\"Federico Arguto\" \/>\n<meta name=\"twitter:card\" content=\"summary_large_image\" \/>\n<meta name=\"twitter:creator\" content=\"@vocescomuna15\" \/>\n<meta name=\"twitter:site\" content=\"@vocescomuna15\" \/>\n<meta name=\"twitter:label1\" content=\"Escrito por\" \/>\n\t<meta name=\"twitter:data1\" content=\"Federico Arguto\" \/>\n\t<meta name=\"twitter:label2\" content=\"Tiempo de lectura\" \/>\n\t<meta name=\"twitter:data2\" content=\"3 minutos\" \/>\n<script type=\"application\/ld+json\" class=\"yoast-schema-graph\">{\"@context\":\"https:\\\/\\\/schema.org\",\"@graph\":[{\"@type\":\"Article\",\"@id\":\"https:\\\/\\\/vocesdelacomuna15.com.ar\\\/press\\\/agustin-rodriguez-ponti-de-juntos-por-el-cambio-es-el-nuevo-presidente-de-la-comuna-15\\\/#article\",\"isPartOf\":{\"@id\":\"https:\\\/\\\/vocesdelacomuna15.com.ar\\\/press\\\/agustin-rodriguez-ponti-de-juntos-por-el-cambio-es-el-nuevo-presidente-de-la-comuna-15\\\/\"},\"author\":{\"name\":\"Federico Arguto\",\"@id\":\"https:\\\/\\\/vocesdelacomuna15.com.ar\\\/press\\\/#\\\/schema\\\/person\\\/4739e109db25d799cd3d139eeb509e43\"},\"headline\":\"Agust\u00edn Rodr\u00edguez Ponti, de Juntos por el Cambio, es el nuevo Presidente de la Comuna 15\",\"datePublished\":\"2023-10-25T00:58:48+00:00\",\"dateModified\":\"2023-10-26T02:12:56+00:00\",\"mainEntityOfPage\":{\"@id\":\"https:\\\/\\\/vocesdelacomuna15.com.ar\\\/press\\\/agustin-rodriguez-ponti-de-juntos-por-el-cambio-es-el-nuevo-presidente-de-la-comuna-15\\\/\"},\"wordCount\":536,\"commentCount\":0,\"publisher\":{\"@id\":\"https:\\\/\\\/vocesdelacomuna15.com.ar\\\/press\\\/#organization\"},\"image\":{\"@id\":\"https:\\\/\\\/vocesdelacomuna15.com.ar\\\/press\\\/agustin-rodriguez-ponti-de-juntos-por-el-cambio-es-el-nuevo-presidente-de-la-comuna-15\\\/#primaryimage\"},\"thumbnailUrl\":\"https:\\\/\\\/vocesdelacomuna15.com.ar\\\/wp-content\\\/uploads\\\/2023\\\/10\\\/ponti.jpg\",\"articleSection\":[\"Pol\u00edtica\"],\"inLanguage\":\"es-AR\",\"potentialAction\":[{\"@type\":\"CommentAction\",\"name\":\"Comment\",\"target\":[\"https:\\\/\\\/vocesdelacomuna15.com.ar\\\/press\\\/agustin-rodriguez-ponti-de-juntos-por-el-cambio-es-el-nuevo-presidente-de-la-comuna-15\\\/#respond\"]}]},{\"@type\":\"WebPage\",\"@id\":\"https:\\\/\\\/vocesdelacomuna15.com.ar\\\/press\\\/agustin-rodriguez-ponti-de-juntos-por-el-cambio-es-el-nuevo-presidente-de-la-comuna-15\\\/\",\"url\":\"https:\\\/\\\/vocesdelacomuna15.com.ar\\\/press\\\/agustin-rodriguez-ponti-de-juntos-por-el-cambio-es-el-nuevo-presidente-de-la-comuna-15\\\/\",\"name\":\"Agust\u00edn Rodr\u00edguez Ponti, de Juntos por el Cambio, es el nuevo Presidente de la Comuna 15 - Voces de la Comuna 15\",\"isPartOf\":{\"@id\":\"https:\\\/\\\/vocesdelacomuna15.com.ar\\\/press\\\/#website\"},\"primaryImageOfPage\":{\"@id\":\"https:\\\/\\\/vocesdelacomuna15.com.ar\\\/press\\\/agustin-rodriguez-ponti-de-juntos-por-el-cambio-es-el-nuevo-presidente-de-la-comuna-15\\\/#primaryimage\"},\"image\":{\"@id\":\"https:\\\/\\\/vocesdelacomuna15.com.ar\\\/press\\\/agustin-rodriguez-ponti-de-juntos-por-el-cambio-es-el-nuevo-presidente-de-la-comuna-15\\\/#primaryimage\"},\"thumbnailUrl\":\"https:\\\/\\\/vocesdelacomuna15.com.ar\\\/wp-content\\\/uploads\\\/2023\\\/10\\\/ponti.jpg\",\"datePublished\":\"2023-10-25T00:58:48+00:00\",\"dateModified\":\"2023-10-26T02:12:56+00:00\",\"description\":\"Voces de la Comuna 15\",\"breadcrumb\":{\"@id\":\"https:\\\/\\\/vocesdelacomuna15.com.ar\\\/press\\\/agustin-rodriguez-ponti-de-juntos-por-el-cambio-es-el-nuevo-presidente-de-la-comuna-15\\\/#breadcrumb\"},\"inLanguage\":\"es-AR\",\"potentialAction\":[{\"@type\":\"ReadAction\",\"target\":[\"https:\\\/\\\/vocesdelacomuna15.com.ar\\\/press\\\/agustin-rodriguez-ponti-de-juntos-por-el-cambio-es-el-nuevo-presidente-de-la-comuna-15\\\/\"]}]},{\"@type\":\"ImageObject\",\"inLanguage\":\"es-AR\",\"@id\":\"https:\\\/\\\/vocesdelacomuna15.com.ar\\\/press\\\/agustin-rodriguez-ponti-de-juntos-por-el-cambio-es-el-nuevo-presidente-de-la-comuna-15\\\/#primaryimage\",\"url\":\"https:\\\/\\\/vocesdelacomuna15.com.ar\\\/wp-content\\\/uploads\\\/2023\\\/10\\\/ponti.jpg\",\"contentUrl\":\"https:\\\/\\\/vocesdelacomuna15.com.ar\\\/wp-content\\\/uploads\\\/2023\\\/10\\\/ponti.jpg\",\"width\":1280,\"height\":640},{\"@type\":\"BreadcrumbList\",\"@id\":\"https:\\\/\\\/vocesdelacomuna15.com.ar\\\/press\\\/agustin-rodriguez-ponti-de-juntos-por-el-cambio-es-el-nuevo-presidente-de-la-comuna-15\\\/#breadcrumb\",\"itemListElement\":[{\"@type\":\"ListItem\",\"position\":1,\"name\":\"Inicio\",\"item\":\"https:\\\/\\\/vocesdelacomuna15.com.ar\\\/press\\\/\"},{\"@type\":\"ListItem\",\"position\":2,\"name\":\"Agust\u00edn Rodr\u00edguez Ponti, de Juntos por el Cambio, es el nuevo Presidente de la Comuna 15\"}]},{\"@type\":\"WebSite\",\"@id\":\"https:\\\/\\\/vocesdelacomuna15.com.ar\\\/press\\\/#website\",\"url\":\"https:\\\/\\\/vocesdelacomuna15.com.ar\\\/press\\\/\",\"name\":\"Voces de la Comuna 15\",\"description\":\"Sitio web de noticias\",\"publisher\":{\"@id\":\"https:\\\/\\\/vocesdelacomuna15.com.ar\\\/press\\\/#organization\"},\"potentialAction\":[{\"@type\":\"SearchAction\",\"target\":{\"@type\":\"EntryPoint\",\"urlTemplate\":\"https:\\\/\\\/vocesdelacomuna15.com.ar\\\/press\\\/?s={search_term_string}\"},\"query-input\":{\"@type\":\"PropertyValueSpecification\",\"valueRequired\":true,\"valueName\":\"search_term_string\"}}],\"inLanguage\":\"es-AR\"},{\"@type\":\"Organization\",\"@id\":\"https:\\\/\\\/vocesdelacomuna15.com.ar\\\/press\\\/#organization\",\"name\":\"Voces de la Comuna 15\",\"url\":\"https:\\\/\\\/vocesdelacomuna15.com.ar\\\/press\\\/\",\"logo\":{\"@type\":\"ImageObject\",\"inLanguage\":\"es-AR\",\"@id\":\"https:\\\/\\\/vocesdelacomuna15.com.ar\\\/press\\\/#\\\/schema\\\/logo\\\/image\\\/\",\"url\":\"https:\\\/\\\/vocesdelacomuna15.com.ar\\\/wp-content\\\/uploads\\\/2024\\\/12\\\/cropped-logo_voces.jpg\",\"contentUrl\":\"https:\\\/\\\/vocesdelacomuna15.com.ar\\\/wp-content\\\/uploads\\\/2024\\\/12\\\/cropped-logo_voces.jpg\",\"width\":512,\"height\":512,\"caption\":\"Voces de la Comuna 15\"},\"image\":{\"@id\":\"https:\\\/\\\/vocesdelacomuna15.com.ar\\\/press\\\/#\\\/schema\\\/logo\\\/image\\\/\"},\"sameAs\":[\"https:\\\/\\\/www.facebook.com\\\/VocesComuna15\\\/\",\"https:\\\/\\\/x.com\\\/vocescomuna15\"]},{\"@type\":\"Person\",\"@id\":\"https:\\\/\\\/vocesdelacomuna15.com.ar\\\/press\\\/#\\\/schema\\\/person\\\/4739e109db25d799cd3d139eeb509e43\",\"name\":\"Federico Arguto\",\"image\":{\"@type\":\"ImageObject\",\"inLanguage\":\"es-AR\",\"@id\":\"https:\\\/\\\/vocesdelacomuna15.com.ar\\\/wp-content\\\/litespeed\\\/avatar\\\/82faf979976f1bae889b8b71f8a0a7e5.jpg?ver=1777419741\",\"url\":\"https:\\\/\\\/vocesdelacomuna15.com.ar\\\/wp-content\\\/litespeed\\\/avatar\\\/82faf979976f1bae889b8b71f8a0a7e5.jpg?ver=1777419741\",\"contentUrl\":\"https:\\\/\\\/vocesdelacomuna15.com.ar\\\/wp-content\\\/litespeed\\\/avatar\\\/82faf979976f1bae889b8b71f8a0a7e5.jpg?ver=1777419741\",\"caption\":\"Federico Arguto\"},\"url\":\"https:\\\/\\\/vocesdelacomuna15.com.ar\\\/press\\\/author\\\/fede\\\/\"}]}<\/script>\n<!-- \/ Yoast SEO plugin. -->","yoast_head_json":{"title":"Agust\u00edn Rodr\u00edguez Ponti, de Juntos por el Cambio, es el nuevo Presidente de la Comuna 15 - Voces de la Comuna 15","description":"Voces de la Comuna 15","robots":{"index":"index","follow":"follow","max-snippet":"max-snippet:-1","max-image-preview":"max-image-preview:large","max-video-preview":"max-video-preview:-1"},"canonical":"https:\/\/vocesdelacomuna15.com.ar\/press\/agustin-rodriguez-ponti-de-juntos-por-el-cambio-es-el-nuevo-presidente-de-la-comuna-15\/","og_locale":"es_ES","og_type":"article","og_title":"Agust\u00edn Rodr\u00edguez Ponti, de Juntos por el Cambio, es el nuevo Presidente de la Comuna 15 - Voces de la Comuna 15","og_description":"Voces de la Comuna 15","og_url":"https:\/\/vocesdelacomuna15.com.ar\/press\/agustin-rodriguez-ponti-de-juntos-por-el-cambio-es-el-nuevo-presidente-de-la-comuna-15\/","og_site_name":"Voces de la Comuna 15","article_publisher":"https:\/\/www.facebook.com\/VocesComuna15\/","article_published_time":"2023-10-25T00:58:48+00:00","article_modified_time":"2023-10-26T02:12:56+00:00","og_image":[{"width":1280,"height":640,"url":"https:\/\/vocesdelacomuna15.com.ar\/wp-content\/uploads\/2023\/10\/ponti.jpg","type":"image\/jpeg"}],"author":"Federico Arguto","twitter_card":"summary_large_image","twitter_creator":"@vocescomuna15","twitter_site":"@vocescomuna15","twitter_misc":{"Escrito por":"Federico Arguto","Tiempo de lectura":"3 minutos"},"schema":{"@context":"https:\/\/schema.org","@graph":[{"@type":"Article","@id":"https:\/\/vocesdelacomuna15.com.ar\/press\/agustin-rodriguez-ponti-de-juntos-por-el-cambio-es-el-nuevo-presidente-de-la-comuna-15\/#article","isPartOf":{"@id":"https:\/\/vocesdelacomuna15.com.ar\/press\/agustin-rodriguez-ponti-de-juntos-por-el-cambio-es-el-nuevo-presidente-de-la-comuna-15\/"},"author":{"name":"Federico Arguto","@id":"https:\/\/vocesdelacomuna15.com.ar\/press\/#\/schema\/person\/4739e109db25d799cd3d139eeb509e43"},"headline":"Agust\u00edn Rodr\u00edguez Ponti, de Juntos por el Cambio, es el nuevo Presidente de la Comuna 15","datePublished":"2023-10-25T00:58:48+00:00","dateModified":"2023-10-26T02:12:56+00:00","mainEntityOfPage":{"@id":"https:\/\/vocesdelacomuna15.com.ar\/press\/agustin-rodriguez-ponti-de-juntos-por-el-cambio-es-el-nuevo-presidente-de-la-comuna-15\/"},"wordCount":536,"commentCount":0,"publisher":{"@id":"https:\/\/vocesdelacomuna15.com.ar\/press\/#organization"},"image":{"@id":"https:\/\/vocesdelacomuna15.com.ar\/press\/agustin-rodriguez-ponti-de-juntos-por-el-cambio-es-el-nuevo-presidente-de-la-comuna-15\/#primaryimage"},"thumbnailUrl":"https:\/\/vocesdelacomuna15.com.ar\/wp-content\/uploads\/2023\/10\/ponti.jpg","articleSection":["Pol\u00edtica"],"inLanguage":"es-AR","potentialAction":[{"@type":"CommentAction","name":"Comment","target":["https:\/\/vocesdelacomuna15.com.ar\/press\/agustin-rodriguez-ponti-de-juntos-por-el-cambio-es-el-nuevo-presidente-de-la-comuna-15\/#respond"]}]},{"@type":"WebPage","@id":"https:\/\/vocesdelacomuna15.com.ar\/press\/agustin-rodriguez-ponti-de-juntos-por-el-cambio-es-el-nuevo-presidente-de-la-comuna-15\/","url":"https:\/\/vocesdelacomuna15.com.ar\/press\/agustin-rodriguez-ponti-de-juntos-por-el-cambio-es-el-nuevo-presidente-de-la-comuna-15\/","name":"Agust\u00edn Rodr\u00edguez Ponti, de Juntos por el Cambio, es el nuevo Presidente de la Comuna 15 - Voces de la Comuna 15","isPartOf":{"@id":"https:\/\/vocesdelacomuna15.com.ar\/press\/#website"},"primaryImageOfPage":{"@id":"https:\/\/vocesdelacomuna15.com.ar\/press\/agustin-rodriguez-ponti-de-juntos-por-el-cambio-es-el-nuevo-presidente-de-la-comuna-15\/#primaryimage"},"image":{"@id":"https:\/\/vocesdelacomuna15.com.ar\/press\/agustin-rodriguez-ponti-de-juntos-por-el-cambio-es-el-nuevo-presidente-de-la-comuna-15\/#primaryimage"},"thumbnailUrl":"https:\/\/vocesdelacomuna15.com.ar\/wp-content\/uploads\/2023\/10\/ponti.jpg","datePublished":"2023-10-25T00:58:48+00:00","dateModified":"2023-10-26T02:12:56+00:00","description":"Voces de la Comuna 15","breadcrumb":{"@id":"https:\/\/vocesdelacomuna15.com.ar\/press\/agustin-rodriguez-ponti-de-juntos-por-el-cambio-es-el-nuevo-presidente-de-la-comuna-15\/#breadcrumb"},"inLanguage":"es-AR","potentialAction":[{"@type":"ReadAction","target":["https:\/\/vocesdelacomuna15.com.ar\/press\/agustin-rodriguez-ponti-de-juntos-por-el-cambio-es-el-nuevo-presidente-de-la-comuna-15\/"]}]},{"@type":"ImageObject","inLanguage":"es-AR","@id":"https:\/\/vocesdelacomuna15.com.ar\/press\/agustin-rodriguez-ponti-de-juntos-por-el-cambio-es-el-nuevo-presidente-de-la-comuna-15\/#primaryimage","url":"https:\/\/vocesdelacomuna15.com.ar\/wp-content\/uploads\/2023\/10\/ponti.jpg","contentUrl":"https:\/\/vocesdelacomuna15.com.ar\/wp-content\/uploads\/2023\/10\/ponti.jpg","width":1280,"height":640},{"@type":"BreadcrumbList","@id":"https:\/\/vocesdelacomuna15.com.ar\/press\/agustin-rodriguez-ponti-de-juntos-por-el-cambio-es-el-nuevo-presidente-de-la-comuna-15\/#breadcrumb","itemListElement":[{"@type":"ListItem","position":1,"name":"Inicio","item":"https:\/\/vocesdelacomuna15.com.ar\/press\/"},{"@type":"ListItem","position":2,"name":"Agust\u00edn Rodr\u00edguez Ponti, de Juntos por el Cambio, es el nuevo Presidente de la Comuna 15"}]},{"@type":"WebSite","@id":"https:\/\/vocesdelacomuna15.com.ar\/press\/#website","url":"https:\/\/vocesdelacomuna15.com.ar\/press\/","name":"Voces de la Comuna 15","description":"Sitio web de noticias","publisher":{"@id":"https:\/\/vocesdelacomuna15.com.ar\/press\/#organization"},"potentialAction":[{"@type":"SearchAction","target":{"@type":"EntryPoint","urlTemplate":"https:\/\/vocesdelacomuna15.com.ar\/press\/?s={search_term_string}"},"query-input":{"@type":"PropertyValueSpecification","valueRequired":true,"valueName":"search_term_string"}}],"inLanguage":"es-AR"},{"@type":"Organization","@id":"https:\/\/vocesdelacomuna15.com.ar\/press\/#organization","name":"Voces de la Comuna 15","url":"https:\/\/vocesdelacomuna15.com.ar\/press\/","logo":{"@type":"ImageObject","inLanguage":"es-AR","@id":"https:\/\/vocesdelacomuna15.com.ar\/press\/#\/schema\/logo\/image\/","url":"https:\/\/vocesdelacomuna15.com.ar\/wp-content\/uploads\/2024\/12\/cropped-logo_voces.jpg","contentUrl":"https:\/\/vocesdelacomuna15.com.ar\/wp-content\/uploads\/2024\/12\/cropped-logo_voces.jpg","width":512,"height":512,"caption":"Voces de la Comuna 15"},"image":{"@id":"https:\/\/vocesdelacomuna15.com.ar\/press\/#\/schema\/logo\/image\/"},"sameAs":["https:\/\/www.facebook.com\/VocesComuna15\/","https:\/\/x.com\/vocescomuna15"]},{"@type":"Person","@id":"https:\/\/vocesdelacomuna15.com.ar\/press\/#\/schema\/person\/4739e109db25d799cd3d139eeb509e43","name":"Federico Arguto","image":{"@type":"ImageObject","inLanguage":"es-AR","@id":"https:\/\/vocesdelacomuna15.com.ar\/wp-content\/litespeed\/avatar\/82faf979976f1bae889b8b71f8a0a7e5.jpg?ver=1777419741","url":"https:\/\/vocesdelacomuna15.com.ar\/wp-content\/litespeed\/avatar\/82faf979976f1bae889b8b71f8a0a7e5.jpg?ver=1777419741","contentUrl":"https:\/\/vocesdelacomuna15.com.ar\/wp-content\/litespeed\/avatar\/82faf979976f1bae889b8b71f8a0a7e5.jpg?ver=1777419741","caption":"Federico Arguto"},"url":"https:\/\/vocesdelacomuna15.com.ar\/press\/author\/fede\/"}]}},"_links":{"self":[{"href":"https:\/\/vocesdelacomuna15.com.ar\/press\/wp-json\/wp\/v2\/posts\/61769","targetHints":{"allow":["GET"]}}],"collection":[{"href":"https:\/\/vocesdelacomuna15.com.ar\/press\/wp-json\/wp\/v2\/posts"}],"about":[{"href":"https:\/\/vocesdelacomuna15.com.ar\/press\/wp-json\/wp\/v2\/types\/post"}],"author":[{"embeddable":true,"href":"https:\/\/vocesdelacomuna15.com.ar\/press\/wp-json\/wp\/v2\/users\/2"}],"replies":[{"embeddable":true,"href":"https:\/\/vocesdelacomuna15.com.ar\/press\/wp-json\/wp\/v2\/comments?post=61769"}],"version-history":[{"count":3,"href":"https:\/\/vocesdelacomuna15.com.ar\/press\/wp-json\/wp\/v2\/posts\/61769\/revisions"}],"predecessor-version":[{"id":61780,"href":"https:\/\/vocesdelacomuna15.com.ar\/press\/wp-json\/wp\/v2\/posts\/61769\/revisions\/61780"}],"wp:featuredmedia":[{"embeddable":true,"href":"https:\/\/vocesdelacomuna15.com.ar\/press\/wp-json\/wp\/v2\/media\/61774"}],"wp:attachment":[{"href":"https:\/\/vocesdelacomuna15.com.ar\/press\/wp-json\/wp\/v2\/media?parent=61769"}],"wp:term":[{"taxonomy":"category","embeddable":true,"href":"https:\/\/vocesdelacomuna15.com.ar\/press\/wp-json\/wp\/v2\/categories?post=61769"},{"taxonomy":"post_tag","embeddable":true,"href":"https:\/\/vocesdelacomuna15.com.ar\/press\/wp-json\/wp\/v2\/tags?post=61769"}],"curies":[{"name":"wp","href":"https:\/\/api.w.org\/{rel}","templated":true}]}}