{"id":61766,"date":"2023-10-24T20:23:25","date_gmt":"2023-10-24T23:23:25","guid":{"rendered":"https:\/\/vocesdelacomuna15.com.ar\/?p=61766"},"modified":"2023-10-24T20:23:27","modified_gmt":"2023-10-24T23:23:27","slug":"jorge-macri-califico-de-buen-gesto-que-santoro-haya-decidido-bajarse-del-balotaje","status":"publish","type":"post","link":"https:\/\/vocesdelacomuna15.com.ar\/press\/jorge-macri-califico-de-buen-gesto-que-santoro-haya-decidido-bajarse-del-balotaje\/","title":{"rendered":"Jorge Macri calific\u00f3 de &#8220;buen gesto&#8221; que Santoro haya decidido bajarse del balotaje"},"content":{"rendered":"\n<p>Fuente: Diario Popular<\/p>\n\n\n\n<p>Link a nota original:&nbsp;<a href=\"https:\/\/www.diariopopular.com.ar\/politica\/jorge-macri-califico-buen-gesto-que-santoro-haya-decidido-bajarse-del-balotaje-n750231\">https:\/\/www.diariopopular.com.ar\/politica\/jorge-macri-califico-buen-gesto-que-santoro-haya-decidido-bajarse-del-balotaje-n750231<\/a><\/p>\n\n\n\n<p>El candidato porte\u00f1o de Uni\u00f3n por la Patria, <strong>Leandro Santoro, decidi\u00f3 bajarse de la segunda vuelta<\/strong> electoral de la Ciudad, por lo que el postulante de Juntos por el Cambio, <strong>Jorge Macri, se consagra como el nuevo jefe de Gobierno.<\/strong> Tras conocerse la noticia,<strong> Jorge Macri respondi\u00f3 a trav\u00e9s de sus redes sociales, destacando la decisi\u00f3n de su contrincante como &#8220;un buen gesto&#8221;. <\/strong>&#8220;Me alegra esta decisi\u00f3n que evita realizar una nueva elecci\u00f3n en la Ciudad, cuando los resultados ya hab\u00edan expresado la opini\u00f3n mayoritaria de los porte\u00f1os&#8221;, agreg\u00f3 en su tweet.<\/p>\n\n\n\n<p>El candidato de Juntos por el Cambio<strong> valor\u00f3 la actitud <\/strong>de Santoro, mencion\u00e1ndola como &#8220;un buen gesto&#8221; de parte de <strong>un dirigente &#8220;al que valoro y respeto, que tuvo un gran compromiso durante la campa\u00f1a y actu\u00f3 con lealtad&#8221;.<\/strong><\/p>\n\n\n\n<p>De esta manera <strong>Jorge<\/strong> <strong>Macri<\/strong>, que lleg\u00f3 al <strong>49,61%<\/strong> de los votos (contra 32,20% de Leandro Santoro de Uni\u00f3n por la Patria, 13,89% de Ramiro Marra de La Libertad Avanza y 4,28% de Vanina Biasi del Frente de Izquierda y de Trabajadores- Unidad) y qued\u00f3 <strong>a medio punto por debajo del 50%<\/strong> de los votos que tiene que alcanzar para ganar en primera vuelta, <strong>ser\u00e1 el nuevo jefe de Gobierno de la Ciudad<\/strong> y sucesor de Horacio Rodr\u00edguez Larreta a partir del 10 de diciembre.<\/p>\n\n\n\n<p>&#8220;Quiero agradecer nuevamente<strong> a todos los que confiaron en nosotros<\/strong>, asumo el compromiso que significa. Nos esperan cuatro a\u00f1os de trabajo y cambios. Estamos preparados para empezar juntos una nueva \u00e9poca&#8221;, cerr\u00f3 su tuit el flamante nuevo jefe de Gobierno porte\u00f1o.<\/p>\n\n\n\n<p>Poco despu\u00e9s de que se conociera la decisi\u00f3n de Santoro, <strong>Mauricio Macri <\/strong>salud\u00f3 a su primo a trav\u00e9s de las redes sociales. \u201cFelicitaciones Jorge!!! Es una gran alegr\u00eda que hayas sido elegido por la mitad de los porte\u00f1os como el pr\u00f3ximo Jefe de Gobierno de la Ciudad de Buenos Aires. Estoy seguro que tu empuje y experiencia llevar\u00e1n a la ciudad a un nuevo nivel\u201d, se\u00f1al\u00f3 el ex mandatario.<\/p>\n\n\n\n<p>En esa misma l\u00ednea tambi\u00e9n se expres\u00f3 <strong>Horacio Rodr\u00edguez Larreta<\/strong>. \u201cFelicitaciones @jorgemacri y @claramuzzio, oficialmente los pr\u00f3ximos Jefe y Vicejefa de Gobierno de la Ciudad. Emociona ver c\u00f3mo este equipo de millones de vecinos sigue apostando por la transformaci\u00f3n, por el gobierno cercano y transparente\u201d, indic\u00f3 el alcalde saliente.<\/p>\n\n\n\n<p><strong>&#8220;Saludo a @jorgemacri, quien ser\u00e1 el nuevo jefe de Gobierno de la Ciudad Aut\u00f3noma de Buenos Aires, y a cada porte\u00f1a y porte\u00f1o que el domingo asisti\u00f3 a votar&#8221;<\/strong>, escribi\u00f3 por su lado el presidente de la Naci\u00f3n, <strong>Alberto Fern\u00e1ndez<\/strong>, en su cuenta de Twitter.<\/p>\n\n\n\n<p>La medida de la oposici\u00f3n porte\u00f1a comenz\u00f3 a ser analizada desde el domingo. Inicialmente, hab\u00edan optado por esperar los resultados del escrutinio definitivo. Seg\u00fan la normativa, el ganador tiene que alcanzar el 50% de los votos y, si eso no ocurre, debe volver a competir en un balotaje. <strong>Sin embargo, la proximidad de Macri a una victoria en la primera vuelta llev\u00f3 a adelantar el anuncio.<\/strong><\/p>\n\n\n\n<p><strong>\u201cQueremos agradecer a los casi 600.000 porte\u00f1os y porte\u00f1as que nos dieron su confianza a trav\u00e9s del voto<\/strong>\u201d, comienza el comunicado publicado por Uni\u00f3n por la Ciudad.<\/p>\n\n\n\n<p>\u201cA pocas horas de comenzar el escrutinio definitivo, nuestras actas registran que el resultado que obtendr\u00e1 Jorge Macri estar\u00e1 a <strong>muy pocos votos<\/strong> de alcanzar el n\u00famero establecido por la Constituci\u00f3n de la CABA para ser electo Jefe de Gobierno. Es por ello que una <strong>lectura realista del resultado electoral<\/strong>, sumado al <strong>apoyo <\/strong>expl\u00edcito de Javier <strong>Milei <\/strong>a Jorge Macri, nos dan la pauta de que <strong>ser\u00eda insensato forzar un ballotage<\/strong>\u201d, prosigue el escrito mediante el cual se realiz\u00f3 el anuncio oficial de la oposici\u00f3n porte\u00f1a.<\/p>\n<div class=\"pvc_clear\"><\/div><p id=\"pvc_stats_61766\" class=\"pvc_stats all  \" data-element-id=\"61766\" style=\"\"><i class=\"pvc-stats-icon small\" aria-hidden=\"true\"><svg aria-hidden=\"true\" focusable=\"false\" data-prefix=\"far\" data-icon=\"chart-bar\" role=\"img\" xmlns=\"http:\/\/www.w3.org\/2000\/svg\" viewBox=\"0 0 512 512\" class=\"svg-inline--fa fa-chart-bar fa-w-16 fa-2x\"><path fill=\"currentColor\" d=\"M396.8 352h22.4c6.4 0 12.8-6.4 12.8-12.8V108.8c0-6.4-6.4-12.8-12.8-12.8h-22.4c-6.4 0-12.8 6.4-12.8 12.8v230.4c0 6.4 6.4 12.8 12.8 12.8zm-192 0h22.4c6.4 0 12.8-6.4 12.8-12.8V140.8c0-6.4-6.4-12.8-12.8-12.8h-22.4c-6.4 0-12.8 6.4-12.8 12.8v198.4c0 6.4 6.4 12.8 12.8 12.8zm96 0h22.4c6.4 0 12.8-6.4 12.8-12.8V204.8c0-6.4-6.4-12.8-12.8-12.8h-22.4c-6.4 0-12.8 6.4-12.8 12.8v134.4c0 6.4 6.4 12.8 12.8 12.8zM496 400H48V80c0-8.84-7.16-16-16-16H16C7.16 64 0 71.16 0 80v336c0 17.67 14.33 32 32 32h464c8.84 0 16-7.16 16-16v-16c0-8.84-7.16-16-16-16zm-387.2-48h22.4c6.4 0 12.8-6.4 12.8-12.8v-70.4c0-6.4-6.4-12.8-12.8-12.8h-22.4c-6.4 0-12.8 6.4-12.8 12.8v70.4c0 6.4 6.4 12.8 12.8 12.8z\" class=\"\"><\/path><\/svg><\/i> <img loading=\"lazy\" decoding=\"async\" width=\"16\" height=\"16\" alt=\"Loading\" src=\"https:\/\/vocesdelacomuna15.com.ar\/wp-content\/plugins\/page-views-count\/ajax-loader-2x.gif\" border=0 \/><\/p><div class=\"pvc_clear\"><\/div>","protected":false},"excerpt":{"rendered":"<p>Fuente: Diario Popular Link a nota original:&nbsp;https:\/\/www.diariopopular.com.ar\/politica\/jorge-macri-califico-buen-gesto-que-santoro-haya-decidido-bajarse-del-balotaje-n750231 El candidato porte\u00f1o de Uni\u00f3n por la Patria, Leandro Santoro, decidi\u00f3 bajarse de la segunda vuelta electoral de la Ciudad, por lo que el postulante de Juntos por el Cambio, Jorge Macri, se consagra como el nuevo jefe de Gobierno. Tras conocerse la noticia, Jorge Macri respondi\u00f3 a [&hellip;]<\/p>\n<div class=\"pvc_clear\"><\/div>\n<p id=\"pvc_stats_61766\" class=\"pvc_stats all  \" data-element-id=\"61766\" style=\"\"><i class=\"pvc-stats-icon small\" aria-hidden=\"true\"><svg aria-hidden=\"true\" focusable=\"false\" data-prefix=\"far\" data-icon=\"chart-bar\" role=\"img\" xmlns=\"http:\/\/www.w3.org\/2000\/svg\" viewBox=\"0 0 512 512\" class=\"svg-inline--fa fa-chart-bar fa-w-16 fa-2x\"><path fill=\"currentColor\" d=\"M396.8 352h22.4c6.4 0 12.8-6.4 12.8-12.8V108.8c0-6.4-6.4-12.8-12.8-12.8h-22.4c-6.4 0-12.8 6.4-12.8 12.8v230.4c0 6.4 6.4 12.8 12.8 12.8zm-192 0h22.4c6.4 0 12.8-6.4 12.8-12.8V140.8c0-6.4-6.4-12.8-12.8-12.8h-22.4c-6.4 0-12.8 6.4-12.8 12.8v198.4c0 6.4 6.4 12.8 12.8 12.8zm96 0h22.4c6.4 0 12.8-6.4 12.8-12.8V204.8c0-6.4-6.4-12.8-12.8-12.8h-22.4c-6.4 0-12.8 6.4-12.8 12.8v134.4c0 6.4 6.4 12.8 12.8 12.8zM496 400H48V80c0-8.84-7.16-16-16-16H16C7.16 64 0 71.16 0 80v336c0 17.67 14.33 32 32 32h464c8.84 0 16-7.16 16-16v-16c0-8.84-7.16-16-16-16zm-387.2-48h22.4c6.4 0 12.8-6.4 12.8-12.8v-70.4c0-6.4-6.4-12.8-12.8-12.8h-22.4c-6.4 0-12.8 6.4-12.8 12.8v70.4c0 6.4 6.4 12.8 12.8 12.8z\" class=\"\"><\/path><\/svg><\/i> <img loading=\"lazy\" decoding=\"async\" width=\"16\" height=\"16\" alt=\"Loading\" src=\"https:\/\/vocesdelacomuna15.com.ar\/wp-content\/plugins\/page-views-count\/ajax-loader-2x.gif\" border=0 \/><\/p>\n<div class=\"pvc_clear\"><\/div>\n","protected":false},"author":2,"featured_media":61767,"comment_status":"open","ping_status":"open","sticky":false,"template":"","format":"standard","meta":{"_et_pb_use_builder":"off","_et_pb_old_content":"","_et_gb_content_width":"","footnotes":""},"categories":[31],"tags":[],"class_list":["post-61766","post","type-post","status-publish","format-standard","has-post-thumbnail","hentry","category-politica","et-has-post-format-content","et_post_format-et-post-format-standard"],"a3_pvc":{"activated":true,"total_views":99,"today_views":0},"yoast_head":"<!-- This site is optimized with the Yoast SEO plugin v27.5 - https:\/\/yoast.com\/product\/yoast-seo-wordpress\/ -->\n<title>Jorge Macri calific\u00f3 de &quot;buen gesto&quot; que Santoro haya decidido bajarse del balotaje - Voces de la Comuna 15<\/title>\n<meta name=\"description\" content=\"Voces de la Comuna 15\" \/>\n<meta name=\"robots\" content=\"index, follow, max-snippet:-1, max-image-preview:large, max-video-preview:-1\" \/>\n<link rel=\"canonical\" href=\"https:\/\/vocesdelacomuna15.com.ar\/press\/jorge-macri-califico-de-buen-gesto-que-santoro-haya-decidido-bajarse-del-balotaje\/\" \/>\n<meta property=\"og:locale\" content=\"es_ES\" \/>\n<meta property=\"og:type\" content=\"article\" \/>\n<meta property=\"og:title\" content=\"Jorge Macri calific\u00f3 de &quot;buen gesto&quot; que Santoro haya decidido bajarse del balotaje - Voces de la Comuna 15\" \/>\n<meta property=\"og:description\" content=\"Voces de la Comuna 15\" \/>\n<meta property=\"og:url\" content=\"https:\/\/vocesdelacomuna15.com.ar\/press\/jorge-macri-califico-de-buen-gesto-que-santoro-haya-decidido-bajarse-del-balotaje\/\" \/>\n<meta property=\"og:site_name\" content=\"Voces de la Comuna 15\" \/>\n<meta property=\"article:publisher\" content=\"https:\/\/www.facebook.com\/VocesComuna15\/\" \/>\n<meta property=\"article:published_time\" content=\"2023-10-24T23:23:25+00:00\" \/>\n<meta property=\"article:modified_time\" content=\"2023-10-24T23:23:27+00:00\" \/>\n<meta property=\"og:image\" content=\"https:\/\/vocesdelacomuna15.com.ar\/wp-content\/uploads\/2023\/10\/macri.jpg\" \/>\n\t<meta property=\"og:image:width\" content=\"1140\" \/>\n\t<meta property=\"og:image:height\" content=\"760\" \/>\n\t<meta property=\"og:image:type\" content=\"image\/jpeg\" \/>\n<meta name=\"author\" content=\"Federico Arguto\" \/>\n<meta name=\"twitter:card\" content=\"summary_large_image\" \/>\n<meta name=\"twitter:creator\" content=\"@vocescomuna15\" \/>\n<meta name=\"twitter:site\" content=\"@vocescomuna15\" \/>\n<meta name=\"twitter:label1\" content=\"Escrito por\" \/>\n\t<meta name=\"twitter:data1\" content=\"Federico Arguto\" \/>\n\t<meta name=\"twitter:label2\" content=\"Tiempo de lectura\" \/>\n\t<meta name=\"twitter:data2\" content=\"3 minutos\" \/>\n<script type=\"application\/ld+json\" class=\"yoast-schema-graph\">{\"@context\":\"https:\\\/\\\/schema.org\",\"@graph\":[{\"@type\":\"Article\",\"@id\":\"https:\\\/\\\/vocesdelacomuna15.com.ar\\\/press\\\/jorge-macri-califico-de-buen-gesto-que-santoro-haya-decidido-bajarse-del-balotaje\\\/#article\",\"isPartOf\":{\"@id\":\"https:\\\/\\\/vocesdelacomuna15.com.ar\\\/press\\\/jorge-macri-califico-de-buen-gesto-que-santoro-haya-decidido-bajarse-del-balotaje\\\/\"},\"author\":{\"name\":\"Federico Arguto\",\"@id\":\"https:\\\/\\\/vocesdelacomuna15.com.ar\\\/press\\\/#\\\/schema\\\/person\\\/4739e109db25d799cd3d139eeb509e43\"},\"headline\":\"Jorge Macri calific\u00f3 de &#8220;buen gesto&#8221; que Santoro haya decidido bajarse del balotaje\",\"datePublished\":\"2023-10-24T23:23:25+00:00\",\"dateModified\":\"2023-10-24T23:23:27+00:00\",\"mainEntityOfPage\":{\"@id\":\"https:\\\/\\\/vocesdelacomuna15.com.ar\\\/press\\\/jorge-macri-califico-de-buen-gesto-que-santoro-haya-decidido-bajarse-del-balotaje\\\/\"},\"wordCount\":667,\"commentCount\":0,\"publisher\":{\"@id\":\"https:\\\/\\\/vocesdelacomuna15.com.ar\\\/press\\\/#organization\"},\"image\":{\"@id\":\"https:\\\/\\\/vocesdelacomuna15.com.ar\\\/press\\\/jorge-macri-califico-de-buen-gesto-que-santoro-haya-decidido-bajarse-del-balotaje\\\/#primaryimage\"},\"thumbnailUrl\":\"https:\\\/\\\/vocesdelacomuna15.com.ar\\\/wp-content\\\/uploads\\\/2023\\\/10\\\/macri.jpg\",\"articleSection\":[\"Pol\u00edtica\"],\"inLanguage\":\"es-AR\",\"potentialAction\":[{\"@type\":\"CommentAction\",\"name\":\"Comment\",\"target\":[\"https:\\\/\\\/vocesdelacomuna15.com.ar\\\/press\\\/jorge-macri-califico-de-buen-gesto-que-santoro-haya-decidido-bajarse-del-balotaje\\\/#respond\"]}]},{\"@type\":\"WebPage\",\"@id\":\"https:\\\/\\\/vocesdelacomuna15.com.ar\\\/press\\\/jorge-macri-califico-de-buen-gesto-que-santoro-haya-decidido-bajarse-del-balotaje\\\/\",\"url\":\"https:\\\/\\\/vocesdelacomuna15.com.ar\\\/press\\\/jorge-macri-califico-de-buen-gesto-que-santoro-haya-decidido-bajarse-del-balotaje\\\/\",\"name\":\"Jorge Macri calific\u00f3 de \\\"buen gesto\\\" que Santoro haya decidido bajarse del balotaje - Voces de la Comuna 15\",\"isPartOf\":{\"@id\":\"https:\\\/\\\/vocesdelacomuna15.com.ar\\\/press\\\/#website\"},\"primaryImageOfPage\":{\"@id\":\"https:\\\/\\\/vocesdelacomuna15.com.ar\\\/press\\\/jorge-macri-califico-de-buen-gesto-que-santoro-haya-decidido-bajarse-del-balotaje\\\/#primaryimage\"},\"image\":{\"@id\":\"https:\\\/\\\/vocesdelacomuna15.com.ar\\\/press\\\/jorge-macri-califico-de-buen-gesto-que-santoro-haya-decidido-bajarse-del-balotaje\\\/#primaryimage\"},\"thumbnailUrl\":\"https:\\\/\\\/vocesdelacomuna15.com.ar\\\/wp-content\\\/uploads\\\/2023\\\/10\\\/macri.jpg\",\"datePublished\":\"2023-10-24T23:23:25+00:00\",\"dateModified\":\"2023-10-24T23:23:27+00:00\",\"description\":\"Voces de la Comuna 15\",\"breadcrumb\":{\"@id\":\"https:\\\/\\\/vocesdelacomuna15.com.ar\\\/press\\\/jorge-macri-califico-de-buen-gesto-que-santoro-haya-decidido-bajarse-del-balotaje\\\/#breadcrumb\"},\"inLanguage\":\"es-AR\",\"potentialAction\":[{\"@type\":\"ReadAction\",\"target\":[\"https:\\\/\\\/vocesdelacomuna15.com.ar\\\/press\\\/jorge-macri-califico-de-buen-gesto-que-santoro-haya-decidido-bajarse-del-balotaje\\\/\"]}]},{\"@type\":\"ImageObject\",\"inLanguage\":\"es-AR\",\"@id\":\"https:\\\/\\\/vocesdelacomuna15.com.ar\\\/press\\\/jorge-macri-califico-de-buen-gesto-que-santoro-haya-decidido-bajarse-del-balotaje\\\/#primaryimage\",\"url\":\"https:\\\/\\\/vocesdelacomuna15.com.ar\\\/wp-content\\\/uploads\\\/2023\\\/10\\\/macri.jpg\",\"contentUrl\":\"https:\\\/\\\/vocesdelacomuna15.com.ar\\\/wp-content\\\/uploads\\\/2023\\\/10\\\/macri.jpg\",\"width\":1140,\"height\":760},{\"@type\":\"BreadcrumbList\",\"@id\":\"https:\\\/\\\/vocesdelacomuna15.com.ar\\\/press\\\/jorge-macri-califico-de-buen-gesto-que-santoro-haya-decidido-bajarse-del-balotaje\\\/#breadcrumb\",\"itemListElement\":[{\"@type\":\"ListItem\",\"position\":1,\"name\":\"Inicio\",\"item\":\"https:\\\/\\\/vocesdelacomuna15.com.ar\\\/press\\\/\"},{\"@type\":\"ListItem\",\"position\":2,\"name\":\"Jorge Macri calific\u00f3 de &#8220;buen gesto&#8221; que Santoro haya decidido bajarse del balotaje\"}]},{\"@type\":\"WebSite\",\"@id\":\"https:\\\/\\\/vocesdelacomuna15.com.ar\\\/press\\\/#website\",\"url\":\"https:\\\/\\\/vocesdelacomuna15.com.ar\\\/press\\\/\",\"name\":\"Voces de la Comuna 15\",\"description\":\"Sitio web de noticias\",\"publisher\":{\"@id\":\"https:\\\/\\\/vocesdelacomuna15.com.ar\\\/press\\\/#organization\"},\"potentialAction\":[{\"@type\":\"SearchAction\",\"target\":{\"@type\":\"EntryPoint\",\"urlTemplate\":\"https:\\\/\\\/vocesdelacomuna15.com.ar\\\/press\\\/?s={search_term_string}\"},\"query-input\":{\"@type\":\"PropertyValueSpecification\",\"valueRequired\":true,\"valueName\":\"search_term_string\"}}],\"inLanguage\":\"es-AR\"},{\"@type\":\"Organization\",\"@id\":\"https:\\\/\\\/vocesdelacomuna15.com.ar\\\/press\\\/#organization\",\"name\":\"Voces de la Comuna 15\",\"url\":\"https:\\\/\\\/vocesdelacomuna15.com.ar\\\/press\\\/\",\"logo\":{\"@type\":\"ImageObject\",\"inLanguage\":\"es-AR\",\"@id\":\"https:\\\/\\\/vocesdelacomuna15.com.ar\\\/press\\\/#\\\/schema\\\/logo\\\/image\\\/\",\"url\":\"https:\\\/\\\/vocesdelacomuna15.com.ar\\\/wp-content\\\/uploads\\\/2024\\\/12\\\/cropped-logo_voces.jpg\",\"contentUrl\":\"https:\\\/\\\/vocesdelacomuna15.com.ar\\\/wp-content\\\/uploads\\\/2024\\\/12\\\/cropped-logo_voces.jpg\",\"width\":512,\"height\":512,\"caption\":\"Voces de la Comuna 15\"},\"image\":{\"@id\":\"https:\\\/\\\/vocesdelacomuna15.com.ar\\\/press\\\/#\\\/schema\\\/logo\\\/image\\\/\"},\"sameAs\":[\"https:\\\/\\\/www.facebook.com\\\/VocesComuna15\\\/\",\"https:\\\/\\\/x.com\\\/vocescomuna15\"]},{\"@type\":\"Person\",\"@id\":\"https:\\\/\\\/vocesdelacomuna15.com.ar\\\/press\\\/#\\\/schema\\\/person\\\/4739e109db25d799cd3d139eeb509e43\",\"name\":\"Federico Arguto\",\"image\":{\"@type\":\"ImageObject\",\"inLanguage\":\"es-AR\",\"@id\":\"https:\\\/\\\/vocesdelacomuna15.com.ar\\\/wp-content\\\/litespeed\\\/avatar\\\/82faf979976f1bae889b8b71f8a0a7e5.jpg?ver=1777419741\",\"url\":\"https:\\\/\\\/vocesdelacomuna15.com.ar\\\/wp-content\\\/litespeed\\\/avatar\\\/82faf979976f1bae889b8b71f8a0a7e5.jpg?ver=1777419741\",\"contentUrl\":\"https:\\\/\\\/vocesdelacomuna15.com.ar\\\/wp-content\\\/litespeed\\\/avatar\\\/82faf979976f1bae889b8b71f8a0a7e5.jpg?ver=1777419741\",\"caption\":\"Federico Arguto\"},\"url\":\"https:\\\/\\\/vocesdelacomuna15.com.ar\\\/press\\\/author\\\/fede\\\/\"}]}<\/script>\n<!-- \/ Yoast SEO plugin. -->","yoast_head_json":{"title":"Jorge Macri calific\u00f3 de \"buen gesto\" que Santoro haya decidido bajarse del balotaje - Voces de la Comuna 15","description":"Voces de la Comuna 15","robots":{"index":"index","follow":"follow","max-snippet":"max-snippet:-1","max-image-preview":"max-image-preview:large","max-video-preview":"max-video-preview:-1"},"canonical":"https:\/\/vocesdelacomuna15.com.ar\/press\/jorge-macri-califico-de-buen-gesto-que-santoro-haya-decidido-bajarse-del-balotaje\/","og_locale":"es_ES","og_type":"article","og_title":"Jorge Macri calific\u00f3 de \"buen gesto\" que Santoro haya decidido bajarse del balotaje - Voces de la Comuna 15","og_description":"Voces de la Comuna 15","og_url":"https:\/\/vocesdelacomuna15.com.ar\/press\/jorge-macri-califico-de-buen-gesto-que-santoro-haya-decidido-bajarse-del-balotaje\/","og_site_name":"Voces de la Comuna 15","article_publisher":"https:\/\/www.facebook.com\/VocesComuna15\/","article_published_time":"2023-10-24T23:23:25+00:00","article_modified_time":"2023-10-24T23:23:27+00:00","og_image":[{"width":1140,"height":760,"url":"https:\/\/vocesdelacomuna15.com.ar\/wp-content\/uploads\/2023\/10\/macri.jpg","type":"image\/jpeg"}],"author":"Federico Arguto","twitter_card":"summary_large_image","twitter_creator":"@vocescomuna15","twitter_site":"@vocescomuna15","twitter_misc":{"Escrito por":"Federico Arguto","Tiempo de lectura":"3 minutos"},"schema":{"@context":"https:\/\/schema.org","@graph":[{"@type":"Article","@id":"https:\/\/vocesdelacomuna15.com.ar\/press\/jorge-macri-califico-de-buen-gesto-que-santoro-haya-decidido-bajarse-del-balotaje\/#article","isPartOf":{"@id":"https:\/\/vocesdelacomuna15.com.ar\/press\/jorge-macri-califico-de-buen-gesto-que-santoro-haya-decidido-bajarse-del-balotaje\/"},"author":{"name":"Federico Arguto","@id":"https:\/\/vocesdelacomuna15.com.ar\/press\/#\/schema\/person\/4739e109db25d799cd3d139eeb509e43"},"headline":"Jorge Macri calific\u00f3 de &#8220;buen gesto&#8221; que Santoro haya decidido bajarse del balotaje","datePublished":"2023-10-24T23:23:25+00:00","dateModified":"2023-10-24T23:23:27+00:00","mainEntityOfPage":{"@id":"https:\/\/vocesdelacomuna15.com.ar\/press\/jorge-macri-califico-de-buen-gesto-que-santoro-haya-decidido-bajarse-del-balotaje\/"},"wordCount":667,"commentCount":0,"publisher":{"@id":"https:\/\/vocesdelacomuna15.com.ar\/press\/#organization"},"image":{"@id":"https:\/\/vocesdelacomuna15.com.ar\/press\/jorge-macri-califico-de-buen-gesto-que-santoro-haya-decidido-bajarse-del-balotaje\/#primaryimage"},"thumbnailUrl":"https:\/\/vocesdelacomuna15.com.ar\/wp-content\/uploads\/2023\/10\/macri.jpg","articleSection":["Pol\u00edtica"],"inLanguage":"es-AR","potentialAction":[{"@type":"CommentAction","name":"Comment","target":["https:\/\/vocesdelacomuna15.com.ar\/press\/jorge-macri-califico-de-buen-gesto-que-santoro-haya-decidido-bajarse-del-balotaje\/#respond"]}]},{"@type":"WebPage","@id":"https:\/\/vocesdelacomuna15.com.ar\/press\/jorge-macri-califico-de-buen-gesto-que-santoro-haya-decidido-bajarse-del-balotaje\/","url":"https:\/\/vocesdelacomuna15.com.ar\/press\/jorge-macri-califico-de-buen-gesto-que-santoro-haya-decidido-bajarse-del-balotaje\/","name":"Jorge Macri calific\u00f3 de \"buen gesto\" que Santoro haya decidido bajarse del balotaje - Voces de la Comuna 15","isPartOf":{"@id":"https:\/\/vocesdelacomuna15.com.ar\/press\/#website"},"primaryImageOfPage":{"@id":"https:\/\/vocesdelacomuna15.com.ar\/press\/jorge-macri-califico-de-buen-gesto-que-santoro-haya-decidido-bajarse-del-balotaje\/#primaryimage"},"image":{"@id":"https:\/\/vocesdelacomuna15.com.ar\/press\/jorge-macri-califico-de-buen-gesto-que-santoro-haya-decidido-bajarse-del-balotaje\/#primaryimage"},"thumbnailUrl":"https:\/\/vocesdelacomuna15.com.ar\/wp-content\/uploads\/2023\/10\/macri.jpg","datePublished":"2023-10-24T23:23:25+00:00","dateModified":"2023-10-24T23:23:27+00:00","description":"Voces de la Comuna 15","breadcrumb":{"@id":"https:\/\/vocesdelacomuna15.com.ar\/press\/jorge-macri-califico-de-buen-gesto-que-santoro-haya-decidido-bajarse-del-balotaje\/#breadcrumb"},"inLanguage":"es-AR","potentialAction":[{"@type":"ReadAction","target":["https:\/\/vocesdelacomuna15.com.ar\/press\/jorge-macri-califico-de-buen-gesto-que-santoro-haya-decidido-bajarse-del-balotaje\/"]}]},{"@type":"ImageObject","inLanguage":"es-AR","@id":"https:\/\/vocesdelacomuna15.com.ar\/press\/jorge-macri-califico-de-buen-gesto-que-santoro-haya-decidido-bajarse-del-balotaje\/#primaryimage","url":"https:\/\/vocesdelacomuna15.com.ar\/wp-content\/uploads\/2023\/10\/macri.jpg","contentUrl":"https:\/\/vocesdelacomuna15.com.ar\/wp-content\/uploads\/2023\/10\/macri.jpg","width":1140,"height":760},{"@type":"BreadcrumbList","@id":"https:\/\/vocesdelacomuna15.com.ar\/press\/jorge-macri-califico-de-buen-gesto-que-santoro-haya-decidido-bajarse-del-balotaje\/#breadcrumb","itemListElement":[{"@type":"ListItem","position":1,"name":"Inicio","item":"https:\/\/vocesdelacomuna15.com.ar\/press\/"},{"@type":"ListItem","position":2,"name":"Jorge Macri calific\u00f3 de &#8220;buen gesto&#8221; que Santoro haya decidido bajarse del balotaje"}]},{"@type":"WebSite","@id":"https:\/\/vocesdelacomuna15.com.ar\/press\/#website","url":"https:\/\/vocesdelacomuna15.com.ar\/press\/","name":"Voces de la Comuna 15","description":"Sitio web de noticias","publisher":{"@id":"https:\/\/vocesdelacomuna15.com.ar\/press\/#organization"},"potentialAction":[{"@type":"SearchAction","target":{"@type":"EntryPoint","urlTemplate":"https:\/\/vocesdelacomuna15.com.ar\/press\/?s={search_term_string}"},"query-input":{"@type":"PropertyValueSpecification","valueRequired":true,"valueName":"search_term_string"}}],"inLanguage":"es-AR"},{"@type":"Organization","@id":"https:\/\/vocesdelacomuna15.com.ar\/press\/#organization","name":"Voces de la Comuna 15","url":"https:\/\/vocesdelacomuna15.com.ar\/press\/","logo":{"@type":"ImageObject","inLanguage":"es-AR","@id":"https:\/\/vocesdelacomuna15.com.ar\/press\/#\/schema\/logo\/image\/","url":"https:\/\/vocesdelacomuna15.com.ar\/wp-content\/uploads\/2024\/12\/cropped-logo_voces.jpg","contentUrl":"https:\/\/vocesdelacomuna15.com.ar\/wp-content\/uploads\/2024\/12\/cropped-logo_voces.jpg","width":512,"height":512,"caption":"Voces de la Comuna 15"},"image":{"@id":"https:\/\/vocesdelacomuna15.com.ar\/press\/#\/schema\/logo\/image\/"},"sameAs":["https:\/\/www.facebook.com\/VocesComuna15\/","https:\/\/x.com\/vocescomuna15"]},{"@type":"Person","@id":"https:\/\/vocesdelacomuna15.com.ar\/press\/#\/schema\/person\/4739e109db25d799cd3d139eeb509e43","name":"Federico Arguto","image":{"@type":"ImageObject","inLanguage":"es-AR","@id":"https:\/\/vocesdelacomuna15.com.ar\/wp-content\/litespeed\/avatar\/82faf979976f1bae889b8b71f8a0a7e5.jpg?ver=1777419741","url":"https:\/\/vocesdelacomuna15.com.ar\/wp-content\/litespeed\/avatar\/82faf979976f1bae889b8b71f8a0a7e5.jpg?ver=1777419741","contentUrl":"https:\/\/vocesdelacomuna15.com.ar\/wp-content\/litespeed\/avatar\/82faf979976f1bae889b8b71f8a0a7e5.jpg?ver=1777419741","caption":"Federico Arguto"},"url":"https:\/\/vocesdelacomuna15.com.ar\/press\/author\/fede\/"}]}},"_links":{"self":[{"href":"https:\/\/vocesdelacomuna15.com.ar\/press\/wp-json\/wp\/v2\/posts\/61766","targetHints":{"allow":["GET"]}}],"collection":[{"href":"https:\/\/vocesdelacomuna15.com.ar\/press\/wp-json\/wp\/v2\/posts"}],"about":[{"href":"https:\/\/vocesdelacomuna15.com.ar\/press\/wp-json\/wp\/v2\/types\/post"}],"author":[{"embeddable":true,"href":"https:\/\/vocesdelacomuna15.com.ar\/press\/wp-json\/wp\/v2\/users\/2"}],"replies":[{"embeddable":true,"href":"https:\/\/vocesdelacomuna15.com.ar\/press\/wp-json\/wp\/v2\/comments?post=61766"}],"version-history":[{"count":1,"href":"https:\/\/vocesdelacomuna15.com.ar\/press\/wp-json\/wp\/v2\/posts\/61766\/revisions"}],"predecessor-version":[{"id":61768,"href":"https:\/\/vocesdelacomuna15.com.ar\/press\/wp-json\/wp\/v2\/posts\/61766\/revisions\/61768"}],"wp:featuredmedia":[{"embeddable":true,"href":"https:\/\/vocesdelacomuna15.com.ar\/press\/wp-json\/wp\/v2\/media\/61767"}],"wp:attachment":[{"href":"https:\/\/vocesdelacomuna15.com.ar\/press\/wp-json\/wp\/v2\/media?parent=61766"}],"wp:term":[{"taxonomy":"category","embeddable":true,"href":"https:\/\/vocesdelacomuna15.com.ar\/press\/wp-json\/wp\/v2\/categories?post=61766"},{"taxonomy":"post_tag","embeddable":true,"href":"https:\/\/vocesdelacomuna15.com.ar\/press\/wp-json\/wp\/v2\/tags?post=61766"}],"curies":[{"name":"wp","href":"https:\/\/api.w.org\/{rel}","templated":true}]}}